{"id":52295,"date":"2024-08-25T21:12:42","date_gmt":"2024-08-26T00:12:42","guid":{"rendered":"https:\/\/www.cidademarketing.com.br\/marketing\/?p=52295"},"modified":"2024-08-25T21:12:42","modified_gmt":"2024-08-26T00:12:42","slug":"gilberto-gil-amplia-turne-tempo-rei-no-rio-apos-vender-mais-de-210-mil-ingressos","status":"publish","type":"post","link":"https:\/\/www.cidademarketing.com.br\/marketing\/2024\/08\/25\/gilberto-gil-amplia-turne-tempo-rei-no-rio-apos-vender-mais-de-210-mil-ingressos\/","title":{"rendered":"Gilberto Gil amplia Turn\u00ea &#8220;Tempo Rei&#8221; no Rio ap\u00f3s vender mais de 210 mil ingressos"},"content":{"rendered":"<p>Gilberto Gil, um dos maiores \u00edcones da m\u00fasica brasileira, est\u00e1 fazendo hist\u00f3ria com sua \u00faltima turn\u00ea, &#8220;Tempo Rei&#8221;. Em menos de quatro dias, o cantor e compositor baiano vendeu 212 mil ingressos, o que demonstra a imensa popularidade e o carinho do p\u00fablico por sua obra. Devido \u00e0 alta demanda, Gil anunciou duas novas datas para apresenta\u00e7\u00f5es no Rio de Janeiro: 5 e 6 de abril de 2025, na Farmasi Arena, al\u00e9m das datas j\u00e1 esgotadas nos dias 29 e 30 de mar\u00e7o.<\/p>\n<p>A turn\u00ea &#8220;Tempo Rei&#8221; marca a despedida de Gilberto Gil dos grandes palcos, e promete ser uma celebra\u00e7\u00e3o emocionante de sua vasta e influente carreira musical. Para as novas datas no Rio de Janeiro, haver\u00e1 uma pr\u00e9-venda exclusiva com benef\u00edcios para clientes do Banco do Brasil com cart\u00f5es Ourocard Visa, entre os dias 26 e 29 de agosto, atrav\u00e9s do site da Eventim. Entre os benef\u00edcios oferecidos est\u00e3o 30% de desconto no valor do ingresso inteiro, parcelamento em at\u00e9 5 vezes sem juros, e a possibilidade de comprar at\u00e9 seis ingressos por CPF.<\/p>\n<p>A turn\u00ea passar\u00e1 por nove cidades brasileiras, al\u00e9m de contar com datas nos Estados Unidos e na Europa. Apresentada pelo Banco do Brasil, a turn\u00ea reflete a conex\u00e3o entre Gilberto Gil e a entidade mais intrigante da experi\u00eancia humana: o tempo. A dire\u00e7\u00e3o art\u00edstica da turn\u00ea \u00e9 assinada por Rafael Dragaud, com dire\u00e7\u00e3o musical de Bem Gil e Jos\u00e9 Gil, e a banda que acompanhar\u00e1 Gil no palco inclui talentos como Bem Gil (guitarra), Jos\u00e9 Gil (bateria), Jo\u00e3o Gil (baixo), Nara Gil (voz), entre outros.<\/p>\n<p><strong>Um Legado Musical Incompar\u00e1vel<\/strong><\/p>\n<p>Gilberto Gil iniciou sua trajet\u00f3ria musical nos anos 1950, influenciado por Luiz Gonzaga e seu acorde\u00e3o. Ao longo das d\u00e9cadas, Gil construiu uma sonoridade \u00fanica, influenciada por Jo\u00e3o Gilberto, bossa nova, e Dorival Caymmi, al\u00e9m de ter sido um dos principais nomes do movimento tropicalista. Sua obra, marcada por ritmos e melodias muito pessoais, retrata de forma \u00fanica o Brasil e sua cultura.<\/p>\n<p>A turn\u00ea &#8220;Tempo Rei&#8221; tem como objetivo condensar e apresentar ao p\u00fablico o vasto repert\u00f3rio de Gil, celebrando sua trajet\u00f3ria desde o cantor e compositor, passando pelo tropicalista que foi preso pela ditadura militar e exilado em Londres, at\u00e9 o Ministro da Cultura e o imortal da Academia Brasileira de Letras.<\/p>\n<p><strong>Datas e Locais da Turn\u00ea Tempo Rei<\/strong><\/p>\n<p>15 de mar\u00e7o de 2025 &#8211; Salvador &#8211; Casa de Apostas Arena Fonte Nova<br \/>\n29 de mar\u00e7o de 2025 &#8211; Rio de Janeiro &#8211; Farmasi Arena (ESGOTADO)<br \/>\n30 de mar\u00e7o de 2025 &#8211; Rio de Janeiro &#8211; Farmasi Arena (ESGOTADO)<br \/>\n05 de abril de 2025 &#8211; Rio de Janeiro &#8211; Farmasi Arena (DATA EXTRA)<br \/>\n06 de abril de 2025 &#8211; Rio de Janeiro &#8211; Farmasi Arena (DATA EXTRA)<br \/>\n11 de abril de 2025 &#8211; S\u00e3o Paulo &#8211; Allianz Parque<br \/>\n12 de abril de 2025 &#8211; S\u00e3o Paulo &#8211; Allianz Parque<br \/>\n07 de junho de 2025 &#8211; Bras\u00edlia &#8211; Arena BRB Man\u00e9 Garrincha<br \/>\n14 de junho de 2025 &#8211; Belo Horizonte &#8211; Arena MRV<br \/>\n05 de julho de 2025 &#8211; Curitiba &#8211; Ligga Arena<br \/>\n09 de agosto de 2025 &#8211; Bel\u00e9m &#8211; Est\u00e1dio Mangueir\u00e3o<br \/>\n15 de novembro de 2025 &#8211; Fortaleza &#8211; Centro de Forma\u00e7\u00e3o Ol\u00edmpica (CFO)<br \/>\n22 de novembro de 2025 &#8211; Recife &#8211; Classic Hall<br \/>\nServi\u00e7o<\/p>\n<p><strong>Turn\u00ea: Gilberto Gil &#8211; Tempo Rei, a \u00faltima turn\u00ea<\/strong><br \/>\nApresenta\u00e7\u00e3o: Banco do Brasil<br \/>\nPr\u00e9-venda de ingressos: Exclusiva para clientes BB com cart\u00f5es Ourocard Visa<br \/>\nVenda geral: A partir de 29 de agosto de 2024, \u00e0s 12h, na <a href=\"https:\/\/www.eventim.com.br\/campaign\/giltemporei\" target=\"_blank\" rel=\"noopener\">Eventim<\/a>.<br \/>\nMais informa\u00e7\u00f5es: <a href=\"http:\/\/bb.com.br\/giltemporei\" target=\"_blank\" rel=\"noopener\">bb.com.br\/giltemporei<\/a><br \/>\nA turn\u00ea &#8220;Tempo Rei&#8221; promete ser um marco na hist\u00f3ria da m\u00fasica brasileira, e a despedida perfeita para um dos maiores artistas que o pa\u00eds j\u00e1 conheceu. Garanta seus ingressos e prepare-se para uma celebra\u00e7\u00e3o inesquec\u00edvel da obra de Gilberto Gil.<\/p>\n","protected":false},"excerpt":{"rendered":"<p>Gilberto Gil, um dos maiores \u00edcones da m\u00fasica brasileira, est\u00e1 fazendo hist\u00f3ria com sua \u00faltima turn\u00ea, &#8220;Tempo Rei&#8221;. Em menos de quatro dias, o cantor e compositor baiano vendeu 212 mil ingressos, o que demonstra a imensa popularidade e o carinho do p\u00fablico por sua obra. Devido \u00e0 alta demanda, Gil anunciou duas novas datas [&hellip;]<\/p>\n","protected":false},"author":1,"featured_media":52296,"comment_status":"open","ping_status":"open","sticky":false,"template":"","format":"standard","meta":{"tdm_status":"","tdm_grid_status":"","footnotes":""},"categories":[6],"tags":[576,167,3941,28,5216,1742,3167,447,569,199,7350,301],"class_list":["post-52295","post","type-post","status-publish","format-standard","has-post-thumbnail","hentry","category-noticias","tag-banco-do-brasil","tag-bb","tag-gilberto-gil","tag-marketing","tag-mpb","tag-musica","tag-ourocard","tag-patrocinio","tag-rio","tag-rio-de-janeiro","tag-turne-tempo-rei","tag-vendas"],"yoast_head":"<!-- This site is optimized with the Yoast SEO plugin v27.5 - https:\/\/yoast.com\/product\/yoast-seo-wordpress\/ -->\n<title>Gilberto Gil amplia Turn\u00ea &quot;Tempo Rei&quot; no Rio ap\u00f3s vender mais de 210 mil ingressos - CidadeMarketing<\/title>\n<meta name=\"robots\" content=\"index, follow, max-snippet:-1, max-image-preview:large, max-video-preview:-1\" \/>\n<link rel=\"canonical\" href=\"https:\/\/www.cidademarketing.com.br\/marketing\/2024\/08\/25\/gilberto-gil-amplia-turne-tempo-rei-no-rio-apos-vender-mais-de-210-mil-ingressos\/\" \/>\n<meta property=\"og:locale\" content=\"pt_BR\" \/>\n<meta property=\"og:type\" content=\"article\" \/>\n<meta property=\"og:title\" content=\"Gilberto Gil amplia Turn\u00ea &quot;Tempo Rei&quot; no Rio ap\u00f3s vender mais de 210 mil ingressos - CidadeMarketing\" \/>\n<meta property=\"og:description\" content=\"Gilberto Gil, um dos maiores \u00edcones da m\u00fasica brasileira, est\u00e1 fazendo hist\u00f3ria com sua \u00faltima turn\u00ea, &#8220;Tempo Rei&#8221;. Em menos de quatro dias, o cantor e compositor baiano vendeu 212 mil ingressos, o que demonstra a imensa popularidade e o carinho do p\u00fablico por sua obra. Devido \u00e0 alta demanda, Gil anunciou duas novas datas [&hellip;]\" \/>\n<meta property=\"og:url\" content=\"https:\/\/www.cidademarketing.com.br\/marketing\/2024\/08\/25\/gilberto-gil-amplia-turne-tempo-rei-no-rio-apos-vender-mais-de-210-mil-ingressos\/\" \/>\n<meta property=\"og:site_name\" content=\"CidadeMarketing\" \/>\n<meta property=\"article:publisher\" content=\"https:\/\/www.facebook.com\/portalcidademarketing\" \/>\n<meta property=\"article:author\" content=\"https:\/\/www.facebook.com\/thalesbrandao\" \/>\n<meta property=\"article:published_time\" content=\"2024-08-26T00:12:42+00:00\" \/>\n<meta property=\"og:image\" content=\"https:\/\/www.cidademarketing.com.br\/marketing\/wp-content\/uploads\/2024\/08\/turne_temporei_gilbertogil.webp\" \/>\n\t<meta property=\"og:image:width\" content=\"1371\" \/>\n\t<meta property=\"og:image:height\" content=\"881\" \/>\n\t<meta property=\"og:image:type\" content=\"image\/webp\" \/>\n<meta name=\"author\" content=\"Thales Brand\u00e3o\" \/>\n<meta name=\"twitter:card\" content=\"summary_large_image\" \/>\n<meta name=\"twitter:creator\" content=\"@http:\/\/www.twitter.com\/thalesbrandao\" \/>\n<meta name=\"twitter:site\" content=\"@CidadeMarketing\" \/>\n<meta name=\"twitter:label1\" content=\"Escrito por\" \/>\n\t<meta name=\"twitter:data1\" content=\"Thales Brand\u00e3o\" \/>\n\t<meta name=\"twitter:label2\" content=\"Est. tempo de leitura\" \/>\n\t<meta name=\"twitter:data2\" content=\"3 minutos\" \/>\n<script type=\"application\/ld+json\" class=\"yoast-schema-graph\">{\"@context\":\"https:\\\/\\\/schema.org\",\"@graph\":[{\"@type\":\"Article\",\"@id\":\"https:\\\/\\\/www.cidademarketing.com.br\\\/marketing\\\/2024\\\/08\\\/25\\\/gilberto-gil-amplia-turne-tempo-rei-no-rio-apos-vender-mais-de-210-mil-ingressos\\\/#article\",\"isPartOf\":{\"@id\":\"https:\\\/\\\/www.cidademarketing.com.br\\\/marketing\\\/2024\\\/08\\\/25\\\/gilberto-gil-amplia-turne-tempo-rei-no-rio-apos-vender-mais-de-210-mil-ingressos\\\/\"},\"author\":{\"name\":\"Thales Brand\u00e3o\",\"@id\":\"https:\\\/\\\/www.cidademarketing.com.br\\\/marketing\\\/#\\\/schema\\\/person\\\/02daff9f18bd9378c9e01eb6b2db155f\"},\"headline\":\"Gilberto Gil amplia Turn\u00ea &#8220;Tempo Rei&#8221; no Rio ap\u00f3s vender mais de 210 mil ingressos\",\"datePublished\":\"2024-08-26T00:12:42+00:00\",\"mainEntityOfPage\":{\"@id\":\"https:\\\/\\\/www.cidademarketing.com.br\\\/marketing\\\/2024\\\/08\\\/25\\\/gilberto-gil-amplia-turne-tempo-rei-no-rio-apos-vender-mais-de-210-mil-ingressos\\\/\"},\"wordCount\":652,\"commentCount\":0,\"publisher\":{\"@id\":\"https:\\\/\\\/www.cidademarketing.com.br\\\/marketing\\\/#organization\"},\"image\":{\"@id\":\"https:\\\/\\\/www.cidademarketing.com.br\\\/marketing\\\/2024\\\/08\\\/25\\\/gilberto-gil-amplia-turne-tempo-rei-no-rio-apos-vender-mais-de-210-mil-ingressos\\\/#primaryimage\"},\"thumbnailUrl\":\"https:\\\/\\\/www.cidademarketing.com.br\\\/marketing\\\/wp-content\\\/uploads\\\/2024\\\/08\\\/turne_temporei_gilbertogil.webp\",\"keywords\":[\"Banco do Brasil\",\"BB\",\"Gilberto Gil\",\"marketing\",\"MPB\",\"m\u00fasica\",\"Ourocard\",\"patroc\u00ednio\",\"Rio\",\"Rio de Janeiro\",\"Turn\u00ea Tempo Rei\",\"vendas\"],\"articleSection\":[\"Not\u00edcias\"],\"inLanguage\":\"pt-BR\",\"potentialAction\":[{\"@type\":\"CommentAction\",\"name\":\"Comment\",\"target\":[\"https:\\\/\\\/www.cidademarketing.com.br\\\/marketing\\\/2024\\\/08\\\/25\\\/gilberto-gil-amplia-turne-tempo-rei-no-rio-apos-vender-mais-de-210-mil-ingressos\\\/#respond\"]}]},{\"@type\":\"WebPage\",\"@id\":\"https:\\\/\\\/www.cidademarketing.com.br\\\/marketing\\\/2024\\\/08\\\/25\\\/gilberto-gil-amplia-turne-tempo-rei-no-rio-apos-vender-mais-de-210-mil-ingressos\\\/\",\"url\":\"https:\\\/\\\/www.cidademarketing.com.br\\\/marketing\\\/2024\\\/08\\\/25\\\/gilberto-gil-amplia-turne-tempo-rei-no-rio-apos-vender-mais-de-210-mil-ingressos\\\/\",\"name\":\"Gilberto Gil amplia Turn\u00ea \\\"Tempo Rei\\\" no Rio ap\u00f3s vender mais de 210 mil ingressos - CidadeMarketing\",\"isPartOf\":{\"@id\":\"https:\\\/\\\/www.cidademarketing.com.br\\\/marketing\\\/#website\"},\"primaryImageOfPage\":{\"@id\":\"https:\\\/\\\/www.cidademarketing.com.br\\\/marketing\\\/2024\\\/08\\\/25\\\/gilberto-gil-amplia-turne-tempo-rei-no-rio-apos-vender-mais-de-210-mil-ingressos\\\/#primaryimage\"},\"image\":{\"@id\":\"https:\\\/\\\/www.cidademarketing.com.br\\\/marketing\\\/2024\\\/08\\\/25\\\/gilberto-gil-amplia-turne-tempo-rei-no-rio-apos-vender-mais-de-210-mil-ingressos\\\/#primaryimage\"},\"thumbnailUrl\":\"https:\\\/\\\/www.cidademarketing.com.br\\\/marketing\\\/wp-content\\\/uploads\\\/2024\\\/08\\\/turne_temporei_gilbertogil.webp\",\"datePublished\":\"2024-08-26T00:12:42+00:00\",\"breadcrumb\":{\"@id\":\"https:\\\/\\\/www.cidademarketing.com.br\\\/marketing\\\/2024\\\/08\\\/25\\\/gilberto-gil-amplia-turne-tempo-rei-no-rio-apos-vender-mais-de-210-mil-ingressos\\\/#breadcrumb\"},\"inLanguage\":\"pt-BR\",\"potentialAction\":[{\"@type\":\"ReadAction\",\"target\":[\"https:\\\/\\\/www.cidademarketing.com.br\\\/marketing\\\/2024\\\/08\\\/25\\\/gilberto-gil-amplia-turne-tempo-rei-no-rio-apos-vender-mais-de-210-mil-ingressos\\\/\"]}]},{\"@type\":\"ImageObject\",\"inLanguage\":\"pt-BR\",\"@id\":\"https:\\\/\\\/www.cidademarketing.com.br\\\/marketing\\\/2024\\\/08\\\/25\\\/gilberto-gil-amplia-turne-tempo-rei-no-rio-apos-vender-mais-de-210-mil-ingressos\\\/#primaryimage\",\"url\":\"https:\\\/\\\/www.cidademarketing.com.br\\\/marketing\\\/wp-content\\\/uploads\\\/2024\\\/08\\\/turne_temporei_gilbertogil.webp\",\"contentUrl\":\"https:\\\/\\\/www.cidademarketing.com.br\\\/marketing\\\/wp-content\\\/uploads\\\/2024\\\/08\\\/turne_temporei_gilbertogil.webp\",\"width\":1371,\"height\":881,\"caption\":\"Divulga\u00e7\u00e3o\"},{\"@type\":\"BreadcrumbList\",\"@id\":\"https:\\\/\\\/www.cidademarketing.com.br\\\/marketing\\\/2024\\\/08\\\/25\\\/gilberto-gil-amplia-turne-tempo-rei-no-rio-apos-vender-mais-de-210-mil-ingressos\\\/#breadcrumb\",\"itemListElement\":[{\"@type\":\"ListItem\",\"position\":1,\"name\":\"In\u00edcio\",\"item\":\"https:\\\/\\\/www.cidademarketing.com.br\\\/marketing\\\/\"},{\"@type\":\"ListItem\",\"position\":2,\"name\":\"Gilberto Gil amplia Turn\u00ea &#8220;Tempo Rei&#8221; no Rio ap\u00f3s vender mais de 210 mil ingressos\"}]},{\"@type\":\"WebSite\",\"@id\":\"https:\\\/\\\/www.cidademarketing.com.br\\\/marketing\\\/#website\",\"url\":\"https:\\\/\\\/www.cidademarketing.com.br\\\/marketing\\\/\",\"name\":\"CidadeMarketing\",\"description\":\"Somos um ve\u00edculo de comunica\u00e7\u00e3o de destaque no Brasil, reconhecido por conte\u00fados nos segmentos de marketing, empreendedorismo e inova\u00e7\u00e3o.\",\"publisher\":{\"@id\":\"https:\\\/\\\/www.cidademarketing.com.br\\\/marketing\\\/#organization\"},\"alternateName\":\"CidadeMarketing\",\"potentialAction\":[{\"@type\":\"SearchAction\",\"target\":{\"@type\":\"EntryPoint\",\"urlTemplate\":\"https:\\\/\\\/www.cidademarketing.com.br\\\/marketing\\\/?s={search_term_string}\"},\"query-input\":{\"@type\":\"PropertyValueSpecification\",\"valueRequired\":true,\"valueName\":\"search_term_string\"}}],\"inLanguage\":\"pt-BR\"},{\"@type\":\"Organization\",\"@id\":\"https:\\\/\\\/www.cidademarketing.com.br\\\/marketing\\\/#organization\",\"name\":\"CidadeMarketing\",\"alternateName\":\"CidadeMarketing\",\"url\":\"https:\\\/\\\/www.cidademarketing.com.br\\\/marketing\\\/\",\"logo\":{\"@type\":\"ImageObject\",\"inLanguage\":\"pt-BR\",\"@id\":\"https:\\\/\\\/www.cidademarketing.com.br\\\/marketing\\\/#\\\/schema\\\/logo\\\/image\\\/\",\"url\":\"https:\\\/\\\/www.cidademarketing.com.br\\\/marketing\\\/wp-content\\\/uploads\\\/2020\\\/01\\\/cidademarketing_marca_mobile.png\",\"contentUrl\":\"https:\\\/\\\/www.cidademarketing.com.br\\\/marketing\\\/wp-content\\\/uploads\\\/2020\\\/01\\\/cidademarketing_marca_mobile.png\",\"width\":230,\"height\":92,\"caption\":\"CidadeMarketing\"},\"image\":{\"@id\":\"https:\\\/\\\/www.cidademarketing.com.br\\\/marketing\\\/#\\\/schema\\\/logo\\\/image\\\/\"},\"sameAs\":[\"https:\\\/\\\/www.facebook.com\\\/portalcidademarketing\",\"https:\\\/\\\/x.com\\\/CidadeMarketing\",\"https:\\\/\\\/www.instagram.com\\\/cidademarketing\\\/\"]},{\"@type\":\"Person\",\"@id\":\"https:\\\/\\\/www.cidademarketing.com.br\\\/marketing\\\/#\\\/schema\\\/person\\\/02daff9f18bd9378c9e01eb6b2db155f\",\"name\":\"Thales Brand\u00e3o\",\"image\":{\"@type\":\"ImageObject\",\"inLanguage\":\"pt-BR\",\"@id\":\"https:\\\/\\\/secure.gravatar.com\\\/avatar\\\/7ca3206950207cc3cb48feec56a8a7898741ab725c368d99d5d7a5a50aab80c6?s=96&d=mm&r=g\",\"url\":\"https:\\\/\\\/secure.gravatar.com\\\/avatar\\\/7ca3206950207cc3cb48feec56a8a7898741ab725c368d99d5d7a5a50aab80c6?s=96&d=mm&r=g\",\"contentUrl\":\"https:\\\/\\\/secure.gravatar.com\\\/avatar\\\/7ca3206950207cc3cb48feec56a8a7898741ab725c368d99d5d7a5a50aab80c6?s=96&d=mm&r=g\",\"caption\":\"Thales Brand\u00e3o\"},\"description\":\"Editor Executivo do Portal CidadeMarketing.com.br &gt; Mestre em Comunica\u00e7\u00e3o e Sociedade pela Universidade Federal de Sergipe. Possui MBA Executivo em Administra\u00e7\u00e3o com \u00eanfase em Marketing pela Funda\u00e7\u00e3o Get\u00falio Vargas - Rio de Janeiro. Consultor, Palestrante e Pesquisador sobre Empreendedorismo, Marketing, Redes Sociais e Neg\u00f3cios Digitais. Professor, Palestrante TedxTalks e Campus Party. Twitter: @ThalesBrandao\",\"sameAs\":[\"http:\\\/\\\/www.mandacaru.com.br\",\"https:\\\/\\\/www.facebook.com\\\/thalesbrandao\",\"http:\\\/\\\/www.instagram.com.br\\\/thalesbrandaoferreira\",\"https:\\\/\\\/www.linkedin.com\\\/in\\\/thales-brand\u00e3o-3948609\\\/\",\"https:\\\/\\\/x.com\\\/http:\\\/\\\/www.twitter.com\\\/thalesbrandao\"],\"url\":\"https:\\\/\\\/www.cidademarketing.com.br\\\/marketing\\\/author\\\/thalesbrandao\\\/\"}]}<\/script>\n<!-- \/ Yoast SEO plugin. -->","yoast_head_json":{"title":"Gilberto Gil amplia Turn\u00ea \"Tempo Rei\" no Rio ap\u00f3s vender mais de 210 mil ingressos - CidadeMarketing","robots":{"index":"index","follow":"follow","max-snippet":"max-snippet:-1","max-image-preview":"max-image-preview:large","max-video-preview":"max-video-preview:-1"},"canonical":"https:\/\/www.cidademarketing.com.br\/marketing\/2024\/08\/25\/gilberto-gil-amplia-turne-tempo-rei-no-rio-apos-vender-mais-de-210-mil-ingressos\/","og_locale":"pt_BR","og_type":"article","og_title":"Gilberto Gil amplia Turn\u00ea \"Tempo Rei\" no Rio ap\u00f3s vender mais de 210 mil ingressos - CidadeMarketing","og_description":"Gilberto Gil, um dos maiores \u00edcones da m\u00fasica brasileira, est\u00e1 fazendo hist\u00f3ria com sua \u00faltima turn\u00ea, &#8220;Tempo Rei&#8221;. Em menos de quatro dias, o cantor e compositor baiano vendeu 212 mil ingressos, o que demonstra a imensa popularidade e o carinho do p\u00fablico por sua obra. Devido \u00e0 alta demanda, Gil anunciou duas novas datas [&hellip;]","og_url":"https:\/\/www.cidademarketing.com.br\/marketing\/2024\/08\/25\/gilberto-gil-amplia-turne-tempo-rei-no-rio-apos-vender-mais-de-210-mil-ingressos\/","og_site_name":"CidadeMarketing","article_publisher":"https:\/\/www.facebook.com\/portalcidademarketing","article_author":"https:\/\/www.facebook.com\/thalesbrandao","article_published_time":"2024-08-26T00:12:42+00:00","og_image":[{"width":1371,"height":881,"url":"https:\/\/www.cidademarketing.com.br\/marketing\/wp-content\/uploads\/2024\/08\/turne_temporei_gilbertogil.webp","type":"image\/webp"}],"author":"Thales Brand\u00e3o","twitter_card":"summary_large_image","twitter_creator":"@http:\/\/www.twitter.com\/thalesbrandao","twitter_site":"@CidadeMarketing","twitter_misc":{"Escrito por":"Thales Brand\u00e3o","Est. tempo de leitura":"3 minutos"},"schema":{"@context":"https:\/\/schema.org","@graph":[{"@type":"Article","@id":"https:\/\/www.cidademarketing.com.br\/marketing\/2024\/08\/25\/gilberto-gil-amplia-turne-tempo-rei-no-rio-apos-vender-mais-de-210-mil-ingressos\/#article","isPartOf":{"@id":"https:\/\/www.cidademarketing.com.br\/marketing\/2024\/08\/25\/gilberto-gil-amplia-turne-tempo-rei-no-rio-apos-vender-mais-de-210-mil-ingressos\/"},"author":{"name":"Thales Brand\u00e3o","@id":"https:\/\/www.cidademarketing.com.br\/marketing\/#\/schema\/person\/02daff9f18bd9378c9e01eb6b2db155f"},"headline":"Gilberto Gil amplia Turn\u00ea &#8220;Tempo Rei&#8221; no Rio ap\u00f3s vender mais de 210 mil ingressos","datePublished":"2024-08-26T00:12:42+00:00","mainEntityOfPage":{"@id":"https:\/\/www.cidademarketing.com.br\/marketing\/2024\/08\/25\/gilberto-gil-amplia-turne-tempo-rei-no-rio-apos-vender-mais-de-210-mil-ingressos\/"},"wordCount":652,"commentCount":0,"publisher":{"@id":"https:\/\/www.cidademarketing.com.br\/marketing\/#organization"},"image":{"@id":"https:\/\/www.cidademarketing.com.br\/marketing\/2024\/08\/25\/gilberto-gil-amplia-turne-tempo-rei-no-rio-apos-vender-mais-de-210-mil-ingressos\/#primaryimage"},"thumbnailUrl":"https:\/\/www.cidademarketing.com.br\/marketing\/wp-content\/uploads\/2024\/08\/turne_temporei_gilbertogil.webp","keywords":["Banco do Brasil","BB","Gilberto Gil","marketing","MPB","m\u00fasica","Ourocard","patroc\u00ednio","Rio","Rio de Janeiro","Turn\u00ea Tempo Rei","vendas"],"articleSection":["Not\u00edcias"],"inLanguage":"pt-BR","potentialAction":[{"@type":"CommentAction","name":"Comment","target":["https:\/\/www.cidademarketing.com.br\/marketing\/2024\/08\/25\/gilberto-gil-amplia-turne-tempo-rei-no-rio-apos-vender-mais-de-210-mil-ingressos\/#respond"]}]},{"@type":"WebPage","@id":"https:\/\/www.cidademarketing.com.br\/marketing\/2024\/08\/25\/gilberto-gil-amplia-turne-tempo-rei-no-rio-apos-vender-mais-de-210-mil-ingressos\/","url":"https:\/\/www.cidademarketing.com.br\/marketing\/2024\/08\/25\/gilberto-gil-amplia-turne-tempo-rei-no-rio-apos-vender-mais-de-210-mil-ingressos\/","name":"Gilberto Gil amplia Turn\u00ea \"Tempo Rei\" no Rio ap\u00f3s vender mais de 210 mil ingressos - CidadeMarketing","isPartOf":{"@id":"https:\/\/www.cidademarketing.com.br\/marketing\/#website"},"primaryImageOfPage":{"@id":"https:\/\/www.cidademarketing.com.br\/marketing\/2024\/08\/25\/gilberto-gil-amplia-turne-tempo-rei-no-rio-apos-vender-mais-de-210-mil-ingressos\/#primaryimage"},"image":{"@id":"https:\/\/www.cidademarketing.com.br\/marketing\/2024\/08\/25\/gilberto-gil-amplia-turne-tempo-rei-no-rio-apos-vender-mais-de-210-mil-ingressos\/#primaryimage"},"thumbnailUrl":"https:\/\/www.cidademarketing.com.br\/marketing\/wp-content\/uploads\/2024\/08\/turne_temporei_gilbertogil.webp","datePublished":"2024-08-26T00:12:42+00:00","breadcrumb":{"@id":"https:\/\/www.cidademarketing.com.br\/marketing\/2024\/08\/25\/gilberto-gil-amplia-turne-tempo-rei-no-rio-apos-vender-mais-de-210-mil-ingressos\/#breadcrumb"},"inLanguage":"pt-BR","potentialAction":[{"@type":"ReadAction","target":["https:\/\/www.cidademarketing.com.br\/marketing\/2024\/08\/25\/gilberto-gil-amplia-turne-tempo-rei-no-rio-apos-vender-mais-de-210-mil-ingressos\/"]}]},{"@type":"ImageObject","inLanguage":"pt-BR","@id":"https:\/\/www.cidademarketing.com.br\/marketing\/2024\/08\/25\/gilberto-gil-amplia-turne-tempo-rei-no-rio-apos-vender-mais-de-210-mil-ingressos\/#primaryimage","url":"https:\/\/www.cidademarketing.com.br\/marketing\/wp-content\/uploads\/2024\/08\/turne_temporei_gilbertogil.webp","contentUrl":"https:\/\/www.cidademarketing.com.br\/marketing\/wp-content\/uploads\/2024\/08\/turne_temporei_gilbertogil.webp","width":1371,"height":881,"caption":"Divulga\u00e7\u00e3o"},{"@type":"BreadcrumbList","@id":"https:\/\/www.cidademarketing.com.br\/marketing\/2024\/08\/25\/gilberto-gil-amplia-turne-tempo-rei-no-rio-apos-vender-mais-de-210-mil-ingressos\/#breadcrumb","itemListElement":[{"@type":"ListItem","position":1,"name":"In\u00edcio","item":"https:\/\/www.cidademarketing.com.br\/marketing\/"},{"@type":"ListItem","position":2,"name":"Gilberto Gil amplia Turn\u00ea &#8220;Tempo Rei&#8221; no Rio ap\u00f3s vender mais de 210 mil ingressos"}]},{"@type":"WebSite","@id":"https:\/\/www.cidademarketing.com.br\/marketing\/#website","url":"https:\/\/www.cidademarketing.com.br\/marketing\/","name":"CidadeMarketing","description":"Somos um ve\u00edculo de comunica\u00e7\u00e3o de destaque no Brasil, reconhecido por conte\u00fados nos segmentos de marketing, empreendedorismo e inova\u00e7\u00e3o.","publisher":{"@id":"https:\/\/www.cidademarketing.com.br\/marketing\/#organization"},"alternateName":"CidadeMarketing","potentialAction":[{"@type":"SearchAction","target":{"@type":"EntryPoint","urlTemplate":"https:\/\/www.cidademarketing.com.br\/marketing\/?s={search_term_string}"},"query-input":{"@type":"PropertyValueSpecification","valueRequired":true,"valueName":"search_term_string"}}],"inLanguage":"pt-BR"},{"@type":"Organization","@id":"https:\/\/www.cidademarketing.com.br\/marketing\/#organization","name":"CidadeMarketing","alternateName":"CidadeMarketing","url":"https:\/\/www.cidademarketing.com.br\/marketing\/","logo":{"@type":"ImageObject","inLanguage":"pt-BR","@id":"https:\/\/www.cidademarketing.com.br\/marketing\/#\/schema\/logo\/image\/","url":"https:\/\/www.cidademarketing.com.br\/marketing\/wp-content\/uploads\/2020\/01\/cidademarketing_marca_mobile.png","contentUrl":"https:\/\/www.cidademarketing.com.br\/marketing\/wp-content\/uploads\/2020\/01\/cidademarketing_marca_mobile.png","width":230,"height":92,"caption":"CidadeMarketing"},"image":{"@id":"https:\/\/www.cidademarketing.com.br\/marketing\/#\/schema\/logo\/image\/"},"sameAs":["https:\/\/www.facebook.com\/portalcidademarketing","https:\/\/x.com\/CidadeMarketing","https:\/\/www.instagram.com\/cidademarketing\/"]},{"@type":"Person","@id":"https:\/\/www.cidademarketing.com.br\/marketing\/#\/schema\/person\/02daff9f18bd9378c9e01eb6b2db155f","name":"Thales Brand\u00e3o","image":{"@type":"ImageObject","inLanguage":"pt-BR","@id":"https:\/\/secure.gravatar.com\/avatar\/7ca3206950207cc3cb48feec56a8a7898741ab725c368d99d5d7a5a50aab80c6?s=96&d=mm&r=g","url":"https:\/\/secure.gravatar.com\/avatar\/7ca3206950207cc3cb48feec56a8a7898741ab725c368d99d5d7a5a50aab80c6?s=96&d=mm&r=g","contentUrl":"https:\/\/secure.gravatar.com\/avatar\/7ca3206950207cc3cb48feec56a8a7898741ab725c368d99d5d7a5a50aab80c6?s=96&d=mm&r=g","caption":"Thales Brand\u00e3o"},"description":"Editor Executivo do Portal CidadeMarketing.com.br &gt; Mestre em Comunica\u00e7\u00e3o e Sociedade pela Universidade Federal de Sergipe. Possui MBA Executivo em Administra\u00e7\u00e3o com \u00eanfase em Marketing pela Funda\u00e7\u00e3o Get\u00falio Vargas - Rio de Janeiro. Consultor, Palestrante e Pesquisador sobre Empreendedorismo, Marketing, Redes Sociais e Neg\u00f3cios Digitais. Professor, Palestrante TedxTalks e Campus Party. Twitter: @ThalesBrandao","sameAs":["http:\/\/www.mandacaru.com.br","https:\/\/www.facebook.com\/thalesbrandao","http:\/\/www.instagram.com.br\/thalesbrandaoferreira","https:\/\/www.linkedin.com\/in\/thales-brand\u00e3o-3948609\/","https:\/\/x.com\/http:\/\/www.twitter.com\/thalesbrandao"],"url":"https:\/\/www.cidademarketing.com.br\/marketing\/author\/thalesbrandao\/"}]}},"amp_enabled":true,"_links":{"self":[{"href":"https:\/\/www.cidademarketing.com.br\/marketing\/wp-json\/wp\/v2\/posts\/52295","targetHints":{"allow":["GET"]}}],"collection":[{"href":"https:\/\/www.cidademarketing.com.br\/marketing\/wp-json\/wp\/v2\/posts"}],"about":[{"href":"https:\/\/www.cidademarketing.com.br\/marketing\/wp-json\/wp\/v2\/types\/post"}],"author":[{"embeddable":true,"href":"https:\/\/www.cidademarketing.com.br\/marketing\/wp-json\/wp\/v2\/users\/1"}],"replies":[{"embeddable":true,"href":"https:\/\/www.cidademarketing.com.br\/marketing\/wp-json\/wp\/v2\/comments?post=52295"}],"version-history":[{"count":1,"href":"https:\/\/www.cidademarketing.com.br\/marketing\/wp-json\/wp\/v2\/posts\/52295\/revisions"}],"predecessor-version":[{"id":52297,"href":"https:\/\/www.cidademarketing.com.br\/marketing\/wp-json\/wp\/v2\/posts\/52295\/revisions\/52297"}],"wp:featuredmedia":[{"embeddable":true,"href":"https:\/\/www.cidademarketing.com.br\/marketing\/wp-json\/wp\/v2\/media\/52296"}],"wp:attachment":[{"href":"https:\/\/www.cidademarketing.com.br\/marketing\/wp-json\/wp\/v2\/media?parent=52295"}],"wp:term":[{"taxonomy":"category","embeddable":true,"href":"https:\/\/www.cidademarketing.com.br\/marketing\/wp-json\/wp\/v2\/categories?post=52295"},{"taxonomy":"post_tag","embeddable":true,"href":"https:\/\/www.cidademarketing.com.br\/marketing\/wp-json\/wp\/v2\/tags?post=52295"}],"curies":[{"name":"wp","href":"https:\/\/api.w.org\/{rel}","templated":true}]}}