{"id":52283,"date":"2024-08-23T15:47:40","date_gmt":"2024-08-23T18:47:40","guid":{"rendered":"https:\/\/www.cidademarketing.com.br\/marketing\/?p=52283"},"modified":"2024-08-25T12:01:51","modified_gmt":"2024-08-25T15:01:51","slug":"adeus-meli-aumento-de-55-revolta-assinantes-do-mercado-livre","status":"publish","type":"post","link":"https:\/\/www.cidademarketing.com.br\/marketing\/2024\/08\/23\/adeus-meli-aumento-de-55-revolta-assinantes-do-mercado-livre\/","title":{"rendered":"Adeus, Meli+? Aumento de 55% revolta assinantes do Mercado Livre"},"content":{"rendered":"<p>O Mercado Livre est\u00e1 gerando grande repercuss\u00e3o entre seus assinantes ap\u00f3s anunciar um aumento de mais de 55% no valor da assinatura do Meli+. A partir do dia 3 de setembro, o servi\u00e7o passar\u00e1 de R$ 17,99 para R$ 27,99 por m\u00eas.<\/p>\n<p>A not\u00edcia do aumento pegou os clientes de surpresa e gerou diversas rea\u00e7\u00f5es nas redes sociais. Muitos consumidores se mostraram insatisfeitos com a nova pol\u00edtica de pre\u00e7os e amea\u00e7aram cancelar a assinatura.<\/p>\n<p><iframe style=\"border-radius: 12px;\" src=\"https:\/\/open.spotify.com\/embed\/episode\/0e5L87pfNmZamKGDp2Z3PT?utm_source=generator\" width=\"100%\" height=\"352\" frameborder=\"0\" allowfullscreen=\"allowfullscreen\"><\/iframe><\/p>\n<p><strong>O que diz o Mercado Livre em comunicado aos assinantes?<\/strong><\/p>\n<p>Em comunicado enviado aos assinantes, o Mercado Livre destacou que os assinantes continuar\u00e3o tendo acesso a servi\u00e7os como o Disney+, frete gr\u00e1tis e outras vantagens.<\/p>\n<figure id=\"attachment_52285\" aria-describedby=\"caption-attachment-52285\" style=\"width: 641px\" class=\"wp-caption alignnone\"><img fetchpriority=\"high\" decoding=\"async\" class=\"wp-image-52285 size-full\" src=\"https:\/\/www.cidademarketing.com.br\/marketing\/wp-content\/uploads\/2024\/08\/melimais_mercadolivre_comunicado.webp\" alt=\"\" width=\"641\" height=\"893\" srcset=\"https:\/\/www.cidademarketing.com.br\/marketing\/wp-content\/uploads\/2024\/08\/melimais_mercadolivre_comunicado.webp 641w, https:\/\/www.cidademarketing.com.br\/marketing\/wp-content\/uploads\/2024\/08\/melimais_mercadolivre_comunicado-215x300.webp 215w, https:\/\/www.cidademarketing.com.br\/marketing\/wp-content\/uploads\/2024\/08\/melimais_mercadolivre_comunicado-301x420.webp 301w\" sizes=\"(max-width: 641px) 100vw, 641px\" \/><figcaption id=\"caption-attachment-52285\" class=\"wp-caption-text\">Comunicado enviado pelo Mercado Livre para os clientes.<\/figcaption><\/figure>\n<p>&nbsp;<\/p>\n<p><strong>Clientes revoltados<\/strong><\/p>\n<p>Nas redes sociais, a revolta dos clientes \u00e9 evidente. Muitos usu\u00e1rios do X (antigo Twitter) est\u00e3o compartilhando prints de suas telas de cancelamento do servi\u00e7o, em protesto contra o aumento.<\/p>\n<blockquote class=\"twitter-tweet\">\n<p dir=\"ltr\" lang=\"pt\">meli+: cancelei, foi bom enquanto durou<\/p>\n<p>n\u00e3o \u00e9 mais vantajoso, vai aumentar 10 reais pra um servi\u00e7o que n\u00e3o ta legal <a href=\"https:\/\/t.co\/anduxKMfYs\">pic.twitter.com\/anduxKMfYs<\/a><\/p>\n<p>\u2014 Jackeline (@Ms_Jacke) <a href=\"https:\/\/twitter.com\/Ms_Jacke\/status\/1827050542427705489?ref_src=twsrc%5Etfw\">August 23, 2024<\/a><\/p><\/blockquote>\n<p><script async src=\"https:\/\/platform.twitter.com\/widgets.js\" charset=\"utf-8\"><\/script><\/p>\n<blockquote class=\"twitter-tweet\">\n<p dir=\"ltr\" lang=\"pt\">Cancelei o Meli+ pq \u00e9 necess\u00e1rio os streams est\u00e3o ficando mto mais caro do que um dia eu achei que seria.<\/p>\n<p>Agora s\u00f3 NETFLIX. <a href=\"https:\/\/t.co\/gb6rciDZEE\">pic.twitter.com\/gb6rciDZEE<\/a><\/p>\n<p>\u2014 Marcelo Braga \ud83c\udfc6\ud83c\udfc6\ud83c\udfc6 (@marcelovbs_) <a href=\"https:\/\/twitter.com\/marcelovbs_\/status\/1827050522932637722?ref_src=twsrc%5Etfw\">August 23, 2024<\/a><\/p><\/blockquote>\n<p><script async src=\"https:\/\/platform.twitter.com\/widgets.js\" charset=\"utf-8\"><\/script><\/p>\n<blockquote class=\"twitter-tweet\">\n<p dir=\"ltr\" lang=\"pt\">recebi o e-mail kkk tchau tchau Meli+ do <a href=\"https:\/\/twitter.com\/MercadoLivre?ref_src=twsrc%5Etfw\">@MercadoLivre<\/a> boa sorte pra reter cliente com pre\u00e7o abusivo <a href=\"https:\/\/t.co\/OLu5rVF2mH\">pic.twitter.com\/OLu5rVF2mH<\/a><\/p>\n<p>\u2014 aLe (@aleeemartins) <a href=\"https:\/\/twitter.com\/aleeemartins\/status\/1827050464401031677?ref_src=twsrc%5Etfw\">August 23, 2024<\/a><\/p><\/blockquote>\n<p><script async src=\"https:\/\/platform.twitter.com\/widgets.js\" charset=\"utf-8\"><\/script><\/p>\n<blockquote class=\"twitter-tweet\">\n<p dir=\"ltr\" lang=\"pt\">Dei o &#8220;benef\u00edcio&#8221; da d\u00favida ao Meli+ j\u00e1 que \u00e9 um aumento de quase 60% e fui l\u00e1 conferir todos os meus &#8220;novos benef\u00edcios&#8221;. Aparentemente O &#8220;benef\u00edcio&#8221; \u00e9 s\u00f3 o aumento mesmo! Valeu <a href=\"https:\/\/twitter.com\/MercadoLivre?ref_src=twsrc%5Etfw\">@MercadoLivre<\/a> <a href=\"https:\/\/t.co\/ehmdHe5jn2\">pic.twitter.com\/ehmdHe5jn2<\/a><\/p>\n<p>\u2014 Sad Clown (@SadPagliacci) <a href=\"https:\/\/twitter.com\/SadPagliacci\/status\/1827050360457847207?ref_src=twsrc%5Etfw\">August 23, 2024<\/a><\/p><\/blockquote>\n<p><script async src=\"https:\/\/platform.twitter.com\/widgets.js\" charset=\"utf-8\"><\/script><br \/>\nNo X, as palavras &#8220;Mercado Livre&#8221; e &#8220;cancelei&#8221; est\u00e3o entre as mais citadas pelos usu\u00e1rios, tornando o tema um dos mais discutidos na rede social. No Google Trends, as buscas est\u00e3o concentradas em termos como &#8220;Meli assinatura,&#8221; &#8220;Disney Plus pre\u00e7o,&#8221; &#8220;assinatura Disney,&#8221; &#8220;Mercado Livre Meli Mais,&#8221; e &#8220;Paramount.&#8221;<\/p>\n<p><img decoding=\"async\" class=\"alignnone wp-image-52288 size-full\" src=\"https:\/\/www.cidademarketing.com.br\/marketing\/wp-content\/uploads\/2024\/08\/mercadolivre_meli_plus.webp\" alt=\"\" width=\"638\" height=\"245\" srcset=\"https:\/\/www.cidademarketing.com.br\/marketing\/wp-content\/uploads\/2024\/08\/mercadolivre_meli_plus.webp 638w, https:\/\/www.cidademarketing.com.br\/marketing\/wp-content\/uploads\/2024\/08\/mercadolivre_meli_plus-300x115.webp 300w\" sizes=\"(max-width: 638px) 100vw, 638px\" \/><\/p>\n<p><strong>Hist\u00f3rico de mudan\u00e7as<\/strong><\/p>\n<p>Essa <a href=\"https:\/\/www.cidademarketing.com.br\/marketing\/2024\/05\/30\/mercado-livre-altera-contrato-do-meli-e-beneficios-do-disney-apos-incorporacao-com-star\/\" target=\"_blank\" rel=\"noopener\">n\u00e3o \u00e9 a primeira vez que o Mercado Livre altera as condi\u00e7\u00f5es do servi\u00e7o Meli+<\/a>. Em maio deste ano, a empresa j\u00e1 havia modificado o contrato e os benef\u00edcios do Disney+ ap\u00f3s a incorpora\u00e7\u00e3o com o Star+.<\/p>\n<p>O aumento no valor da assinatura do Meli+ coloca em xeque a fidelidade dos clientes e pode gerar um movimento de cancelamento em massa. Resta saber como o Mercado Livre ir\u00e1 lidar com essa situa\u00e7\u00e3o e se as novas funcionalidades prometidas ser\u00e3o suficientes para justificar o aumento de pre\u00e7o.<\/p>\n","protected":false},"excerpt":{"rendered":"<p>O Mercado Livre est\u00e1 gerando grande repercuss\u00e3o entre seus assinantes ap\u00f3s anunciar um aumento de mais de 55% no valor da assinatura do Meli+. A partir do dia 3 de setembro, o servi\u00e7o passar\u00e1 de R$ 17,99 para R$ 27,99 por m\u00eas. A not\u00edcia do aumento pegou os clientes de surpresa e gerou diversas rea\u00e7\u00f5es [&hellip;]<\/p>\n","protected":false},"author":1,"featured_media":52284,"comment_status":"open","ping_status":"open","sticky":false,"template":"","format":"standard","meta":{"tdm_status":"","tdm_grid_status":"","footnotes":""},"categories":[11,6,41],"tags":[5982,615,1750,33,452,5206,28,6207,7348,752],"class_list":["post-52283","post","type-post","status-publish","format-standard","has-post-thumbnail","hentry","category-digital","category-noticias","category-podcast","tag-assinatura","tag-cliente","tag-disney","tag-estrategia","tag-fidelizacao","tag-frete-gratis","tag-marketing","tag-meli","tag-mercado-livr","tag-servico"],"yoast_head":"<!-- This site is optimized with the Yoast SEO plugin v27.5 - https:\/\/yoast.com\/product\/yoast-seo-wordpress\/ -->\n<title>Adeus, Meli+? Aumento de 55% revolta assinantes do Mercado Livre - CidadeMarketing<\/title>\n<meta name=\"robots\" content=\"index, follow, max-snippet:-1, max-image-preview:large, max-video-preview:-1\" \/>\n<link rel=\"canonical\" href=\"https:\/\/www.cidademarketing.com.br\/marketing\/2024\/08\/23\/adeus-meli-aumento-de-55-revolta-assinantes-do-mercado-livre\/\" \/>\n<meta property=\"og:locale\" content=\"pt_BR\" \/>\n<meta property=\"og:type\" content=\"article\" \/>\n<meta property=\"og:title\" content=\"Adeus, Meli+? Aumento de 55% revolta assinantes do Mercado Livre - CidadeMarketing\" \/>\n<meta property=\"og:description\" content=\"O Mercado Livre est\u00e1 gerando grande repercuss\u00e3o entre seus assinantes ap\u00f3s anunciar um aumento de mais de 55% no valor da assinatura do Meli+. A partir do dia 3 de setembro, o servi\u00e7o passar\u00e1 de R$ 17,99 para R$ 27,99 por m\u00eas. A not\u00edcia do aumento pegou os clientes de surpresa e gerou diversas rea\u00e7\u00f5es [&hellip;]\" \/>\n<meta property=\"og:url\" content=\"https:\/\/www.cidademarketing.com.br\/marketing\/2024\/08\/23\/adeus-meli-aumento-de-55-revolta-assinantes-do-mercado-livre\/\" \/>\n<meta property=\"og:site_name\" content=\"CidadeMarketing\" \/>\n<meta property=\"article:publisher\" content=\"https:\/\/www.facebook.com\/portalcidademarketing\" \/>\n<meta property=\"article:author\" content=\"https:\/\/www.facebook.com\/thalesbrandao\" \/>\n<meta property=\"article:published_time\" content=\"2024-08-23T18:47:40+00:00\" \/>\n<meta property=\"article:modified_time\" content=\"2024-08-25T15:01:51+00:00\" \/>\n<meta property=\"og:image\" content=\"https:\/\/www.cidademarketing.com.br\/marketing\/wp-content\/uploads\/2024\/08\/melimais_mercadolivre_aumento.webp\" \/>\n\t<meta property=\"og:image:width\" content=\"945\" \/>\n\t<meta property=\"og:image:height\" content=\"567\" \/>\n\t<meta property=\"og:image:type\" content=\"image\/webp\" \/>\n<meta name=\"author\" content=\"Thales Brand\u00e3o\" \/>\n<meta name=\"twitter:card\" content=\"summary_large_image\" \/>\n<meta name=\"twitter:creator\" content=\"@http:\/\/www.twitter.com\/thalesbrandao\" \/>\n<meta name=\"twitter:site\" content=\"@CidadeMarketing\" \/>\n<meta name=\"twitter:label1\" content=\"Escrito por\" \/>\n\t<meta name=\"twitter:data1\" content=\"Thales Brand\u00e3o\" \/>\n\t<meta name=\"twitter:label2\" content=\"Est. tempo de leitura\" \/>\n\t<meta name=\"twitter:data2\" content=\"2 minutos\" \/>\n<script type=\"application\/ld+json\" class=\"yoast-schema-graph\">{\"@context\":\"https:\\\/\\\/schema.org\",\"@graph\":[{\"@type\":\"Article\",\"@id\":\"https:\\\/\\\/www.cidademarketing.com.br\\\/marketing\\\/2024\\\/08\\\/23\\\/adeus-meli-aumento-de-55-revolta-assinantes-do-mercado-livre\\\/#article\",\"isPartOf\":{\"@id\":\"https:\\\/\\\/www.cidademarketing.com.br\\\/marketing\\\/2024\\\/08\\\/23\\\/adeus-meli-aumento-de-55-revolta-assinantes-do-mercado-livre\\\/\"},\"author\":{\"name\":\"Thales Brand\u00e3o\",\"@id\":\"https:\\\/\\\/www.cidademarketing.com.br\\\/marketing\\\/#\\\/schema\\\/person\\\/02daff9f18bd9378c9e01eb6b2db155f\"},\"headline\":\"Adeus, Meli+? Aumento de 55% revolta assinantes do Mercado Livre\",\"datePublished\":\"2024-08-23T18:47:40+00:00\",\"dateModified\":\"2024-08-25T15:01:51+00:00\",\"mainEntityOfPage\":{\"@id\":\"https:\\\/\\\/www.cidademarketing.com.br\\\/marketing\\\/2024\\\/08\\\/23\\\/adeus-meli-aumento-de-55-revolta-assinantes-do-mercado-livre\\\/\"},\"wordCount\":463,\"commentCount\":0,\"publisher\":{\"@id\":\"https:\\\/\\\/www.cidademarketing.com.br\\\/marketing\\\/#organization\"},\"image\":{\"@id\":\"https:\\\/\\\/www.cidademarketing.com.br\\\/marketing\\\/2024\\\/08\\\/23\\\/adeus-meli-aumento-de-55-revolta-assinantes-do-mercado-livre\\\/#primaryimage\"},\"thumbnailUrl\":\"https:\\\/\\\/www.cidademarketing.com.br\\\/marketing\\\/wp-content\\\/uploads\\\/2024\\\/08\\\/melimais_mercadolivre_aumento.webp\",\"keywords\":[\"assinatura\",\"cliente\",\"Disney\",\"estrat\u00e9gia\",\"fideliza\u00e7\u00e3o\",\"frete gr\u00e1tis\",\"marketing\",\"Meli+\",\"Mercado Livr\",\"servi\u00e7o\"],\"articleSection\":[\"Digital\",\"Not\u00edcias\",\"Podcast\"],\"inLanguage\":\"pt-BR\",\"potentialAction\":[{\"@type\":\"CommentAction\",\"name\":\"Comment\",\"target\":[\"https:\\\/\\\/www.cidademarketing.com.br\\\/marketing\\\/2024\\\/08\\\/23\\\/adeus-meli-aumento-de-55-revolta-assinantes-do-mercado-livre\\\/#respond\"]}]},{\"@type\":\"WebPage\",\"@id\":\"https:\\\/\\\/www.cidademarketing.com.br\\\/marketing\\\/2024\\\/08\\\/23\\\/adeus-meli-aumento-de-55-revolta-assinantes-do-mercado-livre\\\/\",\"url\":\"https:\\\/\\\/www.cidademarketing.com.br\\\/marketing\\\/2024\\\/08\\\/23\\\/adeus-meli-aumento-de-55-revolta-assinantes-do-mercado-livre\\\/\",\"name\":\"Adeus, Meli+? Aumento de 55% revolta assinantes do Mercado Livre - CidadeMarketing\",\"isPartOf\":{\"@id\":\"https:\\\/\\\/www.cidademarketing.com.br\\\/marketing\\\/#website\"},\"primaryImageOfPage\":{\"@id\":\"https:\\\/\\\/www.cidademarketing.com.br\\\/marketing\\\/2024\\\/08\\\/23\\\/adeus-meli-aumento-de-55-revolta-assinantes-do-mercado-livre\\\/#primaryimage\"},\"image\":{\"@id\":\"https:\\\/\\\/www.cidademarketing.com.br\\\/marketing\\\/2024\\\/08\\\/23\\\/adeus-meli-aumento-de-55-revolta-assinantes-do-mercado-livre\\\/#primaryimage\"},\"thumbnailUrl\":\"https:\\\/\\\/www.cidademarketing.com.br\\\/marketing\\\/wp-content\\\/uploads\\\/2024\\\/08\\\/melimais_mercadolivre_aumento.webp\",\"datePublished\":\"2024-08-23T18:47:40+00:00\",\"dateModified\":\"2024-08-25T15:01:51+00:00\",\"breadcrumb\":{\"@id\":\"https:\\\/\\\/www.cidademarketing.com.br\\\/marketing\\\/2024\\\/08\\\/23\\\/adeus-meli-aumento-de-55-revolta-assinantes-do-mercado-livre\\\/#breadcrumb\"},\"inLanguage\":\"pt-BR\",\"potentialAction\":[{\"@type\":\"ReadAction\",\"target\":[\"https:\\\/\\\/www.cidademarketing.com.br\\\/marketing\\\/2024\\\/08\\\/23\\\/adeus-meli-aumento-de-55-revolta-assinantes-do-mercado-livre\\\/\"]}]},{\"@type\":\"ImageObject\",\"inLanguage\":\"pt-BR\",\"@id\":\"https:\\\/\\\/www.cidademarketing.com.br\\\/marketing\\\/2024\\\/08\\\/23\\\/adeus-meli-aumento-de-55-revolta-assinantes-do-mercado-livre\\\/#primaryimage\",\"url\":\"https:\\\/\\\/www.cidademarketing.com.br\\\/marketing\\\/wp-content\\\/uploads\\\/2024\\\/08\\\/melimais_mercadolivre_aumento.webp\",\"contentUrl\":\"https:\\\/\\\/www.cidademarketing.com.br\\\/marketing\\\/wp-content\\\/uploads\\\/2024\\\/08\\\/melimais_mercadolivre_aumento.webp\",\"width\":945,\"height\":567},{\"@type\":\"BreadcrumbList\",\"@id\":\"https:\\\/\\\/www.cidademarketing.com.br\\\/marketing\\\/2024\\\/08\\\/23\\\/adeus-meli-aumento-de-55-revolta-assinantes-do-mercado-livre\\\/#breadcrumb\",\"itemListElement\":[{\"@type\":\"ListItem\",\"position\":1,\"name\":\"In\u00edcio\",\"item\":\"https:\\\/\\\/www.cidademarketing.com.br\\\/marketing\\\/\"},{\"@type\":\"ListItem\",\"position\":2,\"name\":\"Adeus, Meli+? Aumento de 55% revolta assinantes do Mercado Livre\"}]},{\"@type\":\"WebSite\",\"@id\":\"https:\\\/\\\/www.cidademarketing.com.br\\\/marketing\\\/#website\",\"url\":\"https:\\\/\\\/www.cidademarketing.com.br\\\/marketing\\\/\",\"name\":\"CidadeMarketing\",\"description\":\"Somos um ve\u00edculo de comunica\u00e7\u00e3o de destaque no Brasil, reconhecido por conte\u00fados nos segmentos de marketing, empreendedorismo e inova\u00e7\u00e3o.\",\"publisher\":{\"@id\":\"https:\\\/\\\/www.cidademarketing.com.br\\\/marketing\\\/#organization\"},\"alternateName\":\"CidadeMarketing\",\"potentialAction\":[{\"@type\":\"SearchAction\",\"target\":{\"@type\":\"EntryPoint\",\"urlTemplate\":\"https:\\\/\\\/www.cidademarketing.com.br\\\/marketing\\\/?s={search_term_string}\"},\"query-input\":{\"@type\":\"PropertyValueSpecification\",\"valueRequired\":true,\"valueName\":\"search_term_string\"}}],\"inLanguage\":\"pt-BR\"},{\"@type\":\"Organization\",\"@id\":\"https:\\\/\\\/www.cidademarketing.com.br\\\/marketing\\\/#organization\",\"name\":\"CidadeMarketing\",\"alternateName\":\"CidadeMarketing\",\"url\":\"https:\\\/\\\/www.cidademarketing.com.br\\\/marketing\\\/\",\"logo\":{\"@type\":\"ImageObject\",\"inLanguage\":\"pt-BR\",\"@id\":\"https:\\\/\\\/www.cidademarketing.com.br\\\/marketing\\\/#\\\/schema\\\/logo\\\/image\\\/\",\"url\":\"https:\\\/\\\/www.cidademarketing.com.br\\\/marketing\\\/wp-content\\\/uploads\\\/2020\\\/01\\\/cidademarketing_marca_mobile.png\",\"contentUrl\":\"https:\\\/\\\/www.cidademarketing.com.br\\\/marketing\\\/wp-content\\\/uploads\\\/2020\\\/01\\\/cidademarketing_marca_mobile.png\",\"width\":230,\"height\":92,\"caption\":\"CidadeMarketing\"},\"image\":{\"@id\":\"https:\\\/\\\/www.cidademarketing.com.br\\\/marketing\\\/#\\\/schema\\\/logo\\\/image\\\/\"},\"sameAs\":[\"https:\\\/\\\/www.facebook.com\\\/portalcidademarketing\",\"https:\\\/\\\/x.com\\\/CidadeMarketing\",\"https:\\\/\\\/www.instagram.com\\\/cidademarketing\\\/\"]},{\"@type\":\"Person\",\"@id\":\"https:\\\/\\\/www.cidademarketing.com.br\\\/marketing\\\/#\\\/schema\\\/person\\\/02daff9f18bd9378c9e01eb6b2db155f\",\"name\":\"Thales Brand\u00e3o\",\"image\":{\"@type\":\"ImageObject\",\"inLanguage\":\"pt-BR\",\"@id\":\"https:\\\/\\\/secure.gravatar.com\\\/avatar\\\/7ca3206950207cc3cb48feec56a8a7898741ab725c368d99d5d7a5a50aab80c6?s=96&d=mm&r=g\",\"url\":\"https:\\\/\\\/secure.gravatar.com\\\/avatar\\\/7ca3206950207cc3cb48feec56a8a7898741ab725c368d99d5d7a5a50aab80c6?s=96&d=mm&r=g\",\"contentUrl\":\"https:\\\/\\\/secure.gravatar.com\\\/avatar\\\/7ca3206950207cc3cb48feec56a8a7898741ab725c368d99d5d7a5a50aab80c6?s=96&d=mm&r=g\",\"caption\":\"Thales Brand\u00e3o\"},\"description\":\"Editor Executivo do Portal CidadeMarketing.com.br &gt; Mestre em Comunica\u00e7\u00e3o e Sociedade pela Universidade Federal de Sergipe. Possui MBA Executivo em Administra\u00e7\u00e3o com \u00eanfase em Marketing pela Funda\u00e7\u00e3o Get\u00falio Vargas - Rio de Janeiro. Consultor, Palestrante e Pesquisador sobre Empreendedorismo, Marketing, Redes Sociais e Neg\u00f3cios Digitais. Professor, Palestrante TedxTalks e Campus Party. Twitter: @ThalesBrandao\",\"sameAs\":[\"http:\\\/\\\/www.mandacaru.com.br\",\"https:\\\/\\\/www.facebook.com\\\/thalesbrandao\",\"http:\\\/\\\/www.instagram.com.br\\\/thalesbrandaoferreira\",\"https:\\\/\\\/www.linkedin.com\\\/in\\\/thales-brand\u00e3o-3948609\\\/\",\"https:\\\/\\\/x.com\\\/http:\\\/\\\/www.twitter.com\\\/thalesbrandao\"],\"url\":\"https:\\\/\\\/www.cidademarketing.com.br\\\/marketing\\\/author\\\/thalesbrandao\\\/\"}]}<\/script>\n<!-- \/ Yoast SEO plugin. -->","yoast_head_json":{"title":"Adeus, Meli+? Aumento de 55% revolta assinantes do Mercado Livre - CidadeMarketing","robots":{"index":"index","follow":"follow","max-snippet":"max-snippet:-1","max-image-preview":"max-image-preview:large","max-video-preview":"max-video-preview:-1"},"canonical":"https:\/\/www.cidademarketing.com.br\/marketing\/2024\/08\/23\/adeus-meli-aumento-de-55-revolta-assinantes-do-mercado-livre\/","og_locale":"pt_BR","og_type":"article","og_title":"Adeus, Meli+? Aumento de 55% revolta assinantes do Mercado Livre - CidadeMarketing","og_description":"O Mercado Livre est\u00e1 gerando grande repercuss\u00e3o entre seus assinantes ap\u00f3s anunciar um aumento de mais de 55% no valor da assinatura do Meli+. A partir do dia 3 de setembro, o servi\u00e7o passar\u00e1 de R$ 17,99 para R$ 27,99 por m\u00eas. A not\u00edcia do aumento pegou os clientes de surpresa e gerou diversas rea\u00e7\u00f5es [&hellip;]","og_url":"https:\/\/www.cidademarketing.com.br\/marketing\/2024\/08\/23\/adeus-meli-aumento-de-55-revolta-assinantes-do-mercado-livre\/","og_site_name":"CidadeMarketing","article_publisher":"https:\/\/www.facebook.com\/portalcidademarketing","article_author":"https:\/\/www.facebook.com\/thalesbrandao","article_published_time":"2024-08-23T18:47:40+00:00","article_modified_time":"2024-08-25T15:01:51+00:00","og_image":[{"width":945,"height":567,"url":"https:\/\/www.cidademarketing.com.br\/marketing\/wp-content\/uploads\/2024\/08\/melimais_mercadolivre_aumento.webp","type":"image\/webp"}],"author":"Thales Brand\u00e3o","twitter_card":"summary_large_image","twitter_creator":"@http:\/\/www.twitter.com\/thalesbrandao","twitter_site":"@CidadeMarketing","twitter_misc":{"Escrito por":"Thales Brand\u00e3o","Est. tempo de leitura":"2 minutos"},"schema":{"@context":"https:\/\/schema.org","@graph":[{"@type":"Article","@id":"https:\/\/www.cidademarketing.com.br\/marketing\/2024\/08\/23\/adeus-meli-aumento-de-55-revolta-assinantes-do-mercado-livre\/#article","isPartOf":{"@id":"https:\/\/www.cidademarketing.com.br\/marketing\/2024\/08\/23\/adeus-meli-aumento-de-55-revolta-assinantes-do-mercado-livre\/"},"author":{"name":"Thales Brand\u00e3o","@id":"https:\/\/www.cidademarketing.com.br\/marketing\/#\/schema\/person\/02daff9f18bd9378c9e01eb6b2db155f"},"headline":"Adeus, Meli+? Aumento de 55% revolta assinantes do Mercado Livre","datePublished":"2024-08-23T18:47:40+00:00","dateModified":"2024-08-25T15:01:51+00:00","mainEntityOfPage":{"@id":"https:\/\/www.cidademarketing.com.br\/marketing\/2024\/08\/23\/adeus-meli-aumento-de-55-revolta-assinantes-do-mercado-livre\/"},"wordCount":463,"commentCount":0,"publisher":{"@id":"https:\/\/www.cidademarketing.com.br\/marketing\/#organization"},"image":{"@id":"https:\/\/www.cidademarketing.com.br\/marketing\/2024\/08\/23\/adeus-meli-aumento-de-55-revolta-assinantes-do-mercado-livre\/#primaryimage"},"thumbnailUrl":"https:\/\/www.cidademarketing.com.br\/marketing\/wp-content\/uploads\/2024\/08\/melimais_mercadolivre_aumento.webp","keywords":["assinatura","cliente","Disney","estrat\u00e9gia","fideliza\u00e7\u00e3o","frete gr\u00e1tis","marketing","Meli+","Mercado Livr","servi\u00e7o"],"articleSection":["Digital","Not\u00edcias","Podcast"],"inLanguage":"pt-BR","potentialAction":[{"@type":"CommentAction","name":"Comment","target":["https:\/\/www.cidademarketing.com.br\/marketing\/2024\/08\/23\/adeus-meli-aumento-de-55-revolta-assinantes-do-mercado-livre\/#respond"]}]},{"@type":"WebPage","@id":"https:\/\/www.cidademarketing.com.br\/marketing\/2024\/08\/23\/adeus-meli-aumento-de-55-revolta-assinantes-do-mercado-livre\/","url":"https:\/\/www.cidademarketing.com.br\/marketing\/2024\/08\/23\/adeus-meli-aumento-de-55-revolta-assinantes-do-mercado-livre\/","name":"Adeus, Meli+? Aumento de 55% revolta assinantes do Mercado Livre - CidadeMarketing","isPartOf":{"@id":"https:\/\/www.cidademarketing.com.br\/marketing\/#website"},"primaryImageOfPage":{"@id":"https:\/\/www.cidademarketing.com.br\/marketing\/2024\/08\/23\/adeus-meli-aumento-de-55-revolta-assinantes-do-mercado-livre\/#primaryimage"},"image":{"@id":"https:\/\/www.cidademarketing.com.br\/marketing\/2024\/08\/23\/adeus-meli-aumento-de-55-revolta-assinantes-do-mercado-livre\/#primaryimage"},"thumbnailUrl":"https:\/\/www.cidademarketing.com.br\/marketing\/wp-content\/uploads\/2024\/08\/melimais_mercadolivre_aumento.webp","datePublished":"2024-08-23T18:47:40+00:00","dateModified":"2024-08-25T15:01:51+00:00","breadcrumb":{"@id":"https:\/\/www.cidademarketing.com.br\/marketing\/2024\/08\/23\/adeus-meli-aumento-de-55-revolta-assinantes-do-mercado-livre\/#breadcrumb"},"inLanguage":"pt-BR","potentialAction":[{"@type":"ReadAction","target":["https:\/\/www.cidademarketing.com.br\/marketing\/2024\/08\/23\/adeus-meli-aumento-de-55-revolta-assinantes-do-mercado-livre\/"]}]},{"@type":"ImageObject","inLanguage":"pt-BR","@id":"https:\/\/www.cidademarketing.com.br\/marketing\/2024\/08\/23\/adeus-meli-aumento-de-55-revolta-assinantes-do-mercado-livre\/#primaryimage","url":"https:\/\/www.cidademarketing.com.br\/marketing\/wp-content\/uploads\/2024\/08\/melimais_mercadolivre_aumento.webp","contentUrl":"https:\/\/www.cidademarketing.com.br\/marketing\/wp-content\/uploads\/2024\/08\/melimais_mercadolivre_aumento.webp","width":945,"height":567},{"@type":"BreadcrumbList","@id":"https:\/\/www.cidademarketing.com.br\/marketing\/2024\/08\/23\/adeus-meli-aumento-de-55-revolta-assinantes-do-mercado-livre\/#breadcrumb","itemListElement":[{"@type":"ListItem","position":1,"name":"In\u00edcio","item":"https:\/\/www.cidademarketing.com.br\/marketing\/"},{"@type":"ListItem","position":2,"name":"Adeus, Meli+? Aumento de 55% revolta assinantes do Mercado Livre"}]},{"@type":"WebSite","@id":"https:\/\/www.cidademarketing.com.br\/marketing\/#website","url":"https:\/\/www.cidademarketing.com.br\/marketing\/","name":"CidadeMarketing","description":"Somos um ve\u00edculo de comunica\u00e7\u00e3o de destaque no Brasil, reconhecido por conte\u00fados nos segmentos de marketing, empreendedorismo e inova\u00e7\u00e3o.","publisher":{"@id":"https:\/\/www.cidademarketing.com.br\/marketing\/#organization"},"alternateName":"CidadeMarketing","potentialAction":[{"@type":"SearchAction","target":{"@type":"EntryPoint","urlTemplate":"https:\/\/www.cidademarketing.com.br\/marketing\/?s={search_term_string}"},"query-input":{"@type":"PropertyValueSpecification","valueRequired":true,"valueName":"search_term_string"}}],"inLanguage":"pt-BR"},{"@type":"Organization","@id":"https:\/\/www.cidademarketing.com.br\/marketing\/#organization","name":"CidadeMarketing","alternateName":"CidadeMarketing","url":"https:\/\/www.cidademarketing.com.br\/marketing\/","logo":{"@type":"ImageObject","inLanguage":"pt-BR","@id":"https:\/\/www.cidademarketing.com.br\/marketing\/#\/schema\/logo\/image\/","url":"https:\/\/www.cidademarketing.com.br\/marketing\/wp-content\/uploads\/2020\/01\/cidademarketing_marca_mobile.png","contentUrl":"https:\/\/www.cidademarketing.com.br\/marketing\/wp-content\/uploads\/2020\/01\/cidademarketing_marca_mobile.png","width":230,"height":92,"caption":"CidadeMarketing"},"image":{"@id":"https:\/\/www.cidademarketing.com.br\/marketing\/#\/schema\/logo\/image\/"},"sameAs":["https:\/\/www.facebook.com\/portalcidademarketing","https:\/\/x.com\/CidadeMarketing","https:\/\/www.instagram.com\/cidademarketing\/"]},{"@type":"Person","@id":"https:\/\/www.cidademarketing.com.br\/marketing\/#\/schema\/person\/02daff9f18bd9378c9e01eb6b2db155f","name":"Thales Brand\u00e3o","image":{"@type":"ImageObject","inLanguage":"pt-BR","@id":"https:\/\/secure.gravatar.com\/avatar\/7ca3206950207cc3cb48feec56a8a7898741ab725c368d99d5d7a5a50aab80c6?s=96&d=mm&r=g","url":"https:\/\/secure.gravatar.com\/avatar\/7ca3206950207cc3cb48feec56a8a7898741ab725c368d99d5d7a5a50aab80c6?s=96&d=mm&r=g","contentUrl":"https:\/\/secure.gravatar.com\/avatar\/7ca3206950207cc3cb48feec56a8a7898741ab725c368d99d5d7a5a50aab80c6?s=96&d=mm&r=g","caption":"Thales Brand\u00e3o"},"description":"Editor Executivo do Portal CidadeMarketing.com.br &gt; Mestre em Comunica\u00e7\u00e3o e Sociedade pela Universidade Federal de Sergipe. Possui MBA Executivo em Administra\u00e7\u00e3o com \u00eanfase em Marketing pela Funda\u00e7\u00e3o Get\u00falio Vargas - Rio de Janeiro. Consultor, Palestrante e Pesquisador sobre Empreendedorismo, Marketing, Redes Sociais e Neg\u00f3cios Digitais. Professor, Palestrante TedxTalks e Campus Party. Twitter: @ThalesBrandao","sameAs":["http:\/\/www.mandacaru.com.br","https:\/\/www.facebook.com\/thalesbrandao","http:\/\/www.instagram.com.br\/thalesbrandaoferreira","https:\/\/www.linkedin.com\/in\/thales-brand\u00e3o-3948609\/","https:\/\/x.com\/http:\/\/www.twitter.com\/thalesbrandao"],"url":"https:\/\/www.cidademarketing.com.br\/marketing\/author\/thalesbrandao\/"}]}},"amp_enabled":true,"_links":{"self":[{"href":"https:\/\/www.cidademarketing.com.br\/marketing\/wp-json\/wp\/v2\/posts\/52283","targetHints":{"allow":["GET"]}}],"collection":[{"href":"https:\/\/www.cidademarketing.com.br\/marketing\/wp-json\/wp\/v2\/posts"}],"about":[{"href":"https:\/\/www.cidademarketing.com.br\/marketing\/wp-json\/wp\/v2\/types\/post"}],"author":[{"embeddable":true,"href":"https:\/\/www.cidademarketing.com.br\/marketing\/wp-json\/wp\/v2\/users\/1"}],"replies":[{"embeddable":true,"href":"https:\/\/www.cidademarketing.com.br\/marketing\/wp-json\/wp\/v2\/comments?post=52283"}],"version-history":[{"count":4,"href":"https:\/\/www.cidademarketing.com.br\/marketing\/wp-json\/wp\/v2\/posts\/52283\/revisions"}],"predecessor-version":[{"id":52290,"href":"https:\/\/www.cidademarketing.com.br\/marketing\/wp-json\/wp\/v2\/posts\/52283\/revisions\/52290"}],"wp:featuredmedia":[{"embeddable":true,"href":"https:\/\/www.cidademarketing.com.br\/marketing\/wp-json\/wp\/v2\/media\/52284"}],"wp:attachment":[{"href":"https:\/\/www.cidademarketing.com.br\/marketing\/wp-json\/wp\/v2\/media?parent=52283"}],"wp:term":[{"taxonomy":"category","embeddable":true,"href":"https:\/\/www.cidademarketing.com.br\/marketing\/wp-json\/wp\/v2\/categories?post=52283"},{"taxonomy":"post_tag","embeddable":true,"href":"https:\/\/www.cidademarketing.com.br\/marketing\/wp-json\/wp\/v2\/tags?post=52283"}],"curies":[{"name":"wp","href":"https:\/\/api.w.org\/{rel}","templated":true}]}}