{"id":52133,"date":"2024-08-11T00:36:39","date_gmt":"2024-08-11T03:36:39","guid":{"rendered":"https:\/\/www.cidademarketing.com.br\/marketing\/?p=52133"},"modified":"2024-08-11T00:36:39","modified_gmt":"2024-08-11T03:36:39","slug":"mercado-livre-e-citroen-unem-forcas-em-estrategia-sustentavel-com-frota-eletrica","status":"publish","type":"post","link":"https:\/\/www.cidademarketing.com.br\/marketing\/2024\/08\/11\/mercado-livre-e-citroen-unem-forcas-em-estrategia-sustentavel-com-frota-eletrica\/","title":{"rendered":"Mercado Livre e Citro\u00ebn unem for\u00e7as em estrat\u00e9gia sustent\u00e1vel com frota el\u00e9trica"},"content":{"rendered":"<p>O Mercado Livre, l\u00edder em e-commerce e servi\u00e7os financeiros na Am\u00e9rica Latina, deu mais um passo rumo \u00e0 sustentabilidade ao integrar o Citro\u00ebn \u00eb-Jumpy el\u00e9trico \u00e0 sua frota. Essa decis\u00e3o \u00e9 parte da estrat\u00e9gia da empresa para reduzir impactos socioambientais, alinhando efici\u00eancia, economia e sustentabilidade em suas opera\u00e7\u00f5es log\u00edsticas.<\/p>\n<p>O crescimento do e-commerce trouxe consigo desafios log\u00edsticos, exigindo solu\u00e7\u00f5es que unissem intelig\u00eancia, economia e sustentabilidade. \u00c9 nesse contexto que o Citro\u00ebn \u00eb-Jumpy se destaca, sendo a escolha ideal para o Mercado Livre. Al\u00e9m de contribuir para a sustentabilidade, o modelo \u00e9 projetado para oferecer alta rentabilidade, com um custo m\u00e9dio de recarga inferior a R$ 80, resultando em um gasto de menos de R$ 0,30 por quil\u00f4metro rodado.<\/p>\n<p>Outro ponto forte do \u00eb-Jumpy \u00e9 sua adaptabilidade. Com menos de 1,94 metro de altura e um PBT inferior a 3,5 toneladas, o ve\u00edculo pode circular em \u00e1reas urbanas sem restri\u00e7\u00f5es, al\u00e9m de ser guiado por motoristas com CNH categoria B. Seu design compacto esconde uma ampla capacidade interna, com um ba\u00fa de 6,1 m\u00b3 e portas traseiras que abrem a 180\u00ba, facilitando o acesso em qualquer ambiente.<\/p>\n<p>A integra\u00e7\u00e3o do \u00eb-Jumpy \u00e0 frota do Mercado Livre refor\u00e7a o compromisso da empresa com a sustentabilidade, ao mesmo tempo que garante efici\u00eancia operacional. Com a maior frota el\u00e9trica privada da Am\u00e9rica Latina, o Mercado Livre continua liderando o setor ao adotar solu\u00e7\u00f5es que equilibram a inova\u00e7\u00e3o com a responsabilidade ambiental.<\/p>\n<p>O Mercado Livre atingiu um marco significativo nesta sexta-feira (2), ao superar o valor de mercado da Petrobras, tornando-se a empresa mais valiosa da Am\u00e9rica Latina. Com a valoriza\u00e7\u00e3o das a\u00e7\u00f5es da companhia, o Mercado Livre alcan\u00e7ou um valor de mercado de US$ 90 bilh\u00f5es, aproximadamente R$ 515,1 bilh\u00f5es, enquanto a Petrobras ficou avaliada em US$ 83,1 bilh\u00f5es (R$ 475,6 bilh\u00f5es). Este feito, destacado pelo levantamento de Einar Rivero, s\u00f3cio-fundador da Elos Ayta Consultoria, reafirma a crescente influ\u00eancia do e-commerce na economia latino-americana.<\/p>\n","protected":false},"excerpt":{"rendered":"<p>O Mercado Livre, l\u00edder em e-commerce e servi\u00e7os financeiros na Am\u00e9rica Latina, deu mais um passo rumo \u00e0 sustentabilidade ao integrar o Citro\u00ebn \u00eb-Jumpy el\u00e9trico \u00e0 sua frota. Essa decis\u00e3o \u00e9 parte da estrat\u00e9gia da empresa para reduzir impactos socioambientais, alinhando efici\u00eancia, economia e sustentabilidade em suas opera\u00e7\u00f5es log\u00edsticas. O crescimento do e-commerce trouxe consigo [&hellip;]<\/p>\n","protected":false},"author":1,"featured_media":52134,"comment_status":"open","ping_status":"open","sticky":false,"template":"","format":"standard","meta":{"tdm_status":"","tdm_grid_status":"","footnotes":""},"categories":[6],"tags":[438,7277,214,1340,4450,7276,1040,1106,176],"class_list":["post-52133","post","type-post","status-publish","format-standard","has-post-thumbnail","hentry","category-noticias","tag-citroen","tag-citroen-e-jumpy","tag-e-commerce","tag-eletrico","tag-esg","tag-frota","tag-logistica","tag-mercado-livre","tag-sustentabilidade"],"yoast_head":"<!-- This site is optimized with the Yoast SEO plugin v27.5 - https:\/\/yoast.com\/product\/yoast-seo-wordpress\/ -->\n<title>Mercado Livre e Citro\u00ebn unem for\u00e7as em estrat\u00e9gia sustent\u00e1vel com frota el\u00e9trica - CidadeMarketing<\/title>\n<meta name=\"robots\" content=\"index, follow, max-snippet:-1, max-image-preview:large, max-video-preview:-1\" \/>\n<link rel=\"canonical\" href=\"https:\/\/www.cidademarketing.com.br\/marketing\/2024\/08\/11\/mercado-livre-e-citroen-unem-forcas-em-estrategia-sustentavel-com-frota-eletrica\/\" \/>\n<meta property=\"og:locale\" content=\"pt_BR\" \/>\n<meta property=\"og:type\" content=\"article\" \/>\n<meta property=\"og:title\" content=\"Mercado Livre e Citro\u00ebn unem for\u00e7as em estrat\u00e9gia sustent\u00e1vel com frota el\u00e9trica - CidadeMarketing\" \/>\n<meta property=\"og:description\" content=\"O Mercado Livre, l\u00edder em e-commerce e servi\u00e7os financeiros na Am\u00e9rica Latina, deu mais um passo rumo \u00e0 sustentabilidade ao integrar o Citro\u00ebn \u00eb-Jumpy el\u00e9trico \u00e0 sua frota. Essa decis\u00e3o \u00e9 parte da estrat\u00e9gia da empresa para reduzir impactos socioambientais, alinhando efici\u00eancia, economia e sustentabilidade em suas opera\u00e7\u00f5es log\u00edsticas. O crescimento do e-commerce trouxe consigo [&hellip;]\" \/>\n<meta property=\"og:url\" content=\"https:\/\/www.cidademarketing.com.br\/marketing\/2024\/08\/11\/mercado-livre-e-citroen-unem-forcas-em-estrategia-sustentavel-com-frota-eletrica\/\" \/>\n<meta property=\"og:site_name\" content=\"CidadeMarketing\" \/>\n<meta property=\"article:publisher\" content=\"https:\/\/www.facebook.com\/portalcidademarketing\" \/>\n<meta property=\"article:author\" content=\"https:\/\/www.facebook.com\/thalesbrandao\" \/>\n<meta property=\"article:published_time\" content=\"2024-08-11T03:36:39+00:00\" \/>\n<meta property=\"og:image\" content=\"https:\/\/www.cidademarketing.com.br\/marketing\/wp-content\/uploads\/2024\/08\/citroen_e_jumpy_mercadolivre.webp\" \/>\n\t<meta property=\"og:image:width\" content=\"1002\" \/>\n\t<meta property=\"og:image:height\" content=\"554\" \/>\n\t<meta property=\"og:image:type\" content=\"image\/webp\" \/>\n<meta name=\"author\" content=\"Thales Brand\u00e3o\" \/>\n<meta name=\"twitter:card\" content=\"summary_large_image\" \/>\n<meta name=\"twitter:creator\" content=\"@http:\/\/www.twitter.com\/thalesbrandao\" \/>\n<meta name=\"twitter:site\" content=\"@CidadeMarketing\" \/>\n<meta name=\"twitter:label1\" content=\"Escrito por\" \/>\n\t<meta name=\"twitter:data1\" content=\"Thales Brand\u00e3o\" \/>\n\t<meta name=\"twitter:label2\" content=\"Est. tempo de leitura\" \/>\n\t<meta name=\"twitter:data2\" content=\"2 minutos\" \/>\n<script type=\"application\/ld+json\" class=\"yoast-schema-graph\">{\"@context\":\"https:\\\/\\\/schema.org\",\"@graph\":[{\"@type\":\"Article\",\"@id\":\"https:\\\/\\\/www.cidademarketing.com.br\\\/marketing\\\/2024\\\/08\\\/11\\\/mercado-livre-e-citroen-unem-forcas-em-estrategia-sustentavel-com-frota-eletrica\\\/#article\",\"isPartOf\":{\"@id\":\"https:\\\/\\\/www.cidademarketing.com.br\\\/marketing\\\/2024\\\/08\\\/11\\\/mercado-livre-e-citroen-unem-forcas-em-estrategia-sustentavel-com-frota-eletrica\\\/\"},\"author\":{\"name\":\"Thales Brand\u00e3o\",\"@id\":\"https:\\\/\\\/www.cidademarketing.com.br\\\/marketing\\\/#\\\/schema\\\/person\\\/02daff9f18bd9378c9e01eb6b2db155f\"},\"headline\":\"Mercado Livre e Citro\u00ebn unem for\u00e7as em estrat\u00e9gia sustent\u00e1vel com frota el\u00e9trica\",\"datePublished\":\"2024-08-11T03:36:39+00:00\",\"mainEntityOfPage\":{\"@id\":\"https:\\\/\\\/www.cidademarketing.com.br\\\/marketing\\\/2024\\\/08\\\/11\\\/mercado-livre-e-citroen-unem-forcas-em-estrategia-sustentavel-com-frota-eletrica\\\/\"},\"wordCount\":356,\"commentCount\":0,\"publisher\":{\"@id\":\"https:\\\/\\\/www.cidademarketing.com.br\\\/marketing\\\/#organization\"},\"image\":{\"@id\":\"https:\\\/\\\/www.cidademarketing.com.br\\\/marketing\\\/2024\\\/08\\\/11\\\/mercado-livre-e-citroen-unem-forcas-em-estrategia-sustentavel-com-frota-eletrica\\\/#primaryimage\"},\"thumbnailUrl\":\"https:\\\/\\\/www.cidademarketing.com.br\\\/marketing\\\/wp-content\\\/uploads\\\/2024\\\/08\\\/citroen_e_jumpy_mercadolivre.webp\",\"keywords\":[\"Citr\u00f6en\",\"Citro\u00ebn \u00eb-Jumpy\",\"e-commerce\",\"el\u00e9trico\",\"ESG\",\"frota\",\"log\u00edstica\",\"Mercado Livre\",\"sustentabilidade\"],\"articleSection\":[\"Not\u00edcias\"],\"inLanguage\":\"pt-BR\",\"potentialAction\":[{\"@type\":\"CommentAction\",\"name\":\"Comment\",\"target\":[\"https:\\\/\\\/www.cidademarketing.com.br\\\/marketing\\\/2024\\\/08\\\/11\\\/mercado-livre-e-citroen-unem-forcas-em-estrategia-sustentavel-com-frota-eletrica\\\/#respond\"]}]},{\"@type\":\"WebPage\",\"@id\":\"https:\\\/\\\/www.cidademarketing.com.br\\\/marketing\\\/2024\\\/08\\\/11\\\/mercado-livre-e-citroen-unem-forcas-em-estrategia-sustentavel-com-frota-eletrica\\\/\",\"url\":\"https:\\\/\\\/www.cidademarketing.com.br\\\/marketing\\\/2024\\\/08\\\/11\\\/mercado-livre-e-citroen-unem-forcas-em-estrategia-sustentavel-com-frota-eletrica\\\/\",\"name\":\"Mercado Livre e Citro\u00ebn unem for\u00e7as em estrat\u00e9gia sustent\u00e1vel com frota el\u00e9trica - CidadeMarketing\",\"isPartOf\":{\"@id\":\"https:\\\/\\\/www.cidademarketing.com.br\\\/marketing\\\/#website\"},\"primaryImageOfPage\":{\"@id\":\"https:\\\/\\\/www.cidademarketing.com.br\\\/marketing\\\/2024\\\/08\\\/11\\\/mercado-livre-e-citroen-unem-forcas-em-estrategia-sustentavel-com-frota-eletrica\\\/#primaryimage\"},\"image\":{\"@id\":\"https:\\\/\\\/www.cidademarketing.com.br\\\/marketing\\\/2024\\\/08\\\/11\\\/mercado-livre-e-citroen-unem-forcas-em-estrategia-sustentavel-com-frota-eletrica\\\/#primaryimage\"},\"thumbnailUrl\":\"https:\\\/\\\/www.cidademarketing.com.br\\\/marketing\\\/wp-content\\\/uploads\\\/2024\\\/08\\\/citroen_e_jumpy_mercadolivre.webp\",\"datePublished\":\"2024-08-11T03:36:39+00:00\",\"breadcrumb\":{\"@id\":\"https:\\\/\\\/www.cidademarketing.com.br\\\/marketing\\\/2024\\\/08\\\/11\\\/mercado-livre-e-citroen-unem-forcas-em-estrategia-sustentavel-com-frota-eletrica\\\/#breadcrumb\"},\"inLanguage\":\"pt-BR\",\"potentialAction\":[{\"@type\":\"ReadAction\",\"target\":[\"https:\\\/\\\/www.cidademarketing.com.br\\\/marketing\\\/2024\\\/08\\\/11\\\/mercado-livre-e-citroen-unem-forcas-em-estrategia-sustentavel-com-frota-eletrica\\\/\"]}]},{\"@type\":\"ImageObject\",\"inLanguage\":\"pt-BR\",\"@id\":\"https:\\\/\\\/www.cidademarketing.com.br\\\/marketing\\\/2024\\\/08\\\/11\\\/mercado-livre-e-citroen-unem-forcas-em-estrategia-sustentavel-com-frota-eletrica\\\/#primaryimage\",\"url\":\"https:\\\/\\\/www.cidademarketing.com.br\\\/marketing\\\/wp-content\\\/uploads\\\/2024\\\/08\\\/citroen_e_jumpy_mercadolivre.webp\",\"contentUrl\":\"https:\\\/\\\/www.cidademarketing.com.br\\\/marketing\\\/wp-content\\\/uploads\\\/2024\\\/08\\\/citroen_e_jumpy_mercadolivre.webp\",\"width\":1002,\"height\":554,\"caption\":\"Divulga\u00e7\u00e3o\"},{\"@type\":\"BreadcrumbList\",\"@id\":\"https:\\\/\\\/www.cidademarketing.com.br\\\/marketing\\\/2024\\\/08\\\/11\\\/mercado-livre-e-citroen-unem-forcas-em-estrategia-sustentavel-com-frota-eletrica\\\/#breadcrumb\",\"itemListElement\":[{\"@type\":\"ListItem\",\"position\":1,\"name\":\"In\u00edcio\",\"item\":\"https:\\\/\\\/www.cidademarketing.com.br\\\/marketing\\\/\"},{\"@type\":\"ListItem\",\"position\":2,\"name\":\"Mercado Livre e Citro\u00ebn unem for\u00e7as em estrat\u00e9gia sustent\u00e1vel com frota el\u00e9trica\"}]},{\"@type\":\"WebSite\",\"@id\":\"https:\\\/\\\/www.cidademarketing.com.br\\\/marketing\\\/#website\",\"url\":\"https:\\\/\\\/www.cidademarketing.com.br\\\/marketing\\\/\",\"name\":\"CidadeMarketing\",\"description\":\"Somos um ve\u00edculo de comunica\u00e7\u00e3o de destaque no Brasil, reconhecido por conte\u00fados nos segmentos de marketing, empreendedorismo e inova\u00e7\u00e3o.\",\"publisher\":{\"@id\":\"https:\\\/\\\/www.cidademarketing.com.br\\\/marketing\\\/#organization\"},\"alternateName\":\"CidadeMarketing\",\"potentialAction\":[{\"@type\":\"SearchAction\",\"target\":{\"@type\":\"EntryPoint\",\"urlTemplate\":\"https:\\\/\\\/www.cidademarketing.com.br\\\/marketing\\\/?s={search_term_string}\"},\"query-input\":{\"@type\":\"PropertyValueSpecification\",\"valueRequired\":true,\"valueName\":\"search_term_string\"}}],\"inLanguage\":\"pt-BR\"},{\"@type\":\"Organization\",\"@id\":\"https:\\\/\\\/www.cidademarketing.com.br\\\/marketing\\\/#organization\",\"name\":\"CidadeMarketing\",\"alternateName\":\"CidadeMarketing\",\"url\":\"https:\\\/\\\/www.cidademarketing.com.br\\\/marketing\\\/\",\"logo\":{\"@type\":\"ImageObject\",\"inLanguage\":\"pt-BR\",\"@id\":\"https:\\\/\\\/www.cidademarketing.com.br\\\/marketing\\\/#\\\/schema\\\/logo\\\/image\\\/\",\"url\":\"https:\\\/\\\/www.cidademarketing.com.br\\\/marketing\\\/wp-content\\\/uploads\\\/2020\\\/01\\\/cidademarketing_marca_mobile.png\",\"contentUrl\":\"https:\\\/\\\/www.cidademarketing.com.br\\\/marketing\\\/wp-content\\\/uploads\\\/2020\\\/01\\\/cidademarketing_marca_mobile.png\",\"width\":230,\"height\":92,\"caption\":\"CidadeMarketing\"},\"image\":{\"@id\":\"https:\\\/\\\/www.cidademarketing.com.br\\\/marketing\\\/#\\\/schema\\\/logo\\\/image\\\/\"},\"sameAs\":[\"https:\\\/\\\/www.facebook.com\\\/portalcidademarketing\",\"https:\\\/\\\/x.com\\\/CidadeMarketing\",\"https:\\\/\\\/www.instagram.com\\\/cidademarketing\\\/\"]},{\"@type\":\"Person\",\"@id\":\"https:\\\/\\\/www.cidademarketing.com.br\\\/marketing\\\/#\\\/schema\\\/person\\\/02daff9f18bd9378c9e01eb6b2db155f\",\"name\":\"Thales Brand\u00e3o\",\"image\":{\"@type\":\"ImageObject\",\"inLanguage\":\"pt-BR\",\"@id\":\"https:\\\/\\\/secure.gravatar.com\\\/avatar\\\/7ca3206950207cc3cb48feec56a8a7898741ab725c368d99d5d7a5a50aab80c6?s=96&d=mm&r=g\",\"url\":\"https:\\\/\\\/secure.gravatar.com\\\/avatar\\\/7ca3206950207cc3cb48feec56a8a7898741ab725c368d99d5d7a5a50aab80c6?s=96&d=mm&r=g\",\"contentUrl\":\"https:\\\/\\\/secure.gravatar.com\\\/avatar\\\/7ca3206950207cc3cb48feec56a8a7898741ab725c368d99d5d7a5a50aab80c6?s=96&d=mm&r=g\",\"caption\":\"Thales Brand\u00e3o\"},\"description\":\"Editor Executivo do Portal CidadeMarketing.com.br &gt; Mestre em Comunica\u00e7\u00e3o e Sociedade pela Universidade Federal de Sergipe. Possui MBA Executivo em Administra\u00e7\u00e3o com \u00eanfase em Marketing pela Funda\u00e7\u00e3o Get\u00falio Vargas - Rio de Janeiro. Consultor, Palestrante e Pesquisador sobre Empreendedorismo, Marketing, Redes Sociais e Neg\u00f3cios Digitais. Professor, Palestrante TedxTalks e Campus Party. Twitter: @ThalesBrandao\",\"sameAs\":[\"http:\\\/\\\/www.mandacaru.com.br\",\"https:\\\/\\\/www.facebook.com\\\/thalesbrandao\",\"http:\\\/\\\/www.instagram.com.br\\\/thalesbrandaoferreira\",\"https:\\\/\\\/www.linkedin.com\\\/in\\\/thales-brand\u00e3o-3948609\\\/\",\"https:\\\/\\\/x.com\\\/http:\\\/\\\/www.twitter.com\\\/thalesbrandao\"],\"url\":\"https:\\\/\\\/www.cidademarketing.com.br\\\/marketing\\\/author\\\/thalesbrandao\\\/\"}]}<\/script>\n<!-- \/ Yoast SEO plugin. -->","yoast_head_json":{"title":"Mercado Livre e Citro\u00ebn unem for\u00e7as em estrat\u00e9gia sustent\u00e1vel com frota el\u00e9trica - CidadeMarketing","robots":{"index":"index","follow":"follow","max-snippet":"max-snippet:-1","max-image-preview":"max-image-preview:large","max-video-preview":"max-video-preview:-1"},"canonical":"https:\/\/www.cidademarketing.com.br\/marketing\/2024\/08\/11\/mercado-livre-e-citroen-unem-forcas-em-estrategia-sustentavel-com-frota-eletrica\/","og_locale":"pt_BR","og_type":"article","og_title":"Mercado Livre e Citro\u00ebn unem for\u00e7as em estrat\u00e9gia sustent\u00e1vel com frota el\u00e9trica - CidadeMarketing","og_description":"O Mercado Livre, l\u00edder em e-commerce e servi\u00e7os financeiros na Am\u00e9rica Latina, deu mais um passo rumo \u00e0 sustentabilidade ao integrar o Citro\u00ebn \u00eb-Jumpy el\u00e9trico \u00e0 sua frota. Essa decis\u00e3o \u00e9 parte da estrat\u00e9gia da empresa para reduzir impactos socioambientais, alinhando efici\u00eancia, economia e sustentabilidade em suas opera\u00e7\u00f5es log\u00edsticas. O crescimento do e-commerce trouxe consigo [&hellip;]","og_url":"https:\/\/www.cidademarketing.com.br\/marketing\/2024\/08\/11\/mercado-livre-e-citroen-unem-forcas-em-estrategia-sustentavel-com-frota-eletrica\/","og_site_name":"CidadeMarketing","article_publisher":"https:\/\/www.facebook.com\/portalcidademarketing","article_author":"https:\/\/www.facebook.com\/thalesbrandao","article_published_time":"2024-08-11T03:36:39+00:00","og_image":[{"width":1002,"height":554,"url":"https:\/\/www.cidademarketing.com.br\/marketing\/wp-content\/uploads\/2024\/08\/citroen_e_jumpy_mercadolivre.webp","type":"image\/webp"}],"author":"Thales Brand\u00e3o","twitter_card":"summary_large_image","twitter_creator":"@http:\/\/www.twitter.com\/thalesbrandao","twitter_site":"@CidadeMarketing","twitter_misc":{"Escrito por":"Thales Brand\u00e3o","Est. tempo de leitura":"2 minutos"},"schema":{"@context":"https:\/\/schema.org","@graph":[{"@type":"Article","@id":"https:\/\/www.cidademarketing.com.br\/marketing\/2024\/08\/11\/mercado-livre-e-citroen-unem-forcas-em-estrategia-sustentavel-com-frota-eletrica\/#article","isPartOf":{"@id":"https:\/\/www.cidademarketing.com.br\/marketing\/2024\/08\/11\/mercado-livre-e-citroen-unem-forcas-em-estrategia-sustentavel-com-frota-eletrica\/"},"author":{"name":"Thales Brand\u00e3o","@id":"https:\/\/www.cidademarketing.com.br\/marketing\/#\/schema\/person\/02daff9f18bd9378c9e01eb6b2db155f"},"headline":"Mercado Livre e Citro\u00ebn unem for\u00e7as em estrat\u00e9gia sustent\u00e1vel com frota el\u00e9trica","datePublished":"2024-08-11T03:36:39+00:00","mainEntityOfPage":{"@id":"https:\/\/www.cidademarketing.com.br\/marketing\/2024\/08\/11\/mercado-livre-e-citroen-unem-forcas-em-estrategia-sustentavel-com-frota-eletrica\/"},"wordCount":356,"commentCount":0,"publisher":{"@id":"https:\/\/www.cidademarketing.com.br\/marketing\/#organization"},"image":{"@id":"https:\/\/www.cidademarketing.com.br\/marketing\/2024\/08\/11\/mercado-livre-e-citroen-unem-forcas-em-estrategia-sustentavel-com-frota-eletrica\/#primaryimage"},"thumbnailUrl":"https:\/\/www.cidademarketing.com.br\/marketing\/wp-content\/uploads\/2024\/08\/citroen_e_jumpy_mercadolivre.webp","keywords":["Citr\u00f6en","Citro\u00ebn \u00eb-Jumpy","e-commerce","el\u00e9trico","ESG","frota","log\u00edstica","Mercado Livre","sustentabilidade"],"articleSection":["Not\u00edcias"],"inLanguage":"pt-BR","potentialAction":[{"@type":"CommentAction","name":"Comment","target":["https:\/\/www.cidademarketing.com.br\/marketing\/2024\/08\/11\/mercado-livre-e-citroen-unem-forcas-em-estrategia-sustentavel-com-frota-eletrica\/#respond"]}]},{"@type":"WebPage","@id":"https:\/\/www.cidademarketing.com.br\/marketing\/2024\/08\/11\/mercado-livre-e-citroen-unem-forcas-em-estrategia-sustentavel-com-frota-eletrica\/","url":"https:\/\/www.cidademarketing.com.br\/marketing\/2024\/08\/11\/mercado-livre-e-citroen-unem-forcas-em-estrategia-sustentavel-com-frota-eletrica\/","name":"Mercado Livre e Citro\u00ebn unem for\u00e7as em estrat\u00e9gia sustent\u00e1vel com frota el\u00e9trica - CidadeMarketing","isPartOf":{"@id":"https:\/\/www.cidademarketing.com.br\/marketing\/#website"},"primaryImageOfPage":{"@id":"https:\/\/www.cidademarketing.com.br\/marketing\/2024\/08\/11\/mercado-livre-e-citroen-unem-forcas-em-estrategia-sustentavel-com-frota-eletrica\/#primaryimage"},"image":{"@id":"https:\/\/www.cidademarketing.com.br\/marketing\/2024\/08\/11\/mercado-livre-e-citroen-unem-forcas-em-estrategia-sustentavel-com-frota-eletrica\/#primaryimage"},"thumbnailUrl":"https:\/\/www.cidademarketing.com.br\/marketing\/wp-content\/uploads\/2024\/08\/citroen_e_jumpy_mercadolivre.webp","datePublished":"2024-08-11T03:36:39+00:00","breadcrumb":{"@id":"https:\/\/www.cidademarketing.com.br\/marketing\/2024\/08\/11\/mercado-livre-e-citroen-unem-forcas-em-estrategia-sustentavel-com-frota-eletrica\/#breadcrumb"},"inLanguage":"pt-BR","potentialAction":[{"@type":"ReadAction","target":["https:\/\/www.cidademarketing.com.br\/marketing\/2024\/08\/11\/mercado-livre-e-citroen-unem-forcas-em-estrategia-sustentavel-com-frota-eletrica\/"]}]},{"@type":"ImageObject","inLanguage":"pt-BR","@id":"https:\/\/www.cidademarketing.com.br\/marketing\/2024\/08\/11\/mercado-livre-e-citroen-unem-forcas-em-estrategia-sustentavel-com-frota-eletrica\/#primaryimage","url":"https:\/\/www.cidademarketing.com.br\/marketing\/wp-content\/uploads\/2024\/08\/citroen_e_jumpy_mercadolivre.webp","contentUrl":"https:\/\/www.cidademarketing.com.br\/marketing\/wp-content\/uploads\/2024\/08\/citroen_e_jumpy_mercadolivre.webp","width":1002,"height":554,"caption":"Divulga\u00e7\u00e3o"},{"@type":"BreadcrumbList","@id":"https:\/\/www.cidademarketing.com.br\/marketing\/2024\/08\/11\/mercado-livre-e-citroen-unem-forcas-em-estrategia-sustentavel-com-frota-eletrica\/#breadcrumb","itemListElement":[{"@type":"ListItem","position":1,"name":"In\u00edcio","item":"https:\/\/www.cidademarketing.com.br\/marketing\/"},{"@type":"ListItem","position":2,"name":"Mercado Livre e Citro\u00ebn unem for\u00e7as em estrat\u00e9gia sustent\u00e1vel com frota el\u00e9trica"}]},{"@type":"WebSite","@id":"https:\/\/www.cidademarketing.com.br\/marketing\/#website","url":"https:\/\/www.cidademarketing.com.br\/marketing\/","name":"CidadeMarketing","description":"Somos um ve\u00edculo de comunica\u00e7\u00e3o de destaque no Brasil, reconhecido por conte\u00fados nos segmentos de marketing, empreendedorismo e inova\u00e7\u00e3o.","publisher":{"@id":"https:\/\/www.cidademarketing.com.br\/marketing\/#organization"},"alternateName":"CidadeMarketing","potentialAction":[{"@type":"SearchAction","target":{"@type":"EntryPoint","urlTemplate":"https:\/\/www.cidademarketing.com.br\/marketing\/?s={search_term_string}"},"query-input":{"@type":"PropertyValueSpecification","valueRequired":true,"valueName":"search_term_string"}}],"inLanguage":"pt-BR"},{"@type":"Organization","@id":"https:\/\/www.cidademarketing.com.br\/marketing\/#organization","name":"CidadeMarketing","alternateName":"CidadeMarketing","url":"https:\/\/www.cidademarketing.com.br\/marketing\/","logo":{"@type":"ImageObject","inLanguage":"pt-BR","@id":"https:\/\/www.cidademarketing.com.br\/marketing\/#\/schema\/logo\/image\/","url":"https:\/\/www.cidademarketing.com.br\/marketing\/wp-content\/uploads\/2020\/01\/cidademarketing_marca_mobile.png","contentUrl":"https:\/\/www.cidademarketing.com.br\/marketing\/wp-content\/uploads\/2020\/01\/cidademarketing_marca_mobile.png","width":230,"height":92,"caption":"CidadeMarketing"},"image":{"@id":"https:\/\/www.cidademarketing.com.br\/marketing\/#\/schema\/logo\/image\/"},"sameAs":["https:\/\/www.facebook.com\/portalcidademarketing","https:\/\/x.com\/CidadeMarketing","https:\/\/www.instagram.com\/cidademarketing\/"]},{"@type":"Person","@id":"https:\/\/www.cidademarketing.com.br\/marketing\/#\/schema\/person\/02daff9f18bd9378c9e01eb6b2db155f","name":"Thales Brand\u00e3o","image":{"@type":"ImageObject","inLanguage":"pt-BR","@id":"https:\/\/secure.gravatar.com\/avatar\/7ca3206950207cc3cb48feec56a8a7898741ab725c368d99d5d7a5a50aab80c6?s=96&d=mm&r=g","url":"https:\/\/secure.gravatar.com\/avatar\/7ca3206950207cc3cb48feec56a8a7898741ab725c368d99d5d7a5a50aab80c6?s=96&d=mm&r=g","contentUrl":"https:\/\/secure.gravatar.com\/avatar\/7ca3206950207cc3cb48feec56a8a7898741ab725c368d99d5d7a5a50aab80c6?s=96&d=mm&r=g","caption":"Thales Brand\u00e3o"},"description":"Editor Executivo do Portal CidadeMarketing.com.br &gt; Mestre em Comunica\u00e7\u00e3o e Sociedade pela Universidade Federal de Sergipe. Possui MBA Executivo em Administra\u00e7\u00e3o com \u00eanfase em Marketing pela Funda\u00e7\u00e3o Get\u00falio Vargas - Rio de Janeiro. Consultor, Palestrante e Pesquisador sobre Empreendedorismo, Marketing, Redes Sociais e Neg\u00f3cios Digitais. Professor, Palestrante TedxTalks e Campus Party. Twitter: @ThalesBrandao","sameAs":["http:\/\/www.mandacaru.com.br","https:\/\/www.facebook.com\/thalesbrandao","http:\/\/www.instagram.com.br\/thalesbrandaoferreira","https:\/\/www.linkedin.com\/in\/thales-brand\u00e3o-3948609\/","https:\/\/x.com\/http:\/\/www.twitter.com\/thalesbrandao"],"url":"https:\/\/www.cidademarketing.com.br\/marketing\/author\/thalesbrandao\/"}]}},"amp_enabled":true,"_links":{"self":[{"href":"https:\/\/www.cidademarketing.com.br\/marketing\/wp-json\/wp\/v2\/posts\/52133","targetHints":{"allow":["GET"]}}],"collection":[{"href":"https:\/\/www.cidademarketing.com.br\/marketing\/wp-json\/wp\/v2\/posts"}],"about":[{"href":"https:\/\/www.cidademarketing.com.br\/marketing\/wp-json\/wp\/v2\/types\/post"}],"author":[{"embeddable":true,"href":"https:\/\/www.cidademarketing.com.br\/marketing\/wp-json\/wp\/v2\/users\/1"}],"replies":[{"embeddable":true,"href":"https:\/\/www.cidademarketing.com.br\/marketing\/wp-json\/wp\/v2\/comments?post=52133"}],"version-history":[{"count":1,"href":"https:\/\/www.cidademarketing.com.br\/marketing\/wp-json\/wp\/v2\/posts\/52133\/revisions"}],"predecessor-version":[{"id":52135,"href":"https:\/\/www.cidademarketing.com.br\/marketing\/wp-json\/wp\/v2\/posts\/52133\/revisions\/52135"}],"wp:featuredmedia":[{"embeddable":true,"href":"https:\/\/www.cidademarketing.com.br\/marketing\/wp-json\/wp\/v2\/media\/52134"}],"wp:attachment":[{"href":"https:\/\/www.cidademarketing.com.br\/marketing\/wp-json\/wp\/v2\/media?parent=52133"}],"wp:term":[{"taxonomy":"category","embeddable":true,"href":"https:\/\/www.cidademarketing.com.br\/marketing\/wp-json\/wp\/v2\/categories?post=52133"},{"taxonomy":"post_tag","embeddable":true,"href":"https:\/\/www.cidademarketing.com.br\/marketing\/wp-json\/wp\/v2\/tags?post=52133"}],"curies":[{"name":"wp","href":"https:\/\/api.w.org\/{rel}","templated":true}]}}