{"id":52115,"date":"2024-08-09T18:34:00","date_gmt":"2024-08-09T21:34:00","guid":{"rendered":"https:\/\/www.cidademarketing.com.br\/marketing\/?p=52115"},"modified":"2024-08-09T18:59:00","modified_gmt":"2024-08-09T21:59:00","slug":"brasil-no-topo-do-podio-duda-e-ana-patricia-garantem-o-ouro-no-volei-de-praia","status":"publish","type":"post","link":"https:\/\/www.cidademarketing.com.br\/marketing\/2024\/08\/09\/brasil-no-topo-do-podio-duda-e-ana-patricia-garantem-o-ouro-no-volei-de-praia\/","title":{"rendered":"Brasil no topo do p\u00f3dio: Duda e Ana Patr\u00edcia garantem o ouro no v\u00f4lei de praia"},"content":{"rendered":"<p>Em uma partida emocionante, a dupla brasileira de v\u00f4lei de praia formada por Duda e Ana Patr\u00edcia conquistou o ouro ol\u00edmpico nos Jogos de Paris 2024. As atletas brasileiras dominaram a final contra as canadenses Melissa e Brandie, garantindo mais uma medalha de ouro para o Brasil no tiebreak.<\/p>\n<p><strong>O dom\u00ednio brasileiro:<\/strong><br \/>\nDuda e Ana Patr\u00edcia mostraram um voleibol de alto n\u00edvel durante toda a competi\u00e7\u00e3o, superando advers\u00e1rias e confirmando o favoritismo. Na final, as brasileiras foram superiores em todos os fundamentos, com bloqueios importantes e ataques precisos.<\/p>\n<p>A conquista do ouro ol\u00edmpico \u00e9 o resultado de muito trabalho e dedica\u00e7\u00e3o das atletas, que v\u00eam construindo uma parceria de sucesso nos \u00faltimos anos. As brasileiras j\u00e1 haviam conquistado diversos t\u00edtulos importantes, como o campeonato mundial, e agora somam o ouro ol\u00edmpico \u00e0 sua brilhante trajet\u00f3ria.<\/p>\n<p>Apesar de ser natural de Aracaju, Duda Lisboa reside em S\u00e3o Crist\u00f3v\u00e3o\/SE. Na bel\u00edssima orla de Aracaju, um tel\u00e3o foi instalado para que os torcedores brasileiros pudessem acompanhar e celebrar esse momento espetacular.<\/p>\n<figure id=\"attachment_52117\" aria-describedby=\"caption-attachment-52117\" style=\"width: 490px\" class=\"wp-caption alignnone\"><img fetchpriority=\"high\" decoding=\"async\" class=\"wp-image-52117 size-full\" src=\"https:\/\/www.cidademarketing.com.br\/marketing\/wp-content\/uploads\/2024\/08\/duda_anapatricia_ouro_olimpiadas.webp\" alt=\"\" width=\"490\" height=\"762\" srcset=\"https:\/\/www.cidademarketing.com.br\/marketing\/wp-content\/uploads\/2024\/08\/duda_anapatricia_ouro_olimpiadas.webp 490w, https:\/\/www.cidademarketing.com.br\/marketing\/wp-content\/uploads\/2024\/08\/duda_anapatricia_ouro_olimpiadas-193x300.webp 193w, https:\/\/www.cidademarketing.com.br\/marketing\/wp-content\/uploads\/2024\/08\/duda_anapatricia_ouro_olimpiadas-270x420.webp 270w\" sizes=\"(max-width: 490px) 100vw, 490px\" \/><figcaption id=\"caption-attachment-52117\" class=\"wp-caption-text\">Reprodu\u00e7\u00e3o\/Instagram<\/figcaption><\/figure>\n<p><strong>Hist\u00f3rico Brasileiro<\/strong><br \/>\nO Brasil \u00e9 uma pot\u00eancia no v\u00f4lei de praia feminino em Jogos Ol\u00edmpicos, acumulando sete medalhas ao longo da hist\u00f3ria. A trajet\u00f3ria vitoriosa come\u00e7ou na estreia da modalidade, quando Sandra Pires e Jaqueline Silva conquistaram o ouro, e M\u00f4nica e Adriana Samuel garantiram a prata. Desde ent\u00e3o, as duplas brasileiras continuaram a brilhar, somando mais tr\u00eas pratas e dois bronzes. Agora, com Ana Patr\u00edcia e Duda, o pa\u00eds alcan\u00e7ou a sua oitava medalha na categoria ouro.<\/p>\n","protected":false},"excerpt":{"rendered":"<p>Em uma partida emocionante, a dupla brasileira de v\u00f4lei de praia formada por Duda e Ana Patr\u00edcia conquistou o ouro ol\u00edmpico nos Jogos de Paris 2024. As atletas brasileiras dominaram a final contra as canadenses Melissa e Brandie, garantindo mais uma medalha de ouro para o Brasil no tiebreak. O dom\u00ednio brasileiro: Duda e Ana [&hellip;]<\/p>\n","protected":false},"author":1,"featured_media":52116,"comment_status":"open","ping_status":"open","sticky":false,"template":"","format":"standard","meta":{"tdm_status":"","tdm_grid_status":"","footnotes":""},"categories":[6],"tags":[7269,7268,33,6953,7193,28,7204,2892,4581,7236,5347,7267],"class_list":["post-52115","post","type-post","status-publish","format-standard","has-post-thumbnail","hentry","category-noticias","tag-ana-patricia","tag-duda","tag-estrategia","tag-jogos-olimpicos-2024","tag-jogos-olimpicos-de-paris-2024","tag-marketing","tag-medalha","tag-olimpiadas","tag-ouro","tag-paris-2024","tag-volei","tag-volei-de-praia"],"yoast_head":"<!-- This site is optimized with the Yoast SEO plugin v27.5 - https:\/\/yoast.com\/product\/yoast-seo-wordpress\/ -->\n<title>Brasil no topo do p\u00f3dio: Duda e Ana Patr\u00edcia garantem o ouro no v\u00f4lei de praia - CidadeMarketing<\/title>\n<meta name=\"robots\" content=\"index, follow, max-snippet:-1, max-image-preview:large, max-video-preview:-1\" \/>\n<link rel=\"canonical\" href=\"https:\/\/www.cidademarketing.com.br\/marketing\/2024\/08\/09\/brasil-no-topo-do-podio-duda-e-ana-patricia-garantem-o-ouro-no-volei-de-praia\/\" \/>\n<meta property=\"og:locale\" content=\"pt_BR\" \/>\n<meta property=\"og:type\" content=\"article\" \/>\n<meta property=\"og:title\" content=\"Brasil no topo do p\u00f3dio: Duda e Ana Patr\u00edcia garantem o ouro no v\u00f4lei de praia - CidadeMarketing\" \/>\n<meta property=\"og:description\" content=\"Em uma partida emocionante, a dupla brasileira de v\u00f4lei de praia formada por Duda e Ana Patr\u00edcia conquistou o ouro ol\u00edmpico nos Jogos de Paris 2024. As atletas brasileiras dominaram a final contra as canadenses Melissa e Brandie, garantindo mais uma medalha de ouro para o Brasil no tiebreak. O dom\u00ednio brasileiro: Duda e Ana [&hellip;]\" \/>\n<meta property=\"og:url\" content=\"https:\/\/www.cidademarketing.com.br\/marketing\/2024\/08\/09\/brasil-no-topo-do-podio-duda-e-ana-patricia-garantem-o-ouro-no-volei-de-praia\/\" \/>\n<meta property=\"og:site_name\" content=\"CidadeMarketing\" \/>\n<meta property=\"article:publisher\" content=\"https:\/\/www.facebook.com\/portalcidademarketing\" \/>\n<meta property=\"article:author\" content=\"https:\/\/www.facebook.com\/thalesbrandao\" \/>\n<meta property=\"article:published_time\" content=\"2024-08-09T21:34:00+00:00\" \/>\n<meta property=\"article:modified_time\" content=\"2024-08-09T21:59:00+00:00\" \/>\n<meta property=\"og:image\" content=\"https:\/\/www.cidademarketing.com.br\/marketing\/wp-content\/uploads\/2024\/08\/duda_anapatricia_voleidepraia_olimpiadas2024.webp\" \/>\n\t<meta property=\"og:image:width\" content=\"476\" \/>\n\t<meta property=\"og:image:height\" content=\"778\" \/>\n\t<meta property=\"og:image:type\" content=\"image\/webp\" \/>\n<meta name=\"author\" content=\"Thales Brand\u00e3o\" \/>\n<meta name=\"twitter:card\" content=\"summary_large_image\" \/>\n<meta name=\"twitter:creator\" content=\"@http:\/\/www.twitter.com\/thalesbrandao\" \/>\n<meta name=\"twitter:site\" content=\"@CidadeMarketing\" \/>\n<meta name=\"twitter:label1\" content=\"Escrito por\" \/>\n\t<meta name=\"twitter:data1\" content=\"Thales Brand\u00e3o\" \/>\n\t<meta name=\"twitter:label2\" content=\"Est. tempo de leitura\" \/>\n\t<meta name=\"twitter:data2\" content=\"1 minuto\" \/>\n<script type=\"application\/ld+json\" class=\"yoast-schema-graph\">{\"@context\":\"https:\\\/\\\/schema.org\",\"@graph\":[{\"@type\":\"Article\",\"@id\":\"https:\\\/\\\/www.cidademarketing.com.br\\\/marketing\\\/2024\\\/08\\\/09\\\/brasil-no-topo-do-podio-duda-e-ana-patricia-garantem-o-ouro-no-volei-de-praia\\\/#article\",\"isPartOf\":{\"@id\":\"https:\\\/\\\/www.cidademarketing.com.br\\\/marketing\\\/2024\\\/08\\\/09\\\/brasil-no-topo-do-podio-duda-e-ana-patricia-garantem-o-ouro-no-volei-de-praia\\\/\"},\"author\":{\"name\":\"Thales Brand\u00e3o\",\"@id\":\"https:\\\/\\\/www.cidademarketing.com.br\\\/marketing\\\/#\\\/schema\\\/person\\\/02daff9f18bd9378c9e01eb6b2db155f\"},\"headline\":\"Brasil no topo do p\u00f3dio: Duda e Ana Patr\u00edcia garantem o ouro no v\u00f4lei de praia\",\"datePublished\":\"2024-08-09T21:34:00+00:00\",\"dateModified\":\"2024-08-09T21:59:00+00:00\",\"mainEntityOfPage\":{\"@id\":\"https:\\\/\\\/www.cidademarketing.com.br\\\/marketing\\\/2024\\\/08\\\/09\\\/brasil-no-topo-do-podio-duda-e-ana-patricia-garantem-o-ouro-no-volei-de-praia\\\/\"},\"wordCount\":304,\"commentCount\":0,\"publisher\":{\"@id\":\"https:\\\/\\\/www.cidademarketing.com.br\\\/marketing\\\/#organization\"},\"image\":{\"@id\":\"https:\\\/\\\/www.cidademarketing.com.br\\\/marketing\\\/2024\\\/08\\\/09\\\/brasil-no-topo-do-podio-duda-e-ana-patricia-garantem-o-ouro-no-volei-de-praia\\\/#primaryimage\"},\"thumbnailUrl\":\"https:\\\/\\\/www.cidademarketing.com.br\\\/marketing\\\/wp-content\\\/uploads\\\/2024\\\/08\\\/duda_anapatricia_voleidepraia_olimpiadas2024.webp\",\"keywords\":[\"Ana Patr\u00edcia\",\"Duda\",\"estrat\u00e9gia\",\"Jogos Ol\u00edmpicos 2024\",\"Jogos Ol\u00edmpicos de Paris 2024\",\"marketing\",\"medalha\",\"olimp\u00edadas\",\"ouro\",\"Paris 2024\",\"V\u00f4lei\",\"V\u00f4lei de Praia\"],\"articleSection\":[\"Not\u00edcias\"],\"inLanguage\":\"pt-BR\",\"potentialAction\":[{\"@type\":\"CommentAction\",\"name\":\"Comment\",\"target\":[\"https:\\\/\\\/www.cidademarketing.com.br\\\/marketing\\\/2024\\\/08\\\/09\\\/brasil-no-topo-do-podio-duda-e-ana-patricia-garantem-o-ouro-no-volei-de-praia\\\/#respond\"]}]},{\"@type\":\"WebPage\",\"@id\":\"https:\\\/\\\/www.cidademarketing.com.br\\\/marketing\\\/2024\\\/08\\\/09\\\/brasil-no-topo-do-podio-duda-e-ana-patricia-garantem-o-ouro-no-volei-de-praia\\\/\",\"url\":\"https:\\\/\\\/www.cidademarketing.com.br\\\/marketing\\\/2024\\\/08\\\/09\\\/brasil-no-topo-do-podio-duda-e-ana-patricia-garantem-o-ouro-no-volei-de-praia\\\/\",\"name\":\"Brasil no topo do p\u00f3dio: Duda e Ana Patr\u00edcia garantem o ouro no v\u00f4lei de praia - CidadeMarketing\",\"isPartOf\":{\"@id\":\"https:\\\/\\\/www.cidademarketing.com.br\\\/marketing\\\/#website\"},\"primaryImageOfPage\":{\"@id\":\"https:\\\/\\\/www.cidademarketing.com.br\\\/marketing\\\/2024\\\/08\\\/09\\\/brasil-no-topo-do-podio-duda-e-ana-patricia-garantem-o-ouro-no-volei-de-praia\\\/#primaryimage\"},\"image\":{\"@id\":\"https:\\\/\\\/www.cidademarketing.com.br\\\/marketing\\\/2024\\\/08\\\/09\\\/brasil-no-topo-do-podio-duda-e-ana-patricia-garantem-o-ouro-no-volei-de-praia\\\/#primaryimage\"},\"thumbnailUrl\":\"https:\\\/\\\/www.cidademarketing.com.br\\\/marketing\\\/wp-content\\\/uploads\\\/2024\\\/08\\\/duda_anapatricia_voleidepraia_olimpiadas2024.webp\",\"datePublished\":\"2024-08-09T21:34:00+00:00\",\"dateModified\":\"2024-08-09T21:59:00+00:00\",\"breadcrumb\":{\"@id\":\"https:\\\/\\\/www.cidademarketing.com.br\\\/marketing\\\/2024\\\/08\\\/09\\\/brasil-no-topo-do-podio-duda-e-ana-patricia-garantem-o-ouro-no-volei-de-praia\\\/#breadcrumb\"},\"inLanguage\":\"pt-BR\",\"potentialAction\":[{\"@type\":\"ReadAction\",\"target\":[\"https:\\\/\\\/www.cidademarketing.com.br\\\/marketing\\\/2024\\\/08\\\/09\\\/brasil-no-topo-do-podio-duda-e-ana-patricia-garantem-o-ouro-no-volei-de-praia\\\/\"]}]},{\"@type\":\"ImageObject\",\"inLanguage\":\"pt-BR\",\"@id\":\"https:\\\/\\\/www.cidademarketing.com.br\\\/marketing\\\/2024\\\/08\\\/09\\\/brasil-no-topo-do-podio-duda-e-ana-patricia-garantem-o-ouro-no-volei-de-praia\\\/#primaryimage\",\"url\":\"https:\\\/\\\/www.cidademarketing.com.br\\\/marketing\\\/wp-content\\\/uploads\\\/2024\\\/08\\\/duda_anapatricia_voleidepraia_olimpiadas2024.webp\",\"contentUrl\":\"https:\\\/\\\/www.cidademarketing.com.br\\\/marketing\\\/wp-content\\\/uploads\\\/2024\\\/08\\\/duda_anapatricia_voleidepraia_olimpiadas2024.webp\",\"width\":476,\"height\":778,\"caption\":\"Duda e Ana Patr\u00edcia em a\u00e7\u00e3o de marketing para Havaianas Reprodu\u00e7\u00e3o\\\/Instagram\"},{\"@type\":\"BreadcrumbList\",\"@id\":\"https:\\\/\\\/www.cidademarketing.com.br\\\/marketing\\\/2024\\\/08\\\/09\\\/brasil-no-topo-do-podio-duda-e-ana-patricia-garantem-o-ouro-no-volei-de-praia\\\/#breadcrumb\",\"itemListElement\":[{\"@type\":\"ListItem\",\"position\":1,\"name\":\"In\u00edcio\",\"item\":\"https:\\\/\\\/www.cidademarketing.com.br\\\/marketing\\\/\"},{\"@type\":\"ListItem\",\"position\":2,\"name\":\"Brasil no topo do p\u00f3dio: Duda e Ana Patr\u00edcia garantem o ouro no v\u00f4lei de praia\"}]},{\"@type\":\"WebSite\",\"@id\":\"https:\\\/\\\/www.cidademarketing.com.br\\\/marketing\\\/#website\",\"url\":\"https:\\\/\\\/www.cidademarketing.com.br\\\/marketing\\\/\",\"name\":\"CidadeMarketing\",\"description\":\"Somos um ve\u00edculo de comunica\u00e7\u00e3o de destaque no Brasil, reconhecido por conte\u00fados nos segmentos de marketing, empreendedorismo e inova\u00e7\u00e3o.\",\"publisher\":{\"@id\":\"https:\\\/\\\/www.cidademarketing.com.br\\\/marketing\\\/#organization\"},\"alternateName\":\"CidadeMarketing\",\"potentialAction\":[{\"@type\":\"SearchAction\",\"target\":{\"@type\":\"EntryPoint\",\"urlTemplate\":\"https:\\\/\\\/www.cidademarketing.com.br\\\/marketing\\\/?s={search_term_string}\"},\"query-input\":{\"@type\":\"PropertyValueSpecification\",\"valueRequired\":true,\"valueName\":\"search_term_string\"}}],\"inLanguage\":\"pt-BR\"},{\"@type\":\"Organization\",\"@id\":\"https:\\\/\\\/www.cidademarketing.com.br\\\/marketing\\\/#organization\",\"name\":\"CidadeMarketing\",\"alternateName\":\"CidadeMarketing\",\"url\":\"https:\\\/\\\/www.cidademarketing.com.br\\\/marketing\\\/\",\"logo\":{\"@type\":\"ImageObject\",\"inLanguage\":\"pt-BR\",\"@id\":\"https:\\\/\\\/www.cidademarketing.com.br\\\/marketing\\\/#\\\/schema\\\/logo\\\/image\\\/\",\"url\":\"https:\\\/\\\/www.cidademarketing.com.br\\\/marketing\\\/wp-content\\\/uploads\\\/2020\\\/01\\\/cidademarketing_marca_mobile.png\",\"contentUrl\":\"https:\\\/\\\/www.cidademarketing.com.br\\\/marketing\\\/wp-content\\\/uploads\\\/2020\\\/01\\\/cidademarketing_marca_mobile.png\",\"width\":230,\"height\":92,\"caption\":\"CidadeMarketing\"},\"image\":{\"@id\":\"https:\\\/\\\/www.cidademarketing.com.br\\\/marketing\\\/#\\\/schema\\\/logo\\\/image\\\/\"},\"sameAs\":[\"https:\\\/\\\/www.facebook.com\\\/portalcidademarketing\",\"https:\\\/\\\/x.com\\\/CidadeMarketing\",\"https:\\\/\\\/www.instagram.com\\\/cidademarketing\\\/\"]},{\"@type\":\"Person\",\"@id\":\"https:\\\/\\\/www.cidademarketing.com.br\\\/marketing\\\/#\\\/schema\\\/person\\\/02daff9f18bd9378c9e01eb6b2db155f\",\"name\":\"Thales Brand\u00e3o\",\"image\":{\"@type\":\"ImageObject\",\"inLanguage\":\"pt-BR\",\"@id\":\"https:\\\/\\\/secure.gravatar.com\\\/avatar\\\/7ca3206950207cc3cb48feec56a8a7898741ab725c368d99d5d7a5a50aab80c6?s=96&d=mm&r=g\",\"url\":\"https:\\\/\\\/secure.gravatar.com\\\/avatar\\\/7ca3206950207cc3cb48feec56a8a7898741ab725c368d99d5d7a5a50aab80c6?s=96&d=mm&r=g\",\"contentUrl\":\"https:\\\/\\\/secure.gravatar.com\\\/avatar\\\/7ca3206950207cc3cb48feec56a8a7898741ab725c368d99d5d7a5a50aab80c6?s=96&d=mm&r=g\",\"caption\":\"Thales Brand\u00e3o\"},\"description\":\"Editor Executivo do Portal CidadeMarketing.com.br &gt; Mestre em Comunica\u00e7\u00e3o e Sociedade pela Universidade Federal de Sergipe. Possui MBA Executivo em Administra\u00e7\u00e3o com \u00eanfase em Marketing pela Funda\u00e7\u00e3o Get\u00falio Vargas - Rio de Janeiro. Consultor, Palestrante e Pesquisador sobre Empreendedorismo, Marketing, Redes Sociais e Neg\u00f3cios Digitais. Professor, Palestrante TedxTalks e Campus Party. Twitter: @ThalesBrandao\",\"sameAs\":[\"http:\\\/\\\/www.mandacaru.com.br\",\"https:\\\/\\\/www.facebook.com\\\/thalesbrandao\",\"http:\\\/\\\/www.instagram.com.br\\\/thalesbrandaoferreira\",\"https:\\\/\\\/www.linkedin.com\\\/in\\\/thales-brand\u00e3o-3948609\\\/\",\"https:\\\/\\\/x.com\\\/http:\\\/\\\/www.twitter.com\\\/thalesbrandao\"],\"url\":\"https:\\\/\\\/www.cidademarketing.com.br\\\/marketing\\\/author\\\/thalesbrandao\\\/\"}]}<\/script>\n<!-- \/ Yoast SEO plugin. -->","yoast_head_json":{"title":"Brasil no topo do p\u00f3dio: Duda e Ana Patr\u00edcia garantem o ouro no v\u00f4lei de praia - CidadeMarketing","robots":{"index":"index","follow":"follow","max-snippet":"max-snippet:-1","max-image-preview":"max-image-preview:large","max-video-preview":"max-video-preview:-1"},"canonical":"https:\/\/www.cidademarketing.com.br\/marketing\/2024\/08\/09\/brasil-no-topo-do-podio-duda-e-ana-patricia-garantem-o-ouro-no-volei-de-praia\/","og_locale":"pt_BR","og_type":"article","og_title":"Brasil no topo do p\u00f3dio: Duda e Ana Patr\u00edcia garantem o ouro no v\u00f4lei de praia - CidadeMarketing","og_description":"Em uma partida emocionante, a dupla brasileira de v\u00f4lei de praia formada por Duda e Ana Patr\u00edcia conquistou o ouro ol\u00edmpico nos Jogos de Paris 2024. As atletas brasileiras dominaram a final contra as canadenses Melissa e Brandie, garantindo mais uma medalha de ouro para o Brasil no tiebreak. O dom\u00ednio brasileiro: Duda e Ana [&hellip;]","og_url":"https:\/\/www.cidademarketing.com.br\/marketing\/2024\/08\/09\/brasil-no-topo-do-podio-duda-e-ana-patricia-garantem-o-ouro-no-volei-de-praia\/","og_site_name":"CidadeMarketing","article_publisher":"https:\/\/www.facebook.com\/portalcidademarketing","article_author":"https:\/\/www.facebook.com\/thalesbrandao","article_published_time":"2024-08-09T21:34:00+00:00","article_modified_time":"2024-08-09T21:59:00+00:00","og_image":[{"width":476,"height":778,"url":"https:\/\/www.cidademarketing.com.br\/marketing\/wp-content\/uploads\/2024\/08\/duda_anapatricia_voleidepraia_olimpiadas2024.webp","type":"image\/webp"}],"author":"Thales Brand\u00e3o","twitter_card":"summary_large_image","twitter_creator":"@http:\/\/www.twitter.com\/thalesbrandao","twitter_site":"@CidadeMarketing","twitter_misc":{"Escrito por":"Thales Brand\u00e3o","Est. tempo de leitura":"1 minuto"},"schema":{"@context":"https:\/\/schema.org","@graph":[{"@type":"Article","@id":"https:\/\/www.cidademarketing.com.br\/marketing\/2024\/08\/09\/brasil-no-topo-do-podio-duda-e-ana-patricia-garantem-o-ouro-no-volei-de-praia\/#article","isPartOf":{"@id":"https:\/\/www.cidademarketing.com.br\/marketing\/2024\/08\/09\/brasil-no-topo-do-podio-duda-e-ana-patricia-garantem-o-ouro-no-volei-de-praia\/"},"author":{"name":"Thales Brand\u00e3o","@id":"https:\/\/www.cidademarketing.com.br\/marketing\/#\/schema\/person\/02daff9f18bd9378c9e01eb6b2db155f"},"headline":"Brasil no topo do p\u00f3dio: Duda e Ana Patr\u00edcia garantem o ouro no v\u00f4lei de praia","datePublished":"2024-08-09T21:34:00+00:00","dateModified":"2024-08-09T21:59:00+00:00","mainEntityOfPage":{"@id":"https:\/\/www.cidademarketing.com.br\/marketing\/2024\/08\/09\/brasil-no-topo-do-podio-duda-e-ana-patricia-garantem-o-ouro-no-volei-de-praia\/"},"wordCount":304,"commentCount":0,"publisher":{"@id":"https:\/\/www.cidademarketing.com.br\/marketing\/#organization"},"image":{"@id":"https:\/\/www.cidademarketing.com.br\/marketing\/2024\/08\/09\/brasil-no-topo-do-podio-duda-e-ana-patricia-garantem-o-ouro-no-volei-de-praia\/#primaryimage"},"thumbnailUrl":"https:\/\/www.cidademarketing.com.br\/marketing\/wp-content\/uploads\/2024\/08\/duda_anapatricia_voleidepraia_olimpiadas2024.webp","keywords":["Ana Patr\u00edcia","Duda","estrat\u00e9gia","Jogos Ol\u00edmpicos 2024","Jogos Ol\u00edmpicos de Paris 2024","marketing","medalha","olimp\u00edadas","ouro","Paris 2024","V\u00f4lei","V\u00f4lei de Praia"],"articleSection":["Not\u00edcias"],"inLanguage":"pt-BR","potentialAction":[{"@type":"CommentAction","name":"Comment","target":["https:\/\/www.cidademarketing.com.br\/marketing\/2024\/08\/09\/brasil-no-topo-do-podio-duda-e-ana-patricia-garantem-o-ouro-no-volei-de-praia\/#respond"]}]},{"@type":"WebPage","@id":"https:\/\/www.cidademarketing.com.br\/marketing\/2024\/08\/09\/brasil-no-topo-do-podio-duda-e-ana-patricia-garantem-o-ouro-no-volei-de-praia\/","url":"https:\/\/www.cidademarketing.com.br\/marketing\/2024\/08\/09\/brasil-no-topo-do-podio-duda-e-ana-patricia-garantem-o-ouro-no-volei-de-praia\/","name":"Brasil no topo do p\u00f3dio: Duda e Ana Patr\u00edcia garantem o ouro no v\u00f4lei de praia - CidadeMarketing","isPartOf":{"@id":"https:\/\/www.cidademarketing.com.br\/marketing\/#website"},"primaryImageOfPage":{"@id":"https:\/\/www.cidademarketing.com.br\/marketing\/2024\/08\/09\/brasil-no-topo-do-podio-duda-e-ana-patricia-garantem-o-ouro-no-volei-de-praia\/#primaryimage"},"image":{"@id":"https:\/\/www.cidademarketing.com.br\/marketing\/2024\/08\/09\/brasil-no-topo-do-podio-duda-e-ana-patricia-garantem-o-ouro-no-volei-de-praia\/#primaryimage"},"thumbnailUrl":"https:\/\/www.cidademarketing.com.br\/marketing\/wp-content\/uploads\/2024\/08\/duda_anapatricia_voleidepraia_olimpiadas2024.webp","datePublished":"2024-08-09T21:34:00+00:00","dateModified":"2024-08-09T21:59:00+00:00","breadcrumb":{"@id":"https:\/\/www.cidademarketing.com.br\/marketing\/2024\/08\/09\/brasil-no-topo-do-podio-duda-e-ana-patricia-garantem-o-ouro-no-volei-de-praia\/#breadcrumb"},"inLanguage":"pt-BR","potentialAction":[{"@type":"ReadAction","target":["https:\/\/www.cidademarketing.com.br\/marketing\/2024\/08\/09\/brasil-no-topo-do-podio-duda-e-ana-patricia-garantem-o-ouro-no-volei-de-praia\/"]}]},{"@type":"ImageObject","inLanguage":"pt-BR","@id":"https:\/\/www.cidademarketing.com.br\/marketing\/2024\/08\/09\/brasil-no-topo-do-podio-duda-e-ana-patricia-garantem-o-ouro-no-volei-de-praia\/#primaryimage","url":"https:\/\/www.cidademarketing.com.br\/marketing\/wp-content\/uploads\/2024\/08\/duda_anapatricia_voleidepraia_olimpiadas2024.webp","contentUrl":"https:\/\/www.cidademarketing.com.br\/marketing\/wp-content\/uploads\/2024\/08\/duda_anapatricia_voleidepraia_olimpiadas2024.webp","width":476,"height":778,"caption":"Duda e Ana Patr\u00edcia em a\u00e7\u00e3o de marketing para Havaianas Reprodu\u00e7\u00e3o\/Instagram"},{"@type":"BreadcrumbList","@id":"https:\/\/www.cidademarketing.com.br\/marketing\/2024\/08\/09\/brasil-no-topo-do-podio-duda-e-ana-patricia-garantem-o-ouro-no-volei-de-praia\/#breadcrumb","itemListElement":[{"@type":"ListItem","position":1,"name":"In\u00edcio","item":"https:\/\/www.cidademarketing.com.br\/marketing\/"},{"@type":"ListItem","position":2,"name":"Brasil no topo do p\u00f3dio: Duda e Ana Patr\u00edcia garantem o ouro no v\u00f4lei de praia"}]},{"@type":"WebSite","@id":"https:\/\/www.cidademarketing.com.br\/marketing\/#website","url":"https:\/\/www.cidademarketing.com.br\/marketing\/","name":"CidadeMarketing","description":"Somos um ve\u00edculo de comunica\u00e7\u00e3o de destaque no Brasil, reconhecido por conte\u00fados nos segmentos de marketing, empreendedorismo e inova\u00e7\u00e3o.","publisher":{"@id":"https:\/\/www.cidademarketing.com.br\/marketing\/#organization"},"alternateName":"CidadeMarketing","potentialAction":[{"@type":"SearchAction","target":{"@type":"EntryPoint","urlTemplate":"https:\/\/www.cidademarketing.com.br\/marketing\/?s={search_term_string}"},"query-input":{"@type":"PropertyValueSpecification","valueRequired":true,"valueName":"search_term_string"}}],"inLanguage":"pt-BR"},{"@type":"Organization","@id":"https:\/\/www.cidademarketing.com.br\/marketing\/#organization","name":"CidadeMarketing","alternateName":"CidadeMarketing","url":"https:\/\/www.cidademarketing.com.br\/marketing\/","logo":{"@type":"ImageObject","inLanguage":"pt-BR","@id":"https:\/\/www.cidademarketing.com.br\/marketing\/#\/schema\/logo\/image\/","url":"https:\/\/www.cidademarketing.com.br\/marketing\/wp-content\/uploads\/2020\/01\/cidademarketing_marca_mobile.png","contentUrl":"https:\/\/www.cidademarketing.com.br\/marketing\/wp-content\/uploads\/2020\/01\/cidademarketing_marca_mobile.png","width":230,"height":92,"caption":"CidadeMarketing"},"image":{"@id":"https:\/\/www.cidademarketing.com.br\/marketing\/#\/schema\/logo\/image\/"},"sameAs":["https:\/\/www.facebook.com\/portalcidademarketing","https:\/\/x.com\/CidadeMarketing","https:\/\/www.instagram.com\/cidademarketing\/"]},{"@type":"Person","@id":"https:\/\/www.cidademarketing.com.br\/marketing\/#\/schema\/person\/02daff9f18bd9378c9e01eb6b2db155f","name":"Thales Brand\u00e3o","image":{"@type":"ImageObject","inLanguage":"pt-BR","@id":"https:\/\/secure.gravatar.com\/avatar\/7ca3206950207cc3cb48feec56a8a7898741ab725c368d99d5d7a5a50aab80c6?s=96&d=mm&r=g","url":"https:\/\/secure.gravatar.com\/avatar\/7ca3206950207cc3cb48feec56a8a7898741ab725c368d99d5d7a5a50aab80c6?s=96&d=mm&r=g","contentUrl":"https:\/\/secure.gravatar.com\/avatar\/7ca3206950207cc3cb48feec56a8a7898741ab725c368d99d5d7a5a50aab80c6?s=96&d=mm&r=g","caption":"Thales Brand\u00e3o"},"description":"Editor Executivo do Portal CidadeMarketing.com.br &gt; Mestre em Comunica\u00e7\u00e3o e Sociedade pela Universidade Federal de Sergipe. Possui MBA Executivo em Administra\u00e7\u00e3o com \u00eanfase em Marketing pela Funda\u00e7\u00e3o Get\u00falio Vargas - Rio de Janeiro. Consultor, Palestrante e Pesquisador sobre Empreendedorismo, Marketing, Redes Sociais e Neg\u00f3cios Digitais. Professor, Palestrante TedxTalks e Campus Party. Twitter: @ThalesBrandao","sameAs":["http:\/\/www.mandacaru.com.br","https:\/\/www.facebook.com\/thalesbrandao","http:\/\/www.instagram.com.br\/thalesbrandaoferreira","https:\/\/www.linkedin.com\/in\/thales-brand\u00e3o-3948609\/","https:\/\/x.com\/http:\/\/www.twitter.com\/thalesbrandao"],"url":"https:\/\/www.cidademarketing.com.br\/marketing\/author\/thalesbrandao\/"}]}},"amp_enabled":true,"_links":{"self":[{"href":"https:\/\/www.cidademarketing.com.br\/marketing\/wp-json\/wp\/v2\/posts\/52115","targetHints":{"allow":["GET"]}}],"collection":[{"href":"https:\/\/www.cidademarketing.com.br\/marketing\/wp-json\/wp\/v2\/posts"}],"about":[{"href":"https:\/\/www.cidademarketing.com.br\/marketing\/wp-json\/wp\/v2\/types\/post"}],"author":[{"embeddable":true,"href":"https:\/\/www.cidademarketing.com.br\/marketing\/wp-json\/wp\/v2\/users\/1"}],"replies":[{"embeddable":true,"href":"https:\/\/www.cidademarketing.com.br\/marketing\/wp-json\/wp\/v2\/comments?post=52115"}],"version-history":[{"count":2,"href":"https:\/\/www.cidademarketing.com.br\/marketing\/wp-json\/wp\/v2\/posts\/52115\/revisions"}],"predecessor-version":[{"id":52119,"href":"https:\/\/www.cidademarketing.com.br\/marketing\/wp-json\/wp\/v2\/posts\/52115\/revisions\/52119"}],"wp:featuredmedia":[{"embeddable":true,"href":"https:\/\/www.cidademarketing.com.br\/marketing\/wp-json\/wp\/v2\/media\/52116"}],"wp:attachment":[{"href":"https:\/\/www.cidademarketing.com.br\/marketing\/wp-json\/wp\/v2\/media?parent=52115"}],"wp:term":[{"taxonomy":"category","embeddable":true,"href":"https:\/\/www.cidademarketing.com.br\/marketing\/wp-json\/wp\/v2\/categories?post=52115"},{"taxonomy":"post_tag","embeddable":true,"href":"https:\/\/www.cidademarketing.com.br\/marketing\/wp-json\/wp\/v2\/tags?post=52115"}],"curies":[{"name":"wp","href":"https:\/\/api.w.org\/{rel}","templated":true}]}}