{"id":51987,"date":"2024-07-26T10:11:33","date_gmt":"2024-07-26T13:11:33","guid":{"rendered":"https:\/\/www.cidademarketing.com.br\/marketing\/?p=51987"},"modified":"2024-07-26T10:13:35","modified_gmt":"2024-07-26T13:13:35","slug":"confira-os-detalhes-do-uniforme-dos-atletas-do-brasil-na-cerimonia-de-abertura-dos-jogos-olimpicos-de-paris-2024","status":"publish","type":"post","link":"https:\/\/www.cidademarketing.com.br\/marketing\/2024\/07\/26\/confira-os-detalhes-do-uniforme-dos-atletas-do-brasil-na-cerimonia-de-abertura-dos-jogos-olimpicos-de-paris-2024\/","title":{"rendered":"Confira os detalhes do uniforme dos atletas do Brasil na cerim\u00f4nia de abertura dos Jogos Ol\u00edmpicos de Paris 2024"},"content":{"rendered":"<p>Nesta sexta-feira (26), \u00e0s 14h30 (hor\u00e1rio de Bras\u00edlia), a cerim\u00f4nia de abertura das Olimp\u00edadas de Paris 2024 ser\u00e1 marcada por um desfile inovador no Rio Sena. Este evento muito aguardado dar\u00e1 \u00e0s delega\u00e7\u00f5es a oportunidade de apresentar seus uniformes especiais, planejados e desenhados meticulosamente ao longo dos anos para essa ocasi\u00e3o \u00fanica.<\/p>\n<p>Os atletas brasileiros estar\u00e3o prontos para desfilar com a bandeira, as cores e os elementos da cultura nacional na <a href=\"https:\/\/olympics.com\/pt\/paris-2024\/os-jogos\/cerimonias\/cerimonia-de-abertura\" target=\"_blank\" rel=\"noopener\">Cerim\u00f4nia de Abertura dos Jogos Ol\u00edmpicos Paris 2024<\/a>. Vestindo uniformes especialmente idealizados, desenhados e produzidos para representar a rica fauna e flora brasileiras, os atletas da delega\u00e7\u00e3o receberam kits que combinam pe\u00e7as pr\u00e1ticas e leves com materiais dur\u00e1veis e reaproveit\u00e1veis. Os uniformes foram desenhados e produzidos pela marca <a href=\"https:\/\/www.instagram.com\/p\/C8VgH1puLpY\/\" target=\"_blank\" rel=\"noopener\">Riachuelo<\/a>.<\/p>\n<figure id=\"attachment_51991\" aria-describedby=\"caption-attachment-51991\" style=\"width: 478px\" class=\"wp-caption alignnone\"><img fetchpriority=\"high\" decoding=\"async\" class=\"wp-image-51991 size-full\" src=\"https:\/\/www.cidademarketing.com.br\/marketing\/wp-content\/uploads\/2024\/07\/uniforme_olimpiadas_brasil_paris_2024_02.webp\" alt=\"\" width=\"478\" height=\"710\" srcset=\"https:\/\/www.cidademarketing.com.br\/marketing\/wp-content\/uploads\/2024\/07\/uniforme_olimpiadas_brasil_paris_2024_02.webp 478w, https:\/\/www.cidademarketing.com.br\/marketing\/wp-content\/uploads\/2024\/07\/uniforme_olimpiadas_brasil_paris_2024_02-202x300.webp 202w, https:\/\/www.cidademarketing.com.br\/marketing\/wp-content\/uploads\/2024\/07\/uniforme_olimpiadas_brasil_paris_2024_02-283x420.webp 283w\" sizes=\"(max-width: 478px) 100vw, 478px\" \/><figcaption id=\"caption-attachment-51991\" class=\"wp-caption-text\">Divulga\u00e7\u00e3o<\/figcaption><\/figure>\n<p>Produzidos em Natal, no Rio Grande do Norte, cada item do uniforme foi desenvolvido seguindo um processo de confec\u00e7\u00e3o sustent\u00e1vel e artesanal, alinhado ao compromisso desta edi\u00e7\u00e3o dos Jogos Ol\u00edmpicos com a preserva\u00e7\u00e3o ambiental e a sustentabilidade. Um destaque especial vai para os bordados das jaquetas jeans, que apresentam figuras representativas da fauna t\u00edpica nacional, como tigres, tucanos e araras multicoloridas. Estes bordados foram criados pelas habilidosas bordadeiras de Timba\u00faba dos Batistas, utilizando tecido reciclado e desfibrado, seguindo a tradi\u00e7\u00e3o do bordado potiguar que \u00e9 transmitida de gera\u00e7\u00e3o em gera\u00e7\u00e3o.<\/p>\n<p><strong>Detalhes da Cerim\u00f4nia de Abertura:<\/strong><br \/>\nA Cerim\u00f4nia de Abertura come\u00e7a \u00e0s 14h30 (hor\u00e1rio de Bras\u00edlia) e tem previs\u00e3o de encerramento \u00e0s 18h15, com dura\u00e7\u00e3o m\u00ednima de 4 horas e 15 minutos. Pela primeira vez na hist\u00f3ria dos Jogos Ol\u00edmpicos, a cerim\u00f4nia ser\u00e1 realizada ao ar livre, no ic\u00f4nico Rio Sena, ao inv\u00e9s de um est\u00e1dio. Cerca de 10,5 mil atletas desfilar\u00e3o em barcos ao longo de um trajeto de seis quil\u00f4metros, passando por pontos hist\u00f3ricos como a Catedral de Notre-Dame.<\/p>\n<p><strong>Percurso do Desfile:<\/strong><br \/>\nOs 100 barcos partir\u00e3o da ponte de Austerlitz, no leste de Paris, passando pelas ilhas centrais da cidade, \u00cele Saint Louis e \u00cele de la Cit\u00e9. Os atletas desfilar\u00e3o por diversas pontes e port\u00f5es, passando por pontos onde ocorrer\u00e3o os jogos, at\u00e9 chegarem ao Trocad\u00e9ro, onde acontecer\u00e3o os cerimoniais ol\u00edmpicos, tendo a Torre Eiffel como pano de fundo.<\/p>\n<p><strong>Atra\u00e7\u00f5es da Cerim\u00f4nia:<\/strong><br \/>\nEntre as atra\u00e7\u00f5es confirmadas est\u00e1 a popstar francesa Aya Nakamura, com rumores de poss\u00edveis participa\u00e7\u00f5es especiais de C\u00e9line Dion e Lady Gaga.<\/p>\n<p><strong>Porta-bandeiras:<\/strong><br \/>\nAlguns astros est\u00e3o confirmados como porta-bandeiras, incluindo Giannis Antetokounmpo, astro da NBA, para a Gr\u00e9cia, e a dupla LeBron James e Coco Gauff para os Estados Unidos. O Brasil ser\u00e1 representado por Isaquias Queiroz e Raquel Kochhann, que ter\u00e3o a honra de carregar a bandeira nacional.<\/p>\n<p>O evento pode ser assistido ao vivo pelo Youtube na <a href=\"https:\/\/www.youtube.com\/watch?v=Sme2c26jrdU\" target=\"_blank\" rel=\"noopener\">Caz\u00e9TV<\/a> ou na TV Globo, proporcionando aos espectadores a chance de acompanhar cada momento emocionante da cerim\u00f4nia de abertura diretamente de Paris.<\/p>\n","protected":false},"excerpt":{"rendered":"<p>Nesta sexta-feira (26), \u00e0s 14h30 (hor\u00e1rio de Bras\u00edlia), a cerim\u00f4nia de abertura das Olimp\u00edadas de Paris 2024 ser\u00e1 marcada por um desfile inovador no Rio Sena. Este evento muito aguardado dar\u00e1 \u00e0s delega\u00e7\u00f5es a oportunidade de apresentar seus uniformes especiais, planejados e desenhados meticulosamente ao longo dos anos para essa ocasi\u00e3o \u00fanica. Os atletas brasileiros [&hellip;]<\/p>\n","protected":false},"author":1,"featured_media":51988,"comment_status":"open","ping_status":"open","sticky":false,"template":"","format":"standard","meta":{"tdm_status":"","tdm_grid_status":"","footnotes":""},"categories":[6],"tags":[147,7195,223,7193,28,7194,7192,176,2149],"class_list":["post-51987","post","type-post","status-publish","format-standard","has-post-thumbnail","hentry","category-noticias","tag-brasil","tag-cerimonia-de-abertura","tag-design","tag-jogos-olimpicos-de-paris-2024","tag-marketing","tag-moda-sustentavel","tag-olimpiadas-de-paris-2024","tag-sustentabilidade","tag-uniforme"],"yoast_head":"<!-- This site is optimized with the Yoast SEO plugin v27.5 - https:\/\/yoast.com\/product\/yoast-seo-wordpress\/ -->\n<title>Confira os detalhes do uniforme dos atletas do Brasil na cerim\u00f4nia de abertura dos Jogos Ol\u00edmpicos de Paris 2024 - CidadeMarketing<\/title>\n<meta name=\"robots\" content=\"index, follow, max-snippet:-1, max-image-preview:large, max-video-preview:-1\" \/>\n<link rel=\"canonical\" href=\"https:\/\/www.cidademarketing.com.br\/marketing\/2024\/07\/26\/confira-os-detalhes-do-uniforme-dos-atletas-do-brasil-na-cerimonia-de-abertura-dos-jogos-olimpicos-de-paris-2024\/\" \/>\n<meta property=\"og:locale\" content=\"pt_BR\" \/>\n<meta property=\"og:type\" content=\"article\" \/>\n<meta property=\"og:title\" content=\"Confira os detalhes do uniforme dos atletas do Brasil na cerim\u00f4nia de abertura dos Jogos Ol\u00edmpicos de Paris 2024 - CidadeMarketing\" \/>\n<meta property=\"og:description\" content=\"Nesta sexta-feira (26), \u00e0s 14h30 (hor\u00e1rio de Bras\u00edlia), a cerim\u00f4nia de abertura das Olimp\u00edadas de Paris 2024 ser\u00e1 marcada por um desfile inovador no Rio Sena. Este evento muito aguardado dar\u00e1 \u00e0s delega\u00e7\u00f5es a oportunidade de apresentar seus uniformes especiais, planejados e desenhados meticulosamente ao longo dos anos para essa ocasi\u00e3o \u00fanica. Os atletas brasileiros [&hellip;]\" \/>\n<meta property=\"og:url\" content=\"https:\/\/www.cidademarketing.com.br\/marketing\/2024\/07\/26\/confira-os-detalhes-do-uniforme-dos-atletas-do-brasil-na-cerimonia-de-abertura-dos-jogos-olimpicos-de-paris-2024\/\" \/>\n<meta property=\"og:site_name\" content=\"CidadeMarketing\" \/>\n<meta property=\"article:publisher\" content=\"https:\/\/www.facebook.com\/portalcidademarketing\" \/>\n<meta property=\"article:author\" content=\"https:\/\/www.facebook.com\/thalesbrandao\" \/>\n<meta property=\"article:published_time\" content=\"2024-07-26T13:11:33+00:00\" \/>\n<meta property=\"article:modified_time\" content=\"2024-07-26T13:13:35+00:00\" \/>\n<meta property=\"og:image\" content=\"https:\/\/www.cidademarketing.com.br\/marketing\/wp-content\/uploads\/2024\/07\/uniforme_olimpiadas_brasil_paris_2024.webp\" \/>\n\t<meta property=\"og:image:width\" content=\"930\" \/>\n\t<meta property=\"og:image:height\" content=\"515\" \/>\n\t<meta property=\"og:image:type\" content=\"image\/webp\" \/>\n<meta name=\"author\" content=\"Thales Brand\u00e3o\" \/>\n<meta name=\"twitter:card\" content=\"summary_large_image\" \/>\n<meta name=\"twitter:creator\" content=\"@http:\/\/www.twitter.com\/thalesbrandao\" \/>\n<meta name=\"twitter:site\" content=\"@CidadeMarketing\" \/>\n<meta name=\"twitter:label1\" content=\"Escrito por\" \/>\n\t<meta name=\"twitter:data1\" content=\"Thales Brand\u00e3o\" \/>\n\t<meta name=\"twitter:label2\" content=\"Est. tempo de leitura\" \/>\n\t<meta name=\"twitter:data2\" content=\"3 minutos\" \/>\n<script type=\"application\/ld+json\" class=\"yoast-schema-graph\">{\"@context\":\"https:\\\/\\\/schema.org\",\"@graph\":[{\"@type\":\"Article\",\"@id\":\"https:\\\/\\\/www.cidademarketing.com.br\\\/marketing\\\/2024\\\/07\\\/26\\\/confira-os-detalhes-do-uniforme-dos-atletas-do-brasil-na-cerimonia-de-abertura-dos-jogos-olimpicos-de-paris-2024\\\/#article\",\"isPartOf\":{\"@id\":\"https:\\\/\\\/www.cidademarketing.com.br\\\/marketing\\\/2024\\\/07\\\/26\\\/confira-os-detalhes-do-uniforme-dos-atletas-do-brasil-na-cerimonia-de-abertura-dos-jogos-olimpicos-de-paris-2024\\\/\"},\"author\":{\"name\":\"Thales Brand\u00e3o\",\"@id\":\"https:\\\/\\\/www.cidademarketing.com.br\\\/marketing\\\/#\\\/schema\\\/person\\\/02daff9f18bd9378c9e01eb6b2db155f\"},\"headline\":\"Confira os detalhes do uniforme dos atletas do Brasil na cerim\u00f4nia de abertura dos Jogos Ol\u00edmpicos de Paris 2024\",\"datePublished\":\"2024-07-26T13:11:33+00:00\",\"dateModified\":\"2024-07-26T13:13:35+00:00\",\"mainEntityOfPage\":{\"@id\":\"https:\\\/\\\/www.cidademarketing.com.br\\\/marketing\\\/2024\\\/07\\\/26\\\/confira-os-detalhes-do-uniforme-dos-atletas-do-brasil-na-cerimonia-de-abertura-dos-jogos-olimpicos-de-paris-2024\\\/\"},\"wordCount\":535,\"commentCount\":0,\"publisher\":{\"@id\":\"https:\\\/\\\/www.cidademarketing.com.br\\\/marketing\\\/#organization\"},\"image\":{\"@id\":\"https:\\\/\\\/www.cidademarketing.com.br\\\/marketing\\\/2024\\\/07\\\/26\\\/confira-os-detalhes-do-uniforme-dos-atletas-do-brasil-na-cerimonia-de-abertura-dos-jogos-olimpicos-de-paris-2024\\\/#primaryimage\"},\"thumbnailUrl\":\"https:\\\/\\\/www.cidademarketing.com.br\\\/marketing\\\/wp-content\\\/uploads\\\/2024\\\/07\\\/uniforme_olimpiadas_brasil_paris_2024.webp\",\"keywords\":[\"Brasil\",\"Cerim\u00f4nia de Abertura\",\"design\",\"Jogos Ol\u00edmpicos de Paris 2024\",\"marketing\",\"Moda sustent\u00e1vel\",\"Olimp\u00edadas de Paris 2024\",\"sustentabilidade\",\"uniforme\"],\"articleSection\":[\"Not\u00edcias\"],\"inLanguage\":\"pt-BR\",\"potentialAction\":[{\"@type\":\"CommentAction\",\"name\":\"Comment\",\"target\":[\"https:\\\/\\\/www.cidademarketing.com.br\\\/marketing\\\/2024\\\/07\\\/26\\\/confira-os-detalhes-do-uniforme-dos-atletas-do-brasil-na-cerimonia-de-abertura-dos-jogos-olimpicos-de-paris-2024\\\/#respond\"]}]},{\"@type\":\"WebPage\",\"@id\":\"https:\\\/\\\/www.cidademarketing.com.br\\\/marketing\\\/2024\\\/07\\\/26\\\/confira-os-detalhes-do-uniforme-dos-atletas-do-brasil-na-cerimonia-de-abertura-dos-jogos-olimpicos-de-paris-2024\\\/\",\"url\":\"https:\\\/\\\/www.cidademarketing.com.br\\\/marketing\\\/2024\\\/07\\\/26\\\/confira-os-detalhes-do-uniforme-dos-atletas-do-brasil-na-cerimonia-de-abertura-dos-jogos-olimpicos-de-paris-2024\\\/\",\"name\":\"Confira os detalhes do uniforme dos atletas do Brasil na cerim\u00f4nia de abertura dos Jogos Ol\u00edmpicos de Paris 2024 - CidadeMarketing\",\"isPartOf\":{\"@id\":\"https:\\\/\\\/www.cidademarketing.com.br\\\/marketing\\\/#website\"},\"primaryImageOfPage\":{\"@id\":\"https:\\\/\\\/www.cidademarketing.com.br\\\/marketing\\\/2024\\\/07\\\/26\\\/confira-os-detalhes-do-uniforme-dos-atletas-do-brasil-na-cerimonia-de-abertura-dos-jogos-olimpicos-de-paris-2024\\\/#primaryimage\"},\"image\":{\"@id\":\"https:\\\/\\\/www.cidademarketing.com.br\\\/marketing\\\/2024\\\/07\\\/26\\\/confira-os-detalhes-do-uniforme-dos-atletas-do-brasil-na-cerimonia-de-abertura-dos-jogos-olimpicos-de-paris-2024\\\/#primaryimage\"},\"thumbnailUrl\":\"https:\\\/\\\/www.cidademarketing.com.br\\\/marketing\\\/wp-content\\\/uploads\\\/2024\\\/07\\\/uniforme_olimpiadas_brasil_paris_2024.webp\",\"datePublished\":\"2024-07-26T13:11:33+00:00\",\"dateModified\":\"2024-07-26T13:13:35+00:00\",\"breadcrumb\":{\"@id\":\"https:\\\/\\\/www.cidademarketing.com.br\\\/marketing\\\/2024\\\/07\\\/26\\\/confira-os-detalhes-do-uniforme-dos-atletas-do-brasil-na-cerimonia-de-abertura-dos-jogos-olimpicos-de-paris-2024\\\/#breadcrumb\"},\"inLanguage\":\"pt-BR\",\"potentialAction\":[{\"@type\":\"ReadAction\",\"target\":[\"https:\\\/\\\/www.cidademarketing.com.br\\\/marketing\\\/2024\\\/07\\\/26\\\/confira-os-detalhes-do-uniforme-dos-atletas-do-brasil-na-cerimonia-de-abertura-dos-jogos-olimpicos-de-paris-2024\\\/\"]}]},{\"@type\":\"ImageObject\",\"inLanguage\":\"pt-BR\",\"@id\":\"https:\\\/\\\/www.cidademarketing.com.br\\\/marketing\\\/2024\\\/07\\\/26\\\/confira-os-detalhes-do-uniforme-dos-atletas-do-brasil-na-cerimonia-de-abertura-dos-jogos-olimpicos-de-paris-2024\\\/#primaryimage\",\"url\":\"https:\\\/\\\/www.cidademarketing.com.br\\\/marketing\\\/wp-content\\\/uploads\\\/2024\\\/07\\\/uniforme_olimpiadas_brasil_paris_2024.webp\",\"contentUrl\":\"https:\\\/\\\/www.cidademarketing.com.br\\\/marketing\\\/wp-content\\\/uploads\\\/2024\\\/07\\\/uniforme_olimpiadas_brasil_paris_2024.webp\",\"width\":930,\"height\":515,\"caption\":\"Divulga\u00e7\u00e3o\"},{\"@type\":\"BreadcrumbList\",\"@id\":\"https:\\\/\\\/www.cidademarketing.com.br\\\/marketing\\\/2024\\\/07\\\/26\\\/confira-os-detalhes-do-uniforme-dos-atletas-do-brasil-na-cerimonia-de-abertura-dos-jogos-olimpicos-de-paris-2024\\\/#breadcrumb\",\"itemListElement\":[{\"@type\":\"ListItem\",\"position\":1,\"name\":\"In\u00edcio\",\"item\":\"https:\\\/\\\/www.cidademarketing.com.br\\\/marketing\\\/\"},{\"@type\":\"ListItem\",\"position\":2,\"name\":\"Confira os detalhes do uniforme dos atletas do Brasil na cerim\u00f4nia de abertura dos Jogos Ol\u00edmpicos de Paris 2024\"}]},{\"@type\":\"WebSite\",\"@id\":\"https:\\\/\\\/www.cidademarketing.com.br\\\/marketing\\\/#website\",\"url\":\"https:\\\/\\\/www.cidademarketing.com.br\\\/marketing\\\/\",\"name\":\"CidadeMarketing\",\"description\":\"Somos um ve\u00edculo de comunica\u00e7\u00e3o de destaque no Brasil, reconhecido por conte\u00fados nos segmentos de marketing, empreendedorismo e inova\u00e7\u00e3o.\",\"publisher\":{\"@id\":\"https:\\\/\\\/www.cidademarketing.com.br\\\/marketing\\\/#organization\"},\"alternateName\":\"CidadeMarketing\",\"potentialAction\":[{\"@type\":\"SearchAction\",\"target\":{\"@type\":\"EntryPoint\",\"urlTemplate\":\"https:\\\/\\\/www.cidademarketing.com.br\\\/marketing\\\/?s={search_term_string}\"},\"query-input\":{\"@type\":\"PropertyValueSpecification\",\"valueRequired\":true,\"valueName\":\"search_term_string\"}}],\"inLanguage\":\"pt-BR\"},{\"@type\":\"Organization\",\"@id\":\"https:\\\/\\\/www.cidademarketing.com.br\\\/marketing\\\/#organization\",\"name\":\"CidadeMarketing\",\"alternateName\":\"CidadeMarketing\",\"url\":\"https:\\\/\\\/www.cidademarketing.com.br\\\/marketing\\\/\",\"logo\":{\"@type\":\"ImageObject\",\"inLanguage\":\"pt-BR\",\"@id\":\"https:\\\/\\\/www.cidademarketing.com.br\\\/marketing\\\/#\\\/schema\\\/logo\\\/image\\\/\",\"url\":\"https:\\\/\\\/www.cidademarketing.com.br\\\/marketing\\\/wp-content\\\/uploads\\\/2020\\\/01\\\/cidademarketing_marca_mobile.png\",\"contentUrl\":\"https:\\\/\\\/www.cidademarketing.com.br\\\/marketing\\\/wp-content\\\/uploads\\\/2020\\\/01\\\/cidademarketing_marca_mobile.png\",\"width\":230,\"height\":92,\"caption\":\"CidadeMarketing\"},\"image\":{\"@id\":\"https:\\\/\\\/www.cidademarketing.com.br\\\/marketing\\\/#\\\/schema\\\/logo\\\/image\\\/\"},\"sameAs\":[\"https:\\\/\\\/www.facebook.com\\\/portalcidademarketing\",\"https:\\\/\\\/x.com\\\/CidadeMarketing\",\"https:\\\/\\\/www.instagram.com\\\/cidademarketing\\\/\"]},{\"@type\":\"Person\",\"@id\":\"https:\\\/\\\/www.cidademarketing.com.br\\\/marketing\\\/#\\\/schema\\\/person\\\/02daff9f18bd9378c9e01eb6b2db155f\",\"name\":\"Thales Brand\u00e3o\",\"image\":{\"@type\":\"ImageObject\",\"inLanguage\":\"pt-BR\",\"@id\":\"https:\\\/\\\/secure.gravatar.com\\\/avatar\\\/7ca3206950207cc3cb48feec56a8a7898741ab725c368d99d5d7a5a50aab80c6?s=96&d=mm&r=g\",\"url\":\"https:\\\/\\\/secure.gravatar.com\\\/avatar\\\/7ca3206950207cc3cb48feec56a8a7898741ab725c368d99d5d7a5a50aab80c6?s=96&d=mm&r=g\",\"contentUrl\":\"https:\\\/\\\/secure.gravatar.com\\\/avatar\\\/7ca3206950207cc3cb48feec56a8a7898741ab725c368d99d5d7a5a50aab80c6?s=96&d=mm&r=g\",\"caption\":\"Thales Brand\u00e3o\"},\"description\":\"Editor Executivo do Portal CidadeMarketing.com.br &gt; Mestre em Comunica\u00e7\u00e3o e Sociedade pela Universidade Federal de Sergipe. Possui MBA Executivo em Administra\u00e7\u00e3o com \u00eanfase em Marketing pela Funda\u00e7\u00e3o Get\u00falio Vargas - Rio de Janeiro. Consultor, Palestrante e Pesquisador sobre Empreendedorismo, Marketing, Redes Sociais e Neg\u00f3cios Digitais. Professor, Palestrante TedxTalks e Campus Party. Twitter: @ThalesBrandao\",\"sameAs\":[\"http:\\\/\\\/www.mandacaru.com.br\",\"https:\\\/\\\/www.facebook.com\\\/thalesbrandao\",\"http:\\\/\\\/www.instagram.com.br\\\/thalesbrandaoferreira\",\"https:\\\/\\\/www.linkedin.com\\\/in\\\/thales-brand\u00e3o-3948609\\\/\",\"https:\\\/\\\/x.com\\\/http:\\\/\\\/www.twitter.com\\\/thalesbrandao\"],\"url\":\"https:\\\/\\\/www.cidademarketing.com.br\\\/marketing\\\/author\\\/thalesbrandao\\\/\"}]}<\/script>\n<!-- \/ Yoast SEO plugin. -->","yoast_head_json":{"title":"Confira os detalhes do uniforme dos atletas do Brasil na cerim\u00f4nia de abertura dos Jogos Ol\u00edmpicos de Paris 2024 - CidadeMarketing","robots":{"index":"index","follow":"follow","max-snippet":"max-snippet:-1","max-image-preview":"max-image-preview:large","max-video-preview":"max-video-preview:-1"},"canonical":"https:\/\/www.cidademarketing.com.br\/marketing\/2024\/07\/26\/confira-os-detalhes-do-uniforme-dos-atletas-do-brasil-na-cerimonia-de-abertura-dos-jogos-olimpicos-de-paris-2024\/","og_locale":"pt_BR","og_type":"article","og_title":"Confira os detalhes do uniforme dos atletas do Brasil na cerim\u00f4nia de abertura dos Jogos Ol\u00edmpicos de Paris 2024 - CidadeMarketing","og_description":"Nesta sexta-feira (26), \u00e0s 14h30 (hor\u00e1rio de Bras\u00edlia), a cerim\u00f4nia de abertura das Olimp\u00edadas de Paris 2024 ser\u00e1 marcada por um desfile inovador no Rio Sena. Este evento muito aguardado dar\u00e1 \u00e0s delega\u00e7\u00f5es a oportunidade de apresentar seus uniformes especiais, planejados e desenhados meticulosamente ao longo dos anos para essa ocasi\u00e3o \u00fanica. Os atletas brasileiros [&hellip;]","og_url":"https:\/\/www.cidademarketing.com.br\/marketing\/2024\/07\/26\/confira-os-detalhes-do-uniforme-dos-atletas-do-brasil-na-cerimonia-de-abertura-dos-jogos-olimpicos-de-paris-2024\/","og_site_name":"CidadeMarketing","article_publisher":"https:\/\/www.facebook.com\/portalcidademarketing","article_author":"https:\/\/www.facebook.com\/thalesbrandao","article_published_time":"2024-07-26T13:11:33+00:00","article_modified_time":"2024-07-26T13:13:35+00:00","og_image":[{"width":930,"height":515,"url":"https:\/\/www.cidademarketing.com.br\/marketing\/wp-content\/uploads\/2024\/07\/uniforme_olimpiadas_brasil_paris_2024.webp","type":"image\/webp"}],"author":"Thales Brand\u00e3o","twitter_card":"summary_large_image","twitter_creator":"@http:\/\/www.twitter.com\/thalesbrandao","twitter_site":"@CidadeMarketing","twitter_misc":{"Escrito por":"Thales Brand\u00e3o","Est. tempo de leitura":"3 minutos"},"schema":{"@context":"https:\/\/schema.org","@graph":[{"@type":"Article","@id":"https:\/\/www.cidademarketing.com.br\/marketing\/2024\/07\/26\/confira-os-detalhes-do-uniforme-dos-atletas-do-brasil-na-cerimonia-de-abertura-dos-jogos-olimpicos-de-paris-2024\/#article","isPartOf":{"@id":"https:\/\/www.cidademarketing.com.br\/marketing\/2024\/07\/26\/confira-os-detalhes-do-uniforme-dos-atletas-do-brasil-na-cerimonia-de-abertura-dos-jogos-olimpicos-de-paris-2024\/"},"author":{"name":"Thales Brand\u00e3o","@id":"https:\/\/www.cidademarketing.com.br\/marketing\/#\/schema\/person\/02daff9f18bd9378c9e01eb6b2db155f"},"headline":"Confira os detalhes do uniforme dos atletas do Brasil na cerim\u00f4nia de abertura dos Jogos Ol\u00edmpicos de Paris 2024","datePublished":"2024-07-26T13:11:33+00:00","dateModified":"2024-07-26T13:13:35+00:00","mainEntityOfPage":{"@id":"https:\/\/www.cidademarketing.com.br\/marketing\/2024\/07\/26\/confira-os-detalhes-do-uniforme-dos-atletas-do-brasil-na-cerimonia-de-abertura-dos-jogos-olimpicos-de-paris-2024\/"},"wordCount":535,"commentCount":0,"publisher":{"@id":"https:\/\/www.cidademarketing.com.br\/marketing\/#organization"},"image":{"@id":"https:\/\/www.cidademarketing.com.br\/marketing\/2024\/07\/26\/confira-os-detalhes-do-uniforme-dos-atletas-do-brasil-na-cerimonia-de-abertura-dos-jogos-olimpicos-de-paris-2024\/#primaryimage"},"thumbnailUrl":"https:\/\/www.cidademarketing.com.br\/marketing\/wp-content\/uploads\/2024\/07\/uniforme_olimpiadas_brasil_paris_2024.webp","keywords":["Brasil","Cerim\u00f4nia de Abertura","design","Jogos Ol\u00edmpicos de Paris 2024","marketing","Moda sustent\u00e1vel","Olimp\u00edadas de Paris 2024","sustentabilidade","uniforme"],"articleSection":["Not\u00edcias"],"inLanguage":"pt-BR","potentialAction":[{"@type":"CommentAction","name":"Comment","target":["https:\/\/www.cidademarketing.com.br\/marketing\/2024\/07\/26\/confira-os-detalhes-do-uniforme-dos-atletas-do-brasil-na-cerimonia-de-abertura-dos-jogos-olimpicos-de-paris-2024\/#respond"]}]},{"@type":"WebPage","@id":"https:\/\/www.cidademarketing.com.br\/marketing\/2024\/07\/26\/confira-os-detalhes-do-uniforme-dos-atletas-do-brasil-na-cerimonia-de-abertura-dos-jogos-olimpicos-de-paris-2024\/","url":"https:\/\/www.cidademarketing.com.br\/marketing\/2024\/07\/26\/confira-os-detalhes-do-uniforme-dos-atletas-do-brasil-na-cerimonia-de-abertura-dos-jogos-olimpicos-de-paris-2024\/","name":"Confira os detalhes do uniforme dos atletas do Brasil na cerim\u00f4nia de abertura dos Jogos Ol\u00edmpicos de Paris 2024 - CidadeMarketing","isPartOf":{"@id":"https:\/\/www.cidademarketing.com.br\/marketing\/#website"},"primaryImageOfPage":{"@id":"https:\/\/www.cidademarketing.com.br\/marketing\/2024\/07\/26\/confira-os-detalhes-do-uniforme-dos-atletas-do-brasil-na-cerimonia-de-abertura-dos-jogos-olimpicos-de-paris-2024\/#primaryimage"},"image":{"@id":"https:\/\/www.cidademarketing.com.br\/marketing\/2024\/07\/26\/confira-os-detalhes-do-uniforme-dos-atletas-do-brasil-na-cerimonia-de-abertura-dos-jogos-olimpicos-de-paris-2024\/#primaryimage"},"thumbnailUrl":"https:\/\/www.cidademarketing.com.br\/marketing\/wp-content\/uploads\/2024\/07\/uniforme_olimpiadas_brasil_paris_2024.webp","datePublished":"2024-07-26T13:11:33+00:00","dateModified":"2024-07-26T13:13:35+00:00","breadcrumb":{"@id":"https:\/\/www.cidademarketing.com.br\/marketing\/2024\/07\/26\/confira-os-detalhes-do-uniforme-dos-atletas-do-brasil-na-cerimonia-de-abertura-dos-jogos-olimpicos-de-paris-2024\/#breadcrumb"},"inLanguage":"pt-BR","potentialAction":[{"@type":"ReadAction","target":["https:\/\/www.cidademarketing.com.br\/marketing\/2024\/07\/26\/confira-os-detalhes-do-uniforme-dos-atletas-do-brasil-na-cerimonia-de-abertura-dos-jogos-olimpicos-de-paris-2024\/"]}]},{"@type":"ImageObject","inLanguage":"pt-BR","@id":"https:\/\/www.cidademarketing.com.br\/marketing\/2024\/07\/26\/confira-os-detalhes-do-uniforme-dos-atletas-do-brasil-na-cerimonia-de-abertura-dos-jogos-olimpicos-de-paris-2024\/#primaryimage","url":"https:\/\/www.cidademarketing.com.br\/marketing\/wp-content\/uploads\/2024\/07\/uniforme_olimpiadas_brasil_paris_2024.webp","contentUrl":"https:\/\/www.cidademarketing.com.br\/marketing\/wp-content\/uploads\/2024\/07\/uniforme_olimpiadas_brasil_paris_2024.webp","width":930,"height":515,"caption":"Divulga\u00e7\u00e3o"},{"@type":"BreadcrumbList","@id":"https:\/\/www.cidademarketing.com.br\/marketing\/2024\/07\/26\/confira-os-detalhes-do-uniforme-dos-atletas-do-brasil-na-cerimonia-de-abertura-dos-jogos-olimpicos-de-paris-2024\/#breadcrumb","itemListElement":[{"@type":"ListItem","position":1,"name":"In\u00edcio","item":"https:\/\/www.cidademarketing.com.br\/marketing\/"},{"@type":"ListItem","position":2,"name":"Confira os detalhes do uniforme dos atletas do Brasil na cerim\u00f4nia de abertura dos Jogos Ol\u00edmpicos de Paris 2024"}]},{"@type":"WebSite","@id":"https:\/\/www.cidademarketing.com.br\/marketing\/#website","url":"https:\/\/www.cidademarketing.com.br\/marketing\/","name":"CidadeMarketing","description":"Somos um ve\u00edculo de comunica\u00e7\u00e3o de destaque no Brasil, reconhecido por conte\u00fados nos segmentos de marketing, empreendedorismo e inova\u00e7\u00e3o.","publisher":{"@id":"https:\/\/www.cidademarketing.com.br\/marketing\/#organization"},"alternateName":"CidadeMarketing","potentialAction":[{"@type":"SearchAction","target":{"@type":"EntryPoint","urlTemplate":"https:\/\/www.cidademarketing.com.br\/marketing\/?s={search_term_string}"},"query-input":{"@type":"PropertyValueSpecification","valueRequired":true,"valueName":"search_term_string"}}],"inLanguage":"pt-BR"},{"@type":"Organization","@id":"https:\/\/www.cidademarketing.com.br\/marketing\/#organization","name":"CidadeMarketing","alternateName":"CidadeMarketing","url":"https:\/\/www.cidademarketing.com.br\/marketing\/","logo":{"@type":"ImageObject","inLanguage":"pt-BR","@id":"https:\/\/www.cidademarketing.com.br\/marketing\/#\/schema\/logo\/image\/","url":"https:\/\/www.cidademarketing.com.br\/marketing\/wp-content\/uploads\/2020\/01\/cidademarketing_marca_mobile.png","contentUrl":"https:\/\/www.cidademarketing.com.br\/marketing\/wp-content\/uploads\/2020\/01\/cidademarketing_marca_mobile.png","width":230,"height":92,"caption":"CidadeMarketing"},"image":{"@id":"https:\/\/www.cidademarketing.com.br\/marketing\/#\/schema\/logo\/image\/"},"sameAs":["https:\/\/www.facebook.com\/portalcidademarketing","https:\/\/x.com\/CidadeMarketing","https:\/\/www.instagram.com\/cidademarketing\/"]},{"@type":"Person","@id":"https:\/\/www.cidademarketing.com.br\/marketing\/#\/schema\/person\/02daff9f18bd9378c9e01eb6b2db155f","name":"Thales Brand\u00e3o","image":{"@type":"ImageObject","inLanguage":"pt-BR","@id":"https:\/\/secure.gravatar.com\/avatar\/7ca3206950207cc3cb48feec56a8a7898741ab725c368d99d5d7a5a50aab80c6?s=96&d=mm&r=g","url":"https:\/\/secure.gravatar.com\/avatar\/7ca3206950207cc3cb48feec56a8a7898741ab725c368d99d5d7a5a50aab80c6?s=96&d=mm&r=g","contentUrl":"https:\/\/secure.gravatar.com\/avatar\/7ca3206950207cc3cb48feec56a8a7898741ab725c368d99d5d7a5a50aab80c6?s=96&d=mm&r=g","caption":"Thales Brand\u00e3o"},"description":"Editor Executivo do Portal CidadeMarketing.com.br &gt; Mestre em Comunica\u00e7\u00e3o e Sociedade pela Universidade Federal de Sergipe. Possui MBA Executivo em Administra\u00e7\u00e3o com \u00eanfase em Marketing pela Funda\u00e7\u00e3o Get\u00falio Vargas - Rio de Janeiro. Consultor, Palestrante e Pesquisador sobre Empreendedorismo, Marketing, Redes Sociais e Neg\u00f3cios Digitais. Professor, Palestrante TedxTalks e Campus Party. Twitter: @ThalesBrandao","sameAs":["http:\/\/www.mandacaru.com.br","https:\/\/www.facebook.com\/thalesbrandao","http:\/\/www.instagram.com.br\/thalesbrandaoferreira","https:\/\/www.linkedin.com\/in\/thales-brand\u00e3o-3948609\/","https:\/\/x.com\/http:\/\/www.twitter.com\/thalesbrandao"],"url":"https:\/\/www.cidademarketing.com.br\/marketing\/author\/thalesbrandao\/"}]}},"amp_enabled":true,"_links":{"self":[{"href":"https:\/\/www.cidademarketing.com.br\/marketing\/wp-json\/wp\/v2\/posts\/51987","targetHints":{"allow":["GET"]}}],"collection":[{"href":"https:\/\/www.cidademarketing.com.br\/marketing\/wp-json\/wp\/v2\/posts"}],"about":[{"href":"https:\/\/www.cidademarketing.com.br\/marketing\/wp-json\/wp\/v2\/types\/post"}],"author":[{"embeddable":true,"href":"https:\/\/www.cidademarketing.com.br\/marketing\/wp-json\/wp\/v2\/users\/1"}],"replies":[{"embeddable":true,"href":"https:\/\/www.cidademarketing.com.br\/marketing\/wp-json\/wp\/v2\/comments?post=51987"}],"version-history":[{"count":3,"href":"https:\/\/www.cidademarketing.com.br\/marketing\/wp-json\/wp\/v2\/posts\/51987\/revisions"}],"predecessor-version":[{"id":51992,"href":"https:\/\/www.cidademarketing.com.br\/marketing\/wp-json\/wp\/v2\/posts\/51987\/revisions\/51992"}],"wp:featuredmedia":[{"embeddable":true,"href":"https:\/\/www.cidademarketing.com.br\/marketing\/wp-json\/wp\/v2\/media\/51988"}],"wp:attachment":[{"href":"https:\/\/www.cidademarketing.com.br\/marketing\/wp-json\/wp\/v2\/media?parent=51987"}],"wp:term":[{"taxonomy":"category","embeddable":true,"href":"https:\/\/www.cidademarketing.com.br\/marketing\/wp-json\/wp\/v2\/categories?post=51987"},{"taxonomy":"post_tag","embeddable":true,"href":"https:\/\/www.cidademarketing.com.br\/marketing\/wp-json\/wp\/v2\/tags?post=51987"}],"curies":[{"name":"wp","href":"https:\/\/api.w.org\/{rel}","templated":true}]}}