{"id":51797,"date":"2024-07-17T22:42:07","date_gmt":"2024-07-18T01:42:07","guid":{"rendered":"https:\/\/www.cidademarketing.com.br\/marketing\/?p=51797"},"modified":"2024-07-17T22:42:07","modified_gmt":"2024-07-18T01:42:07","slug":"ex-jogador-amaral-e-o-astronauta-que-viralizou-no-brasileirao-2024","status":"publish","type":"post","link":"https:\/\/www.cidademarketing.com.br\/marketing\/2024\/07\/17\/ex-jogador-amaral-e-o-astronauta-que-viralizou-no-brasileirao-2024\/","title":{"rendered":"Ex-jogador Amaral \u00e9 o Astronauta que viralizou  no Brasileir\u00e3o 2024"},"content":{"rendered":"<p>Os efeitos das mudan\u00e7as clim\u00e1ticas em nosso planeta est\u00e3o entre os desafios mais urgentes da nossa era. E para chamar a aten\u00e7\u00e3o desse tema, o Brasileir\u00e3o 2024 virou pano de fundo para esta discuss\u00e3o. Em uma iniciativa da Confedera\u00e7\u00e3o Brasileira de Futebol (CBF) em parceria com o sportv\/Premiere, realizada pela produtora Square Pixel com consultoria criativa da White Rabbit, a apari\u00e7\u00e3o de um astronauta nos est\u00e1dios virou assunto nas redes sociais.<\/p>\n<p>Durante algumas partidas do Campeonato Brasileiro de Futebol, um personagem vestido de astronauta chamou a aten\u00e7\u00e3o dos espectadores do sportv\/Premiere com a mensagem: &#8220;Cuidem do planeta Terra. S\u00f3 aqui tem futebol.&#8221; A primeira apari\u00e7\u00e3o deste torcedor diferente ocorreu na partida entre Vasco e Fortaleza, realizada em S\u00e3o Janu\u00e1rio, no Rio de Janeiro, no dia 3 de julho. A equipe de transmiss\u00e3o destacou a presen\u00e7a inusitada do astronauta, e rapidamente a cena se espalhou pelas redes sociais, sendo repercutida por perfis de clubes, torcedores e diversos canais.<\/p>\n<p>O astronauta continuou marcando presen\u00e7a em diferentes jogos, inclusive em outras cidades (de acordo com o calend\u00e1rio abaixo), sempre levantando o mesmo cartaz e ampliando a repercuss\u00e3o sobre a necessidade de cuidar do nosso clima. No dia 17 de julho, durante o jogo entre S\u00e3o Paulo e Gr\u00eamio no Morumbi, o mist\u00e9rio foi finalmente revelado.<\/p>\n<p>Entrevistado pela rep\u00f3rter do sportv Denise Thomaz Bastos, o astronauta revelou ser ningu\u00e9m menos que o volante Amaral, ex-jogador da Sele\u00e7\u00e3o Brasileira e uma das personalidades mais carism\u00e1ticas do futebol nacional.<\/p>\n<p>Amaral contou que foi convidado pela CBF e pelo sportv\/Premiere para levantar a bandeira ambiental entre os f\u00e3s do Brasileir\u00e3o 2024. Sua presen\u00e7a, como &#8220;astronauta&#8221;, visa chamar a aten\u00e7\u00e3o para a gravidade das mudan\u00e7as clim\u00e1ticas e incentivar a\u00e7\u00f5es para combater este problema global. Com uma carreira marcada pelo carisma e esp\u00edrito de equipe, Amaral foi para as arquibancadas engajar torcedores na defesa do meio ambiente.<\/p>\n<p>\u201cO futebol une os brasileiros e \u00e9 uma potente plataforma de conscientiza\u00e7\u00e3o no nosso pa\u00eds. Atuar contra a crise clim\u00e1tica est\u00e1 na nossa agenda e vamos sempre apoiar iniciativas criativas como essas para lutar por um mundo melhor&#8221;, Ednaldo Rodrigues, presidente da CBF.<\/p>\n<p>A iniciativa tamb\u00e9m convida o p\u00fablico a participar do leil\u00e3o &#8220;Doe Gols&#8221;, cujo objetivo \u00e9 levantar fundos para as v\u00edtimas de trag\u00e9dias ambientais. O filme j\u00e1 pode ser conferido nos canais sportv, Premiere, no ge.globo.com e nas redes sociais.<\/p>\n\r\n                <style type=\"text\/css\">\r\n                    \r\n                    #tdi_1  .td-doubleSlider-2 .td-item1 {\r\n                        background: url(https:\/\/www.cidademarketing.com.br\/marketing\/wp-content\/uploads\/2024\/07\/amaral_astronauta_brasileirao2024_01-80x60.webp) 0 0 no-repeat;\r\n                    }\r\n                    #tdi_1  .td-doubleSlider-2 .td-item2 {\r\n                        background: url(https:\/\/www.cidademarketing.com.br\/marketing\/wp-content\/uploads\/2024\/07\/amaral_astronauta_brasileirao2024_02-80x60.webp) 0 0 no-repeat;\r\n                    }\r\n                    #tdi_1  .td-doubleSlider-2 .td-item3 {\r\n                        background: url(https:\/\/www.cidademarketing.com.br\/marketing\/wp-content\/uploads\/2024\/07\/amaral_astronauta_brasileirao2024_03-80x60.webp) 0 0 no-repeat;\r\n                    }\r\n                    #tdi_1  .td-doubleSlider-2 .td-item4 {\r\n                        background: url(https:\/\/www.cidademarketing.com.br\/marketing\/wp-content\/uploads\/2024\/07\/amaral_astronauta_brasileirao2024_04-80x60.webp) 0 0 no-repeat;\r\n                    }\r\n                <\/style>\r\n\r\n                <div id=\"tdi_1\" class=\"td-gallery td-slide-on-2-columns\">\r\n                    <div class=\"post_td_gallery\">\r\n                        <div class=\"td-gallery-slide-top\">\r\n                           <div class=\"td-gallery-title\"><\/div>\r\n\r\n                            <div class=\"td-gallery-controls-wrapper\">\r\n                                <div class=\"td-gallery-slide-count\"><span class=\"td-gallery-slide-item-focus\">1<\/span> de 4<\/div>\r\n                                <div class=\"td-gallery-slide-prev-next-but\">\r\n                                    <i class = \"td-icon-left doubleSliderPrevButton\"><\/i>\r\n                                    <i class = \"td-icon-right doubleSliderNextButton\"><\/i>\r\n                                <\/div>\r\n                            <\/div>\r\n                        <\/div>\r\n\r\n                        <div class = \"td-doubleSlider-1 \">\r\n                            <div class = \"td-slider\">\r\n                                \r\n                    <div class = \"td-slide-item td-item1\">\r\n                        <figure class=\"td-slide-galery-figure td-slide-popup-gallery\">\r\n                            <a class=\"slide-gallery-image-link\" href=\"https:\/\/www.cidademarketing.com.br\/marketing\/wp-content\/uploads\/2024\/07\/amaral_astronauta_brasileirao2024_01.webp\" title=\"Amaral - Astronauta - Brasileir\u00e3o 2024\"  data-caption=\"Divulga\u00e7\u00e3o\"  data-description=\"\">\r\n                                <img decoding=\"async\" src=\"https:\/\/www.cidademarketing.com.br\/marketing\/wp-content\/uploads\/2024\/07\/amaral_astronauta_brasileirao2024_01-635x420.webp\" srcset=\"https:\/\/www.cidademarketing.com.br\/marketing\/wp-content\/uploads\/2024\/07\/amaral_astronauta_brasileirao2024_01-635x420.webp 635w, https:\/\/www.cidademarketing.com.br\/marketing\/wp-content\/uploads\/2024\/07\/amaral_astronauta_brasileirao2024_01-300x199.webp 300w, https:\/\/www.cidademarketing.com.br\/marketing\/wp-content\/uploads\/2024\/07\/amaral_astronauta_brasileirao2024_01-1024x678.webp 1024w, https:\/\/www.cidademarketing.com.br\/marketing\/wp-content\/uploads\/2024\/07\/amaral_astronauta_brasileirao2024_01-768x508.webp 768w, https:\/\/www.cidademarketing.com.br\/marketing\/wp-content\/uploads\/2024\/07\/amaral_astronauta_brasileirao2024_01-640x424.webp 640w, https:\/\/www.cidademarketing.com.br\/marketing\/wp-content\/uploads\/2024\/07\/amaral_astronauta_brasileirao2024_01-681x451.webp 681w, https:\/\/www.cidademarketing.com.br\/marketing\/wp-content\/uploads\/2024\/07\/amaral_astronauta_brasileirao2024_01.webp 1269w\" sizes=\"(max-width: 635px) 100vw, 635px\" alt=\"\">\r\n                            <\/a>\r\n                            <figcaption class = \"td-slide-caption td-gallery-slide-content\"><div class = \"td-gallery-slide-copywrite\">Divulga\u00e7\u00e3o<\/div><\/figcaption>\r\n                        <\/figure>\r\n                    <\/div>\r\n                    <div class = \"td-slide-item td-item2\">\r\n                        <figure class=\"td-slide-galery-figure td-slide-popup-gallery\">\r\n                            <a class=\"slide-gallery-image-link\" href=\"https:\/\/www.cidademarketing.com.br\/marketing\/wp-content\/uploads\/2024\/07\/amaral_astronauta_brasileirao2024_02.webp\" title=\"Amaral - Astronauta - Brasileir\u00e3o 2024\"  data-caption=\"Divulga\u00e7\u00e3o\"  data-description=\"\">\r\n                                <img decoding=\"async\" src=\"https:\/\/www.cidademarketing.com.br\/marketing\/wp-content\/uploads\/2024\/07\/amaral_astronauta_brasileirao2024_02-635x420.webp\" srcset=\"https:\/\/www.cidademarketing.com.br\/marketing\/wp-content\/uploads\/2024\/07\/amaral_astronauta_brasileirao2024_02-635x420.webp 635w, https:\/\/www.cidademarketing.com.br\/marketing\/wp-content\/uploads\/2024\/07\/amaral_astronauta_brasileirao2024_02-300x199.webp 300w, https:\/\/www.cidademarketing.com.br\/marketing\/wp-content\/uploads\/2024\/07\/amaral_astronauta_brasileirao2024_02-1024x678.webp 1024w, https:\/\/www.cidademarketing.com.br\/marketing\/wp-content\/uploads\/2024\/07\/amaral_astronauta_brasileirao2024_02-768x508.webp 768w, https:\/\/www.cidademarketing.com.br\/marketing\/wp-content\/uploads\/2024\/07\/amaral_astronauta_brasileirao2024_02-640x424.webp 640w, https:\/\/www.cidademarketing.com.br\/marketing\/wp-content\/uploads\/2024\/07\/amaral_astronauta_brasileirao2024_02-681x451.webp 681w, https:\/\/www.cidademarketing.com.br\/marketing\/wp-content\/uploads\/2024\/07\/amaral_astronauta_brasileirao2024_02.webp 1269w\" sizes=\"(max-width: 635px) 100vw, 635px\" alt=\"\">\r\n                            <\/a>\r\n                            <figcaption class = \"td-slide-caption td-gallery-slide-content\"><div class = \"td-gallery-slide-copywrite\">Divulga\u00e7\u00e3o<\/div><\/figcaption>\r\n                        <\/figure>\r\n                    <\/div>\r\n                    <div class = \"td-slide-item td-item3\">\r\n                        <figure class=\"td-slide-galery-figure td-slide-popup-gallery\">\r\n                            <a class=\"slide-gallery-image-link\" href=\"https:\/\/www.cidademarketing.com.br\/marketing\/wp-content\/uploads\/2024\/07\/amaral_astronauta_brasileirao2024_03.webp\" title=\"Amaral - Astronauta - Brasileir\u00e3o 2024\"  data-caption=\"Divulga\u00e7\u00e3o\"  data-description=\"\">\r\n                                <img decoding=\"async\" src=\"https:\/\/www.cidademarketing.com.br\/marketing\/wp-content\/uploads\/2024\/07\/amaral_astronauta_brasileirao2024_03-635x420.webp\" srcset=\"https:\/\/www.cidademarketing.com.br\/marketing\/wp-content\/uploads\/2024\/07\/amaral_astronauta_brasileirao2024_03-635x420.webp 635w, https:\/\/www.cidademarketing.com.br\/marketing\/wp-content\/uploads\/2024\/07\/amaral_astronauta_brasileirao2024_03-300x199.webp 300w, https:\/\/www.cidademarketing.com.br\/marketing\/wp-content\/uploads\/2024\/07\/amaral_astronauta_brasileirao2024_03-1024x678.webp 1024w, https:\/\/www.cidademarketing.com.br\/marketing\/wp-content\/uploads\/2024\/07\/amaral_astronauta_brasileirao2024_03-768x508.webp 768w, https:\/\/www.cidademarketing.com.br\/marketing\/wp-content\/uploads\/2024\/07\/amaral_astronauta_brasileirao2024_03-640x424.webp 640w, https:\/\/www.cidademarketing.com.br\/marketing\/wp-content\/uploads\/2024\/07\/amaral_astronauta_brasileirao2024_03-681x451.webp 681w, https:\/\/www.cidademarketing.com.br\/marketing\/wp-content\/uploads\/2024\/07\/amaral_astronauta_brasileirao2024_03.webp 1269w\" sizes=\"(max-width: 635px) 100vw, 635px\" alt=\"\">\r\n                            <\/a>\r\n                            <figcaption class = \"td-slide-caption td-gallery-slide-content\"><div class = \"td-gallery-slide-copywrite\">Divulga\u00e7\u00e3o<\/div><\/figcaption>\r\n                        <\/figure>\r\n                    <\/div>\r\n                    <div class = \"td-slide-item td-item4\">\r\n                        <figure class=\"td-slide-galery-figure td-slide-popup-gallery\">\r\n                            <a class=\"slide-gallery-image-link\" href=\"https:\/\/www.cidademarketing.com.br\/marketing\/wp-content\/uploads\/2024\/07\/amaral_astronauta_brasileirao2024_04.webp\" title=\"Amaral - Astronauta - Brasileir\u00e3o 2024\"  data-caption=\"Divulga\u00e7\u00e3o\"  data-description=\"\">\r\n                                <img decoding=\"async\" src=\"https:\/\/www.cidademarketing.com.br\/marketing\/wp-content\/uploads\/2024\/07\/amaral_astronauta_brasileirao2024_04-280x420.webp\" srcset=\"https:\/\/www.cidademarketing.com.br\/marketing\/wp-content\/uploads\/2024\/07\/amaral_astronauta_brasileirao2024_04-280x420.webp 280w, https:\/\/www.cidademarketing.com.br\/marketing\/wp-content\/uploads\/2024\/07\/amaral_astronauta_brasileirao2024_04-200x300.webp 200w, https:\/\/www.cidademarketing.com.br\/marketing\/wp-content\/uploads\/2024\/07\/amaral_astronauta_brasileirao2024_04.webp 592w\" sizes=\"(max-width: 280px) 100vw, 280px\" alt=\"\">\r\n                            <\/a>\r\n                            <figcaption class = \"td-slide-caption td-gallery-slide-content\"><div class = \"td-gallery-slide-copywrite\">Divulga\u00e7\u00e3o<\/div><\/figcaption>\r\n                        <\/figure>\r\n                    <\/div>\r\n                            <\/div>\r\n                        <\/div>\r\n\r\n                        <div class = \"td-doubleSlider-2\">\r\n                            <div class = \"td-slider\">\r\n                                \r\n                    <div class = \"td-button td-item1\">\r\n                        <div class = \"td-border\"><\/div>\r\n                    <\/div>\r\n                    <div class = \"td-button td-item2\">\r\n                        <div class = \"td-border\"><\/div>\r\n                    <\/div>\r\n                    <div class = \"td-button td-item3\">\r\n                        <div class = \"td-border\"><\/div>\r\n                    <\/div>\r\n                    <div class = \"td-button td-item4\">\r\n                        <div class = \"td-border\"><\/div>\r\n                    <\/div>\r\n                            <\/div>\r\n                        <\/div>\r\n\r\n                    <\/div>\r\n\r\n                <\/div>\r\n                \n<p>\u201cA trag\u00e9dia recente no Rio Grande do Sul \u00e9 uma prova dos desafios que temos enfrentado com rela\u00e7\u00e3o \u00e0 crise clim\u00e1tica. Acreditamos que o esporte pode e deve ser uma ferramenta de mudan\u00e7a e conscientiza\u00e7\u00e3o. Por isso, resolvemos unir for\u00e7as com a CBF, nossa parceira dentro do ecossistema do futebol brasileiro, e apoiar esta iniciativa criativa, que serve tamb\u00e9m para ajudar quem mais necessita neste momento\u201d, diz Eduardo Gabbay, Diretor de Canais de Esporte da Globo.<\/p>\n<p>Para mais informa\u00e7\u00f5es e como participar do leil\u00e3o, basta acessar os leil\u00f5es do Doe Gols no site: <a href=\"https:\/\/play.foracause.com.br\/doegolsastronauta\" target=\"_blank\" rel=\"noopener\">https:\/\/play.foracause.com.br\/doegolsastronauta<\/a> .<\/p>\n<p>Jogos com apari\u00e7\u00e3o do Astronauta:<\/p>\n<table>\n<tbody>\n<tr>\n<td width=\"76\"><strong>DIA<\/strong><\/td>\n<td width=\"38\"><strong>UF<\/strong><\/td>\n<td width=\"108\"><strong>MANDANTE<\/strong><\/td>\n<td width=\"26\"><strong>X<\/strong><\/td>\n<td width=\"108\"><strong>VISITANTE<\/strong><\/td>\n<\/tr>\n<tr>\n<td width=\"76\">03\/07<\/td>\n<td width=\"38\">RJ<\/td>\n<td width=\"108\">VASCO<\/td>\n<td width=\"26\">X<\/td>\n<td width=\"108\">FORTALEZA<\/td>\n<\/tr>\n<tr>\n<td width=\"76\">07\/07<\/td>\n<td width=\"38\">BH<\/td>\n<td width=\"108\">CRUZEIRO<\/td>\n<td width=\"26\">X<\/td>\n<td width=\"108\">CORINTHIANS<\/td>\n<\/tr>\n<tr>\n<td width=\"76\">11\/07<\/td>\n<td width=\"38\">SP<\/td>\n<td width=\"108\">PALMEIRAS<\/td>\n<td width=\"26\">X<\/td>\n<td width=\"108\">ATHL\u00c9TICO GO<\/td>\n<\/tr>\n<tr>\n<td width=\"76\">17\/07<\/td>\n<td width=\"38\">SP<\/td>\n<td width=\"108\">S\u00c3O PAULO<\/td>\n<td width=\"26\">X<\/td>\n<td width=\"108\">GR\u00caMIO<\/td>\n<\/tr>\n<\/tbody>\n<\/table>\n","protected":false},"excerpt":{"rendered":"<p>Os efeitos das mudan\u00e7as clim\u00e1ticas em nosso planeta est\u00e3o entre os desafios mais urgentes da nossa era. E para chamar a aten\u00e7\u00e3o desse tema, o Brasileir\u00e3o 2024 virou pano de fundo para esta discuss\u00e3o. Em uma iniciativa da Confedera\u00e7\u00e3o Brasileira de Futebol (CBF) em parceria com o sportv\/Premiere, realizada pela produtora Square Pixel com consultoria [&hellip;]<\/p>\n","protected":false},"author":1,"featured_media":51800,"comment_status":"open","ping_status":"open","sticky":false,"template":"","format":"standard","meta":{"tdm_status":"","tdm_grid_status":"","footnotes":""},"categories":[6],"tags":[7156,7157,949,805,386,215,28,7158,7159],"class_list":["post-51797","post","type-post","status-publish","format-standard","has-post-thumbnail","hentry","category-noticias","tag-amaral","tag-brasileirao-2024","tag-cbf","tag-experiencia","tag-futebol","tag-globo","tag-marketing","tag-square-pixel","tag-white-rabbit"],"yoast_head":"<!-- This site is optimized with the Yoast SEO plugin v27.5 - https:\/\/yoast.com\/product\/yoast-seo-wordpress\/ -->\n<title>Ex-jogador Amaral \u00e9 o Astronauta que viralizou no Brasileir\u00e3o 2024 - CidadeMarketing<\/title>\n<meta name=\"robots\" content=\"index, follow, max-snippet:-1, max-image-preview:large, max-video-preview:-1\" \/>\n<link rel=\"canonical\" href=\"https:\/\/www.cidademarketing.com.br\/marketing\/2024\/07\/17\/ex-jogador-amaral-e-o-astronauta-que-viralizou-no-brasileirao-2024\/\" \/>\n<meta property=\"og:locale\" content=\"pt_BR\" \/>\n<meta property=\"og:type\" content=\"article\" \/>\n<meta property=\"og:title\" content=\"Ex-jogador Amaral \u00e9 o Astronauta que viralizou no Brasileir\u00e3o 2024 - CidadeMarketing\" \/>\n<meta property=\"og:description\" content=\"Os efeitos das mudan\u00e7as clim\u00e1ticas em nosso planeta est\u00e3o entre os desafios mais urgentes da nossa era. E para chamar a aten\u00e7\u00e3o desse tema, o Brasileir\u00e3o 2024 virou pano de fundo para esta discuss\u00e3o. Em uma iniciativa da Confedera\u00e7\u00e3o Brasileira de Futebol (CBF) em parceria com o sportv\/Premiere, realizada pela produtora Square Pixel com consultoria [&hellip;]\" \/>\n<meta property=\"og:url\" content=\"https:\/\/www.cidademarketing.com.br\/marketing\/2024\/07\/17\/ex-jogador-amaral-e-o-astronauta-que-viralizou-no-brasileirao-2024\/\" \/>\n<meta property=\"og:site_name\" content=\"CidadeMarketing\" \/>\n<meta property=\"article:publisher\" content=\"https:\/\/www.facebook.com\/portalcidademarketing\" \/>\n<meta property=\"article:author\" content=\"https:\/\/www.facebook.com\/thalesbrandao\" \/>\n<meta property=\"article:published_time\" content=\"2024-07-18T01:42:07+00:00\" \/>\n<meta property=\"og:image\" content=\"https:\/\/www.cidademarketing.com.br\/marketing\/wp-content\/uploads\/2024\/07\/amaral_astronauta_brasileirao2024_02.webp\" \/>\n\t<meta property=\"og:image:width\" content=\"1269\" \/>\n\t<meta property=\"og:image:height\" content=\"840\" \/>\n\t<meta property=\"og:image:type\" content=\"image\/webp\" \/>\n<meta name=\"author\" content=\"Thales Brand\u00e3o\" \/>\n<meta name=\"twitter:card\" content=\"summary_large_image\" \/>\n<meta name=\"twitter:creator\" content=\"@http:\/\/www.twitter.com\/thalesbrandao\" \/>\n<meta name=\"twitter:site\" content=\"@CidadeMarketing\" \/>\n<meta name=\"twitter:label1\" content=\"Escrito por\" \/>\n\t<meta name=\"twitter:data1\" content=\"Thales Brand\u00e3o\" \/>\n\t<meta name=\"twitter:label2\" content=\"Est. tempo de leitura\" \/>\n\t<meta name=\"twitter:data2\" content=\"3 minutos\" \/>\n<script type=\"application\/ld+json\" class=\"yoast-schema-graph\">{\"@context\":\"https:\\\/\\\/schema.org\",\"@graph\":[{\"@type\":\"Article\",\"@id\":\"https:\\\/\\\/www.cidademarketing.com.br\\\/marketing\\\/2024\\\/07\\\/17\\\/ex-jogador-amaral-e-o-astronauta-que-viralizou-no-brasileirao-2024\\\/#article\",\"isPartOf\":{\"@id\":\"https:\\\/\\\/www.cidademarketing.com.br\\\/marketing\\\/2024\\\/07\\\/17\\\/ex-jogador-amaral-e-o-astronauta-que-viralizou-no-brasileirao-2024\\\/\"},\"author\":{\"name\":\"Thales Brand\u00e3o\",\"@id\":\"https:\\\/\\\/www.cidademarketing.com.br\\\/marketing\\\/#\\\/schema\\\/person\\\/02daff9f18bd9378c9e01eb6b2db155f\"},\"headline\":\"Ex-jogador Amaral \u00e9 o Astronauta que viralizou no Brasileir\u00e3o 2024\",\"datePublished\":\"2024-07-18T01:42:07+00:00\",\"mainEntityOfPage\":{\"@id\":\"https:\\\/\\\/www.cidademarketing.com.br\\\/marketing\\\/2024\\\/07\\\/17\\\/ex-jogador-amaral-e-o-astronauta-que-viralizou-no-brasileirao-2024\\\/\"},\"wordCount\":585,\"commentCount\":0,\"publisher\":{\"@id\":\"https:\\\/\\\/www.cidademarketing.com.br\\\/marketing\\\/#organization\"},\"image\":{\"@id\":\"https:\\\/\\\/www.cidademarketing.com.br\\\/marketing\\\/2024\\\/07\\\/17\\\/ex-jogador-amaral-e-o-astronauta-que-viralizou-no-brasileirao-2024\\\/#primaryimage\"},\"thumbnailUrl\":\"https:\\\/\\\/www.cidademarketing.com.br\\\/marketing\\\/wp-content\\\/uploads\\\/2024\\\/07\\\/amaral_astronauta_brasileirao2024_02.webp\",\"keywords\":[\"Amaral\",\"Brasileir\u00e3o 2024\",\"CBF\",\"experi\u00eancia\",\"futebol\",\"Globo\",\"marketing\",\"Square Pixel\",\"White Rabbit\"],\"articleSection\":[\"Not\u00edcias\"],\"inLanguage\":\"pt-BR\",\"potentialAction\":[{\"@type\":\"CommentAction\",\"name\":\"Comment\",\"target\":[\"https:\\\/\\\/www.cidademarketing.com.br\\\/marketing\\\/2024\\\/07\\\/17\\\/ex-jogador-amaral-e-o-astronauta-que-viralizou-no-brasileirao-2024\\\/#respond\"]}]},{\"@type\":\"WebPage\",\"@id\":\"https:\\\/\\\/www.cidademarketing.com.br\\\/marketing\\\/2024\\\/07\\\/17\\\/ex-jogador-amaral-e-o-astronauta-que-viralizou-no-brasileirao-2024\\\/\",\"url\":\"https:\\\/\\\/www.cidademarketing.com.br\\\/marketing\\\/2024\\\/07\\\/17\\\/ex-jogador-amaral-e-o-astronauta-que-viralizou-no-brasileirao-2024\\\/\",\"name\":\"Ex-jogador Amaral \u00e9 o Astronauta que viralizou no Brasileir\u00e3o 2024 - CidadeMarketing\",\"isPartOf\":{\"@id\":\"https:\\\/\\\/www.cidademarketing.com.br\\\/marketing\\\/#website\"},\"primaryImageOfPage\":{\"@id\":\"https:\\\/\\\/www.cidademarketing.com.br\\\/marketing\\\/2024\\\/07\\\/17\\\/ex-jogador-amaral-e-o-astronauta-que-viralizou-no-brasileirao-2024\\\/#primaryimage\"},\"image\":{\"@id\":\"https:\\\/\\\/www.cidademarketing.com.br\\\/marketing\\\/2024\\\/07\\\/17\\\/ex-jogador-amaral-e-o-astronauta-que-viralizou-no-brasileirao-2024\\\/#primaryimage\"},\"thumbnailUrl\":\"https:\\\/\\\/www.cidademarketing.com.br\\\/marketing\\\/wp-content\\\/uploads\\\/2024\\\/07\\\/amaral_astronauta_brasileirao2024_02.webp\",\"datePublished\":\"2024-07-18T01:42:07+00:00\",\"breadcrumb\":{\"@id\":\"https:\\\/\\\/www.cidademarketing.com.br\\\/marketing\\\/2024\\\/07\\\/17\\\/ex-jogador-amaral-e-o-astronauta-que-viralizou-no-brasileirao-2024\\\/#breadcrumb\"},\"inLanguage\":\"pt-BR\",\"potentialAction\":[{\"@type\":\"ReadAction\",\"target\":[\"https:\\\/\\\/www.cidademarketing.com.br\\\/marketing\\\/2024\\\/07\\\/17\\\/ex-jogador-amaral-e-o-astronauta-que-viralizou-no-brasileirao-2024\\\/\"]}]},{\"@type\":\"ImageObject\",\"inLanguage\":\"pt-BR\",\"@id\":\"https:\\\/\\\/www.cidademarketing.com.br\\\/marketing\\\/2024\\\/07\\\/17\\\/ex-jogador-amaral-e-o-astronauta-que-viralizou-no-brasileirao-2024\\\/#primaryimage\",\"url\":\"https:\\\/\\\/www.cidademarketing.com.br\\\/marketing\\\/wp-content\\\/uploads\\\/2024\\\/07\\\/amaral_astronauta_brasileirao2024_02.webp\",\"contentUrl\":\"https:\\\/\\\/www.cidademarketing.com.br\\\/marketing\\\/wp-content\\\/uploads\\\/2024\\\/07\\\/amaral_astronauta_brasileirao2024_02.webp\",\"width\":1269,\"height\":840,\"caption\":\"Divulga\u00e7\u00e3o\"},{\"@type\":\"BreadcrumbList\",\"@id\":\"https:\\\/\\\/www.cidademarketing.com.br\\\/marketing\\\/2024\\\/07\\\/17\\\/ex-jogador-amaral-e-o-astronauta-que-viralizou-no-brasileirao-2024\\\/#breadcrumb\",\"itemListElement\":[{\"@type\":\"ListItem\",\"position\":1,\"name\":\"In\u00edcio\",\"item\":\"https:\\\/\\\/www.cidademarketing.com.br\\\/marketing\\\/\"},{\"@type\":\"ListItem\",\"position\":2,\"name\":\"Ex-jogador Amaral \u00e9 o Astronauta que viralizou no Brasileir\u00e3o 2024\"}]},{\"@type\":\"WebSite\",\"@id\":\"https:\\\/\\\/www.cidademarketing.com.br\\\/marketing\\\/#website\",\"url\":\"https:\\\/\\\/www.cidademarketing.com.br\\\/marketing\\\/\",\"name\":\"CidadeMarketing\",\"description\":\"Somos um ve\u00edculo de comunica\u00e7\u00e3o de destaque no Brasil, reconhecido por conte\u00fados nos segmentos de marketing, empreendedorismo e inova\u00e7\u00e3o.\",\"publisher\":{\"@id\":\"https:\\\/\\\/www.cidademarketing.com.br\\\/marketing\\\/#organization\"},\"alternateName\":\"CidadeMarketing\",\"potentialAction\":[{\"@type\":\"SearchAction\",\"target\":{\"@type\":\"EntryPoint\",\"urlTemplate\":\"https:\\\/\\\/www.cidademarketing.com.br\\\/marketing\\\/?s={search_term_string}\"},\"query-input\":{\"@type\":\"PropertyValueSpecification\",\"valueRequired\":true,\"valueName\":\"search_term_string\"}}],\"inLanguage\":\"pt-BR\"},{\"@type\":\"Organization\",\"@id\":\"https:\\\/\\\/www.cidademarketing.com.br\\\/marketing\\\/#organization\",\"name\":\"CidadeMarketing\",\"alternateName\":\"CidadeMarketing\",\"url\":\"https:\\\/\\\/www.cidademarketing.com.br\\\/marketing\\\/\",\"logo\":{\"@type\":\"ImageObject\",\"inLanguage\":\"pt-BR\",\"@id\":\"https:\\\/\\\/www.cidademarketing.com.br\\\/marketing\\\/#\\\/schema\\\/logo\\\/image\\\/\",\"url\":\"https:\\\/\\\/www.cidademarketing.com.br\\\/marketing\\\/wp-content\\\/uploads\\\/2020\\\/01\\\/cidademarketing_marca_mobile.png\",\"contentUrl\":\"https:\\\/\\\/www.cidademarketing.com.br\\\/marketing\\\/wp-content\\\/uploads\\\/2020\\\/01\\\/cidademarketing_marca_mobile.png\",\"width\":230,\"height\":92,\"caption\":\"CidadeMarketing\"},\"image\":{\"@id\":\"https:\\\/\\\/www.cidademarketing.com.br\\\/marketing\\\/#\\\/schema\\\/logo\\\/image\\\/\"},\"sameAs\":[\"https:\\\/\\\/www.facebook.com\\\/portalcidademarketing\",\"https:\\\/\\\/x.com\\\/CidadeMarketing\",\"https:\\\/\\\/www.instagram.com\\\/cidademarketing\\\/\"]},{\"@type\":\"Person\",\"@id\":\"https:\\\/\\\/www.cidademarketing.com.br\\\/marketing\\\/#\\\/schema\\\/person\\\/02daff9f18bd9378c9e01eb6b2db155f\",\"name\":\"Thales Brand\u00e3o\",\"image\":{\"@type\":\"ImageObject\",\"inLanguage\":\"pt-BR\",\"@id\":\"https:\\\/\\\/secure.gravatar.com\\\/avatar\\\/7ca3206950207cc3cb48feec56a8a7898741ab725c368d99d5d7a5a50aab80c6?s=96&d=mm&r=g\",\"url\":\"https:\\\/\\\/secure.gravatar.com\\\/avatar\\\/7ca3206950207cc3cb48feec56a8a7898741ab725c368d99d5d7a5a50aab80c6?s=96&d=mm&r=g\",\"contentUrl\":\"https:\\\/\\\/secure.gravatar.com\\\/avatar\\\/7ca3206950207cc3cb48feec56a8a7898741ab725c368d99d5d7a5a50aab80c6?s=96&d=mm&r=g\",\"caption\":\"Thales Brand\u00e3o\"},\"description\":\"Editor Executivo do Portal CidadeMarketing.com.br &gt; Mestre em Comunica\u00e7\u00e3o e Sociedade pela Universidade Federal de Sergipe. Possui MBA Executivo em Administra\u00e7\u00e3o com \u00eanfase em Marketing pela Funda\u00e7\u00e3o Get\u00falio Vargas - Rio de Janeiro. Consultor, Palestrante e Pesquisador sobre Empreendedorismo, Marketing, Redes Sociais e Neg\u00f3cios Digitais. Professor, Palestrante TedxTalks e Campus Party. Twitter: @ThalesBrandao\",\"sameAs\":[\"http:\\\/\\\/www.mandacaru.com.br\",\"https:\\\/\\\/www.facebook.com\\\/thalesbrandao\",\"http:\\\/\\\/www.instagram.com.br\\\/thalesbrandaoferreira\",\"https:\\\/\\\/www.linkedin.com\\\/in\\\/thales-brand\u00e3o-3948609\\\/\",\"https:\\\/\\\/x.com\\\/http:\\\/\\\/www.twitter.com\\\/thalesbrandao\"],\"url\":\"https:\\\/\\\/www.cidademarketing.com.br\\\/marketing\\\/author\\\/thalesbrandao\\\/\"}]}<\/script>\n<!-- \/ Yoast SEO plugin. -->","yoast_head_json":{"title":"Ex-jogador Amaral \u00e9 o Astronauta que viralizou no Brasileir\u00e3o 2024 - CidadeMarketing","robots":{"index":"index","follow":"follow","max-snippet":"max-snippet:-1","max-image-preview":"max-image-preview:large","max-video-preview":"max-video-preview:-1"},"canonical":"https:\/\/www.cidademarketing.com.br\/marketing\/2024\/07\/17\/ex-jogador-amaral-e-o-astronauta-que-viralizou-no-brasileirao-2024\/","og_locale":"pt_BR","og_type":"article","og_title":"Ex-jogador Amaral \u00e9 o Astronauta que viralizou no Brasileir\u00e3o 2024 - CidadeMarketing","og_description":"Os efeitos das mudan\u00e7as clim\u00e1ticas em nosso planeta est\u00e3o entre os desafios mais urgentes da nossa era. E para chamar a aten\u00e7\u00e3o desse tema, o Brasileir\u00e3o 2024 virou pano de fundo para esta discuss\u00e3o. Em uma iniciativa da Confedera\u00e7\u00e3o Brasileira de Futebol (CBF) em parceria com o sportv\/Premiere, realizada pela produtora Square Pixel com consultoria [&hellip;]","og_url":"https:\/\/www.cidademarketing.com.br\/marketing\/2024\/07\/17\/ex-jogador-amaral-e-o-astronauta-que-viralizou-no-brasileirao-2024\/","og_site_name":"CidadeMarketing","article_publisher":"https:\/\/www.facebook.com\/portalcidademarketing","article_author":"https:\/\/www.facebook.com\/thalesbrandao","article_published_time":"2024-07-18T01:42:07+00:00","og_image":[{"width":1269,"height":840,"url":"https:\/\/www.cidademarketing.com.br\/marketing\/wp-content\/uploads\/2024\/07\/amaral_astronauta_brasileirao2024_02.webp","type":"image\/webp"}],"author":"Thales Brand\u00e3o","twitter_card":"summary_large_image","twitter_creator":"@http:\/\/www.twitter.com\/thalesbrandao","twitter_site":"@CidadeMarketing","twitter_misc":{"Escrito por":"Thales Brand\u00e3o","Est. tempo de leitura":"3 minutos"},"schema":{"@context":"https:\/\/schema.org","@graph":[{"@type":"Article","@id":"https:\/\/www.cidademarketing.com.br\/marketing\/2024\/07\/17\/ex-jogador-amaral-e-o-astronauta-que-viralizou-no-brasileirao-2024\/#article","isPartOf":{"@id":"https:\/\/www.cidademarketing.com.br\/marketing\/2024\/07\/17\/ex-jogador-amaral-e-o-astronauta-que-viralizou-no-brasileirao-2024\/"},"author":{"name":"Thales Brand\u00e3o","@id":"https:\/\/www.cidademarketing.com.br\/marketing\/#\/schema\/person\/02daff9f18bd9378c9e01eb6b2db155f"},"headline":"Ex-jogador Amaral \u00e9 o Astronauta que viralizou no Brasileir\u00e3o 2024","datePublished":"2024-07-18T01:42:07+00:00","mainEntityOfPage":{"@id":"https:\/\/www.cidademarketing.com.br\/marketing\/2024\/07\/17\/ex-jogador-amaral-e-o-astronauta-que-viralizou-no-brasileirao-2024\/"},"wordCount":585,"commentCount":0,"publisher":{"@id":"https:\/\/www.cidademarketing.com.br\/marketing\/#organization"},"image":{"@id":"https:\/\/www.cidademarketing.com.br\/marketing\/2024\/07\/17\/ex-jogador-amaral-e-o-astronauta-que-viralizou-no-brasileirao-2024\/#primaryimage"},"thumbnailUrl":"https:\/\/www.cidademarketing.com.br\/marketing\/wp-content\/uploads\/2024\/07\/amaral_astronauta_brasileirao2024_02.webp","keywords":["Amaral","Brasileir\u00e3o 2024","CBF","experi\u00eancia","futebol","Globo","marketing","Square Pixel","White Rabbit"],"articleSection":["Not\u00edcias"],"inLanguage":"pt-BR","potentialAction":[{"@type":"CommentAction","name":"Comment","target":["https:\/\/www.cidademarketing.com.br\/marketing\/2024\/07\/17\/ex-jogador-amaral-e-o-astronauta-que-viralizou-no-brasileirao-2024\/#respond"]}]},{"@type":"WebPage","@id":"https:\/\/www.cidademarketing.com.br\/marketing\/2024\/07\/17\/ex-jogador-amaral-e-o-astronauta-que-viralizou-no-brasileirao-2024\/","url":"https:\/\/www.cidademarketing.com.br\/marketing\/2024\/07\/17\/ex-jogador-amaral-e-o-astronauta-que-viralizou-no-brasileirao-2024\/","name":"Ex-jogador Amaral \u00e9 o Astronauta que viralizou no Brasileir\u00e3o 2024 - CidadeMarketing","isPartOf":{"@id":"https:\/\/www.cidademarketing.com.br\/marketing\/#website"},"primaryImageOfPage":{"@id":"https:\/\/www.cidademarketing.com.br\/marketing\/2024\/07\/17\/ex-jogador-amaral-e-o-astronauta-que-viralizou-no-brasileirao-2024\/#primaryimage"},"image":{"@id":"https:\/\/www.cidademarketing.com.br\/marketing\/2024\/07\/17\/ex-jogador-amaral-e-o-astronauta-que-viralizou-no-brasileirao-2024\/#primaryimage"},"thumbnailUrl":"https:\/\/www.cidademarketing.com.br\/marketing\/wp-content\/uploads\/2024\/07\/amaral_astronauta_brasileirao2024_02.webp","datePublished":"2024-07-18T01:42:07+00:00","breadcrumb":{"@id":"https:\/\/www.cidademarketing.com.br\/marketing\/2024\/07\/17\/ex-jogador-amaral-e-o-astronauta-que-viralizou-no-brasileirao-2024\/#breadcrumb"},"inLanguage":"pt-BR","potentialAction":[{"@type":"ReadAction","target":["https:\/\/www.cidademarketing.com.br\/marketing\/2024\/07\/17\/ex-jogador-amaral-e-o-astronauta-que-viralizou-no-brasileirao-2024\/"]}]},{"@type":"ImageObject","inLanguage":"pt-BR","@id":"https:\/\/www.cidademarketing.com.br\/marketing\/2024\/07\/17\/ex-jogador-amaral-e-o-astronauta-que-viralizou-no-brasileirao-2024\/#primaryimage","url":"https:\/\/www.cidademarketing.com.br\/marketing\/wp-content\/uploads\/2024\/07\/amaral_astronauta_brasileirao2024_02.webp","contentUrl":"https:\/\/www.cidademarketing.com.br\/marketing\/wp-content\/uploads\/2024\/07\/amaral_astronauta_brasileirao2024_02.webp","width":1269,"height":840,"caption":"Divulga\u00e7\u00e3o"},{"@type":"BreadcrumbList","@id":"https:\/\/www.cidademarketing.com.br\/marketing\/2024\/07\/17\/ex-jogador-amaral-e-o-astronauta-que-viralizou-no-brasileirao-2024\/#breadcrumb","itemListElement":[{"@type":"ListItem","position":1,"name":"In\u00edcio","item":"https:\/\/www.cidademarketing.com.br\/marketing\/"},{"@type":"ListItem","position":2,"name":"Ex-jogador Amaral \u00e9 o Astronauta que viralizou no Brasileir\u00e3o 2024"}]},{"@type":"WebSite","@id":"https:\/\/www.cidademarketing.com.br\/marketing\/#website","url":"https:\/\/www.cidademarketing.com.br\/marketing\/","name":"CidadeMarketing","description":"Somos um ve\u00edculo de comunica\u00e7\u00e3o de destaque no Brasil, reconhecido por conte\u00fados nos segmentos de marketing, empreendedorismo e inova\u00e7\u00e3o.","publisher":{"@id":"https:\/\/www.cidademarketing.com.br\/marketing\/#organization"},"alternateName":"CidadeMarketing","potentialAction":[{"@type":"SearchAction","target":{"@type":"EntryPoint","urlTemplate":"https:\/\/www.cidademarketing.com.br\/marketing\/?s={search_term_string}"},"query-input":{"@type":"PropertyValueSpecification","valueRequired":true,"valueName":"search_term_string"}}],"inLanguage":"pt-BR"},{"@type":"Organization","@id":"https:\/\/www.cidademarketing.com.br\/marketing\/#organization","name":"CidadeMarketing","alternateName":"CidadeMarketing","url":"https:\/\/www.cidademarketing.com.br\/marketing\/","logo":{"@type":"ImageObject","inLanguage":"pt-BR","@id":"https:\/\/www.cidademarketing.com.br\/marketing\/#\/schema\/logo\/image\/","url":"https:\/\/www.cidademarketing.com.br\/marketing\/wp-content\/uploads\/2020\/01\/cidademarketing_marca_mobile.png","contentUrl":"https:\/\/www.cidademarketing.com.br\/marketing\/wp-content\/uploads\/2020\/01\/cidademarketing_marca_mobile.png","width":230,"height":92,"caption":"CidadeMarketing"},"image":{"@id":"https:\/\/www.cidademarketing.com.br\/marketing\/#\/schema\/logo\/image\/"},"sameAs":["https:\/\/www.facebook.com\/portalcidademarketing","https:\/\/x.com\/CidadeMarketing","https:\/\/www.instagram.com\/cidademarketing\/"]},{"@type":"Person","@id":"https:\/\/www.cidademarketing.com.br\/marketing\/#\/schema\/person\/02daff9f18bd9378c9e01eb6b2db155f","name":"Thales Brand\u00e3o","image":{"@type":"ImageObject","inLanguage":"pt-BR","@id":"https:\/\/secure.gravatar.com\/avatar\/7ca3206950207cc3cb48feec56a8a7898741ab725c368d99d5d7a5a50aab80c6?s=96&d=mm&r=g","url":"https:\/\/secure.gravatar.com\/avatar\/7ca3206950207cc3cb48feec56a8a7898741ab725c368d99d5d7a5a50aab80c6?s=96&d=mm&r=g","contentUrl":"https:\/\/secure.gravatar.com\/avatar\/7ca3206950207cc3cb48feec56a8a7898741ab725c368d99d5d7a5a50aab80c6?s=96&d=mm&r=g","caption":"Thales Brand\u00e3o"},"description":"Editor Executivo do Portal CidadeMarketing.com.br &gt; Mestre em Comunica\u00e7\u00e3o e Sociedade pela Universidade Federal de Sergipe. Possui MBA Executivo em Administra\u00e7\u00e3o com \u00eanfase em Marketing pela Funda\u00e7\u00e3o Get\u00falio Vargas - Rio de Janeiro. Consultor, Palestrante e Pesquisador sobre Empreendedorismo, Marketing, Redes Sociais e Neg\u00f3cios Digitais. Professor, Palestrante TedxTalks e Campus Party. Twitter: @ThalesBrandao","sameAs":["http:\/\/www.mandacaru.com.br","https:\/\/www.facebook.com\/thalesbrandao","http:\/\/www.instagram.com.br\/thalesbrandaoferreira","https:\/\/www.linkedin.com\/in\/thales-brand\u00e3o-3948609\/","https:\/\/x.com\/http:\/\/www.twitter.com\/thalesbrandao"],"url":"https:\/\/www.cidademarketing.com.br\/marketing\/author\/thalesbrandao\/"}]}},"amp_enabled":true,"_links":{"self":[{"href":"https:\/\/www.cidademarketing.com.br\/marketing\/wp-json\/wp\/v2\/posts\/51797","targetHints":{"allow":["GET"]}}],"collection":[{"href":"https:\/\/www.cidademarketing.com.br\/marketing\/wp-json\/wp\/v2\/posts"}],"about":[{"href":"https:\/\/www.cidademarketing.com.br\/marketing\/wp-json\/wp\/v2\/types\/post"}],"author":[{"embeddable":true,"href":"https:\/\/www.cidademarketing.com.br\/marketing\/wp-json\/wp\/v2\/users\/1"}],"replies":[{"embeddable":true,"href":"https:\/\/www.cidademarketing.com.br\/marketing\/wp-json\/wp\/v2\/comments?post=51797"}],"version-history":[{"count":1,"href":"https:\/\/www.cidademarketing.com.br\/marketing\/wp-json\/wp\/v2\/posts\/51797\/revisions"}],"predecessor-version":[{"id":51802,"href":"https:\/\/www.cidademarketing.com.br\/marketing\/wp-json\/wp\/v2\/posts\/51797\/revisions\/51802"}],"wp:featuredmedia":[{"embeddable":true,"href":"https:\/\/www.cidademarketing.com.br\/marketing\/wp-json\/wp\/v2\/media\/51800"}],"wp:attachment":[{"href":"https:\/\/www.cidademarketing.com.br\/marketing\/wp-json\/wp\/v2\/media?parent=51797"}],"wp:term":[{"taxonomy":"category","embeddable":true,"href":"https:\/\/www.cidademarketing.com.br\/marketing\/wp-json\/wp\/v2\/categories?post=51797"},{"taxonomy":"post_tag","embeddable":true,"href":"https:\/\/www.cidademarketing.com.br\/marketing\/wp-json\/wp\/v2\/tags?post=51797"}],"curies":[{"name":"wp","href":"https:\/\/api.w.org\/{rel}","templated":true}]}}