{"id":5160,"date":"2019-01-21T14:28:48","date_gmt":"2019-01-21T16:28:48","guid":{"rendered":"http:\/\/www.cidademarketing.com.br\/marketing\/?p=5160"},"modified":"2019-01-21T14:28:51","modified_gmt":"2019-01-21T16:28:51","slug":"nova-campanha-da-coqueiro-traz-naiara-azevedo-como-garota-propaganda","status":"publish","type":"post","link":"https:\/\/www.cidademarketing.com.br\/marketing\/2019\/01\/21\/nova-campanha-da-coqueiro-traz-naiara-azevedo-como-garota-propaganda\/","title":{"rendered":"Nova campanha da Coqueiro traz Naiara Azevedo como garota propaganda"},"content":{"rendered":"\n<p>A cantora Naiara Azevedo \u00e9 a garota propaganda da nova campanha da Coqueiro, que estreia no dia 15 de janeiro, em rede nacional e apresenta a promo\u00e7\u00e3o Beleza na Lata Coqueiro, que ir\u00e1 sortear mais de mil pr\u00eamios de 500 reais e  dois grandes pr\u00eamios de R$ 50 mil reais e os dois sortudos tamb\u00e9m ter\u00e3o direito a assistir ao show do backstage e  bater um papo com a cantora no camarim.  <\/p>\n\n\n\n<p><br> Descontra\u00edda durante as fotos da campanha, a cantora revelou os seus segredos para manter a forma e equilibrar alimenta\u00e7\u00e3o e rotina sem abrir m\u00e3o do bem-estar. \u201c\u00c9 preciso ter disciplina e fazer boas escolhas. Alimentos que gosto muito e que me garante saciedade e nutrientes. Quando nos alimentamos bem, nos sentimentos bem durante todo o dia. Isso \u00e9 muito importante para quem busca ter energia e bem-estar ao longo de todo o dia.\u201d explica Naiara.<\/p>\n\n\n\n<figure class=\"wp-block-embed-youtube wp-block-embed is-type-video is-provider-youtube wp-embed-aspect-16-9 wp-has-aspect-ratio\"><div class=\"wp-block-embed__wrapper\">\n<div class=\"youtube-embed\" data-video_id=\"TUXcW6bODRg\"><iframe title=\"COQUEIRO | Promo\u00e7\u00e3o Beleza na Lata com Naiara Azevedo\" width=\"640\" height=\"360\" src=\"https:\/\/www.youtube.com\/embed\/TUXcW6bODRg?feature=oembed&#038;enablejsapi=1&#038;enablejsapi=1\" frameborder=\"0\" allow=\"accelerometer; autoplay; clipboard-write; encrypted-media; gyroscope; picture-in-picture; web-share\" referrerpolicy=\"strict-origin-when-cross-origin\" allowfullscreen><\/iframe><\/div>\n<\/div><\/figure>\n\n\n\n<p><br> Na hora de escolher um alimento coringa dentro de seu dia, Naiara, que adora cozinhar, n\u00e3o hesitou em apontar a versatilidade dos pescados. \u201cPeixe faz parte da minha alimenta\u00e7\u00e3o. Atum ou sardinha em lata s\u00e3o \u00f3timas op\u00e7\u00f5es para os dias mais corridos, seja para acompanhar a salada ou com legumes. Com molho tamb\u00e9m fica \u00f3timo. Eu adoro cozinhar e ficar em casa e, quando tenho um tempinho, fa\u00e7o quest\u00e3o de colocar a m\u00e3o na massa. Nesses momentos o peixe tamb\u00e9m faz parte do card\u00e1pio\u201d.<\/p>\n\n\n\n<p><br> Al\u00e9m da alimenta\u00e7\u00e3o equilibrada, repleta de ingredientes nutritivos, a dona de sucessos como 50 Reais e Chora no meu Colo, tamb\u00e9m investe em atividades f\u00edsicas variadas. Recentemente descobriu prazer em pedalar \u00e0 noite. \u201c\u00c9 importante se movimentar e escolher uma atividade que voc\u00ea goste. Ganhei faz pouco tempo duas bicicletas de presente em um show e, ultimamente, tenho adorado pedalar pelo condom\u00ednio em que moro. Coloco uma m\u00fasica e aproveito a tranquilidade de me exercitar de madrugada. Como sou muito agitada, \u00e9 uma \u00f3tima atividade para extravasar minha energia\u201d, explica.<\/p>\n\n\n\n<p><br> Durante a conversa, Naiara tamb\u00e9m destacou que seu objetivo do cuidado com a alimenta\u00e7\u00e3o e a atividade f\u00edsica \u00e9 justamente para garantir bem-estar. \u201cO importante \u00e9 voc\u00ea se sentir bem consigo mesma. Quando estamos bem, nos sentimos mais bonitas. Eu me cuido para ter mais disposi\u00e7\u00e3o no trabalho e para fazer o que gosto\u201d.<\/p>\n","protected":false},"excerpt":{"rendered":"<p>A cantora Naiara Azevedo \u00e9 a garota propaganda da nova campanha da Coqueiro, que estreia no dia 15 de janeiro, em rede nacional e apresenta a promo\u00e7\u00e3o Beleza na Lata Coqueiro, que ir\u00e1 sortear mais de mil pr\u00eamios de 500 reais e dois grandes pr\u00eamios de R$ 50 mil reais e os dois sortudos tamb\u00e9m [&hellip;]<\/p>\n","protected":false},"author":1,"featured_media":5161,"comment_status":"open","ping_status":"open","sticky":false,"template":"","format":"standard","meta":{"tdm_status":"","tdm_grid_status":"","footnotes":""},"categories":[6],"tags":[65,1195],"class_list":["post-5160","post","type-post","status-publish","format-standard","has-post-thumbnail","hentry","category-noticias","tag-campanha","tag-naiara-aevedo"],"yoast_head":"<!-- This site is optimized with the Yoast SEO plugin v27.5 - https:\/\/yoast.com\/product\/yoast-seo-wordpress\/ -->\n<title>Nova campanha da Coqueiro traz Naiara Azevedo como garota propaganda - CidadeMarketing<\/title>\n<meta name=\"robots\" content=\"index, follow, max-snippet:-1, max-image-preview:large, max-video-preview:-1\" \/>\n<link rel=\"canonical\" href=\"https:\/\/www.cidademarketing.com.br\/marketing\/2019\/01\/21\/nova-campanha-da-coqueiro-traz-naiara-azevedo-como-garota-propaganda\/\" \/>\n<meta property=\"og:locale\" content=\"pt_BR\" \/>\n<meta property=\"og:type\" content=\"article\" \/>\n<meta property=\"og:title\" content=\"Nova campanha da Coqueiro traz Naiara Azevedo como garota propaganda - CidadeMarketing\" \/>\n<meta property=\"og:description\" content=\"A cantora Naiara Azevedo \u00e9 a garota propaganda da nova campanha da Coqueiro, que estreia no dia 15 de janeiro, em rede nacional e apresenta a promo\u00e7\u00e3o Beleza na Lata Coqueiro, que ir\u00e1 sortear mais de mil pr\u00eamios de 500 reais e dois grandes pr\u00eamios de R$ 50 mil reais e os dois sortudos tamb\u00e9m [&hellip;]\" \/>\n<meta property=\"og:url\" content=\"https:\/\/www.cidademarketing.com.br\/marketing\/2019\/01\/21\/nova-campanha-da-coqueiro-traz-naiara-azevedo-como-garota-propaganda\/\" \/>\n<meta property=\"og:site_name\" content=\"CidadeMarketing\" \/>\n<meta property=\"article:publisher\" content=\"https:\/\/www.facebook.com\/portalcidademarketing\" \/>\n<meta property=\"article:author\" content=\"https:\/\/www.facebook.com\/thalesbrandao\" \/>\n<meta property=\"article:published_time\" content=\"2019-01-21T16:28:48+00:00\" \/>\n<meta property=\"article:modified_time\" content=\"2019-01-21T16:28:51+00:00\" \/>\n<meta property=\"og:image\" content=\"https:\/\/www.cidademarketing.com.br\/marketing\/wp-content\/uploads\/2019\/01\/naiaraazevedo_coqueiro.jpg\" \/>\n\t<meta property=\"og:image:width\" content=\"1182\" \/>\n\t<meta property=\"og:image:height\" content=\"611\" \/>\n\t<meta property=\"og:image:type\" content=\"image\/jpeg\" \/>\n<meta name=\"author\" content=\"Thales Brand\u00e3o\" \/>\n<meta name=\"twitter:card\" content=\"summary_large_image\" \/>\n<meta name=\"twitter:creator\" content=\"@http:\/\/www.twitter.com\/thalesbrandao\" \/>\n<meta name=\"twitter:site\" content=\"@CidadeMarketing\" \/>\n<meta name=\"twitter:label1\" content=\"Escrito por\" \/>\n\t<meta name=\"twitter:data1\" content=\"Thales Brand\u00e3o\" \/>\n\t<meta name=\"twitter:label2\" content=\"Est. tempo de leitura\" \/>\n\t<meta name=\"twitter:data2\" content=\"2 minutos\" \/>\n<script type=\"application\/ld+json\" class=\"yoast-schema-graph\">{\"@context\":\"https:\\\/\\\/schema.org\",\"@graph\":[{\"@type\":\"Article\",\"@id\":\"https:\\\/\\\/www.cidademarketing.com.br\\\/marketing\\\/2019\\\/01\\\/21\\\/nova-campanha-da-coqueiro-traz-naiara-azevedo-como-garota-propaganda\\\/#article\",\"isPartOf\":{\"@id\":\"https:\\\/\\\/www.cidademarketing.com.br\\\/marketing\\\/2019\\\/01\\\/21\\\/nova-campanha-da-coqueiro-traz-naiara-azevedo-como-garota-propaganda\\\/\"},\"author\":{\"name\":\"Thales Brand\u00e3o\",\"@id\":\"https:\\\/\\\/www.cidademarketing.com.br\\\/marketing\\\/#\\\/schema\\\/person\\\/02daff9f18bd9378c9e01eb6b2db155f\"},\"headline\":\"Nova campanha da Coqueiro traz Naiara Azevedo como garota propaganda\",\"datePublished\":\"2019-01-21T16:28:48+00:00\",\"dateModified\":\"2019-01-21T16:28:51+00:00\",\"mainEntityOfPage\":{\"@id\":\"https:\\\/\\\/www.cidademarketing.com.br\\\/marketing\\\/2019\\\/01\\\/21\\\/nova-campanha-da-coqueiro-traz-naiara-azevedo-como-garota-propaganda\\\/\"},\"wordCount\":409,\"commentCount\":0,\"publisher\":{\"@id\":\"https:\\\/\\\/www.cidademarketing.com.br\\\/marketing\\\/#organization\"},\"image\":{\"@id\":\"https:\\\/\\\/www.cidademarketing.com.br\\\/marketing\\\/2019\\\/01\\\/21\\\/nova-campanha-da-coqueiro-traz-naiara-azevedo-como-garota-propaganda\\\/#primaryimage\"},\"thumbnailUrl\":\"https:\\\/\\\/www.cidademarketing.com.br\\\/marketing\\\/wp-content\\\/uploads\\\/2019\\\/01\\\/naiaraazevedo_coqueiro.jpg\",\"keywords\":[\"campanha\",\"Naiara Aevedo\"],\"articleSection\":[\"Not\u00edcias\"],\"inLanguage\":\"pt-BR\",\"potentialAction\":[{\"@type\":\"CommentAction\",\"name\":\"Comment\",\"target\":[\"https:\\\/\\\/www.cidademarketing.com.br\\\/marketing\\\/2019\\\/01\\\/21\\\/nova-campanha-da-coqueiro-traz-naiara-azevedo-como-garota-propaganda\\\/#respond\"]}]},{\"@type\":\"WebPage\",\"@id\":\"https:\\\/\\\/www.cidademarketing.com.br\\\/marketing\\\/2019\\\/01\\\/21\\\/nova-campanha-da-coqueiro-traz-naiara-azevedo-como-garota-propaganda\\\/\",\"url\":\"https:\\\/\\\/www.cidademarketing.com.br\\\/marketing\\\/2019\\\/01\\\/21\\\/nova-campanha-da-coqueiro-traz-naiara-azevedo-como-garota-propaganda\\\/\",\"name\":\"Nova campanha da Coqueiro traz Naiara Azevedo como garota propaganda - CidadeMarketing\",\"isPartOf\":{\"@id\":\"https:\\\/\\\/www.cidademarketing.com.br\\\/marketing\\\/#website\"},\"primaryImageOfPage\":{\"@id\":\"https:\\\/\\\/www.cidademarketing.com.br\\\/marketing\\\/2019\\\/01\\\/21\\\/nova-campanha-da-coqueiro-traz-naiara-azevedo-como-garota-propaganda\\\/#primaryimage\"},\"image\":{\"@id\":\"https:\\\/\\\/www.cidademarketing.com.br\\\/marketing\\\/2019\\\/01\\\/21\\\/nova-campanha-da-coqueiro-traz-naiara-azevedo-como-garota-propaganda\\\/#primaryimage\"},\"thumbnailUrl\":\"https:\\\/\\\/www.cidademarketing.com.br\\\/marketing\\\/wp-content\\\/uploads\\\/2019\\\/01\\\/naiaraazevedo_coqueiro.jpg\",\"datePublished\":\"2019-01-21T16:28:48+00:00\",\"dateModified\":\"2019-01-21T16:28:51+00:00\",\"breadcrumb\":{\"@id\":\"https:\\\/\\\/www.cidademarketing.com.br\\\/marketing\\\/2019\\\/01\\\/21\\\/nova-campanha-da-coqueiro-traz-naiara-azevedo-como-garota-propaganda\\\/#breadcrumb\"},\"inLanguage\":\"pt-BR\",\"potentialAction\":[{\"@type\":\"ReadAction\",\"target\":[\"https:\\\/\\\/www.cidademarketing.com.br\\\/marketing\\\/2019\\\/01\\\/21\\\/nova-campanha-da-coqueiro-traz-naiara-azevedo-como-garota-propaganda\\\/\"]}]},{\"@type\":\"ImageObject\",\"inLanguage\":\"pt-BR\",\"@id\":\"https:\\\/\\\/www.cidademarketing.com.br\\\/marketing\\\/2019\\\/01\\\/21\\\/nova-campanha-da-coqueiro-traz-naiara-azevedo-como-garota-propaganda\\\/#primaryimage\",\"url\":\"https:\\\/\\\/www.cidademarketing.com.br\\\/marketing\\\/wp-content\\\/uploads\\\/2019\\\/01\\\/naiaraazevedo_coqueiro.jpg\",\"contentUrl\":\"https:\\\/\\\/www.cidademarketing.com.br\\\/marketing\\\/wp-content\\\/uploads\\\/2019\\\/01\\\/naiaraazevedo_coqueiro.jpg\",\"width\":1182,\"height\":611,\"caption\":\"Reprodu\u00e7\u00e3o\"},{\"@type\":\"BreadcrumbList\",\"@id\":\"https:\\\/\\\/www.cidademarketing.com.br\\\/marketing\\\/2019\\\/01\\\/21\\\/nova-campanha-da-coqueiro-traz-naiara-azevedo-como-garota-propaganda\\\/#breadcrumb\",\"itemListElement\":[{\"@type\":\"ListItem\",\"position\":1,\"name\":\"In\u00edcio\",\"item\":\"https:\\\/\\\/www.cidademarketing.com.br\\\/marketing\\\/\"},{\"@type\":\"ListItem\",\"position\":2,\"name\":\"Nova campanha da Coqueiro traz Naiara Azevedo como garota propaganda\"}]},{\"@type\":\"WebSite\",\"@id\":\"https:\\\/\\\/www.cidademarketing.com.br\\\/marketing\\\/#website\",\"url\":\"https:\\\/\\\/www.cidademarketing.com.br\\\/marketing\\\/\",\"name\":\"CidadeMarketing\",\"description\":\"Somos um ve\u00edculo de comunica\u00e7\u00e3o de destaque no Brasil, reconhecido por conte\u00fados nos segmentos de marketing, empreendedorismo e inova\u00e7\u00e3o.\",\"publisher\":{\"@id\":\"https:\\\/\\\/www.cidademarketing.com.br\\\/marketing\\\/#organization\"},\"alternateName\":\"CidadeMarketing\",\"potentialAction\":[{\"@type\":\"SearchAction\",\"target\":{\"@type\":\"EntryPoint\",\"urlTemplate\":\"https:\\\/\\\/www.cidademarketing.com.br\\\/marketing\\\/?s={search_term_string}\"},\"query-input\":{\"@type\":\"PropertyValueSpecification\",\"valueRequired\":true,\"valueName\":\"search_term_string\"}}],\"inLanguage\":\"pt-BR\"},{\"@type\":\"Organization\",\"@id\":\"https:\\\/\\\/www.cidademarketing.com.br\\\/marketing\\\/#organization\",\"name\":\"CidadeMarketing\",\"alternateName\":\"CidadeMarketing\",\"url\":\"https:\\\/\\\/www.cidademarketing.com.br\\\/marketing\\\/\",\"logo\":{\"@type\":\"ImageObject\",\"inLanguage\":\"pt-BR\",\"@id\":\"https:\\\/\\\/www.cidademarketing.com.br\\\/marketing\\\/#\\\/schema\\\/logo\\\/image\\\/\",\"url\":\"https:\\\/\\\/www.cidademarketing.com.br\\\/marketing\\\/wp-content\\\/uploads\\\/2020\\\/01\\\/cidademarketing_marca_mobile.png\",\"contentUrl\":\"https:\\\/\\\/www.cidademarketing.com.br\\\/marketing\\\/wp-content\\\/uploads\\\/2020\\\/01\\\/cidademarketing_marca_mobile.png\",\"width\":230,\"height\":92,\"caption\":\"CidadeMarketing\"},\"image\":{\"@id\":\"https:\\\/\\\/www.cidademarketing.com.br\\\/marketing\\\/#\\\/schema\\\/logo\\\/image\\\/\"},\"sameAs\":[\"https:\\\/\\\/www.facebook.com\\\/portalcidademarketing\",\"https:\\\/\\\/x.com\\\/CidadeMarketing\",\"https:\\\/\\\/www.instagram.com\\\/cidademarketing\\\/\"]},{\"@type\":\"Person\",\"@id\":\"https:\\\/\\\/www.cidademarketing.com.br\\\/marketing\\\/#\\\/schema\\\/person\\\/02daff9f18bd9378c9e01eb6b2db155f\",\"name\":\"Thales Brand\u00e3o\",\"image\":{\"@type\":\"ImageObject\",\"inLanguage\":\"pt-BR\",\"@id\":\"https:\\\/\\\/secure.gravatar.com\\\/avatar\\\/7ca3206950207cc3cb48feec56a8a7898741ab725c368d99d5d7a5a50aab80c6?s=96&d=mm&r=g\",\"url\":\"https:\\\/\\\/secure.gravatar.com\\\/avatar\\\/7ca3206950207cc3cb48feec56a8a7898741ab725c368d99d5d7a5a50aab80c6?s=96&d=mm&r=g\",\"contentUrl\":\"https:\\\/\\\/secure.gravatar.com\\\/avatar\\\/7ca3206950207cc3cb48feec56a8a7898741ab725c368d99d5d7a5a50aab80c6?s=96&d=mm&r=g\",\"caption\":\"Thales Brand\u00e3o\"},\"description\":\"Editor Executivo do Portal CidadeMarketing.com.br &gt; Mestre em Comunica\u00e7\u00e3o e Sociedade pela Universidade Federal de Sergipe. Possui MBA Executivo em Administra\u00e7\u00e3o com \u00eanfase em Marketing pela Funda\u00e7\u00e3o Get\u00falio Vargas - Rio de Janeiro. Consultor, Palestrante e Pesquisador sobre Empreendedorismo, Marketing, Redes Sociais e Neg\u00f3cios Digitais. Professor, Palestrante TedxTalks e Campus Party. Twitter: @ThalesBrandao\",\"sameAs\":[\"http:\\\/\\\/www.mandacaru.com.br\",\"https:\\\/\\\/www.facebook.com\\\/thalesbrandao\",\"http:\\\/\\\/www.instagram.com.br\\\/thalesbrandaoferreira\",\"https:\\\/\\\/www.linkedin.com\\\/in\\\/thales-brand\u00e3o-3948609\\\/\",\"https:\\\/\\\/x.com\\\/http:\\\/\\\/www.twitter.com\\\/thalesbrandao\"],\"url\":\"https:\\\/\\\/www.cidademarketing.com.br\\\/marketing\\\/author\\\/thalesbrandao\\\/\"}]}<\/script>\n<!-- \/ Yoast SEO plugin. -->","yoast_head_json":{"title":"Nova campanha da Coqueiro traz Naiara Azevedo como garota propaganda - CidadeMarketing","robots":{"index":"index","follow":"follow","max-snippet":"max-snippet:-1","max-image-preview":"max-image-preview:large","max-video-preview":"max-video-preview:-1"},"canonical":"https:\/\/www.cidademarketing.com.br\/marketing\/2019\/01\/21\/nova-campanha-da-coqueiro-traz-naiara-azevedo-como-garota-propaganda\/","og_locale":"pt_BR","og_type":"article","og_title":"Nova campanha da Coqueiro traz Naiara Azevedo como garota propaganda - CidadeMarketing","og_description":"A cantora Naiara Azevedo \u00e9 a garota propaganda da nova campanha da Coqueiro, que estreia no dia 15 de janeiro, em rede nacional e apresenta a promo\u00e7\u00e3o Beleza na Lata Coqueiro, que ir\u00e1 sortear mais de mil pr\u00eamios de 500 reais e dois grandes pr\u00eamios de R$ 50 mil reais e os dois sortudos tamb\u00e9m [&hellip;]","og_url":"https:\/\/www.cidademarketing.com.br\/marketing\/2019\/01\/21\/nova-campanha-da-coqueiro-traz-naiara-azevedo-como-garota-propaganda\/","og_site_name":"CidadeMarketing","article_publisher":"https:\/\/www.facebook.com\/portalcidademarketing","article_author":"https:\/\/www.facebook.com\/thalesbrandao","article_published_time":"2019-01-21T16:28:48+00:00","article_modified_time":"2019-01-21T16:28:51+00:00","og_image":[{"width":1182,"height":611,"url":"https:\/\/www.cidademarketing.com.br\/marketing\/wp-content\/uploads\/2019\/01\/naiaraazevedo_coqueiro.jpg","type":"image\/jpeg"}],"author":"Thales Brand\u00e3o","twitter_card":"summary_large_image","twitter_creator":"@http:\/\/www.twitter.com\/thalesbrandao","twitter_site":"@CidadeMarketing","twitter_misc":{"Escrito por":"Thales Brand\u00e3o","Est. tempo de leitura":"2 minutos"},"schema":{"@context":"https:\/\/schema.org","@graph":[{"@type":"Article","@id":"https:\/\/www.cidademarketing.com.br\/marketing\/2019\/01\/21\/nova-campanha-da-coqueiro-traz-naiara-azevedo-como-garota-propaganda\/#article","isPartOf":{"@id":"https:\/\/www.cidademarketing.com.br\/marketing\/2019\/01\/21\/nova-campanha-da-coqueiro-traz-naiara-azevedo-como-garota-propaganda\/"},"author":{"name":"Thales Brand\u00e3o","@id":"https:\/\/www.cidademarketing.com.br\/marketing\/#\/schema\/person\/02daff9f18bd9378c9e01eb6b2db155f"},"headline":"Nova campanha da Coqueiro traz Naiara Azevedo como garota propaganda","datePublished":"2019-01-21T16:28:48+00:00","dateModified":"2019-01-21T16:28:51+00:00","mainEntityOfPage":{"@id":"https:\/\/www.cidademarketing.com.br\/marketing\/2019\/01\/21\/nova-campanha-da-coqueiro-traz-naiara-azevedo-como-garota-propaganda\/"},"wordCount":409,"commentCount":0,"publisher":{"@id":"https:\/\/www.cidademarketing.com.br\/marketing\/#organization"},"image":{"@id":"https:\/\/www.cidademarketing.com.br\/marketing\/2019\/01\/21\/nova-campanha-da-coqueiro-traz-naiara-azevedo-como-garota-propaganda\/#primaryimage"},"thumbnailUrl":"https:\/\/www.cidademarketing.com.br\/marketing\/wp-content\/uploads\/2019\/01\/naiaraazevedo_coqueiro.jpg","keywords":["campanha","Naiara Aevedo"],"articleSection":["Not\u00edcias"],"inLanguage":"pt-BR","potentialAction":[{"@type":"CommentAction","name":"Comment","target":["https:\/\/www.cidademarketing.com.br\/marketing\/2019\/01\/21\/nova-campanha-da-coqueiro-traz-naiara-azevedo-como-garota-propaganda\/#respond"]}]},{"@type":"WebPage","@id":"https:\/\/www.cidademarketing.com.br\/marketing\/2019\/01\/21\/nova-campanha-da-coqueiro-traz-naiara-azevedo-como-garota-propaganda\/","url":"https:\/\/www.cidademarketing.com.br\/marketing\/2019\/01\/21\/nova-campanha-da-coqueiro-traz-naiara-azevedo-como-garota-propaganda\/","name":"Nova campanha da Coqueiro traz Naiara Azevedo como garota propaganda - CidadeMarketing","isPartOf":{"@id":"https:\/\/www.cidademarketing.com.br\/marketing\/#website"},"primaryImageOfPage":{"@id":"https:\/\/www.cidademarketing.com.br\/marketing\/2019\/01\/21\/nova-campanha-da-coqueiro-traz-naiara-azevedo-como-garota-propaganda\/#primaryimage"},"image":{"@id":"https:\/\/www.cidademarketing.com.br\/marketing\/2019\/01\/21\/nova-campanha-da-coqueiro-traz-naiara-azevedo-como-garota-propaganda\/#primaryimage"},"thumbnailUrl":"https:\/\/www.cidademarketing.com.br\/marketing\/wp-content\/uploads\/2019\/01\/naiaraazevedo_coqueiro.jpg","datePublished":"2019-01-21T16:28:48+00:00","dateModified":"2019-01-21T16:28:51+00:00","breadcrumb":{"@id":"https:\/\/www.cidademarketing.com.br\/marketing\/2019\/01\/21\/nova-campanha-da-coqueiro-traz-naiara-azevedo-como-garota-propaganda\/#breadcrumb"},"inLanguage":"pt-BR","potentialAction":[{"@type":"ReadAction","target":["https:\/\/www.cidademarketing.com.br\/marketing\/2019\/01\/21\/nova-campanha-da-coqueiro-traz-naiara-azevedo-como-garota-propaganda\/"]}]},{"@type":"ImageObject","inLanguage":"pt-BR","@id":"https:\/\/www.cidademarketing.com.br\/marketing\/2019\/01\/21\/nova-campanha-da-coqueiro-traz-naiara-azevedo-como-garota-propaganda\/#primaryimage","url":"https:\/\/www.cidademarketing.com.br\/marketing\/wp-content\/uploads\/2019\/01\/naiaraazevedo_coqueiro.jpg","contentUrl":"https:\/\/www.cidademarketing.com.br\/marketing\/wp-content\/uploads\/2019\/01\/naiaraazevedo_coqueiro.jpg","width":1182,"height":611,"caption":"Reprodu\u00e7\u00e3o"},{"@type":"BreadcrumbList","@id":"https:\/\/www.cidademarketing.com.br\/marketing\/2019\/01\/21\/nova-campanha-da-coqueiro-traz-naiara-azevedo-como-garota-propaganda\/#breadcrumb","itemListElement":[{"@type":"ListItem","position":1,"name":"In\u00edcio","item":"https:\/\/www.cidademarketing.com.br\/marketing\/"},{"@type":"ListItem","position":2,"name":"Nova campanha da Coqueiro traz Naiara Azevedo como garota propaganda"}]},{"@type":"WebSite","@id":"https:\/\/www.cidademarketing.com.br\/marketing\/#website","url":"https:\/\/www.cidademarketing.com.br\/marketing\/","name":"CidadeMarketing","description":"Somos um ve\u00edculo de comunica\u00e7\u00e3o de destaque no Brasil, reconhecido por conte\u00fados nos segmentos de marketing, empreendedorismo e inova\u00e7\u00e3o.","publisher":{"@id":"https:\/\/www.cidademarketing.com.br\/marketing\/#organization"},"alternateName":"CidadeMarketing","potentialAction":[{"@type":"SearchAction","target":{"@type":"EntryPoint","urlTemplate":"https:\/\/www.cidademarketing.com.br\/marketing\/?s={search_term_string}"},"query-input":{"@type":"PropertyValueSpecification","valueRequired":true,"valueName":"search_term_string"}}],"inLanguage":"pt-BR"},{"@type":"Organization","@id":"https:\/\/www.cidademarketing.com.br\/marketing\/#organization","name":"CidadeMarketing","alternateName":"CidadeMarketing","url":"https:\/\/www.cidademarketing.com.br\/marketing\/","logo":{"@type":"ImageObject","inLanguage":"pt-BR","@id":"https:\/\/www.cidademarketing.com.br\/marketing\/#\/schema\/logo\/image\/","url":"https:\/\/www.cidademarketing.com.br\/marketing\/wp-content\/uploads\/2020\/01\/cidademarketing_marca_mobile.png","contentUrl":"https:\/\/www.cidademarketing.com.br\/marketing\/wp-content\/uploads\/2020\/01\/cidademarketing_marca_mobile.png","width":230,"height":92,"caption":"CidadeMarketing"},"image":{"@id":"https:\/\/www.cidademarketing.com.br\/marketing\/#\/schema\/logo\/image\/"},"sameAs":["https:\/\/www.facebook.com\/portalcidademarketing","https:\/\/x.com\/CidadeMarketing","https:\/\/www.instagram.com\/cidademarketing\/"]},{"@type":"Person","@id":"https:\/\/www.cidademarketing.com.br\/marketing\/#\/schema\/person\/02daff9f18bd9378c9e01eb6b2db155f","name":"Thales Brand\u00e3o","image":{"@type":"ImageObject","inLanguage":"pt-BR","@id":"https:\/\/secure.gravatar.com\/avatar\/7ca3206950207cc3cb48feec56a8a7898741ab725c368d99d5d7a5a50aab80c6?s=96&d=mm&r=g","url":"https:\/\/secure.gravatar.com\/avatar\/7ca3206950207cc3cb48feec56a8a7898741ab725c368d99d5d7a5a50aab80c6?s=96&d=mm&r=g","contentUrl":"https:\/\/secure.gravatar.com\/avatar\/7ca3206950207cc3cb48feec56a8a7898741ab725c368d99d5d7a5a50aab80c6?s=96&d=mm&r=g","caption":"Thales Brand\u00e3o"},"description":"Editor Executivo do Portal CidadeMarketing.com.br &gt; Mestre em Comunica\u00e7\u00e3o e Sociedade pela Universidade Federal de Sergipe. Possui MBA Executivo em Administra\u00e7\u00e3o com \u00eanfase em Marketing pela Funda\u00e7\u00e3o Get\u00falio Vargas - Rio de Janeiro. Consultor, Palestrante e Pesquisador sobre Empreendedorismo, Marketing, Redes Sociais e Neg\u00f3cios Digitais. Professor, Palestrante TedxTalks e Campus Party. Twitter: @ThalesBrandao","sameAs":["http:\/\/www.mandacaru.com.br","https:\/\/www.facebook.com\/thalesbrandao","http:\/\/www.instagram.com.br\/thalesbrandaoferreira","https:\/\/www.linkedin.com\/in\/thales-brand\u00e3o-3948609\/","https:\/\/x.com\/http:\/\/www.twitter.com\/thalesbrandao"],"url":"https:\/\/www.cidademarketing.com.br\/marketing\/author\/thalesbrandao\/"}]}},"amp_enabled":true,"_links":{"self":[{"href":"https:\/\/www.cidademarketing.com.br\/marketing\/wp-json\/wp\/v2\/posts\/5160","targetHints":{"allow":["GET"]}}],"collection":[{"href":"https:\/\/www.cidademarketing.com.br\/marketing\/wp-json\/wp\/v2\/posts"}],"about":[{"href":"https:\/\/www.cidademarketing.com.br\/marketing\/wp-json\/wp\/v2\/types\/post"}],"author":[{"embeddable":true,"href":"https:\/\/www.cidademarketing.com.br\/marketing\/wp-json\/wp\/v2\/users\/1"}],"replies":[{"embeddable":true,"href":"https:\/\/www.cidademarketing.com.br\/marketing\/wp-json\/wp\/v2\/comments?post=5160"}],"version-history":[{"count":1,"href":"https:\/\/www.cidademarketing.com.br\/marketing\/wp-json\/wp\/v2\/posts\/5160\/revisions"}],"predecessor-version":[{"id":5162,"href":"https:\/\/www.cidademarketing.com.br\/marketing\/wp-json\/wp\/v2\/posts\/5160\/revisions\/5162"}],"wp:featuredmedia":[{"embeddable":true,"href":"https:\/\/www.cidademarketing.com.br\/marketing\/wp-json\/wp\/v2\/media\/5161"}],"wp:attachment":[{"href":"https:\/\/www.cidademarketing.com.br\/marketing\/wp-json\/wp\/v2\/media?parent=5160"}],"wp:term":[{"taxonomy":"category","embeddable":true,"href":"https:\/\/www.cidademarketing.com.br\/marketing\/wp-json\/wp\/v2\/categories?post=5160"},{"taxonomy":"post_tag","embeddable":true,"href":"https:\/\/www.cidademarketing.com.br\/marketing\/wp-json\/wp\/v2\/tags?post=5160"}],"curies":[{"name":"wp","href":"https:\/\/api.w.org\/{rel}","templated":true}]}}