{"id":51574,"date":"2024-06-29T10:25:43","date_gmt":"2024-06-29T13:25:43","guid":{"rendered":"https:\/\/www.cidademarketing.com.br\/marketing\/?p=51574"},"modified":"2024-06-29T10:25:43","modified_gmt":"2024-06-29T13:25:43","slug":"assai-atacadista-incentiva-e-homenageia-o-festival-de-parintins-2024","status":"publish","type":"post","link":"https:\/\/www.cidademarketing.com.br\/marketing\/2024\/06\/29\/assai-atacadista-incentiva-e-homenageia-o-festival-de-parintins-2024\/","title":{"rendered":"Assa\u00ed Atacadista incentiva e homenageia o Festival de Parintins 2024"},"content":{"rendered":"<p>Pelo segundo ano consecutivo, o Assa\u00ed Atacadista marca presen\u00e7a no Festival Folcl\u00f3rico de Parintins, um dos maiores eventos culturais da regi\u00e3o Norte do Brasil, que acontece de 28 a 30 de junho na cidade de Parintins, no Amazonas.<\/p>\n<p>Com diversas ativa\u00e7\u00f5es locais, o Assa\u00ed demonstra seu compromisso com a cultura amaz\u00f4nica e a paix\u00e3o dos torcedores pelos Bois Bumb\u00e1. Entre as a\u00e7\u00f5es, est\u00e3o:<\/p>\n<p><strong>Kits alusivos ao festival:<\/strong> Distribui\u00e7\u00e3o de mais de seis mil kits em voos da Azul Linhas A\u00e9reas para os passageiros.<br \/>\n<strong>Bares tem\u00e1ticos:<\/strong> Personaliza\u00e7\u00e3o de dois bares com as cores dos bois: Bar do Lourinho (Caprichoso) e Perruch\u00e9 Bar (Garantido).<br \/>\n<strong>Triciclos com a marca Assa\u00ed:<\/strong> 50 triciclos circulando pela cidade de Parintins.<br \/>\n<strong>Comunica\u00e7\u00e3o especial nas lojas:<\/strong> Materiais de ponto de venda e a\u00e7\u00f5es para intera\u00e7\u00e3o com os clientes nas lojas do Assa\u00ed em Manaus.<br \/>\n<strong>Uniformiza\u00e7\u00e3o de ambulantes:<\/strong> Mais de 300 ambulantes uniformizados com a logomarca da atacadista.<br \/>\n<strong>Distribui\u00e7\u00e3o de bandeiras:<\/strong> Distribui\u00e7\u00e3o de bandeiras nas cores das torcidas no bumb\u00f3dromo.<\/p>\n<div class=\"youtube-embed\" data-video_id=\"TeZtTck4Rqw\"><iframe title=\"Manifesto Assa\u00ed - Festival de Parintins 2024\" width=\"640\" height=\"360\" src=\"https:\/\/www.youtube.com\/embed\/TeZtTck4Rqw?feature=oembed&#038;enablejsapi=1\" frameborder=\"0\" allow=\"accelerometer; autoplay; clipboard-write; encrypted-media; gyroscope; picture-in-picture; web-share\" referrerpolicy=\"strict-origin-when-cross-origin\" allowfullscreen><\/iframe><\/div>\n<p>Apoio aos Bois Bumb\u00e1<br \/>\nPatrim\u00f4nio Cultural do Brasil: Reconhecido pelo IPHAN, o Festival \u00e9 uma festa popular anual que celebra a cultura amaz\u00f4nica e a tradi\u00e7\u00e3o dos Bois Bumb\u00e1.<br \/>\nApresenta\u00e7\u00f5es: As agremia\u00e7\u00f5es folcl\u00f3ricas Boi Caprichoso (azul) e Boi Garantido (vermelho) se apresentam no Bumb\u00f3dromo, em um espet\u00e1culo de cores, m\u00fasicas e dan\u00e7as.<\/p>\n","protected":false},"excerpt":{"rendered":"<p>Pelo segundo ano consecutivo, o Assa\u00ed Atacadista marca presen\u00e7a no Festival Folcl\u00f3rico de Parintins, um dos maiores eventos culturais da regi\u00e3o Norte do Brasil, que acontece de 28 a 30 de junho na cidade de Parintins, no Amazonas. Com diversas ativa\u00e7\u00f5es locais, o Assa\u00ed demonstra seu compromisso com a cultura amaz\u00f4nica e a paix\u00e3o dos [&hellip;]<\/p>\n","protected":false},"author":1,"featured_media":51575,"comment_status":"open","ping_status":"open","sticky":false,"template":"","format":"standard","meta":{"tdm_status":"","tdm_grid_status":"","footnotes":""},"categories":[6,14],"tags":[862,7090,33,6072,28,447,66,124],"class_list":["post-51574","post","type-post","status-publish","format-standard","has-post-thumbnail","hentry","category-noticias","category-videos","tag-assai-atacadista","tag-boi-bumba","tag-estrategia","tag-festival-de-parintins","tag-marketing","tag-patrocinio","tag-propaganda","tag-varejo"],"yoast_head":"<!-- This site is optimized with the Yoast SEO plugin v27.4 - https:\/\/yoast.com\/product\/yoast-seo-wordpress\/ -->\n<title>Assa\u00ed Atacadista incentiva e homenageia o Festival de Parintins 2024 - CidadeMarketing<\/title>\n<meta name=\"robots\" content=\"index, follow, max-snippet:-1, max-image-preview:large, max-video-preview:-1\" \/>\n<link rel=\"canonical\" href=\"https:\/\/www.cidademarketing.com.br\/marketing\/2024\/06\/29\/assai-atacadista-incentiva-e-homenageia-o-festival-de-parintins-2024\/\" \/>\n<meta property=\"og:locale\" content=\"pt_BR\" \/>\n<meta property=\"og:type\" content=\"article\" \/>\n<meta property=\"og:title\" content=\"Assa\u00ed Atacadista incentiva e homenageia o Festival de Parintins 2024 - CidadeMarketing\" \/>\n<meta property=\"og:description\" content=\"Pelo segundo ano consecutivo, o Assa\u00ed Atacadista marca presen\u00e7a no Festival Folcl\u00f3rico de Parintins, um dos maiores eventos culturais da regi\u00e3o Norte do Brasil, que acontece de 28 a 30 de junho na cidade de Parintins, no Amazonas. Com diversas ativa\u00e7\u00f5es locais, o Assa\u00ed demonstra seu compromisso com a cultura amaz\u00f4nica e a paix\u00e3o dos [&hellip;]\" \/>\n<meta property=\"og:url\" content=\"https:\/\/www.cidademarketing.com.br\/marketing\/2024\/06\/29\/assai-atacadista-incentiva-e-homenageia-o-festival-de-parintins-2024\/\" \/>\n<meta property=\"og:site_name\" content=\"CidadeMarketing\" \/>\n<meta property=\"article:publisher\" content=\"https:\/\/www.facebook.com\/portalcidademarketing\" \/>\n<meta property=\"article:author\" content=\"https:\/\/www.facebook.com\/thalesbrandao\" \/>\n<meta property=\"article:published_time\" content=\"2024-06-29T13:25:43+00:00\" \/>\n<meta property=\"og:image\" content=\"https:\/\/www.cidademarketing.com.br\/marketing\/wp-content\/uploads\/2024\/06\/assai_parintins.webp\" \/>\n\t<meta property=\"og:image:width\" content=\"1151\" \/>\n\t<meta property=\"og:image:height\" content=\"638\" \/>\n\t<meta property=\"og:image:type\" content=\"image\/webp\" \/>\n<meta name=\"author\" content=\"Thales Brand\u00e3o\" \/>\n<meta name=\"twitter:card\" content=\"summary_large_image\" \/>\n<meta name=\"twitter:creator\" content=\"@http:\/\/www.twitter.com\/thalesbrandao\" \/>\n<meta name=\"twitter:site\" content=\"@CidadeMarketing\" \/>\n<meta name=\"twitter:label1\" content=\"Escrito por\" \/>\n\t<meta name=\"twitter:data1\" content=\"Thales Brand\u00e3o\" \/>\n\t<meta name=\"twitter:label2\" content=\"Est. tempo de leitura\" \/>\n\t<meta name=\"twitter:data2\" content=\"1 minuto\" \/>\n<script type=\"application\/ld+json\" class=\"yoast-schema-graph\">{\"@context\":\"https:\\\/\\\/schema.org\",\"@graph\":[{\"@type\":\"Article\",\"@id\":\"https:\\\/\\\/www.cidademarketing.com.br\\\/marketing\\\/2024\\\/06\\\/29\\\/assai-atacadista-incentiva-e-homenageia-o-festival-de-parintins-2024\\\/#article\",\"isPartOf\":{\"@id\":\"https:\\\/\\\/www.cidademarketing.com.br\\\/marketing\\\/2024\\\/06\\\/29\\\/assai-atacadista-incentiva-e-homenageia-o-festival-de-parintins-2024\\\/\"},\"author\":{\"name\":\"Thales Brand\u00e3o\",\"@id\":\"https:\\\/\\\/www.cidademarketing.com.br\\\/marketing\\\/#\\\/schema\\\/person\\\/02daff9f18bd9378c9e01eb6b2db155f\"},\"headline\":\"Assa\u00ed Atacadista incentiva e homenageia o Festival de Parintins 2024\",\"datePublished\":\"2024-06-29T13:25:43+00:00\",\"mainEntityOfPage\":{\"@id\":\"https:\\\/\\\/www.cidademarketing.com.br\\\/marketing\\\/2024\\\/06\\\/29\\\/assai-atacadista-incentiva-e-homenageia-o-festival-de-parintins-2024\\\/\"},\"wordCount\":256,\"commentCount\":0,\"publisher\":{\"@id\":\"https:\\\/\\\/www.cidademarketing.com.br\\\/marketing\\\/#organization\"},\"image\":{\"@id\":\"https:\\\/\\\/www.cidademarketing.com.br\\\/marketing\\\/2024\\\/06\\\/29\\\/assai-atacadista-incentiva-e-homenageia-o-festival-de-parintins-2024\\\/#primaryimage\"},\"thumbnailUrl\":\"https:\\\/\\\/www.cidademarketing.com.br\\\/marketing\\\/wp-content\\\/uploads\\\/2024\\\/06\\\/assai_parintins.webp\",\"keywords\":[\"Assa\u00ed Atacadista\",\"boi bumb\u00e1\",\"estrat\u00e9gia\",\"Festival de Parintins\",\"marketing\",\"patroc\u00ednio\",\"propaganda\",\"varejo\"],\"articleSection\":[\"Not\u00edcias\",\"Videos\"],\"inLanguage\":\"pt-BR\",\"potentialAction\":[{\"@type\":\"CommentAction\",\"name\":\"Comment\",\"target\":[\"https:\\\/\\\/www.cidademarketing.com.br\\\/marketing\\\/2024\\\/06\\\/29\\\/assai-atacadista-incentiva-e-homenageia-o-festival-de-parintins-2024\\\/#respond\"]}]},{\"@type\":\"WebPage\",\"@id\":\"https:\\\/\\\/www.cidademarketing.com.br\\\/marketing\\\/2024\\\/06\\\/29\\\/assai-atacadista-incentiva-e-homenageia-o-festival-de-parintins-2024\\\/\",\"url\":\"https:\\\/\\\/www.cidademarketing.com.br\\\/marketing\\\/2024\\\/06\\\/29\\\/assai-atacadista-incentiva-e-homenageia-o-festival-de-parintins-2024\\\/\",\"name\":\"Assa\u00ed Atacadista incentiva e homenageia o Festival de Parintins 2024 - CidadeMarketing\",\"isPartOf\":{\"@id\":\"https:\\\/\\\/www.cidademarketing.com.br\\\/marketing\\\/#website\"},\"primaryImageOfPage\":{\"@id\":\"https:\\\/\\\/www.cidademarketing.com.br\\\/marketing\\\/2024\\\/06\\\/29\\\/assai-atacadista-incentiva-e-homenageia-o-festival-de-parintins-2024\\\/#primaryimage\"},\"image\":{\"@id\":\"https:\\\/\\\/www.cidademarketing.com.br\\\/marketing\\\/2024\\\/06\\\/29\\\/assai-atacadista-incentiva-e-homenageia-o-festival-de-parintins-2024\\\/#primaryimage\"},\"thumbnailUrl\":\"https:\\\/\\\/www.cidademarketing.com.br\\\/marketing\\\/wp-content\\\/uploads\\\/2024\\\/06\\\/assai_parintins.webp\",\"datePublished\":\"2024-06-29T13:25:43+00:00\",\"breadcrumb\":{\"@id\":\"https:\\\/\\\/www.cidademarketing.com.br\\\/marketing\\\/2024\\\/06\\\/29\\\/assai-atacadista-incentiva-e-homenageia-o-festival-de-parintins-2024\\\/#breadcrumb\"},\"inLanguage\":\"pt-BR\",\"potentialAction\":[{\"@type\":\"ReadAction\",\"target\":[\"https:\\\/\\\/www.cidademarketing.com.br\\\/marketing\\\/2024\\\/06\\\/29\\\/assai-atacadista-incentiva-e-homenageia-o-festival-de-parintins-2024\\\/\"]}]},{\"@type\":\"ImageObject\",\"inLanguage\":\"pt-BR\",\"@id\":\"https:\\\/\\\/www.cidademarketing.com.br\\\/marketing\\\/2024\\\/06\\\/29\\\/assai-atacadista-incentiva-e-homenageia-o-festival-de-parintins-2024\\\/#primaryimage\",\"url\":\"https:\\\/\\\/www.cidademarketing.com.br\\\/marketing\\\/wp-content\\\/uploads\\\/2024\\\/06\\\/assai_parintins.webp\",\"contentUrl\":\"https:\\\/\\\/www.cidademarketing.com.br\\\/marketing\\\/wp-content\\\/uploads\\\/2024\\\/06\\\/assai_parintins.webp\",\"width\":1151,\"height\":638,\"caption\":\"Reprodu\u00e7\u00e3o\"},{\"@type\":\"BreadcrumbList\",\"@id\":\"https:\\\/\\\/www.cidademarketing.com.br\\\/marketing\\\/2024\\\/06\\\/29\\\/assai-atacadista-incentiva-e-homenageia-o-festival-de-parintins-2024\\\/#breadcrumb\",\"itemListElement\":[{\"@type\":\"ListItem\",\"position\":1,\"name\":\"In\u00edcio\",\"item\":\"https:\\\/\\\/www.cidademarketing.com.br\\\/marketing\\\/\"},{\"@type\":\"ListItem\",\"position\":2,\"name\":\"Assa\u00ed Atacadista incentiva e homenageia o Festival de Parintins 2024\"}]},{\"@type\":\"WebSite\",\"@id\":\"https:\\\/\\\/www.cidademarketing.com.br\\\/marketing\\\/#website\",\"url\":\"https:\\\/\\\/www.cidademarketing.com.br\\\/marketing\\\/\",\"name\":\"CidadeMarketing\",\"description\":\"Somos um ve\u00edculo de comunica\u00e7\u00e3o de destaque no Brasil, reconhecido por conte\u00fados nos segmentos de marketing, empreendedorismo e inova\u00e7\u00e3o.\",\"publisher\":{\"@id\":\"https:\\\/\\\/www.cidademarketing.com.br\\\/marketing\\\/#organization\"},\"alternateName\":\"CidadeMarketing\",\"potentialAction\":[{\"@type\":\"SearchAction\",\"target\":{\"@type\":\"EntryPoint\",\"urlTemplate\":\"https:\\\/\\\/www.cidademarketing.com.br\\\/marketing\\\/?s={search_term_string}\"},\"query-input\":{\"@type\":\"PropertyValueSpecification\",\"valueRequired\":true,\"valueName\":\"search_term_string\"}}],\"inLanguage\":\"pt-BR\"},{\"@type\":\"Organization\",\"@id\":\"https:\\\/\\\/www.cidademarketing.com.br\\\/marketing\\\/#organization\",\"name\":\"CidadeMarketing\",\"alternateName\":\"CidadeMarketing\",\"url\":\"https:\\\/\\\/www.cidademarketing.com.br\\\/marketing\\\/\",\"logo\":{\"@type\":\"ImageObject\",\"inLanguage\":\"pt-BR\",\"@id\":\"https:\\\/\\\/www.cidademarketing.com.br\\\/marketing\\\/#\\\/schema\\\/logo\\\/image\\\/\",\"url\":\"https:\\\/\\\/www.cidademarketing.com.br\\\/marketing\\\/wp-content\\\/uploads\\\/2020\\\/01\\\/cidademarketing_marca_mobile.png\",\"contentUrl\":\"https:\\\/\\\/www.cidademarketing.com.br\\\/marketing\\\/wp-content\\\/uploads\\\/2020\\\/01\\\/cidademarketing_marca_mobile.png\",\"width\":230,\"height\":92,\"caption\":\"CidadeMarketing\"},\"image\":{\"@id\":\"https:\\\/\\\/www.cidademarketing.com.br\\\/marketing\\\/#\\\/schema\\\/logo\\\/image\\\/\"},\"sameAs\":[\"https:\\\/\\\/www.facebook.com\\\/portalcidademarketing\",\"https:\\\/\\\/x.com\\\/CidadeMarketing\",\"https:\\\/\\\/www.instagram.com\\\/cidademarketing\\\/\"]},{\"@type\":\"Person\",\"@id\":\"https:\\\/\\\/www.cidademarketing.com.br\\\/marketing\\\/#\\\/schema\\\/person\\\/02daff9f18bd9378c9e01eb6b2db155f\",\"name\":\"Thales Brand\u00e3o\",\"image\":{\"@type\":\"ImageObject\",\"inLanguage\":\"pt-BR\",\"@id\":\"https:\\\/\\\/secure.gravatar.com\\\/avatar\\\/7ca3206950207cc3cb48feec56a8a7898741ab725c368d99d5d7a5a50aab80c6?s=96&d=mm&r=g\",\"url\":\"https:\\\/\\\/secure.gravatar.com\\\/avatar\\\/7ca3206950207cc3cb48feec56a8a7898741ab725c368d99d5d7a5a50aab80c6?s=96&d=mm&r=g\",\"contentUrl\":\"https:\\\/\\\/secure.gravatar.com\\\/avatar\\\/7ca3206950207cc3cb48feec56a8a7898741ab725c368d99d5d7a5a50aab80c6?s=96&d=mm&r=g\",\"caption\":\"Thales Brand\u00e3o\"},\"description\":\"Editor Executivo do Portal CidadeMarketing.com.br &gt; Mestre em Comunica\u00e7\u00e3o e Sociedade pela Universidade Federal de Sergipe. Possui MBA Executivo em Administra\u00e7\u00e3o com \u00eanfase em Marketing pela Funda\u00e7\u00e3o Get\u00falio Vargas - Rio de Janeiro. Consultor, Palestrante e Pesquisador sobre Empreendedorismo, Marketing, Redes Sociais e Neg\u00f3cios Digitais. Professor, Palestrante TedxTalks e Campus Party. Twitter: @ThalesBrandao\",\"sameAs\":[\"http:\\\/\\\/www.mandacaru.com.br\",\"https:\\\/\\\/www.facebook.com\\\/thalesbrandao\",\"http:\\\/\\\/www.instagram.com.br\\\/thalesbrandaoferreira\",\"https:\\\/\\\/www.linkedin.com\\\/in\\\/thales-brand\u00e3o-3948609\\\/\",\"https:\\\/\\\/x.com\\\/http:\\\/\\\/www.twitter.com\\\/thalesbrandao\"],\"url\":\"https:\\\/\\\/www.cidademarketing.com.br\\\/marketing\\\/author\\\/thalesbrandao\\\/\"}]}<\/script>\n<!-- \/ Yoast SEO plugin. -->","yoast_head_json":{"title":"Assa\u00ed Atacadista incentiva e homenageia o Festival de Parintins 2024 - CidadeMarketing","robots":{"index":"index","follow":"follow","max-snippet":"max-snippet:-1","max-image-preview":"max-image-preview:large","max-video-preview":"max-video-preview:-1"},"canonical":"https:\/\/www.cidademarketing.com.br\/marketing\/2024\/06\/29\/assai-atacadista-incentiva-e-homenageia-o-festival-de-parintins-2024\/","og_locale":"pt_BR","og_type":"article","og_title":"Assa\u00ed Atacadista incentiva e homenageia o Festival de Parintins 2024 - CidadeMarketing","og_description":"Pelo segundo ano consecutivo, o Assa\u00ed Atacadista marca presen\u00e7a no Festival Folcl\u00f3rico de Parintins, um dos maiores eventos culturais da regi\u00e3o Norte do Brasil, que acontece de 28 a 30 de junho na cidade de Parintins, no Amazonas. Com diversas ativa\u00e7\u00f5es locais, o Assa\u00ed demonstra seu compromisso com a cultura amaz\u00f4nica e a paix\u00e3o dos [&hellip;]","og_url":"https:\/\/www.cidademarketing.com.br\/marketing\/2024\/06\/29\/assai-atacadista-incentiva-e-homenageia-o-festival-de-parintins-2024\/","og_site_name":"CidadeMarketing","article_publisher":"https:\/\/www.facebook.com\/portalcidademarketing","article_author":"https:\/\/www.facebook.com\/thalesbrandao","article_published_time":"2024-06-29T13:25:43+00:00","og_image":[{"width":1151,"height":638,"url":"https:\/\/www.cidademarketing.com.br\/marketing\/wp-content\/uploads\/2024\/06\/assai_parintins.webp","type":"image\/webp"}],"author":"Thales Brand\u00e3o","twitter_card":"summary_large_image","twitter_creator":"@http:\/\/www.twitter.com\/thalesbrandao","twitter_site":"@CidadeMarketing","twitter_misc":{"Escrito por":"Thales Brand\u00e3o","Est. tempo de leitura":"1 minuto"},"schema":{"@context":"https:\/\/schema.org","@graph":[{"@type":"Article","@id":"https:\/\/www.cidademarketing.com.br\/marketing\/2024\/06\/29\/assai-atacadista-incentiva-e-homenageia-o-festival-de-parintins-2024\/#article","isPartOf":{"@id":"https:\/\/www.cidademarketing.com.br\/marketing\/2024\/06\/29\/assai-atacadista-incentiva-e-homenageia-o-festival-de-parintins-2024\/"},"author":{"name":"Thales Brand\u00e3o","@id":"https:\/\/www.cidademarketing.com.br\/marketing\/#\/schema\/person\/02daff9f18bd9378c9e01eb6b2db155f"},"headline":"Assa\u00ed Atacadista incentiva e homenageia o Festival de Parintins 2024","datePublished":"2024-06-29T13:25:43+00:00","mainEntityOfPage":{"@id":"https:\/\/www.cidademarketing.com.br\/marketing\/2024\/06\/29\/assai-atacadista-incentiva-e-homenageia-o-festival-de-parintins-2024\/"},"wordCount":256,"commentCount":0,"publisher":{"@id":"https:\/\/www.cidademarketing.com.br\/marketing\/#organization"},"image":{"@id":"https:\/\/www.cidademarketing.com.br\/marketing\/2024\/06\/29\/assai-atacadista-incentiva-e-homenageia-o-festival-de-parintins-2024\/#primaryimage"},"thumbnailUrl":"https:\/\/www.cidademarketing.com.br\/marketing\/wp-content\/uploads\/2024\/06\/assai_parintins.webp","keywords":["Assa\u00ed Atacadista","boi bumb\u00e1","estrat\u00e9gia","Festival de Parintins","marketing","patroc\u00ednio","propaganda","varejo"],"articleSection":["Not\u00edcias","Videos"],"inLanguage":"pt-BR","potentialAction":[{"@type":"CommentAction","name":"Comment","target":["https:\/\/www.cidademarketing.com.br\/marketing\/2024\/06\/29\/assai-atacadista-incentiva-e-homenageia-o-festival-de-parintins-2024\/#respond"]}]},{"@type":"WebPage","@id":"https:\/\/www.cidademarketing.com.br\/marketing\/2024\/06\/29\/assai-atacadista-incentiva-e-homenageia-o-festival-de-parintins-2024\/","url":"https:\/\/www.cidademarketing.com.br\/marketing\/2024\/06\/29\/assai-atacadista-incentiva-e-homenageia-o-festival-de-parintins-2024\/","name":"Assa\u00ed Atacadista incentiva e homenageia o Festival de Parintins 2024 - CidadeMarketing","isPartOf":{"@id":"https:\/\/www.cidademarketing.com.br\/marketing\/#website"},"primaryImageOfPage":{"@id":"https:\/\/www.cidademarketing.com.br\/marketing\/2024\/06\/29\/assai-atacadista-incentiva-e-homenageia-o-festival-de-parintins-2024\/#primaryimage"},"image":{"@id":"https:\/\/www.cidademarketing.com.br\/marketing\/2024\/06\/29\/assai-atacadista-incentiva-e-homenageia-o-festival-de-parintins-2024\/#primaryimage"},"thumbnailUrl":"https:\/\/www.cidademarketing.com.br\/marketing\/wp-content\/uploads\/2024\/06\/assai_parintins.webp","datePublished":"2024-06-29T13:25:43+00:00","breadcrumb":{"@id":"https:\/\/www.cidademarketing.com.br\/marketing\/2024\/06\/29\/assai-atacadista-incentiva-e-homenageia-o-festival-de-parintins-2024\/#breadcrumb"},"inLanguage":"pt-BR","potentialAction":[{"@type":"ReadAction","target":["https:\/\/www.cidademarketing.com.br\/marketing\/2024\/06\/29\/assai-atacadista-incentiva-e-homenageia-o-festival-de-parintins-2024\/"]}]},{"@type":"ImageObject","inLanguage":"pt-BR","@id":"https:\/\/www.cidademarketing.com.br\/marketing\/2024\/06\/29\/assai-atacadista-incentiva-e-homenageia-o-festival-de-parintins-2024\/#primaryimage","url":"https:\/\/www.cidademarketing.com.br\/marketing\/wp-content\/uploads\/2024\/06\/assai_parintins.webp","contentUrl":"https:\/\/www.cidademarketing.com.br\/marketing\/wp-content\/uploads\/2024\/06\/assai_parintins.webp","width":1151,"height":638,"caption":"Reprodu\u00e7\u00e3o"},{"@type":"BreadcrumbList","@id":"https:\/\/www.cidademarketing.com.br\/marketing\/2024\/06\/29\/assai-atacadista-incentiva-e-homenageia-o-festival-de-parintins-2024\/#breadcrumb","itemListElement":[{"@type":"ListItem","position":1,"name":"In\u00edcio","item":"https:\/\/www.cidademarketing.com.br\/marketing\/"},{"@type":"ListItem","position":2,"name":"Assa\u00ed Atacadista incentiva e homenageia o Festival de Parintins 2024"}]},{"@type":"WebSite","@id":"https:\/\/www.cidademarketing.com.br\/marketing\/#website","url":"https:\/\/www.cidademarketing.com.br\/marketing\/","name":"CidadeMarketing","description":"Somos um ve\u00edculo de comunica\u00e7\u00e3o de destaque no Brasil, reconhecido por conte\u00fados nos segmentos de marketing, empreendedorismo e inova\u00e7\u00e3o.","publisher":{"@id":"https:\/\/www.cidademarketing.com.br\/marketing\/#organization"},"alternateName":"CidadeMarketing","potentialAction":[{"@type":"SearchAction","target":{"@type":"EntryPoint","urlTemplate":"https:\/\/www.cidademarketing.com.br\/marketing\/?s={search_term_string}"},"query-input":{"@type":"PropertyValueSpecification","valueRequired":true,"valueName":"search_term_string"}}],"inLanguage":"pt-BR"},{"@type":"Organization","@id":"https:\/\/www.cidademarketing.com.br\/marketing\/#organization","name":"CidadeMarketing","alternateName":"CidadeMarketing","url":"https:\/\/www.cidademarketing.com.br\/marketing\/","logo":{"@type":"ImageObject","inLanguage":"pt-BR","@id":"https:\/\/www.cidademarketing.com.br\/marketing\/#\/schema\/logo\/image\/","url":"https:\/\/www.cidademarketing.com.br\/marketing\/wp-content\/uploads\/2020\/01\/cidademarketing_marca_mobile.png","contentUrl":"https:\/\/www.cidademarketing.com.br\/marketing\/wp-content\/uploads\/2020\/01\/cidademarketing_marca_mobile.png","width":230,"height":92,"caption":"CidadeMarketing"},"image":{"@id":"https:\/\/www.cidademarketing.com.br\/marketing\/#\/schema\/logo\/image\/"},"sameAs":["https:\/\/www.facebook.com\/portalcidademarketing","https:\/\/x.com\/CidadeMarketing","https:\/\/www.instagram.com\/cidademarketing\/"]},{"@type":"Person","@id":"https:\/\/www.cidademarketing.com.br\/marketing\/#\/schema\/person\/02daff9f18bd9378c9e01eb6b2db155f","name":"Thales Brand\u00e3o","image":{"@type":"ImageObject","inLanguage":"pt-BR","@id":"https:\/\/secure.gravatar.com\/avatar\/7ca3206950207cc3cb48feec56a8a7898741ab725c368d99d5d7a5a50aab80c6?s=96&d=mm&r=g","url":"https:\/\/secure.gravatar.com\/avatar\/7ca3206950207cc3cb48feec56a8a7898741ab725c368d99d5d7a5a50aab80c6?s=96&d=mm&r=g","contentUrl":"https:\/\/secure.gravatar.com\/avatar\/7ca3206950207cc3cb48feec56a8a7898741ab725c368d99d5d7a5a50aab80c6?s=96&d=mm&r=g","caption":"Thales Brand\u00e3o"},"description":"Editor Executivo do Portal CidadeMarketing.com.br &gt; Mestre em Comunica\u00e7\u00e3o e Sociedade pela Universidade Federal de Sergipe. Possui MBA Executivo em Administra\u00e7\u00e3o com \u00eanfase em Marketing pela Funda\u00e7\u00e3o Get\u00falio Vargas - Rio de Janeiro. Consultor, Palestrante e Pesquisador sobre Empreendedorismo, Marketing, Redes Sociais e Neg\u00f3cios Digitais. Professor, Palestrante TedxTalks e Campus Party. Twitter: @ThalesBrandao","sameAs":["http:\/\/www.mandacaru.com.br","https:\/\/www.facebook.com\/thalesbrandao","http:\/\/www.instagram.com.br\/thalesbrandaoferreira","https:\/\/www.linkedin.com\/in\/thales-brand\u00e3o-3948609\/","https:\/\/x.com\/http:\/\/www.twitter.com\/thalesbrandao"],"url":"https:\/\/www.cidademarketing.com.br\/marketing\/author\/thalesbrandao\/"}]}},"amp_enabled":true,"_links":{"self":[{"href":"https:\/\/www.cidademarketing.com.br\/marketing\/wp-json\/wp\/v2\/posts\/51574","targetHints":{"allow":["GET"]}}],"collection":[{"href":"https:\/\/www.cidademarketing.com.br\/marketing\/wp-json\/wp\/v2\/posts"}],"about":[{"href":"https:\/\/www.cidademarketing.com.br\/marketing\/wp-json\/wp\/v2\/types\/post"}],"author":[{"embeddable":true,"href":"https:\/\/www.cidademarketing.com.br\/marketing\/wp-json\/wp\/v2\/users\/1"}],"replies":[{"embeddable":true,"href":"https:\/\/www.cidademarketing.com.br\/marketing\/wp-json\/wp\/v2\/comments?post=51574"}],"version-history":[{"count":1,"href":"https:\/\/www.cidademarketing.com.br\/marketing\/wp-json\/wp\/v2\/posts\/51574\/revisions"}],"predecessor-version":[{"id":51576,"href":"https:\/\/www.cidademarketing.com.br\/marketing\/wp-json\/wp\/v2\/posts\/51574\/revisions\/51576"}],"wp:featuredmedia":[{"embeddable":true,"href":"https:\/\/www.cidademarketing.com.br\/marketing\/wp-json\/wp\/v2\/media\/51575"}],"wp:attachment":[{"href":"https:\/\/www.cidademarketing.com.br\/marketing\/wp-json\/wp\/v2\/media?parent=51574"}],"wp:term":[{"taxonomy":"category","embeddable":true,"href":"https:\/\/www.cidademarketing.com.br\/marketing\/wp-json\/wp\/v2\/categories?post=51574"},{"taxonomy":"post_tag","embeddable":true,"href":"https:\/\/www.cidademarketing.com.br\/marketing\/wp-json\/wp\/v2\/tags?post=51574"}],"curies":[{"name":"wp","href":"https:\/\/api.w.org\/{rel}","templated":true}]}}