{"id":50952,"date":"2024-05-04T15:35:46","date_gmt":"2024-05-04T18:35:46","guid":{"rendered":"https:\/\/www.cidademarketing.com.br\/marketing\/?p=50952"},"modified":"2024-05-04T15:35:46","modified_gmt":"2024-05-04T18:35:46","slug":"itau-e-copacabana-palace-iluminam-o-rio-de-janeiro-em-homenagem-a-madonna","status":"publish","type":"post","link":"https:\/\/www.cidademarketing.com.br\/marketing\/2024\/05\/04\/itau-e-copacabana-palace-iluminam-o-rio-de-janeiro-em-homenagem-a-madonna\/","title":{"rendered":"Ita\u00fa e Copacabana Palace iluminam o Rio de Janeiro em homenagem a Madonna"},"content":{"rendered":"<p>O Ita\u00fa Unibanco e o Copacabana Palace se unem para proporcionar uma experi\u00eancia \u00fanica e inesquec\u00edvel durante o show de Madonna no Rio de Janeiro. Em celebra\u00e7\u00e3o aos 100 anos do banco e ao encerramento da turn\u00ea mundial &#8220;The Celebration Tour&#8221;, a ic\u00f4nica fachada do Copacabana Palace ser\u00e1 iluminada com tons vibrantes de laranja, marcando a presen\u00e7a do Ita\u00fa e criando um espet\u00e1culo visual antes, durante e depois da apresenta\u00e7\u00e3o da rainha do pop.<\/p>\n<p><iframe title=\"Spotify Embed: Podcast CidadeMarketing\" style=\"border-radius: 12px\" width=\"100%\" height=\"152\" frameborder=\"0\" allowfullscreen allow=\"autoplay; clipboard-write; encrypted-media; fullscreen; picture-in-picture\" loading=\"lazy\" src=\"https:\/\/open.spotify.com\/embed\/show\/4khMKzP3FgFRWVwb73xicc?si=252fe5bff2b34909&#038;utm_source=oembed\"><\/iframe><\/p>\n<p>Na noite de sexta-feira (3), o Copacabana Palace foi iluminado por uma luz laranja, refletindo a identidade marcante do Ita\u00fa. J\u00e1 no dia do show, no s\u00e1bado (4), a ilumina\u00e7\u00e3o ser\u00e1 ainda mais especial, proporcionando uma atmosfera \u00fanica para celebrar este momento hist\u00f3rico na Am\u00e9rica do Sul.<\/p>\n<p>O sistema de ilumina\u00e7\u00e3o especial do Copacabana Palace, implementado em agosto de 2023 durante as comemora\u00e7\u00f5es do centen\u00e1rio do hotel, permite criar cen\u00e1rios personalizados com diferentes tonalidades de luz. Esse projeto inovador preserva a import\u00e2ncia hist\u00f3rica do edif\u00edcio, ressaltando sua beleza e impon\u00eancia de forma \u00fanica no Brasil.<\/p>\n<p>Durante o show, a fachada do Copacabana Palace se transformar\u00e1 em uma verdadeira pista de dan\u00e7a, acentuando seus relevos e trazendo ainda mais vida ao hotel no contexto noturno.\u00a0 O show &#8220;The Celebration Tour In Rio&#8221;, apresentado pelo Ita\u00fa, promete ser um evento memor\u00e1vel, com o palco montado em frente ao Copacabana Palace, em dire\u00e7\u00e3o ao Leme.<\/p>\n","protected":false},"excerpt":{"rendered":"<p>O Ita\u00fa Unibanco e o Copacabana Palace se unem para proporcionar uma experi\u00eancia \u00fanica e inesquec\u00edvel durante o show de Madonna no Rio de Janeiro. Em celebra\u00e7\u00e3o aos 100 anos do banco e ao encerramento da turn\u00ea mundial &#8220;The Celebration Tour&#8221;, a ic\u00f4nica fachada do Copacabana Palace ser\u00e1 iluminada com tons vibrantes de laranja, marcando [&hellip;]<\/p>\n","protected":false},"author":1,"featured_media":50953,"comment_status":"open","ping_status":"open","sticky":false,"template":"","format":"standard","meta":{"tdm_status":"","tdm_grid_status":"","footnotes":""},"categories":[6],"tags":[65,6837,33,126,6880,28,569,199,5489],"class_list":["post-50952","post","type-post","status-publish","format-standard","has-post-thumbnail","hentry","category-noticias","tag-campanha","tag-copacabana-palace","tag-estrategia","tag-itau","tag-madonna","tag-marketing","tag-rio","tag-rio-de-janeiro","tag-show"],"yoast_head":"<!-- This site is optimized with the Yoast SEO plugin v27.5 - https:\/\/yoast.com\/product\/yoast-seo-wordpress\/ -->\n<title>Ita\u00fa e Copacabana Palace iluminam o Rio de Janeiro em homenagem a Madonna - CidadeMarketing<\/title>\n<meta name=\"robots\" content=\"index, follow, max-snippet:-1, max-image-preview:large, max-video-preview:-1\" \/>\n<link rel=\"canonical\" href=\"https:\/\/www.cidademarketing.com.br\/marketing\/2024\/05\/04\/itau-e-copacabana-palace-iluminam-o-rio-de-janeiro-em-homenagem-a-madonna\/\" \/>\n<meta property=\"og:locale\" content=\"pt_BR\" \/>\n<meta property=\"og:type\" content=\"article\" \/>\n<meta property=\"og:title\" content=\"Ita\u00fa e Copacabana Palace iluminam o Rio de Janeiro em homenagem a Madonna - CidadeMarketing\" \/>\n<meta property=\"og:description\" content=\"O Ita\u00fa Unibanco e o Copacabana Palace se unem para proporcionar uma experi\u00eancia \u00fanica e inesquec\u00edvel durante o show de Madonna no Rio de Janeiro. Em celebra\u00e7\u00e3o aos 100 anos do banco e ao encerramento da turn\u00ea mundial &#8220;The Celebration Tour&#8221;, a ic\u00f4nica fachada do Copacabana Palace ser\u00e1 iluminada com tons vibrantes de laranja, marcando [&hellip;]\" \/>\n<meta property=\"og:url\" content=\"https:\/\/www.cidademarketing.com.br\/marketing\/2024\/05\/04\/itau-e-copacabana-palace-iluminam-o-rio-de-janeiro-em-homenagem-a-madonna\/\" \/>\n<meta property=\"og:site_name\" content=\"CidadeMarketing\" \/>\n<meta property=\"article:publisher\" content=\"https:\/\/www.facebook.com\/portalcidademarketing\" \/>\n<meta property=\"article:author\" content=\"https:\/\/www.facebook.com\/thalesbrandao\" \/>\n<meta property=\"article:published_time\" content=\"2024-05-04T18:35:46+00:00\" \/>\n<meta property=\"og:image\" content=\"https:\/\/www.cidademarketing.com.br\/marketing\/wp-content\/uploads\/2024\/05\/madonna_itau_copacabanapalace.jpg\" \/>\n\t<meta property=\"og:image:width\" content=\"800\" \/>\n\t<meta property=\"og:image:height\" content=\"384\" \/>\n\t<meta property=\"og:image:type\" content=\"image\/jpeg\" \/>\n<meta name=\"author\" content=\"Thales Brand\u00e3o\" \/>\n<meta name=\"twitter:card\" content=\"summary_large_image\" \/>\n<meta name=\"twitter:creator\" content=\"@http:\/\/www.twitter.com\/thalesbrandao\" \/>\n<meta name=\"twitter:site\" content=\"@CidadeMarketing\" \/>\n<meta name=\"twitter:label1\" content=\"Escrito por\" \/>\n\t<meta name=\"twitter:data1\" content=\"Thales Brand\u00e3o\" \/>\n\t<meta name=\"twitter:label2\" content=\"Est. tempo de leitura\" \/>\n\t<meta name=\"twitter:data2\" content=\"1 minuto\" \/>\n<script type=\"application\/ld+json\" class=\"yoast-schema-graph\">{\"@context\":\"https:\\\/\\\/schema.org\",\"@graph\":[{\"@type\":\"Article\",\"@id\":\"https:\\\/\\\/www.cidademarketing.com.br\\\/marketing\\\/2024\\\/05\\\/04\\\/itau-e-copacabana-palace-iluminam-o-rio-de-janeiro-em-homenagem-a-madonna\\\/#article\",\"isPartOf\":{\"@id\":\"https:\\\/\\\/www.cidademarketing.com.br\\\/marketing\\\/2024\\\/05\\\/04\\\/itau-e-copacabana-palace-iluminam-o-rio-de-janeiro-em-homenagem-a-madonna\\\/\"},\"author\":{\"name\":\"Thales Brand\u00e3o\",\"@id\":\"https:\\\/\\\/www.cidademarketing.com.br\\\/marketing\\\/#\\\/schema\\\/person\\\/02daff9f18bd9378c9e01eb6b2db155f\"},\"headline\":\"Ita\u00fa e Copacabana Palace iluminam o Rio de Janeiro em homenagem a Madonna\",\"datePublished\":\"2024-05-04T18:35:46+00:00\",\"mainEntityOfPage\":{\"@id\":\"https:\\\/\\\/www.cidademarketing.com.br\\\/marketing\\\/2024\\\/05\\\/04\\\/itau-e-copacabana-palace-iluminam-o-rio-de-janeiro-em-homenagem-a-madonna\\\/\"},\"wordCount\":271,\"commentCount\":0,\"publisher\":{\"@id\":\"https:\\\/\\\/www.cidademarketing.com.br\\\/marketing\\\/#organization\"},\"image\":{\"@id\":\"https:\\\/\\\/www.cidademarketing.com.br\\\/marketing\\\/2024\\\/05\\\/04\\\/itau-e-copacabana-palace-iluminam-o-rio-de-janeiro-em-homenagem-a-madonna\\\/#primaryimage\"},\"thumbnailUrl\":\"https:\\\/\\\/www.cidademarketing.com.br\\\/marketing\\\/wp-content\\\/uploads\\\/2024\\\/05\\\/madonna_itau_copacabanapalace.jpg\",\"keywords\":[\"campanha\",\"Copacabana Palace\",\"estrat\u00e9gia\",\"Ita\u00fa\",\"Madonna\",\"marketing\",\"Rio\",\"Rio de Janeiro\",\"show\"],\"articleSection\":[\"Not\u00edcias\"],\"inLanguage\":\"pt-BR\",\"potentialAction\":[{\"@type\":\"CommentAction\",\"name\":\"Comment\",\"target\":[\"https:\\\/\\\/www.cidademarketing.com.br\\\/marketing\\\/2024\\\/05\\\/04\\\/itau-e-copacabana-palace-iluminam-o-rio-de-janeiro-em-homenagem-a-madonna\\\/#respond\"]}]},{\"@type\":\"WebPage\",\"@id\":\"https:\\\/\\\/www.cidademarketing.com.br\\\/marketing\\\/2024\\\/05\\\/04\\\/itau-e-copacabana-palace-iluminam-o-rio-de-janeiro-em-homenagem-a-madonna\\\/\",\"url\":\"https:\\\/\\\/www.cidademarketing.com.br\\\/marketing\\\/2024\\\/05\\\/04\\\/itau-e-copacabana-palace-iluminam-o-rio-de-janeiro-em-homenagem-a-madonna\\\/\",\"name\":\"Ita\u00fa e Copacabana Palace iluminam o Rio de Janeiro em homenagem a Madonna - CidadeMarketing\",\"isPartOf\":{\"@id\":\"https:\\\/\\\/www.cidademarketing.com.br\\\/marketing\\\/#website\"},\"primaryImageOfPage\":{\"@id\":\"https:\\\/\\\/www.cidademarketing.com.br\\\/marketing\\\/2024\\\/05\\\/04\\\/itau-e-copacabana-palace-iluminam-o-rio-de-janeiro-em-homenagem-a-madonna\\\/#primaryimage\"},\"image\":{\"@id\":\"https:\\\/\\\/www.cidademarketing.com.br\\\/marketing\\\/2024\\\/05\\\/04\\\/itau-e-copacabana-palace-iluminam-o-rio-de-janeiro-em-homenagem-a-madonna\\\/#primaryimage\"},\"thumbnailUrl\":\"https:\\\/\\\/www.cidademarketing.com.br\\\/marketing\\\/wp-content\\\/uploads\\\/2024\\\/05\\\/madonna_itau_copacabanapalace.jpg\",\"datePublished\":\"2024-05-04T18:35:46+00:00\",\"breadcrumb\":{\"@id\":\"https:\\\/\\\/www.cidademarketing.com.br\\\/marketing\\\/2024\\\/05\\\/04\\\/itau-e-copacabana-palace-iluminam-o-rio-de-janeiro-em-homenagem-a-madonna\\\/#breadcrumb\"},\"inLanguage\":\"pt-BR\",\"potentialAction\":[{\"@type\":\"ReadAction\",\"target\":[\"https:\\\/\\\/www.cidademarketing.com.br\\\/marketing\\\/2024\\\/05\\\/04\\\/itau-e-copacabana-palace-iluminam-o-rio-de-janeiro-em-homenagem-a-madonna\\\/\"]}]},{\"@type\":\"ImageObject\",\"inLanguage\":\"pt-BR\",\"@id\":\"https:\\\/\\\/www.cidademarketing.com.br\\\/marketing\\\/2024\\\/05\\\/04\\\/itau-e-copacabana-palace-iluminam-o-rio-de-janeiro-em-homenagem-a-madonna\\\/#primaryimage\",\"url\":\"https:\\\/\\\/www.cidademarketing.com.br\\\/marketing\\\/wp-content\\\/uploads\\\/2024\\\/05\\\/madonna_itau_copacabanapalace.jpg\",\"contentUrl\":\"https:\\\/\\\/www.cidademarketing.com.br\\\/marketing\\\/wp-content\\\/uploads\\\/2024\\\/05\\\/madonna_itau_copacabanapalace.jpg\",\"width\":800,\"height\":384,\"caption\":\"Divulga\u00e7\u00e3o\"},{\"@type\":\"BreadcrumbList\",\"@id\":\"https:\\\/\\\/www.cidademarketing.com.br\\\/marketing\\\/2024\\\/05\\\/04\\\/itau-e-copacabana-palace-iluminam-o-rio-de-janeiro-em-homenagem-a-madonna\\\/#breadcrumb\",\"itemListElement\":[{\"@type\":\"ListItem\",\"position\":1,\"name\":\"In\u00edcio\",\"item\":\"https:\\\/\\\/www.cidademarketing.com.br\\\/marketing\\\/\"},{\"@type\":\"ListItem\",\"position\":2,\"name\":\"Ita\u00fa e Copacabana Palace iluminam o Rio de Janeiro em homenagem a Madonna\"}]},{\"@type\":\"WebSite\",\"@id\":\"https:\\\/\\\/www.cidademarketing.com.br\\\/marketing\\\/#website\",\"url\":\"https:\\\/\\\/www.cidademarketing.com.br\\\/marketing\\\/\",\"name\":\"CidadeMarketing\",\"description\":\"Somos um ve\u00edculo de comunica\u00e7\u00e3o de destaque no Brasil, reconhecido por conte\u00fados nos segmentos de marketing, empreendedorismo e inova\u00e7\u00e3o.\",\"publisher\":{\"@id\":\"https:\\\/\\\/www.cidademarketing.com.br\\\/marketing\\\/#organization\"},\"alternateName\":\"CidadeMarketing\",\"potentialAction\":[{\"@type\":\"SearchAction\",\"target\":{\"@type\":\"EntryPoint\",\"urlTemplate\":\"https:\\\/\\\/www.cidademarketing.com.br\\\/marketing\\\/?s={search_term_string}\"},\"query-input\":{\"@type\":\"PropertyValueSpecification\",\"valueRequired\":true,\"valueName\":\"search_term_string\"}}],\"inLanguage\":\"pt-BR\"},{\"@type\":\"Organization\",\"@id\":\"https:\\\/\\\/www.cidademarketing.com.br\\\/marketing\\\/#organization\",\"name\":\"CidadeMarketing\",\"alternateName\":\"CidadeMarketing\",\"url\":\"https:\\\/\\\/www.cidademarketing.com.br\\\/marketing\\\/\",\"logo\":{\"@type\":\"ImageObject\",\"inLanguage\":\"pt-BR\",\"@id\":\"https:\\\/\\\/www.cidademarketing.com.br\\\/marketing\\\/#\\\/schema\\\/logo\\\/image\\\/\",\"url\":\"https:\\\/\\\/www.cidademarketing.com.br\\\/marketing\\\/wp-content\\\/uploads\\\/2020\\\/01\\\/cidademarketing_marca_mobile.png\",\"contentUrl\":\"https:\\\/\\\/www.cidademarketing.com.br\\\/marketing\\\/wp-content\\\/uploads\\\/2020\\\/01\\\/cidademarketing_marca_mobile.png\",\"width\":230,\"height\":92,\"caption\":\"CidadeMarketing\"},\"image\":{\"@id\":\"https:\\\/\\\/www.cidademarketing.com.br\\\/marketing\\\/#\\\/schema\\\/logo\\\/image\\\/\"},\"sameAs\":[\"https:\\\/\\\/www.facebook.com\\\/portalcidademarketing\",\"https:\\\/\\\/x.com\\\/CidadeMarketing\",\"https:\\\/\\\/www.instagram.com\\\/cidademarketing\\\/\"]},{\"@type\":\"Person\",\"@id\":\"https:\\\/\\\/www.cidademarketing.com.br\\\/marketing\\\/#\\\/schema\\\/person\\\/02daff9f18bd9378c9e01eb6b2db155f\",\"name\":\"Thales Brand\u00e3o\",\"image\":{\"@type\":\"ImageObject\",\"inLanguage\":\"pt-BR\",\"@id\":\"https:\\\/\\\/secure.gravatar.com\\\/avatar\\\/7ca3206950207cc3cb48feec56a8a7898741ab725c368d99d5d7a5a50aab80c6?s=96&d=mm&r=g\",\"url\":\"https:\\\/\\\/secure.gravatar.com\\\/avatar\\\/7ca3206950207cc3cb48feec56a8a7898741ab725c368d99d5d7a5a50aab80c6?s=96&d=mm&r=g\",\"contentUrl\":\"https:\\\/\\\/secure.gravatar.com\\\/avatar\\\/7ca3206950207cc3cb48feec56a8a7898741ab725c368d99d5d7a5a50aab80c6?s=96&d=mm&r=g\",\"caption\":\"Thales Brand\u00e3o\"},\"description\":\"Editor Executivo do Portal CidadeMarketing.com.br &gt; Mestre em Comunica\u00e7\u00e3o e Sociedade pela Universidade Federal de Sergipe. Possui MBA Executivo em Administra\u00e7\u00e3o com \u00eanfase em Marketing pela Funda\u00e7\u00e3o Get\u00falio Vargas - Rio de Janeiro. Consultor, Palestrante e Pesquisador sobre Empreendedorismo, Marketing, Redes Sociais e Neg\u00f3cios Digitais. Professor, Palestrante TedxTalks e Campus Party. Twitter: @ThalesBrandao\",\"sameAs\":[\"http:\\\/\\\/www.mandacaru.com.br\",\"https:\\\/\\\/www.facebook.com\\\/thalesbrandao\",\"http:\\\/\\\/www.instagram.com.br\\\/thalesbrandaoferreira\",\"https:\\\/\\\/www.linkedin.com\\\/in\\\/thales-brand\u00e3o-3948609\\\/\",\"https:\\\/\\\/x.com\\\/http:\\\/\\\/www.twitter.com\\\/thalesbrandao\"],\"url\":\"https:\\\/\\\/www.cidademarketing.com.br\\\/marketing\\\/author\\\/thalesbrandao\\\/\"}]}<\/script>\n<!-- \/ Yoast SEO plugin. -->","yoast_head_json":{"title":"Ita\u00fa e Copacabana Palace iluminam o Rio de Janeiro em homenagem a Madonna - CidadeMarketing","robots":{"index":"index","follow":"follow","max-snippet":"max-snippet:-1","max-image-preview":"max-image-preview:large","max-video-preview":"max-video-preview:-1"},"canonical":"https:\/\/www.cidademarketing.com.br\/marketing\/2024\/05\/04\/itau-e-copacabana-palace-iluminam-o-rio-de-janeiro-em-homenagem-a-madonna\/","og_locale":"pt_BR","og_type":"article","og_title":"Ita\u00fa e Copacabana Palace iluminam o Rio de Janeiro em homenagem a Madonna - CidadeMarketing","og_description":"O Ita\u00fa Unibanco e o Copacabana Palace se unem para proporcionar uma experi\u00eancia \u00fanica e inesquec\u00edvel durante o show de Madonna no Rio de Janeiro. Em celebra\u00e7\u00e3o aos 100 anos do banco e ao encerramento da turn\u00ea mundial &#8220;The Celebration Tour&#8221;, a ic\u00f4nica fachada do Copacabana Palace ser\u00e1 iluminada com tons vibrantes de laranja, marcando [&hellip;]","og_url":"https:\/\/www.cidademarketing.com.br\/marketing\/2024\/05\/04\/itau-e-copacabana-palace-iluminam-o-rio-de-janeiro-em-homenagem-a-madonna\/","og_site_name":"CidadeMarketing","article_publisher":"https:\/\/www.facebook.com\/portalcidademarketing","article_author":"https:\/\/www.facebook.com\/thalesbrandao","article_published_time":"2024-05-04T18:35:46+00:00","og_image":[{"width":800,"height":384,"url":"https:\/\/www.cidademarketing.com.br\/marketing\/wp-content\/uploads\/2024\/05\/madonna_itau_copacabanapalace.jpg","type":"image\/jpeg"}],"author":"Thales Brand\u00e3o","twitter_card":"summary_large_image","twitter_creator":"@http:\/\/www.twitter.com\/thalesbrandao","twitter_site":"@CidadeMarketing","twitter_misc":{"Escrito por":"Thales Brand\u00e3o","Est. tempo de leitura":"1 minuto"},"schema":{"@context":"https:\/\/schema.org","@graph":[{"@type":"Article","@id":"https:\/\/www.cidademarketing.com.br\/marketing\/2024\/05\/04\/itau-e-copacabana-palace-iluminam-o-rio-de-janeiro-em-homenagem-a-madonna\/#article","isPartOf":{"@id":"https:\/\/www.cidademarketing.com.br\/marketing\/2024\/05\/04\/itau-e-copacabana-palace-iluminam-o-rio-de-janeiro-em-homenagem-a-madonna\/"},"author":{"name":"Thales Brand\u00e3o","@id":"https:\/\/www.cidademarketing.com.br\/marketing\/#\/schema\/person\/02daff9f18bd9378c9e01eb6b2db155f"},"headline":"Ita\u00fa e Copacabana Palace iluminam o Rio de Janeiro em homenagem a Madonna","datePublished":"2024-05-04T18:35:46+00:00","mainEntityOfPage":{"@id":"https:\/\/www.cidademarketing.com.br\/marketing\/2024\/05\/04\/itau-e-copacabana-palace-iluminam-o-rio-de-janeiro-em-homenagem-a-madonna\/"},"wordCount":271,"commentCount":0,"publisher":{"@id":"https:\/\/www.cidademarketing.com.br\/marketing\/#organization"},"image":{"@id":"https:\/\/www.cidademarketing.com.br\/marketing\/2024\/05\/04\/itau-e-copacabana-palace-iluminam-o-rio-de-janeiro-em-homenagem-a-madonna\/#primaryimage"},"thumbnailUrl":"https:\/\/www.cidademarketing.com.br\/marketing\/wp-content\/uploads\/2024\/05\/madonna_itau_copacabanapalace.jpg","keywords":["campanha","Copacabana Palace","estrat\u00e9gia","Ita\u00fa","Madonna","marketing","Rio","Rio de Janeiro","show"],"articleSection":["Not\u00edcias"],"inLanguage":"pt-BR","potentialAction":[{"@type":"CommentAction","name":"Comment","target":["https:\/\/www.cidademarketing.com.br\/marketing\/2024\/05\/04\/itau-e-copacabana-palace-iluminam-o-rio-de-janeiro-em-homenagem-a-madonna\/#respond"]}]},{"@type":"WebPage","@id":"https:\/\/www.cidademarketing.com.br\/marketing\/2024\/05\/04\/itau-e-copacabana-palace-iluminam-o-rio-de-janeiro-em-homenagem-a-madonna\/","url":"https:\/\/www.cidademarketing.com.br\/marketing\/2024\/05\/04\/itau-e-copacabana-palace-iluminam-o-rio-de-janeiro-em-homenagem-a-madonna\/","name":"Ita\u00fa e Copacabana Palace iluminam o Rio de Janeiro em homenagem a Madonna - CidadeMarketing","isPartOf":{"@id":"https:\/\/www.cidademarketing.com.br\/marketing\/#website"},"primaryImageOfPage":{"@id":"https:\/\/www.cidademarketing.com.br\/marketing\/2024\/05\/04\/itau-e-copacabana-palace-iluminam-o-rio-de-janeiro-em-homenagem-a-madonna\/#primaryimage"},"image":{"@id":"https:\/\/www.cidademarketing.com.br\/marketing\/2024\/05\/04\/itau-e-copacabana-palace-iluminam-o-rio-de-janeiro-em-homenagem-a-madonna\/#primaryimage"},"thumbnailUrl":"https:\/\/www.cidademarketing.com.br\/marketing\/wp-content\/uploads\/2024\/05\/madonna_itau_copacabanapalace.jpg","datePublished":"2024-05-04T18:35:46+00:00","breadcrumb":{"@id":"https:\/\/www.cidademarketing.com.br\/marketing\/2024\/05\/04\/itau-e-copacabana-palace-iluminam-o-rio-de-janeiro-em-homenagem-a-madonna\/#breadcrumb"},"inLanguage":"pt-BR","potentialAction":[{"@type":"ReadAction","target":["https:\/\/www.cidademarketing.com.br\/marketing\/2024\/05\/04\/itau-e-copacabana-palace-iluminam-o-rio-de-janeiro-em-homenagem-a-madonna\/"]}]},{"@type":"ImageObject","inLanguage":"pt-BR","@id":"https:\/\/www.cidademarketing.com.br\/marketing\/2024\/05\/04\/itau-e-copacabana-palace-iluminam-o-rio-de-janeiro-em-homenagem-a-madonna\/#primaryimage","url":"https:\/\/www.cidademarketing.com.br\/marketing\/wp-content\/uploads\/2024\/05\/madonna_itau_copacabanapalace.jpg","contentUrl":"https:\/\/www.cidademarketing.com.br\/marketing\/wp-content\/uploads\/2024\/05\/madonna_itau_copacabanapalace.jpg","width":800,"height":384,"caption":"Divulga\u00e7\u00e3o"},{"@type":"BreadcrumbList","@id":"https:\/\/www.cidademarketing.com.br\/marketing\/2024\/05\/04\/itau-e-copacabana-palace-iluminam-o-rio-de-janeiro-em-homenagem-a-madonna\/#breadcrumb","itemListElement":[{"@type":"ListItem","position":1,"name":"In\u00edcio","item":"https:\/\/www.cidademarketing.com.br\/marketing\/"},{"@type":"ListItem","position":2,"name":"Ita\u00fa e Copacabana Palace iluminam o Rio de Janeiro em homenagem a Madonna"}]},{"@type":"WebSite","@id":"https:\/\/www.cidademarketing.com.br\/marketing\/#website","url":"https:\/\/www.cidademarketing.com.br\/marketing\/","name":"CidadeMarketing","description":"Somos um ve\u00edculo de comunica\u00e7\u00e3o de destaque no Brasil, reconhecido por conte\u00fados nos segmentos de marketing, empreendedorismo e inova\u00e7\u00e3o.","publisher":{"@id":"https:\/\/www.cidademarketing.com.br\/marketing\/#organization"},"alternateName":"CidadeMarketing","potentialAction":[{"@type":"SearchAction","target":{"@type":"EntryPoint","urlTemplate":"https:\/\/www.cidademarketing.com.br\/marketing\/?s={search_term_string}"},"query-input":{"@type":"PropertyValueSpecification","valueRequired":true,"valueName":"search_term_string"}}],"inLanguage":"pt-BR"},{"@type":"Organization","@id":"https:\/\/www.cidademarketing.com.br\/marketing\/#organization","name":"CidadeMarketing","alternateName":"CidadeMarketing","url":"https:\/\/www.cidademarketing.com.br\/marketing\/","logo":{"@type":"ImageObject","inLanguage":"pt-BR","@id":"https:\/\/www.cidademarketing.com.br\/marketing\/#\/schema\/logo\/image\/","url":"https:\/\/www.cidademarketing.com.br\/marketing\/wp-content\/uploads\/2020\/01\/cidademarketing_marca_mobile.png","contentUrl":"https:\/\/www.cidademarketing.com.br\/marketing\/wp-content\/uploads\/2020\/01\/cidademarketing_marca_mobile.png","width":230,"height":92,"caption":"CidadeMarketing"},"image":{"@id":"https:\/\/www.cidademarketing.com.br\/marketing\/#\/schema\/logo\/image\/"},"sameAs":["https:\/\/www.facebook.com\/portalcidademarketing","https:\/\/x.com\/CidadeMarketing","https:\/\/www.instagram.com\/cidademarketing\/"]},{"@type":"Person","@id":"https:\/\/www.cidademarketing.com.br\/marketing\/#\/schema\/person\/02daff9f18bd9378c9e01eb6b2db155f","name":"Thales Brand\u00e3o","image":{"@type":"ImageObject","inLanguage":"pt-BR","@id":"https:\/\/secure.gravatar.com\/avatar\/7ca3206950207cc3cb48feec56a8a7898741ab725c368d99d5d7a5a50aab80c6?s=96&d=mm&r=g","url":"https:\/\/secure.gravatar.com\/avatar\/7ca3206950207cc3cb48feec56a8a7898741ab725c368d99d5d7a5a50aab80c6?s=96&d=mm&r=g","contentUrl":"https:\/\/secure.gravatar.com\/avatar\/7ca3206950207cc3cb48feec56a8a7898741ab725c368d99d5d7a5a50aab80c6?s=96&d=mm&r=g","caption":"Thales Brand\u00e3o"},"description":"Editor Executivo do Portal CidadeMarketing.com.br &gt; Mestre em Comunica\u00e7\u00e3o e Sociedade pela Universidade Federal de Sergipe. Possui MBA Executivo em Administra\u00e7\u00e3o com \u00eanfase em Marketing pela Funda\u00e7\u00e3o Get\u00falio Vargas - Rio de Janeiro. Consultor, Palestrante e Pesquisador sobre Empreendedorismo, Marketing, Redes Sociais e Neg\u00f3cios Digitais. Professor, Palestrante TedxTalks e Campus Party. Twitter: @ThalesBrandao","sameAs":["http:\/\/www.mandacaru.com.br","https:\/\/www.facebook.com\/thalesbrandao","http:\/\/www.instagram.com.br\/thalesbrandaoferreira","https:\/\/www.linkedin.com\/in\/thales-brand\u00e3o-3948609\/","https:\/\/x.com\/http:\/\/www.twitter.com\/thalesbrandao"],"url":"https:\/\/www.cidademarketing.com.br\/marketing\/author\/thalesbrandao\/"}]}},"amp_enabled":true,"_links":{"self":[{"href":"https:\/\/www.cidademarketing.com.br\/marketing\/wp-json\/wp\/v2\/posts\/50952","targetHints":{"allow":["GET"]}}],"collection":[{"href":"https:\/\/www.cidademarketing.com.br\/marketing\/wp-json\/wp\/v2\/posts"}],"about":[{"href":"https:\/\/www.cidademarketing.com.br\/marketing\/wp-json\/wp\/v2\/types\/post"}],"author":[{"embeddable":true,"href":"https:\/\/www.cidademarketing.com.br\/marketing\/wp-json\/wp\/v2\/users\/1"}],"replies":[{"embeddable":true,"href":"https:\/\/www.cidademarketing.com.br\/marketing\/wp-json\/wp\/v2\/comments?post=50952"}],"version-history":[{"count":1,"href":"https:\/\/www.cidademarketing.com.br\/marketing\/wp-json\/wp\/v2\/posts\/50952\/revisions"}],"predecessor-version":[{"id":50954,"href":"https:\/\/www.cidademarketing.com.br\/marketing\/wp-json\/wp\/v2\/posts\/50952\/revisions\/50954"}],"wp:featuredmedia":[{"embeddable":true,"href":"https:\/\/www.cidademarketing.com.br\/marketing\/wp-json\/wp\/v2\/media\/50953"}],"wp:attachment":[{"href":"https:\/\/www.cidademarketing.com.br\/marketing\/wp-json\/wp\/v2\/media?parent=50952"}],"wp:term":[{"taxonomy":"category","embeddable":true,"href":"https:\/\/www.cidademarketing.com.br\/marketing\/wp-json\/wp\/v2\/categories?post=50952"},{"taxonomy":"post_tag","embeddable":true,"href":"https:\/\/www.cidademarketing.com.br\/marketing\/wp-json\/wp\/v2\/tags?post=50952"}],"curies":[{"name":"wp","href":"https:\/\/api.w.org\/{rel}","templated":true}]}}