{"id":50830,"date":"2024-04-22T12:47:36","date_gmt":"2024-04-22T15:47:36","guid":{"rendered":"https:\/\/www.cidademarketing.com.br\/marketing\/?p=50830"},"modified":"2024-04-22T12:47:36","modified_gmt":"2024-04-22T15:47:36","slug":"ford-celebra-60-anos-do-mustang-com-acao-social-filme-e-apresentacao-de-album-de-figurinhas","status":"publish","type":"post","link":"https:\/\/www.cidademarketing.com.br\/marketing\/2024\/04\/22\/ford-celebra-60-anos-do-mustang-com-acao-social-filme-e-apresentacao-de-album-de-figurinhas\/","title":{"rendered":"Ford celebra 60 anos do Mustang com a\u00e7\u00e3o social, filme e apresenta\u00e7\u00e3o de \u00e1lbum de figurinhas"},"content":{"rendered":"<p>A Ford est\u00e1 celebrando os 60 anos do ic\u00f4nico Mustang com uma s\u00e9rie de iniciativas especiais para marcar essa data hist\u00f3rica. Como parte dessas comemora\u00e7\u00f5es, a empresa anunciou a doa\u00e7\u00e3o de um Mustang GT Performance exclusivo, personalizado por Alan Mosca, para ser leiloado em prol de uma ONG. Al\u00e9m disso, a marca lan\u00e7ou um \u00e1lbum de figurinhas em parceria com a Panini, destacando a hist\u00f3ria e curiosidades desse lend\u00e1rio ve\u00edculo.<\/p>\n<p><iframe title=\"Spotify Embed: Podcast CidadeMarketing\" style=\"border-radius: 12px\" width=\"100%\" height=\"152\" frameborder=\"0\" allowfullscreen allow=\"autoplay; clipboard-write; encrypted-media; fullscreen; picture-in-picture\" loading=\"lazy\" src=\"https:\/\/open.spotify.com\/embed\/show\/4khMKzP3FgFRWVwb73xicc?si=252fe5bff2b34909&#038;utm_source=oembed\"><\/iframe><\/p>\n<p>O Mustang GT Performance doado pela Ford \u00e9 uma pe\u00e7a exclusiva, sendo o primeiro da s\u00e9tima gera\u00e7\u00e3o a chegar ao Brasil. Com uma pintura personalizada feita por Alan Mosca, filho do lend\u00e1rio Sid Mosca, esse Mustang apresenta uma cor \u00fanica, o prata Orvalho, que n\u00e3o estar\u00e1 dispon\u00edvel para venda no pa\u00eds. O nome da institui\u00e7\u00e3o beneficiada pelo leil\u00e3o ser\u00e1 anunciado posteriormente.<\/p>\n<p>Paralelamente, a Ford lan\u00e7ou um \u00e1lbum de figurinhas em homenagem aos 60 anos do Mustang. Produzido em colabora\u00e7\u00e3o com a Panini, o \u00e1lbum conta com 120 cromos que retratam a evolu\u00e7\u00e3o das sete gera\u00e7\u00f5es do Mustang, al\u00e9m de curiosidades sobre sua hist\u00f3ria e legado nas competi\u00e7\u00f5es. Essa edi\u00e7\u00e3o limitada de 5.000 exemplares ser\u00e1 distribu\u00edda gratuitamente para propriet\u00e1rios do ve\u00edculo, jornalistas, influenciadores, revendedores e colaboradores da marca.<\/p>\n<p>Para marcar ainda mais essa data especial, a Ford est\u00e1 organizando um grande encontro no Aut\u00f3dromo de Interlagos neste s\u00e1bado (13 de abril), reunindo propriet\u00e1rios do Mustang em um evento que promete ser o maior desfile j\u00e1 realizado no Brasil desse modelo lend\u00e1rio. Al\u00e9m disso, membros do Clube do Mustang tiveram a oportunidade \u00fanica de visitar a sede da Ford em Detroit, nos Estados Unidos, onde puderam explorar o Museu Henry Ford e outros pontos hist\u00f3ricos ligados ao ve\u00edculo.<\/p>\n<div class=\"youtube-embed\" data-video_id=\"kKdgnPwkypk\"><iframe title=\"Novo Mustang 2024\" width=\"640\" height=\"360\" src=\"https:\/\/www.youtube.com\/embed\/kKdgnPwkypk?feature=oembed&#038;enablejsapi=1\" frameborder=\"0\" allow=\"accelerometer; autoplay; clipboard-write; encrypted-media; gyroscope; picture-in-picture; web-share\" referrerpolicy=\"strict-origin-when-cross-origin\" allowfullscreen><\/iframe><\/div>\n<p>&#8220;O Mustang \u00e9 um dos poucos carros na hist\u00f3ria da ind\u00fastria mundial a alcan\u00e7ar 60 anos de produ\u00e7\u00e3o cont\u00ednua. \u00c9 um ve\u00edculo que evolui, seduz e encanta diferentes gera\u00e7\u00f5es, mantendo sua ess\u00eancia. Com essas iniciativas, queremos celebrar essa jornada e compartilhar esse legado com todos os f\u00e3s&#8221;, destaca Rogelio Golfarb, vice-presidente da Ford Am\u00e9rica do Sul.<\/p>\n\r\n                <style type=\"text\/css\">\r\n                    \r\n                    #tdi_1  .td-doubleSlider-2 .td-item1 {\r\n                        background: url(https:\/\/www.cidademarketing.com.br\/marketing\/wp-content\/uploads\/2024\/04\/Ford-Mustang_Album_60Anos-80x60.webp) 0 0 no-repeat;\r\n                    }\r\n                    #tdi_1  .td-doubleSlider-2 .td-item2 {\r\n                        background: url(https:\/\/www.cidademarketing.com.br\/marketing\/wp-content\/uploads\/2024\/04\/Ford_RogelioGolfarb-80x60.webp) 0 0 no-repeat;\r\n                    }\r\n                    #tdi_1  .td-doubleSlider-2 .td-item3 {\r\n                        background: url(https:\/\/www.cidademarketing.com.br\/marketing\/wp-content\/uploads\/2024\/04\/FordMustangGTPerformance2024-Doacao-80x60.webp) 0 0 no-repeat;\r\n                    }\r\n                <\/style>\r\n\r\n                <div id=\"tdi_1\" class=\"td-gallery td-slide-on-2-columns\">\r\n                    <div class=\"post_td_gallery\">\r\n                        <div class=\"td-gallery-slide-top\">\r\n                           <div class=\"td-gallery-title\"><\/div>\r\n\r\n                            <div class=\"td-gallery-controls-wrapper\">\r\n                                <div class=\"td-gallery-slide-count\"><span class=\"td-gallery-slide-item-focus\">1<\/span> de 3<\/div>\r\n                                <div class=\"td-gallery-slide-prev-next-but\">\r\n                                    <i class = \"td-icon-left doubleSliderPrevButton\"><\/i>\r\n                                    <i class = \"td-icon-right doubleSliderNextButton\"><\/i>\r\n                                <\/div>\r\n                            <\/div>\r\n                        <\/div>\r\n\r\n                        <div class = \"td-doubleSlider-1 \">\r\n                            <div class = \"td-slider\">\r\n                                \r\n                    <div class = \"td-slide-item td-item1\">\r\n                        <figure class=\"td-slide-galery-figure td-slide-popup-gallery\">\r\n                            <a class=\"slide-gallery-image-link\" href=\"https:\/\/www.cidademarketing.com.br\/marketing\/wp-content\/uploads\/2024\/04\/Ford-Mustang_Album_60Anos.webp\" title=\"Mustang 60 Anos\"  data-caption=\"Divulga\u00e7\u00e3o\"  data-description=\"\">\r\n                                <img decoding=\"async\" src=\"https:\/\/www.cidademarketing.com.br\/marketing\/wp-content\/uploads\/2024\/04\/Ford-Mustang_Album_60Anos-342x420.webp\" srcset=\"https:\/\/www.cidademarketing.com.br\/marketing\/wp-content\/uploads\/2024\/04\/Ford-Mustang_Album_60Anos-342x420.webp 342w, https:\/\/www.cidademarketing.com.br\/marketing\/wp-content\/uploads\/2024\/04\/Ford-Mustang_Album_60Anos-244x300.webp 244w, https:\/\/www.cidademarketing.com.br\/marketing\/wp-content\/uploads\/2024\/04\/Ford-Mustang_Album_60Anos-833x1024.webp 833w, https:\/\/www.cidademarketing.com.br\/marketing\/wp-content\/uploads\/2024\/04\/Ford-Mustang_Album_60Anos-768x944.webp 768w, https:\/\/www.cidademarketing.com.br\/marketing\/wp-content\/uploads\/2024\/04\/Ford-Mustang_Album_60Anos-1250x1536.webp 1250w, https:\/\/www.cidademarketing.com.br\/marketing\/wp-content\/uploads\/2024\/04\/Ford-Mustang_Album_60Anos-1666x2048.webp 1666w, https:\/\/www.cidademarketing.com.br\/marketing\/wp-content\/uploads\/2024\/04\/Ford-Mustang_Album_60Anos-640x787.webp 640w, https:\/\/www.cidademarketing.com.br\/marketing\/wp-content\/uploads\/2024\/04\/Ford-Mustang_Album_60Anos-681x837.webp 681w, https:\/\/www.cidademarketing.com.br\/marketing\/wp-content\/uploads\/2024\/04\/Ford-Mustang_Album_60Anos.webp 1922w\" sizes=\"(max-width: 342px) 100vw, 342px\" alt=\"\">\r\n                            <\/a>\r\n                            <figcaption class = \"td-slide-caption td-gallery-slide-content\"><div class = \"td-gallery-slide-copywrite\">Divulga\u00e7\u00e3o<\/div><\/figcaption>\r\n                        <\/figure>\r\n                    <\/div>\r\n                    <div class = \"td-slide-item td-item2\">\r\n                        <figure class=\"td-slide-galery-figure td-slide-popup-gallery\">\r\n                            <a class=\"slide-gallery-image-link\" href=\"https:\/\/www.cidademarketing.com.br\/marketing\/wp-content\/uploads\/2024\/04\/Ford_RogelioGolfarb.webp\" title=\"Mustang 60 Anos\"  data-caption=\"Divulga\u00e7\u00e3o\"  data-description=\"\">\r\n                                <img decoding=\"async\" src=\"https:\/\/www.cidademarketing.com.br\/marketing\/wp-content\/uploads\/2024\/04\/Ford_RogelioGolfarb-280x420.webp\" srcset=\"https:\/\/www.cidademarketing.com.br\/marketing\/wp-content\/uploads\/2024\/04\/Ford_RogelioGolfarb-280x420.webp 280w, https:\/\/www.cidademarketing.com.br\/marketing\/wp-content\/uploads\/2024\/04\/Ford_RogelioGolfarb-200x300.webp 200w, https:\/\/www.cidademarketing.com.br\/marketing\/wp-content\/uploads\/2024\/04\/Ford_RogelioGolfarb-683x1024.webp 683w, https:\/\/www.cidademarketing.com.br\/marketing\/wp-content\/uploads\/2024\/04\/Ford_RogelioGolfarb-768x1151.webp 768w, https:\/\/www.cidademarketing.com.br\/marketing\/wp-content\/uploads\/2024\/04\/Ford_RogelioGolfarb-1025x1536.webp 1025w, https:\/\/www.cidademarketing.com.br\/marketing\/wp-content\/uploads\/2024\/04\/Ford_RogelioGolfarb-1366x2048.webp 1366w, https:\/\/www.cidademarketing.com.br\/marketing\/wp-content\/uploads\/2024\/04\/Ford_RogelioGolfarb-640x959.webp 640w, https:\/\/www.cidademarketing.com.br\/marketing\/wp-content\/uploads\/2024\/04\/Ford_RogelioGolfarb-681x1021.webp 681w, https:\/\/www.cidademarketing.com.br\/marketing\/wp-content\/uploads\/2024\/04\/Ford_RogelioGolfarb.webp 1576w\" sizes=\"(max-width: 280px) 100vw, 280px\" alt=\"\">\r\n                            <\/a>\r\n                            <figcaption class = \"td-slide-caption td-gallery-slide-content\"><div class = \"td-gallery-slide-copywrite\">Divulga\u00e7\u00e3o<\/div><\/figcaption>\r\n                        <\/figure>\r\n                    <\/div>\r\n                    <div class = \"td-slide-item td-item3\">\r\n                        <figure class=\"td-slide-galery-figure td-slide-popup-gallery\">\r\n                            <a class=\"slide-gallery-image-link\" href=\"https:\/\/www.cidademarketing.com.br\/marketing\/wp-content\/uploads\/2024\/04\/FordMustangGTPerformance2024-Doacao.webp\" title=\"Mustang 60 Anos\"  data-caption=\"Divulga\u00e7\u00e3o\"  data-description=\"\">\r\n                                <img decoding=\"async\" src=\"https:\/\/www.cidademarketing.com.br\/marketing\/wp-content\/uploads\/2024\/04\/FordMustangGTPerformance2024-Doacao-630x420.webp\" srcset=\"https:\/\/www.cidademarketing.com.br\/marketing\/wp-content\/uploads\/2024\/04\/FordMustangGTPerformance2024-Doacao-630x420.webp 630w, https:\/\/www.cidademarketing.com.br\/marketing\/wp-content\/uploads\/2024\/04\/FordMustangGTPerformance2024-Doacao-300x200.webp 300w, https:\/\/www.cidademarketing.com.br\/marketing\/wp-content\/uploads\/2024\/04\/FordMustangGTPerformance2024-Doacao-768x512.webp 768w, https:\/\/www.cidademarketing.com.br\/marketing\/wp-content\/uploads\/2024\/04\/FordMustangGTPerformance2024-Doacao-640x427.webp 640w, https:\/\/www.cidademarketing.com.br\/marketing\/wp-content\/uploads\/2024\/04\/FordMustangGTPerformance2024-Doacao-681x454.webp 681w, https:\/\/www.cidademarketing.com.br\/marketing\/wp-content\/uploads\/2024\/04\/FordMustangGTPerformance2024-Doacao.webp 1000w\" sizes=\"(max-width: 630px) 100vw, 630px\" alt=\"\">\r\n                            <\/a>\r\n                            <figcaption class = \"td-slide-caption td-gallery-slide-content\"><div class = \"td-gallery-slide-copywrite\">Divulga\u00e7\u00e3o<\/div><\/figcaption>\r\n                        <\/figure>\r\n                    <\/div>\r\n                            <\/div>\r\n                        <\/div>\r\n\r\n                        <div class = \"td-doubleSlider-2\">\r\n                            <div class = \"td-slider\">\r\n                                \r\n                    <div class = \"td-button td-item1\">\r\n                        <div class = \"td-border\"><\/div>\r\n                    <\/div>\r\n                    <div class = \"td-button td-item2\">\r\n                        <div class = \"td-border\"><\/div>\r\n                    <\/div>\r\n                    <div class = \"td-button td-item3\">\r\n                        <div class = \"td-border\"><\/div>\r\n                    <\/div>\r\n                            <\/div>\r\n                        <\/div>\r\n\r\n                    <\/div>\r\n\r\n                <\/div>\r\n                \n<p>Desde seu lan\u00e7amento em 1964, o Ford Mustang se estabeleceu como um verdadeiro \u00edcone cultural, participando de mais de 3.000 filmes e s\u00e9ries, inspirando m\u00fasicas, clipes e influenciando a cultura pop em diversos aspectos. Com mais de 10 milh\u00f5es de unidades vendidas, o Mustang continua a cativar entusiastas e apaixonados por carros em todo o mundo, mantendo-se como um s\u00edmbolo de pot\u00eancia, estilo e liberdade.<\/p>\n","protected":false},"excerpt":{"rendered":"<p>A Ford est\u00e1 celebrando os 60 anos do ic\u00f4nico Mustang com uma s\u00e9rie de iniciativas especiais para marcar essa data hist\u00f3rica. Como parte dessas comemora\u00e7\u00f5es, a empresa anunciou a doa\u00e7\u00e3o de um Mustang GT Performance exclusivo, personalizado por Alan Mosca, para ser leiloado em prol de uma ONG. Al\u00e9m disso, a marca lan\u00e7ou um \u00e1lbum [&hellip;]<\/p>\n","protected":false},"author":1,"featured_media":50831,"comment_status":"open","ping_status":"open","sticky":false,"template":"","format":"standard","meta":{"tdm_status":"","tdm_grid_status":"","footnotes":""},"categories":[6,14],"tags":[65,33,36,28,2446,66],"class_list":["post-50830","post","type-post","status-publish","format-standard","has-post-thumbnail","hentry","category-noticias","category-videos","tag-campanha","tag-estrategia","tag-ford","tag-marketing","tag-mustang","tag-propaganda"],"yoast_head":"<!-- This site is optimized with the Yoast SEO plugin v27.4 - https:\/\/yoast.com\/product\/yoast-seo-wordpress\/ -->\n<title>Ford celebra 60 anos do Mustang com a\u00e7\u00e3o social, filme e apresenta\u00e7\u00e3o de \u00e1lbum de figurinhas - CidadeMarketing<\/title>\n<meta name=\"robots\" content=\"index, follow, max-snippet:-1, max-image-preview:large, max-video-preview:-1\" \/>\n<link rel=\"canonical\" href=\"https:\/\/www.cidademarketing.com.br\/marketing\/2024\/04\/22\/ford-celebra-60-anos-do-mustang-com-acao-social-filme-e-apresentacao-de-album-de-figurinhas\/\" \/>\n<meta property=\"og:locale\" content=\"pt_BR\" \/>\n<meta property=\"og:type\" content=\"article\" \/>\n<meta property=\"og:title\" content=\"Ford celebra 60 anos do Mustang com a\u00e7\u00e3o social, filme e apresenta\u00e7\u00e3o de \u00e1lbum de figurinhas - CidadeMarketing\" \/>\n<meta property=\"og:description\" content=\"A Ford est\u00e1 celebrando os 60 anos do ic\u00f4nico Mustang com uma s\u00e9rie de iniciativas especiais para marcar essa data hist\u00f3rica. Como parte dessas comemora\u00e7\u00f5es, a empresa anunciou a doa\u00e7\u00e3o de um Mustang GT Performance exclusivo, personalizado por Alan Mosca, para ser leiloado em prol de uma ONG. Al\u00e9m disso, a marca lan\u00e7ou um \u00e1lbum [&hellip;]\" \/>\n<meta property=\"og:url\" content=\"https:\/\/www.cidademarketing.com.br\/marketing\/2024\/04\/22\/ford-celebra-60-anos-do-mustang-com-acao-social-filme-e-apresentacao-de-album-de-figurinhas\/\" \/>\n<meta property=\"og:site_name\" content=\"CidadeMarketing\" \/>\n<meta property=\"article:publisher\" content=\"https:\/\/www.facebook.com\/portalcidademarketing\" \/>\n<meta property=\"article:author\" content=\"https:\/\/www.facebook.com\/thalesbrandao\" \/>\n<meta property=\"article:published_time\" content=\"2024-04-22T15:47:36+00:00\" \/>\n<meta property=\"og:image\" content=\"https:\/\/www.cidademarketing.com.br\/marketing\/wp-content\/uploads\/2024\/04\/mustang_60anos_ford.webp\" \/>\n\t<meta property=\"og:image:width\" content=\"1136\" \/>\n\t<meta property=\"og:image:height\" content=\"633\" \/>\n\t<meta property=\"og:image:type\" content=\"image\/webp\" \/>\n<meta name=\"author\" content=\"Thales Brand\u00e3o\" \/>\n<meta name=\"twitter:card\" content=\"summary_large_image\" \/>\n<meta name=\"twitter:creator\" content=\"@http:\/\/www.twitter.com\/thalesbrandao\" \/>\n<meta name=\"twitter:site\" content=\"@CidadeMarketing\" \/>\n<meta name=\"twitter:label1\" content=\"Escrito por\" \/>\n\t<meta name=\"twitter:data1\" content=\"Thales Brand\u00e3o\" \/>\n\t<meta name=\"twitter:label2\" content=\"Est. tempo de leitura\" \/>\n\t<meta name=\"twitter:data2\" content=\"2 minutos\" \/>\n<script type=\"application\/ld+json\" class=\"yoast-schema-graph\">{\"@context\":\"https:\\\/\\\/schema.org\",\"@graph\":[{\"@type\":\"Article\",\"@id\":\"https:\\\/\\\/www.cidademarketing.com.br\\\/marketing\\\/2024\\\/04\\\/22\\\/ford-celebra-60-anos-do-mustang-com-acao-social-filme-e-apresentacao-de-album-de-figurinhas\\\/#article\",\"isPartOf\":{\"@id\":\"https:\\\/\\\/www.cidademarketing.com.br\\\/marketing\\\/2024\\\/04\\\/22\\\/ford-celebra-60-anos-do-mustang-com-acao-social-filme-e-apresentacao-de-album-de-figurinhas\\\/\"},\"author\":{\"name\":\"Thales Brand\u00e3o\",\"@id\":\"https:\\\/\\\/www.cidademarketing.com.br\\\/marketing\\\/#\\\/schema\\\/person\\\/02daff9f18bd9378c9e01eb6b2db155f\"},\"headline\":\"Ford celebra 60 anos do Mustang com a\u00e7\u00e3o social, filme e apresenta\u00e7\u00e3o de \u00e1lbum de figurinhas\",\"datePublished\":\"2024-04-22T15:47:36+00:00\",\"mainEntityOfPage\":{\"@id\":\"https:\\\/\\\/www.cidademarketing.com.br\\\/marketing\\\/2024\\\/04\\\/22\\\/ford-celebra-60-anos-do-mustang-com-acao-social-filme-e-apresentacao-de-album-de-figurinhas\\\/\"},\"wordCount\":485,\"commentCount\":0,\"publisher\":{\"@id\":\"https:\\\/\\\/www.cidademarketing.com.br\\\/marketing\\\/#organization\"},\"image\":{\"@id\":\"https:\\\/\\\/www.cidademarketing.com.br\\\/marketing\\\/2024\\\/04\\\/22\\\/ford-celebra-60-anos-do-mustang-com-acao-social-filme-e-apresentacao-de-album-de-figurinhas\\\/#primaryimage\"},\"thumbnailUrl\":\"https:\\\/\\\/www.cidademarketing.com.br\\\/marketing\\\/wp-content\\\/uploads\\\/2024\\\/04\\\/mustang_60anos_ford.webp\",\"keywords\":[\"campanha\",\"estrat\u00e9gia\",\"Ford\",\"marketing\",\"mustang\",\"propaganda\"],\"articleSection\":[\"Not\u00edcias\",\"Videos\"],\"inLanguage\":\"pt-BR\",\"potentialAction\":[{\"@type\":\"CommentAction\",\"name\":\"Comment\",\"target\":[\"https:\\\/\\\/www.cidademarketing.com.br\\\/marketing\\\/2024\\\/04\\\/22\\\/ford-celebra-60-anos-do-mustang-com-acao-social-filme-e-apresentacao-de-album-de-figurinhas\\\/#respond\"]}]},{\"@type\":\"WebPage\",\"@id\":\"https:\\\/\\\/www.cidademarketing.com.br\\\/marketing\\\/2024\\\/04\\\/22\\\/ford-celebra-60-anos-do-mustang-com-acao-social-filme-e-apresentacao-de-album-de-figurinhas\\\/\",\"url\":\"https:\\\/\\\/www.cidademarketing.com.br\\\/marketing\\\/2024\\\/04\\\/22\\\/ford-celebra-60-anos-do-mustang-com-acao-social-filme-e-apresentacao-de-album-de-figurinhas\\\/\",\"name\":\"Ford celebra 60 anos do Mustang com a\u00e7\u00e3o social, filme e apresenta\u00e7\u00e3o de \u00e1lbum de figurinhas - CidadeMarketing\",\"isPartOf\":{\"@id\":\"https:\\\/\\\/www.cidademarketing.com.br\\\/marketing\\\/#website\"},\"primaryImageOfPage\":{\"@id\":\"https:\\\/\\\/www.cidademarketing.com.br\\\/marketing\\\/2024\\\/04\\\/22\\\/ford-celebra-60-anos-do-mustang-com-acao-social-filme-e-apresentacao-de-album-de-figurinhas\\\/#primaryimage\"},\"image\":{\"@id\":\"https:\\\/\\\/www.cidademarketing.com.br\\\/marketing\\\/2024\\\/04\\\/22\\\/ford-celebra-60-anos-do-mustang-com-acao-social-filme-e-apresentacao-de-album-de-figurinhas\\\/#primaryimage\"},\"thumbnailUrl\":\"https:\\\/\\\/www.cidademarketing.com.br\\\/marketing\\\/wp-content\\\/uploads\\\/2024\\\/04\\\/mustang_60anos_ford.webp\",\"datePublished\":\"2024-04-22T15:47:36+00:00\",\"breadcrumb\":{\"@id\":\"https:\\\/\\\/www.cidademarketing.com.br\\\/marketing\\\/2024\\\/04\\\/22\\\/ford-celebra-60-anos-do-mustang-com-acao-social-filme-e-apresentacao-de-album-de-figurinhas\\\/#breadcrumb\"},\"inLanguage\":\"pt-BR\",\"potentialAction\":[{\"@type\":\"ReadAction\",\"target\":[\"https:\\\/\\\/www.cidademarketing.com.br\\\/marketing\\\/2024\\\/04\\\/22\\\/ford-celebra-60-anos-do-mustang-com-acao-social-filme-e-apresentacao-de-album-de-figurinhas\\\/\"]}]},{\"@type\":\"ImageObject\",\"inLanguage\":\"pt-BR\",\"@id\":\"https:\\\/\\\/www.cidademarketing.com.br\\\/marketing\\\/2024\\\/04\\\/22\\\/ford-celebra-60-anos-do-mustang-com-acao-social-filme-e-apresentacao-de-album-de-figurinhas\\\/#primaryimage\",\"url\":\"https:\\\/\\\/www.cidademarketing.com.br\\\/marketing\\\/wp-content\\\/uploads\\\/2024\\\/04\\\/mustang_60anos_ford.webp\",\"contentUrl\":\"https:\\\/\\\/www.cidademarketing.com.br\\\/marketing\\\/wp-content\\\/uploads\\\/2024\\\/04\\\/mustang_60anos_ford.webp\",\"width\":1136,\"height\":633,\"caption\":\"Reprodu\u00e7\u00e3o\"},{\"@type\":\"BreadcrumbList\",\"@id\":\"https:\\\/\\\/www.cidademarketing.com.br\\\/marketing\\\/2024\\\/04\\\/22\\\/ford-celebra-60-anos-do-mustang-com-acao-social-filme-e-apresentacao-de-album-de-figurinhas\\\/#breadcrumb\",\"itemListElement\":[{\"@type\":\"ListItem\",\"position\":1,\"name\":\"In\u00edcio\",\"item\":\"https:\\\/\\\/www.cidademarketing.com.br\\\/marketing\\\/\"},{\"@type\":\"ListItem\",\"position\":2,\"name\":\"Ford celebra 60 anos do Mustang com a\u00e7\u00e3o social, filme e apresenta\u00e7\u00e3o de \u00e1lbum de figurinhas\"}]},{\"@type\":\"WebSite\",\"@id\":\"https:\\\/\\\/www.cidademarketing.com.br\\\/marketing\\\/#website\",\"url\":\"https:\\\/\\\/www.cidademarketing.com.br\\\/marketing\\\/\",\"name\":\"CidadeMarketing\",\"description\":\"Somos um ve\u00edculo de comunica\u00e7\u00e3o de destaque no Brasil, reconhecido por conte\u00fados nos segmentos de marketing, empreendedorismo e inova\u00e7\u00e3o.\",\"publisher\":{\"@id\":\"https:\\\/\\\/www.cidademarketing.com.br\\\/marketing\\\/#organization\"},\"alternateName\":\"CidadeMarketing\",\"potentialAction\":[{\"@type\":\"SearchAction\",\"target\":{\"@type\":\"EntryPoint\",\"urlTemplate\":\"https:\\\/\\\/www.cidademarketing.com.br\\\/marketing\\\/?s={search_term_string}\"},\"query-input\":{\"@type\":\"PropertyValueSpecification\",\"valueRequired\":true,\"valueName\":\"search_term_string\"}}],\"inLanguage\":\"pt-BR\"},{\"@type\":\"Organization\",\"@id\":\"https:\\\/\\\/www.cidademarketing.com.br\\\/marketing\\\/#organization\",\"name\":\"CidadeMarketing\",\"alternateName\":\"CidadeMarketing\",\"url\":\"https:\\\/\\\/www.cidademarketing.com.br\\\/marketing\\\/\",\"logo\":{\"@type\":\"ImageObject\",\"inLanguage\":\"pt-BR\",\"@id\":\"https:\\\/\\\/www.cidademarketing.com.br\\\/marketing\\\/#\\\/schema\\\/logo\\\/image\\\/\",\"url\":\"https:\\\/\\\/www.cidademarketing.com.br\\\/marketing\\\/wp-content\\\/uploads\\\/2020\\\/01\\\/cidademarketing_marca_mobile.png\",\"contentUrl\":\"https:\\\/\\\/www.cidademarketing.com.br\\\/marketing\\\/wp-content\\\/uploads\\\/2020\\\/01\\\/cidademarketing_marca_mobile.png\",\"width\":230,\"height\":92,\"caption\":\"CidadeMarketing\"},\"image\":{\"@id\":\"https:\\\/\\\/www.cidademarketing.com.br\\\/marketing\\\/#\\\/schema\\\/logo\\\/image\\\/\"},\"sameAs\":[\"https:\\\/\\\/www.facebook.com\\\/portalcidademarketing\",\"https:\\\/\\\/x.com\\\/CidadeMarketing\",\"https:\\\/\\\/www.instagram.com\\\/cidademarketing\\\/\"]},{\"@type\":\"Person\",\"@id\":\"https:\\\/\\\/www.cidademarketing.com.br\\\/marketing\\\/#\\\/schema\\\/person\\\/02daff9f18bd9378c9e01eb6b2db155f\",\"name\":\"Thales Brand\u00e3o\",\"image\":{\"@type\":\"ImageObject\",\"inLanguage\":\"pt-BR\",\"@id\":\"https:\\\/\\\/secure.gravatar.com\\\/avatar\\\/7ca3206950207cc3cb48feec56a8a7898741ab725c368d99d5d7a5a50aab80c6?s=96&d=mm&r=g\",\"url\":\"https:\\\/\\\/secure.gravatar.com\\\/avatar\\\/7ca3206950207cc3cb48feec56a8a7898741ab725c368d99d5d7a5a50aab80c6?s=96&d=mm&r=g\",\"contentUrl\":\"https:\\\/\\\/secure.gravatar.com\\\/avatar\\\/7ca3206950207cc3cb48feec56a8a7898741ab725c368d99d5d7a5a50aab80c6?s=96&d=mm&r=g\",\"caption\":\"Thales Brand\u00e3o\"},\"description\":\"Editor Executivo do Portal CidadeMarketing.com.br &gt; Mestre em Comunica\u00e7\u00e3o e Sociedade pela Universidade Federal de Sergipe. Possui MBA Executivo em Administra\u00e7\u00e3o com \u00eanfase em Marketing pela Funda\u00e7\u00e3o Get\u00falio Vargas - Rio de Janeiro. Consultor, Palestrante e Pesquisador sobre Empreendedorismo, Marketing, Redes Sociais e Neg\u00f3cios Digitais. Professor, Palestrante TedxTalks e Campus Party. Twitter: @ThalesBrandao\",\"sameAs\":[\"http:\\\/\\\/www.mandacaru.com.br\",\"https:\\\/\\\/www.facebook.com\\\/thalesbrandao\",\"http:\\\/\\\/www.instagram.com.br\\\/thalesbrandaoferreira\",\"https:\\\/\\\/www.linkedin.com\\\/in\\\/thales-brand\u00e3o-3948609\\\/\",\"https:\\\/\\\/x.com\\\/http:\\\/\\\/www.twitter.com\\\/thalesbrandao\"],\"url\":\"https:\\\/\\\/www.cidademarketing.com.br\\\/marketing\\\/author\\\/thalesbrandao\\\/\"}]}<\/script>\n<!-- \/ Yoast SEO plugin. -->","yoast_head_json":{"title":"Ford celebra 60 anos do Mustang com a\u00e7\u00e3o social, filme e apresenta\u00e7\u00e3o de \u00e1lbum de figurinhas - CidadeMarketing","robots":{"index":"index","follow":"follow","max-snippet":"max-snippet:-1","max-image-preview":"max-image-preview:large","max-video-preview":"max-video-preview:-1"},"canonical":"https:\/\/www.cidademarketing.com.br\/marketing\/2024\/04\/22\/ford-celebra-60-anos-do-mustang-com-acao-social-filme-e-apresentacao-de-album-de-figurinhas\/","og_locale":"pt_BR","og_type":"article","og_title":"Ford celebra 60 anos do Mustang com a\u00e7\u00e3o social, filme e apresenta\u00e7\u00e3o de \u00e1lbum de figurinhas - CidadeMarketing","og_description":"A Ford est\u00e1 celebrando os 60 anos do ic\u00f4nico Mustang com uma s\u00e9rie de iniciativas especiais para marcar essa data hist\u00f3rica. Como parte dessas comemora\u00e7\u00f5es, a empresa anunciou a doa\u00e7\u00e3o de um Mustang GT Performance exclusivo, personalizado por Alan Mosca, para ser leiloado em prol de uma ONG. Al\u00e9m disso, a marca lan\u00e7ou um \u00e1lbum [&hellip;]","og_url":"https:\/\/www.cidademarketing.com.br\/marketing\/2024\/04\/22\/ford-celebra-60-anos-do-mustang-com-acao-social-filme-e-apresentacao-de-album-de-figurinhas\/","og_site_name":"CidadeMarketing","article_publisher":"https:\/\/www.facebook.com\/portalcidademarketing","article_author":"https:\/\/www.facebook.com\/thalesbrandao","article_published_time":"2024-04-22T15:47:36+00:00","og_image":[{"width":1136,"height":633,"url":"https:\/\/www.cidademarketing.com.br\/marketing\/wp-content\/uploads\/2024\/04\/mustang_60anos_ford.webp","type":"image\/webp"}],"author":"Thales Brand\u00e3o","twitter_card":"summary_large_image","twitter_creator":"@http:\/\/www.twitter.com\/thalesbrandao","twitter_site":"@CidadeMarketing","twitter_misc":{"Escrito por":"Thales Brand\u00e3o","Est. tempo de leitura":"2 minutos"},"schema":{"@context":"https:\/\/schema.org","@graph":[{"@type":"Article","@id":"https:\/\/www.cidademarketing.com.br\/marketing\/2024\/04\/22\/ford-celebra-60-anos-do-mustang-com-acao-social-filme-e-apresentacao-de-album-de-figurinhas\/#article","isPartOf":{"@id":"https:\/\/www.cidademarketing.com.br\/marketing\/2024\/04\/22\/ford-celebra-60-anos-do-mustang-com-acao-social-filme-e-apresentacao-de-album-de-figurinhas\/"},"author":{"name":"Thales Brand\u00e3o","@id":"https:\/\/www.cidademarketing.com.br\/marketing\/#\/schema\/person\/02daff9f18bd9378c9e01eb6b2db155f"},"headline":"Ford celebra 60 anos do Mustang com a\u00e7\u00e3o social, filme e apresenta\u00e7\u00e3o de \u00e1lbum de figurinhas","datePublished":"2024-04-22T15:47:36+00:00","mainEntityOfPage":{"@id":"https:\/\/www.cidademarketing.com.br\/marketing\/2024\/04\/22\/ford-celebra-60-anos-do-mustang-com-acao-social-filme-e-apresentacao-de-album-de-figurinhas\/"},"wordCount":485,"commentCount":0,"publisher":{"@id":"https:\/\/www.cidademarketing.com.br\/marketing\/#organization"},"image":{"@id":"https:\/\/www.cidademarketing.com.br\/marketing\/2024\/04\/22\/ford-celebra-60-anos-do-mustang-com-acao-social-filme-e-apresentacao-de-album-de-figurinhas\/#primaryimage"},"thumbnailUrl":"https:\/\/www.cidademarketing.com.br\/marketing\/wp-content\/uploads\/2024\/04\/mustang_60anos_ford.webp","keywords":["campanha","estrat\u00e9gia","Ford","marketing","mustang","propaganda"],"articleSection":["Not\u00edcias","Videos"],"inLanguage":"pt-BR","potentialAction":[{"@type":"CommentAction","name":"Comment","target":["https:\/\/www.cidademarketing.com.br\/marketing\/2024\/04\/22\/ford-celebra-60-anos-do-mustang-com-acao-social-filme-e-apresentacao-de-album-de-figurinhas\/#respond"]}]},{"@type":"WebPage","@id":"https:\/\/www.cidademarketing.com.br\/marketing\/2024\/04\/22\/ford-celebra-60-anos-do-mustang-com-acao-social-filme-e-apresentacao-de-album-de-figurinhas\/","url":"https:\/\/www.cidademarketing.com.br\/marketing\/2024\/04\/22\/ford-celebra-60-anos-do-mustang-com-acao-social-filme-e-apresentacao-de-album-de-figurinhas\/","name":"Ford celebra 60 anos do Mustang com a\u00e7\u00e3o social, filme e apresenta\u00e7\u00e3o de \u00e1lbum de figurinhas - CidadeMarketing","isPartOf":{"@id":"https:\/\/www.cidademarketing.com.br\/marketing\/#website"},"primaryImageOfPage":{"@id":"https:\/\/www.cidademarketing.com.br\/marketing\/2024\/04\/22\/ford-celebra-60-anos-do-mustang-com-acao-social-filme-e-apresentacao-de-album-de-figurinhas\/#primaryimage"},"image":{"@id":"https:\/\/www.cidademarketing.com.br\/marketing\/2024\/04\/22\/ford-celebra-60-anos-do-mustang-com-acao-social-filme-e-apresentacao-de-album-de-figurinhas\/#primaryimage"},"thumbnailUrl":"https:\/\/www.cidademarketing.com.br\/marketing\/wp-content\/uploads\/2024\/04\/mustang_60anos_ford.webp","datePublished":"2024-04-22T15:47:36+00:00","breadcrumb":{"@id":"https:\/\/www.cidademarketing.com.br\/marketing\/2024\/04\/22\/ford-celebra-60-anos-do-mustang-com-acao-social-filme-e-apresentacao-de-album-de-figurinhas\/#breadcrumb"},"inLanguage":"pt-BR","potentialAction":[{"@type":"ReadAction","target":["https:\/\/www.cidademarketing.com.br\/marketing\/2024\/04\/22\/ford-celebra-60-anos-do-mustang-com-acao-social-filme-e-apresentacao-de-album-de-figurinhas\/"]}]},{"@type":"ImageObject","inLanguage":"pt-BR","@id":"https:\/\/www.cidademarketing.com.br\/marketing\/2024\/04\/22\/ford-celebra-60-anos-do-mustang-com-acao-social-filme-e-apresentacao-de-album-de-figurinhas\/#primaryimage","url":"https:\/\/www.cidademarketing.com.br\/marketing\/wp-content\/uploads\/2024\/04\/mustang_60anos_ford.webp","contentUrl":"https:\/\/www.cidademarketing.com.br\/marketing\/wp-content\/uploads\/2024\/04\/mustang_60anos_ford.webp","width":1136,"height":633,"caption":"Reprodu\u00e7\u00e3o"},{"@type":"BreadcrumbList","@id":"https:\/\/www.cidademarketing.com.br\/marketing\/2024\/04\/22\/ford-celebra-60-anos-do-mustang-com-acao-social-filme-e-apresentacao-de-album-de-figurinhas\/#breadcrumb","itemListElement":[{"@type":"ListItem","position":1,"name":"In\u00edcio","item":"https:\/\/www.cidademarketing.com.br\/marketing\/"},{"@type":"ListItem","position":2,"name":"Ford celebra 60 anos do Mustang com a\u00e7\u00e3o social, filme e apresenta\u00e7\u00e3o de \u00e1lbum de figurinhas"}]},{"@type":"WebSite","@id":"https:\/\/www.cidademarketing.com.br\/marketing\/#website","url":"https:\/\/www.cidademarketing.com.br\/marketing\/","name":"CidadeMarketing","description":"Somos um ve\u00edculo de comunica\u00e7\u00e3o de destaque no Brasil, reconhecido por conte\u00fados nos segmentos de marketing, empreendedorismo e inova\u00e7\u00e3o.","publisher":{"@id":"https:\/\/www.cidademarketing.com.br\/marketing\/#organization"},"alternateName":"CidadeMarketing","potentialAction":[{"@type":"SearchAction","target":{"@type":"EntryPoint","urlTemplate":"https:\/\/www.cidademarketing.com.br\/marketing\/?s={search_term_string}"},"query-input":{"@type":"PropertyValueSpecification","valueRequired":true,"valueName":"search_term_string"}}],"inLanguage":"pt-BR"},{"@type":"Organization","@id":"https:\/\/www.cidademarketing.com.br\/marketing\/#organization","name":"CidadeMarketing","alternateName":"CidadeMarketing","url":"https:\/\/www.cidademarketing.com.br\/marketing\/","logo":{"@type":"ImageObject","inLanguage":"pt-BR","@id":"https:\/\/www.cidademarketing.com.br\/marketing\/#\/schema\/logo\/image\/","url":"https:\/\/www.cidademarketing.com.br\/marketing\/wp-content\/uploads\/2020\/01\/cidademarketing_marca_mobile.png","contentUrl":"https:\/\/www.cidademarketing.com.br\/marketing\/wp-content\/uploads\/2020\/01\/cidademarketing_marca_mobile.png","width":230,"height":92,"caption":"CidadeMarketing"},"image":{"@id":"https:\/\/www.cidademarketing.com.br\/marketing\/#\/schema\/logo\/image\/"},"sameAs":["https:\/\/www.facebook.com\/portalcidademarketing","https:\/\/x.com\/CidadeMarketing","https:\/\/www.instagram.com\/cidademarketing\/"]},{"@type":"Person","@id":"https:\/\/www.cidademarketing.com.br\/marketing\/#\/schema\/person\/02daff9f18bd9378c9e01eb6b2db155f","name":"Thales Brand\u00e3o","image":{"@type":"ImageObject","inLanguage":"pt-BR","@id":"https:\/\/secure.gravatar.com\/avatar\/7ca3206950207cc3cb48feec56a8a7898741ab725c368d99d5d7a5a50aab80c6?s=96&d=mm&r=g","url":"https:\/\/secure.gravatar.com\/avatar\/7ca3206950207cc3cb48feec56a8a7898741ab725c368d99d5d7a5a50aab80c6?s=96&d=mm&r=g","contentUrl":"https:\/\/secure.gravatar.com\/avatar\/7ca3206950207cc3cb48feec56a8a7898741ab725c368d99d5d7a5a50aab80c6?s=96&d=mm&r=g","caption":"Thales Brand\u00e3o"},"description":"Editor Executivo do Portal CidadeMarketing.com.br &gt; Mestre em Comunica\u00e7\u00e3o e Sociedade pela Universidade Federal de Sergipe. Possui MBA Executivo em Administra\u00e7\u00e3o com \u00eanfase em Marketing pela Funda\u00e7\u00e3o Get\u00falio Vargas - Rio de Janeiro. Consultor, Palestrante e Pesquisador sobre Empreendedorismo, Marketing, Redes Sociais e Neg\u00f3cios Digitais. Professor, Palestrante TedxTalks e Campus Party. Twitter: @ThalesBrandao","sameAs":["http:\/\/www.mandacaru.com.br","https:\/\/www.facebook.com\/thalesbrandao","http:\/\/www.instagram.com.br\/thalesbrandaoferreira","https:\/\/www.linkedin.com\/in\/thales-brand\u00e3o-3948609\/","https:\/\/x.com\/http:\/\/www.twitter.com\/thalesbrandao"],"url":"https:\/\/www.cidademarketing.com.br\/marketing\/author\/thalesbrandao\/"}]}},"amp_enabled":true,"_links":{"self":[{"href":"https:\/\/www.cidademarketing.com.br\/marketing\/wp-json\/wp\/v2\/posts\/50830","targetHints":{"allow":["GET"]}}],"collection":[{"href":"https:\/\/www.cidademarketing.com.br\/marketing\/wp-json\/wp\/v2\/posts"}],"about":[{"href":"https:\/\/www.cidademarketing.com.br\/marketing\/wp-json\/wp\/v2\/types\/post"}],"author":[{"embeddable":true,"href":"https:\/\/www.cidademarketing.com.br\/marketing\/wp-json\/wp\/v2\/users\/1"}],"replies":[{"embeddable":true,"href":"https:\/\/www.cidademarketing.com.br\/marketing\/wp-json\/wp\/v2\/comments?post=50830"}],"version-history":[{"count":1,"href":"https:\/\/www.cidademarketing.com.br\/marketing\/wp-json\/wp\/v2\/posts\/50830\/revisions"}],"predecessor-version":[{"id":50835,"href":"https:\/\/www.cidademarketing.com.br\/marketing\/wp-json\/wp\/v2\/posts\/50830\/revisions\/50835"}],"wp:featuredmedia":[{"embeddable":true,"href":"https:\/\/www.cidademarketing.com.br\/marketing\/wp-json\/wp\/v2\/media\/50831"}],"wp:attachment":[{"href":"https:\/\/www.cidademarketing.com.br\/marketing\/wp-json\/wp\/v2\/media?parent=50830"}],"wp:term":[{"taxonomy":"category","embeddable":true,"href":"https:\/\/www.cidademarketing.com.br\/marketing\/wp-json\/wp\/v2\/categories?post=50830"},{"taxonomy":"post_tag","embeddable":true,"href":"https:\/\/www.cidademarketing.com.br\/marketing\/wp-json\/wp\/v2\/tags?post=50830"}],"curies":[{"name":"wp","href":"https:\/\/api.w.org\/{rel}","templated":true}]}}