{"id":50742,"date":"2024-04-14T11:37:28","date_gmt":"2024-04-14T14:37:28","guid":{"rendered":"https:\/\/www.cidademarketing.com.br\/marketing\/?p=50742"},"modified":"2024-04-14T11:37:28","modified_gmt":"2024-04-14T14:37:28","slug":"suco-de-maca-yakult-recebe-o-selo-proteste","status":"publish","type":"post","link":"https:\/\/www.cidademarketing.com.br\/marketing\/2024\/04\/14\/suco-de-maca-yakult-recebe-o-selo-proteste\/","title":{"rendered":"Suco de Ma\u00e7\u00e3 Yakult recebe o selo Proteste"},"content":{"rendered":"<p>A Proteste, uma organiza\u00e7\u00e3o com mais de 60 anos de atua\u00e7\u00e3o na Europa e 22 anos no Brasil, \u00e9 conhecida por sua expertise em avaliar produtos de diversos segmentos. Recentemente, a institui\u00e7\u00e3o analisou 10 lotes de sucos de ma\u00e7\u00e3 comercializados no pa\u00eds, incluindo o Suco de Ma\u00e7\u00e3 Yakult, que conquistou o prestigiado <a href=\"https:\/\/radar.proteste.org.br\/seloproteste\/yakult-maca\/\" target=\"_blank\" rel=\"noopener\">Selo de Qualidade<\/a>.<\/p>\n<p>Com uma metodologia exclusiva, a Proteste verificou se os atributos prometidos pelos fabricantes estavam sendo entregues aos consumidores. O Suco de Ma\u00e7\u00e3 Yakult recebeu 5 estrelas no quesito Consumo Seguro e uma pontua\u00e7\u00e3o geral de 82%, considerando aspectos como Rotulagem, Tabela Nutricional, Nutrientes Relevantes e Aditivos. Em breve, os consumidores poder\u00e3o acessar informa\u00e7\u00f5es detalhadas sobre o produto nos pontos de venda, utilizando o QR Code dispon\u00edvel.<\/p>\n<p><iframe title=\"Spotify Embed: Podcast CidadeMarketing\" style=\"border-radius: 12px\" width=\"100%\" height=\"152\" frameborder=\"0\" allowfullscreen allow=\"autoplay; clipboard-write; encrypted-media; fullscreen; picture-in-picture\" loading=\"lazy\" src=\"https:\/\/open.spotify.com\/embed\/show\/4khMKzP3FgFRWVwb73xicc?si=252fe5bff2b34909&#038;utm_source=oembed\"><\/iframe><\/p>\n<p>Segundo Hirofumi Tokunaga, diretor executivo comercial da filial brasileira da Yakult, o Selo de Qualidade atesta a seguran\u00e7a do Suco de Ma\u00e7\u00e3 Yakult para consumidores de todas as idades. Lan\u00e7ado em 1984 e prestes a completar 40 anos em 2024, o produto se destaca por sua qualidade e compromisso com a sa\u00fade.<\/p>\n<p>O Suco de Ma\u00e7\u00e3 Yakult \u00e9 elaborado sem adi\u00e7\u00e3o de a\u00e7\u00facares, ado\u00e7antes ou conservantes, contendo apenas 80 calorias na embalagem longa vida de 200ml, o que o torna uma op\u00e7\u00e3o saud\u00e1vel para quem busca consumir menos calorias. Produzido a partir de ma\u00e7\u00e3s selecionadas, principalmente da regi\u00e3o de S\u00e3o Joaquim, e processado com tecnologia avan\u00e7ada na unidade fabril da Yakult em Lages, Santa Catarina, o suco preserva ao m\u00e1ximo a riqueza nutricional e o sabor natural da fruta.<\/p>\n<p>A Yakult, ciente de sua responsabilidade na promo\u00e7\u00e3o da sa\u00fade, foi pioneira no cultivo de ma\u00e7\u00e3s da variedade Fuji no Brasil, trazida do Jap\u00e3o em 1975. Hoje, as principais regi\u00f5es produtoras est\u00e3o em Santa Catarina e Rio Grande do Sul, onde as \u00e1rvores dessas variedades prosperam em condi\u00e7\u00f5es ideais de temperatura.<\/p>\n<p>Com o Selo Proteste, o Suco de Ma\u00e7\u00e3 Yakult reafirma seu compromisso com a qualidade e a seguran\u00e7a, proporcionando aos consumidores uma op\u00e7\u00e3o confi\u00e1vel e saborosa para o dia a dia.<\/p>\n","protected":false},"excerpt":{"rendered":"<p>A Proteste, uma organiza\u00e7\u00e3o com mais de 60 anos de atua\u00e7\u00e3o na Europa e 22 anos no Brasil, \u00e9 conhecida por sua expertise em avaliar produtos de diversos segmentos. Recentemente, a institui\u00e7\u00e3o analisou 10 lotes de sucos de ma\u00e7\u00e3 comercializados no pa\u00eds, incluindo o Suco de Ma\u00e7\u00e3 Yakult, que conquistou o prestigiado Selo de Qualidade. [&hellip;]<\/p>\n","protected":false},"author":1,"featured_media":50744,"comment_status":"open","ping_status":"open","sticky":false,"template":"","format":"standard","meta":{"tdm_status":"","tdm_grid_status":"","footnotes":""},"categories":[6],"tags":[28,141,216,182,70,677,1427],"class_list":["post-50742","post","type-post","status-publish","format-standard","has-post-thumbnail","hentry","category-noticias","tag-marketing","tag-pesquisa","tag-producao","tag-produto","tag-proteste","tag-qualidade","tag-yakult"],"yoast_head":"<!-- This site is optimized with the Yoast SEO plugin v27.5 - https:\/\/yoast.com\/product\/yoast-seo-wordpress\/ -->\n<title>Suco de Ma\u00e7\u00e3 Yakult recebe o selo Proteste - CidadeMarketing<\/title>\n<meta name=\"robots\" content=\"index, follow, max-snippet:-1, max-image-preview:large, max-video-preview:-1\" \/>\n<link rel=\"canonical\" href=\"https:\/\/www.cidademarketing.com.br\/marketing\/2024\/04\/14\/suco-de-maca-yakult-recebe-o-selo-proteste\/\" \/>\n<meta property=\"og:locale\" content=\"pt_BR\" \/>\n<meta property=\"og:type\" content=\"article\" \/>\n<meta property=\"og:title\" content=\"Suco de Ma\u00e7\u00e3 Yakult recebe o selo Proteste - CidadeMarketing\" \/>\n<meta property=\"og:description\" content=\"A Proteste, uma organiza\u00e7\u00e3o com mais de 60 anos de atua\u00e7\u00e3o na Europa e 22 anos no Brasil, \u00e9 conhecida por sua expertise em avaliar produtos de diversos segmentos. Recentemente, a institui\u00e7\u00e3o analisou 10 lotes de sucos de ma\u00e7\u00e3 comercializados no pa\u00eds, incluindo o Suco de Ma\u00e7\u00e3 Yakult, que conquistou o prestigiado Selo de Qualidade. [&hellip;]\" \/>\n<meta property=\"og:url\" content=\"https:\/\/www.cidademarketing.com.br\/marketing\/2024\/04\/14\/suco-de-maca-yakult-recebe-o-selo-proteste\/\" \/>\n<meta property=\"og:site_name\" content=\"CidadeMarketing\" \/>\n<meta property=\"article:publisher\" content=\"https:\/\/www.facebook.com\/portalcidademarketing\" \/>\n<meta property=\"article:author\" content=\"https:\/\/www.facebook.com\/thalesbrandao\" \/>\n<meta property=\"article:published_time\" content=\"2024-04-14T14:37:28+00:00\" \/>\n<meta property=\"og:image\" content=\"https:\/\/www.cidademarketing.com.br\/marketing\/wp-content\/uploads\/2024\/04\/sucodemaca_yakult.webp\" \/>\n\t<meta property=\"og:image:width\" content=\"1948\" \/>\n\t<meta property=\"og:image:height\" content=\"2212\" \/>\n\t<meta property=\"og:image:type\" content=\"image\/webp\" \/>\n<meta name=\"author\" content=\"Thales Brand\u00e3o\" \/>\n<meta name=\"twitter:card\" content=\"summary_large_image\" \/>\n<meta name=\"twitter:creator\" content=\"@http:\/\/www.twitter.com\/thalesbrandao\" \/>\n<meta name=\"twitter:site\" content=\"@CidadeMarketing\" \/>\n<meta name=\"twitter:label1\" content=\"Escrito por\" \/>\n\t<meta name=\"twitter:data1\" content=\"Thales Brand\u00e3o\" \/>\n\t<meta name=\"twitter:label2\" content=\"Est. tempo de leitura\" \/>\n\t<meta name=\"twitter:data2\" content=\"2 minutos\" \/>\n<script type=\"application\/ld+json\" class=\"yoast-schema-graph\">{\"@context\":\"https:\\\/\\\/schema.org\",\"@graph\":[{\"@type\":\"Article\",\"@id\":\"https:\\\/\\\/www.cidademarketing.com.br\\\/marketing\\\/2024\\\/04\\\/14\\\/suco-de-maca-yakult-recebe-o-selo-proteste\\\/#article\",\"isPartOf\":{\"@id\":\"https:\\\/\\\/www.cidademarketing.com.br\\\/marketing\\\/2024\\\/04\\\/14\\\/suco-de-maca-yakult-recebe-o-selo-proteste\\\/\"},\"author\":{\"name\":\"Thales Brand\u00e3o\",\"@id\":\"https:\\\/\\\/www.cidademarketing.com.br\\\/marketing\\\/#\\\/schema\\\/person\\\/02daff9f18bd9378c9e01eb6b2db155f\"},\"headline\":\"Suco de Ma\u00e7\u00e3 Yakult recebe o selo Proteste\",\"datePublished\":\"2024-04-14T14:37:28+00:00\",\"mainEntityOfPage\":{\"@id\":\"https:\\\/\\\/www.cidademarketing.com.br\\\/marketing\\\/2024\\\/04\\\/14\\\/suco-de-maca-yakult-recebe-o-selo-proteste\\\/\"},\"wordCount\":373,\"commentCount\":0,\"publisher\":{\"@id\":\"https:\\\/\\\/www.cidademarketing.com.br\\\/marketing\\\/#organization\"},\"image\":{\"@id\":\"https:\\\/\\\/www.cidademarketing.com.br\\\/marketing\\\/2024\\\/04\\\/14\\\/suco-de-maca-yakult-recebe-o-selo-proteste\\\/#primaryimage\"},\"thumbnailUrl\":\"https:\\\/\\\/www.cidademarketing.com.br\\\/marketing\\\/wp-content\\\/uploads\\\/2024\\\/04\\\/sucodemaca_yakult.webp\",\"keywords\":[\"marketing\",\"pesquisa\",\"produ\u00e7\u00e3o\",\"produto\",\"Proteste\",\"qualidade\",\"Yakult\"],\"articleSection\":[\"Not\u00edcias\"],\"inLanguage\":\"pt-BR\",\"potentialAction\":[{\"@type\":\"CommentAction\",\"name\":\"Comment\",\"target\":[\"https:\\\/\\\/www.cidademarketing.com.br\\\/marketing\\\/2024\\\/04\\\/14\\\/suco-de-maca-yakult-recebe-o-selo-proteste\\\/#respond\"]}]},{\"@type\":\"WebPage\",\"@id\":\"https:\\\/\\\/www.cidademarketing.com.br\\\/marketing\\\/2024\\\/04\\\/14\\\/suco-de-maca-yakult-recebe-o-selo-proteste\\\/\",\"url\":\"https:\\\/\\\/www.cidademarketing.com.br\\\/marketing\\\/2024\\\/04\\\/14\\\/suco-de-maca-yakult-recebe-o-selo-proteste\\\/\",\"name\":\"Suco de Ma\u00e7\u00e3 Yakult recebe o selo Proteste - CidadeMarketing\",\"isPartOf\":{\"@id\":\"https:\\\/\\\/www.cidademarketing.com.br\\\/marketing\\\/#website\"},\"primaryImageOfPage\":{\"@id\":\"https:\\\/\\\/www.cidademarketing.com.br\\\/marketing\\\/2024\\\/04\\\/14\\\/suco-de-maca-yakult-recebe-o-selo-proteste\\\/#primaryimage\"},\"image\":{\"@id\":\"https:\\\/\\\/www.cidademarketing.com.br\\\/marketing\\\/2024\\\/04\\\/14\\\/suco-de-maca-yakult-recebe-o-selo-proteste\\\/#primaryimage\"},\"thumbnailUrl\":\"https:\\\/\\\/www.cidademarketing.com.br\\\/marketing\\\/wp-content\\\/uploads\\\/2024\\\/04\\\/sucodemaca_yakult.webp\",\"datePublished\":\"2024-04-14T14:37:28+00:00\",\"breadcrumb\":{\"@id\":\"https:\\\/\\\/www.cidademarketing.com.br\\\/marketing\\\/2024\\\/04\\\/14\\\/suco-de-maca-yakult-recebe-o-selo-proteste\\\/#breadcrumb\"},\"inLanguage\":\"pt-BR\",\"potentialAction\":[{\"@type\":\"ReadAction\",\"target\":[\"https:\\\/\\\/www.cidademarketing.com.br\\\/marketing\\\/2024\\\/04\\\/14\\\/suco-de-maca-yakult-recebe-o-selo-proteste\\\/\"]}]},{\"@type\":\"ImageObject\",\"inLanguage\":\"pt-BR\",\"@id\":\"https:\\\/\\\/www.cidademarketing.com.br\\\/marketing\\\/2024\\\/04\\\/14\\\/suco-de-maca-yakult-recebe-o-selo-proteste\\\/#primaryimage\",\"url\":\"https:\\\/\\\/www.cidademarketing.com.br\\\/marketing\\\/wp-content\\\/uploads\\\/2024\\\/04\\\/sucodemaca_yakult.webp\",\"contentUrl\":\"https:\\\/\\\/www.cidademarketing.com.br\\\/marketing\\\/wp-content\\\/uploads\\\/2024\\\/04\\\/sucodemaca_yakult.webp\",\"width\":1948,\"height\":2212},{\"@type\":\"BreadcrumbList\",\"@id\":\"https:\\\/\\\/www.cidademarketing.com.br\\\/marketing\\\/2024\\\/04\\\/14\\\/suco-de-maca-yakult-recebe-o-selo-proteste\\\/#breadcrumb\",\"itemListElement\":[{\"@type\":\"ListItem\",\"position\":1,\"name\":\"In\u00edcio\",\"item\":\"https:\\\/\\\/www.cidademarketing.com.br\\\/marketing\\\/\"},{\"@type\":\"ListItem\",\"position\":2,\"name\":\"Suco de Ma\u00e7\u00e3 Yakult recebe o selo Proteste\"}]},{\"@type\":\"WebSite\",\"@id\":\"https:\\\/\\\/www.cidademarketing.com.br\\\/marketing\\\/#website\",\"url\":\"https:\\\/\\\/www.cidademarketing.com.br\\\/marketing\\\/\",\"name\":\"CidadeMarketing\",\"description\":\"Somos um ve\u00edculo de comunica\u00e7\u00e3o de destaque no Brasil, reconhecido por conte\u00fados nos segmentos de marketing, empreendedorismo e inova\u00e7\u00e3o.\",\"publisher\":{\"@id\":\"https:\\\/\\\/www.cidademarketing.com.br\\\/marketing\\\/#organization\"},\"alternateName\":\"CidadeMarketing\",\"potentialAction\":[{\"@type\":\"SearchAction\",\"target\":{\"@type\":\"EntryPoint\",\"urlTemplate\":\"https:\\\/\\\/www.cidademarketing.com.br\\\/marketing\\\/?s={search_term_string}\"},\"query-input\":{\"@type\":\"PropertyValueSpecification\",\"valueRequired\":true,\"valueName\":\"search_term_string\"}}],\"inLanguage\":\"pt-BR\"},{\"@type\":\"Organization\",\"@id\":\"https:\\\/\\\/www.cidademarketing.com.br\\\/marketing\\\/#organization\",\"name\":\"CidadeMarketing\",\"alternateName\":\"CidadeMarketing\",\"url\":\"https:\\\/\\\/www.cidademarketing.com.br\\\/marketing\\\/\",\"logo\":{\"@type\":\"ImageObject\",\"inLanguage\":\"pt-BR\",\"@id\":\"https:\\\/\\\/www.cidademarketing.com.br\\\/marketing\\\/#\\\/schema\\\/logo\\\/image\\\/\",\"url\":\"https:\\\/\\\/www.cidademarketing.com.br\\\/marketing\\\/wp-content\\\/uploads\\\/2020\\\/01\\\/cidademarketing_marca_mobile.png\",\"contentUrl\":\"https:\\\/\\\/www.cidademarketing.com.br\\\/marketing\\\/wp-content\\\/uploads\\\/2020\\\/01\\\/cidademarketing_marca_mobile.png\",\"width\":230,\"height\":92,\"caption\":\"CidadeMarketing\"},\"image\":{\"@id\":\"https:\\\/\\\/www.cidademarketing.com.br\\\/marketing\\\/#\\\/schema\\\/logo\\\/image\\\/\"},\"sameAs\":[\"https:\\\/\\\/www.facebook.com\\\/portalcidademarketing\",\"https:\\\/\\\/x.com\\\/CidadeMarketing\",\"https:\\\/\\\/www.instagram.com\\\/cidademarketing\\\/\"]},{\"@type\":\"Person\",\"@id\":\"https:\\\/\\\/www.cidademarketing.com.br\\\/marketing\\\/#\\\/schema\\\/person\\\/02daff9f18bd9378c9e01eb6b2db155f\",\"name\":\"Thales Brand\u00e3o\",\"image\":{\"@type\":\"ImageObject\",\"inLanguage\":\"pt-BR\",\"@id\":\"https:\\\/\\\/secure.gravatar.com\\\/avatar\\\/7ca3206950207cc3cb48feec56a8a7898741ab725c368d99d5d7a5a50aab80c6?s=96&d=mm&r=g\",\"url\":\"https:\\\/\\\/secure.gravatar.com\\\/avatar\\\/7ca3206950207cc3cb48feec56a8a7898741ab725c368d99d5d7a5a50aab80c6?s=96&d=mm&r=g\",\"contentUrl\":\"https:\\\/\\\/secure.gravatar.com\\\/avatar\\\/7ca3206950207cc3cb48feec56a8a7898741ab725c368d99d5d7a5a50aab80c6?s=96&d=mm&r=g\",\"caption\":\"Thales Brand\u00e3o\"},\"description\":\"Editor Executivo do Portal CidadeMarketing.com.br &gt; Mestre em Comunica\u00e7\u00e3o e Sociedade pela Universidade Federal de Sergipe. Possui MBA Executivo em Administra\u00e7\u00e3o com \u00eanfase em Marketing pela Funda\u00e7\u00e3o Get\u00falio Vargas - Rio de Janeiro. Consultor, Palestrante e Pesquisador sobre Empreendedorismo, Marketing, Redes Sociais e Neg\u00f3cios Digitais. Professor, Palestrante TedxTalks e Campus Party. Twitter: @ThalesBrandao\",\"sameAs\":[\"http:\\\/\\\/www.mandacaru.com.br\",\"https:\\\/\\\/www.facebook.com\\\/thalesbrandao\",\"http:\\\/\\\/www.instagram.com.br\\\/thalesbrandaoferreira\",\"https:\\\/\\\/www.linkedin.com\\\/in\\\/thales-brand\u00e3o-3948609\\\/\",\"https:\\\/\\\/x.com\\\/http:\\\/\\\/www.twitter.com\\\/thalesbrandao\"],\"url\":\"https:\\\/\\\/www.cidademarketing.com.br\\\/marketing\\\/author\\\/thalesbrandao\\\/\"}]}<\/script>\n<!-- \/ Yoast SEO plugin. -->","yoast_head_json":{"title":"Suco de Ma\u00e7\u00e3 Yakult recebe o selo Proteste - CidadeMarketing","robots":{"index":"index","follow":"follow","max-snippet":"max-snippet:-1","max-image-preview":"max-image-preview:large","max-video-preview":"max-video-preview:-1"},"canonical":"https:\/\/www.cidademarketing.com.br\/marketing\/2024\/04\/14\/suco-de-maca-yakult-recebe-o-selo-proteste\/","og_locale":"pt_BR","og_type":"article","og_title":"Suco de Ma\u00e7\u00e3 Yakult recebe o selo Proteste - CidadeMarketing","og_description":"A Proteste, uma organiza\u00e7\u00e3o com mais de 60 anos de atua\u00e7\u00e3o na Europa e 22 anos no Brasil, \u00e9 conhecida por sua expertise em avaliar produtos de diversos segmentos. Recentemente, a institui\u00e7\u00e3o analisou 10 lotes de sucos de ma\u00e7\u00e3 comercializados no pa\u00eds, incluindo o Suco de Ma\u00e7\u00e3 Yakult, que conquistou o prestigiado Selo de Qualidade. [&hellip;]","og_url":"https:\/\/www.cidademarketing.com.br\/marketing\/2024\/04\/14\/suco-de-maca-yakult-recebe-o-selo-proteste\/","og_site_name":"CidadeMarketing","article_publisher":"https:\/\/www.facebook.com\/portalcidademarketing","article_author":"https:\/\/www.facebook.com\/thalesbrandao","article_published_time":"2024-04-14T14:37:28+00:00","og_image":[{"width":1948,"height":2212,"url":"https:\/\/www.cidademarketing.com.br\/marketing\/wp-content\/uploads\/2024\/04\/sucodemaca_yakult.webp","type":"image\/webp"}],"author":"Thales Brand\u00e3o","twitter_card":"summary_large_image","twitter_creator":"@http:\/\/www.twitter.com\/thalesbrandao","twitter_site":"@CidadeMarketing","twitter_misc":{"Escrito por":"Thales Brand\u00e3o","Est. tempo de leitura":"2 minutos"},"schema":{"@context":"https:\/\/schema.org","@graph":[{"@type":"Article","@id":"https:\/\/www.cidademarketing.com.br\/marketing\/2024\/04\/14\/suco-de-maca-yakult-recebe-o-selo-proteste\/#article","isPartOf":{"@id":"https:\/\/www.cidademarketing.com.br\/marketing\/2024\/04\/14\/suco-de-maca-yakult-recebe-o-selo-proteste\/"},"author":{"name":"Thales Brand\u00e3o","@id":"https:\/\/www.cidademarketing.com.br\/marketing\/#\/schema\/person\/02daff9f18bd9378c9e01eb6b2db155f"},"headline":"Suco de Ma\u00e7\u00e3 Yakult recebe o selo Proteste","datePublished":"2024-04-14T14:37:28+00:00","mainEntityOfPage":{"@id":"https:\/\/www.cidademarketing.com.br\/marketing\/2024\/04\/14\/suco-de-maca-yakult-recebe-o-selo-proteste\/"},"wordCount":373,"commentCount":0,"publisher":{"@id":"https:\/\/www.cidademarketing.com.br\/marketing\/#organization"},"image":{"@id":"https:\/\/www.cidademarketing.com.br\/marketing\/2024\/04\/14\/suco-de-maca-yakult-recebe-o-selo-proteste\/#primaryimage"},"thumbnailUrl":"https:\/\/www.cidademarketing.com.br\/marketing\/wp-content\/uploads\/2024\/04\/sucodemaca_yakult.webp","keywords":["marketing","pesquisa","produ\u00e7\u00e3o","produto","Proteste","qualidade","Yakult"],"articleSection":["Not\u00edcias"],"inLanguage":"pt-BR","potentialAction":[{"@type":"CommentAction","name":"Comment","target":["https:\/\/www.cidademarketing.com.br\/marketing\/2024\/04\/14\/suco-de-maca-yakult-recebe-o-selo-proteste\/#respond"]}]},{"@type":"WebPage","@id":"https:\/\/www.cidademarketing.com.br\/marketing\/2024\/04\/14\/suco-de-maca-yakult-recebe-o-selo-proteste\/","url":"https:\/\/www.cidademarketing.com.br\/marketing\/2024\/04\/14\/suco-de-maca-yakult-recebe-o-selo-proteste\/","name":"Suco de Ma\u00e7\u00e3 Yakult recebe o selo Proteste - CidadeMarketing","isPartOf":{"@id":"https:\/\/www.cidademarketing.com.br\/marketing\/#website"},"primaryImageOfPage":{"@id":"https:\/\/www.cidademarketing.com.br\/marketing\/2024\/04\/14\/suco-de-maca-yakult-recebe-o-selo-proteste\/#primaryimage"},"image":{"@id":"https:\/\/www.cidademarketing.com.br\/marketing\/2024\/04\/14\/suco-de-maca-yakult-recebe-o-selo-proteste\/#primaryimage"},"thumbnailUrl":"https:\/\/www.cidademarketing.com.br\/marketing\/wp-content\/uploads\/2024\/04\/sucodemaca_yakult.webp","datePublished":"2024-04-14T14:37:28+00:00","breadcrumb":{"@id":"https:\/\/www.cidademarketing.com.br\/marketing\/2024\/04\/14\/suco-de-maca-yakult-recebe-o-selo-proteste\/#breadcrumb"},"inLanguage":"pt-BR","potentialAction":[{"@type":"ReadAction","target":["https:\/\/www.cidademarketing.com.br\/marketing\/2024\/04\/14\/suco-de-maca-yakult-recebe-o-selo-proteste\/"]}]},{"@type":"ImageObject","inLanguage":"pt-BR","@id":"https:\/\/www.cidademarketing.com.br\/marketing\/2024\/04\/14\/suco-de-maca-yakult-recebe-o-selo-proteste\/#primaryimage","url":"https:\/\/www.cidademarketing.com.br\/marketing\/wp-content\/uploads\/2024\/04\/sucodemaca_yakult.webp","contentUrl":"https:\/\/www.cidademarketing.com.br\/marketing\/wp-content\/uploads\/2024\/04\/sucodemaca_yakult.webp","width":1948,"height":2212},{"@type":"BreadcrumbList","@id":"https:\/\/www.cidademarketing.com.br\/marketing\/2024\/04\/14\/suco-de-maca-yakult-recebe-o-selo-proteste\/#breadcrumb","itemListElement":[{"@type":"ListItem","position":1,"name":"In\u00edcio","item":"https:\/\/www.cidademarketing.com.br\/marketing\/"},{"@type":"ListItem","position":2,"name":"Suco de Ma\u00e7\u00e3 Yakult recebe o selo Proteste"}]},{"@type":"WebSite","@id":"https:\/\/www.cidademarketing.com.br\/marketing\/#website","url":"https:\/\/www.cidademarketing.com.br\/marketing\/","name":"CidadeMarketing","description":"Somos um ve\u00edculo de comunica\u00e7\u00e3o de destaque no Brasil, reconhecido por conte\u00fados nos segmentos de marketing, empreendedorismo e inova\u00e7\u00e3o.","publisher":{"@id":"https:\/\/www.cidademarketing.com.br\/marketing\/#organization"},"alternateName":"CidadeMarketing","potentialAction":[{"@type":"SearchAction","target":{"@type":"EntryPoint","urlTemplate":"https:\/\/www.cidademarketing.com.br\/marketing\/?s={search_term_string}"},"query-input":{"@type":"PropertyValueSpecification","valueRequired":true,"valueName":"search_term_string"}}],"inLanguage":"pt-BR"},{"@type":"Organization","@id":"https:\/\/www.cidademarketing.com.br\/marketing\/#organization","name":"CidadeMarketing","alternateName":"CidadeMarketing","url":"https:\/\/www.cidademarketing.com.br\/marketing\/","logo":{"@type":"ImageObject","inLanguage":"pt-BR","@id":"https:\/\/www.cidademarketing.com.br\/marketing\/#\/schema\/logo\/image\/","url":"https:\/\/www.cidademarketing.com.br\/marketing\/wp-content\/uploads\/2020\/01\/cidademarketing_marca_mobile.png","contentUrl":"https:\/\/www.cidademarketing.com.br\/marketing\/wp-content\/uploads\/2020\/01\/cidademarketing_marca_mobile.png","width":230,"height":92,"caption":"CidadeMarketing"},"image":{"@id":"https:\/\/www.cidademarketing.com.br\/marketing\/#\/schema\/logo\/image\/"},"sameAs":["https:\/\/www.facebook.com\/portalcidademarketing","https:\/\/x.com\/CidadeMarketing","https:\/\/www.instagram.com\/cidademarketing\/"]},{"@type":"Person","@id":"https:\/\/www.cidademarketing.com.br\/marketing\/#\/schema\/person\/02daff9f18bd9378c9e01eb6b2db155f","name":"Thales Brand\u00e3o","image":{"@type":"ImageObject","inLanguage":"pt-BR","@id":"https:\/\/secure.gravatar.com\/avatar\/7ca3206950207cc3cb48feec56a8a7898741ab725c368d99d5d7a5a50aab80c6?s=96&d=mm&r=g","url":"https:\/\/secure.gravatar.com\/avatar\/7ca3206950207cc3cb48feec56a8a7898741ab725c368d99d5d7a5a50aab80c6?s=96&d=mm&r=g","contentUrl":"https:\/\/secure.gravatar.com\/avatar\/7ca3206950207cc3cb48feec56a8a7898741ab725c368d99d5d7a5a50aab80c6?s=96&d=mm&r=g","caption":"Thales Brand\u00e3o"},"description":"Editor Executivo do Portal CidadeMarketing.com.br &gt; Mestre em Comunica\u00e7\u00e3o e Sociedade pela Universidade Federal de Sergipe. Possui MBA Executivo em Administra\u00e7\u00e3o com \u00eanfase em Marketing pela Funda\u00e7\u00e3o Get\u00falio Vargas - Rio de Janeiro. Consultor, Palestrante e Pesquisador sobre Empreendedorismo, Marketing, Redes Sociais e Neg\u00f3cios Digitais. Professor, Palestrante TedxTalks e Campus Party. Twitter: @ThalesBrandao","sameAs":["http:\/\/www.mandacaru.com.br","https:\/\/www.facebook.com\/thalesbrandao","http:\/\/www.instagram.com.br\/thalesbrandaoferreira","https:\/\/www.linkedin.com\/in\/thales-brand\u00e3o-3948609\/","https:\/\/x.com\/http:\/\/www.twitter.com\/thalesbrandao"],"url":"https:\/\/www.cidademarketing.com.br\/marketing\/author\/thalesbrandao\/"}]}},"amp_enabled":true,"_links":{"self":[{"href":"https:\/\/www.cidademarketing.com.br\/marketing\/wp-json\/wp\/v2\/posts\/50742","targetHints":{"allow":["GET"]}}],"collection":[{"href":"https:\/\/www.cidademarketing.com.br\/marketing\/wp-json\/wp\/v2\/posts"}],"about":[{"href":"https:\/\/www.cidademarketing.com.br\/marketing\/wp-json\/wp\/v2\/types\/post"}],"author":[{"embeddable":true,"href":"https:\/\/www.cidademarketing.com.br\/marketing\/wp-json\/wp\/v2\/users\/1"}],"replies":[{"embeddable":true,"href":"https:\/\/www.cidademarketing.com.br\/marketing\/wp-json\/wp\/v2\/comments?post=50742"}],"version-history":[{"count":1,"href":"https:\/\/www.cidademarketing.com.br\/marketing\/wp-json\/wp\/v2\/posts\/50742\/revisions"}],"predecessor-version":[{"id":50745,"href":"https:\/\/www.cidademarketing.com.br\/marketing\/wp-json\/wp\/v2\/posts\/50742\/revisions\/50745"}],"wp:featuredmedia":[{"embeddable":true,"href":"https:\/\/www.cidademarketing.com.br\/marketing\/wp-json\/wp\/v2\/media\/50744"}],"wp:attachment":[{"href":"https:\/\/www.cidademarketing.com.br\/marketing\/wp-json\/wp\/v2\/media?parent=50742"}],"wp:term":[{"taxonomy":"category","embeddable":true,"href":"https:\/\/www.cidademarketing.com.br\/marketing\/wp-json\/wp\/v2\/categories?post=50742"},{"taxonomy":"post_tag","embeddable":true,"href":"https:\/\/www.cidademarketing.com.br\/marketing\/wp-json\/wp\/v2\/tags?post=50742"}],"curies":[{"name":"wp","href":"https:\/\/api.w.org\/{rel}","templated":true}]}}