{"id":50624,"date":"2024-04-03T17:10:46","date_gmt":"2024-04-03T20:10:46","guid":{"rendered":"https:\/\/www.cidademarketing.com.br\/marketing\/?p=50624"},"modified":"2024-04-03T17:12:38","modified_gmt":"2024-04-03T20:12:38","slug":"whatsapp-apresenta-falhas-e-fica-fora-do-ar-na-tarde-desta-quarta-feira-03","status":"publish","type":"post","link":"https:\/\/www.cidademarketing.com.br\/marketing\/2024\/04\/03\/whatsapp-apresenta-falhas-e-fica-fora-do-ar-na-tarde-desta-quarta-feira-03\/","title":{"rendered":"WhatsApp apresenta falhas e fica fora do ar na tarde desta quarta-feira, 03"},"content":{"rendered":"<p>O WhatsApp, um dos aplicativos de mensagens mais populares do mundo, enfrentou instabilidades na tarde desta quarta-feira, 03 de abril. De acordo com o site Downdetector, conhecido por fornecer informa\u00e7\u00f5es em tempo real sobre o status de servi\u00e7os online, mais de 30 mil reclama\u00e7\u00f5es foram registradas a partir das 15h, indicando uma interrup\u00e7\u00e3o significativa no funcionamento do aplicativo.<\/p>\n<figure id=\"attachment_50627\" aria-describedby=\"caption-attachment-50627\" style=\"width: 535px\" class=\"wp-caption alignnone\"><img fetchpriority=\"high\" decoding=\"async\" class=\"wp-image-50627 size-full\" src=\"https:\/\/www.cidademarketing.com.br\/marketing\/wp-content\/uploads\/2024\/04\/whatsapp_foradoar.webp\" alt=\"\" width=\"535\" height=\"187\" srcset=\"https:\/\/www.cidademarketing.com.br\/marketing\/wp-content\/uploads\/2024\/04\/whatsapp_foradoar.webp 535w, https:\/\/www.cidademarketing.com.br\/marketing\/wp-content\/uploads\/2024\/04\/whatsapp_foradoar-300x105.webp 300w\" sizes=\"(max-width: 535px) 100vw, 535px\" \/><figcaption id=\"caption-attachment-50627\" class=\"wp-caption-text\">Reprodu\u00e7\u00e3o<\/figcaption><\/figure>\n<p>Usu\u00e1rios relataram dificuldades em acessar o WhatsApp tanto na vers\u00e3o para dispositivos m\u00f3veis quanto na vers\u00e3o web. Na vers\u00e3o para celular, muitos usu\u00e1rios encontraram problemas para conectar ao servi\u00e7o, impossibilitando o envio e recebimento de mensagens. Enquanto isso, na vers\u00e3o web, uma mensagem de &#8220;servi\u00e7o indispon\u00edvel&#8221; foi exibida, impedindo o acesso completo ao aplicativo.<\/p>\n<p><iframe title=\"Spotify Embed: Podcast CidadeMarketing\" style=\"border-radius: 12px\" width=\"100%\" height=\"152\" frameborder=\"0\" allowfullscreen allow=\"autoplay; clipboard-write; encrypted-media; fullscreen; picture-in-picture\" loading=\"lazy\" src=\"https:\/\/open.spotify.com\/embed\/show\/4khMKzP3FgFRWVwb73xicc?si=252fe5bff2b34909&#038;utm_source=oembed\"><\/iframe><\/p>\n<p>A queda inesperada do WhatsApp gera preju\u00edzo entre os usu\u00e1rios, que dependem do aplicativo para comunica\u00e7\u00e3o pessoal e profissional. Nas redes sociais, muitos expressaram sua insatisfa\u00e7\u00e3o com a situa\u00e7\u00e3o, destacando a import\u00e2ncia do WhatsApp em suas rotinas di\u00e1rias.<\/p>\n<p>At\u00e9 o momento, a Meta, empresa respons\u00e1vel pelo WhatsApp, emitiu apenas uma declara\u00e7\u00e3o simplificada no Twitter sobre o ocorrido, informando o seguinte: &#8220;Sabemos que algumas pessoas est\u00e3o enfrentando problemas no momento. Estamos trabalhando para que tudo volte a funcionar normalmente para todos o mais r\u00e1pido poss\u00edvel.&#8221;<\/p>\n","protected":false},"excerpt":{"rendered":"<p>O WhatsApp, um dos aplicativos de mensagens mais populares do mundo, enfrentou instabilidades na tarde desta quarta-feira, 03 de abril. De acordo com o site Downdetector, conhecido por fornecer informa\u00e7\u00f5es em tempo real sobre o status de servi\u00e7os online, mais de 30 mil reclama\u00e7\u00f5es foram registradas a partir das 15h, indicando uma interrup\u00e7\u00e3o significativa no [&hellip;]<\/p>\n","protected":false},"author":1,"featured_media":50625,"comment_status":"open","ping_status":"open","sticky":false,"template":"","format":"standard","meta":{"tdm_status":"","tdm_grid_status":"","footnotes":""},"categories":[11,6],"tags":[65,33,28,26,5785,752,125],"class_list":["post-50624","post","type-post","status-publish","format-standard","has-post-thumbnail","hentry","category-digital","category-noticias","tag-campanha","tag-estrategia","tag-marketing","tag-marketing-digital","tag-meta","tag-servico","tag-whatsapp"],"yoast_head":"<!-- This site is optimized with the Yoast SEO plugin v27.5 - https:\/\/yoast.com\/product\/yoast-seo-wordpress\/ -->\n<title>WhatsApp apresenta falhas e fica fora do ar na tarde desta quarta-feira, 03 - CidadeMarketing<\/title>\n<meta name=\"robots\" content=\"index, follow, max-snippet:-1, max-image-preview:large, max-video-preview:-1\" \/>\n<link rel=\"canonical\" href=\"https:\/\/www.cidademarketing.com.br\/marketing\/2024\/04\/03\/whatsapp-apresenta-falhas-e-fica-fora-do-ar-na-tarde-desta-quarta-feira-03\/\" \/>\n<meta property=\"og:locale\" content=\"pt_BR\" \/>\n<meta property=\"og:type\" content=\"article\" \/>\n<meta property=\"og:title\" content=\"WhatsApp apresenta falhas e fica fora do ar na tarde desta quarta-feira, 03 - CidadeMarketing\" \/>\n<meta property=\"og:description\" content=\"O WhatsApp, um dos aplicativos de mensagens mais populares do mundo, enfrentou instabilidades na tarde desta quarta-feira, 03 de abril. De acordo com o site Downdetector, conhecido por fornecer informa\u00e7\u00f5es em tempo real sobre o status de servi\u00e7os online, mais de 30 mil reclama\u00e7\u00f5es foram registradas a partir das 15h, indicando uma interrup\u00e7\u00e3o significativa no [&hellip;]\" \/>\n<meta property=\"og:url\" content=\"https:\/\/www.cidademarketing.com.br\/marketing\/2024\/04\/03\/whatsapp-apresenta-falhas-e-fica-fora-do-ar-na-tarde-desta-quarta-feira-03\/\" \/>\n<meta property=\"og:site_name\" content=\"CidadeMarketing\" \/>\n<meta property=\"article:publisher\" content=\"https:\/\/www.facebook.com\/portalcidademarketing\" \/>\n<meta property=\"article:author\" content=\"https:\/\/www.facebook.com\/thalesbrandao\" \/>\n<meta property=\"article:published_time\" content=\"2024-04-03T20:10:46+00:00\" \/>\n<meta property=\"article:modified_time\" content=\"2024-04-03T20:12:38+00:00\" \/>\n<meta property=\"og:image\" content=\"https:\/\/www.cidademarketing.com.br\/marketing\/wp-content\/uploads\/2024\/04\/whatsapp_marca.webp\" \/>\n\t<meta property=\"og:image:width\" content=\"864\" \/>\n\t<meta property=\"og:image:height\" content=\"864\" \/>\n\t<meta property=\"og:image:type\" content=\"image\/webp\" \/>\n<meta name=\"author\" content=\"Thales Brand\u00e3o\" \/>\n<meta name=\"twitter:card\" content=\"summary_large_image\" \/>\n<meta name=\"twitter:creator\" content=\"@http:\/\/www.twitter.com\/thalesbrandao\" \/>\n<meta name=\"twitter:site\" content=\"@CidadeMarketing\" \/>\n<meta name=\"twitter:label1\" content=\"Escrito por\" \/>\n\t<meta name=\"twitter:data1\" content=\"Thales Brand\u00e3o\" \/>\n\t<meta name=\"twitter:label2\" content=\"Est. tempo de leitura\" \/>\n\t<meta name=\"twitter:data2\" content=\"1 minuto\" \/>\n<script type=\"application\/ld+json\" class=\"yoast-schema-graph\">{\"@context\":\"https:\\\/\\\/schema.org\",\"@graph\":[{\"@type\":\"Article\",\"@id\":\"https:\\\/\\\/www.cidademarketing.com.br\\\/marketing\\\/2024\\\/04\\\/03\\\/whatsapp-apresenta-falhas-e-fica-fora-do-ar-na-tarde-desta-quarta-feira-03\\\/#article\",\"isPartOf\":{\"@id\":\"https:\\\/\\\/www.cidademarketing.com.br\\\/marketing\\\/2024\\\/04\\\/03\\\/whatsapp-apresenta-falhas-e-fica-fora-do-ar-na-tarde-desta-quarta-feira-03\\\/\"},\"author\":{\"name\":\"Thales Brand\u00e3o\",\"@id\":\"https:\\\/\\\/www.cidademarketing.com.br\\\/marketing\\\/#\\\/schema\\\/person\\\/02daff9f18bd9378c9e01eb6b2db155f\"},\"headline\":\"WhatsApp apresenta falhas e fica fora do ar na tarde desta quarta-feira, 03\",\"datePublished\":\"2024-04-03T20:10:46+00:00\",\"dateModified\":\"2024-04-03T20:12:38+00:00\",\"mainEntityOfPage\":{\"@id\":\"https:\\\/\\\/www.cidademarketing.com.br\\\/marketing\\\/2024\\\/04\\\/03\\\/whatsapp-apresenta-falhas-e-fica-fora-do-ar-na-tarde-desta-quarta-feira-03\\\/\"},\"wordCount\":255,\"commentCount\":0,\"publisher\":{\"@id\":\"https:\\\/\\\/www.cidademarketing.com.br\\\/marketing\\\/#organization\"},\"image\":{\"@id\":\"https:\\\/\\\/www.cidademarketing.com.br\\\/marketing\\\/2024\\\/04\\\/03\\\/whatsapp-apresenta-falhas-e-fica-fora-do-ar-na-tarde-desta-quarta-feira-03\\\/#primaryimage\"},\"thumbnailUrl\":\"https:\\\/\\\/www.cidademarketing.com.br\\\/marketing\\\/wp-content\\\/uploads\\\/2024\\\/04\\\/whatsapp_marca.webp\",\"keywords\":[\"campanha\",\"estrat\u00e9gia\",\"marketing\",\"marketing digital\",\"Meta\",\"servi\u00e7o\",\"WhatsApp\"],\"articleSection\":[\"Digital\",\"Not\u00edcias\"],\"inLanguage\":\"pt-BR\",\"potentialAction\":[{\"@type\":\"CommentAction\",\"name\":\"Comment\",\"target\":[\"https:\\\/\\\/www.cidademarketing.com.br\\\/marketing\\\/2024\\\/04\\\/03\\\/whatsapp-apresenta-falhas-e-fica-fora-do-ar-na-tarde-desta-quarta-feira-03\\\/#respond\"]}]},{\"@type\":\"WebPage\",\"@id\":\"https:\\\/\\\/www.cidademarketing.com.br\\\/marketing\\\/2024\\\/04\\\/03\\\/whatsapp-apresenta-falhas-e-fica-fora-do-ar-na-tarde-desta-quarta-feira-03\\\/\",\"url\":\"https:\\\/\\\/www.cidademarketing.com.br\\\/marketing\\\/2024\\\/04\\\/03\\\/whatsapp-apresenta-falhas-e-fica-fora-do-ar-na-tarde-desta-quarta-feira-03\\\/\",\"name\":\"WhatsApp apresenta falhas e fica fora do ar na tarde desta quarta-feira, 03 - CidadeMarketing\",\"isPartOf\":{\"@id\":\"https:\\\/\\\/www.cidademarketing.com.br\\\/marketing\\\/#website\"},\"primaryImageOfPage\":{\"@id\":\"https:\\\/\\\/www.cidademarketing.com.br\\\/marketing\\\/2024\\\/04\\\/03\\\/whatsapp-apresenta-falhas-e-fica-fora-do-ar-na-tarde-desta-quarta-feira-03\\\/#primaryimage\"},\"image\":{\"@id\":\"https:\\\/\\\/www.cidademarketing.com.br\\\/marketing\\\/2024\\\/04\\\/03\\\/whatsapp-apresenta-falhas-e-fica-fora-do-ar-na-tarde-desta-quarta-feira-03\\\/#primaryimage\"},\"thumbnailUrl\":\"https:\\\/\\\/www.cidademarketing.com.br\\\/marketing\\\/wp-content\\\/uploads\\\/2024\\\/04\\\/whatsapp_marca.webp\",\"datePublished\":\"2024-04-03T20:10:46+00:00\",\"dateModified\":\"2024-04-03T20:12:38+00:00\",\"breadcrumb\":{\"@id\":\"https:\\\/\\\/www.cidademarketing.com.br\\\/marketing\\\/2024\\\/04\\\/03\\\/whatsapp-apresenta-falhas-e-fica-fora-do-ar-na-tarde-desta-quarta-feira-03\\\/#breadcrumb\"},\"inLanguage\":\"pt-BR\",\"potentialAction\":[{\"@type\":\"ReadAction\",\"target\":[\"https:\\\/\\\/www.cidademarketing.com.br\\\/marketing\\\/2024\\\/04\\\/03\\\/whatsapp-apresenta-falhas-e-fica-fora-do-ar-na-tarde-desta-quarta-feira-03\\\/\"]}]},{\"@type\":\"ImageObject\",\"inLanguage\":\"pt-BR\",\"@id\":\"https:\\\/\\\/www.cidademarketing.com.br\\\/marketing\\\/2024\\\/04\\\/03\\\/whatsapp-apresenta-falhas-e-fica-fora-do-ar-na-tarde-desta-quarta-feira-03\\\/#primaryimage\",\"url\":\"https:\\\/\\\/www.cidademarketing.com.br\\\/marketing\\\/wp-content\\\/uploads\\\/2024\\\/04\\\/whatsapp_marca.webp\",\"contentUrl\":\"https:\\\/\\\/www.cidademarketing.com.br\\\/marketing\\\/wp-content\\\/uploads\\\/2024\\\/04\\\/whatsapp_marca.webp\",\"width\":864,\"height\":864},{\"@type\":\"BreadcrumbList\",\"@id\":\"https:\\\/\\\/www.cidademarketing.com.br\\\/marketing\\\/2024\\\/04\\\/03\\\/whatsapp-apresenta-falhas-e-fica-fora-do-ar-na-tarde-desta-quarta-feira-03\\\/#breadcrumb\",\"itemListElement\":[{\"@type\":\"ListItem\",\"position\":1,\"name\":\"In\u00edcio\",\"item\":\"https:\\\/\\\/www.cidademarketing.com.br\\\/marketing\\\/\"},{\"@type\":\"ListItem\",\"position\":2,\"name\":\"WhatsApp apresenta falhas e fica fora do ar na tarde desta quarta-feira, 03\"}]},{\"@type\":\"WebSite\",\"@id\":\"https:\\\/\\\/www.cidademarketing.com.br\\\/marketing\\\/#website\",\"url\":\"https:\\\/\\\/www.cidademarketing.com.br\\\/marketing\\\/\",\"name\":\"CidadeMarketing\",\"description\":\"Somos um ve\u00edculo de comunica\u00e7\u00e3o de destaque no Brasil, reconhecido por conte\u00fados nos segmentos de marketing, empreendedorismo e inova\u00e7\u00e3o.\",\"publisher\":{\"@id\":\"https:\\\/\\\/www.cidademarketing.com.br\\\/marketing\\\/#organization\"},\"alternateName\":\"CidadeMarketing\",\"potentialAction\":[{\"@type\":\"SearchAction\",\"target\":{\"@type\":\"EntryPoint\",\"urlTemplate\":\"https:\\\/\\\/www.cidademarketing.com.br\\\/marketing\\\/?s={search_term_string}\"},\"query-input\":{\"@type\":\"PropertyValueSpecification\",\"valueRequired\":true,\"valueName\":\"search_term_string\"}}],\"inLanguage\":\"pt-BR\"},{\"@type\":\"Organization\",\"@id\":\"https:\\\/\\\/www.cidademarketing.com.br\\\/marketing\\\/#organization\",\"name\":\"CidadeMarketing\",\"alternateName\":\"CidadeMarketing\",\"url\":\"https:\\\/\\\/www.cidademarketing.com.br\\\/marketing\\\/\",\"logo\":{\"@type\":\"ImageObject\",\"inLanguage\":\"pt-BR\",\"@id\":\"https:\\\/\\\/www.cidademarketing.com.br\\\/marketing\\\/#\\\/schema\\\/logo\\\/image\\\/\",\"url\":\"https:\\\/\\\/www.cidademarketing.com.br\\\/marketing\\\/wp-content\\\/uploads\\\/2020\\\/01\\\/cidademarketing_marca_mobile.png\",\"contentUrl\":\"https:\\\/\\\/www.cidademarketing.com.br\\\/marketing\\\/wp-content\\\/uploads\\\/2020\\\/01\\\/cidademarketing_marca_mobile.png\",\"width\":230,\"height\":92,\"caption\":\"CidadeMarketing\"},\"image\":{\"@id\":\"https:\\\/\\\/www.cidademarketing.com.br\\\/marketing\\\/#\\\/schema\\\/logo\\\/image\\\/\"},\"sameAs\":[\"https:\\\/\\\/www.facebook.com\\\/portalcidademarketing\",\"https:\\\/\\\/x.com\\\/CidadeMarketing\",\"https:\\\/\\\/www.instagram.com\\\/cidademarketing\\\/\"]},{\"@type\":\"Person\",\"@id\":\"https:\\\/\\\/www.cidademarketing.com.br\\\/marketing\\\/#\\\/schema\\\/person\\\/02daff9f18bd9378c9e01eb6b2db155f\",\"name\":\"Thales Brand\u00e3o\",\"image\":{\"@type\":\"ImageObject\",\"inLanguage\":\"pt-BR\",\"@id\":\"https:\\\/\\\/secure.gravatar.com\\\/avatar\\\/7ca3206950207cc3cb48feec56a8a7898741ab725c368d99d5d7a5a50aab80c6?s=96&d=mm&r=g\",\"url\":\"https:\\\/\\\/secure.gravatar.com\\\/avatar\\\/7ca3206950207cc3cb48feec56a8a7898741ab725c368d99d5d7a5a50aab80c6?s=96&d=mm&r=g\",\"contentUrl\":\"https:\\\/\\\/secure.gravatar.com\\\/avatar\\\/7ca3206950207cc3cb48feec56a8a7898741ab725c368d99d5d7a5a50aab80c6?s=96&d=mm&r=g\",\"caption\":\"Thales Brand\u00e3o\"},\"description\":\"Editor Executivo do Portal CidadeMarketing.com.br &gt; Mestre em Comunica\u00e7\u00e3o e Sociedade pela Universidade Federal de Sergipe. Possui MBA Executivo em Administra\u00e7\u00e3o com \u00eanfase em Marketing pela Funda\u00e7\u00e3o Get\u00falio Vargas - Rio de Janeiro. Consultor, Palestrante e Pesquisador sobre Empreendedorismo, Marketing, Redes Sociais e Neg\u00f3cios Digitais. Professor, Palestrante TedxTalks e Campus Party. Twitter: @ThalesBrandao\",\"sameAs\":[\"http:\\\/\\\/www.mandacaru.com.br\",\"https:\\\/\\\/www.facebook.com\\\/thalesbrandao\",\"http:\\\/\\\/www.instagram.com.br\\\/thalesbrandaoferreira\",\"https:\\\/\\\/www.linkedin.com\\\/in\\\/thales-brand\u00e3o-3948609\\\/\",\"https:\\\/\\\/x.com\\\/http:\\\/\\\/www.twitter.com\\\/thalesbrandao\"],\"url\":\"https:\\\/\\\/www.cidademarketing.com.br\\\/marketing\\\/author\\\/thalesbrandao\\\/\"}]}<\/script>\n<!-- \/ Yoast SEO plugin. -->","yoast_head_json":{"title":"WhatsApp apresenta falhas e fica fora do ar na tarde desta quarta-feira, 03 - CidadeMarketing","robots":{"index":"index","follow":"follow","max-snippet":"max-snippet:-1","max-image-preview":"max-image-preview:large","max-video-preview":"max-video-preview:-1"},"canonical":"https:\/\/www.cidademarketing.com.br\/marketing\/2024\/04\/03\/whatsapp-apresenta-falhas-e-fica-fora-do-ar-na-tarde-desta-quarta-feira-03\/","og_locale":"pt_BR","og_type":"article","og_title":"WhatsApp apresenta falhas e fica fora do ar na tarde desta quarta-feira, 03 - CidadeMarketing","og_description":"O WhatsApp, um dos aplicativos de mensagens mais populares do mundo, enfrentou instabilidades na tarde desta quarta-feira, 03 de abril. De acordo com o site Downdetector, conhecido por fornecer informa\u00e7\u00f5es em tempo real sobre o status de servi\u00e7os online, mais de 30 mil reclama\u00e7\u00f5es foram registradas a partir das 15h, indicando uma interrup\u00e7\u00e3o significativa no [&hellip;]","og_url":"https:\/\/www.cidademarketing.com.br\/marketing\/2024\/04\/03\/whatsapp-apresenta-falhas-e-fica-fora-do-ar-na-tarde-desta-quarta-feira-03\/","og_site_name":"CidadeMarketing","article_publisher":"https:\/\/www.facebook.com\/portalcidademarketing","article_author":"https:\/\/www.facebook.com\/thalesbrandao","article_published_time":"2024-04-03T20:10:46+00:00","article_modified_time":"2024-04-03T20:12:38+00:00","og_image":[{"width":864,"height":864,"url":"https:\/\/www.cidademarketing.com.br\/marketing\/wp-content\/uploads\/2024\/04\/whatsapp_marca.webp","type":"image\/webp"}],"author":"Thales Brand\u00e3o","twitter_card":"summary_large_image","twitter_creator":"@http:\/\/www.twitter.com\/thalesbrandao","twitter_site":"@CidadeMarketing","twitter_misc":{"Escrito por":"Thales Brand\u00e3o","Est. tempo de leitura":"1 minuto"},"schema":{"@context":"https:\/\/schema.org","@graph":[{"@type":"Article","@id":"https:\/\/www.cidademarketing.com.br\/marketing\/2024\/04\/03\/whatsapp-apresenta-falhas-e-fica-fora-do-ar-na-tarde-desta-quarta-feira-03\/#article","isPartOf":{"@id":"https:\/\/www.cidademarketing.com.br\/marketing\/2024\/04\/03\/whatsapp-apresenta-falhas-e-fica-fora-do-ar-na-tarde-desta-quarta-feira-03\/"},"author":{"name":"Thales Brand\u00e3o","@id":"https:\/\/www.cidademarketing.com.br\/marketing\/#\/schema\/person\/02daff9f18bd9378c9e01eb6b2db155f"},"headline":"WhatsApp apresenta falhas e fica fora do ar na tarde desta quarta-feira, 03","datePublished":"2024-04-03T20:10:46+00:00","dateModified":"2024-04-03T20:12:38+00:00","mainEntityOfPage":{"@id":"https:\/\/www.cidademarketing.com.br\/marketing\/2024\/04\/03\/whatsapp-apresenta-falhas-e-fica-fora-do-ar-na-tarde-desta-quarta-feira-03\/"},"wordCount":255,"commentCount":0,"publisher":{"@id":"https:\/\/www.cidademarketing.com.br\/marketing\/#organization"},"image":{"@id":"https:\/\/www.cidademarketing.com.br\/marketing\/2024\/04\/03\/whatsapp-apresenta-falhas-e-fica-fora-do-ar-na-tarde-desta-quarta-feira-03\/#primaryimage"},"thumbnailUrl":"https:\/\/www.cidademarketing.com.br\/marketing\/wp-content\/uploads\/2024\/04\/whatsapp_marca.webp","keywords":["campanha","estrat\u00e9gia","marketing","marketing digital","Meta","servi\u00e7o","WhatsApp"],"articleSection":["Digital","Not\u00edcias"],"inLanguage":"pt-BR","potentialAction":[{"@type":"CommentAction","name":"Comment","target":["https:\/\/www.cidademarketing.com.br\/marketing\/2024\/04\/03\/whatsapp-apresenta-falhas-e-fica-fora-do-ar-na-tarde-desta-quarta-feira-03\/#respond"]}]},{"@type":"WebPage","@id":"https:\/\/www.cidademarketing.com.br\/marketing\/2024\/04\/03\/whatsapp-apresenta-falhas-e-fica-fora-do-ar-na-tarde-desta-quarta-feira-03\/","url":"https:\/\/www.cidademarketing.com.br\/marketing\/2024\/04\/03\/whatsapp-apresenta-falhas-e-fica-fora-do-ar-na-tarde-desta-quarta-feira-03\/","name":"WhatsApp apresenta falhas e fica fora do ar na tarde desta quarta-feira, 03 - CidadeMarketing","isPartOf":{"@id":"https:\/\/www.cidademarketing.com.br\/marketing\/#website"},"primaryImageOfPage":{"@id":"https:\/\/www.cidademarketing.com.br\/marketing\/2024\/04\/03\/whatsapp-apresenta-falhas-e-fica-fora-do-ar-na-tarde-desta-quarta-feira-03\/#primaryimage"},"image":{"@id":"https:\/\/www.cidademarketing.com.br\/marketing\/2024\/04\/03\/whatsapp-apresenta-falhas-e-fica-fora-do-ar-na-tarde-desta-quarta-feira-03\/#primaryimage"},"thumbnailUrl":"https:\/\/www.cidademarketing.com.br\/marketing\/wp-content\/uploads\/2024\/04\/whatsapp_marca.webp","datePublished":"2024-04-03T20:10:46+00:00","dateModified":"2024-04-03T20:12:38+00:00","breadcrumb":{"@id":"https:\/\/www.cidademarketing.com.br\/marketing\/2024\/04\/03\/whatsapp-apresenta-falhas-e-fica-fora-do-ar-na-tarde-desta-quarta-feira-03\/#breadcrumb"},"inLanguage":"pt-BR","potentialAction":[{"@type":"ReadAction","target":["https:\/\/www.cidademarketing.com.br\/marketing\/2024\/04\/03\/whatsapp-apresenta-falhas-e-fica-fora-do-ar-na-tarde-desta-quarta-feira-03\/"]}]},{"@type":"ImageObject","inLanguage":"pt-BR","@id":"https:\/\/www.cidademarketing.com.br\/marketing\/2024\/04\/03\/whatsapp-apresenta-falhas-e-fica-fora-do-ar-na-tarde-desta-quarta-feira-03\/#primaryimage","url":"https:\/\/www.cidademarketing.com.br\/marketing\/wp-content\/uploads\/2024\/04\/whatsapp_marca.webp","contentUrl":"https:\/\/www.cidademarketing.com.br\/marketing\/wp-content\/uploads\/2024\/04\/whatsapp_marca.webp","width":864,"height":864},{"@type":"BreadcrumbList","@id":"https:\/\/www.cidademarketing.com.br\/marketing\/2024\/04\/03\/whatsapp-apresenta-falhas-e-fica-fora-do-ar-na-tarde-desta-quarta-feira-03\/#breadcrumb","itemListElement":[{"@type":"ListItem","position":1,"name":"In\u00edcio","item":"https:\/\/www.cidademarketing.com.br\/marketing\/"},{"@type":"ListItem","position":2,"name":"WhatsApp apresenta falhas e fica fora do ar na tarde desta quarta-feira, 03"}]},{"@type":"WebSite","@id":"https:\/\/www.cidademarketing.com.br\/marketing\/#website","url":"https:\/\/www.cidademarketing.com.br\/marketing\/","name":"CidadeMarketing","description":"Somos um ve\u00edculo de comunica\u00e7\u00e3o de destaque no Brasil, reconhecido por conte\u00fados nos segmentos de marketing, empreendedorismo e inova\u00e7\u00e3o.","publisher":{"@id":"https:\/\/www.cidademarketing.com.br\/marketing\/#organization"},"alternateName":"CidadeMarketing","potentialAction":[{"@type":"SearchAction","target":{"@type":"EntryPoint","urlTemplate":"https:\/\/www.cidademarketing.com.br\/marketing\/?s={search_term_string}"},"query-input":{"@type":"PropertyValueSpecification","valueRequired":true,"valueName":"search_term_string"}}],"inLanguage":"pt-BR"},{"@type":"Organization","@id":"https:\/\/www.cidademarketing.com.br\/marketing\/#organization","name":"CidadeMarketing","alternateName":"CidadeMarketing","url":"https:\/\/www.cidademarketing.com.br\/marketing\/","logo":{"@type":"ImageObject","inLanguage":"pt-BR","@id":"https:\/\/www.cidademarketing.com.br\/marketing\/#\/schema\/logo\/image\/","url":"https:\/\/www.cidademarketing.com.br\/marketing\/wp-content\/uploads\/2020\/01\/cidademarketing_marca_mobile.png","contentUrl":"https:\/\/www.cidademarketing.com.br\/marketing\/wp-content\/uploads\/2020\/01\/cidademarketing_marca_mobile.png","width":230,"height":92,"caption":"CidadeMarketing"},"image":{"@id":"https:\/\/www.cidademarketing.com.br\/marketing\/#\/schema\/logo\/image\/"},"sameAs":["https:\/\/www.facebook.com\/portalcidademarketing","https:\/\/x.com\/CidadeMarketing","https:\/\/www.instagram.com\/cidademarketing\/"]},{"@type":"Person","@id":"https:\/\/www.cidademarketing.com.br\/marketing\/#\/schema\/person\/02daff9f18bd9378c9e01eb6b2db155f","name":"Thales Brand\u00e3o","image":{"@type":"ImageObject","inLanguage":"pt-BR","@id":"https:\/\/secure.gravatar.com\/avatar\/7ca3206950207cc3cb48feec56a8a7898741ab725c368d99d5d7a5a50aab80c6?s=96&d=mm&r=g","url":"https:\/\/secure.gravatar.com\/avatar\/7ca3206950207cc3cb48feec56a8a7898741ab725c368d99d5d7a5a50aab80c6?s=96&d=mm&r=g","contentUrl":"https:\/\/secure.gravatar.com\/avatar\/7ca3206950207cc3cb48feec56a8a7898741ab725c368d99d5d7a5a50aab80c6?s=96&d=mm&r=g","caption":"Thales Brand\u00e3o"},"description":"Editor Executivo do Portal CidadeMarketing.com.br &gt; Mestre em Comunica\u00e7\u00e3o e Sociedade pela Universidade Federal de Sergipe. Possui MBA Executivo em Administra\u00e7\u00e3o com \u00eanfase em Marketing pela Funda\u00e7\u00e3o Get\u00falio Vargas - Rio de Janeiro. Consultor, Palestrante e Pesquisador sobre Empreendedorismo, Marketing, Redes Sociais e Neg\u00f3cios Digitais. Professor, Palestrante TedxTalks e Campus Party. Twitter: @ThalesBrandao","sameAs":["http:\/\/www.mandacaru.com.br","https:\/\/www.facebook.com\/thalesbrandao","http:\/\/www.instagram.com.br\/thalesbrandaoferreira","https:\/\/www.linkedin.com\/in\/thales-brand\u00e3o-3948609\/","https:\/\/x.com\/http:\/\/www.twitter.com\/thalesbrandao"],"url":"https:\/\/www.cidademarketing.com.br\/marketing\/author\/thalesbrandao\/"}]}},"amp_enabled":true,"_links":{"self":[{"href":"https:\/\/www.cidademarketing.com.br\/marketing\/wp-json\/wp\/v2\/posts\/50624","targetHints":{"allow":["GET"]}}],"collection":[{"href":"https:\/\/www.cidademarketing.com.br\/marketing\/wp-json\/wp\/v2\/posts"}],"about":[{"href":"https:\/\/www.cidademarketing.com.br\/marketing\/wp-json\/wp\/v2\/types\/post"}],"author":[{"embeddable":true,"href":"https:\/\/www.cidademarketing.com.br\/marketing\/wp-json\/wp\/v2\/users\/1"}],"replies":[{"embeddable":true,"href":"https:\/\/www.cidademarketing.com.br\/marketing\/wp-json\/wp\/v2\/comments?post=50624"}],"version-history":[{"count":3,"href":"https:\/\/www.cidademarketing.com.br\/marketing\/wp-json\/wp\/v2\/posts\/50624\/revisions"}],"predecessor-version":[{"id":50629,"href":"https:\/\/www.cidademarketing.com.br\/marketing\/wp-json\/wp\/v2\/posts\/50624\/revisions\/50629"}],"wp:featuredmedia":[{"embeddable":true,"href":"https:\/\/www.cidademarketing.com.br\/marketing\/wp-json\/wp\/v2\/media\/50625"}],"wp:attachment":[{"href":"https:\/\/www.cidademarketing.com.br\/marketing\/wp-json\/wp\/v2\/media?parent=50624"}],"wp:term":[{"taxonomy":"category","embeddable":true,"href":"https:\/\/www.cidademarketing.com.br\/marketing\/wp-json\/wp\/v2\/categories?post=50624"},{"taxonomy":"post_tag","embeddable":true,"href":"https:\/\/www.cidademarketing.com.br\/marketing\/wp-json\/wp\/v2\/tags?post=50624"}],"curies":[{"name":"wp","href":"https:\/\/api.w.org\/{rel}","templated":true}]}}