{"id":50583,"date":"2024-04-02T07:50:49","date_gmt":"2024-04-02T10:50:49","guid":{"rendered":"https:\/\/www.cidademarketing.com.br\/marketing\/?p=50583"},"modified":"2024-04-02T07:52:34","modified_gmt":"2024-04-02T10:52:34","slug":"universal-music-brasil-marca-presenca-na-15a-edicao-do-vtex-day","status":"publish","type":"post","link":"https:\/\/www.cidademarketing.com.br\/marketing\/2024\/04\/02\/universal-music-brasil-marca-presenca-na-15a-edicao-do-vtex-day\/","title":{"rendered":"Universal Music Brasil marca presen\u00e7a na 15\u00aa edi\u00e7\u00e3o do VTEX Day"},"content":{"rendered":"<p>Nos dias 11 e 12 de abril, acontece no S\u00e3o Paulo Expo o VTEX DAY, o maior evento de transforma\u00e7\u00e3o digital do varejo da Am\u00e9rica Latina. A Universal Music Brasil participa pelo segundo ano consecutivo do evento na capital paulista, que tem como objetivo de guiar o mercado para o futuro de forma eficiente, pragm\u00e1tica e imersiva.<\/p>\n<p>Na ocasi\u00e3o, a companhia levar\u00e1 para o evento um stand da <a href=\"https:\/\/www.umusicstore.com\/\" target=\"_blank\" rel=\"noopener\">UMusic Store<\/a>, plataforma de e-commerce da Universal Music Brasil, que contar\u00e1 com diversos produtos exclusivos dos artistas de seu cast nacional e internacional, incluindo uma camisa dos Rolling Stones do \u00faltimo \u00e1lbum \u201cHackney Diamonds\u201d, que ser\u00e1 vendida somente na loja, al\u00e9m de promover diversas a\u00e7\u00f5es interativas com os visitantes do evento.<\/p>\n<p><iframe title=\"Spotify Embed: Podcast CidadeMarketing\" style=\"border-radius: 12px\" width=\"100%\" height=\"152\" frameborder=\"0\" allowfullscreen allow=\"autoplay; clipboard-write; encrypted-media; fullscreen; picture-in-picture\" loading=\"lazy\" src=\"https:\/\/open.spotify.com\/embed\/show\/4khMKzP3FgFRWVwb73xicc?si=252fe5bff2b34909&#038;utm_source=oembed\"><\/iframe><\/p>\n<p>Realizado h\u00e1 14 anos, VTEX DAY tem extrema import\u00e2ncia para todo o ecossistema de com\u00e9rcio digital, pois re\u00fane clientes, fornecedores e influenciadores \u2013 os mais importantes nomes do varejo \u2013 para apresentar suas solu\u00e7\u00f5es e novidades, trocar conhecimento, debater tend\u00eancias, fortalecer o networking e adquirir insights para aprimorar os neg\u00f3cios.<\/p>\n","protected":false},"excerpt":{"rendered":"<p>Nos dias 11 e 12 de abril, acontece no S\u00e3o Paulo Expo o VTEX DAY, o maior evento de transforma\u00e7\u00e3o digital do varejo da Am\u00e9rica Latina. A Universal Music Brasil participa pelo segundo ano consecutivo do evento na capital paulista, que tem como objetivo de guiar o mercado para o futuro de forma eficiente, pragm\u00e1tica [&hellip;]<\/p>\n","protected":false},"author":1,"featured_media":50585,"comment_status":"open","ping_status":"open","sticky":false,"template":"","format":"standard","meta":{"tdm_status":"","tdm_grid_status":"","footnotes":""},"categories":[13],"tags":[65,33,293,28,1742,185,2373,6834],"class_list":["post-50583","post","type-post","status-publish","format-standard","has-post-thumbnail","hentry","category-eventos","tag-campanha","tag-estrategia","tag-inovacao","tag-marketing","tag-musica","tag-tecnologia","tag-universal-music-brasil","tag-vtex-day"],"yoast_head":"<!-- This site is optimized with the Yoast SEO plugin v27.5 - https:\/\/yoast.com\/product\/yoast-seo-wordpress\/ -->\n<title>Universal Music Brasil marca presen\u00e7a na 15\u00aa edi\u00e7\u00e3o do VTEX Day - CidadeMarketing<\/title>\n<meta name=\"robots\" content=\"index, follow, max-snippet:-1, max-image-preview:large, max-video-preview:-1\" \/>\n<link rel=\"canonical\" href=\"https:\/\/www.cidademarketing.com.br\/marketing\/2024\/04\/02\/universal-music-brasil-marca-presenca-na-15a-edicao-do-vtex-day\/\" \/>\n<meta property=\"og:locale\" content=\"pt_BR\" \/>\n<meta property=\"og:type\" content=\"article\" \/>\n<meta property=\"og:title\" content=\"Universal Music Brasil marca presen\u00e7a na 15\u00aa edi\u00e7\u00e3o do VTEX Day - CidadeMarketing\" \/>\n<meta property=\"og:description\" content=\"Nos dias 11 e 12 de abril, acontece no S\u00e3o Paulo Expo o VTEX DAY, o maior evento de transforma\u00e7\u00e3o digital do varejo da Am\u00e9rica Latina. A Universal Music Brasil participa pelo segundo ano consecutivo do evento na capital paulista, que tem como objetivo de guiar o mercado para o futuro de forma eficiente, pragm\u00e1tica [&hellip;]\" \/>\n<meta property=\"og:url\" content=\"https:\/\/www.cidademarketing.com.br\/marketing\/2024\/04\/02\/universal-music-brasil-marca-presenca-na-15a-edicao-do-vtex-day\/\" \/>\n<meta property=\"og:site_name\" content=\"CidadeMarketing\" \/>\n<meta property=\"article:publisher\" content=\"https:\/\/www.facebook.com\/portalcidademarketing\" \/>\n<meta property=\"article:author\" content=\"https:\/\/www.facebook.com\/thalesbrandao\" \/>\n<meta property=\"article:published_time\" content=\"2024-04-02T10:50:49+00:00\" \/>\n<meta property=\"article:modified_time\" content=\"2024-04-02T10:52:34+00:00\" \/>\n<meta property=\"og:image\" content=\"https:\/\/www.cidademarketing.com.br\/marketing\/wp-content\/uploads\/2024\/04\/universal_music_vtex_day.webp\" \/>\n\t<meta property=\"og:image:width\" content=\"1135\" \/>\n\t<meta property=\"og:image:height\" content=\"605\" \/>\n\t<meta property=\"og:image:type\" content=\"image\/webp\" \/>\n<meta name=\"author\" content=\"Thales Brand\u00e3o\" \/>\n<meta name=\"twitter:card\" content=\"summary_large_image\" \/>\n<meta name=\"twitter:creator\" content=\"@http:\/\/www.twitter.com\/thalesbrandao\" \/>\n<meta name=\"twitter:site\" content=\"@CidadeMarketing\" \/>\n<meta name=\"twitter:label1\" content=\"Escrito por\" \/>\n\t<meta name=\"twitter:data1\" content=\"Thales Brand\u00e3o\" \/>\n\t<meta name=\"twitter:label2\" content=\"Est. tempo de leitura\" \/>\n\t<meta name=\"twitter:data2\" content=\"1 minuto\" \/>\n<script type=\"application\/ld+json\" class=\"yoast-schema-graph\">{\"@context\":\"https:\\\/\\\/schema.org\",\"@graph\":[{\"@type\":\"Article\",\"@id\":\"https:\\\/\\\/www.cidademarketing.com.br\\\/marketing\\\/2024\\\/04\\\/02\\\/universal-music-brasil-marca-presenca-na-15a-edicao-do-vtex-day\\\/#article\",\"isPartOf\":{\"@id\":\"https:\\\/\\\/www.cidademarketing.com.br\\\/marketing\\\/2024\\\/04\\\/02\\\/universal-music-brasil-marca-presenca-na-15a-edicao-do-vtex-day\\\/\"},\"author\":{\"name\":\"Thales Brand\u00e3o\",\"@id\":\"https:\\\/\\\/www.cidademarketing.com.br\\\/marketing\\\/#\\\/schema\\\/person\\\/02daff9f18bd9378c9e01eb6b2db155f\"},\"headline\":\"Universal Music Brasil marca presen\u00e7a na 15\u00aa edi\u00e7\u00e3o do VTEX Day\",\"datePublished\":\"2024-04-02T10:50:49+00:00\",\"dateModified\":\"2024-04-02T10:52:34+00:00\",\"mainEntityOfPage\":{\"@id\":\"https:\\\/\\\/www.cidademarketing.com.br\\\/marketing\\\/2024\\\/04\\\/02\\\/universal-music-brasil-marca-presenca-na-15a-edicao-do-vtex-day\\\/\"},\"wordCount\":203,\"commentCount\":0,\"publisher\":{\"@id\":\"https:\\\/\\\/www.cidademarketing.com.br\\\/marketing\\\/#organization\"},\"image\":{\"@id\":\"https:\\\/\\\/www.cidademarketing.com.br\\\/marketing\\\/2024\\\/04\\\/02\\\/universal-music-brasil-marca-presenca-na-15a-edicao-do-vtex-day\\\/#primaryimage\"},\"thumbnailUrl\":\"https:\\\/\\\/www.cidademarketing.com.br\\\/marketing\\\/wp-content\\\/uploads\\\/2024\\\/04\\\/universal_music_vtex_day.webp\",\"keywords\":[\"campanha\",\"estrat\u00e9gia\",\"inova\u00e7\u00e3o\",\"marketing\",\"m\u00fasica\",\"tecnologia\",\"Universal Music Brasil\",\"VTEX Day\"],\"articleSection\":[\"Eventos\"],\"inLanguage\":\"pt-BR\",\"potentialAction\":[{\"@type\":\"CommentAction\",\"name\":\"Comment\",\"target\":[\"https:\\\/\\\/www.cidademarketing.com.br\\\/marketing\\\/2024\\\/04\\\/02\\\/universal-music-brasil-marca-presenca-na-15a-edicao-do-vtex-day\\\/#respond\"]}]},{\"@type\":\"WebPage\",\"@id\":\"https:\\\/\\\/www.cidademarketing.com.br\\\/marketing\\\/2024\\\/04\\\/02\\\/universal-music-brasil-marca-presenca-na-15a-edicao-do-vtex-day\\\/\",\"url\":\"https:\\\/\\\/www.cidademarketing.com.br\\\/marketing\\\/2024\\\/04\\\/02\\\/universal-music-brasil-marca-presenca-na-15a-edicao-do-vtex-day\\\/\",\"name\":\"Universal Music Brasil marca presen\u00e7a na 15\u00aa edi\u00e7\u00e3o do VTEX Day - CidadeMarketing\",\"isPartOf\":{\"@id\":\"https:\\\/\\\/www.cidademarketing.com.br\\\/marketing\\\/#website\"},\"primaryImageOfPage\":{\"@id\":\"https:\\\/\\\/www.cidademarketing.com.br\\\/marketing\\\/2024\\\/04\\\/02\\\/universal-music-brasil-marca-presenca-na-15a-edicao-do-vtex-day\\\/#primaryimage\"},\"image\":{\"@id\":\"https:\\\/\\\/www.cidademarketing.com.br\\\/marketing\\\/2024\\\/04\\\/02\\\/universal-music-brasil-marca-presenca-na-15a-edicao-do-vtex-day\\\/#primaryimage\"},\"thumbnailUrl\":\"https:\\\/\\\/www.cidademarketing.com.br\\\/marketing\\\/wp-content\\\/uploads\\\/2024\\\/04\\\/universal_music_vtex_day.webp\",\"datePublished\":\"2024-04-02T10:50:49+00:00\",\"dateModified\":\"2024-04-02T10:52:34+00:00\",\"breadcrumb\":{\"@id\":\"https:\\\/\\\/www.cidademarketing.com.br\\\/marketing\\\/2024\\\/04\\\/02\\\/universal-music-brasil-marca-presenca-na-15a-edicao-do-vtex-day\\\/#breadcrumb\"},\"inLanguage\":\"pt-BR\",\"potentialAction\":[{\"@type\":\"ReadAction\",\"target\":[\"https:\\\/\\\/www.cidademarketing.com.br\\\/marketing\\\/2024\\\/04\\\/02\\\/universal-music-brasil-marca-presenca-na-15a-edicao-do-vtex-day\\\/\"]}]},{\"@type\":\"ImageObject\",\"inLanguage\":\"pt-BR\",\"@id\":\"https:\\\/\\\/www.cidademarketing.com.br\\\/marketing\\\/2024\\\/04\\\/02\\\/universal-music-brasil-marca-presenca-na-15a-edicao-do-vtex-day\\\/#primaryimage\",\"url\":\"https:\\\/\\\/www.cidademarketing.com.br\\\/marketing\\\/wp-content\\\/uploads\\\/2024\\\/04\\\/universal_music_vtex_day.webp\",\"contentUrl\":\"https:\\\/\\\/www.cidademarketing.com.br\\\/marketing\\\/wp-content\\\/uploads\\\/2024\\\/04\\\/universal_music_vtex_day.webp\",\"width\":1135,\"height\":605,\"caption\":\"Divulga\u00e7\u00e3o\"},{\"@type\":\"BreadcrumbList\",\"@id\":\"https:\\\/\\\/www.cidademarketing.com.br\\\/marketing\\\/2024\\\/04\\\/02\\\/universal-music-brasil-marca-presenca-na-15a-edicao-do-vtex-day\\\/#breadcrumb\",\"itemListElement\":[{\"@type\":\"ListItem\",\"position\":1,\"name\":\"In\u00edcio\",\"item\":\"https:\\\/\\\/www.cidademarketing.com.br\\\/marketing\\\/\"},{\"@type\":\"ListItem\",\"position\":2,\"name\":\"Universal Music Brasil marca presen\u00e7a na 15\u00aa edi\u00e7\u00e3o do VTEX Day\"}]},{\"@type\":\"WebSite\",\"@id\":\"https:\\\/\\\/www.cidademarketing.com.br\\\/marketing\\\/#website\",\"url\":\"https:\\\/\\\/www.cidademarketing.com.br\\\/marketing\\\/\",\"name\":\"CidadeMarketing\",\"description\":\"Somos um ve\u00edculo de comunica\u00e7\u00e3o de destaque no Brasil, reconhecido por conte\u00fados nos segmentos de marketing, empreendedorismo e inova\u00e7\u00e3o.\",\"publisher\":{\"@id\":\"https:\\\/\\\/www.cidademarketing.com.br\\\/marketing\\\/#organization\"},\"alternateName\":\"CidadeMarketing\",\"potentialAction\":[{\"@type\":\"SearchAction\",\"target\":{\"@type\":\"EntryPoint\",\"urlTemplate\":\"https:\\\/\\\/www.cidademarketing.com.br\\\/marketing\\\/?s={search_term_string}\"},\"query-input\":{\"@type\":\"PropertyValueSpecification\",\"valueRequired\":true,\"valueName\":\"search_term_string\"}}],\"inLanguage\":\"pt-BR\"},{\"@type\":\"Organization\",\"@id\":\"https:\\\/\\\/www.cidademarketing.com.br\\\/marketing\\\/#organization\",\"name\":\"CidadeMarketing\",\"alternateName\":\"CidadeMarketing\",\"url\":\"https:\\\/\\\/www.cidademarketing.com.br\\\/marketing\\\/\",\"logo\":{\"@type\":\"ImageObject\",\"inLanguage\":\"pt-BR\",\"@id\":\"https:\\\/\\\/www.cidademarketing.com.br\\\/marketing\\\/#\\\/schema\\\/logo\\\/image\\\/\",\"url\":\"https:\\\/\\\/www.cidademarketing.com.br\\\/marketing\\\/wp-content\\\/uploads\\\/2020\\\/01\\\/cidademarketing_marca_mobile.png\",\"contentUrl\":\"https:\\\/\\\/www.cidademarketing.com.br\\\/marketing\\\/wp-content\\\/uploads\\\/2020\\\/01\\\/cidademarketing_marca_mobile.png\",\"width\":230,\"height\":92,\"caption\":\"CidadeMarketing\"},\"image\":{\"@id\":\"https:\\\/\\\/www.cidademarketing.com.br\\\/marketing\\\/#\\\/schema\\\/logo\\\/image\\\/\"},\"sameAs\":[\"https:\\\/\\\/www.facebook.com\\\/portalcidademarketing\",\"https:\\\/\\\/x.com\\\/CidadeMarketing\",\"https:\\\/\\\/www.instagram.com\\\/cidademarketing\\\/\"]},{\"@type\":\"Person\",\"@id\":\"https:\\\/\\\/www.cidademarketing.com.br\\\/marketing\\\/#\\\/schema\\\/person\\\/02daff9f18bd9378c9e01eb6b2db155f\",\"name\":\"Thales Brand\u00e3o\",\"image\":{\"@type\":\"ImageObject\",\"inLanguage\":\"pt-BR\",\"@id\":\"https:\\\/\\\/secure.gravatar.com\\\/avatar\\\/7ca3206950207cc3cb48feec56a8a7898741ab725c368d99d5d7a5a50aab80c6?s=96&d=mm&r=g\",\"url\":\"https:\\\/\\\/secure.gravatar.com\\\/avatar\\\/7ca3206950207cc3cb48feec56a8a7898741ab725c368d99d5d7a5a50aab80c6?s=96&d=mm&r=g\",\"contentUrl\":\"https:\\\/\\\/secure.gravatar.com\\\/avatar\\\/7ca3206950207cc3cb48feec56a8a7898741ab725c368d99d5d7a5a50aab80c6?s=96&d=mm&r=g\",\"caption\":\"Thales Brand\u00e3o\"},\"description\":\"Editor Executivo do Portal CidadeMarketing.com.br &gt; Mestre em Comunica\u00e7\u00e3o e Sociedade pela Universidade Federal de Sergipe. Possui MBA Executivo em Administra\u00e7\u00e3o com \u00eanfase em Marketing pela Funda\u00e7\u00e3o Get\u00falio Vargas - Rio de Janeiro. Consultor, Palestrante e Pesquisador sobre Empreendedorismo, Marketing, Redes Sociais e Neg\u00f3cios Digitais. Professor, Palestrante TedxTalks e Campus Party. Twitter: @ThalesBrandao\",\"sameAs\":[\"http:\\\/\\\/www.mandacaru.com.br\",\"https:\\\/\\\/www.facebook.com\\\/thalesbrandao\",\"http:\\\/\\\/www.instagram.com.br\\\/thalesbrandaoferreira\",\"https:\\\/\\\/www.linkedin.com\\\/in\\\/thales-brand\u00e3o-3948609\\\/\",\"https:\\\/\\\/x.com\\\/http:\\\/\\\/www.twitter.com\\\/thalesbrandao\"],\"url\":\"https:\\\/\\\/www.cidademarketing.com.br\\\/marketing\\\/author\\\/thalesbrandao\\\/\"}]}<\/script>\n<!-- \/ Yoast SEO plugin. -->","yoast_head_json":{"title":"Universal Music Brasil marca presen\u00e7a na 15\u00aa edi\u00e7\u00e3o do VTEX Day - CidadeMarketing","robots":{"index":"index","follow":"follow","max-snippet":"max-snippet:-1","max-image-preview":"max-image-preview:large","max-video-preview":"max-video-preview:-1"},"canonical":"https:\/\/www.cidademarketing.com.br\/marketing\/2024\/04\/02\/universal-music-brasil-marca-presenca-na-15a-edicao-do-vtex-day\/","og_locale":"pt_BR","og_type":"article","og_title":"Universal Music Brasil marca presen\u00e7a na 15\u00aa edi\u00e7\u00e3o do VTEX Day - CidadeMarketing","og_description":"Nos dias 11 e 12 de abril, acontece no S\u00e3o Paulo Expo o VTEX DAY, o maior evento de transforma\u00e7\u00e3o digital do varejo da Am\u00e9rica Latina. A Universal Music Brasil participa pelo segundo ano consecutivo do evento na capital paulista, que tem como objetivo de guiar o mercado para o futuro de forma eficiente, pragm\u00e1tica [&hellip;]","og_url":"https:\/\/www.cidademarketing.com.br\/marketing\/2024\/04\/02\/universal-music-brasil-marca-presenca-na-15a-edicao-do-vtex-day\/","og_site_name":"CidadeMarketing","article_publisher":"https:\/\/www.facebook.com\/portalcidademarketing","article_author":"https:\/\/www.facebook.com\/thalesbrandao","article_published_time":"2024-04-02T10:50:49+00:00","article_modified_time":"2024-04-02T10:52:34+00:00","og_image":[{"width":1135,"height":605,"url":"https:\/\/www.cidademarketing.com.br\/marketing\/wp-content\/uploads\/2024\/04\/universal_music_vtex_day.webp","type":"image\/webp"}],"author":"Thales Brand\u00e3o","twitter_card":"summary_large_image","twitter_creator":"@http:\/\/www.twitter.com\/thalesbrandao","twitter_site":"@CidadeMarketing","twitter_misc":{"Escrito por":"Thales Brand\u00e3o","Est. tempo de leitura":"1 minuto"},"schema":{"@context":"https:\/\/schema.org","@graph":[{"@type":"Article","@id":"https:\/\/www.cidademarketing.com.br\/marketing\/2024\/04\/02\/universal-music-brasil-marca-presenca-na-15a-edicao-do-vtex-day\/#article","isPartOf":{"@id":"https:\/\/www.cidademarketing.com.br\/marketing\/2024\/04\/02\/universal-music-brasil-marca-presenca-na-15a-edicao-do-vtex-day\/"},"author":{"name":"Thales Brand\u00e3o","@id":"https:\/\/www.cidademarketing.com.br\/marketing\/#\/schema\/person\/02daff9f18bd9378c9e01eb6b2db155f"},"headline":"Universal Music Brasil marca presen\u00e7a na 15\u00aa edi\u00e7\u00e3o do VTEX Day","datePublished":"2024-04-02T10:50:49+00:00","dateModified":"2024-04-02T10:52:34+00:00","mainEntityOfPage":{"@id":"https:\/\/www.cidademarketing.com.br\/marketing\/2024\/04\/02\/universal-music-brasil-marca-presenca-na-15a-edicao-do-vtex-day\/"},"wordCount":203,"commentCount":0,"publisher":{"@id":"https:\/\/www.cidademarketing.com.br\/marketing\/#organization"},"image":{"@id":"https:\/\/www.cidademarketing.com.br\/marketing\/2024\/04\/02\/universal-music-brasil-marca-presenca-na-15a-edicao-do-vtex-day\/#primaryimage"},"thumbnailUrl":"https:\/\/www.cidademarketing.com.br\/marketing\/wp-content\/uploads\/2024\/04\/universal_music_vtex_day.webp","keywords":["campanha","estrat\u00e9gia","inova\u00e7\u00e3o","marketing","m\u00fasica","tecnologia","Universal Music Brasil","VTEX Day"],"articleSection":["Eventos"],"inLanguage":"pt-BR","potentialAction":[{"@type":"CommentAction","name":"Comment","target":["https:\/\/www.cidademarketing.com.br\/marketing\/2024\/04\/02\/universal-music-brasil-marca-presenca-na-15a-edicao-do-vtex-day\/#respond"]}]},{"@type":"WebPage","@id":"https:\/\/www.cidademarketing.com.br\/marketing\/2024\/04\/02\/universal-music-brasil-marca-presenca-na-15a-edicao-do-vtex-day\/","url":"https:\/\/www.cidademarketing.com.br\/marketing\/2024\/04\/02\/universal-music-brasil-marca-presenca-na-15a-edicao-do-vtex-day\/","name":"Universal Music Brasil marca presen\u00e7a na 15\u00aa edi\u00e7\u00e3o do VTEX Day - CidadeMarketing","isPartOf":{"@id":"https:\/\/www.cidademarketing.com.br\/marketing\/#website"},"primaryImageOfPage":{"@id":"https:\/\/www.cidademarketing.com.br\/marketing\/2024\/04\/02\/universal-music-brasil-marca-presenca-na-15a-edicao-do-vtex-day\/#primaryimage"},"image":{"@id":"https:\/\/www.cidademarketing.com.br\/marketing\/2024\/04\/02\/universal-music-brasil-marca-presenca-na-15a-edicao-do-vtex-day\/#primaryimage"},"thumbnailUrl":"https:\/\/www.cidademarketing.com.br\/marketing\/wp-content\/uploads\/2024\/04\/universal_music_vtex_day.webp","datePublished":"2024-04-02T10:50:49+00:00","dateModified":"2024-04-02T10:52:34+00:00","breadcrumb":{"@id":"https:\/\/www.cidademarketing.com.br\/marketing\/2024\/04\/02\/universal-music-brasil-marca-presenca-na-15a-edicao-do-vtex-day\/#breadcrumb"},"inLanguage":"pt-BR","potentialAction":[{"@type":"ReadAction","target":["https:\/\/www.cidademarketing.com.br\/marketing\/2024\/04\/02\/universal-music-brasil-marca-presenca-na-15a-edicao-do-vtex-day\/"]}]},{"@type":"ImageObject","inLanguage":"pt-BR","@id":"https:\/\/www.cidademarketing.com.br\/marketing\/2024\/04\/02\/universal-music-brasil-marca-presenca-na-15a-edicao-do-vtex-day\/#primaryimage","url":"https:\/\/www.cidademarketing.com.br\/marketing\/wp-content\/uploads\/2024\/04\/universal_music_vtex_day.webp","contentUrl":"https:\/\/www.cidademarketing.com.br\/marketing\/wp-content\/uploads\/2024\/04\/universal_music_vtex_day.webp","width":1135,"height":605,"caption":"Divulga\u00e7\u00e3o"},{"@type":"BreadcrumbList","@id":"https:\/\/www.cidademarketing.com.br\/marketing\/2024\/04\/02\/universal-music-brasil-marca-presenca-na-15a-edicao-do-vtex-day\/#breadcrumb","itemListElement":[{"@type":"ListItem","position":1,"name":"In\u00edcio","item":"https:\/\/www.cidademarketing.com.br\/marketing\/"},{"@type":"ListItem","position":2,"name":"Universal Music Brasil marca presen\u00e7a na 15\u00aa edi\u00e7\u00e3o do VTEX Day"}]},{"@type":"WebSite","@id":"https:\/\/www.cidademarketing.com.br\/marketing\/#website","url":"https:\/\/www.cidademarketing.com.br\/marketing\/","name":"CidadeMarketing","description":"Somos um ve\u00edculo de comunica\u00e7\u00e3o de destaque no Brasil, reconhecido por conte\u00fados nos segmentos de marketing, empreendedorismo e inova\u00e7\u00e3o.","publisher":{"@id":"https:\/\/www.cidademarketing.com.br\/marketing\/#organization"},"alternateName":"CidadeMarketing","potentialAction":[{"@type":"SearchAction","target":{"@type":"EntryPoint","urlTemplate":"https:\/\/www.cidademarketing.com.br\/marketing\/?s={search_term_string}"},"query-input":{"@type":"PropertyValueSpecification","valueRequired":true,"valueName":"search_term_string"}}],"inLanguage":"pt-BR"},{"@type":"Organization","@id":"https:\/\/www.cidademarketing.com.br\/marketing\/#organization","name":"CidadeMarketing","alternateName":"CidadeMarketing","url":"https:\/\/www.cidademarketing.com.br\/marketing\/","logo":{"@type":"ImageObject","inLanguage":"pt-BR","@id":"https:\/\/www.cidademarketing.com.br\/marketing\/#\/schema\/logo\/image\/","url":"https:\/\/www.cidademarketing.com.br\/marketing\/wp-content\/uploads\/2020\/01\/cidademarketing_marca_mobile.png","contentUrl":"https:\/\/www.cidademarketing.com.br\/marketing\/wp-content\/uploads\/2020\/01\/cidademarketing_marca_mobile.png","width":230,"height":92,"caption":"CidadeMarketing"},"image":{"@id":"https:\/\/www.cidademarketing.com.br\/marketing\/#\/schema\/logo\/image\/"},"sameAs":["https:\/\/www.facebook.com\/portalcidademarketing","https:\/\/x.com\/CidadeMarketing","https:\/\/www.instagram.com\/cidademarketing\/"]},{"@type":"Person","@id":"https:\/\/www.cidademarketing.com.br\/marketing\/#\/schema\/person\/02daff9f18bd9378c9e01eb6b2db155f","name":"Thales Brand\u00e3o","image":{"@type":"ImageObject","inLanguage":"pt-BR","@id":"https:\/\/secure.gravatar.com\/avatar\/7ca3206950207cc3cb48feec56a8a7898741ab725c368d99d5d7a5a50aab80c6?s=96&d=mm&r=g","url":"https:\/\/secure.gravatar.com\/avatar\/7ca3206950207cc3cb48feec56a8a7898741ab725c368d99d5d7a5a50aab80c6?s=96&d=mm&r=g","contentUrl":"https:\/\/secure.gravatar.com\/avatar\/7ca3206950207cc3cb48feec56a8a7898741ab725c368d99d5d7a5a50aab80c6?s=96&d=mm&r=g","caption":"Thales Brand\u00e3o"},"description":"Editor Executivo do Portal CidadeMarketing.com.br &gt; Mestre em Comunica\u00e7\u00e3o e Sociedade pela Universidade Federal de Sergipe. Possui MBA Executivo em Administra\u00e7\u00e3o com \u00eanfase em Marketing pela Funda\u00e7\u00e3o Get\u00falio Vargas - Rio de Janeiro. Consultor, Palestrante e Pesquisador sobre Empreendedorismo, Marketing, Redes Sociais e Neg\u00f3cios Digitais. Professor, Palestrante TedxTalks e Campus Party. Twitter: @ThalesBrandao","sameAs":["http:\/\/www.mandacaru.com.br","https:\/\/www.facebook.com\/thalesbrandao","http:\/\/www.instagram.com.br\/thalesbrandaoferreira","https:\/\/www.linkedin.com\/in\/thales-brand\u00e3o-3948609\/","https:\/\/x.com\/http:\/\/www.twitter.com\/thalesbrandao"],"url":"https:\/\/www.cidademarketing.com.br\/marketing\/author\/thalesbrandao\/"}]}},"amp_enabled":true,"_links":{"self":[{"href":"https:\/\/www.cidademarketing.com.br\/marketing\/wp-json\/wp\/v2\/posts\/50583","targetHints":{"allow":["GET"]}}],"collection":[{"href":"https:\/\/www.cidademarketing.com.br\/marketing\/wp-json\/wp\/v2\/posts"}],"about":[{"href":"https:\/\/www.cidademarketing.com.br\/marketing\/wp-json\/wp\/v2\/types\/post"}],"author":[{"embeddable":true,"href":"https:\/\/www.cidademarketing.com.br\/marketing\/wp-json\/wp\/v2\/users\/1"}],"replies":[{"embeddable":true,"href":"https:\/\/www.cidademarketing.com.br\/marketing\/wp-json\/wp\/v2\/comments?post=50583"}],"version-history":[{"count":1,"href":"https:\/\/www.cidademarketing.com.br\/marketing\/wp-json\/wp\/v2\/posts\/50583\/revisions"}],"predecessor-version":[{"id":50584,"href":"https:\/\/www.cidademarketing.com.br\/marketing\/wp-json\/wp\/v2\/posts\/50583\/revisions\/50584"}],"wp:featuredmedia":[{"embeddable":true,"href":"https:\/\/www.cidademarketing.com.br\/marketing\/wp-json\/wp\/v2\/media\/50585"}],"wp:attachment":[{"href":"https:\/\/www.cidademarketing.com.br\/marketing\/wp-json\/wp\/v2\/media?parent=50583"}],"wp:term":[{"taxonomy":"category","embeddable":true,"href":"https:\/\/www.cidademarketing.com.br\/marketing\/wp-json\/wp\/v2\/categories?post=50583"},{"taxonomy":"post_tag","embeddable":true,"href":"https:\/\/www.cidademarketing.com.br\/marketing\/wp-json\/wp\/v2\/tags?post=50583"}],"curies":[{"name":"wp","href":"https:\/\/api.w.org\/{rel}","templated":true}]}}