{"id":50526,"date":"2024-03-27T10:22:11","date_gmt":"2024-03-27T13:22:11","guid":{"rendered":"https:\/\/www.cidademarketing.com.br\/marketing\/?p=50526"},"modified":"2024-03-27T10:22:11","modified_gmt":"2024-03-27T13:22:11","slug":"museu-da-imagem-e-do-som-em-parceria-com-a-sony-pictures-apresenta-exposicao-gratuita-40-anos-de-ghostbusters","status":"publish","type":"post","link":"https:\/\/www.cidademarketing.com.br\/marketing\/2024\/03\/27\/museu-da-imagem-e-do-som-em-parceria-com-a-sony-pictures-apresenta-exposicao-gratuita-40-anos-de-ghostbusters\/","title":{"rendered":"Museu da Imagem e do Som, em parceria com a Sony Pictures, apresenta exposi\u00e7\u00e3o gratuita \u201c40 anos de Ghostbusters\u201d"},"content":{"rendered":"<p>Celebre os 40 anos de Ghostbusters em uma experi\u00eancia imersiva \u00fanica! O MIS (Museu da Imagem e do Som), em parceria com a Sony Pictures, traz uma exposi\u00e7\u00e3o incr\u00edvel que recria locais ic\u00f4nicos dos filmes e apresenta itens originais usados nas grava\u00e7\u00f5es da franquia. Com ingressos gratuitos, a exposi\u00e7\u00e3o estar\u00e1 aberta ao p\u00fablico de 4 de abril a 5 de maio, oferecendo uma oportunidade imperd\u00edvel para os f\u00e3s mergulharem no universo dos ca\u00e7a-fantasmas antes da estreia do novo filme, \u201cGhostbusters: Apocalipse de Gelo\u201d, nos cinemas.<\/p>\n<p>Explore o quartel de bombeiros, a sede dos Ghostbusters e a porta dos elevadores do Sedgwick Hotel, enquanto admira os uniformes e as mochilas de pr\u00f3tons usados \u200b\u200bpelos personagens. Al\u00e9m disso, voc\u00ea ter\u00e1 a chance de interagir com os fantasmas mais famosos do cinema, como Geleia, Vigo e Os Mini Monstros de Marshmallow, que estar\u00e3o presentes para garantir boas fotos em espa\u00e7os instagram\u00e1veis.<\/p>\n<p><iframe title=\"Spotify Embed: Podcast CidadeMarketing\" style=\"border-radius: 12px\" width=\"100%\" height=\"152\" frameborder=\"0\" allowfullscreen allow=\"autoplay; clipboard-write; encrypted-media; fullscreen; picture-in-picture\" loading=\"lazy\" src=\"https:\/\/open.spotify.com\/embed\/show\/4khMKzP3FgFRWVwb73xicc?si=252fe5bff2b34909&#038;utm_source=oembed\"><\/iframe><\/p>\n<p>A exposi\u00e7\u00e3o, criada pela Case L\u00fadico, \u00e9 uma homenagem ao legado de Ghostbusters e prepara o terreno para o lan\u00e7amento de \u201cGhostbusters: Apocalipse de Gelo\u201d, que promete trazer de volta o elenco original em uma nova aventura para enfrentar o terr\u00edvel fantasma Garraka. N\u00e3o perca a oportunidade de conferir de perto essa nova amea\u00e7a e reviver momentos nost\u00e1lgicos da franquia.<\/p>\n<p>E para encerrar com chave de ouro, em 5 de maio, o Cine Kids do MIS exibir\u00e1 o filme cl\u00e1ssico de 1984, proporcionando uma experi\u00eancia cinematogr\u00e1fica \u00fanica para toda a fam\u00edlia. Anote na agenda e n\u00e3o deixe de participar desta celebra\u00e7\u00e3o dos 40 anos de Ghostbusters!<\/p>\n<p>Servi\u00e7o:<br \/>\nExposi\u00e7\u00e3o \u201c40 anos de Ghostbusters\u201d<br \/>\nLocal: Foyer t\u00e9rreo do MIS (av. Europa, 158, S\u00e3o Paulo)<br \/>\nData: de 4 de abril a 5 de maio de 2024<br \/>\nHor\u00e1rio: ter\u00e7as a sextas, das 10h \u00e0s 19h; s\u00e1bados, das 10h \u00e0s 20h; domingos e feriados, das 10h \u00e0s 18h<br \/>\nIngresso: Gratuito<br \/>\nClassifica\u00e7\u00e3o indicativa: livre<\/p>\n","protected":false},"excerpt":{"rendered":"<p>Celebre os 40 anos de Ghostbusters em uma experi\u00eancia imersiva \u00fanica! O MIS (Museu da Imagem e do Som), em parceria com a Sony Pictures, traz uma exposi\u00e7\u00e3o incr\u00edvel que recria locais ic\u00f4nicos dos filmes e apresenta itens originais usados nas grava\u00e7\u00f5es da franquia. Com ingressos gratuitos, a exposi\u00e7\u00e3o estar\u00e1 aberta ao p\u00fablico de 4 [&hellip;]<\/p>\n","protected":false},"author":1,"featured_media":50527,"comment_status":"open","ping_status":"open","sticky":false,"template":"","format":"standard","meta":{"tdm_status":"","tdm_grid_status":"","footnotes":""},"categories":[6],"tags":[2397,5298,836,6825,28,6802,6826],"class_list":["post-50526","post","type-post","status-publish","format-standard","has-post-thumbnail","hentry","category-noticias","tag-arte","tag-exposicao","tag-filme","tag-ghostbusters","tag-marketing","tag-mis","tag-museu-da-imagem-e-do-som"],"yoast_head":"<!-- This site is optimized with the Yoast SEO plugin v27.5 - https:\/\/yoast.com\/product\/yoast-seo-wordpress\/ -->\n<title>Museu da Imagem e do Som, em parceria com a Sony Pictures, apresenta exposi\u00e7\u00e3o gratuita \u201c40 anos de Ghostbusters\u201d - CidadeMarketing<\/title>\n<meta name=\"robots\" content=\"index, follow, max-snippet:-1, max-image-preview:large, max-video-preview:-1\" \/>\n<link rel=\"canonical\" href=\"https:\/\/www.cidademarketing.com.br\/marketing\/2024\/03\/27\/museu-da-imagem-e-do-som-em-parceria-com-a-sony-pictures-apresenta-exposicao-gratuita-40-anos-de-ghostbusters\/\" \/>\n<meta property=\"og:locale\" content=\"pt_BR\" \/>\n<meta property=\"og:type\" content=\"article\" \/>\n<meta property=\"og:title\" content=\"Museu da Imagem e do Som, em parceria com a Sony Pictures, apresenta exposi\u00e7\u00e3o gratuita \u201c40 anos de Ghostbusters\u201d - CidadeMarketing\" \/>\n<meta property=\"og:description\" content=\"Celebre os 40 anos de Ghostbusters em uma experi\u00eancia imersiva \u00fanica! O MIS (Museu da Imagem e do Som), em parceria com a Sony Pictures, traz uma exposi\u00e7\u00e3o incr\u00edvel que recria locais ic\u00f4nicos dos filmes e apresenta itens originais usados nas grava\u00e7\u00f5es da franquia. Com ingressos gratuitos, a exposi\u00e7\u00e3o estar\u00e1 aberta ao p\u00fablico de 4 [&hellip;]\" \/>\n<meta property=\"og:url\" content=\"https:\/\/www.cidademarketing.com.br\/marketing\/2024\/03\/27\/museu-da-imagem-e-do-som-em-parceria-com-a-sony-pictures-apresenta-exposicao-gratuita-40-anos-de-ghostbusters\/\" \/>\n<meta property=\"og:site_name\" content=\"CidadeMarketing\" \/>\n<meta property=\"article:publisher\" content=\"https:\/\/www.facebook.com\/portalcidademarketing\" \/>\n<meta property=\"article:author\" content=\"https:\/\/www.facebook.com\/thalesbrandao\" \/>\n<meta property=\"article:published_time\" content=\"2024-03-27T13:22:11+00:00\" \/>\n<meta property=\"og:image\" content=\"https:\/\/www.cidademarketing.com.br\/marketing\/wp-content\/uploads\/2024\/03\/mis_ghostbusters.webp\" \/>\n\t<meta property=\"og:image:width\" content=\"1000\" \/>\n\t<meta property=\"og:image:height\" content=\"1000\" \/>\n\t<meta property=\"og:image:type\" content=\"image\/webp\" \/>\n<meta name=\"author\" content=\"Thales Brand\u00e3o\" \/>\n<meta name=\"twitter:card\" content=\"summary_large_image\" \/>\n<meta name=\"twitter:creator\" content=\"@http:\/\/www.twitter.com\/thalesbrandao\" \/>\n<meta name=\"twitter:site\" content=\"@CidadeMarketing\" \/>\n<meta name=\"twitter:label1\" content=\"Escrito por\" \/>\n\t<meta name=\"twitter:data1\" content=\"Thales Brand\u00e3o\" \/>\n\t<meta name=\"twitter:label2\" content=\"Est. tempo de leitura\" \/>\n\t<meta name=\"twitter:data2\" content=\"2 minutos\" \/>\n<script type=\"application\/ld+json\" class=\"yoast-schema-graph\">{\"@context\":\"https:\\\/\\\/schema.org\",\"@graph\":[{\"@type\":\"Article\",\"@id\":\"https:\\\/\\\/www.cidademarketing.com.br\\\/marketing\\\/2024\\\/03\\\/27\\\/museu-da-imagem-e-do-som-em-parceria-com-a-sony-pictures-apresenta-exposicao-gratuita-40-anos-de-ghostbusters\\\/#article\",\"isPartOf\":{\"@id\":\"https:\\\/\\\/www.cidademarketing.com.br\\\/marketing\\\/2024\\\/03\\\/27\\\/museu-da-imagem-e-do-som-em-parceria-com-a-sony-pictures-apresenta-exposicao-gratuita-40-anos-de-ghostbusters\\\/\"},\"author\":{\"name\":\"Thales Brand\u00e3o\",\"@id\":\"https:\\\/\\\/www.cidademarketing.com.br\\\/marketing\\\/#\\\/schema\\\/person\\\/02daff9f18bd9378c9e01eb6b2db155f\"},\"headline\":\"Museu da Imagem e do Som, em parceria com a Sony Pictures, apresenta exposi\u00e7\u00e3o gratuita \u201c40 anos de Ghostbusters\u201d\",\"datePublished\":\"2024-03-27T13:22:11+00:00\",\"mainEntityOfPage\":{\"@id\":\"https:\\\/\\\/www.cidademarketing.com.br\\\/marketing\\\/2024\\\/03\\\/27\\\/museu-da-imagem-e-do-som-em-parceria-com-a-sony-pictures-apresenta-exposicao-gratuita-40-anos-de-ghostbusters\\\/\"},\"wordCount\":363,\"commentCount\":0,\"publisher\":{\"@id\":\"https:\\\/\\\/www.cidademarketing.com.br\\\/marketing\\\/#organization\"},\"image\":{\"@id\":\"https:\\\/\\\/www.cidademarketing.com.br\\\/marketing\\\/2024\\\/03\\\/27\\\/museu-da-imagem-e-do-som-em-parceria-com-a-sony-pictures-apresenta-exposicao-gratuita-40-anos-de-ghostbusters\\\/#primaryimage\"},\"thumbnailUrl\":\"https:\\\/\\\/www.cidademarketing.com.br\\\/marketing\\\/wp-content\\\/uploads\\\/2024\\\/03\\\/mis_ghostbusters.webp\",\"keywords\":[\"arte\",\"exposi\u00e7\u00e3o\",\"filme\",\"Ghostbusters\",\"marketing\",\"MIS\",\"Museu da Imagem e do Som\"],\"articleSection\":[\"Not\u00edcias\"],\"inLanguage\":\"pt-BR\",\"potentialAction\":[{\"@type\":\"CommentAction\",\"name\":\"Comment\",\"target\":[\"https:\\\/\\\/www.cidademarketing.com.br\\\/marketing\\\/2024\\\/03\\\/27\\\/museu-da-imagem-e-do-som-em-parceria-com-a-sony-pictures-apresenta-exposicao-gratuita-40-anos-de-ghostbusters\\\/#respond\"]}]},{\"@type\":\"WebPage\",\"@id\":\"https:\\\/\\\/www.cidademarketing.com.br\\\/marketing\\\/2024\\\/03\\\/27\\\/museu-da-imagem-e-do-som-em-parceria-com-a-sony-pictures-apresenta-exposicao-gratuita-40-anos-de-ghostbusters\\\/\",\"url\":\"https:\\\/\\\/www.cidademarketing.com.br\\\/marketing\\\/2024\\\/03\\\/27\\\/museu-da-imagem-e-do-som-em-parceria-com-a-sony-pictures-apresenta-exposicao-gratuita-40-anos-de-ghostbusters\\\/\",\"name\":\"Museu da Imagem e do Som, em parceria com a Sony Pictures, apresenta exposi\u00e7\u00e3o gratuita \u201c40 anos de Ghostbusters\u201d - CidadeMarketing\",\"isPartOf\":{\"@id\":\"https:\\\/\\\/www.cidademarketing.com.br\\\/marketing\\\/#website\"},\"primaryImageOfPage\":{\"@id\":\"https:\\\/\\\/www.cidademarketing.com.br\\\/marketing\\\/2024\\\/03\\\/27\\\/museu-da-imagem-e-do-som-em-parceria-com-a-sony-pictures-apresenta-exposicao-gratuita-40-anos-de-ghostbusters\\\/#primaryimage\"},\"image\":{\"@id\":\"https:\\\/\\\/www.cidademarketing.com.br\\\/marketing\\\/2024\\\/03\\\/27\\\/museu-da-imagem-e-do-som-em-parceria-com-a-sony-pictures-apresenta-exposicao-gratuita-40-anos-de-ghostbusters\\\/#primaryimage\"},\"thumbnailUrl\":\"https:\\\/\\\/www.cidademarketing.com.br\\\/marketing\\\/wp-content\\\/uploads\\\/2024\\\/03\\\/mis_ghostbusters.webp\",\"datePublished\":\"2024-03-27T13:22:11+00:00\",\"breadcrumb\":{\"@id\":\"https:\\\/\\\/www.cidademarketing.com.br\\\/marketing\\\/2024\\\/03\\\/27\\\/museu-da-imagem-e-do-som-em-parceria-com-a-sony-pictures-apresenta-exposicao-gratuita-40-anos-de-ghostbusters\\\/#breadcrumb\"},\"inLanguage\":\"pt-BR\",\"potentialAction\":[{\"@type\":\"ReadAction\",\"target\":[\"https:\\\/\\\/www.cidademarketing.com.br\\\/marketing\\\/2024\\\/03\\\/27\\\/museu-da-imagem-e-do-som-em-parceria-com-a-sony-pictures-apresenta-exposicao-gratuita-40-anos-de-ghostbusters\\\/\"]}]},{\"@type\":\"ImageObject\",\"inLanguage\":\"pt-BR\",\"@id\":\"https:\\\/\\\/www.cidademarketing.com.br\\\/marketing\\\/2024\\\/03\\\/27\\\/museu-da-imagem-e-do-som-em-parceria-com-a-sony-pictures-apresenta-exposicao-gratuita-40-anos-de-ghostbusters\\\/#primaryimage\",\"url\":\"https:\\\/\\\/www.cidademarketing.com.br\\\/marketing\\\/wp-content\\\/uploads\\\/2024\\\/03\\\/mis_ghostbusters.webp\",\"contentUrl\":\"https:\\\/\\\/www.cidademarketing.com.br\\\/marketing\\\/wp-content\\\/uploads\\\/2024\\\/03\\\/mis_ghostbusters.webp\",\"width\":1000,\"height\":1000},{\"@type\":\"BreadcrumbList\",\"@id\":\"https:\\\/\\\/www.cidademarketing.com.br\\\/marketing\\\/2024\\\/03\\\/27\\\/museu-da-imagem-e-do-som-em-parceria-com-a-sony-pictures-apresenta-exposicao-gratuita-40-anos-de-ghostbusters\\\/#breadcrumb\",\"itemListElement\":[{\"@type\":\"ListItem\",\"position\":1,\"name\":\"In\u00edcio\",\"item\":\"https:\\\/\\\/www.cidademarketing.com.br\\\/marketing\\\/\"},{\"@type\":\"ListItem\",\"position\":2,\"name\":\"Museu da Imagem e do Som, em parceria com a Sony Pictures, apresenta exposi\u00e7\u00e3o gratuita \u201c40 anos de Ghostbusters\u201d\"}]},{\"@type\":\"WebSite\",\"@id\":\"https:\\\/\\\/www.cidademarketing.com.br\\\/marketing\\\/#website\",\"url\":\"https:\\\/\\\/www.cidademarketing.com.br\\\/marketing\\\/\",\"name\":\"CidadeMarketing\",\"description\":\"Somos um ve\u00edculo de comunica\u00e7\u00e3o de destaque no Brasil, reconhecido por conte\u00fados nos segmentos de marketing, empreendedorismo e inova\u00e7\u00e3o.\",\"publisher\":{\"@id\":\"https:\\\/\\\/www.cidademarketing.com.br\\\/marketing\\\/#organization\"},\"alternateName\":\"CidadeMarketing\",\"potentialAction\":[{\"@type\":\"SearchAction\",\"target\":{\"@type\":\"EntryPoint\",\"urlTemplate\":\"https:\\\/\\\/www.cidademarketing.com.br\\\/marketing\\\/?s={search_term_string}\"},\"query-input\":{\"@type\":\"PropertyValueSpecification\",\"valueRequired\":true,\"valueName\":\"search_term_string\"}}],\"inLanguage\":\"pt-BR\"},{\"@type\":\"Organization\",\"@id\":\"https:\\\/\\\/www.cidademarketing.com.br\\\/marketing\\\/#organization\",\"name\":\"CidadeMarketing\",\"alternateName\":\"CidadeMarketing\",\"url\":\"https:\\\/\\\/www.cidademarketing.com.br\\\/marketing\\\/\",\"logo\":{\"@type\":\"ImageObject\",\"inLanguage\":\"pt-BR\",\"@id\":\"https:\\\/\\\/www.cidademarketing.com.br\\\/marketing\\\/#\\\/schema\\\/logo\\\/image\\\/\",\"url\":\"https:\\\/\\\/www.cidademarketing.com.br\\\/marketing\\\/wp-content\\\/uploads\\\/2020\\\/01\\\/cidademarketing_marca_mobile.png\",\"contentUrl\":\"https:\\\/\\\/www.cidademarketing.com.br\\\/marketing\\\/wp-content\\\/uploads\\\/2020\\\/01\\\/cidademarketing_marca_mobile.png\",\"width\":230,\"height\":92,\"caption\":\"CidadeMarketing\"},\"image\":{\"@id\":\"https:\\\/\\\/www.cidademarketing.com.br\\\/marketing\\\/#\\\/schema\\\/logo\\\/image\\\/\"},\"sameAs\":[\"https:\\\/\\\/www.facebook.com\\\/portalcidademarketing\",\"https:\\\/\\\/x.com\\\/CidadeMarketing\",\"https:\\\/\\\/www.instagram.com\\\/cidademarketing\\\/\"]},{\"@type\":\"Person\",\"@id\":\"https:\\\/\\\/www.cidademarketing.com.br\\\/marketing\\\/#\\\/schema\\\/person\\\/02daff9f18bd9378c9e01eb6b2db155f\",\"name\":\"Thales Brand\u00e3o\",\"image\":{\"@type\":\"ImageObject\",\"inLanguage\":\"pt-BR\",\"@id\":\"https:\\\/\\\/secure.gravatar.com\\\/avatar\\\/7ca3206950207cc3cb48feec56a8a7898741ab725c368d99d5d7a5a50aab80c6?s=96&d=mm&r=g\",\"url\":\"https:\\\/\\\/secure.gravatar.com\\\/avatar\\\/7ca3206950207cc3cb48feec56a8a7898741ab725c368d99d5d7a5a50aab80c6?s=96&d=mm&r=g\",\"contentUrl\":\"https:\\\/\\\/secure.gravatar.com\\\/avatar\\\/7ca3206950207cc3cb48feec56a8a7898741ab725c368d99d5d7a5a50aab80c6?s=96&d=mm&r=g\",\"caption\":\"Thales Brand\u00e3o\"},\"description\":\"Editor Executivo do Portal CidadeMarketing.com.br &gt; Mestre em Comunica\u00e7\u00e3o e Sociedade pela Universidade Federal de Sergipe. Possui MBA Executivo em Administra\u00e7\u00e3o com \u00eanfase em Marketing pela Funda\u00e7\u00e3o Get\u00falio Vargas - Rio de Janeiro. Consultor, Palestrante e Pesquisador sobre Empreendedorismo, Marketing, Redes Sociais e Neg\u00f3cios Digitais. Professor, Palestrante TedxTalks e Campus Party. Twitter: @ThalesBrandao\",\"sameAs\":[\"http:\\\/\\\/www.mandacaru.com.br\",\"https:\\\/\\\/www.facebook.com\\\/thalesbrandao\",\"http:\\\/\\\/www.instagram.com.br\\\/thalesbrandaoferreira\",\"https:\\\/\\\/www.linkedin.com\\\/in\\\/thales-brand\u00e3o-3948609\\\/\",\"https:\\\/\\\/x.com\\\/http:\\\/\\\/www.twitter.com\\\/thalesbrandao\"],\"url\":\"https:\\\/\\\/www.cidademarketing.com.br\\\/marketing\\\/author\\\/thalesbrandao\\\/\"}]}<\/script>\n<!-- \/ Yoast SEO plugin. -->","yoast_head_json":{"title":"Museu da Imagem e do Som, em parceria com a Sony Pictures, apresenta exposi\u00e7\u00e3o gratuita \u201c40 anos de Ghostbusters\u201d - CidadeMarketing","robots":{"index":"index","follow":"follow","max-snippet":"max-snippet:-1","max-image-preview":"max-image-preview:large","max-video-preview":"max-video-preview:-1"},"canonical":"https:\/\/www.cidademarketing.com.br\/marketing\/2024\/03\/27\/museu-da-imagem-e-do-som-em-parceria-com-a-sony-pictures-apresenta-exposicao-gratuita-40-anos-de-ghostbusters\/","og_locale":"pt_BR","og_type":"article","og_title":"Museu da Imagem e do Som, em parceria com a Sony Pictures, apresenta exposi\u00e7\u00e3o gratuita \u201c40 anos de Ghostbusters\u201d - CidadeMarketing","og_description":"Celebre os 40 anos de Ghostbusters em uma experi\u00eancia imersiva \u00fanica! O MIS (Museu da Imagem e do Som), em parceria com a Sony Pictures, traz uma exposi\u00e7\u00e3o incr\u00edvel que recria locais ic\u00f4nicos dos filmes e apresenta itens originais usados nas grava\u00e7\u00f5es da franquia. Com ingressos gratuitos, a exposi\u00e7\u00e3o estar\u00e1 aberta ao p\u00fablico de 4 [&hellip;]","og_url":"https:\/\/www.cidademarketing.com.br\/marketing\/2024\/03\/27\/museu-da-imagem-e-do-som-em-parceria-com-a-sony-pictures-apresenta-exposicao-gratuita-40-anos-de-ghostbusters\/","og_site_name":"CidadeMarketing","article_publisher":"https:\/\/www.facebook.com\/portalcidademarketing","article_author":"https:\/\/www.facebook.com\/thalesbrandao","article_published_time":"2024-03-27T13:22:11+00:00","og_image":[{"width":1000,"height":1000,"url":"https:\/\/www.cidademarketing.com.br\/marketing\/wp-content\/uploads\/2024\/03\/mis_ghostbusters.webp","type":"image\/webp"}],"author":"Thales Brand\u00e3o","twitter_card":"summary_large_image","twitter_creator":"@http:\/\/www.twitter.com\/thalesbrandao","twitter_site":"@CidadeMarketing","twitter_misc":{"Escrito por":"Thales Brand\u00e3o","Est. tempo de leitura":"2 minutos"},"schema":{"@context":"https:\/\/schema.org","@graph":[{"@type":"Article","@id":"https:\/\/www.cidademarketing.com.br\/marketing\/2024\/03\/27\/museu-da-imagem-e-do-som-em-parceria-com-a-sony-pictures-apresenta-exposicao-gratuita-40-anos-de-ghostbusters\/#article","isPartOf":{"@id":"https:\/\/www.cidademarketing.com.br\/marketing\/2024\/03\/27\/museu-da-imagem-e-do-som-em-parceria-com-a-sony-pictures-apresenta-exposicao-gratuita-40-anos-de-ghostbusters\/"},"author":{"name":"Thales Brand\u00e3o","@id":"https:\/\/www.cidademarketing.com.br\/marketing\/#\/schema\/person\/02daff9f18bd9378c9e01eb6b2db155f"},"headline":"Museu da Imagem e do Som, em parceria com a Sony Pictures, apresenta exposi\u00e7\u00e3o gratuita \u201c40 anos de Ghostbusters\u201d","datePublished":"2024-03-27T13:22:11+00:00","mainEntityOfPage":{"@id":"https:\/\/www.cidademarketing.com.br\/marketing\/2024\/03\/27\/museu-da-imagem-e-do-som-em-parceria-com-a-sony-pictures-apresenta-exposicao-gratuita-40-anos-de-ghostbusters\/"},"wordCount":363,"commentCount":0,"publisher":{"@id":"https:\/\/www.cidademarketing.com.br\/marketing\/#organization"},"image":{"@id":"https:\/\/www.cidademarketing.com.br\/marketing\/2024\/03\/27\/museu-da-imagem-e-do-som-em-parceria-com-a-sony-pictures-apresenta-exposicao-gratuita-40-anos-de-ghostbusters\/#primaryimage"},"thumbnailUrl":"https:\/\/www.cidademarketing.com.br\/marketing\/wp-content\/uploads\/2024\/03\/mis_ghostbusters.webp","keywords":["arte","exposi\u00e7\u00e3o","filme","Ghostbusters","marketing","MIS","Museu da Imagem e do Som"],"articleSection":["Not\u00edcias"],"inLanguage":"pt-BR","potentialAction":[{"@type":"CommentAction","name":"Comment","target":["https:\/\/www.cidademarketing.com.br\/marketing\/2024\/03\/27\/museu-da-imagem-e-do-som-em-parceria-com-a-sony-pictures-apresenta-exposicao-gratuita-40-anos-de-ghostbusters\/#respond"]}]},{"@type":"WebPage","@id":"https:\/\/www.cidademarketing.com.br\/marketing\/2024\/03\/27\/museu-da-imagem-e-do-som-em-parceria-com-a-sony-pictures-apresenta-exposicao-gratuita-40-anos-de-ghostbusters\/","url":"https:\/\/www.cidademarketing.com.br\/marketing\/2024\/03\/27\/museu-da-imagem-e-do-som-em-parceria-com-a-sony-pictures-apresenta-exposicao-gratuita-40-anos-de-ghostbusters\/","name":"Museu da Imagem e do Som, em parceria com a Sony Pictures, apresenta exposi\u00e7\u00e3o gratuita \u201c40 anos de Ghostbusters\u201d - CidadeMarketing","isPartOf":{"@id":"https:\/\/www.cidademarketing.com.br\/marketing\/#website"},"primaryImageOfPage":{"@id":"https:\/\/www.cidademarketing.com.br\/marketing\/2024\/03\/27\/museu-da-imagem-e-do-som-em-parceria-com-a-sony-pictures-apresenta-exposicao-gratuita-40-anos-de-ghostbusters\/#primaryimage"},"image":{"@id":"https:\/\/www.cidademarketing.com.br\/marketing\/2024\/03\/27\/museu-da-imagem-e-do-som-em-parceria-com-a-sony-pictures-apresenta-exposicao-gratuita-40-anos-de-ghostbusters\/#primaryimage"},"thumbnailUrl":"https:\/\/www.cidademarketing.com.br\/marketing\/wp-content\/uploads\/2024\/03\/mis_ghostbusters.webp","datePublished":"2024-03-27T13:22:11+00:00","breadcrumb":{"@id":"https:\/\/www.cidademarketing.com.br\/marketing\/2024\/03\/27\/museu-da-imagem-e-do-som-em-parceria-com-a-sony-pictures-apresenta-exposicao-gratuita-40-anos-de-ghostbusters\/#breadcrumb"},"inLanguage":"pt-BR","potentialAction":[{"@type":"ReadAction","target":["https:\/\/www.cidademarketing.com.br\/marketing\/2024\/03\/27\/museu-da-imagem-e-do-som-em-parceria-com-a-sony-pictures-apresenta-exposicao-gratuita-40-anos-de-ghostbusters\/"]}]},{"@type":"ImageObject","inLanguage":"pt-BR","@id":"https:\/\/www.cidademarketing.com.br\/marketing\/2024\/03\/27\/museu-da-imagem-e-do-som-em-parceria-com-a-sony-pictures-apresenta-exposicao-gratuita-40-anos-de-ghostbusters\/#primaryimage","url":"https:\/\/www.cidademarketing.com.br\/marketing\/wp-content\/uploads\/2024\/03\/mis_ghostbusters.webp","contentUrl":"https:\/\/www.cidademarketing.com.br\/marketing\/wp-content\/uploads\/2024\/03\/mis_ghostbusters.webp","width":1000,"height":1000},{"@type":"BreadcrumbList","@id":"https:\/\/www.cidademarketing.com.br\/marketing\/2024\/03\/27\/museu-da-imagem-e-do-som-em-parceria-com-a-sony-pictures-apresenta-exposicao-gratuita-40-anos-de-ghostbusters\/#breadcrumb","itemListElement":[{"@type":"ListItem","position":1,"name":"In\u00edcio","item":"https:\/\/www.cidademarketing.com.br\/marketing\/"},{"@type":"ListItem","position":2,"name":"Museu da Imagem e do Som, em parceria com a Sony Pictures, apresenta exposi\u00e7\u00e3o gratuita \u201c40 anos de Ghostbusters\u201d"}]},{"@type":"WebSite","@id":"https:\/\/www.cidademarketing.com.br\/marketing\/#website","url":"https:\/\/www.cidademarketing.com.br\/marketing\/","name":"CidadeMarketing","description":"Somos um ve\u00edculo de comunica\u00e7\u00e3o de destaque no Brasil, reconhecido por conte\u00fados nos segmentos de marketing, empreendedorismo e inova\u00e7\u00e3o.","publisher":{"@id":"https:\/\/www.cidademarketing.com.br\/marketing\/#organization"},"alternateName":"CidadeMarketing","potentialAction":[{"@type":"SearchAction","target":{"@type":"EntryPoint","urlTemplate":"https:\/\/www.cidademarketing.com.br\/marketing\/?s={search_term_string}"},"query-input":{"@type":"PropertyValueSpecification","valueRequired":true,"valueName":"search_term_string"}}],"inLanguage":"pt-BR"},{"@type":"Organization","@id":"https:\/\/www.cidademarketing.com.br\/marketing\/#organization","name":"CidadeMarketing","alternateName":"CidadeMarketing","url":"https:\/\/www.cidademarketing.com.br\/marketing\/","logo":{"@type":"ImageObject","inLanguage":"pt-BR","@id":"https:\/\/www.cidademarketing.com.br\/marketing\/#\/schema\/logo\/image\/","url":"https:\/\/www.cidademarketing.com.br\/marketing\/wp-content\/uploads\/2020\/01\/cidademarketing_marca_mobile.png","contentUrl":"https:\/\/www.cidademarketing.com.br\/marketing\/wp-content\/uploads\/2020\/01\/cidademarketing_marca_mobile.png","width":230,"height":92,"caption":"CidadeMarketing"},"image":{"@id":"https:\/\/www.cidademarketing.com.br\/marketing\/#\/schema\/logo\/image\/"},"sameAs":["https:\/\/www.facebook.com\/portalcidademarketing","https:\/\/x.com\/CidadeMarketing","https:\/\/www.instagram.com\/cidademarketing\/"]},{"@type":"Person","@id":"https:\/\/www.cidademarketing.com.br\/marketing\/#\/schema\/person\/02daff9f18bd9378c9e01eb6b2db155f","name":"Thales Brand\u00e3o","image":{"@type":"ImageObject","inLanguage":"pt-BR","@id":"https:\/\/secure.gravatar.com\/avatar\/7ca3206950207cc3cb48feec56a8a7898741ab725c368d99d5d7a5a50aab80c6?s=96&d=mm&r=g","url":"https:\/\/secure.gravatar.com\/avatar\/7ca3206950207cc3cb48feec56a8a7898741ab725c368d99d5d7a5a50aab80c6?s=96&d=mm&r=g","contentUrl":"https:\/\/secure.gravatar.com\/avatar\/7ca3206950207cc3cb48feec56a8a7898741ab725c368d99d5d7a5a50aab80c6?s=96&d=mm&r=g","caption":"Thales Brand\u00e3o"},"description":"Editor Executivo do Portal CidadeMarketing.com.br &gt; Mestre em Comunica\u00e7\u00e3o e Sociedade pela Universidade Federal de Sergipe. Possui MBA Executivo em Administra\u00e7\u00e3o com \u00eanfase em Marketing pela Funda\u00e7\u00e3o Get\u00falio Vargas - Rio de Janeiro. Consultor, Palestrante e Pesquisador sobre Empreendedorismo, Marketing, Redes Sociais e Neg\u00f3cios Digitais. Professor, Palestrante TedxTalks e Campus Party. Twitter: @ThalesBrandao","sameAs":["http:\/\/www.mandacaru.com.br","https:\/\/www.facebook.com\/thalesbrandao","http:\/\/www.instagram.com.br\/thalesbrandaoferreira","https:\/\/www.linkedin.com\/in\/thales-brand\u00e3o-3948609\/","https:\/\/x.com\/http:\/\/www.twitter.com\/thalesbrandao"],"url":"https:\/\/www.cidademarketing.com.br\/marketing\/author\/thalesbrandao\/"}]}},"amp_enabled":true,"_links":{"self":[{"href":"https:\/\/www.cidademarketing.com.br\/marketing\/wp-json\/wp\/v2\/posts\/50526","targetHints":{"allow":["GET"]}}],"collection":[{"href":"https:\/\/www.cidademarketing.com.br\/marketing\/wp-json\/wp\/v2\/posts"}],"about":[{"href":"https:\/\/www.cidademarketing.com.br\/marketing\/wp-json\/wp\/v2\/types\/post"}],"author":[{"embeddable":true,"href":"https:\/\/www.cidademarketing.com.br\/marketing\/wp-json\/wp\/v2\/users\/1"}],"replies":[{"embeddable":true,"href":"https:\/\/www.cidademarketing.com.br\/marketing\/wp-json\/wp\/v2\/comments?post=50526"}],"version-history":[{"count":1,"href":"https:\/\/www.cidademarketing.com.br\/marketing\/wp-json\/wp\/v2\/posts\/50526\/revisions"}],"predecessor-version":[{"id":50528,"href":"https:\/\/www.cidademarketing.com.br\/marketing\/wp-json\/wp\/v2\/posts\/50526\/revisions\/50528"}],"wp:featuredmedia":[{"embeddable":true,"href":"https:\/\/www.cidademarketing.com.br\/marketing\/wp-json\/wp\/v2\/media\/50527"}],"wp:attachment":[{"href":"https:\/\/www.cidademarketing.com.br\/marketing\/wp-json\/wp\/v2\/media?parent=50526"}],"wp:term":[{"taxonomy":"category","embeddable":true,"href":"https:\/\/www.cidademarketing.com.br\/marketing\/wp-json\/wp\/v2\/categories?post=50526"},{"taxonomy":"post_tag","embeddable":true,"href":"https:\/\/www.cidademarketing.com.br\/marketing\/wp-json\/wp\/v2\/tags?post=50526"}],"curies":[{"name":"wp","href":"https:\/\/api.w.org\/{rel}","templated":true}]}}