{"id":5045,"date":"2019-01-15T23:40:35","date_gmt":"2019-01-16T01:40:35","guid":{"rendered":"http:\/\/www.cidademarketing.com.br\/marketing\/?p=5045"},"modified":"2019-01-15T23:41:19","modified_gmt":"2019-01-16T01:41:19","slug":"o-premio-ozires-silva-de-empreendedorismo-sustentavel-chega-em-sua-12a-edicao-trazendo-solucoes-para-problemas-globais","status":"publish","type":"post","link":"https:\/\/www.cidademarketing.com.br\/marketing\/2019\/01\/15\/o-premio-ozires-silva-de-empreendedorismo-sustentavel-chega-em-sua-12a-edicao-trazendo-solucoes-para-problemas-globais\/","title":{"rendered":"Pr\u00eamio Ozires Silva de Empreendedorismo Sustent\u00e1vel chega em sua 12\u00aa edi\u00e7\u00e3o trazendo solu\u00e7\u00f5es para problemas globais"},"content":{"rendered":"\n<p>Trazer um olhar diferente e uma solu\u00e7\u00e3o para os problemas de sustentabilidade em todo mundo e reconhecer ideias que colaboram para que a sociedade fique atenta a a\u00e7\u00f5es mais conscientes, sustent\u00e1veis e, consequentemente, para que as pessoas vivam em um mundo melhor. Com esse objetivo, o Pr\u00eamio Ozires Silva de Empreendedorismo Sustent\u00e1vel, uma iniciativa do ISAE Escola de Neg\u00f3cios, se consolidou como um dos principais pr\u00eamios do Brasil em seu segmento. Agora, a premia\u00e7\u00e3o acaba de divulgar os finalistas de sua 12\u00aa edi\u00e7\u00e3o, que ter\u00e1 os vencedores conhecidos no dia 13 de fevereiro, em uma cerim\u00f4nia na cidade de Curitiba. <\/p>\n\n\n\n<p>Desde a primeira edi\u00e7\u00e3o do pr\u00eamio, o Pr\u00eamio Ozires Silva de Empreendedorismo Sustent\u00e1vel j\u00e1 contou com quase mil projetos inscritos, oriundos de todos os cantos do Brasil. No total, foram distribu\u00eddos 150 pr\u00eamios. A premia\u00e7\u00e3o \u00e9 dividida em tr\u00eas categorias (Empreendedorismo social, Empreendedorismo ambiental, Empreendedorismo econ\u00f4mico e Empreendedorismo educacional) subdivididas em tr\u00eas diferentes modalidades: Empresa (pequeno, m\u00e9dio, grande porte), Estudante e Pessoa F\u00edsica. <\/p>\n\n\n\n<p>Todos os projetos inscritos na 12\u00aa edi\u00e7\u00e3o do Pr\u00eamio Ozires Silva de Empreendedorismo Sustent\u00e1vel foram analisados por membros da comiss\u00e3o julgadora, e 40 deles (10 em cada categoria) foram selecionados para a \u00faltima etapa da premia\u00e7\u00e3o. Agora, nos dias 30 e 31 de janeiro, os finalistas ter\u00e3o a oportunidade de exibir os seus projetos nos Grupos de Trabalho, al\u00e9m de detalh\u00e1-los para uma banca avaliadora especializada. <\/p>\n\n\n\n<p>Confira a lista de finalistas: <\/p>\n\n\n\n<p>Empreendedorismo social: Corrente do Bem; Fala Curitiba &#8211; Consulta P\u00fablica Municipal; Helper: proposta de aplicativo para facilitar o trabalho volunt\u00e1rio entre universit\u00e1rios; Horticultura org\u00e2nica em comunidades socialmente vulner\u00e1veis; Parma; Programa Viver Bem na Escola; Projeto Siita \u2013 Sistema de Intelig\u00eancia Integradora de Tecnologias Assistivas; Ra\u00edzes e Asas; Rede Brotar &#8211; Conectando atores do litoral Norte de S\u00e3o Paulo para o fortalecimento da economia local com sustentabilidade; e Specialisterne &#8211; forma\u00e7\u00e3o e inclus\u00e3o profissional para pessoas com autismo. <\/p>\n\n\n\n<p>Empreendedorismo educacional: Consumo de \u00c1gua nas Comunidades Ribeirinhas da Reserva Piaga\u00e7u; Cooperativa Mirim; Empreendescola &#8211; Formando L\u00edderes do Futuro; Linhas do Conhecimento; Processo de M\u00faltiplas Aprendizagens para a Inova\u00e7\u00e3o de Significado [Mais]; Programa Atitude Ambiental \u00c1reas Protegidas \u2013 Vale; Programa Educa\u00e7\u00e3o Financeira &#8211; O Valor do Amanh\u00e3; Projeto Conciliare; Projeto Di\u00e1logo de Saberes: uma interlocu\u00e7\u00e3o entre a ci\u00eancia e comunidades socialmente vulner\u00e1veis; Projeto Emancipa; e Projeto Farol do Saber e Inova\u00e7\u00e3o: Espa\u00e7o Sustent\u00e1vel de Criatividade e Tecnologia. <\/p>\n\n\n\n<p>Empreendedorismo ambiental: Arranjo t\u00e9cnico e comercial de gera\u00e7\u00e3o distribu\u00edda de energia el\u00e9trica a partir do biog\u00e1s de biomassa residual da suinocultura em propriedades rurais no Munic\u00edpio de Entre Rios (PR); Eco\u00e1cido &#8211; Processo Ecol\u00f3gico de Reciclagem de Solu\u00e7\u00f5es \u00c1cidas Residuais e Obten\u00e7\u00e3o  de \u00c1cido Sulf\u00farico Reciclado, Gesso Agr\u00edcola e Sulfato de Alum\u00ednio; Horta Terapia; Jardins Filtrantes Flutuantes; Metodologia Senai de Sustentabilidade Ambiental e Econ\u00f4mica para Micro e Pequenas Empresas do Distrito Federal; Motir\u00f4; Programa de Reciclagem de Cart\u00f5es; Projeto Reciclar &#8211; Menos Lixo, Mais Seguran\u00e7a Alimentar; Projeto Sanear; Ra\u00e7\u00e3o Susten \u2013 Produ\u00e7\u00e3o de ra\u00e7\u00f5es ecol\u00f3gicas para c\u00e3es e gatos com restos de camar\u00f5es da ind\u00fastria pesqueira. <\/p>\n\n\n\n<p>Empreendedorismo econ\u00f4mico:  Agentes de Transforma\u00e7\u00e3o: Empresas Conscientes e Respons\u00e1veis; Bazar da Amizade: Empreendedorismo Econ\u00f4mico e Sustentabilidade; Brasil ao Cubo; Plano de Desenvolvimento Tur\u00edstico de Antonina (PR); Rogerio Expedito Restelli; Uso de ferramentas matem\u00e1ticas para optimiza\u00e7\u00e3o de gastos p\u00fablicos estaduais; Vaact: um novo conceito de turbina hidrocin\u00e9tica; Voe Aceleradora de Neg\u00f3cios; e Worktiba &#8211; Coworking P\u00fablico Municipal. <\/p>\n\n\n\n<p>Os grandes vencedores da 12\u00aa edi\u00e7\u00e3o do Pr\u00eamio Ozires Silva de Empreendedorismo Sustent\u00e1vel ser\u00e3o conhecidos no dia 13 de fevereiro, em uma cerim\u00f4nia especial que ser\u00e1 realizada na cidade de Curitiba com a presen\u00e7a do patrono da premia\u00e7\u00e3o, Ozires Silva. Para conhecer todos os detalhes sobre o pr\u00eamio, acesse o site <a href=\"http:\/\/www.isaebrasil.com.br\/premio\" target=\"_blank\" rel=\"noreferrer noopener\" aria-label=\"www.isaebrasil.com.br\/premio (abre em uma nova aba)\">www.isaebrasil.com.br\/premio<\/a>. <\/p>\n","protected":false},"excerpt":{"rendered":"<p>Trazer um olhar diferente e uma solu\u00e7\u00e3o para os problemas de sustentabilidade em todo mundo e reconhecer ideias que colaboram para que a sociedade fique atenta a a\u00e7\u00f5es mais conscientes, sustent\u00e1veis e, consequentemente, para que as pessoas vivam em um mundo melhor. Com esse objetivo, o Pr\u00eamio Ozires Silva de Empreendedorismo Sustent\u00e1vel, uma iniciativa do [&hellip;]<\/p>\n","protected":false},"author":1,"featured_media":2265,"comment_status":"open","ping_status":"open","sticky":false,"template":"","format":"standard","meta":{"tdm_status":"","tdm_grid_status":"","footnotes":""},"categories":[6],"tags":[177,1156],"class_list":["post-5045","post","type-post","status-publish","format-standard","has-post-thumbnail","hentry","category-noticias","tag-marketing-social","tag-ozires-silva"],"yoast_head":"<!-- This site is optimized with the Yoast SEO plugin v27.5 - https:\/\/yoast.com\/product\/yoast-seo-wordpress\/ -->\n<title>Pr\u00eamio Ozires Silva de Empreendedorismo Sustent\u00e1vel chega em sua 12\u00aa edi\u00e7\u00e3o trazendo solu\u00e7\u00f5es para problemas globais - CidadeMarketing<\/title>\n<meta name=\"robots\" content=\"index, follow, max-snippet:-1, max-image-preview:large, max-video-preview:-1\" \/>\n<link rel=\"canonical\" href=\"https:\/\/www.cidademarketing.com.br\/marketing\/2019\/01\/15\/o-premio-ozires-silva-de-empreendedorismo-sustentavel-chega-em-sua-12a-edicao-trazendo-solucoes-para-problemas-globais\/\" \/>\n<meta property=\"og:locale\" content=\"pt_BR\" \/>\n<meta property=\"og:type\" content=\"article\" \/>\n<meta property=\"og:title\" content=\"Pr\u00eamio Ozires Silva de Empreendedorismo Sustent\u00e1vel chega em sua 12\u00aa edi\u00e7\u00e3o trazendo solu\u00e7\u00f5es para problemas globais - CidadeMarketing\" \/>\n<meta property=\"og:description\" content=\"Trazer um olhar diferente e uma solu\u00e7\u00e3o para os problemas de sustentabilidade em todo mundo e reconhecer ideias que colaboram para que a sociedade fique atenta a a\u00e7\u00f5es mais conscientes, sustent\u00e1veis e, consequentemente, para que as pessoas vivam em um mundo melhor. Com esse objetivo, o Pr\u00eamio Ozires Silva de Empreendedorismo Sustent\u00e1vel, uma iniciativa do [&hellip;]\" \/>\n<meta property=\"og:url\" content=\"https:\/\/www.cidademarketing.com.br\/marketing\/2019\/01\/15\/o-premio-ozires-silva-de-empreendedorismo-sustentavel-chega-em-sua-12a-edicao-trazendo-solucoes-para-problemas-globais\/\" \/>\n<meta property=\"og:site_name\" content=\"CidadeMarketing\" \/>\n<meta property=\"article:publisher\" content=\"https:\/\/www.facebook.com\/portalcidademarketing\" \/>\n<meta property=\"article:author\" content=\"https:\/\/www.facebook.com\/thalesbrandao\" \/>\n<meta property=\"article:published_time\" content=\"2019-01-16T01:40:35+00:00\" \/>\n<meta property=\"article:modified_time\" content=\"2019-01-16T01:41:19+00:00\" \/>\n<meta property=\"og:image\" content=\"https:\/\/www.cidademarketing.com.br\/marketing\/wp-content\/uploads\/2018\/09\/ozires_silva-1.jpg\" \/>\n\t<meta property=\"og:image:width\" content=\"1024\" \/>\n\t<meta property=\"og:image:height\" content=\"594\" \/>\n\t<meta property=\"og:image:type\" content=\"image\/jpeg\" \/>\n<meta name=\"author\" content=\"Thales Brand\u00e3o\" \/>\n<meta name=\"twitter:card\" content=\"summary_large_image\" \/>\n<meta name=\"twitter:creator\" content=\"@http:\/\/www.twitter.com\/thalesbrandao\" \/>\n<meta name=\"twitter:site\" content=\"@CidadeMarketing\" \/>\n<meta name=\"twitter:label1\" content=\"Escrito por\" \/>\n\t<meta name=\"twitter:data1\" content=\"Thales Brand\u00e3o\" \/>\n\t<meta name=\"twitter:label2\" content=\"Est. tempo de leitura\" \/>\n\t<meta name=\"twitter:data2\" content=\"3 minutos\" \/>\n<script type=\"application\/ld+json\" class=\"yoast-schema-graph\">{\"@context\":\"https:\\\/\\\/schema.org\",\"@graph\":[{\"@type\":\"Article\",\"@id\":\"https:\\\/\\\/www.cidademarketing.com.br\\\/marketing\\\/2019\\\/01\\\/15\\\/o-premio-ozires-silva-de-empreendedorismo-sustentavel-chega-em-sua-12a-edicao-trazendo-solucoes-para-problemas-globais\\\/#article\",\"isPartOf\":{\"@id\":\"https:\\\/\\\/www.cidademarketing.com.br\\\/marketing\\\/2019\\\/01\\\/15\\\/o-premio-ozires-silva-de-empreendedorismo-sustentavel-chega-em-sua-12a-edicao-trazendo-solucoes-para-problemas-globais\\\/\"},\"author\":{\"name\":\"Thales Brand\u00e3o\",\"@id\":\"https:\\\/\\\/www.cidademarketing.com.br\\\/marketing\\\/#\\\/schema\\\/person\\\/02daff9f18bd9378c9e01eb6b2db155f\"},\"headline\":\"Pr\u00eamio Ozires Silva de Empreendedorismo Sustent\u00e1vel chega em sua 12\u00aa edi\u00e7\u00e3o trazendo solu\u00e7\u00f5es para problemas globais\",\"datePublished\":\"2019-01-16T01:40:35+00:00\",\"dateModified\":\"2019-01-16T01:41:19+00:00\",\"mainEntityOfPage\":{\"@id\":\"https:\\\/\\\/www.cidademarketing.com.br\\\/marketing\\\/2019\\\/01\\\/15\\\/o-premio-ozires-silva-de-empreendedorismo-sustentavel-chega-em-sua-12a-edicao-trazendo-solucoes-para-problemas-globais\\\/\"},\"wordCount\":705,\"commentCount\":0,\"publisher\":{\"@id\":\"https:\\\/\\\/www.cidademarketing.com.br\\\/marketing\\\/#organization\"},\"image\":{\"@id\":\"https:\\\/\\\/www.cidademarketing.com.br\\\/marketing\\\/2019\\\/01\\\/15\\\/o-premio-ozires-silva-de-empreendedorismo-sustentavel-chega-em-sua-12a-edicao-trazendo-solucoes-para-problemas-globais\\\/#primaryimage\"},\"thumbnailUrl\":\"https:\\\/\\\/www.cidademarketing.com.br\\\/marketing\\\/wp-content\\\/uploads\\\/2018\\\/09\\\/ozires_silva-1.jpg\",\"keywords\":[\"marketing social\",\"Ozires Silva\"],\"articleSection\":[\"Not\u00edcias\"],\"inLanguage\":\"pt-BR\",\"potentialAction\":[{\"@type\":\"CommentAction\",\"name\":\"Comment\",\"target\":[\"https:\\\/\\\/www.cidademarketing.com.br\\\/marketing\\\/2019\\\/01\\\/15\\\/o-premio-ozires-silva-de-empreendedorismo-sustentavel-chega-em-sua-12a-edicao-trazendo-solucoes-para-problemas-globais\\\/#respond\"]}]},{\"@type\":\"WebPage\",\"@id\":\"https:\\\/\\\/www.cidademarketing.com.br\\\/marketing\\\/2019\\\/01\\\/15\\\/o-premio-ozires-silva-de-empreendedorismo-sustentavel-chega-em-sua-12a-edicao-trazendo-solucoes-para-problemas-globais\\\/\",\"url\":\"https:\\\/\\\/www.cidademarketing.com.br\\\/marketing\\\/2019\\\/01\\\/15\\\/o-premio-ozires-silva-de-empreendedorismo-sustentavel-chega-em-sua-12a-edicao-trazendo-solucoes-para-problemas-globais\\\/\",\"name\":\"Pr\u00eamio Ozires Silva de Empreendedorismo Sustent\u00e1vel chega em sua 12\u00aa edi\u00e7\u00e3o trazendo solu\u00e7\u00f5es para problemas globais - CidadeMarketing\",\"isPartOf\":{\"@id\":\"https:\\\/\\\/www.cidademarketing.com.br\\\/marketing\\\/#website\"},\"primaryImageOfPage\":{\"@id\":\"https:\\\/\\\/www.cidademarketing.com.br\\\/marketing\\\/2019\\\/01\\\/15\\\/o-premio-ozires-silva-de-empreendedorismo-sustentavel-chega-em-sua-12a-edicao-trazendo-solucoes-para-problemas-globais\\\/#primaryimage\"},\"image\":{\"@id\":\"https:\\\/\\\/www.cidademarketing.com.br\\\/marketing\\\/2019\\\/01\\\/15\\\/o-premio-ozires-silva-de-empreendedorismo-sustentavel-chega-em-sua-12a-edicao-trazendo-solucoes-para-problemas-globais\\\/#primaryimage\"},\"thumbnailUrl\":\"https:\\\/\\\/www.cidademarketing.com.br\\\/marketing\\\/wp-content\\\/uploads\\\/2018\\\/09\\\/ozires_silva-1.jpg\",\"datePublished\":\"2019-01-16T01:40:35+00:00\",\"dateModified\":\"2019-01-16T01:41:19+00:00\",\"breadcrumb\":{\"@id\":\"https:\\\/\\\/www.cidademarketing.com.br\\\/marketing\\\/2019\\\/01\\\/15\\\/o-premio-ozires-silva-de-empreendedorismo-sustentavel-chega-em-sua-12a-edicao-trazendo-solucoes-para-problemas-globais\\\/#breadcrumb\"},\"inLanguage\":\"pt-BR\",\"potentialAction\":[{\"@type\":\"ReadAction\",\"target\":[\"https:\\\/\\\/www.cidademarketing.com.br\\\/marketing\\\/2019\\\/01\\\/15\\\/o-premio-ozires-silva-de-empreendedorismo-sustentavel-chega-em-sua-12a-edicao-trazendo-solucoes-para-problemas-globais\\\/\"]}]},{\"@type\":\"ImageObject\",\"inLanguage\":\"pt-BR\",\"@id\":\"https:\\\/\\\/www.cidademarketing.com.br\\\/marketing\\\/2019\\\/01\\\/15\\\/o-premio-ozires-silva-de-empreendedorismo-sustentavel-chega-em-sua-12a-edicao-trazendo-solucoes-para-problemas-globais\\\/#primaryimage\",\"url\":\"https:\\\/\\\/www.cidademarketing.com.br\\\/marketing\\\/wp-content\\\/uploads\\\/2018\\\/09\\\/ozires_silva-1.jpg\",\"contentUrl\":\"https:\\\/\\\/www.cidademarketing.com.br\\\/marketing\\\/wp-content\\\/uploads\\\/2018\\\/09\\\/ozires_silva-1.jpg\",\"width\":1024,\"height\":594,\"caption\":\"Divulga\u00e7\u00e3o\"},{\"@type\":\"BreadcrumbList\",\"@id\":\"https:\\\/\\\/www.cidademarketing.com.br\\\/marketing\\\/2019\\\/01\\\/15\\\/o-premio-ozires-silva-de-empreendedorismo-sustentavel-chega-em-sua-12a-edicao-trazendo-solucoes-para-problemas-globais\\\/#breadcrumb\",\"itemListElement\":[{\"@type\":\"ListItem\",\"position\":1,\"name\":\"In\u00edcio\",\"item\":\"https:\\\/\\\/www.cidademarketing.com.br\\\/marketing\\\/\"},{\"@type\":\"ListItem\",\"position\":2,\"name\":\"Pr\u00eamio Ozires Silva de Empreendedorismo Sustent\u00e1vel chega em sua 12\u00aa edi\u00e7\u00e3o trazendo solu\u00e7\u00f5es para problemas globais\"}]},{\"@type\":\"WebSite\",\"@id\":\"https:\\\/\\\/www.cidademarketing.com.br\\\/marketing\\\/#website\",\"url\":\"https:\\\/\\\/www.cidademarketing.com.br\\\/marketing\\\/\",\"name\":\"CidadeMarketing\",\"description\":\"Somos um ve\u00edculo de comunica\u00e7\u00e3o de destaque no Brasil, reconhecido por conte\u00fados nos segmentos de marketing, empreendedorismo e inova\u00e7\u00e3o.\",\"publisher\":{\"@id\":\"https:\\\/\\\/www.cidademarketing.com.br\\\/marketing\\\/#organization\"},\"alternateName\":\"CidadeMarketing\",\"potentialAction\":[{\"@type\":\"SearchAction\",\"target\":{\"@type\":\"EntryPoint\",\"urlTemplate\":\"https:\\\/\\\/www.cidademarketing.com.br\\\/marketing\\\/?s={search_term_string}\"},\"query-input\":{\"@type\":\"PropertyValueSpecification\",\"valueRequired\":true,\"valueName\":\"search_term_string\"}}],\"inLanguage\":\"pt-BR\"},{\"@type\":\"Organization\",\"@id\":\"https:\\\/\\\/www.cidademarketing.com.br\\\/marketing\\\/#organization\",\"name\":\"CidadeMarketing\",\"alternateName\":\"CidadeMarketing\",\"url\":\"https:\\\/\\\/www.cidademarketing.com.br\\\/marketing\\\/\",\"logo\":{\"@type\":\"ImageObject\",\"inLanguage\":\"pt-BR\",\"@id\":\"https:\\\/\\\/www.cidademarketing.com.br\\\/marketing\\\/#\\\/schema\\\/logo\\\/image\\\/\",\"url\":\"https:\\\/\\\/www.cidademarketing.com.br\\\/marketing\\\/wp-content\\\/uploads\\\/2020\\\/01\\\/cidademarketing_marca_mobile.png\",\"contentUrl\":\"https:\\\/\\\/www.cidademarketing.com.br\\\/marketing\\\/wp-content\\\/uploads\\\/2020\\\/01\\\/cidademarketing_marca_mobile.png\",\"width\":230,\"height\":92,\"caption\":\"CidadeMarketing\"},\"image\":{\"@id\":\"https:\\\/\\\/www.cidademarketing.com.br\\\/marketing\\\/#\\\/schema\\\/logo\\\/image\\\/\"},\"sameAs\":[\"https:\\\/\\\/www.facebook.com\\\/portalcidademarketing\",\"https:\\\/\\\/x.com\\\/CidadeMarketing\",\"https:\\\/\\\/www.instagram.com\\\/cidademarketing\\\/\"]},{\"@type\":\"Person\",\"@id\":\"https:\\\/\\\/www.cidademarketing.com.br\\\/marketing\\\/#\\\/schema\\\/person\\\/02daff9f18bd9378c9e01eb6b2db155f\",\"name\":\"Thales Brand\u00e3o\",\"image\":{\"@type\":\"ImageObject\",\"inLanguage\":\"pt-BR\",\"@id\":\"https:\\\/\\\/secure.gravatar.com\\\/avatar\\\/7ca3206950207cc3cb48feec56a8a7898741ab725c368d99d5d7a5a50aab80c6?s=96&d=mm&r=g\",\"url\":\"https:\\\/\\\/secure.gravatar.com\\\/avatar\\\/7ca3206950207cc3cb48feec56a8a7898741ab725c368d99d5d7a5a50aab80c6?s=96&d=mm&r=g\",\"contentUrl\":\"https:\\\/\\\/secure.gravatar.com\\\/avatar\\\/7ca3206950207cc3cb48feec56a8a7898741ab725c368d99d5d7a5a50aab80c6?s=96&d=mm&r=g\",\"caption\":\"Thales Brand\u00e3o\"},\"description\":\"Editor Executivo do Portal CidadeMarketing.com.br &gt; Mestre em Comunica\u00e7\u00e3o e Sociedade pela Universidade Federal de Sergipe. Possui MBA Executivo em Administra\u00e7\u00e3o com \u00eanfase em Marketing pela Funda\u00e7\u00e3o Get\u00falio Vargas - Rio de Janeiro. Consultor, Palestrante e Pesquisador sobre Empreendedorismo, Marketing, Redes Sociais e Neg\u00f3cios Digitais. Professor, Palestrante TedxTalks e Campus Party. Twitter: @ThalesBrandao\",\"sameAs\":[\"http:\\\/\\\/www.mandacaru.com.br\",\"https:\\\/\\\/www.facebook.com\\\/thalesbrandao\",\"http:\\\/\\\/www.instagram.com.br\\\/thalesbrandaoferreira\",\"https:\\\/\\\/www.linkedin.com\\\/in\\\/thales-brand\u00e3o-3948609\\\/\",\"https:\\\/\\\/x.com\\\/http:\\\/\\\/www.twitter.com\\\/thalesbrandao\"],\"url\":\"https:\\\/\\\/www.cidademarketing.com.br\\\/marketing\\\/author\\\/thalesbrandao\\\/\"}]}<\/script>\n<!-- \/ Yoast SEO plugin. -->","yoast_head_json":{"title":"Pr\u00eamio Ozires Silva de Empreendedorismo Sustent\u00e1vel chega em sua 12\u00aa edi\u00e7\u00e3o trazendo solu\u00e7\u00f5es para problemas globais - CidadeMarketing","robots":{"index":"index","follow":"follow","max-snippet":"max-snippet:-1","max-image-preview":"max-image-preview:large","max-video-preview":"max-video-preview:-1"},"canonical":"https:\/\/www.cidademarketing.com.br\/marketing\/2019\/01\/15\/o-premio-ozires-silva-de-empreendedorismo-sustentavel-chega-em-sua-12a-edicao-trazendo-solucoes-para-problemas-globais\/","og_locale":"pt_BR","og_type":"article","og_title":"Pr\u00eamio Ozires Silva de Empreendedorismo Sustent\u00e1vel chega em sua 12\u00aa edi\u00e7\u00e3o trazendo solu\u00e7\u00f5es para problemas globais - CidadeMarketing","og_description":"Trazer um olhar diferente e uma solu\u00e7\u00e3o para os problemas de sustentabilidade em todo mundo e reconhecer ideias que colaboram para que a sociedade fique atenta a a\u00e7\u00f5es mais conscientes, sustent\u00e1veis e, consequentemente, para que as pessoas vivam em um mundo melhor. Com esse objetivo, o Pr\u00eamio Ozires Silva de Empreendedorismo Sustent\u00e1vel, uma iniciativa do [&hellip;]","og_url":"https:\/\/www.cidademarketing.com.br\/marketing\/2019\/01\/15\/o-premio-ozires-silva-de-empreendedorismo-sustentavel-chega-em-sua-12a-edicao-trazendo-solucoes-para-problemas-globais\/","og_site_name":"CidadeMarketing","article_publisher":"https:\/\/www.facebook.com\/portalcidademarketing","article_author":"https:\/\/www.facebook.com\/thalesbrandao","article_published_time":"2019-01-16T01:40:35+00:00","article_modified_time":"2019-01-16T01:41:19+00:00","og_image":[{"width":1024,"height":594,"url":"https:\/\/www.cidademarketing.com.br\/marketing\/wp-content\/uploads\/2018\/09\/ozires_silva-1.jpg","type":"image\/jpeg"}],"author":"Thales Brand\u00e3o","twitter_card":"summary_large_image","twitter_creator":"@http:\/\/www.twitter.com\/thalesbrandao","twitter_site":"@CidadeMarketing","twitter_misc":{"Escrito por":"Thales Brand\u00e3o","Est. tempo de leitura":"3 minutos"},"schema":{"@context":"https:\/\/schema.org","@graph":[{"@type":"Article","@id":"https:\/\/www.cidademarketing.com.br\/marketing\/2019\/01\/15\/o-premio-ozires-silva-de-empreendedorismo-sustentavel-chega-em-sua-12a-edicao-trazendo-solucoes-para-problemas-globais\/#article","isPartOf":{"@id":"https:\/\/www.cidademarketing.com.br\/marketing\/2019\/01\/15\/o-premio-ozires-silva-de-empreendedorismo-sustentavel-chega-em-sua-12a-edicao-trazendo-solucoes-para-problemas-globais\/"},"author":{"name":"Thales Brand\u00e3o","@id":"https:\/\/www.cidademarketing.com.br\/marketing\/#\/schema\/person\/02daff9f18bd9378c9e01eb6b2db155f"},"headline":"Pr\u00eamio Ozires Silva de Empreendedorismo Sustent\u00e1vel chega em sua 12\u00aa edi\u00e7\u00e3o trazendo solu\u00e7\u00f5es para problemas globais","datePublished":"2019-01-16T01:40:35+00:00","dateModified":"2019-01-16T01:41:19+00:00","mainEntityOfPage":{"@id":"https:\/\/www.cidademarketing.com.br\/marketing\/2019\/01\/15\/o-premio-ozires-silva-de-empreendedorismo-sustentavel-chega-em-sua-12a-edicao-trazendo-solucoes-para-problemas-globais\/"},"wordCount":705,"commentCount":0,"publisher":{"@id":"https:\/\/www.cidademarketing.com.br\/marketing\/#organization"},"image":{"@id":"https:\/\/www.cidademarketing.com.br\/marketing\/2019\/01\/15\/o-premio-ozires-silva-de-empreendedorismo-sustentavel-chega-em-sua-12a-edicao-trazendo-solucoes-para-problemas-globais\/#primaryimage"},"thumbnailUrl":"https:\/\/www.cidademarketing.com.br\/marketing\/wp-content\/uploads\/2018\/09\/ozires_silva-1.jpg","keywords":["marketing social","Ozires Silva"],"articleSection":["Not\u00edcias"],"inLanguage":"pt-BR","potentialAction":[{"@type":"CommentAction","name":"Comment","target":["https:\/\/www.cidademarketing.com.br\/marketing\/2019\/01\/15\/o-premio-ozires-silva-de-empreendedorismo-sustentavel-chega-em-sua-12a-edicao-trazendo-solucoes-para-problemas-globais\/#respond"]}]},{"@type":"WebPage","@id":"https:\/\/www.cidademarketing.com.br\/marketing\/2019\/01\/15\/o-premio-ozires-silva-de-empreendedorismo-sustentavel-chega-em-sua-12a-edicao-trazendo-solucoes-para-problemas-globais\/","url":"https:\/\/www.cidademarketing.com.br\/marketing\/2019\/01\/15\/o-premio-ozires-silva-de-empreendedorismo-sustentavel-chega-em-sua-12a-edicao-trazendo-solucoes-para-problemas-globais\/","name":"Pr\u00eamio Ozires Silva de Empreendedorismo Sustent\u00e1vel chega em sua 12\u00aa edi\u00e7\u00e3o trazendo solu\u00e7\u00f5es para problemas globais - CidadeMarketing","isPartOf":{"@id":"https:\/\/www.cidademarketing.com.br\/marketing\/#website"},"primaryImageOfPage":{"@id":"https:\/\/www.cidademarketing.com.br\/marketing\/2019\/01\/15\/o-premio-ozires-silva-de-empreendedorismo-sustentavel-chega-em-sua-12a-edicao-trazendo-solucoes-para-problemas-globais\/#primaryimage"},"image":{"@id":"https:\/\/www.cidademarketing.com.br\/marketing\/2019\/01\/15\/o-premio-ozires-silva-de-empreendedorismo-sustentavel-chega-em-sua-12a-edicao-trazendo-solucoes-para-problemas-globais\/#primaryimage"},"thumbnailUrl":"https:\/\/www.cidademarketing.com.br\/marketing\/wp-content\/uploads\/2018\/09\/ozires_silva-1.jpg","datePublished":"2019-01-16T01:40:35+00:00","dateModified":"2019-01-16T01:41:19+00:00","breadcrumb":{"@id":"https:\/\/www.cidademarketing.com.br\/marketing\/2019\/01\/15\/o-premio-ozires-silva-de-empreendedorismo-sustentavel-chega-em-sua-12a-edicao-trazendo-solucoes-para-problemas-globais\/#breadcrumb"},"inLanguage":"pt-BR","potentialAction":[{"@type":"ReadAction","target":["https:\/\/www.cidademarketing.com.br\/marketing\/2019\/01\/15\/o-premio-ozires-silva-de-empreendedorismo-sustentavel-chega-em-sua-12a-edicao-trazendo-solucoes-para-problemas-globais\/"]}]},{"@type":"ImageObject","inLanguage":"pt-BR","@id":"https:\/\/www.cidademarketing.com.br\/marketing\/2019\/01\/15\/o-premio-ozires-silva-de-empreendedorismo-sustentavel-chega-em-sua-12a-edicao-trazendo-solucoes-para-problemas-globais\/#primaryimage","url":"https:\/\/www.cidademarketing.com.br\/marketing\/wp-content\/uploads\/2018\/09\/ozires_silva-1.jpg","contentUrl":"https:\/\/www.cidademarketing.com.br\/marketing\/wp-content\/uploads\/2018\/09\/ozires_silva-1.jpg","width":1024,"height":594,"caption":"Divulga\u00e7\u00e3o"},{"@type":"BreadcrumbList","@id":"https:\/\/www.cidademarketing.com.br\/marketing\/2019\/01\/15\/o-premio-ozires-silva-de-empreendedorismo-sustentavel-chega-em-sua-12a-edicao-trazendo-solucoes-para-problemas-globais\/#breadcrumb","itemListElement":[{"@type":"ListItem","position":1,"name":"In\u00edcio","item":"https:\/\/www.cidademarketing.com.br\/marketing\/"},{"@type":"ListItem","position":2,"name":"Pr\u00eamio Ozires Silva de Empreendedorismo Sustent\u00e1vel chega em sua 12\u00aa edi\u00e7\u00e3o trazendo solu\u00e7\u00f5es para problemas globais"}]},{"@type":"WebSite","@id":"https:\/\/www.cidademarketing.com.br\/marketing\/#website","url":"https:\/\/www.cidademarketing.com.br\/marketing\/","name":"CidadeMarketing","description":"Somos um ve\u00edculo de comunica\u00e7\u00e3o de destaque no Brasil, reconhecido por conte\u00fados nos segmentos de marketing, empreendedorismo e inova\u00e7\u00e3o.","publisher":{"@id":"https:\/\/www.cidademarketing.com.br\/marketing\/#organization"},"alternateName":"CidadeMarketing","potentialAction":[{"@type":"SearchAction","target":{"@type":"EntryPoint","urlTemplate":"https:\/\/www.cidademarketing.com.br\/marketing\/?s={search_term_string}"},"query-input":{"@type":"PropertyValueSpecification","valueRequired":true,"valueName":"search_term_string"}}],"inLanguage":"pt-BR"},{"@type":"Organization","@id":"https:\/\/www.cidademarketing.com.br\/marketing\/#organization","name":"CidadeMarketing","alternateName":"CidadeMarketing","url":"https:\/\/www.cidademarketing.com.br\/marketing\/","logo":{"@type":"ImageObject","inLanguage":"pt-BR","@id":"https:\/\/www.cidademarketing.com.br\/marketing\/#\/schema\/logo\/image\/","url":"https:\/\/www.cidademarketing.com.br\/marketing\/wp-content\/uploads\/2020\/01\/cidademarketing_marca_mobile.png","contentUrl":"https:\/\/www.cidademarketing.com.br\/marketing\/wp-content\/uploads\/2020\/01\/cidademarketing_marca_mobile.png","width":230,"height":92,"caption":"CidadeMarketing"},"image":{"@id":"https:\/\/www.cidademarketing.com.br\/marketing\/#\/schema\/logo\/image\/"},"sameAs":["https:\/\/www.facebook.com\/portalcidademarketing","https:\/\/x.com\/CidadeMarketing","https:\/\/www.instagram.com\/cidademarketing\/"]},{"@type":"Person","@id":"https:\/\/www.cidademarketing.com.br\/marketing\/#\/schema\/person\/02daff9f18bd9378c9e01eb6b2db155f","name":"Thales Brand\u00e3o","image":{"@type":"ImageObject","inLanguage":"pt-BR","@id":"https:\/\/secure.gravatar.com\/avatar\/7ca3206950207cc3cb48feec56a8a7898741ab725c368d99d5d7a5a50aab80c6?s=96&d=mm&r=g","url":"https:\/\/secure.gravatar.com\/avatar\/7ca3206950207cc3cb48feec56a8a7898741ab725c368d99d5d7a5a50aab80c6?s=96&d=mm&r=g","contentUrl":"https:\/\/secure.gravatar.com\/avatar\/7ca3206950207cc3cb48feec56a8a7898741ab725c368d99d5d7a5a50aab80c6?s=96&d=mm&r=g","caption":"Thales Brand\u00e3o"},"description":"Editor Executivo do Portal CidadeMarketing.com.br &gt; Mestre em Comunica\u00e7\u00e3o e Sociedade pela Universidade Federal de Sergipe. Possui MBA Executivo em Administra\u00e7\u00e3o com \u00eanfase em Marketing pela Funda\u00e7\u00e3o Get\u00falio Vargas - Rio de Janeiro. Consultor, Palestrante e Pesquisador sobre Empreendedorismo, Marketing, Redes Sociais e Neg\u00f3cios Digitais. Professor, Palestrante TedxTalks e Campus Party. Twitter: @ThalesBrandao","sameAs":["http:\/\/www.mandacaru.com.br","https:\/\/www.facebook.com\/thalesbrandao","http:\/\/www.instagram.com.br\/thalesbrandaoferreira","https:\/\/www.linkedin.com\/in\/thales-brand\u00e3o-3948609\/","https:\/\/x.com\/http:\/\/www.twitter.com\/thalesbrandao"],"url":"https:\/\/www.cidademarketing.com.br\/marketing\/author\/thalesbrandao\/"}]}},"amp_enabled":true,"_links":{"self":[{"href":"https:\/\/www.cidademarketing.com.br\/marketing\/wp-json\/wp\/v2\/posts\/5045","targetHints":{"allow":["GET"]}}],"collection":[{"href":"https:\/\/www.cidademarketing.com.br\/marketing\/wp-json\/wp\/v2\/posts"}],"about":[{"href":"https:\/\/www.cidademarketing.com.br\/marketing\/wp-json\/wp\/v2\/types\/post"}],"author":[{"embeddable":true,"href":"https:\/\/www.cidademarketing.com.br\/marketing\/wp-json\/wp\/v2\/users\/1"}],"replies":[{"embeddable":true,"href":"https:\/\/www.cidademarketing.com.br\/marketing\/wp-json\/wp\/v2\/comments?post=5045"}],"version-history":[{"count":2,"href":"https:\/\/www.cidademarketing.com.br\/marketing\/wp-json\/wp\/v2\/posts\/5045\/revisions"}],"predecessor-version":[{"id":5047,"href":"https:\/\/www.cidademarketing.com.br\/marketing\/wp-json\/wp\/v2\/posts\/5045\/revisions\/5047"}],"wp:featuredmedia":[{"embeddable":true,"href":"https:\/\/www.cidademarketing.com.br\/marketing\/wp-json\/wp\/v2\/media\/2265"}],"wp:attachment":[{"href":"https:\/\/www.cidademarketing.com.br\/marketing\/wp-json\/wp\/v2\/media?parent=5045"}],"wp:term":[{"taxonomy":"category","embeddable":true,"href":"https:\/\/www.cidademarketing.com.br\/marketing\/wp-json\/wp\/v2\/categories?post=5045"},{"taxonomy":"post_tag","embeddable":true,"href":"https:\/\/www.cidademarketing.com.br\/marketing\/wp-json\/wp\/v2\/tags?post=5045"}],"curies":[{"name":"wp","href":"https:\/\/api.w.org\/{rel}","templated":true}]}}