{"id":50389,"date":"2024-03-14T22:50:48","date_gmt":"2024-03-15T01:50:48","guid":{"rendered":"https:\/\/www.cidademarketing.com.br\/marketing\/?p=50389"},"modified":"2024-03-14T22:50:48","modified_gmt":"2024-03-15T01:50:48","slug":"mini-apresenta-acao-promocional-com-taxa-zero-bonus-de-valorizacao-de-seminovo-e-preco-especial","status":"publish","type":"post","link":"https:\/\/www.cidademarketing.com.br\/marketing\/2024\/03\/14\/mini-apresenta-acao-promocional-com-taxa-zero-bonus-de-valorizacao-de-seminovo-e-preco-especial\/","title":{"rendered":"MINI apresenta a\u00e7\u00e3o promocional com taxa zero, b\u00f4nus de valoriza\u00e7\u00e3o de seminovo e pre\u00e7o especial"},"content":{"rendered":"<p>Come\u00e7ando pelo MINI Cooper S E, a tradicional e mais conhecida carroceria do hatch 3 portas equipado com powertrain 100% el\u00e9trico, conta com taxa de 0% com 60% de entrada com saldo em 24 meses, mais b\u00f4nus de valoriza\u00e7\u00e3o de seminovo a partir de R\uff04 20.000 e pacote MINI Service Inclusive (pacote de servi\u00e7os de 3 anos ou 40.000km). \u00c9 bom destacar que al\u00e9m do carregador port\u00e1til que funciona na tomada convencional no padr\u00e3o brasileiro (a tomada deve ser aterrada), a MINI ainda oferece em cortesia o carregador r\u00e1pido MINI Wallbox.<\/p>\n<p>Ainda na linha dos modelos eletrificados da marca, o modelo MINI Cooper S E Countryman ALL4, o SUV h\u00edbrido plug-in da MINI, e que est\u00e1 dispon\u00edvel em nosso mercado em duas vers\u00f5es: Exclusive e Top, conta com taxa de 0,69% com entrada de 60% e saldo em 24 meses, mais b\u00f4nus de valoriza\u00e7\u00e3o de seminovo de R\uff04 30.000.<\/p>\n<p>Os produtos da linha John Cooper Works, divis\u00e3o de esportivos da marca MINI e que trazem o conhecido Go-Kart Feeling em sua ess\u00eancia, tamb\u00e9m contam com condi\u00e7\u00f5es especiais para o m\u00eas de mar\u00e7o de 2024, tanto o MINI John Cooper Works na tradicional carroceira hatch 3 portas, quanto o MINI John Cooper Works Countryman ALL4 contam com taxa de 0,69%, entrada de 60% e saldo em 24 meses, al\u00e9m de um b\u00f4nus de valoriza\u00e7\u00e3o de seminovo de R\uff04 40.000.<\/p>\n<p>J\u00e1 para o MINI Cooper S 3P em sua vers\u00e3o Top tem pre\u00e7o promocional de R\uff04 249.990, um desconto de R\uff04 28.110, e conta ainda com taxa 0% com entrada de 60% e saldo em 24 meses e tamb\u00e9m com b\u00f4nus de valoriza\u00e7\u00e3o de seminovo no valor de R\uff04 20.000.<\/p>\n<p>O MINI Cooper S 5P tamb\u00e9m conta com boas ofertas, a vers\u00e3o Exclusive tem pre\u00e7o promocional de R\uff04 219.990 (um desconto de R\uff04 37.810 face ao pre\u00e7o p\u00fablico sugerido) e conta ainda com taxa 0% com entrada de 60% e saldo em 24 meses e tamb\u00e9m com b\u00f4nus de valoriza\u00e7\u00e3o de seminovo no valor de R\uff04 15.000. Enquanto a vers\u00e3o MINI Cooper S 5P &#8211; Top tem pre\u00e7o promocional de R\uff04 269.990 (um desconto de R\uff04 18.260 face ao pre\u00e7o p\u00fablico sugerido) e conta ainda com taxa 0% com entrada de 60% e saldo em 24 meses e tamb\u00e9m com b\u00f4nus de valoriza\u00e7\u00e3o de seminovo no valor de R\uff04 20.000.<\/p>\n<p>Abaixo, mais informa\u00e7\u00f5es sobre o portf\u00f3lio da marca MINI:<\/p>\n<p><strong>MINI Cooper S E Countryman ALL4<\/strong><br \/>\nO MINI Cooper S E Countryman ALL4, o SUV h\u00edbrido plug-in da MINI. O modelo possui 2 motores: um el\u00e9trico e um \u00e0 combust\u00e3o. O cliente escolhe se quer usar de maneira combinada ou totalmente independente, inclusive no modo 100% el\u00e9trico, com zero emiss\u00f5es. Uma combina\u00e7\u00e3o \u00fanica de engenharia inovadora, materiais Premium e design inteligente de baixo peso garante que o motor TwinPower Turbo de 3 cilindros proporcione torque e performance potente, mas suave e poderoso. Mesmo na faixa de baixa rota\u00e7\u00e3o, pode usufruir de uma maior precis\u00e3o e resposta. O SUV da MINI tem conforto para 5 pessoas e 405 litros de capacidade no porta-malas. O interior com acabamento refinado deixa as viagens ainda mais especiais. O modelo ainda possui uma s\u00e9rie de equipamentos e tecnologias ideais para mais conforto e praticidade no dia a dia: os bancos com ajuste el\u00e9trico podem ser individualmente ajustados e guardam duas configura\u00e7\u00f5es individuais com a fun\u00e7\u00e3o de mem\u00f3ria opcional e sistema opcional Comfort Access com fun\u00e7\u00e3o Easy Opener, onde o cliente pode abrir o porta-malas com um movimento r\u00e1pido e direto do p\u00e9 sob o para-choques traseiro. Al\u00e9m disso, o MINI Cooper S E Countryman ALL4 possui ar-condicionado autom\u00e1tico digital de duas zonas, sistema de navega\u00e7\u00e3o MINI, rack de teto, teto-solar panor\u00e2mico, acionamento autom\u00e1tico da porta traseira, controle da dist\u00e2ncia para estacionamento, c\u00e2mera de r\u00e9, controle de cruzeiro com fun\u00e7\u00e3o de freio, painel digital e roda de liga-leve 19&#8243; Turnstile Spoke 2 tons com pneus Run Flat.<\/p>\n<p><strong>MINI John Cooper Works<\/strong><br \/>\nSin\u00f4nimo de divers\u00e3o ao dirigir, o MINI John Cooper Works re\u00fane o que h\u00e1 de melhor e mais esportivo em um modelo da marca. Equipado com um motor 2.0l de quatro cilindros com tecnologia TwinPower Turbo e transmiss\u00e3o Steptronic Autom\u00e1tica Esportiva de 8 velocidades, que entregam uma pot\u00eancia m\u00e1xima de 231cv e um torque de 320Nm, modelo acelera de 0 a 100km\/h em apenas 6,1 segundos. E al\u00e9m do desempenho impressionante nas arrancadas, o JCW conta com um acerto fino e espec\u00edfico da suspens\u00e3o para proporcionar uma experi\u00eancia de dire\u00e7\u00e3o bem pr\u00f3xima a de um kart. Apesar de ter o desempenho como principal chamariz, o modelo n\u00e3o deixa a desejar no quesito equipamentos. Recheado de tecnologia, o modelo conta com sistema de som HiFi Harman\/Kardon, bancos esportivos revestidos em couro, tela de 8,8\u201d sens\u00edvel ao toque, sistema de navega\u00e7\u00e3o MINI com informa\u00e7\u00e3o de tr\u00e2nsito em tempo real, teto solar panor\u00e2mico, head-up display e muito mais.<\/p>\n<p><iframe title=\"Spotify Embed: Podcast CidadeMarketing\" style=\"border-radius: 12px\" width=\"100%\" height=\"152\" frameborder=\"0\" allowfullscreen allow=\"autoplay; clipboard-write; encrypted-media; fullscreen; picture-in-picture\" loading=\"lazy\" src=\"https:\/\/open.spotify.com\/embed\/show\/4khMKzP3FgFRWVwb73xicc?si=252fe5bff2b34909&#038;utm_source=oembed\"><\/iframe><\/p>\n<p>&nbsp;<\/p>\n<p><strong>MINI Cooper S<\/strong><br \/>\nO MINI Cooper combina o ic\u00f4nico design, excelente aproveitamento de espa\u00e7o e a esportividade caracter\u00edstica da marca. Seu conjunto propulsor \u00e9 formado por um motor 2.0l TwinPower Turbo de quatro cilindros combinado com uma transmiss\u00e3o autom\u00e1tica esportiva Steptronic de 7 velocidades com dupla embreagem, que desenvolve uma pot\u00eancia m\u00e1xima de 192cv e um torque m\u00e1ximo de 280 Nm, e que faz de 0 a 100km\/h em apenas 6,7 segundos. Esta vers\u00e3o tamb\u00e9m conta com vasta gama de equipamentos de s\u00e9rie, que dentre os principais podemos destacar: sistema de som HiFi Harman\/Kardon, bancos esportivos revestidos em couro, tela de 8,8\u201d sens\u00edvel ao toque, sistema de navega\u00e7\u00e3o MINI com informa\u00e7\u00e3o de tr\u00e2nsito em tempo real, teto solar panor\u00e2mico, head up display e muito mais.<\/p>\n<p><strong>MINI Cooper S E<\/strong><br \/>\nCom o objetivo de desenvolver um modelo el\u00e9trico para trazer a autonomia e performance que os clientes e f\u00e3s da marca j\u00e1 esperam, mas sem alterar design, dirigibilidade, pre\u00e7o e tamanho, o time de engenharia da MINI desenvolveu o MINI Cooper S E, que vem equipado com powertrain 100% el\u00e9trico, capacidade para entregar 184cv e 270Nm de torque instant\u00e2neo, e bateria de \u00edon-l\u00edtio de 32,6kWh, que permite autonomia de at\u00e9 161km (ciclo de testes PBEV) e que pode ser carregada em uma tomada dom\u00e9stica com o carregador port\u00e1til, com carregadores r\u00e1pidos como o MINI Wallbox, e com carregadores de corrente cont\u00ednua.<\/p>\n<p>Al\u00e9m disso, todo MINI Cooper S E sai de f\u00e1brica conectado com um SIM card virtual sem custo ao cliente por um per\u00edodo m\u00ednimo de tr\u00eas anos, para que possa acessar o My MINI App, sistema que fornece diversos servi\u00e7os ao motorista e passageiro e permite usufruir de funcionalidades exclusivas, tais como chamada de emerg\u00eancia inteligente, MINI Teleservices, not\u00edcias em tempo real, previs\u00e3o do tempo, servi\u00e7os remotos, prepara\u00e7\u00e3o para Apple CarPlay, informa\u00e7\u00f5es de tr\u00e2nsito em tempo real e assistente de autonomia, que avisa a necessidade de incluir paradas para recarregar as baterias no trajeto e localiza os pontos de recarga dispon\u00edveis.<\/p>\n","protected":false},"excerpt":{"rendered":"<p>Come\u00e7ando pelo MINI Cooper S E, a tradicional e mais conhecida carroceria do hatch 3 portas equipado com powertrain 100% el\u00e9trico, conta com taxa de 0% com 60% de entrada com saldo em 24 meses, mais b\u00f4nus de valoriza\u00e7\u00e3o de seminovo a partir de R\uff04 20.000 e pacote MINI Service Inclusive (pacote de servi\u00e7os de [&hellip;]<\/p>\n","protected":false},"author":1,"featured_media":50390,"comment_status":"open","ping_status":"open","sticky":false,"template":"","format":"standard","meta":{"tdm_status":"","tdm_grid_status":"","footnotes":""},"categories":[6],"tags":[363,65,1340,33,37,28,5564,6803,164],"class_list":["post-50389","post","type-post","status-publish","format-standard","has-post-thumbnail","hentry","category-noticias","tag-bmw","tag-campanha","tag-eletrico","tag-estrategia","tag-marca","tag-marketing","tag-mini","tag-mini-cooper","tag-promocao"],"yoast_head":"<!-- This site is optimized with the Yoast SEO plugin v27.5 - https:\/\/yoast.com\/product\/yoast-seo-wordpress\/ -->\n<title>MINI apresenta a\u00e7\u00e3o promocional com taxa zero, b\u00f4nus de valoriza\u00e7\u00e3o de seminovo e pre\u00e7o especial - CidadeMarketing<\/title>\n<meta name=\"robots\" content=\"index, follow, max-snippet:-1, max-image-preview:large, max-video-preview:-1\" \/>\n<link rel=\"canonical\" href=\"https:\/\/www.cidademarketing.com.br\/marketing\/2024\/03\/14\/mini-apresenta-acao-promocional-com-taxa-zero-bonus-de-valorizacao-de-seminovo-e-preco-especial\/\" \/>\n<meta property=\"og:locale\" content=\"pt_BR\" \/>\n<meta property=\"og:type\" content=\"article\" \/>\n<meta property=\"og:title\" content=\"MINI apresenta a\u00e7\u00e3o promocional com taxa zero, b\u00f4nus de valoriza\u00e7\u00e3o de seminovo e pre\u00e7o especial - CidadeMarketing\" \/>\n<meta property=\"og:description\" content=\"Come\u00e7ando pelo MINI Cooper S E, a tradicional e mais conhecida carroceria do hatch 3 portas equipado com powertrain 100% el\u00e9trico, conta com taxa de 0% com 60% de entrada com saldo em 24 meses, mais b\u00f4nus de valoriza\u00e7\u00e3o de seminovo a partir de R\uff04 20.000 e pacote MINI Service Inclusive (pacote de servi\u00e7os de [&hellip;]\" \/>\n<meta property=\"og:url\" content=\"https:\/\/www.cidademarketing.com.br\/marketing\/2024\/03\/14\/mini-apresenta-acao-promocional-com-taxa-zero-bonus-de-valorizacao-de-seminovo-e-preco-especial\/\" \/>\n<meta property=\"og:site_name\" content=\"CidadeMarketing\" \/>\n<meta property=\"article:publisher\" content=\"https:\/\/www.facebook.com\/portalcidademarketing\" \/>\n<meta property=\"article:author\" content=\"https:\/\/www.facebook.com\/thalesbrandao\" \/>\n<meta property=\"article:published_time\" content=\"2024-03-15T01:50:48+00:00\" \/>\n<meta property=\"og:image\" content=\"https:\/\/www.cidademarketing.com.br\/marketing\/wp-content\/uploads\/2024\/03\/bmw_mini_promocao.webp\" \/>\n\t<meta property=\"og:image:width\" content=\"1000\" \/>\n\t<meta property=\"og:image:height\" content=\"666\" \/>\n\t<meta property=\"og:image:type\" content=\"image\/webp\" \/>\n<meta name=\"author\" content=\"Thales Brand\u00e3o\" \/>\n<meta name=\"twitter:card\" content=\"summary_large_image\" \/>\n<meta name=\"twitter:creator\" content=\"@http:\/\/www.twitter.com\/thalesbrandao\" \/>\n<meta name=\"twitter:site\" content=\"@CidadeMarketing\" \/>\n<meta name=\"twitter:label1\" content=\"Escrito por\" \/>\n\t<meta name=\"twitter:data1\" content=\"Thales Brand\u00e3o\" \/>\n\t<meta name=\"twitter:label2\" content=\"Est. tempo de leitura\" \/>\n\t<meta name=\"twitter:data2\" content=\"6 minutos\" \/>\n<script type=\"application\/ld+json\" class=\"yoast-schema-graph\">{\"@context\":\"https:\\\/\\\/schema.org\",\"@graph\":[{\"@type\":\"Article\",\"@id\":\"https:\\\/\\\/www.cidademarketing.com.br\\\/marketing\\\/2024\\\/03\\\/14\\\/mini-apresenta-acao-promocional-com-taxa-zero-bonus-de-valorizacao-de-seminovo-e-preco-especial\\\/#article\",\"isPartOf\":{\"@id\":\"https:\\\/\\\/www.cidademarketing.com.br\\\/marketing\\\/2024\\\/03\\\/14\\\/mini-apresenta-acao-promocional-com-taxa-zero-bonus-de-valorizacao-de-seminovo-e-preco-especial\\\/\"},\"author\":{\"name\":\"Thales Brand\u00e3o\",\"@id\":\"https:\\\/\\\/www.cidademarketing.com.br\\\/marketing\\\/#\\\/schema\\\/person\\\/02daff9f18bd9378c9e01eb6b2db155f\"},\"headline\":\"MINI apresenta a\u00e7\u00e3o promocional com taxa zero, b\u00f4nus de valoriza\u00e7\u00e3o de seminovo e pre\u00e7o especial\",\"datePublished\":\"2024-03-15T01:50:48+00:00\",\"mainEntityOfPage\":{\"@id\":\"https:\\\/\\\/www.cidademarketing.com.br\\\/marketing\\\/2024\\\/03\\\/14\\\/mini-apresenta-acao-promocional-com-taxa-zero-bonus-de-valorizacao-de-seminovo-e-preco-especial\\\/\"},\"wordCount\":1248,\"commentCount\":0,\"publisher\":{\"@id\":\"https:\\\/\\\/www.cidademarketing.com.br\\\/marketing\\\/#organization\"},\"image\":{\"@id\":\"https:\\\/\\\/www.cidademarketing.com.br\\\/marketing\\\/2024\\\/03\\\/14\\\/mini-apresenta-acao-promocional-com-taxa-zero-bonus-de-valorizacao-de-seminovo-e-preco-especial\\\/#primaryimage\"},\"thumbnailUrl\":\"https:\\\/\\\/www.cidademarketing.com.br\\\/marketing\\\/wp-content\\\/uploads\\\/2024\\\/03\\\/bmw_mini_promocao.webp\",\"keywords\":[\"BMW\",\"campanha\",\"el\u00e9trico\",\"estrat\u00e9gia\",\"marca\",\"marketing\",\"MINI\",\"MINI Cooper\",\"promo\u00e7\u00e3o\"],\"articleSection\":[\"Not\u00edcias\"],\"inLanguage\":\"pt-BR\",\"potentialAction\":[{\"@type\":\"CommentAction\",\"name\":\"Comment\",\"target\":[\"https:\\\/\\\/www.cidademarketing.com.br\\\/marketing\\\/2024\\\/03\\\/14\\\/mini-apresenta-acao-promocional-com-taxa-zero-bonus-de-valorizacao-de-seminovo-e-preco-especial\\\/#respond\"]}]},{\"@type\":\"WebPage\",\"@id\":\"https:\\\/\\\/www.cidademarketing.com.br\\\/marketing\\\/2024\\\/03\\\/14\\\/mini-apresenta-acao-promocional-com-taxa-zero-bonus-de-valorizacao-de-seminovo-e-preco-especial\\\/\",\"url\":\"https:\\\/\\\/www.cidademarketing.com.br\\\/marketing\\\/2024\\\/03\\\/14\\\/mini-apresenta-acao-promocional-com-taxa-zero-bonus-de-valorizacao-de-seminovo-e-preco-especial\\\/\",\"name\":\"MINI apresenta a\u00e7\u00e3o promocional com taxa zero, b\u00f4nus de valoriza\u00e7\u00e3o de seminovo e pre\u00e7o especial - CidadeMarketing\",\"isPartOf\":{\"@id\":\"https:\\\/\\\/www.cidademarketing.com.br\\\/marketing\\\/#website\"},\"primaryImageOfPage\":{\"@id\":\"https:\\\/\\\/www.cidademarketing.com.br\\\/marketing\\\/2024\\\/03\\\/14\\\/mini-apresenta-acao-promocional-com-taxa-zero-bonus-de-valorizacao-de-seminovo-e-preco-especial\\\/#primaryimage\"},\"image\":{\"@id\":\"https:\\\/\\\/www.cidademarketing.com.br\\\/marketing\\\/2024\\\/03\\\/14\\\/mini-apresenta-acao-promocional-com-taxa-zero-bonus-de-valorizacao-de-seminovo-e-preco-especial\\\/#primaryimage\"},\"thumbnailUrl\":\"https:\\\/\\\/www.cidademarketing.com.br\\\/marketing\\\/wp-content\\\/uploads\\\/2024\\\/03\\\/bmw_mini_promocao.webp\",\"datePublished\":\"2024-03-15T01:50:48+00:00\",\"breadcrumb\":{\"@id\":\"https:\\\/\\\/www.cidademarketing.com.br\\\/marketing\\\/2024\\\/03\\\/14\\\/mini-apresenta-acao-promocional-com-taxa-zero-bonus-de-valorizacao-de-seminovo-e-preco-especial\\\/#breadcrumb\"},\"inLanguage\":\"pt-BR\",\"potentialAction\":[{\"@type\":\"ReadAction\",\"target\":[\"https:\\\/\\\/www.cidademarketing.com.br\\\/marketing\\\/2024\\\/03\\\/14\\\/mini-apresenta-acao-promocional-com-taxa-zero-bonus-de-valorizacao-de-seminovo-e-preco-especial\\\/\"]}]},{\"@type\":\"ImageObject\",\"inLanguage\":\"pt-BR\",\"@id\":\"https:\\\/\\\/www.cidademarketing.com.br\\\/marketing\\\/2024\\\/03\\\/14\\\/mini-apresenta-acao-promocional-com-taxa-zero-bonus-de-valorizacao-de-seminovo-e-preco-especial\\\/#primaryimage\",\"url\":\"https:\\\/\\\/www.cidademarketing.com.br\\\/marketing\\\/wp-content\\\/uploads\\\/2024\\\/03\\\/bmw_mini_promocao.webp\",\"contentUrl\":\"https:\\\/\\\/www.cidademarketing.com.br\\\/marketing\\\/wp-content\\\/uploads\\\/2024\\\/03\\\/bmw_mini_promocao.webp\",\"width\":1000,\"height\":666,\"caption\":\"Divulga\u00e7\u00e3o\"},{\"@type\":\"BreadcrumbList\",\"@id\":\"https:\\\/\\\/www.cidademarketing.com.br\\\/marketing\\\/2024\\\/03\\\/14\\\/mini-apresenta-acao-promocional-com-taxa-zero-bonus-de-valorizacao-de-seminovo-e-preco-especial\\\/#breadcrumb\",\"itemListElement\":[{\"@type\":\"ListItem\",\"position\":1,\"name\":\"In\u00edcio\",\"item\":\"https:\\\/\\\/www.cidademarketing.com.br\\\/marketing\\\/\"},{\"@type\":\"ListItem\",\"position\":2,\"name\":\"MINI apresenta a\u00e7\u00e3o promocional com taxa zero, b\u00f4nus de valoriza\u00e7\u00e3o de seminovo e pre\u00e7o especial\"}]},{\"@type\":\"WebSite\",\"@id\":\"https:\\\/\\\/www.cidademarketing.com.br\\\/marketing\\\/#website\",\"url\":\"https:\\\/\\\/www.cidademarketing.com.br\\\/marketing\\\/\",\"name\":\"CidadeMarketing\",\"description\":\"Somos um ve\u00edculo de comunica\u00e7\u00e3o de destaque no Brasil, reconhecido por conte\u00fados nos segmentos de marketing, empreendedorismo e inova\u00e7\u00e3o.\",\"publisher\":{\"@id\":\"https:\\\/\\\/www.cidademarketing.com.br\\\/marketing\\\/#organization\"},\"alternateName\":\"CidadeMarketing\",\"potentialAction\":[{\"@type\":\"SearchAction\",\"target\":{\"@type\":\"EntryPoint\",\"urlTemplate\":\"https:\\\/\\\/www.cidademarketing.com.br\\\/marketing\\\/?s={search_term_string}\"},\"query-input\":{\"@type\":\"PropertyValueSpecification\",\"valueRequired\":true,\"valueName\":\"search_term_string\"}}],\"inLanguage\":\"pt-BR\"},{\"@type\":\"Organization\",\"@id\":\"https:\\\/\\\/www.cidademarketing.com.br\\\/marketing\\\/#organization\",\"name\":\"CidadeMarketing\",\"alternateName\":\"CidadeMarketing\",\"url\":\"https:\\\/\\\/www.cidademarketing.com.br\\\/marketing\\\/\",\"logo\":{\"@type\":\"ImageObject\",\"inLanguage\":\"pt-BR\",\"@id\":\"https:\\\/\\\/www.cidademarketing.com.br\\\/marketing\\\/#\\\/schema\\\/logo\\\/image\\\/\",\"url\":\"https:\\\/\\\/www.cidademarketing.com.br\\\/marketing\\\/wp-content\\\/uploads\\\/2020\\\/01\\\/cidademarketing_marca_mobile.png\",\"contentUrl\":\"https:\\\/\\\/www.cidademarketing.com.br\\\/marketing\\\/wp-content\\\/uploads\\\/2020\\\/01\\\/cidademarketing_marca_mobile.png\",\"width\":230,\"height\":92,\"caption\":\"CidadeMarketing\"},\"image\":{\"@id\":\"https:\\\/\\\/www.cidademarketing.com.br\\\/marketing\\\/#\\\/schema\\\/logo\\\/image\\\/\"},\"sameAs\":[\"https:\\\/\\\/www.facebook.com\\\/portalcidademarketing\",\"https:\\\/\\\/x.com\\\/CidadeMarketing\",\"https:\\\/\\\/www.instagram.com\\\/cidademarketing\\\/\"]},{\"@type\":\"Person\",\"@id\":\"https:\\\/\\\/www.cidademarketing.com.br\\\/marketing\\\/#\\\/schema\\\/person\\\/02daff9f18bd9378c9e01eb6b2db155f\",\"name\":\"Thales Brand\u00e3o\",\"image\":{\"@type\":\"ImageObject\",\"inLanguage\":\"pt-BR\",\"@id\":\"https:\\\/\\\/secure.gravatar.com\\\/avatar\\\/7ca3206950207cc3cb48feec56a8a7898741ab725c368d99d5d7a5a50aab80c6?s=96&d=mm&r=g\",\"url\":\"https:\\\/\\\/secure.gravatar.com\\\/avatar\\\/7ca3206950207cc3cb48feec56a8a7898741ab725c368d99d5d7a5a50aab80c6?s=96&d=mm&r=g\",\"contentUrl\":\"https:\\\/\\\/secure.gravatar.com\\\/avatar\\\/7ca3206950207cc3cb48feec56a8a7898741ab725c368d99d5d7a5a50aab80c6?s=96&d=mm&r=g\",\"caption\":\"Thales Brand\u00e3o\"},\"description\":\"Editor Executivo do Portal CidadeMarketing.com.br &gt; Mestre em Comunica\u00e7\u00e3o e Sociedade pela Universidade Federal de Sergipe. Possui MBA Executivo em Administra\u00e7\u00e3o com \u00eanfase em Marketing pela Funda\u00e7\u00e3o Get\u00falio Vargas - Rio de Janeiro. Consultor, Palestrante e Pesquisador sobre Empreendedorismo, Marketing, Redes Sociais e Neg\u00f3cios Digitais. Professor, Palestrante TedxTalks e Campus Party. Twitter: @ThalesBrandao\",\"sameAs\":[\"http:\\\/\\\/www.mandacaru.com.br\",\"https:\\\/\\\/www.facebook.com\\\/thalesbrandao\",\"http:\\\/\\\/www.instagram.com.br\\\/thalesbrandaoferreira\",\"https:\\\/\\\/www.linkedin.com\\\/in\\\/thales-brand\u00e3o-3948609\\\/\",\"https:\\\/\\\/x.com\\\/http:\\\/\\\/www.twitter.com\\\/thalesbrandao\"],\"url\":\"https:\\\/\\\/www.cidademarketing.com.br\\\/marketing\\\/author\\\/thalesbrandao\\\/\"}]}<\/script>\n<!-- \/ Yoast SEO plugin. -->","yoast_head_json":{"title":"MINI apresenta a\u00e7\u00e3o promocional com taxa zero, b\u00f4nus de valoriza\u00e7\u00e3o de seminovo e pre\u00e7o especial - CidadeMarketing","robots":{"index":"index","follow":"follow","max-snippet":"max-snippet:-1","max-image-preview":"max-image-preview:large","max-video-preview":"max-video-preview:-1"},"canonical":"https:\/\/www.cidademarketing.com.br\/marketing\/2024\/03\/14\/mini-apresenta-acao-promocional-com-taxa-zero-bonus-de-valorizacao-de-seminovo-e-preco-especial\/","og_locale":"pt_BR","og_type":"article","og_title":"MINI apresenta a\u00e7\u00e3o promocional com taxa zero, b\u00f4nus de valoriza\u00e7\u00e3o de seminovo e pre\u00e7o especial - CidadeMarketing","og_description":"Come\u00e7ando pelo MINI Cooper S E, a tradicional e mais conhecida carroceria do hatch 3 portas equipado com powertrain 100% el\u00e9trico, conta com taxa de 0% com 60% de entrada com saldo em 24 meses, mais b\u00f4nus de valoriza\u00e7\u00e3o de seminovo a partir de R\uff04 20.000 e pacote MINI Service Inclusive (pacote de servi\u00e7os de [&hellip;]","og_url":"https:\/\/www.cidademarketing.com.br\/marketing\/2024\/03\/14\/mini-apresenta-acao-promocional-com-taxa-zero-bonus-de-valorizacao-de-seminovo-e-preco-especial\/","og_site_name":"CidadeMarketing","article_publisher":"https:\/\/www.facebook.com\/portalcidademarketing","article_author":"https:\/\/www.facebook.com\/thalesbrandao","article_published_time":"2024-03-15T01:50:48+00:00","og_image":[{"width":1000,"height":666,"url":"https:\/\/www.cidademarketing.com.br\/marketing\/wp-content\/uploads\/2024\/03\/bmw_mini_promocao.webp","type":"image\/webp"}],"author":"Thales Brand\u00e3o","twitter_card":"summary_large_image","twitter_creator":"@http:\/\/www.twitter.com\/thalesbrandao","twitter_site":"@CidadeMarketing","twitter_misc":{"Escrito por":"Thales Brand\u00e3o","Est. tempo de leitura":"6 minutos"},"schema":{"@context":"https:\/\/schema.org","@graph":[{"@type":"Article","@id":"https:\/\/www.cidademarketing.com.br\/marketing\/2024\/03\/14\/mini-apresenta-acao-promocional-com-taxa-zero-bonus-de-valorizacao-de-seminovo-e-preco-especial\/#article","isPartOf":{"@id":"https:\/\/www.cidademarketing.com.br\/marketing\/2024\/03\/14\/mini-apresenta-acao-promocional-com-taxa-zero-bonus-de-valorizacao-de-seminovo-e-preco-especial\/"},"author":{"name":"Thales Brand\u00e3o","@id":"https:\/\/www.cidademarketing.com.br\/marketing\/#\/schema\/person\/02daff9f18bd9378c9e01eb6b2db155f"},"headline":"MINI apresenta a\u00e7\u00e3o promocional com taxa zero, b\u00f4nus de valoriza\u00e7\u00e3o de seminovo e pre\u00e7o especial","datePublished":"2024-03-15T01:50:48+00:00","mainEntityOfPage":{"@id":"https:\/\/www.cidademarketing.com.br\/marketing\/2024\/03\/14\/mini-apresenta-acao-promocional-com-taxa-zero-bonus-de-valorizacao-de-seminovo-e-preco-especial\/"},"wordCount":1248,"commentCount":0,"publisher":{"@id":"https:\/\/www.cidademarketing.com.br\/marketing\/#organization"},"image":{"@id":"https:\/\/www.cidademarketing.com.br\/marketing\/2024\/03\/14\/mini-apresenta-acao-promocional-com-taxa-zero-bonus-de-valorizacao-de-seminovo-e-preco-especial\/#primaryimage"},"thumbnailUrl":"https:\/\/www.cidademarketing.com.br\/marketing\/wp-content\/uploads\/2024\/03\/bmw_mini_promocao.webp","keywords":["BMW","campanha","el\u00e9trico","estrat\u00e9gia","marca","marketing","MINI","MINI Cooper","promo\u00e7\u00e3o"],"articleSection":["Not\u00edcias"],"inLanguage":"pt-BR","potentialAction":[{"@type":"CommentAction","name":"Comment","target":["https:\/\/www.cidademarketing.com.br\/marketing\/2024\/03\/14\/mini-apresenta-acao-promocional-com-taxa-zero-bonus-de-valorizacao-de-seminovo-e-preco-especial\/#respond"]}]},{"@type":"WebPage","@id":"https:\/\/www.cidademarketing.com.br\/marketing\/2024\/03\/14\/mini-apresenta-acao-promocional-com-taxa-zero-bonus-de-valorizacao-de-seminovo-e-preco-especial\/","url":"https:\/\/www.cidademarketing.com.br\/marketing\/2024\/03\/14\/mini-apresenta-acao-promocional-com-taxa-zero-bonus-de-valorizacao-de-seminovo-e-preco-especial\/","name":"MINI apresenta a\u00e7\u00e3o promocional com taxa zero, b\u00f4nus de valoriza\u00e7\u00e3o de seminovo e pre\u00e7o especial - CidadeMarketing","isPartOf":{"@id":"https:\/\/www.cidademarketing.com.br\/marketing\/#website"},"primaryImageOfPage":{"@id":"https:\/\/www.cidademarketing.com.br\/marketing\/2024\/03\/14\/mini-apresenta-acao-promocional-com-taxa-zero-bonus-de-valorizacao-de-seminovo-e-preco-especial\/#primaryimage"},"image":{"@id":"https:\/\/www.cidademarketing.com.br\/marketing\/2024\/03\/14\/mini-apresenta-acao-promocional-com-taxa-zero-bonus-de-valorizacao-de-seminovo-e-preco-especial\/#primaryimage"},"thumbnailUrl":"https:\/\/www.cidademarketing.com.br\/marketing\/wp-content\/uploads\/2024\/03\/bmw_mini_promocao.webp","datePublished":"2024-03-15T01:50:48+00:00","breadcrumb":{"@id":"https:\/\/www.cidademarketing.com.br\/marketing\/2024\/03\/14\/mini-apresenta-acao-promocional-com-taxa-zero-bonus-de-valorizacao-de-seminovo-e-preco-especial\/#breadcrumb"},"inLanguage":"pt-BR","potentialAction":[{"@type":"ReadAction","target":["https:\/\/www.cidademarketing.com.br\/marketing\/2024\/03\/14\/mini-apresenta-acao-promocional-com-taxa-zero-bonus-de-valorizacao-de-seminovo-e-preco-especial\/"]}]},{"@type":"ImageObject","inLanguage":"pt-BR","@id":"https:\/\/www.cidademarketing.com.br\/marketing\/2024\/03\/14\/mini-apresenta-acao-promocional-com-taxa-zero-bonus-de-valorizacao-de-seminovo-e-preco-especial\/#primaryimage","url":"https:\/\/www.cidademarketing.com.br\/marketing\/wp-content\/uploads\/2024\/03\/bmw_mini_promocao.webp","contentUrl":"https:\/\/www.cidademarketing.com.br\/marketing\/wp-content\/uploads\/2024\/03\/bmw_mini_promocao.webp","width":1000,"height":666,"caption":"Divulga\u00e7\u00e3o"},{"@type":"BreadcrumbList","@id":"https:\/\/www.cidademarketing.com.br\/marketing\/2024\/03\/14\/mini-apresenta-acao-promocional-com-taxa-zero-bonus-de-valorizacao-de-seminovo-e-preco-especial\/#breadcrumb","itemListElement":[{"@type":"ListItem","position":1,"name":"In\u00edcio","item":"https:\/\/www.cidademarketing.com.br\/marketing\/"},{"@type":"ListItem","position":2,"name":"MINI apresenta a\u00e7\u00e3o promocional com taxa zero, b\u00f4nus de valoriza\u00e7\u00e3o de seminovo e pre\u00e7o especial"}]},{"@type":"WebSite","@id":"https:\/\/www.cidademarketing.com.br\/marketing\/#website","url":"https:\/\/www.cidademarketing.com.br\/marketing\/","name":"CidadeMarketing","description":"Somos um ve\u00edculo de comunica\u00e7\u00e3o de destaque no Brasil, reconhecido por conte\u00fados nos segmentos de marketing, empreendedorismo e inova\u00e7\u00e3o.","publisher":{"@id":"https:\/\/www.cidademarketing.com.br\/marketing\/#organization"},"alternateName":"CidadeMarketing","potentialAction":[{"@type":"SearchAction","target":{"@type":"EntryPoint","urlTemplate":"https:\/\/www.cidademarketing.com.br\/marketing\/?s={search_term_string}"},"query-input":{"@type":"PropertyValueSpecification","valueRequired":true,"valueName":"search_term_string"}}],"inLanguage":"pt-BR"},{"@type":"Organization","@id":"https:\/\/www.cidademarketing.com.br\/marketing\/#organization","name":"CidadeMarketing","alternateName":"CidadeMarketing","url":"https:\/\/www.cidademarketing.com.br\/marketing\/","logo":{"@type":"ImageObject","inLanguage":"pt-BR","@id":"https:\/\/www.cidademarketing.com.br\/marketing\/#\/schema\/logo\/image\/","url":"https:\/\/www.cidademarketing.com.br\/marketing\/wp-content\/uploads\/2020\/01\/cidademarketing_marca_mobile.png","contentUrl":"https:\/\/www.cidademarketing.com.br\/marketing\/wp-content\/uploads\/2020\/01\/cidademarketing_marca_mobile.png","width":230,"height":92,"caption":"CidadeMarketing"},"image":{"@id":"https:\/\/www.cidademarketing.com.br\/marketing\/#\/schema\/logo\/image\/"},"sameAs":["https:\/\/www.facebook.com\/portalcidademarketing","https:\/\/x.com\/CidadeMarketing","https:\/\/www.instagram.com\/cidademarketing\/"]},{"@type":"Person","@id":"https:\/\/www.cidademarketing.com.br\/marketing\/#\/schema\/person\/02daff9f18bd9378c9e01eb6b2db155f","name":"Thales Brand\u00e3o","image":{"@type":"ImageObject","inLanguage":"pt-BR","@id":"https:\/\/secure.gravatar.com\/avatar\/7ca3206950207cc3cb48feec56a8a7898741ab725c368d99d5d7a5a50aab80c6?s=96&d=mm&r=g","url":"https:\/\/secure.gravatar.com\/avatar\/7ca3206950207cc3cb48feec56a8a7898741ab725c368d99d5d7a5a50aab80c6?s=96&d=mm&r=g","contentUrl":"https:\/\/secure.gravatar.com\/avatar\/7ca3206950207cc3cb48feec56a8a7898741ab725c368d99d5d7a5a50aab80c6?s=96&d=mm&r=g","caption":"Thales Brand\u00e3o"},"description":"Editor Executivo do Portal CidadeMarketing.com.br &gt; Mestre em Comunica\u00e7\u00e3o e Sociedade pela Universidade Federal de Sergipe. Possui MBA Executivo em Administra\u00e7\u00e3o com \u00eanfase em Marketing pela Funda\u00e7\u00e3o Get\u00falio Vargas - Rio de Janeiro. Consultor, Palestrante e Pesquisador sobre Empreendedorismo, Marketing, Redes Sociais e Neg\u00f3cios Digitais. Professor, Palestrante TedxTalks e Campus Party. Twitter: @ThalesBrandao","sameAs":["http:\/\/www.mandacaru.com.br","https:\/\/www.facebook.com\/thalesbrandao","http:\/\/www.instagram.com.br\/thalesbrandaoferreira","https:\/\/www.linkedin.com\/in\/thales-brand\u00e3o-3948609\/","https:\/\/x.com\/http:\/\/www.twitter.com\/thalesbrandao"],"url":"https:\/\/www.cidademarketing.com.br\/marketing\/author\/thalesbrandao\/"}]}},"amp_enabled":true,"_links":{"self":[{"href":"https:\/\/www.cidademarketing.com.br\/marketing\/wp-json\/wp\/v2\/posts\/50389","targetHints":{"allow":["GET"]}}],"collection":[{"href":"https:\/\/www.cidademarketing.com.br\/marketing\/wp-json\/wp\/v2\/posts"}],"about":[{"href":"https:\/\/www.cidademarketing.com.br\/marketing\/wp-json\/wp\/v2\/types\/post"}],"author":[{"embeddable":true,"href":"https:\/\/www.cidademarketing.com.br\/marketing\/wp-json\/wp\/v2\/users\/1"}],"replies":[{"embeddable":true,"href":"https:\/\/www.cidademarketing.com.br\/marketing\/wp-json\/wp\/v2\/comments?post=50389"}],"version-history":[{"count":1,"href":"https:\/\/www.cidademarketing.com.br\/marketing\/wp-json\/wp\/v2\/posts\/50389\/revisions"}],"predecessor-version":[{"id":50391,"href":"https:\/\/www.cidademarketing.com.br\/marketing\/wp-json\/wp\/v2\/posts\/50389\/revisions\/50391"}],"wp:featuredmedia":[{"embeddable":true,"href":"https:\/\/www.cidademarketing.com.br\/marketing\/wp-json\/wp\/v2\/media\/50390"}],"wp:attachment":[{"href":"https:\/\/www.cidademarketing.com.br\/marketing\/wp-json\/wp\/v2\/media?parent=50389"}],"wp:term":[{"taxonomy":"category","embeddable":true,"href":"https:\/\/www.cidademarketing.com.br\/marketing\/wp-json\/wp\/v2\/categories?post=50389"},{"taxonomy":"post_tag","embeddable":true,"href":"https:\/\/www.cidademarketing.com.br\/marketing\/wp-json\/wp\/v2\/tags?post=50389"}],"curies":[{"name":"wp","href":"https:\/\/api.w.org\/{rel}","templated":true}]}}