{"id":50374,"date":"2024-03-14T22:20:55","date_gmt":"2024-03-15T01:20:55","guid":{"rendered":"https:\/\/www.cidademarketing.com.br\/marketing\/?p=50374"},"modified":"2024-03-14T22:20:55","modified_gmt":"2024-03-15T01:20:55","slug":"rock-in-rio-apresenta-detalhes-de-sua-nova-producao-original-o-musical-sonhos-lama-e-rock-and-roll","status":"publish","type":"post","link":"https:\/\/www.cidademarketing.com.br\/marketing\/2024\/03\/14\/rock-in-rio-apresenta-detalhes-de-sua-nova-producao-original-o-musical-sonhos-lama-e-rock-and-roll\/","title":{"rendered":"Rock in Rio apresenta detalhes de sua nova produ\u00e7\u00e3o original, o musical &#8220;Sonhos, Lama e Rock and Roll&#8221;\u00a0"},"content":{"rendered":"<p>No ano em que comemora 40 anos de hist\u00f3ria, o Rock in Rio vai lan\u00e7ar uma produ\u00e7\u00e3o original que vai emocionar o p\u00fablico que passar pela Cidade do Rock nesta edi\u00e7\u00e3o especial. Ap\u00f3s o sucesso do espet\u00e1culo &#8220;Uirapuru&#8221;, em 2022, e do &#8220;The Town \u2013 O Musical&#8221;, no The Town, o festival anuncia o musical \u201cSonhos, Lama e Rock and Roll\u201d. A obra vai fazer um mergulho profundo na trajet\u00f3ria de 40 anos do maior festival de m\u00fasica e entretenimento do mundo, levando o p\u00fablico para uma viagem m\u00e1gica pelos bastidores da cria\u00e7\u00e3o do Rock in Rio, destacando a import\u00e2ncia de perseguir e acreditar nos sonhos que desejam realizar.<\/p>\n<p>Sob a cria\u00e7\u00e3o de Roberto Medina, produ\u00e7\u00e3o musical de Z\u00e9 Ricardo e concep\u00e7\u00e3o de Charles M\u00f6eller (tamb\u00e9m respons\u00e1vel pela dire\u00e7\u00e3o geral do espet\u00e1culo) e Claudio Botelho, esta nova produ\u00e7\u00e3o ter\u00e1 uma combina\u00e7\u00e3o \u00fanica de m\u00fasica ao vivo \u2014 acompanhada por uma orquestra, que ficar\u00e1 na lateral do palco \u2014, performances emocionantes com bailarinos coreografados por Mariana Barros e uma cenografia deslumbrante. Entre os elementos do grande palco que carrega um cen\u00e1rio inspirado no conceito de \u201cF\u00e1brica dos Sonhos\u201d, estar\u00e1 o ic\u00f4nico t\u00eanis de 1985 e uma larga escada em formato de m\u00e1quina de escrever. No primeiro ensaio, a obra contou com Bel Kutner, Malu Rodrigues, Beto Sargentelli e Gottsha no elenco. Com dura\u00e7\u00e3o de 35 minutos e previs\u00e3o de quatro exibi\u00e7\u00f5es por dia no festival, o espet\u00e1culo ocupar\u00e1 uma das arenas que fazem parte da Cidade do Rock.<\/p>\n\r\n                <style type=\"text\/css\">\r\n                    \r\n                    #tdi_1  .td-doubleSlider-2 .td-item1 {\r\n                        background: url(https:\/\/www.cidademarketing.com.br\/marketing\/wp-content\/uploads\/2024\/03\/rockinrio_musical_01-80x60.webp) 0 0 no-repeat;\r\n                    }\r\n                    #tdi_1  .td-doubleSlider-2 .td-item2 {\r\n                        background: url(https:\/\/www.cidademarketing.com.br\/marketing\/wp-content\/uploads\/2024\/03\/rockinrio_musical_02-80x60.webp) 0 0 no-repeat;\r\n                    }\r\n                    #tdi_1  .td-doubleSlider-2 .td-item3 {\r\n                        background: url(https:\/\/www.cidademarketing.com.br\/marketing\/wp-content\/uploads\/2024\/03\/rockinrio_musical_03-80x60.webp) 0 0 no-repeat;\r\n                    }\r\n                    #tdi_1  .td-doubleSlider-2 .td-item4 {\r\n                        background: url(https:\/\/www.cidademarketing.com.br\/marketing\/wp-content\/uploads\/2024\/03\/rockinrio_musical_04-80x60.webp) 0 0 no-repeat;\r\n                    }\r\n                    #tdi_1  .td-doubleSlider-2 .td-item5 {\r\n                        background: url(https:\/\/www.cidademarketing.com.br\/marketing\/wp-content\/uploads\/2024\/03\/rockinrio_musical_05-80x60.webp) 0 0 no-repeat;\r\n                    }\r\n                    #tdi_1  .td-doubleSlider-2 .td-item6 {\r\n                        background: url(https:\/\/www.cidademarketing.com.br\/marketing\/wp-content\/uploads\/2024\/03\/rockinrio_musical_06-80x60.webp) 0 0 no-repeat;\r\n                    }\r\n                    #tdi_1  .td-doubleSlider-2 .td-item7 {\r\n                        background: url(https:\/\/www.cidademarketing.com.br\/marketing\/wp-content\/uploads\/2024\/03\/rockinrio_musical_07-80x60.webp) 0 0 no-repeat;\r\n                    }\r\n                <\/style>\r\n\r\n                <div id=\"tdi_1\" class=\"td-gallery td-slide-on-2-columns\">\r\n                    <div class=\"post_td_gallery\">\r\n                        <div class=\"td-gallery-slide-top\">\r\n                           <div class=\"td-gallery-title\"><\/div>\r\n\r\n                            <div class=\"td-gallery-controls-wrapper\">\r\n                                <div class=\"td-gallery-slide-count\"><span class=\"td-gallery-slide-item-focus\">1<\/span> de 7<\/div>\r\n                                <div class=\"td-gallery-slide-prev-next-but\">\r\n                                    <i class = \"td-icon-left doubleSliderPrevButton\"><\/i>\r\n                                    <i class = \"td-icon-right doubleSliderNextButton\"><\/i>\r\n                                <\/div>\r\n                            <\/div>\r\n                        <\/div>\r\n\r\n                        <div class = \"td-doubleSlider-1 \">\r\n                            <div class = \"td-slider\">\r\n                                \r\n                    <div class = \"td-slide-item td-item1\">\r\n                        <figure class=\"td-slide-galery-figure td-slide-popup-gallery\">\r\n                            <a class=\"slide-gallery-image-link\" href=\"https:\/\/www.cidademarketing.com.br\/marketing\/wp-content\/uploads\/2024\/03\/rockinrio_musical_01.webp\" title=\"Rock in Rio Musical\"  data-caption=\"Divulga\u00e7\u00e3o\"  data-description=\"\">\r\n                                <img decoding=\"async\" src=\"https:\/\/www.cidademarketing.com.br\/marketing\/wp-content\/uploads\/2024\/03\/rockinrio_musical_01-630x420.webp\" srcset=\"https:\/\/www.cidademarketing.com.br\/marketing\/wp-content\/uploads\/2024\/03\/rockinrio_musical_01-630x420.webp 630w, https:\/\/www.cidademarketing.com.br\/marketing\/wp-content\/uploads\/2024\/03\/rockinrio_musical_01-300x200.webp 300w, https:\/\/www.cidademarketing.com.br\/marketing\/wp-content\/uploads\/2024\/03\/rockinrio_musical_01-768x512.webp 768w, https:\/\/www.cidademarketing.com.br\/marketing\/wp-content\/uploads\/2024\/03\/rockinrio_musical_01-640x427.webp 640w, https:\/\/www.cidademarketing.com.br\/marketing\/wp-content\/uploads\/2024\/03\/rockinrio_musical_01-681x454.webp 681w, https:\/\/www.cidademarketing.com.br\/marketing\/wp-content\/uploads\/2024\/03\/rockinrio_musical_01.webp 1000w\" sizes=\"(max-width: 630px) 100vw, 630px\" alt=\"\">\r\n                            <\/a>\r\n                            <figcaption class = \"td-slide-caption td-gallery-slide-content\"><div class = \"td-gallery-slide-copywrite\">Divulga\u00e7\u00e3o<\/div><\/figcaption>\r\n                        <\/figure>\r\n                    <\/div>\r\n                    <div class = \"td-slide-item td-item2\">\r\n                        <figure class=\"td-slide-galery-figure td-slide-popup-gallery\">\r\n                            <a class=\"slide-gallery-image-link\" href=\"https:\/\/www.cidademarketing.com.br\/marketing\/wp-content\/uploads\/2024\/03\/rockinrio_musical_02.webp\" title=\"Rock in Rio Musical\"  data-caption=\"Divulga\u00e7\u00e3o\"  data-description=\"\">\r\n                                <img decoding=\"async\" src=\"https:\/\/www.cidademarketing.com.br\/marketing\/wp-content\/uploads\/2024\/03\/rockinrio_musical_02-630x420.webp\" srcset=\"https:\/\/www.cidademarketing.com.br\/marketing\/wp-content\/uploads\/2024\/03\/rockinrio_musical_02-630x420.webp 630w, https:\/\/www.cidademarketing.com.br\/marketing\/wp-content\/uploads\/2024\/03\/rockinrio_musical_02-300x200.webp 300w, https:\/\/www.cidademarketing.com.br\/marketing\/wp-content\/uploads\/2024\/03\/rockinrio_musical_02-768x512.webp 768w, https:\/\/www.cidademarketing.com.br\/marketing\/wp-content\/uploads\/2024\/03\/rockinrio_musical_02-640x427.webp 640w, https:\/\/www.cidademarketing.com.br\/marketing\/wp-content\/uploads\/2024\/03\/rockinrio_musical_02-681x454.webp 681w, https:\/\/www.cidademarketing.com.br\/marketing\/wp-content\/uploads\/2024\/03\/rockinrio_musical_02.webp 1000w\" sizes=\"(max-width: 630px) 100vw, 630px\" alt=\"\">\r\n                            <\/a>\r\n                            <figcaption class = \"td-slide-caption td-gallery-slide-content\"><div class = \"td-gallery-slide-copywrite\">Divulga\u00e7\u00e3o<\/div><\/figcaption>\r\n                        <\/figure>\r\n                    <\/div>\r\n                    <div class = \"td-slide-item td-item3\">\r\n                        <figure class=\"td-slide-galery-figure td-slide-popup-gallery\">\r\n                            <a class=\"slide-gallery-image-link\" href=\"https:\/\/www.cidademarketing.com.br\/marketing\/wp-content\/uploads\/2024\/03\/rockinrio_musical_03.webp\" title=\"Rock in Rio Musical\"  data-caption=\"Divulga\u00e7\u00e3o\"  data-description=\"\">\r\n                                <img decoding=\"async\" src=\"https:\/\/www.cidademarketing.com.br\/marketing\/wp-content\/uploads\/2024\/03\/rockinrio_musical_03-630x420.webp\" srcset=\"https:\/\/www.cidademarketing.com.br\/marketing\/wp-content\/uploads\/2024\/03\/rockinrio_musical_03-630x420.webp 630w, https:\/\/www.cidademarketing.com.br\/marketing\/wp-content\/uploads\/2024\/03\/rockinrio_musical_03-300x200.webp 300w, https:\/\/www.cidademarketing.com.br\/marketing\/wp-content\/uploads\/2024\/03\/rockinrio_musical_03-768x512.webp 768w, https:\/\/www.cidademarketing.com.br\/marketing\/wp-content\/uploads\/2024\/03\/rockinrio_musical_03-640x427.webp 640w, https:\/\/www.cidademarketing.com.br\/marketing\/wp-content\/uploads\/2024\/03\/rockinrio_musical_03-681x454.webp 681w, https:\/\/www.cidademarketing.com.br\/marketing\/wp-content\/uploads\/2024\/03\/rockinrio_musical_03.webp 1000w\" sizes=\"(max-width: 630px) 100vw, 630px\" alt=\"\">\r\n                            <\/a>\r\n                            <figcaption class = \"td-slide-caption td-gallery-slide-content\"><div class = \"td-gallery-slide-copywrite\">Divulga\u00e7\u00e3o<\/div><\/figcaption>\r\n                        <\/figure>\r\n                    <\/div>\r\n                    <div class = \"td-slide-item td-item4\">\r\n                        <figure class=\"td-slide-galery-figure td-slide-popup-gallery\">\r\n                            <a class=\"slide-gallery-image-link\" href=\"https:\/\/www.cidademarketing.com.br\/marketing\/wp-content\/uploads\/2024\/03\/rockinrio_musical_04.webp\" title=\"Rock in Rio Musical\"  data-caption=\"Divulga\u00e7\u00e3o\"  data-description=\"\">\r\n                                <img decoding=\"async\" src=\"https:\/\/www.cidademarketing.com.br\/marketing\/wp-content\/uploads\/2024\/03\/rockinrio_musical_04-630x420.webp\" srcset=\"https:\/\/www.cidademarketing.com.br\/marketing\/wp-content\/uploads\/2024\/03\/rockinrio_musical_04-630x420.webp 630w, https:\/\/www.cidademarketing.com.br\/marketing\/wp-content\/uploads\/2024\/03\/rockinrio_musical_04-300x200.webp 300w, https:\/\/www.cidademarketing.com.br\/marketing\/wp-content\/uploads\/2024\/03\/rockinrio_musical_04-768x512.webp 768w, https:\/\/www.cidademarketing.com.br\/marketing\/wp-content\/uploads\/2024\/03\/rockinrio_musical_04-640x427.webp 640w, https:\/\/www.cidademarketing.com.br\/marketing\/wp-content\/uploads\/2024\/03\/rockinrio_musical_04-681x454.webp 681w, https:\/\/www.cidademarketing.com.br\/marketing\/wp-content\/uploads\/2024\/03\/rockinrio_musical_04.webp 1000w\" sizes=\"(max-width: 630px) 100vw, 630px\" alt=\"\">\r\n                            <\/a>\r\n                            <figcaption class = \"td-slide-caption td-gallery-slide-content\"><div class = \"td-gallery-slide-copywrite\">Divulga\u00e7\u00e3o<\/div><\/figcaption>\r\n                        <\/figure>\r\n                    <\/div>\r\n                    <div class = \"td-slide-item td-item5\">\r\n                        <figure class=\"td-slide-galery-figure td-slide-popup-gallery\">\r\n                            <a class=\"slide-gallery-image-link\" href=\"https:\/\/www.cidademarketing.com.br\/marketing\/wp-content\/uploads\/2024\/03\/rockinrio_musical_05.webp\" title=\"Rock in Rio Musical\"  data-caption=\"Divulga\u00e7\u00e3o\"  data-description=\"\">\r\n                                <img decoding=\"async\" src=\"https:\/\/www.cidademarketing.com.br\/marketing\/wp-content\/uploads\/2024\/03\/rockinrio_musical_05-565x420.webp\" srcset=\"https:\/\/www.cidademarketing.com.br\/marketing\/wp-content\/uploads\/2024\/03\/rockinrio_musical_05-565x420.webp 565w, https:\/\/www.cidademarketing.com.br\/marketing\/wp-content\/uploads\/2024\/03\/rockinrio_musical_05-300x223.webp 300w, https:\/\/www.cidademarketing.com.br\/marketing\/wp-content\/uploads\/2024\/03\/rockinrio_musical_05-768x571.webp 768w, https:\/\/www.cidademarketing.com.br\/marketing\/wp-content\/uploads\/2024\/03\/rockinrio_musical_05-80x60.webp 80w, https:\/\/www.cidademarketing.com.br\/marketing\/wp-content\/uploads\/2024\/03\/rockinrio_musical_05-100x75.webp 100w, https:\/\/www.cidademarketing.com.br\/marketing\/wp-content\/uploads\/2024\/03\/rockinrio_musical_05-180x135.webp 180w, https:\/\/www.cidademarketing.com.br\/marketing\/wp-content\/uploads\/2024\/03\/rockinrio_musical_05-238x178.webp 238w, https:\/\/www.cidademarketing.com.br\/marketing\/wp-content\/uploads\/2024\/03\/rockinrio_musical_05-265x198.webp 265w, https:\/\/www.cidademarketing.com.br\/marketing\/wp-content\/uploads\/2024\/03\/rockinrio_musical_05-640x476.webp 640w, https:\/\/www.cidademarketing.com.br\/marketing\/wp-content\/uploads\/2024\/03\/rockinrio_musical_05-681x507.webp 681w, https:\/\/www.cidademarketing.com.br\/marketing\/wp-content\/uploads\/2024\/03\/rockinrio_musical_05.webp 1000w\" sizes=\"(max-width: 565px) 100vw, 565px\" alt=\"\">\r\n                            <\/a>\r\n                            <figcaption class = \"td-slide-caption td-gallery-slide-content\"><div class = \"td-gallery-slide-copywrite\">Divulga\u00e7\u00e3o<\/div><\/figcaption>\r\n                        <\/figure>\r\n                    <\/div>\r\n                    <div class = \"td-slide-item td-item6\">\r\n                        <figure class=\"td-slide-galery-figure td-slide-popup-gallery\">\r\n                            <a class=\"slide-gallery-image-link\" href=\"https:\/\/www.cidademarketing.com.br\/marketing\/wp-content\/uploads\/2024\/03\/rockinrio_musical_06.webp\" title=\"Rock in Rio Musical\"  data-caption=\"Divulga\u00e7\u00e3o\"  data-description=\"\">\r\n                                <img decoding=\"async\" src=\"https:\/\/www.cidademarketing.com.br\/marketing\/wp-content\/uploads\/2024\/03\/rockinrio_musical_06-614x420.webp\" srcset=\"https:\/\/www.cidademarketing.com.br\/marketing\/wp-content\/uploads\/2024\/03\/rockinrio_musical_06-614x420.webp 614w, https:\/\/www.cidademarketing.com.br\/marketing\/wp-content\/uploads\/2024\/03\/rockinrio_musical_06-300x205.webp 300w, https:\/\/www.cidademarketing.com.br\/marketing\/wp-content\/uploads\/2024\/03\/rockinrio_musical_06-768x525.webp 768w, https:\/\/www.cidademarketing.com.br\/marketing\/wp-content\/uploads\/2024\/03\/rockinrio_musical_06-640x438.webp 640w, https:\/\/www.cidademarketing.com.br\/marketing\/wp-content\/uploads\/2024\/03\/rockinrio_musical_06-681x466.webp 681w, https:\/\/www.cidademarketing.com.br\/marketing\/wp-content\/uploads\/2024\/03\/rockinrio_musical_06.webp 1000w\" sizes=\"(max-width: 614px) 100vw, 614px\" alt=\"\">\r\n                            <\/a>\r\n                            <figcaption class = \"td-slide-caption td-gallery-slide-content\"><div class = \"td-gallery-slide-copywrite\">Divulga\u00e7\u00e3o<\/div><\/figcaption>\r\n                        <\/figure>\r\n                    <\/div>\r\n                    <div class = \"td-slide-item td-item7\">\r\n                        <figure class=\"td-slide-galery-figure td-slide-popup-gallery\">\r\n                            <a class=\"slide-gallery-image-link\" href=\"https:\/\/www.cidademarketing.com.br\/marketing\/wp-content\/uploads\/2024\/03\/rockinrio_musical_07.webp\" title=\"Rock in Rio Musical\"  data-caption=\"Divulga\u00e7\u00e3o\"  data-description=\"\">\r\n                                <img decoding=\"async\" src=\"https:\/\/www.cidademarketing.com.br\/marketing\/wp-content\/uploads\/2024\/03\/rockinrio_musical_07-950x420.webp\" srcset=\"https:\/\/www.cidademarketing.com.br\/marketing\/wp-content\/uploads\/2024\/03\/rockinrio_musical_07-950x420.webp 950w, https:\/\/www.cidademarketing.com.br\/marketing\/wp-content\/uploads\/2024\/03\/rockinrio_musical_07-300x133.webp 300w, https:\/\/www.cidademarketing.com.br\/marketing\/wp-content\/uploads\/2024\/03\/rockinrio_musical_07-768x339.webp 768w, https:\/\/www.cidademarketing.com.br\/marketing\/wp-content\/uploads\/2024\/03\/rockinrio_musical_07-640x283.webp 640w, https:\/\/www.cidademarketing.com.br\/marketing\/wp-content\/uploads\/2024\/03\/rockinrio_musical_07-681x301.webp 681w, https:\/\/www.cidademarketing.com.br\/marketing\/wp-content\/uploads\/2024\/03\/rockinrio_musical_07.webp 1000w\" sizes=\"(max-width: 950px) 100vw, 950px\" alt=\"\">\r\n                            <\/a>\r\n                            <figcaption class = \"td-slide-caption td-gallery-slide-content\"><div class = \"td-gallery-slide-copywrite\">Divulga\u00e7\u00e3o<\/div><\/figcaption>\r\n                        <\/figure>\r\n                    <\/div>\r\n                            <\/div>\r\n                        <\/div>\r\n\r\n                        <div class = \"td-doubleSlider-2\">\r\n                            <div class = \"td-slider\">\r\n                                \r\n                    <div class = \"td-button td-item1\">\r\n                        <div class = \"td-border\"><\/div>\r\n                    <\/div>\r\n                    <div class = \"td-button td-item2\">\r\n                        <div class = \"td-border\"><\/div>\r\n                    <\/div>\r\n                    <div class = \"td-button td-item3\">\r\n                        <div class = \"td-border\"><\/div>\r\n                    <\/div>\r\n                    <div class = \"td-button td-item4\">\r\n                        <div class = \"td-border\"><\/div>\r\n                    <\/div>\r\n                    <div class = \"td-button td-item5\">\r\n                        <div class = \"td-border\"><\/div>\r\n                    <\/div>\r\n                    <div class = \"td-button td-item6\">\r\n                        <div class = \"td-border\"><\/div>\r\n                    <\/div>\r\n                    <div class = \"td-button td-item7\">\r\n                        <div class = \"td-border\"><\/div>\r\n                    <\/div>\r\n                            <\/div>\r\n                        <\/div>\r\n\r\n                    <\/div>\r\n\r\n                <\/div>\r\n                \n<p>&#8220;\u201dSonhos, Lama e Rock and Roll\u201d \u00e9 mais do que um musical, \u00e9 uma celebra\u00e7\u00e3o da coragem de perseguir sonhos aparentemente imposs\u00edveis. Elaboramos uma emocionante narrativa que transportar\u00e1 a plateia para um Rio de Janeiro repleto de desafios e possibilidades. O espet\u00e1culo mergulha no passado, rememorando o ano de 1984, quando a ideia de realizar um gigante festival de m\u00fasica internacional na cidade era vista como um sonho inalcan\u00e7\u00e1vel. Estou ansioso para ver o espet\u00e1culo na Cidade do Rock. Estamos trabalhando incansavelmente, pensando em cada detalhe, para que tudo seja perfeito. As pessoas ficar\u00e3o encantadas com cada cena que ser\u00e1 apresentada.&#8221; celebra Roberto Medina, presidente da Rock World, empresa que criou, organiza e produz o Rock in Rio e o The Town.<\/p>\n<p>Na trilha sonora, o p\u00fablico vai reconhecer alguns dos maiores hits mundiais. Al\u00e9m de uma composi\u00e7\u00e3o in\u00e9dita, estar\u00e3o presentes no repert\u00f3rio can\u00e7\u00f5es emblem\u00e1ticas de grandes artistas que passaram pelo festival. &#8220;A trilha sonora do espet\u00e1culo \u00e9 uma verdadeira viagem musical, repleta de sucessos ic\u00f4nicos que transcendem gera\u00e7\u00f5es e que marcaram o Rock in Rio em edi\u00e7\u00f5es no Rio e em Lisboa. \u00c9 uma experi\u00eancia que une o poder da m\u00fasica \u00e0 magia do teatro, transportando o p\u00fablico para esta jornada que ser\u00e1 emocionante e inesquec\u00edvel. A orquestra ser\u00e1 a cereja do bolo da obra, com cada nota ressoando com energia e emo\u00e7\u00e3o, complementando perfeitamente a hist\u00f3ria envolvente que ganha vida no palco.&#8221; destaca Z\u00e9 Ricardo, vice-presidente art\u00edstico da Rock World, que complementa: \u201cFazer e criar m\u00fasica para musicais \u00e9 uma coisa que me provoca demais. S\u00e3o muitas possibilidades, um universo onde tudo \u00e9 poss\u00edvel. Isso combina muito com o Rock in Rio, que traz diversas experi\u00eancias diferentes para a Cidade do Rock. Al\u00e9m dos diversos shows de grandes artistas, o festival consegue ir al\u00e9m e promover muitas outras atra\u00e7\u00f5es para o p\u00fablico.<\/p>\n<p>Narrativa vai transportar a plateia para 1984, ano em que o Rock in Rio come\u00e7ou a deixar de ser um sonho e virar realidade<\/p>\n<p>A nova produ\u00e7\u00e3o, \u201cSonhos, Lama e Rock and Roll\u201d, acompanha a hist\u00f3ria da autora Maria Ant\u00f4nia Lobo \u2014 interpretada pela atriz Bel Kutner quando h\u00e1 a passagem no ano de 2024 e, depois, quando a pe\u00e7a est\u00e1 em 1984, pela atriz Malu Rodrigues \u2014, mulher determinada e apaixonada pelo mundo da publicidade e do entretenimento, na noite de aut\u00f3grafos de seu livro autobiogr\u00e1fico &#8220;F\u00e1brica de Sonhos&#8221;, em 2024. Durante o evento, Maria reflete sobre sua jornada de vida, especialmente em 1984, quando participou da ideia de realizar um festival de rock internacional no Rio era vista como um del\u00edrio quixotesco.<\/p>\n<p>\u201cFazer um musical em um festival deste tamanho \u00e9 completamente diferente. \u00c9 muito fascinante porque \u00e9 tudo muito grandioso. Trabalhar aqui \u00e9 maravilhoso porque eles me d\u00e3o essa liberdade e oportunidade de eu entregar o que eu acredito. Isso \u00e9 ainda mais incr\u00edvel porque estamos falando da hist\u00f3ria do festival dentro do festival. \u00c9 uma metalinguagem fascinante para se fazer.\u201d comenta Charles M\u00f6eller, que tamb\u00e9m ressalta a import\u00e2ncia do Rock in Rio: \u201cO festival \u00e9 uma inspira\u00e7\u00e3o para a gente. O Roberto Medina elevou a categoria do Rio de Janeiro, do Brasil e do entretenimento do pa\u00eds. Eu acho que se hoje eu estou tendo uma carreira, \u00e9 porque ele l\u00e1 atr\u00e1s viu que seria poss\u00edvel fazer isso no Rio de Janeiro, em S\u00e3o Paulo ou no Brasil. Nada mais justo do que eu bater contin\u00eancia para a hist\u00f3ria da vida dele, que \u00e9 t\u00e3o fascinante e nos inspira a tanto.\u201d<\/p>\n<p>O musical levar\u00e1 os espectadores a uma viagem no tempo, voltando para 1984, onde a jovem Maria Ant\u00f4nia chega a uma ag\u00eancia de publicidade carregando uma mala cheia de sonhos e aspira\u00e7\u00f5es. Contratada como estagi\u00e1ria, ela \u00e9 recepcionada por Dora \u2014 papel feito por Gottsha \u2014 e disputa uma vaga no departamento de cria\u00e7\u00e3o com Jo\u00e3o Coelho \u2014 interpretado pelo talentoso Beto Sargentelli \u2014, um jovem carism\u00e1tico que se recusa a adotar um comportamento competitivo. Enquanto isso, em meio a uma crise pol\u00edtica e econ\u00f4mica no Brasil, o dono da ag\u00eancia revela a inten\u00e7\u00e3o de criar o maior festival de m\u00fasica e entretenimento do mundo, refletindo a aud\u00e1cia necess\u00e1ria para transformar sonhos em realidade.<\/p>\n<p>\u00c0 medida que a hist\u00f3ria avan\u00e7a, os espectadores s\u00e3o levados em uma montanha-russa de emo\u00e7\u00f5es, culminando em um final poderoso que celebra a resili\u00eancia, a criatividade e o esp\u00edrito do Rock in Rio.<\/p>\n<p>Uma das passagens mais marcantes da narrativa \u00e9 a apari\u00e7\u00e3o de Dom Quixote, tamb\u00e9m interpretado por Beto Sargentelli. Dom Quixote, o ic\u00f4nico cavaleiro errante, surge montado em seu cavalo no meio do p\u00fablico e dirige-se ao palco central, simbolizando a luta contra os c\u00e9ticos e a busca incans\u00e1vel por realizar os sonhos mais imposs\u00edveis.<\/p>\n<p><iframe title=\"Spotify Embed: Podcast CidadeMarketing\" style=\"border-radius: 12px\" width=\"100%\" height=\"152\" frameborder=\"0\" allowfullscreen allow=\"autoplay; clipboard-write; encrypted-media; fullscreen; picture-in-picture\" loading=\"lazy\" src=\"https:\/\/open.spotify.com\/embed\/show\/4khMKzP3FgFRWVwb73xicc?si=252fe5bff2b34909&#038;utm_source=oembed\"><\/iframe><\/p>\n<p>&nbsp;<\/p>\n<p>\u201cSonhos, Lama e Rock and Roll\u201d \u00e9 um testemunho poderoso da capacidade humana de sonhar grande e do impacto duradouro que esses sonhos podem ter. O musical exemplifica como a vis\u00e3o e a persist\u00eancia podem moldar n\u00e3o apenas o destino de uma pessoa, mas tamb\u00e9m o curso da hist\u00f3ria cultural de uma cidade, de um pa\u00eds e, por extens\u00e3o, do mundo. \u00c9 um lembrete luminoso de que, mesmo diante do imposs\u00edvel, persistir em sonhar \u00e9 o mais humano de todos os nossos dons.<\/p>\n<p>A nova produ\u00e7\u00e3o tamb\u00e9m servir\u00e1 de inspira\u00e7\u00e3o para um outro espet\u00e1culo, que ocorrer\u00e1 fora da cidade do Rock. A obra vai apresentar a hist\u00f3ria do Rock in Rio no teatro, alcan\u00e7ando novos p\u00fablicos e compartilhando a magia do festival com toda a cidade do Rio de Janeiro. Ser\u00e1 uma oportunidade \u00fanica para que ainda mais pessoas vivenciem a energia e a emo\u00e7\u00e3o que \u00e9 o Rock in Rio.<\/p>\n<p>O Rock in Rio vai acontecer nos dias 13, 14, 15, 19, 20, 21 e 22 de setembro de 2024, com 700 mil pessoas na Cidade do Rock. Ser\u00e1 a celebra\u00e7\u00e3o de 40 anos do festival que colocou o Brasil na rota da cena musical do mundo, e que, em 2022, recebeu o t\u00edtulo de Patrim\u00f4nio Cultural Imaterial pela Cidade e Estado do Rio de Janeiro. J\u00e1 s\u00e3o 22 edi\u00e7\u00f5es realizadas, mais de 3.800 artistas escalados, mais de 11.2 milh\u00f5es na plateia e mais de 130 dias de magia desde 1985. E, para 2024, os f\u00e3s podem aguardar uma festa especial, com novas experi\u00eancias e viv\u00eancias dentro da Cidade do Rock.<br \/>\nNa programa\u00e7\u00e3o do primeiro fim de semana, Travis Scott e Matu\u00ea com participa\u00e7\u00e3o de TETO e WIU, fazem show no dia 13, no Palco Mundo. J\u00e1 Imagine Dragons, OneRepublic, Zara Larsson e Lulu Santos se apresentam tamb\u00e9m no Palco Mundo no dia 14.<br \/>\nNo fim de semana seguinte, Ed Sheeran, Charlie Puth, Joss Stone e J\u00e3o, se apresentam no dia 19, mesmo dia em que Gloria Groove sobe ao Palco Sunset. No dia 20, o Dia Delas, \u00e9 a vez de Katy Perry e Ivete Sangalo se apresentarem no Palco Mundo, enquanto IZA, Gloria Gaynor e Luedji Luna convida X\u00eania Fran\u00e7a e Tassia Reis no Palco Sunset. No palco da Global Village, Angelique Kidjo faz show no dia 20 e 21. Fechando o Rock in Rio, Shawn Mendes e NE-YO fazem show no Palco Mundo no dia 22.<br \/>\nS\u00e3o 40 anos de Rock in Rio em uma edi\u00e7\u00e3o com muitas novidades, dentro e fora da Cidade do Rock<\/p>\n<p>Este ano, o Rock in Rio vai celebrar quatro d\u00e9cadas de grandes encontros: entre artistas, a Cidade do Rock e seus f\u00e3s, entre amigos, fam\u00edlias, ritmos e g\u00eaneros musicais. O p\u00fablico j\u00e1 pode come\u00e7ar sua contagem regressiva n\u00e3o apenas para a Cidade do Rock, mas para dias de festa ao longo do ano.<br \/>\nPela primeira vez, o Palco Sunset ter\u00e1 o mesmo tamanho de boca de cena do Palco Mundo, que por sua vez receber\u00e1 novidades na cenografia, oferecendo oportunidades de selfies e uma experi\u00eancia visual din\u00e2mica. Al\u00e9m disso, a Cidade do Rock ter\u00e1 uma nova \u00e1rea, o Global Village, destacando o compromisso do festival com a paz e diversidade cultural. Esta \u00e1rea imersiva contar\u00e1 com uma cenografia inspirada em \u00edcones arquitet\u00f4nicos mundiais, proporcionando uma experi\u00eancia \u00fanica aos visitantes.<br \/>\nO Rock in Rio tamb\u00e9m celebrar\u00e1 seus 40 anos com uma exposi\u00e7\u00e3o interativa, um table book e um novo musical, que contar\u00e1 a hist\u00f3ria do festival e do Rio de Janeiro. O projeto, um Rock in Rio Originals, envolve a cria\u00e7\u00e3o de Roberto Medina, dire\u00e7\u00e3o musical de Z\u00e9 Ricardo e dire\u00e7\u00e3o art\u00edstica de Charles M\u00f6eller.<br \/>\nO Rock in Rio j\u00e1 est\u00e1 se preparando para este momento e vendo a cidade abra\u00e7ar a grande festa que acontece em setembro. No in\u00edcio do ano, o festival recebeu uma homenagem da Prefeitura do Rio no R\u00e9veillon da Praia de Copacabana, com uma apresenta\u00e7\u00e3o da Nova Orquestra e do coral CarioCanto, e a Yup Star, a Roda-Gigante do Rio, tamb\u00e9m fez proje\u00e7\u00f5es referentes ao megaevento. O festival tamb\u00e9m contou com uma grande instala\u00e7\u00e3o art\u00edstica de led, localizada na Lagoa Rodrigo de Freitas, que trouxe conte\u00fados sobre o festival e que homenageou e abrilhantou a Cidade Maravilhosa.<br \/>\nNo anivers\u00e1rio do festival, 11 de janeiro, foi a vez do Cristo Redentor abra\u00e7ar esta edi\u00e7\u00e3o que ser\u00e1 hist\u00f3rica. O monumento foi iluminado com as cores azul, branco e vermelho, que remetem ao festival. A ic\u00f4nica guitarra, elemento marcante do festival, foi projetada logo ao centro do Cristo Redentor trazendo mensagens de paz, amor, alegria, uni\u00e3o e esperan\u00e7a para o Rio de Janeiro.<\/p>\n","protected":false},"excerpt":{"rendered":"<p>No ano em que comemora 40 anos de hist\u00f3ria, o Rock in Rio vai lan\u00e7ar uma produ\u00e7\u00e3o original que vai emocionar o p\u00fablico que passar pela Cidade do Rock nesta edi\u00e7\u00e3o especial. Ap\u00f3s o sucesso do espet\u00e1culo &#8220;Uirapuru&#8221;, em 2022, e do &#8220;The Town \u2013 O Musical&#8221;, no The Town, o festival anuncia o musical [&hellip;]<\/p>\n","protected":false},"author":1,"featured_media":50381,"comment_status":"open","ping_status":"open","sticky":false,"template":"","format":"standard","meta":{"tdm_status":"","tdm_grid_status":"","footnotes":""},"categories":[6],"tags":[33,179,805,28,5141,199,2125,2136],"class_list":["post-50374","post","type-post","status-publish","format-standard","has-post-thumbnail","hentry","category-noticias","tag-estrategia","tag-evento","tag-experiencia","tag-marketing","tag-musical","tag-rio-de-janeiro","tag-rock","tag-rock-in-rio"],"yoast_head":"<!-- This site is optimized with the Yoast SEO plugin v27.5 - https:\/\/yoast.com\/product\/yoast-seo-wordpress\/ -->\n<title>Rock in Rio apresenta detalhes de sua nova produ\u00e7\u00e3o original, o musical &quot;Sonhos, Lama e Rock and Roll&quot;\u00a0 - CidadeMarketing<\/title>\n<meta name=\"robots\" content=\"index, follow, max-snippet:-1, max-image-preview:large, max-video-preview:-1\" \/>\n<link rel=\"canonical\" href=\"https:\/\/www.cidademarketing.com.br\/marketing\/2024\/03\/14\/rock-in-rio-apresenta-detalhes-de-sua-nova-producao-original-o-musical-sonhos-lama-e-rock-and-roll\/\" \/>\n<meta property=\"og:locale\" content=\"pt_BR\" \/>\n<meta property=\"og:type\" content=\"article\" \/>\n<meta property=\"og:title\" content=\"Rock in Rio apresenta detalhes de sua nova produ\u00e7\u00e3o original, o musical &quot;Sonhos, Lama e Rock and Roll&quot;\u00a0 - CidadeMarketing\" \/>\n<meta property=\"og:description\" content=\"No ano em que comemora 40 anos de hist\u00f3ria, o Rock in Rio vai lan\u00e7ar uma produ\u00e7\u00e3o original que vai emocionar o p\u00fablico que passar pela Cidade do Rock nesta edi\u00e7\u00e3o especial. Ap\u00f3s o sucesso do espet\u00e1culo &#8220;Uirapuru&#8221;, em 2022, e do &#8220;The Town \u2013 O Musical&#8221;, no The Town, o festival anuncia o musical [&hellip;]\" \/>\n<meta property=\"og:url\" content=\"https:\/\/www.cidademarketing.com.br\/marketing\/2024\/03\/14\/rock-in-rio-apresenta-detalhes-de-sua-nova-producao-original-o-musical-sonhos-lama-e-rock-and-roll\/\" \/>\n<meta property=\"og:site_name\" content=\"CidadeMarketing\" \/>\n<meta property=\"article:publisher\" content=\"https:\/\/www.facebook.com\/portalcidademarketing\" \/>\n<meta property=\"article:author\" content=\"https:\/\/www.facebook.com\/thalesbrandao\" \/>\n<meta property=\"article:published_time\" content=\"2024-03-15T01:20:55+00:00\" \/>\n<meta property=\"og:image\" content=\"https:\/\/www.cidademarketing.com.br\/marketing\/wp-content\/uploads\/2024\/03\/rockinrio_musical_07.webp\" \/>\n\t<meta property=\"og:image:width\" content=\"1000\" \/>\n\t<meta property=\"og:image:height\" content=\"442\" \/>\n\t<meta property=\"og:image:type\" content=\"image\/webp\" \/>\n<meta name=\"author\" content=\"Thales Brand\u00e3o\" \/>\n<meta name=\"twitter:card\" content=\"summary_large_image\" \/>\n<meta name=\"twitter:creator\" content=\"@http:\/\/www.twitter.com\/thalesbrandao\" \/>\n<meta name=\"twitter:site\" content=\"@CidadeMarketing\" \/>\n<meta name=\"twitter:label1\" content=\"Escrito por\" \/>\n\t<meta name=\"twitter:data1\" content=\"Thales Brand\u00e3o\" \/>\n\t<meta name=\"twitter:label2\" content=\"Est. tempo de leitura\" \/>\n\t<meta name=\"twitter:data2\" content=\"10 minutos\" \/>\n<script type=\"application\/ld+json\" class=\"yoast-schema-graph\">{\"@context\":\"https:\\\/\\\/schema.org\",\"@graph\":[{\"@type\":\"Article\",\"@id\":\"https:\\\/\\\/www.cidademarketing.com.br\\\/marketing\\\/2024\\\/03\\\/14\\\/rock-in-rio-apresenta-detalhes-de-sua-nova-producao-original-o-musical-sonhos-lama-e-rock-and-roll\\\/#article\",\"isPartOf\":{\"@id\":\"https:\\\/\\\/www.cidademarketing.com.br\\\/marketing\\\/2024\\\/03\\\/14\\\/rock-in-rio-apresenta-detalhes-de-sua-nova-producao-original-o-musical-sonhos-lama-e-rock-and-roll\\\/\"},\"author\":{\"name\":\"Thales Brand\u00e3o\",\"@id\":\"https:\\\/\\\/www.cidademarketing.com.br\\\/marketing\\\/#\\\/schema\\\/person\\\/02daff9f18bd9378c9e01eb6b2db155f\"},\"headline\":\"Rock in Rio apresenta detalhes de sua nova produ\u00e7\u00e3o original, o musical &#8220;Sonhos, Lama e Rock and Roll&#8221;\u00a0\",\"datePublished\":\"2024-03-15T01:20:55+00:00\",\"mainEntityOfPage\":{\"@id\":\"https:\\\/\\\/www.cidademarketing.com.br\\\/marketing\\\/2024\\\/03\\\/14\\\/rock-in-rio-apresenta-detalhes-de-sua-nova-producao-original-o-musical-sonhos-lama-e-rock-and-roll\\\/\"},\"wordCount\":1947,\"commentCount\":0,\"publisher\":{\"@id\":\"https:\\\/\\\/www.cidademarketing.com.br\\\/marketing\\\/#organization\"},\"image\":{\"@id\":\"https:\\\/\\\/www.cidademarketing.com.br\\\/marketing\\\/2024\\\/03\\\/14\\\/rock-in-rio-apresenta-detalhes-de-sua-nova-producao-original-o-musical-sonhos-lama-e-rock-and-roll\\\/#primaryimage\"},\"thumbnailUrl\":\"https:\\\/\\\/www.cidademarketing.com.br\\\/marketing\\\/wp-content\\\/uploads\\\/2024\\\/03\\\/rockinrio_musical_07.webp\",\"keywords\":[\"estrat\u00e9gia\",\"evento\",\"experi\u00eancia\",\"marketing\",\"musical\",\"Rio de Janeiro\",\"Rock\",\"Rock in Rio\"],\"articleSection\":[\"Not\u00edcias\"],\"inLanguage\":\"pt-BR\",\"potentialAction\":[{\"@type\":\"CommentAction\",\"name\":\"Comment\",\"target\":[\"https:\\\/\\\/www.cidademarketing.com.br\\\/marketing\\\/2024\\\/03\\\/14\\\/rock-in-rio-apresenta-detalhes-de-sua-nova-producao-original-o-musical-sonhos-lama-e-rock-and-roll\\\/#respond\"]}]},{\"@type\":\"WebPage\",\"@id\":\"https:\\\/\\\/www.cidademarketing.com.br\\\/marketing\\\/2024\\\/03\\\/14\\\/rock-in-rio-apresenta-detalhes-de-sua-nova-producao-original-o-musical-sonhos-lama-e-rock-and-roll\\\/\",\"url\":\"https:\\\/\\\/www.cidademarketing.com.br\\\/marketing\\\/2024\\\/03\\\/14\\\/rock-in-rio-apresenta-detalhes-de-sua-nova-producao-original-o-musical-sonhos-lama-e-rock-and-roll\\\/\",\"name\":\"Rock in Rio apresenta detalhes de sua nova produ\u00e7\u00e3o original, o musical \\\"Sonhos, Lama e Rock and Roll\\\"\u00a0 - CidadeMarketing\",\"isPartOf\":{\"@id\":\"https:\\\/\\\/www.cidademarketing.com.br\\\/marketing\\\/#website\"},\"primaryImageOfPage\":{\"@id\":\"https:\\\/\\\/www.cidademarketing.com.br\\\/marketing\\\/2024\\\/03\\\/14\\\/rock-in-rio-apresenta-detalhes-de-sua-nova-producao-original-o-musical-sonhos-lama-e-rock-and-roll\\\/#primaryimage\"},\"image\":{\"@id\":\"https:\\\/\\\/www.cidademarketing.com.br\\\/marketing\\\/2024\\\/03\\\/14\\\/rock-in-rio-apresenta-detalhes-de-sua-nova-producao-original-o-musical-sonhos-lama-e-rock-and-roll\\\/#primaryimage\"},\"thumbnailUrl\":\"https:\\\/\\\/www.cidademarketing.com.br\\\/marketing\\\/wp-content\\\/uploads\\\/2024\\\/03\\\/rockinrio_musical_07.webp\",\"datePublished\":\"2024-03-15T01:20:55+00:00\",\"breadcrumb\":{\"@id\":\"https:\\\/\\\/www.cidademarketing.com.br\\\/marketing\\\/2024\\\/03\\\/14\\\/rock-in-rio-apresenta-detalhes-de-sua-nova-producao-original-o-musical-sonhos-lama-e-rock-and-roll\\\/#breadcrumb\"},\"inLanguage\":\"pt-BR\",\"potentialAction\":[{\"@type\":\"ReadAction\",\"target\":[\"https:\\\/\\\/www.cidademarketing.com.br\\\/marketing\\\/2024\\\/03\\\/14\\\/rock-in-rio-apresenta-detalhes-de-sua-nova-producao-original-o-musical-sonhos-lama-e-rock-and-roll\\\/\"]}]},{\"@type\":\"ImageObject\",\"inLanguage\":\"pt-BR\",\"@id\":\"https:\\\/\\\/www.cidademarketing.com.br\\\/marketing\\\/2024\\\/03\\\/14\\\/rock-in-rio-apresenta-detalhes-de-sua-nova-producao-original-o-musical-sonhos-lama-e-rock-and-roll\\\/#primaryimage\",\"url\":\"https:\\\/\\\/www.cidademarketing.com.br\\\/marketing\\\/wp-content\\\/uploads\\\/2024\\\/03\\\/rockinrio_musical_07.webp\",\"contentUrl\":\"https:\\\/\\\/www.cidademarketing.com.br\\\/marketing\\\/wp-content\\\/uploads\\\/2024\\\/03\\\/rockinrio_musical_07.webp\",\"width\":1000,\"height\":442,\"caption\":\"Divulga\u00e7\u00e3o\"},{\"@type\":\"BreadcrumbList\",\"@id\":\"https:\\\/\\\/www.cidademarketing.com.br\\\/marketing\\\/2024\\\/03\\\/14\\\/rock-in-rio-apresenta-detalhes-de-sua-nova-producao-original-o-musical-sonhos-lama-e-rock-and-roll\\\/#breadcrumb\",\"itemListElement\":[{\"@type\":\"ListItem\",\"position\":1,\"name\":\"In\u00edcio\",\"item\":\"https:\\\/\\\/www.cidademarketing.com.br\\\/marketing\\\/\"},{\"@type\":\"ListItem\",\"position\":2,\"name\":\"Rock in Rio apresenta detalhes de sua nova produ\u00e7\u00e3o original, o musical &#8220;Sonhos, Lama e Rock and Roll&#8221;\u00a0\"}]},{\"@type\":\"WebSite\",\"@id\":\"https:\\\/\\\/www.cidademarketing.com.br\\\/marketing\\\/#website\",\"url\":\"https:\\\/\\\/www.cidademarketing.com.br\\\/marketing\\\/\",\"name\":\"CidadeMarketing\",\"description\":\"Somos um ve\u00edculo de comunica\u00e7\u00e3o de destaque no Brasil, reconhecido por conte\u00fados nos segmentos de marketing, empreendedorismo e inova\u00e7\u00e3o.\",\"publisher\":{\"@id\":\"https:\\\/\\\/www.cidademarketing.com.br\\\/marketing\\\/#organization\"},\"alternateName\":\"CidadeMarketing\",\"potentialAction\":[{\"@type\":\"SearchAction\",\"target\":{\"@type\":\"EntryPoint\",\"urlTemplate\":\"https:\\\/\\\/www.cidademarketing.com.br\\\/marketing\\\/?s={search_term_string}\"},\"query-input\":{\"@type\":\"PropertyValueSpecification\",\"valueRequired\":true,\"valueName\":\"search_term_string\"}}],\"inLanguage\":\"pt-BR\"},{\"@type\":\"Organization\",\"@id\":\"https:\\\/\\\/www.cidademarketing.com.br\\\/marketing\\\/#organization\",\"name\":\"CidadeMarketing\",\"alternateName\":\"CidadeMarketing\",\"url\":\"https:\\\/\\\/www.cidademarketing.com.br\\\/marketing\\\/\",\"logo\":{\"@type\":\"ImageObject\",\"inLanguage\":\"pt-BR\",\"@id\":\"https:\\\/\\\/www.cidademarketing.com.br\\\/marketing\\\/#\\\/schema\\\/logo\\\/image\\\/\",\"url\":\"https:\\\/\\\/www.cidademarketing.com.br\\\/marketing\\\/wp-content\\\/uploads\\\/2020\\\/01\\\/cidademarketing_marca_mobile.png\",\"contentUrl\":\"https:\\\/\\\/www.cidademarketing.com.br\\\/marketing\\\/wp-content\\\/uploads\\\/2020\\\/01\\\/cidademarketing_marca_mobile.png\",\"width\":230,\"height\":92,\"caption\":\"CidadeMarketing\"},\"image\":{\"@id\":\"https:\\\/\\\/www.cidademarketing.com.br\\\/marketing\\\/#\\\/schema\\\/logo\\\/image\\\/\"},\"sameAs\":[\"https:\\\/\\\/www.facebook.com\\\/portalcidademarketing\",\"https:\\\/\\\/x.com\\\/CidadeMarketing\",\"https:\\\/\\\/www.instagram.com\\\/cidademarketing\\\/\"]},{\"@type\":\"Person\",\"@id\":\"https:\\\/\\\/www.cidademarketing.com.br\\\/marketing\\\/#\\\/schema\\\/person\\\/02daff9f18bd9378c9e01eb6b2db155f\",\"name\":\"Thales Brand\u00e3o\",\"image\":{\"@type\":\"ImageObject\",\"inLanguage\":\"pt-BR\",\"@id\":\"https:\\\/\\\/secure.gravatar.com\\\/avatar\\\/7ca3206950207cc3cb48feec56a8a7898741ab725c368d99d5d7a5a50aab80c6?s=96&d=mm&r=g\",\"url\":\"https:\\\/\\\/secure.gravatar.com\\\/avatar\\\/7ca3206950207cc3cb48feec56a8a7898741ab725c368d99d5d7a5a50aab80c6?s=96&d=mm&r=g\",\"contentUrl\":\"https:\\\/\\\/secure.gravatar.com\\\/avatar\\\/7ca3206950207cc3cb48feec56a8a7898741ab725c368d99d5d7a5a50aab80c6?s=96&d=mm&r=g\",\"caption\":\"Thales Brand\u00e3o\"},\"description\":\"Editor Executivo do Portal CidadeMarketing.com.br &gt; Mestre em Comunica\u00e7\u00e3o e Sociedade pela Universidade Federal de Sergipe. Possui MBA Executivo em Administra\u00e7\u00e3o com \u00eanfase em Marketing pela Funda\u00e7\u00e3o Get\u00falio Vargas - Rio de Janeiro. Consultor, Palestrante e Pesquisador sobre Empreendedorismo, Marketing, Redes Sociais e Neg\u00f3cios Digitais. Professor, Palestrante TedxTalks e Campus Party. Twitter: @ThalesBrandao\",\"sameAs\":[\"http:\\\/\\\/www.mandacaru.com.br\",\"https:\\\/\\\/www.facebook.com\\\/thalesbrandao\",\"http:\\\/\\\/www.instagram.com.br\\\/thalesbrandaoferreira\",\"https:\\\/\\\/www.linkedin.com\\\/in\\\/thales-brand\u00e3o-3948609\\\/\",\"https:\\\/\\\/x.com\\\/http:\\\/\\\/www.twitter.com\\\/thalesbrandao\"],\"url\":\"https:\\\/\\\/www.cidademarketing.com.br\\\/marketing\\\/author\\\/thalesbrandao\\\/\"}]}<\/script>\n<!-- \/ Yoast SEO plugin. -->","yoast_head_json":{"title":"Rock in Rio apresenta detalhes de sua nova produ\u00e7\u00e3o original, o musical \"Sonhos, Lama e Rock and Roll\"\u00a0 - CidadeMarketing","robots":{"index":"index","follow":"follow","max-snippet":"max-snippet:-1","max-image-preview":"max-image-preview:large","max-video-preview":"max-video-preview:-1"},"canonical":"https:\/\/www.cidademarketing.com.br\/marketing\/2024\/03\/14\/rock-in-rio-apresenta-detalhes-de-sua-nova-producao-original-o-musical-sonhos-lama-e-rock-and-roll\/","og_locale":"pt_BR","og_type":"article","og_title":"Rock in Rio apresenta detalhes de sua nova produ\u00e7\u00e3o original, o musical \"Sonhos, Lama e Rock and Roll\"\u00a0 - CidadeMarketing","og_description":"No ano em que comemora 40 anos de hist\u00f3ria, o Rock in Rio vai lan\u00e7ar uma produ\u00e7\u00e3o original que vai emocionar o p\u00fablico que passar pela Cidade do Rock nesta edi\u00e7\u00e3o especial. Ap\u00f3s o sucesso do espet\u00e1culo &#8220;Uirapuru&#8221;, em 2022, e do &#8220;The Town \u2013 O Musical&#8221;, no The Town, o festival anuncia o musical [&hellip;]","og_url":"https:\/\/www.cidademarketing.com.br\/marketing\/2024\/03\/14\/rock-in-rio-apresenta-detalhes-de-sua-nova-producao-original-o-musical-sonhos-lama-e-rock-and-roll\/","og_site_name":"CidadeMarketing","article_publisher":"https:\/\/www.facebook.com\/portalcidademarketing","article_author":"https:\/\/www.facebook.com\/thalesbrandao","article_published_time":"2024-03-15T01:20:55+00:00","og_image":[{"width":1000,"height":442,"url":"https:\/\/www.cidademarketing.com.br\/marketing\/wp-content\/uploads\/2024\/03\/rockinrio_musical_07.webp","type":"image\/webp"}],"author":"Thales Brand\u00e3o","twitter_card":"summary_large_image","twitter_creator":"@http:\/\/www.twitter.com\/thalesbrandao","twitter_site":"@CidadeMarketing","twitter_misc":{"Escrito por":"Thales Brand\u00e3o","Est. tempo de leitura":"10 minutos"},"schema":{"@context":"https:\/\/schema.org","@graph":[{"@type":"Article","@id":"https:\/\/www.cidademarketing.com.br\/marketing\/2024\/03\/14\/rock-in-rio-apresenta-detalhes-de-sua-nova-producao-original-o-musical-sonhos-lama-e-rock-and-roll\/#article","isPartOf":{"@id":"https:\/\/www.cidademarketing.com.br\/marketing\/2024\/03\/14\/rock-in-rio-apresenta-detalhes-de-sua-nova-producao-original-o-musical-sonhos-lama-e-rock-and-roll\/"},"author":{"name":"Thales Brand\u00e3o","@id":"https:\/\/www.cidademarketing.com.br\/marketing\/#\/schema\/person\/02daff9f18bd9378c9e01eb6b2db155f"},"headline":"Rock in Rio apresenta detalhes de sua nova produ\u00e7\u00e3o original, o musical &#8220;Sonhos, Lama e Rock and Roll&#8221;\u00a0","datePublished":"2024-03-15T01:20:55+00:00","mainEntityOfPage":{"@id":"https:\/\/www.cidademarketing.com.br\/marketing\/2024\/03\/14\/rock-in-rio-apresenta-detalhes-de-sua-nova-producao-original-o-musical-sonhos-lama-e-rock-and-roll\/"},"wordCount":1947,"commentCount":0,"publisher":{"@id":"https:\/\/www.cidademarketing.com.br\/marketing\/#organization"},"image":{"@id":"https:\/\/www.cidademarketing.com.br\/marketing\/2024\/03\/14\/rock-in-rio-apresenta-detalhes-de-sua-nova-producao-original-o-musical-sonhos-lama-e-rock-and-roll\/#primaryimage"},"thumbnailUrl":"https:\/\/www.cidademarketing.com.br\/marketing\/wp-content\/uploads\/2024\/03\/rockinrio_musical_07.webp","keywords":["estrat\u00e9gia","evento","experi\u00eancia","marketing","musical","Rio de Janeiro","Rock","Rock in Rio"],"articleSection":["Not\u00edcias"],"inLanguage":"pt-BR","potentialAction":[{"@type":"CommentAction","name":"Comment","target":["https:\/\/www.cidademarketing.com.br\/marketing\/2024\/03\/14\/rock-in-rio-apresenta-detalhes-de-sua-nova-producao-original-o-musical-sonhos-lama-e-rock-and-roll\/#respond"]}]},{"@type":"WebPage","@id":"https:\/\/www.cidademarketing.com.br\/marketing\/2024\/03\/14\/rock-in-rio-apresenta-detalhes-de-sua-nova-producao-original-o-musical-sonhos-lama-e-rock-and-roll\/","url":"https:\/\/www.cidademarketing.com.br\/marketing\/2024\/03\/14\/rock-in-rio-apresenta-detalhes-de-sua-nova-producao-original-o-musical-sonhos-lama-e-rock-and-roll\/","name":"Rock in Rio apresenta detalhes de sua nova produ\u00e7\u00e3o original, o musical \"Sonhos, Lama e Rock and Roll\"\u00a0 - CidadeMarketing","isPartOf":{"@id":"https:\/\/www.cidademarketing.com.br\/marketing\/#website"},"primaryImageOfPage":{"@id":"https:\/\/www.cidademarketing.com.br\/marketing\/2024\/03\/14\/rock-in-rio-apresenta-detalhes-de-sua-nova-producao-original-o-musical-sonhos-lama-e-rock-and-roll\/#primaryimage"},"image":{"@id":"https:\/\/www.cidademarketing.com.br\/marketing\/2024\/03\/14\/rock-in-rio-apresenta-detalhes-de-sua-nova-producao-original-o-musical-sonhos-lama-e-rock-and-roll\/#primaryimage"},"thumbnailUrl":"https:\/\/www.cidademarketing.com.br\/marketing\/wp-content\/uploads\/2024\/03\/rockinrio_musical_07.webp","datePublished":"2024-03-15T01:20:55+00:00","breadcrumb":{"@id":"https:\/\/www.cidademarketing.com.br\/marketing\/2024\/03\/14\/rock-in-rio-apresenta-detalhes-de-sua-nova-producao-original-o-musical-sonhos-lama-e-rock-and-roll\/#breadcrumb"},"inLanguage":"pt-BR","potentialAction":[{"@type":"ReadAction","target":["https:\/\/www.cidademarketing.com.br\/marketing\/2024\/03\/14\/rock-in-rio-apresenta-detalhes-de-sua-nova-producao-original-o-musical-sonhos-lama-e-rock-and-roll\/"]}]},{"@type":"ImageObject","inLanguage":"pt-BR","@id":"https:\/\/www.cidademarketing.com.br\/marketing\/2024\/03\/14\/rock-in-rio-apresenta-detalhes-de-sua-nova-producao-original-o-musical-sonhos-lama-e-rock-and-roll\/#primaryimage","url":"https:\/\/www.cidademarketing.com.br\/marketing\/wp-content\/uploads\/2024\/03\/rockinrio_musical_07.webp","contentUrl":"https:\/\/www.cidademarketing.com.br\/marketing\/wp-content\/uploads\/2024\/03\/rockinrio_musical_07.webp","width":1000,"height":442,"caption":"Divulga\u00e7\u00e3o"},{"@type":"BreadcrumbList","@id":"https:\/\/www.cidademarketing.com.br\/marketing\/2024\/03\/14\/rock-in-rio-apresenta-detalhes-de-sua-nova-producao-original-o-musical-sonhos-lama-e-rock-and-roll\/#breadcrumb","itemListElement":[{"@type":"ListItem","position":1,"name":"In\u00edcio","item":"https:\/\/www.cidademarketing.com.br\/marketing\/"},{"@type":"ListItem","position":2,"name":"Rock in Rio apresenta detalhes de sua nova produ\u00e7\u00e3o original, o musical &#8220;Sonhos, Lama e Rock and Roll&#8221;\u00a0"}]},{"@type":"WebSite","@id":"https:\/\/www.cidademarketing.com.br\/marketing\/#website","url":"https:\/\/www.cidademarketing.com.br\/marketing\/","name":"CidadeMarketing","description":"Somos um ve\u00edculo de comunica\u00e7\u00e3o de destaque no Brasil, reconhecido por conte\u00fados nos segmentos de marketing, empreendedorismo e inova\u00e7\u00e3o.","publisher":{"@id":"https:\/\/www.cidademarketing.com.br\/marketing\/#organization"},"alternateName":"CidadeMarketing","potentialAction":[{"@type":"SearchAction","target":{"@type":"EntryPoint","urlTemplate":"https:\/\/www.cidademarketing.com.br\/marketing\/?s={search_term_string}"},"query-input":{"@type":"PropertyValueSpecification","valueRequired":true,"valueName":"search_term_string"}}],"inLanguage":"pt-BR"},{"@type":"Organization","@id":"https:\/\/www.cidademarketing.com.br\/marketing\/#organization","name":"CidadeMarketing","alternateName":"CidadeMarketing","url":"https:\/\/www.cidademarketing.com.br\/marketing\/","logo":{"@type":"ImageObject","inLanguage":"pt-BR","@id":"https:\/\/www.cidademarketing.com.br\/marketing\/#\/schema\/logo\/image\/","url":"https:\/\/www.cidademarketing.com.br\/marketing\/wp-content\/uploads\/2020\/01\/cidademarketing_marca_mobile.png","contentUrl":"https:\/\/www.cidademarketing.com.br\/marketing\/wp-content\/uploads\/2020\/01\/cidademarketing_marca_mobile.png","width":230,"height":92,"caption":"CidadeMarketing"},"image":{"@id":"https:\/\/www.cidademarketing.com.br\/marketing\/#\/schema\/logo\/image\/"},"sameAs":["https:\/\/www.facebook.com\/portalcidademarketing","https:\/\/x.com\/CidadeMarketing","https:\/\/www.instagram.com\/cidademarketing\/"]},{"@type":"Person","@id":"https:\/\/www.cidademarketing.com.br\/marketing\/#\/schema\/person\/02daff9f18bd9378c9e01eb6b2db155f","name":"Thales Brand\u00e3o","image":{"@type":"ImageObject","inLanguage":"pt-BR","@id":"https:\/\/secure.gravatar.com\/avatar\/7ca3206950207cc3cb48feec56a8a7898741ab725c368d99d5d7a5a50aab80c6?s=96&d=mm&r=g","url":"https:\/\/secure.gravatar.com\/avatar\/7ca3206950207cc3cb48feec56a8a7898741ab725c368d99d5d7a5a50aab80c6?s=96&d=mm&r=g","contentUrl":"https:\/\/secure.gravatar.com\/avatar\/7ca3206950207cc3cb48feec56a8a7898741ab725c368d99d5d7a5a50aab80c6?s=96&d=mm&r=g","caption":"Thales Brand\u00e3o"},"description":"Editor Executivo do Portal CidadeMarketing.com.br &gt; Mestre em Comunica\u00e7\u00e3o e Sociedade pela Universidade Federal de Sergipe. Possui MBA Executivo em Administra\u00e7\u00e3o com \u00eanfase em Marketing pela Funda\u00e7\u00e3o Get\u00falio Vargas - Rio de Janeiro. Consultor, Palestrante e Pesquisador sobre Empreendedorismo, Marketing, Redes Sociais e Neg\u00f3cios Digitais. Professor, Palestrante TedxTalks e Campus Party. Twitter: @ThalesBrandao","sameAs":["http:\/\/www.mandacaru.com.br","https:\/\/www.facebook.com\/thalesbrandao","http:\/\/www.instagram.com.br\/thalesbrandaoferreira","https:\/\/www.linkedin.com\/in\/thales-brand\u00e3o-3948609\/","https:\/\/x.com\/http:\/\/www.twitter.com\/thalesbrandao"],"url":"https:\/\/www.cidademarketing.com.br\/marketing\/author\/thalesbrandao\/"}]}},"amp_enabled":true,"_links":{"self":[{"href":"https:\/\/www.cidademarketing.com.br\/marketing\/wp-json\/wp\/v2\/posts\/50374","targetHints":{"allow":["GET"]}}],"collection":[{"href":"https:\/\/www.cidademarketing.com.br\/marketing\/wp-json\/wp\/v2\/posts"}],"about":[{"href":"https:\/\/www.cidademarketing.com.br\/marketing\/wp-json\/wp\/v2\/types\/post"}],"author":[{"embeddable":true,"href":"https:\/\/www.cidademarketing.com.br\/marketing\/wp-json\/wp\/v2\/users\/1"}],"replies":[{"embeddable":true,"href":"https:\/\/www.cidademarketing.com.br\/marketing\/wp-json\/wp\/v2\/comments?post=50374"}],"version-history":[{"count":1,"href":"https:\/\/www.cidademarketing.com.br\/marketing\/wp-json\/wp\/v2\/posts\/50374\/revisions"}],"predecessor-version":[{"id":50388,"href":"https:\/\/www.cidademarketing.com.br\/marketing\/wp-json\/wp\/v2\/posts\/50374\/revisions\/50388"}],"wp:featuredmedia":[{"embeddable":true,"href":"https:\/\/www.cidademarketing.com.br\/marketing\/wp-json\/wp\/v2\/media\/50381"}],"wp:attachment":[{"href":"https:\/\/www.cidademarketing.com.br\/marketing\/wp-json\/wp\/v2\/media?parent=50374"}],"wp:term":[{"taxonomy":"category","embeddable":true,"href":"https:\/\/www.cidademarketing.com.br\/marketing\/wp-json\/wp\/v2\/categories?post=50374"},{"taxonomy":"post_tag","embeddable":true,"href":"https:\/\/www.cidademarketing.com.br\/marketing\/wp-json\/wp\/v2\/tags?post=50374"}],"curies":[{"name":"wp","href":"https:\/\/api.w.org\/{rel}","templated":true}]}}