{"id":50348,"date":"2024-03-13T01:25:46","date_gmt":"2024-03-13T04:25:46","guid":{"rendered":"https:\/\/www.cidademarketing.com.br\/marketing\/?p=50348"},"modified":"2024-03-13T01:25:46","modified_gmt":"2024-03-13T04:25:46","slug":"e-volksbus-volkswagen-aposta-em-onibus-eletrico-em-2024","status":"publish","type":"post","link":"https:\/\/www.cidademarketing.com.br\/marketing\/2024\/03\/13\/e-volksbus-volkswagen-aposta-em-onibus-eletrico-em-2024\/","title":{"rendered":"e-Volksbus: Volkswagen aposta em \u00f4nibus el\u00e9trico em 2024"},"content":{"rendered":"<p>A Volkswagen Caminh\u00f5es e \u00d4nibus est\u00e1 pronta para dar um importante passo rumo \u00e0 eletromobilidade urbana: a produ\u00e7\u00e3o de seu \u00f4nibus el\u00e9trico, o e-Volksbus, a partir do segundo semestre de 2024. Esse an\u00fancio confirma o compromisso da empresa com a inova\u00e7\u00e3o e sustentabilidade, trazendo solu\u00e7\u00f5es de transporte mais limpas e eficientes para as cidades brasileiras.<\/p>\n<p><a href=\"https:\/\/www.cidademarketing.com.br\/marketing\/sua-marca-vai-virar-noticia\/\" target=\"_blank\" rel=\"noopener\"><img fetchpriority=\"high\" decoding=\"async\" class=\"wp-image-44329 aligncenter\" src=\"https:\/\/www.cidademarketing.com.br\/comercial\/google_backlinks_guestpost_publieditorial_cidademarketing.webp\" alt=\"\" width=\"536\" height=\"479\" \/><\/a><br \/>\nDesenvolvido no centro mundial de engenharia da VWCO, em Resende (RJ), o e-Volksbus aproveita todo o conhecimento acumulado pela empresa ao longo de cinco anos de experi\u00eancia com o e-Delivery, o primeiro caminh\u00e3o el\u00e9trico feito 100% no Brasil. Com tecnologias e componentes compartilhados, esses ve\u00edculos est\u00e3o preparados para enfrentar as condi\u00e7\u00f5es severas de opera\u00e7\u00e3o no pa\u00eds.<\/p>\n<p>A confirma\u00e7\u00e3o desse marco na eletromobilidade aconteceu durante o f\u00f3rum \u201cRJ Eletromobilidade &#8211; Nova Matriz Energ\u00e9tica e o Futuro do Transporte Rodovi\u00e1rio por \u00d4nibus no Estado do Rio de Janeiro\u201d, promovido pelo Departamento de Transportes Rodovi\u00e1rios do Estado do Rio de Janeiro (Detro-RJ) em parceria com a Secretaria de Estado de Transporte e Mobilidade Urbana (Setram).<\/p>\n<p>Rodrigo Chaves, vice-presidente de Engenharia da Volkswagen Caminh\u00f5es e \u00d4nibus, destacou a import\u00e2ncia desse avan\u00e7o: \u201cEstamos dando mais um passo para a eletromobilidade no transporte urbano. Depois de acumularmos quilometragens suficientes em testes com o chassi el\u00e9trico da VWCO e tamb\u00e9m com o primeiro caminh\u00e3o el\u00e9trico desenvolvido no pa\u00eds, daremos in\u00edcio \u00e0 produ\u00e7\u00e3o no segundo semestre de 2024. Esta ser\u00e1 uma etapa importante para a adapta\u00e7\u00e3o do produto na linha de produ\u00e7\u00e3o.\u201d<\/p>\n<p>O e-Volksbus, que iniciou seus primeiros testes em maio do ano passado, oferece uma s\u00e9rie de vantagens para o transporte de passageiros. Com capacidade de 22 toneladas e autonomia de at\u00e9 250 km, o modelo conta com sistema de carregamento noturno para maximizar a produtividade. Al\u00e9m disso, possui sistema de frenagem regenerativa, Eco-Drive Mode para ajustar o consumo de energia, prote\u00e7\u00e3o contra inunda\u00e7\u00e3o e sistema de ajoelhamento para maior acessibilidade dos passageiros.<\/p>\n<p>O uso de uma solu\u00e7\u00e3o exclusiva de arquitetura modular na fase prot\u00f3tipo permite a constru\u00e7\u00e3o de diferentes modelos de \u00f4nibus el\u00e9tricos, desde micro-\u00f4nibus at\u00e9 superarticulados, facilitando a adapta\u00e7\u00e3o para diferentes necessidades de transporte urbano.<\/p>\n<p>Com o in\u00edcio da produ\u00e7\u00e3o do e-Volksbus, a Volkswagen Caminh\u00f5es e \u00d4nibus reafirma seu compromisso com a inova\u00e7\u00e3o e sustentabilidade, contribuindo para um futuro mais limpo e eficiente nas cidades brasileiras.<\/p>\n<p><iframe title=\"Spotify Embed: Podcast CidadeMarketing\" style=\"border-radius: 12px\" width=\"100%\" height=\"152\" frameborder=\"0\" allowfullscreen allow=\"autoplay; clipboard-write; encrypted-media; fullscreen; picture-in-picture\" loading=\"lazy\" src=\"https:\/\/open.spotify.com\/embed\/show\/4khMKzP3FgFRWVwb73xicc?si=252fe5bff2b34909&#038;utm_source=oembed\"><\/iframe><\/p>\n<p>&nbsp;<\/p>\n<p>&nbsp;<\/p>\n","protected":false},"excerpt":{"rendered":"<p>A Volkswagen Caminh\u00f5es e \u00d4nibus est\u00e1 pronta para dar um importante passo rumo \u00e0 eletromobilidade urbana: a produ\u00e7\u00e3o de seu \u00f4nibus el\u00e9trico, o e-Volksbus, a partir do segundo semestre de 2024. Esse an\u00fancio confirma o compromisso da empresa com a inova\u00e7\u00e3o e sustentabilidade, trazendo solu\u00e7\u00f5es de transporte mais limpas e eficientes para as cidades brasileiras. [&hellip;]<\/p>\n","protected":false},"author":1,"featured_media":50349,"comment_status":"open","ping_status":"open","sticky":false,"template":"","format":"standard","meta":{"tdm_status":"","tdm_grid_status":"","footnotes":""},"categories":[6],"tags":[1340,28,881,6800,185,1829,237,193],"class_list":["post-50348","post","type-post","status-publish","format-standard","has-post-thumbnail","hentry","category-noticias","tag-eletrico","tag-marketing","tag-mobilidade","tag-onibus","tag-tecnologia","tag-veiculo","tag-volks","tag-volkswagen"],"yoast_head":"<!-- This site is optimized with the Yoast SEO plugin v27.5 - https:\/\/yoast.com\/product\/yoast-seo-wordpress\/ -->\n<title>e-Volksbus: Volkswagen aposta em \u00f4nibus el\u00e9trico em 2024 - CidadeMarketing<\/title>\n<meta name=\"robots\" content=\"index, follow, max-snippet:-1, max-image-preview:large, max-video-preview:-1\" \/>\n<link rel=\"canonical\" href=\"https:\/\/www.cidademarketing.com.br\/marketing\/2024\/03\/13\/e-volksbus-volkswagen-aposta-em-onibus-eletrico-em-2024\/\" \/>\n<meta property=\"og:locale\" content=\"pt_BR\" \/>\n<meta property=\"og:type\" content=\"article\" \/>\n<meta property=\"og:title\" content=\"e-Volksbus: Volkswagen aposta em \u00f4nibus el\u00e9trico em 2024 - CidadeMarketing\" \/>\n<meta property=\"og:description\" content=\"A Volkswagen Caminh\u00f5es e \u00d4nibus est\u00e1 pronta para dar um importante passo rumo \u00e0 eletromobilidade urbana: a produ\u00e7\u00e3o de seu \u00f4nibus el\u00e9trico, o e-Volksbus, a partir do segundo semestre de 2024. Esse an\u00fancio confirma o compromisso da empresa com a inova\u00e7\u00e3o e sustentabilidade, trazendo solu\u00e7\u00f5es de transporte mais limpas e eficientes para as cidades brasileiras. [&hellip;]\" \/>\n<meta property=\"og:url\" content=\"https:\/\/www.cidademarketing.com.br\/marketing\/2024\/03\/13\/e-volksbus-volkswagen-aposta-em-onibus-eletrico-em-2024\/\" \/>\n<meta property=\"og:site_name\" content=\"CidadeMarketing\" \/>\n<meta property=\"article:publisher\" content=\"https:\/\/www.facebook.com\/portalcidademarketing\" \/>\n<meta property=\"article:author\" content=\"https:\/\/www.facebook.com\/thalesbrandao\" \/>\n<meta property=\"article:published_time\" content=\"2024-03-13T04:25:46+00:00\" \/>\n<meta property=\"og:image\" content=\"https:\/\/www.cidademarketing.com.br\/marketing\/wp-content\/uploads\/2024\/03\/volks_onibuseletrico-scaled.webp\" \/>\n\t<meta property=\"og:image:width\" content=\"2560\" \/>\n\t<meta property=\"og:image:height\" content=\"1919\" \/>\n\t<meta property=\"og:image:type\" content=\"image\/webp\" \/>\n<meta name=\"author\" content=\"Thales Brand\u00e3o\" \/>\n<meta name=\"twitter:card\" content=\"summary_large_image\" \/>\n<meta name=\"twitter:creator\" content=\"@http:\/\/www.twitter.com\/thalesbrandao\" \/>\n<meta name=\"twitter:site\" content=\"@CidadeMarketing\" \/>\n<meta name=\"twitter:label1\" content=\"Escrito por\" \/>\n\t<meta name=\"twitter:data1\" content=\"Thales Brand\u00e3o\" \/>\n\t<meta name=\"twitter:label2\" content=\"Est. tempo de leitura\" \/>\n\t<meta name=\"twitter:data2\" content=\"2 minutos\" \/>\n<script type=\"application\/ld+json\" class=\"yoast-schema-graph\">{\"@context\":\"https:\\\/\\\/schema.org\",\"@graph\":[{\"@type\":\"Article\",\"@id\":\"https:\\\/\\\/www.cidademarketing.com.br\\\/marketing\\\/2024\\\/03\\\/13\\\/e-volksbus-volkswagen-aposta-em-onibus-eletrico-em-2024\\\/#article\",\"isPartOf\":{\"@id\":\"https:\\\/\\\/www.cidademarketing.com.br\\\/marketing\\\/2024\\\/03\\\/13\\\/e-volksbus-volkswagen-aposta-em-onibus-eletrico-em-2024\\\/\"},\"author\":{\"name\":\"Thales Brand\u00e3o\",\"@id\":\"https:\\\/\\\/www.cidademarketing.com.br\\\/marketing\\\/#\\\/schema\\\/person\\\/02daff9f18bd9378c9e01eb6b2db155f\"},\"headline\":\"e-Volksbus: Volkswagen aposta em \u00f4nibus el\u00e9trico em 2024\",\"datePublished\":\"2024-03-13T04:25:46+00:00\",\"mainEntityOfPage\":{\"@id\":\"https:\\\/\\\/www.cidademarketing.com.br\\\/marketing\\\/2024\\\/03\\\/13\\\/e-volksbus-volkswagen-aposta-em-onibus-eletrico-em-2024\\\/\"},\"wordCount\":438,\"commentCount\":0,\"publisher\":{\"@id\":\"https:\\\/\\\/www.cidademarketing.com.br\\\/marketing\\\/#organization\"},\"image\":{\"@id\":\"https:\\\/\\\/www.cidademarketing.com.br\\\/marketing\\\/2024\\\/03\\\/13\\\/e-volksbus-volkswagen-aposta-em-onibus-eletrico-em-2024\\\/#primaryimage\"},\"thumbnailUrl\":\"https:\\\/\\\/www.cidademarketing.com.br\\\/marketing\\\/wp-content\\\/uploads\\\/2024\\\/03\\\/volks_onibuseletrico-scaled.webp\",\"keywords\":[\"el\u00e9trico\",\"marketing\",\"mobilidade\",\"\u00f4nibus\",\"tecnologia\",\"ve\u00edculo\",\"Volks\",\"Volkswagen\"],\"articleSection\":[\"Not\u00edcias\"],\"inLanguage\":\"pt-BR\",\"potentialAction\":[{\"@type\":\"CommentAction\",\"name\":\"Comment\",\"target\":[\"https:\\\/\\\/www.cidademarketing.com.br\\\/marketing\\\/2024\\\/03\\\/13\\\/e-volksbus-volkswagen-aposta-em-onibus-eletrico-em-2024\\\/#respond\"]}]},{\"@type\":\"WebPage\",\"@id\":\"https:\\\/\\\/www.cidademarketing.com.br\\\/marketing\\\/2024\\\/03\\\/13\\\/e-volksbus-volkswagen-aposta-em-onibus-eletrico-em-2024\\\/\",\"url\":\"https:\\\/\\\/www.cidademarketing.com.br\\\/marketing\\\/2024\\\/03\\\/13\\\/e-volksbus-volkswagen-aposta-em-onibus-eletrico-em-2024\\\/\",\"name\":\"e-Volksbus: Volkswagen aposta em \u00f4nibus el\u00e9trico em 2024 - CidadeMarketing\",\"isPartOf\":{\"@id\":\"https:\\\/\\\/www.cidademarketing.com.br\\\/marketing\\\/#website\"},\"primaryImageOfPage\":{\"@id\":\"https:\\\/\\\/www.cidademarketing.com.br\\\/marketing\\\/2024\\\/03\\\/13\\\/e-volksbus-volkswagen-aposta-em-onibus-eletrico-em-2024\\\/#primaryimage\"},\"image\":{\"@id\":\"https:\\\/\\\/www.cidademarketing.com.br\\\/marketing\\\/2024\\\/03\\\/13\\\/e-volksbus-volkswagen-aposta-em-onibus-eletrico-em-2024\\\/#primaryimage\"},\"thumbnailUrl\":\"https:\\\/\\\/www.cidademarketing.com.br\\\/marketing\\\/wp-content\\\/uploads\\\/2024\\\/03\\\/volks_onibuseletrico-scaled.webp\",\"datePublished\":\"2024-03-13T04:25:46+00:00\",\"breadcrumb\":{\"@id\":\"https:\\\/\\\/www.cidademarketing.com.br\\\/marketing\\\/2024\\\/03\\\/13\\\/e-volksbus-volkswagen-aposta-em-onibus-eletrico-em-2024\\\/#breadcrumb\"},\"inLanguage\":\"pt-BR\",\"potentialAction\":[{\"@type\":\"ReadAction\",\"target\":[\"https:\\\/\\\/www.cidademarketing.com.br\\\/marketing\\\/2024\\\/03\\\/13\\\/e-volksbus-volkswagen-aposta-em-onibus-eletrico-em-2024\\\/\"]}]},{\"@type\":\"ImageObject\",\"inLanguage\":\"pt-BR\",\"@id\":\"https:\\\/\\\/www.cidademarketing.com.br\\\/marketing\\\/2024\\\/03\\\/13\\\/e-volksbus-volkswagen-aposta-em-onibus-eletrico-em-2024\\\/#primaryimage\",\"url\":\"https:\\\/\\\/www.cidademarketing.com.br\\\/marketing\\\/wp-content\\\/uploads\\\/2024\\\/03\\\/volks_onibuseletrico-scaled.webp\",\"contentUrl\":\"https:\\\/\\\/www.cidademarketing.com.br\\\/marketing\\\/wp-content\\\/uploads\\\/2024\\\/03\\\/volks_onibuseletrico-scaled.webp\",\"width\":2560,\"height\":1919,\"caption\":\"Foto: Roberto Marinho\"},{\"@type\":\"BreadcrumbList\",\"@id\":\"https:\\\/\\\/www.cidademarketing.com.br\\\/marketing\\\/2024\\\/03\\\/13\\\/e-volksbus-volkswagen-aposta-em-onibus-eletrico-em-2024\\\/#breadcrumb\",\"itemListElement\":[{\"@type\":\"ListItem\",\"position\":1,\"name\":\"In\u00edcio\",\"item\":\"https:\\\/\\\/www.cidademarketing.com.br\\\/marketing\\\/\"},{\"@type\":\"ListItem\",\"position\":2,\"name\":\"e-Volksbus: Volkswagen aposta em \u00f4nibus el\u00e9trico em 2024\"}]},{\"@type\":\"WebSite\",\"@id\":\"https:\\\/\\\/www.cidademarketing.com.br\\\/marketing\\\/#website\",\"url\":\"https:\\\/\\\/www.cidademarketing.com.br\\\/marketing\\\/\",\"name\":\"CidadeMarketing\",\"description\":\"Somos um ve\u00edculo de comunica\u00e7\u00e3o de destaque no Brasil, reconhecido por conte\u00fados nos segmentos de marketing, empreendedorismo e inova\u00e7\u00e3o.\",\"publisher\":{\"@id\":\"https:\\\/\\\/www.cidademarketing.com.br\\\/marketing\\\/#organization\"},\"alternateName\":\"CidadeMarketing\",\"potentialAction\":[{\"@type\":\"SearchAction\",\"target\":{\"@type\":\"EntryPoint\",\"urlTemplate\":\"https:\\\/\\\/www.cidademarketing.com.br\\\/marketing\\\/?s={search_term_string}\"},\"query-input\":{\"@type\":\"PropertyValueSpecification\",\"valueRequired\":true,\"valueName\":\"search_term_string\"}}],\"inLanguage\":\"pt-BR\"},{\"@type\":\"Organization\",\"@id\":\"https:\\\/\\\/www.cidademarketing.com.br\\\/marketing\\\/#organization\",\"name\":\"CidadeMarketing\",\"alternateName\":\"CidadeMarketing\",\"url\":\"https:\\\/\\\/www.cidademarketing.com.br\\\/marketing\\\/\",\"logo\":{\"@type\":\"ImageObject\",\"inLanguage\":\"pt-BR\",\"@id\":\"https:\\\/\\\/www.cidademarketing.com.br\\\/marketing\\\/#\\\/schema\\\/logo\\\/image\\\/\",\"url\":\"https:\\\/\\\/www.cidademarketing.com.br\\\/marketing\\\/wp-content\\\/uploads\\\/2020\\\/01\\\/cidademarketing_marca_mobile.png\",\"contentUrl\":\"https:\\\/\\\/www.cidademarketing.com.br\\\/marketing\\\/wp-content\\\/uploads\\\/2020\\\/01\\\/cidademarketing_marca_mobile.png\",\"width\":230,\"height\":92,\"caption\":\"CidadeMarketing\"},\"image\":{\"@id\":\"https:\\\/\\\/www.cidademarketing.com.br\\\/marketing\\\/#\\\/schema\\\/logo\\\/image\\\/\"},\"sameAs\":[\"https:\\\/\\\/www.facebook.com\\\/portalcidademarketing\",\"https:\\\/\\\/x.com\\\/CidadeMarketing\",\"https:\\\/\\\/www.instagram.com\\\/cidademarketing\\\/\"]},{\"@type\":\"Person\",\"@id\":\"https:\\\/\\\/www.cidademarketing.com.br\\\/marketing\\\/#\\\/schema\\\/person\\\/02daff9f18bd9378c9e01eb6b2db155f\",\"name\":\"Thales Brand\u00e3o\",\"image\":{\"@type\":\"ImageObject\",\"inLanguage\":\"pt-BR\",\"@id\":\"https:\\\/\\\/secure.gravatar.com\\\/avatar\\\/7ca3206950207cc3cb48feec56a8a7898741ab725c368d99d5d7a5a50aab80c6?s=96&d=mm&r=g\",\"url\":\"https:\\\/\\\/secure.gravatar.com\\\/avatar\\\/7ca3206950207cc3cb48feec56a8a7898741ab725c368d99d5d7a5a50aab80c6?s=96&d=mm&r=g\",\"contentUrl\":\"https:\\\/\\\/secure.gravatar.com\\\/avatar\\\/7ca3206950207cc3cb48feec56a8a7898741ab725c368d99d5d7a5a50aab80c6?s=96&d=mm&r=g\",\"caption\":\"Thales Brand\u00e3o\"},\"description\":\"Editor Executivo do Portal CidadeMarketing.com.br &gt; Mestre em Comunica\u00e7\u00e3o e Sociedade pela Universidade Federal de Sergipe. Possui MBA Executivo em Administra\u00e7\u00e3o com \u00eanfase em Marketing pela Funda\u00e7\u00e3o Get\u00falio Vargas - Rio de Janeiro. Consultor, Palestrante e Pesquisador sobre Empreendedorismo, Marketing, Redes Sociais e Neg\u00f3cios Digitais. Professor, Palestrante TedxTalks e Campus Party. Twitter: @ThalesBrandao\",\"sameAs\":[\"http:\\\/\\\/www.mandacaru.com.br\",\"https:\\\/\\\/www.facebook.com\\\/thalesbrandao\",\"http:\\\/\\\/www.instagram.com.br\\\/thalesbrandaoferreira\",\"https:\\\/\\\/www.linkedin.com\\\/in\\\/thales-brand\u00e3o-3948609\\\/\",\"https:\\\/\\\/x.com\\\/http:\\\/\\\/www.twitter.com\\\/thalesbrandao\"],\"url\":\"https:\\\/\\\/www.cidademarketing.com.br\\\/marketing\\\/author\\\/thalesbrandao\\\/\"}]}<\/script>\n<!-- \/ Yoast SEO plugin. -->","yoast_head_json":{"title":"e-Volksbus: Volkswagen aposta em \u00f4nibus el\u00e9trico em 2024 - CidadeMarketing","robots":{"index":"index","follow":"follow","max-snippet":"max-snippet:-1","max-image-preview":"max-image-preview:large","max-video-preview":"max-video-preview:-1"},"canonical":"https:\/\/www.cidademarketing.com.br\/marketing\/2024\/03\/13\/e-volksbus-volkswagen-aposta-em-onibus-eletrico-em-2024\/","og_locale":"pt_BR","og_type":"article","og_title":"e-Volksbus: Volkswagen aposta em \u00f4nibus el\u00e9trico em 2024 - CidadeMarketing","og_description":"A Volkswagen Caminh\u00f5es e \u00d4nibus est\u00e1 pronta para dar um importante passo rumo \u00e0 eletromobilidade urbana: a produ\u00e7\u00e3o de seu \u00f4nibus el\u00e9trico, o e-Volksbus, a partir do segundo semestre de 2024. Esse an\u00fancio confirma o compromisso da empresa com a inova\u00e7\u00e3o e sustentabilidade, trazendo solu\u00e7\u00f5es de transporte mais limpas e eficientes para as cidades brasileiras. [&hellip;]","og_url":"https:\/\/www.cidademarketing.com.br\/marketing\/2024\/03\/13\/e-volksbus-volkswagen-aposta-em-onibus-eletrico-em-2024\/","og_site_name":"CidadeMarketing","article_publisher":"https:\/\/www.facebook.com\/portalcidademarketing","article_author":"https:\/\/www.facebook.com\/thalesbrandao","article_published_time":"2024-03-13T04:25:46+00:00","og_image":[{"width":2560,"height":1919,"url":"https:\/\/www.cidademarketing.com.br\/marketing\/wp-content\/uploads\/2024\/03\/volks_onibuseletrico-scaled.webp","type":"image\/webp"}],"author":"Thales Brand\u00e3o","twitter_card":"summary_large_image","twitter_creator":"@http:\/\/www.twitter.com\/thalesbrandao","twitter_site":"@CidadeMarketing","twitter_misc":{"Escrito por":"Thales Brand\u00e3o","Est. tempo de leitura":"2 minutos"},"schema":{"@context":"https:\/\/schema.org","@graph":[{"@type":"Article","@id":"https:\/\/www.cidademarketing.com.br\/marketing\/2024\/03\/13\/e-volksbus-volkswagen-aposta-em-onibus-eletrico-em-2024\/#article","isPartOf":{"@id":"https:\/\/www.cidademarketing.com.br\/marketing\/2024\/03\/13\/e-volksbus-volkswagen-aposta-em-onibus-eletrico-em-2024\/"},"author":{"name":"Thales Brand\u00e3o","@id":"https:\/\/www.cidademarketing.com.br\/marketing\/#\/schema\/person\/02daff9f18bd9378c9e01eb6b2db155f"},"headline":"e-Volksbus: Volkswagen aposta em \u00f4nibus el\u00e9trico em 2024","datePublished":"2024-03-13T04:25:46+00:00","mainEntityOfPage":{"@id":"https:\/\/www.cidademarketing.com.br\/marketing\/2024\/03\/13\/e-volksbus-volkswagen-aposta-em-onibus-eletrico-em-2024\/"},"wordCount":438,"commentCount":0,"publisher":{"@id":"https:\/\/www.cidademarketing.com.br\/marketing\/#organization"},"image":{"@id":"https:\/\/www.cidademarketing.com.br\/marketing\/2024\/03\/13\/e-volksbus-volkswagen-aposta-em-onibus-eletrico-em-2024\/#primaryimage"},"thumbnailUrl":"https:\/\/www.cidademarketing.com.br\/marketing\/wp-content\/uploads\/2024\/03\/volks_onibuseletrico-scaled.webp","keywords":["el\u00e9trico","marketing","mobilidade","\u00f4nibus","tecnologia","ve\u00edculo","Volks","Volkswagen"],"articleSection":["Not\u00edcias"],"inLanguage":"pt-BR","potentialAction":[{"@type":"CommentAction","name":"Comment","target":["https:\/\/www.cidademarketing.com.br\/marketing\/2024\/03\/13\/e-volksbus-volkswagen-aposta-em-onibus-eletrico-em-2024\/#respond"]}]},{"@type":"WebPage","@id":"https:\/\/www.cidademarketing.com.br\/marketing\/2024\/03\/13\/e-volksbus-volkswagen-aposta-em-onibus-eletrico-em-2024\/","url":"https:\/\/www.cidademarketing.com.br\/marketing\/2024\/03\/13\/e-volksbus-volkswagen-aposta-em-onibus-eletrico-em-2024\/","name":"e-Volksbus: Volkswagen aposta em \u00f4nibus el\u00e9trico em 2024 - CidadeMarketing","isPartOf":{"@id":"https:\/\/www.cidademarketing.com.br\/marketing\/#website"},"primaryImageOfPage":{"@id":"https:\/\/www.cidademarketing.com.br\/marketing\/2024\/03\/13\/e-volksbus-volkswagen-aposta-em-onibus-eletrico-em-2024\/#primaryimage"},"image":{"@id":"https:\/\/www.cidademarketing.com.br\/marketing\/2024\/03\/13\/e-volksbus-volkswagen-aposta-em-onibus-eletrico-em-2024\/#primaryimage"},"thumbnailUrl":"https:\/\/www.cidademarketing.com.br\/marketing\/wp-content\/uploads\/2024\/03\/volks_onibuseletrico-scaled.webp","datePublished":"2024-03-13T04:25:46+00:00","breadcrumb":{"@id":"https:\/\/www.cidademarketing.com.br\/marketing\/2024\/03\/13\/e-volksbus-volkswagen-aposta-em-onibus-eletrico-em-2024\/#breadcrumb"},"inLanguage":"pt-BR","potentialAction":[{"@type":"ReadAction","target":["https:\/\/www.cidademarketing.com.br\/marketing\/2024\/03\/13\/e-volksbus-volkswagen-aposta-em-onibus-eletrico-em-2024\/"]}]},{"@type":"ImageObject","inLanguage":"pt-BR","@id":"https:\/\/www.cidademarketing.com.br\/marketing\/2024\/03\/13\/e-volksbus-volkswagen-aposta-em-onibus-eletrico-em-2024\/#primaryimage","url":"https:\/\/www.cidademarketing.com.br\/marketing\/wp-content\/uploads\/2024\/03\/volks_onibuseletrico-scaled.webp","contentUrl":"https:\/\/www.cidademarketing.com.br\/marketing\/wp-content\/uploads\/2024\/03\/volks_onibuseletrico-scaled.webp","width":2560,"height":1919,"caption":"Foto: Roberto Marinho"},{"@type":"BreadcrumbList","@id":"https:\/\/www.cidademarketing.com.br\/marketing\/2024\/03\/13\/e-volksbus-volkswagen-aposta-em-onibus-eletrico-em-2024\/#breadcrumb","itemListElement":[{"@type":"ListItem","position":1,"name":"In\u00edcio","item":"https:\/\/www.cidademarketing.com.br\/marketing\/"},{"@type":"ListItem","position":2,"name":"e-Volksbus: Volkswagen aposta em \u00f4nibus el\u00e9trico em 2024"}]},{"@type":"WebSite","@id":"https:\/\/www.cidademarketing.com.br\/marketing\/#website","url":"https:\/\/www.cidademarketing.com.br\/marketing\/","name":"CidadeMarketing","description":"Somos um ve\u00edculo de comunica\u00e7\u00e3o de destaque no Brasil, reconhecido por conte\u00fados nos segmentos de marketing, empreendedorismo e inova\u00e7\u00e3o.","publisher":{"@id":"https:\/\/www.cidademarketing.com.br\/marketing\/#organization"},"alternateName":"CidadeMarketing","potentialAction":[{"@type":"SearchAction","target":{"@type":"EntryPoint","urlTemplate":"https:\/\/www.cidademarketing.com.br\/marketing\/?s={search_term_string}"},"query-input":{"@type":"PropertyValueSpecification","valueRequired":true,"valueName":"search_term_string"}}],"inLanguage":"pt-BR"},{"@type":"Organization","@id":"https:\/\/www.cidademarketing.com.br\/marketing\/#organization","name":"CidadeMarketing","alternateName":"CidadeMarketing","url":"https:\/\/www.cidademarketing.com.br\/marketing\/","logo":{"@type":"ImageObject","inLanguage":"pt-BR","@id":"https:\/\/www.cidademarketing.com.br\/marketing\/#\/schema\/logo\/image\/","url":"https:\/\/www.cidademarketing.com.br\/marketing\/wp-content\/uploads\/2020\/01\/cidademarketing_marca_mobile.png","contentUrl":"https:\/\/www.cidademarketing.com.br\/marketing\/wp-content\/uploads\/2020\/01\/cidademarketing_marca_mobile.png","width":230,"height":92,"caption":"CidadeMarketing"},"image":{"@id":"https:\/\/www.cidademarketing.com.br\/marketing\/#\/schema\/logo\/image\/"},"sameAs":["https:\/\/www.facebook.com\/portalcidademarketing","https:\/\/x.com\/CidadeMarketing","https:\/\/www.instagram.com\/cidademarketing\/"]},{"@type":"Person","@id":"https:\/\/www.cidademarketing.com.br\/marketing\/#\/schema\/person\/02daff9f18bd9378c9e01eb6b2db155f","name":"Thales Brand\u00e3o","image":{"@type":"ImageObject","inLanguage":"pt-BR","@id":"https:\/\/secure.gravatar.com\/avatar\/7ca3206950207cc3cb48feec56a8a7898741ab725c368d99d5d7a5a50aab80c6?s=96&d=mm&r=g","url":"https:\/\/secure.gravatar.com\/avatar\/7ca3206950207cc3cb48feec56a8a7898741ab725c368d99d5d7a5a50aab80c6?s=96&d=mm&r=g","contentUrl":"https:\/\/secure.gravatar.com\/avatar\/7ca3206950207cc3cb48feec56a8a7898741ab725c368d99d5d7a5a50aab80c6?s=96&d=mm&r=g","caption":"Thales Brand\u00e3o"},"description":"Editor Executivo do Portal CidadeMarketing.com.br &gt; Mestre em Comunica\u00e7\u00e3o e Sociedade pela Universidade Federal de Sergipe. Possui MBA Executivo em Administra\u00e7\u00e3o com \u00eanfase em Marketing pela Funda\u00e7\u00e3o Get\u00falio Vargas - Rio de Janeiro. Consultor, Palestrante e Pesquisador sobre Empreendedorismo, Marketing, Redes Sociais e Neg\u00f3cios Digitais. Professor, Palestrante TedxTalks e Campus Party. Twitter: @ThalesBrandao","sameAs":["http:\/\/www.mandacaru.com.br","https:\/\/www.facebook.com\/thalesbrandao","http:\/\/www.instagram.com.br\/thalesbrandaoferreira","https:\/\/www.linkedin.com\/in\/thales-brand\u00e3o-3948609\/","https:\/\/x.com\/http:\/\/www.twitter.com\/thalesbrandao"],"url":"https:\/\/www.cidademarketing.com.br\/marketing\/author\/thalesbrandao\/"}]}},"amp_enabled":true,"_links":{"self":[{"href":"https:\/\/www.cidademarketing.com.br\/marketing\/wp-json\/wp\/v2\/posts\/50348","targetHints":{"allow":["GET"]}}],"collection":[{"href":"https:\/\/www.cidademarketing.com.br\/marketing\/wp-json\/wp\/v2\/posts"}],"about":[{"href":"https:\/\/www.cidademarketing.com.br\/marketing\/wp-json\/wp\/v2\/types\/post"}],"author":[{"embeddable":true,"href":"https:\/\/www.cidademarketing.com.br\/marketing\/wp-json\/wp\/v2\/users\/1"}],"replies":[{"embeddable":true,"href":"https:\/\/www.cidademarketing.com.br\/marketing\/wp-json\/wp\/v2\/comments?post=50348"}],"version-history":[{"count":1,"href":"https:\/\/www.cidademarketing.com.br\/marketing\/wp-json\/wp\/v2\/posts\/50348\/revisions"}],"predecessor-version":[{"id":50350,"href":"https:\/\/www.cidademarketing.com.br\/marketing\/wp-json\/wp\/v2\/posts\/50348\/revisions\/50350"}],"wp:featuredmedia":[{"embeddable":true,"href":"https:\/\/www.cidademarketing.com.br\/marketing\/wp-json\/wp\/v2\/media\/50349"}],"wp:attachment":[{"href":"https:\/\/www.cidademarketing.com.br\/marketing\/wp-json\/wp\/v2\/media?parent=50348"}],"wp:term":[{"taxonomy":"category","embeddable":true,"href":"https:\/\/www.cidademarketing.com.br\/marketing\/wp-json\/wp\/v2\/categories?post=50348"},{"taxonomy":"post_tag","embeddable":true,"href":"https:\/\/www.cidademarketing.com.br\/marketing\/wp-json\/wp\/v2\/tags?post=50348"}],"curies":[{"name":"wp","href":"https:\/\/api.w.org\/{rel}","templated":true}]}}