{"id":50331,"date":"2024-03-09T23:31:57","date_gmt":"2024-03-10T02:31:57","guid":{"rendered":"https:\/\/www.cidademarketing.com.br\/marketing\/?p=50331"},"modified":"2024-03-09T23:31:57","modified_gmt":"2024-03-10T02:31:57","slug":"sebrae-celebra-o-empreendedorismo-feminino-com-a-campanha-sebrae-delas-e-pra-voce-e-pra-todas","status":"publish","type":"post","link":"https:\/\/www.cidademarketing.com.br\/marketing\/2024\/03\/09\/sebrae-celebra-o-empreendedorismo-feminino-com-a-campanha-sebrae-delas-e-pra-voce-e-pra-todas\/","title":{"rendered":"Sebrae celebra o empreendedorismo feminino com a campanha &#8220;Sebrae Delas. \u00c9 pra voc\u00ea, \u00e9 pra todas&#8221;"},"content":{"rendered":"<p>O Sebrae, Servi\u00e7o Brasileiro de Apoio \u00e0s Micro e Pequenas Empresas, lan\u00e7a a campanha \u201cSebrae Delas. \u00c9 pra voc\u00ea, \u00e9 pra todas\u201d em comemora\u00e7\u00e3o ao Dia Internacional da Mulher. A iniciativa destaca o comprometimento do Sebrae em acolher e apoiar todas as mulheres empreendedoras, seja aquelas que desejam iniciar um neg\u00f3cio, precisam de suporte ou j\u00e1 est\u00e3o \u00e0 frente de suas empresas. O programa de acelera\u00e7\u00e3o &#8220;Sebrae Delas&#8221; se destaca como a principal ferramenta para aproximar a marca do universo empreendedor feminino.<\/p>\n<p><a href=\"https:\/\/www.cidademarketing.com.br\/marketing\/sua-marca-vai-virar-noticia\/\" target=\"_blank\" rel=\"noopener\"><img fetchpriority=\"high\" decoding=\"async\" class=\"wp-image-44329 aligncenter\" src=\"https:\/\/www.cidademarketing.com.br\/comercial\/google_backlinks_guestpost_publieditorial_cidademarketing.webp\" alt=\"\" width=\"536\" height=\"479\" \/><\/a>A campanha apresenta diversas hist\u00f3rias protagonizadas por diferentes &#8220;Gabrielas&#8221;, cada uma vivenciando jornadas \u00fanicas e transformadoras no mundo dos neg\u00f3cios. Al\u00e9m de ser veiculada em TV e internet, a comunica\u00e7\u00e3o se estende \u00e0s redes sociais, com uma participa\u00e7\u00e3o especial na novela &#8220;Elas por Elas&#8221;, na TV Globo, seguida pela exibi\u00e7\u00e3o do comercial. Para refor\u00e7ar ainda mais a identifica\u00e7\u00e3o e pertencimento, um epis\u00f3dio especial ser\u00e1 apresentado no podcast &#8220;O Corre Delas&#8221;, da &#8220;Obviuos&#8221;, dispon\u00edvel no Spotify e outras plataformas de streaming a partir do dia 13 de mar\u00e7o.<\/p>\n<div class=\"youtube-embed\" data-video_id=\"7xINBFHmaHc\"><iframe title=\"O Sebrae Delas \u00e9 para todas.\" width=\"640\" height=\"360\" src=\"https:\/\/www.youtube.com\/embed\/7xINBFHmaHc?feature=oembed&#038;enablejsapi=1\" frameborder=\"0\" allow=\"accelerometer; autoplay; clipboard-write; encrypted-media; gyroscope; picture-in-picture; web-share\" referrerpolicy=\"strict-origin-when-cross-origin\" allowfullscreen><\/iframe><\/div>\n<p>&nbsp;<\/p>\n<p><a href=\"https:\/\/open.spotify.com\/show\/4khMKzP3FgFRWVwb73xicc?si=252fe5bff2b34909\">https:\/\/open.spotify.com\/show\/4khMKzP3FgFRWVwb73xicc?si=252fe5bff2b34909<\/a><\/p>\n<p>&nbsp;<\/p>\n<p>&nbsp;<\/p>\n","protected":false},"excerpt":{"rendered":"<p>O Sebrae, Servi\u00e7o Brasileiro de Apoio \u00e0s Micro e Pequenas Empresas, lan\u00e7a a campanha \u201cSebrae Delas. \u00c9 pra voc\u00ea, \u00e9 pra todas\u201d em comemora\u00e7\u00e3o ao Dia Internacional da Mulher. A iniciativa destaca o comprometimento do Sebrae em acolher e apoiar todas as mulheres empreendedoras, seja aquelas que desejam iniciar um neg\u00f3cio, precisam de suporte ou [&hellip;]<\/p>\n","protected":false},"author":1,"featured_media":50332,"comment_status":"open","ping_status":"open","sticky":false,"template":"","format":"standard","meta":{"tdm_status":"","tdm_grid_status":"","footnotes":""},"categories":[6,14],"tags":[65,27,33,5256,28,260],"class_list":["post-50331","post","type-post","status-publish","format-standard","has-post-thumbnail","hentry","category-noticias","category-videos","tag-campanha","tag-empreendedorismo","tag-estrategia","tag-feminino","tag-marketing","tag-sebrae"],"yoast_head":"<!-- This site is optimized with the Yoast SEO plugin v27.4 - https:\/\/yoast.com\/product\/yoast-seo-wordpress\/ -->\n<title>Sebrae celebra o empreendedorismo feminino com a campanha &quot;Sebrae Delas. \u00c9 pra voc\u00ea, \u00e9 pra todas&quot; - CidadeMarketing<\/title>\n<meta name=\"robots\" content=\"index, follow, max-snippet:-1, max-image-preview:large, max-video-preview:-1\" \/>\n<link rel=\"canonical\" href=\"https:\/\/www.cidademarketing.com.br\/marketing\/2024\/03\/09\/sebrae-celebra-o-empreendedorismo-feminino-com-a-campanha-sebrae-delas-e-pra-voce-e-pra-todas\/\" \/>\n<meta property=\"og:locale\" content=\"pt_BR\" \/>\n<meta property=\"og:type\" content=\"article\" \/>\n<meta property=\"og:title\" content=\"Sebrae celebra o empreendedorismo feminino com a campanha &quot;Sebrae Delas. \u00c9 pra voc\u00ea, \u00e9 pra todas&quot; - CidadeMarketing\" \/>\n<meta property=\"og:description\" content=\"O Sebrae, Servi\u00e7o Brasileiro de Apoio \u00e0s Micro e Pequenas Empresas, lan\u00e7a a campanha \u201cSebrae Delas. \u00c9 pra voc\u00ea, \u00e9 pra todas\u201d em comemora\u00e7\u00e3o ao Dia Internacional da Mulher. A iniciativa destaca o comprometimento do Sebrae em acolher e apoiar todas as mulheres empreendedoras, seja aquelas que desejam iniciar um neg\u00f3cio, precisam de suporte ou [&hellip;]\" \/>\n<meta property=\"og:url\" content=\"https:\/\/www.cidademarketing.com.br\/marketing\/2024\/03\/09\/sebrae-celebra-o-empreendedorismo-feminino-com-a-campanha-sebrae-delas-e-pra-voce-e-pra-todas\/\" \/>\n<meta property=\"og:site_name\" content=\"CidadeMarketing\" \/>\n<meta property=\"article:publisher\" content=\"https:\/\/www.facebook.com\/portalcidademarketing\" \/>\n<meta property=\"article:author\" content=\"https:\/\/www.facebook.com\/thalesbrandao\" \/>\n<meta property=\"article:published_time\" content=\"2024-03-10T02:31:57+00:00\" \/>\n<meta property=\"og:image\" content=\"https:\/\/www.cidademarketing.com.br\/marketing\/wp-content\/uploads\/2024\/03\/sebrae_delas_mulheres.webp\" \/>\n\t<meta property=\"og:image:width\" content=\"1139\" \/>\n\t<meta property=\"og:image:height\" content=\"645\" \/>\n\t<meta property=\"og:image:type\" content=\"image\/webp\" \/>\n<meta name=\"author\" content=\"Thales Brand\u00e3o\" \/>\n<meta name=\"twitter:card\" content=\"summary_large_image\" \/>\n<meta name=\"twitter:creator\" content=\"@http:\/\/www.twitter.com\/thalesbrandao\" \/>\n<meta name=\"twitter:site\" content=\"@CidadeMarketing\" \/>\n<meta name=\"twitter:label1\" content=\"Escrito por\" \/>\n\t<meta name=\"twitter:data1\" content=\"Thales Brand\u00e3o\" \/>\n\t<meta name=\"twitter:label2\" content=\"Est. tempo de leitura\" \/>\n\t<meta name=\"twitter:data2\" content=\"1 minuto\" \/>\n<script type=\"application\/ld+json\" class=\"yoast-schema-graph\">{\"@context\":\"https:\\\/\\\/schema.org\",\"@graph\":[{\"@type\":\"Article\",\"@id\":\"https:\\\/\\\/www.cidademarketing.com.br\\\/marketing\\\/2024\\\/03\\\/09\\\/sebrae-celebra-o-empreendedorismo-feminino-com-a-campanha-sebrae-delas-e-pra-voce-e-pra-todas\\\/#article\",\"isPartOf\":{\"@id\":\"https:\\\/\\\/www.cidademarketing.com.br\\\/marketing\\\/2024\\\/03\\\/09\\\/sebrae-celebra-o-empreendedorismo-feminino-com-a-campanha-sebrae-delas-e-pra-voce-e-pra-todas\\\/\"},\"author\":{\"name\":\"Thales Brand\u00e3o\",\"@id\":\"https:\\\/\\\/www.cidademarketing.com.br\\\/marketing\\\/#\\\/schema\\\/person\\\/02daff9f18bd9378c9e01eb6b2db155f\"},\"headline\":\"Sebrae celebra o empreendedorismo feminino com a campanha &#8220;Sebrae Delas. \u00c9 pra voc\u00ea, \u00e9 pra todas&#8221;\",\"datePublished\":\"2024-03-10T02:31:57+00:00\",\"mainEntityOfPage\":{\"@id\":\"https:\\\/\\\/www.cidademarketing.com.br\\\/marketing\\\/2024\\\/03\\\/09\\\/sebrae-celebra-o-empreendedorismo-feminino-com-a-campanha-sebrae-delas-e-pra-voce-e-pra-todas\\\/\"},\"wordCount\":222,\"commentCount\":0,\"publisher\":{\"@id\":\"https:\\\/\\\/www.cidademarketing.com.br\\\/marketing\\\/#organization\"},\"image\":{\"@id\":\"https:\\\/\\\/www.cidademarketing.com.br\\\/marketing\\\/2024\\\/03\\\/09\\\/sebrae-celebra-o-empreendedorismo-feminino-com-a-campanha-sebrae-delas-e-pra-voce-e-pra-todas\\\/#primaryimage\"},\"thumbnailUrl\":\"https:\\\/\\\/www.cidademarketing.com.br\\\/marketing\\\/wp-content\\\/uploads\\\/2024\\\/03\\\/sebrae_delas_mulheres.webp\",\"keywords\":[\"campanha\",\"empreendedorismo\",\"estrat\u00e9gia\",\"feminino\",\"marketing\",\"SEBRAE\"],\"articleSection\":[\"Not\u00edcias\",\"Videos\"],\"inLanguage\":\"pt-BR\",\"potentialAction\":[{\"@type\":\"CommentAction\",\"name\":\"Comment\",\"target\":[\"https:\\\/\\\/www.cidademarketing.com.br\\\/marketing\\\/2024\\\/03\\\/09\\\/sebrae-celebra-o-empreendedorismo-feminino-com-a-campanha-sebrae-delas-e-pra-voce-e-pra-todas\\\/#respond\"]}]},{\"@type\":\"WebPage\",\"@id\":\"https:\\\/\\\/www.cidademarketing.com.br\\\/marketing\\\/2024\\\/03\\\/09\\\/sebrae-celebra-o-empreendedorismo-feminino-com-a-campanha-sebrae-delas-e-pra-voce-e-pra-todas\\\/\",\"url\":\"https:\\\/\\\/www.cidademarketing.com.br\\\/marketing\\\/2024\\\/03\\\/09\\\/sebrae-celebra-o-empreendedorismo-feminino-com-a-campanha-sebrae-delas-e-pra-voce-e-pra-todas\\\/\",\"name\":\"Sebrae celebra o empreendedorismo feminino com a campanha \\\"Sebrae Delas. \u00c9 pra voc\u00ea, \u00e9 pra todas\\\" - CidadeMarketing\",\"isPartOf\":{\"@id\":\"https:\\\/\\\/www.cidademarketing.com.br\\\/marketing\\\/#website\"},\"primaryImageOfPage\":{\"@id\":\"https:\\\/\\\/www.cidademarketing.com.br\\\/marketing\\\/2024\\\/03\\\/09\\\/sebrae-celebra-o-empreendedorismo-feminino-com-a-campanha-sebrae-delas-e-pra-voce-e-pra-todas\\\/#primaryimage\"},\"image\":{\"@id\":\"https:\\\/\\\/www.cidademarketing.com.br\\\/marketing\\\/2024\\\/03\\\/09\\\/sebrae-celebra-o-empreendedorismo-feminino-com-a-campanha-sebrae-delas-e-pra-voce-e-pra-todas\\\/#primaryimage\"},\"thumbnailUrl\":\"https:\\\/\\\/www.cidademarketing.com.br\\\/marketing\\\/wp-content\\\/uploads\\\/2024\\\/03\\\/sebrae_delas_mulheres.webp\",\"datePublished\":\"2024-03-10T02:31:57+00:00\",\"breadcrumb\":{\"@id\":\"https:\\\/\\\/www.cidademarketing.com.br\\\/marketing\\\/2024\\\/03\\\/09\\\/sebrae-celebra-o-empreendedorismo-feminino-com-a-campanha-sebrae-delas-e-pra-voce-e-pra-todas\\\/#breadcrumb\"},\"inLanguage\":\"pt-BR\",\"potentialAction\":[{\"@type\":\"ReadAction\",\"target\":[\"https:\\\/\\\/www.cidademarketing.com.br\\\/marketing\\\/2024\\\/03\\\/09\\\/sebrae-celebra-o-empreendedorismo-feminino-com-a-campanha-sebrae-delas-e-pra-voce-e-pra-todas\\\/\"]}]},{\"@type\":\"ImageObject\",\"inLanguage\":\"pt-BR\",\"@id\":\"https:\\\/\\\/www.cidademarketing.com.br\\\/marketing\\\/2024\\\/03\\\/09\\\/sebrae-celebra-o-empreendedorismo-feminino-com-a-campanha-sebrae-delas-e-pra-voce-e-pra-todas\\\/#primaryimage\",\"url\":\"https:\\\/\\\/www.cidademarketing.com.br\\\/marketing\\\/wp-content\\\/uploads\\\/2024\\\/03\\\/sebrae_delas_mulheres.webp\",\"contentUrl\":\"https:\\\/\\\/www.cidademarketing.com.br\\\/marketing\\\/wp-content\\\/uploads\\\/2024\\\/03\\\/sebrae_delas_mulheres.webp\",\"width\":1139,\"height\":645,\"caption\":\"Reprodu\u00e7\u00e3o\"},{\"@type\":\"BreadcrumbList\",\"@id\":\"https:\\\/\\\/www.cidademarketing.com.br\\\/marketing\\\/2024\\\/03\\\/09\\\/sebrae-celebra-o-empreendedorismo-feminino-com-a-campanha-sebrae-delas-e-pra-voce-e-pra-todas\\\/#breadcrumb\",\"itemListElement\":[{\"@type\":\"ListItem\",\"position\":1,\"name\":\"In\u00edcio\",\"item\":\"https:\\\/\\\/www.cidademarketing.com.br\\\/marketing\\\/\"},{\"@type\":\"ListItem\",\"position\":2,\"name\":\"Sebrae celebra o empreendedorismo feminino com a campanha &#8220;Sebrae Delas. \u00c9 pra voc\u00ea, \u00e9 pra todas&#8221;\"}]},{\"@type\":\"WebSite\",\"@id\":\"https:\\\/\\\/www.cidademarketing.com.br\\\/marketing\\\/#website\",\"url\":\"https:\\\/\\\/www.cidademarketing.com.br\\\/marketing\\\/\",\"name\":\"CidadeMarketing\",\"description\":\"Somos um ve\u00edculo de comunica\u00e7\u00e3o de destaque no Brasil, reconhecido por conte\u00fados nos segmentos de marketing, empreendedorismo e inova\u00e7\u00e3o.\",\"publisher\":{\"@id\":\"https:\\\/\\\/www.cidademarketing.com.br\\\/marketing\\\/#organization\"},\"alternateName\":\"CidadeMarketing\",\"potentialAction\":[{\"@type\":\"SearchAction\",\"target\":{\"@type\":\"EntryPoint\",\"urlTemplate\":\"https:\\\/\\\/www.cidademarketing.com.br\\\/marketing\\\/?s={search_term_string}\"},\"query-input\":{\"@type\":\"PropertyValueSpecification\",\"valueRequired\":true,\"valueName\":\"search_term_string\"}}],\"inLanguage\":\"pt-BR\"},{\"@type\":\"Organization\",\"@id\":\"https:\\\/\\\/www.cidademarketing.com.br\\\/marketing\\\/#organization\",\"name\":\"CidadeMarketing\",\"alternateName\":\"CidadeMarketing\",\"url\":\"https:\\\/\\\/www.cidademarketing.com.br\\\/marketing\\\/\",\"logo\":{\"@type\":\"ImageObject\",\"inLanguage\":\"pt-BR\",\"@id\":\"https:\\\/\\\/www.cidademarketing.com.br\\\/marketing\\\/#\\\/schema\\\/logo\\\/image\\\/\",\"url\":\"https:\\\/\\\/www.cidademarketing.com.br\\\/marketing\\\/wp-content\\\/uploads\\\/2020\\\/01\\\/cidademarketing_marca_mobile.png\",\"contentUrl\":\"https:\\\/\\\/www.cidademarketing.com.br\\\/marketing\\\/wp-content\\\/uploads\\\/2020\\\/01\\\/cidademarketing_marca_mobile.png\",\"width\":230,\"height\":92,\"caption\":\"CidadeMarketing\"},\"image\":{\"@id\":\"https:\\\/\\\/www.cidademarketing.com.br\\\/marketing\\\/#\\\/schema\\\/logo\\\/image\\\/\"},\"sameAs\":[\"https:\\\/\\\/www.facebook.com\\\/portalcidademarketing\",\"https:\\\/\\\/x.com\\\/CidadeMarketing\",\"https:\\\/\\\/www.instagram.com\\\/cidademarketing\\\/\"]},{\"@type\":\"Person\",\"@id\":\"https:\\\/\\\/www.cidademarketing.com.br\\\/marketing\\\/#\\\/schema\\\/person\\\/02daff9f18bd9378c9e01eb6b2db155f\",\"name\":\"Thales Brand\u00e3o\",\"image\":{\"@type\":\"ImageObject\",\"inLanguage\":\"pt-BR\",\"@id\":\"https:\\\/\\\/secure.gravatar.com\\\/avatar\\\/7ca3206950207cc3cb48feec56a8a7898741ab725c368d99d5d7a5a50aab80c6?s=96&d=mm&r=g\",\"url\":\"https:\\\/\\\/secure.gravatar.com\\\/avatar\\\/7ca3206950207cc3cb48feec56a8a7898741ab725c368d99d5d7a5a50aab80c6?s=96&d=mm&r=g\",\"contentUrl\":\"https:\\\/\\\/secure.gravatar.com\\\/avatar\\\/7ca3206950207cc3cb48feec56a8a7898741ab725c368d99d5d7a5a50aab80c6?s=96&d=mm&r=g\",\"caption\":\"Thales Brand\u00e3o\"},\"description\":\"Editor Executivo do Portal CidadeMarketing.com.br &gt; Mestre em Comunica\u00e7\u00e3o e Sociedade pela Universidade Federal de Sergipe. Possui MBA Executivo em Administra\u00e7\u00e3o com \u00eanfase em Marketing pela Funda\u00e7\u00e3o Get\u00falio Vargas - Rio de Janeiro. Consultor, Palestrante e Pesquisador sobre Empreendedorismo, Marketing, Redes Sociais e Neg\u00f3cios Digitais. Professor, Palestrante TedxTalks e Campus Party. Twitter: @ThalesBrandao\",\"sameAs\":[\"http:\\\/\\\/www.mandacaru.com.br\",\"https:\\\/\\\/www.facebook.com\\\/thalesbrandao\",\"http:\\\/\\\/www.instagram.com.br\\\/thalesbrandaoferreira\",\"https:\\\/\\\/www.linkedin.com\\\/in\\\/thales-brand\u00e3o-3948609\\\/\",\"https:\\\/\\\/x.com\\\/http:\\\/\\\/www.twitter.com\\\/thalesbrandao\"],\"url\":\"https:\\\/\\\/www.cidademarketing.com.br\\\/marketing\\\/author\\\/thalesbrandao\\\/\"}]}<\/script>\n<!-- \/ Yoast SEO plugin. -->","yoast_head_json":{"title":"Sebrae celebra o empreendedorismo feminino com a campanha \"Sebrae Delas. \u00c9 pra voc\u00ea, \u00e9 pra todas\" - CidadeMarketing","robots":{"index":"index","follow":"follow","max-snippet":"max-snippet:-1","max-image-preview":"max-image-preview:large","max-video-preview":"max-video-preview:-1"},"canonical":"https:\/\/www.cidademarketing.com.br\/marketing\/2024\/03\/09\/sebrae-celebra-o-empreendedorismo-feminino-com-a-campanha-sebrae-delas-e-pra-voce-e-pra-todas\/","og_locale":"pt_BR","og_type":"article","og_title":"Sebrae celebra o empreendedorismo feminino com a campanha \"Sebrae Delas. \u00c9 pra voc\u00ea, \u00e9 pra todas\" - CidadeMarketing","og_description":"O Sebrae, Servi\u00e7o Brasileiro de Apoio \u00e0s Micro e Pequenas Empresas, lan\u00e7a a campanha \u201cSebrae Delas. \u00c9 pra voc\u00ea, \u00e9 pra todas\u201d em comemora\u00e7\u00e3o ao Dia Internacional da Mulher. A iniciativa destaca o comprometimento do Sebrae em acolher e apoiar todas as mulheres empreendedoras, seja aquelas que desejam iniciar um neg\u00f3cio, precisam de suporte ou [&hellip;]","og_url":"https:\/\/www.cidademarketing.com.br\/marketing\/2024\/03\/09\/sebrae-celebra-o-empreendedorismo-feminino-com-a-campanha-sebrae-delas-e-pra-voce-e-pra-todas\/","og_site_name":"CidadeMarketing","article_publisher":"https:\/\/www.facebook.com\/portalcidademarketing","article_author":"https:\/\/www.facebook.com\/thalesbrandao","article_published_time":"2024-03-10T02:31:57+00:00","og_image":[{"width":1139,"height":645,"url":"https:\/\/www.cidademarketing.com.br\/marketing\/wp-content\/uploads\/2024\/03\/sebrae_delas_mulheres.webp","type":"image\/webp"}],"author":"Thales Brand\u00e3o","twitter_card":"summary_large_image","twitter_creator":"@http:\/\/www.twitter.com\/thalesbrandao","twitter_site":"@CidadeMarketing","twitter_misc":{"Escrito por":"Thales Brand\u00e3o","Est. tempo de leitura":"1 minuto"},"schema":{"@context":"https:\/\/schema.org","@graph":[{"@type":"Article","@id":"https:\/\/www.cidademarketing.com.br\/marketing\/2024\/03\/09\/sebrae-celebra-o-empreendedorismo-feminino-com-a-campanha-sebrae-delas-e-pra-voce-e-pra-todas\/#article","isPartOf":{"@id":"https:\/\/www.cidademarketing.com.br\/marketing\/2024\/03\/09\/sebrae-celebra-o-empreendedorismo-feminino-com-a-campanha-sebrae-delas-e-pra-voce-e-pra-todas\/"},"author":{"name":"Thales Brand\u00e3o","@id":"https:\/\/www.cidademarketing.com.br\/marketing\/#\/schema\/person\/02daff9f18bd9378c9e01eb6b2db155f"},"headline":"Sebrae celebra o empreendedorismo feminino com a campanha &#8220;Sebrae Delas. \u00c9 pra voc\u00ea, \u00e9 pra todas&#8221;","datePublished":"2024-03-10T02:31:57+00:00","mainEntityOfPage":{"@id":"https:\/\/www.cidademarketing.com.br\/marketing\/2024\/03\/09\/sebrae-celebra-o-empreendedorismo-feminino-com-a-campanha-sebrae-delas-e-pra-voce-e-pra-todas\/"},"wordCount":222,"commentCount":0,"publisher":{"@id":"https:\/\/www.cidademarketing.com.br\/marketing\/#organization"},"image":{"@id":"https:\/\/www.cidademarketing.com.br\/marketing\/2024\/03\/09\/sebrae-celebra-o-empreendedorismo-feminino-com-a-campanha-sebrae-delas-e-pra-voce-e-pra-todas\/#primaryimage"},"thumbnailUrl":"https:\/\/www.cidademarketing.com.br\/marketing\/wp-content\/uploads\/2024\/03\/sebrae_delas_mulheres.webp","keywords":["campanha","empreendedorismo","estrat\u00e9gia","feminino","marketing","SEBRAE"],"articleSection":["Not\u00edcias","Videos"],"inLanguage":"pt-BR","potentialAction":[{"@type":"CommentAction","name":"Comment","target":["https:\/\/www.cidademarketing.com.br\/marketing\/2024\/03\/09\/sebrae-celebra-o-empreendedorismo-feminino-com-a-campanha-sebrae-delas-e-pra-voce-e-pra-todas\/#respond"]}]},{"@type":"WebPage","@id":"https:\/\/www.cidademarketing.com.br\/marketing\/2024\/03\/09\/sebrae-celebra-o-empreendedorismo-feminino-com-a-campanha-sebrae-delas-e-pra-voce-e-pra-todas\/","url":"https:\/\/www.cidademarketing.com.br\/marketing\/2024\/03\/09\/sebrae-celebra-o-empreendedorismo-feminino-com-a-campanha-sebrae-delas-e-pra-voce-e-pra-todas\/","name":"Sebrae celebra o empreendedorismo feminino com a campanha \"Sebrae Delas. \u00c9 pra voc\u00ea, \u00e9 pra todas\" - CidadeMarketing","isPartOf":{"@id":"https:\/\/www.cidademarketing.com.br\/marketing\/#website"},"primaryImageOfPage":{"@id":"https:\/\/www.cidademarketing.com.br\/marketing\/2024\/03\/09\/sebrae-celebra-o-empreendedorismo-feminino-com-a-campanha-sebrae-delas-e-pra-voce-e-pra-todas\/#primaryimage"},"image":{"@id":"https:\/\/www.cidademarketing.com.br\/marketing\/2024\/03\/09\/sebrae-celebra-o-empreendedorismo-feminino-com-a-campanha-sebrae-delas-e-pra-voce-e-pra-todas\/#primaryimage"},"thumbnailUrl":"https:\/\/www.cidademarketing.com.br\/marketing\/wp-content\/uploads\/2024\/03\/sebrae_delas_mulheres.webp","datePublished":"2024-03-10T02:31:57+00:00","breadcrumb":{"@id":"https:\/\/www.cidademarketing.com.br\/marketing\/2024\/03\/09\/sebrae-celebra-o-empreendedorismo-feminino-com-a-campanha-sebrae-delas-e-pra-voce-e-pra-todas\/#breadcrumb"},"inLanguage":"pt-BR","potentialAction":[{"@type":"ReadAction","target":["https:\/\/www.cidademarketing.com.br\/marketing\/2024\/03\/09\/sebrae-celebra-o-empreendedorismo-feminino-com-a-campanha-sebrae-delas-e-pra-voce-e-pra-todas\/"]}]},{"@type":"ImageObject","inLanguage":"pt-BR","@id":"https:\/\/www.cidademarketing.com.br\/marketing\/2024\/03\/09\/sebrae-celebra-o-empreendedorismo-feminino-com-a-campanha-sebrae-delas-e-pra-voce-e-pra-todas\/#primaryimage","url":"https:\/\/www.cidademarketing.com.br\/marketing\/wp-content\/uploads\/2024\/03\/sebrae_delas_mulheres.webp","contentUrl":"https:\/\/www.cidademarketing.com.br\/marketing\/wp-content\/uploads\/2024\/03\/sebrae_delas_mulheres.webp","width":1139,"height":645,"caption":"Reprodu\u00e7\u00e3o"},{"@type":"BreadcrumbList","@id":"https:\/\/www.cidademarketing.com.br\/marketing\/2024\/03\/09\/sebrae-celebra-o-empreendedorismo-feminino-com-a-campanha-sebrae-delas-e-pra-voce-e-pra-todas\/#breadcrumb","itemListElement":[{"@type":"ListItem","position":1,"name":"In\u00edcio","item":"https:\/\/www.cidademarketing.com.br\/marketing\/"},{"@type":"ListItem","position":2,"name":"Sebrae celebra o empreendedorismo feminino com a campanha &#8220;Sebrae Delas. \u00c9 pra voc\u00ea, \u00e9 pra todas&#8221;"}]},{"@type":"WebSite","@id":"https:\/\/www.cidademarketing.com.br\/marketing\/#website","url":"https:\/\/www.cidademarketing.com.br\/marketing\/","name":"CidadeMarketing","description":"Somos um ve\u00edculo de comunica\u00e7\u00e3o de destaque no Brasil, reconhecido por conte\u00fados nos segmentos de marketing, empreendedorismo e inova\u00e7\u00e3o.","publisher":{"@id":"https:\/\/www.cidademarketing.com.br\/marketing\/#organization"},"alternateName":"CidadeMarketing","potentialAction":[{"@type":"SearchAction","target":{"@type":"EntryPoint","urlTemplate":"https:\/\/www.cidademarketing.com.br\/marketing\/?s={search_term_string}"},"query-input":{"@type":"PropertyValueSpecification","valueRequired":true,"valueName":"search_term_string"}}],"inLanguage":"pt-BR"},{"@type":"Organization","@id":"https:\/\/www.cidademarketing.com.br\/marketing\/#organization","name":"CidadeMarketing","alternateName":"CidadeMarketing","url":"https:\/\/www.cidademarketing.com.br\/marketing\/","logo":{"@type":"ImageObject","inLanguage":"pt-BR","@id":"https:\/\/www.cidademarketing.com.br\/marketing\/#\/schema\/logo\/image\/","url":"https:\/\/www.cidademarketing.com.br\/marketing\/wp-content\/uploads\/2020\/01\/cidademarketing_marca_mobile.png","contentUrl":"https:\/\/www.cidademarketing.com.br\/marketing\/wp-content\/uploads\/2020\/01\/cidademarketing_marca_mobile.png","width":230,"height":92,"caption":"CidadeMarketing"},"image":{"@id":"https:\/\/www.cidademarketing.com.br\/marketing\/#\/schema\/logo\/image\/"},"sameAs":["https:\/\/www.facebook.com\/portalcidademarketing","https:\/\/x.com\/CidadeMarketing","https:\/\/www.instagram.com\/cidademarketing\/"]},{"@type":"Person","@id":"https:\/\/www.cidademarketing.com.br\/marketing\/#\/schema\/person\/02daff9f18bd9378c9e01eb6b2db155f","name":"Thales Brand\u00e3o","image":{"@type":"ImageObject","inLanguage":"pt-BR","@id":"https:\/\/secure.gravatar.com\/avatar\/7ca3206950207cc3cb48feec56a8a7898741ab725c368d99d5d7a5a50aab80c6?s=96&d=mm&r=g","url":"https:\/\/secure.gravatar.com\/avatar\/7ca3206950207cc3cb48feec56a8a7898741ab725c368d99d5d7a5a50aab80c6?s=96&d=mm&r=g","contentUrl":"https:\/\/secure.gravatar.com\/avatar\/7ca3206950207cc3cb48feec56a8a7898741ab725c368d99d5d7a5a50aab80c6?s=96&d=mm&r=g","caption":"Thales Brand\u00e3o"},"description":"Editor Executivo do Portal CidadeMarketing.com.br &gt; Mestre em Comunica\u00e7\u00e3o e Sociedade pela Universidade Federal de Sergipe. Possui MBA Executivo em Administra\u00e7\u00e3o com \u00eanfase em Marketing pela Funda\u00e7\u00e3o Get\u00falio Vargas - Rio de Janeiro. Consultor, Palestrante e Pesquisador sobre Empreendedorismo, Marketing, Redes Sociais e Neg\u00f3cios Digitais. Professor, Palestrante TedxTalks e Campus Party. Twitter: @ThalesBrandao","sameAs":["http:\/\/www.mandacaru.com.br","https:\/\/www.facebook.com\/thalesbrandao","http:\/\/www.instagram.com.br\/thalesbrandaoferreira","https:\/\/www.linkedin.com\/in\/thales-brand\u00e3o-3948609\/","https:\/\/x.com\/http:\/\/www.twitter.com\/thalesbrandao"],"url":"https:\/\/www.cidademarketing.com.br\/marketing\/author\/thalesbrandao\/"}]}},"amp_enabled":true,"_links":{"self":[{"href":"https:\/\/www.cidademarketing.com.br\/marketing\/wp-json\/wp\/v2\/posts\/50331","targetHints":{"allow":["GET"]}}],"collection":[{"href":"https:\/\/www.cidademarketing.com.br\/marketing\/wp-json\/wp\/v2\/posts"}],"about":[{"href":"https:\/\/www.cidademarketing.com.br\/marketing\/wp-json\/wp\/v2\/types\/post"}],"author":[{"embeddable":true,"href":"https:\/\/www.cidademarketing.com.br\/marketing\/wp-json\/wp\/v2\/users\/1"}],"replies":[{"embeddable":true,"href":"https:\/\/www.cidademarketing.com.br\/marketing\/wp-json\/wp\/v2\/comments?post=50331"}],"version-history":[{"count":1,"href":"https:\/\/www.cidademarketing.com.br\/marketing\/wp-json\/wp\/v2\/posts\/50331\/revisions"}],"predecessor-version":[{"id":50333,"href":"https:\/\/www.cidademarketing.com.br\/marketing\/wp-json\/wp\/v2\/posts\/50331\/revisions\/50333"}],"wp:featuredmedia":[{"embeddable":true,"href":"https:\/\/www.cidademarketing.com.br\/marketing\/wp-json\/wp\/v2\/media\/50332"}],"wp:attachment":[{"href":"https:\/\/www.cidademarketing.com.br\/marketing\/wp-json\/wp\/v2\/media?parent=50331"}],"wp:term":[{"taxonomy":"category","embeddable":true,"href":"https:\/\/www.cidademarketing.com.br\/marketing\/wp-json\/wp\/v2\/categories?post=50331"},{"taxonomy":"post_tag","embeddable":true,"href":"https:\/\/www.cidademarketing.com.br\/marketing\/wp-json\/wp\/v2\/tags?post=50331"}],"curies":[{"name":"wp","href":"https:\/\/api.w.org\/{rel}","templated":true}]}}