{"id":50326,"date":"2024-03-09T22:19:43","date_gmt":"2024-03-10T01:19:43","guid":{"rendered":"https:\/\/www.cidademarketing.com.br\/marketing\/?p=50326"},"modified":"2024-03-11T18:17:51","modified_gmt":"2024-03-11T21:17:51","slug":"seara-mantem-lideranca-entre-as-marcas-mais-faladas-em-dois-meses-de-bbb-24-e-ja-ultrapassa-mencoes-totais-de-2023","status":"publish","type":"post","link":"https:\/\/www.cidademarketing.com.br\/marketing\/2024\/03\/09\/seara-mantem-lideranca-entre-as-marcas-mais-faladas-em-dois-meses-de-bbb-24-e-ja-ultrapassa-mencoes-totais-de-2023\/","title":{"rendered":"Seara mant\u00e9m lideran\u00e7a entre as marcas mais faladas em dois meses de BBB 24 e j\u00e1 ultrapassa men\u00e7\u00f5es totais de 2023"},"content":{"rendered":"<p>Em dois meses de patroc\u00ednio ao BBB 24, completados ontem, 8 de mar\u00e7o, a Seara ultrapassou o n\u00famero de men\u00e7\u00f5es em rela\u00e7\u00e3o ao ano passado e \u00e9 a marca mais comentada nas redes sociais desde o in\u00edcio do programa. Os dados s\u00e3o do Relat\u00f3rio Radar BBB, apresentado pela WMcCann, com base em levantamento da plataforma STILINGUE by Blip. Mais do que se posicionar no topo do ranking, a Seara j\u00e1 apresenta mais conversas do que obteve ao final do programa de 2023, quando se destacou como a segunda marca mais falada.<\/p>\n<p><a href=\"https:\/\/www.cidademarketing.com.br\/marketing\/sua-marca-vai-virar-noticia\/\" target=\"_blank\" rel=\"noopener\"><img fetchpriority=\"high\" decoding=\"async\" class=\"wp-image-44329 aligncenter\" src=\"https:\/\/www.cidademarketing.com.br\/comercial\/google_backlinks_guestpost_publieditorial_cidademarketing.webp\" alt=\"\" width=\"536\" height=\"479\" \/><\/a><br \/>\nEsse desempenho se confirma com o comparativo dos n\u00fameros: ap\u00f3s 100 dias do programa em 2023, a Seara obteve 118.610 mil men\u00e7\u00f5es totais, enquanto, agora, passados 60 dias de programa em 2024, a marca j\u00e1 ultrapassa 179 mil men\u00e7\u00f5es totais \u2013 50% acima do n\u00famero atingido ano passado, sendo 92% das men\u00e7\u00f5es saud\u00e1veis. \u201cEste \u00e9 um grande resultado do compromisso da Seara em criar conex\u00e3o e engajamento com seu p\u00fablico. Patrocinar o Big Brother Brasil vai al\u00e9m das din\u00e2micas realizadas dentro do programa, estamos a todo momento envolvidos com nosso p\u00fablico via redes sociais e seguimos aproveitando as melhores oportunidades para criar conex\u00f5es genu\u00ednas para promover nossos produtos, ocasi\u00f5es de consumo e lembran\u00e7a de marca durante o restante da temporada\u201d, comenta Tannia Bruno, diretora de marketing da Seara.<\/p>\n<p>Os n\u00fameros revelam a efici\u00eancia de uma estrat\u00e9gia 360\u00ba desenhada para a Seara para o Big Brother Brasil 24. Com a\u00e7\u00f5es dentro e fora da casa assinadas pela ag\u00eancia WMcCann, que mant\u00e9m o monitoramento cont\u00ednuo dos dados, a marca explora oportunidades 24\/7 e garante uma troca de informa\u00e7\u00f5es em tempo real entre os times, permitindo um aprimoramento \u00e1gil do trabalho. \u201cAo lado do time de dados, monitoramos constantemente o contexto do BBB 24 e isso contribui para o processo criativo de conte\u00fado digital\u201d, explica Camila Magalh\u00e3es, diretora de conte\u00fado da WMcCann.<\/p>\n<p>PROVA DE RESIST\u00caNCIA<br \/>\nSeguindo o calend\u00e1rio de a\u00e7\u00f5es da Seara dentro da casa, na \u00faltima quinta (07\/03), a marca promoveu uma prova de resist\u00eancia para definir o l\u00edder da semana e deu destaque para a Salsicha Hot Dog Seara. Na a\u00e7\u00e3o, os participantes enfrentaram o desafio de permanecerem abra\u00e7ados a um cachorro-quente gigante contendo a Salsicha Hot Dog Seara. Chuvas de mostarda acompanhadas da nova assinatura sonora da Seara: &#8220;Seara. Tudo fica bom demais&#8221;, ca\u00edram sobre os brothers e sisters de tempos em tempos para intensificar a competi\u00e7\u00e3o. Os participantes que se desequilibraram foram desclassificados.<br \/>\nA din\u00e2mica contou ainda com uma oferta exclusiva que disponibilizou 30% de desconto e frete gr\u00e1tis no site da Seara durante 24 horas via o QR Code na tela.<\/p>\n<p>ATIVANDO O SQUAD SEARA<br \/>\nDurante a prova, a marca mobilizou seu squad de influenciadores em uma a\u00e7\u00e3o especial com ex-participantes memor\u00e1veis de edi\u00e7\u00f5es passadas do reality. A a\u00e7\u00e3o consolidou 179 mil men\u00e7\u00f5es, com um aumento nas buscas de +1050% para Seara, +850% para Hot Dog Seara e +110% para Salsicha Seara.<\/p>\n<p>Nas redes sociais, os f\u00e3s do programa foram incentivados a relembrar momentos e participantes de todas as edi\u00e7\u00f5es, comentando no post oficial com a hashtag #SearaNoBBB24.Com a participa\u00e7\u00e3o ativa do p\u00fablico, a marca intensificou sua presen\u00e7a online ao revelar a participa\u00e7\u00e3o especial de Gil do Vigor, Sarah Andrade, Amanda Meirelles e Arthur Picoli. Esses ex-BBBs se tornaram &#8220;dogueiros por um dia&#8221;, em uma competi\u00e7\u00e3o para saber qual dupla faria o melhor hot dog, permitindo que o p\u00fablico escolhesse ingredientes para hot dogs personalizados.<\/p>\n<p>Enquanto a vota\u00e7\u00e3o estava em andamento no X por meio da #SearaNoBBB24, os comentaristas oficiais da Seara como Deborah Secco e Sabrina Sato, enriqueceram o evento escolhendo seus hot dogs preferidos e convidando o p\u00fablico a participar nas redes sociais da Seara.<\/p>\n<p><iframe title=\"Spotify Embed: Podcast CidadeMarketing\" style=\"border-radius: 12px\" width=\"100%\" height=\"152\" frameborder=\"0\" allowfullscreen allow=\"autoplay; clipboard-write; encrypted-media; fullscreen; picture-in-picture\" loading=\"lazy\" src=\"https:\/\/open.spotify.com\/embed\/show\/4khMKzP3FgFRWVwb73xicc?si=252fe5bff2b34909&#038;utm_source=oembed\"><\/iframe><\/p>\n<p>&nbsp;<\/p>\n<p>&nbsp;<\/p>\n","protected":false},"excerpt":{"rendered":"<p>Em dois meses de patroc\u00ednio ao BBB 24, completados ontem, 8 de mar\u00e7o, a Seara ultrapassou o n\u00famero de men\u00e7\u00f5es em rela\u00e7\u00e3o ao ano passado e \u00e9 a marca mais comentada nas redes sociais desde o in\u00edcio do programa. Os dados s\u00e3o do Relat\u00f3rio Radar BBB, apresentado pela WMcCann, com base em levantamento da plataforma [&hellip;]<\/p>\n","protected":false},"author":1,"featured_media":50335,"comment_status":"open","ping_status":"open","sticky":false,"template":"","format":"standard","meta":{"tdm_status":"","tdm_grid_status":"","footnotes":""},"categories":[11,6],"tags":[33,28,26,701,25,919],"class_list":["post-50326","post","type-post","status-publish","format-standard","has-post-thumbnail","hentry","category-digital","category-noticias","tag-estrategia","tag-marketing","tag-marketing-digital","tag-pesquisa-de-marketing","tag-redes-sociais","tag-seara"],"yoast_head":"<!-- This site is optimized with the Yoast SEO plugin v27.5 - https:\/\/yoast.com\/product\/yoast-seo-wordpress\/ -->\n<title>Seara mant\u00e9m lideran\u00e7a entre as marcas mais faladas em dois meses de BBB 24 e j\u00e1 ultrapassa men\u00e7\u00f5es totais de 2023 - CidadeMarketing<\/title>\n<meta name=\"robots\" content=\"index, follow, max-snippet:-1, max-image-preview:large, max-video-preview:-1\" \/>\n<link rel=\"canonical\" href=\"https:\/\/www.cidademarketing.com.br\/marketing\/2024\/03\/09\/seara-mantem-lideranca-entre-as-marcas-mais-faladas-em-dois-meses-de-bbb-24-e-ja-ultrapassa-mencoes-totais-de-2023\/\" \/>\n<meta property=\"og:locale\" content=\"pt_BR\" \/>\n<meta property=\"og:type\" content=\"article\" \/>\n<meta property=\"og:title\" content=\"Seara mant\u00e9m lideran\u00e7a entre as marcas mais faladas em dois meses de BBB 24 e j\u00e1 ultrapassa men\u00e7\u00f5es totais de 2023 - CidadeMarketing\" \/>\n<meta property=\"og:description\" content=\"Em dois meses de patroc\u00ednio ao BBB 24, completados ontem, 8 de mar\u00e7o, a Seara ultrapassou o n\u00famero de men\u00e7\u00f5es em rela\u00e7\u00e3o ao ano passado e \u00e9 a marca mais comentada nas redes sociais desde o in\u00edcio do programa. Os dados s\u00e3o do Relat\u00f3rio Radar BBB, apresentado pela WMcCann, com base em levantamento da plataforma [&hellip;]\" \/>\n<meta property=\"og:url\" content=\"https:\/\/www.cidademarketing.com.br\/marketing\/2024\/03\/09\/seara-mantem-lideranca-entre-as-marcas-mais-faladas-em-dois-meses-de-bbb-24-e-ja-ultrapassa-mencoes-totais-de-2023\/\" \/>\n<meta property=\"og:site_name\" content=\"CidadeMarketing\" \/>\n<meta property=\"article:publisher\" content=\"https:\/\/www.facebook.com\/portalcidademarketing\" \/>\n<meta property=\"article:author\" content=\"https:\/\/www.facebook.com\/thalesbrandao\" \/>\n<meta property=\"article:published_time\" content=\"2024-03-10T01:19:43+00:00\" \/>\n<meta property=\"article:modified_time\" content=\"2024-03-11T21:17:51+00:00\" \/>\n<meta property=\"og:image\" content=\"https:\/\/www.cidademarketing.com.br\/marketing\/wp-content\/uploads\/2024\/03\/seara_bbb2024-1024x576.png\" \/>\n\t<meta property=\"og:image:width\" content=\"1024\" \/>\n\t<meta property=\"og:image:height\" content=\"576\" \/>\n\t<meta property=\"og:image:type\" content=\"image\/png\" \/>\n<meta name=\"author\" content=\"Thales Brand\u00e3o\" \/>\n<meta name=\"twitter:card\" content=\"summary_large_image\" \/>\n<meta name=\"twitter:creator\" content=\"@http:\/\/www.twitter.com\/thalesbrandao\" \/>\n<meta name=\"twitter:site\" content=\"@CidadeMarketing\" \/>\n<meta name=\"twitter:label1\" content=\"Escrito por\" \/>\n\t<meta name=\"twitter:data1\" content=\"Thales Brand\u00e3o\" \/>\n\t<meta name=\"twitter:label2\" content=\"Est. tempo de leitura\" \/>\n\t<meta name=\"twitter:data2\" content=\"3 minutos\" \/>\n<script type=\"application\/ld+json\" class=\"yoast-schema-graph\">{\"@context\":\"https:\\\/\\\/schema.org\",\"@graph\":[{\"@type\":\"Article\",\"@id\":\"https:\\\/\\\/www.cidademarketing.com.br\\\/marketing\\\/2024\\\/03\\\/09\\\/seara-mantem-lideranca-entre-as-marcas-mais-faladas-em-dois-meses-de-bbb-24-e-ja-ultrapassa-mencoes-totais-de-2023\\\/#article\",\"isPartOf\":{\"@id\":\"https:\\\/\\\/www.cidademarketing.com.br\\\/marketing\\\/2024\\\/03\\\/09\\\/seara-mantem-lideranca-entre-as-marcas-mais-faladas-em-dois-meses-de-bbb-24-e-ja-ultrapassa-mencoes-totais-de-2023\\\/\"},\"author\":{\"name\":\"Thales Brand\u00e3o\",\"@id\":\"https:\\\/\\\/www.cidademarketing.com.br\\\/marketing\\\/#\\\/schema\\\/person\\\/02daff9f18bd9378c9e01eb6b2db155f\"},\"headline\":\"Seara mant\u00e9m lideran\u00e7a entre as marcas mais faladas em dois meses de BBB 24 e j\u00e1 ultrapassa men\u00e7\u00f5es totais de 2023\",\"datePublished\":\"2024-03-10T01:19:43+00:00\",\"dateModified\":\"2024-03-11T21:17:51+00:00\",\"mainEntityOfPage\":{\"@id\":\"https:\\\/\\\/www.cidademarketing.com.br\\\/marketing\\\/2024\\\/03\\\/09\\\/seara-mantem-lideranca-entre-as-marcas-mais-faladas-em-dois-meses-de-bbb-24-e-ja-ultrapassa-mencoes-totais-de-2023\\\/\"},\"wordCount\":685,\"commentCount\":0,\"publisher\":{\"@id\":\"https:\\\/\\\/www.cidademarketing.com.br\\\/marketing\\\/#organization\"},\"image\":{\"@id\":\"https:\\\/\\\/www.cidademarketing.com.br\\\/marketing\\\/2024\\\/03\\\/09\\\/seara-mantem-lideranca-entre-as-marcas-mais-faladas-em-dois-meses-de-bbb-24-e-ja-ultrapassa-mencoes-totais-de-2023\\\/#primaryimage\"},\"thumbnailUrl\":\"https:\\\/\\\/www.cidademarketing.com.br\\\/marketing\\\/wp-content\\\/uploads\\\/2024\\\/03\\\/seara_bbb2024.png\",\"keywords\":[\"estrat\u00e9gia\",\"marketing\",\"marketing digital\",\"pesquisa de marketing\",\"redes sociais\",\"Seara\"],\"articleSection\":[\"Digital\",\"Not\u00edcias\"],\"inLanguage\":\"pt-BR\",\"potentialAction\":[{\"@type\":\"CommentAction\",\"name\":\"Comment\",\"target\":[\"https:\\\/\\\/www.cidademarketing.com.br\\\/marketing\\\/2024\\\/03\\\/09\\\/seara-mantem-lideranca-entre-as-marcas-mais-faladas-em-dois-meses-de-bbb-24-e-ja-ultrapassa-mencoes-totais-de-2023\\\/#respond\"]}]},{\"@type\":\"WebPage\",\"@id\":\"https:\\\/\\\/www.cidademarketing.com.br\\\/marketing\\\/2024\\\/03\\\/09\\\/seara-mantem-lideranca-entre-as-marcas-mais-faladas-em-dois-meses-de-bbb-24-e-ja-ultrapassa-mencoes-totais-de-2023\\\/\",\"url\":\"https:\\\/\\\/www.cidademarketing.com.br\\\/marketing\\\/2024\\\/03\\\/09\\\/seara-mantem-lideranca-entre-as-marcas-mais-faladas-em-dois-meses-de-bbb-24-e-ja-ultrapassa-mencoes-totais-de-2023\\\/\",\"name\":\"Seara mant\u00e9m lideran\u00e7a entre as marcas mais faladas em dois meses de BBB 24 e j\u00e1 ultrapassa men\u00e7\u00f5es totais de 2023 - CidadeMarketing\",\"isPartOf\":{\"@id\":\"https:\\\/\\\/www.cidademarketing.com.br\\\/marketing\\\/#website\"},\"primaryImageOfPage\":{\"@id\":\"https:\\\/\\\/www.cidademarketing.com.br\\\/marketing\\\/2024\\\/03\\\/09\\\/seara-mantem-lideranca-entre-as-marcas-mais-faladas-em-dois-meses-de-bbb-24-e-ja-ultrapassa-mencoes-totais-de-2023\\\/#primaryimage\"},\"image\":{\"@id\":\"https:\\\/\\\/www.cidademarketing.com.br\\\/marketing\\\/2024\\\/03\\\/09\\\/seara-mantem-lideranca-entre-as-marcas-mais-faladas-em-dois-meses-de-bbb-24-e-ja-ultrapassa-mencoes-totais-de-2023\\\/#primaryimage\"},\"thumbnailUrl\":\"https:\\\/\\\/www.cidademarketing.com.br\\\/marketing\\\/wp-content\\\/uploads\\\/2024\\\/03\\\/seara_bbb2024.png\",\"datePublished\":\"2024-03-10T01:19:43+00:00\",\"dateModified\":\"2024-03-11T21:17:51+00:00\",\"breadcrumb\":{\"@id\":\"https:\\\/\\\/www.cidademarketing.com.br\\\/marketing\\\/2024\\\/03\\\/09\\\/seara-mantem-lideranca-entre-as-marcas-mais-faladas-em-dois-meses-de-bbb-24-e-ja-ultrapassa-mencoes-totais-de-2023\\\/#breadcrumb\"},\"inLanguage\":\"pt-BR\",\"potentialAction\":[{\"@type\":\"ReadAction\",\"target\":[\"https:\\\/\\\/www.cidademarketing.com.br\\\/marketing\\\/2024\\\/03\\\/09\\\/seara-mantem-lideranca-entre-as-marcas-mais-faladas-em-dois-meses-de-bbb-24-e-ja-ultrapassa-mencoes-totais-de-2023\\\/\"]}]},{\"@type\":\"ImageObject\",\"inLanguage\":\"pt-BR\",\"@id\":\"https:\\\/\\\/www.cidademarketing.com.br\\\/marketing\\\/2024\\\/03\\\/09\\\/seara-mantem-lideranca-entre-as-marcas-mais-faladas-em-dois-meses-de-bbb-24-e-ja-ultrapassa-mencoes-totais-de-2023\\\/#primaryimage\",\"url\":\"https:\\\/\\\/www.cidademarketing.com.br\\\/marketing\\\/wp-content\\\/uploads\\\/2024\\\/03\\\/seara_bbb2024.png\",\"contentUrl\":\"https:\\\/\\\/www.cidademarketing.com.br\\\/marketing\\\/wp-content\\\/uploads\\\/2024\\\/03\\\/seara_bbb2024.png\",\"width\":1920,\"height\":1080,\"caption\":\"Reprodu\u00e7\u00e3o\"},{\"@type\":\"BreadcrumbList\",\"@id\":\"https:\\\/\\\/www.cidademarketing.com.br\\\/marketing\\\/2024\\\/03\\\/09\\\/seara-mantem-lideranca-entre-as-marcas-mais-faladas-em-dois-meses-de-bbb-24-e-ja-ultrapassa-mencoes-totais-de-2023\\\/#breadcrumb\",\"itemListElement\":[{\"@type\":\"ListItem\",\"position\":1,\"name\":\"In\u00edcio\",\"item\":\"https:\\\/\\\/www.cidademarketing.com.br\\\/marketing\\\/\"},{\"@type\":\"ListItem\",\"position\":2,\"name\":\"Seara mant\u00e9m lideran\u00e7a entre as marcas mais faladas em dois meses de BBB 24 e j\u00e1 ultrapassa men\u00e7\u00f5es totais de 2023\"}]},{\"@type\":\"WebSite\",\"@id\":\"https:\\\/\\\/www.cidademarketing.com.br\\\/marketing\\\/#website\",\"url\":\"https:\\\/\\\/www.cidademarketing.com.br\\\/marketing\\\/\",\"name\":\"CidadeMarketing\",\"description\":\"Somos um ve\u00edculo de comunica\u00e7\u00e3o de destaque no Brasil, reconhecido por conte\u00fados nos segmentos de marketing, empreendedorismo e inova\u00e7\u00e3o.\",\"publisher\":{\"@id\":\"https:\\\/\\\/www.cidademarketing.com.br\\\/marketing\\\/#organization\"},\"alternateName\":\"CidadeMarketing\",\"potentialAction\":[{\"@type\":\"SearchAction\",\"target\":{\"@type\":\"EntryPoint\",\"urlTemplate\":\"https:\\\/\\\/www.cidademarketing.com.br\\\/marketing\\\/?s={search_term_string}\"},\"query-input\":{\"@type\":\"PropertyValueSpecification\",\"valueRequired\":true,\"valueName\":\"search_term_string\"}}],\"inLanguage\":\"pt-BR\"},{\"@type\":\"Organization\",\"@id\":\"https:\\\/\\\/www.cidademarketing.com.br\\\/marketing\\\/#organization\",\"name\":\"CidadeMarketing\",\"alternateName\":\"CidadeMarketing\",\"url\":\"https:\\\/\\\/www.cidademarketing.com.br\\\/marketing\\\/\",\"logo\":{\"@type\":\"ImageObject\",\"inLanguage\":\"pt-BR\",\"@id\":\"https:\\\/\\\/www.cidademarketing.com.br\\\/marketing\\\/#\\\/schema\\\/logo\\\/image\\\/\",\"url\":\"https:\\\/\\\/www.cidademarketing.com.br\\\/marketing\\\/wp-content\\\/uploads\\\/2020\\\/01\\\/cidademarketing_marca_mobile.png\",\"contentUrl\":\"https:\\\/\\\/www.cidademarketing.com.br\\\/marketing\\\/wp-content\\\/uploads\\\/2020\\\/01\\\/cidademarketing_marca_mobile.png\",\"width\":230,\"height\":92,\"caption\":\"CidadeMarketing\"},\"image\":{\"@id\":\"https:\\\/\\\/www.cidademarketing.com.br\\\/marketing\\\/#\\\/schema\\\/logo\\\/image\\\/\"},\"sameAs\":[\"https:\\\/\\\/www.facebook.com\\\/portalcidademarketing\",\"https:\\\/\\\/x.com\\\/CidadeMarketing\",\"https:\\\/\\\/www.instagram.com\\\/cidademarketing\\\/\"]},{\"@type\":\"Person\",\"@id\":\"https:\\\/\\\/www.cidademarketing.com.br\\\/marketing\\\/#\\\/schema\\\/person\\\/02daff9f18bd9378c9e01eb6b2db155f\",\"name\":\"Thales Brand\u00e3o\",\"image\":{\"@type\":\"ImageObject\",\"inLanguage\":\"pt-BR\",\"@id\":\"https:\\\/\\\/secure.gravatar.com\\\/avatar\\\/7ca3206950207cc3cb48feec56a8a7898741ab725c368d99d5d7a5a50aab80c6?s=96&d=mm&r=g\",\"url\":\"https:\\\/\\\/secure.gravatar.com\\\/avatar\\\/7ca3206950207cc3cb48feec56a8a7898741ab725c368d99d5d7a5a50aab80c6?s=96&d=mm&r=g\",\"contentUrl\":\"https:\\\/\\\/secure.gravatar.com\\\/avatar\\\/7ca3206950207cc3cb48feec56a8a7898741ab725c368d99d5d7a5a50aab80c6?s=96&d=mm&r=g\",\"caption\":\"Thales Brand\u00e3o\"},\"description\":\"Editor Executivo do Portal CidadeMarketing.com.br &gt; Mestre em Comunica\u00e7\u00e3o e Sociedade pela Universidade Federal de Sergipe. Possui MBA Executivo em Administra\u00e7\u00e3o com \u00eanfase em Marketing pela Funda\u00e7\u00e3o Get\u00falio Vargas - Rio de Janeiro. Consultor, Palestrante e Pesquisador sobre Empreendedorismo, Marketing, Redes Sociais e Neg\u00f3cios Digitais. Professor, Palestrante TedxTalks e Campus Party. Twitter: @ThalesBrandao\",\"sameAs\":[\"http:\\\/\\\/www.mandacaru.com.br\",\"https:\\\/\\\/www.facebook.com\\\/thalesbrandao\",\"http:\\\/\\\/www.instagram.com.br\\\/thalesbrandaoferreira\",\"https:\\\/\\\/www.linkedin.com\\\/in\\\/thales-brand\u00e3o-3948609\\\/\",\"https:\\\/\\\/x.com\\\/http:\\\/\\\/www.twitter.com\\\/thalesbrandao\"],\"url\":\"https:\\\/\\\/www.cidademarketing.com.br\\\/marketing\\\/author\\\/thalesbrandao\\\/\"}]}<\/script>\n<!-- \/ Yoast SEO plugin. -->","yoast_head_json":{"title":"Seara mant\u00e9m lideran\u00e7a entre as marcas mais faladas em dois meses de BBB 24 e j\u00e1 ultrapassa men\u00e7\u00f5es totais de 2023 - CidadeMarketing","robots":{"index":"index","follow":"follow","max-snippet":"max-snippet:-1","max-image-preview":"max-image-preview:large","max-video-preview":"max-video-preview:-1"},"canonical":"https:\/\/www.cidademarketing.com.br\/marketing\/2024\/03\/09\/seara-mantem-lideranca-entre-as-marcas-mais-faladas-em-dois-meses-de-bbb-24-e-ja-ultrapassa-mencoes-totais-de-2023\/","og_locale":"pt_BR","og_type":"article","og_title":"Seara mant\u00e9m lideran\u00e7a entre as marcas mais faladas em dois meses de BBB 24 e j\u00e1 ultrapassa men\u00e7\u00f5es totais de 2023 - CidadeMarketing","og_description":"Em dois meses de patroc\u00ednio ao BBB 24, completados ontem, 8 de mar\u00e7o, a Seara ultrapassou o n\u00famero de men\u00e7\u00f5es em rela\u00e7\u00e3o ao ano passado e \u00e9 a marca mais comentada nas redes sociais desde o in\u00edcio do programa. Os dados s\u00e3o do Relat\u00f3rio Radar BBB, apresentado pela WMcCann, com base em levantamento da plataforma [&hellip;]","og_url":"https:\/\/www.cidademarketing.com.br\/marketing\/2024\/03\/09\/seara-mantem-lideranca-entre-as-marcas-mais-faladas-em-dois-meses-de-bbb-24-e-ja-ultrapassa-mencoes-totais-de-2023\/","og_site_name":"CidadeMarketing","article_publisher":"https:\/\/www.facebook.com\/portalcidademarketing","article_author":"https:\/\/www.facebook.com\/thalesbrandao","article_published_time":"2024-03-10T01:19:43+00:00","article_modified_time":"2024-03-11T21:17:51+00:00","og_image":[{"width":1024,"height":576,"url":"https:\/\/www.cidademarketing.com.br\/marketing\/wp-content\/uploads\/2024\/03\/seara_bbb2024-1024x576.png","type":"image\/png"}],"author":"Thales Brand\u00e3o","twitter_card":"summary_large_image","twitter_creator":"@http:\/\/www.twitter.com\/thalesbrandao","twitter_site":"@CidadeMarketing","twitter_misc":{"Escrito por":"Thales Brand\u00e3o","Est. tempo de leitura":"3 minutos"},"schema":{"@context":"https:\/\/schema.org","@graph":[{"@type":"Article","@id":"https:\/\/www.cidademarketing.com.br\/marketing\/2024\/03\/09\/seara-mantem-lideranca-entre-as-marcas-mais-faladas-em-dois-meses-de-bbb-24-e-ja-ultrapassa-mencoes-totais-de-2023\/#article","isPartOf":{"@id":"https:\/\/www.cidademarketing.com.br\/marketing\/2024\/03\/09\/seara-mantem-lideranca-entre-as-marcas-mais-faladas-em-dois-meses-de-bbb-24-e-ja-ultrapassa-mencoes-totais-de-2023\/"},"author":{"name":"Thales Brand\u00e3o","@id":"https:\/\/www.cidademarketing.com.br\/marketing\/#\/schema\/person\/02daff9f18bd9378c9e01eb6b2db155f"},"headline":"Seara mant\u00e9m lideran\u00e7a entre as marcas mais faladas em dois meses de BBB 24 e j\u00e1 ultrapassa men\u00e7\u00f5es totais de 2023","datePublished":"2024-03-10T01:19:43+00:00","dateModified":"2024-03-11T21:17:51+00:00","mainEntityOfPage":{"@id":"https:\/\/www.cidademarketing.com.br\/marketing\/2024\/03\/09\/seara-mantem-lideranca-entre-as-marcas-mais-faladas-em-dois-meses-de-bbb-24-e-ja-ultrapassa-mencoes-totais-de-2023\/"},"wordCount":685,"commentCount":0,"publisher":{"@id":"https:\/\/www.cidademarketing.com.br\/marketing\/#organization"},"image":{"@id":"https:\/\/www.cidademarketing.com.br\/marketing\/2024\/03\/09\/seara-mantem-lideranca-entre-as-marcas-mais-faladas-em-dois-meses-de-bbb-24-e-ja-ultrapassa-mencoes-totais-de-2023\/#primaryimage"},"thumbnailUrl":"https:\/\/www.cidademarketing.com.br\/marketing\/wp-content\/uploads\/2024\/03\/seara_bbb2024.png","keywords":["estrat\u00e9gia","marketing","marketing digital","pesquisa de marketing","redes sociais","Seara"],"articleSection":["Digital","Not\u00edcias"],"inLanguage":"pt-BR","potentialAction":[{"@type":"CommentAction","name":"Comment","target":["https:\/\/www.cidademarketing.com.br\/marketing\/2024\/03\/09\/seara-mantem-lideranca-entre-as-marcas-mais-faladas-em-dois-meses-de-bbb-24-e-ja-ultrapassa-mencoes-totais-de-2023\/#respond"]}]},{"@type":"WebPage","@id":"https:\/\/www.cidademarketing.com.br\/marketing\/2024\/03\/09\/seara-mantem-lideranca-entre-as-marcas-mais-faladas-em-dois-meses-de-bbb-24-e-ja-ultrapassa-mencoes-totais-de-2023\/","url":"https:\/\/www.cidademarketing.com.br\/marketing\/2024\/03\/09\/seara-mantem-lideranca-entre-as-marcas-mais-faladas-em-dois-meses-de-bbb-24-e-ja-ultrapassa-mencoes-totais-de-2023\/","name":"Seara mant\u00e9m lideran\u00e7a entre as marcas mais faladas em dois meses de BBB 24 e j\u00e1 ultrapassa men\u00e7\u00f5es totais de 2023 - CidadeMarketing","isPartOf":{"@id":"https:\/\/www.cidademarketing.com.br\/marketing\/#website"},"primaryImageOfPage":{"@id":"https:\/\/www.cidademarketing.com.br\/marketing\/2024\/03\/09\/seara-mantem-lideranca-entre-as-marcas-mais-faladas-em-dois-meses-de-bbb-24-e-ja-ultrapassa-mencoes-totais-de-2023\/#primaryimage"},"image":{"@id":"https:\/\/www.cidademarketing.com.br\/marketing\/2024\/03\/09\/seara-mantem-lideranca-entre-as-marcas-mais-faladas-em-dois-meses-de-bbb-24-e-ja-ultrapassa-mencoes-totais-de-2023\/#primaryimage"},"thumbnailUrl":"https:\/\/www.cidademarketing.com.br\/marketing\/wp-content\/uploads\/2024\/03\/seara_bbb2024.png","datePublished":"2024-03-10T01:19:43+00:00","dateModified":"2024-03-11T21:17:51+00:00","breadcrumb":{"@id":"https:\/\/www.cidademarketing.com.br\/marketing\/2024\/03\/09\/seara-mantem-lideranca-entre-as-marcas-mais-faladas-em-dois-meses-de-bbb-24-e-ja-ultrapassa-mencoes-totais-de-2023\/#breadcrumb"},"inLanguage":"pt-BR","potentialAction":[{"@type":"ReadAction","target":["https:\/\/www.cidademarketing.com.br\/marketing\/2024\/03\/09\/seara-mantem-lideranca-entre-as-marcas-mais-faladas-em-dois-meses-de-bbb-24-e-ja-ultrapassa-mencoes-totais-de-2023\/"]}]},{"@type":"ImageObject","inLanguage":"pt-BR","@id":"https:\/\/www.cidademarketing.com.br\/marketing\/2024\/03\/09\/seara-mantem-lideranca-entre-as-marcas-mais-faladas-em-dois-meses-de-bbb-24-e-ja-ultrapassa-mencoes-totais-de-2023\/#primaryimage","url":"https:\/\/www.cidademarketing.com.br\/marketing\/wp-content\/uploads\/2024\/03\/seara_bbb2024.png","contentUrl":"https:\/\/www.cidademarketing.com.br\/marketing\/wp-content\/uploads\/2024\/03\/seara_bbb2024.png","width":1920,"height":1080,"caption":"Reprodu\u00e7\u00e3o"},{"@type":"BreadcrumbList","@id":"https:\/\/www.cidademarketing.com.br\/marketing\/2024\/03\/09\/seara-mantem-lideranca-entre-as-marcas-mais-faladas-em-dois-meses-de-bbb-24-e-ja-ultrapassa-mencoes-totais-de-2023\/#breadcrumb","itemListElement":[{"@type":"ListItem","position":1,"name":"In\u00edcio","item":"https:\/\/www.cidademarketing.com.br\/marketing\/"},{"@type":"ListItem","position":2,"name":"Seara mant\u00e9m lideran\u00e7a entre as marcas mais faladas em dois meses de BBB 24 e j\u00e1 ultrapassa men\u00e7\u00f5es totais de 2023"}]},{"@type":"WebSite","@id":"https:\/\/www.cidademarketing.com.br\/marketing\/#website","url":"https:\/\/www.cidademarketing.com.br\/marketing\/","name":"CidadeMarketing","description":"Somos um ve\u00edculo de comunica\u00e7\u00e3o de destaque no Brasil, reconhecido por conte\u00fados nos segmentos de marketing, empreendedorismo e inova\u00e7\u00e3o.","publisher":{"@id":"https:\/\/www.cidademarketing.com.br\/marketing\/#organization"},"alternateName":"CidadeMarketing","potentialAction":[{"@type":"SearchAction","target":{"@type":"EntryPoint","urlTemplate":"https:\/\/www.cidademarketing.com.br\/marketing\/?s={search_term_string}"},"query-input":{"@type":"PropertyValueSpecification","valueRequired":true,"valueName":"search_term_string"}}],"inLanguage":"pt-BR"},{"@type":"Organization","@id":"https:\/\/www.cidademarketing.com.br\/marketing\/#organization","name":"CidadeMarketing","alternateName":"CidadeMarketing","url":"https:\/\/www.cidademarketing.com.br\/marketing\/","logo":{"@type":"ImageObject","inLanguage":"pt-BR","@id":"https:\/\/www.cidademarketing.com.br\/marketing\/#\/schema\/logo\/image\/","url":"https:\/\/www.cidademarketing.com.br\/marketing\/wp-content\/uploads\/2020\/01\/cidademarketing_marca_mobile.png","contentUrl":"https:\/\/www.cidademarketing.com.br\/marketing\/wp-content\/uploads\/2020\/01\/cidademarketing_marca_mobile.png","width":230,"height":92,"caption":"CidadeMarketing"},"image":{"@id":"https:\/\/www.cidademarketing.com.br\/marketing\/#\/schema\/logo\/image\/"},"sameAs":["https:\/\/www.facebook.com\/portalcidademarketing","https:\/\/x.com\/CidadeMarketing","https:\/\/www.instagram.com\/cidademarketing\/"]},{"@type":"Person","@id":"https:\/\/www.cidademarketing.com.br\/marketing\/#\/schema\/person\/02daff9f18bd9378c9e01eb6b2db155f","name":"Thales Brand\u00e3o","image":{"@type":"ImageObject","inLanguage":"pt-BR","@id":"https:\/\/secure.gravatar.com\/avatar\/7ca3206950207cc3cb48feec56a8a7898741ab725c368d99d5d7a5a50aab80c6?s=96&d=mm&r=g","url":"https:\/\/secure.gravatar.com\/avatar\/7ca3206950207cc3cb48feec56a8a7898741ab725c368d99d5d7a5a50aab80c6?s=96&d=mm&r=g","contentUrl":"https:\/\/secure.gravatar.com\/avatar\/7ca3206950207cc3cb48feec56a8a7898741ab725c368d99d5d7a5a50aab80c6?s=96&d=mm&r=g","caption":"Thales Brand\u00e3o"},"description":"Editor Executivo do Portal CidadeMarketing.com.br &gt; Mestre em Comunica\u00e7\u00e3o e Sociedade pela Universidade Federal de Sergipe. Possui MBA Executivo em Administra\u00e7\u00e3o com \u00eanfase em Marketing pela Funda\u00e7\u00e3o Get\u00falio Vargas - Rio de Janeiro. Consultor, Palestrante e Pesquisador sobre Empreendedorismo, Marketing, Redes Sociais e Neg\u00f3cios Digitais. Professor, Palestrante TedxTalks e Campus Party. Twitter: @ThalesBrandao","sameAs":["http:\/\/www.mandacaru.com.br","https:\/\/www.facebook.com\/thalesbrandao","http:\/\/www.instagram.com.br\/thalesbrandaoferreira","https:\/\/www.linkedin.com\/in\/thales-brand\u00e3o-3948609\/","https:\/\/x.com\/http:\/\/www.twitter.com\/thalesbrandao"],"url":"https:\/\/www.cidademarketing.com.br\/marketing\/author\/thalesbrandao\/"}]}},"amp_enabled":true,"_links":{"self":[{"href":"https:\/\/www.cidademarketing.com.br\/marketing\/wp-json\/wp\/v2\/posts\/50326","targetHints":{"allow":["GET"]}}],"collection":[{"href":"https:\/\/www.cidademarketing.com.br\/marketing\/wp-json\/wp\/v2\/posts"}],"about":[{"href":"https:\/\/www.cidademarketing.com.br\/marketing\/wp-json\/wp\/v2\/types\/post"}],"author":[{"embeddable":true,"href":"https:\/\/www.cidademarketing.com.br\/marketing\/wp-json\/wp\/v2\/users\/1"}],"replies":[{"embeddable":true,"href":"https:\/\/www.cidademarketing.com.br\/marketing\/wp-json\/wp\/v2\/comments?post=50326"}],"version-history":[{"count":1,"href":"https:\/\/www.cidademarketing.com.br\/marketing\/wp-json\/wp\/v2\/posts\/50326\/revisions"}],"predecessor-version":[{"id":50327,"href":"https:\/\/www.cidademarketing.com.br\/marketing\/wp-json\/wp\/v2\/posts\/50326\/revisions\/50327"}],"wp:featuredmedia":[{"embeddable":true,"href":"https:\/\/www.cidademarketing.com.br\/marketing\/wp-json\/wp\/v2\/media\/50335"}],"wp:attachment":[{"href":"https:\/\/www.cidademarketing.com.br\/marketing\/wp-json\/wp\/v2\/media?parent=50326"}],"wp:term":[{"taxonomy":"category","embeddable":true,"href":"https:\/\/www.cidademarketing.com.br\/marketing\/wp-json\/wp\/v2\/categories?post=50326"},{"taxonomy":"post_tag","embeddable":true,"href":"https:\/\/www.cidademarketing.com.br\/marketing\/wp-json\/wp\/v2\/tags?post=50326"}],"curies":[{"name":"wp","href":"https:\/\/api.w.org\/{rel}","templated":true}]}}