{"id":503,"date":"2018-07-05T00:06:17","date_gmt":"2018-07-05T03:06:17","guid":{"rendered":"http:\/\/www.cidademarketing.com.br\/marketing\/?p=503"},"modified":"2018-07-05T00:38:25","modified_gmt":"2018-07-05T03:38:25","slug":"ceo-da-ge-na-america-latina-e-preso-em-sp-em-nova-fase-da-lava-jato","status":"publish","type":"post","link":"https:\/\/www.cidademarketing.com.br\/marketing\/2018\/07\/05\/ceo-da-ge-na-america-latina-e-preso-em-sp-em-nova-fase-da-lava-jato\/","title":{"rendered":"CEO da GE na Am\u00e9rica Latina \u00e9 preso em nova fase da Lava Jato"},"content":{"rendered":"<p>O Minist\u00e9rio P\u00fablico Federal (MPF) no Rio de Janeiro (RJ) em conjunto com o Conselho de Defesa Administrativa (Cade), o Tribunal de Contas da Uni\u00e3o (TCU) e a Controladoria Geral da Uni\u00e3o (CGU), a Receita Federal e a Pol\u00edcia Federal realizam nesta quarta-feira (4) a opera\u00e7\u00e3o Resson\u00e2ncia. O objetivo \u00e9 aprofundar as investiga\u00e7\u00f5es sobre contratos na \u00e1rea da sa\u00fade celebrados pelo estado do Rio de Janeiro e pelo Instituto Nacional de Traumatologia e Ortopedia Jamil Haddad (Into). A 7\u00aa Vara Federal Criminal autorizou a pris\u00e3o preventiva de 13 pessoas e a tempor\u00e1ria de 9, al\u00e9m da busca e apreens\u00e3o em 44 endere\u00e7os. Tamb\u00e9m foi decretado o bloqueio de bens dos investigados no valor de R$ 1,2 bilh\u00e3o.<\/p>\n<p>A partir das investiga\u00e7\u00f5es da opera\u00e7\u00e3o Fatura Exposta, \u00f3rg\u00e3os de controle como o Cade, o TCU e a CGU uniram esfor\u00e7os e identificaram um cartel de fornecedores que atuou no Into entre 1996 e 2017. A empresa Oscar Iskin, do empres\u00e1rio Miguel Iskin, era a l\u00edder do cartel formado por, pelo menos, 33 empresas, algumas delas atuando como laranjas das demais, que se organizavam no chamado \u201cclube do preg\u00e3o internacional\u201d.<\/p>\n<p>O n\u00facleo operacional da organiza\u00e7\u00e3o criminosa era formado por funcion\u00e1rios de confian\u00e7a da empresa Oscar Iskin. Eles eram respons\u00e1veis por fazer a liga\u00e7\u00e3o entre o setor p\u00fablico (n\u00facleo administrativo-pol\u00edtico) e os empres\u00e1rios cartelizados (n\u00facleo econ\u00f4mico) para direcionar as demandas p\u00fablicas (insumos m\u00e9dicos a serem adquiridos e cota\u00e7\u00e3o de pre\u00e7os fraudadas) e as contrata\u00e7\u00f5es, mediante a desclassifica\u00e7\u00e3o il\u00edcita de concorrentes que n\u00e3o faziam parte do cartel.<\/p>\n<p>\u201cEsses atos de of\u00edcio eram comprados com o pagamento de vantagens indevidas milion\u00e1rias, as quais eram custeadas com base na arrecada\u00e7\u00e3o de valores com as empresas benefici\u00e1rias das licita\u00e7\u00f5es, seja por meio de pagamento de &#8216;comiss\u00f5es&#8217; no exterior (correspondentes a cerca de 40% dos contratos), seja por meio do recolhimento no Brasil de valores entre 10% e 13% dos contratos firmados pelas empresas do cartel, estrat\u00e9gia que gerava um &#8216;grande caixa de propina&#8217; administrado por Miguel Iskin de forma a retroalimentar o sistema e permitir a sua hegemonia no mercado da sa\u00fade p\u00fablica durante d\u00e9cadas\u201d, afirmam em peti\u00e7\u00e3o os procuradores da Rep\u00fablica Eduardo El Hage, Fabiana Schneider, Marisa Ferrari, Jos\u00e9 Augusto Vagos, Leonardo Cardoso de Freitas, Rafael Barretto, Rodrigo Tim\u00f3teo, Stanley Valeriano, S\u00e9rgio Pinel, Felipe Bogado e Almir Teubl Sanches, integrantes da for\u00e7a-tarefa da Lava Jato no Rio de Janeiro.<\/p>\n<p>No n\u00facleo administrativo da organiza\u00e7\u00e3o criminosa, destaca-se a atua\u00e7\u00e3o de Jair Vinnicius Ramos da Veiga, conhecido como Coronel Veiga, respons\u00e1vel por controlar de fato as licita\u00e7\u00f5es no Into e na Secretaria Estadual de Sa\u00fade. O esquema de corrup\u00e7\u00e3o no Into permaneceu, mesmo ap\u00f3s as mudan\u00e7as nos cargos de dire\u00e7\u00e3o, envolvendo o atual diretor-geral do Into, Andr\u00e9 Loyelo, e o coordenador de administra\u00e7\u00e3o geral, Lu\u00eds Carlos Moreno, os quais continuaram os ajustes com empresas contratantes, incluindo algumas integrantes do cartel.<\/p>\n<p>No n\u00facleo econ\u00f4mico atuavam os principais executivos de fabricantes multinacionais de equipamentos m\u00e9dicos, que ajustavam as vit\u00f3rias nas licita\u00e7\u00f5es mediante o pagamento de comiss\u00e3o a Miguel Iskin no valor de 13% dos contratos. Empresas intermedi\u00e1rias controladas por Iskin tamb\u00e9m atuavam no cartel para vender produtos fabricados por terceiros, bem como as empresas laranjas, que participavam das licita\u00e7\u00f5es apenas para dar apar\u00eancia de legalidade \u00e0s contrata\u00e7\u00f5es e, quando ganhavam o contrato, retinham uma pequena parte do valor a t\u00edtulo de comiss\u00e3o e repassavam a quase totalidade das vendas para os grandes fabricantes.<\/p>\n<p>Para o recebimento dos valores, Miguel Iskin montou uma rede complexa de lavagem de dinheiro, utilizando-se de offshores em diversos pa\u00edses e empresas no Brasil. O esquema funcionava de maneira similar na Secretaria de Sa\u00fade, onde se identificou fraude em licita\u00e7\u00f5es realizadas diretamente, como a que gerou os contratos de reforma e aquisi\u00e7\u00e3o de equipamentos para a sede do Instituto Estadual do C\u00e9rebro (IEC), al\u00e9m da ades\u00e3o a atas de registro de pre\u00e7o do Into nas quais tamb\u00e9m foram encontradas irregularidades.<\/p>\n<p><strong>Foram determinadas as pris\u00f5es tempor\u00e1rias de:<\/strong><br \/>\n1. Luiz S\u00e9rgio Braga Rodrigues<br \/>\n2. M\u00e1rcia de Andrade Oliveira Cunha Travassos<br \/>\n3. Albert Holzhacker<br \/>\n4. Frederik Knudsen<br \/>\n5. Daurio Speranzini J\u00fanior<br \/>\n6. Ermano Marchetti Moraes<br \/>\n7. Julio Cezar Alvarez<br \/>\n8. Daniele Cristine Fazza da Veiga<br \/>\n9. Andr\u00e9 Luiz Loyelo Barcellos<\/p>\n<p><strong>Tamb\u00e9m foram decretadas as pris\u00f5es preventivas de:<\/strong><br \/>\n1. Miguel Iskin<br \/>\n2. Gustavo Estellita<br \/>\n3. Marco Ant\u00f4nio Guimar\u00e3es Duarte de Almeida<br \/>\n4. Marcos Vinicius Guimar\u00e3es Duarte de Almeida<br \/>\n5. Gaetano Signorini<br \/>\n6. Wlademir Rizzi<br \/>\n7. Adalberto Rizzi<br \/>\n8. Ant\u00f4nio Aparecido Georgete<br \/>\n9. Ivan Console Ireno<br \/>\n10. Jair Vinnicius Ramos da Veiga<br \/>\n11. Luis Carlos Moreno de Andrade<br \/>\n12. Jo\u00e3o Batista da Luz J\u00fanior<br \/>\n13. Rafael dos Santos Magalh\u00e3es<\/p>\n<p><a class=\"internal-link\" title=\"\u00cdntegra do pedido de pris\u00e3o\" href=\"http:\/\/www.mpf.mp.br\/rj\/sala-de-imprensa\/docs\/pr-rj\/prisao-ressonancia\" target=\"_blank\" rel=\"noopener\">\u00cdntegra do pedido de pris\u00e3o<\/a><\/p>\n<p>Em nota, a Philips informa que &#8220;ainda n\u00e3o teve acesso ao processo, no entanto, est\u00e1 cooperando com as autoridades para prestar quaisquer esclarecimentos quanto \u00e0s alega\u00e7\u00f5es apresentadas, que datam de muitos anos atr\u00e1s&#8221;.\u00a0 &#8220;Os atuais l\u00edderes executivos da Philips n\u00e3o s\u00e3o parte da a\u00e7\u00e3o da Pol\u00edcia Federal; um colaborador da equipe de vendas da Philips foi conduzido para prestar esclarecimentos. A pol\u00edtica da Philips \u00e9 realizar neg\u00f3cios de acordo com todas as leis, regras e regulamentos aplic\u00e1veis. Quaisquer investiga\u00e7\u00f5es sobre poss\u00edveis viola\u00e7\u00f5es dessas leis s\u00e3o tratadas muito seriamente pela empresa&#8221;, conclui o comunicado.<\/p>\n<div data-block-type=\"ads\" data-block-id=\"8\"><\/div>\n<div data-block-type=\"ads\" data-block-id=\"8\">Em nota, a GE ressaltou que a pris\u00e3o de Daurio Speranzini Jr. ocorreu em meio a alega\u00e7\u00f5es que se referem a um &#8220;per\u00edodo em que o executivo trabalhou para uma companhia sem rela\u00e7\u00e3o com a GE&#8221;. &#8220;A empresa refor\u00e7a que est\u00e1 profundamente comprometida com integridade, conformidade e o estado de direito em todos os pa\u00edses em que opera, assim acredita que os fatos ser\u00e3o esclarecidos ao longo da investiga\u00e7\u00e3o&#8221;, diz a nota da companhia. &#8220;A GE atua com base nos mais altos padr\u00f5es de integridade, \u00e9tica e transpar\u00eancia. E est\u00e1 \u00e0 disposi\u00e7\u00e3o das autoridades para qualquer eventual esclarecimento&#8221;, completa.<\/div>\n<div data-block-type=\"ads\" data-block-id=\"8\"><\/div>\n<div data-block-type=\"ads\" data-block-id=\"8\"><em>CidadeMarketing com informa\u00e7\u00f5es do Minist\u00e9rio P\u00fablico Federal do Rio de Janeiro.<\/em><\/div>\n<p>&nbsp;<\/p>\n<p>&nbsp;<\/p>\n<p>&nbsp;<\/p>\n","protected":false},"excerpt":{"rendered":"<p>O Minist\u00e9rio P\u00fablico Federal (MPF) no Rio de Janeiro (RJ) em conjunto com o Conselho de Defesa Administrativa (Cade), o Tribunal de Contas da Uni\u00e3o (TCU) e a Controladoria Geral da Uni\u00e3o (CGU), a Receita Federal e a Pol\u00edcia Federal realizam nesta quarta-feira (4) a opera\u00e7\u00e3o Resson\u00e2ncia. O objetivo \u00e9 aprofundar as investiga\u00e7\u00f5es sobre contratos [&hellip;]<\/p>\n","protected":false},"author":1,"featured_media":504,"comment_status":"open","ping_status":"open","sticky":false,"template":"","format":"standard","meta":{"tdm_status":"","tdm_grid_status":"","footnotes":""},"categories":[6],"tags":[197,200,28,198,201,199],"class_list":["post-503","post","type-post","status-publish","format-standard","has-post-thumbnail","hentry","category-noticias","tag-ge","tag-lider","tag-marketing","tag-ministerio-publico-federal","tag-philips","tag-rio-de-janeiro"],"yoast_head":"<!-- This site is optimized with the Yoast SEO plugin v27.5 - https:\/\/yoast.com\/product\/yoast-seo-wordpress\/ -->\n<title>CEO da GE na Am\u00e9rica Latina \u00e9 preso em nova fase da Lava Jato - CidadeMarketing<\/title>\n<meta name=\"robots\" content=\"index, follow, max-snippet:-1, max-image-preview:large, max-video-preview:-1\" \/>\n<link rel=\"canonical\" href=\"https:\/\/www.cidademarketing.com.br\/marketing\/2018\/07\/05\/ceo-da-ge-na-america-latina-e-preso-em-sp-em-nova-fase-da-lava-jato\/\" \/>\n<meta property=\"og:locale\" content=\"pt_BR\" \/>\n<meta property=\"og:type\" content=\"article\" \/>\n<meta property=\"og:title\" content=\"CEO da GE na Am\u00e9rica Latina \u00e9 preso em nova fase da Lava Jato - CidadeMarketing\" \/>\n<meta property=\"og:description\" content=\"O Minist\u00e9rio P\u00fablico Federal (MPF) no Rio de Janeiro (RJ) em conjunto com o Conselho de Defesa Administrativa (Cade), o Tribunal de Contas da Uni\u00e3o (TCU) e a Controladoria Geral da Uni\u00e3o (CGU), a Receita Federal e a Pol\u00edcia Federal realizam nesta quarta-feira (4) a opera\u00e7\u00e3o Resson\u00e2ncia. O objetivo \u00e9 aprofundar as investiga\u00e7\u00f5es sobre contratos [&hellip;]\" \/>\n<meta property=\"og:url\" content=\"https:\/\/www.cidademarketing.com.br\/marketing\/2018\/07\/05\/ceo-da-ge-na-america-latina-e-preso-em-sp-em-nova-fase-da-lava-jato\/\" \/>\n<meta property=\"og:site_name\" content=\"CidadeMarketing\" \/>\n<meta property=\"article:publisher\" content=\"https:\/\/www.facebook.com\/portalcidademarketing\" \/>\n<meta property=\"article:author\" content=\"https:\/\/www.facebook.com\/thalesbrandao\" \/>\n<meta property=\"article:published_time\" content=\"2018-07-05T03:06:17+00:00\" \/>\n<meta property=\"article:modified_time\" content=\"2018-07-05T03:38:25+00:00\" \/>\n<meta property=\"og:image\" content=\"https:\/\/www.cidademarketing.com.br\/marketing\/wp-content\/uploads\/2018\/07\/ge.png\" \/>\n\t<meta property=\"og:image:width\" content=\"500\" \/>\n\t<meta property=\"og:image:height\" content=\"500\" \/>\n\t<meta property=\"og:image:type\" content=\"image\/png\" \/>\n<meta name=\"author\" content=\"Thales Brand\u00e3o\" \/>\n<meta name=\"twitter:card\" content=\"summary_large_image\" \/>\n<meta name=\"twitter:creator\" content=\"@http:\/\/www.twitter.com\/thalesbrandao\" \/>\n<meta name=\"twitter:site\" content=\"@CidadeMarketing\" \/>\n<meta name=\"twitter:label1\" content=\"Escrito por\" \/>\n\t<meta name=\"twitter:data1\" content=\"Thales Brand\u00e3o\" \/>\n\t<meta name=\"twitter:label2\" content=\"Est. tempo de leitura\" \/>\n\t<meta name=\"twitter:data2\" content=\"5 minutos\" \/>\n<script type=\"application\/ld+json\" class=\"yoast-schema-graph\">{\"@context\":\"https:\\\/\\\/schema.org\",\"@graph\":[{\"@type\":\"Article\",\"@id\":\"https:\\\/\\\/www.cidademarketing.com.br\\\/marketing\\\/2018\\\/07\\\/05\\\/ceo-da-ge-na-america-latina-e-preso-em-sp-em-nova-fase-da-lava-jato\\\/#article\",\"isPartOf\":{\"@id\":\"https:\\\/\\\/www.cidademarketing.com.br\\\/marketing\\\/2018\\\/07\\\/05\\\/ceo-da-ge-na-america-latina-e-preso-em-sp-em-nova-fase-da-lava-jato\\\/\"},\"author\":{\"name\":\"Thales Brand\u00e3o\",\"@id\":\"https:\\\/\\\/www.cidademarketing.com.br\\\/marketing\\\/#\\\/schema\\\/person\\\/02daff9f18bd9378c9e01eb6b2db155f\"},\"headline\":\"CEO da GE na Am\u00e9rica Latina \u00e9 preso em nova fase da Lava Jato\",\"datePublished\":\"2018-07-05T03:06:17+00:00\",\"dateModified\":\"2018-07-05T03:38:25+00:00\",\"mainEntityOfPage\":{\"@id\":\"https:\\\/\\\/www.cidademarketing.com.br\\\/marketing\\\/2018\\\/07\\\/05\\\/ceo-da-ge-na-america-latina-e-preso-em-sp-em-nova-fase-da-lava-jato\\\/\"},\"wordCount\":1080,\"commentCount\":0,\"publisher\":{\"@id\":\"https:\\\/\\\/www.cidademarketing.com.br\\\/marketing\\\/#organization\"},\"image\":{\"@id\":\"https:\\\/\\\/www.cidademarketing.com.br\\\/marketing\\\/2018\\\/07\\\/05\\\/ceo-da-ge-na-america-latina-e-preso-em-sp-em-nova-fase-da-lava-jato\\\/#primaryimage\"},\"thumbnailUrl\":\"https:\\\/\\\/www.cidademarketing.com.br\\\/marketing\\\/wp-content\\\/uploads\\\/2018\\\/07\\\/ge.png\",\"keywords\":[\"GE\",\"l\u00edder\",\"marketing\",\"Minist\u00e9rio P\u00fablico Federal\",\"Philips\",\"Rio de Janeiro\"],\"articleSection\":[\"Not\u00edcias\"],\"inLanguage\":\"pt-BR\",\"potentialAction\":[{\"@type\":\"CommentAction\",\"name\":\"Comment\",\"target\":[\"https:\\\/\\\/www.cidademarketing.com.br\\\/marketing\\\/2018\\\/07\\\/05\\\/ceo-da-ge-na-america-latina-e-preso-em-sp-em-nova-fase-da-lava-jato\\\/#respond\"]}]},{\"@type\":\"WebPage\",\"@id\":\"https:\\\/\\\/www.cidademarketing.com.br\\\/marketing\\\/2018\\\/07\\\/05\\\/ceo-da-ge-na-america-latina-e-preso-em-sp-em-nova-fase-da-lava-jato\\\/\",\"url\":\"https:\\\/\\\/www.cidademarketing.com.br\\\/marketing\\\/2018\\\/07\\\/05\\\/ceo-da-ge-na-america-latina-e-preso-em-sp-em-nova-fase-da-lava-jato\\\/\",\"name\":\"CEO da GE na Am\u00e9rica Latina \u00e9 preso em nova fase da Lava Jato - CidadeMarketing\",\"isPartOf\":{\"@id\":\"https:\\\/\\\/www.cidademarketing.com.br\\\/marketing\\\/#website\"},\"primaryImageOfPage\":{\"@id\":\"https:\\\/\\\/www.cidademarketing.com.br\\\/marketing\\\/2018\\\/07\\\/05\\\/ceo-da-ge-na-america-latina-e-preso-em-sp-em-nova-fase-da-lava-jato\\\/#primaryimage\"},\"image\":{\"@id\":\"https:\\\/\\\/www.cidademarketing.com.br\\\/marketing\\\/2018\\\/07\\\/05\\\/ceo-da-ge-na-america-latina-e-preso-em-sp-em-nova-fase-da-lava-jato\\\/#primaryimage\"},\"thumbnailUrl\":\"https:\\\/\\\/www.cidademarketing.com.br\\\/marketing\\\/wp-content\\\/uploads\\\/2018\\\/07\\\/ge.png\",\"datePublished\":\"2018-07-05T03:06:17+00:00\",\"dateModified\":\"2018-07-05T03:38:25+00:00\",\"breadcrumb\":{\"@id\":\"https:\\\/\\\/www.cidademarketing.com.br\\\/marketing\\\/2018\\\/07\\\/05\\\/ceo-da-ge-na-america-latina-e-preso-em-sp-em-nova-fase-da-lava-jato\\\/#breadcrumb\"},\"inLanguage\":\"pt-BR\",\"potentialAction\":[{\"@type\":\"ReadAction\",\"target\":[\"https:\\\/\\\/www.cidademarketing.com.br\\\/marketing\\\/2018\\\/07\\\/05\\\/ceo-da-ge-na-america-latina-e-preso-em-sp-em-nova-fase-da-lava-jato\\\/\"]}]},{\"@type\":\"ImageObject\",\"inLanguage\":\"pt-BR\",\"@id\":\"https:\\\/\\\/www.cidademarketing.com.br\\\/marketing\\\/2018\\\/07\\\/05\\\/ceo-da-ge-na-america-latina-e-preso-em-sp-em-nova-fase-da-lava-jato\\\/#primaryimage\",\"url\":\"https:\\\/\\\/www.cidademarketing.com.br\\\/marketing\\\/wp-content\\\/uploads\\\/2018\\\/07\\\/ge.png\",\"contentUrl\":\"https:\\\/\\\/www.cidademarketing.com.br\\\/marketing\\\/wp-content\\\/uploads\\\/2018\\\/07\\\/ge.png\",\"width\":500,\"height\":500},{\"@type\":\"BreadcrumbList\",\"@id\":\"https:\\\/\\\/www.cidademarketing.com.br\\\/marketing\\\/2018\\\/07\\\/05\\\/ceo-da-ge-na-america-latina-e-preso-em-sp-em-nova-fase-da-lava-jato\\\/#breadcrumb\",\"itemListElement\":[{\"@type\":\"ListItem\",\"position\":1,\"name\":\"In\u00edcio\",\"item\":\"https:\\\/\\\/www.cidademarketing.com.br\\\/marketing\\\/\"},{\"@type\":\"ListItem\",\"position\":2,\"name\":\"CEO da GE na Am\u00e9rica Latina \u00e9 preso em nova fase da Lava Jato\"}]},{\"@type\":\"WebSite\",\"@id\":\"https:\\\/\\\/www.cidademarketing.com.br\\\/marketing\\\/#website\",\"url\":\"https:\\\/\\\/www.cidademarketing.com.br\\\/marketing\\\/\",\"name\":\"CidadeMarketing\",\"description\":\"Somos um ve\u00edculo de comunica\u00e7\u00e3o de destaque no Brasil, reconhecido por conte\u00fados nos segmentos de marketing, empreendedorismo e inova\u00e7\u00e3o.\",\"publisher\":{\"@id\":\"https:\\\/\\\/www.cidademarketing.com.br\\\/marketing\\\/#organization\"},\"alternateName\":\"CidadeMarketing\",\"potentialAction\":[{\"@type\":\"SearchAction\",\"target\":{\"@type\":\"EntryPoint\",\"urlTemplate\":\"https:\\\/\\\/www.cidademarketing.com.br\\\/marketing\\\/?s={search_term_string}\"},\"query-input\":{\"@type\":\"PropertyValueSpecification\",\"valueRequired\":true,\"valueName\":\"search_term_string\"}}],\"inLanguage\":\"pt-BR\"},{\"@type\":\"Organization\",\"@id\":\"https:\\\/\\\/www.cidademarketing.com.br\\\/marketing\\\/#organization\",\"name\":\"CidadeMarketing\",\"alternateName\":\"CidadeMarketing\",\"url\":\"https:\\\/\\\/www.cidademarketing.com.br\\\/marketing\\\/\",\"logo\":{\"@type\":\"ImageObject\",\"inLanguage\":\"pt-BR\",\"@id\":\"https:\\\/\\\/www.cidademarketing.com.br\\\/marketing\\\/#\\\/schema\\\/logo\\\/image\\\/\",\"url\":\"https:\\\/\\\/www.cidademarketing.com.br\\\/marketing\\\/wp-content\\\/uploads\\\/2020\\\/01\\\/cidademarketing_marca_mobile.png\",\"contentUrl\":\"https:\\\/\\\/www.cidademarketing.com.br\\\/marketing\\\/wp-content\\\/uploads\\\/2020\\\/01\\\/cidademarketing_marca_mobile.png\",\"width\":230,\"height\":92,\"caption\":\"CidadeMarketing\"},\"image\":{\"@id\":\"https:\\\/\\\/www.cidademarketing.com.br\\\/marketing\\\/#\\\/schema\\\/logo\\\/image\\\/\"},\"sameAs\":[\"https:\\\/\\\/www.facebook.com\\\/portalcidademarketing\",\"https:\\\/\\\/x.com\\\/CidadeMarketing\",\"https:\\\/\\\/www.instagram.com\\\/cidademarketing\\\/\"]},{\"@type\":\"Person\",\"@id\":\"https:\\\/\\\/www.cidademarketing.com.br\\\/marketing\\\/#\\\/schema\\\/person\\\/02daff9f18bd9378c9e01eb6b2db155f\",\"name\":\"Thales Brand\u00e3o\",\"image\":{\"@type\":\"ImageObject\",\"inLanguage\":\"pt-BR\",\"@id\":\"https:\\\/\\\/secure.gravatar.com\\\/avatar\\\/7ca3206950207cc3cb48feec56a8a7898741ab725c368d99d5d7a5a50aab80c6?s=96&d=mm&r=g\",\"url\":\"https:\\\/\\\/secure.gravatar.com\\\/avatar\\\/7ca3206950207cc3cb48feec56a8a7898741ab725c368d99d5d7a5a50aab80c6?s=96&d=mm&r=g\",\"contentUrl\":\"https:\\\/\\\/secure.gravatar.com\\\/avatar\\\/7ca3206950207cc3cb48feec56a8a7898741ab725c368d99d5d7a5a50aab80c6?s=96&d=mm&r=g\",\"caption\":\"Thales Brand\u00e3o\"},\"description\":\"Editor Executivo do Portal CidadeMarketing.com.br &gt; Mestre em Comunica\u00e7\u00e3o e Sociedade pela Universidade Federal de Sergipe. Possui MBA Executivo em Administra\u00e7\u00e3o com \u00eanfase em Marketing pela Funda\u00e7\u00e3o Get\u00falio Vargas - Rio de Janeiro. Consultor, Palestrante e Pesquisador sobre Empreendedorismo, Marketing, Redes Sociais e Neg\u00f3cios Digitais. Professor, Palestrante TedxTalks e Campus Party. Twitter: @ThalesBrandao\",\"sameAs\":[\"http:\\\/\\\/www.mandacaru.com.br\",\"https:\\\/\\\/www.facebook.com\\\/thalesbrandao\",\"http:\\\/\\\/www.instagram.com.br\\\/thalesbrandaoferreira\",\"https:\\\/\\\/www.linkedin.com\\\/in\\\/thales-brand\u00e3o-3948609\\\/\",\"https:\\\/\\\/x.com\\\/http:\\\/\\\/www.twitter.com\\\/thalesbrandao\"],\"url\":\"https:\\\/\\\/www.cidademarketing.com.br\\\/marketing\\\/author\\\/thalesbrandao\\\/\"}]}<\/script>\n<!-- \/ Yoast SEO plugin. -->","yoast_head_json":{"title":"CEO da GE na Am\u00e9rica Latina \u00e9 preso em nova fase da Lava Jato - CidadeMarketing","robots":{"index":"index","follow":"follow","max-snippet":"max-snippet:-1","max-image-preview":"max-image-preview:large","max-video-preview":"max-video-preview:-1"},"canonical":"https:\/\/www.cidademarketing.com.br\/marketing\/2018\/07\/05\/ceo-da-ge-na-america-latina-e-preso-em-sp-em-nova-fase-da-lava-jato\/","og_locale":"pt_BR","og_type":"article","og_title":"CEO da GE na Am\u00e9rica Latina \u00e9 preso em nova fase da Lava Jato - CidadeMarketing","og_description":"O Minist\u00e9rio P\u00fablico Federal (MPF) no Rio de Janeiro (RJ) em conjunto com o Conselho de Defesa Administrativa (Cade), o Tribunal de Contas da Uni\u00e3o (TCU) e a Controladoria Geral da Uni\u00e3o (CGU), a Receita Federal e a Pol\u00edcia Federal realizam nesta quarta-feira (4) a opera\u00e7\u00e3o Resson\u00e2ncia. O objetivo \u00e9 aprofundar as investiga\u00e7\u00f5es sobre contratos [&hellip;]","og_url":"https:\/\/www.cidademarketing.com.br\/marketing\/2018\/07\/05\/ceo-da-ge-na-america-latina-e-preso-em-sp-em-nova-fase-da-lava-jato\/","og_site_name":"CidadeMarketing","article_publisher":"https:\/\/www.facebook.com\/portalcidademarketing","article_author":"https:\/\/www.facebook.com\/thalesbrandao","article_published_time":"2018-07-05T03:06:17+00:00","article_modified_time":"2018-07-05T03:38:25+00:00","og_image":[{"width":500,"height":500,"url":"https:\/\/www.cidademarketing.com.br\/marketing\/wp-content\/uploads\/2018\/07\/ge.png","type":"image\/png"}],"author":"Thales Brand\u00e3o","twitter_card":"summary_large_image","twitter_creator":"@http:\/\/www.twitter.com\/thalesbrandao","twitter_site":"@CidadeMarketing","twitter_misc":{"Escrito por":"Thales Brand\u00e3o","Est. tempo de leitura":"5 minutos"},"schema":{"@context":"https:\/\/schema.org","@graph":[{"@type":"Article","@id":"https:\/\/www.cidademarketing.com.br\/marketing\/2018\/07\/05\/ceo-da-ge-na-america-latina-e-preso-em-sp-em-nova-fase-da-lava-jato\/#article","isPartOf":{"@id":"https:\/\/www.cidademarketing.com.br\/marketing\/2018\/07\/05\/ceo-da-ge-na-america-latina-e-preso-em-sp-em-nova-fase-da-lava-jato\/"},"author":{"name":"Thales Brand\u00e3o","@id":"https:\/\/www.cidademarketing.com.br\/marketing\/#\/schema\/person\/02daff9f18bd9378c9e01eb6b2db155f"},"headline":"CEO da GE na Am\u00e9rica Latina \u00e9 preso em nova fase da Lava Jato","datePublished":"2018-07-05T03:06:17+00:00","dateModified":"2018-07-05T03:38:25+00:00","mainEntityOfPage":{"@id":"https:\/\/www.cidademarketing.com.br\/marketing\/2018\/07\/05\/ceo-da-ge-na-america-latina-e-preso-em-sp-em-nova-fase-da-lava-jato\/"},"wordCount":1080,"commentCount":0,"publisher":{"@id":"https:\/\/www.cidademarketing.com.br\/marketing\/#organization"},"image":{"@id":"https:\/\/www.cidademarketing.com.br\/marketing\/2018\/07\/05\/ceo-da-ge-na-america-latina-e-preso-em-sp-em-nova-fase-da-lava-jato\/#primaryimage"},"thumbnailUrl":"https:\/\/www.cidademarketing.com.br\/marketing\/wp-content\/uploads\/2018\/07\/ge.png","keywords":["GE","l\u00edder","marketing","Minist\u00e9rio P\u00fablico Federal","Philips","Rio de Janeiro"],"articleSection":["Not\u00edcias"],"inLanguage":"pt-BR","potentialAction":[{"@type":"CommentAction","name":"Comment","target":["https:\/\/www.cidademarketing.com.br\/marketing\/2018\/07\/05\/ceo-da-ge-na-america-latina-e-preso-em-sp-em-nova-fase-da-lava-jato\/#respond"]}]},{"@type":"WebPage","@id":"https:\/\/www.cidademarketing.com.br\/marketing\/2018\/07\/05\/ceo-da-ge-na-america-latina-e-preso-em-sp-em-nova-fase-da-lava-jato\/","url":"https:\/\/www.cidademarketing.com.br\/marketing\/2018\/07\/05\/ceo-da-ge-na-america-latina-e-preso-em-sp-em-nova-fase-da-lava-jato\/","name":"CEO da GE na Am\u00e9rica Latina \u00e9 preso em nova fase da Lava Jato - CidadeMarketing","isPartOf":{"@id":"https:\/\/www.cidademarketing.com.br\/marketing\/#website"},"primaryImageOfPage":{"@id":"https:\/\/www.cidademarketing.com.br\/marketing\/2018\/07\/05\/ceo-da-ge-na-america-latina-e-preso-em-sp-em-nova-fase-da-lava-jato\/#primaryimage"},"image":{"@id":"https:\/\/www.cidademarketing.com.br\/marketing\/2018\/07\/05\/ceo-da-ge-na-america-latina-e-preso-em-sp-em-nova-fase-da-lava-jato\/#primaryimage"},"thumbnailUrl":"https:\/\/www.cidademarketing.com.br\/marketing\/wp-content\/uploads\/2018\/07\/ge.png","datePublished":"2018-07-05T03:06:17+00:00","dateModified":"2018-07-05T03:38:25+00:00","breadcrumb":{"@id":"https:\/\/www.cidademarketing.com.br\/marketing\/2018\/07\/05\/ceo-da-ge-na-america-latina-e-preso-em-sp-em-nova-fase-da-lava-jato\/#breadcrumb"},"inLanguage":"pt-BR","potentialAction":[{"@type":"ReadAction","target":["https:\/\/www.cidademarketing.com.br\/marketing\/2018\/07\/05\/ceo-da-ge-na-america-latina-e-preso-em-sp-em-nova-fase-da-lava-jato\/"]}]},{"@type":"ImageObject","inLanguage":"pt-BR","@id":"https:\/\/www.cidademarketing.com.br\/marketing\/2018\/07\/05\/ceo-da-ge-na-america-latina-e-preso-em-sp-em-nova-fase-da-lava-jato\/#primaryimage","url":"https:\/\/www.cidademarketing.com.br\/marketing\/wp-content\/uploads\/2018\/07\/ge.png","contentUrl":"https:\/\/www.cidademarketing.com.br\/marketing\/wp-content\/uploads\/2018\/07\/ge.png","width":500,"height":500},{"@type":"BreadcrumbList","@id":"https:\/\/www.cidademarketing.com.br\/marketing\/2018\/07\/05\/ceo-da-ge-na-america-latina-e-preso-em-sp-em-nova-fase-da-lava-jato\/#breadcrumb","itemListElement":[{"@type":"ListItem","position":1,"name":"In\u00edcio","item":"https:\/\/www.cidademarketing.com.br\/marketing\/"},{"@type":"ListItem","position":2,"name":"CEO da GE na Am\u00e9rica Latina \u00e9 preso em nova fase da Lava Jato"}]},{"@type":"WebSite","@id":"https:\/\/www.cidademarketing.com.br\/marketing\/#website","url":"https:\/\/www.cidademarketing.com.br\/marketing\/","name":"CidadeMarketing","description":"Somos um ve\u00edculo de comunica\u00e7\u00e3o de destaque no Brasil, reconhecido por conte\u00fados nos segmentos de marketing, empreendedorismo e inova\u00e7\u00e3o.","publisher":{"@id":"https:\/\/www.cidademarketing.com.br\/marketing\/#organization"},"alternateName":"CidadeMarketing","potentialAction":[{"@type":"SearchAction","target":{"@type":"EntryPoint","urlTemplate":"https:\/\/www.cidademarketing.com.br\/marketing\/?s={search_term_string}"},"query-input":{"@type":"PropertyValueSpecification","valueRequired":true,"valueName":"search_term_string"}}],"inLanguage":"pt-BR"},{"@type":"Organization","@id":"https:\/\/www.cidademarketing.com.br\/marketing\/#organization","name":"CidadeMarketing","alternateName":"CidadeMarketing","url":"https:\/\/www.cidademarketing.com.br\/marketing\/","logo":{"@type":"ImageObject","inLanguage":"pt-BR","@id":"https:\/\/www.cidademarketing.com.br\/marketing\/#\/schema\/logo\/image\/","url":"https:\/\/www.cidademarketing.com.br\/marketing\/wp-content\/uploads\/2020\/01\/cidademarketing_marca_mobile.png","contentUrl":"https:\/\/www.cidademarketing.com.br\/marketing\/wp-content\/uploads\/2020\/01\/cidademarketing_marca_mobile.png","width":230,"height":92,"caption":"CidadeMarketing"},"image":{"@id":"https:\/\/www.cidademarketing.com.br\/marketing\/#\/schema\/logo\/image\/"},"sameAs":["https:\/\/www.facebook.com\/portalcidademarketing","https:\/\/x.com\/CidadeMarketing","https:\/\/www.instagram.com\/cidademarketing\/"]},{"@type":"Person","@id":"https:\/\/www.cidademarketing.com.br\/marketing\/#\/schema\/person\/02daff9f18bd9378c9e01eb6b2db155f","name":"Thales Brand\u00e3o","image":{"@type":"ImageObject","inLanguage":"pt-BR","@id":"https:\/\/secure.gravatar.com\/avatar\/7ca3206950207cc3cb48feec56a8a7898741ab725c368d99d5d7a5a50aab80c6?s=96&d=mm&r=g","url":"https:\/\/secure.gravatar.com\/avatar\/7ca3206950207cc3cb48feec56a8a7898741ab725c368d99d5d7a5a50aab80c6?s=96&d=mm&r=g","contentUrl":"https:\/\/secure.gravatar.com\/avatar\/7ca3206950207cc3cb48feec56a8a7898741ab725c368d99d5d7a5a50aab80c6?s=96&d=mm&r=g","caption":"Thales Brand\u00e3o"},"description":"Editor Executivo do Portal CidadeMarketing.com.br &gt; Mestre em Comunica\u00e7\u00e3o e Sociedade pela Universidade Federal de Sergipe. Possui MBA Executivo em Administra\u00e7\u00e3o com \u00eanfase em Marketing pela Funda\u00e7\u00e3o Get\u00falio Vargas - Rio de Janeiro. Consultor, Palestrante e Pesquisador sobre Empreendedorismo, Marketing, Redes Sociais e Neg\u00f3cios Digitais. Professor, Palestrante TedxTalks e Campus Party. Twitter: @ThalesBrandao","sameAs":["http:\/\/www.mandacaru.com.br","https:\/\/www.facebook.com\/thalesbrandao","http:\/\/www.instagram.com.br\/thalesbrandaoferreira","https:\/\/www.linkedin.com\/in\/thales-brand\u00e3o-3948609\/","https:\/\/x.com\/http:\/\/www.twitter.com\/thalesbrandao"],"url":"https:\/\/www.cidademarketing.com.br\/marketing\/author\/thalesbrandao\/"}]}},"amp_enabled":true,"_links":{"self":[{"href":"https:\/\/www.cidademarketing.com.br\/marketing\/wp-json\/wp\/v2\/posts\/503","targetHints":{"allow":["GET"]}}],"collection":[{"href":"https:\/\/www.cidademarketing.com.br\/marketing\/wp-json\/wp\/v2\/posts"}],"about":[{"href":"https:\/\/www.cidademarketing.com.br\/marketing\/wp-json\/wp\/v2\/types\/post"}],"author":[{"embeddable":true,"href":"https:\/\/www.cidademarketing.com.br\/marketing\/wp-json\/wp\/v2\/users\/1"}],"replies":[{"embeddable":true,"href":"https:\/\/www.cidademarketing.com.br\/marketing\/wp-json\/wp\/v2\/comments?post=503"}],"version-history":[{"count":5,"href":"https:\/\/www.cidademarketing.com.br\/marketing\/wp-json\/wp\/v2\/posts\/503\/revisions"}],"predecessor-version":[{"id":509,"href":"https:\/\/www.cidademarketing.com.br\/marketing\/wp-json\/wp\/v2\/posts\/503\/revisions\/509"}],"wp:featuredmedia":[{"embeddable":true,"href":"https:\/\/www.cidademarketing.com.br\/marketing\/wp-json\/wp\/v2\/media\/504"}],"wp:attachment":[{"href":"https:\/\/www.cidademarketing.com.br\/marketing\/wp-json\/wp\/v2\/media?parent=503"}],"wp:term":[{"taxonomy":"category","embeddable":true,"href":"https:\/\/www.cidademarketing.com.br\/marketing\/wp-json\/wp\/v2\/categories?post=503"},{"taxonomy":"post_tag","embeddable":true,"href":"https:\/\/www.cidademarketing.com.br\/marketing\/wp-json\/wp\/v2\/tags?post=503"}],"curies":[{"name":"wp","href":"https:\/\/api.w.org\/{rel}","templated":true}]}}