{"id":5025,"date":"2019-01-15T16:28:17","date_gmt":"2019-01-15T18:28:17","guid":{"rendered":"http:\/\/www.cidademarketing.com.br\/marketing\/?p=5025"},"modified":"2019-01-15T17:33:09","modified_gmt":"2019-01-15T19:33:09","slug":"presidente-jair-bolsonaro-assina-decreto-e-pessoas-acima-de-25-anos-podem-ter-ate-4-armas-de-fogo","status":"publish","type":"post","link":"https:\/\/www.cidademarketing.com.br\/marketing\/2019\/01\/15\/presidente-jair-bolsonaro-assina-decreto-e-pessoas-acima-de-25-anos-podem-ter-ate-4-armas-de-fogo\/","title":{"rendered":"Presidente Jair Bolsonaro assina decreto e pessoas acima de 25 anos podem ter at\u00e9 4 armas de fogo"},"content":{"rendered":"\n<p>O presidente Jair Bolsonaro assinou hoje (15), durante cerim\u00f4nia no Pal\u00e1cio do Planalto, o decreto que regulamenta o registro, a posse e a comercializa\u00e7\u00e3o de armas de fogo no pa\u00eds, uma das principais promessas de campanha do presidente da Rep\u00fablica.<\/p>\n\n\n\n<p>\u201cComo o povo soberanamente decidiu, para lhes resguardar o leg\u00edtimo direito \u00e0 defesa, vou agora, como presidente, usar esta arma\u201d, afirmou Bolsonaro, mostrando a caneta.<\/p>\n\n\n\n<p>\u201cEstou restaurando o que o povo quis em 2005\u201d, acrescentou Bolsonaro mencionando o referendo realizado h\u00e1 14 anos.<\/p>\n\n\n\n<p>O decreto refere-se exclusivamente \u00e0 posse de armas. O porte de arma de fogo, ou seja, o direito de andar com a arma na rua ou no carro n\u00e3o foi inclu\u00eddo no texto.<\/p>\n\n\n\n<p>A assinatura do decreto ocorreu logo depois da reuni\u00e3o ministerial coordenada por Bolsonaro todas as ter\u00e7as-feiras, \u00e0s 9h, no Planalto, desde que assumiu o poder em 1\u00ba de janeiro.<\/p>\n\n\n\n<p>A partir do decreto assinado pelo presidente Jair Bolsonaro hoje (15), no Pal\u00e1cio do Planalto, cidad\u00e3os brasileiros com mais de 25 anos poder\u00e3o comprar at\u00e9 quatro armas de fogo para guardar em casa. O texto regulamenta o registro, a posse e a comercializa\u00e7\u00e3o de armas de fogo e muni\u00e7\u00e3o no pa\u00eds, uma das principais promessas de campanha de Bolsonaro. <\/p>\n\n\n\n<p>Citando o referendo de 2005 em que a popula\u00e7\u00e3o rejeitou a proibi\u00e7\u00e3o do com\u00e9rcio de armas de fogo, Bolsonaro argumentou a necessidade do decreto.<\/p>\n\n\n\n<p>\u201cO povo decidiu por comprar armas e muni\u00e7\u00f5es, e n\u00f3s n\u00e3o podemos negar o que o povo quis naquele momento. Em toda minha andan\u00e7a pelo Brasil, ao longo dos \u00faltimos anos, a quest\u00e3o da arma sempre estava na ordem do dia. N\u00e3o interessa se estava em Roraima, no Acre, Rond\u00f4nia, Rio Grande do Sul, Santa Catarina ou Rio&nbsp;de Janeiro.\u201d<\/p>\n\n\n\n<p>O&nbsp;<a href=\"http:\/\/agenciabrasil.ebc.com.br\/politica\/noticia\/2019-01\/veja-integra-do-decreto-que-flexibiliza-o-porte-de-armas-de-fogo\" target=\"_blank\" rel=\"noreferrer noopener\">decreto entra em vigor<\/a>&nbsp;ap\u00f3s sua publica\u00e7\u00e3o no&nbsp;<em>Di\u00e1rio Oficial da Uni\u00e3o&nbsp;<\/em>e refere-se exclusivamente \u00e0 posse de armas. O porte de arma de fogo, ou seja, o direito de andar com a arma na rua ou no carro n\u00e3o foi inclu\u00eddo no texto.<\/p>\n\n\n\n<h2 class=\"wp-block-heading\">Crit\u00e9rios<\/h2>\n\n\n\n<p>Os cidad\u00e3os dever\u00e3o preencher uma s\u00e9rie de requisitos, como passar por avalia\u00e7\u00e3o psicol\u00f3gica e n\u00e3o&nbsp;ter&nbsp;antecedentes criminais. O que muda com o novo decreto \u00e9 que n\u00e3o h\u00e1 necessidade de uma justificativa para a posse da arma. Antes esse item era avaliado e ficava a cargo de um delegado da Pol\u00edcia Federal, que poderia aceitar, ou n\u00e3o, o argumento.<\/p>\n\n\n\n<p>\u201cE o grande problema que t\u00ednhamos na lei \u00e9 comprova\u00e7\u00e3o da efetiva necessidade, isso beirava a subjetividade, ent\u00e3o, bem costurado, o senhor ministro [da Justi\u00e7a] Sergio Moro, o senhor ministro, tamb\u00e9m Fernando, da Defesa, entre outros, chegamos \u00e0 conclus\u00e3o de que t\u00ednhamos, sim, como n\u00e3o driblar, mas fazer justi\u00e7a com esse dispositivo previsto na lei, de modo que o cidad\u00e3o pudesse, ent\u00e3o, sem a discricionariedade, obter, observando alguns outros crit\u00e9rios, a posse da sua arma de fogo\u201d, disse Bolsonaro.<\/p>\n\n\n\n<p>Al\u00e9m de militares e agentes p\u00fablicos da \u00e1rea de seguran\u00e7a ativos e inativos, poder\u00e3o adquirir armas de fogo os moradores de \u00e1reas rural e urbana com \u00edndices de mais&nbsp;de 10 homic\u00eddios por 100 mil habitantes, conforme dados do<em>&nbsp;Atlas da Viol\u00eancia 2018<\/em>, produzido pelo Instituto de Pesquisa Econ\u00f4mica Aplicada (Ipea) e pelo F\u00f3rum Brasileiro de Seguran\u00e7a P\u00fablica.<\/p>\n\n\n\n<p>Donos e respons\u00e1veis por estabelecimentos comerciais ou industriais tamb\u00e9m poder\u00e3o adquirir o armamento, assim como colecionadores de armas, atiradores e ca\u00e7adores, devidamente registrados no Comando do Ex\u00e9rcito.<\/p>\n\n\n\n<h2 class=\"wp-block-heading\">Limites<\/h2>\n\n\n\n<p>O limite de quatro armas poder\u00e1 ser flexibilizado, caso o cidad\u00e3o comprove a necessidade de adquirir mais, como, por exemplo, ser possuidor de mais de quatro propriedades rurais ou urbanas.<\/p>\n\n\n\n<p>\u201cNa&nbsp;<a href=\"http:\/\/www.planalto.gov.br\/ccivil_03\/_Ato2004-2006\/2004\/Decreto\/D5123.htm\" target=\"_blank\" rel=\"noreferrer noopener\">legisla\u00e7\u00e3o anterior<\/a>&nbsp;se poderia comprar meia d\u00fazia de armas, mas na pr\u00e1tica n\u00e3o poderia comprar nenhuma, ou ent\u00e3o era muito dif\u00edcil atingir esse objetivo. Com a legisla\u00e7\u00e3o atual, pode-se comprar at\u00e9 quatro, e ele, preenchendo esses requisitos, cidad\u00e3o de bem, com toda certeza, poder\u00e1 fazer uso dessas armas\u201d, afirmou o presidente.<\/p>\n\n\n\n<p>De acordo com o decreto, caso na resid\u00eancia haja crian\u00e7a, adolescente ou pessoa com doen\u00e7a mental ser\u00e1 necess\u00e1rio apresentar uma declara\u00e7\u00e3o de que existe um cofre ou outro local seguro com tranca para o armazenamento da arma.<\/p>\n\n\n\n<h2 class=\"wp-block-heading\">Registros<\/h2>\n\n\n\n<p>O registro e a an\u00e1lise da documenta\u00e7\u00e3o continuam sob responsabilidade da Pol\u00edcia Federal, mas, segundo Bolsonaro, futuramente, de acordo com a demanda, poder\u00e1 haver conv\u00eanios com as pol\u00edcias militares e civis para esse trabalho.<\/p>\n\n\n\n<p>O prazo para a renova\u00e7\u00e3o do registro da arma de fogo passar\u00e1 de cinco anos para 10 anos. Os registros ativos, feitos antes da publica\u00e7\u00e3o do decreto, est\u00e3o automaticamente renovados pelo mesmo per\u00edodo.<\/p>\n\n\n\n<p>Pelo Twitter o Presidente Jair Bolsonaro emitiu suas considera\u00e7\u00f5es sobre assinatura do decreto:<\/p>\n\n\n\n<figure class=\"wp-block-embed-twitter wp-block-embed is-type-rich is-provider-twitter\"><div class=\"wp-block-embed__wrapper\">\n<blockquote class=\"twitter-tweet\" data-width=\"550\" data-dnt=\"true\"><p lang=\"pt\" dir=\"ltr\">Por muito tempo, coube ao Estado determinar quem tinha ou n\u00e3o direito de defender a si mesmo, \u00e0 sua fam\u00edlia e \u00e0 sua propriedade. Hoje, respeitando a vontade popular manifestada no referendo de 2005, devolvemos aos cidad\u00e3os brasileiros a liberdade de decidir.<\/p>&mdash; Jair M. Bolsonaro (@jairbolsonaro) <a href=\"https:\/\/twitter.com\/jairbolsonaro\/status\/1085257031924224000?ref_src=twsrc%5Etfw\">January 15, 2019<\/a><\/blockquote><script async src=\"https:\/\/platform.twitter.com\/widgets.js\" charset=\"utf-8\"><\/script>\n<\/div><\/figure>\n\n\n\n<figure class=\"wp-block-embed-twitter wp-block-embed is-type-rich is-provider-twitter\"><div class=\"wp-block-embed__wrapper\">\n<blockquote class=\"twitter-tweet\" data-width=\"550\" data-dnt=\"true\"><p lang=\"pt\" dir=\"ltr\">Al\u00e9m das in\u00fameras iniciativas tomadas nestes primeiros dias de Governo, aumentamos de 3 para 10 anos o prazo para a renova\u00e7\u00e3o da posse da arma de fogo e acabamos com a subjetividade para a compra, que sempre foi dificultada ou impossibilitada. Esse \u00e9 apenas o primeiro passo! \ud83c\udde7\ud83c\uddf7<\/p>&mdash; Jair M. Bolsonaro (@jairbolsonaro) <a href=\"https:\/\/twitter.com\/jairbolsonaro\/status\/1085257216070963200?ref_src=twsrc%5Etfw\">January 15, 2019<\/a><\/blockquote><script async src=\"https:\/\/platform.twitter.com\/widgets.js\" charset=\"utf-8\"><\/script>\n<\/div><\/figure>\n\n\n\n<p><strong>CidadeMarketing com informa\u00e7\u00f5es da EBC.<\/strong><\/p>\n","protected":false},"excerpt":{"rendered":"<p>O presidente Jair Bolsonaro assinou hoje (15), durante cerim\u00f4nia no Pal\u00e1cio do Planalto, o decreto que regulamenta o registro, a posse e a comercializa\u00e7\u00e3o de armas de fogo no pa\u00eds, uma das principais promessas de campanha do presidente da Rep\u00fablica. \u201cComo o povo soberanamente decidiu, para lhes resguardar o leg\u00edtimo direito \u00e0 defesa, vou agora, [&hellip;]<\/p>\n","protected":false},"author":1,"featured_media":5026,"comment_status":"open","ping_status":"open","sticky":false,"template":"","format":"standard","meta":{"tdm_status":"","tdm_grid_status":"","footnotes":""},"categories":[6],"tags":[1153,1151,1025],"class_list":["post-5025","post","type-post","status-publish","format-standard","has-post-thumbnail","hentry","category-noticias","tag-arma","tag-armamento","tag-decreto"],"yoast_head":"<!-- This site is optimized with the Yoast SEO plugin v27.5 - https:\/\/yoast.com\/product\/yoast-seo-wordpress\/ -->\n<title>Presidente Jair Bolsonaro assina decreto e pessoas acima de 25 anos podem ter at\u00e9 4 armas de fogo - CidadeMarketing<\/title>\n<meta name=\"robots\" content=\"index, follow, max-snippet:-1, max-image-preview:large, max-video-preview:-1\" \/>\n<link rel=\"canonical\" href=\"https:\/\/www.cidademarketing.com.br\/marketing\/2019\/01\/15\/presidente-jair-bolsonaro-assina-decreto-e-pessoas-acima-de-25-anos-podem-ter-ate-4-armas-de-fogo\/\" \/>\n<meta property=\"og:locale\" content=\"pt_BR\" \/>\n<meta property=\"og:type\" content=\"article\" \/>\n<meta property=\"og:title\" content=\"Presidente Jair Bolsonaro assina decreto e pessoas acima de 25 anos podem ter at\u00e9 4 armas de fogo - CidadeMarketing\" \/>\n<meta property=\"og:description\" content=\"O presidente Jair Bolsonaro assinou hoje (15), durante cerim\u00f4nia no Pal\u00e1cio do Planalto, o decreto que regulamenta o registro, a posse e a comercializa\u00e7\u00e3o de armas de fogo no pa\u00eds, uma das principais promessas de campanha do presidente da Rep\u00fablica. \u201cComo o povo soberanamente decidiu, para lhes resguardar o leg\u00edtimo direito \u00e0 defesa, vou agora, [&hellip;]\" \/>\n<meta property=\"og:url\" content=\"https:\/\/www.cidademarketing.com.br\/marketing\/2019\/01\/15\/presidente-jair-bolsonaro-assina-decreto-e-pessoas-acima-de-25-anos-podem-ter-ate-4-armas-de-fogo\/\" \/>\n<meta property=\"og:site_name\" content=\"CidadeMarketing\" \/>\n<meta property=\"article:publisher\" content=\"https:\/\/www.facebook.com\/portalcidademarketing\" \/>\n<meta property=\"article:author\" content=\"https:\/\/www.facebook.com\/thalesbrandao\" \/>\n<meta property=\"article:published_time\" content=\"2019-01-15T18:28:17+00:00\" \/>\n<meta property=\"article:modified_time\" content=\"2019-01-15T19:33:09+00:00\" \/>\n<meta property=\"og:image\" content=\"https:\/\/www.cidademarketing.com.br\/marketing\/wp-content\/uploads\/2019\/01\/jairbolsonaro_arma_decreto.jpg\" \/>\n\t<meta property=\"og:image:width\" content=\"1140\" \/>\n\t<meta property=\"og:image:height\" content=\"760\" \/>\n\t<meta property=\"og:image:type\" content=\"image\/jpeg\" \/>\n<meta name=\"author\" content=\"Thales Brand\u00e3o\" \/>\n<meta name=\"twitter:card\" content=\"summary_large_image\" \/>\n<meta name=\"twitter:creator\" content=\"@http:\/\/www.twitter.com\/thalesbrandao\" \/>\n<meta name=\"twitter:site\" content=\"@CidadeMarketing\" \/>\n<meta name=\"twitter:label1\" content=\"Escrito por\" \/>\n\t<meta name=\"twitter:data1\" content=\"Thales Brand\u00e3o\" \/>\n\t<meta name=\"twitter:label2\" content=\"Est. tempo de leitura\" \/>\n\t<meta name=\"twitter:data2\" content=\"4 minutos\" \/>\n<script type=\"application\/ld+json\" class=\"yoast-schema-graph\">{\"@context\":\"https:\\\/\\\/schema.org\",\"@graph\":[{\"@type\":\"Article\",\"@id\":\"https:\\\/\\\/www.cidademarketing.com.br\\\/marketing\\\/2019\\\/01\\\/15\\\/presidente-jair-bolsonaro-assina-decreto-e-pessoas-acima-de-25-anos-podem-ter-ate-4-armas-de-fogo\\\/#article\",\"isPartOf\":{\"@id\":\"https:\\\/\\\/www.cidademarketing.com.br\\\/marketing\\\/2019\\\/01\\\/15\\\/presidente-jair-bolsonaro-assina-decreto-e-pessoas-acima-de-25-anos-podem-ter-ate-4-armas-de-fogo\\\/\"},\"author\":{\"name\":\"Thales Brand\u00e3o\",\"@id\":\"https:\\\/\\\/www.cidademarketing.com.br\\\/marketing\\\/#\\\/schema\\\/person\\\/02daff9f18bd9378c9e01eb6b2db155f\"},\"headline\":\"Presidente Jair Bolsonaro assina decreto e pessoas acima de 25 anos podem ter at\u00e9 4 armas de fogo\",\"datePublished\":\"2019-01-15T18:28:17+00:00\",\"dateModified\":\"2019-01-15T19:33:09+00:00\",\"mainEntityOfPage\":{\"@id\":\"https:\\\/\\\/www.cidademarketing.com.br\\\/marketing\\\/2019\\\/01\\\/15\\\/presidente-jair-bolsonaro-assina-decreto-e-pessoas-acima-de-25-anos-podem-ter-ate-4-armas-de-fogo\\\/\"},\"wordCount\":878,\"commentCount\":0,\"publisher\":{\"@id\":\"https:\\\/\\\/www.cidademarketing.com.br\\\/marketing\\\/#organization\"},\"image\":{\"@id\":\"https:\\\/\\\/www.cidademarketing.com.br\\\/marketing\\\/2019\\\/01\\\/15\\\/presidente-jair-bolsonaro-assina-decreto-e-pessoas-acima-de-25-anos-podem-ter-ate-4-armas-de-fogo\\\/#primaryimage\"},\"thumbnailUrl\":\"https:\\\/\\\/www.cidademarketing.com.br\\\/marketing\\\/wp-content\\\/uploads\\\/2019\\\/01\\\/jairbolsonaro_arma_decreto.jpg\",\"keywords\":[\"arma\",\"armamento\",\"decreto\"],\"articleSection\":[\"Not\u00edcias\"],\"inLanguage\":\"pt-BR\",\"potentialAction\":[{\"@type\":\"CommentAction\",\"name\":\"Comment\",\"target\":[\"https:\\\/\\\/www.cidademarketing.com.br\\\/marketing\\\/2019\\\/01\\\/15\\\/presidente-jair-bolsonaro-assina-decreto-e-pessoas-acima-de-25-anos-podem-ter-ate-4-armas-de-fogo\\\/#respond\"]}]},{\"@type\":\"WebPage\",\"@id\":\"https:\\\/\\\/www.cidademarketing.com.br\\\/marketing\\\/2019\\\/01\\\/15\\\/presidente-jair-bolsonaro-assina-decreto-e-pessoas-acima-de-25-anos-podem-ter-ate-4-armas-de-fogo\\\/\",\"url\":\"https:\\\/\\\/www.cidademarketing.com.br\\\/marketing\\\/2019\\\/01\\\/15\\\/presidente-jair-bolsonaro-assina-decreto-e-pessoas-acima-de-25-anos-podem-ter-ate-4-armas-de-fogo\\\/\",\"name\":\"Presidente Jair Bolsonaro assina decreto e pessoas acima de 25 anos podem ter at\u00e9 4 armas de fogo - CidadeMarketing\",\"isPartOf\":{\"@id\":\"https:\\\/\\\/www.cidademarketing.com.br\\\/marketing\\\/#website\"},\"primaryImageOfPage\":{\"@id\":\"https:\\\/\\\/www.cidademarketing.com.br\\\/marketing\\\/2019\\\/01\\\/15\\\/presidente-jair-bolsonaro-assina-decreto-e-pessoas-acima-de-25-anos-podem-ter-ate-4-armas-de-fogo\\\/#primaryimage\"},\"image\":{\"@id\":\"https:\\\/\\\/www.cidademarketing.com.br\\\/marketing\\\/2019\\\/01\\\/15\\\/presidente-jair-bolsonaro-assina-decreto-e-pessoas-acima-de-25-anos-podem-ter-ate-4-armas-de-fogo\\\/#primaryimage\"},\"thumbnailUrl\":\"https:\\\/\\\/www.cidademarketing.com.br\\\/marketing\\\/wp-content\\\/uploads\\\/2019\\\/01\\\/jairbolsonaro_arma_decreto.jpg\",\"datePublished\":\"2019-01-15T18:28:17+00:00\",\"dateModified\":\"2019-01-15T19:33:09+00:00\",\"breadcrumb\":{\"@id\":\"https:\\\/\\\/www.cidademarketing.com.br\\\/marketing\\\/2019\\\/01\\\/15\\\/presidente-jair-bolsonaro-assina-decreto-e-pessoas-acima-de-25-anos-podem-ter-ate-4-armas-de-fogo\\\/#breadcrumb\"},\"inLanguage\":\"pt-BR\",\"potentialAction\":[{\"@type\":\"ReadAction\",\"target\":[\"https:\\\/\\\/www.cidademarketing.com.br\\\/marketing\\\/2019\\\/01\\\/15\\\/presidente-jair-bolsonaro-assina-decreto-e-pessoas-acima-de-25-anos-podem-ter-ate-4-armas-de-fogo\\\/\"]}]},{\"@type\":\"ImageObject\",\"inLanguage\":\"pt-BR\",\"@id\":\"https:\\\/\\\/www.cidademarketing.com.br\\\/marketing\\\/2019\\\/01\\\/15\\\/presidente-jair-bolsonaro-assina-decreto-e-pessoas-acima-de-25-anos-podem-ter-ate-4-armas-de-fogo\\\/#primaryimage\",\"url\":\"https:\\\/\\\/www.cidademarketing.com.br\\\/marketing\\\/wp-content\\\/uploads\\\/2019\\\/01\\\/jairbolsonaro_arma_decreto.jpg\",\"contentUrl\":\"https:\\\/\\\/www.cidademarketing.com.br\\\/marketing\\\/wp-content\\\/uploads\\\/2019\\\/01\\\/jairbolsonaro_arma_decreto.jpg\",\"width\":1140,\"height\":760,\"caption\":\"O presidente Jair Bolsonaro durante cerim\u00f4nia de assinatura do decreto que flexibiliza a posse de armas no pa\u00eds. Marcelo Camargo\\\/Ag\u00eancia Brasil\"},{\"@type\":\"BreadcrumbList\",\"@id\":\"https:\\\/\\\/www.cidademarketing.com.br\\\/marketing\\\/2019\\\/01\\\/15\\\/presidente-jair-bolsonaro-assina-decreto-e-pessoas-acima-de-25-anos-podem-ter-ate-4-armas-de-fogo\\\/#breadcrumb\",\"itemListElement\":[{\"@type\":\"ListItem\",\"position\":1,\"name\":\"In\u00edcio\",\"item\":\"https:\\\/\\\/www.cidademarketing.com.br\\\/marketing\\\/\"},{\"@type\":\"ListItem\",\"position\":2,\"name\":\"Presidente Jair Bolsonaro assina decreto e pessoas acima de 25 anos podem ter at\u00e9 4 armas de fogo\"}]},{\"@type\":\"WebSite\",\"@id\":\"https:\\\/\\\/www.cidademarketing.com.br\\\/marketing\\\/#website\",\"url\":\"https:\\\/\\\/www.cidademarketing.com.br\\\/marketing\\\/\",\"name\":\"CidadeMarketing\",\"description\":\"Somos um ve\u00edculo de comunica\u00e7\u00e3o de destaque no Brasil, reconhecido por conte\u00fados nos segmentos de marketing, empreendedorismo e inova\u00e7\u00e3o.\",\"publisher\":{\"@id\":\"https:\\\/\\\/www.cidademarketing.com.br\\\/marketing\\\/#organization\"},\"alternateName\":\"CidadeMarketing\",\"potentialAction\":[{\"@type\":\"SearchAction\",\"target\":{\"@type\":\"EntryPoint\",\"urlTemplate\":\"https:\\\/\\\/www.cidademarketing.com.br\\\/marketing\\\/?s={search_term_string}\"},\"query-input\":{\"@type\":\"PropertyValueSpecification\",\"valueRequired\":true,\"valueName\":\"search_term_string\"}}],\"inLanguage\":\"pt-BR\"},{\"@type\":\"Organization\",\"@id\":\"https:\\\/\\\/www.cidademarketing.com.br\\\/marketing\\\/#organization\",\"name\":\"CidadeMarketing\",\"alternateName\":\"CidadeMarketing\",\"url\":\"https:\\\/\\\/www.cidademarketing.com.br\\\/marketing\\\/\",\"logo\":{\"@type\":\"ImageObject\",\"inLanguage\":\"pt-BR\",\"@id\":\"https:\\\/\\\/www.cidademarketing.com.br\\\/marketing\\\/#\\\/schema\\\/logo\\\/image\\\/\",\"url\":\"https:\\\/\\\/www.cidademarketing.com.br\\\/marketing\\\/wp-content\\\/uploads\\\/2020\\\/01\\\/cidademarketing_marca_mobile.png\",\"contentUrl\":\"https:\\\/\\\/www.cidademarketing.com.br\\\/marketing\\\/wp-content\\\/uploads\\\/2020\\\/01\\\/cidademarketing_marca_mobile.png\",\"width\":230,\"height\":92,\"caption\":\"CidadeMarketing\"},\"image\":{\"@id\":\"https:\\\/\\\/www.cidademarketing.com.br\\\/marketing\\\/#\\\/schema\\\/logo\\\/image\\\/\"},\"sameAs\":[\"https:\\\/\\\/www.facebook.com\\\/portalcidademarketing\",\"https:\\\/\\\/x.com\\\/CidadeMarketing\",\"https:\\\/\\\/www.instagram.com\\\/cidademarketing\\\/\"]},{\"@type\":\"Person\",\"@id\":\"https:\\\/\\\/www.cidademarketing.com.br\\\/marketing\\\/#\\\/schema\\\/person\\\/02daff9f18bd9378c9e01eb6b2db155f\",\"name\":\"Thales Brand\u00e3o\",\"image\":{\"@type\":\"ImageObject\",\"inLanguage\":\"pt-BR\",\"@id\":\"https:\\\/\\\/secure.gravatar.com\\\/avatar\\\/7ca3206950207cc3cb48feec56a8a7898741ab725c368d99d5d7a5a50aab80c6?s=96&d=mm&r=g\",\"url\":\"https:\\\/\\\/secure.gravatar.com\\\/avatar\\\/7ca3206950207cc3cb48feec56a8a7898741ab725c368d99d5d7a5a50aab80c6?s=96&d=mm&r=g\",\"contentUrl\":\"https:\\\/\\\/secure.gravatar.com\\\/avatar\\\/7ca3206950207cc3cb48feec56a8a7898741ab725c368d99d5d7a5a50aab80c6?s=96&d=mm&r=g\",\"caption\":\"Thales Brand\u00e3o\"},\"description\":\"Editor Executivo do Portal CidadeMarketing.com.br &gt; Mestre em Comunica\u00e7\u00e3o e Sociedade pela Universidade Federal de Sergipe. Possui MBA Executivo em Administra\u00e7\u00e3o com \u00eanfase em Marketing pela Funda\u00e7\u00e3o Get\u00falio Vargas - Rio de Janeiro. Consultor, Palestrante e Pesquisador sobre Empreendedorismo, Marketing, Redes Sociais e Neg\u00f3cios Digitais. Professor, Palestrante TedxTalks e Campus Party. Twitter: @ThalesBrandao\",\"sameAs\":[\"http:\\\/\\\/www.mandacaru.com.br\",\"https:\\\/\\\/www.facebook.com\\\/thalesbrandao\",\"http:\\\/\\\/www.instagram.com.br\\\/thalesbrandaoferreira\",\"https:\\\/\\\/www.linkedin.com\\\/in\\\/thales-brand\u00e3o-3948609\\\/\",\"https:\\\/\\\/x.com\\\/http:\\\/\\\/www.twitter.com\\\/thalesbrandao\"],\"url\":\"https:\\\/\\\/www.cidademarketing.com.br\\\/marketing\\\/author\\\/thalesbrandao\\\/\"}]}<\/script>\n<!-- \/ Yoast SEO plugin. -->","yoast_head_json":{"title":"Presidente Jair Bolsonaro assina decreto e pessoas acima de 25 anos podem ter at\u00e9 4 armas de fogo - CidadeMarketing","robots":{"index":"index","follow":"follow","max-snippet":"max-snippet:-1","max-image-preview":"max-image-preview:large","max-video-preview":"max-video-preview:-1"},"canonical":"https:\/\/www.cidademarketing.com.br\/marketing\/2019\/01\/15\/presidente-jair-bolsonaro-assina-decreto-e-pessoas-acima-de-25-anos-podem-ter-ate-4-armas-de-fogo\/","og_locale":"pt_BR","og_type":"article","og_title":"Presidente Jair Bolsonaro assina decreto e pessoas acima de 25 anos podem ter at\u00e9 4 armas de fogo - CidadeMarketing","og_description":"O presidente Jair Bolsonaro assinou hoje (15), durante cerim\u00f4nia no Pal\u00e1cio do Planalto, o decreto que regulamenta o registro, a posse e a comercializa\u00e7\u00e3o de armas de fogo no pa\u00eds, uma das principais promessas de campanha do presidente da Rep\u00fablica. \u201cComo o povo soberanamente decidiu, para lhes resguardar o leg\u00edtimo direito \u00e0 defesa, vou agora, [&hellip;]","og_url":"https:\/\/www.cidademarketing.com.br\/marketing\/2019\/01\/15\/presidente-jair-bolsonaro-assina-decreto-e-pessoas-acima-de-25-anos-podem-ter-ate-4-armas-de-fogo\/","og_site_name":"CidadeMarketing","article_publisher":"https:\/\/www.facebook.com\/portalcidademarketing","article_author":"https:\/\/www.facebook.com\/thalesbrandao","article_published_time":"2019-01-15T18:28:17+00:00","article_modified_time":"2019-01-15T19:33:09+00:00","og_image":[{"width":1140,"height":760,"url":"https:\/\/www.cidademarketing.com.br\/marketing\/wp-content\/uploads\/2019\/01\/jairbolsonaro_arma_decreto.jpg","type":"image\/jpeg"}],"author":"Thales Brand\u00e3o","twitter_card":"summary_large_image","twitter_creator":"@http:\/\/www.twitter.com\/thalesbrandao","twitter_site":"@CidadeMarketing","twitter_misc":{"Escrito por":"Thales Brand\u00e3o","Est. tempo de leitura":"4 minutos"},"schema":{"@context":"https:\/\/schema.org","@graph":[{"@type":"Article","@id":"https:\/\/www.cidademarketing.com.br\/marketing\/2019\/01\/15\/presidente-jair-bolsonaro-assina-decreto-e-pessoas-acima-de-25-anos-podem-ter-ate-4-armas-de-fogo\/#article","isPartOf":{"@id":"https:\/\/www.cidademarketing.com.br\/marketing\/2019\/01\/15\/presidente-jair-bolsonaro-assina-decreto-e-pessoas-acima-de-25-anos-podem-ter-ate-4-armas-de-fogo\/"},"author":{"name":"Thales Brand\u00e3o","@id":"https:\/\/www.cidademarketing.com.br\/marketing\/#\/schema\/person\/02daff9f18bd9378c9e01eb6b2db155f"},"headline":"Presidente Jair Bolsonaro assina decreto e pessoas acima de 25 anos podem ter at\u00e9 4 armas de fogo","datePublished":"2019-01-15T18:28:17+00:00","dateModified":"2019-01-15T19:33:09+00:00","mainEntityOfPage":{"@id":"https:\/\/www.cidademarketing.com.br\/marketing\/2019\/01\/15\/presidente-jair-bolsonaro-assina-decreto-e-pessoas-acima-de-25-anos-podem-ter-ate-4-armas-de-fogo\/"},"wordCount":878,"commentCount":0,"publisher":{"@id":"https:\/\/www.cidademarketing.com.br\/marketing\/#organization"},"image":{"@id":"https:\/\/www.cidademarketing.com.br\/marketing\/2019\/01\/15\/presidente-jair-bolsonaro-assina-decreto-e-pessoas-acima-de-25-anos-podem-ter-ate-4-armas-de-fogo\/#primaryimage"},"thumbnailUrl":"https:\/\/www.cidademarketing.com.br\/marketing\/wp-content\/uploads\/2019\/01\/jairbolsonaro_arma_decreto.jpg","keywords":["arma","armamento","decreto"],"articleSection":["Not\u00edcias"],"inLanguage":"pt-BR","potentialAction":[{"@type":"CommentAction","name":"Comment","target":["https:\/\/www.cidademarketing.com.br\/marketing\/2019\/01\/15\/presidente-jair-bolsonaro-assina-decreto-e-pessoas-acima-de-25-anos-podem-ter-ate-4-armas-de-fogo\/#respond"]}]},{"@type":"WebPage","@id":"https:\/\/www.cidademarketing.com.br\/marketing\/2019\/01\/15\/presidente-jair-bolsonaro-assina-decreto-e-pessoas-acima-de-25-anos-podem-ter-ate-4-armas-de-fogo\/","url":"https:\/\/www.cidademarketing.com.br\/marketing\/2019\/01\/15\/presidente-jair-bolsonaro-assina-decreto-e-pessoas-acima-de-25-anos-podem-ter-ate-4-armas-de-fogo\/","name":"Presidente Jair Bolsonaro assina decreto e pessoas acima de 25 anos podem ter at\u00e9 4 armas de fogo - CidadeMarketing","isPartOf":{"@id":"https:\/\/www.cidademarketing.com.br\/marketing\/#website"},"primaryImageOfPage":{"@id":"https:\/\/www.cidademarketing.com.br\/marketing\/2019\/01\/15\/presidente-jair-bolsonaro-assina-decreto-e-pessoas-acima-de-25-anos-podem-ter-ate-4-armas-de-fogo\/#primaryimage"},"image":{"@id":"https:\/\/www.cidademarketing.com.br\/marketing\/2019\/01\/15\/presidente-jair-bolsonaro-assina-decreto-e-pessoas-acima-de-25-anos-podem-ter-ate-4-armas-de-fogo\/#primaryimage"},"thumbnailUrl":"https:\/\/www.cidademarketing.com.br\/marketing\/wp-content\/uploads\/2019\/01\/jairbolsonaro_arma_decreto.jpg","datePublished":"2019-01-15T18:28:17+00:00","dateModified":"2019-01-15T19:33:09+00:00","breadcrumb":{"@id":"https:\/\/www.cidademarketing.com.br\/marketing\/2019\/01\/15\/presidente-jair-bolsonaro-assina-decreto-e-pessoas-acima-de-25-anos-podem-ter-ate-4-armas-de-fogo\/#breadcrumb"},"inLanguage":"pt-BR","potentialAction":[{"@type":"ReadAction","target":["https:\/\/www.cidademarketing.com.br\/marketing\/2019\/01\/15\/presidente-jair-bolsonaro-assina-decreto-e-pessoas-acima-de-25-anos-podem-ter-ate-4-armas-de-fogo\/"]}]},{"@type":"ImageObject","inLanguage":"pt-BR","@id":"https:\/\/www.cidademarketing.com.br\/marketing\/2019\/01\/15\/presidente-jair-bolsonaro-assina-decreto-e-pessoas-acima-de-25-anos-podem-ter-ate-4-armas-de-fogo\/#primaryimage","url":"https:\/\/www.cidademarketing.com.br\/marketing\/wp-content\/uploads\/2019\/01\/jairbolsonaro_arma_decreto.jpg","contentUrl":"https:\/\/www.cidademarketing.com.br\/marketing\/wp-content\/uploads\/2019\/01\/jairbolsonaro_arma_decreto.jpg","width":1140,"height":760,"caption":"O presidente Jair Bolsonaro durante cerim\u00f4nia de assinatura do decreto que flexibiliza a posse de armas no pa\u00eds. Marcelo Camargo\/Ag\u00eancia Brasil"},{"@type":"BreadcrumbList","@id":"https:\/\/www.cidademarketing.com.br\/marketing\/2019\/01\/15\/presidente-jair-bolsonaro-assina-decreto-e-pessoas-acima-de-25-anos-podem-ter-ate-4-armas-de-fogo\/#breadcrumb","itemListElement":[{"@type":"ListItem","position":1,"name":"In\u00edcio","item":"https:\/\/www.cidademarketing.com.br\/marketing\/"},{"@type":"ListItem","position":2,"name":"Presidente Jair Bolsonaro assina decreto e pessoas acima de 25 anos podem ter at\u00e9 4 armas de fogo"}]},{"@type":"WebSite","@id":"https:\/\/www.cidademarketing.com.br\/marketing\/#website","url":"https:\/\/www.cidademarketing.com.br\/marketing\/","name":"CidadeMarketing","description":"Somos um ve\u00edculo de comunica\u00e7\u00e3o de destaque no Brasil, reconhecido por conte\u00fados nos segmentos de marketing, empreendedorismo e inova\u00e7\u00e3o.","publisher":{"@id":"https:\/\/www.cidademarketing.com.br\/marketing\/#organization"},"alternateName":"CidadeMarketing","potentialAction":[{"@type":"SearchAction","target":{"@type":"EntryPoint","urlTemplate":"https:\/\/www.cidademarketing.com.br\/marketing\/?s={search_term_string}"},"query-input":{"@type":"PropertyValueSpecification","valueRequired":true,"valueName":"search_term_string"}}],"inLanguage":"pt-BR"},{"@type":"Organization","@id":"https:\/\/www.cidademarketing.com.br\/marketing\/#organization","name":"CidadeMarketing","alternateName":"CidadeMarketing","url":"https:\/\/www.cidademarketing.com.br\/marketing\/","logo":{"@type":"ImageObject","inLanguage":"pt-BR","@id":"https:\/\/www.cidademarketing.com.br\/marketing\/#\/schema\/logo\/image\/","url":"https:\/\/www.cidademarketing.com.br\/marketing\/wp-content\/uploads\/2020\/01\/cidademarketing_marca_mobile.png","contentUrl":"https:\/\/www.cidademarketing.com.br\/marketing\/wp-content\/uploads\/2020\/01\/cidademarketing_marca_mobile.png","width":230,"height":92,"caption":"CidadeMarketing"},"image":{"@id":"https:\/\/www.cidademarketing.com.br\/marketing\/#\/schema\/logo\/image\/"},"sameAs":["https:\/\/www.facebook.com\/portalcidademarketing","https:\/\/x.com\/CidadeMarketing","https:\/\/www.instagram.com\/cidademarketing\/"]},{"@type":"Person","@id":"https:\/\/www.cidademarketing.com.br\/marketing\/#\/schema\/person\/02daff9f18bd9378c9e01eb6b2db155f","name":"Thales Brand\u00e3o","image":{"@type":"ImageObject","inLanguage":"pt-BR","@id":"https:\/\/secure.gravatar.com\/avatar\/7ca3206950207cc3cb48feec56a8a7898741ab725c368d99d5d7a5a50aab80c6?s=96&d=mm&r=g","url":"https:\/\/secure.gravatar.com\/avatar\/7ca3206950207cc3cb48feec56a8a7898741ab725c368d99d5d7a5a50aab80c6?s=96&d=mm&r=g","contentUrl":"https:\/\/secure.gravatar.com\/avatar\/7ca3206950207cc3cb48feec56a8a7898741ab725c368d99d5d7a5a50aab80c6?s=96&d=mm&r=g","caption":"Thales Brand\u00e3o"},"description":"Editor Executivo do Portal CidadeMarketing.com.br &gt; Mestre em Comunica\u00e7\u00e3o e Sociedade pela Universidade Federal de Sergipe. Possui MBA Executivo em Administra\u00e7\u00e3o com \u00eanfase em Marketing pela Funda\u00e7\u00e3o Get\u00falio Vargas - Rio de Janeiro. Consultor, Palestrante e Pesquisador sobre Empreendedorismo, Marketing, Redes Sociais e Neg\u00f3cios Digitais. Professor, Palestrante TedxTalks e Campus Party. Twitter: @ThalesBrandao","sameAs":["http:\/\/www.mandacaru.com.br","https:\/\/www.facebook.com\/thalesbrandao","http:\/\/www.instagram.com.br\/thalesbrandaoferreira","https:\/\/www.linkedin.com\/in\/thales-brand\u00e3o-3948609\/","https:\/\/x.com\/http:\/\/www.twitter.com\/thalesbrandao"],"url":"https:\/\/www.cidademarketing.com.br\/marketing\/author\/thalesbrandao\/"}]}},"amp_enabled":true,"_links":{"self":[{"href":"https:\/\/www.cidademarketing.com.br\/marketing\/wp-json\/wp\/v2\/posts\/5025","targetHints":{"allow":["GET"]}}],"collection":[{"href":"https:\/\/www.cidademarketing.com.br\/marketing\/wp-json\/wp\/v2\/posts"}],"about":[{"href":"https:\/\/www.cidademarketing.com.br\/marketing\/wp-json\/wp\/v2\/types\/post"}],"author":[{"embeddable":true,"href":"https:\/\/www.cidademarketing.com.br\/marketing\/wp-json\/wp\/v2\/users\/1"}],"replies":[{"embeddable":true,"href":"https:\/\/www.cidademarketing.com.br\/marketing\/wp-json\/wp\/v2\/comments?post=5025"}],"version-history":[{"count":4,"href":"https:\/\/www.cidademarketing.com.br\/marketing\/wp-json\/wp\/v2\/posts\/5025\/revisions"}],"predecessor-version":[{"id":5042,"href":"https:\/\/www.cidademarketing.com.br\/marketing\/wp-json\/wp\/v2\/posts\/5025\/revisions\/5042"}],"wp:featuredmedia":[{"embeddable":true,"href":"https:\/\/www.cidademarketing.com.br\/marketing\/wp-json\/wp\/v2\/media\/5026"}],"wp:attachment":[{"href":"https:\/\/www.cidademarketing.com.br\/marketing\/wp-json\/wp\/v2\/media?parent=5025"}],"wp:term":[{"taxonomy":"category","embeddable":true,"href":"https:\/\/www.cidademarketing.com.br\/marketing\/wp-json\/wp\/v2\/categories?post=5025"},{"taxonomy":"post_tag","embeddable":true,"href":"https:\/\/www.cidademarketing.com.br\/marketing\/wp-json\/wp\/v2\/tags?post=5025"}],"curies":[{"name":"wp","href":"https:\/\/api.w.org\/{rel}","templated":true}]}}