{"id":49960,"date":"2024-02-12T11:04:34","date_gmt":"2024-02-12T14:04:34","guid":{"rendered":"https:\/\/www.cidademarketing.com.br\/marketing\/?p=49960"},"modified":"2024-02-12T11:04:34","modified_gmt":"2024-02-12T14:04:34","slug":"falece-aos-97-anos-luiza-trajano-donato-fundadora-do-magazine-luiza-deixando-um-legado-inspirador","status":"publish","type":"post","link":"https:\/\/www.cidademarketing.com.br\/marketing\/2024\/02\/12\/falece-aos-97-anos-luiza-trajano-donato-fundadora-do-magazine-luiza-deixando-um-legado-inspirador\/","title":{"rendered":"Falece aos 97 anos Luiza Trajano Donato, fundadora do Magazine Luiza, deixando um legado inspirador"},"content":{"rendered":"<p>A cidade de Franca, no interior de S\u00e3o Paulo, se despede hoje de uma figura ic\u00f4nica e inspiradora: Luiza Trajano Donato, fundadora do Magazine Luiza, faleceu aos 97 anos nesta segunda-feira, 12. A not\u00edcia foi comunicada pela fam\u00edlia por meio de uma nota \u00e0 imprensa, revelando a perda de uma das personalidades mais marcantes do cen\u00e1rio empresarial brasileiro.<\/p>\n<p><a href=\"https:\/\/www.cidademarketing.com.br\/marketing\/sua-marca-vai-virar-noticia\/\" target=\"_blank\" rel=\"noopener\"><img fetchpriority=\"high\" decoding=\"async\" class=\"wp-image-44329 aligncenter\" src=\"https:\/\/www.cidademarketing.com.br\/comercial\/google_backlinks_guestpost_publieditorial_cidademarketing.webp\" alt=\"\" width=\"536\" height=\"479\" \/><\/a><\/p>\n<p>Nascida em Cristais Paulista, Luiza Donato mudou-se para Franca com o objetivo de proporcionar uma vida melhor para sua fam\u00edlia. Inicialmente uma vendedora, ela encontrou, em 1956, o caixeiro-viajante Pelegrino Jos\u00e9 Donato, com quem compartilhou uma jornada extraordin\u00e1ria. Em 1957, o casal investiu suas economias na aquisi\u00e7\u00e3o da loja A Cristaleira, em Franca, um passo fundamental para o que viria a ser o Magazine Luiza.<\/p>\n<p>Com uma vis\u00e3o \u00fanica, Luiza Donato tornou-se uma refer\u00eancia no varejo brasileiro, transformando sua loja local em uma das maiores empresas do setor no pa\u00eds. Em 2008, ao inaugurar simultaneamente 50 lojas em S\u00e3o Paulo, ela enfatizou a import\u00e2ncia do atendimento ao cliente e da inclus\u00e3o: &#8220;Atender com todo carinho, n\u00e3o importa se um esteja usando salto e outro chinelo de dedo. Atender com educa\u00e7\u00e3o, n\u00e3o tapear o cliente, n\u00e3o mentir de jeito nenhum.&#8221;<\/p>\n<style>\n      .libutton {<br \/>\n        display: flex;<br \/>\n        flex-direction: column;<br \/>\n        justify-content: center;<br \/>\n        padding: 7px;<br \/>\n        text-align: center;<br \/>\n        outline: none;<br \/>\n        text-decoration: none !important;<br \/>\n        color: #ffffff !important;<br \/>\n        width: 380px;<br \/>\n        height: 32px;<br \/>\n        border-radius: 16px;<br \/>\n        background-color: #0A66C2;<br \/>\n        font-family: \"SF Pro Text\", Helvetica, sans-serif;<br \/>\n      }<br \/>\n    <\/style>\n<p><a class=\"libutton\" href=\"https:\/\/www.linkedin.com\/build-relation\/newsletter-follow?entityUrn=7156278644774969345\" target=\"_blank\" rel=\"noopener\">Assine a Newsletter do CidadeMarketing<\/a><br \/>\nSua abordagem simples, mas inspiradora, ressoou n\u00e3o apenas nos neg\u00f3cios, mas na cultura corporativa do Magazine Luiza. A personagem Lu, \u00edcone da marca, foi inspirada na pr\u00f3pria Luiza Donato, inicialmente chamada carinhosamente de Tia Luiza pelos colaboradores.<\/p>\n<p>Sem filhos pr\u00f3prios, Luiza escolheu sua sobrinha, Luiza Helena Trajano, como sucessora nos anos 90. O Magazine Luiza, ao longo de mais de 65 anos, n\u00e3o apenas cresceu como empresa, mas tamb\u00e9m se transformou e inovou, mantendo os valores fundamentais estabelecidos por sua fundadora.<\/p>\n<p>O vel\u00f3rio de Luiza Trajano Donato ser\u00e1 realizado no S\u00e3o Vicente de Paula (Rua Frederico Ozanan, 1111), das 10h \u00e0s 16h, com sepultamento no Cemit\u00e9rio da Saudade (Rua Sim\u00e3o Caleiro, 1540), em Franca.<\/p>\n<p><iframe title=\"Spotify Embed: Podcast CidadeMarketing\" style=\"border-radius: 12px\" width=\"100%\" height=\"152\" frameborder=\"0\" allowfullscreen allow=\"autoplay; clipboard-write; encrypted-media; fullscreen; picture-in-picture\" loading=\"lazy\" src=\"https:\/\/open.spotify.com\/embed\/show\/4khMKzP3FgFRWVwb73xicc?si=252fe5bff2b34909&#038;utm_source=oembed\"><\/iframe><\/p>\n<p>&nbsp;<\/p>\n<p>&nbsp;<\/p>\n","protected":false},"excerpt":{"rendered":"<p>A cidade de Franca, no interior de S\u00e3o Paulo, se despede hoje de uma figura ic\u00f4nica e inspiradora: Luiza Trajano Donato, fundadora do Magazine Luiza, faleceu aos 97 anos nesta segunda-feira, 12. A not\u00edcia foi comunicada pela fam\u00edlia por meio de uma nota \u00e0 imprensa, revelando a perda de uma das personalidades mais marcantes do [&hellip;]<\/p>\n","protected":false},"author":1,"featured_media":49961,"comment_status":"open","ping_status":"open","sticky":false,"template":"","format":"standard","meta":{"tdm_status":"","tdm_grid_status":"","footnotes":""},"categories":[6],"tags":[278,6734,6737,6735,6736,2577,740,28],"class_list":["post-49960","post","type-post","status-publish","format-standard","has-post-thumbnail","hentry","category-noticias","tag-empresa-familiar","tag-falecimento","tag-fundadora","tag-luiza-helena-trajano","tag-luiza-trajano-donato","tag-magalu","tag-magazine-luiza","tag-marketing"],"yoast_head":"<!-- This site is optimized with the Yoast SEO plugin v27.5 - https:\/\/yoast.com\/product\/yoast-seo-wordpress\/ -->\n<title>Falece aos 97 anos Luiza Trajano Donato, fundadora do Magazine Luiza, deixando um legado inspirador - CidadeMarketing<\/title>\n<meta name=\"robots\" content=\"index, follow, max-snippet:-1, max-image-preview:large, max-video-preview:-1\" \/>\n<link rel=\"canonical\" href=\"https:\/\/www.cidademarketing.com.br\/marketing\/2024\/02\/12\/falece-aos-97-anos-luiza-trajano-donato-fundadora-do-magazine-luiza-deixando-um-legado-inspirador\/\" \/>\n<meta property=\"og:locale\" content=\"pt_BR\" \/>\n<meta property=\"og:type\" content=\"article\" \/>\n<meta property=\"og:title\" content=\"Falece aos 97 anos Luiza Trajano Donato, fundadora do Magazine Luiza, deixando um legado inspirador - CidadeMarketing\" \/>\n<meta property=\"og:description\" content=\"A cidade de Franca, no interior de S\u00e3o Paulo, se despede hoje de uma figura ic\u00f4nica e inspiradora: Luiza Trajano Donato, fundadora do Magazine Luiza, faleceu aos 97 anos nesta segunda-feira, 12. A not\u00edcia foi comunicada pela fam\u00edlia por meio de uma nota \u00e0 imprensa, revelando a perda de uma das personalidades mais marcantes do [&hellip;]\" \/>\n<meta property=\"og:url\" content=\"https:\/\/www.cidademarketing.com.br\/marketing\/2024\/02\/12\/falece-aos-97-anos-luiza-trajano-donato-fundadora-do-magazine-luiza-deixando-um-legado-inspirador\/\" \/>\n<meta property=\"og:site_name\" content=\"CidadeMarketing\" \/>\n<meta property=\"article:publisher\" content=\"https:\/\/www.facebook.com\/portalcidademarketing\" \/>\n<meta property=\"article:author\" content=\"https:\/\/www.facebook.com\/thalesbrandao\" \/>\n<meta property=\"article:published_time\" content=\"2024-02-12T14:04:34+00:00\" \/>\n<meta property=\"og:image\" content=\"https:\/\/www.cidademarketing.com.br\/marketing\/wp-content\/uploads\/2024\/02\/magalu_fundadora_morre.webp\" \/>\n\t<meta property=\"og:image:width\" content=\"844\" \/>\n\t<meta property=\"og:image:height\" content=\"823\" \/>\n\t<meta property=\"og:image:type\" content=\"image\/webp\" \/>\n<meta name=\"author\" content=\"Thales Brand\u00e3o\" \/>\n<meta name=\"twitter:card\" content=\"summary_large_image\" \/>\n<meta name=\"twitter:creator\" content=\"@http:\/\/www.twitter.com\/thalesbrandao\" \/>\n<meta name=\"twitter:site\" content=\"@CidadeMarketing\" \/>\n<meta name=\"twitter:label1\" content=\"Escrito por\" \/>\n\t<meta name=\"twitter:data1\" content=\"Thales Brand\u00e3o\" \/>\n\t<meta name=\"twitter:label2\" content=\"Est. tempo de leitura\" \/>\n\t<meta name=\"twitter:data2\" content=\"2 minutos\" \/>\n<script type=\"application\/ld+json\" class=\"yoast-schema-graph\">{\"@context\":\"https:\\\/\\\/schema.org\",\"@graph\":[{\"@type\":\"Article\",\"@id\":\"https:\\\/\\\/www.cidademarketing.com.br\\\/marketing\\\/2024\\\/02\\\/12\\\/falece-aos-97-anos-luiza-trajano-donato-fundadora-do-magazine-luiza-deixando-um-legado-inspirador\\\/#article\",\"isPartOf\":{\"@id\":\"https:\\\/\\\/www.cidademarketing.com.br\\\/marketing\\\/2024\\\/02\\\/12\\\/falece-aos-97-anos-luiza-trajano-donato-fundadora-do-magazine-luiza-deixando-um-legado-inspirador\\\/\"},\"author\":{\"name\":\"Thales Brand\u00e3o\",\"@id\":\"https:\\\/\\\/www.cidademarketing.com.br\\\/marketing\\\/#\\\/schema\\\/person\\\/02daff9f18bd9378c9e01eb6b2db155f\"},\"headline\":\"Falece aos 97 anos Luiza Trajano Donato, fundadora do Magazine Luiza, deixando um legado inspirador\",\"datePublished\":\"2024-02-12T14:04:34+00:00\",\"mainEntityOfPage\":{\"@id\":\"https:\\\/\\\/www.cidademarketing.com.br\\\/marketing\\\/2024\\\/02\\\/12\\\/falece-aos-97-anos-luiza-trajano-donato-fundadora-do-magazine-luiza-deixando-um-legado-inspirador\\\/\"},\"wordCount\":363,\"commentCount\":0,\"publisher\":{\"@id\":\"https:\\\/\\\/www.cidademarketing.com.br\\\/marketing\\\/#organization\"},\"image\":{\"@id\":\"https:\\\/\\\/www.cidademarketing.com.br\\\/marketing\\\/2024\\\/02\\\/12\\\/falece-aos-97-anos-luiza-trajano-donato-fundadora-do-magazine-luiza-deixando-um-legado-inspirador\\\/#primaryimage\"},\"thumbnailUrl\":\"https:\\\/\\\/www.cidademarketing.com.br\\\/marketing\\\/wp-content\\\/uploads\\\/2024\\\/02\\\/magalu_fundadora_morre.webp\",\"keywords\":[\"empresa familiar\",\"falecimento\",\"fundadora\",\"Luiza Helena Trajano\",\"Luiza Trajano Donato\",\"Magalu\",\"Magazine Luiza\",\"marketing\"],\"articleSection\":[\"Not\u00edcias\"],\"inLanguage\":\"pt-BR\",\"potentialAction\":[{\"@type\":\"CommentAction\",\"name\":\"Comment\",\"target\":[\"https:\\\/\\\/www.cidademarketing.com.br\\\/marketing\\\/2024\\\/02\\\/12\\\/falece-aos-97-anos-luiza-trajano-donato-fundadora-do-magazine-luiza-deixando-um-legado-inspirador\\\/#respond\"]}]},{\"@type\":\"WebPage\",\"@id\":\"https:\\\/\\\/www.cidademarketing.com.br\\\/marketing\\\/2024\\\/02\\\/12\\\/falece-aos-97-anos-luiza-trajano-donato-fundadora-do-magazine-luiza-deixando-um-legado-inspirador\\\/\",\"url\":\"https:\\\/\\\/www.cidademarketing.com.br\\\/marketing\\\/2024\\\/02\\\/12\\\/falece-aos-97-anos-luiza-trajano-donato-fundadora-do-magazine-luiza-deixando-um-legado-inspirador\\\/\",\"name\":\"Falece aos 97 anos Luiza Trajano Donato, fundadora do Magazine Luiza, deixando um legado inspirador - CidadeMarketing\",\"isPartOf\":{\"@id\":\"https:\\\/\\\/www.cidademarketing.com.br\\\/marketing\\\/#website\"},\"primaryImageOfPage\":{\"@id\":\"https:\\\/\\\/www.cidademarketing.com.br\\\/marketing\\\/2024\\\/02\\\/12\\\/falece-aos-97-anos-luiza-trajano-donato-fundadora-do-magazine-luiza-deixando-um-legado-inspirador\\\/#primaryimage\"},\"image\":{\"@id\":\"https:\\\/\\\/www.cidademarketing.com.br\\\/marketing\\\/2024\\\/02\\\/12\\\/falece-aos-97-anos-luiza-trajano-donato-fundadora-do-magazine-luiza-deixando-um-legado-inspirador\\\/#primaryimage\"},\"thumbnailUrl\":\"https:\\\/\\\/www.cidademarketing.com.br\\\/marketing\\\/wp-content\\\/uploads\\\/2024\\\/02\\\/magalu_fundadora_morre.webp\",\"datePublished\":\"2024-02-12T14:04:34+00:00\",\"breadcrumb\":{\"@id\":\"https:\\\/\\\/www.cidademarketing.com.br\\\/marketing\\\/2024\\\/02\\\/12\\\/falece-aos-97-anos-luiza-trajano-donato-fundadora-do-magazine-luiza-deixando-um-legado-inspirador\\\/#breadcrumb\"},\"inLanguage\":\"pt-BR\",\"potentialAction\":[{\"@type\":\"ReadAction\",\"target\":[\"https:\\\/\\\/www.cidademarketing.com.br\\\/marketing\\\/2024\\\/02\\\/12\\\/falece-aos-97-anos-luiza-trajano-donato-fundadora-do-magazine-luiza-deixando-um-legado-inspirador\\\/\"]}]},{\"@type\":\"ImageObject\",\"inLanguage\":\"pt-BR\",\"@id\":\"https:\\\/\\\/www.cidademarketing.com.br\\\/marketing\\\/2024\\\/02\\\/12\\\/falece-aos-97-anos-luiza-trajano-donato-fundadora-do-magazine-luiza-deixando-um-legado-inspirador\\\/#primaryimage\",\"url\":\"https:\\\/\\\/www.cidademarketing.com.br\\\/marketing\\\/wp-content\\\/uploads\\\/2024\\\/02\\\/magalu_fundadora_morre.webp\",\"contentUrl\":\"https:\\\/\\\/www.cidademarketing.com.br\\\/marketing\\\/wp-content\\\/uploads\\\/2024\\\/02\\\/magalu_fundadora_morre.webp\",\"width\":844,\"height\":823,\"caption\":\"Divulga\u00e7\u00e3o\\\/Instagram\"},{\"@type\":\"BreadcrumbList\",\"@id\":\"https:\\\/\\\/www.cidademarketing.com.br\\\/marketing\\\/2024\\\/02\\\/12\\\/falece-aos-97-anos-luiza-trajano-donato-fundadora-do-magazine-luiza-deixando-um-legado-inspirador\\\/#breadcrumb\",\"itemListElement\":[{\"@type\":\"ListItem\",\"position\":1,\"name\":\"In\u00edcio\",\"item\":\"https:\\\/\\\/www.cidademarketing.com.br\\\/marketing\\\/\"},{\"@type\":\"ListItem\",\"position\":2,\"name\":\"Falece aos 97 anos Luiza Trajano Donato, fundadora do Magazine Luiza, deixando um legado inspirador\"}]},{\"@type\":\"WebSite\",\"@id\":\"https:\\\/\\\/www.cidademarketing.com.br\\\/marketing\\\/#website\",\"url\":\"https:\\\/\\\/www.cidademarketing.com.br\\\/marketing\\\/\",\"name\":\"CidadeMarketing\",\"description\":\"Somos um ve\u00edculo de comunica\u00e7\u00e3o de destaque no Brasil, reconhecido por conte\u00fados nos segmentos de marketing, empreendedorismo e inova\u00e7\u00e3o.\",\"publisher\":{\"@id\":\"https:\\\/\\\/www.cidademarketing.com.br\\\/marketing\\\/#organization\"},\"alternateName\":\"CidadeMarketing\",\"potentialAction\":[{\"@type\":\"SearchAction\",\"target\":{\"@type\":\"EntryPoint\",\"urlTemplate\":\"https:\\\/\\\/www.cidademarketing.com.br\\\/marketing\\\/?s={search_term_string}\"},\"query-input\":{\"@type\":\"PropertyValueSpecification\",\"valueRequired\":true,\"valueName\":\"search_term_string\"}}],\"inLanguage\":\"pt-BR\"},{\"@type\":\"Organization\",\"@id\":\"https:\\\/\\\/www.cidademarketing.com.br\\\/marketing\\\/#organization\",\"name\":\"CidadeMarketing\",\"alternateName\":\"CidadeMarketing\",\"url\":\"https:\\\/\\\/www.cidademarketing.com.br\\\/marketing\\\/\",\"logo\":{\"@type\":\"ImageObject\",\"inLanguage\":\"pt-BR\",\"@id\":\"https:\\\/\\\/www.cidademarketing.com.br\\\/marketing\\\/#\\\/schema\\\/logo\\\/image\\\/\",\"url\":\"https:\\\/\\\/www.cidademarketing.com.br\\\/marketing\\\/wp-content\\\/uploads\\\/2020\\\/01\\\/cidademarketing_marca_mobile.png\",\"contentUrl\":\"https:\\\/\\\/www.cidademarketing.com.br\\\/marketing\\\/wp-content\\\/uploads\\\/2020\\\/01\\\/cidademarketing_marca_mobile.png\",\"width\":230,\"height\":92,\"caption\":\"CidadeMarketing\"},\"image\":{\"@id\":\"https:\\\/\\\/www.cidademarketing.com.br\\\/marketing\\\/#\\\/schema\\\/logo\\\/image\\\/\"},\"sameAs\":[\"https:\\\/\\\/www.facebook.com\\\/portalcidademarketing\",\"https:\\\/\\\/x.com\\\/CidadeMarketing\",\"https:\\\/\\\/www.instagram.com\\\/cidademarketing\\\/\"]},{\"@type\":\"Person\",\"@id\":\"https:\\\/\\\/www.cidademarketing.com.br\\\/marketing\\\/#\\\/schema\\\/person\\\/02daff9f18bd9378c9e01eb6b2db155f\",\"name\":\"Thales Brand\u00e3o\",\"image\":{\"@type\":\"ImageObject\",\"inLanguage\":\"pt-BR\",\"@id\":\"https:\\\/\\\/secure.gravatar.com\\\/avatar\\\/7ca3206950207cc3cb48feec56a8a7898741ab725c368d99d5d7a5a50aab80c6?s=96&d=mm&r=g\",\"url\":\"https:\\\/\\\/secure.gravatar.com\\\/avatar\\\/7ca3206950207cc3cb48feec56a8a7898741ab725c368d99d5d7a5a50aab80c6?s=96&d=mm&r=g\",\"contentUrl\":\"https:\\\/\\\/secure.gravatar.com\\\/avatar\\\/7ca3206950207cc3cb48feec56a8a7898741ab725c368d99d5d7a5a50aab80c6?s=96&d=mm&r=g\",\"caption\":\"Thales Brand\u00e3o\"},\"description\":\"Editor Executivo do Portal CidadeMarketing.com.br &gt; Mestre em Comunica\u00e7\u00e3o e Sociedade pela Universidade Federal de Sergipe. Possui MBA Executivo em Administra\u00e7\u00e3o com \u00eanfase em Marketing pela Funda\u00e7\u00e3o Get\u00falio Vargas - Rio de Janeiro. Consultor, Palestrante e Pesquisador sobre Empreendedorismo, Marketing, Redes Sociais e Neg\u00f3cios Digitais. Professor, Palestrante TedxTalks e Campus Party. Twitter: @ThalesBrandao\",\"sameAs\":[\"http:\\\/\\\/www.mandacaru.com.br\",\"https:\\\/\\\/www.facebook.com\\\/thalesbrandao\",\"http:\\\/\\\/www.instagram.com.br\\\/thalesbrandaoferreira\",\"https:\\\/\\\/www.linkedin.com\\\/in\\\/thales-brand\u00e3o-3948609\\\/\",\"https:\\\/\\\/x.com\\\/http:\\\/\\\/www.twitter.com\\\/thalesbrandao\"],\"url\":\"https:\\\/\\\/www.cidademarketing.com.br\\\/marketing\\\/author\\\/thalesbrandao\\\/\"}]}<\/script>\n<!-- \/ Yoast SEO plugin. -->","yoast_head_json":{"title":"Falece aos 97 anos Luiza Trajano Donato, fundadora do Magazine Luiza, deixando um legado inspirador - CidadeMarketing","robots":{"index":"index","follow":"follow","max-snippet":"max-snippet:-1","max-image-preview":"max-image-preview:large","max-video-preview":"max-video-preview:-1"},"canonical":"https:\/\/www.cidademarketing.com.br\/marketing\/2024\/02\/12\/falece-aos-97-anos-luiza-trajano-donato-fundadora-do-magazine-luiza-deixando-um-legado-inspirador\/","og_locale":"pt_BR","og_type":"article","og_title":"Falece aos 97 anos Luiza Trajano Donato, fundadora do Magazine Luiza, deixando um legado inspirador - CidadeMarketing","og_description":"A cidade de Franca, no interior de S\u00e3o Paulo, se despede hoje de uma figura ic\u00f4nica e inspiradora: Luiza Trajano Donato, fundadora do Magazine Luiza, faleceu aos 97 anos nesta segunda-feira, 12. A not\u00edcia foi comunicada pela fam\u00edlia por meio de uma nota \u00e0 imprensa, revelando a perda de uma das personalidades mais marcantes do [&hellip;]","og_url":"https:\/\/www.cidademarketing.com.br\/marketing\/2024\/02\/12\/falece-aos-97-anos-luiza-trajano-donato-fundadora-do-magazine-luiza-deixando-um-legado-inspirador\/","og_site_name":"CidadeMarketing","article_publisher":"https:\/\/www.facebook.com\/portalcidademarketing","article_author":"https:\/\/www.facebook.com\/thalesbrandao","article_published_time":"2024-02-12T14:04:34+00:00","og_image":[{"width":844,"height":823,"url":"https:\/\/www.cidademarketing.com.br\/marketing\/wp-content\/uploads\/2024\/02\/magalu_fundadora_morre.webp","type":"image\/webp"}],"author":"Thales Brand\u00e3o","twitter_card":"summary_large_image","twitter_creator":"@http:\/\/www.twitter.com\/thalesbrandao","twitter_site":"@CidadeMarketing","twitter_misc":{"Escrito por":"Thales Brand\u00e3o","Est. tempo de leitura":"2 minutos"},"schema":{"@context":"https:\/\/schema.org","@graph":[{"@type":"Article","@id":"https:\/\/www.cidademarketing.com.br\/marketing\/2024\/02\/12\/falece-aos-97-anos-luiza-trajano-donato-fundadora-do-magazine-luiza-deixando-um-legado-inspirador\/#article","isPartOf":{"@id":"https:\/\/www.cidademarketing.com.br\/marketing\/2024\/02\/12\/falece-aos-97-anos-luiza-trajano-donato-fundadora-do-magazine-luiza-deixando-um-legado-inspirador\/"},"author":{"name":"Thales Brand\u00e3o","@id":"https:\/\/www.cidademarketing.com.br\/marketing\/#\/schema\/person\/02daff9f18bd9378c9e01eb6b2db155f"},"headline":"Falece aos 97 anos Luiza Trajano Donato, fundadora do Magazine Luiza, deixando um legado inspirador","datePublished":"2024-02-12T14:04:34+00:00","mainEntityOfPage":{"@id":"https:\/\/www.cidademarketing.com.br\/marketing\/2024\/02\/12\/falece-aos-97-anos-luiza-trajano-donato-fundadora-do-magazine-luiza-deixando-um-legado-inspirador\/"},"wordCount":363,"commentCount":0,"publisher":{"@id":"https:\/\/www.cidademarketing.com.br\/marketing\/#organization"},"image":{"@id":"https:\/\/www.cidademarketing.com.br\/marketing\/2024\/02\/12\/falece-aos-97-anos-luiza-trajano-donato-fundadora-do-magazine-luiza-deixando-um-legado-inspirador\/#primaryimage"},"thumbnailUrl":"https:\/\/www.cidademarketing.com.br\/marketing\/wp-content\/uploads\/2024\/02\/magalu_fundadora_morre.webp","keywords":["empresa familiar","falecimento","fundadora","Luiza Helena Trajano","Luiza Trajano Donato","Magalu","Magazine Luiza","marketing"],"articleSection":["Not\u00edcias"],"inLanguage":"pt-BR","potentialAction":[{"@type":"CommentAction","name":"Comment","target":["https:\/\/www.cidademarketing.com.br\/marketing\/2024\/02\/12\/falece-aos-97-anos-luiza-trajano-donato-fundadora-do-magazine-luiza-deixando-um-legado-inspirador\/#respond"]}]},{"@type":"WebPage","@id":"https:\/\/www.cidademarketing.com.br\/marketing\/2024\/02\/12\/falece-aos-97-anos-luiza-trajano-donato-fundadora-do-magazine-luiza-deixando-um-legado-inspirador\/","url":"https:\/\/www.cidademarketing.com.br\/marketing\/2024\/02\/12\/falece-aos-97-anos-luiza-trajano-donato-fundadora-do-magazine-luiza-deixando-um-legado-inspirador\/","name":"Falece aos 97 anos Luiza Trajano Donato, fundadora do Magazine Luiza, deixando um legado inspirador - CidadeMarketing","isPartOf":{"@id":"https:\/\/www.cidademarketing.com.br\/marketing\/#website"},"primaryImageOfPage":{"@id":"https:\/\/www.cidademarketing.com.br\/marketing\/2024\/02\/12\/falece-aos-97-anos-luiza-trajano-donato-fundadora-do-magazine-luiza-deixando-um-legado-inspirador\/#primaryimage"},"image":{"@id":"https:\/\/www.cidademarketing.com.br\/marketing\/2024\/02\/12\/falece-aos-97-anos-luiza-trajano-donato-fundadora-do-magazine-luiza-deixando-um-legado-inspirador\/#primaryimage"},"thumbnailUrl":"https:\/\/www.cidademarketing.com.br\/marketing\/wp-content\/uploads\/2024\/02\/magalu_fundadora_morre.webp","datePublished":"2024-02-12T14:04:34+00:00","breadcrumb":{"@id":"https:\/\/www.cidademarketing.com.br\/marketing\/2024\/02\/12\/falece-aos-97-anos-luiza-trajano-donato-fundadora-do-magazine-luiza-deixando-um-legado-inspirador\/#breadcrumb"},"inLanguage":"pt-BR","potentialAction":[{"@type":"ReadAction","target":["https:\/\/www.cidademarketing.com.br\/marketing\/2024\/02\/12\/falece-aos-97-anos-luiza-trajano-donato-fundadora-do-magazine-luiza-deixando-um-legado-inspirador\/"]}]},{"@type":"ImageObject","inLanguage":"pt-BR","@id":"https:\/\/www.cidademarketing.com.br\/marketing\/2024\/02\/12\/falece-aos-97-anos-luiza-trajano-donato-fundadora-do-magazine-luiza-deixando-um-legado-inspirador\/#primaryimage","url":"https:\/\/www.cidademarketing.com.br\/marketing\/wp-content\/uploads\/2024\/02\/magalu_fundadora_morre.webp","contentUrl":"https:\/\/www.cidademarketing.com.br\/marketing\/wp-content\/uploads\/2024\/02\/magalu_fundadora_morre.webp","width":844,"height":823,"caption":"Divulga\u00e7\u00e3o\/Instagram"},{"@type":"BreadcrumbList","@id":"https:\/\/www.cidademarketing.com.br\/marketing\/2024\/02\/12\/falece-aos-97-anos-luiza-trajano-donato-fundadora-do-magazine-luiza-deixando-um-legado-inspirador\/#breadcrumb","itemListElement":[{"@type":"ListItem","position":1,"name":"In\u00edcio","item":"https:\/\/www.cidademarketing.com.br\/marketing\/"},{"@type":"ListItem","position":2,"name":"Falece aos 97 anos Luiza Trajano Donato, fundadora do Magazine Luiza, deixando um legado inspirador"}]},{"@type":"WebSite","@id":"https:\/\/www.cidademarketing.com.br\/marketing\/#website","url":"https:\/\/www.cidademarketing.com.br\/marketing\/","name":"CidadeMarketing","description":"Somos um ve\u00edculo de comunica\u00e7\u00e3o de destaque no Brasil, reconhecido por conte\u00fados nos segmentos de marketing, empreendedorismo e inova\u00e7\u00e3o.","publisher":{"@id":"https:\/\/www.cidademarketing.com.br\/marketing\/#organization"},"alternateName":"CidadeMarketing","potentialAction":[{"@type":"SearchAction","target":{"@type":"EntryPoint","urlTemplate":"https:\/\/www.cidademarketing.com.br\/marketing\/?s={search_term_string}"},"query-input":{"@type":"PropertyValueSpecification","valueRequired":true,"valueName":"search_term_string"}}],"inLanguage":"pt-BR"},{"@type":"Organization","@id":"https:\/\/www.cidademarketing.com.br\/marketing\/#organization","name":"CidadeMarketing","alternateName":"CidadeMarketing","url":"https:\/\/www.cidademarketing.com.br\/marketing\/","logo":{"@type":"ImageObject","inLanguage":"pt-BR","@id":"https:\/\/www.cidademarketing.com.br\/marketing\/#\/schema\/logo\/image\/","url":"https:\/\/www.cidademarketing.com.br\/marketing\/wp-content\/uploads\/2020\/01\/cidademarketing_marca_mobile.png","contentUrl":"https:\/\/www.cidademarketing.com.br\/marketing\/wp-content\/uploads\/2020\/01\/cidademarketing_marca_mobile.png","width":230,"height":92,"caption":"CidadeMarketing"},"image":{"@id":"https:\/\/www.cidademarketing.com.br\/marketing\/#\/schema\/logo\/image\/"},"sameAs":["https:\/\/www.facebook.com\/portalcidademarketing","https:\/\/x.com\/CidadeMarketing","https:\/\/www.instagram.com\/cidademarketing\/"]},{"@type":"Person","@id":"https:\/\/www.cidademarketing.com.br\/marketing\/#\/schema\/person\/02daff9f18bd9378c9e01eb6b2db155f","name":"Thales Brand\u00e3o","image":{"@type":"ImageObject","inLanguage":"pt-BR","@id":"https:\/\/secure.gravatar.com\/avatar\/7ca3206950207cc3cb48feec56a8a7898741ab725c368d99d5d7a5a50aab80c6?s=96&d=mm&r=g","url":"https:\/\/secure.gravatar.com\/avatar\/7ca3206950207cc3cb48feec56a8a7898741ab725c368d99d5d7a5a50aab80c6?s=96&d=mm&r=g","contentUrl":"https:\/\/secure.gravatar.com\/avatar\/7ca3206950207cc3cb48feec56a8a7898741ab725c368d99d5d7a5a50aab80c6?s=96&d=mm&r=g","caption":"Thales Brand\u00e3o"},"description":"Editor Executivo do Portal CidadeMarketing.com.br &gt; Mestre em Comunica\u00e7\u00e3o e Sociedade pela Universidade Federal de Sergipe. Possui MBA Executivo em Administra\u00e7\u00e3o com \u00eanfase em Marketing pela Funda\u00e7\u00e3o Get\u00falio Vargas - Rio de Janeiro. Consultor, Palestrante e Pesquisador sobre Empreendedorismo, Marketing, Redes Sociais e Neg\u00f3cios Digitais. Professor, Palestrante TedxTalks e Campus Party. Twitter: @ThalesBrandao","sameAs":["http:\/\/www.mandacaru.com.br","https:\/\/www.facebook.com\/thalesbrandao","http:\/\/www.instagram.com.br\/thalesbrandaoferreira","https:\/\/www.linkedin.com\/in\/thales-brand\u00e3o-3948609\/","https:\/\/x.com\/http:\/\/www.twitter.com\/thalesbrandao"],"url":"https:\/\/www.cidademarketing.com.br\/marketing\/author\/thalesbrandao\/"}]}},"amp_enabled":true,"_links":{"self":[{"href":"https:\/\/www.cidademarketing.com.br\/marketing\/wp-json\/wp\/v2\/posts\/49960","targetHints":{"allow":["GET"]}}],"collection":[{"href":"https:\/\/www.cidademarketing.com.br\/marketing\/wp-json\/wp\/v2\/posts"}],"about":[{"href":"https:\/\/www.cidademarketing.com.br\/marketing\/wp-json\/wp\/v2\/types\/post"}],"author":[{"embeddable":true,"href":"https:\/\/www.cidademarketing.com.br\/marketing\/wp-json\/wp\/v2\/users\/1"}],"replies":[{"embeddable":true,"href":"https:\/\/www.cidademarketing.com.br\/marketing\/wp-json\/wp\/v2\/comments?post=49960"}],"version-history":[{"count":1,"href":"https:\/\/www.cidademarketing.com.br\/marketing\/wp-json\/wp\/v2\/posts\/49960\/revisions"}],"predecessor-version":[{"id":49962,"href":"https:\/\/www.cidademarketing.com.br\/marketing\/wp-json\/wp\/v2\/posts\/49960\/revisions\/49962"}],"wp:featuredmedia":[{"embeddable":true,"href":"https:\/\/www.cidademarketing.com.br\/marketing\/wp-json\/wp\/v2\/media\/49961"}],"wp:attachment":[{"href":"https:\/\/www.cidademarketing.com.br\/marketing\/wp-json\/wp\/v2\/media?parent=49960"}],"wp:term":[{"taxonomy":"category","embeddable":true,"href":"https:\/\/www.cidademarketing.com.br\/marketing\/wp-json\/wp\/v2\/categories?post=49960"},{"taxonomy":"post_tag","embeddable":true,"href":"https:\/\/www.cidademarketing.com.br\/marketing\/wp-json\/wp\/v2\/tags?post=49960"}],"curies":[{"name":"wp","href":"https:\/\/api.w.org\/{rel}","templated":true}]}}