{"id":4991,"date":"2019-01-14T23:48:11","date_gmt":"2019-01-15T01:48:11","guid":{"rendered":"http:\/\/www.cidademarketing.com.br\/marketing\/?p=4991"},"modified":"2019-01-14T23:48:15","modified_gmt":"2019-01-15T01:48:15","slug":"microsoft-brasil-anuncia-nova-presidente","status":"publish","type":"post","link":"https:\/\/www.cidademarketing.com.br\/marketing\/2019\/01\/14\/microsoft-brasil-anuncia-nova-presidente\/","title":{"rendered":"Microsoft Brasil anuncia nova presidente"},"content":{"rendered":"\n<p>A Microsoft anuncia hoje duas mudan\u00e7as na Am\u00e9rica Latina. Ap\u00f3s tr\u00eas anos e meio liderando com sucesso a subsidi\u00e1ria brasileira, Paula Bellizia \u00e9 promovida a vice-presidente de Vendas, Marketing e Opera\u00e7\u00f5es da Microsoft Am\u00e9rica Latina. T\u00e2nia Cosentino (foto) \u00e9 a nova presidente da Microsoft Brasil.<\/p>\n\n\n\n<p>T\u00e2nia Cosentino possui mais de 30 anos de experi\u00eancia profissional e, desde outubro de 2018, ocupava a vice-presid\u00eancia global de qualidade &amp; satisfa\u00e7\u00e3o do cliente da Schneider Electric, empresa na qual desenvolveu uma carreira de muito sucesso por 19 anos. Ingressou em 2000 como gerente nacional de vendas, ap\u00f3s tr\u00eas anos passou a ser diretora comercial e, em 2009, assumiu a presid\u00eancia da subsidi\u00e1ria brasileira. Em janeiro de 2013, foi promovida a presidente da empresa na Am\u00e9rica do Sul, com foco em preparar a Schneider Electric para liderar a transforma\u00e7\u00e3o digital na regi\u00e3o, em mercados como residencial, industrial, comercial, data centers, energia e infraestrutura para cidades inteligentes. Al\u00e9m disso, a executiva estimulou o desenvolvimento de solu\u00e7\u00f5es diferenciadas e sustent\u00e1veis com o objetivo de agregar valor aos neg\u00f3cios dos clientes. T\u00e2nia era tamb\u00e9m membro do Conselho Consultivo de Diversidade &amp; Inclus\u00e3o da empresa.<\/p>\n\n\n\n<p>Sob sua lideran\u00e7a, a Schneider Brasil conquistou v\u00e1rios reconhecimentos nas \u00e1reas de clima organizacional, inova\u00e7\u00e3o, diversidade e inclus\u00e3o com \u00eanfase no empoderamento feminino, frente na qual T\u00e2nia \u00e9 uma l\u00edder do programa HeForShe da ONU Mulheres e da Iniciativa do Pacto Global da ONU. Por seu trabalho na Am\u00e9rica do Sul, T\u00e2nia foi reconhecida como uma das dez pioneiras, atuando nos Objetivos de Desenvolvimento Sustent\u00e1vel do Pacto Global da ONU em 2017.<\/p>\n\n\n\n<p>T\u00e2nia comenta sobre a oportunidade: \u201cEstou muito motivada a fazer parte da equipe da Microsoft Brasil, determinada a contribuir para o crescimento dos neg\u00f3cios, bem como para a acelera\u00e7\u00e3o da transforma\u00e7\u00e3o digital de nossos clientes e parceiros. Admiro n\u00e3o apenas a hist\u00f3ria da Microsoft, sua capacidade inovadora e as pessoas apaixonadas, como tamb\u00e9m a sua miss\u00e3o: empoderar cada pessoa e cada organiza\u00e7\u00e3o no mundo a conquistar mais. Acredito que a tecnologia pode contribuir para resolver os principais desafios do planeta: a desigualdade, a pobreza e as mudan\u00e7as clim\u00e1ticas. A tecnologia tamb\u00e9m pode alavancar a competitividade do Brasil e \u00e9 \u00f3timo poder contribuir para um futuro melhor do meu pa\u00eds\u201d.<\/p>\n\n\n\n<figure class=\"wp-block-image\"><img fetchpriority=\"high\" decoding=\"async\" width=\"580\" height=\"664\" src=\"http:\/\/www.cidademarketing.com.br\/marketing\/wp-content\/uploads\/2019\/01\/Paula-Bellizia-Microsoft.jpg\" alt=\"\" class=\"wp-image-4993\" srcset=\"https:\/\/www.cidademarketing.com.br\/marketing\/wp-content\/uploads\/2019\/01\/Paula-Bellizia-Microsoft.jpg 580w, https:\/\/www.cidademarketing.com.br\/marketing\/wp-content\/uploads\/2019\/01\/Paula-Bellizia-Microsoft-262x300.jpg 262w, https:\/\/www.cidademarketing.com.br\/marketing\/wp-content\/uploads\/2019\/01\/Paula-Bellizia-Microsoft-367x420.jpg 367w\" sizes=\"(max-width: 580px) 100vw, 580px\" \/><figcaption> <br>Paula Bellizia, vice-presidente de Vendas, Marketing e Opera\u00e7\u00f5es da Microsoft Am\u00e9rica Latina. <\/figcaption><\/figure>\n\n\n\n<p>\u201cT\u00e2nia traz uma s\u00f3lida experi\u00eancia em diferentes empresas e um foco em agregar valor aos neg\u00f3cios dos clientes, totalmente alinhado ao nosso objetivo priorit\u00e1rio de contribuir para a transforma\u00e7\u00e3o digital de nossos clientes com solu\u00e7\u00f5es inovadoras. Tenho certeza que sua ampla vis\u00e3o de neg\u00f3cio e opera\u00e7\u00f5es e sua lideran\u00e7a em temas extremamente relevantes, como diversidade e inclus\u00e3o, ser\u00e3o fundamentais para a evolu\u00e7\u00e3o de nossos neg\u00f3cios no Brasil\u201d, disse Cesar Cernuda, presidente da Microsoft Am\u00e9rica Latina. \u201cAo assumir uma nova posi\u00e7\u00e3o na Microsoft, Paula deixa um importante legado \u00e0 frente da maior subsidi\u00e1ria da Am\u00e9rica Latina. Tenho certeza de que esta rica experi\u00eancia de gest\u00e3o nos \u00faltimos tr\u00eas anos e meio contribuir\u00e1 fortemente para alavancar nossos neg\u00f3cios na Am\u00e9rica Latina.\u201d<\/p>\n\n\n\n<p>Paula Bellizia liderou a Microsoft Brasil desde julho de 2015. Com mais de 25 anos de experi\u00eancia no mercado, a executiva iniciou sua carreira em Marketing na Whirlpool em 1992, trabalhou na Telefonica por quatro anos e, em 2002, ingressou na Microsoft Brasil, onde ocupou diferentes posi\u00e7\u00f5es durante dez anos. Antes de retornar como presidente em 2015, Paula liderou a Diretoria de Vendas para Pequenas e M\u00e9dias Empresas do Facebook na Am\u00e9rica Latina e foi presidente da opera\u00e7\u00e3o da Apple no Brasil por dois anos. Em sua nova posi\u00e7\u00e3o como vice-presidente de Vendas, Marketing e Opera\u00e7\u00f5es da Microsoft Am\u00e9rica Latina, Paula ir\u00e1 se concentrar em impulsionar os objetivos de neg\u00f3cios e estrat\u00e9gias da Microsoft em torno da transforma\u00e7\u00e3o digital e intelig\u00eancia artificial em 35 escrit\u00f3rios de 21 pa\u00edses, com mais de 2.000 funcion\u00e1rios e 80.000 parceiros de neg\u00f3cios em toda a regi\u00e3o.<\/p>\n\n\n\n<p><strong>Sobre a Microsoft Brasil<\/strong><\/p>\n\n\n\n<p>A Microsoft habilita a transforma\u00e7\u00e3o digital na era da nuvem inteligente e da fronteira inteligente. Sua miss\u00e3o \u00e9 empoderar cada pessoa e cada organiza\u00e7\u00e3o no planeta a conquistar mais. A empresa est\u00e1 no Brasil h\u00e1 29 anos e \u00e9 uma das 110 subsidi\u00e1rias da Microsoft Corporation, fundada em 1975. Desde 2003, a empresa investiu mais de R$ 600 milh\u00f5es levando tecnologia gratuitamente para 3.191 ONGs no Brasil, beneficiando v\u00e1rios projetos sociais. Entre 2011 e 2017, a Microsoft j\u00e1 apoiou mais de 6.200 startups no Brasil, com investimento superior a US$ 219 milh\u00f5es em cr\u00e9ditos em nuvem.<\/p>\n\n\n\n<p><strong>No alto, T\u00e2nia Cosentino, nova presidente da Microsoft Brasil. (Foto: Andr\u00e9 \u00c1vila\/Divulga\u00e7\u00e3o)<\/strong><\/p>\n","protected":false},"excerpt":{"rendered":"<p>A Microsoft anuncia hoje duas mudan\u00e7as na Am\u00e9rica Latina. Ap\u00f3s tr\u00eas anos e meio liderando com sucesso a subsidi\u00e1ria brasileira, Paula Bellizia \u00e9 promovida a vice-presidente de Vendas, Marketing e Opera\u00e7\u00f5es da Microsoft Am\u00e9rica Latina. T\u00e2nia Cosentino (foto) \u00e9 a nova presidente da Microsoft Brasil. T\u00e2nia Cosentino possui mais de 30 anos de experi\u00eancia profissional [&hellip;]<\/p>\n","protected":false},"author":1,"featured_media":4992,"comment_status":"open","ping_status":"open","sticky":false,"template":"","format":"standard","meta":{"tdm_status":"","tdm_grid_status":"","footnotes":""},"categories":[6],"tags":[28,138,842],"class_list":["post-4991","post","type-post","status-publish","format-standard","has-post-thumbnail","hentry","category-noticias","tag-marketing","tag-microsoft","tag-rh"],"yoast_head":"<!-- This site is optimized with the Yoast SEO plugin v27.5 - https:\/\/yoast.com\/product\/yoast-seo-wordpress\/ -->\n<title>Microsoft Brasil anuncia nova presidente - CidadeMarketing<\/title>\n<meta name=\"robots\" content=\"index, follow, max-snippet:-1, max-image-preview:large, max-video-preview:-1\" \/>\n<link rel=\"canonical\" href=\"https:\/\/www.cidademarketing.com.br\/marketing\/2019\/01\/14\/microsoft-brasil-anuncia-nova-presidente\/\" \/>\n<meta property=\"og:locale\" content=\"pt_BR\" \/>\n<meta property=\"og:type\" content=\"article\" \/>\n<meta property=\"og:title\" content=\"Microsoft Brasil anuncia nova presidente - CidadeMarketing\" \/>\n<meta property=\"og:description\" content=\"A Microsoft anuncia hoje duas mudan\u00e7as na Am\u00e9rica Latina. Ap\u00f3s tr\u00eas anos e meio liderando com sucesso a subsidi\u00e1ria brasileira, Paula Bellizia \u00e9 promovida a vice-presidente de Vendas, Marketing e Opera\u00e7\u00f5es da Microsoft Am\u00e9rica Latina. T\u00e2nia Cosentino (foto) \u00e9 a nova presidente da Microsoft Brasil. T\u00e2nia Cosentino possui mais de 30 anos de experi\u00eancia profissional [&hellip;]\" \/>\n<meta property=\"og:url\" content=\"https:\/\/www.cidademarketing.com.br\/marketing\/2019\/01\/14\/microsoft-brasil-anuncia-nova-presidente\/\" \/>\n<meta property=\"og:site_name\" content=\"CidadeMarketing\" \/>\n<meta property=\"article:publisher\" content=\"https:\/\/www.facebook.com\/portalcidademarketing\" \/>\n<meta property=\"article:author\" content=\"https:\/\/www.facebook.com\/thalesbrandao\" \/>\n<meta property=\"article:published_time\" content=\"2019-01-15T01:48:11+00:00\" \/>\n<meta property=\"article:modified_time\" content=\"2019-01-15T01:48:15+00:00\" \/>\n<meta property=\"og:image\" content=\"https:\/\/www.cidademarketing.com.br\/marketing\/wp-content\/uploads\/2019\/01\/Tania-Cosentino_Microsoft_1024x576-960x576.jpg\" \/>\n\t<meta property=\"og:image:width\" content=\"960\" \/>\n\t<meta property=\"og:image:height\" content=\"576\" \/>\n\t<meta property=\"og:image:type\" content=\"image\/jpeg\" \/>\n<meta name=\"author\" content=\"Thales Brand\u00e3o\" \/>\n<meta name=\"twitter:card\" content=\"summary_large_image\" \/>\n<meta name=\"twitter:creator\" content=\"@http:\/\/www.twitter.com\/thalesbrandao\" \/>\n<meta name=\"twitter:site\" content=\"@CidadeMarketing\" \/>\n<meta name=\"twitter:label1\" content=\"Escrito por\" \/>\n\t<meta name=\"twitter:data1\" content=\"Thales Brand\u00e3o\" \/>\n\t<meta name=\"twitter:label2\" content=\"Est. tempo de leitura\" \/>\n\t<meta name=\"twitter:data2\" content=\"4 minutos\" \/>\n<script type=\"application\/ld+json\" class=\"yoast-schema-graph\">{\"@context\":\"https:\\\/\\\/schema.org\",\"@graph\":[{\"@type\":\"Article\",\"@id\":\"https:\\\/\\\/www.cidademarketing.com.br\\\/marketing\\\/2019\\\/01\\\/14\\\/microsoft-brasil-anuncia-nova-presidente\\\/#article\",\"isPartOf\":{\"@id\":\"https:\\\/\\\/www.cidademarketing.com.br\\\/marketing\\\/2019\\\/01\\\/14\\\/microsoft-brasil-anuncia-nova-presidente\\\/\"},\"author\":{\"name\":\"Thales Brand\u00e3o\",\"@id\":\"https:\\\/\\\/www.cidademarketing.com.br\\\/marketing\\\/#\\\/schema\\\/person\\\/02daff9f18bd9378c9e01eb6b2db155f\"},\"headline\":\"Microsoft Brasil anuncia nova presidente\",\"datePublished\":\"2019-01-15T01:48:11+00:00\",\"dateModified\":\"2019-01-15T01:48:15+00:00\",\"mainEntityOfPage\":{\"@id\":\"https:\\\/\\\/www.cidademarketing.com.br\\\/marketing\\\/2019\\\/01\\\/14\\\/microsoft-brasil-anuncia-nova-presidente\\\/\"},\"wordCount\":827,\"commentCount\":0,\"publisher\":{\"@id\":\"https:\\\/\\\/www.cidademarketing.com.br\\\/marketing\\\/#organization\"},\"image\":{\"@id\":\"https:\\\/\\\/www.cidademarketing.com.br\\\/marketing\\\/2019\\\/01\\\/14\\\/microsoft-brasil-anuncia-nova-presidente\\\/#primaryimage\"},\"thumbnailUrl\":\"https:\\\/\\\/www.cidademarketing.com.br\\\/marketing\\\/wp-content\\\/uploads\\\/2019\\\/01\\\/Tania-Cosentino_Microsoft_1024x576-960x576.jpg\",\"keywords\":[\"marketing\",\"Microsoft\",\"RH\"],\"articleSection\":[\"Not\u00edcias\"],\"inLanguage\":\"pt-BR\",\"potentialAction\":[{\"@type\":\"CommentAction\",\"name\":\"Comment\",\"target\":[\"https:\\\/\\\/www.cidademarketing.com.br\\\/marketing\\\/2019\\\/01\\\/14\\\/microsoft-brasil-anuncia-nova-presidente\\\/#respond\"]}]},{\"@type\":\"WebPage\",\"@id\":\"https:\\\/\\\/www.cidademarketing.com.br\\\/marketing\\\/2019\\\/01\\\/14\\\/microsoft-brasil-anuncia-nova-presidente\\\/\",\"url\":\"https:\\\/\\\/www.cidademarketing.com.br\\\/marketing\\\/2019\\\/01\\\/14\\\/microsoft-brasil-anuncia-nova-presidente\\\/\",\"name\":\"Microsoft Brasil anuncia nova presidente - CidadeMarketing\",\"isPartOf\":{\"@id\":\"https:\\\/\\\/www.cidademarketing.com.br\\\/marketing\\\/#website\"},\"primaryImageOfPage\":{\"@id\":\"https:\\\/\\\/www.cidademarketing.com.br\\\/marketing\\\/2019\\\/01\\\/14\\\/microsoft-brasil-anuncia-nova-presidente\\\/#primaryimage\"},\"image\":{\"@id\":\"https:\\\/\\\/www.cidademarketing.com.br\\\/marketing\\\/2019\\\/01\\\/14\\\/microsoft-brasil-anuncia-nova-presidente\\\/#primaryimage\"},\"thumbnailUrl\":\"https:\\\/\\\/www.cidademarketing.com.br\\\/marketing\\\/wp-content\\\/uploads\\\/2019\\\/01\\\/Tania-Cosentino_Microsoft_1024x576-960x576.jpg\",\"datePublished\":\"2019-01-15T01:48:11+00:00\",\"dateModified\":\"2019-01-15T01:48:15+00:00\",\"breadcrumb\":{\"@id\":\"https:\\\/\\\/www.cidademarketing.com.br\\\/marketing\\\/2019\\\/01\\\/14\\\/microsoft-brasil-anuncia-nova-presidente\\\/#breadcrumb\"},\"inLanguage\":\"pt-BR\",\"potentialAction\":[{\"@type\":\"ReadAction\",\"target\":[\"https:\\\/\\\/www.cidademarketing.com.br\\\/marketing\\\/2019\\\/01\\\/14\\\/microsoft-brasil-anuncia-nova-presidente\\\/\"]}]},{\"@type\":\"ImageObject\",\"inLanguage\":\"pt-BR\",\"@id\":\"https:\\\/\\\/www.cidademarketing.com.br\\\/marketing\\\/2019\\\/01\\\/14\\\/microsoft-brasil-anuncia-nova-presidente\\\/#primaryimage\",\"url\":\"https:\\\/\\\/www.cidademarketing.com.br\\\/marketing\\\/wp-content\\\/uploads\\\/2019\\\/01\\\/Tania-Cosentino_Microsoft_1024x576-960x576.jpg\",\"contentUrl\":\"https:\\\/\\\/www.cidademarketing.com.br\\\/marketing\\\/wp-content\\\/uploads\\\/2019\\\/01\\\/Tania-Cosentino_Microsoft_1024x576-960x576.jpg\",\"width\":960,\"height\":576,\"caption\":\"Divulga\u00e7\u00e3o\"},{\"@type\":\"BreadcrumbList\",\"@id\":\"https:\\\/\\\/www.cidademarketing.com.br\\\/marketing\\\/2019\\\/01\\\/14\\\/microsoft-brasil-anuncia-nova-presidente\\\/#breadcrumb\",\"itemListElement\":[{\"@type\":\"ListItem\",\"position\":1,\"name\":\"In\u00edcio\",\"item\":\"https:\\\/\\\/www.cidademarketing.com.br\\\/marketing\\\/\"},{\"@type\":\"ListItem\",\"position\":2,\"name\":\"Microsoft Brasil anuncia nova presidente\"}]},{\"@type\":\"WebSite\",\"@id\":\"https:\\\/\\\/www.cidademarketing.com.br\\\/marketing\\\/#website\",\"url\":\"https:\\\/\\\/www.cidademarketing.com.br\\\/marketing\\\/\",\"name\":\"CidadeMarketing\",\"description\":\"Somos um ve\u00edculo de comunica\u00e7\u00e3o de destaque no Brasil, reconhecido por conte\u00fados nos segmentos de marketing, empreendedorismo e inova\u00e7\u00e3o.\",\"publisher\":{\"@id\":\"https:\\\/\\\/www.cidademarketing.com.br\\\/marketing\\\/#organization\"},\"alternateName\":\"CidadeMarketing\",\"potentialAction\":[{\"@type\":\"SearchAction\",\"target\":{\"@type\":\"EntryPoint\",\"urlTemplate\":\"https:\\\/\\\/www.cidademarketing.com.br\\\/marketing\\\/?s={search_term_string}\"},\"query-input\":{\"@type\":\"PropertyValueSpecification\",\"valueRequired\":true,\"valueName\":\"search_term_string\"}}],\"inLanguage\":\"pt-BR\"},{\"@type\":\"Organization\",\"@id\":\"https:\\\/\\\/www.cidademarketing.com.br\\\/marketing\\\/#organization\",\"name\":\"CidadeMarketing\",\"alternateName\":\"CidadeMarketing\",\"url\":\"https:\\\/\\\/www.cidademarketing.com.br\\\/marketing\\\/\",\"logo\":{\"@type\":\"ImageObject\",\"inLanguage\":\"pt-BR\",\"@id\":\"https:\\\/\\\/www.cidademarketing.com.br\\\/marketing\\\/#\\\/schema\\\/logo\\\/image\\\/\",\"url\":\"https:\\\/\\\/www.cidademarketing.com.br\\\/marketing\\\/wp-content\\\/uploads\\\/2020\\\/01\\\/cidademarketing_marca_mobile.png\",\"contentUrl\":\"https:\\\/\\\/www.cidademarketing.com.br\\\/marketing\\\/wp-content\\\/uploads\\\/2020\\\/01\\\/cidademarketing_marca_mobile.png\",\"width\":230,\"height\":92,\"caption\":\"CidadeMarketing\"},\"image\":{\"@id\":\"https:\\\/\\\/www.cidademarketing.com.br\\\/marketing\\\/#\\\/schema\\\/logo\\\/image\\\/\"},\"sameAs\":[\"https:\\\/\\\/www.facebook.com\\\/portalcidademarketing\",\"https:\\\/\\\/x.com\\\/CidadeMarketing\",\"https:\\\/\\\/www.instagram.com\\\/cidademarketing\\\/\"]},{\"@type\":\"Person\",\"@id\":\"https:\\\/\\\/www.cidademarketing.com.br\\\/marketing\\\/#\\\/schema\\\/person\\\/02daff9f18bd9378c9e01eb6b2db155f\",\"name\":\"Thales Brand\u00e3o\",\"image\":{\"@type\":\"ImageObject\",\"inLanguage\":\"pt-BR\",\"@id\":\"https:\\\/\\\/secure.gravatar.com\\\/avatar\\\/7ca3206950207cc3cb48feec56a8a7898741ab725c368d99d5d7a5a50aab80c6?s=96&d=mm&r=g\",\"url\":\"https:\\\/\\\/secure.gravatar.com\\\/avatar\\\/7ca3206950207cc3cb48feec56a8a7898741ab725c368d99d5d7a5a50aab80c6?s=96&d=mm&r=g\",\"contentUrl\":\"https:\\\/\\\/secure.gravatar.com\\\/avatar\\\/7ca3206950207cc3cb48feec56a8a7898741ab725c368d99d5d7a5a50aab80c6?s=96&d=mm&r=g\",\"caption\":\"Thales Brand\u00e3o\"},\"description\":\"Editor Executivo do Portal CidadeMarketing.com.br &gt; Mestre em Comunica\u00e7\u00e3o e Sociedade pela Universidade Federal de Sergipe. Possui MBA Executivo em Administra\u00e7\u00e3o com \u00eanfase em Marketing pela Funda\u00e7\u00e3o Get\u00falio Vargas - Rio de Janeiro. Consultor, Palestrante e Pesquisador sobre Empreendedorismo, Marketing, Redes Sociais e Neg\u00f3cios Digitais. Professor, Palestrante TedxTalks e Campus Party. Twitter: @ThalesBrandao\",\"sameAs\":[\"http:\\\/\\\/www.mandacaru.com.br\",\"https:\\\/\\\/www.facebook.com\\\/thalesbrandao\",\"http:\\\/\\\/www.instagram.com.br\\\/thalesbrandaoferreira\",\"https:\\\/\\\/www.linkedin.com\\\/in\\\/thales-brand\u00e3o-3948609\\\/\",\"https:\\\/\\\/x.com\\\/http:\\\/\\\/www.twitter.com\\\/thalesbrandao\"],\"url\":\"https:\\\/\\\/www.cidademarketing.com.br\\\/marketing\\\/author\\\/thalesbrandao\\\/\"}]}<\/script>\n<!-- \/ Yoast SEO plugin. -->","yoast_head_json":{"title":"Microsoft Brasil anuncia nova presidente - CidadeMarketing","robots":{"index":"index","follow":"follow","max-snippet":"max-snippet:-1","max-image-preview":"max-image-preview:large","max-video-preview":"max-video-preview:-1"},"canonical":"https:\/\/www.cidademarketing.com.br\/marketing\/2019\/01\/14\/microsoft-brasil-anuncia-nova-presidente\/","og_locale":"pt_BR","og_type":"article","og_title":"Microsoft Brasil anuncia nova presidente - CidadeMarketing","og_description":"A Microsoft anuncia hoje duas mudan\u00e7as na Am\u00e9rica Latina. Ap\u00f3s tr\u00eas anos e meio liderando com sucesso a subsidi\u00e1ria brasileira, Paula Bellizia \u00e9 promovida a vice-presidente de Vendas, Marketing e Opera\u00e7\u00f5es da Microsoft Am\u00e9rica Latina. T\u00e2nia Cosentino (foto) \u00e9 a nova presidente da Microsoft Brasil. T\u00e2nia Cosentino possui mais de 30 anos de experi\u00eancia profissional [&hellip;]","og_url":"https:\/\/www.cidademarketing.com.br\/marketing\/2019\/01\/14\/microsoft-brasil-anuncia-nova-presidente\/","og_site_name":"CidadeMarketing","article_publisher":"https:\/\/www.facebook.com\/portalcidademarketing","article_author":"https:\/\/www.facebook.com\/thalesbrandao","article_published_time":"2019-01-15T01:48:11+00:00","article_modified_time":"2019-01-15T01:48:15+00:00","og_image":[{"width":960,"height":576,"url":"https:\/\/www.cidademarketing.com.br\/marketing\/wp-content\/uploads\/2019\/01\/Tania-Cosentino_Microsoft_1024x576-960x576.jpg","type":"image\/jpeg"}],"author":"Thales Brand\u00e3o","twitter_card":"summary_large_image","twitter_creator":"@http:\/\/www.twitter.com\/thalesbrandao","twitter_site":"@CidadeMarketing","twitter_misc":{"Escrito por":"Thales Brand\u00e3o","Est. tempo de leitura":"4 minutos"},"schema":{"@context":"https:\/\/schema.org","@graph":[{"@type":"Article","@id":"https:\/\/www.cidademarketing.com.br\/marketing\/2019\/01\/14\/microsoft-brasil-anuncia-nova-presidente\/#article","isPartOf":{"@id":"https:\/\/www.cidademarketing.com.br\/marketing\/2019\/01\/14\/microsoft-brasil-anuncia-nova-presidente\/"},"author":{"name":"Thales Brand\u00e3o","@id":"https:\/\/www.cidademarketing.com.br\/marketing\/#\/schema\/person\/02daff9f18bd9378c9e01eb6b2db155f"},"headline":"Microsoft Brasil anuncia nova presidente","datePublished":"2019-01-15T01:48:11+00:00","dateModified":"2019-01-15T01:48:15+00:00","mainEntityOfPage":{"@id":"https:\/\/www.cidademarketing.com.br\/marketing\/2019\/01\/14\/microsoft-brasil-anuncia-nova-presidente\/"},"wordCount":827,"commentCount":0,"publisher":{"@id":"https:\/\/www.cidademarketing.com.br\/marketing\/#organization"},"image":{"@id":"https:\/\/www.cidademarketing.com.br\/marketing\/2019\/01\/14\/microsoft-brasil-anuncia-nova-presidente\/#primaryimage"},"thumbnailUrl":"https:\/\/www.cidademarketing.com.br\/marketing\/wp-content\/uploads\/2019\/01\/Tania-Cosentino_Microsoft_1024x576-960x576.jpg","keywords":["marketing","Microsoft","RH"],"articleSection":["Not\u00edcias"],"inLanguage":"pt-BR","potentialAction":[{"@type":"CommentAction","name":"Comment","target":["https:\/\/www.cidademarketing.com.br\/marketing\/2019\/01\/14\/microsoft-brasil-anuncia-nova-presidente\/#respond"]}]},{"@type":"WebPage","@id":"https:\/\/www.cidademarketing.com.br\/marketing\/2019\/01\/14\/microsoft-brasil-anuncia-nova-presidente\/","url":"https:\/\/www.cidademarketing.com.br\/marketing\/2019\/01\/14\/microsoft-brasil-anuncia-nova-presidente\/","name":"Microsoft Brasil anuncia nova presidente - CidadeMarketing","isPartOf":{"@id":"https:\/\/www.cidademarketing.com.br\/marketing\/#website"},"primaryImageOfPage":{"@id":"https:\/\/www.cidademarketing.com.br\/marketing\/2019\/01\/14\/microsoft-brasil-anuncia-nova-presidente\/#primaryimage"},"image":{"@id":"https:\/\/www.cidademarketing.com.br\/marketing\/2019\/01\/14\/microsoft-brasil-anuncia-nova-presidente\/#primaryimage"},"thumbnailUrl":"https:\/\/www.cidademarketing.com.br\/marketing\/wp-content\/uploads\/2019\/01\/Tania-Cosentino_Microsoft_1024x576-960x576.jpg","datePublished":"2019-01-15T01:48:11+00:00","dateModified":"2019-01-15T01:48:15+00:00","breadcrumb":{"@id":"https:\/\/www.cidademarketing.com.br\/marketing\/2019\/01\/14\/microsoft-brasil-anuncia-nova-presidente\/#breadcrumb"},"inLanguage":"pt-BR","potentialAction":[{"@type":"ReadAction","target":["https:\/\/www.cidademarketing.com.br\/marketing\/2019\/01\/14\/microsoft-brasil-anuncia-nova-presidente\/"]}]},{"@type":"ImageObject","inLanguage":"pt-BR","@id":"https:\/\/www.cidademarketing.com.br\/marketing\/2019\/01\/14\/microsoft-brasil-anuncia-nova-presidente\/#primaryimage","url":"https:\/\/www.cidademarketing.com.br\/marketing\/wp-content\/uploads\/2019\/01\/Tania-Cosentino_Microsoft_1024x576-960x576.jpg","contentUrl":"https:\/\/www.cidademarketing.com.br\/marketing\/wp-content\/uploads\/2019\/01\/Tania-Cosentino_Microsoft_1024x576-960x576.jpg","width":960,"height":576,"caption":"Divulga\u00e7\u00e3o"},{"@type":"BreadcrumbList","@id":"https:\/\/www.cidademarketing.com.br\/marketing\/2019\/01\/14\/microsoft-brasil-anuncia-nova-presidente\/#breadcrumb","itemListElement":[{"@type":"ListItem","position":1,"name":"In\u00edcio","item":"https:\/\/www.cidademarketing.com.br\/marketing\/"},{"@type":"ListItem","position":2,"name":"Microsoft Brasil anuncia nova presidente"}]},{"@type":"WebSite","@id":"https:\/\/www.cidademarketing.com.br\/marketing\/#website","url":"https:\/\/www.cidademarketing.com.br\/marketing\/","name":"CidadeMarketing","description":"Somos um ve\u00edculo de comunica\u00e7\u00e3o de destaque no Brasil, reconhecido por conte\u00fados nos segmentos de marketing, empreendedorismo e inova\u00e7\u00e3o.","publisher":{"@id":"https:\/\/www.cidademarketing.com.br\/marketing\/#organization"},"alternateName":"CidadeMarketing","potentialAction":[{"@type":"SearchAction","target":{"@type":"EntryPoint","urlTemplate":"https:\/\/www.cidademarketing.com.br\/marketing\/?s={search_term_string}"},"query-input":{"@type":"PropertyValueSpecification","valueRequired":true,"valueName":"search_term_string"}}],"inLanguage":"pt-BR"},{"@type":"Organization","@id":"https:\/\/www.cidademarketing.com.br\/marketing\/#organization","name":"CidadeMarketing","alternateName":"CidadeMarketing","url":"https:\/\/www.cidademarketing.com.br\/marketing\/","logo":{"@type":"ImageObject","inLanguage":"pt-BR","@id":"https:\/\/www.cidademarketing.com.br\/marketing\/#\/schema\/logo\/image\/","url":"https:\/\/www.cidademarketing.com.br\/marketing\/wp-content\/uploads\/2020\/01\/cidademarketing_marca_mobile.png","contentUrl":"https:\/\/www.cidademarketing.com.br\/marketing\/wp-content\/uploads\/2020\/01\/cidademarketing_marca_mobile.png","width":230,"height":92,"caption":"CidadeMarketing"},"image":{"@id":"https:\/\/www.cidademarketing.com.br\/marketing\/#\/schema\/logo\/image\/"},"sameAs":["https:\/\/www.facebook.com\/portalcidademarketing","https:\/\/x.com\/CidadeMarketing","https:\/\/www.instagram.com\/cidademarketing\/"]},{"@type":"Person","@id":"https:\/\/www.cidademarketing.com.br\/marketing\/#\/schema\/person\/02daff9f18bd9378c9e01eb6b2db155f","name":"Thales Brand\u00e3o","image":{"@type":"ImageObject","inLanguage":"pt-BR","@id":"https:\/\/secure.gravatar.com\/avatar\/7ca3206950207cc3cb48feec56a8a7898741ab725c368d99d5d7a5a50aab80c6?s=96&d=mm&r=g","url":"https:\/\/secure.gravatar.com\/avatar\/7ca3206950207cc3cb48feec56a8a7898741ab725c368d99d5d7a5a50aab80c6?s=96&d=mm&r=g","contentUrl":"https:\/\/secure.gravatar.com\/avatar\/7ca3206950207cc3cb48feec56a8a7898741ab725c368d99d5d7a5a50aab80c6?s=96&d=mm&r=g","caption":"Thales Brand\u00e3o"},"description":"Editor Executivo do Portal CidadeMarketing.com.br &gt; Mestre em Comunica\u00e7\u00e3o e Sociedade pela Universidade Federal de Sergipe. Possui MBA Executivo em Administra\u00e7\u00e3o com \u00eanfase em Marketing pela Funda\u00e7\u00e3o Get\u00falio Vargas - Rio de Janeiro. Consultor, Palestrante e Pesquisador sobre Empreendedorismo, Marketing, Redes Sociais e Neg\u00f3cios Digitais. Professor, Palestrante TedxTalks e Campus Party. Twitter: @ThalesBrandao","sameAs":["http:\/\/www.mandacaru.com.br","https:\/\/www.facebook.com\/thalesbrandao","http:\/\/www.instagram.com.br\/thalesbrandaoferreira","https:\/\/www.linkedin.com\/in\/thales-brand\u00e3o-3948609\/","https:\/\/x.com\/http:\/\/www.twitter.com\/thalesbrandao"],"url":"https:\/\/www.cidademarketing.com.br\/marketing\/author\/thalesbrandao\/"}]}},"amp_enabled":true,"_links":{"self":[{"href":"https:\/\/www.cidademarketing.com.br\/marketing\/wp-json\/wp\/v2\/posts\/4991","targetHints":{"allow":["GET"]}}],"collection":[{"href":"https:\/\/www.cidademarketing.com.br\/marketing\/wp-json\/wp\/v2\/posts"}],"about":[{"href":"https:\/\/www.cidademarketing.com.br\/marketing\/wp-json\/wp\/v2\/types\/post"}],"author":[{"embeddable":true,"href":"https:\/\/www.cidademarketing.com.br\/marketing\/wp-json\/wp\/v2\/users\/1"}],"replies":[{"embeddable":true,"href":"https:\/\/www.cidademarketing.com.br\/marketing\/wp-json\/wp\/v2\/comments?post=4991"}],"version-history":[{"count":1,"href":"https:\/\/www.cidademarketing.com.br\/marketing\/wp-json\/wp\/v2\/posts\/4991\/revisions"}],"predecessor-version":[{"id":4994,"href":"https:\/\/www.cidademarketing.com.br\/marketing\/wp-json\/wp\/v2\/posts\/4991\/revisions\/4994"}],"wp:featuredmedia":[{"embeddable":true,"href":"https:\/\/www.cidademarketing.com.br\/marketing\/wp-json\/wp\/v2\/media\/4992"}],"wp:attachment":[{"href":"https:\/\/www.cidademarketing.com.br\/marketing\/wp-json\/wp\/v2\/media?parent=4991"}],"wp:term":[{"taxonomy":"category","embeddable":true,"href":"https:\/\/www.cidademarketing.com.br\/marketing\/wp-json\/wp\/v2\/categories?post=4991"},{"taxonomy":"post_tag","embeddable":true,"href":"https:\/\/www.cidademarketing.com.br\/marketing\/wp-json\/wp\/v2\/tags?post=4991"}],"curies":[{"name":"wp","href":"https:\/\/api.w.org\/{rel}","templated":true}]}}