{"id":49844,"date":"2024-02-05T09:40:24","date_gmt":"2024-02-05T12:40:24","guid":{"rendered":"https:\/\/www.cidademarketing.com.br\/marketing\/?p=49844"},"modified":"2024-02-05T09:40:24","modified_gmt":"2024-02-05T12:40:24","slug":"hering-entra-no-ritmo-de-carnaval-com-ativacoes-em-blocos-e-camarotes-em-sp-e-rj","status":"publish","type":"post","link":"https:\/\/www.cidademarketing.com.br\/marketing\/2024\/02\/05\/hering-entra-no-ritmo-de-carnaval-com-ativacoes-em-blocos-e-camarotes-em-sp-e-rj\/","title":{"rendered":"Hering entra no ritmo de carnaval com ativa\u00e7\u00f5es em blocos e camarotes em SP e RJ"},"content":{"rendered":"<style>\n      .libutton {\n        display: flex;\n        flex-direction: column;\n        justify-content: center;\n        padding: 7px;\n        text-align: center;\n        outline: none;\n        text-decoration: none !important;\n        color: #ffffff !important;\n        width: 380px;\n        height: 32px;\n        border-radius: 16px;\n        background-color: #0A66C2;\n        font-family: \"SF Pro Text\", Helvetica, sans-serif;\n      }\n    <\/style>\n<p><a class=\"libutton\" href=\"https:\/\/www.linkedin.com\/build-relation\/newsletter-follow?entityUrn=7156278644774969345\" target=\"_blank\" rel=\"noopener\">Assine a Newsletter do CidadeMarketing<\/a><\/p>\n<p>A Hering, marca reconhecida como o &#8220;B\u00e1sico do Brasil&#8221;, est\u00e1 pronta para agitar o Carnaval de 2024 com ativa\u00e7\u00f5es marcantes em importantes blocos e camarotes de S\u00e3o Paulo e Rio de Janeiro. Sob o pilar da m\u00fasica, a marca promete levar o seu estilo \u00fanico para os foli\u00f5es, consolidando sua presen\u00e7a em um dos eventos mais esperados do ano.<\/p>\n<p><a href=\"https:\/\/www.cidademarketing.com.br\/marketing\/sua-marca-vai-virar-noticia\/\" target=\"_blank\" rel=\"noopener\"><img fetchpriority=\"high\" decoding=\"async\" class=\"wp-image-44329 aligncenter\" src=\"https:\/\/www.cidademarketing.com.br\/comercial\/google_backlinks_guestpost_publieditorial_cidademarketing.webp\" alt=\"\" width=\"536\" height=\"479\" \/><\/a><br \/>\n&nbsp;<\/p>\n<p><strong>Ativa\u00e7\u00f5es Pr\u00e9-Carnaval:<\/strong><br \/>\nAntes mesmo da folia oficial, a Hering estar\u00e1 nas ruas distribuindo bon\u00e9s e leques com a mensagem &#8220;O B\u00e1sico do Carnaval&#8221; nos blocos Ritaleena e Confraria do Pasmado. Essa a\u00e7\u00e3o visa engajar os participantes desde o in\u00edcio, proporcionando uma experi\u00eancia \u00fanica e alinhada com o esp\u00edrito carnavalesco.<\/p>\n<p><strong>Presen\u00e7a na Avenida:<\/strong><br \/>\nDurante o Carnaval, a Hering continuar\u00e1 sua a\u00e7\u00e3o nas avenidas, distribuindo leques nos camarotes de S\u00e3o Paulo, incluindo locais ic\u00f4nicos como Bar Brahma, Camarote Amstel Essep\u00ea e Camarote Arara. Al\u00e9m disso, a marca marcar\u00e1 presen\u00e7a no cortejo do Bloco 442, levando o &#8220;B\u00e1sico do Brasil&#8221; para os cora\u00e7\u00f5es dos foli\u00f5es.<\/p>\n<p><strong>Inspirando Foli\u00f5es nas Redes Sociais:<\/strong><br \/>\nA Hering n\u00e3o se limita apenas \u00e0s ruas, mas tamb\u00e9m busca inspirar foli\u00f5es por meio de suas redes sociais. Conte\u00fados especiais de influenciadores ser\u00e3o apresentados, mostrando diferentes maneiras de incorporar as pe\u00e7as essenciais da marca com customiza\u00e7\u00f5es e composi\u00e7\u00f5es vibrantes, tudo em sintonia com a atmosfera festiva.<\/p>\n<p><strong>Blocos e Camarotes Associados:<\/strong><br \/>\nConfira alguns dos blocos e camarotes onde a Hering estar\u00e1 presente neste Carnaval:<\/p>\n<p><strong>Bloco 442, Rio de Janeiro:<\/strong><\/p>\n<p>Data: 11 de fevereiro de 2024<br \/>\nLocal: Largo S\u00e3o Francisco Da Prainha, 5 \u2013 R. Sacadura Cabral, 178 \u2013 Pra\u00e7a Coronel Assun\u00e7\u00e3o \u2013 R. Do Prop\u00f3sito, 231<\/p>\n<p><strong>Bloco Confraria do Pasmado, S\u00e3o Paulo:<\/strong><\/p>\n<p>Data: 4 de fevereiro de 2024<br \/>\nLocal: Esquina da rua dos Pinheiros com a rua Ant\u00f4nio Bicudo (Metr\u00f4 Fradique Coutinho)<\/p>\n<p><strong>Bloco Ritaleena, S\u00e3o Paulo:<\/strong><\/p>\n<p>Data: 3 de fevereiro de 2024<br \/>\nLocal: Avenida Sumar\u00e9 (Paulo VI) \u2013 Pra\u00e7a M\u00e1rcia Aliberti Mammana x Avenida Sumar\u00e9 1547<\/p>\n<p><strong>Camarote Amstel Essep\u00ea, S\u00e3o Paulo:<\/strong><\/p>\n<p>Datas: 9, 10, 11 e 17 de fevereiro de 2024<br \/>\nLocal: Samb\u00f3dromo do Anhembi \u2013 Av. Olavo Fontoura, 1209 &#8211; Santana, S\u00e3o Paulo &#8211; SP, 02012-021<br \/>\nIngressos: A partir de R$ 495, no <a href=\"https:\/\/www.ticket360.com.br\/sub-categoria\/1485\/camarote-essepe?gad_source=1&amp;gclid=CjwKCAiA_OetBhAtEiwAPTeQZw_hefz9584_XmKGQsF6K8UVuXC9YQ08pjPxByCU0vYutC23O5n-IRoCbeYQAvD_BwE\" target=\"_blank\" rel=\"noopener\">Ticket360<\/a><\/p>\n<p><strong>Camarote Bar Brahma, S\u00e3o Paulo:<\/strong><\/p>\n<p>Datas: 9, 10, 11 e 17 de fevereiro de 2024<br \/>\nLocal: Samb\u00f3dromo do Anhembi \u2013 Av. Olavo Fontoura, 1209 &#8211; Santana, S\u00e3o Paulo &#8211; SP, 02012-021<br \/>\nIngressos: A partir de R$ 2.340, no <a href=\"https:\/\/www.totalacesso.com\/events\/camarotebarbrahma2024\" target=\"_blank\" rel=\"noopener\">Total Acesso<\/a><\/p>\n<p><strong>Camarote da Arara, Rio de Janeiro:<\/strong><\/p>\n<p>Datas: 11, 12 e 17 de fevereiro de 2024<br \/>\nLocal: Setor 8, Samb\u00f3dromo da Marqu\u00eas de Sapuca\u00ed<br \/>\nIngressos: A partir de R$ 3.700, no <a href=\"https:\/\/www.ticketmaster.com.br\/event\/camarotedaarara\" target=\"_blank\" rel=\"noopener\">Ticketmaster<\/a><\/p>\n<p>A Hering promete animar o Carnaval de 2024, levando o &#8220;B\u00e1sico do Brasil&#8221; para as ruas, blocos e camarotes de S\u00e3o Paulo e Rio de Janeiro. Com ativa\u00e7\u00f5es que refletem a ess\u00eancia da marca e parcerias estrat\u00e9gicas, a Hering refor\u00e7a sua presen\u00e7a em um dos momentos mais festivos do pa\u00eds.<\/p>\n<p><iframe title=\"Spotify Embed: Podcast CidadeMarketing\" style=\"border-radius: 12px\" width=\"100%\" height=\"152\" frameborder=\"0\" allowfullscreen allow=\"autoplay; clipboard-write; encrypted-media; fullscreen; picture-in-picture\" loading=\"lazy\" src=\"https:\/\/open.spotify.com\/embed\/show\/4khMKzP3FgFRWVwb73xicc?si=252fe5bff2b34909&#038;utm_source=oembed\"><\/iframe><\/p>\n","protected":false},"excerpt":{"rendered":"<p>Assine a Newsletter do CidadeMarketing A Hering, marca reconhecida como o &#8220;B\u00e1sico do Brasil&#8221;, est\u00e1 pronta para agitar o Carnaval de 2024 com ativa\u00e7\u00f5es marcantes em importantes blocos e camarotes de S\u00e3o Paulo e Rio de Janeiro. Sob o pilar da m\u00fasica, a marca promete levar o seu estilo \u00fanico para os foli\u00f5es, consolidando sua [&hellip;]<\/p>\n","protected":false},"author":1,"featured_media":49845,"comment_status":"open","ping_status":"open","sticky":false,"template":"","format":"standard","meta":{"tdm_status":"","tdm_grid_status":"","footnotes":""},"categories":[6],"tags":[65,1209,33,179,1537,37,28,1009,1200],"class_list":["post-49844","post","type-post","status-publish","format-standard","has-post-thumbnail","hentry","category-noticias","tag-campanha","tag-carnaval","tag-estrategia","tag-evento","tag-hering","tag-marca","tag-marketing","tag-rj","tag-sp"],"yoast_head":"<!-- This site is optimized with the Yoast SEO plugin v27.5 - https:\/\/yoast.com\/product\/yoast-seo-wordpress\/ -->\n<title>Hering entra no ritmo de carnaval com ativa\u00e7\u00f5es em blocos e camarotes em SP e RJ - CidadeMarketing<\/title>\n<meta name=\"robots\" content=\"index, follow, max-snippet:-1, max-image-preview:large, max-video-preview:-1\" \/>\n<link rel=\"canonical\" href=\"https:\/\/www.cidademarketing.com.br\/marketing\/2024\/02\/05\/hering-entra-no-ritmo-de-carnaval-com-ativacoes-em-blocos-e-camarotes-em-sp-e-rj\/\" \/>\n<meta property=\"og:locale\" content=\"pt_BR\" \/>\n<meta property=\"og:type\" content=\"article\" \/>\n<meta property=\"og:title\" content=\"Hering entra no ritmo de carnaval com ativa\u00e7\u00f5es em blocos e camarotes em SP e RJ - CidadeMarketing\" \/>\n<meta property=\"og:description\" content=\"Assine a Newsletter do CidadeMarketing A Hering, marca reconhecida como o &#8220;B\u00e1sico do Brasil&#8221;, est\u00e1 pronta para agitar o Carnaval de 2024 com ativa\u00e7\u00f5es marcantes em importantes blocos e camarotes de S\u00e3o Paulo e Rio de Janeiro. Sob o pilar da m\u00fasica, a marca promete levar o seu estilo \u00fanico para os foli\u00f5es, consolidando sua [&hellip;]\" \/>\n<meta property=\"og:url\" content=\"https:\/\/www.cidademarketing.com.br\/marketing\/2024\/02\/05\/hering-entra-no-ritmo-de-carnaval-com-ativacoes-em-blocos-e-camarotes-em-sp-e-rj\/\" \/>\n<meta property=\"og:site_name\" content=\"CidadeMarketing\" \/>\n<meta property=\"article:publisher\" content=\"https:\/\/www.facebook.com\/portalcidademarketing\" \/>\n<meta property=\"article:author\" content=\"https:\/\/www.facebook.com\/thalesbrandao\" \/>\n<meta property=\"article:published_time\" content=\"2024-02-05T12:40:24+00:00\" \/>\n<meta property=\"og:image\" content=\"https:\/\/www.cidademarketing.com.br\/marketing\/wp-content\/uploads\/2024\/02\/hering_carnaval.jpg\" \/>\n\t<meta property=\"og:image:width\" content=\"800\" \/>\n\t<meta property=\"og:image:height\" content=\"666\" \/>\n\t<meta property=\"og:image:type\" content=\"image\/jpeg\" \/>\n<meta name=\"author\" content=\"Thales Brand\u00e3o\" \/>\n<meta name=\"twitter:card\" content=\"summary_large_image\" \/>\n<meta name=\"twitter:creator\" content=\"@http:\/\/www.twitter.com\/thalesbrandao\" \/>\n<meta name=\"twitter:site\" content=\"@CidadeMarketing\" \/>\n<meta name=\"twitter:label1\" content=\"Escrito por\" \/>\n\t<meta name=\"twitter:data1\" content=\"Thales Brand\u00e3o\" \/>\n\t<meta name=\"twitter:label2\" content=\"Est. tempo de leitura\" \/>\n\t<meta name=\"twitter:data2\" content=\"3 minutos\" \/>\n<script type=\"application\/ld+json\" class=\"yoast-schema-graph\">{\"@context\":\"https:\\\/\\\/schema.org\",\"@graph\":[{\"@type\":\"Article\",\"@id\":\"https:\\\/\\\/www.cidademarketing.com.br\\\/marketing\\\/2024\\\/02\\\/05\\\/hering-entra-no-ritmo-de-carnaval-com-ativacoes-em-blocos-e-camarotes-em-sp-e-rj\\\/#article\",\"isPartOf\":{\"@id\":\"https:\\\/\\\/www.cidademarketing.com.br\\\/marketing\\\/2024\\\/02\\\/05\\\/hering-entra-no-ritmo-de-carnaval-com-ativacoes-em-blocos-e-camarotes-em-sp-e-rj\\\/\"},\"author\":{\"name\":\"Thales Brand\u00e3o\",\"@id\":\"https:\\\/\\\/www.cidademarketing.com.br\\\/marketing\\\/#\\\/schema\\\/person\\\/02daff9f18bd9378c9e01eb6b2db155f\"},\"headline\":\"Hering entra no ritmo de carnaval com ativa\u00e7\u00f5es em blocos e camarotes em SP e RJ\",\"datePublished\":\"2024-02-05T12:40:24+00:00\",\"mainEntityOfPage\":{\"@id\":\"https:\\\/\\\/www.cidademarketing.com.br\\\/marketing\\\/2024\\\/02\\\/05\\\/hering-entra-no-ritmo-de-carnaval-com-ativacoes-em-blocos-e-camarotes-em-sp-e-rj\\\/\"},\"wordCount\":526,\"commentCount\":0,\"publisher\":{\"@id\":\"https:\\\/\\\/www.cidademarketing.com.br\\\/marketing\\\/#organization\"},\"image\":{\"@id\":\"https:\\\/\\\/www.cidademarketing.com.br\\\/marketing\\\/2024\\\/02\\\/05\\\/hering-entra-no-ritmo-de-carnaval-com-ativacoes-em-blocos-e-camarotes-em-sp-e-rj\\\/#primaryimage\"},\"thumbnailUrl\":\"https:\\\/\\\/www.cidademarketing.com.br\\\/marketing\\\/wp-content\\\/uploads\\\/2024\\\/02\\\/hering_carnaval.jpg\",\"keywords\":[\"campanha\",\"Carnaval\",\"estrat\u00e9gia\",\"evento\",\"Hering\",\"marca\",\"marketing\",\"RJ\",\"SP\"],\"articleSection\":[\"Not\u00edcias\"],\"inLanguage\":\"pt-BR\",\"potentialAction\":[{\"@type\":\"CommentAction\",\"name\":\"Comment\",\"target\":[\"https:\\\/\\\/www.cidademarketing.com.br\\\/marketing\\\/2024\\\/02\\\/05\\\/hering-entra-no-ritmo-de-carnaval-com-ativacoes-em-blocos-e-camarotes-em-sp-e-rj\\\/#respond\"]}]},{\"@type\":\"WebPage\",\"@id\":\"https:\\\/\\\/www.cidademarketing.com.br\\\/marketing\\\/2024\\\/02\\\/05\\\/hering-entra-no-ritmo-de-carnaval-com-ativacoes-em-blocos-e-camarotes-em-sp-e-rj\\\/\",\"url\":\"https:\\\/\\\/www.cidademarketing.com.br\\\/marketing\\\/2024\\\/02\\\/05\\\/hering-entra-no-ritmo-de-carnaval-com-ativacoes-em-blocos-e-camarotes-em-sp-e-rj\\\/\",\"name\":\"Hering entra no ritmo de carnaval com ativa\u00e7\u00f5es em blocos e camarotes em SP e RJ - CidadeMarketing\",\"isPartOf\":{\"@id\":\"https:\\\/\\\/www.cidademarketing.com.br\\\/marketing\\\/#website\"},\"primaryImageOfPage\":{\"@id\":\"https:\\\/\\\/www.cidademarketing.com.br\\\/marketing\\\/2024\\\/02\\\/05\\\/hering-entra-no-ritmo-de-carnaval-com-ativacoes-em-blocos-e-camarotes-em-sp-e-rj\\\/#primaryimage\"},\"image\":{\"@id\":\"https:\\\/\\\/www.cidademarketing.com.br\\\/marketing\\\/2024\\\/02\\\/05\\\/hering-entra-no-ritmo-de-carnaval-com-ativacoes-em-blocos-e-camarotes-em-sp-e-rj\\\/#primaryimage\"},\"thumbnailUrl\":\"https:\\\/\\\/www.cidademarketing.com.br\\\/marketing\\\/wp-content\\\/uploads\\\/2024\\\/02\\\/hering_carnaval.jpg\",\"datePublished\":\"2024-02-05T12:40:24+00:00\",\"breadcrumb\":{\"@id\":\"https:\\\/\\\/www.cidademarketing.com.br\\\/marketing\\\/2024\\\/02\\\/05\\\/hering-entra-no-ritmo-de-carnaval-com-ativacoes-em-blocos-e-camarotes-em-sp-e-rj\\\/#breadcrumb\"},\"inLanguage\":\"pt-BR\",\"potentialAction\":[{\"@type\":\"ReadAction\",\"target\":[\"https:\\\/\\\/www.cidademarketing.com.br\\\/marketing\\\/2024\\\/02\\\/05\\\/hering-entra-no-ritmo-de-carnaval-com-ativacoes-em-blocos-e-camarotes-em-sp-e-rj\\\/\"]}]},{\"@type\":\"ImageObject\",\"inLanguage\":\"pt-BR\",\"@id\":\"https:\\\/\\\/www.cidademarketing.com.br\\\/marketing\\\/2024\\\/02\\\/05\\\/hering-entra-no-ritmo-de-carnaval-com-ativacoes-em-blocos-e-camarotes-em-sp-e-rj\\\/#primaryimage\",\"url\":\"https:\\\/\\\/www.cidademarketing.com.br\\\/marketing\\\/wp-content\\\/uploads\\\/2024\\\/02\\\/hering_carnaval.jpg\",\"contentUrl\":\"https:\\\/\\\/www.cidademarketing.com.br\\\/marketing\\\/wp-content\\\/uploads\\\/2024\\\/02\\\/hering_carnaval.jpg\",\"width\":800,\"height\":666,\"caption\":\"Foto: Nicolas Calligaro\"},{\"@type\":\"BreadcrumbList\",\"@id\":\"https:\\\/\\\/www.cidademarketing.com.br\\\/marketing\\\/2024\\\/02\\\/05\\\/hering-entra-no-ritmo-de-carnaval-com-ativacoes-em-blocos-e-camarotes-em-sp-e-rj\\\/#breadcrumb\",\"itemListElement\":[{\"@type\":\"ListItem\",\"position\":1,\"name\":\"In\u00edcio\",\"item\":\"https:\\\/\\\/www.cidademarketing.com.br\\\/marketing\\\/\"},{\"@type\":\"ListItem\",\"position\":2,\"name\":\"Hering entra no ritmo de carnaval com ativa\u00e7\u00f5es em blocos e camarotes em SP e RJ\"}]},{\"@type\":\"WebSite\",\"@id\":\"https:\\\/\\\/www.cidademarketing.com.br\\\/marketing\\\/#website\",\"url\":\"https:\\\/\\\/www.cidademarketing.com.br\\\/marketing\\\/\",\"name\":\"CidadeMarketing\",\"description\":\"Somos um ve\u00edculo de comunica\u00e7\u00e3o de destaque no Brasil, reconhecido por conte\u00fados nos segmentos de marketing, empreendedorismo e inova\u00e7\u00e3o.\",\"publisher\":{\"@id\":\"https:\\\/\\\/www.cidademarketing.com.br\\\/marketing\\\/#organization\"},\"alternateName\":\"CidadeMarketing\",\"potentialAction\":[{\"@type\":\"SearchAction\",\"target\":{\"@type\":\"EntryPoint\",\"urlTemplate\":\"https:\\\/\\\/www.cidademarketing.com.br\\\/marketing\\\/?s={search_term_string}\"},\"query-input\":{\"@type\":\"PropertyValueSpecification\",\"valueRequired\":true,\"valueName\":\"search_term_string\"}}],\"inLanguage\":\"pt-BR\"},{\"@type\":\"Organization\",\"@id\":\"https:\\\/\\\/www.cidademarketing.com.br\\\/marketing\\\/#organization\",\"name\":\"CidadeMarketing\",\"alternateName\":\"CidadeMarketing\",\"url\":\"https:\\\/\\\/www.cidademarketing.com.br\\\/marketing\\\/\",\"logo\":{\"@type\":\"ImageObject\",\"inLanguage\":\"pt-BR\",\"@id\":\"https:\\\/\\\/www.cidademarketing.com.br\\\/marketing\\\/#\\\/schema\\\/logo\\\/image\\\/\",\"url\":\"https:\\\/\\\/www.cidademarketing.com.br\\\/marketing\\\/wp-content\\\/uploads\\\/2020\\\/01\\\/cidademarketing_marca_mobile.png\",\"contentUrl\":\"https:\\\/\\\/www.cidademarketing.com.br\\\/marketing\\\/wp-content\\\/uploads\\\/2020\\\/01\\\/cidademarketing_marca_mobile.png\",\"width\":230,\"height\":92,\"caption\":\"CidadeMarketing\"},\"image\":{\"@id\":\"https:\\\/\\\/www.cidademarketing.com.br\\\/marketing\\\/#\\\/schema\\\/logo\\\/image\\\/\"},\"sameAs\":[\"https:\\\/\\\/www.facebook.com\\\/portalcidademarketing\",\"https:\\\/\\\/x.com\\\/CidadeMarketing\",\"https:\\\/\\\/www.instagram.com\\\/cidademarketing\\\/\"]},{\"@type\":\"Person\",\"@id\":\"https:\\\/\\\/www.cidademarketing.com.br\\\/marketing\\\/#\\\/schema\\\/person\\\/02daff9f18bd9378c9e01eb6b2db155f\",\"name\":\"Thales Brand\u00e3o\",\"image\":{\"@type\":\"ImageObject\",\"inLanguage\":\"pt-BR\",\"@id\":\"https:\\\/\\\/secure.gravatar.com\\\/avatar\\\/7ca3206950207cc3cb48feec56a8a7898741ab725c368d99d5d7a5a50aab80c6?s=96&d=mm&r=g\",\"url\":\"https:\\\/\\\/secure.gravatar.com\\\/avatar\\\/7ca3206950207cc3cb48feec56a8a7898741ab725c368d99d5d7a5a50aab80c6?s=96&d=mm&r=g\",\"contentUrl\":\"https:\\\/\\\/secure.gravatar.com\\\/avatar\\\/7ca3206950207cc3cb48feec56a8a7898741ab725c368d99d5d7a5a50aab80c6?s=96&d=mm&r=g\",\"caption\":\"Thales Brand\u00e3o\"},\"description\":\"Editor Executivo do Portal CidadeMarketing.com.br &gt; Mestre em Comunica\u00e7\u00e3o e Sociedade pela Universidade Federal de Sergipe. Possui MBA Executivo em Administra\u00e7\u00e3o com \u00eanfase em Marketing pela Funda\u00e7\u00e3o Get\u00falio Vargas - Rio de Janeiro. Consultor, Palestrante e Pesquisador sobre Empreendedorismo, Marketing, Redes Sociais e Neg\u00f3cios Digitais. Professor, Palestrante TedxTalks e Campus Party. Twitter: @ThalesBrandao\",\"sameAs\":[\"http:\\\/\\\/www.mandacaru.com.br\",\"https:\\\/\\\/www.facebook.com\\\/thalesbrandao\",\"http:\\\/\\\/www.instagram.com.br\\\/thalesbrandaoferreira\",\"https:\\\/\\\/www.linkedin.com\\\/in\\\/thales-brand\u00e3o-3948609\\\/\",\"https:\\\/\\\/x.com\\\/http:\\\/\\\/www.twitter.com\\\/thalesbrandao\"],\"url\":\"https:\\\/\\\/www.cidademarketing.com.br\\\/marketing\\\/author\\\/thalesbrandao\\\/\"}]}<\/script>\n<!-- \/ Yoast SEO plugin. -->","yoast_head_json":{"title":"Hering entra no ritmo de carnaval com ativa\u00e7\u00f5es em blocos e camarotes em SP e RJ - CidadeMarketing","robots":{"index":"index","follow":"follow","max-snippet":"max-snippet:-1","max-image-preview":"max-image-preview:large","max-video-preview":"max-video-preview:-1"},"canonical":"https:\/\/www.cidademarketing.com.br\/marketing\/2024\/02\/05\/hering-entra-no-ritmo-de-carnaval-com-ativacoes-em-blocos-e-camarotes-em-sp-e-rj\/","og_locale":"pt_BR","og_type":"article","og_title":"Hering entra no ritmo de carnaval com ativa\u00e7\u00f5es em blocos e camarotes em SP e RJ - CidadeMarketing","og_description":"Assine a Newsletter do CidadeMarketing A Hering, marca reconhecida como o &#8220;B\u00e1sico do Brasil&#8221;, est\u00e1 pronta para agitar o Carnaval de 2024 com ativa\u00e7\u00f5es marcantes em importantes blocos e camarotes de S\u00e3o Paulo e Rio de Janeiro. Sob o pilar da m\u00fasica, a marca promete levar o seu estilo \u00fanico para os foli\u00f5es, consolidando sua [&hellip;]","og_url":"https:\/\/www.cidademarketing.com.br\/marketing\/2024\/02\/05\/hering-entra-no-ritmo-de-carnaval-com-ativacoes-em-blocos-e-camarotes-em-sp-e-rj\/","og_site_name":"CidadeMarketing","article_publisher":"https:\/\/www.facebook.com\/portalcidademarketing","article_author":"https:\/\/www.facebook.com\/thalesbrandao","article_published_time":"2024-02-05T12:40:24+00:00","og_image":[{"width":800,"height":666,"url":"https:\/\/www.cidademarketing.com.br\/marketing\/wp-content\/uploads\/2024\/02\/hering_carnaval.jpg","type":"image\/jpeg"}],"author":"Thales Brand\u00e3o","twitter_card":"summary_large_image","twitter_creator":"@http:\/\/www.twitter.com\/thalesbrandao","twitter_site":"@CidadeMarketing","twitter_misc":{"Escrito por":"Thales Brand\u00e3o","Est. tempo de leitura":"3 minutos"},"schema":{"@context":"https:\/\/schema.org","@graph":[{"@type":"Article","@id":"https:\/\/www.cidademarketing.com.br\/marketing\/2024\/02\/05\/hering-entra-no-ritmo-de-carnaval-com-ativacoes-em-blocos-e-camarotes-em-sp-e-rj\/#article","isPartOf":{"@id":"https:\/\/www.cidademarketing.com.br\/marketing\/2024\/02\/05\/hering-entra-no-ritmo-de-carnaval-com-ativacoes-em-blocos-e-camarotes-em-sp-e-rj\/"},"author":{"name":"Thales Brand\u00e3o","@id":"https:\/\/www.cidademarketing.com.br\/marketing\/#\/schema\/person\/02daff9f18bd9378c9e01eb6b2db155f"},"headline":"Hering entra no ritmo de carnaval com ativa\u00e7\u00f5es em blocos e camarotes em SP e RJ","datePublished":"2024-02-05T12:40:24+00:00","mainEntityOfPage":{"@id":"https:\/\/www.cidademarketing.com.br\/marketing\/2024\/02\/05\/hering-entra-no-ritmo-de-carnaval-com-ativacoes-em-blocos-e-camarotes-em-sp-e-rj\/"},"wordCount":526,"commentCount":0,"publisher":{"@id":"https:\/\/www.cidademarketing.com.br\/marketing\/#organization"},"image":{"@id":"https:\/\/www.cidademarketing.com.br\/marketing\/2024\/02\/05\/hering-entra-no-ritmo-de-carnaval-com-ativacoes-em-blocos-e-camarotes-em-sp-e-rj\/#primaryimage"},"thumbnailUrl":"https:\/\/www.cidademarketing.com.br\/marketing\/wp-content\/uploads\/2024\/02\/hering_carnaval.jpg","keywords":["campanha","Carnaval","estrat\u00e9gia","evento","Hering","marca","marketing","RJ","SP"],"articleSection":["Not\u00edcias"],"inLanguage":"pt-BR","potentialAction":[{"@type":"CommentAction","name":"Comment","target":["https:\/\/www.cidademarketing.com.br\/marketing\/2024\/02\/05\/hering-entra-no-ritmo-de-carnaval-com-ativacoes-em-blocos-e-camarotes-em-sp-e-rj\/#respond"]}]},{"@type":"WebPage","@id":"https:\/\/www.cidademarketing.com.br\/marketing\/2024\/02\/05\/hering-entra-no-ritmo-de-carnaval-com-ativacoes-em-blocos-e-camarotes-em-sp-e-rj\/","url":"https:\/\/www.cidademarketing.com.br\/marketing\/2024\/02\/05\/hering-entra-no-ritmo-de-carnaval-com-ativacoes-em-blocos-e-camarotes-em-sp-e-rj\/","name":"Hering entra no ritmo de carnaval com ativa\u00e7\u00f5es em blocos e camarotes em SP e RJ - CidadeMarketing","isPartOf":{"@id":"https:\/\/www.cidademarketing.com.br\/marketing\/#website"},"primaryImageOfPage":{"@id":"https:\/\/www.cidademarketing.com.br\/marketing\/2024\/02\/05\/hering-entra-no-ritmo-de-carnaval-com-ativacoes-em-blocos-e-camarotes-em-sp-e-rj\/#primaryimage"},"image":{"@id":"https:\/\/www.cidademarketing.com.br\/marketing\/2024\/02\/05\/hering-entra-no-ritmo-de-carnaval-com-ativacoes-em-blocos-e-camarotes-em-sp-e-rj\/#primaryimage"},"thumbnailUrl":"https:\/\/www.cidademarketing.com.br\/marketing\/wp-content\/uploads\/2024\/02\/hering_carnaval.jpg","datePublished":"2024-02-05T12:40:24+00:00","breadcrumb":{"@id":"https:\/\/www.cidademarketing.com.br\/marketing\/2024\/02\/05\/hering-entra-no-ritmo-de-carnaval-com-ativacoes-em-blocos-e-camarotes-em-sp-e-rj\/#breadcrumb"},"inLanguage":"pt-BR","potentialAction":[{"@type":"ReadAction","target":["https:\/\/www.cidademarketing.com.br\/marketing\/2024\/02\/05\/hering-entra-no-ritmo-de-carnaval-com-ativacoes-em-blocos-e-camarotes-em-sp-e-rj\/"]}]},{"@type":"ImageObject","inLanguage":"pt-BR","@id":"https:\/\/www.cidademarketing.com.br\/marketing\/2024\/02\/05\/hering-entra-no-ritmo-de-carnaval-com-ativacoes-em-blocos-e-camarotes-em-sp-e-rj\/#primaryimage","url":"https:\/\/www.cidademarketing.com.br\/marketing\/wp-content\/uploads\/2024\/02\/hering_carnaval.jpg","contentUrl":"https:\/\/www.cidademarketing.com.br\/marketing\/wp-content\/uploads\/2024\/02\/hering_carnaval.jpg","width":800,"height":666,"caption":"Foto: Nicolas Calligaro"},{"@type":"BreadcrumbList","@id":"https:\/\/www.cidademarketing.com.br\/marketing\/2024\/02\/05\/hering-entra-no-ritmo-de-carnaval-com-ativacoes-em-blocos-e-camarotes-em-sp-e-rj\/#breadcrumb","itemListElement":[{"@type":"ListItem","position":1,"name":"In\u00edcio","item":"https:\/\/www.cidademarketing.com.br\/marketing\/"},{"@type":"ListItem","position":2,"name":"Hering entra no ritmo de carnaval com ativa\u00e7\u00f5es em blocos e camarotes em SP e RJ"}]},{"@type":"WebSite","@id":"https:\/\/www.cidademarketing.com.br\/marketing\/#website","url":"https:\/\/www.cidademarketing.com.br\/marketing\/","name":"CidadeMarketing","description":"Somos um ve\u00edculo de comunica\u00e7\u00e3o de destaque no Brasil, reconhecido por conte\u00fados nos segmentos de marketing, empreendedorismo e inova\u00e7\u00e3o.","publisher":{"@id":"https:\/\/www.cidademarketing.com.br\/marketing\/#organization"},"alternateName":"CidadeMarketing","potentialAction":[{"@type":"SearchAction","target":{"@type":"EntryPoint","urlTemplate":"https:\/\/www.cidademarketing.com.br\/marketing\/?s={search_term_string}"},"query-input":{"@type":"PropertyValueSpecification","valueRequired":true,"valueName":"search_term_string"}}],"inLanguage":"pt-BR"},{"@type":"Organization","@id":"https:\/\/www.cidademarketing.com.br\/marketing\/#organization","name":"CidadeMarketing","alternateName":"CidadeMarketing","url":"https:\/\/www.cidademarketing.com.br\/marketing\/","logo":{"@type":"ImageObject","inLanguage":"pt-BR","@id":"https:\/\/www.cidademarketing.com.br\/marketing\/#\/schema\/logo\/image\/","url":"https:\/\/www.cidademarketing.com.br\/marketing\/wp-content\/uploads\/2020\/01\/cidademarketing_marca_mobile.png","contentUrl":"https:\/\/www.cidademarketing.com.br\/marketing\/wp-content\/uploads\/2020\/01\/cidademarketing_marca_mobile.png","width":230,"height":92,"caption":"CidadeMarketing"},"image":{"@id":"https:\/\/www.cidademarketing.com.br\/marketing\/#\/schema\/logo\/image\/"},"sameAs":["https:\/\/www.facebook.com\/portalcidademarketing","https:\/\/x.com\/CidadeMarketing","https:\/\/www.instagram.com\/cidademarketing\/"]},{"@type":"Person","@id":"https:\/\/www.cidademarketing.com.br\/marketing\/#\/schema\/person\/02daff9f18bd9378c9e01eb6b2db155f","name":"Thales Brand\u00e3o","image":{"@type":"ImageObject","inLanguage":"pt-BR","@id":"https:\/\/secure.gravatar.com\/avatar\/7ca3206950207cc3cb48feec56a8a7898741ab725c368d99d5d7a5a50aab80c6?s=96&d=mm&r=g","url":"https:\/\/secure.gravatar.com\/avatar\/7ca3206950207cc3cb48feec56a8a7898741ab725c368d99d5d7a5a50aab80c6?s=96&d=mm&r=g","contentUrl":"https:\/\/secure.gravatar.com\/avatar\/7ca3206950207cc3cb48feec56a8a7898741ab725c368d99d5d7a5a50aab80c6?s=96&d=mm&r=g","caption":"Thales Brand\u00e3o"},"description":"Editor Executivo do Portal CidadeMarketing.com.br &gt; Mestre em Comunica\u00e7\u00e3o e Sociedade pela Universidade Federal de Sergipe. Possui MBA Executivo em Administra\u00e7\u00e3o com \u00eanfase em Marketing pela Funda\u00e7\u00e3o Get\u00falio Vargas - Rio de Janeiro. Consultor, Palestrante e Pesquisador sobre Empreendedorismo, Marketing, Redes Sociais e Neg\u00f3cios Digitais. Professor, Palestrante TedxTalks e Campus Party. Twitter: @ThalesBrandao","sameAs":["http:\/\/www.mandacaru.com.br","https:\/\/www.facebook.com\/thalesbrandao","http:\/\/www.instagram.com.br\/thalesbrandaoferreira","https:\/\/www.linkedin.com\/in\/thales-brand\u00e3o-3948609\/","https:\/\/x.com\/http:\/\/www.twitter.com\/thalesbrandao"],"url":"https:\/\/www.cidademarketing.com.br\/marketing\/author\/thalesbrandao\/"}]}},"amp_enabled":true,"_links":{"self":[{"href":"https:\/\/www.cidademarketing.com.br\/marketing\/wp-json\/wp\/v2\/posts\/49844","targetHints":{"allow":["GET"]}}],"collection":[{"href":"https:\/\/www.cidademarketing.com.br\/marketing\/wp-json\/wp\/v2\/posts"}],"about":[{"href":"https:\/\/www.cidademarketing.com.br\/marketing\/wp-json\/wp\/v2\/types\/post"}],"author":[{"embeddable":true,"href":"https:\/\/www.cidademarketing.com.br\/marketing\/wp-json\/wp\/v2\/users\/1"}],"replies":[{"embeddable":true,"href":"https:\/\/www.cidademarketing.com.br\/marketing\/wp-json\/wp\/v2\/comments?post=49844"}],"version-history":[{"count":1,"href":"https:\/\/www.cidademarketing.com.br\/marketing\/wp-json\/wp\/v2\/posts\/49844\/revisions"}],"predecessor-version":[{"id":49846,"href":"https:\/\/www.cidademarketing.com.br\/marketing\/wp-json\/wp\/v2\/posts\/49844\/revisions\/49846"}],"wp:featuredmedia":[{"embeddable":true,"href":"https:\/\/www.cidademarketing.com.br\/marketing\/wp-json\/wp\/v2\/media\/49845"}],"wp:attachment":[{"href":"https:\/\/www.cidademarketing.com.br\/marketing\/wp-json\/wp\/v2\/media?parent=49844"}],"wp:term":[{"taxonomy":"category","embeddable":true,"href":"https:\/\/www.cidademarketing.com.br\/marketing\/wp-json\/wp\/v2\/categories?post=49844"},{"taxonomy":"post_tag","embeddable":true,"href":"https:\/\/www.cidademarketing.com.br\/marketing\/wp-json\/wp\/v2\/tags?post=49844"}],"curies":[{"name":"wp","href":"https:\/\/api.w.org\/{rel}","templated":true}]}}