{"id":49830,"date":"2024-02-03T00:53:17","date_gmt":"2024-02-03T03:53:17","guid":{"rendered":"https:\/\/www.cidademarketing.com.br\/marketing\/?p=49830"},"modified":"2024-02-03T08:36:23","modified_gmt":"2024-02-03T11:36:23","slug":"qualy-apresenta-nova-embalagem","status":"publish","type":"post","link":"https:\/\/www.cidademarketing.com.br\/marketing\/2024\/02\/03\/qualy-apresenta-nova-embalagem\/","title":{"rendered":"Qualy apresenta nova embalagem"},"content":{"rendered":"<style>\n      .libutton {<br \/>\n        display: flex;<br \/>\n        flex-direction: column;<br \/>\n        justify-content: center;<br \/>\n        padding: 7px;<br \/>\n        text-align: center;<br \/>\n        outline: none;<br \/>\n        text-decoration: none !important;<br \/>\n        color: #ffffff !important;<br \/>\n        width: 380px;<br \/>\n        height: 32px;<br \/>\n        border-radius: 16px;<br \/>\n        background-color: #0A66C2;<br \/>\n        font-family: \"SF Pro Text\", Helvetica, sans-serif;<br \/>\n      }<br \/>\n    <\/style>\n<p><a class=\"libutton\" href=\"https:\/\/www.linkedin.com\/build-relation\/newsletter-follow?entityUrn=7156278644774969345\" target=\"_blank\" rel=\"noopener\">Assine a Newsletter do CidadeMarketing<\/a><br \/>\nA marca mais lembrada no segmento de margarinas, Qualy, est\u00e1 revolucionando sua presen\u00e7a nas prateleiras com o lan\u00e7amento de uma nova embalagem. A marca, pertencente \u00e0 BRF, vai intensificar o uso da tecnologia In Mold Label (IML), apresentando um design de pote inovador que promete maior destaque e movimento nas g\u00f4ndolas. Com uma patente exclusiva para a BRF, a Qualy refor\u00e7a sua posi\u00e7\u00e3o de vanguarda ao utilizar essa tecnologia, que j\u00e1 foi introduzida com sucesso em 2016 na linha Qualy Multigr\u00e3os.<\/p>\n<p><a href=\"https:\/\/www.cidademarketing.com.br\/marketing\/sua-marca-vai-virar-noticia\/\" target=\"_blank\" rel=\"noopener\"><img fetchpriority=\"high\" decoding=\"async\" class=\"wp-image-44329 aligncenter\" src=\"https:\/\/www.cidademarketing.com.br\/comercial\/google_backlinks_guestpost_publieditorial_cidademarketing.webp\" alt=\"\" width=\"536\" height=\"479\" \/><\/a><br \/>\n<strong>A Evolu\u00e7\u00e3o da Embalagem<\/strong><br \/>\nA nova embalagem da Qualy com tecnologia In Mold Label representa um marco na ind\u00fastria de margarinas. Diferenciando-se da tecnologia dry offset, a IML oferece vantagens significativas, incluindo alta resolu\u00e7\u00e3o nos r\u00f3tulos, menor varia\u00e7\u00e3o de cores, resist\u00eancia a umidade, altera\u00e7\u00f5es de temperatura e um tempo de prateleira estendido. A BRF, empresa respons\u00e1vel pela Qualy, assegura a exclusividade desta tecnologia patenteada, proporcionando n\u00e3o apenas qualidade visual superior, mas tamb\u00e9m maior durabilidade e efici\u00eancia no armazenamento.<\/p>\n<p><strong>Benef\u00edcios da Tecnologia In Mold Label<\/strong><br \/>\nA tecnologia In Mold Label traz uma s\u00e9rie de benef\u00edcios que a tornam uma escolha estrat\u00e9gica para a Qualy. Al\u00e9m da alta resolu\u00e7\u00e3o nos r\u00f3tulos, destaca-se a qualidade superior do material, com maior rigidez e menor varia\u00e7\u00e3o de produ\u00e7\u00e3o. A resist\u00eancia \u00e0 umidade e altera\u00e7\u00f5es de temperatura contribuem para a preserva\u00e7\u00e3o da qualidade do produto, garantindo um shelf life prolongado. A redu\u00e7\u00e3o no desvio do padr\u00e3o de cores em compara\u00e7\u00e3o com a tecnologia dry offset oferece embalagens mais atrativas e visualmente impactantes.<\/p>\n<p><strong>Compromisso com a Sustentabilidade<\/strong><br \/>\nA Qualy refor\u00e7a seu compromisso com pr\u00e1ticas sustent\u00e1veis ao enfatizar a In Mold Label como um est\u00edmulo ao uso consciente e ao reuso das embalagens. A marca destaca-se n\u00e3o apenas pela inova\u00e7\u00e3o tecnol\u00f3gica, mas tamb\u00e9m por sua vis\u00e3o voltada para a responsabilidade ambiental, alinhando-se \u00e0s expectativas dos consumidores modernos.<\/p>\n<p><strong>Vis\u00e3o do Diretor de Marketing<\/strong><br \/>\nLuiz Franco, Diretor de Marketing da BRF, destaca a inova\u00e7\u00e3o da Qualy ao utilizar a tecnologia In Mold Label. Ele ressalta que as embalagens se tornam mais atrativas em termos de cores e layout de impress\u00e3o, com a qualidade de impress\u00e3o sendo fiel e com poucas varia\u00e7\u00f5es. Essa abordagem, segundo Franco, proporciona destaque e riqueza de detalhes na exposi\u00e7\u00e3o nas prateleiras, contribuindo para a identidade visual e design da marca.<\/p>\n<p>A Qualy mais uma vez se destaca como l\u00edder do mercado ao apresentar a inovadora embalagem com tecnologia In Mold Label. Com uma vis\u00e3o voltada para a qualidade, durabilidade e sustentabilidade, a marca refor\u00e7a seu compromisso em oferecer produtos que n\u00e3o apenas satisfa\u00e7am os consumidores, mas tamb\u00e9m respeitem o meio ambiente.<\/p>\n<p><iframe title=\"Spotify Embed: Podcast CidadeMarketing\" style=\"border-radius: 12px\" width=\"100%\" height=\"152\" frameborder=\"0\" allowfullscreen allow=\"autoplay; clipboard-write; encrypted-media; fullscreen; picture-in-picture\" loading=\"lazy\" src=\"https:\/\/open.spotify.com\/embed\/show\/4khMKzP3FgFRWVwb73xicc?si=252fe5bff2b34909&#038;utm_source=oembed\"><\/iframe><\/p>\n<p>&nbsp;<\/p>\n<p>&nbsp;<\/p>\n","protected":false},"excerpt":{"rendered":"<p>Assine a Newsletter do CidadeMarketing A marca mais lembrada no segmento de margarinas, Qualy, est\u00e1 revolucionando sua presen\u00e7a nas prateleiras com o lan\u00e7amento de uma nova embalagem. A marca, pertencente \u00e0 BRF, vai intensificar o uso da tecnologia In Mold Label (IML), apresentando um design de pote inovador que promete maior destaque e movimento nas [&hellip;]<\/p>\n","protected":false},"author":1,"featured_media":49831,"comment_status":"open","ping_status":"open","sticky":false,"template":"","format":"standard","meta":{"tdm_status":"","tdm_grid_status":"","footnotes":""},"categories":[6],"tags":[112,223,225,33,293,37,693,1818,2759,185],"class_list":["post-49830","post","type-post","status-publish","format-standard","has-post-thumbnail","hentry","category-noticias","tag-brf","tag-design","tag-embalagem","tag-estrategia","tag-inovacao","tag-marca","tag-pdv","tag-ponto-de-venda","tag-qualy","tag-tecnologia"],"yoast_head":"<!-- This site is optimized with the Yoast SEO plugin v27.5 - https:\/\/yoast.com\/product\/yoast-seo-wordpress\/ -->\n<title>Qualy apresenta nova embalagem - CidadeMarketing<\/title>\n<meta name=\"robots\" content=\"index, follow, max-snippet:-1, max-image-preview:large, max-video-preview:-1\" \/>\n<link rel=\"canonical\" href=\"https:\/\/www.cidademarketing.com.br\/marketing\/2024\/02\/03\/qualy-apresenta-nova-embalagem\/\" \/>\n<meta property=\"og:locale\" content=\"pt_BR\" \/>\n<meta property=\"og:type\" content=\"article\" \/>\n<meta property=\"og:title\" content=\"Qualy apresenta nova embalagem - CidadeMarketing\" \/>\n<meta property=\"og:description\" content=\"Assine a Newsletter do CidadeMarketing A marca mais lembrada no segmento de margarinas, Qualy, est\u00e1 revolucionando sua presen\u00e7a nas prateleiras com o lan\u00e7amento de uma nova embalagem. A marca, pertencente \u00e0 BRF, vai intensificar o uso da tecnologia In Mold Label (IML), apresentando um design de pote inovador que promete maior destaque e movimento nas [&hellip;]\" \/>\n<meta property=\"og:url\" content=\"https:\/\/www.cidademarketing.com.br\/marketing\/2024\/02\/03\/qualy-apresenta-nova-embalagem\/\" \/>\n<meta property=\"og:site_name\" content=\"CidadeMarketing\" \/>\n<meta property=\"article:publisher\" content=\"https:\/\/www.facebook.com\/portalcidademarketing\" \/>\n<meta property=\"article:author\" content=\"https:\/\/www.facebook.com\/thalesbrandao\" \/>\n<meta property=\"article:published_time\" content=\"2024-02-03T03:53:17+00:00\" \/>\n<meta property=\"article:modified_time\" content=\"2024-02-03T11:36:23+00:00\" \/>\n<meta property=\"og:image\" content=\"https:\/\/www.cidademarketing.com.br\/marketing\/wp-content\/uploads\/2024\/02\/qualy_embalagem.png\" \/>\n\t<meta property=\"og:image:width\" content=\"967\" \/>\n\t<meta property=\"og:image:height\" content=\"967\" \/>\n\t<meta property=\"og:image:type\" content=\"image\/png\" \/>\n<meta name=\"author\" content=\"Thales Brand\u00e3o\" \/>\n<meta name=\"twitter:card\" content=\"summary_large_image\" \/>\n<meta name=\"twitter:creator\" content=\"@http:\/\/www.twitter.com\/thalesbrandao\" \/>\n<meta name=\"twitter:site\" content=\"@CidadeMarketing\" \/>\n<meta name=\"twitter:label1\" content=\"Escrito por\" \/>\n\t<meta name=\"twitter:data1\" content=\"Thales Brand\u00e3o\" \/>\n\t<meta name=\"twitter:label2\" content=\"Est. tempo de leitura\" \/>\n\t<meta name=\"twitter:data2\" content=\"2 minutos\" \/>\n<script type=\"application\/ld+json\" class=\"yoast-schema-graph\">{\"@context\":\"https:\\\/\\\/schema.org\",\"@graph\":[{\"@type\":\"Article\",\"@id\":\"https:\\\/\\\/www.cidademarketing.com.br\\\/marketing\\\/2024\\\/02\\\/03\\\/qualy-apresenta-nova-embalagem\\\/#article\",\"isPartOf\":{\"@id\":\"https:\\\/\\\/www.cidademarketing.com.br\\\/marketing\\\/2024\\\/02\\\/03\\\/qualy-apresenta-nova-embalagem\\\/\"},\"author\":{\"name\":\"Thales Brand\u00e3o\",\"@id\":\"https:\\\/\\\/www.cidademarketing.com.br\\\/marketing\\\/#\\\/schema\\\/person\\\/02daff9f18bd9378c9e01eb6b2db155f\"},\"headline\":\"Qualy apresenta nova embalagem\",\"datePublished\":\"2024-02-03T03:53:17+00:00\",\"dateModified\":\"2024-02-03T11:36:23+00:00\",\"mainEntityOfPage\":{\"@id\":\"https:\\\/\\\/www.cidademarketing.com.br\\\/marketing\\\/2024\\\/02\\\/03\\\/qualy-apresenta-nova-embalagem\\\/\"},\"wordCount\":501,\"commentCount\":0,\"publisher\":{\"@id\":\"https:\\\/\\\/www.cidademarketing.com.br\\\/marketing\\\/#organization\"},\"image\":{\"@id\":\"https:\\\/\\\/www.cidademarketing.com.br\\\/marketing\\\/2024\\\/02\\\/03\\\/qualy-apresenta-nova-embalagem\\\/#primaryimage\"},\"thumbnailUrl\":\"https:\\\/\\\/www.cidademarketing.com.br\\\/marketing\\\/wp-content\\\/uploads\\\/2024\\\/02\\\/qualy_embalagem.png\",\"keywords\":[\"BRF\",\"design\",\"embalagem\",\"estrat\u00e9gia\",\"inova\u00e7\u00e3o\",\"marca\",\"pdv\",\"ponto de venda\",\"Qualy\",\"tecnologia\"],\"articleSection\":[\"Not\u00edcias\"],\"inLanguage\":\"pt-BR\",\"potentialAction\":[{\"@type\":\"CommentAction\",\"name\":\"Comment\",\"target\":[\"https:\\\/\\\/www.cidademarketing.com.br\\\/marketing\\\/2024\\\/02\\\/03\\\/qualy-apresenta-nova-embalagem\\\/#respond\"]}]},{\"@type\":\"WebPage\",\"@id\":\"https:\\\/\\\/www.cidademarketing.com.br\\\/marketing\\\/2024\\\/02\\\/03\\\/qualy-apresenta-nova-embalagem\\\/\",\"url\":\"https:\\\/\\\/www.cidademarketing.com.br\\\/marketing\\\/2024\\\/02\\\/03\\\/qualy-apresenta-nova-embalagem\\\/\",\"name\":\"Qualy apresenta nova embalagem - CidadeMarketing\",\"isPartOf\":{\"@id\":\"https:\\\/\\\/www.cidademarketing.com.br\\\/marketing\\\/#website\"},\"primaryImageOfPage\":{\"@id\":\"https:\\\/\\\/www.cidademarketing.com.br\\\/marketing\\\/2024\\\/02\\\/03\\\/qualy-apresenta-nova-embalagem\\\/#primaryimage\"},\"image\":{\"@id\":\"https:\\\/\\\/www.cidademarketing.com.br\\\/marketing\\\/2024\\\/02\\\/03\\\/qualy-apresenta-nova-embalagem\\\/#primaryimage\"},\"thumbnailUrl\":\"https:\\\/\\\/www.cidademarketing.com.br\\\/marketing\\\/wp-content\\\/uploads\\\/2024\\\/02\\\/qualy_embalagem.png\",\"datePublished\":\"2024-02-03T03:53:17+00:00\",\"dateModified\":\"2024-02-03T11:36:23+00:00\",\"breadcrumb\":{\"@id\":\"https:\\\/\\\/www.cidademarketing.com.br\\\/marketing\\\/2024\\\/02\\\/03\\\/qualy-apresenta-nova-embalagem\\\/#breadcrumb\"},\"inLanguage\":\"pt-BR\",\"potentialAction\":[{\"@type\":\"ReadAction\",\"target\":[\"https:\\\/\\\/www.cidademarketing.com.br\\\/marketing\\\/2024\\\/02\\\/03\\\/qualy-apresenta-nova-embalagem\\\/\"]}]},{\"@type\":\"ImageObject\",\"inLanguage\":\"pt-BR\",\"@id\":\"https:\\\/\\\/www.cidademarketing.com.br\\\/marketing\\\/2024\\\/02\\\/03\\\/qualy-apresenta-nova-embalagem\\\/#primaryimage\",\"url\":\"https:\\\/\\\/www.cidademarketing.com.br\\\/marketing\\\/wp-content\\\/uploads\\\/2024\\\/02\\\/qualy_embalagem.png\",\"contentUrl\":\"https:\\\/\\\/www.cidademarketing.com.br\\\/marketing\\\/wp-content\\\/uploads\\\/2024\\\/02\\\/qualy_embalagem.png\",\"width\":967,\"height\":967,\"caption\":\"Divulga\u00e7\u00e3o\"},{\"@type\":\"BreadcrumbList\",\"@id\":\"https:\\\/\\\/www.cidademarketing.com.br\\\/marketing\\\/2024\\\/02\\\/03\\\/qualy-apresenta-nova-embalagem\\\/#breadcrumb\",\"itemListElement\":[{\"@type\":\"ListItem\",\"position\":1,\"name\":\"In\u00edcio\",\"item\":\"https:\\\/\\\/www.cidademarketing.com.br\\\/marketing\\\/\"},{\"@type\":\"ListItem\",\"position\":2,\"name\":\"Qualy apresenta nova embalagem\"}]},{\"@type\":\"WebSite\",\"@id\":\"https:\\\/\\\/www.cidademarketing.com.br\\\/marketing\\\/#website\",\"url\":\"https:\\\/\\\/www.cidademarketing.com.br\\\/marketing\\\/\",\"name\":\"CidadeMarketing\",\"description\":\"Somos um ve\u00edculo de comunica\u00e7\u00e3o de destaque no Brasil, reconhecido por conte\u00fados nos segmentos de marketing, empreendedorismo e inova\u00e7\u00e3o.\",\"publisher\":{\"@id\":\"https:\\\/\\\/www.cidademarketing.com.br\\\/marketing\\\/#organization\"},\"alternateName\":\"CidadeMarketing\",\"potentialAction\":[{\"@type\":\"SearchAction\",\"target\":{\"@type\":\"EntryPoint\",\"urlTemplate\":\"https:\\\/\\\/www.cidademarketing.com.br\\\/marketing\\\/?s={search_term_string}\"},\"query-input\":{\"@type\":\"PropertyValueSpecification\",\"valueRequired\":true,\"valueName\":\"search_term_string\"}}],\"inLanguage\":\"pt-BR\"},{\"@type\":\"Organization\",\"@id\":\"https:\\\/\\\/www.cidademarketing.com.br\\\/marketing\\\/#organization\",\"name\":\"CidadeMarketing\",\"alternateName\":\"CidadeMarketing\",\"url\":\"https:\\\/\\\/www.cidademarketing.com.br\\\/marketing\\\/\",\"logo\":{\"@type\":\"ImageObject\",\"inLanguage\":\"pt-BR\",\"@id\":\"https:\\\/\\\/www.cidademarketing.com.br\\\/marketing\\\/#\\\/schema\\\/logo\\\/image\\\/\",\"url\":\"https:\\\/\\\/www.cidademarketing.com.br\\\/marketing\\\/wp-content\\\/uploads\\\/2020\\\/01\\\/cidademarketing_marca_mobile.png\",\"contentUrl\":\"https:\\\/\\\/www.cidademarketing.com.br\\\/marketing\\\/wp-content\\\/uploads\\\/2020\\\/01\\\/cidademarketing_marca_mobile.png\",\"width\":230,\"height\":92,\"caption\":\"CidadeMarketing\"},\"image\":{\"@id\":\"https:\\\/\\\/www.cidademarketing.com.br\\\/marketing\\\/#\\\/schema\\\/logo\\\/image\\\/\"},\"sameAs\":[\"https:\\\/\\\/www.facebook.com\\\/portalcidademarketing\",\"https:\\\/\\\/x.com\\\/CidadeMarketing\",\"https:\\\/\\\/www.instagram.com\\\/cidademarketing\\\/\"]},{\"@type\":\"Person\",\"@id\":\"https:\\\/\\\/www.cidademarketing.com.br\\\/marketing\\\/#\\\/schema\\\/person\\\/02daff9f18bd9378c9e01eb6b2db155f\",\"name\":\"Thales Brand\u00e3o\",\"image\":{\"@type\":\"ImageObject\",\"inLanguage\":\"pt-BR\",\"@id\":\"https:\\\/\\\/secure.gravatar.com\\\/avatar\\\/7ca3206950207cc3cb48feec56a8a7898741ab725c368d99d5d7a5a50aab80c6?s=96&d=mm&r=g\",\"url\":\"https:\\\/\\\/secure.gravatar.com\\\/avatar\\\/7ca3206950207cc3cb48feec56a8a7898741ab725c368d99d5d7a5a50aab80c6?s=96&d=mm&r=g\",\"contentUrl\":\"https:\\\/\\\/secure.gravatar.com\\\/avatar\\\/7ca3206950207cc3cb48feec56a8a7898741ab725c368d99d5d7a5a50aab80c6?s=96&d=mm&r=g\",\"caption\":\"Thales Brand\u00e3o\"},\"description\":\"Editor Executivo do Portal CidadeMarketing.com.br &gt; Mestre em Comunica\u00e7\u00e3o e Sociedade pela Universidade Federal de Sergipe. Possui MBA Executivo em Administra\u00e7\u00e3o com \u00eanfase em Marketing pela Funda\u00e7\u00e3o Get\u00falio Vargas - Rio de Janeiro. Consultor, Palestrante e Pesquisador sobre Empreendedorismo, Marketing, Redes Sociais e Neg\u00f3cios Digitais. Professor, Palestrante TedxTalks e Campus Party. Twitter: @ThalesBrandao\",\"sameAs\":[\"http:\\\/\\\/www.mandacaru.com.br\",\"https:\\\/\\\/www.facebook.com\\\/thalesbrandao\",\"http:\\\/\\\/www.instagram.com.br\\\/thalesbrandaoferreira\",\"https:\\\/\\\/www.linkedin.com\\\/in\\\/thales-brand\u00e3o-3948609\\\/\",\"https:\\\/\\\/x.com\\\/http:\\\/\\\/www.twitter.com\\\/thalesbrandao\"],\"url\":\"https:\\\/\\\/www.cidademarketing.com.br\\\/marketing\\\/author\\\/thalesbrandao\\\/\"}]}<\/script>\n<!-- \/ Yoast SEO plugin. -->","yoast_head_json":{"title":"Qualy apresenta nova embalagem - CidadeMarketing","robots":{"index":"index","follow":"follow","max-snippet":"max-snippet:-1","max-image-preview":"max-image-preview:large","max-video-preview":"max-video-preview:-1"},"canonical":"https:\/\/www.cidademarketing.com.br\/marketing\/2024\/02\/03\/qualy-apresenta-nova-embalagem\/","og_locale":"pt_BR","og_type":"article","og_title":"Qualy apresenta nova embalagem - CidadeMarketing","og_description":"Assine a Newsletter do CidadeMarketing A marca mais lembrada no segmento de margarinas, Qualy, est\u00e1 revolucionando sua presen\u00e7a nas prateleiras com o lan\u00e7amento de uma nova embalagem. A marca, pertencente \u00e0 BRF, vai intensificar o uso da tecnologia In Mold Label (IML), apresentando um design de pote inovador que promete maior destaque e movimento nas [&hellip;]","og_url":"https:\/\/www.cidademarketing.com.br\/marketing\/2024\/02\/03\/qualy-apresenta-nova-embalagem\/","og_site_name":"CidadeMarketing","article_publisher":"https:\/\/www.facebook.com\/portalcidademarketing","article_author":"https:\/\/www.facebook.com\/thalesbrandao","article_published_time":"2024-02-03T03:53:17+00:00","article_modified_time":"2024-02-03T11:36:23+00:00","og_image":[{"width":967,"height":967,"url":"https:\/\/www.cidademarketing.com.br\/marketing\/wp-content\/uploads\/2024\/02\/qualy_embalagem.png","type":"image\/png"}],"author":"Thales Brand\u00e3o","twitter_card":"summary_large_image","twitter_creator":"@http:\/\/www.twitter.com\/thalesbrandao","twitter_site":"@CidadeMarketing","twitter_misc":{"Escrito por":"Thales Brand\u00e3o","Est. tempo de leitura":"2 minutos"},"schema":{"@context":"https:\/\/schema.org","@graph":[{"@type":"Article","@id":"https:\/\/www.cidademarketing.com.br\/marketing\/2024\/02\/03\/qualy-apresenta-nova-embalagem\/#article","isPartOf":{"@id":"https:\/\/www.cidademarketing.com.br\/marketing\/2024\/02\/03\/qualy-apresenta-nova-embalagem\/"},"author":{"name":"Thales Brand\u00e3o","@id":"https:\/\/www.cidademarketing.com.br\/marketing\/#\/schema\/person\/02daff9f18bd9378c9e01eb6b2db155f"},"headline":"Qualy apresenta nova embalagem","datePublished":"2024-02-03T03:53:17+00:00","dateModified":"2024-02-03T11:36:23+00:00","mainEntityOfPage":{"@id":"https:\/\/www.cidademarketing.com.br\/marketing\/2024\/02\/03\/qualy-apresenta-nova-embalagem\/"},"wordCount":501,"commentCount":0,"publisher":{"@id":"https:\/\/www.cidademarketing.com.br\/marketing\/#organization"},"image":{"@id":"https:\/\/www.cidademarketing.com.br\/marketing\/2024\/02\/03\/qualy-apresenta-nova-embalagem\/#primaryimage"},"thumbnailUrl":"https:\/\/www.cidademarketing.com.br\/marketing\/wp-content\/uploads\/2024\/02\/qualy_embalagem.png","keywords":["BRF","design","embalagem","estrat\u00e9gia","inova\u00e7\u00e3o","marca","pdv","ponto de venda","Qualy","tecnologia"],"articleSection":["Not\u00edcias"],"inLanguage":"pt-BR","potentialAction":[{"@type":"CommentAction","name":"Comment","target":["https:\/\/www.cidademarketing.com.br\/marketing\/2024\/02\/03\/qualy-apresenta-nova-embalagem\/#respond"]}]},{"@type":"WebPage","@id":"https:\/\/www.cidademarketing.com.br\/marketing\/2024\/02\/03\/qualy-apresenta-nova-embalagem\/","url":"https:\/\/www.cidademarketing.com.br\/marketing\/2024\/02\/03\/qualy-apresenta-nova-embalagem\/","name":"Qualy apresenta nova embalagem - CidadeMarketing","isPartOf":{"@id":"https:\/\/www.cidademarketing.com.br\/marketing\/#website"},"primaryImageOfPage":{"@id":"https:\/\/www.cidademarketing.com.br\/marketing\/2024\/02\/03\/qualy-apresenta-nova-embalagem\/#primaryimage"},"image":{"@id":"https:\/\/www.cidademarketing.com.br\/marketing\/2024\/02\/03\/qualy-apresenta-nova-embalagem\/#primaryimage"},"thumbnailUrl":"https:\/\/www.cidademarketing.com.br\/marketing\/wp-content\/uploads\/2024\/02\/qualy_embalagem.png","datePublished":"2024-02-03T03:53:17+00:00","dateModified":"2024-02-03T11:36:23+00:00","breadcrumb":{"@id":"https:\/\/www.cidademarketing.com.br\/marketing\/2024\/02\/03\/qualy-apresenta-nova-embalagem\/#breadcrumb"},"inLanguage":"pt-BR","potentialAction":[{"@type":"ReadAction","target":["https:\/\/www.cidademarketing.com.br\/marketing\/2024\/02\/03\/qualy-apresenta-nova-embalagem\/"]}]},{"@type":"ImageObject","inLanguage":"pt-BR","@id":"https:\/\/www.cidademarketing.com.br\/marketing\/2024\/02\/03\/qualy-apresenta-nova-embalagem\/#primaryimage","url":"https:\/\/www.cidademarketing.com.br\/marketing\/wp-content\/uploads\/2024\/02\/qualy_embalagem.png","contentUrl":"https:\/\/www.cidademarketing.com.br\/marketing\/wp-content\/uploads\/2024\/02\/qualy_embalagem.png","width":967,"height":967,"caption":"Divulga\u00e7\u00e3o"},{"@type":"BreadcrumbList","@id":"https:\/\/www.cidademarketing.com.br\/marketing\/2024\/02\/03\/qualy-apresenta-nova-embalagem\/#breadcrumb","itemListElement":[{"@type":"ListItem","position":1,"name":"In\u00edcio","item":"https:\/\/www.cidademarketing.com.br\/marketing\/"},{"@type":"ListItem","position":2,"name":"Qualy apresenta nova embalagem"}]},{"@type":"WebSite","@id":"https:\/\/www.cidademarketing.com.br\/marketing\/#website","url":"https:\/\/www.cidademarketing.com.br\/marketing\/","name":"CidadeMarketing","description":"Somos um ve\u00edculo de comunica\u00e7\u00e3o de destaque no Brasil, reconhecido por conte\u00fados nos segmentos de marketing, empreendedorismo e inova\u00e7\u00e3o.","publisher":{"@id":"https:\/\/www.cidademarketing.com.br\/marketing\/#organization"},"alternateName":"CidadeMarketing","potentialAction":[{"@type":"SearchAction","target":{"@type":"EntryPoint","urlTemplate":"https:\/\/www.cidademarketing.com.br\/marketing\/?s={search_term_string}"},"query-input":{"@type":"PropertyValueSpecification","valueRequired":true,"valueName":"search_term_string"}}],"inLanguage":"pt-BR"},{"@type":"Organization","@id":"https:\/\/www.cidademarketing.com.br\/marketing\/#organization","name":"CidadeMarketing","alternateName":"CidadeMarketing","url":"https:\/\/www.cidademarketing.com.br\/marketing\/","logo":{"@type":"ImageObject","inLanguage":"pt-BR","@id":"https:\/\/www.cidademarketing.com.br\/marketing\/#\/schema\/logo\/image\/","url":"https:\/\/www.cidademarketing.com.br\/marketing\/wp-content\/uploads\/2020\/01\/cidademarketing_marca_mobile.png","contentUrl":"https:\/\/www.cidademarketing.com.br\/marketing\/wp-content\/uploads\/2020\/01\/cidademarketing_marca_mobile.png","width":230,"height":92,"caption":"CidadeMarketing"},"image":{"@id":"https:\/\/www.cidademarketing.com.br\/marketing\/#\/schema\/logo\/image\/"},"sameAs":["https:\/\/www.facebook.com\/portalcidademarketing","https:\/\/x.com\/CidadeMarketing","https:\/\/www.instagram.com\/cidademarketing\/"]},{"@type":"Person","@id":"https:\/\/www.cidademarketing.com.br\/marketing\/#\/schema\/person\/02daff9f18bd9378c9e01eb6b2db155f","name":"Thales Brand\u00e3o","image":{"@type":"ImageObject","inLanguage":"pt-BR","@id":"https:\/\/secure.gravatar.com\/avatar\/7ca3206950207cc3cb48feec56a8a7898741ab725c368d99d5d7a5a50aab80c6?s=96&d=mm&r=g","url":"https:\/\/secure.gravatar.com\/avatar\/7ca3206950207cc3cb48feec56a8a7898741ab725c368d99d5d7a5a50aab80c6?s=96&d=mm&r=g","contentUrl":"https:\/\/secure.gravatar.com\/avatar\/7ca3206950207cc3cb48feec56a8a7898741ab725c368d99d5d7a5a50aab80c6?s=96&d=mm&r=g","caption":"Thales Brand\u00e3o"},"description":"Editor Executivo do Portal CidadeMarketing.com.br &gt; Mestre em Comunica\u00e7\u00e3o e Sociedade pela Universidade Federal de Sergipe. Possui MBA Executivo em Administra\u00e7\u00e3o com \u00eanfase em Marketing pela Funda\u00e7\u00e3o Get\u00falio Vargas - Rio de Janeiro. Consultor, Palestrante e Pesquisador sobre Empreendedorismo, Marketing, Redes Sociais e Neg\u00f3cios Digitais. Professor, Palestrante TedxTalks e Campus Party. Twitter: @ThalesBrandao","sameAs":["http:\/\/www.mandacaru.com.br","https:\/\/www.facebook.com\/thalesbrandao","http:\/\/www.instagram.com.br\/thalesbrandaoferreira","https:\/\/www.linkedin.com\/in\/thales-brand\u00e3o-3948609\/","https:\/\/x.com\/http:\/\/www.twitter.com\/thalesbrandao"],"url":"https:\/\/www.cidademarketing.com.br\/marketing\/author\/thalesbrandao\/"}]}},"amp_enabled":true,"_links":{"self":[{"href":"https:\/\/www.cidademarketing.com.br\/marketing\/wp-json\/wp\/v2\/posts\/49830","targetHints":{"allow":["GET"]}}],"collection":[{"href":"https:\/\/www.cidademarketing.com.br\/marketing\/wp-json\/wp\/v2\/posts"}],"about":[{"href":"https:\/\/www.cidademarketing.com.br\/marketing\/wp-json\/wp\/v2\/types\/post"}],"author":[{"embeddable":true,"href":"https:\/\/www.cidademarketing.com.br\/marketing\/wp-json\/wp\/v2\/users\/1"}],"replies":[{"embeddable":true,"href":"https:\/\/www.cidademarketing.com.br\/marketing\/wp-json\/wp\/v2\/comments?post=49830"}],"version-history":[{"count":2,"href":"https:\/\/www.cidademarketing.com.br\/marketing\/wp-json\/wp\/v2\/posts\/49830\/revisions"}],"predecessor-version":[{"id":49833,"href":"https:\/\/www.cidademarketing.com.br\/marketing\/wp-json\/wp\/v2\/posts\/49830\/revisions\/49833"}],"wp:featuredmedia":[{"embeddable":true,"href":"https:\/\/www.cidademarketing.com.br\/marketing\/wp-json\/wp\/v2\/media\/49831"}],"wp:attachment":[{"href":"https:\/\/www.cidademarketing.com.br\/marketing\/wp-json\/wp\/v2\/media?parent=49830"}],"wp:term":[{"taxonomy":"category","embeddable":true,"href":"https:\/\/www.cidademarketing.com.br\/marketing\/wp-json\/wp\/v2\/categories?post=49830"},{"taxonomy":"post_tag","embeddable":true,"href":"https:\/\/www.cidademarketing.com.br\/marketing\/wp-json\/wp\/v2\/tags?post=49830"}],"curies":[{"name":"wp","href":"https:\/\/api.w.org\/{rel}","templated":true}]}}