{"id":49638,"date":"2024-01-23T18:27:26","date_gmt":"2024-01-23T21:27:26","guid":{"rendered":"https:\/\/www.cidademarketing.com.br\/marketing\/?p=49638"},"modified":"2024-01-23T18:27:26","modified_gmt":"2024-01-23T21:27:26","slug":"itau-traz-o-craque-ronaldo-fenomeno-para-nova-campanha-da-serie-feito-de-futuro","status":"publish","type":"post","link":"https:\/\/www.cidademarketing.com.br\/marketing\/2024\/01\/23\/itau-traz-o-craque-ronaldo-fenomeno-para-nova-campanha-da-serie-feito-de-futuro\/","title":{"rendered":"Ita\u00fa traz o craque Ronaldo Fen\u00f4meno para nova campanha da s\u00e9rie &#8220;Feito de Futuro&#8221;"},"content":{"rendered":"<p>Ronaldo, o \u201cFen\u00f4meno\u201d, \u00e9 o novo protagonista da s\u00e9rie \u2018Feito de Futuro\u2019, movimento que celebra os 100 anos do Ita\u00fa Unibanco. A campanha j\u00e1 foi representada por nomes como Fernanda Montenegro e Marta e entra no ar com seu terceiro filme a partir do dia 23 de janeiro, no intervalo da novela. O atleta refor\u00e7a, em seu depoimento, a supera\u00e7\u00e3o, disciplina e perseveran\u00e7a que rodearam sua trajet\u00f3ria no futebol: \u201cEu nunca parei de nascer, nascer e nascer\u201d.<\/p>\n<p><a href=\"https:\/\/www.cidademarketing.com.br\/marketing\/sua-marca-vai-virar-noticia\/\" target=\"_blank\" rel=\"noopener\"><img fetchpriority=\"high\" decoding=\"async\" class=\"wp-image-44329 aligncenter\" src=\"https:\/\/www.cidademarketing.com.br\/comercial\/google_backlinks_guestpost_publieditorial_cidademarketing.webp\" alt=\"\" width=\"536\" height=\"479\" \/><\/a><br \/>\nRonaldo Lu\u00edz Naz\u00e1rio de Lima tem muita hist\u00f3ria para contar dentro e fora dos gramados. Come\u00e7ou em um pequeno clube no Rio de Janeiro, onde nasceu, e, atualmente, \u00e9 presidente do time Espanhol Real Valladolid e s\u00f3cio &#8211; propriet\u00e1rio do Cruzeiro, no Brasil. Foi eleito o melhor jogador do mundo pela Fifa tr\u00eas vezes: em 1996, 1997 e 2002. Em 1998, sofreu uma grave les\u00e3o na Copa do Mundo, mas superou as dificuldades e foi campe\u00e3o mundial com a Sele\u00e7\u00e3o Brasileira de Futebol em 2002, depois de muitos acharem que sua carreira como atleta havia terminado ap\u00f3s seguidas les\u00f5es.<\/p>\n<p>Na campanha do Ita\u00fa, Ronaldo representa a perseveran\u00e7a e, no filme que protagoniza, traz a narrativa que j\u00e1 percorreu dificuldades, mas as enfrentou e venceu: \u201cO mundo conhece minha velocidade. Minhas corridas definiram partidas. Minhas arrancadas mudaram o jogo. Muitos tentaram imitar meu estilo, meus dribles, meus penteados. Mas poucos levantaram os trof\u00e9us que eu levantei. O que me faz diferente, na verdade, s\u00e3o meus passos. Minha trajet\u00f3ria inspira gera\u00e7\u00f5es. Eu enfrentei tempestades. Me recriei com elas. Porque, como elas, eu tamb\u00e9m sou for\u00e7a da natureza. Me chamam de Fen\u00f4meno. Voc\u00ea me conhece. Seus pais me conhecem. Os filhos dos seus filhos me conhecem. Eu nunca parei de nascer, nascer e nascer. E cont\u00ednuo. Hoje, amanh\u00e3 e pelos pr\u00f3ximos 100 anos\u201d, diz.<\/p>\n<p>Segundo Thaiza Akemi, superintendente de Marketing do Ita\u00fa Unibanco, as personalidades escolhidas para essa campanha foram selecionadas por seus legados, que perpassam as gera\u00e7\u00f5es e se mant\u00e9m contempor\u00e2neos. \u201cRonaldo caiu e se levantou diversas vezes em sua carreira, foi desacreditado e se reinventou. Seus feitos demonstram que tudo \u00e9 poss\u00edvel quando existe persist\u00eancia. Ele leva o nome do Brasil para o mundo e seu legado para os futuros atletas e amantes da bola. \u00c9 exemplo de supera\u00e7\u00e3o, determina\u00e7\u00e3o e humildade. Uma demonstra\u00e7\u00e3o que n\u00e3o temos limites para sermos Feito de Futuro\u201d, diz.<\/p>\n<p>O filme foi desenvolvido pela ag\u00eancia Africa Creative e entra no ar, em rede nacional, a partir\u202fdesta ter\u00e7a-feira (23), no intervalo da novela Renascer, da TV Globo.<\/p>\n<div class=\"youtube-embed\" data-video_id=\"BSAIC8SpWvY\"><iframe title=\"Ronaldo \u2013 Feito de futuro\" width=\"640\" height=\"360\" src=\"https:\/\/www.youtube.com\/embed\/BSAIC8SpWvY?feature=oembed&#038;enablejsapi=1\" frameborder=\"0\" allow=\"accelerometer; autoplay; clipboard-write; encrypted-media; gyroscope; picture-in-picture; web-share\" referrerpolicy=\"strict-origin-when-cross-origin\" allowfullscreen><\/iframe><\/div>\n<p>H\u00e1 100 anos, Feito de Futuro<br \/>\nManter-se contempor\u00e2neo, celebrando o passado ao mesmo tempo que molda o futuro foi a reflex\u00e3o que originou o novo posicionamento \u2018Feito de Futuro\u2019. Com o conceito, o banco quer inspirar as pessoas sobre a import\u00e2ncia do tempo, do legado e da longevidade. Para refor\u00e7ar a reflex\u00e3o, um time de personalidades foi escolhido para estrelar o primeiro filme da nova fase, lan\u00e7ado em dezembro de 2023. Madonna, Jorge Ben Jor, Ronaldo Naz\u00e1rio, Fernanda Montenegro, Ingrid Silva e Marta se juntam ao banco para inspirar as pessoas a serem agentes do tempo.<\/p>\n<p><iframe title=\"Spotify Embed: Podcast CidadeMarketing\" style=\"border-radius: 12px\" width=\"100%\" height=\"152\" frameborder=\"0\" allowfullscreen allow=\"autoplay; clipboard-write; encrypted-media; fullscreen; picture-in-picture\" loading=\"lazy\" src=\"https:\/\/open.spotify.com\/embed\/show\/4khMKzP3FgFRWVwb73xicc?si=252fe5bff2b34909&#038;utm_source=oembed\"><\/iframe><\/p>\n<p>&nbsp;<\/p>\n<p>Os nomes escolhidos t\u00eam como objetivo representar essa ideia na pr\u00e1tica e aproximar o conceito da vida das pessoas. S\u00e3o pessoas cujas hist\u00f3rias perpassam gera\u00e7\u00f5es, tornando-se refer\u00eancia de vitalidade e perpetuidade, al\u00e9m de novos expoentes que come\u00e7am sua trajet\u00f3ria e seu legado agora.<\/p>\n","protected":false},"excerpt":{"rendered":"<p>Ronaldo, o \u201cFen\u00f4meno\u201d, \u00e9 o novo protagonista da s\u00e9rie \u2018Feito de Futuro\u2019, movimento que celebra os 100 anos do Ita\u00fa Unibanco. A campanha j\u00e1 foi representada por nomes como Fernanda Montenegro e Marta e entra no ar com seu terceiro filme a partir do dia 23 de janeiro, no intervalo da novela. O atleta refor\u00e7a, [&hellip;]<\/p>\n","protected":false},"author":1,"featured_media":49639,"comment_status":"open","ping_status":"open","sticky":false,"template":"","format":"standard","meta":{"tdm_status":"","tdm_grid_status":"","footnotes":""},"categories":[6,14],"tags":[6675,175,65,33,126,28,66,6674],"class_list":["post-49638","post","type-post","status-publish","format-standard","has-post-thumbnail","hentry","category-noticias","category-videos","tag-100-anos","tag-branding","tag-campanha","tag-estrategia","tag-itau","tag-marketing","tag-propaganda","tag-ronaldo-fenomeno"],"yoast_head":"<!-- This site is optimized with the Yoast SEO plugin v27.5 - https:\/\/yoast.com\/product\/yoast-seo-wordpress\/ -->\n<title>Ita\u00fa traz o craque Ronaldo Fen\u00f4meno para nova campanha da s\u00e9rie &quot;Feito de Futuro&quot; - CidadeMarketing<\/title>\n<meta name=\"robots\" content=\"index, follow, max-snippet:-1, max-image-preview:large, max-video-preview:-1\" \/>\n<link rel=\"canonical\" href=\"https:\/\/www.cidademarketing.com.br\/marketing\/2024\/01\/23\/itau-traz-o-craque-ronaldo-fenomeno-para-nova-campanha-da-serie-feito-de-futuro\/\" \/>\n<meta property=\"og:locale\" content=\"pt_BR\" \/>\n<meta property=\"og:type\" content=\"article\" \/>\n<meta property=\"og:title\" content=\"Ita\u00fa traz o craque Ronaldo Fen\u00f4meno para nova campanha da s\u00e9rie &quot;Feito de Futuro&quot; - CidadeMarketing\" \/>\n<meta property=\"og:description\" content=\"Ronaldo, o \u201cFen\u00f4meno\u201d, \u00e9 o novo protagonista da s\u00e9rie \u2018Feito de Futuro\u2019, movimento que celebra os 100 anos do Ita\u00fa Unibanco. A campanha j\u00e1 foi representada por nomes como Fernanda Montenegro e Marta e entra no ar com seu terceiro filme a partir do dia 23 de janeiro, no intervalo da novela. O atleta refor\u00e7a, [&hellip;]\" \/>\n<meta property=\"og:url\" content=\"https:\/\/www.cidademarketing.com.br\/marketing\/2024\/01\/23\/itau-traz-o-craque-ronaldo-fenomeno-para-nova-campanha-da-serie-feito-de-futuro\/\" \/>\n<meta property=\"og:site_name\" content=\"CidadeMarketing\" \/>\n<meta property=\"article:publisher\" content=\"https:\/\/www.facebook.com\/portalcidademarketing\" \/>\n<meta property=\"article:author\" content=\"https:\/\/www.facebook.com\/thalesbrandao\" \/>\n<meta property=\"article:published_time\" content=\"2024-01-23T21:27:26+00:00\" \/>\n<meta property=\"og:image\" content=\"https:\/\/www.cidademarketing.com.br\/marketing\/wp-content\/uploads\/2024\/01\/itau_ronaldofenomeno.webp\" \/>\n\t<meta property=\"og:image:width\" content=\"1148\" \/>\n\t<meta property=\"og:image:height\" content=\"638\" \/>\n\t<meta property=\"og:image:type\" content=\"image\/webp\" \/>\n<meta name=\"author\" content=\"Thales Brand\u00e3o\" \/>\n<meta name=\"twitter:card\" content=\"summary_large_image\" \/>\n<meta name=\"twitter:creator\" content=\"@http:\/\/www.twitter.com\/thalesbrandao\" \/>\n<meta name=\"twitter:site\" content=\"@CidadeMarketing\" \/>\n<meta name=\"twitter:label1\" content=\"Escrito por\" \/>\n\t<meta name=\"twitter:data1\" content=\"Thales Brand\u00e3o\" \/>\n\t<meta name=\"twitter:label2\" content=\"Est. tempo de leitura\" \/>\n\t<meta name=\"twitter:data2\" content=\"3 minutos\" \/>\n<script type=\"application\/ld+json\" class=\"yoast-schema-graph\">{\"@context\":\"https:\\\/\\\/schema.org\",\"@graph\":[{\"@type\":\"Article\",\"@id\":\"https:\\\/\\\/www.cidademarketing.com.br\\\/marketing\\\/2024\\\/01\\\/23\\\/itau-traz-o-craque-ronaldo-fenomeno-para-nova-campanha-da-serie-feito-de-futuro\\\/#article\",\"isPartOf\":{\"@id\":\"https:\\\/\\\/www.cidademarketing.com.br\\\/marketing\\\/2024\\\/01\\\/23\\\/itau-traz-o-craque-ronaldo-fenomeno-para-nova-campanha-da-serie-feito-de-futuro\\\/\"},\"author\":{\"name\":\"Thales Brand\u00e3o\",\"@id\":\"https:\\\/\\\/www.cidademarketing.com.br\\\/marketing\\\/#\\\/schema\\\/person\\\/02daff9f18bd9378c9e01eb6b2db155f\"},\"headline\":\"Ita\u00fa traz o craque Ronaldo Fen\u00f4meno para nova campanha da s\u00e9rie &#8220;Feito de Futuro&#8221;\",\"datePublished\":\"2024-01-23T21:27:26+00:00\",\"mainEntityOfPage\":{\"@id\":\"https:\\\/\\\/www.cidademarketing.com.br\\\/marketing\\\/2024\\\/01\\\/23\\\/itau-traz-o-craque-ronaldo-fenomeno-para-nova-campanha-da-serie-feito-de-futuro\\\/\"},\"wordCount\":638,\"commentCount\":1,\"publisher\":{\"@id\":\"https:\\\/\\\/www.cidademarketing.com.br\\\/marketing\\\/#organization\"},\"image\":{\"@id\":\"https:\\\/\\\/www.cidademarketing.com.br\\\/marketing\\\/2024\\\/01\\\/23\\\/itau-traz-o-craque-ronaldo-fenomeno-para-nova-campanha-da-serie-feito-de-futuro\\\/#primaryimage\"},\"thumbnailUrl\":\"https:\\\/\\\/www.cidademarketing.com.br\\\/marketing\\\/wp-content\\\/uploads\\\/2024\\\/01\\\/itau_ronaldofenomeno.webp\",\"keywords\":[\"100 anos\",\"branding\",\"campanha\",\"estrat\u00e9gia\",\"Ita\u00fa\",\"marketing\",\"propaganda\",\"Ronaldo Fen\u00f4meno\"],\"articleSection\":[\"Not\u00edcias\",\"Videos\"],\"inLanguage\":\"pt-BR\",\"potentialAction\":[{\"@type\":\"CommentAction\",\"name\":\"Comment\",\"target\":[\"https:\\\/\\\/www.cidademarketing.com.br\\\/marketing\\\/2024\\\/01\\\/23\\\/itau-traz-o-craque-ronaldo-fenomeno-para-nova-campanha-da-serie-feito-de-futuro\\\/#respond\"]}]},{\"@type\":\"WebPage\",\"@id\":\"https:\\\/\\\/www.cidademarketing.com.br\\\/marketing\\\/2024\\\/01\\\/23\\\/itau-traz-o-craque-ronaldo-fenomeno-para-nova-campanha-da-serie-feito-de-futuro\\\/\",\"url\":\"https:\\\/\\\/www.cidademarketing.com.br\\\/marketing\\\/2024\\\/01\\\/23\\\/itau-traz-o-craque-ronaldo-fenomeno-para-nova-campanha-da-serie-feito-de-futuro\\\/\",\"name\":\"Ita\u00fa traz o craque Ronaldo Fen\u00f4meno para nova campanha da s\u00e9rie \\\"Feito de Futuro\\\" - CidadeMarketing\",\"isPartOf\":{\"@id\":\"https:\\\/\\\/www.cidademarketing.com.br\\\/marketing\\\/#website\"},\"primaryImageOfPage\":{\"@id\":\"https:\\\/\\\/www.cidademarketing.com.br\\\/marketing\\\/2024\\\/01\\\/23\\\/itau-traz-o-craque-ronaldo-fenomeno-para-nova-campanha-da-serie-feito-de-futuro\\\/#primaryimage\"},\"image\":{\"@id\":\"https:\\\/\\\/www.cidademarketing.com.br\\\/marketing\\\/2024\\\/01\\\/23\\\/itau-traz-o-craque-ronaldo-fenomeno-para-nova-campanha-da-serie-feito-de-futuro\\\/#primaryimage\"},\"thumbnailUrl\":\"https:\\\/\\\/www.cidademarketing.com.br\\\/marketing\\\/wp-content\\\/uploads\\\/2024\\\/01\\\/itau_ronaldofenomeno.webp\",\"datePublished\":\"2024-01-23T21:27:26+00:00\",\"breadcrumb\":{\"@id\":\"https:\\\/\\\/www.cidademarketing.com.br\\\/marketing\\\/2024\\\/01\\\/23\\\/itau-traz-o-craque-ronaldo-fenomeno-para-nova-campanha-da-serie-feito-de-futuro\\\/#breadcrumb\"},\"inLanguage\":\"pt-BR\",\"potentialAction\":[{\"@type\":\"ReadAction\",\"target\":[\"https:\\\/\\\/www.cidademarketing.com.br\\\/marketing\\\/2024\\\/01\\\/23\\\/itau-traz-o-craque-ronaldo-fenomeno-para-nova-campanha-da-serie-feito-de-futuro\\\/\"]}]},{\"@type\":\"ImageObject\",\"inLanguage\":\"pt-BR\",\"@id\":\"https:\\\/\\\/www.cidademarketing.com.br\\\/marketing\\\/2024\\\/01\\\/23\\\/itau-traz-o-craque-ronaldo-fenomeno-para-nova-campanha-da-serie-feito-de-futuro\\\/#primaryimage\",\"url\":\"https:\\\/\\\/www.cidademarketing.com.br\\\/marketing\\\/wp-content\\\/uploads\\\/2024\\\/01\\\/itau_ronaldofenomeno.webp\",\"contentUrl\":\"https:\\\/\\\/www.cidademarketing.com.br\\\/marketing\\\/wp-content\\\/uploads\\\/2024\\\/01\\\/itau_ronaldofenomeno.webp\",\"width\":1148,\"height\":638,\"caption\":\"Reprodu\u00e7\u00e3o\"},{\"@type\":\"BreadcrumbList\",\"@id\":\"https:\\\/\\\/www.cidademarketing.com.br\\\/marketing\\\/2024\\\/01\\\/23\\\/itau-traz-o-craque-ronaldo-fenomeno-para-nova-campanha-da-serie-feito-de-futuro\\\/#breadcrumb\",\"itemListElement\":[{\"@type\":\"ListItem\",\"position\":1,\"name\":\"In\u00edcio\",\"item\":\"https:\\\/\\\/www.cidademarketing.com.br\\\/marketing\\\/\"},{\"@type\":\"ListItem\",\"position\":2,\"name\":\"Ita\u00fa traz o craque Ronaldo Fen\u00f4meno para nova campanha da s\u00e9rie &#8220;Feito de Futuro&#8221;\"}]},{\"@type\":\"WebSite\",\"@id\":\"https:\\\/\\\/www.cidademarketing.com.br\\\/marketing\\\/#website\",\"url\":\"https:\\\/\\\/www.cidademarketing.com.br\\\/marketing\\\/\",\"name\":\"CidadeMarketing\",\"description\":\"Somos um ve\u00edculo de comunica\u00e7\u00e3o de destaque no Brasil, reconhecido por conte\u00fados nos segmentos de marketing, empreendedorismo e inova\u00e7\u00e3o.\",\"publisher\":{\"@id\":\"https:\\\/\\\/www.cidademarketing.com.br\\\/marketing\\\/#organization\"},\"alternateName\":\"CidadeMarketing\",\"potentialAction\":[{\"@type\":\"SearchAction\",\"target\":{\"@type\":\"EntryPoint\",\"urlTemplate\":\"https:\\\/\\\/www.cidademarketing.com.br\\\/marketing\\\/?s={search_term_string}\"},\"query-input\":{\"@type\":\"PropertyValueSpecification\",\"valueRequired\":true,\"valueName\":\"search_term_string\"}}],\"inLanguage\":\"pt-BR\"},{\"@type\":\"Organization\",\"@id\":\"https:\\\/\\\/www.cidademarketing.com.br\\\/marketing\\\/#organization\",\"name\":\"CidadeMarketing\",\"alternateName\":\"CidadeMarketing\",\"url\":\"https:\\\/\\\/www.cidademarketing.com.br\\\/marketing\\\/\",\"logo\":{\"@type\":\"ImageObject\",\"inLanguage\":\"pt-BR\",\"@id\":\"https:\\\/\\\/www.cidademarketing.com.br\\\/marketing\\\/#\\\/schema\\\/logo\\\/image\\\/\",\"url\":\"https:\\\/\\\/www.cidademarketing.com.br\\\/marketing\\\/wp-content\\\/uploads\\\/2020\\\/01\\\/cidademarketing_marca_mobile.png\",\"contentUrl\":\"https:\\\/\\\/www.cidademarketing.com.br\\\/marketing\\\/wp-content\\\/uploads\\\/2020\\\/01\\\/cidademarketing_marca_mobile.png\",\"width\":230,\"height\":92,\"caption\":\"CidadeMarketing\"},\"image\":{\"@id\":\"https:\\\/\\\/www.cidademarketing.com.br\\\/marketing\\\/#\\\/schema\\\/logo\\\/image\\\/\"},\"sameAs\":[\"https:\\\/\\\/www.facebook.com\\\/portalcidademarketing\",\"https:\\\/\\\/x.com\\\/CidadeMarketing\",\"https:\\\/\\\/www.instagram.com\\\/cidademarketing\\\/\"]},{\"@type\":\"Person\",\"@id\":\"https:\\\/\\\/www.cidademarketing.com.br\\\/marketing\\\/#\\\/schema\\\/person\\\/02daff9f18bd9378c9e01eb6b2db155f\",\"name\":\"Thales Brand\u00e3o\",\"image\":{\"@type\":\"ImageObject\",\"inLanguage\":\"pt-BR\",\"@id\":\"https:\\\/\\\/secure.gravatar.com\\\/avatar\\\/7ca3206950207cc3cb48feec56a8a7898741ab725c368d99d5d7a5a50aab80c6?s=96&d=mm&r=g\",\"url\":\"https:\\\/\\\/secure.gravatar.com\\\/avatar\\\/7ca3206950207cc3cb48feec56a8a7898741ab725c368d99d5d7a5a50aab80c6?s=96&d=mm&r=g\",\"contentUrl\":\"https:\\\/\\\/secure.gravatar.com\\\/avatar\\\/7ca3206950207cc3cb48feec56a8a7898741ab725c368d99d5d7a5a50aab80c6?s=96&d=mm&r=g\",\"caption\":\"Thales Brand\u00e3o\"},\"description\":\"Editor Executivo do Portal CidadeMarketing.com.br &gt; Mestre em Comunica\u00e7\u00e3o e Sociedade pela Universidade Federal de Sergipe. Possui MBA Executivo em Administra\u00e7\u00e3o com \u00eanfase em Marketing pela Funda\u00e7\u00e3o Get\u00falio Vargas - Rio de Janeiro. Consultor, Palestrante e Pesquisador sobre Empreendedorismo, Marketing, Redes Sociais e Neg\u00f3cios Digitais. Professor, Palestrante TedxTalks e Campus Party. Twitter: @ThalesBrandao\",\"sameAs\":[\"http:\\\/\\\/www.mandacaru.com.br\",\"https:\\\/\\\/www.facebook.com\\\/thalesbrandao\",\"http:\\\/\\\/www.instagram.com.br\\\/thalesbrandaoferreira\",\"https:\\\/\\\/www.linkedin.com\\\/in\\\/thales-brand\u00e3o-3948609\\\/\",\"https:\\\/\\\/x.com\\\/http:\\\/\\\/www.twitter.com\\\/thalesbrandao\"],\"url\":\"https:\\\/\\\/www.cidademarketing.com.br\\\/marketing\\\/author\\\/thalesbrandao\\\/\"}]}<\/script>\n<!-- \/ Yoast SEO plugin. -->","yoast_head_json":{"title":"Ita\u00fa traz o craque Ronaldo Fen\u00f4meno para nova campanha da s\u00e9rie \"Feito de Futuro\" - CidadeMarketing","robots":{"index":"index","follow":"follow","max-snippet":"max-snippet:-1","max-image-preview":"max-image-preview:large","max-video-preview":"max-video-preview:-1"},"canonical":"https:\/\/www.cidademarketing.com.br\/marketing\/2024\/01\/23\/itau-traz-o-craque-ronaldo-fenomeno-para-nova-campanha-da-serie-feito-de-futuro\/","og_locale":"pt_BR","og_type":"article","og_title":"Ita\u00fa traz o craque Ronaldo Fen\u00f4meno para nova campanha da s\u00e9rie \"Feito de Futuro\" - CidadeMarketing","og_description":"Ronaldo, o \u201cFen\u00f4meno\u201d, \u00e9 o novo protagonista da s\u00e9rie \u2018Feito de Futuro\u2019, movimento que celebra os 100 anos do Ita\u00fa Unibanco. A campanha j\u00e1 foi representada por nomes como Fernanda Montenegro e Marta e entra no ar com seu terceiro filme a partir do dia 23 de janeiro, no intervalo da novela. O atleta refor\u00e7a, [&hellip;]","og_url":"https:\/\/www.cidademarketing.com.br\/marketing\/2024\/01\/23\/itau-traz-o-craque-ronaldo-fenomeno-para-nova-campanha-da-serie-feito-de-futuro\/","og_site_name":"CidadeMarketing","article_publisher":"https:\/\/www.facebook.com\/portalcidademarketing","article_author":"https:\/\/www.facebook.com\/thalesbrandao","article_published_time":"2024-01-23T21:27:26+00:00","og_image":[{"width":1148,"height":638,"url":"https:\/\/www.cidademarketing.com.br\/marketing\/wp-content\/uploads\/2024\/01\/itau_ronaldofenomeno.webp","type":"image\/webp"}],"author":"Thales Brand\u00e3o","twitter_card":"summary_large_image","twitter_creator":"@http:\/\/www.twitter.com\/thalesbrandao","twitter_site":"@CidadeMarketing","twitter_misc":{"Escrito por":"Thales Brand\u00e3o","Est. tempo de leitura":"3 minutos"},"schema":{"@context":"https:\/\/schema.org","@graph":[{"@type":"Article","@id":"https:\/\/www.cidademarketing.com.br\/marketing\/2024\/01\/23\/itau-traz-o-craque-ronaldo-fenomeno-para-nova-campanha-da-serie-feito-de-futuro\/#article","isPartOf":{"@id":"https:\/\/www.cidademarketing.com.br\/marketing\/2024\/01\/23\/itau-traz-o-craque-ronaldo-fenomeno-para-nova-campanha-da-serie-feito-de-futuro\/"},"author":{"name":"Thales Brand\u00e3o","@id":"https:\/\/www.cidademarketing.com.br\/marketing\/#\/schema\/person\/02daff9f18bd9378c9e01eb6b2db155f"},"headline":"Ita\u00fa traz o craque Ronaldo Fen\u00f4meno para nova campanha da s\u00e9rie &#8220;Feito de Futuro&#8221;","datePublished":"2024-01-23T21:27:26+00:00","mainEntityOfPage":{"@id":"https:\/\/www.cidademarketing.com.br\/marketing\/2024\/01\/23\/itau-traz-o-craque-ronaldo-fenomeno-para-nova-campanha-da-serie-feito-de-futuro\/"},"wordCount":638,"commentCount":1,"publisher":{"@id":"https:\/\/www.cidademarketing.com.br\/marketing\/#organization"},"image":{"@id":"https:\/\/www.cidademarketing.com.br\/marketing\/2024\/01\/23\/itau-traz-o-craque-ronaldo-fenomeno-para-nova-campanha-da-serie-feito-de-futuro\/#primaryimage"},"thumbnailUrl":"https:\/\/www.cidademarketing.com.br\/marketing\/wp-content\/uploads\/2024\/01\/itau_ronaldofenomeno.webp","keywords":["100 anos","branding","campanha","estrat\u00e9gia","Ita\u00fa","marketing","propaganda","Ronaldo Fen\u00f4meno"],"articleSection":["Not\u00edcias","Videos"],"inLanguage":"pt-BR","potentialAction":[{"@type":"CommentAction","name":"Comment","target":["https:\/\/www.cidademarketing.com.br\/marketing\/2024\/01\/23\/itau-traz-o-craque-ronaldo-fenomeno-para-nova-campanha-da-serie-feito-de-futuro\/#respond"]}]},{"@type":"WebPage","@id":"https:\/\/www.cidademarketing.com.br\/marketing\/2024\/01\/23\/itau-traz-o-craque-ronaldo-fenomeno-para-nova-campanha-da-serie-feito-de-futuro\/","url":"https:\/\/www.cidademarketing.com.br\/marketing\/2024\/01\/23\/itau-traz-o-craque-ronaldo-fenomeno-para-nova-campanha-da-serie-feito-de-futuro\/","name":"Ita\u00fa traz o craque Ronaldo Fen\u00f4meno para nova campanha da s\u00e9rie \"Feito de Futuro\" - CidadeMarketing","isPartOf":{"@id":"https:\/\/www.cidademarketing.com.br\/marketing\/#website"},"primaryImageOfPage":{"@id":"https:\/\/www.cidademarketing.com.br\/marketing\/2024\/01\/23\/itau-traz-o-craque-ronaldo-fenomeno-para-nova-campanha-da-serie-feito-de-futuro\/#primaryimage"},"image":{"@id":"https:\/\/www.cidademarketing.com.br\/marketing\/2024\/01\/23\/itau-traz-o-craque-ronaldo-fenomeno-para-nova-campanha-da-serie-feito-de-futuro\/#primaryimage"},"thumbnailUrl":"https:\/\/www.cidademarketing.com.br\/marketing\/wp-content\/uploads\/2024\/01\/itau_ronaldofenomeno.webp","datePublished":"2024-01-23T21:27:26+00:00","breadcrumb":{"@id":"https:\/\/www.cidademarketing.com.br\/marketing\/2024\/01\/23\/itau-traz-o-craque-ronaldo-fenomeno-para-nova-campanha-da-serie-feito-de-futuro\/#breadcrumb"},"inLanguage":"pt-BR","potentialAction":[{"@type":"ReadAction","target":["https:\/\/www.cidademarketing.com.br\/marketing\/2024\/01\/23\/itau-traz-o-craque-ronaldo-fenomeno-para-nova-campanha-da-serie-feito-de-futuro\/"]}]},{"@type":"ImageObject","inLanguage":"pt-BR","@id":"https:\/\/www.cidademarketing.com.br\/marketing\/2024\/01\/23\/itau-traz-o-craque-ronaldo-fenomeno-para-nova-campanha-da-serie-feito-de-futuro\/#primaryimage","url":"https:\/\/www.cidademarketing.com.br\/marketing\/wp-content\/uploads\/2024\/01\/itau_ronaldofenomeno.webp","contentUrl":"https:\/\/www.cidademarketing.com.br\/marketing\/wp-content\/uploads\/2024\/01\/itau_ronaldofenomeno.webp","width":1148,"height":638,"caption":"Reprodu\u00e7\u00e3o"},{"@type":"BreadcrumbList","@id":"https:\/\/www.cidademarketing.com.br\/marketing\/2024\/01\/23\/itau-traz-o-craque-ronaldo-fenomeno-para-nova-campanha-da-serie-feito-de-futuro\/#breadcrumb","itemListElement":[{"@type":"ListItem","position":1,"name":"In\u00edcio","item":"https:\/\/www.cidademarketing.com.br\/marketing\/"},{"@type":"ListItem","position":2,"name":"Ita\u00fa traz o craque Ronaldo Fen\u00f4meno para nova campanha da s\u00e9rie &#8220;Feito de Futuro&#8221;"}]},{"@type":"WebSite","@id":"https:\/\/www.cidademarketing.com.br\/marketing\/#website","url":"https:\/\/www.cidademarketing.com.br\/marketing\/","name":"CidadeMarketing","description":"Somos um ve\u00edculo de comunica\u00e7\u00e3o de destaque no Brasil, reconhecido por conte\u00fados nos segmentos de marketing, empreendedorismo e inova\u00e7\u00e3o.","publisher":{"@id":"https:\/\/www.cidademarketing.com.br\/marketing\/#organization"},"alternateName":"CidadeMarketing","potentialAction":[{"@type":"SearchAction","target":{"@type":"EntryPoint","urlTemplate":"https:\/\/www.cidademarketing.com.br\/marketing\/?s={search_term_string}"},"query-input":{"@type":"PropertyValueSpecification","valueRequired":true,"valueName":"search_term_string"}}],"inLanguage":"pt-BR"},{"@type":"Organization","@id":"https:\/\/www.cidademarketing.com.br\/marketing\/#organization","name":"CidadeMarketing","alternateName":"CidadeMarketing","url":"https:\/\/www.cidademarketing.com.br\/marketing\/","logo":{"@type":"ImageObject","inLanguage":"pt-BR","@id":"https:\/\/www.cidademarketing.com.br\/marketing\/#\/schema\/logo\/image\/","url":"https:\/\/www.cidademarketing.com.br\/marketing\/wp-content\/uploads\/2020\/01\/cidademarketing_marca_mobile.png","contentUrl":"https:\/\/www.cidademarketing.com.br\/marketing\/wp-content\/uploads\/2020\/01\/cidademarketing_marca_mobile.png","width":230,"height":92,"caption":"CidadeMarketing"},"image":{"@id":"https:\/\/www.cidademarketing.com.br\/marketing\/#\/schema\/logo\/image\/"},"sameAs":["https:\/\/www.facebook.com\/portalcidademarketing","https:\/\/x.com\/CidadeMarketing","https:\/\/www.instagram.com\/cidademarketing\/"]},{"@type":"Person","@id":"https:\/\/www.cidademarketing.com.br\/marketing\/#\/schema\/person\/02daff9f18bd9378c9e01eb6b2db155f","name":"Thales Brand\u00e3o","image":{"@type":"ImageObject","inLanguage":"pt-BR","@id":"https:\/\/secure.gravatar.com\/avatar\/7ca3206950207cc3cb48feec56a8a7898741ab725c368d99d5d7a5a50aab80c6?s=96&d=mm&r=g","url":"https:\/\/secure.gravatar.com\/avatar\/7ca3206950207cc3cb48feec56a8a7898741ab725c368d99d5d7a5a50aab80c6?s=96&d=mm&r=g","contentUrl":"https:\/\/secure.gravatar.com\/avatar\/7ca3206950207cc3cb48feec56a8a7898741ab725c368d99d5d7a5a50aab80c6?s=96&d=mm&r=g","caption":"Thales Brand\u00e3o"},"description":"Editor Executivo do Portal CidadeMarketing.com.br &gt; Mestre em Comunica\u00e7\u00e3o e Sociedade pela Universidade Federal de Sergipe. Possui MBA Executivo em Administra\u00e7\u00e3o com \u00eanfase em Marketing pela Funda\u00e7\u00e3o Get\u00falio Vargas - Rio de Janeiro. Consultor, Palestrante e Pesquisador sobre Empreendedorismo, Marketing, Redes Sociais e Neg\u00f3cios Digitais. Professor, Palestrante TedxTalks e Campus Party. Twitter: @ThalesBrandao","sameAs":["http:\/\/www.mandacaru.com.br","https:\/\/www.facebook.com\/thalesbrandao","http:\/\/www.instagram.com.br\/thalesbrandaoferreira","https:\/\/www.linkedin.com\/in\/thales-brand\u00e3o-3948609\/","https:\/\/x.com\/http:\/\/www.twitter.com\/thalesbrandao"],"url":"https:\/\/www.cidademarketing.com.br\/marketing\/author\/thalesbrandao\/"}]}},"amp_enabled":true,"_links":{"self":[{"href":"https:\/\/www.cidademarketing.com.br\/marketing\/wp-json\/wp\/v2\/posts\/49638","targetHints":{"allow":["GET"]}}],"collection":[{"href":"https:\/\/www.cidademarketing.com.br\/marketing\/wp-json\/wp\/v2\/posts"}],"about":[{"href":"https:\/\/www.cidademarketing.com.br\/marketing\/wp-json\/wp\/v2\/types\/post"}],"author":[{"embeddable":true,"href":"https:\/\/www.cidademarketing.com.br\/marketing\/wp-json\/wp\/v2\/users\/1"}],"replies":[{"embeddable":true,"href":"https:\/\/www.cidademarketing.com.br\/marketing\/wp-json\/wp\/v2\/comments?post=49638"}],"version-history":[{"count":2,"href":"https:\/\/www.cidademarketing.com.br\/marketing\/wp-json\/wp\/v2\/posts\/49638\/revisions"}],"predecessor-version":[{"id":49641,"href":"https:\/\/www.cidademarketing.com.br\/marketing\/wp-json\/wp\/v2\/posts\/49638\/revisions\/49641"}],"wp:featuredmedia":[{"embeddable":true,"href":"https:\/\/www.cidademarketing.com.br\/marketing\/wp-json\/wp\/v2\/media\/49639"}],"wp:attachment":[{"href":"https:\/\/www.cidademarketing.com.br\/marketing\/wp-json\/wp\/v2\/media?parent=49638"}],"wp:term":[{"taxonomy":"category","embeddable":true,"href":"https:\/\/www.cidademarketing.com.br\/marketing\/wp-json\/wp\/v2\/categories?post=49638"},{"taxonomy":"post_tag","embeddable":true,"href":"https:\/\/www.cidademarketing.com.br\/marketing\/wp-json\/wp\/v2\/tags?post=49638"}],"curies":[{"name":"wp","href":"https:\/\/api.w.org\/{rel}","templated":true}]}}