{"id":49622,"date":"2024-01-22T16:30:13","date_gmt":"2024-01-22T19:30:13","guid":{"rendered":"https:\/\/www.cidademarketing.com.br\/marketing\/?p=49622"},"modified":"2024-01-23T01:46:39","modified_gmt":"2024-01-23T04:46:39","slug":"pao-de-acucar-e-extra-anunciam-nova-agencia-de-publicidade","status":"publish","type":"post","link":"https:\/\/www.cidademarketing.com.br\/marketing\/2024\/01\/22\/pao-de-acucar-e-extra-anunciam-nova-agencia-de-publicidade\/","title":{"rendered":"P\u00e3o de A\u00e7\u00facar e Extra anunciam nova ag\u00eancia de publicidade"},"content":{"rendered":"<p>Diante de um processo de turnaround, com foco na consolida\u00e7\u00e3o de suas marcas, o GPA, respons\u00e1vel pelas redes P\u00e3o de A\u00e7\u00facar e Extra, anuncia seu novo parceiro estrat\u00e9gico para comunica\u00e7\u00e3o: a Africa Creative. A ag\u00eancia venceu a concorr\u00eancia realizada nos \u00faltimos meses de 2023, em fun\u00e7\u00e3o do t\u00e9rmino do contrato com a atual ag\u00eancia, a BETC HAVAS.<\/p>\n<p><a href=\"https:\/\/www.cidademarketing.com.br\/marketing\/sua-marca-vai-virar-noticia\/\" target=\"_blank\" rel=\"noopener\"><img fetchpriority=\"high\" decoding=\"async\" class=\"wp-image-44329 aligncenter\" src=\"https:\/\/www.cidademarketing.com.br\/comercial\/google_backlinks_guestpost_publieditorial_cidademarketing.webp\" alt=\"\" width=\"536\" height=\"479\" \/><\/a><\/p>\n<p>A parceria representa mais um passo para a renova\u00e7\u00e3o do posicionamento de duas das marcas mais queridas do varejo brasileiro, e refor\u00e7a as a\u00e7\u00f5es do GPA na condu\u00e7\u00e3o do processo de reestrutura\u00e7\u00e3o da companhia, que definiu, entre os principais projetos estrat\u00e9gicos, a retomada do P\u00e3o de A\u00e7\u00facar em posi\u00e7\u00e3o de destaque no varejo brasileiro.<\/p>\n<p>Com isso, toda a estrat\u00e9gia do GPA passou a ser direcionada para a satisfa\u00e7\u00e3o do cliente, investindo fortemente em iniciativas centradas na melhoria da experi\u00eancia e n\u00edvel de atendimento, reestrutura\u00e7\u00e3o de lojas, novas din\u00e2micas comerciais, entre outras a\u00e7\u00f5es.<\/p>\n<p>A nova ag\u00eancia ser\u00e1 respons\u00e1vel por desenvolver toda a estrat\u00e9gia de comunica\u00e7\u00e3o desse novo momento para a comunica\u00e7\u00e3o da marca P\u00e3o de A\u00e7\u00facar, como refer\u00eancia no segmento de supermercado premium, al\u00e9m de resgatar a for\u00e7a da marca Extra. &#8220;Estamos muito entusiasmados com a chegada da Africa e acreditamos que, juntos, faremos de 2024 um ano incr\u00edvel para ambas as marcas, que s\u00e3o refer\u00eancia no varejo brasileiro e t\u00eam forte conex\u00e3o com os consumidores. O objetivo \u00e9 refor\u00e7ar nossa presen\u00e7a no mercado, destacando as propostas de valor do P\u00e3o e do Extra e o compromisso com a satisfa\u00e7\u00e3o dos nossos clientes. Queremos que nossas campanhas n\u00e3o s\u00f3 reflitam a excel\u00eancia dos nossos produtos, mas tamb\u00e9m evidenciem nossa dedica\u00e7\u00e3o em criar experi\u00eancias \u00fanicas para fidelizar e encantar quem nos escolhe todos os dias\u201d, afirma Joaquim Sousa, Diretor Executivo Comercial e de Marketing do GPA.<\/p>\n<p><iframe title=\"Spotify Embed: Podcast CidadeMarketing\" style=\"border-radius: 12px\" width=\"100%\" height=\"152\" frameborder=\"0\" allowfullscreen allow=\"autoplay; clipboard-write; encrypted-media; fullscreen; picture-in-picture\" loading=\"lazy\" src=\"https:\/\/open.spotify.com\/embed\/show\/4khMKzP3FgFRWVwb73xicc?si=252fe5bff2b34909&#038;utm_source=oembed\"><\/iframe><\/p>\n<p>&nbsp;<\/p>\n<p>\u201cCombinando a expertise do GPA com a ousadia da Africa Creative, estamos prontos para escrever juntos um novo cap\u00edtulo repleto de ideias inovadoras e campanhas memor\u00e1veis que transformar\u00e3o a comunica\u00e7\u00e3o do GPA. Temos o desafio de fortalecer ainda mais suas marcas, que ser\u00e1 feito com uma equipe exclusiva dentro da ag\u00eancia. \u00c9 mais que uma parceria, \u00e9 o encontro de duas for\u00e7as criativas para impactar e encantar\u201d, finaliza M\u00e1rcio Santoro, s\u00f3cio, co-presidente e CEO da Africa Creative.<\/p>\n","protected":false},"excerpt":{"rendered":"<p>Diante de um processo de turnaround, com foco na consolida\u00e7\u00e3o de suas marcas, o GPA, respons\u00e1vel pelas redes P\u00e3o de A\u00e7\u00facar e Extra, anuncia seu novo parceiro estrat\u00e9gico para comunica\u00e7\u00e3o: a Africa Creative. A ag\u00eancia venceu a concorr\u00eancia realizada nos \u00faltimos meses de 2023, em fun\u00e7\u00e3o do t\u00e9rmino do contrato com a atual ag\u00eancia, a [&hellip;]<\/p>\n","protected":false},"author":1,"featured_media":49623,"comment_status":"open","ping_status":"open","sticky":false,"template":"","format":"standard","meta":{"tdm_status":"","tdm_grid_status":"","footnotes":""},"categories":[6],"tags":[65,33,428,605,28,172,66,181],"class_list":["post-49622","post","type-post","status-publish","format-standard","has-post-thumbnail","hentry","category-noticias","tag-campanha","tag-estrategia","tag-extra","tag-gpa","tag-marketing","tag-pao-de-acucar","tag-propaganda","tag-publicidade"],"yoast_head":"<!-- This site is optimized with the Yoast SEO plugin v27.5 - https:\/\/yoast.com\/product\/yoast-seo-wordpress\/ -->\n<title>P\u00e3o de A\u00e7\u00facar e Extra anunciam nova ag\u00eancia de publicidade - CidadeMarketing<\/title>\n<meta name=\"robots\" content=\"index, follow, max-snippet:-1, max-image-preview:large, max-video-preview:-1\" \/>\n<link rel=\"canonical\" href=\"https:\/\/www.cidademarketing.com.br\/marketing\/2024\/01\/22\/pao-de-acucar-e-extra-anunciam-nova-agencia-de-publicidade\/\" \/>\n<meta property=\"og:locale\" content=\"pt_BR\" \/>\n<meta property=\"og:type\" content=\"article\" \/>\n<meta property=\"og:title\" content=\"P\u00e3o de A\u00e7\u00facar e Extra anunciam nova ag\u00eancia de publicidade - CidadeMarketing\" \/>\n<meta property=\"og:description\" content=\"Diante de um processo de turnaround, com foco na consolida\u00e7\u00e3o de suas marcas, o GPA, respons\u00e1vel pelas redes P\u00e3o de A\u00e7\u00facar e Extra, anuncia seu novo parceiro estrat\u00e9gico para comunica\u00e7\u00e3o: a Africa Creative. A ag\u00eancia venceu a concorr\u00eancia realizada nos \u00faltimos meses de 2023, em fun\u00e7\u00e3o do t\u00e9rmino do contrato com a atual ag\u00eancia, a [&hellip;]\" \/>\n<meta property=\"og:url\" content=\"https:\/\/www.cidademarketing.com.br\/marketing\/2024\/01\/22\/pao-de-acucar-e-extra-anunciam-nova-agencia-de-publicidade\/\" \/>\n<meta property=\"og:site_name\" content=\"CidadeMarketing\" \/>\n<meta property=\"article:publisher\" content=\"https:\/\/www.facebook.com\/portalcidademarketing\" \/>\n<meta property=\"article:author\" content=\"https:\/\/www.facebook.com\/thalesbrandao\" \/>\n<meta property=\"article:published_time\" content=\"2024-01-22T19:30:13+00:00\" \/>\n<meta property=\"article:modified_time\" content=\"2024-01-23T04:46:39+00:00\" \/>\n<meta property=\"og:image\" content=\"https:\/\/www.cidademarketing.com.br\/marketing\/wp-content\/uploads\/2024\/01\/africa_creative_paodeacucar_extra.webp\" \/>\n\t<meta property=\"og:image:width\" content=\"814\" \/>\n\t<meta property=\"og:image:height\" content=\"832\" \/>\n\t<meta property=\"og:image:type\" content=\"image\/webp\" \/>\n<meta name=\"author\" content=\"Thales Brand\u00e3o\" \/>\n<meta name=\"twitter:card\" content=\"summary_large_image\" \/>\n<meta name=\"twitter:creator\" content=\"@http:\/\/www.twitter.com\/thalesbrandao\" \/>\n<meta name=\"twitter:site\" content=\"@CidadeMarketing\" \/>\n<meta name=\"twitter:label1\" content=\"Escrito por\" \/>\n\t<meta name=\"twitter:data1\" content=\"Thales Brand\u00e3o\" \/>\n\t<meta name=\"twitter:label2\" content=\"Est. tempo de leitura\" \/>\n\t<meta name=\"twitter:data2\" content=\"2 minutos\" \/>\n<script type=\"application\/ld+json\" class=\"yoast-schema-graph\">{\"@context\":\"https:\\\/\\\/schema.org\",\"@graph\":[{\"@type\":\"Article\",\"@id\":\"https:\\\/\\\/www.cidademarketing.com.br\\\/marketing\\\/2024\\\/01\\\/22\\\/pao-de-acucar-e-extra-anunciam-nova-agencia-de-publicidade\\\/#article\",\"isPartOf\":{\"@id\":\"https:\\\/\\\/www.cidademarketing.com.br\\\/marketing\\\/2024\\\/01\\\/22\\\/pao-de-acucar-e-extra-anunciam-nova-agencia-de-publicidade\\\/\"},\"author\":{\"name\":\"Thales Brand\u00e3o\",\"@id\":\"https:\\\/\\\/www.cidademarketing.com.br\\\/marketing\\\/#\\\/schema\\\/person\\\/02daff9f18bd9378c9e01eb6b2db155f\"},\"headline\":\"P\u00e3o de A\u00e7\u00facar e Extra anunciam nova ag\u00eancia de publicidade\",\"datePublished\":\"2024-01-22T19:30:13+00:00\",\"dateModified\":\"2024-01-23T04:46:39+00:00\",\"mainEntityOfPage\":{\"@id\":\"https:\\\/\\\/www.cidademarketing.com.br\\\/marketing\\\/2024\\\/01\\\/22\\\/pao-de-acucar-e-extra-anunciam-nova-agencia-de-publicidade\\\/\"},\"wordCount\":450,\"commentCount\":0,\"publisher\":{\"@id\":\"https:\\\/\\\/www.cidademarketing.com.br\\\/marketing\\\/#organization\"},\"image\":{\"@id\":\"https:\\\/\\\/www.cidademarketing.com.br\\\/marketing\\\/2024\\\/01\\\/22\\\/pao-de-acucar-e-extra-anunciam-nova-agencia-de-publicidade\\\/#primaryimage\"},\"thumbnailUrl\":\"https:\\\/\\\/www.cidademarketing.com.br\\\/marketing\\\/wp-content\\\/uploads\\\/2024\\\/01\\\/africa_creative_paodeacucar_extra.webp\",\"keywords\":[\"campanha\",\"estrat\u00e9gia\",\"Extra\",\"GPA\",\"marketing\",\"p\u00e3o de a\u00e7\u00facar\",\"propaganda\",\"publicidade\"],\"articleSection\":[\"Not\u00edcias\"],\"inLanguage\":\"pt-BR\",\"potentialAction\":[{\"@type\":\"CommentAction\",\"name\":\"Comment\",\"target\":[\"https:\\\/\\\/www.cidademarketing.com.br\\\/marketing\\\/2024\\\/01\\\/22\\\/pao-de-acucar-e-extra-anunciam-nova-agencia-de-publicidade\\\/#respond\"]}]},{\"@type\":\"WebPage\",\"@id\":\"https:\\\/\\\/www.cidademarketing.com.br\\\/marketing\\\/2024\\\/01\\\/22\\\/pao-de-acucar-e-extra-anunciam-nova-agencia-de-publicidade\\\/\",\"url\":\"https:\\\/\\\/www.cidademarketing.com.br\\\/marketing\\\/2024\\\/01\\\/22\\\/pao-de-acucar-e-extra-anunciam-nova-agencia-de-publicidade\\\/\",\"name\":\"P\u00e3o de A\u00e7\u00facar e Extra anunciam nova ag\u00eancia de publicidade - CidadeMarketing\",\"isPartOf\":{\"@id\":\"https:\\\/\\\/www.cidademarketing.com.br\\\/marketing\\\/#website\"},\"primaryImageOfPage\":{\"@id\":\"https:\\\/\\\/www.cidademarketing.com.br\\\/marketing\\\/2024\\\/01\\\/22\\\/pao-de-acucar-e-extra-anunciam-nova-agencia-de-publicidade\\\/#primaryimage\"},\"image\":{\"@id\":\"https:\\\/\\\/www.cidademarketing.com.br\\\/marketing\\\/2024\\\/01\\\/22\\\/pao-de-acucar-e-extra-anunciam-nova-agencia-de-publicidade\\\/#primaryimage\"},\"thumbnailUrl\":\"https:\\\/\\\/www.cidademarketing.com.br\\\/marketing\\\/wp-content\\\/uploads\\\/2024\\\/01\\\/africa_creative_paodeacucar_extra.webp\",\"datePublished\":\"2024-01-22T19:30:13+00:00\",\"dateModified\":\"2024-01-23T04:46:39+00:00\",\"breadcrumb\":{\"@id\":\"https:\\\/\\\/www.cidademarketing.com.br\\\/marketing\\\/2024\\\/01\\\/22\\\/pao-de-acucar-e-extra-anunciam-nova-agencia-de-publicidade\\\/#breadcrumb\"},\"inLanguage\":\"pt-BR\",\"potentialAction\":[{\"@type\":\"ReadAction\",\"target\":[\"https:\\\/\\\/www.cidademarketing.com.br\\\/marketing\\\/2024\\\/01\\\/22\\\/pao-de-acucar-e-extra-anunciam-nova-agencia-de-publicidade\\\/\"]}]},{\"@type\":\"ImageObject\",\"inLanguage\":\"pt-BR\",\"@id\":\"https:\\\/\\\/www.cidademarketing.com.br\\\/marketing\\\/2024\\\/01\\\/22\\\/pao-de-acucar-e-extra-anunciam-nova-agencia-de-publicidade\\\/#primaryimage\",\"url\":\"https:\\\/\\\/www.cidademarketing.com.br\\\/marketing\\\/wp-content\\\/uploads\\\/2024\\\/01\\\/africa_creative_paodeacucar_extra.webp\",\"contentUrl\":\"https:\\\/\\\/www.cidademarketing.com.br\\\/marketing\\\/wp-content\\\/uploads\\\/2024\\\/01\\\/africa_creative_paodeacucar_extra.webp\",\"width\":814,\"height\":832,\"caption\":\"Reprodu\u00e7\u00e3o\"},{\"@type\":\"BreadcrumbList\",\"@id\":\"https:\\\/\\\/www.cidademarketing.com.br\\\/marketing\\\/2024\\\/01\\\/22\\\/pao-de-acucar-e-extra-anunciam-nova-agencia-de-publicidade\\\/#breadcrumb\",\"itemListElement\":[{\"@type\":\"ListItem\",\"position\":1,\"name\":\"In\u00edcio\",\"item\":\"https:\\\/\\\/www.cidademarketing.com.br\\\/marketing\\\/\"},{\"@type\":\"ListItem\",\"position\":2,\"name\":\"P\u00e3o de A\u00e7\u00facar e Extra anunciam nova ag\u00eancia de publicidade\"}]},{\"@type\":\"WebSite\",\"@id\":\"https:\\\/\\\/www.cidademarketing.com.br\\\/marketing\\\/#website\",\"url\":\"https:\\\/\\\/www.cidademarketing.com.br\\\/marketing\\\/\",\"name\":\"CidadeMarketing\",\"description\":\"Somos um ve\u00edculo de comunica\u00e7\u00e3o de destaque no Brasil, reconhecido por conte\u00fados nos segmentos de marketing, empreendedorismo e inova\u00e7\u00e3o.\",\"publisher\":{\"@id\":\"https:\\\/\\\/www.cidademarketing.com.br\\\/marketing\\\/#organization\"},\"alternateName\":\"CidadeMarketing\",\"potentialAction\":[{\"@type\":\"SearchAction\",\"target\":{\"@type\":\"EntryPoint\",\"urlTemplate\":\"https:\\\/\\\/www.cidademarketing.com.br\\\/marketing\\\/?s={search_term_string}\"},\"query-input\":{\"@type\":\"PropertyValueSpecification\",\"valueRequired\":true,\"valueName\":\"search_term_string\"}}],\"inLanguage\":\"pt-BR\"},{\"@type\":\"Organization\",\"@id\":\"https:\\\/\\\/www.cidademarketing.com.br\\\/marketing\\\/#organization\",\"name\":\"CidadeMarketing\",\"alternateName\":\"CidadeMarketing\",\"url\":\"https:\\\/\\\/www.cidademarketing.com.br\\\/marketing\\\/\",\"logo\":{\"@type\":\"ImageObject\",\"inLanguage\":\"pt-BR\",\"@id\":\"https:\\\/\\\/www.cidademarketing.com.br\\\/marketing\\\/#\\\/schema\\\/logo\\\/image\\\/\",\"url\":\"https:\\\/\\\/www.cidademarketing.com.br\\\/marketing\\\/wp-content\\\/uploads\\\/2020\\\/01\\\/cidademarketing_marca_mobile.png\",\"contentUrl\":\"https:\\\/\\\/www.cidademarketing.com.br\\\/marketing\\\/wp-content\\\/uploads\\\/2020\\\/01\\\/cidademarketing_marca_mobile.png\",\"width\":230,\"height\":92,\"caption\":\"CidadeMarketing\"},\"image\":{\"@id\":\"https:\\\/\\\/www.cidademarketing.com.br\\\/marketing\\\/#\\\/schema\\\/logo\\\/image\\\/\"},\"sameAs\":[\"https:\\\/\\\/www.facebook.com\\\/portalcidademarketing\",\"https:\\\/\\\/x.com\\\/CidadeMarketing\",\"https:\\\/\\\/www.instagram.com\\\/cidademarketing\\\/\"]},{\"@type\":\"Person\",\"@id\":\"https:\\\/\\\/www.cidademarketing.com.br\\\/marketing\\\/#\\\/schema\\\/person\\\/02daff9f18bd9378c9e01eb6b2db155f\",\"name\":\"Thales Brand\u00e3o\",\"image\":{\"@type\":\"ImageObject\",\"inLanguage\":\"pt-BR\",\"@id\":\"https:\\\/\\\/secure.gravatar.com\\\/avatar\\\/7ca3206950207cc3cb48feec56a8a7898741ab725c368d99d5d7a5a50aab80c6?s=96&d=mm&r=g\",\"url\":\"https:\\\/\\\/secure.gravatar.com\\\/avatar\\\/7ca3206950207cc3cb48feec56a8a7898741ab725c368d99d5d7a5a50aab80c6?s=96&d=mm&r=g\",\"contentUrl\":\"https:\\\/\\\/secure.gravatar.com\\\/avatar\\\/7ca3206950207cc3cb48feec56a8a7898741ab725c368d99d5d7a5a50aab80c6?s=96&d=mm&r=g\",\"caption\":\"Thales Brand\u00e3o\"},\"description\":\"Editor Executivo do Portal CidadeMarketing.com.br &gt; Mestre em Comunica\u00e7\u00e3o e Sociedade pela Universidade Federal de Sergipe. Possui MBA Executivo em Administra\u00e7\u00e3o com \u00eanfase em Marketing pela Funda\u00e7\u00e3o Get\u00falio Vargas - Rio de Janeiro. Consultor, Palestrante e Pesquisador sobre Empreendedorismo, Marketing, Redes Sociais e Neg\u00f3cios Digitais. Professor, Palestrante TedxTalks e Campus Party. Twitter: @ThalesBrandao\",\"sameAs\":[\"http:\\\/\\\/www.mandacaru.com.br\",\"https:\\\/\\\/www.facebook.com\\\/thalesbrandao\",\"http:\\\/\\\/www.instagram.com.br\\\/thalesbrandaoferreira\",\"https:\\\/\\\/www.linkedin.com\\\/in\\\/thales-brand\u00e3o-3948609\\\/\",\"https:\\\/\\\/x.com\\\/http:\\\/\\\/www.twitter.com\\\/thalesbrandao\"],\"url\":\"https:\\\/\\\/www.cidademarketing.com.br\\\/marketing\\\/author\\\/thalesbrandao\\\/\"}]}<\/script>\n<!-- \/ Yoast SEO plugin. -->","yoast_head_json":{"title":"P\u00e3o de A\u00e7\u00facar e Extra anunciam nova ag\u00eancia de publicidade - CidadeMarketing","robots":{"index":"index","follow":"follow","max-snippet":"max-snippet:-1","max-image-preview":"max-image-preview:large","max-video-preview":"max-video-preview:-1"},"canonical":"https:\/\/www.cidademarketing.com.br\/marketing\/2024\/01\/22\/pao-de-acucar-e-extra-anunciam-nova-agencia-de-publicidade\/","og_locale":"pt_BR","og_type":"article","og_title":"P\u00e3o de A\u00e7\u00facar e Extra anunciam nova ag\u00eancia de publicidade - CidadeMarketing","og_description":"Diante de um processo de turnaround, com foco na consolida\u00e7\u00e3o de suas marcas, o GPA, respons\u00e1vel pelas redes P\u00e3o de A\u00e7\u00facar e Extra, anuncia seu novo parceiro estrat\u00e9gico para comunica\u00e7\u00e3o: a Africa Creative. A ag\u00eancia venceu a concorr\u00eancia realizada nos \u00faltimos meses de 2023, em fun\u00e7\u00e3o do t\u00e9rmino do contrato com a atual ag\u00eancia, a [&hellip;]","og_url":"https:\/\/www.cidademarketing.com.br\/marketing\/2024\/01\/22\/pao-de-acucar-e-extra-anunciam-nova-agencia-de-publicidade\/","og_site_name":"CidadeMarketing","article_publisher":"https:\/\/www.facebook.com\/portalcidademarketing","article_author":"https:\/\/www.facebook.com\/thalesbrandao","article_published_time":"2024-01-22T19:30:13+00:00","article_modified_time":"2024-01-23T04:46:39+00:00","og_image":[{"width":814,"height":832,"url":"https:\/\/www.cidademarketing.com.br\/marketing\/wp-content\/uploads\/2024\/01\/africa_creative_paodeacucar_extra.webp","type":"image\/webp"}],"author":"Thales Brand\u00e3o","twitter_card":"summary_large_image","twitter_creator":"@http:\/\/www.twitter.com\/thalesbrandao","twitter_site":"@CidadeMarketing","twitter_misc":{"Escrito por":"Thales Brand\u00e3o","Est. tempo de leitura":"2 minutos"},"schema":{"@context":"https:\/\/schema.org","@graph":[{"@type":"Article","@id":"https:\/\/www.cidademarketing.com.br\/marketing\/2024\/01\/22\/pao-de-acucar-e-extra-anunciam-nova-agencia-de-publicidade\/#article","isPartOf":{"@id":"https:\/\/www.cidademarketing.com.br\/marketing\/2024\/01\/22\/pao-de-acucar-e-extra-anunciam-nova-agencia-de-publicidade\/"},"author":{"name":"Thales Brand\u00e3o","@id":"https:\/\/www.cidademarketing.com.br\/marketing\/#\/schema\/person\/02daff9f18bd9378c9e01eb6b2db155f"},"headline":"P\u00e3o de A\u00e7\u00facar e Extra anunciam nova ag\u00eancia de publicidade","datePublished":"2024-01-22T19:30:13+00:00","dateModified":"2024-01-23T04:46:39+00:00","mainEntityOfPage":{"@id":"https:\/\/www.cidademarketing.com.br\/marketing\/2024\/01\/22\/pao-de-acucar-e-extra-anunciam-nova-agencia-de-publicidade\/"},"wordCount":450,"commentCount":0,"publisher":{"@id":"https:\/\/www.cidademarketing.com.br\/marketing\/#organization"},"image":{"@id":"https:\/\/www.cidademarketing.com.br\/marketing\/2024\/01\/22\/pao-de-acucar-e-extra-anunciam-nova-agencia-de-publicidade\/#primaryimage"},"thumbnailUrl":"https:\/\/www.cidademarketing.com.br\/marketing\/wp-content\/uploads\/2024\/01\/africa_creative_paodeacucar_extra.webp","keywords":["campanha","estrat\u00e9gia","Extra","GPA","marketing","p\u00e3o de a\u00e7\u00facar","propaganda","publicidade"],"articleSection":["Not\u00edcias"],"inLanguage":"pt-BR","potentialAction":[{"@type":"CommentAction","name":"Comment","target":["https:\/\/www.cidademarketing.com.br\/marketing\/2024\/01\/22\/pao-de-acucar-e-extra-anunciam-nova-agencia-de-publicidade\/#respond"]}]},{"@type":"WebPage","@id":"https:\/\/www.cidademarketing.com.br\/marketing\/2024\/01\/22\/pao-de-acucar-e-extra-anunciam-nova-agencia-de-publicidade\/","url":"https:\/\/www.cidademarketing.com.br\/marketing\/2024\/01\/22\/pao-de-acucar-e-extra-anunciam-nova-agencia-de-publicidade\/","name":"P\u00e3o de A\u00e7\u00facar e Extra anunciam nova ag\u00eancia de publicidade - CidadeMarketing","isPartOf":{"@id":"https:\/\/www.cidademarketing.com.br\/marketing\/#website"},"primaryImageOfPage":{"@id":"https:\/\/www.cidademarketing.com.br\/marketing\/2024\/01\/22\/pao-de-acucar-e-extra-anunciam-nova-agencia-de-publicidade\/#primaryimage"},"image":{"@id":"https:\/\/www.cidademarketing.com.br\/marketing\/2024\/01\/22\/pao-de-acucar-e-extra-anunciam-nova-agencia-de-publicidade\/#primaryimage"},"thumbnailUrl":"https:\/\/www.cidademarketing.com.br\/marketing\/wp-content\/uploads\/2024\/01\/africa_creative_paodeacucar_extra.webp","datePublished":"2024-01-22T19:30:13+00:00","dateModified":"2024-01-23T04:46:39+00:00","breadcrumb":{"@id":"https:\/\/www.cidademarketing.com.br\/marketing\/2024\/01\/22\/pao-de-acucar-e-extra-anunciam-nova-agencia-de-publicidade\/#breadcrumb"},"inLanguage":"pt-BR","potentialAction":[{"@type":"ReadAction","target":["https:\/\/www.cidademarketing.com.br\/marketing\/2024\/01\/22\/pao-de-acucar-e-extra-anunciam-nova-agencia-de-publicidade\/"]}]},{"@type":"ImageObject","inLanguage":"pt-BR","@id":"https:\/\/www.cidademarketing.com.br\/marketing\/2024\/01\/22\/pao-de-acucar-e-extra-anunciam-nova-agencia-de-publicidade\/#primaryimage","url":"https:\/\/www.cidademarketing.com.br\/marketing\/wp-content\/uploads\/2024\/01\/africa_creative_paodeacucar_extra.webp","contentUrl":"https:\/\/www.cidademarketing.com.br\/marketing\/wp-content\/uploads\/2024\/01\/africa_creative_paodeacucar_extra.webp","width":814,"height":832,"caption":"Reprodu\u00e7\u00e3o"},{"@type":"BreadcrumbList","@id":"https:\/\/www.cidademarketing.com.br\/marketing\/2024\/01\/22\/pao-de-acucar-e-extra-anunciam-nova-agencia-de-publicidade\/#breadcrumb","itemListElement":[{"@type":"ListItem","position":1,"name":"In\u00edcio","item":"https:\/\/www.cidademarketing.com.br\/marketing\/"},{"@type":"ListItem","position":2,"name":"P\u00e3o de A\u00e7\u00facar e Extra anunciam nova ag\u00eancia de publicidade"}]},{"@type":"WebSite","@id":"https:\/\/www.cidademarketing.com.br\/marketing\/#website","url":"https:\/\/www.cidademarketing.com.br\/marketing\/","name":"CidadeMarketing","description":"Somos um ve\u00edculo de comunica\u00e7\u00e3o de destaque no Brasil, reconhecido por conte\u00fados nos segmentos de marketing, empreendedorismo e inova\u00e7\u00e3o.","publisher":{"@id":"https:\/\/www.cidademarketing.com.br\/marketing\/#organization"},"alternateName":"CidadeMarketing","potentialAction":[{"@type":"SearchAction","target":{"@type":"EntryPoint","urlTemplate":"https:\/\/www.cidademarketing.com.br\/marketing\/?s={search_term_string}"},"query-input":{"@type":"PropertyValueSpecification","valueRequired":true,"valueName":"search_term_string"}}],"inLanguage":"pt-BR"},{"@type":"Organization","@id":"https:\/\/www.cidademarketing.com.br\/marketing\/#organization","name":"CidadeMarketing","alternateName":"CidadeMarketing","url":"https:\/\/www.cidademarketing.com.br\/marketing\/","logo":{"@type":"ImageObject","inLanguage":"pt-BR","@id":"https:\/\/www.cidademarketing.com.br\/marketing\/#\/schema\/logo\/image\/","url":"https:\/\/www.cidademarketing.com.br\/marketing\/wp-content\/uploads\/2020\/01\/cidademarketing_marca_mobile.png","contentUrl":"https:\/\/www.cidademarketing.com.br\/marketing\/wp-content\/uploads\/2020\/01\/cidademarketing_marca_mobile.png","width":230,"height":92,"caption":"CidadeMarketing"},"image":{"@id":"https:\/\/www.cidademarketing.com.br\/marketing\/#\/schema\/logo\/image\/"},"sameAs":["https:\/\/www.facebook.com\/portalcidademarketing","https:\/\/x.com\/CidadeMarketing","https:\/\/www.instagram.com\/cidademarketing\/"]},{"@type":"Person","@id":"https:\/\/www.cidademarketing.com.br\/marketing\/#\/schema\/person\/02daff9f18bd9378c9e01eb6b2db155f","name":"Thales Brand\u00e3o","image":{"@type":"ImageObject","inLanguage":"pt-BR","@id":"https:\/\/secure.gravatar.com\/avatar\/7ca3206950207cc3cb48feec56a8a7898741ab725c368d99d5d7a5a50aab80c6?s=96&d=mm&r=g","url":"https:\/\/secure.gravatar.com\/avatar\/7ca3206950207cc3cb48feec56a8a7898741ab725c368d99d5d7a5a50aab80c6?s=96&d=mm&r=g","contentUrl":"https:\/\/secure.gravatar.com\/avatar\/7ca3206950207cc3cb48feec56a8a7898741ab725c368d99d5d7a5a50aab80c6?s=96&d=mm&r=g","caption":"Thales Brand\u00e3o"},"description":"Editor Executivo do Portal CidadeMarketing.com.br &gt; Mestre em Comunica\u00e7\u00e3o e Sociedade pela Universidade Federal de Sergipe. Possui MBA Executivo em Administra\u00e7\u00e3o com \u00eanfase em Marketing pela Funda\u00e7\u00e3o Get\u00falio Vargas - Rio de Janeiro. Consultor, Palestrante e Pesquisador sobre Empreendedorismo, Marketing, Redes Sociais e Neg\u00f3cios Digitais. Professor, Palestrante TedxTalks e Campus Party. Twitter: @ThalesBrandao","sameAs":["http:\/\/www.mandacaru.com.br","https:\/\/www.facebook.com\/thalesbrandao","http:\/\/www.instagram.com.br\/thalesbrandaoferreira","https:\/\/www.linkedin.com\/in\/thales-brand\u00e3o-3948609\/","https:\/\/x.com\/http:\/\/www.twitter.com\/thalesbrandao"],"url":"https:\/\/www.cidademarketing.com.br\/marketing\/author\/thalesbrandao\/"}]}},"amp_enabled":true,"_links":{"self":[{"href":"https:\/\/www.cidademarketing.com.br\/marketing\/wp-json\/wp\/v2\/posts\/49622","targetHints":{"allow":["GET"]}}],"collection":[{"href":"https:\/\/www.cidademarketing.com.br\/marketing\/wp-json\/wp\/v2\/posts"}],"about":[{"href":"https:\/\/www.cidademarketing.com.br\/marketing\/wp-json\/wp\/v2\/types\/post"}],"author":[{"embeddable":true,"href":"https:\/\/www.cidademarketing.com.br\/marketing\/wp-json\/wp\/v2\/users\/1"}],"replies":[{"embeddable":true,"href":"https:\/\/www.cidademarketing.com.br\/marketing\/wp-json\/wp\/v2\/comments?post=49622"}],"version-history":[{"count":2,"href":"https:\/\/www.cidademarketing.com.br\/marketing\/wp-json\/wp\/v2\/posts\/49622\/revisions"}],"predecessor-version":[{"id":49635,"href":"https:\/\/www.cidademarketing.com.br\/marketing\/wp-json\/wp\/v2\/posts\/49622\/revisions\/49635"}],"wp:featuredmedia":[{"embeddable":true,"href":"https:\/\/www.cidademarketing.com.br\/marketing\/wp-json\/wp\/v2\/media\/49623"}],"wp:attachment":[{"href":"https:\/\/www.cidademarketing.com.br\/marketing\/wp-json\/wp\/v2\/media?parent=49622"}],"wp:term":[{"taxonomy":"category","embeddable":true,"href":"https:\/\/www.cidademarketing.com.br\/marketing\/wp-json\/wp\/v2\/categories?post=49622"},{"taxonomy":"post_tag","embeddable":true,"href":"https:\/\/www.cidademarketing.com.br\/marketing\/wp-json\/wp\/v2\/tags?post=49622"}],"curies":[{"name":"wp","href":"https:\/\/api.w.org\/{rel}","templated":true}]}}