{"id":49539,"date":"2024-01-16T10:36:36","date_gmt":"2024-01-16T13:36:36","guid":{"rendered":"https:\/\/www.cidademarketing.com.br\/marketing\/?p=49539"},"modified":"2024-01-16T10:36:36","modified_gmt":"2024-01-16T13:36:36","slug":"staedtler-e-alexandre-herchcovitch-firmam-parceria-exclusiva-para-colecao-de-verao","status":"publish","type":"post","link":"https:\/\/www.cidademarketing.com.br\/marketing\/2024\/01\/16\/staedtler-e-alexandre-herchcovitch-firmam-parceria-exclusiva-para-colecao-de-verao\/","title":{"rendered":"STAEDTLER e Alexandre Herchcovitch firmam parceria exclusiva para cole\u00e7\u00e3o de ver\u00e3o"},"content":{"rendered":"<p>Buscando explorar a sinergia entre o mercado de papelaria e o mercado de moda, a STAEDTLER do Brasil e Alexandre Herchcovitch iniciaram uma parceria em dezembro de 2023. O in\u00edcio oficial da coopera\u00e7\u00e3o ocorreu durante o desfile da nova cole\u00e7\u00e3o de ver\u00e3o 23\/24 do estilista na Casa dos Criadores. Na ocasi\u00e3o CEOs, influenciadores e parceiros estrat\u00e9gicos receberam um kit exclusivo com itens da STAEDTLER como Pigment Liners, l\u00e1pis de cor Full Aquarela, l\u00e1pis de cor pastel, l\u00e1pis marca-texto, marcadores Textsurfer, lapiseira, borracha Rasoplast e apontador Noris.<\/p>\n<p><a href=\"https:\/\/www.cidademarketing.com.br\/marketing\/sua-marca-vai-virar-noticia\/\" target=\"_blank\" rel=\"noopener\"><img fetchpriority=\"high\" decoding=\"async\" class=\"wp-image-44329 aligncenter\" src=\"https:\/\/www.cidademarketing.com.br\/comercial\/google_backlinks_guestpost_publieditorial_cidademarketing.webp\" alt=\"\" width=\"536\" height=\"479\" \/><\/a><br \/>\nPara ambas as marcas, a parceria vem para inspirar mercados e trafegar entre eles. A STAEDTLER oferece linhas de produtos para as diversas fases da vida de uma pessoa, inclusive, para a fase adulta com foco em profissionais de diversas \u00e1reas. Neste sentido, Alexandre Herchcovitch revelou, \u201cA STAEDTLER \u00e9 uma marca que uso h\u00e1 30 anos, e continuo me expressando pelos desenhos, n\u00e3o uso computador para nada. Por isso, tivemos a ideia de mostrar quem est\u00e1 comigo nesses 30 anos\u201d.<\/p>\n<p>Para a companhia alem\u00e3, presente no mercado brasileiro h\u00e1 5 anos, a parceria com o estilista brasileiro s\u00f3 pode gerar bons frutos. \u201cTodo o projeto come\u00e7a com um papel e uma caneta, seja ele de constru\u00e7\u00e3o de uma empresa ou na constru\u00e7\u00e3o de um desfile de moda e no desenvolvimento das pe\u00e7as de roupa. Os itens de papelaria est\u00e3o sempre presentes nesse universo, n\u00e3o s\u00f3 na moda, mas principalmente nela\u201d, explicou Alessandra Valentim, Marketing Analyst da STAEDTLER do Brasil<\/p>\n<p>Para o ano de 2024, as marcas j\u00e1 est\u00e3o planejando a\u00e7\u00f5es, tanto em novos desfiles, quanto para atuar em a\u00e7\u00f5es sociais com foco em sustentabilidade. \u201cEncontramos uma sinergia muito forte entre nossas marcas, com ideias que borbulhavam. Viemos para o desfile com a certeza do sucesso de nossa parceria e j\u00e1 temos um evento programado para abril de 2024. O c\u00e9u \u00e9 o limite e acreditamos que essa coopera\u00e7\u00e3o ser\u00e1 muito ben\u00e9fica para nossos consumidores\u201d, completou Facci.<\/p>\n<blockquote class=\"instagram-media\" style=\"background: #FFF; border: 0; border-radius: 3px; box-shadow: 0 0 1px 0 rgba(0,0,0,0.5),0 1px 10px 0 rgba(0,0,0,0.15); margin: 1px; max-width: 540px; min-width: 326px; padding: 0; width: calc(100% - 2px);\" data-instgrm-captioned=\"\" data-instgrm-permalink=\"https:\/\/www.instagram.com\/reel\/C0489hlvo9R\/?utm_source=ig_embed&amp;utm_campaign=loading\" data-instgrm-version=\"14\">\n<div style=\"padding: 16px;\">\n<p>&nbsp;<\/p>\n<div style=\"display: flex; flex-direction: row; align-items: center;\">\n<div style=\"background-color: #f4f4f4; border-radius: 50%; flex-grow: 0; height: 40px; margin-right: 14px; width: 40px;\"><\/div>\n<div style=\"display: flex; flex-direction: column; flex-grow: 1; justify-content: center;\">\n<div style=\"background-color: #f4f4f4; border-radius: 4px; flex-grow: 0; height: 14px; margin-bottom: 6px; width: 100px;\"><\/div>\n<div style=\"background-color: #f4f4f4; border-radius: 4px; flex-grow: 0; height: 14px; width: 60px;\"><\/div>\n<\/div>\n<\/div>\n<div style=\"padding: 19% 0;\"><\/div>\n<div style=\"display: block; height: 50px; margin: 0 auto 12px; width: 50px;\"><\/div>\n<div style=\"padding-top: 8px;\">\n<div style=\"color: #3897f0; font-family: Arial,sans-serif; font-size: 14px; font-style: normal; font-weight: 550; line-height: 18px;\">Ver essa foto no Instagram<\/div>\n<\/div>\n<div style=\"padding: 12.5% 0;\"><\/div>\n<div style=\"display: flex; flex-direction: row; margin-bottom: 14px; align-items: center;\">\n<div>\n<div style=\"background-color: #f4f4f4; border-radius: 50%; height: 12.5px; width: 12.5px; transform: translateX(0px) translateY(7px);\"><\/div>\n<div style=\"background-color: #f4f4f4; height: 12.5px; transform: rotate(-45deg) translateX(3px) translateY(1px); width: 12.5px; flex-grow: 0; margin-right: 14px; margin-left: 2px;\"><\/div>\n<div style=\"background-color: #f4f4f4; border-radius: 50%; height: 12.5px; width: 12.5px; transform: translateX(9px) translateY(-18px);\"><\/div>\n<\/div>\n<div style=\"margin-left: 8px;\">\n<div style=\"background-color: #f4f4f4; border-radius: 50%; flex-grow: 0; height: 20px; width: 20px;\"><\/div>\n<div style=\"width: 0; height: 0; border-top: 2px solid transparent; border-left: 6px solid #f4f4f4; border-bottom: 2px solid transparent; transform: translateX(16px) translateY(-4px) rotate(30deg);\"><\/div>\n<\/div>\n<div style=\"margin-left: auto;\">\n<div style=\"width: 0px; border-top: 8px solid #F4F4F4; border-right: 8px solid transparent; transform: translateY(16px);\"><\/div>\n<div style=\"background-color: #f4f4f4; flex-grow: 0; height: 12px; width: 16px; transform: translateY(-4px);\"><\/div>\n<div style=\"width: 0; height: 0; border-top: 8px solid #F4F4F4; border-left: 8px solid transparent; transform: translateY(-4px) translateX(8px);\"><\/div>\n<\/div>\n<\/div>\n<div style=\"display: flex; flex-direction: column; flex-grow: 1; justify-content: center; margin-bottom: 24px;\">\n<div style=\"background-color: #f4f4f4; border-radius: 4px; flex-grow: 0; height: 14px; margin-bottom: 6px; width: 224px;\"><\/div>\n<div style=\"background-color: #f4f4f4; border-radius: 4px; flex-grow: 0; height: 14px; width: 144px;\"><\/div>\n<\/div>\n<p>&nbsp;<\/p>\n<p style=\"color: #c9c8cd; font-family: Arial,sans-serif; font-size: 14px; line-height: 17px; margin-bottom: 0; margin-top: 8px; overflow: hidden; padding: 8px 0 7px; text-align: center; text-overflow: ellipsis; white-space: nowrap;\"><a style=\"color: #c9c8cd; font-family: Arial,sans-serif; font-size: 14px; font-style: normal; font-weight: normal; line-height: 17px; text-decoration: none;\" href=\"https:\/\/www.instagram.com\/reel\/C0489hlvo9R\/?utm_source=ig_embed&amp;utm_campaign=loading\" target=\"_blank\" rel=\"noopener\">Uma publica\u00e7\u00e3o compartilhada por PAPELARIA escrit\u00f3rio de design (@papelariainstagram)<\/a><\/p>\n<\/div>\n<\/blockquote>\n<p><script async src=\"\/\/www.instagram.com\/embed.js\"><\/script><\/p>\n<p>Saiba mais sobre os itens do kit exclusivo:<br \/>\nApontador Noris:<br \/>\nO Apontador Noris da STEADTLER possui um formato ergon\u00f4mico e pr\u00e1tico, sendo ideal para apontar l\u00e1pis grafites e coloridos.<br \/>\nBorracha Rasoplast:<br \/>\nA borracha rasoplast garante qualidade e conforto, gerando o m\u00ednimo de res\u00edduos ao ser utilizada. Al\u00e9m disso, possui uma capa deslizante para facilitar o manuseio e n\u00e3o descolore o papel<br \/>\nMarcador TextSurfer:<br \/>\nOs marcadores de texto \u201cTextsurfer Classic\u201d s\u00e3o compostos por um corpo largo e grande reservat\u00f3rio de tinta que permitem uma longa autonomia ao produto. Com ponta chanfrada, larga e macia, proporciona facilmente a marca\u00e7\u00e3o do texto com tra\u00e7os finos ou grossos. Os Textsurfer Classic tamb\u00e9m possuem o sistema ink jet safe, sendo ideal para impress\u00f5es a jato de tinta, n\u00e3o borrando nem marcando as superf\u00edcies al\u00e9m de apresentar uma secagem r\u00e1pida.<br \/>\nPigment Liner:<br \/>\nA Pigment Liner \u00e9 ideal para escrita, desenhos e esbo\u00e7os, possuindo tinta pigmentada, resist\u00eancia a luz e \u00e9 \u00e0 prova d\u2019\u00e1gua no papel. Al\u00e9m disso, \u00e9 apag\u00e1vel quando usada em papel de desenho e pode ficar sem tampa por pelo menos 12 horas sem secar.<br \/>\nL\u00e1pis de Cor Full Aquarela:<br \/>\nO L\u00e1pis de Cor Full Aquarela \u00e9 de alta qualidade e perfeito para utiliza\u00e7\u00e3o em uma ampla gama de efeitos criativos, seja em t\u00e9cnicas secas ou molhadas. Al\u00e9m disso, possui uma excelente mistura de cores, possibilitando atingir um n\u00famero infinito de tons<br \/>\nL\u00e1pis de Cor Pastel:<br \/>\nO L\u00e1pis de Cor Pastel da STAEDTLER \u00e9 macio e cont\u00e9m efeitos brilhantes, podendo ser utilizado para pintura em aquarela ou a seco<br \/>\nL\u00e1pis Marca-Texto:<br \/>\nO \u201cTextsurfer\u201d dry \u00e9 um marcador a seco, semelhante a um l\u00e1pis, que permite marca\u00e7\u00f5es vibrantes em pap\u00e9is mais finos, sem passar para o outro lado.<br \/>\nLapiseira:<br \/>\nCom punho de borracha antideslizante e borracha com tampa de prote\u00e7\u00e3o met\u00e1lica, a lapiseira da STAEDTLER s\u00e3o perfeitas para desenhos e esbo\u00e7os.<\/p>\n<p><iframe title=\"Spotify Embed: Podcast CidadeMarketing\" style=\"border-radius: 12px\" width=\"100%\" height=\"152\" frameborder=\"0\" allowfullscreen allow=\"autoplay; clipboard-write; encrypted-media; fullscreen; picture-in-picture\" loading=\"lazy\" src=\"https:\/\/open.spotify.com\/embed\/show\/4khMKzP3FgFRWVwb73xicc?si=252fe5bff2b34909&#038;utm_source=oembed\"><\/iframe><\/p>\n<p>&nbsp;<\/p>\n<p>&nbsp;<\/p>\n","protected":false},"excerpt":{"rendered":"<p>Buscando explorar a sinergia entre o mercado de papelaria e o mercado de moda, a STAEDTLER do Brasil e Alexandre Herchcovitch iniciaram uma parceria em dezembro de 2023. O in\u00edcio oficial da coopera\u00e7\u00e3o ocorreu durante o desfile da nova cole\u00e7\u00e3o de ver\u00e3o 23\/24 do estilista na Casa dos Criadores. Na ocasi\u00e3o CEOs, influenciadores e parceiros [&hellip;]<\/p>\n","protected":false},"author":1,"featured_media":49540,"comment_status":"open","ping_status":"open","sticky":false,"template":"","format":"standard","meta":{"tdm_status":"","tdm_grid_status":"","footnotes":""},"categories":[6],"tags":[6653,2397,65,1522,223,33,28,3090],"class_list":["post-49539","post","type-post","status-publish","format-standard","has-post-thumbnail","hentry","category-noticias","tag-alexandre-herchcovitch","tag-arte","tag-campanha","tag-desenho","tag-design","tag-estrategia","tag-marketing","tag-staedtler"],"yoast_head":"<!-- This site is optimized with the Yoast SEO plugin v27.5 - https:\/\/yoast.com\/product\/yoast-seo-wordpress\/ -->\n<title>STAEDTLER e Alexandre Herchcovitch firmam parceria exclusiva para cole\u00e7\u00e3o de ver\u00e3o - CidadeMarketing<\/title>\n<meta name=\"robots\" content=\"index, follow, max-snippet:-1, max-image-preview:large, max-video-preview:-1\" \/>\n<link rel=\"canonical\" href=\"https:\/\/www.cidademarketing.com.br\/marketing\/2024\/01\/16\/staedtler-e-alexandre-herchcovitch-firmam-parceria-exclusiva-para-colecao-de-verao\/\" \/>\n<meta property=\"og:locale\" content=\"pt_BR\" \/>\n<meta property=\"og:type\" content=\"article\" \/>\n<meta property=\"og:title\" content=\"STAEDTLER e Alexandre Herchcovitch firmam parceria exclusiva para cole\u00e7\u00e3o de ver\u00e3o - CidadeMarketing\" \/>\n<meta property=\"og:description\" content=\"Buscando explorar a sinergia entre o mercado de papelaria e o mercado de moda, a STAEDTLER do Brasil e Alexandre Herchcovitch iniciaram uma parceria em dezembro de 2023. O in\u00edcio oficial da coopera\u00e7\u00e3o ocorreu durante o desfile da nova cole\u00e7\u00e3o de ver\u00e3o 23\/24 do estilista na Casa dos Criadores. Na ocasi\u00e3o CEOs, influenciadores e parceiros [&hellip;]\" \/>\n<meta property=\"og:url\" content=\"https:\/\/www.cidademarketing.com.br\/marketing\/2024\/01\/16\/staedtler-e-alexandre-herchcovitch-firmam-parceria-exclusiva-para-colecao-de-verao\/\" \/>\n<meta property=\"og:site_name\" content=\"CidadeMarketing\" \/>\n<meta property=\"article:publisher\" content=\"https:\/\/www.facebook.com\/portalcidademarketing\" \/>\n<meta property=\"article:author\" content=\"https:\/\/www.facebook.com\/thalesbrandao\" \/>\n<meta property=\"article:published_time\" content=\"2024-01-16T13:36:36+00:00\" \/>\n<meta property=\"og:image\" content=\"https:\/\/www.cidademarketing.com.br\/marketing\/wp-content\/uploads\/2024\/01\/STAEDTLER_AlexandreHerchcovitch.webp\" \/>\n\t<meta property=\"og:image:width\" content=\"484\" \/>\n\t<meta property=\"og:image:height\" content=\"809\" \/>\n\t<meta property=\"og:image:type\" content=\"image\/webp\" \/>\n<meta name=\"author\" content=\"Thales Brand\u00e3o\" \/>\n<meta name=\"twitter:card\" content=\"summary_large_image\" \/>\n<meta name=\"twitter:creator\" content=\"@http:\/\/www.twitter.com\/thalesbrandao\" \/>\n<meta name=\"twitter:site\" content=\"@CidadeMarketing\" \/>\n<meta name=\"twitter:label1\" content=\"Escrito por\" \/>\n\t<meta name=\"twitter:data1\" content=\"Thales Brand\u00e3o\" \/>\n\t<meta name=\"twitter:label2\" content=\"Est. tempo de leitura\" \/>\n\t<meta name=\"twitter:data2\" content=\"4 minutos\" \/>\n<script type=\"application\/ld+json\" class=\"yoast-schema-graph\">{\"@context\":\"https:\\\/\\\/schema.org\",\"@graph\":[{\"@type\":\"Article\",\"@id\":\"https:\\\/\\\/www.cidademarketing.com.br\\\/marketing\\\/2024\\\/01\\\/16\\\/staedtler-e-alexandre-herchcovitch-firmam-parceria-exclusiva-para-colecao-de-verao\\\/#article\",\"isPartOf\":{\"@id\":\"https:\\\/\\\/www.cidademarketing.com.br\\\/marketing\\\/2024\\\/01\\\/16\\\/staedtler-e-alexandre-herchcovitch-firmam-parceria-exclusiva-para-colecao-de-verao\\\/\"},\"author\":{\"name\":\"Thales Brand\u00e3o\",\"@id\":\"https:\\\/\\\/www.cidademarketing.com.br\\\/marketing\\\/#\\\/schema\\\/person\\\/02daff9f18bd9378c9e01eb6b2db155f\"},\"headline\":\"STAEDTLER e Alexandre Herchcovitch firmam parceria exclusiva para cole\u00e7\u00e3o de ver\u00e3o\",\"datePublished\":\"2024-01-16T13:36:36+00:00\",\"mainEntityOfPage\":{\"@id\":\"https:\\\/\\\/www.cidademarketing.com.br\\\/marketing\\\/2024\\\/01\\\/16\\\/staedtler-e-alexandre-herchcovitch-firmam-parceria-exclusiva-para-colecao-de-verao\\\/\"},\"wordCount\":719,\"commentCount\":0,\"publisher\":{\"@id\":\"https:\\\/\\\/www.cidademarketing.com.br\\\/marketing\\\/#organization\"},\"image\":{\"@id\":\"https:\\\/\\\/www.cidademarketing.com.br\\\/marketing\\\/2024\\\/01\\\/16\\\/staedtler-e-alexandre-herchcovitch-firmam-parceria-exclusiva-para-colecao-de-verao\\\/#primaryimage\"},\"thumbnailUrl\":\"https:\\\/\\\/www.cidademarketing.com.br\\\/marketing\\\/wp-content\\\/uploads\\\/2024\\\/01\\\/STAEDTLER_AlexandreHerchcovitch.webp\",\"keywords\":[\"Alexandre Herchcovitch\",\"arte\",\"campanha\",\"desenho\",\"design\",\"estrat\u00e9gia\",\"marketing\",\"STAEDTLER\"],\"articleSection\":[\"Not\u00edcias\"],\"inLanguage\":\"pt-BR\",\"potentialAction\":[{\"@type\":\"CommentAction\",\"name\":\"Comment\",\"target\":[\"https:\\\/\\\/www.cidademarketing.com.br\\\/marketing\\\/2024\\\/01\\\/16\\\/staedtler-e-alexandre-herchcovitch-firmam-parceria-exclusiva-para-colecao-de-verao\\\/#respond\"]}]},{\"@type\":\"WebPage\",\"@id\":\"https:\\\/\\\/www.cidademarketing.com.br\\\/marketing\\\/2024\\\/01\\\/16\\\/staedtler-e-alexandre-herchcovitch-firmam-parceria-exclusiva-para-colecao-de-verao\\\/\",\"url\":\"https:\\\/\\\/www.cidademarketing.com.br\\\/marketing\\\/2024\\\/01\\\/16\\\/staedtler-e-alexandre-herchcovitch-firmam-parceria-exclusiva-para-colecao-de-verao\\\/\",\"name\":\"STAEDTLER e Alexandre Herchcovitch firmam parceria exclusiva para cole\u00e7\u00e3o de ver\u00e3o - CidadeMarketing\",\"isPartOf\":{\"@id\":\"https:\\\/\\\/www.cidademarketing.com.br\\\/marketing\\\/#website\"},\"primaryImageOfPage\":{\"@id\":\"https:\\\/\\\/www.cidademarketing.com.br\\\/marketing\\\/2024\\\/01\\\/16\\\/staedtler-e-alexandre-herchcovitch-firmam-parceria-exclusiva-para-colecao-de-verao\\\/#primaryimage\"},\"image\":{\"@id\":\"https:\\\/\\\/www.cidademarketing.com.br\\\/marketing\\\/2024\\\/01\\\/16\\\/staedtler-e-alexandre-herchcovitch-firmam-parceria-exclusiva-para-colecao-de-verao\\\/#primaryimage\"},\"thumbnailUrl\":\"https:\\\/\\\/www.cidademarketing.com.br\\\/marketing\\\/wp-content\\\/uploads\\\/2024\\\/01\\\/STAEDTLER_AlexandreHerchcovitch.webp\",\"datePublished\":\"2024-01-16T13:36:36+00:00\",\"breadcrumb\":{\"@id\":\"https:\\\/\\\/www.cidademarketing.com.br\\\/marketing\\\/2024\\\/01\\\/16\\\/staedtler-e-alexandre-herchcovitch-firmam-parceria-exclusiva-para-colecao-de-verao\\\/#breadcrumb\"},\"inLanguage\":\"pt-BR\",\"potentialAction\":[{\"@type\":\"ReadAction\",\"target\":[\"https:\\\/\\\/www.cidademarketing.com.br\\\/marketing\\\/2024\\\/01\\\/16\\\/staedtler-e-alexandre-herchcovitch-firmam-parceria-exclusiva-para-colecao-de-verao\\\/\"]}]},{\"@type\":\"ImageObject\",\"inLanguage\":\"pt-BR\",\"@id\":\"https:\\\/\\\/www.cidademarketing.com.br\\\/marketing\\\/2024\\\/01\\\/16\\\/staedtler-e-alexandre-herchcovitch-firmam-parceria-exclusiva-para-colecao-de-verao\\\/#primaryimage\",\"url\":\"https:\\\/\\\/www.cidademarketing.com.br\\\/marketing\\\/wp-content\\\/uploads\\\/2024\\\/01\\\/STAEDTLER_AlexandreHerchcovitch.webp\",\"contentUrl\":\"https:\\\/\\\/www.cidademarketing.com.br\\\/marketing\\\/wp-content\\\/uploads\\\/2024\\\/01\\\/STAEDTLER_AlexandreHerchcovitch.webp\",\"width\":484,\"height\":809,\"caption\":\"Reprodu\u00e7\u00e3o\"},{\"@type\":\"BreadcrumbList\",\"@id\":\"https:\\\/\\\/www.cidademarketing.com.br\\\/marketing\\\/2024\\\/01\\\/16\\\/staedtler-e-alexandre-herchcovitch-firmam-parceria-exclusiva-para-colecao-de-verao\\\/#breadcrumb\",\"itemListElement\":[{\"@type\":\"ListItem\",\"position\":1,\"name\":\"In\u00edcio\",\"item\":\"https:\\\/\\\/www.cidademarketing.com.br\\\/marketing\\\/\"},{\"@type\":\"ListItem\",\"position\":2,\"name\":\"STAEDTLER e Alexandre Herchcovitch firmam parceria exclusiva para cole\u00e7\u00e3o de ver\u00e3o\"}]},{\"@type\":\"WebSite\",\"@id\":\"https:\\\/\\\/www.cidademarketing.com.br\\\/marketing\\\/#website\",\"url\":\"https:\\\/\\\/www.cidademarketing.com.br\\\/marketing\\\/\",\"name\":\"CidadeMarketing\",\"description\":\"Somos um ve\u00edculo de comunica\u00e7\u00e3o de destaque no Brasil, reconhecido por conte\u00fados nos segmentos de marketing, empreendedorismo e inova\u00e7\u00e3o.\",\"publisher\":{\"@id\":\"https:\\\/\\\/www.cidademarketing.com.br\\\/marketing\\\/#organization\"},\"alternateName\":\"CidadeMarketing\",\"potentialAction\":[{\"@type\":\"SearchAction\",\"target\":{\"@type\":\"EntryPoint\",\"urlTemplate\":\"https:\\\/\\\/www.cidademarketing.com.br\\\/marketing\\\/?s={search_term_string}\"},\"query-input\":{\"@type\":\"PropertyValueSpecification\",\"valueRequired\":true,\"valueName\":\"search_term_string\"}}],\"inLanguage\":\"pt-BR\"},{\"@type\":\"Organization\",\"@id\":\"https:\\\/\\\/www.cidademarketing.com.br\\\/marketing\\\/#organization\",\"name\":\"CidadeMarketing\",\"alternateName\":\"CidadeMarketing\",\"url\":\"https:\\\/\\\/www.cidademarketing.com.br\\\/marketing\\\/\",\"logo\":{\"@type\":\"ImageObject\",\"inLanguage\":\"pt-BR\",\"@id\":\"https:\\\/\\\/www.cidademarketing.com.br\\\/marketing\\\/#\\\/schema\\\/logo\\\/image\\\/\",\"url\":\"https:\\\/\\\/www.cidademarketing.com.br\\\/marketing\\\/wp-content\\\/uploads\\\/2020\\\/01\\\/cidademarketing_marca_mobile.png\",\"contentUrl\":\"https:\\\/\\\/www.cidademarketing.com.br\\\/marketing\\\/wp-content\\\/uploads\\\/2020\\\/01\\\/cidademarketing_marca_mobile.png\",\"width\":230,\"height\":92,\"caption\":\"CidadeMarketing\"},\"image\":{\"@id\":\"https:\\\/\\\/www.cidademarketing.com.br\\\/marketing\\\/#\\\/schema\\\/logo\\\/image\\\/\"},\"sameAs\":[\"https:\\\/\\\/www.facebook.com\\\/portalcidademarketing\",\"https:\\\/\\\/x.com\\\/CidadeMarketing\",\"https:\\\/\\\/www.instagram.com\\\/cidademarketing\\\/\"]},{\"@type\":\"Person\",\"@id\":\"https:\\\/\\\/www.cidademarketing.com.br\\\/marketing\\\/#\\\/schema\\\/person\\\/02daff9f18bd9378c9e01eb6b2db155f\",\"name\":\"Thales Brand\u00e3o\",\"image\":{\"@type\":\"ImageObject\",\"inLanguage\":\"pt-BR\",\"@id\":\"https:\\\/\\\/secure.gravatar.com\\\/avatar\\\/7ca3206950207cc3cb48feec56a8a7898741ab725c368d99d5d7a5a50aab80c6?s=96&d=mm&r=g\",\"url\":\"https:\\\/\\\/secure.gravatar.com\\\/avatar\\\/7ca3206950207cc3cb48feec56a8a7898741ab725c368d99d5d7a5a50aab80c6?s=96&d=mm&r=g\",\"contentUrl\":\"https:\\\/\\\/secure.gravatar.com\\\/avatar\\\/7ca3206950207cc3cb48feec56a8a7898741ab725c368d99d5d7a5a50aab80c6?s=96&d=mm&r=g\",\"caption\":\"Thales Brand\u00e3o\"},\"description\":\"Editor Executivo do Portal CidadeMarketing.com.br &gt; Mestre em Comunica\u00e7\u00e3o e Sociedade pela Universidade Federal de Sergipe. Possui MBA Executivo em Administra\u00e7\u00e3o com \u00eanfase em Marketing pela Funda\u00e7\u00e3o Get\u00falio Vargas - Rio de Janeiro. Consultor, Palestrante e Pesquisador sobre Empreendedorismo, Marketing, Redes Sociais e Neg\u00f3cios Digitais. Professor, Palestrante TedxTalks e Campus Party. Twitter: @ThalesBrandao\",\"sameAs\":[\"http:\\\/\\\/www.mandacaru.com.br\",\"https:\\\/\\\/www.facebook.com\\\/thalesbrandao\",\"http:\\\/\\\/www.instagram.com.br\\\/thalesbrandaoferreira\",\"https:\\\/\\\/www.linkedin.com\\\/in\\\/thales-brand\u00e3o-3948609\\\/\",\"https:\\\/\\\/x.com\\\/http:\\\/\\\/www.twitter.com\\\/thalesbrandao\"],\"url\":\"https:\\\/\\\/www.cidademarketing.com.br\\\/marketing\\\/author\\\/thalesbrandao\\\/\"}]}<\/script>\n<!-- \/ Yoast SEO plugin. -->","yoast_head_json":{"title":"STAEDTLER e Alexandre Herchcovitch firmam parceria exclusiva para cole\u00e7\u00e3o de ver\u00e3o - CidadeMarketing","robots":{"index":"index","follow":"follow","max-snippet":"max-snippet:-1","max-image-preview":"max-image-preview:large","max-video-preview":"max-video-preview:-1"},"canonical":"https:\/\/www.cidademarketing.com.br\/marketing\/2024\/01\/16\/staedtler-e-alexandre-herchcovitch-firmam-parceria-exclusiva-para-colecao-de-verao\/","og_locale":"pt_BR","og_type":"article","og_title":"STAEDTLER e Alexandre Herchcovitch firmam parceria exclusiva para cole\u00e7\u00e3o de ver\u00e3o - CidadeMarketing","og_description":"Buscando explorar a sinergia entre o mercado de papelaria e o mercado de moda, a STAEDTLER do Brasil e Alexandre Herchcovitch iniciaram uma parceria em dezembro de 2023. O in\u00edcio oficial da coopera\u00e7\u00e3o ocorreu durante o desfile da nova cole\u00e7\u00e3o de ver\u00e3o 23\/24 do estilista na Casa dos Criadores. Na ocasi\u00e3o CEOs, influenciadores e parceiros [&hellip;]","og_url":"https:\/\/www.cidademarketing.com.br\/marketing\/2024\/01\/16\/staedtler-e-alexandre-herchcovitch-firmam-parceria-exclusiva-para-colecao-de-verao\/","og_site_name":"CidadeMarketing","article_publisher":"https:\/\/www.facebook.com\/portalcidademarketing","article_author":"https:\/\/www.facebook.com\/thalesbrandao","article_published_time":"2024-01-16T13:36:36+00:00","og_image":[{"width":484,"height":809,"url":"https:\/\/www.cidademarketing.com.br\/marketing\/wp-content\/uploads\/2024\/01\/STAEDTLER_AlexandreHerchcovitch.webp","type":"image\/webp"}],"author":"Thales Brand\u00e3o","twitter_card":"summary_large_image","twitter_creator":"@http:\/\/www.twitter.com\/thalesbrandao","twitter_site":"@CidadeMarketing","twitter_misc":{"Escrito por":"Thales Brand\u00e3o","Est. tempo de leitura":"4 minutos"},"schema":{"@context":"https:\/\/schema.org","@graph":[{"@type":"Article","@id":"https:\/\/www.cidademarketing.com.br\/marketing\/2024\/01\/16\/staedtler-e-alexandre-herchcovitch-firmam-parceria-exclusiva-para-colecao-de-verao\/#article","isPartOf":{"@id":"https:\/\/www.cidademarketing.com.br\/marketing\/2024\/01\/16\/staedtler-e-alexandre-herchcovitch-firmam-parceria-exclusiva-para-colecao-de-verao\/"},"author":{"name":"Thales Brand\u00e3o","@id":"https:\/\/www.cidademarketing.com.br\/marketing\/#\/schema\/person\/02daff9f18bd9378c9e01eb6b2db155f"},"headline":"STAEDTLER e Alexandre Herchcovitch firmam parceria exclusiva para cole\u00e7\u00e3o de ver\u00e3o","datePublished":"2024-01-16T13:36:36+00:00","mainEntityOfPage":{"@id":"https:\/\/www.cidademarketing.com.br\/marketing\/2024\/01\/16\/staedtler-e-alexandre-herchcovitch-firmam-parceria-exclusiva-para-colecao-de-verao\/"},"wordCount":719,"commentCount":0,"publisher":{"@id":"https:\/\/www.cidademarketing.com.br\/marketing\/#organization"},"image":{"@id":"https:\/\/www.cidademarketing.com.br\/marketing\/2024\/01\/16\/staedtler-e-alexandre-herchcovitch-firmam-parceria-exclusiva-para-colecao-de-verao\/#primaryimage"},"thumbnailUrl":"https:\/\/www.cidademarketing.com.br\/marketing\/wp-content\/uploads\/2024\/01\/STAEDTLER_AlexandreHerchcovitch.webp","keywords":["Alexandre Herchcovitch","arte","campanha","desenho","design","estrat\u00e9gia","marketing","STAEDTLER"],"articleSection":["Not\u00edcias"],"inLanguage":"pt-BR","potentialAction":[{"@type":"CommentAction","name":"Comment","target":["https:\/\/www.cidademarketing.com.br\/marketing\/2024\/01\/16\/staedtler-e-alexandre-herchcovitch-firmam-parceria-exclusiva-para-colecao-de-verao\/#respond"]}]},{"@type":"WebPage","@id":"https:\/\/www.cidademarketing.com.br\/marketing\/2024\/01\/16\/staedtler-e-alexandre-herchcovitch-firmam-parceria-exclusiva-para-colecao-de-verao\/","url":"https:\/\/www.cidademarketing.com.br\/marketing\/2024\/01\/16\/staedtler-e-alexandre-herchcovitch-firmam-parceria-exclusiva-para-colecao-de-verao\/","name":"STAEDTLER e Alexandre Herchcovitch firmam parceria exclusiva para cole\u00e7\u00e3o de ver\u00e3o - CidadeMarketing","isPartOf":{"@id":"https:\/\/www.cidademarketing.com.br\/marketing\/#website"},"primaryImageOfPage":{"@id":"https:\/\/www.cidademarketing.com.br\/marketing\/2024\/01\/16\/staedtler-e-alexandre-herchcovitch-firmam-parceria-exclusiva-para-colecao-de-verao\/#primaryimage"},"image":{"@id":"https:\/\/www.cidademarketing.com.br\/marketing\/2024\/01\/16\/staedtler-e-alexandre-herchcovitch-firmam-parceria-exclusiva-para-colecao-de-verao\/#primaryimage"},"thumbnailUrl":"https:\/\/www.cidademarketing.com.br\/marketing\/wp-content\/uploads\/2024\/01\/STAEDTLER_AlexandreHerchcovitch.webp","datePublished":"2024-01-16T13:36:36+00:00","breadcrumb":{"@id":"https:\/\/www.cidademarketing.com.br\/marketing\/2024\/01\/16\/staedtler-e-alexandre-herchcovitch-firmam-parceria-exclusiva-para-colecao-de-verao\/#breadcrumb"},"inLanguage":"pt-BR","potentialAction":[{"@type":"ReadAction","target":["https:\/\/www.cidademarketing.com.br\/marketing\/2024\/01\/16\/staedtler-e-alexandre-herchcovitch-firmam-parceria-exclusiva-para-colecao-de-verao\/"]}]},{"@type":"ImageObject","inLanguage":"pt-BR","@id":"https:\/\/www.cidademarketing.com.br\/marketing\/2024\/01\/16\/staedtler-e-alexandre-herchcovitch-firmam-parceria-exclusiva-para-colecao-de-verao\/#primaryimage","url":"https:\/\/www.cidademarketing.com.br\/marketing\/wp-content\/uploads\/2024\/01\/STAEDTLER_AlexandreHerchcovitch.webp","contentUrl":"https:\/\/www.cidademarketing.com.br\/marketing\/wp-content\/uploads\/2024\/01\/STAEDTLER_AlexandreHerchcovitch.webp","width":484,"height":809,"caption":"Reprodu\u00e7\u00e3o"},{"@type":"BreadcrumbList","@id":"https:\/\/www.cidademarketing.com.br\/marketing\/2024\/01\/16\/staedtler-e-alexandre-herchcovitch-firmam-parceria-exclusiva-para-colecao-de-verao\/#breadcrumb","itemListElement":[{"@type":"ListItem","position":1,"name":"In\u00edcio","item":"https:\/\/www.cidademarketing.com.br\/marketing\/"},{"@type":"ListItem","position":2,"name":"STAEDTLER e Alexandre Herchcovitch firmam parceria exclusiva para cole\u00e7\u00e3o de ver\u00e3o"}]},{"@type":"WebSite","@id":"https:\/\/www.cidademarketing.com.br\/marketing\/#website","url":"https:\/\/www.cidademarketing.com.br\/marketing\/","name":"CidadeMarketing","description":"Somos um ve\u00edculo de comunica\u00e7\u00e3o de destaque no Brasil, reconhecido por conte\u00fados nos segmentos de marketing, empreendedorismo e inova\u00e7\u00e3o.","publisher":{"@id":"https:\/\/www.cidademarketing.com.br\/marketing\/#organization"},"alternateName":"CidadeMarketing","potentialAction":[{"@type":"SearchAction","target":{"@type":"EntryPoint","urlTemplate":"https:\/\/www.cidademarketing.com.br\/marketing\/?s={search_term_string}"},"query-input":{"@type":"PropertyValueSpecification","valueRequired":true,"valueName":"search_term_string"}}],"inLanguage":"pt-BR"},{"@type":"Organization","@id":"https:\/\/www.cidademarketing.com.br\/marketing\/#organization","name":"CidadeMarketing","alternateName":"CidadeMarketing","url":"https:\/\/www.cidademarketing.com.br\/marketing\/","logo":{"@type":"ImageObject","inLanguage":"pt-BR","@id":"https:\/\/www.cidademarketing.com.br\/marketing\/#\/schema\/logo\/image\/","url":"https:\/\/www.cidademarketing.com.br\/marketing\/wp-content\/uploads\/2020\/01\/cidademarketing_marca_mobile.png","contentUrl":"https:\/\/www.cidademarketing.com.br\/marketing\/wp-content\/uploads\/2020\/01\/cidademarketing_marca_mobile.png","width":230,"height":92,"caption":"CidadeMarketing"},"image":{"@id":"https:\/\/www.cidademarketing.com.br\/marketing\/#\/schema\/logo\/image\/"},"sameAs":["https:\/\/www.facebook.com\/portalcidademarketing","https:\/\/x.com\/CidadeMarketing","https:\/\/www.instagram.com\/cidademarketing\/"]},{"@type":"Person","@id":"https:\/\/www.cidademarketing.com.br\/marketing\/#\/schema\/person\/02daff9f18bd9378c9e01eb6b2db155f","name":"Thales Brand\u00e3o","image":{"@type":"ImageObject","inLanguage":"pt-BR","@id":"https:\/\/secure.gravatar.com\/avatar\/7ca3206950207cc3cb48feec56a8a7898741ab725c368d99d5d7a5a50aab80c6?s=96&d=mm&r=g","url":"https:\/\/secure.gravatar.com\/avatar\/7ca3206950207cc3cb48feec56a8a7898741ab725c368d99d5d7a5a50aab80c6?s=96&d=mm&r=g","contentUrl":"https:\/\/secure.gravatar.com\/avatar\/7ca3206950207cc3cb48feec56a8a7898741ab725c368d99d5d7a5a50aab80c6?s=96&d=mm&r=g","caption":"Thales Brand\u00e3o"},"description":"Editor Executivo do Portal CidadeMarketing.com.br &gt; Mestre em Comunica\u00e7\u00e3o e Sociedade pela Universidade Federal de Sergipe. Possui MBA Executivo em Administra\u00e7\u00e3o com \u00eanfase em Marketing pela Funda\u00e7\u00e3o Get\u00falio Vargas - Rio de Janeiro. Consultor, Palestrante e Pesquisador sobre Empreendedorismo, Marketing, Redes Sociais e Neg\u00f3cios Digitais. Professor, Palestrante TedxTalks e Campus Party. Twitter: @ThalesBrandao","sameAs":["http:\/\/www.mandacaru.com.br","https:\/\/www.facebook.com\/thalesbrandao","http:\/\/www.instagram.com.br\/thalesbrandaoferreira","https:\/\/www.linkedin.com\/in\/thales-brand\u00e3o-3948609\/","https:\/\/x.com\/http:\/\/www.twitter.com\/thalesbrandao"],"url":"https:\/\/www.cidademarketing.com.br\/marketing\/author\/thalesbrandao\/"}]}},"amp_enabled":true,"_links":{"self":[{"href":"https:\/\/www.cidademarketing.com.br\/marketing\/wp-json\/wp\/v2\/posts\/49539","targetHints":{"allow":["GET"]}}],"collection":[{"href":"https:\/\/www.cidademarketing.com.br\/marketing\/wp-json\/wp\/v2\/posts"}],"about":[{"href":"https:\/\/www.cidademarketing.com.br\/marketing\/wp-json\/wp\/v2\/types\/post"}],"author":[{"embeddable":true,"href":"https:\/\/www.cidademarketing.com.br\/marketing\/wp-json\/wp\/v2\/users\/1"}],"replies":[{"embeddable":true,"href":"https:\/\/www.cidademarketing.com.br\/marketing\/wp-json\/wp\/v2\/comments?post=49539"}],"version-history":[{"count":1,"href":"https:\/\/www.cidademarketing.com.br\/marketing\/wp-json\/wp\/v2\/posts\/49539\/revisions"}],"predecessor-version":[{"id":49541,"href":"https:\/\/www.cidademarketing.com.br\/marketing\/wp-json\/wp\/v2\/posts\/49539\/revisions\/49541"}],"wp:featuredmedia":[{"embeddable":true,"href":"https:\/\/www.cidademarketing.com.br\/marketing\/wp-json\/wp\/v2\/media\/49540"}],"wp:attachment":[{"href":"https:\/\/www.cidademarketing.com.br\/marketing\/wp-json\/wp\/v2\/media?parent=49539"}],"wp:term":[{"taxonomy":"category","embeddable":true,"href":"https:\/\/www.cidademarketing.com.br\/marketing\/wp-json\/wp\/v2\/categories?post=49539"},{"taxonomy":"post_tag","embeddable":true,"href":"https:\/\/www.cidademarketing.com.br\/marketing\/wp-json\/wp\/v2\/tags?post=49539"}],"curies":[{"name":"wp","href":"https:\/\/api.w.org\/{rel}","templated":true}]}}