{"id":49422,"date":"2023-12-29T17:52:25","date_gmt":"2023-12-29T20:52:25","guid":{"rendered":"https:\/\/www.cidademarketing.com.br\/marketing\/?p=49422"},"modified":"2023-12-29T17:52:25","modified_gmt":"2023-12-29T20:52:25","slug":"mulheres-protegidas-brasil-adota-lei-nao-e-nao-contra-assedio-em-eventos-e-bares","status":"publish","type":"post","link":"https:\/\/www.cidademarketing.com.br\/marketing\/2023\/12\/29\/mulheres-protegidas-brasil-adota-lei-nao-e-nao-contra-assedio-em-eventos-e-bares\/","title":{"rendered":"Mulheres Protegidas: Brasil adota Lei &#8220;N\u00e3o \u00e9 N\u00e3o&#8221; contra ass\u00e9dio em eventos e bares"},"content":{"rendered":"<p>O presidente Luiz In\u00e1cio Lula da Silva (PT) sancionou uma legisla\u00e7\u00e3o pioneira que estabelece o protocolo &#8220;N\u00e3o \u00e9 N\u00e3o&#8221; em todo o territ\u00f3rio nacional, focado em resguardar as mulheres de ass\u00e9dio e viol\u00eancia em shows, bares e boates.<\/p>\n<p>A decis\u00e3o foi oficializada na edi\u00e7\u00e3o do Di\u00e1rio Oficial da Uni\u00e3o (DOU) desta sexta-feira, 29. A implementa\u00e7\u00e3o integral dessa nova norma est\u00e1 programada para entrar em vigor em seis meses, ou seja, at\u00e9 o final de junho de 2024, concedendo prazo para que os estabelecimentos se adaptem \u00e0s novas diretrizes.<\/p>\n<p><a href=\"https:\/\/www.cidademarketing.com.br\/marketing\/sua-marca-vai-virar-noticia\/\" target=\"_blank\" rel=\"noopener\"><img fetchpriority=\"high\" decoding=\"async\" class=\"wp-image-44329 aligncenter\" src=\"https:\/\/www.cidademarketing.com.br\/comercial\/google_backlinks_guestpost_publieditorial_cidademarketing.webp\" alt=\"\" width=\"536\" height=\"479\" \/><\/a><\/p>\n<p>O prop\u00f3sito fundamental da lei \u00e9 prevenir situa\u00e7\u00f5es constrangedoras e combater a viol\u00eancia direcionada \u00e0s mulheres em locais como casas noturnas, eventos festivos, bailes, espet\u00e1culos, shows com venda de bebidas alco\u00f3licas, bares e restaurantes. Vale ressaltar que eventos religiosos est\u00e3o exclu\u00eddos do escopo do protocolo.<\/p>\n<p>Com a aplica\u00e7\u00e3o dessa lei, os estabelecimentos assumem a responsabilidade de monitorar e intervir em poss\u00edveis situa\u00e7\u00f5es de constrangimento, caracterizadas por insist\u00eancia f\u00edsica ou verbal ap\u00f3s a mulher manifestar claramente sua discord\u00e2ncia. Al\u00e9m disso, o protocolo abrange a\u00e7\u00f5es violentas que resultem em les\u00f5es, danos ou at\u00e9 mesmo morte, quando causados pelo uso da for\u00e7a.<\/p>\n<p>A iniciativa representa um avan\u00e7o significativo na promo\u00e7\u00e3o de ambientes mais seguros e respeitosos, enfatizando o compromisso com o bem-estar das mulheres em espa\u00e7os de entretenimento, e marca uma importante etapa na constru\u00e7\u00e3o de uma sociedade mais igualit\u00e1ria e justa.<\/p>\n<p><iframe title=\"Spotify Embed: Podcast CidadeMarketing\" style=\"border-radius: 12px\" width=\"100%\" height=\"152\" frameborder=\"0\" allowfullscreen allow=\"autoplay; clipboard-write; encrypted-media; fullscreen; picture-in-picture\" loading=\"lazy\" src=\"https:\/\/open.spotify.com\/embed\/show\/4khMKzP3FgFRWVwb73xicc?si=252fe5bff2b34909&#038;utm_source=oembed\"><\/iframe><\/p>\n<p>&nbsp;<\/p>\n<p>&nbsp;<\/p>\n","protected":false},"excerpt":{"rendered":"<p>O presidente Luiz In\u00e1cio Lula da Silva (PT) sancionou uma legisla\u00e7\u00e3o pioneira que estabelece o protocolo &#8220;N\u00e3o \u00e9 N\u00e3o&#8221; em todo o territ\u00f3rio nacional, focado em resguardar as mulheres de ass\u00e9dio e viol\u00eancia em shows, bares e boates. A decis\u00e3o foi oficializada na edi\u00e7\u00e3o do Di\u00e1rio Oficial da Uni\u00e3o (DOU) desta sexta-feira, 29. A implementa\u00e7\u00e3o [&hellip;]<\/p>\n","protected":false},"author":1,"featured_media":49423,"comment_status":"open","ping_status":"open","sticky":false,"template":"","format":"standard","meta":{"tdm_status":"","tdm_grid_status":"","footnotes":""},"categories":[6],"tags":[1475,3360,147,1159,60,1294,1783,6620,955],"class_list":["post-49422","post","type-post","status-publish","format-standard","has-post-thumbnail","hentry","category-noticias","tag-assedio","tag-bares","tag-brasil","tag-eventos","tag-governo-federal","tag-lei","tag-lula","tag-nao-e-nao","tag-presidente"],"yoast_head":"<!-- This site is optimized with the Yoast SEO plugin v27.5 - https:\/\/yoast.com\/product\/yoast-seo-wordpress\/ -->\n<title>Mulheres Protegidas: Brasil adota Lei &quot;N\u00e3o \u00e9 N\u00e3o&quot; contra ass\u00e9dio em eventos e bares - CidadeMarketing<\/title>\n<meta name=\"robots\" content=\"index, follow, max-snippet:-1, max-image-preview:large, max-video-preview:-1\" \/>\n<link rel=\"canonical\" href=\"https:\/\/www.cidademarketing.com.br\/marketing\/2023\/12\/29\/mulheres-protegidas-brasil-adota-lei-nao-e-nao-contra-assedio-em-eventos-e-bares\/\" \/>\n<meta property=\"og:locale\" content=\"pt_BR\" \/>\n<meta property=\"og:type\" content=\"article\" \/>\n<meta property=\"og:title\" content=\"Mulheres Protegidas: Brasil adota Lei &quot;N\u00e3o \u00e9 N\u00e3o&quot; contra ass\u00e9dio em eventos e bares - CidadeMarketing\" \/>\n<meta property=\"og:description\" content=\"O presidente Luiz In\u00e1cio Lula da Silva (PT) sancionou uma legisla\u00e7\u00e3o pioneira que estabelece o protocolo &#8220;N\u00e3o \u00e9 N\u00e3o&#8221; em todo o territ\u00f3rio nacional, focado em resguardar as mulheres de ass\u00e9dio e viol\u00eancia em shows, bares e boates. A decis\u00e3o foi oficializada na edi\u00e7\u00e3o do Di\u00e1rio Oficial da Uni\u00e3o (DOU) desta sexta-feira, 29. A implementa\u00e7\u00e3o [&hellip;]\" \/>\n<meta property=\"og:url\" content=\"https:\/\/www.cidademarketing.com.br\/marketing\/2023\/12\/29\/mulheres-protegidas-brasil-adota-lei-nao-e-nao-contra-assedio-em-eventos-e-bares\/\" \/>\n<meta property=\"og:site_name\" content=\"CidadeMarketing\" \/>\n<meta property=\"article:publisher\" content=\"https:\/\/www.facebook.com\/portalcidademarketing\" \/>\n<meta property=\"article:author\" content=\"https:\/\/www.facebook.com\/thalesbrandao\" \/>\n<meta property=\"article:published_time\" content=\"2023-12-29T20:52:25+00:00\" \/>\n<meta property=\"og:image\" content=\"https:\/\/www.cidademarketing.com.br\/marketing\/wp-content\/uploads\/2023\/12\/lei_naoenao.webp\" \/>\n\t<meta property=\"og:image:width\" content=\"1024\" \/>\n\t<meta property=\"og:image:height\" content=\"1024\" \/>\n\t<meta property=\"og:image:type\" content=\"image\/webp\" \/>\n<meta name=\"author\" content=\"Thales Brand\u00e3o\" \/>\n<meta name=\"twitter:card\" content=\"summary_large_image\" \/>\n<meta name=\"twitter:creator\" content=\"@http:\/\/www.twitter.com\/thalesbrandao\" \/>\n<meta name=\"twitter:site\" content=\"@CidadeMarketing\" \/>\n<meta name=\"twitter:label1\" content=\"Escrito por\" \/>\n\t<meta name=\"twitter:data1\" content=\"Thales Brand\u00e3o\" \/>\n\t<meta name=\"twitter:label2\" content=\"Est. tempo de leitura\" \/>\n\t<meta name=\"twitter:data2\" content=\"1 minuto\" \/>\n<script type=\"application\/ld+json\" class=\"yoast-schema-graph\">{\"@context\":\"https:\\\/\\\/schema.org\",\"@graph\":[{\"@type\":\"Article\",\"@id\":\"https:\\\/\\\/www.cidademarketing.com.br\\\/marketing\\\/2023\\\/12\\\/29\\\/mulheres-protegidas-brasil-adota-lei-nao-e-nao-contra-assedio-em-eventos-e-bares\\\/#article\",\"isPartOf\":{\"@id\":\"https:\\\/\\\/www.cidademarketing.com.br\\\/marketing\\\/2023\\\/12\\\/29\\\/mulheres-protegidas-brasil-adota-lei-nao-e-nao-contra-assedio-em-eventos-e-bares\\\/\"},\"author\":{\"name\":\"Thales Brand\u00e3o\",\"@id\":\"https:\\\/\\\/www.cidademarketing.com.br\\\/marketing\\\/#\\\/schema\\\/person\\\/02daff9f18bd9378c9e01eb6b2db155f\"},\"headline\":\"Mulheres Protegidas: Brasil adota Lei &#8220;N\u00e3o \u00e9 N\u00e3o&#8221; contra ass\u00e9dio em eventos e bares\",\"datePublished\":\"2023-12-29T20:52:25+00:00\",\"mainEntityOfPage\":{\"@id\":\"https:\\\/\\\/www.cidademarketing.com.br\\\/marketing\\\/2023\\\/12\\\/29\\\/mulheres-protegidas-brasil-adota-lei-nao-e-nao-contra-assedio-em-eventos-e-bares\\\/\"},\"wordCount\":290,\"commentCount\":0,\"publisher\":{\"@id\":\"https:\\\/\\\/www.cidademarketing.com.br\\\/marketing\\\/#organization\"},\"image\":{\"@id\":\"https:\\\/\\\/www.cidademarketing.com.br\\\/marketing\\\/2023\\\/12\\\/29\\\/mulheres-protegidas-brasil-adota-lei-nao-e-nao-contra-assedio-em-eventos-e-bares\\\/#primaryimage\"},\"thumbnailUrl\":\"https:\\\/\\\/www.cidademarketing.com.br\\\/marketing\\\/wp-content\\\/uploads\\\/2023\\\/12\\\/lei_naoenao.webp\",\"keywords\":[\"ass\u00e9dio\",\"bares\",\"Brasil\",\"eventos\",\"Governo Federal\",\"lei\",\"Lula\",\"n\u00e3o \u00e9 n\u00e3o\",\"presidente\"],\"articleSection\":[\"Not\u00edcias\"],\"inLanguage\":\"pt-BR\",\"potentialAction\":[{\"@type\":\"CommentAction\",\"name\":\"Comment\",\"target\":[\"https:\\\/\\\/www.cidademarketing.com.br\\\/marketing\\\/2023\\\/12\\\/29\\\/mulheres-protegidas-brasil-adota-lei-nao-e-nao-contra-assedio-em-eventos-e-bares\\\/#respond\"]}]},{\"@type\":\"WebPage\",\"@id\":\"https:\\\/\\\/www.cidademarketing.com.br\\\/marketing\\\/2023\\\/12\\\/29\\\/mulheres-protegidas-brasil-adota-lei-nao-e-nao-contra-assedio-em-eventos-e-bares\\\/\",\"url\":\"https:\\\/\\\/www.cidademarketing.com.br\\\/marketing\\\/2023\\\/12\\\/29\\\/mulheres-protegidas-brasil-adota-lei-nao-e-nao-contra-assedio-em-eventos-e-bares\\\/\",\"name\":\"Mulheres Protegidas: Brasil adota Lei \\\"N\u00e3o \u00e9 N\u00e3o\\\" contra ass\u00e9dio em eventos e bares - CidadeMarketing\",\"isPartOf\":{\"@id\":\"https:\\\/\\\/www.cidademarketing.com.br\\\/marketing\\\/#website\"},\"primaryImageOfPage\":{\"@id\":\"https:\\\/\\\/www.cidademarketing.com.br\\\/marketing\\\/2023\\\/12\\\/29\\\/mulheres-protegidas-brasil-adota-lei-nao-e-nao-contra-assedio-em-eventos-e-bares\\\/#primaryimage\"},\"image\":{\"@id\":\"https:\\\/\\\/www.cidademarketing.com.br\\\/marketing\\\/2023\\\/12\\\/29\\\/mulheres-protegidas-brasil-adota-lei-nao-e-nao-contra-assedio-em-eventos-e-bares\\\/#primaryimage\"},\"thumbnailUrl\":\"https:\\\/\\\/www.cidademarketing.com.br\\\/marketing\\\/wp-content\\\/uploads\\\/2023\\\/12\\\/lei_naoenao.webp\",\"datePublished\":\"2023-12-29T20:52:25+00:00\",\"breadcrumb\":{\"@id\":\"https:\\\/\\\/www.cidademarketing.com.br\\\/marketing\\\/2023\\\/12\\\/29\\\/mulheres-protegidas-brasil-adota-lei-nao-e-nao-contra-assedio-em-eventos-e-bares\\\/#breadcrumb\"},\"inLanguage\":\"pt-BR\",\"potentialAction\":[{\"@type\":\"ReadAction\",\"target\":[\"https:\\\/\\\/www.cidademarketing.com.br\\\/marketing\\\/2023\\\/12\\\/29\\\/mulheres-protegidas-brasil-adota-lei-nao-e-nao-contra-assedio-em-eventos-e-bares\\\/\"]}]},{\"@type\":\"ImageObject\",\"inLanguage\":\"pt-BR\",\"@id\":\"https:\\\/\\\/www.cidademarketing.com.br\\\/marketing\\\/2023\\\/12\\\/29\\\/mulheres-protegidas-brasil-adota-lei-nao-e-nao-contra-assedio-em-eventos-e-bares\\\/#primaryimage\",\"url\":\"https:\\\/\\\/www.cidademarketing.com.br\\\/marketing\\\/wp-content\\\/uploads\\\/2023\\\/12\\\/lei_naoenao.webp\",\"contentUrl\":\"https:\\\/\\\/www.cidademarketing.com.br\\\/marketing\\\/wp-content\\\/uploads\\\/2023\\\/12\\\/lei_naoenao.webp\",\"width\":1024,\"height\":1024,\"caption\":\"imagem gerada por AI: Microsoft Bing\"},{\"@type\":\"BreadcrumbList\",\"@id\":\"https:\\\/\\\/www.cidademarketing.com.br\\\/marketing\\\/2023\\\/12\\\/29\\\/mulheres-protegidas-brasil-adota-lei-nao-e-nao-contra-assedio-em-eventos-e-bares\\\/#breadcrumb\",\"itemListElement\":[{\"@type\":\"ListItem\",\"position\":1,\"name\":\"In\u00edcio\",\"item\":\"https:\\\/\\\/www.cidademarketing.com.br\\\/marketing\\\/\"},{\"@type\":\"ListItem\",\"position\":2,\"name\":\"Mulheres Protegidas: Brasil adota Lei &#8220;N\u00e3o \u00e9 N\u00e3o&#8221; contra ass\u00e9dio em eventos e bares\"}]},{\"@type\":\"WebSite\",\"@id\":\"https:\\\/\\\/www.cidademarketing.com.br\\\/marketing\\\/#website\",\"url\":\"https:\\\/\\\/www.cidademarketing.com.br\\\/marketing\\\/\",\"name\":\"CidadeMarketing\",\"description\":\"Somos um ve\u00edculo de comunica\u00e7\u00e3o de destaque no Brasil, reconhecido por conte\u00fados nos segmentos de marketing, empreendedorismo e inova\u00e7\u00e3o.\",\"publisher\":{\"@id\":\"https:\\\/\\\/www.cidademarketing.com.br\\\/marketing\\\/#organization\"},\"alternateName\":\"CidadeMarketing\",\"potentialAction\":[{\"@type\":\"SearchAction\",\"target\":{\"@type\":\"EntryPoint\",\"urlTemplate\":\"https:\\\/\\\/www.cidademarketing.com.br\\\/marketing\\\/?s={search_term_string}\"},\"query-input\":{\"@type\":\"PropertyValueSpecification\",\"valueRequired\":true,\"valueName\":\"search_term_string\"}}],\"inLanguage\":\"pt-BR\"},{\"@type\":\"Organization\",\"@id\":\"https:\\\/\\\/www.cidademarketing.com.br\\\/marketing\\\/#organization\",\"name\":\"CidadeMarketing\",\"alternateName\":\"CidadeMarketing\",\"url\":\"https:\\\/\\\/www.cidademarketing.com.br\\\/marketing\\\/\",\"logo\":{\"@type\":\"ImageObject\",\"inLanguage\":\"pt-BR\",\"@id\":\"https:\\\/\\\/www.cidademarketing.com.br\\\/marketing\\\/#\\\/schema\\\/logo\\\/image\\\/\",\"url\":\"https:\\\/\\\/www.cidademarketing.com.br\\\/marketing\\\/wp-content\\\/uploads\\\/2020\\\/01\\\/cidademarketing_marca_mobile.png\",\"contentUrl\":\"https:\\\/\\\/www.cidademarketing.com.br\\\/marketing\\\/wp-content\\\/uploads\\\/2020\\\/01\\\/cidademarketing_marca_mobile.png\",\"width\":230,\"height\":92,\"caption\":\"CidadeMarketing\"},\"image\":{\"@id\":\"https:\\\/\\\/www.cidademarketing.com.br\\\/marketing\\\/#\\\/schema\\\/logo\\\/image\\\/\"},\"sameAs\":[\"https:\\\/\\\/www.facebook.com\\\/portalcidademarketing\",\"https:\\\/\\\/x.com\\\/CidadeMarketing\",\"https:\\\/\\\/www.instagram.com\\\/cidademarketing\\\/\"]},{\"@type\":\"Person\",\"@id\":\"https:\\\/\\\/www.cidademarketing.com.br\\\/marketing\\\/#\\\/schema\\\/person\\\/02daff9f18bd9378c9e01eb6b2db155f\",\"name\":\"Thales Brand\u00e3o\",\"image\":{\"@type\":\"ImageObject\",\"inLanguage\":\"pt-BR\",\"@id\":\"https:\\\/\\\/secure.gravatar.com\\\/avatar\\\/7ca3206950207cc3cb48feec56a8a7898741ab725c368d99d5d7a5a50aab80c6?s=96&d=mm&r=g\",\"url\":\"https:\\\/\\\/secure.gravatar.com\\\/avatar\\\/7ca3206950207cc3cb48feec56a8a7898741ab725c368d99d5d7a5a50aab80c6?s=96&d=mm&r=g\",\"contentUrl\":\"https:\\\/\\\/secure.gravatar.com\\\/avatar\\\/7ca3206950207cc3cb48feec56a8a7898741ab725c368d99d5d7a5a50aab80c6?s=96&d=mm&r=g\",\"caption\":\"Thales Brand\u00e3o\"},\"description\":\"Editor Executivo do Portal CidadeMarketing.com.br &gt; Mestre em Comunica\u00e7\u00e3o e Sociedade pela Universidade Federal de Sergipe. Possui MBA Executivo em Administra\u00e7\u00e3o com \u00eanfase em Marketing pela Funda\u00e7\u00e3o Get\u00falio Vargas - Rio de Janeiro. Consultor, Palestrante e Pesquisador sobre Empreendedorismo, Marketing, Redes Sociais e Neg\u00f3cios Digitais. Professor, Palestrante TedxTalks e Campus Party. Twitter: @ThalesBrandao\",\"sameAs\":[\"http:\\\/\\\/www.mandacaru.com.br\",\"https:\\\/\\\/www.facebook.com\\\/thalesbrandao\",\"http:\\\/\\\/www.instagram.com.br\\\/thalesbrandaoferreira\",\"https:\\\/\\\/www.linkedin.com\\\/in\\\/thales-brand\u00e3o-3948609\\\/\",\"https:\\\/\\\/x.com\\\/http:\\\/\\\/www.twitter.com\\\/thalesbrandao\"],\"url\":\"https:\\\/\\\/www.cidademarketing.com.br\\\/marketing\\\/author\\\/thalesbrandao\\\/\"}]}<\/script>\n<!-- \/ Yoast SEO plugin. -->","yoast_head_json":{"title":"Mulheres Protegidas: Brasil adota Lei \"N\u00e3o \u00e9 N\u00e3o\" contra ass\u00e9dio em eventos e bares - CidadeMarketing","robots":{"index":"index","follow":"follow","max-snippet":"max-snippet:-1","max-image-preview":"max-image-preview:large","max-video-preview":"max-video-preview:-1"},"canonical":"https:\/\/www.cidademarketing.com.br\/marketing\/2023\/12\/29\/mulheres-protegidas-brasil-adota-lei-nao-e-nao-contra-assedio-em-eventos-e-bares\/","og_locale":"pt_BR","og_type":"article","og_title":"Mulheres Protegidas: Brasil adota Lei \"N\u00e3o \u00e9 N\u00e3o\" contra ass\u00e9dio em eventos e bares - CidadeMarketing","og_description":"O presidente Luiz In\u00e1cio Lula da Silva (PT) sancionou uma legisla\u00e7\u00e3o pioneira que estabelece o protocolo &#8220;N\u00e3o \u00e9 N\u00e3o&#8221; em todo o territ\u00f3rio nacional, focado em resguardar as mulheres de ass\u00e9dio e viol\u00eancia em shows, bares e boates. A decis\u00e3o foi oficializada na edi\u00e7\u00e3o do Di\u00e1rio Oficial da Uni\u00e3o (DOU) desta sexta-feira, 29. A implementa\u00e7\u00e3o [&hellip;]","og_url":"https:\/\/www.cidademarketing.com.br\/marketing\/2023\/12\/29\/mulheres-protegidas-brasil-adota-lei-nao-e-nao-contra-assedio-em-eventos-e-bares\/","og_site_name":"CidadeMarketing","article_publisher":"https:\/\/www.facebook.com\/portalcidademarketing","article_author":"https:\/\/www.facebook.com\/thalesbrandao","article_published_time":"2023-12-29T20:52:25+00:00","og_image":[{"width":1024,"height":1024,"url":"https:\/\/www.cidademarketing.com.br\/marketing\/wp-content\/uploads\/2023\/12\/lei_naoenao.webp","type":"image\/webp"}],"author":"Thales Brand\u00e3o","twitter_card":"summary_large_image","twitter_creator":"@http:\/\/www.twitter.com\/thalesbrandao","twitter_site":"@CidadeMarketing","twitter_misc":{"Escrito por":"Thales Brand\u00e3o","Est. tempo de leitura":"1 minuto"},"schema":{"@context":"https:\/\/schema.org","@graph":[{"@type":"Article","@id":"https:\/\/www.cidademarketing.com.br\/marketing\/2023\/12\/29\/mulheres-protegidas-brasil-adota-lei-nao-e-nao-contra-assedio-em-eventos-e-bares\/#article","isPartOf":{"@id":"https:\/\/www.cidademarketing.com.br\/marketing\/2023\/12\/29\/mulheres-protegidas-brasil-adota-lei-nao-e-nao-contra-assedio-em-eventos-e-bares\/"},"author":{"name":"Thales Brand\u00e3o","@id":"https:\/\/www.cidademarketing.com.br\/marketing\/#\/schema\/person\/02daff9f18bd9378c9e01eb6b2db155f"},"headline":"Mulheres Protegidas: Brasil adota Lei &#8220;N\u00e3o \u00e9 N\u00e3o&#8221; contra ass\u00e9dio em eventos e bares","datePublished":"2023-12-29T20:52:25+00:00","mainEntityOfPage":{"@id":"https:\/\/www.cidademarketing.com.br\/marketing\/2023\/12\/29\/mulheres-protegidas-brasil-adota-lei-nao-e-nao-contra-assedio-em-eventos-e-bares\/"},"wordCount":290,"commentCount":0,"publisher":{"@id":"https:\/\/www.cidademarketing.com.br\/marketing\/#organization"},"image":{"@id":"https:\/\/www.cidademarketing.com.br\/marketing\/2023\/12\/29\/mulheres-protegidas-brasil-adota-lei-nao-e-nao-contra-assedio-em-eventos-e-bares\/#primaryimage"},"thumbnailUrl":"https:\/\/www.cidademarketing.com.br\/marketing\/wp-content\/uploads\/2023\/12\/lei_naoenao.webp","keywords":["ass\u00e9dio","bares","Brasil","eventos","Governo Federal","lei","Lula","n\u00e3o \u00e9 n\u00e3o","presidente"],"articleSection":["Not\u00edcias"],"inLanguage":"pt-BR","potentialAction":[{"@type":"CommentAction","name":"Comment","target":["https:\/\/www.cidademarketing.com.br\/marketing\/2023\/12\/29\/mulheres-protegidas-brasil-adota-lei-nao-e-nao-contra-assedio-em-eventos-e-bares\/#respond"]}]},{"@type":"WebPage","@id":"https:\/\/www.cidademarketing.com.br\/marketing\/2023\/12\/29\/mulheres-protegidas-brasil-adota-lei-nao-e-nao-contra-assedio-em-eventos-e-bares\/","url":"https:\/\/www.cidademarketing.com.br\/marketing\/2023\/12\/29\/mulheres-protegidas-brasil-adota-lei-nao-e-nao-contra-assedio-em-eventos-e-bares\/","name":"Mulheres Protegidas: Brasil adota Lei \"N\u00e3o \u00e9 N\u00e3o\" contra ass\u00e9dio em eventos e bares - CidadeMarketing","isPartOf":{"@id":"https:\/\/www.cidademarketing.com.br\/marketing\/#website"},"primaryImageOfPage":{"@id":"https:\/\/www.cidademarketing.com.br\/marketing\/2023\/12\/29\/mulheres-protegidas-brasil-adota-lei-nao-e-nao-contra-assedio-em-eventos-e-bares\/#primaryimage"},"image":{"@id":"https:\/\/www.cidademarketing.com.br\/marketing\/2023\/12\/29\/mulheres-protegidas-brasil-adota-lei-nao-e-nao-contra-assedio-em-eventos-e-bares\/#primaryimage"},"thumbnailUrl":"https:\/\/www.cidademarketing.com.br\/marketing\/wp-content\/uploads\/2023\/12\/lei_naoenao.webp","datePublished":"2023-12-29T20:52:25+00:00","breadcrumb":{"@id":"https:\/\/www.cidademarketing.com.br\/marketing\/2023\/12\/29\/mulheres-protegidas-brasil-adota-lei-nao-e-nao-contra-assedio-em-eventos-e-bares\/#breadcrumb"},"inLanguage":"pt-BR","potentialAction":[{"@type":"ReadAction","target":["https:\/\/www.cidademarketing.com.br\/marketing\/2023\/12\/29\/mulheres-protegidas-brasil-adota-lei-nao-e-nao-contra-assedio-em-eventos-e-bares\/"]}]},{"@type":"ImageObject","inLanguage":"pt-BR","@id":"https:\/\/www.cidademarketing.com.br\/marketing\/2023\/12\/29\/mulheres-protegidas-brasil-adota-lei-nao-e-nao-contra-assedio-em-eventos-e-bares\/#primaryimage","url":"https:\/\/www.cidademarketing.com.br\/marketing\/wp-content\/uploads\/2023\/12\/lei_naoenao.webp","contentUrl":"https:\/\/www.cidademarketing.com.br\/marketing\/wp-content\/uploads\/2023\/12\/lei_naoenao.webp","width":1024,"height":1024,"caption":"imagem gerada por AI: Microsoft Bing"},{"@type":"BreadcrumbList","@id":"https:\/\/www.cidademarketing.com.br\/marketing\/2023\/12\/29\/mulheres-protegidas-brasil-adota-lei-nao-e-nao-contra-assedio-em-eventos-e-bares\/#breadcrumb","itemListElement":[{"@type":"ListItem","position":1,"name":"In\u00edcio","item":"https:\/\/www.cidademarketing.com.br\/marketing\/"},{"@type":"ListItem","position":2,"name":"Mulheres Protegidas: Brasil adota Lei &#8220;N\u00e3o \u00e9 N\u00e3o&#8221; contra ass\u00e9dio em eventos e bares"}]},{"@type":"WebSite","@id":"https:\/\/www.cidademarketing.com.br\/marketing\/#website","url":"https:\/\/www.cidademarketing.com.br\/marketing\/","name":"CidadeMarketing","description":"Somos um ve\u00edculo de comunica\u00e7\u00e3o de destaque no Brasil, reconhecido por conte\u00fados nos segmentos de marketing, empreendedorismo e inova\u00e7\u00e3o.","publisher":{"@id":"https:\/\/www.cidademarketing.com.br\/marketing\/#organization"},"alternateName":"CidadeMarketing","potentialAction":[{"@type":"SearchAction","target":{"@type":"EntryPoint","urlTemplate":"https:\/\/www.cidademarketing.com.br\/marketing\/?s={search_term_string}"},"query-input":{"@type":"PropertyValueSpecification","valueRequired":true,"valueName":"search_term_string"}}],"inLanguage":"pt-BR"},{"@type":"Organization","@id":"https:\/\/www.cidademarketing.com.br\/marketing\/#organization","name":"CidadeMarketing","alternateName":"CidadeMarketing","url":"https:\/\/www.cidademarketing.com.br\/marketing\/","logo":{"@type":"ImageObject","inLanguage":"pt-BR","@id":"https:\/\/www.cidademarketing.com.br\/marketing\/#\/schema\/logo\/image\/","url":"https:\/\/www.cidademarketing.com.br\/marketing\/wp-content\/uploads\/2020\/01\/cidademarketing_marca_mobile.png","contentUrl":"https:\/\/www.cidademarketing.com.br\/marketing\/wp-content\/uploads\/2020\/01\/cidademarketing_marca_mobile.png","width":230,"height":92,"caption":"CidadeMarketing"},"image":{"@id":"https:\/\/www.cidademarketing.com.br\/marketing\/#\/schema\/logo\/image\/"},"sameAs":["https:\/\/www.facebook.com\/portalcidademarketing","https:\/\/x.com\/CidadeMarketing","https:\/\/www.instagram.com\/cidademarketing\/"]},{"@type":"Person","@id":"https:\/\/www.cidademarketing.com.br\/marketing\/#\/schema\/person\/02daff9f18bd9378c9e01eb6b2db155f","name":"Thales Brand\u00e3o","image":{"@type":"ImageObject","inLanguage":"pt-BR","@id":"https:\/\/secure.gravatar.com\/avatar\/7ca3206950207cc3cb48feec56a8a7898741ab725c368d99d5d7a5a50aab80c6?s=96&d=mm&r=g","url":"https:\/\/secure.gravatar.com\/avatar\/7ca3206950207cc3cb48feec56a8a7898741ab725c368d99d5d7a5a50aab80c6?s=96&d=mm&r=g","contentUrl":"https:\/\/secure.gravatar.com\/avatar\/7ca3206950207cc3cb48feec56a8a7898741ab725c368d99d5d7a5a50aab80c6?s=96&d=mm&r=g","caption":"Thales Brand\u00e3o"},"description":"Editor Executivo do Portal CidadeMarketing.com.br &gt; Mestre em Comunica\u00e7\u00e3o e Sociedade pela Universidade Federal de Sergipe. Possui MBA Executivo em Administra\u00e7\u00e3o com \u00eanfase em Marketing pela Funda\u00e7\u00e3o Get\u00falio Vargas - Rio de Janeiro. Consultor, Palestrante e Pesquisador sobre Empreendedorismo, Marketing, Redes Sociais e Neg\u00f3cios Digitais. Professor, Palestrante TedxTalks e Campus Party. Twitter: @ThalesBrandao","sameAs":["http:\/\/www.mandacaru.com.br","https:\/\/www.facebook.com\/thalesbrandao","http:\/\/www.instagram.com.br\/thalesbrandaoferreira","https:\/\/www.linkedin.com\/in\/thales-brand\u00e3o-3948609\/","https:\/\/x.com\/http:\/\/www.twitter.com\/thalesbrandao"],"url":"https:\/\/www.cidademarketing.com.br\/marketing\/author\/thalesbrandao\/"}]}},"amp_enabled":true,"_links":{"self":[{"href":"https:\/\/www.cidademarketing.com.br\/marketing\/wp-json\/wp\/v2\/posts\/49422","targetHints":{"allow":["GET"]}}],"collection":[{"href":"https:\/\/www.cidademarketing.com.br\/marketing\/wp-json\/wp\/v2\/posts"}],"about":[{"href":"https:\/\/www.cidademarketing.com.br\/marketing\/wp-json\/wp\/v2\/types\/post"}],"author":[{"embeddable":true,"href":"https:\/\/www.cidademarketing.com.br\/marketing\/wp-json\/wp\/v2\/users\/1"}],"replies":[{"embeddable":true,"href":"https:\/\/www.cidademarketing.com.br\/marketing\/wp-json\/wp\/v2\/comments?post=49422"}],"version-history":[{"count":1,"href":"https:\/\/www.cidademarketing.com.br\/marketing\/wp-json\/wp\/v2\/posts\/49422\/revisions"}],"predecessor-version":[{"id":49424,"href":"https:\/\/www.cidademarketing.com.br\/marketing\/wp-json\/wp\/v2\/posts\/49422\/revisions\/49424"}],"wp:featuredmedia":[{"embeddable":true,"href":"https:\/\/www.cidademarketing.com.br\/marketing\/wp-json\/wp\/v2\/media\/49423"}],"wp:attachment":[{"href":"https:\/\/www.cidademarketing.com.br\/marketing\/wp-json\/wp\/v2\/media?parent=49422"}],"wp:term":[{"taxonomy":"category","embeddable":true,"href":"https:\/\/www.cidademarketing.com.br\/marketing\/wp-json\/wp\/v2\/categories?post=49422"},{"taxonomy":"post_tag","embeddable":true,"href":"https:\/\/www.cidademarketing.com.br\/marketing\/wp-json\/wp\/v2\/tags?post=49422"}],"curies":[{"name":"wp","href":"https:\/\/api.w.org\/{rel}","templated":true}]}}