{"id":49415,"date":"2023-12-29T17:04:44","date_gmt":"2023-12-29T20:04:44","guid":{"rendered":"https:\/\/www.cidademarketing.com.br\/marketing\/?p=49415"},"modified":"2023-12-29T17:04:44","modified_gmt":"2023-12-29T20:04:44","slug":"um-marco-na-saude-publica-brasil-integra-vacina-contra-a-dengue-ao-sus","status":"publish","type":"post","link":"https:\/\/www.cidademarketing.com.br\/marketing\/2023\/12\/29\/um-marco-na-saude-publica-brasil-integra-vacina-contra-a-dengue-ao-sus\/","title":{"rendered":"Um marco na sa\u00fade p\u00fablica: Brasil integra vacina contra a dengue ao SUS"},"content":{"rendered":"<p>Em um marco hist\u00f3rico, o Minist\u00e9rio da Sa\u00fade anunciou a incorpora\u00e7\u00e3o da vacina contra a dengue, denominada Qdenga, no Sistema \u00danico de Sa\u00fade (SUS). O Brasil torna-se o primeiro pa\u00eds do mundo a disponibilizar esse imunizante de forma universal pelo sistema p\u00fablico. A Comiss\u00e3o Nacional de Incorpora\u00e7\u00f5es de Tecnologias no SUS (Conitec) conduziu uma an\u00e1lise \u00e1gil, recomendando a incorpora\u00e7\u00e3o ap\u00f3s avalia\u00e7\u00f5es criteriosas.<\/p>\n<p><a href=\"https:\/\/www.cidademarketing.com.br\/marketing\/sua-marca-vai-virar-noticia\/\" target=\"_blank\" rel=\"noopener\"><img fetchpriority=\"high\" decoding=\"async\" class=\"wp-image-44329 aligncenter\" src=\"https:\/\/www.cidademarketing.com.br\/comercial\/google_backlinks_guestpost_publieditorial_cidademarketing.webp\" alt=\"\" width=\"536\" height=\"479\" \/><\/a><br \/>\nA vacina\u00e7\u00e3o inicial ter\u00e1 foco em p\u00fablicos e regi\u00f5es priorit\u00e1rias devido \u00e0 capacidade restrita de fornecimento pela fabricante, Takeda. A Ministra da Sa\u00fade, N\u00edsia Trindade, ressaltou a import\u00e2ncia da decis\u00e3o, destacando que a estrat\u00e9gia inclui uma an\u00e1lise de custo-benef\u00edcio e considera\u00e7\u00f5es sobre o acesso. A redu\u00e7\u00e3o de 80% no pre\u00e7o inicial representa uma economia significativa de mais de R$380 milh\u00f5es.<\/p>\n<blockquote class=\"instagram-media\" style=\"background: #FFF; border: 0; border-radius: 3px; box-shadow: 0 0 1px 0 rgba(0,0,0,0.5),0 1px 10px 0 rgba(0,0,0,0.15); margin: 1px; max-width: 540px; min-width: 326px; padding: 0; width: calc(100% - 2px);\" data-instgrm-captioned=\"\" data-instgrm-permalink=\"https:\/\/www.instagram.com\/reel\/C1XYRqJLqlw\/?utm_source=ig_embed&amp;utm_campaign=loading\" data-instgrm-version=\"14\">\n<div style=\"padding: 16px;\">\n<p>&nbsp;<\/p>\n<div style=\"display: flex; flex-direction: row; align-items: center;\">\n<div style=\"background-color: #f4f4f4; border-radius: 50%; flex-grow: 0; height: 40px; margin-right: 14px; width: 40px;\"><\/div>\n<div style=\"display: flex; flex-direction: column; flex-grow: 1; justify-content: center;\">\n<div style=\"background-color: #f4f4f4; border-radius: 4px; flex-grow: 0; height: 14px; margin-bottom: 6px; width: 100px;\"><\/div>\n<div style=\"background-color: #f4f4f4; border-radius: 4px; flex-grow: 0; height: 14px; width: 60px;\"><\/div>\n<\/div>\n<\/div>\n<div style=\"padding: 19% 0;\"><\/div>\n<div style=\"display: block; height: 50px; margin: 0 auto 12px; width: 50px;\"><\/div>\n<div style=\"padding-top: 8px;\">\n<div style=\"color: #3897f0; font-family: Arial,sans-serif; font-size: 14px; font-style: normal; font-weight: 550; line-height: 18px;\">Ver essa foto no Instagram<\/div>\n<\/div>\n<div style=\"padding: 12.5% 0;\"><\/div>\n<div style=\"display: flex; flex-direction: row; margin-bottom: 14px; align-items: center;\">\n<div>\n<div style=\"background-color: #f4f4f4; border-radius: 50%; height: 12.5px; width: 12.5px; transform: translateX(0px) translateY(7px);\"><\/div>\n<div style=\"background-color: #f4f4f4; height: 12.5px; transform: rotate(-45deg) translateX(3px) translateY(1px); width: 12.5px; flex-grow: 0; margin-right: 14px; margin-left: 2px;\"><\/div>\n<div style=\"background-color: #f4f4f4; border-radius: 50%; height: 12.5px; width: 12.5px; transform: translateX(9px) translateY(-18px);\"><\/div>\n<\/div>\n<div style=\"margin-left: 8px;\">\n<div style=\"background-color: #f4f4f4; border-radius: 50%; flex-grow: 0; height: 20px; width: 20px;\"><\/div>\n<div style=\"width: 0; height: 0; border-top: 2px solid transparent; border-left: 6px solid #f4f4f4; border-bottom: 2px solid transparent; transform: translateX(16px) translateY(-4px) rotate(30deg);\"><\/div>\n<\/div>\n<div style=\"margin-left: auto;\">\n<div style=\"width: 0px; border-top: 8px solid #F4F4F4; border-right: 8px solid transparent; transform: translateY(16px);\"><\/div>\n<div style=\"background-color: #f4f4f4; flex-grow: 0; height: 12px; width: 16px; transform: translateY(-4px);\"><\/div>\n<div style=\"width: 0; height: 0; border-top: 8px solid #F4F4F4; border-left: 8px solid transparent; transform: translateY(-4px) translateX(8px);\"><\/div>\n<\/div>\n<\/div>\n<div style=\"display: flex; flex-direction: column; flex-grow: 1; justify-content: center; margin-bottom: 24px;\">\n<div style=\"background-color: #f4f4f4; border-radius: 4px; flex-grow: 0; height: 14px; margin-bottom: 6px; width: 224px;\"><\/div>\n<div style=\"background-color: #f4f4f4; border-radius: 4px; flex-grow: 0; height: 14px; width: 144px;\"><\/div>\n<\/div>\n<p>&nbsp;<\/p>\n<p style=\"color: #c9c8cd; font-family: Arial,sans-serif; font-size: 14px; line-height: 17px; margin-bottom: 0; margin-top: 8px; overflow: hidden; padding: 8px 0 7px; text-align: center; text-overflow: ellipsis; white-space: nowrap;\"><a style=\"color: #c9c8cd; font-family: Arial,sans-serif; font-size: 14px; font-style: normal; font-weight: normal; line-height: 17px; text-decoration: none;\" href=\"https:\/\/www.instagram.com\/reel\/C1XYRqJLqlw\/?utm_source=ig_embed&amp;utm_campaign=loading\" target=\"_blank\" rel=\"noopener\">Uma publica\u00e7\u00e3o compartilhada por Ministe\u0301rio da Sau\u0301de (@minsaude)<\/a><\/p>\n<\/div>\n<\/blockquote>\n<p><script async src=\"\/\/www.instagram.com\/embed.js\"><\/script><\/p>\n<p>O Programa Nacional de Imuniza\u00e7\u00f5es (PNI) e a C\u00e2mara T\u00e9cnica de Assessoramento em Imuniza\u00e7\u00e3o (CTAI) trabalhar\u00e3o em conjunto para definir estrat\u00e9gias de utiliza\u00e7\u00e3o das doses dispon\u00edveis. A previs\u00e3o \u00e9 que 5.082 milh\u00f5es de doses sejam entregues em 2024, com o esquema vacinal composto por duas doses.<\/p>\n<div class=\"youtube-embed\" data-video_id=\"-xl_Nmm5Io8\"><iframe title=\"Depoimento Helder - Dengue\" width=\"640\" height=\"360\" src=\"https:\/\/www.youtube.com\/embed\/-xl_Nmm5Io8?feature=oembed&#038;enablejsapi=1\" frameborder=\"0\" allow=\"accelerometer; autoplay; clipboard-write; encrypted-media; gyroscope; picture-in-picture; web-share\" referrerpolicy=\"strict-origin-when-cross-origin\" allowfullscreen><\/iframe><\/div>\n<p>&nbsp;<\/p>\n<p>A rapidez no processo de incorpora\u00e7\u00e3o envolveu uma consulta p\u00fablica de 10 dias, com mais de 2 mil contribui\u00e7\u00f5es, e negocia\u00e7\u00f5es que resultaram em uma redu\u00e7\u00e3o de 44% no custo por dose. Futuros estudos da Takeda devem alinhar-se \u00e0s necessidades do PNI, e a vacina Qdenga j\u00e1 possui registro na Ag\u00eancia Nacional de Vigil\u00e2ncia Sanit\u00e1ria (Anvisa).<\/p>\n<table>\n<tbody>\n<tr>\n<td colspan=\"2\" width=\"406\">\n<p align=\"center\"><b>CRONOGRAMA DE ENTREGA PROPOSTO PELA FABRICANTE<\/b><\/p>\n<\/td>\n<\/tr>\n<tr>\n<td width=\"94\"><b>M\u00caS<\/b><\/td>\n<td width=\"312\">\n<p align=\"center\"><b>N\u00daMERO DE DOSES<\/b><\/p>\n<\/td>\n<\/tr>\n<tr>\n<td width=\"94\">Fevereiro<\/td>\n<td width=\"312\">460 mil<\/td>\n<\/tr>\n<tr>\n<td width=\"94\">Mar\u00e7o<\/td>\n<td width=\"312\">470 mil<\/td>\n<\/tr>\n<tr>\n<td width=\"94\">Maio<\/td>\n<td width=\"312\">1.650 milh\u00e3o<\/td>\n<\/tr>\n<tr>\n<td width=\"94\">Agosto<\/td>\n<td width=\"312\">1.650 milh\u00e3o<\/td>\n<\/tr>\n<tr>\n<td width=\"94\">Setembro<\/td>\n<td width=\"312\">431 mil<\/td>\n<\/tr>\n<tr>\n<td width=\"94\">Novembro<\/td>\n<td width=\"312\">421 mil<\/td>\n<\/tr>\n<\/tbody>\n<\/table>\n<p>Diante do cen\u00e1rio epidemiol\u00f3gico da dengue, que afetou mais de 2 milh\u00f5es de pessoas at\u00e9 junho de 2023 no mundo, a incorpora\u00e7\u00e3o da vacina refor\u00e7a a estrat\u00e9gia de combate \u00e0s arboviroses. O Brasil, liderando a ocorr\u00eancia de casos graves na Regi\u00e3o das Am\u00e9ricas em 2022, enfrentar\u00e1 a alta temporada da doen\u00e7a com investimentos de R$256 milh\u00f5es na vigil\u00e2ncia das arboviroses e a inaugura\u00e7\u00e3o da Sala Nacional de Arboviroses, um espa\u00e7o permanente para monitoramento em tempo real da incid\u00eancia dessas doen\u00e7as.<\/p>\n<p>A vacina Qdenga obteve aprova\u00e7\u00e3o para preven\u00e7\u00e3o da dengue em indiv\u00edduos na Uni\u00e3o Europeia (UE)\/Espa\u00e7o Econ\u00f4mico Europeu (EEE), abrangendo Estados-Membros da UE, Irlanda do Norte, pa\u00edses do EEA (Isl\u00e2ndia, Liechtenstein, Noruega) e Gr\u00e3-Bretanha. A orienta\u00e7\u00e3o nesses locais \u00e9 direcionada para viajantes que se deslocam a \u00e1reas end\u00eamicas. A Indon\u00e9sia e a Tail\u00e2ndia tamb\u00e9m registraram a aprova\u00e7\u00e3o da vacina, e a Argentina, embora aprovada, ainda n\u00e3o a incorporou ao sistema de sa\u00fade local.<\/p>\n<p>Diante da limita\u00e7\u00e3o na capacidade de entrega por parte da fabricante, a Comiss\u00e3o considerou estrat\u00e9gico disponibilizar a vacina. A quantidade insuficiente de doses para atender \u00e0 demanda nacional levou \u00e0 discuss\u00e3o das estrat\u00e9gias de vacina\u00e7\u00e3o nos Comit\u00eas T\u00e9cnicos Assessores de Imuniza\u00e7\u00e3o e Arboviroses. Para acelerar a incorpora\u00e7\u00e3o, uma consulta p\u00fablica sobre a tecnologia foi conduzida em car\u00e1ter de urg\u00eancia, recebendo mais de 2 mil contribui\u00e7\u00f5es em apenas 10 dias.<\/p>\n<p><iframe title=\"Spotify Embed: Podcast CidadeMarketing\" style=\"border-radius: 12px\" width=\"100%\" height=\"152\" frameborder=\"0\" allowfullscreen allow=\"autoplay; clipboard-write; encrypted-media; fullscreen; picture-in-picture\" loading=\"lazy\" src=\"https:\/\/open.spotify.com\/embed\/show\/4khMKzP3FgFRWVwb73xicc?si=252fe5bff2b34909&#038;utm_source=oembed\"><\/iframe><\/p>\n<p>Durante as negocia\u00e7\u00f5es com o fabricante, o Minist\u00e9rio da Sa\u00fade alcan\u00e7ou uma significativa redu\u00e7\u00e3o de 44% no custo por dose, baixando de R$ 170 para R$ 95. Essa conquista n\u00e3o apenas agilizou o processo, mas tamb\u00e9m resultou em economia de recursos, fortalecendo o compromisso do Brasil no enfrentamento \u00e0 dengue e outras arboviroses.<\/p>\n<p>Conhe\u00e7a a p\u00e1gina oficial do Minist\u00e9rio da Sa\u00fade com informa\u00e7\u00e3o ao combate ao mosquito da dengue, <a href=\"https:\/\/www.gov.br\/saude\/pt-br\/campanhas-da-saude\/2023\/combate-ao-mosquito\" target=\"_blank\" rel=\"noopener\">clique aqui<\/a>.<\/p>\n","protected":false},"excerpt":{"rendered":"<p>Em um marco hist\u00f3rico, o Minist\u00e9rio da Sa\u00fade anunciou a incorpora\u00e7\u00e3o da vacina contra a dengue, denominada Qdenga, no Sistema \u00danico de Sa\u00fade (SUS). O Brasil torna-se o primeiro pa\u00eds do mundo a disponibilizar esse imunizante de forma universal pelo sistema p\u00fablico. A Comiss\u00e3o Nacional de Incorpora\u00e7\u00f5es de Tecnologias no SUS (Conitec) conduziu uma an\u00e1lise [&hellip;]<\/p>\n","protected":false},"author":1,"featured_media":49416,"comment_status":"open","ping_status":"open","sticky":false,"template":"","format":"standard","meta":{"tdm_status":"","tdm_grid_status":"","footnotes":""},"categories":[6],"tags":[147,1657,60,1119,6618,2046,3405],"class_list":["post-49415","post","type-post","status-publish","format-standard","has-post-thumbnail","hentry","category-noticias","tag-brasil","tag-dengue","tag-governo-federal","tag-ministerio-da-saude","tag-qdenga","tag-sus","tag-vacina"],"yoast_head":"<!-- This site is optimized with the Yoast SEO plugin v27.5 - https:\/\/yoast.com\/product\/yoast-seo-wordpress\/ -->\n<title>Um marco na sa\u00fade p\u00fablica: Brasil integra vacina contra a dengue ao SUS - CidadeMarketing<\/title>\n<meta name=\"robots\" content=\"index, follow, max-snippet:-1, max-image-preview:large, max-video-preview:-1\" \/>\n<link rel=\"canonical\" href=\"https:\/\/www.cidademarketing.com.br\/marketing\/2023\/12\/29\/um-marco-na-saude-publica-brasil-integra-vacina-contra-a-dengue-ao-sus\/\" \/>\n<meta property=\"og:locale\" content=\"pt_BR\" \/>\n<meta property=\"og:type\" content=\"article\" \/>\n<meta property=\"og:title\" content=\"Um marco na sa\u00fade p\u00fablica: Brasil integra vacina contra a dengue ao SUS - CidadeMarketing\" \/>\n<meta property=\"og:description\" content=\"Em um marco hist\u00f3rico, o Minist\u00e9rio da Sa\u00fade anunciou a incorpora\u00e7\u00e3o da vacina contra a dengue, denominada Qdenga, no Sistema \u00danico de Sa\u00fade (SUS). O Brasil torna-se o primeiro pa\u00eds do mundo a disponibilizar esse imunizante de forma universal pelo sistema p\u00fablico. A Comiss\u00e3o Nacional de Incorpora\u00e7\u00f5es de Tecnologias no SUS (Conitec) conduziu uma an\u00e1lise [&hellip;]\" \/>\n<meta property=\"og:url\" content=\"https:\/\/www.cidademarketing.com.br\/marketing\/2023\/12\/29\/um-marco-na-saude-publica-brasil-integra-vacina-contra-a-dengue-ao-sus\/\" \/>\n<meta property=\"og:site_name\" content=\"CidadeMarketing\" \/>\n<meta property=\"article:publisher\" content=\"https:\/\/www.facebook.com\/portalcidademarketing\" \/>\n<meta property=\"article:author\" content=\"https:\/\/www.facebook.com\/thalesbrandao\" \/>\n<meta property=\"article:published_time\" content=\"2023-12-29T20:04:44+00:00\" \/>\n<meta property=\"og:image\" content=\"https:\/\/www.cidademarketing.com.br\/marketing\/wp-content\/uploads\/2023\/12\/doseqdenga_contradengue_sus.webp\" \/>\n\t<meta property=\"og:image:width\" content=\"600\" \/>\n\t<meta property=\"og:image:height\" content=\"400\" \/>\n\t<meta property=\"og:image:type\" content=\"image\/webp\" \/>\n<meta name=\"author\" content=\"Thales Brand\u00e3o\" \/>\n<meta name=\"twitter:card\" content=\"summary_large_image\" \/>\n<meta name=\"twitter:creator\" content=\"@http:\/\/www.twitter.com\/thalesbrandao\" \/>\n<meta name=\"twitter:site\" content=\"@CidadeMarketing\" \/>\n<meta name=\"twitter:label1\" content=\"Escrito por\" \/>\n\t<meta name=\"twitter:data1\" content=\"Thales Brand\u00e3o\" \/>\n\t<meta name=\"twitter:label2\" content=\"Est. tempo de leitura\" \/>\n\t<meta name=\"twitter:data2\" content=\"3 minutos\" \/>\n<script type=\"application\/ld+json\" class=\"yoast-schema-graph\">{\"@context\":\"https:\\\/\\\/schema.org\",\"@graph\":[{\"@type\":\"Article\",\"@id\":\"https:\\\/\\\/www.cidademarketing.com.br\\\/marketing\\\/2023\\\/12\\\/29\\\/um-marco-na-saude-publica-brasil-integra-vacina-contra-a-dengue-ao-sus\\\/#article\",\"isPartOf\":{\"@id\":\"https:\\\/\\\/www.cidademarketing.com.br\\\/marketing\\\/2023\\\/12\\\/29\\\/um-marco-na-saude-publica-brasil-integra-vacina-contra-a-dengue-ao-sus\\\/\"},\"author\":{\"name\":\"Thales Brand\u00e3o\",\"@id\":\"https:\\\/\\\/www.cidademarketing.com.br\\\/marketing\\\/#\\\/schema\\\/person\\\/02daff9f18bd9378c9e01eb6b2db155f\"},\"headline\":\"Um marco na sa\u00fade p\u00fablica: Brasil integra vacina contra a dengue ao SUS\",\"datePublished\":\"2023-12-29T20:04:44+00:00\",\"mainEntityOfPage\":{\"@id\":\"https:\\\/\\\/www.cidademarketing.com.br\\\/marketing\\\/2023\\\/12\\\/29\\\/um-marco-na-saude-publica-brasil-integra-vacina-contra-a-dengue-ao-sus\\\/\"},\"wordCount\":688,\"commentCount\":0,\"publisher\":{\"@id\":\"https:\\\/\\\/www.cidademarketing.com.br\\\/marketing\\\/#organization\"},\"image\":{\"@id\":\"https:\\\/\\\/www.cidademarketing.com.br\\\/marketing\\\/2023\\\/12\\\/29\\\/um-marco-na-saude-publica-brasil-integra-vacina-contra-a-dengue-ao-sus\\\/#primaryimage\"},\"thumbnailUrl\":\"https:\\\/\\\/www.cidademarketing.com.br\\\/marketing\\\/wp-content\\\/uploads\\\/2023\\\/12\\\/doseqdenga_contradengue_sus.webp\",\"keywords\":[\"Brasil\",\"dengue\",\"Governo Federal\",\"Minist\u00e9rio da Sa\u00fade\",\"Qdenga\",\"SUS\",\"vacina\"],\"articleSection\":[\"Not\u00edcias\"],\"inLanguage\":\"pt-BR\",\"potentialAction\":[{\"@type\":\"CommentAction\",\"name\":\"Comment\",\"target\":[\"https:\\\/\\\/www.cidademarketing.com.br\\\/marketing\\\/2023\\\/12\\\/29\\\/um-marco-na-saude-publica-brasil-integra-vacina-contra-a-dengue-ao-sus\\\/#respond\"]}]},{\"@type\":\"WebPage\",\"@id\":\"https:\\\/\\\/www.cidademarketing.com.br\\\/marketing\\\/2023\\\/12\\\/29\\\/um-marco-na-saude-publica-brasil-integra-vacina-contra-a-dengue-ao-sus\\\/\",\"url\":\"https:\\\/\\\/www.cidademarketing.com.br\\\/marketing\\\/2023\\\/12\\\/29\\\/um-marco-na-saude-publica-brasil-integra-vacina-contra-a-dengue-ao-sus\\\/\",\"name\":\"Um marco na sa\u00fade p\u00fablica: Brasil integra vacina contra a dengue ao SUS - CidadeMarketing\",\"isPartOf\":{\"@id\":\"https:\\\/\\\/www.cidademarketing.com.br\\\/marketing\\\/#website\"},\"primaryImageOfPage\":{\"@id\":\"https:\\\/\\\/www.cidademarketing.com.br\\\/marketing\\\/2023\\\/12\\\/29\\\/um-marco-na-saude-publica-brasil-integra-vacina-contra-a-dengue-ao-sus\\\/#primaryimage\"},\"image\":{\"@id\":\"https:\\\/\\\/www.cidademarketing.com.br\\\/marketing\\\/2023\\\/12\\\/29\\\/um-marco-na-saude-publica-brasil-integra-vacina-contra-a-dengue-ao-sus\\\/#primaryimage\"},\"thumbnailUrl\":\"https:\\\/\\\/www.cidademarketing.com.br\\\/marketing\\\/wp-content\\\/uploads\\\/2023\\\/12\\\/doseqdenga_contradengue_sus.webp\",\"datePublished\":\"2023-12-29T20:04:44+00:00\",\"breadcrumb\":{\"@id\":\"https:\\\/\\\/www.cidademarketing.com.br\\\/marketing\\\/2023\\\/12\\\/29\\\/um-marco-na-saude-publica-brasil-integra-vacina-contra-a-dengue-ao-sus\\\/#breadcrumb\"},\"inLanguage\":\"pt-BR\",\"potentialAction\":[{\"@type\":\"ReadAction\",\"target\":[\"https:\\\/\\\/www.cidademarketing.com.br\\\/marketing\\\/2023\\\/12\\\/29\\\/um-marco-na-saude-publica-brasil-integra-vacina-contra-a-dengue-ao-sus\\\/\"]}]},{\"@type\":\"ImageObject\",\"inLanguage\":\"pt-BR\",\"@id\":\"https:\\\/\\\/www.cidademarketing.com.br\\\/marketing\\\/2023\\\/12\\\/29\\\/um-marco-na-saude-publica-brasil-integra-vacina-contra-a-dengue-ao-sus\\\/#primaryimage\",\"url\":\"https:\\\/\\\/www.cidademarketing.com.br\\\/marketing\\\/wp-content\\\/uploads\\\/2023\\\/12\\\/doseqdenga_contradengue_sus.webp\",\"contentUrl\":\"https:\\\/\\\/www.cidademarketing.com.br\\\/marketing\\\/wp-content\\\/uploads\\\/2023\\\/12\\\/doseqdenga_contradengue_sus.webp\",\"width\":600,\"height\":400,\"caption\":\"Divulga\u00e7\u00e3o\"},{\"@type\":\"BreadcrumbList\",\"@id\":\"https:\\\/\\\/www.cidademarketing.com.br\\\/marketing\\\/2023\\\/12\\\/29\\\/um-marco-na-saude-publica-brasil-integra-vacina-contra-a-dengue-ao-sus\\\/#breadcrumb\",\"itemListElement\":[{\"@type\":\"ListItem\",\"position\":1,\"name\":\"In\u00edcio\",\"item\":\"https:\\\/\\\/www.cidademarketing.com.br\\\/marketing\\\/\"},{\"@type\":\"ListItem\",\"position\":2,\"name\":\"Um marco na sa\u00fade p\u00fablica: Brasil integra vacina contra a dengue ao SUS\"}]},{\"@type\":\"WebSite\",\"@id\":\"https:\\\/\\\/www.cidademarketing.com.br\\\/marketing\\\/#website\",\"url\":\"https:\\\/\\\/www.cidademarketing.com.br\\\/marketing\\\/\",\"name\":\"CidadeMarketing\",\"description\":\"Somos um ve\u00edculo de comunica\u00e7\u00e3o de destaque no Brasil, reconhecido por conte\u00fados nos segmentos de marketing, empreendedorismo e inova\u00e7\u00e3o.\",\"publisher\":{\"@id\":\"https:\\\/\\\/www.cidademarketing.com.br\\\/marketing\\\/#organization\"},\"alternateName\":\"CidadeMarketing\",\"potentialAction\":[{\"@type\":\"SearchAction\",\"target\":{\"@type\":\"EntryPoint\",\"urlTemplate\":\"https:\\\/\\\/www.cidademarketing.com.br\\\/marketing\\\/?s={search_term_string}\"},\"query-input\":{\"@type\":\"PropertyValueSpecification\",\"valueRequired\":true,\"valueName\":\"search_term_string\"}}],\"inLanguage\":\"pt-BR\"},{\"@type\":\"Organization\",\"@id\":\"https:\\\/\\\/www.cidademarketing.com.br\\\/marketing\\\/#organization\",\"name\":\"CidadeMarketing\",\"alternateName\":\"CidadeMarketing\",\"url\":\"https:\\\/\\\/www.cidademarketing.com.br\\\/marketing\\\/\",\"logo\":{\"@type\":\"ImageObject\",\"inLanguage\":\"pt-BR\",\"@id\":\"https:\\\/\\\/www.cidademarketing.com.br\\\/marketing\\\/#\\\/schema\\\/logo\\\/image\\\/\",\"url\":\"https:\\\/\\\/www.cidademarketing.com.br\\\/marketing\\\/wp-content\\\/uploads\\\/2020\\\/01\\\/cidademarketing_marca_mobile.png\",\"contentUrl\":\"https:\\\/\\\/www.cidademarketing.com.br\\\/marketing\\\/wp-content\\\/uploads\\\/2020\\\/01\\\/cidademarketing_marca_mobile.png\",\"width\":230,\"height\":92,\"caption\":\"CidadeMarketing\"},\"image\":{\"@id\":\"https:\\\/\\\/www.cidademarketing.com.br\\\/marketing\\\/#\\\/schema\\\/logo\\\/image\\\/\"},\"sameAs\":[\"https:\\\/\\\/www.facebook.com\\\/portalcidademarketing\",\"https:\\\/\\\/x.com\\\/CidadeMarketing\",\"https:\\\/\\\/www.instagram.com\\\/cidademarketing\\\/\"]},{\"@type\":\"Person\",\"@id\":\"https:\\\/\\\/www.cidademarketing.com.br\\\/marketing\\\/#\\\/schema\\\/person\\\/02daff9f18bd9378c9e01eb6b2db155f\",\"name\":\"Thales Brand\u00e3o\",\"image\":{\"@type\":\"ImageObject\",\"inLanguage\":\"pt-BR\",\"@id\":\"https:\\\/\\\/secure.gravatar.com\\\/avatar\\\/7ca3206950207cc3cb48feec56a8a7898741ab725c368d99d5d7a5a50aab80c6?s=96&d=mm&r=g\",\"url\":\"https:\\\/\\\/secure.gravatar.com\\\/avatar\\\/7ca3206950207cc3cb48feec56a8a7898741ab725c368d99d5d7a5a50aab80c6?s=96&d=mm&r=g\",\"contentUrl\":\"https:\\\/\\\/secure.gravatar.com\\\/avatar\\\/7ca3206950207cc3cb48feec56a8a7898741ab725c368d99d5d7a5a50aab80c6?s=96&d=mm&r=g\",\"caption\":\"Thales Brand\u00e3o\"},\"description\":\"Editor Executivo do Portal CidadeMarketing.com.br &gt; Mestre em Comunica\u00e7\u00e3o e Sociedade pela Universidade Federal de Sergipe. Possui MBA Executivo em Administra\u00e7\u00e3o com \u00eanfase em Marketing pela Funda\u00e7\u00e3o Get\u00falio Vargas - Rio de Janeiro. Consultor, Palestrante e Pesquisador sobre Empreendedorismo, Marketing, Redes Sociais e Neg\u00f3cios Digitais. Professor, Palestrante TedxTalks e Campus Party. Twitter: @ThalesBrandao\",\"sameAs\":[\"http:\\\/\\\/www.mandacaru.com.br\",\"https:\\\/\\\/www.facebook.com\\\/thalesbrandao\",\"http:\\\/\\\/www.instagram.com.br\\\/thalesbrandaoferreira\",\"https:\\\/\\\/www.linkedin.com\\\/in\\\/thales-brand\u00e3o-3948609\\\/\",\"https:\\\/\\\/x.com\\\/http:\\\/\\\/www.twitter.com\\\/thalesbrandao\"],\"url\":\"https:\\\/\\\/www.cidademarketing.com.br\\\/marketing\\\/author\\\/thalesbrandao\\\/\"}]}<\/script>\n<!-- \/ Yoast SEO plugin. -->","yoast_head_json":{"title":"Um marco na sa\u00fade p\u00fablica: Brasil integra vacina contra a dengue ao SUS - CidadeMarketing","robots":{"index":"index","follow":"follow","max-snippet":"max-snippet:-1","max-image-preview":"max-image-preview:large","max-video-preview":"max-video-preview:-1"},"canonical":"https:\/\/www.cidademarketing.com.br\/marketing\/2023\/12\/29\/um-marco-na-saude-publica-brasil-integra-vacina-contra-a-dengue-ao-sus\/","og_locale":"pt_BR","og_type":"article","og_title":"Um marco na sa\u00fade p\u00fablica: Brasil integra vacina contra a dengue ao SUS - CidadeMarketing","og_description":"Em um marco hist\u00f3rico, o Minist\u00e9rio da Sa\u00fade anunciou a incorpora\u00e7\u00e3o da vacina contra a dengue, denominada Qdenga, no Sistema \u00danico de Sa\u00fade (SUS). O Brasil torna-se o primeiro pa\u00eds do mundo a disponibilizar esse imunizante de forma universal pelo sistema p\u00fablico. A Comiss\u00e3o Nacional de Incorpora\u00e7\u00f5es de Tecnologias no SUS (Conitec) conduziu uma an\u00e1lise [&hellip;]","og_url":"https:\/\/www.cidademarketing.com.br\/marketing\/2023\/12\/29\/um-marco-na-saude-publica-brasil-integra-vacina-contra-a-dengue-ao-sus\/","og_site_name":"CidadeMarketing","article_publisher":"https:\/\/www.facebook.com\/portalcidademarketing","article_author":"https:\/\/www.facebook.com\/thalesbrandao","article_published_time":"2023-12-29T20:04:44+00:00","og_image":[{"width":600,"height":400,"url":"https:\/\/www.cidademarketing.com.br\/marketing\/wp-content\/uploads\/2023\/12\/doseqdenga_contradengue_sus.webp","type":"image\/webp"}],"author":"Thales Brand\u00e3o","twitter_card":"summary_large_image","twitter_creator":"@http:\/\/www.twitter.com\/thalesbrandao","twitter_site":"@CidadeMarketing","twitter_misc":{"Escrito por":"Thales Brand\u00e3o","Est. tempo de leitura":"3 minutos"},"schema":{"@context":"https:\/\/schema.org","@graph":[{"@type":"Article","@id":"https:\/\/www.cidademarketing.com.br\/marketing\/2023\/12\/29\/um-marco-na-saude-publica-brasil-integra-vacina-contra-a-dengue-ao-sus\/#article","isPartOf":{"@id":"https:\/\/www.cidademarketing.com.br\/marketing\/2023\/12\/29\/um-marco-na-saude-publica-brasil-integra-vacina-contra-a-dengue-ao-sus\/"},"author":{"name":"Thales Brand\u00e3o","@id":"https:\/\/www.cidademarketing.com.br\/marketing\/#\/schema\/person\/02daff9f18bd9378c9e01eb6b2db155f"},"headline":"Um marco na sa\u00fade p\u00fablica: Brasil integra vacina contra a dengue ao SUS","datePublished":"2023-12-29T20:04:44+00:00","mainEntityOfPage":{"@id":"https:\/\/www.cidademarketing.com.br\/marketing\/2023\/12\/29\/um-marco-na-saude-publica-brasil-integra-vacina-contra-a-dengue-ao-sus\/"},"wordCount":688,"commentCount":0,"publisher":{"@id":"https:\/\/www.cidademarketing.com.br\/marketing\/#organization"},"image":{"@id":"https:\/\/www.cidademarketing.com.br\/marketing\/2023\/12\/29\/um-marco-na-saude-publica-brasil-integra-vacina-contra-a-dengue-ao-sus\/#primaryimage"},"thumbnailUrl":"https:\/\/www.cidademarketing.com.br\/marketing\/wp-content\/uploads\/2023\/12\/doseqdenga_contradengue_sus.webp","keywords":["Brasil","dengue","Governo Federal","Minist\u00e9rio da Sa\u00fade","Qdenga","SUS","vacina"],"articleSection":["Not\u00edcias"],"inLanguage":"pt-BR","potentialAction":[{"@type":"CommentAction","name":"Comment","target":["https:\/\/www.cidademarketing.com.br\/marketing\/2023\/12\/29\/um-marco-na-saude-publica-brasil-integra-vacina-contra-a-dengue-ao-sus\/#respond"]}]},{"@type":"WebPage","@id":"https:\/\/www.cidademarketing.com.br\/marketing\/2023\/12\/29\/um-marco-na-saude-publica-brasil-integra-vacina-contra-a-dengue-ao-sus\/","url":"https:\/\/www.cidademarketing.com.br\/marketing\/2023\/12\/29\/um-marco-na-saude-publica-brasil-integra-vacina-contra-a-dengue-ao-sus\/","name":"Um marco na sa\u00fade p\u00fablica: Brasil integra vacina contra a dengue ao SUS - CidadeMarketing","isPartOf":{"@id":"https:\/\/www.cidademarketing.com.br\/marketing\/#website"},"primaryImageOfPage":{"@id":"https:\/\/www.cidademarketing.com.br\/marketing\/2023\/12\/29\/um-marco-na-saude-publica-brasil-integra-vacina-contra-a-dengue-ao-sus\/#primaryimage"},"image":{"@id":"https:\/\/www.cidademarketing.com.br\/marketing\/2023\/12\/29\/um-marco-na-saude-publica-brasil-integra-vacina-contra-a-dengue-ao-sus\/#primaryimage"},"thumbnailUrl":"https:\/\/www.cidademarketing.com.br\/marketing\/wp-content\/uploads\/2023\/12\/doseqdenga_contradengue_sus.webp","datePublished":"2023-12-29T20:04:44+00:00","breadcrumb":{"@id":"https:\/\/www.cidademarketing.com.br\/marketing\/2023\/12\/29\/um-marco-na-saude-publica-brasil-integra-vacina-contra-a-dengue-ao-sus\/#breadcrumb"},"inLanguage":"pt-BR","potentialAction":[{"@type":"ReadAction","target":["https:\/\/www.cidademarketing.com.br\/marketing\/2023\/12\/29\/um-marco-na-saude-publica-brasil-integra-vacina-contra-a-dengue-ao-sus\/"]}]},{"@type":"ImageObject","inLanguage":"pt-BR","@id":"https:\/\/www.cidademarketing.com.br\/marketing\/2023\/12\/29\/um-marco-na-saude-publica-brasil-integra-vacina-contra-a-dengue-ao-sus\/#primaryimage","url":"https:\/\/www.cidademarketing.com.br\/marketing\/wp-content\/uploads\/2023\/12\/doseqdenga_contradengue_sus.webp","contentUrl":"https:\/\/www.cidademarketing.com.br\/marketing\/wp-content\/uploads\/2023\/12\/doseqdenga_contradengue_sus.webp","width":600,"height":400,"caption":"Divulga\u00e7\u00e3o"},{"@type":"BreadcrumbList","@id":"https:\/\/www.cidademarketing.com.br\/marketing\/2023\/12\/29\/um-marco-na-saude-publica-brasil-integra-vacina-contra-a-dengue-ao-sus\/#breadcrumb","itemListElement":[{"@type":"ListItem","position":1,"name":"In\u00edcio","item":"https:\/\/www.cidademarketing.com.br\/marketing\/"},{"@type":"ListItem","position":2,"name":"Um marco na sa\u00fade p\u00fablica: Brasil integra vacina contra a dengue ao SUS"}]},{"@type":"WebSite","@id":"https:\/\/www.cidademarketing.com.br\/marketing\/#website","url":"https:\/\/www.cidademarketing.com.br\/marketing\/","name":"CidadeMarketing","description":"Somos um ve\u00edculo de comunica\u00e7\u00e3o de destaque no Brasil, reconhecido por conte\u00fados nos segmentos de marketing, empreendedorismo e inova\u00e7\u00e3o.","publisher":{"@id":"https:\/\/www.cidademarketing.com.br\/marketing\/#organization"},"alternateName":"CidadeMarketing","potentialAction":[{"@type":"SearchAction","target":{"@type":"EntryPoint","urlTemplate":"https:\/\/www.cidademarketing.com.br\/marketing\/?s={search_term_string}"},"query-input":{"@type":"PropertyValueSpecification","valueRequired":true,"valueName":"search_term_string"}}],"inLanguage":"pt-BR"},{"@type":"Organization","@id":"https:\/\/www.cidademarketing.com.br\/marketing\/#organization","name":"CidadeMarketing","alternateName":"CidadeMarketing","url":"https:\/\/www.cidademarketing.com.br\/marketing\/","logo":{"@type":"ImageObject","inLanguage":"pt-BR","@id":"https:\/\/www.cidademarketing.com.br\/marketing\/#\/schema\/logo\/image\/","url":"https:\/\/www.cidademarketing.com.br\/marketing\/wp-content\/uploads\/2020\/01\/cidademarketing_marca_mobile.png","contentUrl":"https:\/\/www.cidademarketing.com.br\/marketing\/wp-content\/uploads\/2020\/01\/cidademarketing_marca_mobile.png","width":230,"height":92,"caption":"CidadeMarketing"},"image":{"@id":"https:\/\/www.cidademarketing.com.br\/marketing\/#\/schema\/logo\/image\/"},"sameAs":["https:\/\/www.facebook.com\/portalcidademarketing","https:\/\/x.com\/CidadeMarketing","https:\/\/www.instagram.com\/cidademarketing\/"]},{"@type":"Person","@id":"https:\/\/www.cidademarketing.com.br\/marketing\/#\/schema\/person\/02daff9f18bd9378c9e01eb6b2db155f","name":"Thales Brand\u00e3o","image":{"@type":"ImageObject","inLanguage":"pt-BR","@id":"https:\/\/secure.gravatar.com\/avatar\/7ca3206950207cc3cb48feec56a8a7898741ab725c368d99d5d7a5a50aab80c6?s=96&d=mm&r=g","url":"https:\/\/secure.gravatar.com\/avatar\/7ca3206950207cc3cb48feec56a8a7898741ab725c368d99d5d7a5a50aab80c6?s=96&d=mm&r=g","contentUrl":"https:\/\/secure.gravatar.com\/avatar\/7ca3206950207cc3cb48feec56a8a7898741ab725c368d99d5d7a5a50aab80c6?s=96&d=mm&r=g","caption":"Thales Brand\u00e3o"},"description":"Editor Executivo do Portal CidadeMarketing.com.br &gt; Mestre em Comunica\u00e7\u00e3o e Sociedade pela Universidade Federal de Sergipe. Possui MBA Executivo em Administra\u00e7\u00e3o com \u00eanfase em Marketing pela Funda\u00e7\u00e3o Get\u00falio Vargas - Rio de Janeiro. Consultor, Palestrante e Pesquisador sobre Empreendedorismo, Marketing, Redes Sociais e Neg\u00f3cios Digitais. Professor, Palestrante TedxTalks e Campus Party. Twitter: @ThalesBrandao","sameAs":["http:\/\/www.mandacaru.com.br","https:\/\/www.facebook.com\/thalesbrandao","http:\/\/www.instagram.com.br\/thalesbrandaoferreira","https:\/\/www.linkedin.com\/in\/thales-brand\u00e3o-3948609\/","https:\/\/x.com\/http:\/\/www.twitter.com\/thalesbrandao"],"url":"https:\/\/www.cidademarketing.com.br\/marketing\/author\/thalesbrandao\/"}]}},"amp_enabled":true,"_links":{"self":[{"href":"https:\/\/www.cidademarketing.com.br\/marketing\/wp-json\/wp\/v2\/posts\/49415","targetHints":{"allow":["GET"]}}],"collection":[{"href":"https:\/\/www.cidademarketing.com.br\/marketing\/wp-json\/wp\/v2\/posts"}],"about":[{"href":"https:\/\/www.cidademarketing.com.br\/marketing\/wp-json\/wp\/v2\/types\/post"}],"author":[{"embeddable":true,"href":"https:\/\/www.cidademarketing.com.br\/marketing\/wp-json\/wp\/v2\/users\/1"}],"replies":[{"embeddable":true,"href":"https:\/\/www.cidademarketing.com.br\/marketing\/wp-json\/wp\/v2\/comments?post=49415"}],"version-history":[{"count":1,"href":"https:\/\/www.cidademarketing.com.br\/marketing\/wp-json\/wp\/v2\/posts\/49415\/revisions"}],"predecessor-version":[{"id":49417,"href":"https:\/\/www.cidademarketing.com.br\/marketing\/wp-json\/wp\/v2\/posts\/49415\/revisions\/49417"}],"wp:featuredmedia":[{"embeddable":true,"href":"https:\/\/www.cidademarketing.com.br\/marketing\/wp-json\/wp\/v2\/media\/49416"}],"wp:attachment":[{"href":"https:\/\/www.cidademarketing.com.br\/marketing\/wp-json\/wp\/v2\/media?parent=49415"}],"wp:term":[{"taxonomy":"category","embeddable":true,"href":"https:\/\/www.cidademarketing.com.br\/marketing\/wp-json\/wp\/v2\/categories?post=49415"},{"taxonomy":"post_tag","embeddable":true,"href":"https:\/\/www.cidademarketing.com.br\/marketing\/wp-json\/wp\/v2\/tags?post=49415"}],"curies":[{"name":"wp","href":"https:\/\/api.w.org\/{rel}","templated":true}]}}