{"id":49397,"date":"2023-12-27T07:24:31","date_gmt":"2023-12-27T10:24:31","guid":{"rendered":"https:\/\/www.cidademarketing.com.br\/marketing\/?p=49397"},"modified":"2023-12-27T07:24:31","modified_gmt":"2023-12-27T10:24:31","slug":"reveillon-no-rio-confira-a-programacao-em-copacabana-e-outros-10-bairros","status":"publish","type":"post","link":"https:\/\/www.cidademarketing.com.br\/marketing\/2023\/12\/27\/reveillon-no-rio-confira-a-programacao-em-copacabana-e-outros-10-bairros\/","title":{"rendered":"R\u00e9veillon no Rio: confira a programa\u00e7\u00e3o em Copacabana e outros 10 bairros"},"content":{"rendered":"<p>A Prefeitura do Rio de Janeiro, por meio da Riotur, apresentou, nesta ter\u00e7a-feira (26\/12), o esquema operacional para o R\u00e9veillon 2024. O Rio retoma em sua plenitude a festa, com doze palcos espalhados por onze bairros e queima de fogos em Copacabana sob a reg\u00eancia da maestrina Ludhymila Bruzzi. Esta ser\u00e1 a primeira vez que uma orquestra far\u00e1 a trilha sonora no momento da virada de ano.<\/p>\n<p><a href=\"https:\/\/www.cidademarketing.com.br\/marketing\/sua-marca-vai-virar-noticia\/\" target=\"_blank\" rel=\"noopener\"><img fetchpriority=\"high\" decoding=\"async\" class=\"wp-image-44329 aligncenter\" src=\"https:\/\/www.cidademarketing.com.br\/comercial\/google_backlinks_guestpost_publieditorial_cidademarketing.webp\" alt=\"\" width=\"536\" height=\"479\" \/><\/a><br \/>\nNa Praia de Copacabana, ser\u00e3o dois palcos: o palco Copacabana, localizado em frente ao Hotel Copacabana Palace, que ter\u00e1 como atra\u00e7\u00f5es os shows de Nattan, Lu\u00edsa Sonza, Gloria Groove, Ludmilla, GRES Imperatriz Leopoldinense, e o Palco Samba, pr\u00f3ximo \u00e0 Rua Rep\u00fablica do Peru, com shows de Teresa Cristina, Jorge Arag\u00e3o, Diogo Nogueira, Belo e GRES Unidos do Viradouro.<\/p>\n<p>\u2013 O Rio de Janeiro \u00e9 uma cidade que sabe fazer festa, eventos. Essa \u00e9 maior festa do mundo. Este ano, os dois palcos em Copacabana estar\u00e3o agrupados pr\u00f3ximos do Hotel Copacabana Palace. Outra novidade ser\u00e1 o show de fogos musicado com uma orquestra. Acho que ser\u00e1 emocionante. Tamb\u00e9m teremos um show de drones com diversas homenagens, principalmente ao Rio de Janeiro. Esse espet\u00e1culo vem para abrilhantar ainda mais o evento. Venham para o Rio, a cidade est\u00e1 preparada para atender todo mundo \u2013 afirmou o presidente da Riotur, Ronnie Costa.<\/p>\n<p>O esquema de seguran\u00e7a estar\u00e1 refor\u00e7ado com 61 torres ao longo da orla, sob o comando da Pol\u00edcia Militar. A festa em Copacabana contar\u00e1 ainda com estrutura m\u00e9dica para atendimentos, com quatro postos de sa\u00fade e UTIs m\u00f3veis. Na altura da Rua Siqueira Campos, ser\u00e3o montados 12 cont\u00eaineres que abrigar\u00e3o a Central de Monitoramento, Assist\u00eancia Social, Secretaria da Mulher e outros \u00f3rg\u00e3os p\u00fablicos. Toda a log\u00edstica ser\u00e1 monitorada pelas novas telas do Centro de Opera\u00e7\u00f5es Rio (COR).<\/p>\n<p>\u2013 Teremos o refor\u00e7o do policiamento em todos os locais em que ser\u00e3o realizados eventos de R\u00e9veillon na capital. Este ano vamos implantar o videomonitoramento urbano que, na pr\u00e1tica, vai ocorrer em toda a orla da capital, em t\u00faneis e grandes vias expressas. Mas, no R\u00e9veillon, efetivamente, vamos implantar nas regi\u00f5es de Copacabana e da Barra da Tijuca. S\u00e3o c\u00e2meras de seguran\u00e7a com capacidade de identificar placas de ve\u00edculos e identifica\u00e7\u00e3o facial das pessoas. Isso vai permitir a localiza\u00e7\u00e3o de ve\u00edculos roubados ou furtados e criminosos foragidos da Justi\u00e7a \u2013 explicou o porta-voz da Pol\u00edcia Militar, coronel Marco Andrade.<\/p>\n<p>Doze minutos de espet\u00e1culo no c\u00e9u e acordes musicais<\/p>\n<p>Na chegada de 2024, \u00e0 meia-noite, o c\u00e9u de Copacabana se iluminar\u00e1 com um espet\u00e1culo de cores e figuras em 3D, representadas por cora\u00e7\u00f5es duplos, c\u00edrculos com estrelas e bombas inovadoras. Ser\u00e3o 12 minutos de queima de fogos, com bombas mais modernas e tecnol\u00f3gicas. Em uma apresenta\u00e7\u00e3o ainda mais potente, ter\u00e1 grafismos in\u00e9ditos e mais tecnologia, com brilhos e cores.<\/p>\n<p>Este ano, a queima de fogos ser\u00e1 ao som de uma orquestra ao vivo. Acordes musicais sob a batuta da maestrina Ludhymila Bruzzi ditar\u00e3o o ritmo das explos\u00f5es. No total, ser\u00e3o dez balsas, com um distanciamento de 25 metros entre elas. O sistema de disparo \u00e9 de conex\u00e3o via GPS, que monitora e aciona cada uma delas. Al\u00e9m disso, drones far\u00e3o um espet\u00e1culo a parte, com imagens e mensagens de paz e esperan\u00e7a.<\/p>\n<p>Festa em toda a cidade<\/p>\n<p>Al\u00e9m de Copacabana, as comemora\u00e7\u00f5es pela chegada de 2024 ser\u00e3o realizadas em outros dez pontos da cidade:<\/p>\n<p>COPACABANA<\/p>\n<p>Palco Copacabana Palace \u2013 em frente ao Copacabana Palace<br \/>\nNattan<br \/>\nLu\u00edsa Sonza<br \/>\nGloria Groove<br \/>\nLudmilla<br \/>\nGRES Imperatriz Leopoldinense<\/p>\n<p>Palco Samba \u2013 na altura da Rep\u00fablica do Peru<br \/>\nTeresa Cristina<br \/>\nJorge Arag\u00e3o<br \/>\nDiogo Nogueira<br \/>\nBelo<br \/>\nGRES Unidos do Viradouro<\/p>\n<p>PRAIA DO FLAMENGO<\/p>\n<p>DJ Tonny<br \/>\nGrupo DDP Diretoria<br \/>\nCelebrare<br \/>\nMart\u2019n\u00e1lia participa\u00e7\u00e3o de Moacyr Luz<br \/>\nGRES Unidos de Vila Isabel<br \/>\nGRES Beija-Flor de Nil\u00f3polis<\/p>\n<p>PRA\u00c7A MAU\u00c1<\/p>\n<p>DJ Zaba<br \/>\nFam\u00edlia Diniz convida Roda de Samba Pedra do Sal<br \/>\nDetonautas<br \/>\nBala Desejo<br \/>\nGRES Unidos da Tijuca<br \/>\nGRES Vizinha Faladeira<\/p>\n<p>ILHA DE PAQUET\u00c1<\/p>\n<p>DJ Ulisses<br \/>\nGrupo Exist\u00eancia participa\u00e7\u00e3o de Luiz Camilo<br \/>\nGamadinho<br \/>\nMichael Sullivan<br \/>\nGRES Unidos do Porto da Pedra<\/p>\n<p>ILHA DO GOVERNADOR<\/p>\n<p>DJ Adonay<br \/>\nJuninho Thybau<br \/>\nThiago Soares<br \/>\nOnze20<br \/>\nGRES Para\u00edso do Tuiuti<br \/>\nGRES Uni\u00e3o da Ilha do Governador<\/p>\n<p>MADUREIRA<\/p>\n<p>DJ Bikudo<br \/>\nDJ Michel e convidados Baile Charme<br \/>\nRoberta S\u00e1 convida Velha Guarda da Portela<br \/>\nDelacruz<br \/>\nGRES Imp\u00e9rio Serrano<br \/>\nGRES Portela<\/p>\n<p>RAMOS<\/p>\n<p>DJ Yuri Hang<br \/>\nDJ Juninho 22<br \/>\nBielzin<br \/>\nTIEE<br \/>\nDJ Mandrake<br \/>\nChefin<br \/>\nBalacobaco<br \/>\nGRES Grande Rio<\/p>\n<p>PENHA (IAPI DA PENHA)<\/p>\n<p>DJ Daniel Correa<br \/>\nGrupo Coisa S\u00e9ria participa\u00e7\u00e3o Adriano Ribeiro<br \/>\nOrquestra Tupy<br \/>\nGustavo Lins<br \/>\nGRES Esta\u00e7\u00e3o Primeira de Mangueira<\/p>\n<p>BANGU<\/p>\n<p>DJ Cley<br \/>\nPaulinho Mocidade e Banda<br \/>\nL1<br \/>\nClareou<br \/>\nMarvvila<br \/>\nGRES Unidos de Padre Miguel<br \/>\nMT Santos<\/p>\n<p>PEDRA DE GUARATIBA<\/p>\n<p>DJ El\u00e9tron<br \/>\nBlack White<br \/>\nSilvinho Blau blau<br \/>\nCaju Pra Baixo<br \/>\nGRES Mocidade Independente de Padre Miguel<\/p>\n<p>SEPETIBA<\/p>\n<p>DJ Bruninho<br \/>\nBoka Loka<br \/>\nVitinho<br \/>\nArlindinho<br \/>\nGRES Acad\u00eamicos do Salgueiro<\/p>\n<p>O R\u00e9veillon 2024 contar\u00e1 com a atua\u00e7\u00e3o de 30 \u00f3rg\u00e3os p\u00fablicos para garantir a fluidez da festa. Ser\u00e3o 205 operadores de tr\u00e1fego para coordenador o tr\u00e2nsito nas ruas.<\/p>\n<p>\u2013 \u00c0s 22h do dia 31, que \u00e9 o momento em que as pessoas est\u00e3o saindo das suas resid\u00eancias e das esta\u00e7\u00f5es do metr\u00f4 indo para a praia, teremos o bloqueio total ao tr\u00e2nsito em Copacabana. \u00c9 importante destacar isso porque vejo muitas vezes as pessoas saltando do \u00f4nibus e indo a p\u00e9, cruzando o t\u00fanel. Ent\u00e3o, recomendo que busquem chegar antes. Outro tema importante \u00e9 a proibi\u00e7\u00e3o de estacionamento. Estamos fazendo toda a sinaliza\u00e7\u00e3o para termos mais espa\u00e7o para o pedestre caminhar. S\u00e3o aproximadamente 3 mil vagas que s\u00e3o suprimidas. N\u00e3o v\u00e1 de carro \u2013 disse o presidente da CET-Rio, Joaquim Dinis.<\/p>\n<p>No ordenamento e apoio ao tr\u00e2nsito, ser\u00e3o mais de 1.500 agentes e guarda municipais.<\/p>\n<p>\u2013 Faremos a fiscaliza\u00e7\u00e3o dos estabelecimentos comerciais, com foco em coibir a venda de bebidas em garrafas de vidro, e tamb\u00e9m do estacionamento irregular. A Guarda Municipal estar\u00e1 com a Ronda Maria da Penha, ao lado da Secretaria da Mulher, auxiliando o p\u00fablico e realizando a distribui\u00e7\u00e3o de pulseiras para crian\u00e7as, evitando que elas se percam dos seus respons\u00e1veis. Tamb\u00e9m vamos apoiar a Pol\u00edcia Militar nos bloqueios. E aproveito para destacar que temos a proibi\u00e7\u00e3o dos cercadinhos na areia por parte dos quiosques e ambulantes, e seremos duros nessa fiscaliza\u00e7\u00e3o. Quem insistir, ter\u00e1 sua licen\u00e7a cassada e n\u00e3o trabalhar\u00e1 em 2024 \u2013 declarou o secret\u00e1rio de Ordem P\u00fablica, Brenno Carnevale.<\/p>\n<p>Na \u00e1rea da sa\u00fade, s\u00f3 em Copacabana ser\u00e3o quatro postos m\u00e9dicos, 144 profissionais de sa\u00fade e mais de 30 ambul\u00e2ncias para atendimentos.<\/p>\n<p>\u2013 Essa \u00e9 uma opera\u00e7\u00e3o que estamos acostumados a montar. No ano passado, foram 469 atendimentos, com 60 remo\u00e7\u00f5es. Os quatro postos estar\u00e3o localizados na Avenida Princesa Isabel, Pra\u00e7a do Lido, Siqueira Campos e Rua Bol\u00edvar. A opera\u00e7\u00e3o come\u00e7a no dia 31, \u00e0s 17h30, e vai at\u00e9 5h do dia 1\u00ba \u2013 explicou o subsecret\u00e1rio de Sa\u00fade, Rodrigo Prado, frisando que as equipes da Vigil\u00e2ncia Sanit\u00e1ria j\u00e1 est\u00e3o realizado as fiscaliza\u00e7\u00f5es em todos os quiosques da praia.<\/p>\n<p>A Prefeitura do Rio tamb\u00e9m ter\u00e1 um posto de atendimento na Rua Siqueira Campos voltado para as mulheres, sob a coordena\u00e7\u00e3o da Secretaria de Pol\u00edticas e Promo\u00e7\u00e3o da Mulher.<\/p>\n<p>\u2013 Estaremos em parceria com a Secretaria de Ordem P\u00fablica e Ronda Maria da Penha, com psic\u00f3logas e advogadas, para dar todo o atendimento para eventuais v\u00edtimas de viol\u00eancia de g\u00eanero, ass\u00e9dio ou importuna\u00e7\u00e3o sexual ao longo do evento. Todos os banheiros qu\u00edmicos estar\u00e3o adesivados com as informa\u00e7\u00f5es sobre o que \u00e9 viol\u00eancia contra a mulher no contexto do Brasil. Teremos muitas turistas, ent\u00e3o tudo estar\u00e1 em portugu\u00eas, ingl\u00eas, franc\u00eas e espanhol. Assim, conseguimos democratizar todas as informa\u00e7\u00f5es, informando tamb\u00e9m os n\u00fameros de emerg\u00eancia e socorro para todas as mulheres terem as informa\u00e7\u00f5es e possam ter um R\u00e9veillon seguro \u2013 afirmou a secret\u00e1ria da Mulher, Joyce Trindade.<\/p>\n<p>Os festejos do R\u00e9veillon contar\u00e3o com mais de 4.456 garis, o maior efetivo da hist\u00f3ria. Ser\u00e3o 215 ve\u00edculos e 87 equipamentos, a grande parte dedicada \u00e0 limpeza da praia.<\/p>\n<p>\u2013 A opera\u00e7\u00e3o da Comlurb come\u00e7a bem antes, trabalhamos muito na prepara\u00e7\u00e3o da orla. J\u00e1 tem tr\u00eas semanas que estamos com a opera\u00e7\u00e3o de poda pela cidade, trabalhando no entorno da orla. Mas nosso trabalho se intensifica mesmo nos dias 30 e 31. Para n\u00f3s, \u00e9 sempre a opera\u00e7\u00e3o mais complexa do ano porque, num espa\u00e7o curto de tempo, temos de realizar a limpeza de toda a orla. S\u00f3 conseguimos entrar com os equipamentos pesados depois que as pessoas deixam a orla, e isso ocorre por volta das 6h. Temos um espa\u00e7o de tr\u00eas horas para executar a limpeza. J\u00e1 fizemos ensaios de como ser\u00e1 a nossa opera\u00e7\u00e3o em Copacabana. Uma grande novidade deste ano s\u00e3o os equipamentos que chegaram ao longo de 2023, que v\u00e3o permitir que possamos fazer algumas interven\u00e7\u00f5es j\u00e1 durante a festa \u2013 disse o presidente da Comlurb, Fl\u00e1vio Lopes, frisando que a Companhia tamb\u00e9m atuar\u00e1 com grande efetivo nos demais pontos de festa pela cidade.<\/p>\n<p>A Opera\u00e7\u00e3o Lei Seca, do Governo do Estado, tamb\u00e9m estar\u00e1 presente no R\u00e9veillon, com opera\u00e7\u00f5es diurnas e noturnas.<\/p>\n<p>\u2013 A novidade este ano \u00e9 que vamos come\u00e7ar mais cedo para abordar as pessoas no p\u00f3s-praia. Tamb\u00e9m teremos o apoio de drones, focados em flagrar os condutores que tentam trocar de lugar com o carona. Mas eles tamb\u00e9m v\u00e3o atuar no reconhecimento facial. Nosso intuito \u00e9 que o motorista volte para casa em seguran\u00e7a e consciente da mistura nociva que \u00e9 o \u00e1lcool com a dire\u00e7\u00e3o \u2013 disse a tenente-coronel da Pol\u00edcia Militar, Patricia Monteiro, informando que, no dia 31 de dezembro, o Corpo de Bombeiros vai atuar nas \u00e1reas com maior concentra\u00e7\u00e3o de pessoas.<\/p>\n<p><iframe title=\"Spotify Embed: Podcast CidadeMarketing\" style=\"border-radius: 12px\" width=\"100%\" height=\"152\" frameborder=\"0\" allowfullscreen allow=\"autoplay; clipboard-write; encrypted-media; fullscreen; picture-in-picture\" loading=\"lazy\" src=\"https:\/\/open.spotify.com\/embed\/show\/4khMKzP3FgFRWVwb73xicc?si=252fe5bff2b34909&#038;utm_source=oembed\"><\/iframe><\/p>\n<p>&nbsp;<\/p>\n<p>Tr\u00e2nsito em Copacabana<\/p>\n<p>No dia 31 de dezembro, os bloqueios em Copacabana e no Leme come\u00e7am a partir das 7h, com a interdi\u00e7\u00e3o da pista da Avenida Atl\u00e2ntica junto \u00e0 orla, como ocorre nos fins de semanas e feriados. \u00c0s 16h, estar\u00e1 totalmente interditada nos dois sentidos. \u00c0s 19h30, haver\u00e1 o fechamento de todos os acessos ao bairro, com exce\u00e7\u00e3o de \u00f4nibus e t\u00e1xis que s\u00f3 poder\u00e3o ter acesso a Copacabana at\u00e9 22h. O estacionamento estar\u00e1 proibido em toda a extens\u00e3o da Avenida Atl\u00e2ntica e nas suas vias de acesso e sa\u00edda a partir das 18h de sexta-feira (30\/12).<\/p>\n<p>A partir das 5h, do dia 1\u00ba, os acessos \u00e0 Copacabana ser\u00e3o liberados para todos os ve\u00edculos. No entanto, a Avenida Atl\u00e2ntica, em ambas as pistas, continuar\u00e1 interditada. A partir das 10h, a pista das edifica\u00e7\u00f5es da Avenida Atl\u00e2ntica ser\u00e1 aberta e funcionar\u00e1 com a m\u00e3o invertida, como ocorre aos domingos e feriados.<\/p>\n<p>Metr\u00f4<\/p>\n<p>O Metro\u0302Rio montou uma operac\u0327a\u0303o especial de Re\u0301veillon, que comec\u0327a \u00e0s 19h do dia 31 de dezembro e vai ate\u0301 5h de 1\u00ba de janeiro. Nesse per\u00edodo, o cliente s\u00f3 utiliza o sistema usando os cart\u00f5es especiais, tanto para ida quanto para a volta, que podem ser comprados ate\u0301 18h59 do dia 31 de dezembro (ou at\u00e9 que se esgotem) nas bilheterias da estac\u00e3o Carioca. A recomenda\u00e7\u00e3o da concessionaria \u00e9 que os clientes se planejem para comprar os bilhetes com anteced\u00eancia.<\/p>\n<p>Pessoas com defici\u00eancia (PCD), menores de seis anos acompanhados de um adulto portador de cart\u00e3o v\u00e1lido e maiores de 65 anos dever\u00e3o apresentar nas catracas um documento oficial comprobat\u00f3rio para o embarque nas estac\u0327\u00f5es durante a opera\u00e7\u00e3o especial de R\u00e9veillon. Quem tiver d\u00favida pode procurar as redes sociais do Metro\u0302Rio, o SAC (0800 595 1111) ou se informar em uma das 41 esta\u00e7\u00f5es do sistema.<\/p>\n<p>No dia 31 de dezembro, a partir das 19h, quando come\u00e7ar a opera\u00e7\u00e3o especial de R\u00e9veillon, n\u00e3o ser\u00e3o aceitos os cart\u00f5es unit\u00e1rios, pr\u00e9-pago, Giro, Riocard Mais (Bilhete \u00danico e Vale-Transporte) nem pagamento por aproxima\u00e7\u00e3o (NFC). Ou seja, esses cart\u00f5es poder\u00e3o ser utilizados somente ate\u0301 18h59, com exce\u00e7\u00e3o das esta\u00e7\u00f5es General Os\u00f3rio\/Ipanema, Cantagalo\/Copacabana e Siqueira Campos\/Copacabana, onde todos esses meios de pagamentos ser\u00e3o aceitos at\u00e9 meia-noite para que os moradores e trabalhadores dessa regi\u00e3o possam se deslocar de metr\u00f4 neste per\u00edodo.<\/p>\n<p>\u2013 Temos solicitado para que nossos clientes utilizem mais a esta\u00e7\u00e3o Siqueira Campos para desembarque por ser maior e com mais conforto. A esta\u00e7\u00e3o Cardeal Arcoverde costuma ser mais utilizada, mas fazemos essa solicita\u00e7\u00e3o \u2013 disse o gerente de Opera\u00e7\u00f5es do Metr\u00f4Rio, Pedro Mello.<\/p>\n<p>\u00c0s 5h do dia 1\u00ba de janeiro, a opera\u00e7\u00e3o especial de R\u00e9veillon se encerra e todos os cart\u00f5es do Metro\u0302Rio, o Riocard e o pagamento por aproxima\u00e7\u00e3o voltar\u00e3o a valer em todas as 41 esta\u00e7\u00f5es. Durante os dias 31 de dezembro e 1\u00ba de janeiro, os trens da Linha 2 v\u00e3o circular da Pavuna a General Os\u00f3rio\/Ipanema. As linhas 1 e 4 v\u00e3o manter o trajeto Uruguai-Jardim Ocea\u0302nico\/Barra da Tijuca.<\/p>\n<p>Da meia-noite ate\u0301 7h de1\u00ba de janeiro, somente as esta\u00e7\u00f5es Cardeal Arcoverde\/Copacabana, Siqueira Campos\/Copacabana, Cantagalo\/Copacabana, General Os\u00f3rio\/Ipanema e Jardim Oce\u00e2nico\/Barra da Tijuca permanecer\u00e3o abertas para embarque. As demais esta\u00e7\u00f5es funcionar\u00e3o apenas para desembarque, exceto as esta\u00e7\u00f5es Pra\u00e7a Onze, Saara\/Presidente Vargas, Uruguaiana\/Centro e Catete, que estar\u00e3o fechadas.<\/p>\n<p>A transfere\u0302ncia entre as linhas 1 e 2, de meia-noite a\u0300s 7h, sera\u0301 feita nas esta\u00e7\u00f5es do trecho compartilhado (entre Central do Brasil\/Centro e General Oso\u0301rio\/Ipanema). Devido a\u0300 logi\u0301stica de troca de plataformas para transfere\u0302ncia na estac\u0327a\u0303o General Oso\u0301rio\/Ipanema, a empresa recomenda que o cliente realize a transfere\u0302ncia no trecho entre Central do Brasil\/Centro e Cantagalo\/Copacabana.<\/p>\n<p>Ja\u0301 no dia 1\u00ba de janeiro, o funcionamento das esta\u00e7\u00f5es ser\u00e1 das 7h a\u0300s 23h, com excec\u0327a\u0303o de Prac\u0327a Onze, Saara\/Presidente Vargas, Uruguaiana\/Centro e Catete, que permanecer\u00e3o fechadas. Estas esta\u00e7\u00f5es va\u0303o reabrir a\u0300s 5h do dia 2 de janeiro. Tanto no domingo (31\/12) quanto na segunda-feira (1\/1), a transfere\u0302ncia entre as linhas 1 e 2 podera\u0301 ser feita no trecho compartilhado entre as estac\u0327o\u0303es Central do Brasil\/Centro e General Oso\u0301rio\/Ipanema.<\/p>\n<p>Integra\u00e7\u00f5es<\/p>\n<p>No dia 31 de dezembro, as integrac\u0327o\u0303es tarifa\u0301rias (o\u0302nibus, BRT e vans) com o metro\u0302 sera\u0303o encerradas a\u0300s 19h. A partir desse hora\u0301rio, o acesso a\u0300s estac\u0327o\u0303es do sistema metrovia\u0301rio sera\u0301 possi\u0301vel somente com o uso do carta\u0303o especial de R\u00e9veillon.<\/p>\n<p>Metro\u0302 na Superfi\u0301cie<\/p>\n<p>No dia 31 de dezembro, as u\u0301ltimas partidas das estac\u0327o\u0303es Botafogo, Antero de Quental e Ga\u0301vea sera\u0303o a\u0300s 18h. No dia 1\u00ba de janeiro, o servi\u00e7o vai operar normalmente, em esquema de feriado das 7h a\u0300s 22h30.<\/p>\n<p>Hora\u0301rios de embarque no Re\u0301veillon<\/p>\n<p>Das 19h a\u0300s 20h \u2013 carta\u0303o verde-claro (ida) e verde-escuro (ida e volta);<br \/>\nDas 20h a\u0300s 21h \u2013 carta\u0303o azul-claro (ida) e carta\u0303o azul-escuro (ida e volta);<br \/>\nDas 21h a\u0300s 22h \u2013 carta\u0303o rosa-claro (ida) e carta\u0303o rosa-escuro (ida e volta);<br \/>\nDas 22h a\u0300s 23h \u2013 carta\u0303o amarelo (ida) e carta\u0303o laranja (ida e volta);<br \/>\nDas 23h a\u0300 meia-noite \u2013 carta\u0303o lila\u0301s (ida) e carta\u0303o roxo (ida e volta);<br \/>\nDa meia-noite a\u0300s 5h \u2013 carta\u0303o cinza (volta).<\/p>\n<p>CidadeMarketing com informa\u00e7\u00f5es da Prefeitura do Rio.<\/p>\n","protected":false},"excerpt":{"rendered":"<p>A Prefeitura do Rio de Janeiro, por meio da Riotur, apresentou, nesta ter\u00e7a-feira (26\/12), o esquema operacional para o R\u00e9veillon 2024. O Rio retoma em sua plenitude a festa, com doze palcos espalhados por onze bairros e queima de fogos em Copacabana sob a reg\u00eancia da maestrina Ludhymila Bruzzi. Esta ser\u00e1 a primeira vez que [&hellip;]<\/p>\n","protected":false},"author":1,"featured_media":13373,"comment_status":"open","ping_status":"open","sticky":false,"template":"","format":"standard","meta":{"tdm_status":"","tdm_grid_status":"","footnotes":""},"categories":[6],"tags":[823,1032,33,805,28,788,569,199],"class_list":["post-49397","post","type-post","status-publish","format-standard","has-post-thumbnail","hentry","category-noticias","tag-ano-novo","tag-copacabana","tag-estrategia","tag-experiencia","tag-marketing","tag-reveillon","tag-rio","tag-rio-de-janeiro"],"yoast_head":"<!-- This site is optimized with the Yoast SEO plugin v27.5 - https:\/\/yoast.com\/product\/yoast-seo-wordpress\/ -->\n<title>R\u00e9veillon no Rio: confira a programa\u00e7\u00e3o em Copacabana e outros 10 bairros - CidadeMarketing<\/title>\n<meta name=\"robots\" content=\"index, follow, max-snippet:-1, max-image-preview:large, max-video-preview:-1\" \/>\n<link rel=\"canonical\" href=\"https:\/\/www.cidademarketing.com.br\/marketing\/2023\/12\/27\/reveillon-no-rio-confira-a-programacao-em-copacabana-e-outros-10-bairros\/\" \/>\n<meta property=\"og:locale\" content=\"pt_BR\" \/>\n<meta property=\"og:type\" content=\"article\" \/>\n<meta property=\"og:title\" content=\"R\u00e9veillon no Rio: confira a programa\u00e7\u00e3o em Copacabana e outros 10 bairros - CidadeMarketing\" \/>\n<meta property=\"og:description\" content=\"A Prefeitura do Rio de Janeiro, por meio da Riotur, apresentou, nesta ter\u00e7a-feira (26\/12), o esquema operacional para o R\u00e9veillon 2024. O Rio retoma em sua plenitude a festa, com doze palcos espalhados por onze bairros e queima de fogos em Copacabana sob a reg\u00eancia da maestrina Ludhymila Bruzzi. Esta ser\u00e1 a primeira vez que [&hellip;]\" \/>\n<meta property=\"og:url\" content=\"https:\/\/www.cidademarketing.com.br\/marketing\/2023\/12\/27\/reveillon-no-rio-confira-a-programacao-em-copacabana-e-outros-10-bairros\/\" \/>\n<meta property=\"og:site_name\" content=\"CidadeMarketing\" \/>\n<meta property=\"article:publisher\" content=\"https:\/\/www.facebook.com\/portalcidademarketing\" \/>\n<meta property=\"article:author\" content=\"https:\/\/www.facebook.com\/thalesbrandao\" \/>\n<meta property=\"article:published_time\" content=\"2023-12-27T10:24:31+00:00\" \/>\n<meta property=\"og:image\" content=\"https:\/\/www.cidademarketing.com.br\/marketing\/wp-content\/uploads\/2019\/12\/copacabana_rio2020_reveillon.jpg\" \/>\n\t<meta property=\"og:image:width\" content=\"1153\" \/>\n\t<meta property=\"og:image:height\" content=\"599\" \/>\n\t<meta property=\"og:image:type\" content=\"image\/jpeg\" \/>\n<meta name=\"author\" content=\"Thales Brand\u00e3o\" \/>\n<meta name=\"twitter:card\" content=\"summary_large_image\" \/>\n<meta name=\"twitter:creator\" content=\"@http:\/\/www.twitter.com\/thalesbrandao\" \/>\n<meta name=\"twitter:site\" content=\"@CidadeMarketing\" \/>\n<meta name=\"twitter:label1\" content=\"Escrito por\" \/>\n\t<meta name=\"twitter:data1\" content=\"Thales Brand\u00e3o\" \/>\n\t<meta name=\"twitter:label2\" content=\"Est. tempo de leitura\" \/>\n\t<meta name=\"twitter:data2\" content=\"13 minutos\" \/>\n<script type=\"application\/ld+json\" class=\"yoast-schema-graph\">{\"@context\":\"https:\\\/\\\/schema.org\",\"@graph\":[{\"@type\":\"Article\",\"@id\":\"https:\\\/\\\/www.cidademarketing.com.br\\\/marketing\\\/2023\\\/12\\\/27\\\/reveillon-no-rio-confira-a-programacao-em-copacabana-e-outros-10-bairros\\\/#article\",\"isPartOf\":{\"@id\":\"https:\\\/\\\/www.cidademarketing.com.br\\\/marketing\\\/2023\\\/12\\\/27\\\/reveillon-no-rio-confira-a-programacao-em-copacabana-e-outros-10-bairros\\\/\"},\"author\":{\"name\":\"Thales Brand\u00e3o\",\"@id\":\"https:\\\/\\\/www.cidademarketing.com.br\\\/marketing\\\/#\\\/schema\\\/person\\\/02daff9f18bd9378c9e01eb6b2db155f\"},\"headline\":\"R\u00e9veillon no Rio: confira a programa\u00e7\u00e3o em Copacabana e outros 10 bairros\",\"datePublished\":\"2023-12-27T10:24:31+00:00\",\"mainEntityOfPage\":{\"@id\":\"https:\\\/\\\/www.cidademarketing.com.br\\\/marketing\\\/2023\\\/12\\\/27\\\/reveillon-no-rio-confira-a-programacao-em-copacabana-e-outros-10-bairros\\\/\"},\"wordCount\":2704,\"commentCount\":0,\"publisher\":{\"@id\":\"https:\\\/\\\/www.cidademarketing.com.br\\\/marketing\\\/#organization\"},\"image\":{\"@id\":\"https:\\\/\\\/www.cidademarketing.com.br\\\/marketing\\\/2023\\\/12\\\/27\\\/reveillon-no-rio-confira-a-programacao-em-copacabana-e-outros-10-bairros\\\/#primaryimage\"},\"thumbnailUrl\":\"https:\\\/\\\/www.cidademarketing.com.br\\\/marketing\\\/wp-content\\\/uploads\\\/2019\\\/12\\\/copacabana_rio2020_reveillon.jpg\",\"keywords\":[\"Ano Novo\",\"copacabana\",\"estrat\u00e9gia\",\"experi\u00eancia\",\"marketing\",\"R\u00e9veillon\",\"Rio\",\"Rio de Janeiro\"],\"articleSection\":[\"Not\u00edcias\"],\"inLanguage\":\"pt-BR\",\"potentialAction\":[{\"@type\":\"CommentAction\",\"name\":\"Comment\",\"target\":[\"https:\\\/\\\/www.cidademarketing.com.br\\\/marketing\\\/2023\\\/12\\\/27\\\/reveillon-no-rio-confira-a-programacao-em-copacabana-e-outros-10-bairros\\\/#respond\"]}]},{\"@type\":\"WebPage\",\"@id\":\"https:\\\/\\\/www.cidademarketing.com.br\\\/marketing\\\/2023\\\/12\\\/27\\\/reveillon-no-rio-confira-a-programacao-em-copacabana-e-outros-10-bairros\\\/\",\"url\":\"https:\\\/\\\/www.cidademarketing.com.br\\\/marketing\\\/2023\\\/12\\\/27\\\/reveillon-no-rio-confira-a-programacao-em-copacabana-e-outros-10-bairros\\\/\",\"name\":\"R\u00e9veillon no Rio: confira a programa\u00e7\u00e3o em Copacabana e outros 10 bairros - CidadeMarketing\",\"isPartOf\":{\"@id\":\"https:\\\/\\\/www.cidademarketing.com.br\\\/marketing\\\/#website\"},\"primaryImageOfPage\":{\"@id\":\"https:\\\/\\\/www.cidademarketing.com.br\\\/marketing\\\/2023\\\/12\\\/27\\\/reveillon-no-rio-confira-a-programacao-em-copacabana-e-outros-10-bairros\\\/#primaryimage\"},\"image\":{\"@id\":\"https:\\\/\\\/www.cidademarketing.com.br\\\/marketing\\\/2023\\\/12\\\/27\\\/reveillon-no-rio-confira-a-programacao-em-copacabana-e-outros-10-bairros\\\/#primaryimage\"},\"thumbnailUrl\":\"https:\\\/\\\/www.cidademarketing.com.br\\\/marketing\\\/wp-content\\\/uploads\\\/2019\\\/12\\\/copacabana_rio2020_reveillon.jpg\",\"datePublished\":\"2023-12-27T10:24:31+00:00\",\"breadcrumb\":{\"@id\":\"https:\\\/\\\/www.cidademarketing.com.br\\\/marketing\\\/2023\\\/12\\\/27\\\/reveillon-no-rio-confira-a-programacao-em-copacabana-e-outros-10-bairros\\\/#breadcrumb\"},\"inLanguage\":\"pt-BR\",\"potentialAction\":[{\"@type\":\"ReadAction\",\"target\":[\"https:\\\/\\\/www.cidademarketing.com.br\\\/marketing\\\/2023\\\/12\\\/27\\\/reveillon-no-rio-confira-a-programacao-em-copacabana-e-outros-10-bairros\\\/\"]}]},{\"@type\":\"ImageObject\",\"inLanguage\":\"pt-BR\",\"@id\":\"https:\\\/\\\/www.cidademarketing.com.br\\\/marketing\\\/2023\\\/12\\\/27\\\/reveillon-no-rio-confira-a-programacao-em-copacabana-e-outros-10-bairros\\\/#primaryimage\",\"url\":\"https:\\\/\\\/www.cidademarketing.com.br\\\/marketing\\\/wp-content\\\/uploads\\\/2019\\\/12\\\/copacabana_rio2020_reveillon.jpg\",\"contentUrl\":\"https:\\\/\\\/www.cidademarketing.com.br\\\/marketing\\\/wp-content\\\/uploads\\\/2019\\\/12\\\/copacabana_rio2020_reveillon.jpg\",\"width\":1153,\"height\":599,\"caption\":\"Reprodu\u00e7\u00e3o\\\/Youtube\"},{\"@type\":\"BreadcrumbList\",\"@id\":\"https:\\\/\\\/www.cidademarketing.com.br\\\/marketing\\\/2023\\\/12\\\/27\\\/reveillon-no-rio-confira-a-programacao-em-copacabana-e-outros-10-bairros\\\/#breadcrumb\",\"itemListElement\":[{\"@type\":\"ListItem\",\"position\":1,\"name\":\"In\u00edcio\",\"item\":\"https:\\\/\\\/www.cidademarketing.com.br\\\/marketing\\\/\"},{\"@type\":\"ListItem\",\"position\":2,\"name\":\"R\u00e9veillon no Rio: confira a programa\u00e7\u00e3o em Copacabana e outros 10 bairros\"}]},{\"@type\":\"WebSite\",\"@id\":\"https:\\\/\\\/www.cidademarketing.com.br\\\/marketing\\\/#website\",\"url\":\"https:\\\/\\\/www.cidademarketing.com.br\\\/marketing\\\/\",\"name\":\"CidadeMarketing\",\"description\":\"Somos um ve\u00edculo de comunica\u00e7\u00e3o de destaque no Brasil, reconhecido por conte\u00fados nos segmentos de marketing, empreendedorismo e inova\u00e7\u00e3o.\",\"publisher\":{\"@id\":\"https:\\\/\\\/www.cidademarketing.com.br\\\/marketing\\\/#organization\"},\"alternateName\":\"CidadeMarketing\",\"potentialAction\":[{\"@type\":\"SearchAction\",\"target\":{\"@type\":\"EntryPoint\",\"urlTemplate\":\"https:\\\/\\\/www.cidademarketing.com.br\\\/marketing\\\/?s={search_term_string}\"},\"query-input\":{\"@type\":\"PropertyValueSpecification\",\"valueRequired\":true,\"valueName\":\"search_term_string\"}}],\"inLanguage\":\"pt-BR\"},{\"@type\":\"Organization\",\"@id\":\"https:\\\/\\\/www.cidademarketing.com.br\\\/marketing\\\/#organization\",\"name\":\"CidadeMarketing\",\"alternateName\":\"CidadeMarketing\",\"url\":\"https:\\\/\\\/www.cidademarketing.com.br\\\/marketing\\\/\",\"logo\":{\"@type\":\"ImageObject\",\"inLanguage\":\"pt-BR\",\"@id\":\"https:\\\/\\\/www.cidademarketing.com.br\\\/marketing\\\/#\\\/schema\\\/logo\\\/image\\\/\",\"url\":\"https:\\\/\\\/www.cidademarketing.com.br\\\/marketing\\\/wp-content\\\/uploads\\\/2020\\\/01\\\/cidademarketing_marca_mobile.png\",\"contentUrl\":\"https:\\\/\\\/www.cidademarketing.com.br\\\/marketing\\\/wp-content\\\/uploads\\\/2020\\\/01\\\/cidademarketing_marca_mobile.png\",\"width\":230,\"height\":92,\"caption\":\"CidadeMarketing\"},\"image\":{\"@id\":\"https:\\\/\\\/www.cidademarketing.com.br\\\/marketing\\\/#\\\/schema\\\/logo\\\/image\\\/\"},\"sameAs\":[\"https:\\\/\\\/www.facebook.com\\\/portalcidademarketing\",\"https:\\\/\\\/x.com\\\/CidadeMarketing\",\"https:\\\/\\\/www.instagram.com\\\/cidademarketing\\\/\"]},{\"@type\":\"Person\",\"@id\":\"https:\\\/\\\/www.cidademarketing.com.br\\\/marketing\\\/#\\\/schema\\\/person\\\/02daff9f18bd9378c9e01eb6b2db155f\",\"name\":\"Thales Brand\u00e3o\",\"image\":{\"@type\":\"ImageObject\",\"inLanguage\":\"pt-BR\",\"@id\":\"https:\\\/\\\/secure.gravatar.com\\\/avatar\\\/7ca3206950207cc3cb48feec56a8a7898741ab725c368d99d5d7a5a50aab80c6?s=96&d=mm&r=g\",\"url\":\"https:\\\/\\\/secure.gravatar.com\\\/avatar\\\/7ca3206950207cc3cb48feec56a8a7898741ab725c368d99d5d7a5a50aab80c6?s=96&d=mm&r=g\",\"contentUrl\":\"https:\\\/\\\/secure.gravatar.com\\\/avatar\\\/7ca3206950207cc3cb48feec56a8a7898741ab725c368d99d5d7a5a50aab80c6?s=96&d=mm&r=g\",\"caption\":\"Thales Brand\u00e3o\"},\"description\":\"Editor Executivo do Portal CidadeMarketing.com.br &gt; Mestre em Comunica\u00e7\u00e3o e Sociedade pela Universidade Federal de Sergipe. Possui MBA Executivo em Administra\u00e7\u00e3o com \u00eanfase em Marketing pela Funda\u00e7\u00e3o Get\u00falio Vargas - Rio de Janeiro. Consultor, Palestrante e Pesquisador sobre Empreendedorismo, Marketing, Redes Sociais e Neg\u00f3cios Digitais. Professor, Palestrante TedxTalks e Campus Party. Twitter: @ThalesBrandao\",\"sameAs\":[\"http:\\\/\\\/www.mandacaru.com.br\",\"https:\\\/\\\/www.facebook.com\\\/thalesbrandao\",\"http:\\\/\\\/www.instagram.com.br\\\/thalesbrandaoferreira\",\"https:\\\/\\\/www.linkedin.com\\\/in\\\/thales-brand\u00e3o-3948609\\\/\",\"https:\\\/\\\/x.com\\\/http:\\\/\\\/www.twitter.com\\\/thalesbrandao\"],\"url\":\"https:\\\/\\\/www.cidademarketing.com.br\\\/marketing\\\/author\\\/thalesbrandao\\\/\"}]}<\/script>\n<!-- \/ Yoast SEO plugin. -->","yoast_head_json":{"title":"R\u00e9veillon no Rio: confira a programa\u00e7\u00e3o em Copacabana e outros 10 bairros - CidadeMarketing","robots":{"index":"index","follow":"follow","max-snippet":"max-snippet:-1","max-image-preview":"max-image-preview:large","max-video-preview":"max-video-preview:-1"},"canonical":"https:\/\/www.cidademarketing.com.br\/marketing\/2023\/12\/27\/reveillon-no-rio-confira-a-programacao-em-copacabana-e-outros-10-bairros\/","og_locale":"pt_BR","og_type":"article","og_title":"R\u00e9veillon no Rio: confira a programa\u00e7\u00e3o em Copacabana e outros 10 bairros - CidadeMarketing","og_description":"A Prefeitura do Rio de Janeiro, por meio da Riotur, apresentou, nesta ter\u00e7a-feira (26\/12), o esquema operacional para o R\u00e9veillon 2024. O Rio retoma em sua plenitude a festa, com doze palcos espalhados por onze bairros e queima de fogos em Copacabana sob a reg\u00eancia da maestrina Ludhymila Bruzzi. Esta ser\u00e1 a primeira vez que [&hellip;]","og_url":"https:\/\/www.cidademarketing.com.br\/marketing\/2023\/12\/27\/reveillon-no-rio-confira-a-programacao-em-copacabana-e-outros-10-bairros\/","og_site_name":"CidadeMarketing","article_publisher":"https:\/\/www.facebook.com\/portalcidademarketing","article_author":"https:\/\/www.facebook.com\/thalesbrandao","article_published_time":"2023-12-27T10:24:31+00:00","og_image":[{"width":1153,"height":599,"url":"https:\/\/www.cidademarketing.com.br\/marketing\/wp-content\/uploads\/2019\/12\/copacabana_rio2020_reveillon.jpg","type":"image\/jpeg"}],"author":"Thales Brand\u00e3o","twitter_card":"summary_large_image","twitter_creator":"@http:\/\/www.twitter.com\/thalesbrandao","twitter_site":"@CidadeMarketing","twitter_misc":{"Escrito por":"Thales Brand\u00e3o","Est. tempo de leitura":"13 minutos"},"schema":{"@context":"https:\/\/schema.org","@graph":[{"@type":"Article","@id":"https:\/\/www.cidademarketing.com.br\/marketing\/2023\/12\/27\/reveillon-no-rio-confira-a-programacao-em-copacabana-e-outros-10-bairros\/#article","isPartOf":{"@id":"https:\/\/www.cidademarketing.com.br\/marketing\/2023\/12\/27\/reveillon-no-rio-confira-a-programacao-em-copacabana-e-outros-10-bairros\/"},"author":{"name":"Thales Brand\u00e3o","@id":"https:\/\/www.cidademarketing.com.br\/marketing\/#\/schema\/person\/02daff9f18bd9378c9e01eb6b2db155f"},"headline":"R\u00e9veillon no Rio: confira a programa\u00e7\u00e3o em Copacabana e outros 10 bairros","datePublished":"2023-12-27T10:24:31+00:00","mainEntityOfPage":{"@id":"https:\/\/www.cidademarketing.com.br\/marketing\/2023\/12\/27\/reveillon-no-rio-confira-a-programacao-em-copacabana-e-outros-10-bairros\/"},"wordCount":2704,"commentCount":0,"publisher":{"@id":"https:\/\/www.cidademarketing.com.br\/marketing\/#organization"},"image":{"@id":"https:\/\/www.cidademarketing.com.br\/marketing\/2023\/12\/27\/reveillon-no-rio-confira-a-programacao-em-copacabana-e-outros-10-bairros\/#primaryimage"},"thumbnailUrl":"https:\/\/www.cidademarketing.com.br\/marketing\/wp-content\/uploads\/2019\/12\/copacabana_rio2020_reveillon.jpg","keywords":["Ano Novo","copacabana","estrat\u00e9gia","experi\u00eancia","marketing","R\u00e9veillon","Rio","Rio de Janeiro"],"articleSection":["Not\u00edcias"],"inLanguage":"pt-BR","potentialAction":[{"@type":"CommentAction","name":"Comment","target":["https:\/\/www.cidademarketing.com.br\/marketing\/2023\/12\/27\/reveillon-no-rio-confira-a-programacao-em-copacabana-e-outros-10-bairros\/#respond"]}]},{"@type":"WebPage","@id":"https:\/\/www.cidademarketing.com.br\/marketing\/2023\/12\/27\/reveillon-no-rio-confira-a-programacao-em-copacabana-e-outros-10-bairros\/","url":"https:\/\/www.cidademarketing.com.br\/marketing\/2023\/12\/27\/reveillon-no-rio-confira-a-programacao-em-copacabana-e-outros-10-bairros\/","name":"R\u00e9veillon no Rio: confira a programa\u00e7\u00e3o em Copacabana e outros 10 bairros - CidadeMarketing","isPartOf":{"@id":"https:\/\/www.cidademarketing.com.br\/marketing\/#website"},"primaryImageOfPage":{"@id":"https:\/\/www.cidademarketing.com.br\/marketing\/2023\/12\/27\/reveillon-no-rio-confira-a-programacao-em-copacabana-e-outros-10-bairros\/#primaryimage"},"image":{"@id":"https:\/\/www.cidademarketing.com.br\/marketing\/2023\/12\/27\/reveillon-no-rio-confira-a-programacao-em-copacabana-e-outros-10-bairros\/#primaryimage"},"thumbnailUrl":"https:\/\/www.cidademarketing.com.br\/marketing\/wp-content\/uploads\/2019\/12\/copacabana_rio2020_reveillon.jpg","datePublished":"2023-12-27T10:24:31+00:00","breadcrumb":{"@id":"https:\/\/www.cidademarketing.com.br\/marketing\/2023\/12\/27\/reveillon-no-rio-confira-a-programacao-em-copacabana-e-outros-10-bairros\/#breadcrumb"},"inLanguage":"pt-BR","potentialAction":[{"@type":"ReadAction","target":["https:\/\/www.cidademarketing.com.br\/marketing\/2023\/12\/27\/reveillon-no-rio-confira-a-programacao-em-copacabana-e-outros-10-bairros\/"]}]},{"@type":"ImageObject","inLanguage":"pt-BR","@id":"https:\/\/www.cidademarketing.com.br\/marketing\/2023\/12\/27\/reveillon-no-rio-confira-a-programacao-em-copacabana-e-outros-10-bairros\/#primaryimage","url":"https:\/\/www.cidademarketing.com.br\/marketing\/wp-content\/uploads\/2019\/12\/copacabana_rio2020_reveillon.jpg","contentUrl":"https:\/\/www.cidademarketing.com.br\/marketing\/wp-content\/uploads\/2019\/12\/copacabana_rio2020_reveillon.jpg","width":1153,"height":599,"caption":"Reprodu\u00e7\u00e3o\/Youtube"},{"@type":"BreadcrumbList","@id":"https:\/\/www.cidademarketing.com.br\/marketing\/2023\/12\/27\/reveillon-no-rio-confira-a-programacao-em-copacabana-e-outros-10-bairros\/#breadcrumb","itemListElement":[{"@type":"ListItem","position":1,"name":"In\u00edcio","item":"https:\/\/www.cidademarketing.com.br\/marketing\/"},{"@type":"ListItem","position":2,"name":"R\u00e9veillon no Rio: confira a programa\u00e7\u00e3o em Copacabana e outros 10 bairros"}]},{"@type":"WebSite","@id":"https:\/\/www.cidademarketing.com.br\/marketing\/#website","url":"https:\/\/www.cidademarketing.com.br\/marketing\/","name":"CidadeMarketing","description":"Somos um ve\u00edculo de comunica\u00e7\u00e3o de destaque no Brasil, reconhecido por conte\u00fados nos segmentos de marketing, empreendedorismo e inova\u00e7\u00e3o.","publisher":{"@id":"https:\/\/www.cidademarketing.com.br\/marketing\/#organization"},"alternateName":"CidadeMarketing","potentialAction":[{"@type":"SearchAction","target":{"@type":"EntryPoint","urlTemplate":"https:\/\/www.cidademarketing.com.br\/marketing\/?s={search_term_string}"},"query-input":{"@type":"PropertyValueSpecification","valueRequired":true,"valueName":"search_term_string"}}],"inLanguage":"pt-BR"},{"@type":"Organization","@id":"https:\/\/www.cidademarketing.com.br\/marketing\/#organization","name":"CidadeMarketing","alternateName":"CidadeMarketing","url":"https:\/\/www.cidademarketing.com.br\/marketing\/","logo":{"@type":"ImageObject","inLanguage":"pt-BR","@id":"https:\/\/www.cidademarketing.com.br\/marketing\/#\/schema\/logo\/image\/","url":"https:\/\/www.cidademarketing.com.br\/marketing\/wp-content\/uploads\/2020\/01\/cidademarketing_marca_mobile.png","contentUrl":"https:\/\/www.cidademarketing.com.br\/marketing\/wp-content\/uploads\/2020\/01\/cidademarketing_marca_mobile.png","width":230,"height":92,"caption":"CidadeMarketing"},"image":{"@id":"https:\/\/www.cidademarketing.com.br\/marketing\/#\/schema\/logo\/image\/"},"sameAs":["https:\/\/www.facebook.com\/portalcidademarketing","https:\/\/x.com\/CidadeMarketing","https:\/\/www.instagram.com\/cidademarketing\/"]},{"@type":"Person","@id":"https:\/\/www.cidademarketing.com.br\/marketing\/#\/schema\/person\/02daff9f18bd9378c9e01eb6b2db155f","name":"Thales Brand\u00e3o","image":{"@type":"ImageObject","inLanguage":"pt-BR","@id":"https:\/\/secure.gravatar.com\/avatar\/7ca3206950207cc3cb48feec56a8a7898741ab725c368d99d5d7a5a50aab80c6?s=96&d=mm&r=g","url":"https:\/\/secure.gravatar.com\/avatar\/7ca3206950207cc3cb48feec56a8a7898741ab725c368d99d5d7a5a50aab80c6?s=96&d=mm&r=g","contentUrl":"https:\/\/secure.gravatar.com\/avatar\/7ca3206950207cc3cb48feec56a8a7898741ab725c368d99d5d7a5a50aab80c6?s=96&d=mm&r=g","caption":"Thales Brand\u00e3o"},"description":"Editor Executivo do Portal CidadeMarketing.com.br &gt; Mestre em Comunica\u00e7\u00e3o e Sociedade pela Universidade Federal de Sergipe. Possui MBA Executivo em Administra\u00e7\u00e3o com \u00eanfase em Marketing pela Funda\u00e7\u00e3o Get\u00falio Vargas - Rio de Janeiro. Consultor, Palestrante e Pesquisador sobre Empreendedorismo, Marketing, Redes Sociais e Neg\u00f3cios Digitais. Professor, Palestrante TedxTalks e Campus Party. Twitter: @ThalesBrandao","sameAs":["http:\/\/www.mandacaru.com.br","https:\/\/www.facebook.com\/thalesbrandao","http:\/\/www.instagram.com.br\/thalesbrandaoferreira","https:\/\/www.linkedin.com\/in\/thales-brand\u00e3o-3948609\/","https:\/\/x.com\/http:\/\/www.twitter.com\/thalesbrandao"],"url":"https:\/\/www.cidademarketing.com.br\/marketing\/author\/thalesbrandao\/"}]}},"amp_enabled":true,"_links":{"self":[{"href":"https:\/\/www.cidademarketing.com.br\/marketing\/wp-json\/wp\/v2\/posts\/49397","targetHints":{"allow":["GET"]}}],"collection":[{"href":"https:\/\/www.cidademarketing.com.br\/marketing\/wp-json\/wp\/v2\/posts"}],"about":[{"href":"https:\/\/www.cidademarketing.com.br\/marketing\/wp-json\/wp\/v2\/types\/post"}],"author":[{"embeddable":true,"href":"https:\/\/www.cidademarketing.com.br\/marketing\/wp-json\/wp\/v2\/users\/1"}],"replies":[{"embeddable":true,"href":"https:\/\/www.cidademarketing.com.br\/marketing\/wp-json\/wp\/v2\/comments?post=49397"}],"version-history":[{"count":1,"href":"https:\/\/www.cidademarketing.com.br\/marketing\/wp-json\/wp\/v2\/posts\/49397\/revisions"}],"predecessor-version":[{"id":49398,"href":"https:\/\/www.cidademarketing.com.br\/marketing\/wp-json\/wp\/v2\/posts\/49397\/revisions\/49398"}],"wp:featuredmedia":[{"embeddable":true,"href":"https:\/\/www.cidademarketing.com.br\/marketing\/wp-json\/wp\/v2\/media\/13373"}],"wp:attachment":[{"href":"https:\/\/www.cidademarketing.com.br\/marketing\/wp-json\/wp\/v2\/media?parent=49397"}],"wp:term":[{"taxonomy":"category","embeddable":true,"href":"https:\/\/www.cidademarketing.com.br\/marketing\/wp-json\/wp\/v2\/categories?post=49397"},{"taxonomy":"post_tag","embeddable":true,"href":"https:\/\/www.cidademarketing.com.br\/marketing\/wp-json\/wp\/v2\/tags?post=49397"}],"curies":[{"name":"wp","href":"https:\/\/api.w.org\/{rel}","templated":true}]}}