{"id":49248,"date":"2023-12-14T21:58:01","date_gmt":"2023-12-15T00:58:01","guid":{"rendered":"https:\/\/www.cidademarketing.com.br\/marketing\/?p=49248"},"modified":"2023-12-14T21:58:01","modified_gmt":"2023-12-15T00:58:01","slug":"bmw-lanca-curta-metragem-emocionante-com-uma-viagem-pelo-passado-e-pelo-presente-de-pai-e-filho","status":"publish","type":"post","link":"https:\/\/www.cidademarketing.com.br\/marketing\/2023\/12\/14\/bmw-lanca-curta-metragem-emocionante-com-uma-viagem-pelo-passado-e-pelo-presente-de-pai-e-filho\/","title":{"rendered":"BMW lan\u00e7a curta-metragem emocionante com uma viagem pelo passado e pelo presente de pai e filho"},"content":{"rendered":"<p>Como no passado e no presente, sem d\u00favida tamb\u00e9m no futuro: uma carteira de motorista representa muito mais do que apenas a permiss\u00e3o para dar uma volta com o carro na estrada. Na verdade, ela \u00e9 a chave para uma infinidade de experi\u00eancias, lembran\u00e7as e momentos de forma\u00e7\u00e3o de car\u00e1ter. E mesmo quando, inevitavelmente, chegar o dia em que voc\u00ea n\u00e3o puder mais pilotar um ve\u00edculo de forma respons\u00e1vel por vias p\u00fablicas e tomar a decis\u00e3o de abrir m\u00e3o de sua carteira, uma coisa continuar\u00e1 viva: a alegria de dirigir que une as gera\u00e7\u00f5es. Essa \u00e9 a mensagem por tr\u00e1s de um curta-metragem que tocar\u00e1 a alma e o cora\u00e7\u00e3o de todos, lan\u00e7ado pela BMW para marcar o in\u00edcio das festas de fim de ano.<\/p>\n<p><a href=\"https:\/\/www.cidademarketing.com.br\/marketing\/sua-marca-vai-virar-noticia\/\" target=\"_blank\" rel=\"noopener\"><img fetchpriority=\"high\" decoding=\"async\" class=\"wp-image-44329 aligncenter\" src=\"https:\/\/www.cidademarketing.com.br\/comercial\/google_backlinks_guestpost_publieditorial_cidademarketing.webp\" alt=\"\" width=\"536\" height=\"479\" \/><\/a><\/p>\n<p>Celebrando sua estreia hoje nos canais de m\u00eddia social da BMW sob nome &#8220;Feliz para sempre&#8221;, o filme mostra em cenas emocionantes como a experi\u00eancia compartilhada de mobilidade pessoal pode se tornar uma parte fundamental da hist\u00f3ria de uma fam\u00edlia. A narrativa aut\u00eantica e os personagens ocupam o centro do palco. O filme conta a hist\u00f3ria de Robert, de 85 anos, que percebe que \u00e9 hora de pendurar definitivamente as luvas de motorista. As emo\u00e7\u00f5es que isso desperta s\u00e3o sentidas n\u00e3o apenas por ele, mas tamb\u00e9m por seu filho Christopher, que vai com ele entregar sua carteira de motorista nos escrit\u00f3rios competentes. A viagem de volta no BMW i4 totalmente el\u00e9trico de Christopher se transforma em uma jornada pelo passado e pelo presente &#8211; e uma experi\u00eancia muito especial cheia de lembran\u00e7as felizes juntos.<\/p>\n<p>Transitando entre a tristeza profunda e a alegria pura<\/p>\n<p>O cen\u00e1rio da cena de abertura do filme festivo de 90 segundos \u00e9 austero, para dizer o m\u00ednimo: uma sala de espera fria e cinza, o tique-taque mon\u00f3tono de um rel\u00f3gio de parede. Apenas uma \u00e1rvore de Natal ao fundo tenta transmitir um pouco de calor. A express\u00e3o de des\u00e2nimo no rosto de Robert indica que chegou a hora. Christopher tenta em v\u00e3o anim\u00e1-lo (&#8220;\u00c9 apenas um peda\u00e7o de pl\u00e1stico, voc\u00ea sabe&#8230;&#8221;). Mas, para Robert, o peda\u00e7o de pl\u00e1stico que ele est\u00e1 entregando no balc\u00e3o \u00e9 uma express\u00e3o de liberdade e a pura alegria de dirigir. O clima no carro, a caminho de casa, \u00e9 melanc\u00f3lico, at\u00e9 que Christopher sai da estrada de repente.<\/p>\n<p>Os dois homens chegam aos port\u00f5es de um local a princ\u00edpio desconhecido. Ao sinal de Christopher, um guarda de seguran\u00e7a abre a barreira. Acontece que eles est\u00e3o agora no estacionamento de sua empresa. Robert imediatamente se lembra do local onde ensinou seu filho a dirigir h\u00e1 quase 40 anos. E, em uma invers\u00e3o de pap\u00e9is, Christopher convida o pai a assumir o volante de seu BMW uma \u00faltima vez.<\/p>\n<div class=\"youtube-embed\" data-video_id=\"pU6UWWAyptI\"><iframe title=\"Father &amp; Son. Freude forever.\" width=\"640\" height=\"360\" src=\"https:\/\/www.youtube.com\/embed\/pU6UWWAyptI?feature=oembed&#038;enablejsapi=1\" frameborder=\"0\" allow=\"accelerometer; autoplay; clipboard-write; encrypted-media; gyroscope; picture-in-picture; web-share\" referrerpolicy=\"strict-origin-when-cross-origin\" allowfullscreen><\/iframe><\/div>\n<p>H\u00e1 um flashback para a d\u00e9cada de 1980, quando Robert troca de lugar com Christopher para que seu filho de 18 anos possa assumir o controle do BMW S\u00e9rie 3. De volta ao aqui e agora, quando Robert pressiona o acelerador do BMW i4 e o gran coup\u00e9 totalmente el\u00e9trico entra em a\u00e7\u00e3o de forma din\u00e2mica, o passado e o presente se fundem em um espet\u00e1culo visualmente impressionante. As lembran\u00e7as alegres de Robert sobre as viagens de carro com seu filho aparecem em sua mente: o jovem Christopher dormindo profundamente em viagens noturnas, f\u00e9rias inesquec\u00edveis em fam\u00edlia, todos aqueles quil\u00f4metros pelo pa\u00eds para torcer por suas aventuras esportivas, pegando-o em festas, levando-o ao seu primeiro encontro. Em um cl\u00edmax dram\u00e1tico, Robert freia o carro e faz uma pausa: agora ele est\u00e1 pronto para deixar o assento do motorista para sempre. Afinal de contas, o sentimento de alegria durar\u00e1 para sempre.<\/p>\n<p><iframe title=\"Spotify Embed: Podcast CidadeMarketing\" style=\"border-radius: 12px\" width=\"100%\" height=\"152\" frameborder=\"0\" allowfullscreen allow=\"autoplay; clipboard-write; encrypted-media; fullscreen; picture-in-picture\" loading=\"lazy\" src=\"https:\/\/open.spotify.com\/embed\/show\/4khMKzP3FgFRWVwb73xicc?si=252fe5bff2b34909&#038;utm_source=oembed\"><\/iframe><\/p>\n<p>&nbsp;<\/p>\n<p>Clipe festivo da BMW estreia nas m\u00eddias sociais<\/p>\n<p>A ideia para esse filme envolvente veio da ag\u00eancia de cria\u00e7\u00e3o\/publicidade Jung von Matt para o THE GAME. Produzido em colabora\u00e7\u00e3o com a BMW Marketing, o filme dura cerca de 90 segundos e estar\u00e1 dispon\u00edvel para visualiza\u00e7\u00e3o nos canais de m\u00eddia social da marca BMW &#8211; no YouTube, LinkedIn e Instagram.<\/p>\n","protected":false},"excerpt":{"rendered":"<p>Como no passado e no presente, sem d\u00favida tamb\u00e9m no futuro: uma carteira de motorista representa muito mais do que apenas a permiss\u00e3o para dar uma volta com o carro na estrada. Na verdade, ela \u00e9 a chave para uma infinidade de experi\u00eancias, lembran\u00e7as e momentos de forma\u00e7\u00e3o de car\u00e1ter. E mesmo quando, inevitavelmente, chegar [&hellip;]<\/p>\n","protected":false},"author":1,"featured_media":49249,"comment_status":"open","ping_status":"open","sticky":false,"template":"","format":"standard","meta":{"tdm_status":"","tdm_grid_status":"","footnotes":""},"categories":[6],"tags":[363,6582,2356,1340,805,836,28,66],"class_list":["post-49248","post","type-post","status-publish","format-standard","has-post-thumbnail","hentry","category-noticias","tag-bmw","tag-bmw-i4","tag-carro","tag-eletrico","tag-experiencia","tag-filme","tag-marketing","tag-propaganda"],"yoast_head":"<!-- This site is optimized with the Yoast SEO plugin v27.4 - https:\/\/yoast.com\/product\/yoast-seo-wordpress\/ -->\n<title>BMW lan\u00e7a curta-metragem emocionante com uma viagem pelo passado e pelo presente de pai e filho - CidadeMarketing<\/title>\n<meta name=\"robots\" content=\"index, follow, max-snippet:-1, max-image-preview:large, max-video-preview:-1\" \/>\n<link rel=\"canonical\" href=\"https:\/\/www.cidademarketing.com.br\/marketing\/2023\/12\/14\/bmw-lanca-curta-metragem-emocionante-com-uma-viagem-pelo-passado-e-pelo-presente-de-pai-e-filho\/\" \/>\n<meta property=\"og:locale\" content=\"pt_BR\" \/>\n<meta property=\"og:type\" content=\"article\" \/>\n<meta property=\"og:title\" content=\"BMW lan\u00e7a curta-metragem emocionante com uma viagem pelo passado e pelo presente de pai e filho - CidadeMarketing\" \/>\n<meta property=\"og:description\" content=\"Como no passado e no presente, sem d\u00favida tamb\u00e9m no futuro: uma carteira de motorista representa muito mais do que apenas a permiss\u00e3o para dar uma volta com o carro na estrada. Na verdade, ela \u00e9 a chave para uma infinidade de experi\u00eancias, lembran\u00e7as e momentos de forma\u00e7\u00e3o de car\u00e1ter. E mesmo quando, inevitavelmente, chegar [&hellip;]\" \/>\n<meta property=\"og:url\" content=\"https:\/\/www.cidademarketing.com.br\/marketing\/2023\/12\/14\/bmw-lanca-curta-metragem-emocionante-com-uma-viagem-pelo-passado-e-pelo-presente-de-pai-e-filho\/\" \/>\n<meta property=\"og:site_name\" content=\"CidadeMarketing\" \/>\n<meta property=\"article:publisher\" content=\"https:\/\/www.facebook.com\/portalcidademarketing\" \/>\n<meta property=\"article:author\" content=\"https:\/\/www.facebook.com\/thalesbrandao\" \/>\n<meta property=\"article:published_time\" content=\"2023-12-15T00:58:01+00:00\" \/>\n<meta property=\"og:image\" content=\"https:\/\/www.cidademarketing.com.br\/marketing\/wp-content\/uploads\/2023\/12\/bmw_curtametragem.webp\" \/>\n\t<meta property=\"og:image:width\" content=\"1500\" \/>\n\t<meta property=\"og:image:height\" content=\"1875\" \/>\n\t<meta property=\"og:image:type\" content=\"image\/webp\" \/>\n<meta name=\"author\" content=\"Thales Brand\u00e3o\" \/>\n<meta name=\"twitter:card\" content=\"summary_large_image\" \/>\n<meta name=\"twitter:creator\" content=\"@http:\/\/www.twitter.com\/thalesbrandao\" \/>\n<meta name=\"twitter:site\" content=\"@CidadeMarketing\" \/>\n<meta name=\"twitter:label1\" content=\"Escrito por\" \/>\n\t<meta name=\"twitter:data1\" content=\"Thales Brand\u00e3o\" \/>\n\t<meta name=\"twitter:label2\" content=\"Est. tempo de leitura\" \/>\n\t<meta name=\"twitter:data2\" content=\"4 minutos\" \/>\n<script type=\"application\/ld+json\" class=\"yoast-schema-graph\">{\"@context\":\"https:\\\/\\\/schema.org\",\"@graph\":[{\"@type\":\"Article\",\"@id\":\"https:\\\/\\\/www.cidademarketing.com.br\\\/marketing\\\/2023\\\/12\\\/14\\\/bmw-lanca-curta-metragem-emocionante-com-uma-viagem-pelo-passado-e-pelo-presente-de-pai-e-filho\\\/#article\",\"isPartOf\":{\"@id\":\"https:\\\/\\\/www.cidademarketing.com.br\\\/marketing\\\/2023\\\/12\\\/14\\\/bmw-lanca-curta-metragem-emocionante-com-uma-viagem-pelo-passado-e-pelo-presente-de-pai-e-filho\\\/\"},\"author\":{\"name\":\"Thales Brand\u00e3o\",\"@id\":\"https:\\\/\\\/www.cidademarketing.com.br\\\/marketing\\\/#\\\/schema\\\/person\\\/02daff9f18bd9378c9e01eb6b2db155f\"},\"headline\":\"BMW lan\u00e7a curta-metragem emocionante com uma viagem pelo passado e pelo presente de pai e filho\",\"datePublished\":\"2023-12-15T00:58:01+00:00\",\"mainEntityOfPage\":{\"@id\":\"https:\\\/\\\/www.cidademarketing.com.br\\\/marketing\\\/2023\\\/12\\\/14\\\/bmw-lanca-curta-metragem-emocionante-com-uma-viagem-pelo-passado-e-pelo-presente-de-pai-e-filho\\\/\"},\"wordCount\":763,\"commentCount\":0,\"publisher\":{\"@id\":\"https:\\\/\\\/www.cidademarketing.com.br\\\/marketing\\\/#organization\"},\"image\":{\"@id\":\"https:\\\/\\\/www.cidademarketing.com.br\\\/marketing\\\/2023\\\/12\\\/14\\\/bmw-lanca-curta-metragem-emocionante-com-uma-viagem-pelo-passado-e-pelo-presente-de-pai-e-filho\\\/#primaryimage\"},\"thumbnailUrl\":\"https:\\\/\\\/www.cidademarketing.com.br\\\/marketing\\\/wp-content\\\/uploads\\\/2023\\\/12\\\/bmw_curtametragem.webp\",\"keywords\":[\"BMW\",\"BMW i4\",\"carro\",\"el\u00e9trico\",\"experi\u00eancia\",\"filme\",\"marketing\",\"propaganda\"],\"articleSection\":[\"Not\u00edcias\"],\"inLanguage\":\"pt-BR\",\"potentialAction\":[{\"@type\":\"CommentAction\",\"name\":\"Comment\",\"target\":[\"https:\\\/\\\/www.cidademarketing.com.br\\\/marketing\\\/2023\\\/12\\\/14\\\/bmw-lanca-curta-metragem-emocionante-com-uma-viagem-pelo-passado-e-pelo-presente-de-pai-e-filho\\\/#respond\"]}]},{\"@type\":\"WebPage\",\"@id\":\"https:\\\/\\\/www.cidademarketing.com.br\\\/marketing\\\/2023\\\/12\\\/14\\\/bmw-lanca-curta-metragem-emocionante-com-uma-viagem-pelo-passado-e-pelo-presente-de-pai-e-filho\\\/\",\"url\":\"https:\\\/\\\/www.cidademarketing.com.br\\\/marketing\\\/2023\\\/12\\\/14\\\/bmw-lanca-curta-metragem-emocionante-com-uma-viagem-pelo-passado-e-pelo-presente-de-pai-e-filho\\\/\",\"name\":\"BMW lan\u00e7a curta-metragem emocionante com uma viagem pelo passado e pelo presente de pai e filho - CidadeMarketing\",\"isPartOf\":{\"@id\":\"https:\\\/\\\/www.cidademarketing.com.br\\\/marketing\\\/#website\"},\"primaryImageOfPage\":{\"@id\":\"https:\\\/\\\/www.cidademarketing.com.br\\\/marketing\\\/2023\\\/12\\\/14\\\/bmw-lanca-curta-metragem-emocionante-com-uma-viagem-pelo-passado-e-pelo-presente-de-pai-e-filho\\\/#primaryimage\"},\"image\":{\"@id\":\"https:\\\/\\\/www.cidademarketing.com.br\\\/marketing\\\/2023\\\/12\\\/14\\\/bmw-lanca-curta-metragem-emocionante-com-uma-viagem-pelo-passado-e-pelo-presente-de-pai-e-filho\\\/#primaryimage\"},\"thumbnailUrl\":\"https:\\\/\\\/www.cidademarketing.com.br\\\/marketing\\\/wp-content\\\/uploads\\\/2023\\\/12\\\/bmw_curtametragem.webp\",\"datePublished\":\"2023-12-15T00:58:01+00:00\",\"breadcrumb\":{\"@id\":\"https:\\\/\\\/www.cidademarketing.com.br\\\/marketing\\\/2023\\\/12\\\/14\\\/bmw-lanca-curta-metragem-emocionante-com-uma-viagem-pelo-passado-e-pelo-presente-de-pai-e-filho\\\/#breadcrumb\"},\"inLanguage\":\"pt-BR\",\"potentialAction\":[{\"@type\":\"ReadAction\",\"target\":[\"https:\\\/\\\/www.cidademarketing.com.br\\\/marketing\\\/2023\\\/12\\\/14\\\/bmw-lanca-curta-metragem-emocionante-com-uma-viagem-pelo-passado-e-pelo-presente-de-pai-e-filho\\\/\"]}]},{\"@type\":\"ImageObject\",\"inLanguage\":\"pt-BR\",\"@id\":\"https:\\\/\\\/www.cidademarketing.com.br\\\/marketing\\\/2023\\\/12\\\/14\\\/bmw-lanca-curta-metragem-emocionante-com-uma-viagem-pelo-passado-e-pelo-presente-de-pai-e-filho\\\/#primaryimage\",\"url\":\"https:\\\/\\\/www.cidademarketing.com.br\\\/marketing\\\/wp-content\\\/uploads\\\/2023\\\/12\\\/bmw_curtametragem.webp\",\"contentUrl\":\"https:\\\/\\\/www.cidademarketing.com.br\\\/marketing\\\/wp-content\\\/uploads\\\/2023\\\/12\\\/bmw_curtametragem.webp\",\"width\":1500,\"height\":1875},{\"@type\":\"BreadcrumbList\",\"@id\":\"https:\\\/\\\/www.cidademarketing.com.br\\\/marketing\\\/2023\\\/12\\\/14\\\/bmw-lanca-curta-metragem-emocionante-com-uma-viagem-pelo-passado-e-pelo-presente-de-pai-e-filho\\\/#breadcrumb\",\"itemListElement\":[{\"@type\":\"ListItem\",\"position\":1,\"name\":\"In\u00edcio\",\"item\":\"https:\\\/\\\/www.cidademarketing.com.br\\\/marketing\\\/\"},{\"@type\":\"ListItem\",\"position\":2,\"name\":\"BMW lan\u00e7a curta-metragem emocionante com uma viagem pelo passado e pelo presente de pai e filho\"}]},{\"@type\":\"WebSite\",\"@id\":\"https:\\\/\\\/www.cidademarketing.com.br\\\/marketing\\\/#website\",\"url\":\"https:\\\/\\\/www.cidademarketing.com.br\\\/marketing\\\/\",\"name\":\"CidadeMarketing\",\"description\":\"Somos um ve\u00edculo de comunica\u00e7\u00e3o de destaque no Brasil, reconhecido por conte\u00fados nos segmentos de marketing, empreendedorismo e inova\u00e7\u00e3o.\",\"publisher\":{\"@id\":\"https:\\\/\\\/www.cidademarketing.com.br\\\/marketing\\\/#organization\"},\"alternateName\":\"CidadeMarketing\",\"potentialAction\":[{\"@type\":\"SearchAction\",\"target\":{\"@type\":\"EntryPoint\",\"urlTemplate\":\"https:\\\/\\\/www.cidademarketing.com.br\\\/marketing\\\/?s={search_term_string}\"},\"query-input\":{\"@type\":\"PropertyValueSpecification\",\"valueRequired\":true,\"valueName\":\"search_term_string\"}}],\"inLanguage\":\"pt-BR\"},{\"@type\":\"Organization\",\"@id\":\"https:\\\/\\\/www.cidademarketing.com.br\\\/marketing\\\/#organization\",\"name\":\"CidadeMarketing\",\"alternateName\":\"CidadeMarketing\",\"url\":\"https:\\\/\\\/www.cidademarketing.com.br\\\/marketing\\\/\",\"logo\":{\"@type\":\"ImageObject\",\"inLanguage\":\"pt-BR\",\"@id\":\"https:\\\/\\\/www.cidademarketing.com.br\\\/marketing\\\/#\\\/schema\\\/logo\\\/image\\\/\",\"url\":\"https:\\\/\\\/www.cidademarketing.com.br\\\/marketing\\\/wp-content\\\/uploads\\\/2020\\\/01\\\/cidademarketing_marca_mobile.png\",\"contentUrl\":\"https:\\\/\\\/www.cidademarketing.com.br\\\/marketing\\\/wp-content\\\/uploads\\\/2020\\\/01\\\/cidademarketing_marca_mobile.png\",\"width\":230,\"height\":92,\"caption\":\"CidadeMarketing\"},\"image\":{\"@id\":\"https:\\\/\\\/www.cidademarketing.com.br\\\/marketing\\\/#\\\/schema\\\/logo\\\/image\\\/\"},\"sameAs\":[\"https:\\\/\\\/www.facebook.com\\\/portalcidademarketing\",\"https:\\\/\\\/x.com\\\/CidadeMarketing\",\"https:\\\/\\\/www.instagram.com\\\/cidademarketing\\\/\"]},{\"@type\":\"Person\",\"@id\":\"https:\\\/\\\/www.cidademarketing.com.br\\\/marketing\\\/#\\\/schema\\\/person\\\/02daff9f18bd9378c9e01eb6b2db155f\",\"name\":\"Thales Brand\u00e3o\",\"image\":{\"@type\":\"ImageObject\",\"inLanguage\":\"pt-BR\",\"@id\":\"https:\\\/\\\/secure.gravatar.com\\\/avatar\\\/7ca3206950207cc3cb48feec56a8a7898741ab725c368d99d5d7a5a50aab80c6?s=96&d=mm&r=g\",\"url\":\"https:\\\/\\\/secure.gravatar.com\\\/avatar\\\/7ca3206950207cc3cb48feec56a8a7898741ab725c368d99d5d7a5a50aab80c6?s=96&d=mm&r=g\",\"contentUrl\":\"https:\\\/\\\/secure.gravatar.com\\\/avatar\\\/7ca3206950207cc3cb48feec56a8a7898741ab725c368d99d5d7a5a50aab80c6?s=96&d=mm&r=g\",\"caption\":\"Thales Brand\u00e3o\"},\"description\":\"Editor Executivo do Portal CidadeMarketing.com.br &gt; Mestre em Comunica\u00e7\u00e3o e Sociedade pela Universidade Federal de Sergipe. Possui MBA Executivo em Administra\u00e7\u00e3o com \u00eanfase em Marketing pela Funda\u00e7\u00e3o Get\u00falio Vargas - Rio de Janeiro. Consultor, Palestrante e Pesquisador sobre Empreendedorismo, Marketing, Redes Sociais e Neg\u00f3cios Digitais. Professor, Palestrante TedxTalks e Campus Party. Twitter: @ThalesBrandao\",\"sameAs\":[\"http:\\\/\\\/www.mandacaru.com.br\",\"https:\\\/\\\/www.facebook.com\\\/thalesbrandao\",\"http:\\\/\\\/www.instagram.com.br\\\/thalesbrandaoferreira\",\"https:\\\/\\\/www.linkedin.com\\\/in\\\/thales-brand\u00e3o-3948609\\\/\",\"https:\\\/\\\/x.com\\\/http:\\\/\\\/www.twitter.com\\\/thalesbrandao\"],\"url\":\"https:\\\/\\\/www.cidademarketing.com.br\\\/marketing\\\/author\\\/thalesbrandao\\\/\"}]}<\/script>\n<!-- \/ Yoast SEO plugin. -->","yoast_head_json":{"title":"BMW lan\u00e7a curta-metragem emocionante com uma viagem pelo passado e pelo presente de pai e filho - CidadeMarketing","robots":{"index":"index","follow":"follow","max-snippet":"max-snippet:-1","max-image-preview":"max-image-preview:large","max-video-preview":"max-video-preview:-1"},"canonical":"https:\/\/www.cidademarketing.com.br\/marketing\/2023\/12\/14\/bmw-lanca-curta-metragem-emocionante-com-uma-viagem-pelo-passado-e-pelo-presente-de-pai-e-filho\/","og_locale":"pt_BR","og_type":"article","og_title":"BMW lan\u00e7a curta-metragem emocionante com uma viagem pelo passado e pelo presente de pai e filho - CidadeMarketing","og_description":"Como no passado e no presente, sem d\u00favida tamb\u00e9m no futuro: uma carteira de motorista representa muito mais do que apenas a permiss\u00e3o para dar uma volta com o carro na estrada. Na verdade, ela \u00e9 a chave para uma infinidade de experi\u00eancias, lembran\u00e7as e momentos de forma\u00e7\u00e3o de car\u00e1ter. E mesmo quando, inevitavelmente, chegar [&hellip;]","og_url":"https:\/\/www.cidademarketing.com.br\/marketing\/2023\/12\/14\/bmw-lanca-curta-metragem-emocionante-com-uma-viagem-pelo-passado-e-pelo-presente-de-pai-e-filho\/","og_site_name":"CidadeMarketing","article_publisher":"https:\/\/www.facebook.com\/portalcidademarketing","article_author":"https:\/\/www.facebook.com\/thalesbrandao","article_published_time":"2023-12-15T00:58:01+00:00","og_image":[{"width":1500,"height":1875,"url":"https:\/\/www.cidademarketing.com.br\/marketing\/wp-content\/uploads\/2023\/12\/bmw_curtametragem.webp","type":"image\/webp"}],"author":"Thales Brand\u00e3o","twitter_card":"summary_large_image","twitter_creator":"@http:\/\/www.twitter.com\/thalesbrandao","twitter_site":"@CidadeMarketing","twitter_misc":{"Escrito por":"Thales Brand\u00e3o","Est. tempo de leitura":"4 minutos"},"schema":{"@context":"https:\/\/schema.org","@graph":[{"@type":"Article","@id":"https:\/\/www.cidademarketing.com.br\/marketing\/2023\/12\/14\/bmw-lanca-curta-metragem-emocionante-com-uma-viagem-pelo-passado-e-pelo-presente-de-pai-e-filho\/#article","isPartOf":{"@id":"https:\/\/www.cidademarketing.com.br\/marketing\/2023\/12\/14\/bmw-lanca-curta-metragem-emocionante-com-uma-viagem-pelo-passado-e-pelo-presente-de-pai-e-filho\/"},"author":{"name":"Thales Brand\u00e3o","@id":"https:\/\/www.cidademarketing.com.br\/marketing\/#\/schema\/person\/02daff9f18bd9378c9e01eb6b2db155f"},"headline":"BMW lan\u00e7a curta-metragem emocionante com uma viagem pelo passado e pelo presente de pai e filho","datePublished":"2023-12-15T00:58:01+00:00","mainEntityOfPage":{"@id":"https:\/\/www.cidademarketing.com.br\/marketing\/2023\/12\/14\/bmw-lanca-curta-metragem-emocionante-com-uma-viagem-pelo-passado-e-pelo-presente-de-pai-e-filho\/"},"wordCount":763,"commentCount":0,"publisher":{"@id":"https:\/\/www.cidademarketing.com.br\/marketing\/#organization"},"image":{"@id":"https:\/\/www.cidademarketing.com.br\/marketing\/2023\/12\/14\/bmw-lanca-curta-metragem-emocionante-com-uma-viagem-pelo-passado-e-pelo-presente-de-pai-e-filho\/#primaryimage"},"thumbnailUrl":"https:\/\/www.cidademarketing.com.br\/marketing\/wp-content\/uploads\/2023\/12\/bmw_curtametragem.webp","keywords":["BMW","BMW i4","carro","el\u00e9trico","experi\u00eancia","filme","marketing","propaganda"],"articleSection":["Not\u00edcias"],"inLanguage":"pt-BR","potentialAction":[{"@type":"CommentAction","name":"Comment","target":["https:\/\/www.cidademarketing.com.br\/marketing\/2023\/12\/14\/bmw-lanca-curta-metragem-emocionante-com-uma-viagem-pelo-passado-e-pelo-presente-de-pai-e-filho\/#respond"]}]},{"@type":"WebPage","@id":"https:\/\/www.cidademarketing.com.br\/marketing\/2023\/12\/14\/bmw-lanca-curta-metragem-emocionante-com-uma-viagem-pelo-passado-e-pelo-presente-de-pai-e-filho\/","url":"https:\/\/www.cidademarketing.com.br\/marketing\/2023\/12\/14\/bmw-lanca-curta-metragem-emocionante-com-uma-viagem-pelo-passado-e-pelo-presente-de-pai-e-filho\/","name":"BMW lan\u00e7a curta-metragem emocionante com uma viagem pelo passado e pelo presente de pai e filho - CidadeMarketing","isPartOf":{"@id":"https:\/\/www.cidademarketing.com.br\/marketing\/#website"},"primaryImageOfPage":{"@id":"https:\/\/www.cidademarketing.com.br\/marketing\/2023\/12\/14\/bmw-lanca-curta-metragem-emocionante-com-uma-viagem-pelo-passado-e-pelo-presente-de-pai-e-filho\/#primaryimage"},"image":{"@id":"https:\/\/www.cidademarketing.com.br\/marketing\/2023\/12\/14\/bmw-lanca-curta-metragem-emocionante-com-uma-viagem-pelo-passado-e-pelo-presente-de-pai-e-filho\/#primaryimage"},"thumbnailUrl":"https:\/\/www.cidademarketing.com.br\/marketing\/wp-content\/uploads\/2023\/12\/bmw_curtametragem.webp","datePublished":"2023-12-15T00:58:01+00:00","breadcrumb":{"@id":"https:\/\/www.cidademarketing.com.br\/marketing\/2023\/12\/14\/bmw-lanca-curta-metragem-emocionante-com-uma-viagem-pelo-passado-e-pelo-presente-de-pai-e-filho\/#breadcrumb"},"inLanguage":"pt-BR","potentialAction":[{"@type":"ReadAction","target":["https:\/\/www.cidademarketing.com.br\/marketing\/2023\/12\/14\/bmw-lanca-curta-metragem-emocionante-com-uma-viagem-pelo-passado-e-pelo-presente-de-pai-e-filho\/"]}]},{"@type":"ImageObject","inLanguage":"pt-BR","@id":"https:\/\/www.cidademarketing.com.br\/marketing\/2023\/12\/14\/bmw-lanca-curta-metragem-emocionante-com-uma-viagem-pelo-passado-e-pelo-presente-de-pai-e-filho\/#primaryimage","url":"https:\/\/www.cidademarketing.com.br\/marketing\/wp-content\/uploads\/2023\/12\/bmw_curtametragem.webp","contentUrl":"https:\/\/www.cidademarketing.com.br\/marketing\/wp-content\/uploads\/2023\/12\/bmw_curtametragem.webp","width":1500,"height":1875},{"@type":"BreadcrumbList","@id":"https:\/\/www.cidademarketing.com.br\/marketing\/2023\/12\/14\/bmw-lanca-curta-metragem-emocionante-com-uma-viagem-pelo-passado-e-pelo-presente-de-pai-e-filho\/#breadcrumb","itemListElement":[{"@type":"ListItem","position":1,"name":"In\u00edcio","item":"https:\/\/www.cidademarketing.com.br\/marketing\/"},{"@type":"ListItem","position":2,"name":"BMW lan\u00e7a curta-metragem emocionante com uma viagem pelo passado e pelo presente de pai e filho"}]},{"@type":"WebSite","@id":"https:\/\/www.cidademarketing.com.br\/marketing\/#website","url":"https:\/\/www.cidademarketing.com.br\/marketing\/","name":"CidadeMarketing","description":"Somos um ve\u00edculo de comunica\u00e7\u00e3o de destaque no Brasil, reconhecido por conte\u00fados nos segmentos de marketing, empreendedorismo e inova\u00e7\u00e3o.","publisher":{"@id":"https:\/\/www.cidademarketing.com.br\/marketing\/#organization"},"alternateName":"CidadeMarketing","potentialAction":[{"@type":"SearchAction","target":{"@type":"EntryPoint","urlTemplate":"https:\/\/www.cidademarketing.com.br\/marketing\/?s={search_term_string}"},"query-input":{"@type":"PropertyValueSpecification","valueRequired":true,"valueName":"search_term_string"}}],"inLanguage":"pt-BR"},{"@type":"Organization","@id":"https:\/\/www.cidademarketing.com.br\/marketing\/#organization","name":"CidadeMarketing","alternateName":"CidadeMarketing","url":"https:\/\/www.cidademarketing.com.br\/marketing\/","logo":{"@type":"ImageObject","inLanguage":"pt-BR","@id":"https:\/\/www.cidademarketing.com.br\/marketing\/#\/schema\/logo\/image\/","url":"https:\/\/www.cidademarketing.com.br\/marketing\/wp-content\/uploads\/2020\/01\/cidademarketing_marca_mobile.png","contentUrl":"https:\/\/www.cidademarketing.com.br\/marketing\/wp-content\/uploads\/2020\/01\/cidademarketing_marca_mobile.png","width":230,"height":92,"caption":"CidadeMarketing"},"image":{"@id":"https:\/\/www.cidademarketing.com.br\/marketing\/#\/schema\/logo\/image\/"},"sameAs":["https:\/\/www.facebook.com\/portalcidademarketing","https:\/\/x.com\/CidadeMarketing","https:\/\/www.instagram.com\/cidademarketing\/"]},{"@type":"Person","@id":"https:\/\/www.cidademarketing.com.br\/marketing\/#\/schema\/person\/02daff9f18bd9378c9e01eb6b2db155f","name":"Thales Brand\u00e3o","image":{"@type":"ImageObject","inLanguage":"pt-BR","@id":"https:\/\/secure.gravatar.com\/avatar\/7ca3206950207cc3cb48feec56a8a7898741ab725c368d99d5d7a5a50aab80c6?s=96&d=mm&r=g","url":"https:\/\/secure.gravatar.com\/avatar\/7ca3206950207cc3cb48feec56a8a7898741ab725c368d99d5d7a5a50aab80c6?s=96&d=mm&r=g","contentUrl":"https:\/\/secure.gravatar.com\/avatar\/7ca3206950207cc3cb48feec56a8a7898741ab725c368d99d5d7a5a50aab80c6?s=96&d=mm&r=g","caption":"Thales Brand\u00e3o"},"description":"Editor Executivo do Portal CidadeMarketing.com.br &gt; Mestre em Comunica\u00e7\u00e3o e Sociedade pela Universidade Federal de Sergipe. Possui MBA Executivo em Administra\u00e7\u00e3o com \u00eanfase em Marketing pela Funda\u00e7\u00e3o Get\u00falio Vargas - Rio de Janeiro. Consultor, Palestrante e Pesquisador sobre Empreendedorismo, Marketing, Redes Sociais e Neg\u00f3cios Digitais. Professor, Palestrante TedxTalks e Campus Party. Twitter: @ThalesBrandao","sameAs":["http:\/\/www.mandacaru.com.br","https:\/\/www.facebook.com\/thalesbrandao","http:\/\/www.instagram.com.br\/thalesbrandaoferreira","https:\/\/www.linkedin.com\/in\/thales-brand\u00e3o-3948609\/","https:\/\/x.com\/http:\/\/www.twitter.com\/thalesbrandao"],"url":"https:\/\/www.cidademarketing.com.br\/marketing\/author\/thalesbrandao\/"}]}},"amp_enabled":true,"_links":{"self":[{"href":"https:\/\/www.cidademarketing.com.br\/marketing\/wp-json\/wp\/v2\/posts\/49248","targetHints":{"allow":["GET"]}}],"collection":[{"href":"https:\/\/www.cidademarketing.com.br\/marketing\/wp-json\/wp\/v2\/posts"}],"about":[{"href":"https:\/\/www.cidademarketing.com.br\/marketing\/wp-json\/wp\/v2\/types\/post"}],"author":[{"embeddable":true,"href":"https:\/\/www.cidademarketing.com.br\/marketing\/wp-json\/wp\/v2\/users\/1"}],"replies":[{"embeddable":true,"href":"https:\/\/www.cidademarketing.com.br\/marketing\/wp-json\/wp\/v2\/comments?post=49248"}],"version-history":[{"count":1,"href":"https:\/\/www.cidademarketing.com.br\/marketing\/wp-json\/wp\/v2\/posts\/49248\/revisions"}],"predecessor-version":[{"id":49250,"href":"https:\/\/www.cidademarketing.com.br\/marketing\/wp-json\/wp\/v2\/posts\/49248\/revisions\/49250"}],"wp:featuredmedia":[{"embeddable":true,"href":"https:\/\/www.cidademarketing.com.br\/marketing\/wp-json\/wp\/v2\/media\/49249"}],"wp:attachment":[{"href":"https:\/\/www.cidademarketing.com.br\/marketing\/wp-json\/wp\/v2\/media?parent=49248"}],"wp:term":[{"taxonomy":"category","embeddable":true,"href":"https:\/\/www.cidademarketing.com.br\/marketing\/wp-json\/wp\/v2\/categories?post=49248"},{"taxonomy":"post_tag","embeddable":true,"href":"https:\/\/www.cidademarketing.com.br\/marketing\/wp-json\/wp\/v2\/tags?post=49248"}],"curies":[{"name":"wp","href":"https:\/\/api.w.org\/{rel}","templated":true}]}}