{"id":49090,"date":"2023-12-06T09:44:54","date_gmt":"2023-12-06T12:44:54","guid":{"rendered":"https:\/\/www.cidademarketing.com.br\/marketing\/?p=49090"},"modified":"2023-12-06T09:44:54","modified_gmt":"2023-12-06T12:44:54","slug":"apos-ataque-de-criminosos-empreendedor-do-bar-brahma-apela-por-resistencia-do-bem-no-centro-de-sao-paulo","status":"publish","type":"post","link":"https:\/\/www.cidademarketing.com.br\/marketing\/2023\/12\/06\/apos-ataque-de-criminosos-empreendedor-do-bar-brahma-apela-por-resistencia-do-bem-no-centro-de-sao-paulo\/","title":{"rendered":"Ap\u00f3s ataque de criminosos, Empreendedor do Bar Brahma apela por &#8220;resist\u00eancia do bem&#8221; no centro de S\u00e3o Paulo"},"content":{"rendered":"<p>O empreendedor Alvaro Aoas, propriet\u00e1rio do ic\u00f4nico Bar Brahma, utilizou suas redes sociais para fazer um apelo aos clientes e frequentadores de estabelecimentos no centro de S\u00e3o Paulo. O pedido surge em meio a um epis\u00f3dio de vandalismo ocorrido em seu restaurante, localizado na Avenida Ipiranga, e em uma unidade do McDonald&#8217;s na mesma regi\u00e3o.<\/p>\n<blockquote class=\"instagram-media\" style=\"background: #FFF; border: 0; border-radius: 3px; box-shadow: 0 0 1px 0 rgba(0,0,0,0.5),0 1px 10px 0 rgba(0,0,0,0.15); margin: 1px; max-width: 540px; min-width: 326px; padding: 0; width: calc(100% - 2px);\" data-instgrm-captioned=\"\" data-instgrm-permalink=\"https:\/\/www.instagram.com\/p\/C0fB65APGLx\/?utm_source=ig_embed&amp;utm_campaign=loading\" data-instgrm-version=\"14\">\n<div style=\"padding: 16px;\">\n<p>&nbsp;<\/p>\n<div style=\"display: flex; flex-direction: row; align-items: center;\">\n<div style=\"background-color: #f4f4f4; border-radius: 50%; flex-grow: 0; height: 40px; margin-right: 14px; width: 40px;\"><\/div>\n<div style=\"display: flex; flex-direction: column; flex-grow: 1; justify-content: center;\">\n<div style=\"background-color: #f4f4f4; border-radius: 4px; flex-grow: 0; height: 14px; margin-bottom: 6px; width: 100px;\"><\/div>\n<div style=\"background-color: #f4f4f4; border-radius: 4px; flex-grow: 0; height: 14px; width: 60px;\"><\/div>\n<\/div>\n<\/div>\n<div style=\"padding: 19% 0;\"><\/div>\n<div style=\"display: block; height: 50px; margin: 0 auto 12px; width: 50px;\"><\/div>\n<div style=\"padding-top: 8px;\">\n<div style=\"color: #3897f0; font-family: Arial,sans-serif; font-size: 14px; font-style: normal; font-weight: 550; line-height: 18px;\">Ver essa foto no Instagram<\/div>\n<\/div>\n<div style=\"padding: 12.5% 0;\"><\/div>\n<div style=\"display: flex; flex-direction: row; margin-bottom: 14px; align-items: center;\">\n<div>\n<div style=\"background-color: #f4f4f4; border-radius: 50%; height: 12.5px; width: 12.5px; transform: translateX(0px) translateY(7px);\"><\/div>\n<div style=\"background-color: #f4f4f4; height: 12.5px; transform: rotate(-45deg) translateX(3px) translateY(1px); width: 12.5px; flex-grow: 0; margin-right: 14px; margin-left: 2px;\"><\/div>\n<div style=\"background-color: #f4f4f4; border-radius: 50%; height: 12.5px; width: 12.5px; transform: translateX(9px) translateY(-18px);\"><\/div>\n<\/div>\n<div style=\"margin-left: 8px;\">\n<div style=\"background-color: #f4f4f4; border-radius: 50%; flex-grow: 0; height: 20px; width: 20px;\"><\/div>\n<div style=\"width: 0; height: 0; border-top: 2px solid transparent; border-left: 6px solid #f4f4f4; border-bottom: 2px solid transparent; transform: translateX(16px) translateY(-4px) rotate(30deg);\"><\/div>\n<\/div>\n<div style=\"margin-left: auto;\">\n<div style=\"width: 0px; border-top: 8px solid #F4F4F4; border-right: 8px solid transparent; transform: translateY(16px);\"><\/div>\n<div style=\"background-color: #f4f4f4; flex-grow: 0; height: 12px; width: 16px; transform: translateY(-4px);\"><\/div>\n<div style=\"width: 0; height: 0; border-top: 8px solid #F4F4F4; border-left: 8px solid transparent; transform: translateY(-4px) translateX(8px);\"><\/div>\n<\/div>\n<\/div>\n<div style=\"display: flex; flex-direction: column; flex-grow: 1; justify-content: center; margin-bottom: 24px;\">\n<div style=\"background-color: #f4f4f4; border-radius: 4px; flex-grow: 0; height: 14px; margin-bottom: 6px; width: 224px;\"><\/div>\n<div style=\"background-color: #f4f4f4; border-radius: 4px; flex-grow: 0; height: 14px; width: 144px;\"><\/div>\n<\/div>\n<p>&nbsp;<\/p>\n<p style=\"color: #c9c8cd; font-family: Arial,sans-serif; font-size: 14px; line-height: 17px; margin-bottom: 0; margin-top: 8px; overflow: hidden; padding: 8px 0 7px; text-align: center; text-overflow: ellipsis; white-space: nowrap;\"><a style=\"color: #c9c8cd; font-family: Arial,sans-serif; font-size: 14px; font-style: normal; font-weight: normal; line-height: 17px; text-decoration: none;\" href=\"https:\/\/www.instagram.com\/p\/C0fB65APGLx\/?utm_source=ig_embed&amp;utm_campaign=loading\" target=\"_blank\" rel=\"noopener\">Uma publica\u00e7\u00e3o compartilhada por Alvaro Aoas (@alvaroaoas)<\/a><\/p>\n<\/div>\n<\/blockquote>\n<p><script async src=\"\/\/www.instagram.com\/embed.js\"><\/script><\/p>\n<p>&nbsp;<\/p>\n<p><strong>Resist\u00eancia do bem no cora\u00e7\u00e3o de S\u00e3o Paulo<\/strong><\/p>\n<p>Em sua comovente postagem, Alvaro Aoas convoca a comunidade a ser a &#8220;resist\u00eancia do bem&#8221; da regi\u00e3o central da cidade. Diante do recente ataque ao Bar Brahma e a outros estabelecimentos, ele faz um apelo emocionado para que os clientes n\u00e3o abandonem esses espa\u00e7os culturais e gastron\u00f4micos que contribuem para a vitalidade do centro paulistano.<\/p>\n<p><a href=\"https:\/\/www.cidademarketing.com.br\/marketing\/sua-marca-vai-virar-noticia\/\" target=\"_blank\" rel=\"noopener\"><img fetchpriority=\"high\" decoding=\"async\" class=\"wp-image-44329 aligncenter\" src=\"https:\/\/www.cidademarketing.com.br\/marketing\/wp-content\/uploads\/2023\/04\/cidademarketing_backlinks_marketingdigital_publieditorial_.png\" alt=\"\" width=\"500\" height=\"500\" \/><\/a><br \/>\n<strong>Ocupa\u00e7\u00e3o para preservar a identidade da regi\u00e3o<\/strong><\/p>\n<p>Ao destacar a import\u00e2ncia de n\u00e3o deixar que atos criminosos impactem negativamente o com\u00e9rcio local, Alvaro Aoas incentiva as pessoas a ocuparem o centro de S\u00e3o Paulo. Ele ressalta que a ocupa\u00e7\u00e3o n\u00e3o \u00e9 apenas uma resposta ao vandalismo, mas uma forma de preservar a identidade cultural e gastron\u00f4mica \u00fanica da regi\u00e3o.<\/p>\n<p><strong>Chamado \u00e0 a\u00e7\u00e3o solid\u00e1ria<\/strong><\/p>\n<p>Este apelo ocorre em um momento crucial para o empres\u00e1rio, pois seu estabelecimento foi alvo de ataques recentes. Ao convocar os frequentadores a serem parte ativa da resist\u00eancia, Alvaro Aoas busca n\u00e3o apenas reverter os danos causados ao Bar Brahma, mas fortalecer a conex\u00e3o entre a comunidade e os estabelecimentos do centro de S\u00e3o Paulo.<\/p>\n<p><iframe title=\"Spotify Embed: Podcast CidadeMarketing\" style=\"border-radius: 12px\" width=\"100%\" height=\"152\" frameborder=\"0\" allowfullscreen allow=\"autoplay; clipboard-write; encrypted-media; fullscreen; picture-in-picture\" loading=\"lazy\" src=\"https:\/\/open.spotify.com\/embed\/show\/4khMKzP3FgFRWVwb73xicc?si=252fe5bff2b34909&#038;utm_source=oembed\"><\/iframe><\/p>\n<p>&nbsp;<\/p>\n<p>O chamado de Alvaro Aoas n\u00e3o \u00e9 apenas uma resposta aos eventos recentes, mas uma convoca\u00e7\u00e3o para que a comunidade se una em prol da resist\u00eancia do bem e da revitaliza\u00e7\u00e3o do centro de S\u00e3o Paulo. Ao ocupar esses espa\u00e7os culturais e gastron\u00f4micos, os cidad\u00e3os demonstram que a for\u00e7a da comunidade \u00e9 capaz de superar adversidades, preservando a riqueza e diversidade dessa regi\u00e3o \u00fanica. Agora, mais do que nunca, \u00e9 hora de resistir e fortalecer os la\u00e7os que tornam o centro de S\u00e3o Paulo um local vibrante e acolhedor.<\/p>\n","protected":false},"excerpt":{"rendered":"<p>O empreendedor Alvaro Aoas, propriet\u00e1rio do ic\u00f4nico Bar Brahma, utilizou suas redes sociais para fazer um apelo aos clientes e frequentadores de estabelecimentos no centro de S\u00e3o Paulo. O pedido surge em meio a um epis\u00f3dio de vandalismo ocorrido em seu restaurante, localizado na Avenida Ipiranga, e em uma unidade do McDonald&#8217;s na mesma regi\u00e3o. [&hellip;]<\/p>\n","protected":false},"author":1,"featured_media":49091,"comment_status":"open","ping_status":"open","sticky":false,"template":"","format":"standard","meta":{"tdm_status":"","tdm_grid_status":"","footnotes":""},"categories":[6],"tags":[6554,4873,65,6555,27,33,28,656,1200],"class_list":["post-49090","post","type-post","status-publish","format-standard","has-post-thumbnail","hentry","category-noticias","tag-alvaro-aoas","tag-bar-brahma","tag-campanha","tag-centro","tag-empreendedorismo","tag-estrategia","tag-marketing","tag-sao-paulo","tag-sp"],"yoast_head":"<!-- This site is optimized with the Yoast SEO plugin v27.5 - https:\/\/yoast.com\/product\/yoast-seo-wordpress\/ -->\n<title>Ap\u00f3s ataque de criminosos, Empreendedor do Bar Brahma apela por &quot;resist\u00eancia do bem&quot; no centro de S\u00e3o Paulo - CidadeMarketing<\/title>\n<meta name=\"robots\" content=\"index, follow, max-snippet:-1, max-image-preview:large, max-video-preview:-1\" \/>\n<link rel=\"canonical\" href=\"https:\/\/www.cidademarketing.com.br\/marketing\/2023\/12\/06\/apos-ataque-de-criminosos-empreendedor-do-bar-brahma-apela-por-resistencia-do-bem-no-centro-de-sao-paulo\/\" \/>\n<meta property=\"og:locale\" content=\"pt_BR\" \/>\n<meta property=\"og:type\" content=\"article\" \/>\n<meta property=\"og:title\" content=\"Ap\u00f3s ataque de criminosos, Empreendedor do Bar Brahma apela por &quot;resist\u00eancia do bem&quot; no centro de S\u00e3o Paulo - CidadeMarketing\" \/>\n<meta property=\"og:description\" content=\"O empreendedor Alvaro Aoas, propriet\u00e1rio do ic\u00f4nico Bar Brahma, utilizou suas redes sociais para fazer um apelo aos clientes e frequentadores de estabelecimentos no centro de S\u00e3o Paulo. O pedido surge em meio a um epis\u00f3dio de vandalismo ocorrido em seu restaurante, localizado na Avenida Ipiranga, e em uma unidade do McDonald&#8217;s na mesma regi\u00e3o. [&hellip;]\" \/>\n<meta property=\"og:url\" content=\"https:\/\/www.cidademarketing.com.br\/marketing\/2023\/12\/06\/apos-ataque-de-criminosos-empreendedor-do-bar-brahma-apela-por-resistencia-do-bem-no-centro-de-sao-paulo\/\" \/>\n<meta property=\"og:site_name\" content=\"CidadeMarketing\" \/>\n<meta property=\"article:publisher\" content=\"https:\/\/www.facebook.com\/portalcidademarketing\" \/>\n<meta property=\"article:author\" content=\"https:\/\/www.facebook.com\/thalesbrandao\" \/>\n<meta property=\"article:published_time\" content=\"2023-12-06T12:44:54+00:00\" \/>\n<meta property=\"og:image\" content=\"https:\/\/www.cidademarketing.com.br\/marketing\/wp-content\/uploads\/2023\/12\/barbrahma_resistenciadobem_sp.jpg\" \/>\n\t<meta property=\"og:image:width\" content=\"841\" \/>\n\t<meta property=\"og:image:height\" content=\"845\" \/>\n\t<meta property=\"og:image:type\" content=\"image\/jpeg\" \/>\n<meta name=\"author\" content=\"Thales Brand\u00e3o\" \/>\n<meta name=\"twitter:card\" content=\"summary_large_image\" \/>\n<meta name=\"twitter:creator\" content=\"@http:\/\/www.twitter.com\/thalesbrandao\" \/>\n<meta name=\"twitter:site\" content=\"@CidadeMarketing\" \/>\n<meta name=\"twitter:label1\" content=\"Escrito por\" \/>\n\t<meta name=\"twitter:data1\" content=\"Thales Brand\u00e3o\" \/>\n\t<meta name=\"twitter:label2\" content=\"Est. tempo de leitura\" \/>\n\t<meta name=\"twitter:data2\" content=\"2 minutos\" \/>\n<script type=\"application\/ld+json\" class=\"yoast-schema-graph\">{\"@context\":\"https:\\\/\\\/schema.org\",\"@graph\":[{\"@type\":\"Article\",\"@id\":\"https:\\\/\\\/www.cidademarketing.com.br\\\/marketing\\\/2023\\\/12\\\/06\\\/apos-ataque-de-criminosos-empreendedor-do-bar-brahma-apela-por-resistencia-do-bem-no-centro-de-sao-paulo\\\/#article\",\"isPartOf\":{\"@id\":\"https:\\\/\\\/www.cidademarketing.com.br\\\/marketing\\\/2023\\\/12\\\/06\\\/apos-ataque-de-criminosos-empreendedor-do-bar-brahma-apela-por-resistencia-do-bem-no-centro-de-sao-paulo\\\/\"},\"author\":{\"name\":\"Thales Brand\u00e3o\",\"@id\":\"https:\\\/\\\/www.cidademarketing.com.br\\\/marketing\\\/#\\\/schema\\\/person\\\/02daff9f18bd9378c9e01eb6b2db155f\"},\"headline\":\"Ap\u00f3s ataque de criminosos, Empreendedor do Bar Brahma apela por &#8220;resist\u00eancia do bem&#8221; no centro de S\u00e3o Paulo\",\"datePublished\":\"2023-12-06T12:44:54+00:00\",\"mainEntityOfPage\":{\"@id\":\"https:\\\/\\\/www.cidademarketing.com.br\\\/marketing\\\/2023\\\/12\\\/06\\\/apos-ataque-de-criminosos-empreendedor-do-bar-brahma-apela-por-resistencia-do-bem-no-centro-de-sao-paulo\\\/\"},\"wordCount\":415,\"commentCount\":0,\"publisher\":{\"@id\":\"https:\\\/\\\/www.cidademarketing.com.br\\\/marketing\\\/#organization\"},\"image\":{\"@id\":\"https:\\\/\\\/www.cidademarketing.com.br\\\/marketing\\\/2023\\\/12\\\/06\\\/apos-ataque-de-criminosos-empreendedor-do-bar-brahma-apela-por-resistencia-do-bem-no-centro-de-sao-paulo\\\/#primaryimage\"},\"thumbnailUrl\":\"https:\\\/\\\/www.cidademarketing.com.br\\\/marketing\\\/wp-content\\\/uploads\\\/2023\\\/12\\\/barbrahma_resistenciadobem_sp.jpg\",\"keywords\":[\"Alvaro Aoas\",\"Bar Brahma\",\"campanha\",\"centro\",\"empreendedorismo\",\"estrat\u00e9gia\",\"marketing\",\"S\u00e3o Paulo\",\"SP\"],\"articleSection\":[\"Not\u00edcias\"],\"inLanguage\":\"pt-BR\",\"potentialAction\":[{\"@type\":\"CommentAction\",\"name\":\"Comment\",\"target\":[\"https:\\\/\\\/www.cidademarketing.com.br\\\/marketing\\\/2023\\\/12\\\/06\\\/apos-ataque-de-criminosos-empreendedor-do-bar-brahma-apela-por-resistencia-do-bem-no-centro-de-sao-paulo\\\/#respond\"]}]},{\"@type\":\"WebPage\",\"@id\":\"https:\\\/\\\/www.cidademarketing.com.br\\\/marketing\\\/2023\\\/12\\\/06\\\/apos-ataque-de-criminosos-empreendedor-do-bar-brahma-apela-por-resistencia-do-bem-no-centro-de-sao-paulo\\\/\",\"url\":\"https:\\\/\\\/www.cidademarketing.com.br\\\/marketing\\\/2023\\\/12\\\/06\\\/apos-ataque-de-criminosos-empreendedor-do-bar-brahma-apela-por-resistencia-do-bem-no-centro-de-sao-paulo\\\/\",\"name\":\"Ap\u00f3s ataque de criminosos, Empreendedor do Bar Brahma apela por \\\"resist\u00eancia do bem\\\" no centro de S\u00e3o Paulo - CidadeMarketing\",\"isPartOf\":{\"@id\":\"https:\\\/\\\/www.cidademarketing.com.br\\\/marketing\\\/#website\"},\"primaryImageOfPage\":{\"@id\":\"https:\\\/\\\/www.cidademarketing.com.br\\\/marketing\\\/2023\\\/12\\\/06\\\/apos-ataque-de-criminosos-empreendedor-do-bar-brahma-apela-por-resistencia-do-bem-no-centro-de-sao-paulo\\\/#primaryimage\"},\"image\":{\"@id\":\"https:\\\/\\\/www.cidademarketing.com.br\\\/marketing\\\/2023\\\/12\\\/06\\\/apos-ataque-de-criminosos-empreendedor-do-bar-brahma-apela-por-resistencia-do-bem-no-centro-de-sao-paulo\\\/#primaryimage\"},\"thumbnailUrl\":\"https:\\\/\\\/www.cidademarketing.com.br\\\/marketing\\\/wp-content\\\/uploads\\\/2023\\\/12\\\/barbrahma_resistenciadobem_sp.jpg\",\"datePublished\":\"2023-12-06T12:44:54+00:00\",\"breadcrumb\":{\"@id\":\"https:\\\/\\\/www.cidademarketing.com.br\\\/marketing\\\/2023\\\/12\\\/06\\\/apos-ataque-de-criminosos-empreendedor-do-bar-brahma-apela-por-resistencia-do-bem-no-centro-de-sao-paulo\\\/#breadcrumb\"},\"inLanguage\":\"pt-BR\",\"potentialAction\":[{\"@type\":\"ReadAction\",\"target\":[\"https:\\\/\\\/www.cidademarketing.com.br\\\/marketing\\\/2023\\\/12\\\/06\\\/apos-ataque-de-criminosos-empreendedor-do-bar-brahma-apela-por-resistencia-do-bem-no-centro-de-sao-paulo\\\/\"]}]},{\"@type\":\"ImageObject\",\"inLanguage\":\"pt-BR\",\"@id\":\"https:\\\/\\\/www.cidademarketing.com.br\\\/marketing\\\/2023\\\/12\\\/06\\\/apos-ataque-de-criminosos-empreendedor-do-bar-brahma-apela-por-resistencia-do-bem-no-centro-de-sao-paulo\\\/#primaryimage\",\"url\":\"https:\\\/\\\/www.cidademarketing.com.br\\\/marketing\\\/wp-content\\\/uploads\\\/2023\\\/12\\\/barbrahma_resistenciadobem_sp.jpg\",\"contentUrl\":\"https:\\\/\\\/www.cidademarketing.com.br\\\/marketing\\\/wp-content\\\/uploads\\\/2023\\\/12\\\/barbrahma_resistenciadobem_sp.jpg\",\"width\":841,\"height\":845,\"caption\":\"Reprodu\u00e7\u00e3o\\\/Instagram\"},{\"@type\":\"BreadcrumbList\",\"@id\":\"https:\\\/\\\/www.cidademarketing.com.br\\\/marketing\\\/2023\\\/12\\\/06\\\/apos-ataque-de-criminosos-empreendedor-do-bar-brahma-apela-por-resistencia-do-bem-no-centro-de-sao-paulo\\\/#breadcrumb\",\"itemListElement\":[{\"@type\":\"ListItem\",\"position\":1,\"name\":\"In\u00edcio\",\"item\":\"https:\\\/\\\/www.cidademarketing.com.br\\\/marketing\\\/\"},{\"@type\":\"ListItem\",\"position\":2,\"name\":\"Ap\u00f3s ataque de criminosos, Empreendedor do Bar Brahma apela por &#8220;resist\u00eancia do bem&#8221; no centro de S\u00e3o Paulo\"}]},{\"@type\":\"WebSite\",\"@id\":\"https:\\\/\\\/www.cidademarketing.com.br\\\/marketing\\\/#website\",\"url\":\"https:\\\/\\\/www.cidademarketing.com.br\\\/marketing\\\/\",\"name\":\"CidadeMarketing\",\"description\":\"Somos um ve\u00edculo de comunica\u00e7\u00e3o de destaque no Brasil, reconhecido por conte\u00fados nos segmentos de marketing, empreendedorismo e inova\u00e7\u00e3o.\",\"publisher\":{\"@id\":\"https:\\\/\\\/www.cidademarketing.com.br\\\/marketing\\\/#organization\"},\"alternateName\":\"CidadeMarketing\",\"potentialAction\":[{\"@type\":\"SearchAction\",\"target\":{\"@type\":\"EntryPoint\",\"urlTemplate\":\"https:\\\/\\\/www.cidademarketing.com.br\\\/marketing\\\/?s={search_term_string}\"},\"query-input\":{\"@type\":\"PropertyValueSpecification\",\"valueRequired\":true,\"valueName\":\"search_term_string\"}}],\"inLanguage\":\"pt-BR\"},{\"@type\":\"Organization\",\"@id\":\"https:\\\/\\\/www.cidademarketing.com.br\\\/marketing\\\/#organization\",\"name\":\"CidadeMarketing\",\"alternateName\":\"CidadeMarketing\",\"url\":\"https:\\\/\\\/www.cidademarketing.com.br\\\/marketing\\\/\",\"logo\":{\"@type\":\"ImageObject\",\"inLanguage\":\"pt-BR\",\"@id\":\"https:\\\/\\\/www.cidademarketing.com.br\\\/marketing\\\/#\\\/schema\\\/logo\\\/image\\\/\",\"url\":\"https:\\\/\\\/www.cidademarketing.com.br\\\/marketing\\\/wp-content\\\/uploads\\\/2020\\\/01\\\/cidademarketing_marca_mobile.png\",\"contentUrl\":\"https:\\\/\\\/www.cidademarketing.com.br\\\/marketing\\\/wp-content\\\/uploads\\\/2020\\\/01\\\/cidademarketing_marca_mobile.png\",\"width\":230,\"height\":92,\"caption\":\"CidadeMarketing\"},\"image\":{\"@id\":\"https:\\\/\\\/www.cidademarketing.com.br\\\/marketing\\\/#\\\/schema\\\/logo\\\/image\\\/\"},\"sameAs\":[\"https:\\\/\\\/www.facebook.com\\\/portalcidademarketing\",\"https:\\\/\\\/x.com\\\/CidadeMarketing\",\"https:\\\/\\\/www.instagram.com\\\/cidademarketing\\\/\"]},{\"@type\":\"Person\",\"@id\":\"https:\\\/\\\/www.cidademarketing.com.br\\\/marketing\\\/#\\\/schema\\\/person\\\/02daff9f18bd9378c9e01eb6b2db155f\",\"name\":\"Thales Brand\u00e3o\",\"image\":{\"@type\":\"ImageObject\",\"inLanguage\":\"pt-BR\",\"@id\":\"https:\\\/\\\/secure.gravatar.com\\\/avatar\\\/7ca3206950207cc3cb48feec56a8a7898741ab725c368d99d5d7a5a50aab80c6?s=96&d=mm&r=g\",\"url\":\"https:\\\/\\\/secure.gravatar.com\\\/avatar\\\/7ca3206950207cc3cb48feec56a8a7898741ab725c368d99d5d7a5a50aab80c6?s=96&d=mm&r=g\",\"contentUrl\":\"https:\\\/\\\/secure.gravatar.com\\\/avatar\\\/7ca3206950207cc3cb48feec56a8a7898741ab725c368d99d5d7a5a50aab80c6?s=96&d=mm&r=g\",\"caption\":\"Thales Brand\u00e3o\"},\"description\":\"Editor Executivo do Portal CidadeMarketing.com.br &gt; Mestre em Comunica\u00e7\u00e3o e Sociedade pela Universidade Federal de Sergipe. Possui MBA Executivo em Administra\u00e7\u00e3o com \u00eanfase em Marketing pela Funda\u00e7\u00e3o Get\u00falio Vargas - Rio de Janeiro. Consultor, Palestrante e Pesquisador sobre Empreendedorismo, Marketing, Redes Sociais e Neg\u00f3cios Digitais. Professor, Palestrante TedxTalks e Campus Party. Twitter: @ThalesBrandao\",\"sameAs\":[\"http:\\\/\\\/www.mandacaru.com.br\",\"https:\\\/\\\/www.facebook.com\\\/thalesbrandao\",\"http:\\\/\\\/www.instagram.com.br\\\/thalesbrandaoferreira\",\"https:\\\/\\\/www.linkedin.com\\\/in\\\/thales-brand\u00e3o-3948609\\\/\",\"https:\\\/\\\/x.com\\\/http:\\\/\\\/www.twitter.com\\\/thalesbrandao\"],\"url\":\"https:\\\/\\\/www.cidademarketing.com.br\\\/marketing\\\/author\\\/thalesbrandao\\\/\"}]}<\/script>\n<!-- \/ Yoast SEO plugin. -->","yoast_head_json":{"title":"Ap\u00f3s ataque de criminosos, Empreendedor do Bar Brahma apela por \"resist\u00eancia do bem\" no centro de S\u00e3o Paulo - CidadeMarketing","robots":{"index":"index","follow":"follow","max-snippet":"max-snippet:-1","max-image-preview":"max-image-preview:large","max-video-preview":"max-video-preview:-1"},"canonical":"https:\/\/www.cidademarketing.com.br\/marketing\/2023\/12\/06\/apos-ataque-de-criminosos-empreendedor-do-bar-brahma-apela-por-resistencia-do-bem-no-centro-de-sao-paulo\/","og_locale":"pt_BR","og_type":"article","og_title":"Ap\u00f3s ataque de criminosos, Empreendedor do Bar Brahma apela por \"resist\u00eancia do bem\" no centro de S\u00e3o Paulo - CidadeMarketing","og_description":"O empreendedor Alvaro Aoas, propriet\u00e1rio do ic\u00f4nico Bar Brahma, utilizou suas redes sociais para fazer um apelo aos clientes e frequentadores de estabelecimentos no centro de S\u00e3o Paulo. O pedido surge em meio a um epis\u00f3dio de vandalismo ocorrido em seu restaurante, localizado na Avenida Ipiranga, e em uma unidade do McDonald&#8217;s na mesma regi\u00e3o. [&hellip;]","og_url":"https:\/\/www.cidademarketing.com.br\/marketing\/2023\/12\/06\/apos-ataque-de-criminosos-empreendedor-do-bar-brahma-apela-por-resistencia-do-bem-no-centro-de-sao-paulo\/","og_site_name":"CidadeMarketing","article_publisher":"https:\/\/www.facebook.com\/portalcidademarketing","article_author":"https:\/\/www.facebook.com\/thalesbrandao","article_published_time":"2023-12-06T12:44:54+00:00","og_image":[{"width":841,"height":845,"url":"https:\/\/www.cidademarketing.com.br\/marketing\/wp-content\/uploads\/2023\/12\/barbrahma_resistenciadobem_sp.jpg","type":"image\/jpeg"}],"author":"Thales Brand\u00e3o","twitter_card":"summary_large_image","twitter_creator":"@http:\/\/www.twitter.com\/thalesbrandao","twitter_site":"@CidadeMarketing","twitter_misc":{"Escrito por":"Thales Brand\u00e3o","Est. tempo de leitura":"2 minutos"},"schema":{"@context":"https:\/\/schema.org","@graph":[{"@type":"Article","@id":"https:\/\/www.cidademarketing.com.br\/marketing\/2023\/12\/06\/apos-ataque-de-criminosos-empreendedor-do-bar-brahma-apela-por-resistencia-do-bem-no-centro-de-sao-paulo\/#article","isPartOf":{"@id":"https:\/\/www.cidademarketing.com.br\/marketing\/2023\/12\/06\/apos-ataque-de-criminosos-empreendedor-do-bar-brahma-apela-por-resistencia-do-bem-no-centro-de-sao-paulo\/"},"author":{"name":"Thales Brand\u00e3o","@id":"https:\/\/www.cidademarketing.com.br\/marketing\/#\/schema\/person\/02daff9f18bd9378c9e01eb6b2db155f"},"headline":"Ap\u00f3s ataque de criminosos, Empreendedor do Bar Brahma apela por &#8220;resist\u00eancia do bem&#8221; no centro de S\u00e3o Paulo","datePublished":"2023-12-06T12:44:54+00:00","mainEntityOfPage":{"@id":"https:\/\/www.cidademarketing.com.br\/marketing\/2023\/12\/06\/apos-ataque-de-criminosos-empreendedor-do-bar-brahma-apela-por-resistencia-do-bem-no-centro-de-sao-paulo\/"},"wordCount":415,"commentCount":0,"publisher":{"@id":"https:\/\/www.cidademarketing.com.br\/marketing\/#organization"},"image":{"@id":"https:\/\/www.cidademarketing.com.br\/marketing\/2023\/12\/06\/apos-ataque-de-criminosos-empreendedor-do-bar-brahma-apela-por-resistencia-do-bem-no-centro-de-sao-paulo\/#primaryimage"},"thumbnailUrl":"https:\/\/www.cidademarketing.com.br\/marketing\/wp-content\/uploads\/2023\/12\/barbrahma_resistenciadobem_sp.jpg","keywords":["Alvaro Aoas","Bar Brahma","campanha","centro","empreendedorismo","estrat\u00e9gia","marketing","S\u00e3o Paulo","SP"],"articleSection":["Not\u00edcias"],"inLanguage":"pt-BR","potentialAction":[{"@type":"CommentAction","name":"Comment","target":["https:\/\/www.cidademarketing.com.br\/marketing\/2023\/12\/06\/apos-ataque-de-criminosos-empreendedor-do-bar-brahma-apela-por-resistencia-do-bem-no-centro-de-sao-paulo\/#respond"]}]},{"@type":"WebPage","@id":"https:\/\/www.cidademarketing.com.br\/marketing\/2023\/12\/06\/apos-ataque-de-criminosos-empreendedor-do-bar-brahma-apela-por-resistencia-do-bem-no-centro-de-sao-paulo\/","url":"https:\/\/www.cidademarketing.com.br\/marketing\/2023\/12\/06\/apos-ataque-de-criminosos-empreendedor-do-bar-brahma-apela-por-resistencia-do-bem-no-centro-de-sao-paulo\/","name":"Ap\u00f3s ataque de criminosos, Empreendedor do Bar Brahma apela por \"resist\u00eancia do bem\" no centro de S\u00e3o Paulo - CidadeMarketing","isPartOf":{"@id":"https:\/\/www.cidademarketing.com.br\/marketing\/#website"},"primaryImageOfPage":{"@id":"https:\/\/www.cidademarketing.com.br\/marketing\/2023\/12\/06\/apos-ataque-de-criminosos-empreendedor-do-bar-brahma-apela-por-resistencia-do-bem-no-centro-de-sao-paulo\/#primaryimage"},"image":{"@id":"https:\/\/www.cidademarketing.com.br\/marketing\/2023\/12\/06\/apos-ataque-de-criminosos-empreendedor-do-bar-brahma-apela-por-resistencia-do-bem-no-centro-de-sao-paulo\/#primaryimage"},"thumbnailUrl":"https:\/\/www.cidademarketing.com.br\/marketing\/wp-content\/uploads\/2023\/12\/barbrahma_resistenciadobem_sp.jpg","datePublished":"2023-12-06T12:44:54+00:00","breadcrumb":{"@id":"https:\/\/www.cidademarketing.com.br\/marketing\/2023\/12\/06\/apos-ataque-de-criminosos-empreendedor-do-bar-brahma-apela-por-resistencia-do-bem-no-centro-de-sao-paulo\/#breadcrumb"},"inLanguage":"pt-BR","potentialAction":[{"@type":"ReadAction","target":["https:\/\/www.cidademarketing.com.br\/marketing\/2023\/12\/06\/apos-ataque-de-criminosos-empreendedor-do-bar-brahma-apela-por-resistencia-do-bem-no-centro-de-sao-paulo\/"]}]},{"@type":"ImageObject","inLanguage":"pt-BR","@id":"https:\/\/www.cidademarketing.com.br\/marketing\/2023\/12\/06\/apos-ataque-de-criminosos-empreendedor-do-bar-brahma-apela-por-resistencia-do-bem-no-centro-de-sao-paulo\/#primaryimage","url":"https:\/\/www.cidademarketing.com.br\/marketing\/wp-content\/uploads\/2023\/12\/barbrahma_resistenciadobem_sp.jpg","contentUrl":"https:\/\/www.cidademarketing.com.br\/marketing\/wp-content\/uploads\/2023\/12\/barbrahma_resistenciadobem_sp.jpg","width":841,"height":845,"caption":"Reprodu\u00e7\u00e3o\/Instagram"},{"@type":"BreadcrumbList","@id":"https:\/\/www.cidademarketing.com.br\/marketing\/2023\/12\/06\/apos-ataque-de-criminosos-empreendedor-do-bar-brahma-apela-por-resistencia-do-bem-no-centro-de-sao-paulo\/#breadcrumb","itemListElement":[{"@type":"ListItem","position":1,"name":"In\u00edcio","item":"https:\/\/www.cidademarketing.com.br\/marketing\/"},{"@type":"ListItem","position":2,"name":"Ap\u00f3s ataque de criminosos, Empreendedor do Bar Brahma apela por &#8220;resist\u00eancia do bem&#8221; no centro de S\u00e3o Paulo"}]},{"@type":"WebSite","@id":"https:\/\/www.cidademarketing.com.br\/marketing\/#website","url":"https:\/\/www.cidademarketing.com.br\/marketing\/","name":"CidadeMarketing","description":"Somos um ve\u00edculo de comunica\u00e7\u00e3o de destaque no Brasil, reconhecido por conte\u00fados nos segmentos de marketing, empreendedorismo e inova\u00e7\u00e3o.","publisher":{"@id":"https:\/\/www.cidademarketing.com.br\/marketing\/#organization"},"alternateName":"CidadeMarketing","potentialAction":[{"@type":"SearchAction","target":{"@type":"EntryPoint","urlTemplate":"https:\/\/www.cidademarketing.com.br\/marketing\/?s={search_term_string}"},"query-input":{"@type":"PropertyValueSpecification","valueRequired":true,"valueName":"search_term_string"}}],"inLanguage":"pt-BR"},{"@type":"Organization","@id":"https:\/\/www.cidademarketing.com.br\/marketing\/#organization","name":"CidadeMarketing","alternateName":"CidadeMarketing","url":"https:\/\/www.cidademarketing.com.br\/marketing\/","logo":{"@type":"ImageObject","inLanguage":"pt-BR","@id":"https:\/\/www.cidademarketing.com.br\/marketing\/#\/schema\/logo\/image\/","url":"https:\/\/www.cidademarketing.com.br\/marketing\/wp-content\/uploads\/2020\/01\/cidademarketing_marca_mobile.png","contentUrl":"https:\/\/www.cidademarketing.com.br\/marketing\/wp-content\/uploads\/2020\/01\/cidademarketing_marca_mobile.png","width":230,"height":92,"caption":"CidadeMarketing"},"image":{"@id":"https:\/\/www.cidademarketing.com.br\/marketing\/#\/schema\/logo\/image\/"},"sameAs":["https:\/\/www.facebook.com\/portalcidademarketing","https:\/\/x.com\/CidadeMarketing","https:\/\/www.instagram.com\/cidademarketing\/"]},{"@type":"Person","@id":"https:\/\/www.cidademarketing.com.br\/marketing\/#\/schema\/person\/02daff9f18bd9378c9e01eb6b2db155f","name":"Thales Brand\u00e3o","image":{"@type":"ImageObject","inLanguage":"pt-BR","@id":"https:\/\/secure.gravatar.com\/avatar\/7ca3206950207cc3cb48feec56a8a7898741ab725c368d99d5d7a5a50aab80c6?s=96&d=mm&r=g","url":"https:\/\/secure.gravatar.com\/avatar\/7ca3206950207cc3cb48feec56a8a7898741ab725c368d99d5d7a5a50aab80c6?s=96&d=mm&r=g","contentUrl":"https:\/\/secure.gravatar.com\/avatar\/7ca3206950207cc3cb48feec56a8a7898741ab725c368d99d5d7a5a50aab80c6?s=96&d=mm&r=g","caption":"Thales Brand\u00e3o"},"description":"Editor Executivo do Portal CidadeMarketing.com.br &gt; Mestre em Comunica\u00e7\u00e3o e Sociedade pela Universidade Federal de Sergipe. Possui MBA Executivo em Administra\u00e7\u00e3o com \u00eanfase em Marketing pela Funda\u00e7\u00e3o Get\u00falio Vargas - Rio de Janeiro. Consultor, Palestrante e Pesquisador sobre Empreendedorismo, Marketing, Redes Sociais e Neg\u00f3cios Digitais. Professor, Palestrante TedxTalks e Campus Party. Twitter: @ThalesBrandao","sameAs":["http:\/\/www.mandacaru.com.br","https:\/\/www.facebook.com\/thalesbrandao","http:\/\/www.instagram.com.br\/thalesbrandaoferreira","https:\/\/www.linkedin.com\/in\/thales-brand\u00e3o-3948609\/","https:\/\/x.com\/http:\/\/www.twitter.com\/thalesbrandao"],"url":"https:\/\/www.cidademarketing.com.br\/marketing\/author\/thalesbrandao\/"}]}},"amp_enabled":true,"_links":{"self":[{"href":"https:\/\/www.cidademarketing.com.br\/marketing\/wp-json\/wp\/v2\/posts\/49090","targetHints":{"allow":["GET"]}}],"collection":[{"href":"https:\/\/www.cidademarketing.com.br\/marketing\/wp-json\/wp\/v2\/posts"}],"about":[{"href":"https:\/\/www.cidademarketing.com.br\/marketing\/wp-json\/wp\/v2\/types\/post"}],"author":[{"embeddable":true,"href":"https:\/\/www.cidademarketing.com.br\/marketing\/wp-json\/wp\/v2\/users\/1"}],"replies":[{"embeddable":true,"href":"https:\/\/www.cidademarketing.com.br\/marketing\/wp-json\/wp\/v2\/comments?post=49090"}],"version-history":[{"count":1,"href":"https:\/\/www.cidademarketing.com.br\/marketing\/wp-json\/wp\/v2\/posts\/49090\/revisions"}],"predecessor-version":[{"id":49092,"href":"https:\/\/www.cidademarketing.com.br\/marketing\/wp-json\/wp\/v2\/posts\/49090\/revisions\/49092"}],"wp:featuredmedia":[{"embeddable":true,"href":"https:\/\/www.cidademarketing.com.br\/marketing\/wp-json\/wp\/v2\/media\/49091"}],"wp:attachment":[{"href":"https:\/\/www.cidademarketing.com.br\/marketing\/wp-json\/wp\/v2\/media?parent=49090"}],"wp:term":[{"taxonomy":"category","embeddable":true,"href":"https:\/\/www.cidademarketing.com.br\/marketing\/wp-json\/wp\/v2\/categories?post=49090"},{"taxonomy":"post_tag","embeddable":true,"href":"https:\/\/www.cidademarketing.com.br\/marketing\/wp-json\/wp\/v2\/tags?post=49090"}],"curies":[{"name":"wp","href":"https:\/\/api.w.org\/{rel}","templated":true}]}}