{"id":49084,"date":"2023-12-05T18:19:12","date_gmt":"2023-12-05T21:19:12","guid":{"rendered":"https:\/\/www.cidademarketing.com.br\/marketing\/?p=49084"},"modified":"2023-12-05T18:19:12","modified_gmt":"2023-12-05T21:19:12","slug":"renata-bokel-sera-a-nova-ceo-da-wmccann-em-2024","status":"publish","type":"post","link":"https:\/\/www.cidademarketing.com.br\/marketing\/2023\/12\/05\/renata-bokel-sera-a-nova-ceo-da-wmccann-em-2024\/","title":{"rendered":"Renata Bokel ser\u00e1 a nova CEO da WMcCann em 2024"},"content":{"rendered":"<p>Renata Bokel, que at\u00e9 ent\u00e3o ocupava o cargo de COO (Chief Strategy Officer) &amp; CSO (Chief Operating Officer) da WMcCann, assume a posi\u00e7\u00e3o de CEO a partir de 1\u00ba de mar\u00e7o de 2024. Andr\u00e9 Fran\u00e7a, que estava no cargo h\u00e1 dois anos, deixa a ag\u00eancia nessa data, ap\u00f3s o processo de sucess\u00e3o. Bokel chegou \u00e0 WMcCann em 2019 como CSO e, em 2022, assumiu a cadeira de COO.<\/p>\n<p><a href=\"https:\/\/www.cidademarketing.com.br\/marketing\/sua-marca-vai-virar-noticia\/\" target=\"_blank\" rel=\"noopener\"><img fetchpriority=\"high\" decoding=\"async\" class=\"wp-image-44329 aligncenter\" src=\"https:\/\/www.cidademarketing.com.br\/marketing\/wp-content\/uploads\/2023\/04\/cidademarketing_backlinks_marketingdigital_publieditorial_.png\" alt=\"\" width=\"500\" height=\"500\" \/><\/a><br \/>\n\u201cRenata \u00e9 uma das mais bem-sucedidas l\u00edderes da publicidade hoje, um talento em estrat\u00e9gia e planejamento de n\u00edvel global, e eu me sinto muito feliz e realizado com essa decis\u00e3o\u201d, diz Hugo Rodrigues, Presidente do Conselho do McCann Worldgroup para WMcCann, Aldeiah. e Craft. \u201cEla \u00e9 conhecida por ajudar os clientes a impulsionar seus resultados de neg\u00f3cios, com direcionamentos que respondem aos anseios dos consumidores\u201d, completou.<\/p>\n<p>A WMcCann agradece as contribui\u00e7\u00f5es de Andr\u00e9 Fran\u00e7a, principalmente na acelera\u00e7\u00e3o do uso de dados e performance. Sua carreira de 25 anos na ind\u00fastria conta com passagens por ag\u00eancias, cliente e at\u00e9 a funda\u00e7\u00e3o de uma das primeiras empresas digitais do Brasil. Em oito anos de WMcCann, foi promovido a VP de M\u00eddia e CEO. \u201cO Andr\u00e9 tem as portas abertas para quando decidir retornar ao mercado\u201d, ressalta Rodrigues.<\/p>\n<p><iframe title=\"Spotify Embed: Podcast CidadeMarketing\" style=\"border-radius: 12px\" width=\"100%\" height=\"152\" frameborder=\"0\" allowfullscreen allow=\"autoplay; clipboard-write; encrypted-media; fullscreen; picture-in-picture\" loading=\"lazy\" src=\"https:\/\/open.spotify.com\/embed\/show\/4khMKzP3FgFRWVwb73xicc?si=252fe5bff2b34909&#038;utm_source=oembed\"><\/iframe><\/p>\n<p>&nbsp;<\/p>\n<p>A nova CEO \u00e9 m\u00e3e do Bento, como ela sempre faz quest\u00e3o de iniciar suas apresenta\u00e7\u00f5es. Renata tamb\u00e9m \u00e9 advogada de forma\u00e7\u00e3o, especialista em Direito Ambiental, com MBA em Marketing pela UFRJ. Tem uma carreira com mais de 20 anos como estrategista para grandes marcas em ag\u00eancias e conta com a experi\u00eancia em tecnologia e dados adquirida durante sua passagem pela IBM como Head of Consumer Engagement para a Ame\u0301rica Latina. A executiva foi eleita Women to Watch em 2019, foi jurada em Cannes, no mesmo ano, na categoria Creative e-commerce, e do Effie Awards em seis edic\u0327o\u0303es, duas globais e quatro locais, al\u00e9m de vencer o Cabor\u00e9 2020 na categoria Profissional de Planejamento.<\/p>\n<p>&nbsp;<\/p>\n","protected":false},"excerpt":{"rendered":"<p>Renata Bokel, que at\u00e9 ent\u00e3o ocupava o cargo de COO (Chief Strategy Officer) &amp; CSO (Chief Operating Officer) da WMcCann, assume a posi\u00e7\u00e3o de CEO a partir de 1\u00ba de mar\u00e7o de 2024. Andr\u00e9 Fran\u00e7a, que estava no cargo h\u00e1 dois anos, deixa a ag\u00eancia nessa data, ap\u00f3s o processo de sucess\u00e3o. Bokel chegou \u00e0 [&hellip;]<\/p>\n","protected":false},"author":1,"featured_media":49085,"comment_status":"open","ping_status":"open","sticky":false,"template":"","format":"standard","meta":{"tdm_status":"","tdm_grid_status":"","footnotes":""},"categories":[6],"tags":[389,65,753,33,956,28,66,181,1904],"class_list":["post-49084","post","type-post","status-publish","format-standard","has-post-thumbnail","hentry","category-noticias","tag-administracao","tag-campanha","tag-ceo","tag-estrategia","tag-gestao","tag-marketing","tag-propaganda","tag-publicidade","tag-wmccann"],"yoast_head":"<!-- This site is optimized with the Yoast SEO plugin v27.5 - https:\/\/yoast.com\/product\/yoast-seo-wordpress\/ -->\n<title>Renata Bokel ser\u00e1 a nova CEO da WMcCann em 2024 - CidadeMarketing<\/title>\n<meta name=\"robots\" content=\"index, follow, max-snippet:-1, max-image-preview:large, max-video-preview:-1\" \/>\n<link rel=\"canonical\" href=\"https:\/\/www.cidademarketing.com.br\/marketing\/2023\/12\/05\/renata-bokel-sera-a-nova-ceo-da-wmccann-em-2024\/\" \/>\n<meta property=\"og:locale\" content=\"pt_BR\" \/>\n<meta property=\"og:type\" content=\"article\" \/>\n<meta property=\"og:title\" content=\"Renata Bokel ser\u00e1 a nova CEO da WMcCann em 2024 - CidadeMarketing\" \/>\n<meta property=\"og:description\" content=\"Renata Bokel, que at\u00e9 ent\u00e3o ocupava o cargo de COO (Chief Strategy Officer) &amp; CSO (Chief Operating Officer) da WMcCann, assume a posi\u00e7\u00e3o de CEO a partir de 1\u00ba de mar\u00e7o de 2024. Andr\u00e9 Fran\u00e7a, que estava no cargo h\u00e1 dois anos, deixa a ag\u00eancia nessa data, ap\u00f3s o processo de sucess\u00e3o. Bokel chegou \u00e0 [&hellip;]\" \/>\n<meta property=\"og:url\" content=\"https:\/\/www.cidademarketing.com.br\/marketing\/2023\/12\/05\/renata-bokel-sera-a-nova-ceo-da-wmccann-em-2024\/\" \/>\n<meta property=\"og:site_name\" content=\"CidadeMarketing\" \/>\n<meta property=\"article:publisher\" content=\"https:\/\/www.facebook.com\/portalcidademarketing\" \/>\n<meta property=\"article:author\" content=\"https:\/\/www.facebook.com\/thalesbrandao\" \/>\n<meta property=\"article:published_time\" content=\"2023-12-05T21:19:12+00:00\" \/>\n<meta property=\"og:image\" content=\"https:\/\/www.cidademarketing.com.br\/marketing\/wp-content\/uploads\/2023\/12\/Renata-Bokel_wmccann-scaled.jpg\" \/>\n\t<meta property=\"og:image:width\" content=\"1707\" \/>\n\t<meta property=\"og:image:height\" content=\"2560\" \/>\n\t<meta property=\"og:image:type\" content=\"image\/jpeg\" \/>\n<meta name=\"author\" content=\"Thales Brand\u00e3o\" \/>\n<meta name=\"twitter:card\" content=\"summary_large_image\" \/>\n<meta name=\"twitter:creator\" content=\"@http:\/\/www.twitter.com\/thalesbrandao\" \/>\n<meta name=\"twitter:site\" content=\"@CidadeMarketing\" \/>\n<meta name=\"twitter:label1\" content=\"Escrito por\" \/>\n\t<meta name=\"twitter:data1\" content=\"Thales Brand\u00e3o\" \/>\n\t<meta name=\"twitter:label2\" content=\"Est. tempo de leitura\" \/>\n\t<meta name=\"twitter:data2\" content=\"2 minutos\" \/>\n<script type=\"application\/ld+json\" class=\"yoast-schema-graph\">{\"@context\":\"https:\\\/\\\/schema.org\",\"@graph\":[{\"@type\":\"Article\",\"@id\":\"https:\\\/\\\/www.cidademarketing.com.br\\\/marketing\\\/2023\\\/12\\\/05\\\/renata-bokel-sera-a-nova-ceo-da-wmccann-em-2024\\\/#article\",\"isPartOf\":{\"@id\":\"https:\\\/\\\/www.cidademarketing.com.br\\\/marketing\\\/2023\\\/12\\\/05\\\/renata-bokel-sera-a-nova-ceo-da-wmccann-em-2024\\\/\"},\"author\":{\"name\":\"Thales Brand\u00e3o\",\"@id\":\"https:\\\/\\\/www.cidademarketing.com.br\\\/marketing\\\/#\\\/schema\\\/person\\\/02daff9f18bd9378c9e01eb6b2db155f\"},\"headline\":\"Renata Bokel ser\u00e1 a nova CEO da WMcCann em 2024\",\"datePublished\":\"2023-12-05T21:19:12+00:00\",\"mainEntityOfPage\":{\"@id\":\"https:\\\/\\\/www.cidademarketing.com.br\\\/marketing\\\/2023\\\/12\\\/05\\\/renata-bokel-sera-a-nova-ceo-da-wmccann-em-2024\\\/\"},\"wordCount\":359,\"commentCount\":0,\"publisher\":{\"@id\":\"https:\\\/\\\/www.cidademarketing.com.br\\\/marketing\\\/#organization\"},\"image\":{\"@id\":\"https:\\\/\\\/www.cidademarketing.com.br\\\/marketing\\\/2023\\\/12\\\/05\\\/renata-bokel-sera-a-nova-ceo-da-wmccann-em-2024\\\/#primaryimage\"},\"thumbnailUrl\":\"https:\\\/\\\/www.cidademarketing.com.br\\\/marketing\\\/wp-content\\\/uploads\\\/2023\\\/12\\\/Renata-Bokel_wmccann-scaled.jpg\",\"keywords\":[\"administra\u00e7\u00e3o\",\"campanha\",\"CEO\",\"estrat\u00e9gia\",\"gest\u00e3o\",\"marketing\",\"propaganda\",\"publicidade\",\"WMcCann\"],\"articleSection\":[\"Not\u00edcias\"],\"inLanguage\":\"pt-BR\",\"potentialAction\":[{\"@type\":\"CommentAction\",\"name\":\"Comment\",\"target\":[\"https:\\\/\\\/www.cidademarketing.com.br\\\/marketing\\\/2023\\\/12\\\/05\\\/renata-bokel-sera-a-nova-ceo-da-wmccann-em-2024\\\/#respond\"]}]},{\"@type\":\"WebPage\",\"@id\":\"https:\\\/\\\/www.cidademarketing.com.br\\\/marketing\\\/2023\\\/12\\\/05\\\/renata-bokel-sera-a-nova-ceo-da-wmccann-em-2024\\\/\",\"url\":\"https:\\\/\\\/www.cidademarketing.com.br\\\/marketing\\\/2023\\\/12\\\/05\\\/renata-bokel-sera-a-nova-ceo-da-wmccann-em-2024\\\/\",\"name\":\"Renata Bokel ser\u00e1 a nova CEO da WMcCann em 2024 - CidadeMarketing\",\"isPartOf\":{\"@id\":\"https:\\\/\\\/www.cidademarketing.com.br\\\/marketing\\\/#website\"},\"primaryImageOfPage\":{\"@id\":\"https:\\\/\\\/www.cidademarketing.com.br\\\/marketing\\\/2023\\\/12\\\/05\\\/renata-bokel-sera-a-nova-ceo-da-wmccann-em-2024\\\/#primaryimage\"},\"image\":{\"@id\":\"https:\\\/\\\/www.cidademarketing.com.br\\\/marketing\\\/2023\\\/12\\\/05\\\/renata-bokel-sera-a-nova-ceo-da-wmccann-em-2024\\\/#primaryimage\"},\"thumbnailUrl\":\"https:\\\/\\\/www.cidademarketing.com.br\\\/marketing\\\/wp-content\\\/uploads\\\/2023\\\/12\\\/Renata-Bokel_wmccann-scaled.jpg\",\"datePublished\":\"2023-12-05T21:19:12+00:00\",\"breadcrumb\":{\"@id\":\"https:\\\/\\\/www.cidademarketing.com.br\\\/marketing\\\/2023\\\/12\\\/05\\\/renata-bokel-sera-a-nova-ceo-da-wmccann-em-2024\\\/#breadcrumb\"},\"inLanguage\":\"pt-BR\",\"potentialAction\":[{\"@type\":\"ReadAction\",\"target\":[\"https:\\\/\\\/www.cidademarketing.com.br\\\/marketing\\\/2023\\\/12\\\/05\\\/renata-bokel-sera-a-nova-ceo-da-wmccann-em-2024\\\/\"]}]},{\"@type\":\"ImageObject\",\"inLanguage\":\"pt-BR\",\"@id\":\"https:\\\/\\\/www.cidademarketing.com.br\\\/marketing\\\/2023\\\/12\\\/05\\\/renata-bokel-sera-a-nova-ceo-da-wmccann-em-2024\\\/#primaryimage\",\"url\":\"https:\\\/\\\/www.cidademarketing.com.br\\\/marketing\\\/wp-content\\\/uploads\\\/2023\\\/12\\\/Renata-Bokel_wmccann-scaled.jpg\",\"contentUrl\":\"https:\\\/\\\/www.cidademarketing.com.br\\\/marketing\\\/wp-content\\\/uploads\\\/2023\\\/12\\\/Renata-Bokel_wmccann-scaled.jpg\",\"width\":1707,\"height\":2560,\"caption\":\"Divulga\u00e7\u00e3o\"},{\"@type\":\"BreadcrumbList\",\"@id\":\"https:\\\/\\\/www.cidademarketing.com.br\\\/marketing\\\/2023\\\/12\\\/05\\\/renata-bokel-sera-a-nova-ceo-da-wmccann-em-2024\\\/#breadcrumb\",\"itemListElement\":[{\"@type\":\"ListItem\",\"position\":1,\"name\":\"In\u00edcio\",\"item\":\"https:\\\/\\\/www.cidademarketing.com.br\\\/marketing\\\/\"},{\"@type\":\"ListItem\",\"position\":2,\"name\":\"Renata Bokel ser\u00e1 a nova CEO da WMcCann em 2024\"}]},{\"@type\":\"WebSite\",\"@id\":\"https:\\\/\\\/www.cidademarketing.com.br\\\/marketing\\\/#website\",\"url\":\"https:\\\/\\\/www.cidademarketing.com.br\\\/marketing\\\/\",\"name\":\"CidadeMarketing\",\"description\":\"Somos um ve\u00edculo de comunica\u00e7\u00e3o de destaque no Brasil, reconhecido por conte\u00fados nos segmentos de marketing, empreendedorismo e inova\u00e7\u00e3o.\",\"publisher\":{\"@id\":\"https:\\\/\\\/www.cidademarketing.com.br\\\/marketing\\\/#organization\"},\"alternateName\":\"CidadeMarketing\",\"potentialAction\":[{\"@type\":\"SearchAction\",\"target\":{\"@type\":\"EntryPoint\",\"urlTemplate\":\"https:\\\/\\\/www.cidademarketing.com.br\\\/marketing\\\/?s={search_term_string}\"},\"query-input\":{\"@type\":\"PropertyValueSpecification\",\"valueRequired\":true,\"valueName\":\"search_term_string\"}}],\"inLanguage\":\"pt-BR\"},{\"@type\":\"Organization\",\"@id\":\"https:\\\/\\\/www.cidademarketing.com.br\\\/marketing\\\/#organization\",\"name\":\"CidadeMarketing\",\"alternateName\":\"CidadeMarketing\",\"url\":\"https:\\\/\\\/www.cidademarketing.com.br\\\/marketing\\\/\",\"logo\":{\"@type\":\"ImageObject\",\"inLanguage\":\"pt-BR\",\"@id\":\"https:\\\/\\\/www.cidademarketing.com.br\\\/marketing\\\/#\\\/schema\\\/logo\\\/image\\\/\",\"url\":\"https:\\\/\\\/www.cidademarketing.com.br\\\/marketing\\\/wp-content\\\/uploads\\\/2020\\\/01\\\/cidademarketing_marca_mobile.png\",\"contentUrl\":\"https:\\\/\\\/www.cidademarketing.com.br\\\/marketing\\\/wp-content\\\/uploads\\\/2020\\\/01\\\/cidademarketing_marca_mobile.png\",\"width\":230,\"height\":92,\"caption\":\"CidadeMarketing\"},\"image\":{\"@id\":\"https:\\\/\\\/www.cidademarketing.com.br\\\/marketing\\\/#\\\/schema\\\/logo\\\/image\\\/\"},\"sameAs\":[\"https:\\\/\\\/www.facebook.com\\\/portalcidademarketing\",\"https:\\\/\\\/x.com\\\/CidadeMarketing\",\"https:\\\/\\\/www.instagram.com\\\/cidademarketing\\\/\"]},{\"@type\":\"Person\",\"@id\":\"https:\\\/\\\/www.cidademarketing.com.br\\\/marketing\\\/#\\\/schema\\\/person\\\/02daff9f18bd9378c9e01eb6b2db155f\",\"name\":\"Thales Brand\u00e3o\",\"image\":{\"@type\":\"ImageObject\",\"inLanguage\":\"pt-BR\",\"@id\":\"https:\\\/\\\/secure.gravatar.com\\\/avatar\\\/7ca3206950207cc3cb48feec56a8a7898741ab725c368d99d5d7a5a50aab80c6?s=96&d=mm&r=g\",\"url\":\"https:\\\/\\\/secure.gravatar.com\\\/avatar\\\/7ca3206950207cc3cb48feec56a8a7898741ab725c368d99d5d7a5a50aab80c6?s=96&d=mm&r=g\",\"contentUrl\":\"https:\\\/\\\/secure.gravatar.com\\\/avatar\\\/7ca3206950207cc3cb48feec56a8a7898741ab725c368d99d5d7a5a50aab80c6?s=96&d=mm&r=g\",\"caption\":\"Thales Brand\u00e3o\"},\"description\":\"Editor Executivo do Portal CidadeMarketing.com.br &gt; Mestre em Comunica\u00e7\u00e3o e Sociedade pela Universidade Federal de Sergipe. Possui MBA Executivo em Administra\u00e7\u00e3o com \u00eanfase em Marketing pela Funda\u00e7\u00e3o Get\u00falio Vargas - Rio de Janeiro. Consultor, Palestrante e Pesquisador sobre Empreendedorismo, Marketing, Redes Sociais e Neg\u00f3cios Digitais. Professor, Palestrante TedxTalks e Campus Party. Twitter: @ThalesBrandao\",\"sameAs\":[\"http:\\\/\\\/www.mandacaru.com.br\",\"https:\\\/\\\/www.facebook.com\\\/thalesbrandao\",\"http:\\\/\\\/www.instagram.com.br\\\/thalesbrandaoferreira\",\"https:\\\/\\\/www.linkedin.com\\\/in\\\/thales-brand\u00e3o-3948609\\\/\",\"https:\\\/\\\/x.com\\\/http:\\\/\\\/www.twitter.com\\\/thalesbrandao\"],\"url\":\"https:\\\/\\\/www.cidademarketing.com.br\\\/marketing\\\/author\\\/thalesbrandao\\\/\"}]}<\/script>\n<!-- \/ Yoast SEO plugin. -->","yoast_head_json":{"title":"Renata Bokel ser\u00e1 a nova CEO da WMcCann em 2024 - CidadeMarketing","robots":{"index":"index","follow":"follow","max-snippet":"max-snippet:-1","max-image-preview":"max-image-preview:large","max-video-preview":"max-video-preview:-1"},"canonical":"https:\/\/www.cidademarketing.com.br\/marketing\/2023\/12\/05\/renata-bokel-sera-a-nova-ceo-da-wmccann-em-2024\/","og_locale":"pt_BR","og_type":"article","og_title":"Renata Bokel ser\u00e1 a nova CEO da WMcCann em 2024 - CidadeMarketing","og_description":"Renata Bokel, que at\u00e9 ent\u00e3o ocupava o cargo de COO (Chief Strategy Officer) &amp; CSO (Chief Operating Officer) da WMcCann, assume a posi\u00e7\u00e3o de CEO a partir de 1\u00ba de mar\u00e7o de 2024. Andr\u00e9 Fran\u00e7a, que estava no cargo h\u00e1 dois anos, deixa a ag\u00eancia nessa data, ap\u00f3s o processo de sucess\u00e3o. Bokel chegou \u00e0 [&hellip;]","og_url":"https:\/\/www.cidademarketing.com.br\/marketing\/2023\/12\/05\/renata-bokel-sera-a-nova-ceo-da-wmccann-em-2024\/","og_site_name":"CidadeMarketing","article_publisher":"https:\/\/www.facebook.com\/portalcidademarketing","article_author":"https:\/\/www.facebook.com\/thalesbrandao","article_published_time":"2023-12-05T21:19:12+00:00","og_image":[{"width":1707,"height":2560,"url":"https:\/\/www.cidademarketing.com.br\/marketing\/wp-content\/uploads\/2023\/12\/Renata-Bokel_wmccann-scaled.jpg","type":"image\/jpeg"}],"author":"Thales Brand\u00e3o","twitter_card":"summary_large_image","twitter_creator":"@http:\/\/www.twitter.com\/thalesbrandao","twitter_site":"@CidadeMarketing","twitter_misc":{"Escrito por":"Thales Brand\u00e3o","Est. tempo de leitura":"2 minutos"},"schema":{"@context":"https:\/\/schema.org","@graph":[{"@type":"Article","@id":"https:\/\/www.cidademarketing.com.br\/marketing\/2023\/12\/05\/renata-bokel-sera-a-nova-ceo-da-wmccann-em-2024\/#article","isPartOf":{"@id":"https:\/\/www.cidademarketing.com.br\/marketing\/2023\/12\/05\/renata-bokel-sera-a-nova-ceo-da-wmccann-em-2024\/"},"author":{"name":"Thales Brand\u00e3o","@id":"https:\/\/www.cidademarketing.com.br\/marketing\/#\/schema\/person\/02daff9f18bd9378c9e01eb6b2db155f"},"headline":"Renata Bokel ser\u00e1 a nova CEO da WMcCann em 2024","datePublished":"2023-12-05T21:19:12+00:00","mainEntityOfPage":{"@id":"https:\/\/www.cidademarketing.com.br\/marketing\/2023\/12\/05\/renata-bokel-sera-a-nova-ceo-da-wmccann-em-2024\/"},"wordCount":359,"commentCount":0,"publisher":{"@id":"https:\/\/www.cidademarketing.com.br\/marketing\/#organization"},"image":{"@id":"https:\/\/www.cidademarketing.com.br\/marketing\/2023\/12\/05\/renata-bokel-sera-a-nova-ceo-da-wmccann-em-2024\/#primaryimage"},"thumbnailUrl":"https:\/\/www.cidademarketing.com.br\/marketing\/wp-content\/uploads\/2023\/12\/Renata-Bokel_wmccann-scaled.jpg","keywords":["administra\u00e7\u00e3o","campanha","CEO","estrat\u00e9gia","gest\u00e3o","marketing","propaganda","publicidade","WMcCann"],"articleSection":["Not\u00edcias"],"inLanguage":"pt-BR","potentialAction":[{"@type":"CommentAction","name":"Comment","target":["https:\/\/www.cidademarketing.com.br\/marketing\/2023\/12\/05\/renata-bokel-sera-a-nova-ceo-da-wmccann-em-2024\/#respond"]}]},{"@type":"WebPage","@id":"https:\/\/www.cidademarketing.com.br\/marketing\/2023\/12\/05\/renata-bokel-sera-a-nova-ceo-da-wmccann-em-2024\/","url":"https:\/\/www.cidademarketing.com.br\/marketing\/2023\/12\/05\/renata-bokel-sera-a-nova-ceo-da-wmccann-em-2024\/","name":"Renata Bokel ser\u00e1 a nova CEO da WMcCann em 2024 - CidadeMarketing","isPartOf":{"@id":"https:\/\/www.cidademarketing.com.br\/marketing\/#website"},"primaryImageOfPage":{"@id":"https:\/\/www.cidademarketing.com.br\/marketing\/2023\/12\/05\/renata-bokel-sera-a-nova-ceo-da-wmccann-em-2024\/#primaryimage"},"image":{"@id":"https:\/\/www.cidademarketing.com.br\/marketing\/2023\/12\/05\/renata-bokel-sera-a-nova-ceo-da-wmccann-em-2024\/#primaryimage"},"thumbnailUrl":"https:\/\/www.cidademarketing.com.br\/marketing\/wp-content\/uploads\/2023\/12\/Renata-Bokel_wmccann-scaled.jpg","datePublished":"2023-12-05T21:19:12+00:00","breadcrumb":{"@id":"https:\/\/www.cidademarketing.com.br\/marketing\/2023\/12\/05\/renata-bokel-sera-a-nova-ceo-da-wmccann-em-2024\/#breadcrumb"},"inLanguage":"pt-BR","potentialAction":[{"@type":"ReadAction","target":["https:\/\/www.cidademarketing.com.br\/marketing\/2023\/12\/05\/renata-bokel-sera-a-nova-ceo-da-wmccann-em-2024\/"]}]},{"@type":"ImageObject","inLanguage":"pt-BR","@id":"https:\/\/www.cidademarketing.com.br\/marketing\/2023\/12\/05\/renata-bokel-sera-a-nova-ceo-da-wmccann-em-2024\/#primaryimage","url":"https:\/\/www.cidademarketing.com.br\/marketing\/wp-content\/uploads\/2023\/12\/Renata-Bokel_wmccann-scaled.jpg","contentUrl":"https:\/\/www.cidademarketing.com.br\/marketing\/wp-content\/uploads\/2023\/12\/Renata-Bokel_wmccann-scaled.jpg","width":1707,"height":2560,"caption":"Divulga\u00e7\u00e3o"},{"@type":"BreadcrumbList","@id":"https:\/\/www.cidademarketing.com.br\/marketing\/2023\/12\/05\/renata-bokel-sera-a-nova-ceo-da-wmccann-em-2024\/#breadcrumb","itemListElement":[{"@type":"ListItem","position":1,"name":"In\u00edcio","item":"https:\/\/www.cidademarketing.com.br\/marketing\/"},{"@type":"ListItem","position":2,"name":"Renata Bokel ser\u00e1 a nova CEO da WMcCann em 2024"}]},{"@type":"WebSite","@id":"https:\/\/www.cidademarketing.com.br\/marketing\/#website","url":"https:\/\/www.cidademarketing.com.br\/marketing\/","name":"CidadeMarketing","description":"Somos um ve\u00edculo de comunica\u00e7\u00e3o de destaque no Brasil, reconhecido por conte\u00fados nos segmentos de marketing, empreendedorismo e inova\u00e7\u00e3o.","publisher":{"@id":"https:\/\/www.cidademarketing.com.br\/marketing\/#organization"},"alternateName":"CidadeMarketing","potentialAction":[{"@type":"SearchAction","target":{"@type":"EntryPoint","urlTemplate":"https:\/\/www.cidademarketing.com.br\/marketing\/?s={search_term_string}"},"query-input":{"@type":"PropertyValueSpecification","valueRequired":true,"valueName":"search_term_string"}}],"inLanguage":"pt-BR"},{"@type":"Organization","@id":"https:\/\/www.cidademarketing.com.br\/marketing\/#organization","name":"CidadeMarketing","alternateName":"CidadeMarketing","url":"https:\/\/www.cidademarketing.com.br\/marketing\/","logo":{"@type":"ImageObject","inLanguage":"pt-BR","@id":"https:\/\/www.cidademarketing.com.br\/marketing\/#\/schema\/logo\/image\/","url":"https:\/\/www.cidademarketing.com.br\/marketing\/wp-content\/uploads\/2020\/01\/cidademarketing_marca_mobile.png","contentUrl":"https:\/\/www.cidademarketing.com.br\/marketing\/wp-content\/uploads\/2020\/01\/cidademarketing_marca_mobile.png","width":230,"height":92,"caption":"CidadeMarketing"},"image":{"@id":"https:\/\/www.cidademarketing.com.br\/marketing\/#\/schema\/logo\/image\/"},"sameAs":["https:\/\/www.facebook.com\/portalcidademarketing","https:\/\/x.com\/CidadeMarketing","https:\/\/www.instagram.com\/cidademarketing\/"]},{"@type":"Person","@id":"https:\/\/www.cidademarketing.com.br\/marketing\/#\/schema\/person\/02daff9f18bd9378c9e01eb6b2db155f","name":"Thales Brand\u00e3o","image":{"@type":"ImageObject","inLanguage":"pt-BR","@id":"https:\/\/secure.gravatar.com\/avatar\/7ca3206950207cc3cb48feec56a8a7898741ab725c368d99d5d7a5a50aab80c6?s=96&d=mm&r=g","url":"https:\/\/secure.gravatar.com\/avatar\/7ca3206950207cc3cb48feec56a8a7898741ab725c368d99d5d7a5a50aab80c6?s=96&d=mm&r=g","contentUrl":"https:\/\/secure.gravatar.com\/avatar\/7ca3206950207cc3cb48feec56a8a7898741ab725c368d99d5d7a5a50aab80c6?s=96&d=mm&r=g","caption":"Thales Brand\u00e3o"},"description":"Editor Executivo do Portal CidadeMarketing.com.br &gt; Mestre em Comunica\u00e7\u00e3o e Sociedade pela Universidade Federal de Sergipe. Possui MBA Executivo em Administra\u00e7\u00e3o com \u00eanfase em Marketing pela Funda\u00e7\u00e3o Get\u00falio Vargas - Rio de Janeiro. Consultor, Palestrante e Pesquisador sobre Empreendedorismo, Marketing, Redes Sociais e Neg\u00f3cios Digitais. Professor, Palestrante TedxTalks e Campus Party. Twitter: @ThalesBrandao","sameAs":["http:\/\/www.mandacaru.com.br","https:\/\/www.facebook.com\/thalesbrandao","http:\/\/www.instagram.com.br\/thalesbrandaoferreira","https:\/\/www.linkedin.com\/in\/thales-brand\u00e3o-3948609\/","https:\/\/x.com\/http:\/\/www.twitter.com\/thalesbrandao"],"url":"https:\/\/www.cidademarketing.com.br\/marketing\/author\/thalesbrandao\/"}]}},"amp_enabled":true,"_links":{"self":[{"href":"https:\/\/www.cidademarketing.com.br\/marketing\/wp-json\/wp\/v2\/posts\/49084","targetHints":{"allow":["GET"]}}],"collection":[{"href":"https:\/\/www.cidademarketing.com.br\/marketing\/wp-json\/wp\/v2\/posts"}],"about":[{"href":"https:\/\/www.cidademarketing.com.br\/marketing\/wp-json\/wp\/v2\/types\/post"}],"author":[{"embeddable":true,"href":"https:\/\/www.cidademarketing.com.br\/marketing\/wp-json\/wp\/v2\/users\/1"}],"replies":[{"embeddable":true,"href":"https:\/\/www.cidademarketing.com.br\/marketing\/wp-json\/wp\/v2\/comments?post=49084"}],"version-history":[{"count":1,"href":"https:\/\/www.cidademarketing.com.br\/marketing\/wp-json\/wp\/v2\/posts\/49084\/revisions"}],"predecessor-version":[{"id":49086,"href":"https:\/\/www.cidademarketing.com.br\/marketing\/wp-json\/wp\/v2\/posts\/49084\/revisions\/49086"}],"wp:featuredmedia":[{"embeddable":true,"href":"https:\/\/www.cidademarketing.com.br\/marketing\/wp-json\/wp\/v2\/media\/49085"}],"wp:attachment":[{"href":"https:\/\/www.cidademarketing.com.br\/marketing\/wp-json\/wp\/v2\/media?parent=49084"}],"wp:term":[{"taxonomy":"category","embeddable":true,"href":"https:\/\/www.cidademarketing.com.br\/marketing\/wp-json\/wp\/v2\/categories?post=49084"},{"taxonomy":"post_tag","embeddable":true,"href":"https:\/\/www.cidademarketing.com.br\/marketing\/wp-json\/wp\/v2\/tags?post=49084"}],"curies":[{"name":"wp","href":"https:\/\/api.w.org\/{rel}","templated":true}]}}