{"id":49038,"date":"2023-12-02T18:21:17","date_gmt":"2023-12-02T21:21:17","guid":{"rendered":"https:\/\/www.cidademarketing.com.br\/marketing\/?p=49038"},"modified":"2023-12-02T18:52:46","modified_gmt":"2023-12-02T21:52:46","slug":"mauricio-de-sousa-producoes-anuncia-lancamentos-em-painel-na-ccxp23","status":"publish","type":"post","link":"https:\/\/www.cidademarketing.com.br\/marketing\/2023\/12\/02\/mauricio-de-sousa-producoes-anuncia-lancamentos-em-painel-na-ccxp23\/","title":{"rendered":"Mauricio de Sousa Produ\u00e7\u00f5es anuncia lan\u00e7amentos em painel na CCXP23"},"content":{"rendered":"<p>O tradicional painel Universo MSP na CCXP23 superou as expectativas dos f\u00e3s que estiveram no evento este ano. Com a presen\u00e7a do criador da Turminha, Mauricio de Sousa, M\u00f4nica Sousa, inspira\u00e7\u00e3o para a cria\u00e7\u00e3o da personagem e diretora geral, Marcos Saraiva, diretor de audiovisual e Sidney Gusman, editor da MSP, al\u00e9m de diversos convidados especiais, o palco Thunder ficou pequeno para tantos an\u00fancios audiovisuais e editoriais que emocionaram a plateia.<\/p>\n<p><a href=\"https:\/\/www.cidademarketing.com.br\/marketing\/sua-marca-vai-virar-noticia\/\" target=\"_blank\" rel=\"noopener\"><img fetchpriority=\"high\" decoding=\"async\" class=\"wp-image-44329 aligncenter\" src=\"https:\/\/www.cidademarketing.com.br\/marketing\/wp-content\/uploads\/2023\/04\/cidademarketing_backlinks_marketingdigital_publieditorial_.png\" alt=\"\" width=\"500\" height=\"500\" \/><\/a><\/p>\n<p>As novidades come\u00e7aram com os lan\u00e7amentos editoriais no selo Graphic MSP. A primeira de 2024 ser\u00e1 Do Contra &#8211; Heran\u00e7a, de Yoshi Itice, que teve seu t\u00edtulo revelado e uma p\u00e1gina in\u00e9dita mostrados no painel. Em seguida, os f\u00e3s descobriram que vem a\u00ed Capit\u00e3o Feio 3, de Magno Costa e Marcelo Costa, que j\u00e1 conta com Identidade e Tormenta; Louco 2, de Rog\u00e9rio Coelho que, nove anos depois, volta ao personagem em uma continua\u00e7\u00e3o muito pedida pelos f\u00e3s, e Marina, por Ver\u00f4nica Berta, que marca duas estreias nas Graphics MSP: personagem e autora. Al\u00e9m disso, foi anunciada a primeira publica\u00e7\u00e3o de 2025: Chico Bento 3, do Orlandeli, que retorna ao selo ap\u00f3s o sucesso enorme de Arvorada e Verdade.<\/p>\n<p><img decoding=\"async\" class=\"wp-image-49040 size-full\" style=\"text-align: center;\" src=\"https:\/\/www.cidademarketing.com.br\/marketing\/wp-content\/uploads\/2023\/12\/mauriciodesousa_ccxp23_02.jpg\" alt=\"\" width=\"859\" height=\"859\" srcset=\"https:\/\/www.cidademarketing.com.br\/marketing\/wp-content\/uploads\/2023\/12\/mauriciodesousa_ccxp23_02.jpg 859w, https:\/\/www.cidademarketing.com.br\/marketing\/wp-content\/uploads\/2023\/12\/mauriciodesousa_ccxp23_02-300x300.jpg 300w, https:\/\/www.cidademarketing.com.br\/marketing\/wp-content\/uploads\/2023\/12\/mauriciodesousa_ccxp23_02-150x150.jpg 150w, https:\/\/www.cidademarketing.com.br\/marketing\/wp-content\/uploads\/2023\/12\/mauriciodesousa_ccxp23_02-768x768.jpg 768w, https:\/\/www.cidademarketing.com.br\/marketing\/wp-content\/uploads\/2023\/12\/mauriciodesousa_ccxp23_02-420x420.jpg 420w, https:\/\/www.cidademarketing.com.br\/marketing\/wp-content\/uploads\/2023\/12\/mauriciodesousa_ccxp23_02-640x640.jpg 640w, https:\/\/www.cidademarketing.com.br\/marketing\/wp-content\/uploads\/2023\/12\/mauriciodesousa_ccxp23_02-681x681.jpg 681w\" sizes=\"(max-width: 859px) 100vw, 859px\" \/><\/p>\n<p>Cr\u00e9dito: Mauricio de Sousa Produ\u00e7\u00f5es<br \/>\nEssas novidades surpreenderam at\u00e9 mesmo os maiores f\u00e3s da Turminha, que n\u00e3o perdem por esperar<\/p>\n<p>A plateia do palco Thunder tremeu com a revela\u00e7\u00e3o da primeira novidade em audiovisual. Interpretado por um elenco de carne e osso, Chico Bento e a Goiabeira Maravi\u00f3sa contar\u00e1 as aventuras da Vila da Abobrinha nos cinemas de todo o Brasil em 2024. O influenciador mineiro Isaac Amendoim, de 10 anos, que interpretar\u00e1 um dos personagens mais amado do Brasil esteve no painel, acompanhado do ator Luis Lobianco, respons\u00e1vel por dar vida a Nh\u00f4 Lau, dono da goiabeira. Juntos os dois arrancaram gargalhadas do p\u00fablico, mostrando que a dupla promete para a atua\u00e7\u00e3o no longa.<\/p>\n<p><iframe title=\"Spotify Embed: Podcast CidadeMarketing\" style=\"border-radius: 12px\" width=\"100%\" height=\"152\" frameborder=\"0\" allowfullscreen allow=\"autoplay; clipboard-write; encrypted-media; fullscreen; picture-in-picture\" loading=\"lazy\" src=\"https:\/\/open.spotify.com\/embed\/show\/4khMKzP3FgFRWVwb73xicc?si=252fe5bff2b34909&#038;utm_source=oembed\"><\/iframe><\/p>\n<p>&nbsp;<\/p>\n<p>Os f\u00e3s tamb\u00e9m comemoraram a pr\u00f3xima estreia em live-action nas telonas com o lan\u00e7amento nos cinemas no dia 18 de janeiro de 2024: \u201cTurma da M\u00f4nica Jovem: Reflexos do Medo\u201d, filme que mistura os g\u00eaneros de aventura e suspense. O quinteto principal de atores da trama esteve presente no palco Thunder e proporcionou um dos pontos altos da apresenta\u00e7\u00e3o. Sophia Valverde ser\u00e1 a M\u00f4nica, Xande Valois, far\u00e1 o papel de Cebola, a Magali ser\u00e1 interpretada por Bianca Paiva, j\u00e1 o Casc\u00e3o, ganhar\u00e1 vida com Theo Salom\u00e3o e a atriz Carol Roberto foi escolhida como Milena, juntos eles ser\u00e3o os protagonistas da Turma que agora est\u00e1 no Ensino M\u00e9dio e precisar\u00e1 se unir para salvar o Museu do Limoeiro.<\/p>\n<div class=\"youtube-embed\" data-video_id=\"n-KylsGYIwQ\"><iframe title=\"Turma da M\u00f4nica Jovem: Reflexos do Medo | Trailer 2 | 18 de janeiro nos cinemas\" width=\"640\" height=\"360\" src=\"https:\/\/www.youtube.com\/embed\/n-KylsGYIwQ?feature=oembed&#038;enablejsapi=1\" frameborder=\"0\" allow=\"accelerometer; autoplay; clipboard-write; encrypted-media; gyroscope; picture-in-picture; web-share\" referrerpolicy=\"strict-origin-when-cross-origin\" allowfullscreen><\/iframe><\/div>\n<p>E as novidades n\u00e3o pararam por a\u00ed. Mauricio de Sousa Produ\u00e7\u00f5es e Carlos Saldanha v\u00e3o se unir para desenvolver projeto \u00fanico, que saberemos mais em breve.<\/p>\n","protected":false},"excerpt":{"rendered":"<p>O tradicional painel Universo MSP na CCXP23 superou as expectativas dos f\u00e3s que estiveram no evento este ano. Com a presen\u00e7a do criador da Turminha, Mauricio de Sousa, M\u00f4nica Sousa, inspira\u00e7\u00e3o para a cria\u00e7\u00e3o da personagem e diretora geral, Marcos Saraiva, diretor de audiovisual e Sidney Gusman, editor da MSP, al\u00e9m de diversos convidados especiais, [&hellip;]<\/p>\n","protected":false},"author":1,"featured_media":49039,"comment_status":"open","ping_status":"open","sticky":false,"template":"","format":"standard","meta":{"tdm_status":"","tdm_grid_status":"","footnotes":""},"categories":[6],"tags":[65,358,5860,33,805,836,3263,6055,5676,1283],"class_list":["post-49038","post","type-post","status-publish","format-standard","has-post-thumbnail","hentry","category-noticias","tag-campanha","tag-ccxp","tag-ccxp23","tag-estrategia","tag-experiencia","tag-filme","tag-geek","tag-mauricio-de-sousa","tag-quadrinho","tag-turma-da-monica"],"yoast_head":"<!-- This site is optimized with the Yoast SEO plugin v27.5 - https:\/\/yoast.com\/product\/yoast-seo-wordpress\/ -->\n<title>Mauricio de Sousa Produ\u00e7\u00f5es anuncia lan\u00e7amentos em painel na CCXP23 - CidadeMarketing<\/title>\n<meta name=\"robots\" content=\"index, follow, max-snippet:-1, max-image-preview:large, max-video-preview:-1\" \/>\n<link rel=\"canonical\" href=\"https:\/\/www.cidademarketing.com.br\/marketing\/2023\/12\/02\/mauricio-de-sousa-producoes-anuncia-lancamentos-em-painel-na-ccxp23\/\" \/>\n<meta property=\"og:locale\" content=\"pt_BR\" \/>\n<meta property=\"og:type\" content=\"article\" \/>\n<meta property=\"og:title\" content=\"Mauricio de Sousa Produ\u00e7\u00f5es anuncia lan\u00e7amentos em painel na CCXP23 - CidadeMarketing\" \/>\n<meta property=\"og:description\" content=\"O tradicional painel Universo MSP na CCXP23 superou as expectativas dos f\u00e3s que estiveram no evento este ano. Com a presen\u00e7a do criador da Turminha, Mauricio de Sousa, M\u00f4nica Sousa, inspira\u00e7\u00e3o para a cria\u00e7\u00e3o da personagem e diretora geral, Marcos Saraiva, diretor de audiovisual e Sidney Gusman, editor da MSP, al\u00e9m de diversos convidados especiais, [&hellip;]\" \/>\n<meta property=\"og:url\" content=\"https:\/\/www.cidademarketing.com.br\/marketing\/2023\/12\/02\/mauricio-de-sousa-producoes-anuncia-lancamentos-em-painel-na-ccxp23\/\" \/>\n<meta property=\"og:site_name\" content=\"CidadeMarketing\" \/>\n<meta property=\"article:publisher\" content=\"https:\/\/www.facebook.com\/portalcidademarketing\" \/>\n<meta property=\"article:author\" content=\"https:\/\/www.facebook.com\/thalesbrandao\" \/>\n<meta property=\"article:published_time\" content=\"2023-12-02T21:21:17+00:00\" \/>\n<meta property=\"article:modified_time\" content=\"2023-12-02T21:52:46+00:00\" \/>\n<meta property=\"og:image\" content=\"https:\/\/www.cidademarketing.com.br\/marketing\/wp-content\/uploads\/2023\/12\/mauriciodesousa_ccxp23.jpg\" \/>\n\t<meta property=\"og:image:width\" content=\"563\" \/>\n\t<meta property=\"og:image:height\" content=\"704\" \/>\n\t<meta property=\"og:image:type\" content=\"image\/jpeg\" \/>\n<meta name=\"author\" content=\"Thales Brand\u00e3o\" \/>\n<meta name=\"twitter:card\" content=\"summary_large_image\" \/>\n<meta name=\"twitter:creator\" content=\"@http:\/\/www.twitter.com\/thalesbrandao\" \/>\n<meta name=\"twitter:site\" content=\"@CidadeMarketing\" \/>\n<meta name=\"twitter:label1\" content=\"Escrito por\" \/>\n\t<meta name=\"twitter:data1\" content=\"Thales Brand\u00e3o\" \/>\n\t<meta name=\"twitter:label2\" content=\"Est. tempo de leitura\" \/>\n\t<meta name=\"twitter:data2\" content=\"3 minutos\" \/>\n<script type=\"application\/ld+json\" class=\"yoast-schema-graph\">{\"@context\":\"https:\\\/\\\/schema.org\",\"@graph\":[{\"@type\":\"Article\",\"@id\":\"https:\\\/\\\/www.cidademarketing.com.br\\\/marketing\\\/2023\\\/12\\\/02\\\/mauricio-de-sousa-producoes-anuncia-lancamentos-em-painel-na-ccxp23\\\/#article\",\"isPartOf\":{\"@id\":\"https:\\\/\\\/www.cidademarketing.com.br\\\/marketing\\\/2023\\\/12\\\/02\\\/mauricio-de-sousa-producoes-anuncia-lancamentos-em-painel-na-ccxp23\\\/\"},\"author\":{\"name\":\"Thales Brand\u00e3o\",\"@id\":\"https:\\\/\\\/www.cidademarketing.com.br\\\/marketing\\\/#\\\/schema\\\/person\\\/02daff9f18bd9378c9e01eb6b2db155f\"},\"headline\":\"Mauricio de Sousa Produ\u00e7\u00f5es anuncia lan\u00e7amentos em painel na CCXP23\",\"datePublished\":\"2023-12-02T21:21:17+00:00\",\"dateModified\":\"2023-12-02T21:52:46+00:00\",\"mainEntityOfPage\":{\"@id\":\"https:\\\/\\\/www.cidademarketing.com.br\\\/marketing\\\/2023\\\/12\\\/02\\\/mauricio-de-sousa-producoes-anuncia-lancamentos-em-painel-na-ccxp23\\\/\"},\"wordCount\":524,\"commentCount\":0,\"publisher\":{\"@id\":\"https:\\\/\\\/www.cidademarketing.com.br\\\/marketing\\\/#organization\"},\"image\":{\"@id\":\"https:\\\/\\\/www.cidademarketing.com.br\\\/marketing\\\/2023\\\/12\\\/02\\\/mauricio-de-sousa-producoes-anuncia-lancamentos-em-painel-na-ccxp23\\\/#primaryimage\"},\"thumbnailUrl\":\"https:\\\/\\\/www.cidademarketing.com.br\\\/marketing\\\/wp-content\\\/uploads\\\/2023\\\/12\\\/mauriciodesousa_ccxp23.jpg\",\"keywords\":[\"campanha\",\"CCXP\",\"CCXP23\",\"estrat\u00e9gia\",\"experi\u00eancia\",\"filme\",\"Geek\",\"Maur\u00edcio de Sousa\",\"quadrinho\",\"Turma da M\u00f4nica\"],\"articleSection\":[\"Not\u00edcias\"],\"inLanguage\":\"pt-BR\",\"potentialAction\":[{\"@type\":\"CommentAction\",\"name\":\"Comment\",\"target\":[\"https:\\\/\\\/www.cidademarketing.com.br\\\/marketing\\\/2023\\\/12\\\/02\\\/mauricio-de-sousa-producoes-anuncia-lancamentos-em-painel-na-ccxp23\\\/#respond\"]}]},{\"@type\":\"WebPage\",\"@id\":\"https:\\\/\\\/www.cidademarketing.com.br\\\/marketing\\\/2023\\\/12\\\/02\\\/mauricio-de-sousa-producoes-anuncia-lancamentos-em-painel-na-ccxp23\\\/\",\"url\":\"https:\\\/\\\/www.cidademarketing.com.br\\\/marketing\\\/2023\\\/12\\\/02\\\/mauricio-de-sousa-producoes-anuncia-lancamentos-em-painel-na-ccxp23\\\/\",\"name\":\"Mauricio de Sousa Produ\u00e7\u00f5es anuncia lan\u00e7amentos em painel na CCXP23 - CidadeMarketing\",\"isPartOf\":{\"@id\":\"https:\\\/\\\/www.cidademarketing.com.br\\\/marketing\\\/#website\"},\"primaryImageOfPage\":{\"@id\":\"https:\\\/\\\/www.cidademarketing.com.br\\\/marketing\\\/2023\\\/12\\\/02\\\/mauricio-de-sousa-producoes-anuncia-lancamentos-em-painel-na-ccxp23\\\/#primaryimage\"},\"image\":{\"@id\":\"https:\\\/\\\/www.cidademarketing.com.br\\\/marketing\\\/2023\\\/12\\\/02\\\/mauricio-de-sousa-producoes-anuncia-lancamentos-em-painel-na-ccxp23\\\/#primaryimage\"},\"thumbnailUrl\":\"https:\\\/\\\/www.cidademarketing.com.br\\\/marketing\\\/wp-content\\\/uploads\\\/2023\\\/12\\\/mauriciodesousa_ccxp23.jpg\",\"datePublished\":\"2023-12-02T21:21:17+00:00\",\"dateModified\":\"2023-12-02T21:52:46+00:00\",\"breadcrumb\":{\"@id\":\"https:\\\/\\\/www.cidademarketing.com.br\\\/marketing\\\/2023\\\/12\\\/02\\\/mauricio-de-sousa-producoes-anuncia-lancamentos-em-painel-na-ccxp23\\\/#breadcrumb\"},\"inLanguage\":\"pt-BR\",\"potentialAction\":[{\"@type\":\"ReadAction\",\"target\":[\"https:\\\/\\\/www.cidademarketing.com.br\\\/marketing\\\/2023\\\/12\\\/02\\\/mauricio-de-sousa-producoes-anuncia-lancamentos-em-painel-na-ccxp23\\\/\"]}]},{\"@type\":\"ImageObject\",\"inLanguage\":\"pt-BR\",\"@id\":\"https:\\\/\\\/www.cidademarketing.com.br\\\/marketing\\\/2023\\\/12\\\/02\\\/mauricio-de-sousa-producoes-anuncia-lancamentos-em-painel-na-ccxp23\\\/#primaryimage\",\"url\":\"https:\\\/\\\/www.cidademarketing.com.br\\\/marketing\\\/wp-content\\\/uploads\\\/2023\\\/12\\\/mauriciodesousa_ccxp23.jpg\",\"contentUrl\":\"https:\\\/\\\/www.cidademarketing.com.br\\\/marketing\\\/wp-content\\\/uploads\\\/2023\\\/12\\\/mauriciodesousa_ccxp23.jpg\",\"width\":563,\"height\":704},{\"@type\":\"BreadcrumbList\",\"@id\":\"https:\\\/\\\/www.cidademarketing.com.br\\\/marketing\\\/2023\\\/12\\\/02\\\/mauricio-de-sousa-producoes-anuncia-lancamentos-em-painel-na-ccxp23\\\/#breadcrumb\",\"itemListElement\":[{\"@type\":\"ListItem\",\"position\":1,\"name\":\"In\u00edcio\",\"item\":\"https:\\\/\\\/www.cidademarketing.com.br\\\/marketing\\\/\"},{\"@type\":\"ListItem\",\"position\":2,\"name\":\"Mauricio de Sousa Produ\u00e7\u00f5es anuncia lan\u00e7amentos em painel na CCXP23\"}]},{\"@type\":\"WebSite\",\"@id\":\"https:\\\/\\\/www.cidademarketing.com.br\\\/marketing\\\/#website\",\"url\":\"https:\\\/\\\/www.cidademarketing.com.br\\\/marketing\\\/\",\"name\":\"CidadeMarketing\",\"description\":\"Somos um ve\u00edculo de comunica\u00e7\u00e3o de destaque no Brasil, reconhecido por conte\u00fados nos segmentos de marketing, empreendedorismo e inova\u00e7\u00e3o.\",\"publisher\":{\"@id\":\"https:\\\/\\\/www.cidademarketing.com.br\\\/marketing\\\/#organization\"},\"alternateName\":\"CidadeMarketing\",\"potentialAction\":[{\"@type\":\"SearchAction\",\"target\":{\"@type\":\"EntryPoint\",\"urlTemplate\":\"https:\\\/\\\/www.cidademarketing.com.br\\\/marketing\\\/?s={search_term_string}\"},\"query-input\":{\"@type\":\"PropertyValueSpecification\",\"valueRequired\":true,\"valueName\":\"search_term_string\"}}],\"inLanguage\":\"pt-BR\"},{\"@type\":\"Organization\",\"@id\":\"https:\\\/\\\/www.cidademarketing.com.br\\\/marketing\\\/#organization\",\"name\":\"CidadeMarketing\",\"alternateName\":\"CidadeMarketing\",\"url\":\"https:\\\/\\\/www.cidademarketing.com.br\\\/marketing\\\/\",\"logo\":{\"@type\":\"ImageObject\",\"inLanguage\":\"pt-BR\",\"@id\":\"https:\\\/\\\/www.cidademarketing.com.br\\\/marketing\\\/#\\\/schema\\\/logo\\\/image\\\/\",\"url\":\"https:\\\/\\\/www.cidademarketing.com.br\\\/marketing\\\/wp-content\\\/uploads\\\/2020\\\/01\\\/cidademarketing_marca_mobile.png\",\"contentUrl\":\"https:\\\/\\\/www.cidademarketing.com.br\\\/marketing\\\/wp-content\\\/uploads\\\/2020\\\/01\\\/cidademarketing_marca_mobile.png\",\"width\":230,\"height\":92,\"caption\":\"CidadeMarketing\"},\"image\":{\"@id\":\"https:\\\/\\\/www.cidademarketing.com.br\\\/marketing\\\/#\\\/schema\\\/logo\\\/image\\\/\"},\"sameAs\":[\"https:\\\/\\\/www.facebook.com\\\/portalcidademarketing\",\"https:\\\/\\\/x.com\\\/CidadeMarketing\",\"https:\\\/\\\/www.instagram.com\\\/cidademarketing\\\/\"]},{\"@type\":\"Person\",\"@id\":\"https:\\\/\\\/www.cidademarketing.com.br\\\/marketing\\\/#\\\/schema\\\/person\\\/02daff9f18bd9378c9e01eb6b2db155f\",\"name\":\"Thales Brand\u00e3o\",\"image\":{\"@type\":\"ImageObject\",\"inLanguage\":\"pt-BR\",\"@id\":\"https:\\\/\\\/secure.gravatar.com\\\/avatar\\\/7ca3206950207cc3cb48feec56a8a7898741ab725c368d99d5d7a5a50aab80c6?s=96&d=mm&r=g\",\"url\":\"https:\\\/\\\/secure.gravatar.com\\\/avatar\\\/7ca3206950207cc3cb48feec56a8a7898741ab725c368d99d5d7a5a50aab80c6?s=96&d=mm&r=g\",\"contentUrl\":\"https:\\\/\\\/secure.gravatar.com\\\/avatar\\\/7ca3206950207cc3cb48feec56a8a7898741ab725c368d99d5d7a5a50aab80c6?s=96&d=mm&r=g\",\"caption\":\"Thales Brand\u00e3o\"},\"description\":\"Editor Executivo do Portal CidadeMarketing.com.br &gt; Mestre em Comunica\u00e7\u00e3o e Sociedade pela Universidade Federal de Sergipe. Possui MBA Executivo em Administra\u00e7\u00e3o com \u00eanfase em Marketing pela Funda\u00e7\u00e3o Get\u00falio Vargas - Rio de Janeiro. Consultor, Palestrante e Pesquisador sobre Empreendedorismo, Marketing, Redes Sociais e Neg\u00f3cios Digitais. Professor, Palestrante TedxTalks e Campus Party. Twitter: @ThalesBrandao\",\"sameAs\":[\"http:\\\/\\\/www.mandacaru.com.br\",\"https:\\\/\\\/www.facebook.com\\\/thalesbrandao\",\"http:\\\/\\\/www.instagram.com.br\\\/thalesbrandaoferreira\",\"https:\\\/\\\/www.linkedin.com\\\/in\\\/thales-brand\u00e3o-3948609\\\/\",\"https:\\\/\\\/x.com\\\/http:\\\/\\\/www.twitter.com\\\/thalesbrandao\"],\"url\":\"https:\\\/\\\/www.cidademarketing.com.br\\\/marketing\\\/author\\\/thalesbrandao\\\/\"}]}<\/script>\n<!-- \/ Yoast SEO plugin. -->","yoast_head_json":{"title":"Mauricio de Sousa Produ\u00e7\u00f5es anuncia lan\u00e7amentos em painel na CCXP23 - CidadeMarketing","robots":{"index":"index","follow":"follow","max-snippet":"max-snippet:-1","max-image-preview":"max-image-preview:large","max-video-preview":"max-video-preview:-1"},"canonical":"https:\/\/www.cidademarketing.com.br\/marketing\/2023\/12\/02\/mauricio-de-sousa-producoes-anuncia-lancamentos-em-painel-na-ccxp23\/","og_locale":"pt_BR","og_type":"article","og_title":"Mauricio de Sousa Produ\u00e7\u00f5es anuncia lan\u00e7amentos em painel na CCXP23 - CidadeMarketing","og_description":"O tradicional painel Universo MSP na CCXP23 superou as expectativas dos f\u00e3s que estiveram no evento este ano. Com a presen\u00e7a do criador da Turminha, Mauricio de Sousa, M\u00f4nica Sousa, inspira\u00e7\u00e3o para a cria\u00e7\u00e3o da personagem e diretora geral, Marcos Saraiva, diretor de audiovisual e Sidney Gusman, editor da MSP, al\u00e9m de diversos convidados especiais, [&hellip;]","og_url":"https:\/\/www.cidademarketing.com.br\/marketing\/2023\/12\/02\/mauricio-de-sousa-producoes-anuncia-lancamentos-em-painel-na-ccxp23\/","og_site_name":"CidadeMarketing","article_publisher":"https:\/\/www.facebook.com\/portalcidademarketing","article_author":"https:\/\/www.facebook.com\/thalesbrandao","article_published_time":"2023-12-02T21:21:17+00:00","article_modified_time":"2023-12-02T21:52:46+00:00","og_image":[{"width":563,"height":704,"url":"https:\/\/www.cidademarketing.com.br\/marketing\/wp-content\/uploads\/2023\/12\/mauriciodesousa_ccxp23.jpg","type":"image\/jpeg"}],"author":"Thales Brand\u00e3o","twitter_card":"summary_large_image","twitter_creator":"@http:\/\/www.twitter.com\/thalesbrandao","twitter_site":"@CidadeMarketing","twitter_misc":{"Escrito por":"Thales Brand\u00e3o","Est. tempo de leitura":"3 minutos"},"schema":{"@context":"https:\/\/schema.org","@graph":[{"@type":"Article","@id":"https:\/\/www.cidademarketing.com.br\/marketing\/2023\/12\/02\/mauricio-de-sousa-producoes-anuncia-lancamentos-em-painel-na-ccxp23\/#article","isPartOf":{"@id":"https:\/\/www.cidademarketing.com.br\/marketing\/2023\/12\/02\/mauricio-de-sousa-producoes-anuncia-lancamentos-em-painel-na-ccxp23\/"},"author":{"name":"Thales Brand\u00e3o","@id":"https:\/\/www.cidademarketing.com.br\/marketing\/#\/schema\/person\/02daff9f18bd9378c9e01eb6b2db155f"},"headline":"Mauricio de Sousa Produ\u00e7\u00f5es anuncia lan\u00e7amentos em painel na CCXP23","datePublished":"2023-12-02T21:21:17+00:00","dateModified":"2023-12-02T21:52:46+00:00","mainEntityOfPage":{"@id":"https:\/\/www.cidademarketing.com.br\/marketing\/2023\/12\/02\/mauricio-de-sousa-producoes-anuncia-lancamentos-em-painel-na-ccxp23\/"},"wordCount":524,"commentCount":0,"publisher":{"@id":"https:\/\/www.cidademarketing.com.br\/marketing\/#organization"},"image":{"@id":"https:\/\/www.cidademarketing.com.br\/marketing\/2023\/12\/02\/mauricio-de-sousa-producoes-anuncia-lancamentos-em-painel-na-ccxp23\/#primaryimage"},"thumbnailUrl":"https:\/\/www.cidademarketing.com.br\/marketing\/wp-content\/uploads\/2023\/12\/mauriciodesousa_ccxp23.jpg","keywords":["campanha","CCXP","CCXP23","estrat\u00e9gia","experi\u00eancia","filme","Geek","Maur\u00edcio de Sousa","quadrinho","Turma da M\u00f4nica"],"articleSection":["Not\u00edcias"],"inLanguage":"pt-BR","potentialAction":[{"@type":"CommentAction","name":"Comment","target":["https:\/\/www.cidademarketing.com.br\/marketing\/2023\/12\/02\/mauricio-de-sousa-producoes-anuncia-lancamentos-em-painel-na-ccxp23\/#respond"]}]},{"@type":"WebPage","@id":"https:\/\/www.cidademarketing.com.br\/marketing\/2023\/12\/02\/mauricio-de-sousa-producoes-anuncia-lancamentos-em-painel-na-ccxp23\/","url":"https:\/\/www.cidademarketing.com.br\/marketing\/2023\/12\/02\/mauricio-de-sousa-producoes-anuncia-lancamentos-em-painel-na-ccxp23\/","name":"Mauricio de Sousa Produ\u00e7\u00f5es anuncia lan\u00e7amentos em painel na CCXP23 - CidadeMarketing","isPartOf":{"@id":"https:\/\/www.cidademarketing.com.br\/marketing\/#website"},"primaryImageOfPage":{"@id":"https:\/\/www.cidademarketing.com.br\/marketing\/2023\/12\/02\/mauricio-de-sousa-producoes-anuncia-lancamentos-em-painel-na-ccxp23\/#primaryimage"},"image":{"@id":"https:\/\/www.cidademarketing.com.br\/marketing\/2023\/12\/02\/mauricio-de-sousa-producoes-anuncia-lancamentos-em-painel-na-ccxp23\/#primaryimage"},"thumbnailUrl":"https:\/\/www.cidademarketing.com.br\/marketing\/wp-content\/uploads\/2023\/12\/mauriciodesousa_ccxp23.jpg","datePublished":"2023-12-02T21:21:17+00:00","dateModified":"2023-12-02T21:52:46+00:00","breadcrumb":{"@id":"https:\/\/www.cidademarketing.com.br\/marketing\/2023\/12\/02\/mauricio-de-sousa-producoes-anuncia-lancamentos-em-painel-na-ccxp23\/#breadcrumb"},"inLanguage":"pt-BR","potentialAction":[{"@type":"ReadAction","target":["https:\/\/www.cidademarketing.com.br\/marketing\/2023\/12\/02\/mauricio-de-sousa-producoes-anuncia-lancamentos-em-painel-na-ccxp23\/"]}]},{"@type":"ImageObject","inLanguage":"pt-BR","@id":"https:\/\/www.cidademarketing.com.br\/marketing\/2023\/12\/02\/mauricio-de-sousa-producoes-anuncia-lancamentos-em-painel-na-ccxp23\/#primaryimage","url":"https:\/\/www.cidademarketing.com.br\/marketing\/wp-content\/uploads\/2023\/12\/mauriciodesousa_ccxp23.jpg","contentUrl":"https:\/\/www.cidademarketing.com.br\/marketing\/wp-content\/uploads\/2023\/12\/mauriciodesousa_ccxp23.jpg","width":563,"height":704},{"@type":"BreadcrumbList","@id":"https:\/\/www.cidademarketing.com.br\/marketing\/2023\/12\/02\/mauricio-de-sousa-producoes-anuncia-lancamentos-em-painel-na-ccxp23\/#breadcrumb","itemListElement":[{"@type":"ListItem","position":1,"name":"In\u00edcio","item":"https:\/\/www.cidademarketing.com.br\/marketing\/"},{"@type":"ListItem","position":2,"name":"Mauricio de Sousa Produ\u00e7\u00f5es anuncia lan\u00e7amentos em painel na CCXP23"}]},{"@type":"WebSite","@id":"https:\/\/www.cidademarketing.com.br\/marketing\/#website","url":"https:\/\/www.cidademarketing.com.br\/marketing\/","name":"CidadeMarketing","description":"Somos um ve\u00edculo de comunica\u00e7\u00e3o de destaque no Brasil, reconhecido por conte\u00fados nos segmentos de marketing, empreendedorismo e inova\u00e7\u00e3o.","publisher":{"@id":"https:\/\/www.cidademarketing.com.br\/marketing\/#organization"},"alternateName":"CidadeMarketing","potentialAction":[{"@type":"SearchAction","target":{"@type":"EntryPoint","urlTemplate":"https:\/\/www.cidademarketing.com.br\/marketing\/?s={search_term_string}"},"query-input":{"@type":"PropertyValueSpecification","valueRequired":true,"valueName":"search_term_string"}}],"inLanguage":"pt-BR"},{"@type":"Organization","@id":"https:\/\/www.cidademarketing.com.br\/marketing\/#organization","name":"CidadeMarketing","alternateName":"CidadeMarketing","url":"https:\/\/www.cidademarketing.com.br\/marketing\/","logo":{"@type":"ImageObject","inLanguage":"pt-BR","@id":"https:\/\/www.cidademarketing.com.br\/marketing\/#\/schema\/logo\/image\/","url":"https:\/\/www.cidademarketing.com.br\/marketing\/wp-content\/uploads\/2020\/01\/cidademarketing_marca_mobile.png","contentUrl":"https:\/\/www.cidademarketing.com.br\/marketing\/wp-content\/uploads\/2020\/01\/cidademarketing_marca_mobile.png","width":230,"height":92,"caption":"CidadeMarketing"},"image":{"@id":"https:\/\/www.cidademarketing.com.br\/marketing\/#\/schema\/logo\/image\/"},"sameAs":["https:\/\/www.facebook.com\/portalcidademarketing","https:\/\/x.com\/CidadeMarketing","https:\/\/www.instagram.com\/cidademarketing\/"]},{"@type":"Person","@id":"https:\/\/www.cidademarketing.com.br\/marketing\/#\/schema\/person\/02daff9f18bd9378c9e01eb6b2db155f","name":"Thales Brand\u00e3o","image":{"@type":"ImageObject","inLanguage":"pt-BR","@id":"https:\/\/secure.gravatar.com\/avatar\/7ca3206950207cc3cb48feec56a8a7898741ab725c368d99d5d7a5a50aab80c6?s=96&d=mm&r=g","url":"https:\/\/secure.gravatar.com\/avatar\/7ca3206950207cc3cb48feec56a8a7898741ab725c368d99d5d7a5a50aab80c6?s=96&d=mm&r=g","contentUrl":"https:\/\/secure.gravatar.com\/avatar\/7ca3206950207cc3cb48feec56a8a7898741ab725c368d99d5d7a5a50aab80c6?s=96&d=mm&r=g","caption":"Thales Brand\u00e3o"},"description":"Editor Executivo do Portal CidadeMarketing.com.br &gt; Mestre em Comunica\u00e7\u00e3o e Sociedade pela Universidade Federal de Sergipe. Possui MBA Executivo em Administra\u00e7\u00e3o com \u00eanfase em Marketing pela Funda\u00e7\u00e3o Get\u00falio Vargas - Rio de Janeiro. Consultor, Palestrante e Pesquisador sobre Empreendedorismo, Marketing, Redes Sociais e Neg\u00f3cios Digitais. Professor, Palestrante TedxTalks e Campus Party. Twitter: @ThalesBrandao","sameAs":["http:\/\/www.mandacaru.com.br","https:\/\/www.facebook.com\/thalesbrandao","http:\/\/www.instagram.com.br\/thalesbrandaoferreira","https:\/\/www.linkedin.com\/in\/thales-brand\u00e3o-3948609\/","https:\/\/x.com\/http:\/\/www.twitter.com\/thalesbrandao"],"url":"https:\/\/www.cidademarketing.com.br\/marketing\/author\/thalesbrandao\/"}]}},"amp_enabled":true,"_links":{"self":[{"href":"https:\/\/www.cidademarketing.com.br\/marketing\/wp-json\/wp\/v2\/posts\/49038","targetHints":{"allow":["GET"]}}],"collection":[{"href":"https:\/\/www.cidademarketing.com.br\/marketing\/wp-json\/wp\/v2\/posts"}],"about":[{"href":"https:\/\/www.cidademarketing.com.br\/marketing\/wp-json\/wp\/v2\/types\/post"}],"author":[{"embeddable":true,"href":"https:\/\/www.cidademarketing.com.br\/marketing\/wp-json\/wp\/v2\/users\/1"}],"replies":[{"embeddable":true,"href":"https:\/\/www.cidademarketing.com.br\/marketing\/wp-json\/wp\/v2\/comments?post=49038"}],"version-history":[{"count":2,"href":"https:\/\/www.cidademarketing.com.br\/marketing\/wp-json\/wp\/v2\/posts\/49038\/revisions"}],"predecessor-version":[{"id":49042,"href":"https:\/\/www.cidademarketing.com.br\/marketing\/wp-json\/wp\/v2\/posts\/49038\/revisions\/49042"}],"wp:featuredmedia":[{"embeddable":true,"href":"https:\/\/www.cidademarketing.com.br\/marketing\/wp-json\/wp\/v2\/media\/49039"}],"wp:attachment":[{"href":"https:\/\/www.cidademarketing.com.br\/marketing\/wp-json\/wp\/v2\/media?parent=49038"}],"wp:term":[{"taxonomy":"category","embeddable":true,"href":"https:\/\/www.cidademarketing.com.br\/marketing\/wp-json\/wp\/v2\/categories?post=49038"},{"taxonomy":"post_tag","embeddable":true,"href":"https:\/\/www.cidademarketing.com.br\/marketing\/wp-json\/wp\/v2\/tags?post=49038"}],"curies":[{"name":"wp","href":"https:\/\/api.w.org\/{rel}","templated":true}]}}