{"id":48989,"date":"2023-11-29T23:28:12","date_gmt":"2023-11-30T02:28:12","guid":{"rendered":"https:\/\/www.cidademarketing.com.br\/marketing\/?p=48989"},"modified":"2023-11-29T23:28:12","modified_gmt":"2023-11-30T02:28:12","slug":"marlene-mattos-e-a-nova-contratacao-na-redetv","status":"publish","type":"post","link":"https:\/\/www.cidademarketing.com.br\/marketing\/2023\/11\/29\/marlene-mattos-e-a-nova-contratacao-na-redetv\/","title":{"rendered":"Marlene Mattos \u00e9 a nova contrata\u00e7\u00e3o na RedeTV!"},"content":{"rendered":"<p>A RedeTV! anuncia a contrata\u00e7\u00e3o de Marlene Mattos. Conhecida por sua ampla trajet\u00f3ria no mercado de produ\u00e7\u00e3o audiovisual, Marlene chega \u00e0 emissora para assinar a dire\u00e7\u00e3o do programa dominical de Geraldo Lu\u00eds, o \u2018Geral do Povo\u2019, que estrear\u00e1 no dia 7 de janeiro de 2024.<\/p>\n<p><a href=\"https:\/\/www.cidademarketing.com.br\/marketing\/sua-marca-vai-virar-noticia\/\" target=\"_blank\" rel=\"noopener\"><img fetchpriority=\"high\" decoding=\"async\" class=\"wp-image-44329 aligncenter\" src=\"https:\/\/www.cidademarketing.com.br\/marketing\/wp-content\/uploads\/2023\/04\/cidademarketing_backlinks_marketingdigital_publieditorial_.png\" alt=\"\" width=\"500\" height=\"500\" \/><\/a><br \/>\nEmpres\u00e1ria, produtora e diretora de televis\u00e3o, Marlene Mattos possui uma carreira que se estende por mais de tr\u00eas d\u00e9cadas. Sua jornada na televis\u00e3o inclui passagens pelas principais redes do pa\u00eds, como TV Manchete, Band, SBT e uma perman\u00eancia de 25 anos na TV Globo, onde come\u00e7ou como assistente administrativa do \u2018S\u00edtio do Picapau Amarelo\u2019. Na mesma emissora, atuou como diretora de n\u00facleo do \u2018Mais Voc\u00ea\u2019 e \u2018Caldeir\u00e3o do Huck\u2019, produziu e dirigiu \u2018Jovens Tardes\u2019 e todos os programas apresentados por Xuxa Meneghel, de quem tamb\u00e9m foi empres\u00e1ria.<\/p>\n<p>Em 2003, Marlene Mattos fundou sua pr\u00f3pria empresa de agenciamento art\u00edstico e, desde ent\u00e3o, tem se dedicado ao direcionamento de carreiras de personalidades e atletas.<\/p>\n<p>\u201cDurante todos esses anos de televis\u00e3o posso afirmar que em tudo o que fiz e fa\u00e7o tenho a paix\u00e3o como companheira. Ela que desperta a garra que me \u00e9 peculiar. No livro, que lan\u00e7arei em breve, conto um pouco da minha hist\u00f3ria pessoal e profissional, e comento sobre esse \u2018trem sem freio\u2019 que habita em mim, da minha paix\u00e3o por criar. Lendo o que j\u00e1 est\u00e1 escrito, senti falta de algo que fizesse meu esp\u00edrito de competidora feliz, ent\u00e3o o convite da RedeTV! e do Geraldo Lu\u00eds, a quem sempre admirei e tive carinho pelo contador de hist\u00f3rias que \u00e9, chegou na hora certa e \u2018desencarrilhou esse vag\u00e3o inventivo\u2019. Minha experi\u00eancia aliada \u00e0 for\u00e7a dos meus 73 anos bem vividos v\u00e3o me ajudar a motivar uma equipe de produ\u00e7\u00e3o para um trabalho comprometido, sobretudo em levar ao ar o melhor do Geraldo Lu\u00eds para o seu p\u00fablico\u201d, afirma Marlene.<\/p>\n<p>Com dire\u00e7\u00e3o-geral de Marlene Mattos e patroc\u00ednio master da linha de produtos e vitaminas Sidney Oliveira, o \u2018Geral do Povo\u2019 promete emocionar, envolver e inspirar o telespectador. Embalado por hist\u00f3rias reais, Geraldo Lu\u00eds trar\u00e1 para a TV aberta um domingo repleto de alegria e emo\u00e7\u00e3o, dedicado ao povo brasileiro. A cada edi\u00e7\u00e3o, o p\u00fablico acompanhar\u00e1 um programa diferente, com muitas surpresas, novidades e divers\u00e3o para toda a fam\u00edlia.<\/p>\n<p><iframe title=\"Spotify Embed: Podcast CidadeMarketing\" style=\"border-radius: 12px\" width=\"100%\" height=\"152\" frameborder=\"0\" allowfullscreen allow=\"autoplay; clipboard-write; encrypted-media; fullscreen; picture-in-picture\" loading=\"lazy\" src=\"https:\/\/open.spotify.com\/embed\/show\/4khMKzP3FgFRWVwb73xicc?si=252fe5bff2b34909&#038;utm_source=oembed\"><\/iframe><\/p>\n<p>&nbsp;<\/p>\n<p>\u201cEstou voltando aos domingos, Brasil! Vou come\u00e7ar o ano encontrando o meu povo e contando hist\u00f3rias reais. Com Marlene Mattos faremos, em equipe, um domingo para a fam\u00edlia, com muita emo\u00e7\u00e3o e divers\u00e3o. Marlene sabe de televis\u00e3o e acredita neste meu retorno aos domingos na RedeTV!. Vamos fazer juntos o que o povo est\u00e1 esperando\u201d, destaca Geraldo Lu\u00eds.<\/p>\n","protected":false},"excerpt":{"rendered":"<p>A RedeTV! anuncia a contrata\u00e7\u00e3o de Marlene Mattos. Conhecida por sua ampla trajet\u00f3ria no mercado de produ\u00e7\u00e3o audiovisual, Marlene chega \u00e0 emissora para assinar a dire\u00e7\u00e3o do programa dominical de Geraldo Lu\u00eds, o \u2018Geral do Povo\u2019, que estrear\u00e1 no dia 7 de janeiro de 2024. Empres\u00e1ria, produtora e diretora de televis\u00e3o, Marlene Mattos possui uma [&hellip;]<\/p>\n","protected":false},"author":1,"featured_media":48990,"comment_status":"open","ping_status":"open","sticky":false,"template":"","format":"standard","meta":{"tdm_status":"","tdm_grid_status":"","footnotes":""},"categories":[6],"tags":[251,6531,33,39,28,6532,282,3260],"class_list":["post-48989","post","type-post","status-publish","format-standard","has-post-thumbnail","hentry","category-noticias","tag-carreira","tag-contratacao","tag-estrategia","tag-investimento","tag-marketing","tag-marlene-mattos","tag-pessoas","tag-redetv"],"yoast_head":"<!-- This site is optimized with the Yoast SEO plugin v27.5 - https:\/\/yoast.com\/product\/yoast-seo-wordpress\/ -->\n<title>Marlene Mattos \u00e9 a nova contrata\u00e7\u00e3o na RedeTV! - CidadeMarketing<\/title>\n<meta name=\"robots\" content=\"index, follow, max-snippet:-1, max-image-preview:large, max-video-preview:-1\" \/>\n<link rel=\"canonical\" href=\"https:\/\/www.cidademarketing.com.br\/marketing\/2023\/11\/29\/marlene-mattos-e-a-nova-contratacao-na-redetv\/\" \/>\n<meta property=\"og:locale\" content=\"pt_BR\" \/>\n<meta property=\"og:type\" content=\"article\" \/>\n<meta property=\"og:title\" content=\"Marlene Mattos \u00e9 a nova contrata\u00e7\u00e3o na RedeTV! - CidadeMarketing\" \/>\n<meta property=\"og:description\" content=\"A RedeTV! anuncia a contrata\u00e7\u00e3o de Marlene Mattos. Conhecida por sua ampla trajet\u00f3ria no mercado de produ\u00e7\u00e3o audiovisual, Marlene chega \u00e0 emissora para assinar a dire\u00e7\u00e3o do programa dominical de Geraldo Lu\u00eds, o \u2018Geral do Povo\u2019, que estrear\u00e1 no dia 7 de janeiro de 2024. Empres\u00e1ria, produtora e diretora de televis\u00e3o, Marlene Mattos possui uma [&hellip;]\" \/>\n<meta property=\"og:url\" content=\"https:\/\/www.cidademarketing.com.br\/marketing\/2023\/11\/29\/marlene-mattos-e-a-nova-contratacao-na-redetv\/\" \/>\n<meta property=\"og:site_name\" content=\"CidadeMarketing\" \/>\n<meta property=\"article:publisher\" content=\"https:\/\/www.facebook.com\/portalcidademarketing\" \/>\n<meta property=\"article:author\" content=\"https:\/\/www.facebook.com\/thalesbrandao\" \/>\n<meta property=\"article:published_time\" content=\"2023-11-30T02:28:12+00:00\" \/>\n<meta property=\"og:image\" content=\"https:\/\/www.cidademarketing.com.br\/marketing\/wp-content\/uploads\/2023\/11\/marlene_matos_redetv.jpg\" \/>\n\t<meta property=\"og:image:width\" content=\"876\" \/>\n\t<meta property=\"og:image:height\" content=\"1013\" \/>\n\t<meta property=\"og:image:type\" content=\"image\/jpeg\" \/>\n<meta name=\"author\" content=\"Thales Brand\u00e3o\" \/>\n<meta name=\"twitter:card\" content=\"summary_large_image\" \/>\n<meta name=\"twitter:creator\" content=\"@http:\/\/www.twitter.com\/thalesbrandao\" \/>\n<meta name=\"twitter:site\" content=\"@CidadeMarketing\" \/>\n<meta name=\"twitter:label1\" content=\"Escrito por\" \/>\n\t<meta name=\"twitter:data1\" content=\"Thales Brand\u00e3o\" \/>\n\t<meta name=\"twitter:label2\" content=\"Est. tempo de leitura\" \/>\n\t<meta name=\"twitter:data2\" content=\"2 minutos\" \/>\n<script type=\"application\/ld+json\" class=\"yoast-schema-graph\">{\"@context\":\"https:\\\/\\\/schema.org\",\"@graph\":[{\"@type\":\"Article\",\"@id\":\"https:\\\/\\\/www.cidademarketing.com.br\\\/marketing\\\/2023\\\/11\\\/29\\\/marlene-mattos-e-a-nova-contratacao-na-redetv\\\/#article\",\"isPartOf\":{\"@id\":\"https:\\\/\\\/www.cidademarketing.com.br\\\/marketing\\\/2023\\\/11\\\/29\\\/marlene-mattos-e-a-nova-contratacao-na-redetv\\\/\"},\"author\":{\"name\":\"Thales Brand\u00e3o\",\"@id\":\"https:\\\/\\\/www.cidademarketing.com.br\\\/marketing\\\/#\\\/schema\\\/person\\\/02daff9f18bd9378c9e01eb6b2db155f\"},\"headline\":\"Marlene Mattos \u00e9 a nova contrata\u00e7\u00e3o na RedeTV!\",\"datePublished\":\"2023-11-30T02:28:12+00:00\",\"mainEntityOfPage\":{\"@id\":\"https:\\\/\\\/www.cidademarketing.com.br\\\/marketing\\\/2023\\\/11\\\/29\\\/marlene-mattos-e-a-nova-contratacao-na-redetv\\\/\"},\"wordCount\":500,\"commentCount\":0,\"publisher\":{\"@id\":\"https:\\\/\\\/www.cidademarketing.com.br\\\/marketing\\\/#organization\"},\"image\":{\"@id\":\"https:\\\/\\\/www.cidademarketing.com.br\\\/marketing\\\/2023\\\/11\\\/29\\\/marlene-mattos-e-a-nova-contratacao-na-redetv\\\/#primaryimage\"},\"thumbnailUrl\":\"https:\\\/\\\/www.cidademarketing.com.br\\\/marketing\\\/wp-content\\\/uploads\\\/2023\\\/11\\\/marlene_matos_redetv.jpg\",\"keywords\":[\"carreira\",\"contrata\u00e7\u00e3o\",\"estrat\u00e9gia\",\"investimento\",\"marketing\",\"Marlene Mattos\",\"pessoas\",\"RedeTV!\"],\"articleSection\":[\"Not\u00edcias\"],\"inLanguage\":\"pt-BR\",\"potentialAction\":[{\"@type\":\"CommentAction\",\"name\":\"Comment\",\"target\":[\"https:\\\/\\\/www.cidademarketing.com.br\\\/marketing\\\/2023\\\/11\\\/29\\\/marlene-mattos-e-a-nova-contratacao-na-redetv\\\/#respond\"]}]},{\"@type\":\"WebPage\",\"@id\":\"https:\\\/\\\/www.cidademarketing.com.br\\\/marketing\\\/2023\\\/11\\\/29\\\/marlene-mattos-e-a-nova-contratacao-na-redetv\\\/\",\"url\":\"https:\\\/\\\/www.cidademarketing.com.br\\\/marketing\\\/2023\\\/11\\\/29\\\/marlene-mattos-e-a-nova-contratacao-na-redetv\\\/\",\"name\":\"Marlene Mattos \u00e9 a nova contrata\u00e7\u00e3o na RedeTV! - CidadeMarketing\",\"isPartOf\":{\"@id\":\"https:\\\/\\\/www.cidademarketing.com.br\\\/marketing\\\/#website\"},\"primaryImageOfPage\":{\"@id\":\"https:\\\/\\\/www.cidademarketing.com.br\\\/marketing\\\/2023\\\/11\\\/29\\\/marlene-mattos-e-a-nova-contratacao-na-redetv\\\/#primaryimage\"},\"image\":{\"@id\":\"https:\\\/\\\/www.cidademarketing.com.br\\\/marketing\\\/2023\\\/11\\\/29\\\/marlene-mattos-e-a-nova-contratacao-na-redetv\\\/#primaryimage\"},\"thumbnailUrl\":\"https:\\\/\\\/www.cidademarketing.com.br\\\/marketing\\\/wp-content\\\/uploads\\\/2023\\\/11\\\/marlene_matos_redetv.jpg\",\"datePublished\":\"2023-11-30T02:28:12+00:00\",\"breadcrumb\":{\"@id\":\"https:\\\/\\\/www.cidademarketing.com.br\\\/marketing\\\/2023\\\/11\\\/29\\\/marlene-mattos-e-a-nova-contratacao-na-redetv\\\/#breadcrumb\"},\"inLanguage\":\"pt-BR\",\"potentialAction\":[{\"@type\":\"ReadAction\",\"target\":[\"https:\\\/\\\/www.cidademarketing.com.br\\\/marketing\\\/2023\\\/11\\\/29\\\/marlene-mattos-e-a-nova-contratacao-na-redetv\\\/\"]}]},{\"@type\":\"ImageObject\",\"inLanguage\":\"pt-BR\",\"@id\":\"https:\\\/\\\/www.cidademarketing.com.br\\\/marketing\\\/2023\\\/11\\\/29\\\/marlene-mattos-e-a-nova-contratacao-na-redetv\\\/#primaryimage\",\"url\":\"https:\\\/\\\/www.cidademarketing.com.br\\\/marketing\\\/wp-content\\\/uploads\\\/2023\\\/11\\\/marlene_matos_redetv.jpg\",\"contentUrl\":\"https:\\\/\\\/www.cidademarketing.com.br\\\/marketing\\\/wp-content\\\/uploads\\\/2023\\\/11\\\/marlene_matos_redetv.jpg\",\"width\":876,\"height\":1013,\"caption\":\"Divulga\u00e7\u00e3o\"},{\"@type\":\"BreadcrumbList\",\"@id\":\"https:\\\/\\\/www.cidademarketing.com.br\\\/marketing\\\/2023\\\/11\\\/29\\\/marlene-mattos-e-a-nova-contratacao-na-redetv\\\/#breadcrumb\",\"itemListElement\":[{\"@type\":\"ListItem\",\"position\":1,\"name\":\"In\u00edcio\",\"item\":\"https:\\\/\\\/www.cidademarketing.com.br\\\/marketing\\\/\"},{\"@type\":\"ListItem\",\"position\":2,\"name\":\"Marlene Mattos \u00e9 a nova contrata\u00e7\u00e3o na RedeTV!\"}]},{\"@type\":\"WebSite\",\"@id\":\"https:\\\/\\\/www.cidademarketing.com.br\\\/marketing\\\/#website\",\"url\":\"https:\\\/\\\/www.cidademarketing.com.br\\\/marketing\\\/\",\"name\":\"CidadeMarketing\",\"description\":\"Somos um ve\u00edculo de comunica\u00e7\u00e3o de destaque no Brasil, reconhecido por conte\u00fados nos segmentos de marketing, empreendedorismo e inova\u00e7\u00e3o.\",\"publisher\":{\"@id\":\"https:\\\/\\\/www.cidademarketing.com.br\\\/marketing\\\/#organization\"},\"alternateName\":\"CidadeMarketing\",\"potentialAction\":[{\"@type\":\"SearchAction\",\"target\":{\"@type\":\"EntryPoint\",\"urlTemplate\":\"https:\\\/\\\/www.cidademarketing.com.br\\\/marketing\\\/?s={search_term_string}\"},\"query-input\":{\"@type\":\"PropertyValueSpecification\",\"valueRequired\":true,\"valueName\":\"search_term_string\"}}],\"inLanguage\":\"pt-BR\"},{\"@type\":\"Organization\",\"@id\":\"https:\\\/\\\/www.cidademarketing.com.br\\\/marketing\\\/#organization\",\"name\":\"CidadeMarketing\",\"alternateName\":\"CidadeMarketing\",\"url\":\"https:\\\/\\\/www.cidademarketing.com.br\\\/marketing\\\/\",\"logo\":{\"@type\":\"ImageObject\",\"inLanguage\":\"pt-BR\",\"@id\":\"https:\\\/\\\/www.cidademarketing.com.br\\\/marketing\\\/#\\\/schema\\\/logo\\\/image\\\/\",\"url\":\"https:\\\/\\\/www.cidademarketing.com.br\\\/marketing\\\/wp-content\\\/uploads\\\/2020\\\/01\\\/cidademarketing_marca_mobile.png\",\"contentUrl\":\"https:\\\/\\\/www.cidademarketing.com.br\\\/marketing\\\/wp-content\\\/uploads\\\/2020\\\/01\\\/cidademarketing_marca_mobile.png\",\"width\":230,\"height\":92,\"caption\":\"CidadeMarketing\"},\"image\":{\"@id\":\"https:\\\/\\\/www.cidademarketing.com.br\\\/marketing\\\/#\\\/schema\\\/logo\\\/image\\\/\"},\"sameAs\":[\"https:\\\/\\\/www.facebook.com\\\/portalcidademarketing\",\"https:\\\/\\\/x.com\\\/CidadeMarketing\",\"https:\\\/\\\/www.instagram.com\\\/cidademarketing\\\/\"]},{\"@type\":\"Person\",\"@id\":\"https:\\\/\\\/www.cidademarketing.com.br\\\/marketing\\\/#\\\/schema\\\/person\\\/02daff9f18bd9378c9e01eb6b2db155f\",\"name\":\"Thales Brand\u00e3o\",\"image\":{\"@type\":\"ImageObject\",\"inLanguage\":\"pt-BR\",\"@id\":\"https:\\\/\\\/secure.gravatar.com\\\/avatar\\\/7ca3206950207cc3cb48feec56a8a7898741ab725c368d99d5d7a5a50aab80c6?s=96&d=mm&r=g\",\"url\":\"https:\\\/\\\/secure.gravatar.com\\\/avatar\\\/7ca3206950207cc3cb48feec56a8a7898741ab725c368d99d5d7a5a50aab80c6?s=96&d=mm&r=g\",\"contentUrl\":\"https:\\\/\\\/secure.gravatar.com\\\/avatar\\\/7ca3206950207cc3cb48feec56a8a7898741ab725c368d99d5d7a5a50aab80c6?s=96&d=mm&r=g\",\"caption\":\"Thales Brand\u00e3o\"},\"description\":\"Editor Executivo do Portal CidadeMarketing.com.br &gt; Mestre em Comunica\u00e7\u00e3o e Sociedade pela Universidade Federal de Sergipe. Possui MBA Executivo em Administra\u00e7\u00e3o com \u00eanfase em Marketing pela Funda\u00e7\u00e3o Get\u00falio Vargas - Rio de Janeiro. Consultor, Palestrante e Pesquisador sobre Empreendedorismo, Marketing, Redes Sociais e Neg\u00f3cios Digitais. Professor, Palestrante TedxTalks e Campus Party. Twitter: @ThalesBrandao\",\"sameAs\":[\"http:\\\/\\\/www.mandacaru.com.br\",\"https:\\\/\\\/www.facebook.com\\\/thalesbrandao\",\"http:\\\/\\\/www.instagram.com.br\\\/thalesbrandaoferreira\",\"https:\\\/\\\/www.linkedin.com\\\/in\\\/thales-brand\u00e3o-3948609\\\/\",\"https:\\\/\\\/x.com\\\/http:\\\/\\\/www.twitter.com\\\/thalesbrandao\"],\"url\":\"https:\\\/\\\/www.cidademarketing.com.br\\\/marketing\\\/author\\\/thalesbrandao\\\/\"}]}<\/script>\n<!-- \/ Yoast SEO plugin. -->","yoast_head_json":{"title":"Marlene Mattos \u00e9 a nova contrata\u00e7\u00e3o na RedeTV! - CidadeMarketing","robots":{"index":"index","follow":"follow","max-snippet":"max-snippet:-1","max-image-preview":"max-image-preview:large","max-video-preview":"max-video-preview:-1"},"canonical":"https:\/\/www.cidademarketing.com.br\/marketing\/2023\/11\/29\/marlene-mattos-e-a-nova-contratacao-na-redetv\/","og_locale":"pt_BR","og_type":"article","og_title":"Marlene Mattos \u00e9 a nova contrata\u00e7\u00e3o na RedeTV! - CidadeMarketing","og_description":"A RedeTV! anuncia a contrata\u00e7\u00e3o de Marlene Mattos. Conhecida por sua ampla trajet\u00f3ria no mercado de produ\u00e7\u00e3o audiovisual, Marlene chega \u00e0 emissora para assinar a dire\u00e7\u00e3o do programa dominical de Geraldo Lu\u00eds, o \u2018Geral do Povo\u2019, que estrear\u00e1 no dia 7 de janeiro de 2024. Empres\u00e1ria, produtora e diretora de televis\u00e3o, Marlene Mattos possui uma [&hellip;]","og_url":"https:\/\/www.cidademarketing.com.br\/marketing\/2023\/11\/29\/marlene-mattos-e-a-nova-contratacao-na-redetv\/","og_site_name":"CidadeMarketing","article_publisher":"https:\/\/www.facebook.com\/portalcidademarketing","article_author":"https:\/\/www.facebook.com\/thalesbrandao","article_published_time":"2023-11-30T02:28:12+00:00","og_image":[{"width":876,"height":1013,"url":"https:\/\/www.cidademarketing.com.br\/marketing\/wp-content\/uploads\/2023\/11\/marlene_matos_redetv.jpg","type":"image\/jpeg"}],"author":"Thales Brand\u00e3o","twitter_card":"summary_large_image","twitter_creator":"@http:\/\/www.twitter.com\/thalesbrandao","twitter_site":"@CidadeMarketing","twitter_misc":{"Escrito por":"Thales Brand\u00e3o","Est. tempo de leitura":"2 minutos"},"schema":{"@context":"https:\/\/schema.org","@graph":[{"@type":"Article","@id":"https:\/\/www.cidademarketing.com.br\/marketing\/2023\/11\/29\/marlene-mattos-e-a-nova-contratacao-na-redetv\/#article","isPartOf":{"@id":"https:\/\/www.cidademarketing.com.br\/marketing\/2023\/11\/29\/marlene-mattos-e-a-nova-contratacao-na-redetv\/"},"author":{"name":"Thales Brand\u00e3o","@id":"https:\/\/www.cidademarketing.com.br\/marketing\/#\/schema\/person\/02daff9f18bd9378c9e01eb6b2db155f"},"headline":"Marlene Mattos \u00e9 a nova contrata\u00e7\u00e3o na RedeTV!","datePublished":"2023-11-30T02:28:12+00:00","mainEntityOfPage":{"@id":"https:\/\/www.cidademarketing.com.br\/marketing\/2023\/11\/29\/marlene-mattos-e-a-nova-contratacao-na-redetv\/"},"wordCount":500,"commentCount":0,"publisher":{"@id":"https:\/\/www.cidademarketing.com.br\/marketing\/#organization"},"image":{"@id":"https:\/\/www.cidademarketing.com.br\/marketing\/2023\/11\/29\/marlene-mattos-e-a-nova-contratacao-na-redetv\/#primaryimage"},"thumbnailUrl":"https:\/\/www.cidademarketing.com.br\/marketing\/wp-content\/uploads\/2023\/11\/marlene_matos_redetv.jpg","keywords":["carreira","contrata\u00e7\u00e3o","estrat\u00e9gia","investimento","marketing","Marlene Mattos","pessoas","RedeTV!"],"articleSection":["Not\u00edcias"],"inLanguage":"pt-BR","potentialAction":[{"@type":"CommentAction","name":"Comment","target":["https:\/\/www.cidademarketing.com.br\/marketing\/2023\/11\/29\/marlene-mattos-e-a-nova-contratacao-na-redetv\/#respond"]}]},{"@type":"WebPage","@id":"https:\/\/www.cidademarketing.com.br\/marketing\/2023\/11\/29\/marlene-mattos-e-a-nova-contratacao-na-redetv\/","url":"https:\/\/www.cidademarketing.com.br\/marketing\/2023\/11\/29\/marlene-mattos-e-a-nova-contratacao-na-redetv\/","name":"Marlene Mattos \u00e9 a nova contrata\u00e7\u00e3o na RedeTV! - CidadeMarketing","isPartOf":{"@id":"https:\/\/www.cidademarketing.com.br\/marketing\/#website"},"primaryImageOfPage":{"@id":"https:\/\/www.cidademarketing.com.br\/marketing\/2023\/11\/29\/marlene-mattos-e-a-nova-contratacao-na-redetv\/#primaryimage"},"image":{"@id":"https:\/\/www.cidademarketing.com.br\/marketing\/2023\/11\/29\/marlene-mattos-e-a-nova-contratacao-na-redetv\/#primaryimage"},"thumbnailUrl":"https:\/\/www.cidademarketing.com.br\/marketing\/wp-content\/uploads\/2023\/11\/marlene_matos_redetv.jpg","datePublished":"2023-11-30T02:28:12+00:00","breadcrumb":{"@id":"https:\/\/www.cidademarketing.com.br\/marketing\/2023\/11\/29\/marlene-mattos-e-a-nova-contratacao-na-redetv\/#breadcrumb"},"inLanguage":"pt-BR","potentialAction":[{"@type":"ReadAction","target":["https:\/\/www.cidademarketing.com.br\/marketing\/2023\/11\/29\/marlene-mattos-e-a-nova-contratacao-na-redetv\/"]}]},{"@type":"ImageObject","inLanguage":"pt-BR","@id":"https:\/\/www.cidademarketing.com.br\/marketing\/2023\/11\/29\/marlene-mattos-e-a-nova-contratacao-na-redetv\/#primaryimage","url":"https:\/\/www.cidademarketing.com.br\/marketing\/wp-content\/uploads\/2023\/11\/marlene_matos_redetv.jpg","contentUrl":"https:\/\/www.cidademarketing.com.br\/marketing\/wp-content\/uploads\/2023\/11\/marlene_matos_redetv.jpg","width":876,"height":1013,"caption":"Divulga\u00e7\u00e3o"},{"@type":"BreadcrumbList","@id":"https:\/\/www.cidademarketing.com.br\/marketing\/2023\/11\/29\/marlene-mattos-e-a-nova-contratacao-na-redetv\/#breadcrumb","itemListElement":[{"@type":"ListItem","position":1,"name":"In\u00edcio","item":"https:\/\/www.cidademarketing.com.br\/marketing\/"},{"@type":"ListItem","position":2,"name":"Marlene Mattos \u00e9 a nova contrata\u00e7\u00e3o na RedeTV!"}]},{"@type":"WebSite","@id":"https:\/\/www.cidademarketing.com.br\/marketing\/#website","url":"https:\/\/www.cidademarketing.com.br\/marketing\/","name":"CidadeMarketing","description":"Somos um ve\u00edculo de comunica\u00e7\u00e3o de destaque no Brasil, reconhecido por conte\u00fados nos segmentos de marketing, empreendedorismo e inova\u00e7\u00e3o.","publisher":{"@id":"https:\/\/www.cidademarketing.com.br\/marketing\/#organization"},"alternateName":"CidadeMarketing","potentialAction":[{"@type":"SearchAction","target":{"@type":"EntryPoint","urlTemplate":"https:\/\/www.cidademarketing.com.br\/marketing\/?s={search_term_string}"},"query-input":{"@type":"PropertyValueSpecification","valueRequired":true,"valueName":"search_term_string"}}],"inLanguage":"pt-BR"},{"@type":"Organization","@id":"https:\/\/www.cidademarketing.com.br\/marketing\/#organization","name":"CidadeMarketing","alternateName":"CidadeMarketing","url":"https:\/\/www.cidademarketing.com.br\/marketing\/","logo":{"@type":"ImageObject","inLanguage":"pt-BR","@id":"https:\/\/www.cidademarketing.com.br\/marketing\/#\/schema\/logo\/image\/","url":"https:\/\/www.cidademarketing.com.br\/marketing\/wp-content\/uploads\/2020\/01\/cidademarketing_marca_mobile.png","contentUrl":"https:\/\/www.cidademarketing.com.br\/marketing\/wp-content\/uploads\/2020\/01\/cidademarketing_marca_mobile.png","width":230,"height":92,"caption":"CidadeMarketing"},"image":{"@id":"https:\/\/www.cidademarketing.com.br\/marketing\/#\/schema\/logo\/image\/"},"sameAs":["https:\/\/www.facebook.com\/portalcidademarketing","https:\/\/x.com\/CidadeMarketing","https:\/\/www.instagram.com\/cidademarketing\/"]},{"@type":"Person","@id":"https:\/\/www.cidademarketing.com.br\/marketing\/#\/schema\/person\/02daff9f18bd9378c9e01eb6b2db155f","name":"Thales Brand\u00e3o","image":{"@type":"ImageObject","inLanguage":"pt-BR","@id":"https:\/\/secure.gravatar.com\/avatar\/7ca3206950207cc3cb48feec56a8a7898741ab725c368d99d5d7a5a50aab80c6?s=96&d=mm&r=g","url":"https:\/\/secure.gravatar.com\/avatar\/7ca3206950207cc3cb48feec56a8a7898741ab725c368d99d5d7a5a50aab80c6?s=96&d=mm&r=g","contentUrl":"https:\/\/secure.gravatar.com\/avatar\/7ca3206950207cc3cb48feec56a8a7898741ab725c368d99d5d7a5a50aab80c6?s=96&d=mm&r=g","caption":"Thales Brand\u00e3o"},"description":"Editor Executivo do Portal CidadeMarketing.com.br &gt; Mestre em Comunica\u00e7\u00e3o e Sociedade pela Universidade Federal de Sergipe. Possui MBA Executivo em Administra\u00e7\u00e3o com \u00eanfase em Marketing pela Funda\u00e7\u00e3o Get\u00falio Vargas - Rio de Janeiro. Consultor, Palestrante e Pesquisador sobre Empreendedorismo, Marketing, Redes Sociais e Neg\u00f3cios Digitais. Professor, Palestrante TedxTalks e Campus Party. Twitter: @ThalesBrandao","sameAs":["http:\/\/www.mandacaru.com.br","https:\/\/www.facebook.com\/thalesbrandao","http:\/\/www.instagram.com.br\/thalesbrandaoferreira","https:\/\/www.linkedin.com\/in\/thales-brand\u00e3o-3948609\/","https:\/\/x.com\/http:\/\/www.twitter.com\/thalesbrandao"],"url":"https:\/\/www.cidademarketing.com.br\/marketing\/author\/thalesbrandao\/"}]}},"amp_enabled":true,"_links":{"self":[{"href":"https:\/\/www.cidademarketing.com.br\/marketing\/wp-json\/wp\/v2\/posts\/48989","targetHints":{"allow":["GET"]}}],"collection":[{"href":"https:\/\/www.cidademarketing.com.br\/marketing\/wp-json\/wp\/v2\/posts"}],"about":[{"href":"https:\/\/www.cidademarketing.com.br\/marketing\/wp-json\/wp\/v2\/types\/post"}],"author":[{"embeddable":true,"href":"https:\/\/www.cidademarketing.com.br\/marketing\/wp-json\/wp\/v2\/users\/1"}],"replies":[{"embeddable":true,"href":"https:\/\/www.cidademarketing.com.br\/marketing\/wp-json\/wp\/v2\/comments?post=48989"}],"version-history":[{"count":1,"href":"https:\/\/www.cidademarketing.com.br\/marketing\/wp-json\/wp\/v2\/posts\/48989\/revisions"}],"predecessor-version":[{"id":48991,"href":"https:\/\/www.cidademarketing.com.br\/marketing\/wp-json\/wp\/v2\/posts\/48989\/revisions\/48991"}],"wp:featuredmedia":[{"embeddable":true,"href":"https:\/\/www.cidademarketing.com.br\/marketing\/wp-json\/wp\/v2\/media\/48990"}],"wp:attachment":[{"href":"https:\/\/www.cidademarketing.com.br\/marketing\/wp-json\/wp\/v2\/media?parent=48989"}],"wp:term":[{"taxonomy":"category","embeddable":true,"href":"https:\/\/www.cidademarketing.com.br\/marketing\/wp-json\/wp\/v2\/categories?post=48989"},{"taxonomy":"post_tag","embeddable":true,"href":"https:\/\/www.cidademarketing.com.br\/marketing\/wp-json\/wp\/v2\/tags?post=48989"}],"curies":[{"name":"wp","href":"https:\/\/api.w.org\/{rel}","templated":true}]}}