{"id":48904,"date":"2023-11-23T23:29:35","date_gmt":"2023-11-24T02:29:35","guid":{"rendered":"https:\/\/www.cidademarketing.com.br\/marketing\/?p=48904"},"modified":"2023-11-23T23:29:35","modified_gmt":"2023-11-24T02:29:35","slug":"chevrolet-entra-em-clima-de-black-friday-com-descontos-de-ate-r-38-mil","status":"publish","type":"post","link":"https:\/\/www.cidademarketing.com.br\/marketing\/2023\/11\/23\/chevrolet-entra-em-clima-de-black-friday-com-descontos-de-ate-r-38-mil\/","title":{"rendered":"Chevrolet entra em clima de Black Friday com descontos de at\u00e9 R$ 38 mil"},"content":{"rendered":"<p>A Chevrolet selecionou um lote especial de ve\u00edculos para aplicar descontos como parte de sua campanha promocional para a Black Friday \u2013 a maior j\u00e1 realizada no setor automotivo, na Am\u00e9rica do Sul. As ofertas contam com modelos zero km como Onix, Onix Plus, Montana, Tracker, S10 e Trailblazer, com descontos que podem chegar a R$ 38 mil dependendo da regi\u00e3o. \u00c9 o caso da S10 na cidade de S\u00e3o Paulo, que de R$ 267.450 sai por R$ 229.205 na Black Friday. Al\u00e9m dos pre\u00e7os especiais, a marca ainda est\u00e1 oferecendo um plano de financiamento com entrada a partir de 30% do valor total do ve\u00edculo, prazos de at\u00e9 60 meses e taxas a partir de zero.<\/p>\n<p><a href=\"https:\/\/www.cidademarketing.com.br\/marketing\/sua-marca-vai-virar-noticia\/\" target=\"_blank\" rel=\"noopener\"><img fetchpriority=\"high\" decoding=\"async\" class=\"wp-image-44329 aligncenter\" src=\"https:\/\/www.cidademarketing.com.br\/marketing\/wp-content\/uploads\/2023\/04\/cidademarketing_backlinks_marketingdigital_publieditorial_.png\" alt=\"\" width=\"500\" height=\"500\" \/><\/a><br \/>\nOs ve\u00edculos com pre\u00e7os especiais j\u00e1 est\u00e3o dispon\u00edveis para compra pelo marketplace da GM, plataforma digital que permite que o consumidor tenha acesso ao invent\u00e1rio de ve\u00edculos dispon\u00edveis nas concession\u00e1rias, e inicie seu processo de compra online. Para acessar as ofertas, basta entrar no <a href=\"https:\/\/www.chevrolet.com.br\/localizar-veiculos\" target=\"_blank\" rel=\"noopener\">site<\/a> e digitar o CEP para visualizar os valores dispon\u00edveis para sua regi\u00e3o.<\/p>\n<p>Chevrolet Fan Store<br \/>\nA Chevrolet Fan Store, loja oficial da marca e refer\u00eancia em estilo, hist\u00f3ria e lifestyle, tamb\u00e9m implementou uma campanha especial para a data, dispon\u00edvel at\u00e9 o dia 30\/11, com descontos que chegam a mais de 60% em seus produtos. Entram na promo\u00e7\u00e3o oito op\u00e7\u00f5es de bon\u00e9s, que v\u00e3o do estilo moderno ao cl\u00e1ssico, com tecido 100% algod\u00e3o, que saem por R$ 49,90 \u2013 os pre\u00e7os originais variavam de R$ 159,90 a R$ 99,90. Para adquirir ou saber mais informa\u00e7\u00f5es sobre os produtos com desconto, basta acessar o site da loja.<\/p>\n<p>Ativa\u00e7\u00f5es de comunica\u00e7\u00e3o<br \/>\n\u201cMega Black Friday Chevrolet: a maior Black Friday da Am\u00e9rica do Sul\u201d \u00e9 a assinatura da nova campanha da Chevrolet para essa que \u00e9 uma das datas mais importantes para o varejo \u2013 e muito aguardada pelos brasileiros. Criadas pela Commonwealth\/\/WMcCann, divis\u00e3o da WMcCann respons\u00e1vel pelo atendimento exclusivo \u00e0 Chevrolet, as pe\u00e7as ter\u00e3o desdobramentos sob a mesma identidade visual e estrat\u00e9gia de comunica\u00e7\u00e3o em sete pa\u00edses da Am\u00e9rica do Sul incluindo Brasil, Chile, Col\u00f4mbia, Equador, Paraguai, Uruguai e Peru. O objetivo da campanha \u00e9 comunicar os lotes com descontos exclusivos para essa data do varejo e refor\u00e7ar as oportunidades para que o p\u00fablico garanta seu Chevrolet zero km enquanto durarem os estoques.<\/p>\n<p>Vem Que Tem Chevrolet<br \/>\nComo parte da estrat\u00e9gia de m\u00eddia para a campanha, a Chevrolet ir\u00e1 patrocinar a 2\u00aa temporada do programa &#8220;Vem Que Tem\u201d, da Globo. Com apresenta\u00e7\u00e3o de F\u00e1bio Porchat e a participa\u00e7\u00e3o especial de Ta\u00eds Ara\u00fajo, esta ser\u00e1 uma oportunidade para a marca anunciar seus produtos e ofertas exclusivas da Black Friday.<\/p>\n<p>Durante a transmiss\u00e3o, que vai ao ar nesta quinta-feira, 23 de novembro, os participantes enfrentar\u00e3o uma corrida maluca repleta de obst\u00e1culos, todos relacionados ao universo automotivo, como limite de velocidade, placas e muito mais. Os vencedores da prova ganhar\u00e3o um ano de Chevrolet e os telespectadores ter\u00e3o \u00e0 disposi\u00e7\u00e3o cupons de desconto em QR Code, proporcionando uma experi\u00eancia shoppable, emocionante e interativa.<\/p>\n<p>Tracker invade Av. Paulista<br \/>\nJ\u00e1 imaginou um Chevrolet Tracker gigante invadindo a Av. Paulista? Em uma a\u00e7\u00e3o in\u00e9dita da Chevrolet, o carro ir\u00e1 escalar um pr\u00e9dio na mais famosa avenida de S\u00e3o Paulo para comunicar suas ofertas imperd\u00edveis criando uma experi\u00eancia que marcar\u00e1 a Mega Black Friday Chevrolet.<\/p>\n<p><iframe title=\"Spotify Embed: Podcast CidadeMarketing\" style=\"border-radius: 12px\" width=\"100%\" height=\"152\" frameborder=\"0\" allowfullscreen allow=\"autoplay; clipboard-write; encrypted-media; fullscreen; picture-in-picture\" loading=\"lazy\" src=\"https:\/\/open.spotify.com\/embed\/show\/4khMKzP3FgFRWVwb73xicc?si=252fe5bff2b34909&#038;utm_source=oembed\"><\/iframe><\/p>\n<p>&nbsp;<\/p>\n<p>As imagens do Tracker no pr\u00e9dio ic\u00f4nico s\u00e3o geradas por t\u00e9cnicas de computa\u00e7\u00e3o gr\u00e1fica, conhecida como CGI, e simula ativa\u00e7\u00f5es de OOH hiper-realistas, expandindo possibilidades de gera\u00e7\u00e3o de conte\u00fado para a Chevrolet. A a\u00e7\u00e3o \u00e9 assinada pela Commonwealth\/\/WMcCann.<\/p>\n<p><iframe title=\"Mega Black Friday Chevrolet\" width=\"640\" height=\"360\" src=\"https:\/\/www.youtube.com\/embed\/IrpOkWY1o24?feature=oembed\" frameborder=\"0\" allow=\"accelerometer; autoplay; clipboard-write; encrypted-media; gyroscope; picture-in-picture; web-share\" referrerpolicy=\"strict-origin-when-cross-origin\" allowfullscreen><\/iframe><\/p>\n<p>Ficha T\u00e9cnica Mega Black Friday Chevrolet &#8211; Campanha:<br \/>\nAg\u00eancia: Commonwealth\/\/WMcCann<br \/>\nCliente: General Motors<br \/>\nProduto: Varejo<br \/>\nNome da campanha: Mega Black Friday Chevrolet<br \/>\nTime do Cliente: Christianne Rego, Rodrigo Perencin e Diego Lima<br \/>\nCEO: Andr\u00e9 Fran\u00e7a<br \/>\nCCO: Hugo Rodrigues e Dani Ribeiro<br \/>\nVP executivo e diretor-geral da WMcCann SP: Vitor Lieff<br \/>\nDire\u00e7\u00e3o de Cria\u00e7\u00e3o: Caio Leska<br \/>\nCria\u00e7\u00e3o: Francisco Oliveira, Leonardo Mar\u00e7al, Gabriel Ripardo, Cecilia Braga, Nathalia Correia, Sabrina Santos e Vitoria Oliveira<br \/>\nCOO &amp; CSO: Renata Bokel<br \/>\nDiretor-geral do n\u00facleo de General Motors: Eduardo Cabral<br \/>\nPlanejamento: Luiz Angi e Ronaldo Carvalho<br \/>\nHead de conte\u00fado: Patr\u00edcia Colombo<br \/>\nConte\u00fado: Camila Paier, Karla Oliveira, Jennifer Marinho<br \/>\nAtendimento: Mariana Magalh\u00e3es, Ingrid Martins, Vit\u00f3ria Ara\u00fajo, Victoria Nakano e Dayana Silva<br \/>\nVP de M\u00eddia: Andreia Abud<br \/>\nM\u00eddia: Stella Martins, Gustavo Yassunaga, Tabita Maia, Gabriela Chaves, Yanca Oliveira, Regina Ponte, Sheila Porangaba, Bruna Motta, Rodney Jorge e Alexandre Hip\u00f3lito<br \/>\nBI: Felipe Borges, Marcela Quintilliano, Bruna Carvalho, Thiago Tiuzzi, Fabio Oliveira e Eduardo Faustino<br \/>\nDiretora Geral de Produ\u00e7\u00e3o: Camila Naito<br \/>\nProdu\u00e7\u00e3o Integrada: Monica Andrade, Giovanna Cioca, Mariana Resende, Pedro Cerqueira, Thais Carvalho, Paula Buttler<br \/>\nProdutora: Arizona<br \/>\nAtendimento: Luciana Ramos e Amanda Souza<br \/>\nCoordena\u00e7\u00e3o de P\u00f3s-produ\u00e7\u00e3o: Andreza Oliveira<br \/>\nFinaliza\u00e7\u00e3o: Guilherme Sclearuc<br \/>\nEdi\u00e7\u00e3o: Andr\u00e9 Silva<br \/>\nP\u00f3s-produ\u00e7\u00e3o: Arizona<br \/>\nProdutora de \u00c1udio: Comando S \u00c1udio<br \/>\nDiretor musical: Serginho Rezende<br \/>\nProdutor: Tiago Occilupo<br \/>\nFinaliza\u00e7\u00e3o: Equipe Comando S<br \/>\nAtendimento: Elis Pedroso e Andrea Barreto<br \/>\nLocu\u00e7\u00e3o: Camila Oliveira<br \/>\nProjetos: Deborah Peixoto<br \/>\nRela\u00e7\u00f5es P\u00fablicas: Kerena Neves e Giulia Camargo<br \/>\nFicha T\u00e9cnica CGI:<br \/>\nAg\u00eancia: Commonwealth\/\/WMcCann<br \/>\nCliente: General Motors<br \/>\nProduto: Varejo<br \/>\nNome da campanha: Mega Black Friday Chevrolet<br \/>\nTime do Cliente: Christianne Rego, Rodrigo Perencin e Diego Lima.<br \/>\nCEO: Andr\u00e9 Fran\u00e7a<br \/>\nCCO: Hugo Rodrigues e Dani Ribeiro<br \/>\nVP executivo e diretor-geral da WMcCann SP: Vitor Lieff<br \/>\nDire\u00e7\u00e3o de Cria\u00e7\u00e3o: Caio Leska<br \/>\nCria\u00e7\u00e3o: Francisco Oliveira, Leonardo Mar\u00e7al, Gabriel Ripardo, Cecilia Braga, Nathalia Correia, Sabrina Santos e Vitoria Oliveira<br \/>\nCOO &amp; CSO: Renata Bokel<br \/>\nDiretor-geral do n\u00facleo de General Motors: Eduardo Cabral<br \/>\nPlanejamento: Luiz Angi e Ronaldo Carvalho<br \/>\nHead de conte\u00fado: Patr\u00edcia Colombo<br \/>\nConte\u00fado: Camila Paier, Karla Oliveira, Jennifer Marinho<br \/>\nAtendimento: Ingrid Martins, Vit\u00f3ria Ara\u00fajo, Victoria Nakano e Dayana Silva<br \/>\nVP de M\u00eddia: Andreia Abud<br \/>\nM\u00eddia: Stella Martins, Gustavo Yassunaga, Tabita Maia, Gabriela Chaves, Yanca Oliveira, Regina Ponte, Sheila Porangaba, Bruna Motta, Rodney Jorge e Alexandre Hip\u00f3lito<br \/>\nBI: Felipe Borges, Marcela Quintilliano, Bruna Carvalho, Thiago Tiuzzi, Fabio Oliveira e Eduardo Faustino<br \/>\nDiretora Geral de Produ\u00e7\u00e3o: Camila Naito<br \/>\nProdu\u00e7\u00e3o Integrada: Monica Andrade, Giovanna Cioca, Mariana Resende, Pedro Cerqueira, Thais Carvalho, Paula Buttler<br \/>\nProdutora: Sailor Studio<br \/>\nDire\u00e7\u00e3o geral &#8211; Luccas Oliveira e Gustavo &#8220;GGA&#8221; Almeida<br \/>\nDire\u00e7\u00e3o de cena &#8211; Lu\u00eds Guilherme Chagas<br \/>\nDire\u00e7\u00e3o de fotografia &#8211; Marcel Yokoda<br \/>\nProdu\u00e7\u00e3o Executiva &#8211; Leticia Cacace<br \/>\nProdu\u00e7\u00e3o &#8211; J\u00e9ssica Lopes<br \/>\nGerente de projeto &#8211; Luiz Alejandre &#8220;Ryan&#8221;<br \/>\nProdutora de Loca\u00e7\u00e3o &#8211; Tati Setton<br \/>\nAssistente de produ\u00e7\u00e3o de loca\u00e7\u00e3o &#8211; Beatriz Piffer<br \/>\nEdi\u00e7\u00e3o &#8211; Lu\u00eds Guilherme Chagas<br \/>\nMotion Design &#8211; Rafael Matheus<br \/>\n3D: Henrique Melo, Jo\u00e3o Sheeperson, Rodrigo de Angelis e Alexandre Canario<br \/>\nProjetos: Deborah Peixoto<br \/>\nRela\u00e7\u00f5es P\u00fablicas: Kerena Neves e Giulia Camargo<\/p>\n","protected":false},"excerpt":{"rendered":"<p>A Chevrolet selecionou um lote especial de ve\u00edculos para aplicar descontos como parte de sua campanha promocional para a Black Friday \u2013 a maior j\u00e1 realizada no setor automotivo, na Am\u00e9rica do Sul. As ofertas contam com modelos zero km como Onix, Onix Plus, Montana, Tracker, S10 e Trailblazer, com descontos que podem chegar a [&hellip;]<\/p>\n","protected":false},"author":1,"featured_media":48905,"comment_status":"open","ping_status":"open","sticky":false,"template":"","format":"standard","meta":{"tdm_status":"","tdm_grid_status":"","footnotes":""},"categories":[6],"tags":[2638,591,315,1380,33,28,2670,314,656,1200],"class_list":["post-48904","post","type-post","status-publish","format-standard","has-post-thumbnail","hentry","category-noticias","tag-avenida-paulista","tag-black-friday","tag-chevrolet","tag-desconto","tag-estrategia","tag-marketing","tag-onix","tag-s10","tag-sao-paulo","tag-sp"],"yoast_head":"<!-- This site is optimized with the Yoast SEO plugin v27.5 - https:\/\/yoast.com\/product\/yoast-seo-wordpress\/ -->\n<title>Chevrolet entra em clima de Black Friday com descontos de at\u00e9 R$ 38 mil - CidadeMarketing<\/title>\n<meta name=\"robots\" content=\"index, follow, max-snippet:-1, max-image-preview:large, max-video-preview:-1\" \/>\n<link rel=\"canonical\" href=\"https:\/\/www.cidademarketing.com.br\/marketing\/2023\/11\/23\/chevrolet-entra-em-clima-de-black-friday-com-descontos-de-ate-r-38-mil\/\" \/>\n<meta property=\"og:locale\" content=\"pt_BR\" \/>\n<meta property=\"og:type\" content=\"article\" \/>\n<meta property=\"og:title\" content=\"Chevrolet entra em clima de Black Friday com descontos de at\u00e9 R$ 38 mil - CidadeMarketing\" \/>\n<meta property=\"og:description\" content=\"A Chevrolet selecionou um lote especial de ve\u00edculos para aplicar descontos como parte de sua campanha promocional para a Black Friday \u2013 a maior j\u00e1 realizada no setor automotivo, na Am\u00e9rica do Sul. As ofertas contam com modelos zero km como Onix, Onix Plus, Montana, Tracker, S10 e Trailblazer, com descontos que podem chegar a [&hellip;]\" \/>\n<meta property=\"og:url\" content=\"https:\/\/www.cidademarketing.com.br\/marketing\/2023\/11\/23\/chevrolet-entra-em-clima-de-black-friday-com-descontos-de-ate-r-38-mil\/\" \/>\n<meta property=\"og:site_name\" content=\"CidadeMarketing\" \/>\n<meta property=\"article:publisher\" content=\"https:\/\/www.facebook.com\/portalcidademarketing\" \/>\n<meta property=\"article:author\" content=\"https:\/\/www.facebook.com\/thalesbrandao\" \/>\n<meta property=\"article:published_time\" content=\"2023-11-24T02:29:35+00:00\" \/>\n<meta property=\"og:image\" content=\"https:\/\/www.cidademarketing.com.br\/marketing\/wp-content\/uploads\/2023\/11\/tracker_chevrolet_avenidapaulista-1024x583.png\" \/>\n\t<meta property=\"og:image:width\" content=\"1024\" \/>\n\t<meta property=\"og:image:height\" content=\"583\" \/>\n\t<meta property=\"og:image:type\" content=\"image\/png\" \/>\n<meta name=\"author\" content=\"Thales Brand\u00e3o\" \/>\n<meta name=\"twitter:card\" content=\"summary_large_image\" \/>\n<meta name=\"twitter:creator\" content=\"@http:\/\/www.twitter.com\/thalesbrandao\" \/>\n<meta name=\"twitter:site\" content=\"@CidadeMarketing\" \/>\n<meta name=\"twitter:label1\" content=\"Escrito por\" \/>\n\t<meta name=\"twitter:data1\" content=\"Thales Brand\u00e3o\" \/>\n\t<meta name=\"twitter:label2\" content=\"Est. tempo de leitura\" \/>\n\t<meta name=\"twitter:data2\" content=\"6 minutos\" \/>\n<script type=\"application\/ld+json\" class=\"yoast-schema-graph\">{\"@context\":\"https:\\\/\\\/schema.org\",\"@graph\":[{\"@type\":\"Article\",\"@id\":\"https:\\\/\\\/www.cidademarketing.com.br\\\/marketing\\\/2023\\\/11\\\/23\\\/chevrolet-entra-em-clima-de-black-friday-com-descontos-de-ate-r-38-mil\\\/#article\",\"isPartOf\":{\"@id\":\"https:\\\/\\\/www.cidademarketing.com.br\\\/marketing\\\/2023\\\/11\\\/23\\\/chevrolet-entra-em-clima-de-black-friday-com-descontos-de-ate-r-38-mil\\\/\"},\"author\":{\"name\":\"Thales Brand\u00e3o\",\"@id\":\"https:\\\/\\\/www.cidademarketing.com.br\\\/marketing\\\/#\\\/schema\\\/person\\\/02daff9f18bd9378c9e01eb6b2db155f\"},\"headline\":\"Chevrolet entra em clima de Black Friday com descontos de at\u00e9 R$ 38 mil\",\"datePublished\":\"2023-11-24T02:29:35+00:00\",\"mainEntityOfPage\":{\"@id\":\"https:\\\/\\\/www.cidademarketing.com.br\\\/marketing\\\/2023\\\/11\\\/23\\\/chevrolet-entra-em-clima-de-black-friday-com-descontos-de-ate-r-38-mil\\\/\"},\"wordCount\":1223,\"commentCount\":0,\"publisher\":{\"@id\":\"https:\\\/\\\/www.cidademarketing.com.br\\\/marketing\\\/#organization\"},\"image\":{\"@id\":\"https:\\\/\\\/www.cidademarketing.com.br\\\/marketing\\\/2023\\\/11\\\/23\\\/chevrolet-entra-em-clima-de-black-friday-com-descontos-de-ate-r-38-mil\\\/#primaryimage\"},\"thumbnailUrl\":\"https:\\\/\\\/www.cidademarketing.com.br\\\/marketing\\\/wp-content\\\/uploads\\\/2023\\\/11\\\/tracker_chevrolet_avenidapaulista.png\",\"keywords\":[\"Avenida Paulista\",\"Black Friday\",\"Chevrolet\",\"desconto\",\"estrat\u00e9gia\",\"marketing\",\"Onix\",\"S10\",\"S\u00e3o Paulo\",\"SP\"],\"articleSection\":[\"Not\u00edcias\"],\"inLanguage\":\"pt-BR\",\"potentialAction\":[{\"@type\":\"CommentAction\",\"name\":\"Comment\",\"target\":[\"https:\\\/\\\/www.cidademarketing.com.br\\\/marketing\\\/2023\\\/11\\\/23\\\/chevrolet-entra-em-clima-de-black-friday-com-descontos-de-ate-r-38-mil\\\/#respond\"]}]},{\"@type\":\"WebPage\",\"@id\":\"https:\\\/\\\/www.cidademarketing.com.br\\\/marketing\\\/2023\\\/11\\\/23\\\/chevrolet-entra-em-clima-de-black-friday-com-descontos-de-ate-r-38-mil\\\/\",\"url\":\"https:\\\/\\\/www.cidademarketing.com.br\\\/marketing\\\/2023\\\/11\\\/23\\\/chevrolet-entra-em-clima-de-black-friday-com-descontos-de-ate-r-38-mil\\\/\",\"name\":\"Chevrolet entra em clima de Black Friday com descontos de at\u00e9 R$ 38 mil - CidadeMarketing\",\"isPartOf\":{\"@id\":\"https:\\\/\\\/www.cidademarketing.com.br\\\/marketing\\\/#website\"},\"primaryImageOfPage\":{\"@id\":\"https:\\\/\\\/www.cidademarketing.com.br\\\/marketing\\\/2023\\\/11\\\/23\\\/chevrolet-entra-em-clima-de-black-friday-com-descontos-de-ate-r-38-mil\\\/#primaryimage\"},\"image\":{\"@id\":\"https:\\\/\\\/www.cidademarketing.com.br\\\/marketing\\\/2023\\\/11\\\/23\\\/chevrolet-entra-em-clima-de-black-friday-com-descontos-de-ate-r-38-mil\\\/#primaryimage\"},\"thumbnailUrl\":\"https:\\\/\\\/www.cidademarketing.com.br\\\/marketing\\\/wp-content\\\/uploads\\\/2023\\\/11\\\/tracker_chevrolet_avenidapaulista.png\",\"datePublished\":\"2023-11-24T02:29:35+00:00\",\"breadcrumb\":{\"@id\":\"https:\\\/\\\/www.cidademarketing.com.br\\\/marketing\\\/2023\\\/11\\\/23\\\/chevrolet-entra-em-clima-de-black-friday-com-descontos-de-ate-r-38-mil\\\/#breadcrumb\"},\"inLanguage\":\"pt-BR\",\"potentialAction\":[{\"@type\":\"ReadAction\",\"target\":[\"https:\\\/\\\/www.cidademarketing.com.br\\\/marketing\\\/2023\\\/11\\\/23\\\/chevrolet-entra-em-clima-de-black-friday-com-descontos-de-ate-r-38-mil\\\/\"]}]},{\"@type\":\"ImageObject\",\"inLanguage\":\"pt-BR\",\"@id\":\"https:\\\/\\\/www.cidademarketing.com.br\\\/marketing\\\/2023\\\/11\\\/23\\\/chevrolet-entra-em-clima-de-black-friday-com-descontos-de-ate-r-38-mil\\\/#primaryimage\",\"url\":\"https:\\\/\\\/www.cidademarketing.com.br\\\/marketing\\\/wp-content\\\/uploads\\\/2023\\\/11\\\/tracker_chevrolet_avenidapaulista.png\",\"contentUrl\":\"https:\\\/\\\/www.cidademarketing.com.br\\\/marketing\\\/wp-content\\\/uploads\\\/2023\\\/11\\\/tracker_chevrolet_avenidapaulista.png\",\"width\":1248,\"height\":710,\"caption\":\"Divulga\u00e7\u00e3o\"},{\"@type\":\"BreadcrumbList\",\"@id\":\"https:\\\/\\\/www.cidademarketing.com.br\\\/marketing\\\/2023\\\/11\\\/23\\\/chevrolet-entra-em-clima-de-black-friday-com-descontos-de-ate-r-38-mil\\\/#breadcrumb\",\"itemListElement\":[{\"@type\":\"ListItem\",\"position\":1,\"name\":\"In\u00edcio\",\"item\":\"https:\\\/\\\/www.cidademarketing.com.br\\\/marketing\\\/\"},{\"@type\":\"ListItem\",\"position\":2,\"name\":\"Chevrolet entra em clima de Black Friday com descontos de at\u00e9 R$ 38 mil\"}]},{\"@type\":\"WebSite\",\"@id\":\"https:\\\/\\\/www.cidademarketing.com.br\\\/marketing\\\/#website\",\"url\":\"https:\\\/\\\/www.cidademarketing.com.br\\\/marketing\\\/\",\"name\":\"CidadeMarketing\",\"description\":\"Somos um ve\u00edculo de comunica\u00e7\u00e3o de destaque no Brasil, reconhecido por conte\u00fados nos segmentos de marketing, empreendedorismo e inova\u00e7\u00e3o.\",\"publisher\":{\"@id\":\"https:\\\/\\\/www.cidademarketing.com.br\\\/marketing\\\/#organization\"},\"alternateName\":\"CidadeMarketing\",\"potentialAction\":[{\"@type\":\"SearchAction\",\"target\":{\"@type\":\"EntryPoint\",\"urlTemplate\":\"https:\\\/\\\/www.cidademarketing.com.br\\\/marketing\\\/?s={search_term_string}\"},\"query-input\":{\"@type\":\"PropertyValueSpecification\",\"valueRequired\":true,\"valueName\":\"search_term_string\"}}],\"inLanguage\":\"pt-BR\"},{\"@type\":\"Organization\",\"@id\":\"https:\\\/\\\/www.cidademarketing.com.br\\\/marketing\\\/#organization\",\"name\":\"CidadeMarketing\",\"alternateName\":\"CidadeMarketing\",\"url\":\"https:\\\/\\\/www.cidademarketing.com.br\\\/marketing\\\/\",\"logo\":{\"@type\":\"ImageObject\",\"inLanguage\":\"pt-BR\",\"@id\":\"https:\\\/\\\/www.cidademarketing.com.br\\\/marketing\\\/#\\\/schema\\\/logo\\\/image\\\/\",\"url\":\"https:\\\/\\\/www.cidademarketing.com.br\\\/marketing\\\/wp-content\\\/uploads\\\/2020\\\/01\\\/cidademarketing_marca_mobile.png\",\"contentUrl\":\"https:\\\/\\\/www.cidademarketing.com.br\\\/marketing\\\/wp-content\\\/uploads\\\/2020\\\/01\\\/cidademarketing_marca_mobile.png\",\"width\":230,\"height\":92,\"caption\":\"CidadeMarketing\"},\"image\":{\"@id\":\"https:\\\/\\\/www.cidademarketing.com.br\\\/marketing\\\/#\\\/schema\\\/logo\\\/image\\\/\"},\"sameAs\":[\"https:\\\/\\\/www.facebook.com\\\/portalcidademarketing\",\"https:\\\/\\\/x.com\\\/CidadeMarketing\",\"https:\\\/\\\/www.instagram.com\\\/cidademarketing\\\/\"]},{\"@type\":\"Person\",\"@id\":\"https:\\\/\\\/www.cidademarketing.com.br\\\/marketing\\\/#\\\/schema\\\/person\\\/02daff9f18bd9378c9e01eb6b2db155f\",\"name\":\"Thales Brand\u00e3o\",\"image\":{\"@type\":\"ImageObject\",\"inLanguage\":\"pt-BR\",\"@id\":\"https:\\\/\\\/secure.gravatar.com\\\/avatar\\\/7ca3206950207cc3cb48feec56a8a7898741ab725c368d99d5d7a5a50aab80c6?s=96&d=mm&r=g\",\"url\":\"https:\\\/\\\/secure.gravatar.com\\\/avatar\\\/7ca3206950207cc3cb48feec56a8a7898741ab725c368d99d5d7a5a50aab80c6?s=96&d=mm&r=g\",\"contentUrl\":\"https:\\\/\\\/secure.gravatar.com\\\/avatar\\\/7ca3206950207cc3cb48feec56a8a7898741ab725c368d99d5d7a5a50aab80c6?s=96&d=mm&r=g\",\"caption\":\"Thales Brand\u00e3o\"},\"description\":\"Editor Executivo do Portal CidadeMarketing.com.br &gt; Mestre em Comunica\u00e7\u00e3o e Sociedade pela Universidade Federal de Sergipe. Possui MBA Executivo em Administra\u00e7\u00e3o com \u00eanfase em Marketing pela Funda\u00e7\u00e3o Get\u00falio Vargas - Rio de Janeiro. Consultor, Palestrante e Pesquisador sobre Empreendedorismo, Marketing, Redes Sociais e Neg\u00f3cios Digitais. Professor, Palestrante TedxTalks e Campus Party. Twitter: @ThalesBrandao\",\"sameAs\":[\"http:\\\/\\\/www.mandacaru.com.br\",\"https:\\\/\\\/www.facebook.com\\\/thalesbrandao\",\"http:\\\/\\\/www.instagram.com.br\\\/thalesbrandaoferreira\",\"https:\\\/\\\/www.linkedin.com\\\/in\\\/thales-brand\u00e3o-3948609\\\/\",\"https:\\\/\\\/x.com\\\/http:\\\/\\\/www.twitter.com\\\/thalesbrandao\"],\"url\":\"https:\\\/\\\/www.cidademarketing.com.br\\\/marketing\\\/author\\\/thalesbrandao\\\/\"}]}<\/script>\n<!-- \/ Yoast SEO plugin. -->","yoast_head_json":{"title":"Chevrolet entra em clima de Black Friday com descontos de at\u00e9 R$ 38 mil - CidadeMarketing","robots":{"index":"index","follow":"follow","max-snippet":"max-snippet:-1","max-image-preview":"max-image-preview:large","max-video-preview":"max-video-preview:-1"},"canonical":"https:\/\/www.cidademarketing.com.br\/marketing\/2023\/11\/23\/chevrolet-entra-em-clima-de-black-friday-com-descontos-de-ate-r-38-mil\/","og_locale":"pt_BR","og_type":"article","og_title":"Chevrolet entra em clima de Black Friday com descontos de at\u00e9 R$ 38 mil - CidadeMarketing","og_description":"A Chevrolet selecionou um lote especial de ve\u00edculos para aplicar descontos como parte de sua campanha promocional para a Black Friday \u2013 a maior j\u00e1 realizada no setor automotivo, na Am\u00e9rica do Sul. As ofertas contam com modelos zero km como Onix, Onix Plus, Montana, Tracker, S10 e Trailblazer, com descontos que podem chegar a [&hellip;]","og_url":"https:\/\/www.cidademarketing.com.br\/marketing\/2023\/11\/23\/chevrolet-entra-em-clima-de-black-friday-com-descontos-de-ate-r-38-mil\/","og_site_name":"CidadeMarketing","article_publisher":"https:\/\/www.facebook.com\/portalcidademarketing","article_author":"https:\/\/www.facebook.com\/thalesbrandao","article_published_time":"2023-11-24T02:29:35+00:00","og_image":[{"width":1024,"height":583,"url":"https:\/\/www.cidademarketing.com.br\/marketing\/wp-content\/uploads\/2023\/11\/tracker_chevrolet_avenidapaulista-1024x583.png","type":"image\/png"}],"author":"Thales Brand\u00e3o","twitter_card":"summary_large_image","twitter_creator":"@http:\/\/www.twitter.com\/thalesbrandao","twitter_site":"@CidadeMarketing","twitter_misc":{"Escrito por":"Thales Brand\u00e3o","Est. tempo de leitura":"6 minutos"},"schema":{"@context":"https:\/\/schema.org","@graph":[{"@type":"Article","@id":"https:\/\/www.cidademarketing.com.br\/marketing\/2023\/11\/23\/chevrolet-entra-em-clima-de-black-friday-com-descontos-de-ate-r-38-mil\/#article","isPartOf":{"@id":"https:\/\/www.cidademarketing.com.br\/marketing\/2023\/11\/23\/chevrolet-entra-em-clima-de-black-friday-com-descontos-de-ate-r-38-mil\/"},"author":{"name":"Thales Brand\u00e3o","@id":"https:\/\/www.cidademarketing.com.br\/marketing\/#\/schema\/person\/02daff9f18bd9378c9e01eb6b2db155f"},"headline":"Chevrolet entra em clima de Black Friday com descontos de at\u00e9 R$ 38 mil","datePublished":"2023-11-24T02:29:35+00:00","mainEntityOfPage":{"@id":"https:\/\/www.cidademarketing.com.br\/marketing\/2023\/11\/23\/chevrolet-entra-em-clima-de-black-friday-com-descontos-de-ate-r-38-mil\/"},"wordCount":1223,"commentCount":0,"publisher":{"@id":"https:\/\/www.cidademarketing.com.br\/marketing\/#organization"},"image":{"@id":"https:\/\/www.cidademarketing.com.br\/marketing\/2023\/11\/23\/chevrolet-entra-em-clima-de-black-friday-com-descontos-de-ate-r-38-mil\/#primaryimage"},"thumbnailUrl":"https:\/\/www.cidademarketing.com.br\/marketing\/wp-content\/uploads\/2023\/11\/tracker_chevrolet_avenidapaulista.png","keywords":["Avenida Paulista","Black Friday","Chevrolet","desconto","estrat\u00e9gia","marketing","Onix","S10","S\u00e3o Paulo","SP"],"articleSection":["Not\u00edcias"],"inLanguage":"pt-BR","potentialAction":[{"@type":"CommentAction","name":"Comment","target":["https:\/\/www.cidademarketing.com.br\/marketing\/2023\/11\/23\/chevrolet-entra-em-clima-de-black-friday-com-descontos-de-ate-r-38-mil\/#respond"]}]},{"@type":"WebPage","@id":"https:\/\/www.cidademarketing.com.br\/marketing\/2023\/11\/23\/chevrolet-entra-em-clima-de-black-friday-com-descontos-de-ate-r-38-mil\/","url":"https:\/\/www.cidademarketing.com.br\/marketing\/2023\/11\/23\/chevrolet-entra-em-clima-de-black-friday-com-descontos-de-ate-r-38-mil\/","name":"Chevrolet entra em clima de Black Friday com descontos de at\u00e9 R$ 38 mil - CidadeMarketing","isPartOf":{"@id":"https:\/\/www.cidademarketing.com.br\/marketing\/#website"},"primaryImageOfPage":{"@id":"https:\/\/www.cidademarketing.com.br\/marketing\/2023\/11\/23\/chevrolet-entra-em-clima-de-black-friday-com-descontos-de-ate-r-38-mil\/#primaryimage"},"image":{"@id":"https:\/\/www.cidademarketing.com.br\/marketing\/2023\/11\/23\/chevrolet-entra-em-clima-de-black-friday-com-descontos-de-ate-r-38-mil\/#primaryimage"},"thumbnailUrl":"https:\/\/www.cidademarketing.com.br\/marketing\/wp-content\/uploads\/2023\/11\/tracker_chevrolet_avenidapaulista.png","datePublished":"2023-11-24T02:29:35+00:00","breadcrumb":{"@id":"https:\/\/www.cidademarketing.com.br\/marketing\/2023\/11\/23\/chevrolet-entra-em-clima-de-black-friday-com-descontos-de-ate-r-38-mil\/#breadcrumb"},"inLanguage":"pt-BR","potentialAction":[{"@type":"ReadAction","target":["https:\/\/www.cidademarketing.com.br\/marketing\/2023\/11\/23\/chevrolet-entra-em-clima-de-black-friday-com-descontos-de-ate-r-38-mil\/"]}]},{"@type":"ImageObject","inLanguage":"pt-BR","@id":"https:\/\/www.cidademarketing.com.br\/marketing\/2023\/11\/23\/chevrolet-entra-em-clima-de-black-friday-com-descontos-de-ate-r-38-mil\/#primaryimage","url":"https:\/\/www.cidademarketing.com.br\/marketing\/wp-content\/uploads\/2023\/11\/tracker_chevrolet_avenidapaulista.png","contentUrl":"https:\/\/www.cidademarketing.com.br\/marketing\/wp-content\/uploads\/2023\/11\/tracker_chevrolet_avenidapaulista.png","width":1248,"height":710,"caption":"Divulga\u00e7\u00e3o"},{"@type":"BreadcrumbList","@id":"https:\/\/www.cidademarketing.com.br\/marketing\/2023\/11\/23\/chevrolet-entra-em-clima-de-black-friday-com-descontos-de-ate-r-38-mil\/#breadcrumb","itemListElement":[{"@type":"ListItem","position":1,"name":"In\u00edcio","item":"https:\/\/www.cidademarketing.com.br\/marketing\/"},{"@type":"ListItem","position":2,"name":"Chevrolet entra em clima de Black Friday com descontos de at\u00e9 R$ 38 mil"}]},{"@type":"WebSite","@id":"https:\/\/www.cidademarketing.com.br\/marketing\/#website","url":"https:\/\/www.cidademarketing.com.br\/marketing\/","name":"CidadeMarketing","description":"Somos um ve\u00edculo de comunica\u00e7\u00e3o de destaque no Brasil, reconhecido por conte\u00fados nos segmentos de marketing, empreendedorismo e inova\u00e7\u00e3o.","publisher":{"@id":"https:\/\/www.cidademarketing.com.br\/marketing\/#organization"},"alternateName":"CidadeMarketing","potentialAction":[{"@type":"SearchAction","target":{"@type":"EntryPoint","urlTemplate":"https:\/\/www.cidademarketing.com.br\/marketing\/?s={search_term_string}"},"query-input":{"@type":"PropertyValueSpecification","valueRequired":true,"valueName":"search_term_string"}}],"inLanguage":"pt-BR"},{"@type":"Organization","@id":"https:\/\/www.cidademarketing.com.br\/marketing\/#organization","name":"CidadeMarketing","alternateName":"CidadeMarketing","url":"https:\/\/www.cidademarketing.com.br\/marketing\/","logo":{"@type":"ImageObject","inLanguage":"pt-BR","@id":"https:\/\/www.cidademarketing.com.br\/marketing\/#\/schema\/logo\/image\/","url":"https:\/\/www.cidademarketing.com.br\/marketing\/wp-content\/uploads\/2020\/01\/cidademarketing_marca_mobile.png","contentUrl":"https:\/\/www.cidademarketing.com.br\/marketing\/wp-content\/uploads\/2020\/01\/cidademarketing_marca_mobile.png","width":230,"height":92,"caption":"CidadeMarketing"},"image":{"@id":"https:\/\/www.cidademarketing.com.br\/marketing\/#\/schema\/logo\/image\/"},"sameAs":["https:\/\/www.facebook.com\/portalcidademarketing","https:\/\/x.com\/CidadeMarketing","https:\/\/www.instagram.com\/cidademarketing\/"]},{"@type":"Person","@id":"https:\/\/www.cidademarketing.com.br\/marketing\/#\/schema\/person\/02daff9f18bd9378c9e01eb6b2db155f","name":"Thales Brand\u00e3o","image":{"@type":"ImageObject","inLanguage":"pt-BR","@id":"https:\/\/secure.gravatar.com\/avatar\/7ca3206950207cc3cb48feec56a8a7898741ab725c368d99d5d7a5a50aab80c6?s=96&d=mm&r=g","url":"https:\/\/secure.gravatar.com\/avatar\/7ca3206950207cc3cb48feec56a8a7898741ab725c368d99d5d7a5a50aab80c6?s=96&d=mm&r=g","contentUrl":"https:\/\/secure.gravatar.com\/avatar\/7ca3206950207cc3cb48feec56a8a7898741ab725c368d99d5d7a5a50aab80c6?s=96&d=mm&r=g","caption":"Thales Brand\u00e3o"},"description":"Editor Executivo do Portal CidadeMarketing.com.br &gt; Mestre em Comunica\u00e7\u00e3o e Sociedade pela Universidade Federal de Sergipe. Possui MBA Executivo em Administra\u00e7\u00e3o com \u00eanfase em Marketing pela Funda\u00e7\u00e3o Get\u00falio Vargas - Rio de Janeiro. Consultor, Palestrante e Pesquisador sobre Empreendedorismo, Marketing, Redes Sociais e Neg\u00f3cios Digitais. Professor, Palestrante TedxTalks e Campus Party. Twitter: @ThalesBrandao","sameAs":["http:\/\/www.mandacaru.com.br","https:\/\/www.facebook.com\/thalesbrandao","http:\/\/www.instagram.com.br\/thalesbrandaoferreira","https:\/\/www.linkedin.com\/in\/thales-brand\u00e3o-3948609\/","https:\/\/x.com\/http:\/\/www.twitter.com\/thalesbrandao"],"url":"https:\/\/www.cidademarketing.com.br\/marketing\/author\/thalesbrandao\/"}]}},"amp_enabled":true,"_links":{"self":[{"href":"https:\/\/www.cidademarketing.com.br\/marketing\/wp-json\/wp\/v2\/posts\/48904","targetHints":{"allow":["GET"]}}],"collection":[{"href":"https:\/\/www.cidademarketing.com.br\/marketing\/wp-json\/wp\/v2\/posts"}],"about":[{"href":"https:\/\/www.cidademarketing.com.br\/marketing\/wp-json\/wp\/v2\/types\/post"}],"author":[{"embeddable":true,"href":"https:\/\/www.cidademarketing.com.br\/marketing\/wp-json\/wp\/v2\/users\/1"}],"replies":[{"embeddable":true,"href":"https:\/\/www.cidademarketing.com.br\/marketing\/wp-json\/wp\/v2\/comments?post=48904"}],"version-history":[{"count":1,"href":"https:\/\/www.cidademarketing.com.br\/marketing\/wp-json\/wp\/v2\/posts\/48904\/revisions"}],"predecessor-version":[{"id":48906,"href":"https:\/\/www.cidademarketing.com.br\/marketing\/wp-json\/wp\/v2\/posts\/48904\/revisions\/48906"}],"wp:featuredmedia":[{"embeddable":true,"href":"https:\/\/www.cidademarketing.com.br\/marketing\/wp-json\/wp\/v2\/media\/48905"}],"wp:attachment":[{"href":"https:\/\/www.cidademarketing.com.br\/marketing\/wp-json\/wp\/v2\/media?parent=48904"}],"wp:term":[{"taxonomy":"category","embeddable":true,"href":"https:\/\/www.cidademarketing.com.br\/marketing\/wp-json\/wp\/v2\/categories?post=48904"},{"taxonomy":"post_tag","embeddable":true,"href":"https:\/\/www.cidademarketing.com.br\/marketing\/wp-json\/wp\/v2\/tags?post=48904"}],"curies":[{"name":"wp","href":"https:\/\/api.w.org\/{rel}","templated":true}]}}