{"id":48859,"date":"2023-11-21T10:47:41","date_gmt":"2023-11-21T13:47:41","guid":{"rendered":"https:\/\/www.cidademarketing.com.br\/marketing\/?p=48859"},"modified":"2023-11-21T10:47:41","modified_gmt":"2023-11-21T13:47:41","slug":"gol-patrocina-da-taca-das-favelas-2023","status":"publish","type":"post","link":"https:\/\/www.cidademarketing.com.br\/marketing\/2023\/11\/21\/gol-patrocina-da-taca-das-favelas-2023\/","title":{"rendered":"GOL patrocina da Ta\u00e7a das Favelas 2023"},"content":{"rendered":"<p>O Favel\u00e3o, como \u00e9 mais conhecida a Ta\u00e7a Nacional das Favelas, realizou as suas finais do campeonato de futebol no \u00faltimo s\u00e1bado, dia 18, no Est\u00e1dio do Canind\u00e9, da Associa\u00e7\u00e3o Portuguesa Desportivos (SP). Os jogos entre as sele\u00e7\u00f5es nas categorias feminino e masculino, tiveram entrada franca, transmiss\u00e3o ao vivo pela TV Globo e patroc\u00ednio da GOL, maior Companhia A\u00e9rea do Brasil.<\/p>\n<p><a href=\"https:\/\/www.cidademarketing.com.br\/marketing\/sua-marca-vai-virar-noticia\/\" target=\"_blank\" rel=\"noopener\"><img fetchpriority=\"high\" decoding=\"async\" class=\"wp-image-44329 aligncenter\" src=\"https:\/\/www.cidademarketing.com.br\/marketing\/wp-content\/uploads\/2023\/04\/cidademarketing_backlinks_marketingdigital_publieditorial_.png\" alt=\"\" width=\"500\" height=\"500\" \/><\/a><br \/>\nO evento foi realizado ap\u00f3s uma grande congrega\u00e7\u00e3o entre favelas de todo o Brasil, no estado de S\u00e3o Paulo, durante o m\u00eas de novembro. A nomenclatura dos trof\u00e9us \u00e9 uma forma de homenagear personalidades importantes da trajet\u00f3ria da Central \u00danica das Favelas (CUFA), institui\u00e7\u00e3o organizadora do torneio, junto a InFavela, empresa do Grupo Favela Holding, produtora do campeonato.<\/p>\n<p>As equipes Campan\u00e1rio-Diadema e Parais\u00f3polis, que disputaram a final\u00edssima feminina de 2022, se enfrentaram novamente. Com boa atua\u00e7\u00e3o da atacante Baratinha, Campan\u00e1rio Diadema foi a grande campe\u00e3 e levou para casa o trof\u00e9u Alaide Maria da Concei\u00e7\u00e3o. J\u00e1 pelo masculino, a equipe da Cidade Tiradentes venceu Campan\u00e1rio Diadema nos p\u00eanaltis e conquistou o topo do p\u00f3dio, levando para casa o trof\u00e9u Nivaldo Barreto.<\/p>\n<p>No fim das contas, tivemos um grande espet\u00e1culo que celebrou a favela e o impacto social atrav\u00e9s do esporte, como disse Geovana Borges, diretora institucional da CUFA. \u201cAssim como no Pacaembu e em Barueri, escrevemos mais um inesquec\u00edvel cap\u00edtulo na hist\u00f3ria da Ta\u00e7a. Foi a consagra\u00e7\u00e3o de um trabalho de um ano inteiro, que abre portas para todos os envolvidos no projeto\u201d.<\/p>\n<p>Beatriz Cabral, CMO do Grupo GOL Smiles afirma que \u201c a Ta\u00e7a Nacional das Favelas \u00e9 um projeto de extrema import\u00e2ncia na manuten\u00e7\u00e3o e no incentivo ao esporte, \u00e0 cultura e ao lazer. \u00c9 uma honra poder apoiar um evento que promove conscientiza\u00e7\u00e3o e transformar a vida de tantos jovens brasileiros\u201d.<\/p>\n<p><iframe title=\"Spotify Embed: Podcast CidadeMarketing\" style=\"border-radius: 12px\" width=\"100%\" height=\"152\" frameborder=\"0\" allowfullscreen allow=\"autoplay; clipboard-write; encrypted-media; fullscreen; picture-in-picture\" loading=\"lazy\" src=\"https:\/\/open.spotify.com\/embed\/show\/4khMKzP3FgFRWVwb73xicc?si=252fe5bff2b34909&#038;utm_source=oembed\"><\/iframe><\/p>\n<p>&nbsp;<\/p>\n<p>A GOL possui um hist\u00f3rico de apoio a grandes eventos e ativa\u00e7\u00f5es de Marketing, com investimentos relevantes para a reputa\u00e7\u00e3o da marca e apoiar o esporte faz parte de sua ess\u00eancia. A Companhia tem contratos longevos com as Sele\u00e7\u00f5es Brasileiras masculinas e femininas de futebol, a CBV (v\u00f4lei) e a LBF (Liga de Basquete Feminino), al\u00e9m de ser signat\u00e1ria do Pacto pelo Esporte.<\/p>\n","protected":false},"excerpt":{"rendered":"<p>O Favel\u00e3o, como \u00e9 mais conhecida a Ta\u00e7a Nacional das Favelas, realizou as suas finais do campeonato de futebol no \u00faltimo s\u00e1bado, dia 18, no Est\u00e1dio do Canind\u00e9, da Associa\u00e7\u00e3o Portuguesa Desportivos (SP). Os jogos entre as sele\u00e7\u00f5es nas categorias feminino e masculino, tiveram entrada franca, transmiss\u00e3o ao vivo pela TV Globo e patroc\u00ednio da [&hellip;]<\/p>\n","protected":false},"author":1,"featured_media":48861,"comment_status":"open","ping_status":"open","sticky":false,"template":"","format":"standard","meta":{"tdm_status":"","tdm_grid_status":"","footnotes":""},"categories":[6],"tags":[786,33,386,475,39,177,5590],"class_list":["post-48859","post","type-post","status-publish","format-standard","has-post-thumbnail","hentry","category-noticias","tag-esporte","tag-estrategia","tag-futebol","tag-gol","tag-investimento","tag-marketing-social","tag-taca-das-favelas"],"yoast_head":"<!-- This site is optimized with the Yoast SEO plugin v27.5 - https:\/\/yoast.com\/product\/yoast-seo-wordpress\/ -->\n<title>GOL patrocina da Ta\u00e7a das Favelas 2023 - CidadeMarketing<\/title>\n<meta name=\"robots\" content=\"index, follow, max-snippet:-1, max-image-preview:large, max-video-preview:-1\" \/>\n<link rel=\"canonical\" href=\"https:\/\/www.cidademarketing.com.br\/marketing\/2023\/11\/21\/gol-patrocina-da-taca-das-favelas-2023\/\" \/>\n<meta property=\"og:locale\" content=\"pt_BR\" \/>\n<meta property=\"og:type\" content=\"article\" \/>\n<meta property=\"og:title\" content=\"GOL patrocina da Ta\u00e7a das Favelas 2023 - CidadeMarketing\" \/>\n<meta property=\"og:description\" content=\"O Favel\u00e3o, como \u00e9 mais conhecida a Ta\u00e7a Nacional das Favelas, realizou as suas finais do campeonato de futebol no \u00faltimo s\u00e1bado, dia 18, no Est\u00e1dio do Canind\u00e9, da Associa\u00e7\u00e3o Portuguesa Desportivos (SP). Os jogos entre as sele\u00e7\u00f5es nas categorias feminino e masculino, tiveram entrada franca, transmiss\u00e3o ao vivo pela TV Globo e patroc\u00ednio da [&hellip;]\" \/>\n<meta property=\"og:url\" content=\"https:\/\/www.cidademarketing.com.br\/marketing\/2023\/11\/21\/gol-patrocina-da-taca-das-favelas-2023\/\" \/>\n<meta property=\"og:site_name\" content=\"CidadeMarketing\" \/>\n<meta property=\"article:publisher\" content=\"https:\/\/www.facebook.com\/portalcidademarketing\" \/>\n<meta property=\"article:author\" content=\"https:\/\/www.facebook.com\/thalesbrandao\" \/>\n<meta property=\"article:published_time\" content=\"2023-11-21T13:47:41+00:00\" \/>\n<meta property=\"og:image\" content=\"https:\/\/www.cidademarketing.com.br\/marketing\/wp-content\/uploads\/2023\/11\/gol_tacadafavela.jpg\" \/>\n\t<meta property=\"og:image:width\" content=\"707\" \/>\n\t<meta property=\"og:image:height\" content=\"458\" \/>\n\t<meta property=\"og:image:type\" content=\"image\/jpeg\" \/>\n<meta name=\"author\" content=\"Thales Brand\u00e3o\" \/>\n<meta name=\"twitter:card\" content=\"summary_large_image\" \/>\n<meta name=\"twitter:creator\" content=\"@http:\/\/www.twitter.com\/thalesbrandao\" \/>\n<meta name=\"twitter:site\" content=\"@CidadeMarketing\" \/>\n<meta name=\"twitter:label1\" content=\"Escrito por\" \/>\n\t<meta name=\"twitter:data1\" content=\"Thales Brand\u00e3o\" \/>\n\t<meta name=\"twitter:label2\" content=\"Est. tempo de leitura\" \/>\n\t<meta name=\"twitter:data2\" content=\"2 minutos\" \/>\n<script type=\"application\/ld+json\" class=\"yoast-schema-graph\">{\"@context\":\"https:\\\/\\\/schema.org\",\"@graph\":[{\"@type\":\"Article\",\"@id\":\"https:\\\/\\\/www.cidademarketing.com.br\\\/marketing\\\/2023\\\/11\\\/21\\\/gol-patrocina-da-taca-das-favelas-2023\\\/#article\",\"isPartOf\":{\"@id\":\"https:\\\/\\\/www.cidademarketing.com.br\\\/marketing\\\/2023\\\/11\\\/21\\\/gol-patrocina-da-taca-das-favelas-2023\\\/\"},\"author\":{\"name\":\"Thales Brand\u00e3o\",\"@id\":\"https:\\\/\\\/www.cidademarketing.com.br\\\/marketing\\\/#\\\/schema\\\/person\\\/02daff9f18bd9378c9e01eb6b2db155f\"},\"headline\":\"GOL patrocina da Ta\u00e7a das Favelas 2023\",\"datePublished\":\"2023-11-21T13:47:41+00:00\",\"mainEntityOfPage\":{\"@id\":\"https:\\\/\\\/www.cidademarketing.com.br\\\/marketing\\\/2023\\\/11\\\/21\\\/gol-patrocina-da-taca-das-favelas-2023\\\/\"},\"wordCount\":418,\"commentCount\":0,\"publisher\":{\"@id\":\"https:\\\/\\\/www.cidademarketing.com.br\\\/marketing\\\/#organization\"},\"image\":{\"@id\":\"https:\\\/\\\/www.cidademarketing.com.br\\\/marketing\\\/2023\\\/11\\\/21\\\/gol-patrocina-da-taca-das-favelas-2023\\\/#primaryimage\"},\"thumbnailUrl\":\"https:\\\/\\\/www.cidademarketing.com.br\\\/marketing\\\/wp-content\\\/uploads\\\/2023\\\/11\\\/gol_tacadafavela.jpg\",\"keywords\":[\"esporte\",\"estrat\u00e9gia\",\"futebol\",\"Gol\",\"investimento\",\"marketing social\",\"Ta\u00e7a das Favelas\"],\"articleSection\":[\"Not\u00edcias\"],\"inLanguage\":\"pt-BR\",\"potentialAction\":[{\"@type\":\"CommentAction\",\"name\":\"Comment\",\"target\":[\"https:\\\/\\\/www.cidademarketing.com.br\\\/marketing\\\/2023\\\/11\\\/21\\\/gol-patrocina-da-taca-das-favelas-2023\\\/#respond\"]}]},{\"@type\":\"WebPage\",\"@id\":\"https:\\\/\\\/www.cidademarketing.com.br\\\/marketing\\\/2023\\\/11\\\/21\\\/gol-patrocina-da-taca-das-favelas-2023\\\/\",\"url\":\"https:\\\/\\\/www.cidademarketing.com.br\\\/marketing\\\/2023\\\/11\\\/21\\\/gol-patrocina-da-taca-das-favelas-2023\\\/\",\"name\":\"GOL patrocina da Ta\u00e7a das Favelas 2023 - CidadeMarketing\",\"isPartOf\":{\"@id\":\"https:\\\/\\\/www.cidademarketing.com.br\\\/marketing\\\/#website\"},\"primaryImageOfPage\":{\"@id\":\"https:\\\/\\\/www.cidademarketing.com.br\\\/marketing\\\/2023\\\/11\\\/21\\\/gol-patrocina-da-taca-das-favelas-2023\\\/#primaryimage\"},\"image\":{\"@id\":\"https:\\\/\\\/www.cidademarketing.com.br\\\/marketing\\\/2023\\\/11\\\/21\\\/gol-patrocina-da-taca-das-favelas-2023\\\/#primaryimage\"},\"thumbnailUrl\":\"https:\\\/\\\/www.cidademarketing.com.br\\\/marketing\\\/wp-content\\\/uploads\\\/2023\\\/11\\\/gol_tacadafavela.jpg\",\"datePublished\":\"2023-11-21T13:47:41+00:00\",\"breadcrumb\":{\"@id\":\"https:\\\/\\\/www.cidademarketing.com.br\\\/marketing\\\/2023\\\/11\\\/21\\\/gol-patrocina-da-taca-das-favelas-2023\\\/#breadcrumb\"},\"inLanguage\":\"pt-BR\",\"potentialAction\":[{\"@type\":\"ReadAction\",\"target\":[\"https:\\\/\\\/www.cidademarketing.com.br\\\/marketing\\\/2023\\\/11\\\/21\\\/gol-patrocina-da-taca-das-favelas-2023\\\/\"]}]},{\"@type\":\"ImageObject\",\"inLanguage\":\"pt-BR\",\"@id\":\"https:\\\/\\\/www.cidademarketing.com.br\\\/marketing\\\/2023\\\/11\\\/21\\\/gol-patrocina-da-taca-das-favelas-2023\\\/#primaryimage\",\"url\":\"https:\\\/\\\/www.cidademarketing.com.br\\\/marketing\\\/wp-content\\\/uploads\\\/2023\\\/11\\\/gol_tacadafavela.jpg\",\"contentUrl\":\"https:\\\/\\\/www.cidademarketing.com.br\\\/marketing\\\/wp-content\\\/uploads\\\/2023\\\/11\\\/gol_tacadafavela.jpg\",\"width\":707,\"height\":458,\"caption\":\"Campan\u00e1rio Diadema - Campe\u00e3 feminino da Ta\u00e7a das Favelas SP 2023 (Divulga\u00e7\u00e3o\\\/Cufa SP)\"},{\"@type\":\"BreadcrumbList\",\"@id\":\"https:\\\/\\\/www.cidademarketing.com.br\\\/marketing\\\/2023\\\/11\\\/21\\\/gol-patrocina-da-taca-das-favelas-2023\\\/#breadcrumb\",\"itemListElement\":[{\"@type\":\"ListItem\",\"position\":1,\"name\":\"In\u00edcio\",\"item\":\"https:\\\/\\\/www.cidademarketing.com.br\\\/marketing\\\/\"},{\"@type\":\"ListItem\",\"position\":2,\"name\":\"GOL patrocina da Ta\u00e7a das Favelas 2023\"}]},{\"@type\":\"WebSite\",\"@id\":\"https:\\\/\\\/www.cidademarketing.com.br\\\/marketing\\\/#website\",\"url\":\"https:\\\/\\\/www.cidademarketing.com.br\\\/marketing\\\/\",\"name\":\"CidadeMarketing\",\"description\":\"Somos um ve\u00edculo de comunica\u00e7\u00e3o de destaque no Brasil, reconhecido por conte\u00fados nos segmentos de marketing, empreendedorismo e inova\u00e7\u00e3o.\",\"publisher\":{\"@id\":\"https:\\\/\\\/www.cidademarketing.com.br\\\/marketing\\\/#organization\"},\"alternateName\":\"CidadeMarketing\",\"potentialAction\":[{\"@type\":\"SearchAction\",\"target\":{\"@type\":\"EntryPoint\",\"urlTemplate\":\"https:\\\/\\\/www.cidademarketing.com.br\\\/marketing\\\/?s={search_term_string}\"},\"query-input\":{\"@type\":\"PropertyValueSpecification\",\"valueRequired\":true,\"valueName\":\"search_term_string\"}}],\"inLanguage\":\"pt-BR\"},{\"@type\":\"Organization\",\"@id\":\"https:\\\/\\\/www.cidademarketing.com.br\\\/marketing\\\/#organization\",\"name\":\"CidadeMarketing\",\"alternateName\":\"CidadeMarketing\",\"url\":\"https:\\\/\\\/www.cidademarketing.com.br\\\/marketing\\\/\",\"logo\":{\"@type\":\"ImageObject\",\"inLanguage\":\"pt-BR\",\"@id\":\"https:\\\/\\\/www.cidademarketing.com.br\\\/marketing\\\/#\\\/schema\\\/logo\\\/image\\\/\",\"url\":\"https:\\\/\\\/www.cidademarketing.com.br\\\/marketing\\\/wp-content\\\/uploads\\\/2020\\\/01\\\/cidademarketing_marca_mobile.png\",\"contentUrl\":\"https:\\\/\\\/www.cidademarketing.com.br\\\/marketing\\\/wp-content\\\/uploads\\\/2020\\\/01\\\/cidademarketing_marca_mobile.png\",\"width\":230,\"height\":92,\"caption\":\"CidadeMarketing\"},\"image\":{\"@id\":\"https:\\\/\\\/www.cidademarketing.com.br\\\/marketing\\\/#\\\/schema\\\/logo\\\/image\\\/\"},\"sameAs\":[\"https:\\\/\\\/www.facebook.com\\\/portalcidademarketing\",\"https:\\\/\\\/x.com\\\/CidadeMarketing\",\"https:\\\/\\\/www.instagram.com\\\/cidademarketing\\\/\"]},{\"@type\":\"Person\",\"@id\":\"https:\\\/\\\/www.cidademarketing.com.br\\\/marketing\\\/#\\\/schema\\\/person\\\/02daff9f18bd9378c9e01eb6b2db155f\",\"name\":\"Thales Brand\u00e3o\",\"image\":{\"@type\":\"ImageObject\",\"inLanguage\":\"pt-BR\",\"@id\":\"https:\\\/\\\/secure.gravatar.com\\\/avatar\\\/7ca3206950207cc3cb48feec56a8a7898741ab725c368d99d5d7a5a50aab80c6?s=96&d=mm&r=g\",\"url\":\"https:\\\/\\\/secure.gravatar.com\\\/avatar\\\/7ca3206950207cc3cb48feec56a8a7898741ab725c368d99d5d7a5a50aab80c6?s=96&d=mm&r=g\",\"contentUrl\":\"https:\\\/\\\/secure.gravatar.com\\\/avatar\\\/7ca3206950207cc3cb48feec56a8a7898741ab725c368d99d5d7a5a50aab80c6?s=96&d=mm&r=g\",\"caption\":\"Thales Brand\u00e3o\"},\"description\":\"Editor Executivo do Portal CidadeMarketing.com.br &gt; Mestre em Comunica\u00e7\u00e3o e Sociedade pela Universidade Federal de Sergipe. Possui MBA Executivo em Administra\u00e7\u00e3o com \u00eanfase em Marketing pela Funda\u00e7\u00e3o Get\u00falio Vargas - Rio de Janeiro. Consultor, Palestrante e Pesquisador sobre Empreendedorismo, Marketing, Redes Sociais e Neg\u00f3cios Digitais. Professor, Palestrante TedxTalks e Campus Party. Twitter: @ThalesBrandao\",\"sameAs\":[\"http:\\\/\\\/www.mandacaru.com.br\",\"https:\\\/\\\/www.facebook.com\\\/thalesbrandao\",\"http:\\\/\\\/www.instagram.com.br\\\/thalesbrandaoferreira\",\"https:\\\/\\\/www.linkedin.com\\\/in\\\/thales-brand\u00e3o-3948609\\\/\",\"https:\\\/\\\/x.com\\\/http:\\\/\\\/www.twitter.com\\\/thalesbrandao\"],\"url\":\"https:\\\/\\\/www.cidademarketing.com.br\\\/marketing\\\/author\\\/thalesbrandao\\\/\"}]}<\/script>\n<!-- \/ Yoast SEO plugin. -->","yoast_head_json":{"title":"GOL patrocina da Ta\u00e7a das Favelas 2023 - CidadeMarketing","robots":{"index":"index","follow":"follow","max-snippet":"max-snippet:-1","max-image-preview":"max-image-preview:large","max-video-preview":"max-video-preview:-1"},"canonical":"https:\/\/www.cidademarketing.com.br\/marketing\/2023\/11\/21\/gol-patrocina-da-taca-das-favelas-2023\/","og_locale":"pt_BR","og_type":"article","og_title":"GOL patrocina da Ta\u00e7a das Favelas 2023 - CidadeMarketing","og_description":"O Favel\u00e3o, como \u00e9 mais conhecida a Ta\u00e7a Nacional das Favelas, realizou as suas finais do campeonato de futebol no \u00faltimo s\u00e1bado, dia 18, no Est\u00e1dio do Canind\u00e9, da Associa\u00e7\u00e3o Portuguesa Desportivos (SP). Os jogos entre as sele\u00e7\u00f5es nas categorias feminino e masculino, tiveram entrada franca, transmiss\u00e3o ao vivo pela TV Globo e patroc\u00ednio da [&hellip;]","og_url":"https:\/\/www.cidademarketing.com.br\/marketing\/2023\/11\/21\/gol-patrocina-da-taca-das-favelas-2023\/","og_site_name":"CidadeMarketing","article_publisher":"https:\/\/www.facebook.com\/portalcidademarketing","article_author":"https:\/\/www.facebook.com\/thalesbrandao","article_published_time":"2023-11-21T13:47:41+00:00","og_image":[{"width":707,"height":458,"url":"https:\/\/www.cidademarketing.com.br\/marketing\/wp-content\/uploads\/2023\/11\/gol_tacadafavela.jpg","type":"image\/jpeg"}],"author":"Thales Brand\u00e3o","twitter_card":"summary_large_image","twitter_creator":"@http:\/\/www.twitter.com\/thalesbrandao","twitter_site":"@CidadeMarketing","twitter_misc":{"Escrito por":"Thales Brand\u00e3o","Est. tempo de leitura":"2 minutos"},"schema":{"@context":"https:\/\/schema.org","@graph":[{"@type":"Article","@id":"https:\/\/www.cidademarketing.com.br\/marketing\/2023\/11\/21\/gol-patrocina-da-taca-das-favelas-2023\/#article","isPartOf":{"@id":"https:\/\/www.cidademarketing.com.br\/marketing\/2023\/11\/21\/gol-patrocina-da-taca-das-favelas-2023\/"},"author":{"name":"Thales Brand\u00e3o","@id":"https:\/\/www.cidademarketing.com.br\/marketing\/#\/schema\/person\/02daff9f18bd9378c9e01eb6b2db155f"},"headline":"GOL patrocina da Ta\u00e7a das Favelas 2023","datePublished":"2023-11-21T13:47:41+00:00","mainEntityOfPage":{"@id":"https:\/\/www.cidademarketing.com.br\/marketing\/2023\/11\/21\/gol-patrocina-da-taca-das-favelas-2023\/"},"wordCount":418,"commentCount":0,"publisher":{"@id":"https:\/\/www.cidademarketing.com.br\/marketing\/#organization"},"image":{"@id":"https:\/\/www.cidademarketing.com.br\/marketing\/2023\/11\/21\/gol-patrocina-da-taca-das-favelas-2023\/#primaryimage"},"thumbnailUrl":"https:\/\/www.cidademarketing.com.br\/marketing\/wp-content\/uploads\/2023\/11\/gol_tacadafavela.jpg","keywords":["esporte","estrat\u00e9gia","futebol","Gol","investimento","marketing social","Ta\u00e7a das Favelas"],"articleSection":["Not\u00edcias"],"inLanguage":"pt-BR","potentialAction":[{"@type":"CommentAction","name":"Comment","target":["https:\/\/www.cidademarketing.com.br\/marketing\/2023\/11\/21\/gol-patrocina-da-taca-das-favelas-2023\/#respond"]}]},{"@type":"WebPage","@id":"https:\/\/www.cidademarketing.com.br\/marketing\/2023\/11\/21\/gol-patrocina-da-taca-das-favelas-2023\/","url":"https:\/\/www.cidademarketing.com.br\/marketing\/2023\/11\/21\/gol-patrocina-da-taca-das-favelas-2023\/","name":"GOL patrocina da Ta\u00e7a das Favelas 2023 - CidadeMarketing","isPartOf":{"@id":"https:\/\/www.cidademarketing.com.br\/marketing\/#website"},"primaryImageOfPage":{"@id":"https:\/\/www.cidademarketing.com.br\/marketing\/2023\/11\/21\/gol-patrocina-da-taca-das-favelas-2023\/#primaryimage"},"image":{"@id":"https:\/\/www.cidademarketing.com.br\/marketing\/2023\/11\/21\/gol-patrocina-da-taca-das-favelas-2023\/#primaryimage"},"thumbnailUrl":"https:\/\/www.cidademarketing.com.br\/marketing\/wp-content\/uploads\/2023\/11\/gol_tacadafavela.jpg","datePublished":"2023-11-21T13:47:41+00:00","breadcrumb":{"@id":"https:\/\/www.cidademarketing.com.br\/marketing\/2023\/11\/21\/gol-patrocina-da-taca-das-favelas-2023\/#breadcrumb"},"inLanguage":"pt-BR","potentialAction":[{"@type":"ReadAction","target":["https:\/\/www.cidademarketing.com.br\/marketing\/2023\/11\/21\/gol-patrocina-da-taca-das-favelas-2023\/"]}]},{"@type":"ImageObject","inLanguage":"pt-BR","@id":"https:\/\/www.cidademarketing.com.br\/marketing\/2023\/11\/21\/gol-patrocina-da-taca-das-favelas-2023\/#primaryimage","url":"https:\/\/www.cidademarketing.com.br\/marketing\/wp-content\/uploads\/2023\/11\/gol_tacadafavela.jpg","contentUrl":"https:\/\/www.cidademarketing.com.br\/marketing\/wp-content\/uploads\/2023\/11\/gol_tacadafavela.jpg","width":707,"height":458,"caption":"Campan\u00e1rio Diadema - Campe\u00e3 feminino da Ta\u00e7a das Favelas SP 2023 (Divulga\u00e7\u00e3o\/Cufa SP)"},{"@type":"BreadcrumbList","@id":"https:\/\/www.cidademarketing.com.br\/marketing\/2023\/11\/21\/gol-patrocina-da-taca-das-favelas-2023\/#breadcrumb","itemListElement":[{"@type":"ListItem","position":1,"name":"In\u00edcio","item":"https:\/\/www.cidademarketing.com.br\/marketing\/"},{"@type":"ListItem","position":2,"name":"GOL patrocina da Ta\u00e7a das Favelas 2023"}]},{"@type":"WebSite","@id":"https:\/\/www.cidademarketing.com.br\/marketing\/#website","url":"https:\/\/www.cidademarketing.com.br\/marketing\/","name":"CidadeMarketing","description":"Somos um ve\u00edculo de comunica\u00e7\u00e3o de destaque no Brasil, reconhecido por conte\u00fados nos segmentos de marketing, empreendedorismo e inova\u00e7\u00e3o.","publisher":{"@id":"https:\/\/www.cidademarketing.com.br\/marketing\/#organization"},"alternateName":"CidadeMarketing","potentialAction":[{"@type":"SearchAction","target":{"@type":"EntryPoint","urlTemplate":"https:\/\/www.cidademarketing.com.br\/marketing\/?s={search_term_string}"},"query-input":{"@type":"PropertyValueSpecification","valueRequired":true,"valueName":"search_term_string"}}],"inLanguage":"pt-BR"},{"@type":"Organization","@id":"https:\/\/www.cidademarketing.com.br\/marketing\/#organization","name":"CidadeMarketing","alternateName":"CidadeMarketing","url":"https:\/\/www.cidademarketing.com.br\/marketing\/","logo":{"@type":"ImageObject","inLanguage":"pt-BR","@id":"https:\/\/www.cidademarketing.com.br\/marketing\/#\/schema\/logo\/image\/","url":"https:\/\/www.cidademarketing.com.br\/marketing\/wp-content\/uploads\/2020\/01\/cidademarketing_marca_mobile.png","contentUrl":"https:\/\/www.cidademarketing.com.br\/marketing\/wp-content\/uploads\/2020\/01\/cidademarketing_marca_mobile.png","width":230,"height":92,"caption":"CidadeMarketing"},"image":{"@id":"https:\/\/www.cidademarketing.com.br\/marketing\/#\/schema\/logo\/image\/"},"sameAs":["https:\/\/www.facebook.com\/portalcidademarketing","https:\/\/x.com\/CidadeMarketing","https:\/\/www.instagram.com\/cidademarketing\/"]},{"@type":"Person","@id":"https:\/\/www.cidademarketing.com.br\/marketing\/#\/schema\/person\/02daff9f18bd9378c9e01eb6b2db155f","name":"Thales Brand\u00e3o","image":{"@type":"ImageObject","inLanguage":"pt-BR","@id":"https:\/\/secure.gravatar.com\/avatar\/7ca3206950207cc3cb48feec56a8a7898741ab725c368d99d5d7a5a50aab80c6?s=96&d=mm&r=g","url":"https:\/\/secure.gravatar.com\/avatar\/7ca3206950207cc3cb48feec56a8a7898741ab725c368d99d5d7a5a50aab80c6?s=96&d=mm&r=g","contentUrl":"https:\/\/secure.gravatar.com\/avatar\/7ca3206950207cc3cb48feec56a8a7898741ab725c368d99d5d7a5a50aab80c6?s=96&d=mm&r=g","caption":"Thales Brand\u00e3o"},"description":"Editor Executivo do Portal CidadeMarketing.com.br &gt; Mestre em Comunica\u00e7\u00e3o e Sociedade pela Universidade Federal de Sergipe. Possui MBA Executivo em Administra\u00e7\u00e3o com \u00eanfase em Marketing pela Funda\u00e7\u00e3o Get\u00falio Vargas - Rio de Janeiro. Consultor, Palestrante e Pesquisador sobre Empreendedorismo, Marketing, Redes Sociais e Neg\u00f3cios Digitais. Professor, Palestrante TedxTalks e Campus Party. Twitter: @ThalesBrandao","sameAs":["http:\/\/www.mandacaru.com.br","https:\/\/www.facebook.com\/thalesbrandao","http:\/\/www.instagram.com.br\/thalesbrandaoferreira","https:\/\/www.linkedin.com\/in\/thales-brand\u00e3o-3948609\/","https:\/\/x.com\/http:\/\/www.twitter.com\/thalesbrandao"],"url":"https:\/\/www.cidademarketing.com.br\/marketing\/author\/thalesbrandao\/"}]}},"amp_enabled":true,"_links":{"self":[{"href":"https:\/\/www.cidademarketing.com.br\/marketing\/wp-json\/wp\/v2\/posts\/48859","targetHints":{"allow":["GET"]}}],"collection":[{"href":"https:\/\/www.cidademarketing.com.br\/marketing\/wp-json\/wp\/v2\/posts"}],"about":[{"href":"https:\/\/www.cidademarketing.com.br\/marketing\/wp-json\/wp\/v2\/types\/post"}],"author":[{"embeddable":true,"href":"https:\/\/www.cidademarketing.com.br\/marketing\/wp-json\/wp\/v2\/users\/1"}],"replies":[{"embeddable":true,"href":"https:\/\/www.cidademarketing.com.br\/marketing\/wp-json\/wp\/v2\/comments?post=48859"}],"version-history":[{"count":3,"href":"https:\/\/www.cidademarketing.com.br\/marketing\/wp-json\/wp\/v2\/posts\/48859\/revisions"}],"predecessor-version":[{"id":48863,"href":"https:\/\/www.cidademarketing.com.br\/marketing\/wp-json\/wp\/v2\/posts\/48859\/revisions\/48863"}],"wp:featuredmedia":[{"embeddable":true,"href":"https:\/\/www.cidademarketing.com.br\/marketing\/wp-json\/wp\/v2\/media\/48861"}],"wp:attachment":[{"href":"https:\/\/www.cidademarketing.com.br\/marketing\/wp-json\/wp\/v2\/media?parent=48859"}],"wp:term":[{"taxonomy":"category","embeddable":true,"href":"https:\/\/www.cidademarketing.com.br\/marketing\/wp-json\/wp\/v2\/categories?post=48859"},{"taxonomy":"post_tag","embeddable":true,"href":"https:\/\/www.cidademarketing.com.br\/marketing\/wp-json\/wp\/v2\/tags?post=48859"}],"curies":[{"name":"wp","href":"https:\/\/api.w.org\/{rel}","templated":true}]}}