{"id":48846,"date":"2023-11-20T22:38:05","date_gmt":"2023-11-21T01:38:05","guid":{"rendered":"https:\/\/www.cidademarketing.com.br\/marketing\/?p=48846"},"modified":"2023-11-20T22:38:05","modified_gmt":"2023-11-21T01:38:05","slug":"id_br-anuncia-abertura-das-inscricoes-para-o-premio-sim-a-igualdade-racial-de-2024","status":"publish","type":"post","link":"https:\/\/www.cidademarketing.com.br\/marketing\/2023\/11\/20\/id_br-anuncia-abertura-das-inscricoes-para-o-premio-sim-a-igualdade-racial-de-2024\/","title":{"rendered":"ID_BR anuncia abertura das inscri\u00e7\u00f5es para o Pr\u00eamio Sim \u00e0 Igualdade Racial de 2024"},"content":{"rendered":"<p>O Instituto Identidades do Brasil (ID_BR), organiza\u00e7\u00e3o sem fins lucrativos, pioneira no Brasil e comprometida com a acelera\u00e7\u00e3o da promo\u00e7\u00e3o da igualdade racial, anuncia a abertura das inscri\u00e7\u00f5es para a 7\u00aa edi\u00e7\u00e3o do Pr\u00eamio Sim \u00e0 Igualdade Racial. O pr\u00eamio anual tem como prop\u00f3sito celebrar pessoas negras e ind\u00edgenas, empresas e iniciativas que se destacam na luta pela igualdade racial no Brasil no ano de 2023. Com o compromisso inabal\u00e1vel do ID_BR em promover a igualdade racial, o evento em 2024 ser\u00e1 o maior j\u00e1 realizado, que j\u00e1 em 2023 impactou aproximadamente 80 milh\u00f5es de pessoas.<\/p>\n<p><a href=\"https:\/\/www.cidademarketing.com.br\/marketing\/sua-marca-vai-virar-noticia\/\" target=\"_blank\" rel=\"noopener\"><img fetchpriority=\"high\" decoding=\"async\" class=\"wp-image-44329 aligncenter\" src=\"https:\/\/www.cidademarketing.com.br\/marketing\/wp-content\/uploads\/2023\/04\/cidademarketing_backlinks_marketingdigital_publieditorial_.png\" alt=\"\" width=\"500\" height=\"500\" \/><\/a><\/p>\n<p>Em sua nova edi\u00e7\u00e3o, o Pr\u00eamio Sim \u00e0 Igualdade Racial atualiza o escopo do reconhecimento para 12 categorias, dez delas s\u00e3o: Arte em Movimento, Ra\u00e7a em Pauta, Influ\u00eancia e Representatividade Digital, Educa\u00e7\u00e3o e Oportunidades, Intelectualidade, Inspira\u00e7\u00e3o, Lideran\u00e7a, Trajet\u00f3ria Empreendedora, Comprometimento Racial e Destaque Publicit\u00e1rio, al\u00e9m de duas categorias de homenagens: Lideran\u00e7a Internacional e Antirracismo Ambiental. Qualquer pessoa, organiza\u00e7\u00e3o ou empresa podem se indicar ou serem indicados, reconhecendo suas not\u00e1veis contribui\u00e7\u00f5es para a promo\u00e7\u00e3o da igualdade racial.<\/p>\n<p>Valorizando a riqueza da diversidade brasileira, o Pr\u00eamio Sim \u00e0 Igualdade Racial busca ampliar e reconhecer l\u00edderes e iniciativas antirracistas em todas as regi\u00f5es do pa\u00eds. O Pr\u00eamio, que \u00e9 transmitido pelo canal Multishow desde 2018, passa a ser transmitido tamb\u00e9m em rede nacional pela TV Globo. Em 2024, a premia\u00e7\u00e3o ser\u00e1 gravada em maio, na Cidade das Artes, no Rio de Janeiro e transmitida tamb\u00e9m em maio na TV Globo.<\/p>\n<p>As inscri\u00e7\u00f5es para o Pr\u00eamio Sim \u00e0 Igualdade Racial 2024 estar\u00e3o abertas a partir do dia 20 de novembro e se encerram em 5 de dezembro. Durante esse per\u00edodo, o ID_BR convida a todos a se unirem nesta importante iniciativa para destacar e honrar aqueles que fazem a diferen\u00e7a na luta contra o racismo. Toda e qualquer pessoa pode realizar uma indica\u00e7\u00e3o por meio do <a href=\"https:\/\/www.simaigualdaderacial.com.br\/\" target=\"_blank\" rel=\"noopener\">site<\/a><\/p>\n<p><iframe title=\"Spotify Embed: Podcast CidadeMarketing\" style=\"border-radius: 12px\" width=\"100%\" height=\"152\" frameborder=\"0\" allowfullscreen allow=\"autoplay; clipboard-write; encrypted-media; fullscreen; picture-in-picture\" loading=\"lazy\" src=\"https:\/\/open.spotify.com\/embed\/show\/4khMKzP3FgFRWVwb73xicc?si=252fe5bff2b34909&#038;utm_source=oembed\"><\/iframe><\/p>\n<p>&nbsp;<\/p>\n<p>&#8220;Mais do que dizer n\u00e3o ao racismo, n\u00f3s dizemos \u2018Sim \u00e0 Igualdade Racial\u2019, \u2018sim \u00e0s melhores pr\u00e1ticas antirracistas\u2019, \u2018sim \u00e0s iniciativas inspiradoras\u2019. N\u00f3s acreditamos no poder de celebrar conquistas, hist\u00f3rias e iniciativas antirracistas para impulsionar mudan\u00e7as reais em grande escala&#8221;, diz Luana G\u00e9not, fundadora e diretora-executiva do ID_BR. &#8220;Ao destacar os esfor\u00e7os das pessoas e organiza\u00e7\u00f5es que lutam pela igualdade racial, esperamos criar um impacto duradouro e inspirar outros a se envolverem constantemente e ativamente nessa importante causa\u201d, destaca a fundadora.<\/p>\n","protected":false},"excerpt":{"rendered":"<p>O Instituto Identidades do Brasil (ID_BR), organiza\u00e7\u00e3o sem fins lucrativos, pioneira no Brasil e comprometida com a acelera\u00e7\u00e3o da promo\u00e7\u00e3o da igualdade racial, anuncia a abertura das inscri\u00e7\u00f5es para a 7\u00aa edi\u00e7\u00e3o do Pr\u00eamio Sim \u00e0 Igualdade Racial. O pr\u00eamio anual tem como prop\u00f3sito celebrar pessoas negras e ind\u00edgenas, empresas e iniciativas que se destacam [&hellip;]<\/p>\n","protected":false},"author":1,"featured_media":48847,"comment_status":"open","ping_status":"open","sticky":false,"template":"","format":"standard","meta":{"tdm_status":"","tdm_grid_status":"","footnotes":""},"categories":[6],"tags":[65,1124,100,33,2730,3872,28],"class_list":["post-48846","post","type-post","status-publish","format-standard","has-post-thumbnail","hentry","category-noticias","tag-campanha","tag-diversidade","tag-educacao","tag-estrategia","tag-id_br","tag-igualdade-racial","tag-marketing"],"yoast_head":"<!-- This site is optimized with the Yoast SEO plugin v27.5 - https:\/\/yoast.com\/product\/yoast-seo-wordpress\/ -->\n<title>ID_BR anuncia abertura das inscri\u00e7\u00f5es para o Pr\u00eamio Sim \u00e0 Igualdade Racial de 2024 - CidadeMarketing<\/title>\n<meta name=\"robots\" content=\"index, follow, max-snippet:-1, max-image-preview:large, max-video-preview:-1\" \/>\n<link rel=\"canonical\" href=\"https:\/\/www.cidademarketing.com.br\/marketing\/2023\/11\/20\/id_br-anuncia-abertura-das-inscricoes-para-o-premio-sim-a-igualdade-racial-de-2024\/\" \/>\n<meta property=\"og:locale\" content=\"pt_BR\" \/>\n<meta property=\"og:type\" content=\"article\" \/>\n<meta property=\"og:title\" content=\"ID_BR anuncia abertura das inscri\u00e7\u00f5es para o Pr\u00eamio Sim \u00e0 Igualdade Racial de 2024 - CidadeMarketing\" \/>\n<meta property=\"og:description\" content=\"O Instituto Identidades do Brasil (ID_BR), organiza\u00e7\u00e3o sem fins lucrativos, pioneira no Brasil e comprometida com a acelera\u00e7\u00e3o da promo\u00e7\u00e3o da igualdade racial, anuncia a abertura das inscri\u00e7\u00f5es para a 7\u00aa edi\u00e7\u00e3o do Pr\u00eamio Sim \u00e0 Igualdade Racial. O pr\u00eamio anual tem como prop\u00f3sito celebrar pessoas negras e ind\u00edgenas, empresas e iniciativas que se destacam [&hellip;]\" \/>\n<meta property=\"og:url\" content=\"https:\/\/www.cidademarketing.com.br\/marketing\/2023\/11\/20\/id_br-anuncia-abertura-das-inscricoes-para-o-premio-sim-a-igualdade-racial-de-2024\/\" \/>\n<meta property=\"og:site_name\" content=\"CidadeMarketing\" \/>\n<meta property=\"article:publisher\" content=\"https:\/\/www.facebook.com\/portalcidademarketing\" \/>\n<meta property=\"article:author\" content=\"https:\/\/www.facebook.com\/thalesbrandao\" \/>\n<meta property=\"article:published_time\" content=\"2023-11-21T01:38:05+00:00\" \/>\n<meta property=\"og:image\" content=\"https:\/\/www.cidademarketing.com.br\/marketing\/wp-content\/uploads\/2023\/11\/Premio_Sim_Igualdade_Racial_de_2024.jpg\" \/>\n\t<meta property=\"og:image:width\" content=\"865\" \/>\n\t<meta property=\"og:image:height\" content=\"871\" \/>\n\t<meta property=\"og:image:type\" content=\"image\/jpeg\" \/>\n<meta name=\"author\" content=\"Thales Brand\u00e3o\" \/>\n<meta name=\"twitter:card\" content=\"summary_large_image\" \/>\n<meta name=\"twitter:creator\" content=\"@http:\/\/www.twitter.com\/thalesbrandao\" \/>\n<meta name=\"twitter:site\" content=\"@CidadeMarketing\" \/>\n<meta name=\"twitter:label1\" content=\"Escrito por\" \/>\n\t<meta name=\"twitter:data1\" content=\"Thales Brand\u00e3o\" \/>\n\t<meta name=\"twitter:label2\" content=\"Est. tempo de leitura\" \/>\n\t<meta name=\"twitter:data2\" content=\"2 minutos\" \/>\n<script type=\"application\/ld+json\" class=\"yoast-schema-graph\">{\"@context\":\"https:\\\/\\\/schema.org\",\"@graph\":[{\"@type\":\"Article\",\"@id\":\"https:\\\/\\\/www.cidademarketing.com.br\\\/marketing\\\/2023\\\/11\\\/20\\\/id_br-anuncia-abertura-das-inscricoes-para-o-premio-sim-a-igualdade-racial-de-2024\\\/#article\",\"isPartOf\":{\"@id\":\"https:\\\/\\\/www.cidademarketing.com.br\\\/marketing\\\/2023\\\/11\\\/20\\\/id_br-anuncia-abertura-das-inscricoes-para-o-premio-sim-a-igualdade-racial-de-2024\\\/\"},\"author\":{\"name\":\"Thales Brand\u00e3o\",\"@id\":\"https:\\\/\\\/www.cidademarketing.com.br\\\/marketing\\\/#\\\/schema\\\/person\\\/02daff9f18bd9378c9e01eb6b2db155f\"},\"headline\":\"ID_BR anuncia abertura das inscri\u00e7\u00f5es para o Pr\u00eamio Sim \u00e0 Igualdade Racial de 2024\",\"datePublished\":\"2023-11-21T01:38:05+00:00\",\"mainEntityOfPage\":{\"@id\":\"https:\\\/\\\/www.cidademarketing.com.br\\\/marketing\\\/2023\\\/11\\\/20\\\/id_br-anuncia-abertura-das-inscricoes-para-o-premio-sim-a-igualdade-racial-de-2024\\\/\"},\"wordCount\":457,\"commentCount\":0,\"publisher\":{\"@id\":\"https:\\\/\\\/www.cidademarketing.com.br\\\/marketing\\\/#organization\"},\"image\":{\"@id\":\"https:\\\/\\\/www.cidademarketing.com.br\\\/marketing\\\/2023\\\/11\\\/20\\\/id_br-anuncia-abertura-das-inscricoes-para-o-premio-sim-a-igualdade-racial-de-2024\\\/#primaryimage\"},\"thumbnailUrl\":\"https:\\\/\\\/www.cidademarketing.com.br\\\/marketing\\\/wp-content\\\/uploads\\\/2023\\\/11\\\/Premio_Sim_Igualdade_Racial_de_2024.jpg\",\"keywords\":[\"campanha\",\"diversidade\",\"educa\u00e7\u00e3o\",\"estrat\u00e9gia\",\"ID_BR\",\"igualdade racial\",\"marketing\"],\"articleSection\":[\"Not\u00edcias\"],\"inLanguage\":\"pt-BR\",\"potentialAction\":[{\"@type\":\"CommentAction\",\"name\":\"Comment\",\"target\":[\"https:\\\/\\\/www.cidademarketing.com.br\\\/marketing\\\/2023\\\/11\\\/20\\\/id_br-anuncia-abertura-das-inscricoes-para-o-premio-sim-a-igualdade-racial-de-2024\\\/#respond\"]}]},{\"@type\":\"WebPage\",\"@id\":\"https:\\\/\\\/www.cidademarketing.com.br\\\/marketing\\\/2023\\\/11\\\/20\\\/id_br-anuncia-abertura-das-inscricoes-para-o-premio-sim-a-igualdade-racial-de-2024\\\/\",\"url\":\"https:\\\/\\\/www.cidademarketing.com.br\\\/marketing\\\/2023\\\/11\\\/20\\\/id_br-anuncia-abertura-das-inscricoes-para-o-premio-sim-a-igualdade-racial-de-2024\\\/\",\"name\":\"ID_BR anuncia abertura das inscri\u00e7\u00f5es para o Pr\u00eamio Sim \u00e0 Igualdade Racial de 2024 - CidadeMarketing\",\"isPartOf\":{\"@id\":\"https:\\\/\\\/www.cidademarketing.com.br\\\/marketing\\\/#website\"},\"primaryImageOfPage\":{\"@id\":\"https:\\\/\\\/www.cidademarketing.com.br\\\/marketing\\\/2023\\\/11\\\/20\\\/id_br-anuncia-abertura-das-inscricoes-para-o-premio-sim-a-igualdade-racial-de-2024\\\/#primaryimage\"},\"image\":{\"@id\":\"https:\\\/\\\/www.cidademarketing.com.br\\\/marketing\\\/2023\\\/11\\\/20\\\/id_br-anuncia-abertura-das-inscricoes-para-o-premio-sim-a-igualdade-racial-de-2024\\\/#primaryimage\"},\"thumbnailUrl\":\"https:\\\/\\\/www.cidademarketing.com.br\\\/marketing\\\/wp-content\\\/uploads\\\/2023\\\/11\\\/Premio_Sim_Igualdade_Racial_de_2024.jpg\",\"datePublished\":\"2023-11-21T01:38:05+00:00\",\"breadcrumb\":{\"@id\":\"https:\\\/\\\/www.cidademarketing.com.br\\\/marketing\\\/2023\\\/11\\\/20\\\/id_br-anuncia-abertura-das-inscricoes-para-o-premio-sim-a-igualdade-racial-de-2024\\\/#breadcrumb\"},\"inLanguage\":\"pt-BR\",\"potentialAction\":[{\"@type\":\"ReadAction\",\"target\":[\"https:\\\/\\\/www.cidademarketing.com.br\\\/marketing\\\/2023\\\/11\\\/20\\\/id_br-anuncia-abertura-das-inscricoes-para-o-premio-sim-a-igualdade-racial-de-2024\\\/\"]}]},{\"@type\":\"ImageObject\",\"inLanguage\":\"pt-BR\",\"@id\":\"https:\\\/\\\/www.cidademarketing.com.br\\\/marketing\\\/2023\\\/11\\\/20\\\/id_br-anuncia-abertura-das-inscricoes-para-o-premio-sim-a-igualdade-racial-de-2024\\\/#primaryimage\",\"url\":\"https:\\\/\\\/www.cidademarketing.com.br\\\/marketing\\\/wp-content\\\/uploads\\\/2023\\\/11\\\/Premio_Sim_Igualdade_Racial_de_2024.jpg\",\"contentUrl\":\"https:\\\/\\\/www.cidademarketing.com.br\\\/marketing\\\/wp-content\\\/uploads\\\/2023\\\/11\\\/Premio_Sim_Igualdade_Racial_de_2024.jpg\",\"width\":865,\"height\":871},{\"@type\":\"BreadcrumbList\",\"@id\":\"https:\\\/\\\/www.cidademarketing.com.br\\\/marketing\\\/2023\\\/11\\\/20\\\/id_br-anuncia-abertura-das-inscricoes-para-o-premio-sim-a-igualdade-racial-de-2024\\\/#breadcrumb\",\"itemListElement\":[{\"@type\":\"ListItem\",\"position\":1,\"name\":\"In\u00edcio\",\"item\":\"https:\\\/\\\/www.cidademarketing.com.br\\\/marketing\\\/\"},{\"@type\":\"ListItem\",\"position\":2,\"name\":\"ID_BR anuncia abertura das inscri\u00e7\u00f5es para o Pr\u00eamio Sim \u00e0 Igualdade Racial de 2024\"}]},{\"@type\":\"WebSite\",\"@id\":\"https:\\\/\\\/www.cidademarketing.com.br\\\/marketing\\\/#website\",\"url\":\"https:\\\/\\\/www.cidademarketing.com.br\\\/marketing\\\/\",\"name\":\"CidadeMarketing\",\"description\":\"Somos um ve\u00edculo de comunica\u00e7\u00e3o de destaque no Brasil, reconhecido por conte\u00fados nos segmentos de marketing, empreendedorismo e inova\u00e7\u00e3o.\",\"publisher\":{\"@id\":\"https:\\\/\\\/www.cidademarketing.com.br\\\/marketing\\\/#organization\"},\"alternateName\":\"CidadeMarketing\",\"potentialAction\":[{\"@type\":\"SearchAction\",\"target\":{\"@type\":\"EntryPoint\",\"urlTemplate\":\"https:\\\/\\\/www.cidademarketing.com.br\\\/marketing\\\/?s={search_term_string}\"},\"query-input\":{\"@type\":\"PropertyValueSpecification\",\"valueRequired\":true,\"valueName\":\"search_term_string\"}}],\"inLanguage\":\"pt-BR\"},{\"@type\":\"Organization\",\"@id\":\"https:\\\/\\\/www.cidademarketing.com.br\\\/marketing\\\/#organization\",\"name\":\"CidadeMarketing\",\"alternateName\":\"CidadeMarketing\",\"url\":\"https:\\\/\\\/www.cidademarketing.com.br\\\/marketing\\\/\",\"logo\":{\"@type\":\"ImageObject\",\"inLanguage\":\"pt-BR\",\"@id\":\"https:\\\/\\\/www.cidademarketing.com.br\\\/marketing\\\/#\\\/schema\\\/logo\\\/image\\\/\",\"url\":\"https:\\\/\\\/www.cidademarketing.com.br\\\/marketing\\\/wp-content\\\/uploads\\\/2020\\\/01\\\/cidademarketing_marca_mobile.png\",\"contentUrl\":\"https:\\\/\\\/www.cidademarketing.com.br\\\/marketing\\\/wp-content\\\/uploads\\\/2020\\\/01\\\/cidademarketing_marca_mobile.png\",\"width\":230,\"height\":92,\"caption\":\"CidadeMarketing\"},\"image\":{\"@id\":\"https:\\\/\\\/www.cidademarketing.com.br\\\/marketing\\\/#\\\/schema\\\/logo\\\/image\\\/\"},\"sameAs\":[\"https:\\\/\\\/www.facebook.com\\\/portalcidademarketing\",\"https:\\\/\\\/x.com\\\/CidadeMarketing\",\"https:\\\/\\\/www.instagram.com\\\/cidademarketing\\\/\"]},{\"@type\":\"Person\",\"@id\":\"https:\\\/\\\/www.cidademarketing.com.br\\\/marketing\\\/#\\\/schema\\\/person\\\/02daff9f18bd9378c9e01eb6b2db155f\",\"name\":\"Thales Brand\u00e3o\",\"image\":{\"@type\":\"ImageObject\",\"inLanguage\":\"pt-BR\",\"@id\":\"https:\\\/\\\/secure.gravatar.com\\\/avatar\\\/7ca3206950207cc3cb48feec56a8a7898741ab725c368d99d5d7a5a50aab80c6?s=96&d=mm&r=g\",\"url\":\"https:\\\/\\\/secure.gravatar.com\\\/avatar\\\/7ca3206950207cc3cb48feec56a8a7898741ab725c368d99d5d7a5a50aab80c6?s=96&d=mm&r=g\",\"contentUrl\":\"https:\\\/\\\/secure.gravatar.com\\\/avatar\\\/7ca3206950207cc3cb48feec56a8a7898741ab725c368d99d5d7a5a50aab80c6?s=96&d=mm&r=g\",\"caption\":\"Thales Brand\u00e3o\"},\"description\":\"Editor Executivo do Portal CidadeMarketing.com.br &gt; Mestre em Comunica\u00e7\u00e3o e Sociedade pela Universidade Federal de Sergipe. Possui MBA Executivo em Administra\u00e7\u00e3o com \u00eanfase em Marketing pela Funda\u00e7\u00e3o Get\u00falio Vargas - Rio de Janeiro. Consultor, Palestrante e Pesquisador sobre Empreendedorismo, Marketing, Redes Sociais e Neg\u00f3cios Digitais. Professor, Palestrante TedxTalks e Campus Party. Twitter: @ThalesBrandao\",\"sameAs\":[\"http:\\\/\\\/www.mandacaru.com.br\",\"https:\\\/\\\/www.facebook.com\\\/thalesbrandao\",\"http:\\\/\\\/www.instagram.com.br\\\/thalesbrandaoferreira\",\"https:\\\/\\\/www.linkedin.com\\\/in\\\/thales-brand\u00e3o-3948609\\\/\",\"https:\\\/\\\/x.com\\\/http:\\\/\\\/www.twitter.com\\\/thalesbrandao\"],\"url\":\"https:\\\/\\\/www.cidademarketing.com.br\\\/marketing\\\/author\\\/thalesbrandao\\\/\"}]}<\/script>\n<!-- \/ Yoast SEO plugin. -->","yoast_head_json":{"title":"ID_BR anuncia abertura das inscri\u00e7\u00f5es para o Pr\u00eamio Sim \u00e0 Igualdade Racial de 2024 - CidadeMarketing","robots":{"index":"index","follow":"follow","max-snippet":"max-snippet:-1","max-image-preview":"max-image-preview:large","max-video-preview":"max-video-preview:-1"},"canonical":"https:\/\/www.cidademarketing.com.br\/marketing\/2023\/11\/20\/id_br-anuncia-abertura-das-inscricoes-para-o-premio-sim-a-igualdade-racial-de-2024\/","og_locale":"pt_BR","og_type":"article","og_title":"ID_BR anuncia abertura das inscri\u00e7\u00f5es para o Pr\u00eamio Sim \u00e0 Igualdade Racial de 2024 - CidadeMarketing","og_description":"O Instituto Identidades do Brasil (ID_BR), organiza\u00e7\u00e3o sem fins lucrativos, pioneira no Brasil e comprometida com a acelera\u00e7\u00e3o da promo\u00e7\u00e3o da igualdade racial, anuncia a abertura das inscri\u00e7\u00f5es para a 7\u00aa edi\u00e7\u00e3o do Pr\u00eamio Sim \u00e0 Igualdade Racial. O pr\u00eamio anual tem como prop\u00f3sito celebrar pessoas negras e ind\u00edgenas, empresas e iniciativas que se destacam [&hellip;]","og_url":"https:\/\/www.cidademarketing.com.br\/marketing\/2023\/11\/20\/id_br-anuncia-abertura-das-inscricoes-para-o-premio-sim-a-igualdade-racial-de-2024\/","og_site_name":"CidadeMarketing","article_publisher":"https:\/\/www.facebook.com\/portalcidademarketing","article_author":"https:\/\/www.facebook.com\/thalesbrandao","article_published_time":"2023-11-21T01:38:05+00:00","og_image":[{"width":865,"height":871,"url":"https:\/\/www.cidademarketing.com.br\/marketing\/wp-content\/uploads\/2023\/11\/Premio_Sim_Igualdade_Racial_de_2024.jpg","type":"image\/jpeg"}],"author":"Thales Brand\u00e3o","twitter_card":"summary_large_image","twitter_creator":"@http:\/\/www.twitter.com\/thalesbrandao","twitter_site":"@CidadeMarketing","twitter_misc":{"Escrito por":"Thales Brand\u00e3o","Est. tempo de leitura":"2 minutos"},"schema":{"@context":"https:\/\/schema.org","@graph":[{"@type":"Article","@id":"https:\/\/www.cidademarketing.com.br\/marketing\/2023\/11\/20\/id_br-anuncia-abertura-das-inscricoes-para-o-premio-sim-a-igualdade-racial-de-2024\/#article","isPartOf":{"@id":"https:\/\/www.cidademarketing.com.br\/marketing\/2023\/11\/20\/id_br-anuncia-abertura-das-inscricoes-para-o-premio-sim-a-igualdade-racial-de-2024\/"},"author":{"name":"Thales Brand\u00e3o","@id":"https:\/\/www.cidademarketing.com.br\/marketing\/#\/schema\/person\/02daff9f18bd9378c9e01eb6b2db155f"},"headline":"ID_BR anuncia abertura das inscri\u00e7\u00f5es para o Pr\u00eamio Sim \u00e0 Igualdade Racial de 2024","datePublished":"2023-11-21T01:38:05+00:00","mainEntityOfPage":{"@id":"https:\/\/www.cidademarketing.com.br\/marketing\/2023\/11\/20\/id_br-anuncia-abertura-das-inscricoes-para-o-premio-sim-a-igualdade-racial-de-2024\/"},"wordCount":457,"commentCount":0,"publisher":{"@id":"https:\/\/www.cidademarketing.com.br\/marketing\/#organization"},"image":{"@id":"https:\/\/www.cidademarketing.com.br\/marketing\/2023\/11\/20\/id_br-anuncia-abertura-das-inscricoes-para-o-premio-sim-a-igualdade-racial-de-2024\/#primaryimage"},"thumbnailUrl":"https:\/\/www.cidademarketing.com.br\/marketing\/wp-content\/uploads\/2023\/11\/Premio_Sim_Igualdade_Racial_de_2024.jpg","keywords":["campanha","diversidade","educa\u00e7\u00e3o","estrat\u00e9gia","ID_BR","igualdade racial","marketing"],"articleSection":["Not\u00edcias"],"inLanguage":"pt-BR","potentialAction":[{"@type":"CommentAction","name":"Comment","target":["https:\/\/www.cidademarketing.com.br\/marketing\/2023\/11\/20\/id_br-anuncia-abertura-das-inscricoes-para-o-premio-sim-a-igualdade-racial-de-2024\/#respond"]}]},{"@type":"WebPage","@id":"https:\/\/www.cidademarketing.com.br\/marketing\/2023\/11\/20\/id_br-anuncia-abertura-das-inscricoes-para-o-premio-sim-a-igualdade-racial-de-2024\/","url":"https:\/\/www.cidademarketing.com.br\/marketing\/2023\/11\/20\/id_br-anuncia-abertura-das-inscricoes-para-o-premio-sim-a-igualdade-racial-de-2024\/","name":"ID_BR anuncia abertura das inscri\u00e7\u00f5es para o Pr\u00eamio Sim \u00e0 Igualdade Racial de 2024 - CidadeMarketing","isPartOf":{"@id":"https:\/\/www.cidademarketing.com.br\/marketing\/#website"},"primaryImageOfPage":{"@id":"https:\/\/www.cidademarketing.com.br\/marketing\/2023\/11\/20\/id_br-anuncia-abertura-das-inscricoes-para-o-premio-sim-a-igualdade-racial-de-2024\/#primaryimage"},"image":{"@id":"https:\/\/www.cidademarketing.com.br\/marketing\/2023\/11\/20\/id_br-anuncia-abertura-das-inscricoes-para-o-premio-sim-a-igualdade-racial-de-2024\/#primaryimage"},"thumbnailUrl":"https:\/\/www.cidademarketing.com.br\/marketing\/wp-content\/uploads\/2023\/11\/Premio_Sim_Igualdade_Racial_de_2024.jpg","datePublished":"2023-11-21T01:38:05+00:00","breadcrumb":{"@id":"https:\/\/www.cidademarketing.com.br\/marketing\/2023\/11\/20\/id_br-anuncia-abertura-das-inscricoes-para-o-premio-sim-a-igualdade-racial-de-2024\/#breadcrumb"},"inLanguage":"pt-BR","potentialAction":[{"@type":"ReadAction","target":["https:\/\/www.cidademarketing.com.br\/marketing\/2023\/11\/20\/id_br-anuncia-abertura-das-inscricoes-para-o-premio-sim-a-igualdade-racial-de-2024\/"]}]},{"@type":"ImageObject","inLanguage":"pt-BR","@id":"https:\/\/www.cidademarketing.com.br\/marketing\/2023\/11\/20\/id_br-anuncia-abertura-das-inscricoes-para-o-premio-sim-a-igualdade-racial-de-2024\/#primaryimage","url":"https:\/\/www.cidademarketing.com.br\/marketing\/wp-content\/uploads\/2023\/11\/Premio_Sim_Igualdade_Racial_de_2024.jpg","contentUrl":"https:\/\/www.cidademarketing.com.br\/marketing\/wp-content\/uploads\/2023\/11\/Premio_Sim_Igualdade_Racial_de_2024.jpg","width":865,"height":871},{"@type":"BreadcrumbList","@id":"https:\/\/www.cidademarketing.com.br\/marketing\/2023\/11\/20\/id_br-anuncia-abertura-das-inscricoes-para-o-premio-sim-a-igualdade-racial-de-2024\/#breadcrumb","itemListElement":[{"@type":"ListItem","position":1,"name":"In\u00edcio","item":"https:\/\/www.cidademarketing.com.br\/marketing\/"},{"@type":"ListItem","position":2,"name":"ID_BR anuncia abertura das inscri\u00e7\u00f5es para o Pr\u00eamio Sim \u00e0 Igualdade Racial de 2024"}]},{"@type":"WebSite","@id":"https:\/\/www.cidademarketing.com.br\/marketing\/#website","url":"https:\/\/www.cidademarketing.com.br\/marketing\/","name":"CidadeMarketing","description":"Somos um ve\u00edculo de comunica\u00e7\u00e3o de destaque no Brasil, reconhecido por conte\u00fados nos segmentos de marketing, empreendedorismo e inova\u00e7\u00e3o.","publisher":{"@id":"https:\/\/www.cidademarketing.com.br\/marketing\/#organization"},"alternateName":"CidadeMarketing","potentialAction":[{"@type":"SearchAction","target":{"@type":"EntryPoint","urlTemplate":"https:\/\/www.cidademarketing.com.br\/marketing\/?s={search_term_string}"},"query-input":{"@type":"PropertyValueSpecification","valueRequired":true,"valueName":"search_term_string"}}],"inLanguage":"pt-BR"},{"@type":"Organization","@id":"https:\/\/www.cidademarketing.com.br\/marketing\/#organization","name":"CidadeMarketing","alternateName":"CidadeMarketing","url":"https:\/\/www.cidademarketing.com.br\/marketing\/","logo":{"@type":"ImageObject","inLanguage":"pt-BR","@id":"https:\/\/www.cidademarketing.com.br\/marketing\/#\/schema\/logo\/image\/","url":"https:\/\/www.cidademarketing.com.br\/marketing\/wp-content\/uploads\/2020\/01\/cidademarketing_marca_mobile.png","contentUrl":"https:\/\/www.cidademarketing.com.br\/marketing\/wp-content\/uploads\/2020\/01\/cidademarketing_marca_mobile.png","width":230,"height":92,"caption":"CidadeMarketing"},"image":{"@id":"https:\/\/www.cidademarketing.com.br\/marketing\/#\/schema\/logo\/image\/"},"sameAs":["https:\/\/www.facebook.com\/portalcidademarketing","https:\/\/x.com\/CidadeMarketing","https:\/\/www.instagram.com\/cidademarketing\/"]},{"@type":"Person","@id":"https:\/\/www.cidademarketing.com.br\/marketing\/#\/schema\/person\/02daff9f18bd9378c9e01eb6b2db155f","name":"Thales Brand\u00e3o","image":{"@type":"ImageObject","inLanguage":"pt-BR","@id":"https:\/\/secure.gravatar.com\/avatar\/7ca3206950207cc3cb48feec56a8a7898741ab725c368d99d5d7a5a50aab80c6?s=96&d=mm&r=g","url":"https:\/\/secure.gravatar.com\/avatar\/7ca3206950207cc3cb48feec56a8a7898741ab725c368d99d5d7a5a50aab80c6?s=96&d=mm&r=g","contentUrl":"https:\/\/secure.gravatar.com\/avatar\/7ca3206950207cc3cb48feec56a8a7898741ab725c368d99d5d7a5a50aab80c6?s=96&d=mm&r=g","caption":"Thales Brand\u00e3o"},"description":"Editor Executivo do Portal CidadeMarketing.com.br &gt; Mestre em Comunica\u00e7\u00e3o e Sociedade pela Universidade Federal de Sergipe. Possui MBA Executivo em Administra\u00e7\u00e3o com \u00eanfase em Marketing pela Funda\u00e7\u00e3o Get\u00falio Vargas - Rio de Janeiro. Consultor, Palestrante e Pesquisador sobre Empreendedorismo, Marketing, Redes Sociais e Neg\u00f3cios Digitais. Professor, Palestrante TedxTalks e Campus Party. Twitter: @ThalesBrandao","sameAs":["http:\/\/www.mandacaru.com.br","https:\/\/www.facebook.com\/thalesbrandao","http:\/\/www.instagram.com.br\/thalesbrandaoferreira","https:\/\/www.linkedin.com\/in\/thales-brand\u00e3o-3948609\/","https:\/\/x.com\/http:\/\/www.twitter.com\/thalesbrandao"],"url":"https:\/\/www.cidademarketing.com.br\/marketing\/author\/thalesbrandao\/"}]}},"amp_enabled":true,"_links":{"self":[{"href":"https:\/\/www.cidademarketing.com.br\/marketing\/wp-json\/wp\/v2\/posts\/48846","targetHints":{"allow":["GET"]}}],"collection":[{"href":"https:\/\/www.cidademarketing.com.br\/marketing\/wp-json\/wp\/v2\/posts"}],"about":[{"href":"https:\/\/www.cidademarketing.com.br\/marketing\/wp-json\/wp\/v2\/types\/post"}],"author":[{"embeddable":true,"href":"https:\/\/www.cidademarketing.com.br\/marketing\/wp-json\/wp\/v2\/users\/1"}],"replies":[{"embeddable":true,"href":"https:\/\/www.cidademarketing.com.br\/marketing\/wp-json\/wp\/v2\/comments?post=48846"}],"version-history":[{"count":1,"href":"https:\/\/www.cidademarketing.com.br\/marketing\/wp-json\/wp\/v2\/posts\/48846\/revisions"}],"predecessor-version":[{"id":48848,"href":"https:\/\/www.cidademarketing.com.br\/marketing\/wp-json\/wp\/v2\/posts\/48846\/revisions\/48848"}],"wp:featuredmedia":[{"embeddable":true,"href":"https:\/\/www.cidademarketing.com.br\/marketing\/wp-json\/wp\/v2\/media\/48847"}],"wp:attachment":[{"href":"https:\/\/www.cidademarketing.com.br\/marketing\/wp-json\/wp\/v2\/media?parent=48846"}],"wp:term":[{"taxonomy":"category","embeddable":true,"href":"https:\/\/www.cidademarketing.com.br\/marketing\/wp-json\/wp\/v2\/categories?post=48846"},{"taxonomy":"post_tag","embeddable":true,"href":"https:\/\/www.cidademarketing.com.br\/marketing\/wp-json\/wp\/v2\/tags?post=48846"}],"curies":[{"name":"wp","href":"https:\/\/api.w.org\/{rel}","templated":true}]}}