{"id":48729,"date":"2023-11-14T00:10:09","date_gmt":"2023-11-14T03:10:09","guid":{"rendered":"https:\/\/www.cidademarketing.com.br\/marketing\/?p=48729"},"modified":"2023-11-14T00:10:09","modified_gmt":"2023-11-14T03:10:09","slug":"rafael-nadal-fala-sobre-sucesso-e-sua-jornada-em-nova-campanha-da-vivo","status":"publish","type":"post","link":"https:\/\/www.cidademarketing.com.br\/marketing\/2023\/11\/14\/rafael-nadal-fala-sobre-sucesso-e-sua-jornada-em-nova-campanha-da-vivo\/","title":{"rendered":"Rafael Nadal fala sobre sucesso e sua jornada em nova campanha da Vivo"},"content":{"rendered":"<p>O tenista espanhol Rafael Nadal \u00e9 o protagonista da nova campanha da Vivo, que tem como objetivo fortalecer a presen\u00e7a da marca junto ao mercado B2B. O filme da campanha mostra Nadal fazendo um depoimento in\u00e9dito sobre sua vis\u00e3o sobre coletividade no esporte, tra\u00e7ando um paralelo entre sua brilhante trajet\u00f3ria com o potencial da Vivo em colaborar com a evolu\u00e7\u00e3o de empres\u00e1rios de todos os portes.<\/p>\n<p><a href=\"https:\/\/www.cidademarketing.com.br\/marketing\/sua-marca-vai-virar-noticia\/\" target=\"_blank\" rel=\"noopener\"><img fetchpriority=\"high\" decoding=\"async\" class=\"wp-image-44329 aligncenter\" src=\"https:\/\/www.cidademarketing.com.br\/marketing\/wp-content\/uploads\/2023\/04\/cidademarketing_backlinks_marketingdigital_publieditorial_.png\" alt=\"\" width=\"500\" height=\"500\" \/><\/a><br \/>\nNo filme, Nadal fala sobre a import\u00e2ncia da equipe, dos treinadores, da fam\u00edlia e dos f\u00e3s para o seu sucesso. Ele tamb\u00e9m ressalta que o trabalho duro e a dedica\u00e7\u00e3o s\u00e3o essenciais para alcan\u00e7ar qualquer objetivo.<\/p>\n<p>\u201cComo empresa l\u00edder, queremos refor\u00e7ar o posicionamento de que Vivo tamb\u00e9m \u00e9 uma parceira tecnol\u00f3gica que contribui para o sucesso de muitas empresas do nosso pa\u00eds\u201d, comenta Marina Daineze, diretora de Marca e Comunica\u00e7\u00e3o da Vivo. \u201cA campanha traz esta ideia de que n\u00e3o importa se voc\u00ea \u00e9 uma pequena ou grande empresa, \u00e9 fundamental ter gente boa ao seu lado para chegar mais longe\u201d, complementa.<span style=\"font-size: 12.0pt; font-family: 'Arial',sans-serif; color: black;\">\u00a0<\/span><\/p>\n<p><iframe title=\"Spotify Embed: Podcast CidadeMarketing\" style=\"border-radius: 12px\" width=\"100%\" height=\"152\" frameborder=\"0\" allowfullscreen allow=\"autoplay; clipboard-write; encrypted-media; fullscreen; picture-in-picture\" loading=\"lazy\" src=\"https:\/\/open.spotify.com\/embed\/show\/4khMKzP3FgFRWVwb73xicc?si=252fe5bff2b34909&#038;utm_source=oembed\"><\/iframe><\/p>\n<p>A campanha da Vivo \u00e9 uma boa oportunidade para a marca refor\u00e7ar seu posicionamento como uma parceira tecnol\u00f3gica que contribui para o sucesso das empresas. O uso de Rafael Nadal como protagonista da campanha \u00e9 uma estrat\u00e9gia acertada, pois o tenista \u00e9 um s\u00edmbolo de sucesso, determina\u00e7\u00e3o e considerado o &#8220;rei do saibro&#8221;.<\/p>\n<p><iframe title=\"YouTube video player\" src=\"https:\/\/www.youtube.com\/embed\/FHZZzzNkBHQ?si=MYLa-sMaFe3QJDfT\" width=\"560\" height=\"315\" frameborder=\"0\" allowfullscreen=\"allowfullscreen\"><\/iframe><\/p>\n<p>FICHA T\u00c9CNICA<br \/>\nT\u00edtulo: Equipe<br \/>\nCliente: VIVO<br \/>\nProduto: Institucional B2B<br \/>\nCampanha: Nadal<br \/>\nAg\u00eancia: GALERIA .ag<br \/>\nCCO: Rafael Urenha<br \/>\nDire\u00e7\u00e3o Executiva de Cria\u00e7\u00e3o: Phil Daij\u00f3<br \/>\nDire\u00e7\u00e3o de Cria\u00e7\u00e3o: Arturo Marenda e Bruno Braz\u00e3o<br \/>\nCria\u00e7\u00e3o: Arturo Marenda, Bruno Braz\u00e3o e Rafael Fagundes<br \/>\nAtendimento: Ana Coutinho, Fernanda Recupero, Gabriela Teixeira, Maiara Scervino e Rafaela Neves<br \/>\nAprova\u00e7\u00e3o Cliente: Marina Daineze, Juliana Covino, Bianca Formiga, Ma\u00edra Rizzato e Cleber Munhoz<br \/>\nProjetos: Marione Oliveira, Beatriz Pelogia e Lucas Lopes<br \/>\nPR: Patricia Capuchinho, Mariana Novaes e Fernanda Gil<br \/>\nPlanejamento: Carol Mello, Thayssa Szymankyj, Rachel Lage, Camila Maciel e Nneamaka Edum<br \/>\nM\u00eddia: Paulo Ilha, Patricia Alves, Erminia Campolino, Luis Santana, Debora Veloso, Sanielly Peixoto, Murilo Amaral, Lidiana Correia, Samantha Schuenher e Marlon Pereira<br \/>\nJur\u00eddico: Rosimeire Brito e Isabelle Versannio<br \/>\nProdu\u00e7\u00e3o Integrada: Ducha Lopes, Priscilla Sanches, Beatriz Brand\u00e3o, Michelle Teixeira, Matheus Thiago, Ana Ananias e Renata Silva<br \/>\nDire\u00e7\u00e3o de Produ\u00e7\u00e3o Gr\u00e1fica, Digital e Artbuyer: Marcos Moura<br \/>\nArtbuyer: S\u00f4nia Santos<br \/>\nTratamento de Imagens: Marcelo Reis e Cesar Bonfim<\/p>\n<p>Produtora: DLKTSN<br \/>\nDirec\u0327a\u0303o: Pedro Becker<br \/>\nDiretor de Fotografia: Diego Robaldo<br \/>\nDiretora Executiva: Luciana Mattar<br \/>\nProdutora Executiva: Tathiana Pires e Cla\u0301udio Costa<br \/>\nHead of New Business: Mariana Lacoleta<br \/>\nLine Producer: Marcella Kaulino<br \/>\nAssistente de New Business\/Line Producer: Camilla Nucitelli o Coordenadoras de Produc\u0327a\u0303o: Grayce Felix<br \/>\nAssistente de Coordenac\u0327a\u0303o: Drielle Paiva<br \/>\nSecreta\u0301ria De Produc\u0327a\u0303o: Ana Paula Bento| Raissa Gonc\u0327alves<br \/>\nAssistente de Direc\u0327a\u0303o: Cristina Manzanares<br \/>\nDiretor de Produc\u0327a\u0303o: Montse Can\u0303ellas<br \/>\nDiretor de arte: Marcos Villarmin<br \/>\nFigurino: Maria Antonia Sampol<br \/>\nMaquiadora: Xisca Covas<br \/>\nPo\u0301s-Produc\u0327a\u0303o: Tribbo Post<br \/>\nFinalizador: Luis Bicudo<br \/>\nVFX: Bibinho<br \/>\nMontador: Pedro Becker<br \/>\nColor: Clandestino<\/p>\n<p>Produtora de Som: Satelite Audio<br \/>\nDire\u00e7\u00e3o Musical: Roberto Coelho, Kito Siqueira e Hurso Ambrifi<br \/>\nAtendimento: Fernanda Costa, Renata Schincariol e Daniel Chasin<br \/>\nProdu\u00e7\u00e3o Musical: Roberto Coelho, Hurso Ambrifi, Charly Coombes, Thiago Colli, Koitty e Pedro Motta<br \/>\nAssistente de Produ\u00e7\u00e3o Musical: Alexandre Avicena<br \/>\nFinaliza\u00e7\u00e3o: Carla Cornea, Vithor Moraes, Arthur Dossa e Iran Ribas<br \/>\nAssistente de Finaliza\u00e7\u00e3o: Esteban Romero<br \/>\nCoordena\u00e7\u00e3o de Produ\u00e7\u00e3o: Camila Guedes, Let\u00edcia Oliveira, Bea Vieira e Mariana Tardelli<\/p>\n","protected":false},"excerpt":{"rendered":"<p>O tenista espanhol Rafael Nadal \u00e9 o protagonista da nova campanha da Vivo, que tem como objetivo fortalecer a presen\u00e7a da marca junto ao mercado B2B. O filme da campanha mostra Nadal fazendo um depoimento in\u00e9dito sobre sua vis\u00e3o sobre coletividade no esporte, tra\u00e7ando um paralelo entre sua brilhante trajet\u00f3ria com o potencial da Vivo [&hellip;]<\/p>\n","protected":false},"author":1,"featured_media":48731,"comment_status":"open","ping_status":"open","sticky":false,"template":"","format":"standard","meta":{"tdm_status":"","tdm_grid_status":"","footnotes":""},"categories":[6,14],"tags":[65,33,28,6418,66,1448,119],"class_list":["post-48729","post","type-post","status-publish","format-standard","has-post-thumbnail","hentry","category-noticias","category-videos","tag-campanha","tag-estrategia","tag-marketing","tag-nadal","tag-propaganda","tag-tenis","tag-vivo"],"yoast_head":"<!-- This site is optimized with the Yoast SEO plugin v27.5 - https:\/\/yoast.com\/product\/yoast-seo-wordpress\/ -->\n<title>Rafael Nadal fala sobre sucesso e sua jornada em nova campanha da Vivo - CidadeMarketing<\/title>\n<meta name=\"robots\" content=\"index, follow, max-snippet:-1, max-image-preview:large, max-video-preview:-1\" \/>\n<link rel=\"canonical\" href=\"https:\/\/www.cidademarketing.com.br\/marketing\/2023\/11\/14\/rafael-nadal-fala-sobre-sucesso-e-sua-jornada-em-nova-campanha-da-vivo\/\" \/>\n<meta property=\"og:locale\" content=\"pt_BR\" \/>\n<meta property=\"og:type\" content=\"article\" \/>\n<meta property=\"og:title\" content=\"Rafael Nadal fala sobre sucesso e sua jornada em nova campanha da Vivo - CidadeMarketing\" \/>\n<meta property=\"og:description\" content=\"O tenista espanhol Rafael Nadal \u00e9 o protagonista da nova campanha da Vivo, que tem como objetivo fortalecer a presen\u00e7a da marca junto ao mercado B2B. O filme da campanha mostra Nadal fazendo um depoimento in\u00e9dito sobre sua vis\u00e3o sobre coletividade no esporte, tra\u00e7ando um paralelo entre sua brilhante trajet\u00f3ria com o potencial da Vivo [&hellip;]\" \/>\n<meta property=\"og:url\" content=\"https:\/\/www.cidademarketing.com.br\/marketing\/2023\/11\/14\/rafael-nadal-fala-sobre-sucesso-e-sua-jornada-em-nova-campanha-da-vivo\/\" \/>\n<meta property=\"og:site_name\" content=\"CidadeMarketing\" \/>\n<meta property=\"article:publisher\" content=\"https:\/\/www.facebook.com\/portalcidademarketing\" \/>\n<meta property=\"article:author\" content=\"https:\/\/www.facebook.com\/thalesbrandao\" \/>\n<meta property=\"article:published_time\" content=\"2023-11-14T03:10:09+00:00\" \/>\n<meta property=\"og:image\" content=\"https:\/\/www.cidademarketing.com.br\/marketing\/wp-content\/uploads\/2023\/11\/Vivo-e-Nadal-2.png\" \/>\n\t<meta property=\"og:image:width\" content=\"1920\" \/>\n\t<meta property=\"og:image:height\" content=\"675\" \/>\n\t<meta property=\"og:image:type\" content=\"image\/png\" \/>\n<meta name=\"author\" content=\"Thales Brand\u00e3o\" \/>\n<meta name=\"twitter:card\" content=\"summary_large_image\" \/>\n<meta name=\"twitter:creator\" content=\"@http:\/\/www.twitter.com\/thalesbrandao\" \/>\n<meta name=\"twitter:site\" content=\"@CidadeMarketing\" \/>\n<meta name=\"twitter:label1\" content=\"Escrito por\" \/>\n\t<meta name=\"twitter:data1\" content=\"Thales Brand\u00e3o\" \/>\n\t<meta name=\"twitter:label2\" content=\"Est. tempo de leitura\" \/>\n\t<meta name=\"twitter:data2\" content=\"3 minutos\" \/>\n<script type=\"application\/ld+json\" class=\"yoast-schema-graph\">{\"@context\":\"https:\\\/\\\/schema.org\",\"@graph\":[{\"@type\":\"Article\",\"@id\":\"https:\\\/\\\/www.cidademarketing.com.br\\\/marketing\\\/2023\\\/11\\\/14\\\/rafael-nadal-fala-sobre-sucesso-e-sua-jornada-em-nova-campanha-da-vivo\\\/#article\",\"isPartOf\":{\"@id\":\"https:\\\/\\\/www.cidademarketing.com.br\\\/marketing\\\/2023\\\/11\\\/14\\\/rafael-nadal-fala-sobre-sucesso-e-sua-jornada-em-nova-campanha-da-vivo\\\/\"},\"author\":{\"name\":\"Thales Brand\u00e3o\",\"@id\":\"https:\\\/\\\/www.cidademarketing.com.br\\\/marketing\\\/#\\\/schema\\\/person\\\/02daff9f18bd9378c9e01eb6b2db155f\"},\"headline\":\"Rafael Nadal fala sobre sucesso e sua jornada em nova campanha da Vivo\",\"datePublished\":\"2023-11-14T03:10:09+00:00\",\"mainEntityOfPage\":{\"@id\":\"https:\\\/\\\/www.cidademarketing.com.br\\\/marketing\\\/2023\\\/11\\\/14\\\/rafael-nadal-fala-sobre-sucesso-e-sua-jornada-em-nova-campanha-da-vivo\\\/\"},\"wordCount\":635,\"commentCount\":0,\"publisher\":{\"@id\":\"https:\\\/\\\/www.cidademarketing.com.br\\\/marketing\\\/#organization\"},\"image\":{\"@id\":\"https:\\\/\\\/www.cidademarketing.com.br\\\/marketing\\\/2023\\\/11\\\/14\\\/rafael-nadal-fala-sobre-sucesso-e-sua-jornada-em-nova-campanha-da-vivo\\\/#primaryimage\"},\"thumbnailUrl\":\"https:\\\/\\\/www.cidademarketing.com.br\\\/marketing\\\/wp-content\\\/uploads\\\/2023\\\/11\\\/Vivo-e-Nadal-2.png\",\"keywords\":[\"campanha\",\"estrat\u00e9gia\",\"marketing\",\"Nadal\",\"propaganda\",\"t\u00eanis\",\"Vivo\"],\"articleSection\":[\"Not\u00edcias\",\"Videos\"],\"inLanguage\":\"pt-BR\",\"potentialAction\":[{\"@type\":\"CommentAction\",\"name\":\"Comment\",\"target\":[\"https:\\\/\\\/www.cidademarketing.com.br\\\/marketing\\\/2023\\\/11\\\/14\\\/rafael-nadal-fala-sobre-sucesso-e-sua-jornada-em-nova-campanha-da-vivo\\\/#respond\"]}]},{\"@type\":\"WebPage\",\"@id\":\"https:\\\/\\\/www.cidademarketing.com.br\\\/marketing\\\/2023\\\/11\\\/14\\\/rafael-nadal-fala-sobre-sucesso-e-sua-jornada-em-nova-campanha-da-vivo\\\/\",\"url\":\"https:\\\/\\\/www.cidademarketing.com.br\\\/marketing\\\/2023\\\/11\\\/14\\\/rafael-nadal-fala-sobre-sucesso-e-sua-jornada-em-nova-campanha-da-vivo\\\/\",\"name\":\"Rafael Nadal fala sobre sucesso e sua jornada em nova campanha da Vivo - CidadeMarketing\",\"isPartOf\":{\"@id\":\"https:\\\/\\\/www.cidademarketing.com.br\\\/marketing\\\/#website\"},\"primaryImageOfPage\":{\"@id\":\"https:\\\/\\\/www.cidademarketing.com.br\\\/marketing\\\/2023\\\/11\\\/14\\\/rafael-nadal-fala-sobre-sucesso-e-sua-jornada-em-nova-campanha-da-vivo\\\/#primaryimage\"},\"image\":{\"@id\":\"https:\\\/\\\/www.cidademarketing.com.br\\\/marketing\\\/2023\\\/11\\\/14\\\/rafael-nadal-fala-sobre-sucesso-e-sua-jornada-em-nova-campanha-da-vivo\\\/#primaryimage\"},\"thumbnailUrl\":\"https:\\\/\\\/www.cidademarketing.com.br\\\/marketing\\\/wp-content\\\/uploads\\\/2023\\\/11\\\/Vivo-e-Nadal-2.png\",\"datePublished\":\"2023-11-14T03:10:09+00:00\",\"breadcrumb\":{\"@id\":\"https:\\\/\\\/www.cidademarketing.com.br\\\/marketing\\\/2023\\\/11\\\/14\\\/rafael-nadal-fala-sobre-sucesso-e-sua-jornada-em-nova-campanha-da-vivo\\\/#breadcrumb\"},\"inLanguage\":\"pt-BR\",\"potentialAction\":[{\"@type\":\"ReadAction\",\"target\":[\"https:\\\/\\\/www.cidademarketing.com.br\\\/marketing\\\/2023\\\/11\\\/14\\\/rafael-nadal-fala-sobre-sucesso-e-sua-jornada-em-nova-campanha-da-vivo\\\/\"]}]},{\"@type\":\"ImageObject\",\"inLanguage\":\"pt-BR\",\"@id\":\"https:\\\/\\\/www.cidademarketing.com.br\\\/marketing\\\/2023\\\/11\\\/14\\\/rafael-nadal-fala-sobre-sucesso-e-sua-jornada-em-nova-campanha-da-vivo\\\/#primaryimage\",\"url\":\"https:\\\/\\\/www.cidademarketing.com.br\\\/marketing\\\/wp-content\\\/uploads\\\/2023\\\/11\\\/Vivo-e-Nadal-2.png\",\"contentUrl\":\"https:\\\/\\\/www.cidademarketing.com.br\\\/marketing\\\/wp-content\\\/uploads\\\/2023\\\/11\\\/Vivo-e-Nadal-2.png\",\"width\":1920,\"height\":675,\"caption\":\"A campanha apresenta o conceito \u201cSucesso \u00e9 um esporte coletivo\u201d. Reprodu\u00e7\u00e3o\"},{\"@type\":\"BreadcrumbList\",\"@id\":\"https:\\\/\\\/www.cidademarketing.com.br\\\/marketing\\\/2023\\\/11\\\/14\\\/rafael-nadal-fala-sobre-sucesso-e-sua-jornada-em-nova-campanha-da-vivo\\\/#breadcrumb\",\"itemListElement\":[{\"@type\":\"ListItem\",\"position\":1,\"name\":\"In\u00edcio\",\"item\":\"https:\\\/\\\/www.cidademarketing.com.br\\\/marketing\\\/\"},{\"@type\":\"ListItem\",\"position\":2,\"name\":\"Rafael Nadal fala sobre sucesso e sua jornada em nova campanha da Vivo\"}]},{\"@type\":\"WebSite\",\"@id\":\"https:\\\/\\\/www.cidademarketing.com.br\\\/marketing\\\/#website\",\"url\":\"https:\\\/\\\/www.cidademarketing.com.br\\\/marketing\\\/\",\"name\":\"CidadeMarketing\",\"description\":\"Somos um ve\u00edculo de comunica\u00e7\u00e3o de destaque no Brasil, reconhecido por conte\u00fados nos segmentos de marketing, empreendedorismo e inova\u00e7\u00e3o.\",\"publisher\":{\"@id\":\"https:\\\/\\\/www.cidademarketing.com.br\\\/marketing\\\/#organization\"},\"alternateName\":\"CidadeMarketing\",\"potentialAction\":[{\"@type\":\"SearchAction\",\"target\":{\"@type\":\"EntryPoint\",\"urlTemplate\":\"https:\\\/\\\/www.cidademarketing.com.br\\\/marketing\\\/?s={search_term_string}\"},\"query-input\":{\"@type\":\"PropertyValueSpecification\",\"valueRequired\":true,\"valueName\":\"search_term_string\"}}],\"inLanguage\":\"pt-BR\"},{\"@type\":\"Organization\",\"@id\":\"https:\\\/\\\/www.cidademarketing.com.br\\\/marketing\\\/#organization\",\"name\":\"CidadeMarketing\",\"alternateName\":\"CidadeMarketing\",\"url\":\"https:\\\/\\\/www.cidademarketing.com.br\\\/marketing\\\/\",\"logo\":{\"@type\":\"ImageObject\",\"inLanguage\":\"pt-BR\",\"@id\":\"https:\\\/\\\/www.cidademarketing.com.br\\\/marketing\\\/#\\\/schema\\\/logo\\\/image\\\/\",\"url\":\"https:\\\/\\\/www.cidademarketing.com.br\\\/marketing\\\/wp-content\\\/uploads\\\/2020\\\/01\\\/cidademarketing_marca_mobile.png\",\"contentUrl\":\"https:\\\/\\\/www.cidademarketing.com.br\\\/marketing\\\/wp-content\\\/uploads\\\/2020\\\/01\\\/cidademarketing_marca_mobile.png\",\"width\":230,\"height\":92,\"caption\":\"CidadeMarketing\"},\"image\":{\"@id\":\"https:\\\/\\\/www.cidademarketing.com.br\\\/marketing\\\/#\\\/schema\\\/logo\\\/image\\\/\"},\"sameAs\":[\"https:\\\/\\\/www.facebook.com\\\/portalcidademarketing\",\"https:\\\/\\\/x.com\\\/CidadeMarketing\",\"https:\\\/\\\/www.instagram.com\\\/cidademarketing\\\/\"]},{\"@type\":\"Person\",\"@id\":\"https:\\\/\\\/www.cidademarketing.com.br\\\/marketing\\\/#\\\/schema\\\/person\\\/02daff9f18bd9378c9e01eb6b2db155f\",\"name\":\"Thales Brand\u00e3o\",\"image\":{\"@type\":\"ImageObject\",\"inLanguage\":\"pt-BR\",\"@id\":\"https:\\\/\\\/secure.gravatar.com\\\/avatar\\\/7ca3206950207cc3cb48feec56a8a7898741ab725c368d99d5d7a5a50aab80c6?s=96&d=mm&r=g\",\"url\":\"https:\\\/\\\/secure.gravatar.com\\\/avatar\\\/7ca3206950207cc3cb48feec56a8a7898741ab725c368d99d5d7a5a50aab80c6?s=96&d=mm&r=g\",\"contentUrl\":\"https:\\\/\\\/secure.gravatar.com\\\/avatar\\\/7ca3206950207cc3cb48feec56a8a7898741ab725c368d99d5d7a5a50aab80c6?s=96&d=mm&r=g\",\"caption\":\"Thales Brand\u00e3o\"},\"description\":\"Editor Executivo do Portal CidadeMarketing.com.br &gt; Mestre em Comunica\u00e7\u00e3o e Sociedade pela Universidade Federal de Sergipe. Possui MBA Executivo em Administra\u00e7\u00e3o com \u00eanfase em Marketing pela Funda\u00e7\u00e3o Get\u00falio Vargas - Rio de Janeiro. Consultor, Palestrante e Pesquisador sobre Empreendedorismo, Marketing, Redes Sociais e Neg\u00f3cios Digitais. Professor, Palestrante TedxTalks e Campus Party. Twitter: @ThalesBrandao\",\"sameAs\":[\"http:\\\/\\\/www.mandacaru.com.br\",\"https:\\\/\\\/www.facebook.com\\\/thalesbrandao\",\"http:\\\/\\\/www.instagram.com.br\\\/thalesbrandaoferreira\",\"https:\\\/\\\/www.linkedin.com\\\/in\\\/thales-brand\u00e3o-3948609\\\/\",\"https:\\\/\\\/x.com\\\/http:\\\/\\\/www.twitter.com\\\/thalesbrandao\"],\"url\":\"https:\\\/\\\/www.cidademarketing.com.br\\\/marketing\\\/author\\\/thalesbrandao\\\/\"}]}<\/script>\n<!-- \/ Yoast SEO plugin. -->","yoast_head_json":{"title":"Rafael Nadal fala sobre sucesso e sua jornada em nova campanha da Vivo - CidadeMarketing","robots":{"index":"index","follow":"follow","max-snippet":"max-snippet:-1","max-image-preview":"max-image-preview:large","max-video-preview":"max-video-preview:-1"},"canonical":"https:\/\/www.cidademarketing.com.br\/marketing\/2023\/11\/14\/rafael-nadal-fala-sobre-sucesso-e-sua-jornada-em-nova-campanha-da-vivo\/","og_locale":"pt_BR","og_type":"article","og_title":"Rafael Nadal fala sobre sucesso e sua jornada em nova campanha da Vivo - CidadeMarketing","og_description":"O tenista espanhol Rafael Nadal \u00e9 o protagonista da nova campanha da Vivo, que tem como objetivo fortalecer a presen\u00e7a da marca junto ao mercado B2B. O filme da campanha mostra Nadal fazendo um depoimento in\u00e9dito sobre sua vis\u00e3o sobre coletividade no esporte, tra\u00e7ando um paralelo entre sua brilhante trajet\u00f3ria com o potencial da Vivo [&hellip;]","og_url":"https:\/\/www.cidademarketing.com.br\/marketing\/2023\/11\/14\/rafael-nadal-fala-sobre-sucesso-e-sua-jornada-em-nova-campanha-da-vivo\/","og_site_name":"CidadeMarketing","article_publisher":"https:\/\/www.facebook.com\/portalcidademarketing","article_author":"https:\/\/www.facebook.com\/thalesbrandao","article_published_time":"2023-11-14T03:10:09+00:00","og_image":[{"width":1920,"height":675,"url":"https:\/\/www.cidademarketing.com.br\/marketing\/wp-content\/uploads\/2023\/11\/Vivo-e-Nadal-2.png","type":"image\/png"}],"author":"Thales Brand\u00e3o","twitter_card":"summary_large_image","twitter_creator":"@http:\/\/www.twitter.com\/thalesbrandao","twitter_site":"@CidadeMarketing","twitter_misc":{"Escrito por":"Thales Brand\u00e3o","Est. tempo de leitura":"3 minutos"},"schema":{"@context":"https:\/\/schema.org","@graph":[{"@type":"Article","@id":"https:\/\/www.cidademarketing.com.br\/marketing\/2023\/11\/14\/rafael-nadal-fala-sobre-sucesso-e-sua-jornada-em-nova-campanha-da-vivo\/#article","isPartOf":{"@id":"https:\/\/www.cidademarketing.com.br\/marketing\/2023\/11\/14\/rafael-nadal-fala-sobre-sucesso-e-sua-jornada-em-nova-campanha-da-vivo\/"},"author":{"name":"Thales Brand\u00e3o","@id":"https:\/\/www.cidademarketing.com.br\/marketing\/#\/schema\/person\/02daff9f18bd9378c9e01eb6b2db155f"},"headline":"Rafael Nadal fala sobre sucesso e sua jornada em nova campanha da Vivo","datePublished":"2023-11-14T03:10:09+00:00","mainEntityOfPage":{"@id":"https:\/\/www.cidademarketing.com.br\/marketing\/2023\/11\/14\/rafael-nadal-fala-sobre-sucesso-e-sua-jornada-em-nova-campanha-da-vivo\/"},"wordCount":635,"commentCount":0,"publisher":{"@id":"https:\/\/www.cidademarketing.com.br\/marketing\/#organization"},"image":{"@id":"https:\/\/www.cidademarketing.com.br\/marketing\/2023\/11\/14\/rafael-nadal-fala-sobre-sucesso-e-sua-jornada-em-nova-campanha-da-vivo\/#primaryimage"},"thumbnailUrl":"https:\/\/www.cidademarketing.com.br\/marketing\/wp-content\/uploads\/2023\/11\/Vivo-e-Nadal-2.png","keywords":["campanha","estrat\u00e9gia","marketing","Nadal","propaganda","t\u00eanis","Vivo"],"articleSection":["Not\u00edcias","Videos"],"inLanguage":"pt-BR","potentialAction":[{"@type":"CommentAction","name":"Comment","target":["https:\/\/www.cidademarketing.com.br\/marketing\/2023\/11\/14\/rafael-nadal-fala-sobre-sucesso-e-sua-jornada-em-nova-campanha-da-vivo\/#respond"]}]},{"@type":"WebPage","@id":"https:\/\/www.cidademarketing.com.br\/marketing\/2023\/11\/14\/rafael-nadal-fala-sobre-sucesso-e-sua-jornada-em-nova-campanha-da-vivo\/","url":"https:\/\/www.cidademarketing.com.br\/marketing\/2023\/11\/14\/rafael-nadal-fala-sobre-sucesso-e-sua-jornada-em-nova-campanha-da-vivo\/","name":"Rafael Nadal fala sobre sucesso e sua jornada em nova campanha da Vivo - CidadeMarketing","isPartOf":{"@id":"https:\/\/www.cidademarketing.com.br\/marketing\/#website"},"primaryImageOfPage":{"@id":"https:\/\/www.cidademarketing.com.br\/marketing\/2023\/11\/14\/rafael-nadal-fala-sobre-sucesso-e-sua-jornada-em-nova-campanha-da-vivo\/#primaryimage"},"image":{"@id":"https:\/\/www.cidademarketing.com.br\/marketing\/2023\/11\/14\/rafael-nadal-fala-sobre-sucesso-e-sua-jornada-em-nova-campanha-da-vivo\/#primaryimage"},"thumbnailUrl":"https:\/\/www.cidademarketing.com.br\/marketing\/wp-content\/uploads\/2023\/11\/Vivo-e-Nadal-2.png","datePublished":"2023-11-14T03:10:09+00:00","breadcrumb":{"@id":"https:\/\/www.cidademarketing.com.br\/marketing\/2023\/11\/14\/rafael-nadal-fala-sobre-sucesso-e-sua-jornada-em-nova-campanha-da-vivo\/#breadcrumb"},"inLanguage":"pt-BR","potentialAction":[{"@type":"ReadAction","target":["https:\/\/www.cidademarketing.com.br\/marketing\/2023\/11\/14\/rafael-nadal-fala-sobre-sucesso-e-sua-jornada-em-nova-campanha-da-vivo\/"]}]},{"@type":"ImageObject","inLanguage":"pt-BR","@id":"https:\/\/www.cidademarketing.com.br\/marketing\/2023\/11\/14\/rafael-nadal-fala-sobre-sucesso-e-sua-jornada-em-nova-campanha-da-vivo\/#primaryimage","url":"https:\/\/www.cidademarketing.com.br\/marketing\/wp-content\/uploads\/2023\/11\/Vivo-e-Nadal-2.png","contentUrl":"https:\/\/www.cidademarketing.com.br\/marketing\/wp-content\/uploads\/2023\/11\/Vivo-e-Nadal-2.png","width":1920,"height":675,"caption":"A campanha apresenta o conceito \u201cSucesso \u00e9 um esporte coletivo\u201d. Reprodu\u00e7\u00e3o"},{"@type":"BreadcrumbList","@id":"https:\/\/www.cidademarketing.com.br\/marketing\/2023\/11\/14\/rafael-nadal-fala-sobre-sucesso-e-sua-jornada-em-nova-campanha-da-vivo\/#breadcrumb","itemListElement":[{"@type":"ListItem","position":1,"name":"In\u00edcio","item":"https:\/\/www.cidademarketing.com.br\/marketing\/"},{"@type":"ListItem","position":2,"name":"Rafael Nadal fala sobre sucesso e sua jornada em nova campanha da Vivo"}]},{"@type":"WebSite","@id":"https:\/\/www.cidademarketing.com.br\/marketing\/#website","url":"https:\/\/www.cidademarketing.com.br\/marketing\/","name":"CidadeMarketing","description":"Somos um ve\u00edculo de comunica\u00e7\u00e3o de destaque no Brasil, reconhecido por conte\u00fados nos segmentos de marketing, empreendedorismo e inova\u00e7\u00e3o.","publisher":{"@id":"https:\/\/www.cidademarketing.com.br\/marketing\/#organization"},"alternateName":"CidadeMarketing","potentialAction":[{"@type":"SearchAction","target":{"@type":"EntryPoint","urlTemplate":"https:\/\/www.cidademarketing.com.br\/marketing\/?s={search_term_string}"},"query-input":{"@type":"PropertyValueSpecification","valueRequired":true,"valueName":"search_term_string"}}],"inLanguage":"pt-BR"},{"@type":"Organization","@id":"https:\/\/www.cidademarketing.com.br\/marketing\/#organization","name":"CidadeMarketing","alternateName":"CidadeMarketing","url":"https:\/\/www.cidademarketing.com.br\/marketing\/","logo":{"@type":"ImageObject","inLanguage":"pt-BR","@id":"https:\/\/www.cidademarketing.com.br\/marketing\/#\/schema\/logo\/image\/","url":"https:\/\/www.cidademarketing.com.br\/marketing\/wp-content\/uploads\/2020\/01\/cidademarketing_marca_mobile.png","contentUrl":"https:\/\/www.cidademarketing.com.br\/marketing\/wp-content\/uploads\/2020\/01\/cidademarketing_marca_mobile.png","width":230,"height":92,"caption":"CidadeMarketing"},"image":{"@id":"https:\/\/www.cidademarketing.com.br\/marketing\/#\/schema\/logo\/image\/"},"sameAs":["https:\/\/www.facebook.com\/portalcidademarketing","https:\/\/x.com\/CidadeMarketing","https:\/\/www.instagram.com\/cidademarketing\/"]},{"@type":"Person","@id":"https:\/\/www.cidademarketing.com.br\/marketing\/#\/schema\/person\/02daff9f18bd9378c9e01eb6b2db155f","name":"Thales Brand\u00e3o","image":{"@type":"ImageObject","inLanguage":"pt-BR","@id":"https:\/\/secure.gravatar.com\/avatar\/7ca3206950207cc3cb48feec56a8a7898741ab725c368d99d5d7a5a50aab80c6?s=96&d=mm&r=g","url":"https:\/\/secure.gravatar.com\/avatar\/7ca3206950207cc3cb48feec56a8a7898741ab725c368d99d5d7a5a50aab80c6?s=96&d=mm&r=g","contentUrl":"https:\/\/secure.gravatar.com\/avatar\/7ca3206950207cc3cb48feec56a8a7898741ab725c368d99d5d7a5a50aab80c6?s=96&d=mm&r=g","caption":"Thales Brand\u00e3o"},"description":"Editor Executivo do Portal CidadeMarketing.com.br &gt; Mestre em Comunica\u00e7\u00e3o e Sociedade pela Universidade Federal de Sergipe. Possui MBA Executivo em Administra\u00e7\u00e3o com \u00eanfase em Marketing pela Funda\u00e7\u00e3o Get\u00falio Vargas - Rio de Janeiro. Consultor, Palestrante e Pesquisador sobre Empreendedorismo, Marketing, Redes Sociais e Neg\u00f3cios Digitais. Professor, Palestrante TedxTalks e Campus Party. Twitter: @ThalesBrandao","sameAs":["http:\/\/www.mandacaru.com.br","https:\/\/www.facebook.com\/thalesbrandao","http:\/\/www.instagram.com.br\/thalesbrandaoferreira","https:\/\/www.linkedin.com\/in\/thales-brand\u00e3o-3948609\/","https:\/\/x.com\/http:\/\/www.twitter.com\/thalesbrandao"],"url":"https:\/\/www.cidademarketing.com.br\/marketing\/author\/thalesbrandao\/"}]}},"amp_enabled":true,"_links":{"self":[{"href":"https:\/\/www.cidademarketing.com.br\/marketing\/wp-json\/wp\/v2\/posts\/48729","targetHints":{"allow":["GET"]}}],"collection":[{"href":"https:\/\/www.cidademarketing.com.br\/marketing\/wp-json\/wp\/v2\/posts"}],"about":[{"href":"https:\/\/www.cidademarketing.com.br\/marketing\/wp-json\/wp\/v2\/types\/post"}],"author":[{"embeddable":true,"href":"https:\/\/www.cidademarketing.com.br\/marketing\/wp-json\/wp\/v2\/users\/1"}],"replies":[{"embeddable":true,"href":"https:\/\/www.cidademarketing.com.br\/marketing\/wp-json\/wp\/v2\/comments?post=48729"}],"version-history":[{"count":2,"href":"https:\/\/www.cidademarketing.com.br\/marketing\/wp-json\/wp\/v2\/posts\/48729\/revisions"}],"predecessor-version":[{"id":48732,"href":"https:\/\/www.cidademarketing.com.br\/marketing\/wp-json\/wp\/v2\/posts\/48729\/revisions\/48732"}],"wp:featuredmedia":[{"embeddable":true,"href":"https:\/\/www.cidademarketing.com.br\/marketing\/wp-json\/wp\/v2\/media\/48731"}],"wp:attachment":[{"href":"https:\/\/www.cidademarketing.com.br\/marketing\/wp-json\/wp\/v2\/media?parent=48729"}],"wp:term":[{"taxonomy":"category","embeddable":true,"href":"https:\/\/www.cidademarketing.com.br\/marketing\/wp-json\/wp\/v2\/categories?post=48729"},{"taxonomy":"post_tag","embeddable":true,"href":"https:\/\/www.cidademarketing.com.br\/marketing\/wp-json\/wp\/v2\/tags?post=48729"}],"curies":[{"name":"wp","href":"https:\/\/api.w.org\/{rel}","templated":true}]}}