{"id":48642,"date":"2023-11-08T08:17:20","date_gmt":"2023-11-08T11:17:20","guid":{"rendered":"https:\/\/www.cidademarketing.com.br\/marketing\/?p=48642"},"modified":"2023-11-08T08:17:20","modified_gmt":"2023-11-08T11:17:20","slug":"paixao-pelo-motociclismo-guia-time-brasileiro-rumo-ao-bmw-motorrad-international-gs-trophy-2024-na-namibia","status":"publish","type":"post","link":"https:\/\/www.cidademarketing.com.br\/marketing\/2023\/11\/08\/paixao-pelo-motociclismo-guia-time-brasileiro-rumo-ao-bmw-motorrad-international-gs-trophy-2024-na-namibia\/","title":{"rendered":"Paix\u00e3o pelo motociclismo guia time brasileiro rumo ao BMW Motorrad International GS Trophy 2024 na Nam\u00edbia"},"content":{"rendered":"<p>A paix\u00e3o pelo motociclismo \u00e9 o ponto em comum entre os cinco vencedores da etapa brasileira do BMW Motorrad GS Trophy. Fernando Dias, Igor Rezende e Tomaz Andr\u00e9 dos Santos representar\u00e3o o Brasil na final internacional na Nam\u00edbia, enquanto Eduarda Mikulski e Simone Barion disputar\u00e3o uma pr\u00e9-qualificat\u00f3ria na Espanha.<\/p>\n<p><a href=\"https:\/\/www.cidademarketing.com.br\/marketing\/sua-marca-vai-virar-noticia\/\" target=\"_blank\" rel=\"noopener\"><img fetchpriority=\"high\" decoding=\"async\" class=\"wp-image-44329 aligncenter\" src=\"https:\/\/www.cidademarketing.com.br\/marketing\/wp-content\/uploads\/2023\/04\/cidademarketing_backlinks_marketingdigital_publieditorial_.png\" alt=\"\" width=\"500\" height=\"500\" \/><\/a><\/p>\n<p>Natural de Pirapora do Bom Jesus (SP), o personal trainer Fernando Dias, de 31 anos, anda de motocicleta desde os 18 \u2014 quando ainda emprestava o ve\u00edculo dos amigos. \u201cAos 19 anos, eu comecei a andar com moto de trilha e, mais tarde, adquiri uma esportiva. O passo seguinte foi uma big trail\u201d, afirma o piloto, refor\u00e7ando que ingressou no mundo off road h\u00e1 dois anos. \u201cParticipar e ter esse \u00f3timo resultado no GS Trophy foi emocionante demais, desde a organiza\u00e7\u00e3o e o ambiente at\u00e9 a rela\u00e7\u00e3o com outros pilotos. \u00c9 muita intera\u00e7\u00e3o, n\u00f3s ficamos juntos, treinamos juntos, nunca tinha visto isso. Foi o que mais me apaixonou. Essa uni\u00e3o foi o que me cativou mais\u201d, exalta Fernando.<\/p>\n<p>Na mesma linha, o engenheiro mec\u00e2nico Igor Rezende, de Conselheiro Lafaiete (MG), tamb\u00e9m ingressou no motociclismo ainda muito jovem, por influ\u00eancia do pai. \u201cEu sempre gostei muito de off road e participei de competi\u00e7\u00f5es amadoras. Quando descobri a big trail foi pela versatilidade, pois gosto muito de viajar, \u00e9 um hobby meu. Consegui conciliar viagem, off road e motocicleta, tr\u00eas coisas que gosto pra caramba\u201d, afirma Igor, que j\u00e1 tinha participado das classificat\u00f3ria para o GS Trophy 2021, cuja final foi na Alb\u00e2nia. \u201cEu fui bem, mas fiquei com a aquela sensa\u00e7\u00e3o de que poderia ter ido melhor, ter treinado mais. E, neste ano, aconteceu tudo isso. Minha ficha n\u00e3o caiu. At\u00e9 chorei ligando para meus pais\u201d, complementa.<\/p>\n<p>Completando o trio masculino, o corretor de im\u00f3veis Tomaz Andr\u00e9 dos Santos, de Itapema (SC), al\u00e9m do motociclismo, tamb\u00e9m gosta de praticar esportes outdoor e de viajar. \u201cGosto de tudo que estiver envolvido com andar na natureza. Comecei com motos de velocidade, mas, ap\u00f3s um acidente, um amigo do meu pai me apresentou as big trails. Desde ent\u00e3o, minha vida tem sido em cima de uma big trail. S\u00e3o mais de 300 mil quil\u00f4metros s\u00f3 de GS\u201d, confessa o piloto, refor\u00e7ando que foi o esp\u00edrito de amizade que o trouxe ao GS Trophy 2023 e alicer\u00e7ou seu desempenho.<\/p>\n<p>Escala na Espanha<br \/>\nVencedoras da categoria feminina, Eduarda Mikulski e Simone Barion disputar\u00e3o uma pr\u00e9-qualificat\u00f3ria na Espanha. Engenheira civil de forma\u00e7\u00e3o, Eduarda tamb\u00e9m atua com per\u00edcia de acidente de tr\u00e2nsito, o que, segundo ela, j\u00e1 est\u00e1 bem relacionado ao seu hobby: andar de moto e pilotar. \u201cComecei a andar de motocicleta cedo, por influ\u00eancia da minha m\u00e3e, e n\u00e3o parei mais. O GS Trophy \u00e9 uma oportunidade de representar o pa\u00eds, uma competi\u00e7\u00e3o de alto n\u00edvel t\u00e9cnico, portanto, minha inten\u00e7\u00e3o \u00e9 seguir melhorando minha t\u00e9cnica para andar cada vez melhor\u201d, comenta a paranaense da cidade de Cascavel.<\/p>\n<p>J\u00e1 Simone Barion, de Jundia\u00ed (SP), precisou de \u201cper\u00edodos sab\u00e1ticos\u201d para voltar a andar de motocicleta. Primeiramente, foram 28 anos sem pilotar, at\u00e9 decidir comprar uma R 1250 GS. \u201cEu me apaixonei pelo off road e resolvi competir nas qualificat\u00f3ria para a Alb\u00e2nia, em 2021, mas acabei perdendo e fiquei muito chateada. Larguei minha moto e n\u00e3o subi at\u00e9 um m\u00eas antes da competi\u00e7\u00e3o, quando tomei a decis\u00e3o de voltar. Essa resolu\u00e7\u00e3o n\u00e3o veio nem tanto pelo desejo de ganhar, mas para rever amigos e reviver as emo\u00e7\u00f5es que s\u00f3 encontramos no GS Trophy\u201d, relata a paulista.<\/p>\n<p>A programa\u00e7\u00e3o nacional do GS Trophy teve tr\u00eas pr\u00e9-qualificat\u00f3rias, passando por Bras\u00edlia (DF), Elias Fausto (SP) e Caranda\u00ed (MG). Delas, 60 pilotos se classificaram para a grande final, realizada em Bragan\u00e7a Paulista (SP).<\/p>\n<p>BMW Motorrad International GS Trophy 2024 &#8211; Nam\u00edbia<br \/>\nEm 2024, o BMW Motorrad International GS Trophy 2024 chega a sua 9\u00aa edi\u00e7\u00e3o de volta ao continente africano, onde tudo come\u00e7ou, em 2008. Pa\u00eds sede do evento, a Nam\u00edbia re\u00fane paisagens magn\u00edficas, bem como flora e fauna \u00fanicas. Ao todo, 22 times nacionais v\u00e3o se aventurar na competi\u00e7\u00e3o, divididos em 16 masculinos e 6 femininos.<\/p>\n<p><iframe title=\"Spotify Embed: Podcast CidadeMarketing\" style=\"border-radius: 12px\" width=\"100%\" height=\"152\" frameborder=\"0\" allowfullscreen allow=\"autoplay; clipboard-write; encrypted-media; fullscreen; picture-in-picture\" loading=\"lazy\" src=\"https:\/\/open.spotify.com\/embed\/show\/4khMKzP3FgFRWVwb73xicc?si=252fe5bff2b34909&#038;utm_source=oembed\"><\/iframe><\/p>\n<p>&nbsp;<\/p>\n<p>O GS Trophy n\u00e3o \u00e9 uma corrida, mas uma competi\u00e7\u00e3o de equipes na qual uma sele\u00e7\u00e3o internacional de entusiastas off-road competem juntos em v\u00e1rias etapas especiais. O evento n\u00e3o se limita apenas a provas de pilotagem, pois inclui conhecimento e trabalho em equipe. Como os competidores passam muito tempo juntos, a aventura promove ainda um sentimento de uni\u00e3o e parceria. O prop\u00f3sito do GS Trophy \u00e9 conectar pessoas, culturas e motociclistas de todo o mundo \u2014 assim como fazem as motos BMW GS.<\/p>\n<p>Para mais imagens e v\u00eddeo dos participantes, clique aqui.<\/p>\n","protected":false},"excerpt":{"rendered":"<p>A paix\u00e3o pelo motociclismo \u00e9 o ponto em comum entre os cinco vencedores da etapa brasileira do BMW Motorrad GS Trophy. Fernando Dias, Igor Rezende e Tomaz Andr\u00e9 dos Santos representar\u00e3o o Brasil na final internacional na Nam\u00edbia, enquanto Eduarda Mikulski e Simone Barion disputar\u00e3o uma pr\u00e9-qualificat\u00f3ria na Espanha. Natural de Pirapora do Bom Jesus [&hellip;]<\/p>\n","protected":false},"author":1,"featured_media":48643,"comment_status":"open","ping_status":"open","sticky":false,"template":"","format":"standard","meta":{"tdm_status":"","tdm_grid_status":"","footnotes":""},"categories":[6],"tags":[363,65,33,805,28],"class_list":["post-48642","post","type-post","status-publish","format-standard","has-post-thumbnail","hentry","category-noticias","tag-bmw","tag-campanha","tag-estrategia","tag-experiencia","tag-marketing"],"yoast_head":"<!-- This site is optimized with the Yoast SEO plugin v27.5 - https:\/\/yoast.com\/product\/yoast-seo-wordpress\/ -->\n<title>Paix\u00e3o pelo motociclismo guia time brasileiro rumo ao BMW Motorrad International GS Trophy 2024 na Nam\u00edbia - CidadeMarketing<\/title>\n<meta name=\"robots\" content=\"index, follow, max-snippet:-1, max-image-preview:large, max-video-preview:-1\" \/>\n<link rel=\"canonical\" href=\"https:\/\/www.cidademarketing.com.br\/marketing\/2023\/11\/08\/paixao-pelo-motociclismo-guia-time-brasileiro-rumo-ao-bmw-motorrad-international-gs-trophy-2024-na-namibia\/\" \/>\n<meta property=\"og:locale\" content=\"pt_BR\" \/>\n<meta property=\"og:type\" content=\"article\" \/>\n<meta property=\"og:title\" content=\"Paix\u00e3o pelo motociclismo guia time brasileiro rumo ao BMW Motorrad International GS Trophy 2024 na Nam\u00edbia - CidadeMarketing\" \/>\n<meta property=\"og:description\" content=\"A paix\u00e3o pelo motociclismo \u00e9 o ponto em comum entre os cinco vencedores da etapa brasileira do BMW Motorrad GS Trophy. Fernando Dias, Igor Rezende e Tomaz Andr\u00e9 dos Santos representar\u00e3o o Brasil na final internacional na Nam\u00edbia, enquanto Eduarda Mikulski e Simone Barion disputar\u00e3o uma pr\u00e9-qualificat\u00f3ria na Espanha. Natural de Pirapora do Bom Jesus [&hellip;]\" \/>\n<meta property=\"og:url\" content=\"https:\/\/www.cidademarketing.com.br\/marketing\/2023\/11\/08\/paixao-pelo-motociclismo-guia-time-brasileiro-rumo-ao-bmw-motorrad-international-gs-trophy-2024-na-namibia\/\" \/>\n<meta property=\"og:site_name\" content=\"CidadeMarketing\" \/>\n<meta property=\"article:publisher\" content=\"https:\/\/www.facebook.com\/portalcidademarketing\" \/>\n<meta property=\"article:author\" content=\"https:\/\/www.facebook.com\/thalesbrandao\" \/>\n<meta property=\"article:published_time\" content=\"2023-11-08T11:17:20+00:00\" \/>\n<meta property=\"og:image\" content=\"https:\/\/www.cidademarketing.com.br\/marketing\/wp-content\/uploads\/2023\/11\/P90531488_highRes_bmw-motorrad-gs-trop-scaled.jpg\" \/>\n\t<meta property=\"og:image:width\" content=\"2560\" \/>\n\t<meta property=\"og:image:height\" content=\"1854\" \/>\n\t<meta property=\"og:image:type\" content=\"image\/jpeg\" \/>\n<meta name=\"author\" content=\"Thales Brand\u00e3o\" \/>\n<meta name=\"twitter:card\" content=\"summary_large_image\" \/>\n<meta name=\"twitter:creator\" content=\"@http:\/\/www.twitter.com\/thalesbrandao\" \/>\n<meta name=\"twitter:site\" content=\"@CidadeMarketing\" \/>\n<meta name=\"twitter:label1\" content=\"Escrito por\" \/>\n\t<meta name=\"twitter:data1\" content=\"Thales Brand\u00e3o\" \/>\n\t<meta name=\"twitter:label2\" content=\"Est. tempo de leitura\" \/>\n\t<meta name=\"twitter:data2\" content=\"4 minutos\" \/>\n<script type=\"application\/ld+json\" class=\"yoast-schema-graph\">{\"@context\":\"https:\\\/\\\/schema.org\",\"@graph\":[{\"@type\":\"Article\",\"@id\":\"https:\\\/\\\/www.cidademarketing.com.br\\\/marketing\\\/2023\\\/11\\\/08\\\/paixao-pelo-motociclismo-guia-time-brasileiro-rumo-ao-bmw-motorrad-international-gs-trophy-2024-na-namibia\\\/#article\",\"isPartOf\":{\"@id\":\"https:\\\/\\\/www.cidademarketing.com.br\\\/marketing\\\/2023\\\/11\\\/08\\\/paixao-pelo-motociclismo-guia-time-brasileiro-rumo-ao-bmw-motorrad-international-gs-trophy-2024-na-namibia\\\/\"},\"author\":{\"name\":\"Thales Brand\u00e3o\",\"@id\":\"https:\\\/\\\/www.cidademarketing.com.br\\\/marketing\\\/#\\\/schema\\\/person\\\/02daff9f18bd9378c9e01eb6b2db155f\"},\"headline\":\"Paix\u00e3o pelo motociclismo guia time brasileiro rumo ao BMW Motorrad International GS Trophy 2024 na Nam\u00edbia\",\"datePublished\":\"2023-11-08T11:17:20+00:00\",\"mainEntityOfPage\":{\"@id\":\"https:\\\/\\\/www.cidademarketing.com.br\\\/marketing\\\/2023\\\/11\\\/08\\\/paixao-pelo-motociclismo-guia-time-brasileiro-rumo-ao-bmw-motorrad-international-gs-trophy-2024-na-namibia\\\/\"},\"wordCount\":853,\"commentCount\":0,\"publisher\":{\"@id\":\"https:\\\/\\\/www.cidademarketing.com.br\\\/marketing\\\/#organization\"},\"image\":{\"@id\":\"https:\\\/\\\/www.cidademarketing.com.br\\\/marketing\\\/2023\\\/11\\\/08\\\/paixao-pelo-motociclismo-guia-time-brasileiro-rumo-ao-bmw-motorrad-international-gs-trophy-2024-na-namibia\\\/#primaryimage\"},\"thumbnailUrl\":\"https:\\\/\\\/www.cidademarketing.com.br\\\/marketing\\\/wp-content\\\/uploads\\\/2023\\\/11\\\/P90531488_highRes_bmw-motorrad-gs-trop-scaled.jpg\",\"keywords\":[\"BMW\",\"campanha\",\"estrat\u00e9gia\",\"experi\u00eancia\",\"marketing\"],\"articleSection\":[\"Not\u00edcias\"],\"inLanguage\":\"pt-BR\",\"potentialAction\":[{\"@type\":\"CommentAction\",\"name\":\"Comment\",\"target\":[\"https:\\\/\\\/www.cidademarketing.com.br\\\/marketing\\\/2023\\\/11\\\/08\\\/paixao-pelo-motociclismo-guia-time-brasileiro-rumo-ao-bmw-motorrad-international-gs-trophy-2024-na-namibia\\\/#respond\"]}]},{\"@type\":\"WebPage\",\"@id\":\"https:\\\/\\\/www.cidademarketing.com.br\\\/marketing\\\/2023\\\/11\\\/08\\\/paixao-pelo-motociclismo-guia-time-brasileiro-rumo-ao-bmw-motorrad-international-gs-trophy-2024-na-namibia\\\/\",\"url\":\"https:\\\/\\\/www.cidademarketing.com.br\\\/marketing\\\/2023\\\/11\\\/08\\\/paixao-pelo-motociclismo-guia-time-brasileiro-rumo-ao-bmw-motorrad-international-gs-trophy-2024-na-namibia\\\/\",\"name\":\"Paix\u00e3o pelo motociclismo guia time brasileiro rumo ao BMW Motorrad International GS Trophy 2024 na Nam\u00edbia - CidadeMarketing\",\"isPartOf\":{\"@id\":\"https:\\\/\\\/www.cidademarketing.com.br\\\/marketing\\\/#website\"},\"primaryImageOfPage\":{\"@id\":\"https:\\\/\\\/www.cidademarketing.com.br\\\/marketing\\\/2023\\\/11\\\/08\\\/paixao-pelo-motociclismo-guia-time-brasileiro-rumo-ao-bmw-motorrad-international-gs-trophy-2024-na-namibia\\\/#primaryimage\"},\"image\":{\"@id\":\"https:\\\/\\\/www.cidademarketing.com.br\\\/marketing\\\/2023\\\/11\\\/08\\\/paixao-pelo-motociclismo-guia-time-brasileiro-rumo-ao-bmw-motorrad-international-gs-trophy-2024-na-namibia\\\/#primaryimage\"},\"thumbnailUrl\":\"https:\\\/\\\/www.cidademarketing.com.br\\\/marketing\\\/wp-content\\\/uploads\\\/2023\\\/11\\\/P90531488_highRes_bmw-motorrad-gs-trop-scaled.jpg\",\"datePublished\":\"2023-11-08T11:17:20+00:00\",\"breadcrumb\":{\"@id\":\"https:\\\/\\\/www.cidademarketing.com.br\\\/marketing\\\/2023\\\/11\\\/08\\\/paixao-pelo-motociclismo-guia-time-brasileiro-rumo-ao-bmw-motorrad-international-gs-trophy-2024-na-namibia\\\/#breadcrumb\"},\"inLanguage\":\"pt-BR\",\"potentialAction\":[{\"@type\":\"ReadAction\",\"target\":[\"https:\\\/\\\/www.cidademarketing.com.br\\\/marketing\\\/2023\\\/11\\\/08\\\/paixao-pelo-motociclismo-guia-time-brasileiro-rumo-ao-bmw-motorrad-international-gs-trophy-2024-na-namibia\\\/\"]}]},{\"@type\":\"ImageObject\",\"inLanguage\":\"pt-BR\",\"@id\":\"https:\\\/\\\/www.cidademarketing.com.br\\\/marketing\\\/2023\\\/11\\\/08\\\/paixao-pelo-motociclismo-guia-time-brasileiro-rumo-ao-bmw-motorrad-international-gs-trophy-2024-na-namibia\\\/#primaryimage\",\"url\":\"https:\\\/\\\/www.cidademarketing.com.br\\\/marketing\\\/wp-content\\\/uploads\\\/2023\\\/11\\\/P90531488_highRes_bmw-motorrad-gs-trop-scaled.jpg\",\"contentUrl\":\"https:\\\/\\\/www.cidademarketing.com.br\\\/marketing\\\/wp-content\\\/uploads\\\/2023\\\/11\\\/P90531488_highRes_bmw-motorrad-gs-trop-scaled.jpg\",\"width\":2560,\"height\":1854,\"caption\":\"BMW Motorrad GS Trophy Brazil - Final\"},{\"@type\":\"BreadcrumbList\",\"@id\":\"https:\\\/\\\/www.cidademarketing.com.br\\\/marketing\\\/2023\\\/11\\\/08\\\/paixao-pelo-motociclismo-guia-time-brasileiro-rumo-ao-bmw-motorrad-international-gs-trophy-2024-na-namibia\\\/#breadcrumb\",\"itemListElement\":[{\"@type\":\"ListItem\",\"position\":1,\"name\":\"In\u00edcio\",\"item\":\"https:\\\/\\\/www.cidademarketing.com.br\\\/marketing\\\/\"},{\"@type\":\"ListItem\",\"position\":2,\"name\":\"Paix\u00e3o pelo motociclismo guia time brasileiro rumo ao BMW Motorrad International GS Trophy 2024 na Nam\u00edbia\"}]},{\"@type\":\"WebSite\",\"@id\":\"https:\\\/\\\/www.cidademarketing.com.br\\\/marketing\\\/#website\",\"url\":\"https:\\\/\\\/www.cidademarketing.com.br\\\/marketing\\\/\",\"name\":\"CidadeMarketing\",\"description\":\"Somos um ve\u00edculo de comunica\u00e7\u00e3o de destaque no Brasil, reconhecido por conte\u00fados nos segmentos de marketing, empreendedorismo e inova\u00e7\u00e3o.\",\"publisher\":{\"@id\":\"https:\\\/\\\/www.cidademarketing.com.br\\\/marketing\\\/#organization\"},\"alternateName\":\"CidadeMarketing\",\"potentialAction\":[{\"@type\":\"SearchAction\",\"target\":{\"@type\":\"EntryPoint\",\"urlTemplate\":\"https:\\\/\\\/www.cidademarketing.com.br\\\/marketing\\\/?s={search_term_string}\"},\"query-input\":{\"@type\":\"PropertyValueSpecification\",\"valueRequired\":true,\"valueName\":\"search_term_string\"}}],\"inLanguage\":\"pt-BR\"},{\"@type\":\"Organization\",\"@id\":\"https:\\\/\\\/www.cidademarketing.com.br\\\/marketing\\\/#organization\",\"name\":\"CidadeMarketing\",\"alternateName\":\"CidadeMarketing\",\"url\":\"https:\\\/\\\/www.cidademarketing.com.br\\\/marketing\\\/\",\"logo\":{\"@type\":\"ImageObject\",\"inLanguage\":\"pt-BR\",\"@id\":\"https:\\\/\\\/www.cidademarketing.com.br\\\/marketing\\\/#\\\/schema\\\/logo\\\/image\\\/\",\"url\":\"https:\\\/\\\/www.cidademarketing.com.br\\\/marketing\\\/wp-content\\\/uploads\\\/2020\\\/01\\\/cidademarketing_marca_mobile.png\",\"contentUrl\":\"https:\\\/\\\/www.cidademarketing.com.br\\\/marketing\\\/wp-content\\\/uploads\\\/2020\\\/01\\\/cidademarketing_marca_mobile.png\",\"width\":230,\"height\":92,\"caption\":\"CidadeMarketing\"},\"image\":{\"@id\":\"https:\\\/\\\/www.cidademarketing.com.br\\\/marketing\\\/#\\\/schema\\\/logo\\\/image\\\/\"},\"sameAs\":[\"https:\\\/\\\/www.facebook.com\\\/portalcidademarketing\",\"https:\\\/\\\/x.com\\\/CidadeMarketing\",\"https:\\\/\\\/www.instagram.com\\\/cidademarketing\\\/\"]},{\"@type\":\"Person\",\"@id\":\"https:\\\/\\\/www.cidademarketing.com.br\\\/marketing\\\/#\\\/schema\\\/person\\\/02daff9f18bd9378c9e01eb6b2db155f\",\"name\":\"Thales Brand\u00e3o\",\"image\":{\"@type\":\"ImageObject\",\"inLanguage\":\"pt-BR\",\"@id\":\"https:\\\/\\\/secure.gravatar.com\\\/avatar\\\/7ca3206950207cc3cb48feec56a8a7898741ab725c368d99d5d7a5a50aab80c6?s=96&d=mm&r=g\",\"url\":\"https:\\\/\\\/secure.gravatar.com\\\/avatar\\\/7ca3206950207cc3cb48feec56a8a7898741ab725c368d99d5d7a5a50aab80c6?s=96&d=mm&r=g\",\"contentUrl\":\"https:\\\/\\\/secure.gravatar.com\\\/avatar\\\/7ca3206950207cc3cb48feec56a8a7898741ab725c368d99d5d7a5a50aab80c6?s=96&d=mm&r=g\",\"caption\":\"Thales Brand\u00e3o\"},\"description\":\"Editor Executivo do Portal CidadeMarketing.com.br &gt; Mestre em Comunica\u00e7\u00e3o e Sociedade pela Universidade Federal de Sergipe. Possui MBA Executivo em Administra\u00e7\u00e3o com \u00eanfase em Marketing pela Funda\u00e7\u00e3o Get\u00falio Vargas - Rio de Janeiro. Consultor, Palestrante e Pesquisador sobre Empreendedorismo, Marketing, Redes Sociais e Neg\u00f3cios Digitais. Professor, Palestrante TedxTalks e Campus Party. Twitter: @ThalesBrandao\",\"sameAs\":[\"http:\\\/\\\/www.mandacaru.com.br\",\"https:\\\/\\\/www.facebook.com\\\/thalesbrandao\",\"http:\\\/\\\/www.instagram.com.br\\\/thalesbrandaoferreira\",\"https:\\\/\\\/www.linkedin.com\\\/in\\\/thales-brand\u00e3o-3948609\\\/\",\"https:\\\/\\\/x.com\\\/http:\\\/\\\/www.twitter.com\\\/thalesbrandao\"],\"url\":\"https:\\\/\\\/www.cidademarketing.com.br\\\/marketing\\\/author\\\/thalesbrandao\\\/\"}]}<\/script>\n<!-- \/ Yoast SEO plugin. -->","yoast_head_json":{"title":"Paix\u00e3o pelo motociclismo guia time brasileiro rumo ao BMW Motorrad International GS Trophy 2024 na Nam\u00edbia - CidadeMarketing","robots":{"index":"index","follow":"follow","max-snippet":"max-snippet:-1","max-image-preview":"max-image-preview:large","max-video-preview":"max-video-preview:-1"},"canonical":"https:\/\/www.cidademarketing.com.br\/marketing\/2023\/11\/08\/paixao-pelo-motociclismo-guia-time-brasileiro-rumo-ao-bmw-motorrad-international-gs-trophy-2024-na-namibia\/","og_locale":"pt_BR","og_type":"article","og_title":"Paix\u00e3o pelo motociclismo guia time brasileiro rumo ao BMW Motorrad International GS Trophy 2024 na Nam\u00edbia - CidadeMarketing","og_description":"A paix\u00e3o pelo motociclismo \u00e9 o ponto em comum entre os cinco vencedores da etapa brasileira do BMW Motorrad GS Trophy. Fernando Dias, Igor Rezende e Tomaz Andr\u00e9 dos Santos representar\u00e3o o Brasil na final internacional na Nam\u00edbia, enquanto Eduarda Mikulski e Simone Barion disputar\u00e3o uma pr\u00e9-qualificat\u00f3ria na Espanha. Natural de Pirapora do Bom Jesus [&hellip;]","og_url":"https:\/\/www.cidademarketing.com.br\/marketing\/2023\/11\/08\/paixao-pelo-motociclismo-guia-time-brasileiro-rumo-ao-bmw-motorrad-international-gs-trophy-2024-na-namibia\/","og_site_name":"CidadeMarketing","article_publisher":"https:\/\/www.facebook.com\/portalcidademarketing","article_author":"https:\/\/www.facebook.com\/thalesbrandao","article_published_time":"2023-11-08T11:17:20+00:00","og_image":[{"width":2560,"height":1854,"url":"https:\/\/www.cidademarketing.com.br\/marketing\/wp-content\/uploads\/2023\/11\/P90531488_highRes_bmw-motorrad-gs-trop-scaled.jpg","type":"image\/jpeg"}],"author":"Thales Brand\u00e3o","twitter_card":"summary_large_image","twitter_creator":"@http:\/\/www.twitter.com\/thalesbrandao","twitter_site":"@CidadeMarketing","twitter_misc":{"Escrito por":"Thales Brand\u00e3o","Est. tempo de leitura":"4 minutos"},"schema":{"@context":"https:\/\/schema.org","@graph":[{"@type":"Article","@id":"https:\/\/www.cidademarketing.com.br\/marketing\/2023\/11\/08\/paixao-pelo-motociclismo-guia-time-brasileiro-rumo-ao-bmw-motorrad-international-gs-trophy-2024-na-namibia\/#article","isPartOf":{"@id":"https:\/\/www.cidademarketing.com.br\/marketing\/2023\/11\/08\/paixao-pelo-motociclismo-guia-time-brasileiro-rumo-ao-bmw-motorrad-international-gs-trophy-2024-na-namibia\/"},"author":{"name":"Thales Brand\u00e3o","@id":"https:\/\/www.cidademarketing.com.br\/marketing\/#\/schema\/person\/02daff9f18bd9378c9e01eb6b2db155f"},"headline":"Paix\u00e3o pelo motociclismo guia time brasileiro rumo ao BMW Motorrad International GS Trophy 2024 na Nam\u00edbia","datePublished":"2023-11-08T11:17:20+00:00","mainEntityOfPage":{"@id":"https:\/\/www.cidademarketing.com.br\/marketing\/2023\/11\/08\/paixao-pelo-motociclismo-guia-time-brasileiro-rumo-ao-bmw-motorrad-international-gs-trophy-2024-na-namibia\/"},"wordCount":853,"commentCount":0,"publisher":{"@id":"https:\/\/www.cidademarketing.com.br\/marketing\/#organization"},"image":{"@id":"https:\/\/www.cidademarketing.com.br\/marketing\/2023\/11\/08\/paixao-pelo-motociclismo-guia-time-brasileiro-rumo-ao-bmw-motorrad-international-gs-trophy-2024-na-namibia\/#primaryimage"},"thumbnailUrl":"https:\/\/www.cidademarketing.com.br\/marketing\/wp-content\/uploads\/2023\/11\/P90531488_highRes_bmw-motorrad-gs-trop-scaled.jpg","keywords":["BMW","campanha","estrat\u00e9gia","experi\u00eancia","marketing"],"articleSection":["Not\u00edcias"],"inLanguage":"pt-BR","potentialAction":[{"@type":"CommentAction","name":"Comment","target":["https:\/\/www.cidademarketing.com.br\/marketing\/2023\/11\/08\/paixao-pelo-motociclismo-guia-time-brasileiro-rumo-ao-bmw-motorrad-international-gs-trophy-2024-na-namibia\/#respond"]}]},{"@type":"WebPage","@id":"https:\/\/www.cidademarketing.com.br\/marketing\/2023\/11\/08\/paixao-pelo-motociclismo-guia-time-brasileiro-rumo-ao-bmw-motorrad-international-gs-trophy-2024-na-namibia\/","url":"https:\/\/www.cidademarketing.com.br\/marketing\/2023\/11\/08\/paixao-pelo-motociclismo-guia-time-brasileiro-rumo-ao-bmw-motorrad-international-gs-trophy-2024-na-namibia\/","name":"Paix\u00e3o pelo motociclismo guia time brasileiro rumo ao BMW Motorrad International GS Trophy 2024 na Nam\u00edbia - CidadeMarketing","isPartOf":{"@id":"https:\/\/www.cidademarketing.com.br\/marketing\/#website"},"primaryImageOfPage":{"@id":"https:\/\/www.cidademarketing.com.br\/marketing\/2023\/11\/08\/paixao-pelo-motociclismo-guia-time-brasileiro-rumo-ao-bmw-motorrad-international-gs-trophy-2024-na-namibia\/#primaryimage"},"image":{"@id":"https:\/\/www.cidademarketing.com.br\/marketing\/2023\/11\/08\/paixao-pelo-motociclismo-guia-time-brasileiro-rumo-ao-bmw-motorrad-international-gs-trophy-2024-na-namibia\/#primaryimage"},"thumbnailUrl":"https:\/\/www.cidademarketing.com.br\/marketing\/wp-content\/uploads\/2023\/11\/P90531488_highRes_bmw-motorrad-gs-trop-scaled.jpg","datePublished":"2023-11-08T11:17:20+00:00","breadcrumb":{"@id":"https:\/\/www.cidademarketing.com.br\/marketing\/2023\/11\/08\/paixao-pelo-motociclismo-guia-time-brasileiro-rumo-ao-bmw-motorrad-international-gs-trophy-2024-na-namibia\/#breadcrumb"},"inLanguage":"pt-BR","potentialAction":[{"@type":"ReadAction","target":["https:\/\/www.cidademarketing.com.br\/marketing\/2023\/11\/08\/paixao-pelo-motociclismo-guia-time-brasileiro-rumo-ao-bmw-motorrad-international-gs-trophy-2024-na-namibia\/"]}]},{"@type":"ImageObject","inLanguage":"pt-BR","@id":"https:\/\/www.cidademarketing.com.br\/marketing\/2023\/11\/08\/paixao-pelo-motociclismo-guia-time-brasileiro-rumo-ao-bmw-motorrad-international-gs-trophy-2024-na-namibia\/#primaryimage","url":"https:\/\/www.cidademarketing.com.br\/marketing\/wp-content\/uploads\/2023\/11\/P90531488_highRes_bmw-motorrad-gs-trop-scaled.jpg","contentUrl":"https:\/\/www.cidademarketing.com.br\/marketing\/wp-content\/uploads\/2023\/11\/P90531488_highRes_bmw-motorrad-gs-trop-scaled.jpg","width":2560,"height":1854,"caption":"BMW Motorrad GS Trophy Brazil - Final"},{"@type":"BreadcrumbList","@id":"https:\/\/www.cidademarketing.com.br\/marketing\/2023\/11\/08\/paixao-pelo-motociclismo-guia-time-brasileiro-rumo-ao-bmw-motorrad-international-gs-trophy-2024-na-namibia\/#breadcrumb","itemListElement":[{"@type":"ListItem","position":1,"name":"In\u00edcio","item":"https:\/\/www.cidademarketing.com.br\/marketing\/"},{"@type":"ListItem","position":2,"name":"Paix\u00e3o pelo motociclismo guia time brasileiro rumo ao BMW Motorrad International GS Trophy 2024 na Nam\u00edbia"}]},{"@type":"WebSite","@id":"https:\/\/www.cidademarketing.com.br\/marketing\/#website","url":"https:\/\/www.cidademarketing.com.br\/marketing\/","name":"CidadeMarketing","description":"Somos um ve\u00edculo de comunica\u00e7\u00e3o de destaque no Brasil, reconhecido por conte\u00fados nos segmentos de marketing, empreendedorismo e inova\u00e7\u00e3o.","publisher":{"@id":"https:\/\/www.cidademarketing.com.br\/marketing\/#organization"},"alternateName":"CidadeMarketing","potentialAction":[{"@type":"SearchAction","target":{"@type":"EntryPoint","urlTemplate":"https:\/\/www.cidademarketing.com.br\/marketing\/?s={search_term_string}"},"query-input":{"@type":"PropertyValueSpecification","valueRequired":true,"valueName":"search_term_string"}}],"inLanguage":"pt-BR"},{"@type":"Organization","@id":"https:\/\/www.cidademarketing.com.br\/marketing\/#organization","name":"CidadeMarketing","alternateName":"CidadeMarketing","url":"https:\/\/www.cidademarketing.com.br\/marketing\/","logo":{"@type":"ImageObject","inLanguage":"pt-BR","@id":"https:\/\/www.cidademarketing.com.br\/marketing\/#\/schema\/logo\/image\/","url":"https:\/\/www.cidademarketing.com.br\/marketing\/wp-content\/uploads\/2020\/01\/cidademarketing_marca_mobile.png","contentUrl":"https:\/\/www.cidademarketing.com.br\/marketing\/wp-content\/uploads\/2020\/01\/cidademarketing_marca_mobile.png","width":230,"height":92,"caption":"CidadeMarketing"},"image":{"@id":"https:\/\/www.cidademarketing.com.br\/marketing\/#\/schema\/logo\/image\/"},"sameAs":["https:\/\/www.facebook.com\/portalcidademarketing","https:\/\/x.com\/CidadeMarketing","https:\/\/www.instagram.com\/cidademarketing\/"]},{"@type":"Person","@id":"https:\/\/www.cidademarketing.com.br\/marketing\/#\/schema\/person\/02daff9f18bd9378c9e01eb6b2db155f","name":"Thales Brand\u00e3o","image":{"@type":"ImageObject","inLanguage":"pt-BR","@id":"https:\/\/secure.gravatar.com\/avatar\/7ca3206950207cc3cb48feec56a8a7898741ab725c368d99d5d7a5a50aab80c6?s=96&d=mm&r=g","url":"https:\/\/secure.gravatar.com\/avatar\/7ca3206950207cc3cb48feec56a8a7898741ab725c368d99d5d7a5a50aab80c6?s=96&d=mm&r=g","contentUrl":"https:\/\/secure.gravatar.com\/avatar\/7ca3206950207cc3cb48feec56a8a7898741ab725c368d99d5d7a5a50aab80c6?s=96&d=mm&r=g","caption":"Thales Brand\u00e3o"},"description":"Editor Executivo do Portal CidadeMarketing.com.br &gt; Mestre em Comunica\u00e7\u00e3o e Sociedade pela Universidade Federal de Sergipe. Possui MBA Executivo em Administra\u00e7\u00e3o com \u00eanfase em Marketing pela Funda\u00e7\u00e3o Get\u00falio Vargas - Rio de Janeiro. Consultor, Palestrante e Pesquisador sobre Empreendedorismo, Marketing, Redes Sociais e Neg\u00f3cios Digitais. Professor, Palestrante TedxTalks e Campus Party. Twitter: @ThalesBrandao","sameAs":["http:\/\/www.mandacaru.com.br","https:\/\/www.facebook.com\/thalesbrandao","http:\/\/www.instagram.com.br\/thalesbrandaoferreira","https:\/\/www.linkedin.com\/in\/thales-brand\u00e3o-3948609\/","https:\/\/x.com\/http:\/\/www.twitter.com\/thalesbrandao"],"url":"https:\/\/www.cidademarketing.com.br\/marketing\/author\/thalesbrandao\/"}]}},"amp_enabled":true,"_links":{"self":[{"href":"https:\/\/www.cidademarketing.com.br\/marketing\/wp-json\/wp\/v2\/posts\/48642","targetHints":{"allow":["GET"]}}],"collection":[{"href":"https:\/\/www.cidademarketing.com.br\/marketing\/wp-json\/wp\/v2\/posts"}],"about":[{"href":"https:\/\/www.cidademarketing.com.br\/marketing\/wp-json\/wp\/v2\/types\/post"}],"author":[{"embeddable":true,"href":"https:\/\/www.cidademarketing.com.br\/marketing\/wp-json\/wp\/v2\/users\/1"}],"replies":[{"embeddable":true,"href":"https:\/\/www.cidademarketing.com.br\/marketing\/wp-json\/wp\/v2\/comments?post=48642"}],"version-history":[{"count":1,"href":"https:\/\/www.cidademarketing.com.br\/marketing\/wp-json\/wp\/v2\/posts\/48642\/revisions"}],"predecessor-version":[{"id":48644,"href":"https:\/\/www.cidademarketing.com.br\/marketing\/wp-json\/wp\/v2\/posts\/48642\/revisions\/48644"}],"wp:featuredmedia":[{"embeddable":true,"href":"https:\/\/www.cidademarketing.com.br\/marketing\/wp-json\/wp\/v2\/media\/48643"}],"wp:attachment":[{"href":"https:\/\/www.cidademarketing.com.br\/marketing\/wp-json\/wp\/v2\/media?parent=48642"}],"wp:term":[{"taxonomy":"category","embeddable":true,"href":"https:\/\/www.cidademarketing.com.br\/marketing\/wp-json\/wp\/v2\/categories?post=48642"},{"taxonomy":"post_tag","embeddable":true,"href":"https:\/\/www.cidademarketing.com.br\/marketing\/wp-json\/wp\/v2\/tags?post=48642"}],"curies":[{"name":"wp","href":"https:\/\/api.w.org\/{rel}","templated":true}]}}