{"id":48569,"date":"2023-11-05T09:02:31","date_gmt":"2023-11-05T12:02:31","guid":{"rendered":"https:\/\/www.cidademarketing.com.br\/marketing\/?p=48569"},"modified":"2023-11-05T09:02:31","modified_gmt":"2023-11-05T12:02:31","slug":"tanqueray-nomeia-palco-principal-do-festival-rock-the-mountain","status":"publish","type":"post","link":"https:\/\/www.cidademarketing.com.br\/marketing\/2023\/11\/05\/tanqueray-nomeia-palco-principal-do-festival-rock-the-mountain\/","title":{"rendered":"Tanqueray nomeia palco principal do festival Rock The Mountain"},"content":{"rendered":"<p>Presen\u00e7a garantida nos principais festivais de m\u00fasica do pa\u00eds, Tanqueray \u00e9 patrocinador master do Rock The Mountain 2023, em Petr\u00f3polis. O gin d\u00e1 nome a um dos palcos principais do evento, o Floresta by Tanqueray, que ao longo dos quatro dias receber\u00e1 grandes nomes da m\u00fasica brasileira, como Maria Rita, Marisa Monte, Jup do Bairro, Pitty e Maria Beth\u00e2nia, refor\u00e7ando a pot\u00eancia e a representatividade feminina na m\u00fasica. A marca tamb\u00e9m ir\u00e1 promover uma s\u00e9rie de a\u00e7\u00f5es especiais em prol do consumo consciente para que os f\u00e3s de m\u00fasica reunidos na serra fluminense tenham uma experi\u00eancia \u00fanica e ainda mais respons\u00e1vel.<\/p>\n<p><a href=\"https:\/\/www.cidademarketing.com.br\/marketing\/sua-marca-vai-virar-noticia\/\" target=\"_blank\" rel=\"noopener\"><img fetchpriority=\"high\" decoding=\"async\" class=\"wp-image-44329 aligncenter\" src=\"https:\/\/www.cidademarketing.com.br\/marketing\/wp-content\/uploads\/2023\/04\/cidademarketing_backlinks_marketingdigital_publieditorial_.png\" alt=\"\" width=\"500\" height=\"500\" \/><\/a><br \/>\nAl\u00e9m de bares propriet\u00e1rios espalhados pelo festival, nos quais ser\u00e1 poss\u00edvel apreciar drinks com as vers\u00f5es London Dry, Sevilla, Rangpur, Royale Dark Berry, nas caracter\u00edsticas ta\u00e7as verdes exclusivas, a marca apresenta o Pink Lemonade, uma vers\u00e3o de coquetel n\u00e3o alco\u00f3lico, que leva xarope de cramberry, suco de lim\u00e3o, \u00e1gua com g\u00e1s, gelo e rodela de lim\u00e3o. Na pista, o p\u00fablico poder\u00e1 encontrar o pr\u00e1tico Tanqueray Tonic pronto para beber. A iniciativa refor\u00e7a a atitude da marca em levar ao consumidor a qualidade e o sabor de Tanqueray de uma forma ainda mais pr\u00e1tica, apostando no f\u00e1cil acesso ao produto.<\/p>\n<p>Para potencializar ainda mais a mensagem de consumo respons\u00e1vel, Tanqueray apresenta pela primeira vez bebedouros de \u00e1gua caracterizados com as cores e logos da marca, que estar\u00e3o espalhados pelo espa\u00e7o. Totens com um quiz interativo sobre consumo respons\u00e1vel, oferecendo ao p\u00fablico brindes especiais como vouchers para a retirada de lanches e snacks ao longo do evento, com parceiros como Fazenda do Futuro e Borda&amp;Lenha, completam a experi\u00eancia.<\/p>\n<p>\u201cTanqueray \u00e9 uma marca que est\u00e1 consolidada no territ\u00f3rio da m\u00fasica por um trabalho de muitos anos em festivais, uma das nossas plataformas mais importantes. Tanto que, ao ver uma ta\u00e7a verde em um grande evento, voc\u00ea j\u00e1 sabe qual \u00e9 a bebida que est\u00e1 ali. Estamos nos grandes eventos internacionais, mas tamb\u00e9m apostamos na import\u00e2ncia e for\u00e7a da nossa cultura, em um evento que refor\u00e7a a m\u00fasica brasileira e traz ainda um line up 100% feminino. Por isso, queremos ir al\u00e9m do reconhecimento enquanto marca. Queremos que o p\u00fablico tenha a melhor das experi\u00eancias, mas sempre com responsabilidade. O nosso posicionamento refor\u00e7a a import\u00e2ncia do consumo consciente, com ativa\u00e7\u00f5es que garantir\u00e3o experi\u00eancias \u00fanicas ao p\u00fablico\u201d, diz Paula Lopes, Head de White Spirits e licores da Diageo, companhia propriet\u00e1ria de Tanqueray, sobre a atua\u00e7\u00e3o da marca de gin em festivais.<\/p>\n<p>As ativa\u00e7\u00f5es foram idealizadas e desenvolvidas pelas ag\u00eancias criativas Arc e AlmapBBDO. \u201cTanqueray marca presen\u00e7a in\u00e9dita no festival como patrocinador master e conecta um de seus pilares ao prop\u00f3sito do Rock The Mountain, falar com seu p\u00fablico sobre o consumo consciente para que as pessoas possam viver o melhor do festival de uma maneira mais inesquec\u00edvel e mais magn\u00edfica, ponderando todo o jeito de consumir\u201d, diz Tatiane Piovezam, diretora de Cria\u00e7\u00e3o da Arc.<\/p>\n<p>O Rock The Mountain acontece nos dias 4, 5, 11 e 12 de novembro, no Parque Municipal Prefeito Paulo Rattes, em Petr\u00f3polis, no Rio de Janeiro.<\/p>\n<p><iframe title=\"Spotify Embed: Podcast CidadeMarketing\" style=\"border-radius: 12px\" width=\"100%\" height=\"152\" frameborder=\"0\" allowfullscreen allow=\"autoplay; clipboard-write; encrypted-media; fullscreen; picture-in-picture\" loading=\"lazy\" src=\"https:\/\/open.spotify.com\/embed\/show\/4khMKzP3FgFRWVwb73xicc?si=252fe5bff2b34909&#038;utm_source=oembed\"><\/iframe><\/p>\n<p>&nbsp;<\/p>\n<p>Aprecie com modera\u00e7\u00e3o. N\u00e3o compartilhe com menores de 18 anos.<\/p>\n<p>FICHA T\u00c9CNICA<br \/>\nProjeto: Rock the mountain<br \/>\nAnunciante: Diageo<br \/>\nProduto: Tanqueray<br \/>\nAg\u00eancia de Comunica\u00e7\u00e3o: ARC Worldwide<br \/>\nDiretora de Cria\u00e7\u00e3o: Tatiane Piovezam<br \/>\nCria\u00e7\u00e3o: Diego Matos, Isis Ara\u00fajo e Vitor Coutinho<br \/>\nAtendimento e Neg\u00f3cios: Marilia Queiroz, Bruna<br \/>\nS\u00e1, Pedro Campos e Laura Pelegrini<br \/>\nPlanejamento: Guilherme Dias, Nicole Ortiz e Bianca Prazeres<br \/>\nConte\u00fado: Juliana Moraes<br \/>\nAprova\u00e7\u00e3o Cliente: Patricia Borges, Paula Lopes, Sophia Albuquerque, Guilherme Pinheiro,<br \/>\nAndr\u00e9 Pinheiro.<br \/>\nAg\u00eancia de M\u00eddia: Almap BBDO<br \/>\nM\u00eddia: Daniele Dechiqui de Abreu, Samara Pinto de Moraes Queiroz, Mariana Leite Nunes da<br \/>\nCosta, Gabriel Henrique Silva Pereira, Mikael Moreira da Silva Guedes e Giovanna Pereira<br \/>\nColetto.<br \/>\nAg\u00eancia de PR e Marketing de Influ\u00eancia: Index Conectada<br \/>\nGerente de PR: Yasmin Ayache<br \/>\nCoordenadora de PR: Carolina Algaves<br \/>\nPR: Isabella C\u00f3rdoba<br \/>\nGerente de Marketing de Influ\u00eancia: Rodrigo Neri<br \/>\nCoordenadora de Marketing de Influ\u00eancia: Maysa Pizutto<br \/>\nMarketing de Influ\u00eancia: Evelyn Cristine<br \/>\nProdutora de capta\u00e7\u00e3o: Pridia<br \/>\nFot\u00f3grafa: Amanda de Melo Silveira, Rayane Duarte de Almeida e Lais Lima Moss<br \/>\nVideomaker: Jo\u00e3o Pedro Pereira Mouta<br \/>\nEditores RT: Victor Hugo Godinho Gugliermetti e Camille da Cunha Braz<br \/>\nProdutora: Luisa Clasen Silva<br \/>\nPiloto Drone: Rodrigo da Silva Leal<\/p>\n","protected":false},"excerpt":{"rendered":"<p>Presen\u00e7a garantida nos principais festivais de m\u00fasica do pa\u00eds, Tanqueray \u00e9 patrocinador master do Rock The Mountain 2023, em Petr\u00f3polis. O gin d\u00e1 nome a um dos palcos principais do evento, o Floresta by Tanqueray, que ao longo dos quatro dias receber\u00e1 grandes nomes da m\u00fasica brasileira, como Maria Rita, Marisa Monte, Jup do Bairro, [&hellip;]<\/p>\n","protected":false},"author":1,"featured_media":48570,"comment_status":"open","ping_status":"open","sticky":false,"template":"","format":"standard","meta":{"tdm_status":"","tdm_grid_status":"","footnotes":""},"categories":[6],"tags":[65,1182,33,805,28,1742,199,1009,5691],"class_list":["post-48569","post","type-post","status-publish","format-standard","has-post-thumbnail","hentry","category-noticias","tag-campanha","tag-entretenimento","tag-estrategia","tag-experiencia","tag-marketing","tag-musica","tag-rio-de-janeiro","tag-rj","tag-tanqueray"],"yoast_head":"<!-- This site is optimized with the Yoast SEO plugin v27.4 - https:\/\/yoast.com\/product\/yoast-seo-wordpress\/ -->\n<title>Tanqueray nomeia palco principal do festival Rock The Mountain - CidadeMarketing<\/title>\n<meta name=\"robots\" content=\"index, follow, max-snippet:-1, max-image-preview:large, max-video-preview:-1\" \/>\n<link rel=\"canonical\" href=\"https:\/\/www.cidademarketing.com.br\/marketing\/2023\/11\/05\/tanqueray-nomeia-palco-principal-do-festival-rock-the-mountain\/\" \/>\n<meta property=\"og:locale\" content=\"pt_BR\" \/>\n<meta property=\"og:type\" content=\"article\" \/>\n<meta property=\"og:title\" content=\"Tanqueray nomeia palco principal do festival Rock The Mountain - CidadeMarketing\" \/>\n<meta property=\"og:description\" content=\"Presen\u00e7a garantida nos principais festivais de m\u00fasica do pa\u00eds, Tanqueray \u00e9 patrocinador master do Rock The Mountain 2023, em Petr\u00f3polis. O gin d\u00e1 nome a um dos palcos principais do evento, o Floresta by Tanqueray, que ao longo dos quatro dias receber\u00e1 grandes nomes da m\u00fasica brasileira, como Maria Rita, Marisa Monte, Jup do Bairro, [&hellip;]\" \/>\n<meta property=\"og:url\" content=\"https:\/\/www.cidademarketing.com.br\/marketing\/2023\/11\/05\/tanqueray-nomeia-palco-principal-do-festival-rock-the-mountain\/\" \/>\n<meta property=\"og:site_name\" content=\"CidadeMarketing\" \/>\n<meta property=\"article:publisher\" content=\"https:\/\/www.facebook.com\/portalcidademarketing\" \/>\n<meta property=\"article:author\" content=\"https:\/\/www.facebook.com\/thalesbrandao\" \/>\n<meta property=\"article:published_time\" content=\"2023-11-05T12:02:31+00:00\" \/>\n<meta property=\"og:image\" content=\"https:\/\/www.cidademarketing.com.br\/marketing\/wp-content\/uploads\/2023\/11\/tanqueray_marca.png\" \/>\n\t<meta property=\"og:image:width\" content=\"1920\" \/>\n\t<meta property=\"og:image:height\" content=\"1080\" \/>\n\t<meta property=\"og:image:type\" content=\"image\/png\" \/>\n<meta name=\"author\" content=\"Thales Brand\u00e3o\" \/>\n<meta name=\"twitter:card\" content=\"summary_large_image\" \/>\n<meta name=\"twitter:creator\" content=\"@http:\/\/www.twitter.com\/thalesbrandao\" \/>\n<meta name=\"twitter:site\" content=\"@CidadeMarketing\" \/>\n<meta name=\"twitter:label1\" content=\"Escrito por\" \/>\n\t<meta name=\"twitter:data1\" content=\"Thales Brand\u00e3o\" \/>\n\t<meta name=\"twitter:label2\" content=\"Est. tempo de leitura\" \/>\n\t<meta name=\"twitter:data2\" content=\"4 minutos\" \/>\n<script type=\"application\/ld+json\" class=\"yoast-schema-graph\">{\"@context\":\"https:\\\/\\\/schema.org\",\"@graph\":[{\"@type\":\"Article\",\"@id\":\"https:\\\/\\\/www.cidademarketing.com.br\\\/marketing\\\/2023\\\/11\\\/05\\\/tanqueray-nomeia-palco-principal-do-festival-rock-the-mountain\\\/#article\",\"isPartOf\":{\"@id\":\"https:\\\/\\\/www.cidademarketing.com.br\\\/marketing\\\/2023\\\/11\\\/05\\\/tanqueray-nomeia-palco-principal-do-festival-rock-the-mountain\\\/\"},\"author\":{\"name\":\"Thales Brand\u00e3o\",\"@id\":\"https:\\\/\\\/www.cidademarketing.com.br\\\/marketing\\\/#\\\/schema\\\/person\\\/02daff9f18bd9378c9e01eb6b2db155f\"},\"headline\":\"Tanqueray nomeia palco principal do festival Rock The Mountain\",\"datePublished\":\"2023-11-05T12:02:31+00:00\",\"mainEntityOfPage\":{\"@id\":\"https:\\\/\\\/www.cidademarketing.com.br\\\/marketing\\\/2023\\\/11\\\/05\\\/tanqueray-nomeia-palco-principal-do-festival-rock-the-mountain\\\/\"},\"wordCount\":803,\"commentCount\":0,\"publisher\":{\"@id\":\"https:\\\/\\\/www.cidademarketing.com.br\\\/marketing\\\/#organization\"},\"image\":{\"@id\":\"https:\\\/\\\/www.cidademarketing.com.br\\\/marketing\\\/2023\\\/11\\\/05\\\/tanqueray-nomeia-palco-principal-do-festival-rock-the-mountain\\\/#primaryimage\"},\"thumbnailUrl\":\"https:\\\/\\\/www.cidademarketing.com.br\\\/marketing\\\/wp-content\\\/uploads\\\/2023\\\/11\\\/tanqueray_marca.png\",\"keywords\":[\"campanha\",\"entretenimento\",\"estrat\u00e9gia\",\"experi\u00eancia\",\"marketing\",\"m\u00fasica\",\"Rio de Janeiro\",\"RJ\",\"Tanqueray\"],\"articleSection\":[\"Not\u00edcias\"],\"inLanguage\":\"pt-BR\",\"potentialAction\":[{\"@type\":\"CommentAction\",\"name\":\"Comment\",\"target\":[\"https:\\\/\\\/www.cidademarketing.com.br\\\/marketing\\\/2023\\\/11\\\/05\\\/tanqueray-nomeia-palco-principal-do-festival-rock-the-mountain\\\/#respond\"]}]},{\"@type\":\"WebPage\",\"@id\":\"https:\\\/\\\/www.cidademarketing.com.br\\\/marketing\\\/2023\\\/11\\\/05\\\/tanqueray-nomeia-palco-principal-do-festival-rock-the-mountain\\\/\",\"url\":\"https:\\\/\\\/www.cidademarketing.com.br\\\/marketing\\\/2023\\\/11\\\/05\\\/tanqueray-nomeia-palco-principal-do-festival-rock-the-mountain\\\/\",\"name\":\"Tanqueray nomeia palco principal do festival Rock The Mountain - CidadeMarketing\",\"isPartOf\":{\"@id\":\"https:\\\/\\\/www.cidademarketing.com.br\\\/marketing\\\/#website\"},\"primaryImageOfPage\":{\"@id\":\"https:\\\/\\\/www.cidademarketing.com.br\\\/marketing\\\/2023\\\/11\\\/05\\\/tanqueray-nomeia-palco-principal-do-festival-rock-the-mountain\\\/#primaryimage\"},\"image\":{\"@id\":\"https:\\\/\\\/www.cidademarketing.com.br\\\/marketing\\\/2023\\\/11\\\/05\\\/tanqueray-nomeia-palco-principal-do-festival-rock-the-mountain\\\/#primaryimage\"},\"thumbnailUrl\":\"https:\\\/\\\/www.cidademarketing.com.br\\\/marketing\\\/wp-content\\\/uploads\\\/2023\\\/11\\\/tanqueray_marca.png\",\"datePublished\":\"2023-11-05T12:02:31+00:00\",\"breadcrumb\":{\"@id\":\"https:\\\/\\\/www.cidademarketing.com.br\\\/marketing\\\/2023\\\/11\\\/05\\\/tanqueray-nomeia-palco-principal-do-festival-rock-the-mountain\\\/#breadcrumb\"},\"inLanguage\":\"pt-BR\",\"potentialAction\":[{\"@type\":\"ReadAction\",\"target\":[\"https:\\\/\\\/www.cidademarketing.com.br\\\/marketing\\\/2023\\\/11\\\/05\\\/tanqueray-nomeia-palco-principal-do-festival-rock-the-mountain\\\/\"]}]},{\"@type\":\"ImageObject\",\"inLanguage\":\"pt-BR\",\"@id\":\"https:\\\/\\\/www.cidademarketing.com.br\\\/marketing\\\/2023\\\/11\\\/05\\\/tanqueray-nomeia-palco-principal-do-festival-rock-the-mountain\\\/#primaryimage\",\"url\":\"https:\\\/\\\/www.cidademarketing.com.br\\\/marketing\\\/wp-content\\\/uploads\\\/2023\\\/11\\\/tanqueray_marca.png\",\"contentUrl\":\"https:\\\/\\\/www.cidademarketing.com.br\\\/marketing\\\/wp-content\\\/uploads\\\/2023\\\/11\\\/tanqueray_marca.png\",\"width\":1920,\"height\":1080,\"caption\":\"A Diageo \u00e9 l\u00edder mundial no segmento de bebidas alco\u00f3licas premium, com uma cole\u00e7\u00e3o de marcas nas categorias de bebidas destiladas. O portf\u00f3lio inclui marcas como Johnnie Walker, Tanqueray, Smirnoff, Old Parr, Gordon\u2019s, Baileys, C\u00eeroc, Guinness e Ypi\u00f3ca, entre outras.\"},{\"@type\":\"BreadcrumbList\",\"@id\":\"https:\\\/\\\/www.cidademarketing.com.br\\\/marketing\\\/2023\\\/11\\\/05\\\/tanqueray-nomeia-palco-principal-do-festival-rock-the-mountain\\\/#breadcrumb\",\"itemListElement\":[{\"@type\":\"ListItem\",\"position\":1,\"name\":\"In\u00edcio\",\"item\":\"https:\\\/\\\/www.cidademarketing.com.br\\\/marketing\\\/\"},{\"@type\":\"ListItem\",\"position\":2,\"name\":\"Tanqueray nomeia palco principal do festival Rock The Mountain\"}]},{\"@type\":\"WebSite\",\"@id\":\"https:\\\/\\\/www.cidademarketing.com.br\\\/marketing\\\/#website\",\"url\":\"https:\\\/\\\/www.cidademarketing.com.br\\\/marketing\\\/\",\"name\":\"CidadeMarketing\",\"description\":\"Somos um ve\u00edculo de comunica\u00e7\u00e3o de destaque no Brasil, reconhecido por conte\u00fados nos segmentos de marketing, empreendedorismo e inova\u00e7\u00e3o.\",\"publisher\":{\"@id\":\"https:\\\/\\\/www.cidademarketing.com.br\\\/marketing\\\/#organization\"},\"alternateName\":\"CidadeMarketing\",\"potentialAction\":[{\"@type\":\"SearchAction\",\"target\":{\"@type\":\"EntryPoint\",\"urlTemplate\":\"https:\\\/\\\/www.cidademarketing.com.br\\\/marketing\\\/?s={search_term_string}\"},\"query-input\":{\"@type\":\"PropertyValueSpecification\",\"valueRequired\":true,\"valueName\":\"search_term_string\"}}],\"inLanguage\":\"pt-BR\"},{\"@type\":\"Organization\",\"@id\":\"https:\\\/\\\/www.cidademarketing.com.br\\\/marketing\\\/#organization\",\"name\":\"CidadeMarketing\",\"alternateName\":\"CidadeMarketing\",\"url\":\"https:\\\/\\\/www.cidademarketing.com.br\\\/marketing\\\/\",\"logo\":{\"@type\":\"ImageObject\",\"inLanguage\":\"pt-BR\",\"@id\":\"https:\\\/\\\/www.cidademarketing.com.br\\\/marketing\\\/#\\\/schema\\\/logo\\\/image\\\/\",\"url\":\"https:\\\/\\\/www.cidademarketing.com.br\\\/marketing\\\/wp-content\\\/uploads\\\/2020\\\/01\\\/cidademarketing_marca_mobile.png\",\"contentUrl\":\"https:\\\/\\\/www.cidademarketing.com.br\\\/marketing\\\/wp-content\\\/uploads\\\/2020\\\/01\\\/cidademarketing_marca_mobile.png\",\"width\":230,\"height\":92,\"caption\":\"CidadeMarketing\"},\"image\":{\"@id\":\"https:\\\/\\\/www.cidademarketing.com.br\\\/marketing\\\/#\\\/schema\\\/logo\\\/image\\\/\"},\"sameAs\":[\"https:\\\/\\\/www.facebook.com\\\/portalcidademarketing\",\"https:\\\/\\\/x.com\\\/CidadeMarketing\",\"https:\\\/\\\/www.instagram.com\\\/cidademarketing\\\/\"]},{\"@type\":\"Person\",\"@id\":\"https:\\\/\\\/www.cidademarketing.com.br\\\/marketing\\\/#\\\/schema\\\/person\\\/02daff9f18bd9378c9e01eb6b2db155f\",\"name\":\"Thales Brand\u00e3o\",\"image\":{\"@type\":\"ImageObject\",\"inLanguage\":\"pt-BR\",\"@id\":\"https:\\\/\\\/secure.gravatar.com\\\/avatar\\\/7ca3206950207cc3cb48feec56a8a7898741ab725c368d99d5d7a5a50aab80c6?s=96&d=mm&r=g\",\"url\":\"https:\\\/\\\/secure.gravatar.com\\\/avatar\\\/7ca3206950207cc3cb48feec56a8a7898741ab725c368d99d5d7a5a50aab80c6?s=96&d=mm&r=g\",\"contentUrl\":\"https:\\\/\\\/secure.gravatar.com\\\/avatar\\\/7ca3206950207cc3cb48feec56a8a7898741ab725c368d99d5d7a5a50aab80c6?s=96&d=mm&r=g\",\"caption\":\"Thales Brand\u00e3o\"},\"description\":\"Editor Executivo do Portal CidadeMarketing.com.br &gt; Mestre em Comunica\u00e7\u00e3o e Sociedade pela Universidade Federal de Sergipe. Possui MBA Executivo em Administra\u00e7\u00e3o com \u00eanfase em Marketing pela Funda\u00e7\u00e3o Get\u00falio Vargas - Rio de Janeiro. Consultor, Palestrante e Pesquisador sobre Empreendedorismo, Marketing, Redes Sociais e Neg\u00f3cios Digitais. Professor, Palestrante TedxTalks e Campus Party. Twitter: @ThalesBrandao\",\"sameAs\":[\"http:\\\/\\\/www.mandacaru.com.br\",\"https:\\\/\\\/www.facebook.com\\\/thalesbrandao\",\"http:\\\/\\\/www.instagram.com.br\\\/thalesbrandaoferreira\",\"https:\\\/\\\/www.linkedin.com\\\/in\\\/thales-brand\u00e3o-3948609\\\/\",\"https:\\\/\\\/x.com\\\/http:\\\/\\\/www.twitter.com\\\/thalesbrandao\"],\"url\":\"https:\\\/\\\/www.cidademarketing.com.br\\\/marketing\\\/author\\\/thalesbrandao\\\/\"}]}<\/script>\n<!-- \/ Yoast SEO plugin. -->","yoast_head_json":{"title":"Tanqueray nomeia palco principal do festival Rock The Mountain - CidadeMarketing","robots":{"index":"index","follow":"follow","max-snippet":"max-snippet:-1","max-image-preview":"max-image-preview:large","max-video-preview":"max-video-preview:-1"},"canonical":"https:\/\/www.cidademarketing.com.br\/marketing\/2023\/11\/05\/tanqueray-nomeia-palco-principal-do-festival-rock-the-mountain\/","og_locale":"pt_BR","og_type":"article","og_title":"Tanqueray nomeia palco principal do festival Rock The Mountain - CidadeMarketing","og_description":"Presen\u00e7a garantida nos principais festivais de m\u00fasica do pa\u00eds, Tanqueray \u00e9 patrocinador master do Rock The Mountain 2023, em Petr\u00f3polis. O gin d\u00e1 nome a um dos palcos principais do evento, o Floresta by Tanqueray, que ao longo dos quatro dias receber\u00e1 grandes nomes da m\u00fasica brasileira, como Maria Rita, Marisa Monte, Jup do Bairro, [&hellip;]","og_url":"https:\/\/www.cidademarketing.com.br\/marketing\/2023\/11\/05\/tanqueray-nomeia-palco-principal-do-festival-rock-the-mountain\/","og_site_name":"CidadeMarketing","article_publisher":"https:\/\/www.facebook.com\/portalcidademarketing","article_author":"https:\/\/www.facebook.com\/thalesbrandao","article_published_time":"2023-11-05T12:02:31+00:00","og_image":[{"width":1920,"height":1080,"url":"https:\/\/www.cidademarketing.com.br\/marketing\/wp-content\/uploads\/2023\/11\/tanqueray_marca.png","type":"image\/png"}],"author":"Thales Brand\u00e3o","twitter_card":"summary_large_image","twitter_creator":"@http:\/\/www.twitter.com\/thalesbrandao","twitter_site":"@CidadeMarketing","twitter_misc":{"Escrito por":"Thales Brand\u00e3o","Est. tempo de leitura":"4 minutos"},"schema":{"@context":"https:\/\/schema.org","@graph":[{"@type":"Article","@id":"https:\/\/www.cidademarketing.com.br\/marketing\/2023\/11\/05\/tanqueray-nomeia-palco-principal-do-festival-rock-the-mountain\/#article","isPartOf":{"@id":"https:\/\/www.cidademarketing.com.br\/marketing\/2023\/11\/05\/tanqueray-nomeia-palco-principal-do-festival-rock-the-mountain\/"},"author":{"name":"Thales Brand\u00e3o","@id":"https:\/\/www.cidademarketing.com.br\/marketing\/#\/schema\/person\/02daff9f18bd9378c9e01eb6b2db155f"},"headline":"Tanqueray nomeia palco principal do festival Rock The Mountain","datePublished":"2023-11-05T12:02:31+00:00","mainEntityOfPage":{"@id":"https:\/\/www.cidademarketing.com.br\/marketing\/2023\/11\/05\/tanqueray-nomeia-palco-principal-do-festival-rock-the-mountain\/"},"wordCount":803,"commentCount":0,"publisher":{"@id":"https:\/\/www.cidademarketing.com.br\/marketing\/#organization"},"image":{"@id":"https:\/\/www.cidademarketing.com.br\/marketing\/2023\/11\/05\/tanqueray-nomeia-palco-principal-do-festival-rock-the-mountain\/#primaryimage"},"thumbnailUrl":"https:\/\/www.cidademarketing.com.br\/marketing\/wp-content\/uploads\/2023\/11\/tanqueray_marca.png","keywords":["campanha","entretenimento","estrat\u00e9gia","experi\u00eancia","marketing","m\u00fasica","Rio de Janeiro","RJ","Tanqueray"],"articleSection":["Not\u00edcias"],"inLanguage":"pt-BR","potentialAction":[{"@type":"CommentAction","name":"Comment","target":["https:\/\/www.cidademarketing.com.br\/marketing\/2023\/11\/05\/tanqueray-nomeia-palco-principal-do-festival-rock-the-mountain\/#respond"]}]},{"@type":"WebPage","@id":"https:\/\/www.cidademarketing.com.br\/marketing\/2023\/11\/05\/tanqueray-nomeia-palco-principal-do-festival-rock-the-mountain\/","url":"https:\/\/www.cidademarketing.com.br\/marketing\/2023\/11\/05\/tanqueray-nomeia-palco-principal-do-festival-rock-the-mountain\/","name":"Tanqueray nomeia palco principal do festival Rock The Mountain - CidadeMarketing","isPartOf":{"@id":"https:\/\/www.cidademarketing.com.br\/marketing\/#website"},"primaryImageOfPage":{"@id":"https:\/\/www.cidademarketing.com.br\/marketing\/2023\/11\/05\/tanqueray-nomeia-palco-principal-do-festival-rock-the-mountain\/#primaryimage"},"image":{"@id":"https:\/\/www.cidademarketing.com.br\/marketing\/2023\/11\/05\/tanqueray-nomeia-palco-principal-do-festival-rock-the-mountain\/#primaryimage"},"thumbnailUrl":"https:\/\/www.cidademarketing.com.br\/marketing\/wp-content\/uploads\/2023\/11\/tanqueray_marca.png","datePublished":"2023-11-05T12:02:31+00:00","breadcrumb":{"@id":"https:\/\/www.cidademarketing.com.br\/marketing\/2023\/11\/05\/tanqueray-nomeia-palco-principal-do-festival-rock-the-mountain\/#breadcrumb"},"inLanguage":"pt-BR","potentialAction":[{"@type":"ReadAction","target":["https:\/\/www.cidademarketing.com.br\/marketing\/2023\/11\/05\/tanqueray-nomeia-palco-principal-do-festival-rock-the-mountain\/"]}]},{"@type":"ImageObject","inLanguage":"pt-BR","@id":"https:\/\/www.cidademarketing.com.br\/marketing\/2023\/11\/05\/tanqueray-nomeia-palco-principal-do-festival-rock-the-mountain\/#primaryimage","url":"https:\/\/www.cidademarketing.com.br\/marketing\/wp-content\/uploads\/2023\/11\/tanqueray_marca.png","contentUrl":"https:\/\/www.cidademarketing.com.br\/marketing\/wp-content\/uploads\/2023\/11\/tanqueray_marca.png","width":1920,"height":1080,"caption":"A Diageo \u00e9 l\u00edder mundial no segmento de bebidas alco\u00f3licas premium, com uma cole\u00e7\u00e3o de marcas nas categorias de bebidas destiladas. O portf\u00f3lio inclui marcas como Johnnie Walker, Tanqueray, Smirnoff, Old Parr, Gordon\u2019s, Baileys, C\u00eeroc, Guinness e Ypi\u00f3ca, entre outras."},{"@type":"BreadcrumbList","@id":"https:\/\/www.cidademarketing.com.br\/marketing\/2023\/11\/05\/tanqueray-nomeia-palco-principal-do-festival-rock-the-mountain\/#breadcrumb","itemListElement":[{"@type":"ListItem","position":1,"name":"In\u00edcio","item":"https:\/\/www.cidademarketing.com.br\/marketing\/"},{"@type":"ListItem","position":2,"name":"Tanqueray nomeia palco principal do festival Rock The Mountain"}]},{"@type":"WebSite","@id":"https:\/\/www.cidademarketing.com.br\/marketing\/#website","url":"https:\/\/www.cidademarketing.com.br\/marketing\/","name":"CidadeMarketing","description":"Somos um ve\u00edculo de comunica\u00e7\u00e3o de destaque no Brasil, reconhecido por conte\u00fados nos segmentos de marketing, empreendedorismo e inova\u00e7\u00e3o.","publisher":{"@id":"https:\/\/www.cidademarketing.com.br\/marketing\/#organization"},"alternateName":"CidadeMarketing","potentialAction":[{"@type":"SearchAction","target":{"@type":"EntryPoint","urlTemplate":"https:\/\/www.cidademarketing.com.br\/marketing\/?s={search_term_string}"},"query-input":{"@type":"PropertyValueSpecification","valueRequired":true,"valueName":"search_term_string"}}],"inLanguage":"pt-BR"},{"@type":"Organization","@id":"https:\/\/www.cidademarketing.com.br\/marketing\/#organization","name":"CidadeMarketing","alternateName":"CidadeMarketing","url":"https:\/\/www.cidademarketing.com.br\/marketing\/","logo":{"@type":"ImageObject","inLanguage":"pt-BR","@id":"https:\/\/www.cidademarketing.com.br\/marketing\/#\/schema\/logo\/image\/","url":"https:\/\/www.cidademarketing.com.br\/marketing\/wp-content\/uploads\/2020\/01\/cidademarketing_marca_mobile.png","contentUrl":"https:\/\/www.cidademarketing.com.br\/marketing\/wp-content\/uploads\/2020\/01\/cidademarketing_marca_mobile.png","width":230,"height":92,"caption":"CidadeMarketing"},"image":{"@id":"https:\/\/www.cidademarketing.com.br\/marketing\/#\/schema\/logo\/image\/"},"sameAs":["https:\/\/www.facebook.com\/portalcidademarketing","https:\/\/x.com\/CidadeMarketing","https:\/\/www.instagram.com\/cidademarketing\/"]},{"@type":"Person","@id":"https:\/\/www.cidademarketing.com.br\/marketing\/#\/schema\/person\/02daff9f18bd9378c9e01eb6b2db155f","name":"Thales Brand\u00e3o","image":{"@type":"ImageObject","inLanguage":"pt-BR","@id":"https:\/\/secure.gravatar.com\/avatar\/7ca3206950207cc3cb48feec56a8a7898741ab725c368d99d5d7a5a50aab80c6?s=96&d=mm&r=g","url":"https:\/\/secure.gravatar.com\/avatar\/7ca3206950207cc3cb48feec56a8a7898741ab725c368d99d5d7a5a50aab80c6?s=96&d=mm&r=g","contentUrl":"https:\/\/secure.gravatar.com\/avatar\/7ca3206950207cc3cb48feec56a8a7898741ab725c368d99d5d7a5a50aab80c6?s=96&d=mm&r=g","caption":"Thales Brand\u00e3o"},"description":"Editor Executivo do Portal CidadeMarketing.com.br &gt; Mestre em Comunica\u00e7\u00e3o e Sociedade pela Universidade Federal de Sergipe. Possui MBA Executivo em Administra\u00e7\u00e3o com \u00eanfase em Marketing pela Funda\u00e7\u00e3o Get\u00falio Vargas - Rio de Janeiro. Consultor, Palestrante e Pesquisador sobre Empreendedorismo, Marketing, Redes Sociais e Neg\u00f3cios Digitais. Professor, Palestrante TedxTalks e Campus Party. Twitter: @ThalesBrandao","sameAs":["http:\/\/www.mandacaru.com.br","https:\/\/www.facebook.com\/thalesbrandao","http:\/\/www.instagram.com.br\/thalesbrandaoferreira","https:\/\/www.linkedin.com\/in\/thales-brand\u00e3o-3948609\/","https:\/\/x.com\/http:\/\/www.twitter.com\/thalesbrandao"],"url":"https:\/\/www.cidademarketing.com.br\/marketing\/author\/thalesbrandao\/"}]}},"amp_enabled":true,"_links":{"self":[{"href":"https:\/\/www.cidademarketing.com.br\/marketing\/wp-json\/wp\/v2\/posts\/48569","targetHints":{"allow":["GET"]}}],"collection":[{"href":"https:\/\/www.cidademarketing.com.br\/marketing\/wp-json\/wp\/v2\/posts"}],"about":[{"href":"https:\/\/www.cidademarketing.com.br\/marketing\/wp-json\/wp\/v2\/types\/post"}],"author":[{"embeddable":true,"href":"https:\/\/www.cidademarketing.com.br\/marketing\/wp-json\/wp\/v2\/users\/1"}],"replies":[{"embeddable":true,"href":"https:\/\/www.cidademarketing.com.br\/marketing\/wp-json\/wp\/v2\/comments?post=48569"}],"version-history":[{"count":1,"href":"https:\/\/www.cidademarketing.com.br\/marketing\/wp-json\/wp\/v2\/posts\/48569\/revisions"}],"predecessor-version":[{"id":48571,"href":"https:\/\/www.cidademarketing.com.br\/marketing\/wp-json\/wp\/v2\/posts\/48569\/revisions\/48571"}],"wp:featuredmedia":[{"embeddable":true,"href":"https:\/\/www.cidademarketing.com.br\/marketing\/wp-json\/wp\/v2\/media\/48570"}],"wp:attachment":[{"href":"https:\/\/www.cidademarketing.com.br\/marketing\/wp-json\/wp\/v2\/media?parent=48569"}],"wp:term":[{"taxonomy":"category","embeddable":true,"href":"https:\/\/www.cidademarketing.com.br\/marketing\/wp-json\/wp\/v2\/categories?post=48569"},{"taxonomy":"post_tag","embeddable":true,"href":"https:\/\/www.cidademarketing.com.br\/marketing\/wp-json\/wp\/v2\/tags?post=48569"}],"curies":[{"name":"wp","href":"https:\/\/api.w.org\/{rel}","templated":true}]}}