{"id":48479,"date":"2023-11-01T09:03:54","date_gmt":"2023-11-01T12:03:54","guid":{"rendered":"https:\/\/www.cidademarketing.com.br\/marketing\/?p=48479"},"modified":"2023-11-01T09:03:54","modified_gmt":"2023-11-01T12:03:54","slug":"tv-box-anatel-multa-pessoa-fisica-pela-primeira-vez-por-venda-de-produtos-nao-homologados","status":"publish","type":"post","link":"https:\/\/www.cidademarketing.com.br\/marketing\/2023\/11\/01\/tv-box-anatel-multa-pessoa-fisica-pela-primeira-vez-por-venda-de-produtos-nao-homologados\/","title":{"rendered":"TV Box: Anatel multa pessoa f\u00edsica pela primeira vez por venda de produtos n\u00e3o homologados"},"content":{"rendered":"<p>Conselho Diretor da Anatel decidiu, na \u00faltima quinta-feira (26\/10), pela primeira vez, aplicar san\u00e7\u00e3o a pessoa f\u00edsica respons\u00e1vel pela comercializa\u00e7\u00e3o de equipamentos n\u00e3o homologados pela Ag\u00eancia. Em sua delibera\u00e7\u00e3o, o Conselho indeferiu recurso interposto pelo interessado e lhe aplicou multa de R$ 7,68 mil reais por ofertar receptores clandestinos de sinal de TV, conhecidos como TV boxes.<\/p>\n<p><a href=\"https:\/\/www.cidademarketing.com.br\/marketing\/sua-marca-vai-virar-noticia\/\" target=\"_blank\" rel=\"noopener\"><img fetchpriority=\"high\" decoding=\"async\" class=\"wp-image-44329 aligncenter\" src=\"https:\/\/www.cidademarketing.com.br\/marketing\/wp-content\/uploads\/2023\/04\/cidademarketing_backlinks_marketingdigital_publieditorial_.png\" alt=\"\" width=\"500\" height=\"500\" \/><\/a><br \/>\nO relator da mat\u00e9ria, conselheiro Alexandre Freire, lembrou que a infra\u00e7\u00e3o de comercializar equipamentos sem a devida homologa\u00e7\u00e3o \u00e9 considerada grave, conforme entendimento j\u00e1 consolidado pelo Conselho Diretor.<\/p>\n<p>Alexandre Freire enfatizou a import\u00e2ncia de se propiciar o adequado enforcement para se evitar a circula\u00e7\u00e3o de produtos que estimulem o consumo ilegal de material protegido por copyright, a exemplo do que ocorre em muitos dos casos de circula\u00e7\u00e3o de produtos n\u00e3o homologados pela Anatel, que servem de vetor para a viola\u00e7\u00e3o transmiss\u00e3o n\u00e3o autorizada de conte\u00fado, ofendendo direitos de propriedade intelectual e prejudicando indevidamente segmentos diversos da economia (eventos esportivos, cinema etc.).<\/p>\n<p>\u201cO presente caso constitui-se em encaminhamento alinhado com esse entendimento, na medida em que busca prevenir e reprimir a circula\u00e7\u00e3o de produtos n\u00e3o homologados pela Ag\u00eancia\u201d, disse o relator.<\/p>\n<p>O conselheiro lembrou que o Brasil vem, nos \u00faltimos anos, envidando esfor\u00e7os na sua candidatura para ingresso, na condi\u00e7\u00e3o de membro, na Organiza\u00e7\u00e3o para a Coopera\u00e7\u00e3o e Desenvolvimento Econ\u00f4mico (OCDE). Tal organiza\u00e7\u00e3o mant\u00e9m v\u00e1rios grupos de trabalho que discutem temas como governan\u00e7a das institui\u00e7\u00f5es estatais, transpar\u00eancia, relacionamento com o cidad\u00e3o, com o mercado e com entidades da sociedade civil, regula\u00e7\u00e3o (inclusive na transi\u00e7\u00e3o para a economia digital), dentre outros.<\/p>\n<p>\u201cIsso faz com que esses temas ganhem um tom estrat\u00e9gico que vai al\u00e9m do ordenamento constitucional p\u00e1trio. Busca-se n\u00e3o apenas fornecer solu\u00e7\u00f5es que melhorem o bem-estar das pessoas, mas tamb\u00e9m outras que auxiliem as institui\u00e7\u00f5es a chegarem a essas solu\u00e7\u00f5es de forma eficiente\u201d, lembrou.<\/p>\n<p>O conselheiro lembrou que sua an\u00e1lise se relaciona com o Objetivos 10 e 16 da Agenda 2030 da Organiza\u00e7\u00e3o das Na\u00e7\u00f5es Unidas, uma vez que a garantia de uma administra\u00e7\u00e3o eficiente e justa assegura uma distribui\u00e7\u00e3o de renda mais igualit\u00e1ria e promove redu\u00e7\u00e3o das desigualdades econ\u00f4micas e sociais e o tratamento ison\u00f4mico aos agentes do mercado.<\/p>\n<p><iframe title=\"Spotify Embed: Podcast CidadeMarketing\" style=\"border-radius: 12px\" width=\"100%\" height=\"152\" frameborder=\"0\" allowfullscreen allow=\"autoplay; clipboard-write; encrypted-media; fullscreen; picture-in-picture\" loading=\"lazy\" src=\"https:\/\/open.spotify.com\/embed\/show\/4khMKzP3FgFRWVwb73xicc?si=252fe5bff2b34909&#038;utm_source=oembed\"><\/iframe><\/p>\n<p>&nbsp;<\/p>\n<p>Mais especificamente, identifica-se ader\u00eancia \u00e0s metas 10.5 (&#8220;Melhorar a regulamenta\u00e7\u00e3o e monitoramento dos mercados e institui\u00e7\u00f5es financeiras globais e fortalecer a implementa\u00e7\u00e3o de tais regulamenta\u00e7\u00f5es&#8221;) e 16.4 (&#8220;At\u00e9 2030, reduzir significativamente os fluxos financeiros e de armas ilegais, refor\u00e7ar a recupera\u00e7\u00e3o e devolu\u00e7\u00e3o de recursos roubados e combater todas as formas de crime organizado&#8221;) na medida em que a pirataria compromete o funcionamento regular dos mercados promovendo uma concorr\u00eancia desleal e predat\u00f3ria, n\u00e3o raro com o patroc\u00ednio de organiza\u00e7\u00f5es criminosas.<\/p>\n<p>Alexandre Freire recordou que a Anatel, em parceria com outras institui\u00e7\u00f5es, tem adotado um papel ativo no combate \u00e0 pirataria. \u201cOs resultados obtidos at\u00e9 o momento t\u00eam se mostrado relevantes para a sociedade brasileira, com um enforcement que compreende tanto as plataformas de marketplace quanto os fornecedores pessoas f\u00edsicas. De forma mediata, essas a\u00e7\u00f5es se traduzem em melhor prote\u00e7\u00e3o \u00e0 sa\u00fade e \u00e0 seguran\u00e7a do consumidor e num aprimoramento do respeito \u00e0 propriedade intelectual\u201d, afirmou.<\/p>\n","protected":false},"excerpt":{"rendered":"<p>Conselho Diretor da Anatel decidiu, na \u00faltima quinta-feira (26\/10), pela primeira vez, aplicar san\u00e7\u00e3o a pessoa f\u00edsica respons\u00e1vel pela comercializa\u00e7\u00e3o de equipamentos n\u00e3o homologados pela Ag\u00eancia. Em sua delibera\u00e7\u00e3o, o Conselho indeferiu recurso interposto pelo interessado e lhe aplicou multa de R$ 7,68 mil reais por ofertar receptores clandestinos de sinal de TV, conhecidos como [&hellip;]<\/p>\n","protected":false},"author":1,"featured_media":44754,"comment_status":"open","ping_status":"open","sticky":false,"template":"","format":"standard","meta":{"tdm_status":"","tdm_grid_status":"","footnotes":""},"categories":[6],"tags":[256,51,1220,28,787,1090,2886,3905],"class_list":["post-48479","post","type-post","status-publish","format-standard","has-post-thumbnail","hentry","category-noticias","tag-anatel","tag-consumidor","tag-fraude","tag-marketing","tag-pirataria","tag-streaming","tag-telecomunicacoes","tag-tv-box"],"yoast_head":"<!-- This site is optimized with the Yoast SEO plugin v27.5 - https:\/\/yoast.com\/product\/yoast-seo-wordpress\/ -->\n<title>TV Box: Anatel multa pessoa f\u00edsica pela primeira vez por venda de produtos n\u00e3o homologados - CidadeMarketing<\/title>\n<meta name=\"robots\" content=\"index, follow, max-snippet:-1, max-image-preview:large, max-video-preview:-1\" \/>\n<link rel=\"canonical\" href=\"https:\/\/www.cidademarketing.com.br\/marketing\/2023\/11\/01\/tv-box-anatel-multa-pessoa-fisica-pela-primeira-vez-por-venda-de-produtos-nao-homologados\/\" \/>\n<meta property=\"og:locale\" content=\"pt_BR\" \/>\n<meta property=\"og:type\" content=\"article\" \/>\n<meta property=\"og:title\" content=\"TV Box: Anatel multa pessoa f\u00edsica pela primeira vez por venda de produtos n\u00e3o homologados - CidadeMarketing\" \/>\n<meta property=\"og:description\" content=\"Conselho Diretor da Anatel decidiu, na \u00faltima quinta-feira (26\/10), pela primeira vez, aplicar san\u00e7\u00e3o a pessoa f\u00edsica respons\u00e1vel pela comercializa\u00e7\u00e3o de equipamentos n\u00e3o homologados pela Ag\u00eancia. Em sua delibera\u00e7\u00e3o, o Conselho indeferiu recurso interposto pelo interessado e lhe aplicou multa de R$ 7,68 mil reais por ofertar receptores clandestinos de sinal de TV, conhecidos como [&hellip;]\" \/>\n<meta property=\"og:url\" content=\"https:\/\/www.cidademarketing.com.br\/marketing\/2023\/11\/01\/tv-box-anatel-multa-pessoa-fisica-pela-primeira-vez-por-venda-de-produtos-nao-homologados\/\" \/>\n<meta property=\"og:site_name\" content=\"CidadeMarketing\" \/>\n<meta property=\"article:publisher\" content=\"https:\/\/www.facebook.com\/portalcidademarketing\" \/>\n<meta property=\"article:author\" content=\"https:\/\/www.facebook.com\/thalesbrandao\" \/>\n<meta property=\"article:published_time\" content=\"2023-11-01T12:03:54+00:00\" \/>\n<meta property=\"og:image\" content=\"https:\/\/www.cidademarketing.com.br\/marketing\/wp-content\/uploads\/2023\/04\/anatel_marca.png\" \/>\n\t<meta property=\"og:image:width\" content=\"1024\" \/>\n\t<meta property=\"og:image:height\" content=\"1024\" \/>\n\t<meta property=\"og:image:type\" content=\"image\/png\" \/>\n<meta name=\"author\" content=\"Thales Brand\u00e3o\" \/>\n<meta name=\"twitter:card\" content=\"summary_large_image\" \/>\n<meta name=\"twitter:creator\" content=\"@http:\/\/www.twitter.com\/thalesbrandao\" \/>\n<meta name=\"twitter:site\" content=\"@CidadeMarketing\" \/>\n<meta name=\"twitter:label1\" content=\"Escrito por\" \/>\n\t<meta name=\"twitter:data1\" content=\"Thales Brand\u00e3o\" \/>\n\t<meta name=\"twitter:label2\" content=\"Est. tempo de leitura\" \/>\n\t<meta name=\"twitter:data2\" content=\"3 minutos\" \/>\n<script type=\"application\/ld+json\" class=\"yoast-schema-graph\">{\"@context\":\"https:\\\/\\\/schema.org\",\"@graph\":[{\"@type\":\"Article\",\"@id\":\"https:\\\/\\\/www.cidademarketing.com.br\\\/marketing\\\/2023\\\/11\\\/01\\\/tv-box-anatel-multa-pessoa-fisica-pela-primeira-vez-por-venda-de-produtos-nao-homologados\\\/#article\",\"isPartOf\":{\"@id\":\"https:\\\/\\\/www.cidademarketing.com.br\\\/marketing\\\/2023\\\/11\\\/01\\\/tv-box-anatel-multa-pessoa-fisica-pela-primeira-vez-por-venda-de-produtos-nao-homologados\\\/\"},\"author\":{\"name\":\"Thales Brand\u00e3o\",\"@id\":\"https:\\\/\\\/www.cidademarketing.com.br\\\/marketing\\\/#\\\/schema\\\/person\\\/02daff9f18bd9378c9e01eb6b2db155f\"},\"headline\":\"TV Box: Anatel multa pessoa f\u00edsica pela primeira vez por venda de produtos n\u00e3o homologados\",\"datePublished\":\"2023-11-01T12:03:54+00:00\",\"mainEntityOfPage\":{\"@id\":\"https:\\\/\\\/www.cidademarketing.com.br\\\/marketing\\\/2023\\\/11\\\/01\\\/tv-box-anatel-multa-pessoa-fisica-pela-primeira-vez-por-venda-de-produtos-nao-homologados\\\/\"},\"wordCount\":602,\"commentCount\":0,\"publisher\":{\"@id\":\"https:\\\/\\\/www.cidademarketing.com.br\\\/marketing\\\/#organization\"},\"image\":{\"@id\":\"https:\\\/\\\/www.cidademarketing.com.br\\\/marketing\\\/2023\\\/11\\\/01\\\/tv-box-anatel-multa-pessoa-fisica-pela-primeira-vez-por-venda-de-produtos-nao-homologados\\\/#primaryimage\"},\"thumbnailUrl\":\"https:\\\/\\\/www.cidademarketing.com.br\\\/marketing\\\/wp-content\\\/uploads\\\/2023\\\/04\\\/anatel_marca.png\",\"keywords\":[\"Anatel\",\"consumidor\",\"fraude\",\"marketing\",\"pirataria\",\"streaming\",\"telecomunica\u00e7\u00f5es\",\"TV Box\"],\"articleSection\":[\"Not\u00edcias\"],\"inLanguage\":\"pt-BR\",\"potentialAction\":[{\"@type\":\"CommentAction\",\"name\":\"Comment\",\"target\":[\"https:\\\/\\\/www.cidademarketing.com.br\\\/marketing\\\/2023\\\/11\\\/01\\\/tv-box-anatel-multa-pessoa-fisica-pela-primeira-vez-por-venda-de-produtos-nao-homologados\\\/#respond\"]}]},{\"@type\":\"WebPage\",\"@id\":\"https:\\\/\\\/www.cidademarketing.com.br\\\/marketing\\\/2023\\\/11\\\/01\\\/tv-box-anatel-multa-pessoa-fisica-pela-primeira-vez-por-venda-de-produtos-nao-homologados\\\/\",\"url\":\"https:\\\/\\\/www.cidademarketing.com.br\\\/marketing\\\/2023\\\/11\\\/01\\\/tv-box-anatel-multa-pessoa-fisica-pela-primeira-vez-por-venda-de-produtos-nao-homologados\\\/\",\"name\":\"TV Box: Anatel multa pessoa f\u00edsica pela primeira vez por venda de produtos n\u00e3o homologados - CidadeMarketing\",\"isPartOf\":{\"@id\":\"https:\\\/\\\/www.cidademarketing.com.br\\\/marketing\\\/#website\"},\"primaryImageOfPage\":{\"@id\":\"https:\\\/\\\/www.cidademarketing.com.br\\\/marketing\\\/2023\\\/11\\\/01\\\/tv-box-anatel-multa-pessoa-fisica-pela-primeira-vez-por-venda-de-produtos-nao-homologados\\\/#primaryimage\"},\"image\":{\"@id\":\"https:\\\/\\\/www.cidademarketing.com.br\\\/marketing\\\/2023\\\/11\\\/01\\\/tv-box-anatel-multa-pessoa-fisica-pela-primeira-vez-por-venda-de-produtos-nao-homologados\\\/#primaryimage\"},\"thumbnailUrl\":\"https:\\\/\\\/www.cidademarketing.com.br\\\/marketing\\\/wp-content\\\/uploads\\\/2023\\\/04\\\/anatel_marca.png\",\"datePublished\":\"2023-11-01T12:03:54+00:00\",\"breadcrumb\":{\"@id\":\"https:\\\/\\\/www.cidademarketing.com.br\\\/marketing\\\/2023\\\/11\\\/01\\\/tv-box-anatel-multa-pessoa-fisica-pela-primeira-vez-por-venda-de-produtos-nao-homologados\\\/#breadcrumb\"},\"inLanguage\":\"pt-BR\",\"potentialAction\":[{\"@type\":\"ReadAction\",\"target\":[\"https:\\\/\\\/www.cidademarketing.com.br\\\/marketing\\\/2023\\\/11\\\/01\\\/tv-box-anatel-multa-pessoa-fisica-pela-primeira-vez-por-venda-de-produtos-nao-homologados\\\/\"]}]},{\"@type\":\"ImageObject\",\"inLanguage\":\"pt-BR\",\"@id\":\"https:\\\/\\\/www.cidademarketing.com.br\\\/marketing\\\/2023\\\/11\\\/01\\\/tv-box-anatel-multa-pessoa-fisica-pela-primeira-vez-por-venda-de-produtos-nao-homologados\\\/#primaryimage\",\"url\":\"https:\\\/\\\/www.cidademarketing.com.br\\\/marketing\\\/wp-content\\\/uploads\\\/2023\\\/04\\\/anatel_marca.png\",\"contentUrl\":\"https:\\\/\\\/www.cidademarketing.com.br\\\/marketing\\\/wp-content\\\/uploads\\\/2023\\\/04\\\/anatel_marca.png\",\"width\":1024,\"height\":1024},{\"@type\":\"BreadcrumbList\",\"@id\":\"https:\\\/\\\/www.cidademarketing.com.br\\\/marketing\\\/2023\\\/11\\\/01\\\/tv-box-anatel-multa-pessoa-fisica-pela-primeira-vez-por-venda-de-produtos-nao-homologados\\\/#breadcrumb\",\"itemListElement\":[{\"@type\":\"ListItem\",\"position\":1,\"name\":\"In\u00edcio\",\"item\":\"https:\\\/\\\/www.cidademarketing.com.br\\\/marketing\\\/\"},{\"@type\":\"ListItem\",\"position\":2,\"name\":\"TV Box: Anatel multa pessoa f\u00edsica pela primeira vez por venda de produtos n\u00e3o homologados\"}]},{\"@type\":\"WebSite\",\"@id\":\"https:\\\/\\\/www.cidademarketing.com.br\\\/marketing\\\/#website\",\"url\":\"https:\\\/\\\/www.cidademarketing.com.br\\\/marketing\\\/\",\"name\":\"CidadeMarketing\",\"description\":\"Somos um ve\u00edculo de comunica\u00e7\u00e3o de destaque no Brasil, reconhecido por conte\u00fados nos segmentos de marketing, empreendedorismo e inova\u00e7\u00e3o.\",\"publisher\":{\"@id\":\"https:\\\/\\\/www.cidademarketing.com.br\\\/marketing\\\/#organization\"},\"alternateName\":\"CidadeMarketing\",\"potentialAction\":[{\"@type\":\"SearchAction\",\"target\":{\"@type\":\"EntryPoint\",\"urlTemplate\":\"https:\\\/\\\/www.cidademarketing.com.br\\\/marketing\\\/?s={search_term_string}\"},\"query-input\":{\"@type\":\"PropertyValueSpecification\",\"valueRequired\":true,\"valueName\":\"search_term_string\"}}],\"inLanguage\":\"pt-BR\"},{\"@type\":\"Organization\",\"@id\":\"https:\\\/\\\/www.cidademarketing.com.br\\\/marketing\\\/#organization\",\"name\":\"CidadeMarketing\",\"alternateName\":\"CidadeMarketing\",\"url\":\"https:\\\/\\\/www.cidademarketing.com.br\\\/marketing\\\/\",\"logo\":{\"@type\":\"ImageObject\",\"inLanguage\":\"pt-BR\",\"@id\":\"https:\\\/\\\/www.cidademarketing.com.br\\\/marketing\\\/#\\\/schema\\\/logo\\\/image\\\/\",\"url\":\"https:\\\/\\\/www.cidademarketing.com.br\\\/marketing\\\/wp-content\\\/uploads\\\/2020\\\/01\\\/cidademarketing_marca_mobile.png\",\"contentUrl\":\"https:\\\/\\\/www.cidademarketing.com.br\\\/marketing\\\/wp-content\\\/uploads\\\/2020\\\/01\\\/cidademarketing_marca_mobile.png\",\"width\":230,\"height\":92,\"caption\":\"CidadeMarketing\"},\"image\":{\"@id\":\"https:\\\/\\\/www.cidademarketing.com.br\\\/marketing\\\/#\\\/schema\\\/logo\\\/image\\\/\"},\"sameAs\":[\"https:\\\/\\\/www.facebook.com\\\/portalcidademarketing\",\"https:\\\/\\\/x.com\\\/CidadeMarketing\",\"https:\\\/\\\/www.instagram.com\\\/cidademarketing\\\/\"]},{\"@type\":\"Person\",\"@id\":\"https:\\\/\\\/www.cidademarketing.com.br\\\/marketing\\\/#\\\/schema\\\/person\\\/02daff9f18bd9378c9e01eb6b2db155f\",\"name\":\"Thales Brand\u00e3o\",\"image\":{\"@type\":\"ImageObject\",\"inLanguage\":\"pt-BR\",\"@id\":\"https:\\\/\\\/secure.gravatar.com\\\/avatar\\\/7ca3206950207cc3cb48feec56a8a7898741ab725c368d99d5d7a5a50aab80c6?s=96&d=mm&r=g\",\"url\":\"https:\\\/\\\/secure.gravatar.com\\\/avatar\\\/7ca3206950207cc3cb48feec56a8a7898741ab725c368d99d5d7a5a50aab80c6?s=96&d=mm&r=g\",\"contentUrl\":\"https:\\\/\\\/secure.gravatar.com\\\/avatar\\\/7ca3206950207cc3cb48feec56a8a7898741ab725c368d99d5d7a5a50aab80c6?s=96&d=mm&r=g\",\"caption\":\"Thales Brand\u00e3o\"},\"description\":\"Editor Executivo do Portal CidadeMarketing.com.br &gt; Mestre em Comunica\u00e7\u00e3o e Sociedade pela Universidade Federal de Sergipe. Possui MBA Executivo em Administra\u00e7\u00e3o com \u00eanfase em Marketing pela Funda\u00e7\u00e3o Get\u00falio Vargas - Rio de Janeiro. Consultor, Palestrante e Pesquisador sobre Empreendedorismo, Marketing, Redes Sociais e Neg\u00f3cios Digitais. Professor, Palestrante TedxTalks e Campus Party. Twitter: @ThalesBrandao\",\"sameAs\":[\"http:\\\/\\\/www.mandacaru.com.br\",\"https:\\\/\\\/www.facebook.com\\\/thalesbrandao\",\"http:\\\/\\\/www.instagram.com.br\\\/thalesbrandaoferreira\",\"https:\\\/\\\/www.linkedin.com\\\/in\\\/thales-brand\u00e3o-3948609\\\/\",\"https:\\\/\\\/x.com\\\/http:\\\/\\\/www.twitter.com\\\/thalesbrandao\"],\"url\":\"https:\\\/\\\/www.cidademarketing.com.br\\\/marketing\\\/author\\\/thalesbrandao\\\/\"}]}<\/script>\n<!-- \/ Yoast SEO plugin. -->","yoast_head_json":{"title":"TV Box: Anatel multa pessoa f\u00edsica pela primeira vez por venda de produtos n\u00e3o homologados - CidadeMarketing","robots":{"index":"index","follow":"follow","max-snippet":"max-snippet:-1","max-image-preview":"max-image-preview:large","max-video-preview":"max-video-preview:-1"},"canonical":"https:\/\/www.cidademarketing.com.br\/marketing\/2023\/11\/01\/tv-box-anatel-multa-pessoa-fisica-pela-primeira-vez-por-venda-de-produtos-nao-homologados\/","og_locale":"pt_BR","og_type":"article","og_title":"TV Box: Anatel multa pessoa f\u00edsica pela primeira vez por venda de produtos n\u00e3o homologados - CidadeMarketing","og_description":"Conselho Diretor da Anatel decidiu, na \u00faltima quinta-feira (26\/10), pela primeira vez, aplicar san\u00e7\u00e3o a pessoa f\u00edsica respons\u00e1vel pela comercializa\u00e7\u00e3o de equipamentos n\u00e3o homologados pela Ag\u00eancia. Em sua delibera\u00e7\u00e3o, o Conselho indeferiu recurso interposto pelo interessado e lhe aplicou multa de R$ 7,68 mil reais por ofertar receptores clandestinos de sinal de TV, conhecidos como [&hellip;]","og_url":"https:\/\/www.cidademarketing.com.br\/marketing\/2023\/11\/01\/tv-box-anatel-multa-pessoa-fisica-pela-primeira-vez-por-venda-de-produtos-nao-homologados\/","og_site_name":"CidadeMarketing","article_publisher":"https:\/\/www.facebook.com\/portalcidademarketing","article_author":"https:\/\/www.facebook.com\/thalesbrandao","article_published_time":"2023-11-01T12:03:54+00:00","og_image":[{"width":1024,"height":1024,"url":"https:\/\/www.cidademarketing.com.br\/marketing\/wp-content\/uploads\/2023\/04\/anatel_marca.png","type":"image\/png"}],"author":"Thales Brand\u00e3o","twitter_card":"summary_large_image","twitter_creator":"@http:\/\/www.twitter.com\/thalesbrandao","twitter_site":"@CidadeMarketing","twitter_misc":{"Escrito por":"Thales Brand\u00e3o","Est. tempo de leitura":"3 minutos"},"schema":{"@context":"https:\/\/schema.org","@graph":[{"@type":"Article","@id":"https:\/\/www.cidademarketing.com.br\/marketing\/2023\/11\/01\/tv-box-anatel-multa-pessoa-fisica-pela-primeira-vez-por-venda-de-produtos-nao-homologados\/#article","isPartOf":{"@id":"https:\/\/www.cidademarketing.com.br\/marketing\/2023\/11\/01\/tv-box-anatel-multa-pessoa-fisica-pela-primeira-vez-por-venda-de-produtos-nao-homologados\/"},"author":{"name":"Thales Brand\u00e3o","@id":"https:\/\/www.cidademarketing.com.br\/marketing\/#\/schema\/person\/02daff9f18bd9378c9e01eb6b2db155f"},"headline":"TV Box: Anatel multa pessoa f\u00edsica pela primeira vez por venda de produtos n\u00e3o homologados","datePublished":"2023-11-01T12:03:54+00:00","mainEntityOfPage":{"@id":"https:\/\/www.cidademarketing.com.br\/marketing\/2023\/11\/01\/tv-box-anatel-multa-pessoa-fisica-pela-primeira-vez-por-venda-de-produtos-nao-homologados\/"},"wordCount":602,"commentCount":0,"publisher":{"@id":"https:\/\/www.cidademarketing.com.br\/marketing\/#organization"},"image":{"@id":"https:\/\/www.cidademarketing.com.br\/marketing\/2023\/11\/01\/tv-box-anatel-multa-pessoa-fisica-pela-primeira-vez-por-venda-de-produtos-nao-homologados\/#primaryimage"},"thumbnailUrl":"https:\/\/www.cidademarketing.com.br\/marketing\/wp-content\/uploads\/2023\/04\/anatel_marca.png","keywords":["Anatel","consumidor","fraude","marketing","pirataria","streaming","telecomunica\u00e7\u00f5es","TV Box"],"articleSection":["Not\u00edcias"],"inLanguage":"pt-BR","potentialAction":[{"@type":"CommentAction","name":"Comment","target":["https:\/\/www.cidademarketing.com.br\/marketing\/2023\/11\/01\/tv-box-anatel-multa-pessoa-fisica-pela-primeira-vez-por-venda-de-produtos-nao-homologados\/#respond"]}]},{"@type":"WebPage","@id":"https:\/\/www.cidademarketing.com.br\/marketing\/2023\/11\/01\/tv-box-anatel-multa-pessoa-fisica-pela-primeira-vez-por-venda-de-produtos-nao-homologados\/","url":"https:\/\/www.cidademarketing.com.br\/marketing\/2023\/11\/01\/tv-box-anatel-multa-pessoa-fisica-pela-primeira-vez-por-venda-de-produtos-nao-homologados\/","name":"TV Box: Anatel multa pessoa f\u00edsica pela primeira vez por venda de produtos n\u00e3o homologados - CidadeMarketing","isPartOf":{"@id":"https:\/\/www.cidademarketing.com.br\/marketing\/#website"},"primaryImageOfPage":{"@id":"https:\/\/www.cidademarketing.com.br\/marketing\/2023\/11\/01\/tv-box-anatel-multa-pessoa-fisica-pela-primeira-vez-por-venda-de-produtos-nao-homologados\/#primaryimage"},"image":{"@id":"https:\/\/www.cidademarketing.com.br\/marketing\/2023\/11\/01\/tv-box-anatel-multa-pessoa-fisica-pela-primeira-vez-por-venda-de-produtos-nao-homologados\/#primaryimage"},"thumbnailUrl":"https:\/\/www.cidademarketing.com.br\/marketing\/wp-content\/uploads\/2023\/04\/anatel_marca.png","datePublished":"2023-11-01T12:03:54+00:00","breadcrumb":{"@id":"https:\/\/www.cidademarketing.com.br\/marketing\/2023\/11\/01\/tv-box-anatel-multa-pessoa-fisica-pela-primeira-vez-por-venda-de-produtos-nao-homologados\/#breadcrumb"},"inLanguage":"pt-BR","potentialAction":[{"@type":"ReadAction","target":["https:\/\/www.cidademarketing.com.br\/marketing\/2023\/11\/01\/tv-box-anatel-multa-pessoa-fisica-pela-primeira-vez-por-venda-de-produtos-nao-homologados\/"]}]},{"@type":"ImageObject","inLanguage":"pt-BR","@id":"https:\/\/www.cidademarketing.com.br\/marketing\/2023\/11\/01\/tv-box-anatel-multa-pessoa-fisica-pela-primeira-vez-por-venda-de-produtos-nao-homologados\/#primaryimage","url":"https:\/\/www.cidademarketing.com.br\/marketing\/wp-content\/uploads\/2023\/04\/anatel_marca.png","contentUrl":"https:\/\/www.cidademarketing.com.br\/marketing\/wp-content\/uploads\/2023\/04\/anatel_marca.png","width":1024,"height":1024},{"@type":"BreadcrumbList","@id":"https:\/\/www.cidademarketing.com.br\/marketing\/2023\/11\/01\/tv-box-anatel-multa-pessoa-fisica-pela-primeira-vez-por-venda-de-produtos-nao-homologados\/#breadcrumb","itemListElement":[{"@type":"ListItem","position":1,"name":"In\u00edcio","item":"https:\/\/www.cidademarketing.com.br\/marketing\/"},{"@type":"ListItem","position":2,"name":"TV Box: Anatel multa pessoa f\u00edsica pela primeira vez por venda de produtos n\u00e3o homologados"}]},{"@type":"WebSite","@id":"https:\/\/www.cidademarketing.com.br\/marketing\/#website","url":"https:\/\/www.cidademarketing.com.br\/marketing\/","name":"CidadeMarketing","description":"Somos um ve\u00edculo de comunica\u00e7\u00e3o de destaque no Brasil, reconhecido por conte\u00fados nos segmentos de marketing, empreendedorismo e inova\u00e7\u00e3o.","publisher":{"@id":"https:\/\/www.cidademarketing.com.br\/marketing\/#organization"},"alternateName":"CidadeMarketing","potentialAction":[{"@type":"SearchAction","target":{"@type":"EntryPoint","urlTemplate":"https:\/\/www.cidademarketing.com.br\/marketing\/?s={search_term_string}"},"query-input":{"@type":"PropertyValueSpecification","valueRequired":true,"valueName":"search_term_string"}}],"inLanguage":"pt-BR"},{"@type":"Organization","@id":"https:\/\/www.cidademarketing.com.br\/marketing\/#organization","name":"CidadeMarketing","alternateName":"CidadeMarketing","url":"https:\/\/www.cidademarketing.com.br\/marketing\/","logo":{"@type":"ImageObject","inLanguage":"pt-BR","@id":"https:\/\/www.cidademarketing.com.br\/marketing\/#\/schema\/logo\/image\/","url":"https:\/\/www.cidademarketing.com.br\/marketing\/wp-content\/uploads\/2020\/01\/cidademarketing_marca_mobile.png","contentUrl":"https:\/\/www.cidademarketing.com.br\/marketing\/wp-content\/uploads\/2020\/01\/cidademarketing_marca_mobile.png","width":230,"height":92,"caption":"CidadeMarketing"},"image":{"@id":"https:\/\/www.cidademarketing.com.br\/marketing\/#\/schema\/logo\/image\/"},"sameAs":["https:\/\/www.facebook.com\/portalcidademarketing","https:\/\/x.com\/CidadeMarketing","https:\/\/www.instagram.com\/cidademarketing\/"]},{"@type":"Person","@id":"https:\/\/www.cidademarketing.com.br\/marketing\/#\/schema\/person\/02daff9f18bd9378c9e01eb6b2db155f","name":"Thales Brand\u00e3o","image":{"@type":"ImageObject","inLanguage":"pt-BR","@id":"https:\/\/secure.gravatar.com\/avatar\/7ca3206950207cc3cb48feec56a8a7898741ab725c368d99d5d7a5a50aab80c6?s=96&d=mm&r=g","url":"https:\/\/secure.gravatar.com\/avatar\/7ca3206950207cc3cb48feec56a8a7898741ab725c368d99d5d7a5a50aab80c6?s=96&d=mm&r=g","contentUrl":"https:\/\/secure.gravatar.com\/avatar\/7ca3206950207cc3cb48feec56a8a7898741ab725c368d99d5d7a5a50aab80c6?s=96&d=mm&r=g","caption":"Thales Brand\u00e3o"},"description":"Editor Executivo do Portal CidadeMarketing.com.br &gt; Mestre em Comunica\u00e7\u00e3o e Sociedade pela Universidade Federal de Sergipe. Possui MBA Executivo em Administra\u00e7\u00e3o com \u00eanfase em Marketing pela Funda\u00e7\u00e3o Get\u00falio Vargas - Rio de Janeiro. Consultor, Palestrante e Pesquisador sobre Empreendedorismo, Marketing, Redes Sociais e Neg\u00f3cios Digitais. Professor, Palestrante TedxTalks e Campus Party. Twitter: @ThalesBrandao","sameAs":["http:\/\/www.mandacaru.com.br","https:\/\/www.facebook.com\/thalesbrandao","http:\/\/www.instagram.com.br\/thalesbrandaoferreira","https:\/\/www.linkedin.com\/in\/thales-brand\u00e3o-3948609\/","https:\/\/x.com\/http:\/\/www.twitter.com\/thalesbrandao"],"url":"https:\/\/www.cidademarketing.com.br\/marketing\/author\/thalesbrandao\/"}]}},"amp_enabled":true,"_links":{"self":[{"href":"https:\/\/www.cidademarketing.com.br\/marketing\/wp-json\/wp\/v2\/posts\/48479","targetHints":{"allow":["GET"]}}],"collection":[{"href":"https:\/\/www.cidademarketing.com.br\/marketing\/wp-json\/wp\/v2\/posts"}],"about":[{"href":"https:\/\/www.cidademarketing.com.br\/marketing\/wp-json\/wp\/v2\/types\/post"}],"author":[{"embeddable":true,"href":"https:\/\/www.cidademarketing.com.br\/marketing\/wp-json\/wp\/v2\/users\/1"}],"replies":[{"embeddable":true,"href":"https:\/\/www.cidademarketing.com.br\/marketing\/wp-json\/wp\/v2\/comments?post=48479"}],"version-history":[{"count":1,"href":"https:\/\/www.cidademarketing.com.br\/marketing\/wp-json\/wp\/v2\/posts\/48479\/revisions"}],"predecessor-version":[{"id":48480,"href":"https:\/\/www.cidademarketing.com.br\/marketing\/wp-json\/wp\/v2\/posts\/48479\/revisions\/48480"}],"wp:featuredmedia":[{"embeddable":true,"href":"https:\/\/www.cidademarketing.com.br\/marketing\/wp-json\/wp\/v2\/media\/44754"}],"wp:attachment":[{"href":"https:\/\/www.cidademarketing.com.br\/marketing\/wp-json\/wp\/v2\/media?parent=48479"}],"wp:term":[{"taxonomy":"category","embeddable":true,"href":"https:\/\/www.cidademarketing.com.br\/marketing\/wp-json\/wp\/v2\/categories?post=48479"},{"taxonomy":"post_tag","embeddable":true,"href":"https:\/\/www.cidademarketing.com.br\/marketing\/wp-json\/wp\/v2\/tags?post=48479"}],"curies":[{"name":"wp","href":"https:\/\/api.w.org\/{rel}","templated":true}]}}