{"id":48457,"date":"2023-10-30T10:48:59","date_gmt":"2023-10-30T13:48:59","guid":{"rendered":"https:\/\/www.cidademarketing.com.br\/marketing\/?p=48457"},"modified":"2023-10-30T10:48:59","modified_gmt":"2023-10-30T13:48:59","slug":"latam-amplia-operacao-em-bh-com-voo-direto-para-santiago","status":"publish","type":"post","link":"https:\/\/www.cidademarketing.com.br\/marketing\/2023\/10\/30\/latam-amplia-operacao-em-bh-com-voo-direto-para-santiago\/","title":{"rendered":"LATAM amplia opera\u00e7\u00e3o em BH com voo direto para Santiago"},"content":{"rendered":"<p>A LATAM inaugurou ontem (29\/10) no Brasil mais uma rota internacional fora do eixo Rio-S\u00e3o Paulo. Trata-se do voo direto Belo Horizonte-Santiago, operado tr\u00eas vezes por semana. Agora, a LATAM \u00e9 a primeira companhia a\u00e9rea a operar a rota regular a partir do BH Airport, o que diminui de 8 para 5 horas o tempo m\u00e9dio da viagem entre as localidades na compara\u00e7\u00e3o com um voo com conex\u00e3o. A previs\u00e3o da LATAM \u00e9 de que mais de 46 mil passageiros sejam transportados anualmente entre Minas Gerais e o Chile.<\/p>\n<p><a href=\"https:\/\/www.cidademarketing.com.br\/marketing\/sua-marca-vai-virar-noticia\/\" target=\"_blank\" rel=\"noopener\"><img fetchpriority=\"high\" decoding=\"async\" class=\"wp-image-44329 aligncenter\" src=\"https:\/\/www.cidademarketing.com.br\/marketing\/wp-content\/uploads\/2023\/04\/cidademarketing_backlinks_marketingdigital_publieditorial_.png\" alt=\"\" width=\"500\" height=\"500\" \/><\/a><\/p>\n<p>Aline Mafra, diretora de Vendas e Marketing da LATAM Brasil, explica os impactos positivos para Minas Gerais. \u201cQuando ampliamos a conectividade internacional de Belo Horizonte com o Chile, estamos ampliando tamb\u00e9m o acesso a destinos internacionais \u00fanicos e abrindo mais portas para o Brasil. Isso porque a partir de Santiago \u00e9 poss\u00edvel conectar-se rapidamente com a LATAM para todo o pa\u00eds andino e tamb\u00e9m para lugares muito procurados pelos turistas, como Sydney, Auckland, Melbourne e Ilha de P\u00e1scoa. Em contrapartida, em todos esses destinos tamb\u00e9m podemos embarcar mais estrangeiros que agora podem descobrir Minas Gerais com muito mais facilidade\u201d.<\/p>\n<p>Os voos da LATAM para Santiago decolam de Belo Horizonte\/BH Airport todas as quartas, sextas e domingos \u00e0s 18h20 (hora local) e pousam no destino \u00e0s 23h20 (hora local). No sentido inverso, decolam de Santiago \u00e0s 13h06 (hora local) com pouso no BH Airport \u00e0s 17h05 (hora local). Os voos s\u00e3o operados em aeronaves Airbus A320, que comporta at\u00e9 12 passageiros em cabine Premium Economy e 162 em Economy. Al\u00e9m disso, permitem a conex\u00e3o de passageiros que t\u00eam como origem ou destino S\u00e3o Paulo (Congonhas e Guarulhos) e Rio de Janeiro (Santos Dumont).<\/p>\n<p>Herlichy Bastos, diretor de Opera\u00e7\u00f5es do BH Airport, celebra o in\u00edcio das opera\u00e7\u00f5es para o Chile. \u201cEstamos muito felizes com o in\u00edcio de mais uma opera\u00e7\u00e3o internacional no nosso aeroporto. Estamos dedicados em ampliar a conectividade de Minas Gerais com o mercado internacional e nos fortalecer como hub. Em 2023, quadruplicamos o n\u00famero de destinos internacionais no BH Airport e contamos com uma rota direta para o Chile, que al\u00e9m de Santiago, conecta os visitantes \u00e0 Nova Zel\u00e2ndia e \u00e0 Austr\u00e1lia, tem amplo potencial. Estamos confiantes no voo e certos do seu sucesso\u201d, ressalta.<\/p>\n<p>Atualmente, a LATAM opera a partir de Belo Horizonte voos dom\u00e9sticos para S\u00e3o Paulo\/Guarulhos (34 voos semanais), S\u00e3o Paulo\/Congonhas (60 voos semanais), Rio de Janeiro\/Santos Dumont (24 voos semanais) e Bras\u00edlia (18 voos semanais).<\/p>\n<p>OPERA\u00c7\u00c3O MAIS SUSTENT\u00c1VEL DA LATAM EM BELO HORIZONTE<\/p>\n<p>No BH Airport, vale lembrar, a LATAM iniciou h\u00e1 um ano o projeto-piloto para utiliza\u00e7\u00e3o de energia el\u00e9trica em opera\u00e7\u00f5es de solo. O projeto pioneiro em parceria com a Real Aviation e BH Airport contou com investimento de mais de R\uff04 30 milh\u00f5es. Com isso, a opera\u00e7\u00e3o de Ground Handling de pelo menos 50% dos voos da companhia no aeroporto passou a ser realizada por equipamentos movidos a energia el\u00e9trica em vez de diesel. A iniciativa permite \u00e0 LATAM deixar de emitir 114 toneladas de CO2 por ano no aeroporto. Esse volume corresponde ao consumo equivalente de CO2 dos equipamentos movidos a diesel usados para atender a sua opera\u00e7\u00e3o atual na localidade.<\/p>\n<p><iframe title=\"Spotify Embed: Podcast CidadeMarketing\" style=\"border-radius: 12px\" width=\"100%\" height=\"152\" frameborder=\"0\" allowfullscreen allow=\"autoplay; clipboard-write; encrypted-media; fullscreen; picture-in-picture\" loading=\"lazy\" src=\"https:\/\/open.spotify.com\/embed\/show\/4khMKzP3FgFRWVwb73xicc?si=252fe5bff2b34909&#038;utm_source=oembed\"><\/iframe><\/p>\n<p>&nbsp;<\/p>\n<p>CRESCIMENTO SUSTENT\u00c1VEL DA CONECTIVIDADE DA LATAM<\/p>\n<p>Eficiente e competitiva, a LATAM tem investido desde 2021 em mercados sustent\u00e1veis para ampliar a sua conectividade e promover o crescimento sustent\u00e1vel de suas opera\u00e7\u00f5es.<\/p>\n<p>Al\u00e9m de voar para seu recorde de 55 destinos no Brasil e ampliar o seu acordo de codeshare com a Voepass para viabilizar e oferecer em latam.com passagens a\u00e9reas para pelo menos mais 16 destinos regionais no Brasil, \u00e9 atualmente a empresa que mais conecta o Pa\u00eds com o mundo, com voos pr\u00f3prios para 90 destinos no exterior. Em 2023, a LATAM inaugurou as rotas Bras\u00edlia-Lima, Porto Alegre-Santiago, S\u00e3o Paulo-Los Angeles, S\u00e3o Paulo-Joanesburgo e Belo Horizonte-Santiago, e voltou a conectar o Brasil com Melbourne (via Santiago), Caracas, Havana e Atlanta (via Lima). Ainda neste ano, vai inaugurar a rota Florian\u00f3polis-Santiago, al\u00e9m de come\u00e7ar a conectar o Brasil com Aruba (via Lima).<\/p>\n<p>Anualmente, a LATAM transporta no Brasil uma m\u00e9dia de 30 milh\u00f5es de passageiros em voos dom\u00e9sticos e 3 milh\u00f5es em voos internacionais. S\u00e3o cerca de 700 voos por dia no mercado brasileiro, sendo 650 dom\u00e9sticos e 50 internacionais.<\/p>\n","protected":false},"excerpt":{"rendered":"<p>A LATAM inaugurou ontem (29\/10) no Brasil mais uma rota internacional fora do eixo Rio-S\u00e3o Paulo. Trata-se do voo direto Belo Horizonte-Santiago, operado tr\u00eas vezes por semana. Agora, a LATAM \u00e9 a primeira companhia a\u00e9rea a operar a rota regular a partir do BH Airport, o que diminui de 8 para 5 horas o tempo [&hellip;]<\/p>\n","protected":false},"author":1,"featured_media":41012,"comment_status":"open","ping_status":"open","sticky":false,"template":"","format":"standard","meta":{"tdm_status":"","tdm_grid_status":"","footnotes":""},"categories":[6],"tags":[1187,65,33,1051,39,155,28],"class_list":["post-48457","post","type-post","status-publish","format-standard","has-post-thumbnail","hentry","category-noticias","tag-bh","tag-campanha","tag-estrategia","tag-expansao","tag-investimento","tag-latam","tag-marketing"],"yoast_head":"<!-- This site is optimized with the Yoast SEO plugin v27.5 - https:\/\/yoast.com\/product\/yoast-seo-wordpress\/ -->\n<title>LATAM amplia opera\u00e7\u00e3o em BH com voo direto para Santiago - CidadeMarketing<\/title>\n<meta name=\"robots\" content=\"index, follow, max-snippet:-1, max-image-preview:large, max-video-preview:-1\" \/>\n<link rel=\"canonical\" href=\"https:\/\/www.cidademarketing.com.br\/marketing\/2023\/10\/30\/latam-amplia-operacao-em-bh-com-voo-direto-para-santiago\/\" \/>\n<meta property=\"og:locale\" content=\"pt_BR\" \/>\n<meta property=\"og:type\" content=\"article\" \/>\n<meta property=\"og:title\" content=\"LATAM amplia opera\u00e7\u00e3o em BH com voo direto para Santiago - CidadeMarketing\" \/>\n<meta property=\"og:description\" content=\"A LATAM inaugurou ontem (29\/10) no Brasil mais uma rota internacional fora do eixo Rio-S\u00e3o Paulo. Trata-se do voo direto Belo Horizonte-Santiago, operado tr\u00eas vezes por semana. Agora, a LATAM \u00e9 a primeira companhia a\u00e9rea a operar a rota regular a partir do BH Airport, o que diminui de 8 para 5 horas o tempo [&hellip;]\" \/>\n<meta property=\"og:url\" content=\"https:\/\/www.cidademarketing.com.br\/marketing\/2023\/10\/30\/latam-amplia-operacao-em-bh-com-voo-direto-para-santiago\/\" \/>\n<meta property=\"og:site_name\" content=\"CidadeMarketing\" \/>\n<meta property=\"article:publisher\" content=\"https:\/\/www.facebook.com\/portalcidademarketing\" \/>\n<meta property=\"article:author\" content=\"https:\/\/www.facebook.com\/thalesbrandao\" \/>\n<meta property=\"article:published_time\" content=\"2023-10-30T13:48:59+00:00\" \/>\n<meta property=\"og:image\" content=\"https:\/\/www.cidademarketing.com.br\/marketing\/wp-content\/uploads\/2022\/12\/latam_divulgacao.jpg\" \/>\n\t<meta property=\"og:image:width\" content=\"1024\" \/>\n\t<meta property=\"og:image:height\" content=\"683\" \/>\n\t<meta property=\"og:image:type\" content=\"image\/jpeg\" \/>\n<meta name=\"author\" content=\"Thales Brand\u00e3o\" \/>\n<meta name=\"twitter:card\" content=\"summary_large_image\" \/>\n<meta name=\"twitter:creator\" content=\"@http:\/\/www.twitter.com\/thalesbrandao\" \/>\n<meta name=\"twitter:site\" content=\"@CidadeMarketing\" \/>\n<meta name=\"twitter:label1\" content=\"Escrito por\" \/>\n\t<meta name=\"twitter:data1\" content=\"Thales Brand\u00e3o\" \/>\n\t<meta name=\"twitter:label2\" content=\"Est. tempo de leitura\" \/>\n\t<meta name=\"twitter:data2\" content=\"4 minutos\" \/>\n<script type=\"application\/ld+json\" class=\"yoast-schema-graph\">{\"@context\":\"https:\\\/\\\/schema.org\",\"@graph\":[{\"@type\":\"Article\",\"@id\":\"https:\\\/\\\/www.cidademarketing.com.br\\\/marketing\\\/2023\\\/10\\\/30\\\/latam-amplia-operacao-em-bh-com-voo-direto-para-santiago\\\/#article\",\"isPartOf\":{\"@id\":\"https:\\\/\\\/www.cidademarketing.com.br\\\/marketing\\\/2023\\\/10\\\/30\\\/latam-amplia-operacao-em-bh-com-voo-direto-para-santiago\\\/\"},\"author\":{\"name\":\"Thales Brand\u00e3o\",\"@id\":\"https:\\\/\\\/www.cidademarketing.com.br\\\/marketing\\\/#\\\/schema\\\/person\\\/02daff9f18bd9378c9e01eb6b2db155f\"},\"headline\":\"LATAM amplia opera\u00e7\u00e3o em BH com voo direto para Santiago\",\"datePublished\":\"2023-10-30T13:48:59+00:00\",\"mainEntityOfPage\":{\"@id\":\"https:\\\/\\\/www.cidademarketing.com.br\\\/marketing\\\/2023\\\/10\\\/30\\\/latam-amplia-operacao-em-bh-com-voo-direto-para-santiago\\\/\"},\"wordCount\":769,\"commentCount\":0,\"publisher\":{\"@id\":\"https:\\\/\\\/www.cidademarketing.com.br\\\/marketing\\\/#organization\"},\"image\":{\"@id\":\"https:\\\/\\\/www.cidademarketing.com.br\\\/marketing\\\/2023\\\/10\\\/30\\\/latam-amplia-operacao-em-bh-com-voo-direto-para-santiago\\\/#primaryimage\"},\"thumbnailUrl\":\"https:\\\/\\\/www.cidademarketing.com.br\\\/marketing\\\/wp-content\\\/uploads\\\/2022\\\/12\\\/latam_divulgacao.jpg\",\"keywords\":[\"BH\",\"campanha\",\"estrat\u00e9gia\",\"expans\u00e3o\",\"investimento\",\"Latam\",\"marketing\"],\"articleSection\":[\"Not\u00edcias\"],\"inLanguage\":\"pt-BR\",\"potentialAction\":[{\"@type\":\"CommentAction\",\"name\":\"Comment\",\"target\":[\"https:\\\/\\\/www.cidademarketing.com.br\\\/marketing\\\/2023\\\/10\\\/30\\\/latam-amplia-operacao-em-bh-com-voo-direto-para-santiago\\\/#respond\"]}]},{\"@type\":\"WebPage\",\"@id\":\"https:\\\/\\\/www.cidademarketing.com.br\\\/marketing\\\/2023\\\/10\\\/30\\\/latam-amplia-operacao-em-bh-com-voo-direto-para-santiago\\\/\",\"url\":\"https:\\\/\\\/www.cidademarketing.com.br\\\/marketing\\\/2023\\\/10\\\/30\\\/latam-amplia-operacao-em-bh-com-voo-direto-para-santiago\\\/\",\"name\":\"LATAM amplia opera\u00e7\u00e3o em BH com voo direto para Santiago - CidadeMarketing\",\"isPartOf\":{\"@id\":\"https:\\\/\\\/www.cidademarketing.com.br\\\/marketing\\\/#website\"},\"primaryImageOfPage\":{\"@id\":\"https:\\\/\\\/www.cidademarketing.com.br\\\/marketing\\\/2023\\\/10\\\/30\\\/latam-amplia-operacao-em-bh-com-voo-direto-para-santiago\\\/#primaryimage\"},\"image\":{\"@id\":\"https:\\\/\\\/www.cidademarketing.com.br\\\/marketing\\\/2023\\\/10\\\/30\\\/latam-amplia-operacao-em-bh-com-voo-direto-para-santiago\\\/#primaryimage\"},\"thumbnailUrl\":\"https:\\\/\\\/www.cidademarketing.com.br\\\/marketing\\\/wp-content\\\/uploads\\\/2022\\\/12\\\/latam_divulgacao.jpg\",\"datePublished\":\"2023-10-30T13:48:59+00:00\",\"breadcrumb\":{\"@id\":\"https:\\\/\\\/www.cidademarketing.com.br\\\/marketing\\\/2023\\\/10\\\/30\\\/latam-amplia-operacao-em-bh-com-voo-direto-para-santiago\\\/#breadcrumb\"},\"inLanguage\":\"pt-BR\",\"potentialAction\":[{\"@type\":\"ReadAction\",\"target\":[\"https:\\\/\\\/www.cidademarketing.com.br\\\/marketing\\\/2023\\\/10\\\/30\\\/latam-amplia-operacao-em-bh-com-voo-direto-para-santiago\\\/\"]}]},{\"@type\":\"ImageObject\",\"inLanguage\":\"pt-BR\",\"@id\":\"https:\\\/\\\/www.cidademarketing.com.br\\\/marketing\\\/2023\\\/10\\\/30\\\/latam-amplia-operacao-em-bh-com-voo-direto-para-santiago\\\/#primaryimage\",\"url\":\"https:\\\/\\\/www.cidademarketing.com.br\\\/marketing\\\/wp-content\\\/uploads\\\/2022\\\/12\\\/latam_divulgacao.jpg\",\"contentUrl\":\"https:\\\/\\\/www.cidademarketing.com.br\\\/marketing\\\/wp-content\\\/uploads\\\/2022\\\/12\\\/latam_divulgacao.jpg\",\"width\":1024,\"height\":683,\"caption\":\"Boeing 787 da LATAM (cr\u00e9dito: divulga\u00e7\u00e3o LATAM)\"},{\"@type\":\"BreadcrumbList\",\"@id\":\"https:\\\/\\\/www.cidademarketing.com.br\\\/marketing\\\/2023\\\/10\\\/30\\\/latam-amplia-operacao-em-bh-com-voo-direto-para-santiago\\\/#breadcrumb\",\"itemListElement\":[{\"@type\":\"ListItem\",\"position\":1,\"name\":\"In\u00edcio\",\"item\":\"https:\\\/\\\/www.cidademarketing.com.br\\\/marketing\\\/\"},{\"@type\":\"ListItem\",\"position\":2,\"name\":\"LATAM amplia opera\u00e7\u00e3o em BH com voo direto para Santiago\"}]},{\"@type\":\"WebSite\",\"@id\":\"https:\\\/\\\/www.cidademarketing.com.br\\\/marketing\\\/#website\",\"url\":\"https:\\\/\\\/www.cidademarketing.com.br\\\/marketing\\\/\",\"name\":\"CidadeMarketing\",\"description\":\"Somos um ve\u00edculo de comunica\u00e7\u00e3o de destaque no Brasil, reconhecido por conte\u00fados nos segmentos de marketing, empreendedorismo e inova\u00e7\u00e3o.\",\"publisher\":{\"@id\":\"https:\\\/\\\/www.cidademarketing.com.br\\\/marketing\\\/#organization\"},\"alternateName\":\"CidadeMarketing\",\"potentialAction\":[{\"@type\":\"SearchAction\",\"target\":{\"@type\":\"EntryPoint\",\"urlTemplate\":\"https:\\\/\\\/www.cidademarketing.com.br\\\/marketing\\\/?s={search_term_string}\"},\"query-input\":{\"@type\":\"PropertyValueSpecification\",\"valueRequired\":true,\"valueName\":\"search_term_string\"}}],\"inLanguage\":\"pt-BR\"},{\"@type\":\"Organization\",\"@id\":\"https:\\\/\\\/www.cidademarketing.com.br\\\/marketing\\\/#organization\",\"name\":\"CidadeMarketing\",\"alternateName\":\"CidadeMarketing\",\"url\":\"https:\\\/\\\/www.cidademarketing.com.br\\\/marketing\\\/\",\"logo\":{\"@type\":\"ImageObject\",\"inLanguage\":\"pt-BR\",\"@id\":\"https:\\\/\\\/www.cidademarketing.com.br\\\/marketing\\\/#\\\/schema\\\/logo\\\/image\\\/\",\"url\":\"https:\\\/\\\/www.cidademarketing.com.br\\\/marketing\\\/wp-content\\\/uploads\\\/2020\\\/01\\\/cidademarketing_marca_mobile.png\",\"contentUrl\":\"https:\\\/\\\/www.cidademarketing.com.br\\\/marketing\\\/wp-content\\\/uploads\\\/2020\\\/01\\\/cidademarketing_marca_mobile.png\",\"width\":230,\"height\":92,\"caption\":\"CidadeMarketing\"},\"image\":{\"@id\":\"https:\\\/\\\/www.cidademarketing.com.br\\\/marketing\\\/#\\\/schema\\\/logo\\\/image\\\/\"},\"sameAs\":[\"https:\\\/\\\/www.facebook.com\\\/portalcidademarketing\",\"https:\\\/\\\/x.com\\\/CidadeMarketing\",\"https:\\\/\\\/www.instagram.com\\\/cidademarketing\\\/\"]},{\"@type\":\"Person\",\"@id\":\"https:\\\/\\\/www.cidademarketing.com.br\\\/marketing\\\/#\\\/schema\\\/person\\\/02daff9f18bd9378c9e01eb6b2db155f\",\"name\":\"Thales Brand\u00e3o\",\"image\":{\"@type\":\"ImageObject\",\"inLanguage\":\"pt-BR\",\"@id\":\"https:\\\/\\\/secure.gravatar.com\\\/avatar\\\/7ca3206950207cc3cb48feec56a8a7898741ab725c368d99d5d7a5a50aab80c6?s=96&d=mm&r=g\",\"url\":\"https:\\\/\\\/secure.gravatar.com\\\/avatar\\\/7ca3206950207cc3cb48feec56a8a7898741ab725c368d99d5d7a5a50aab80c6?s=96&d=mm&r=g\",\"contentUrl\":\"https:\\\/\\\/secure.gravatar.com\\\/avatar\\\/7ca3206950207cc3cb48feec56a8a7898741ab725c368d99d5d7a5a50aab80c6?s=96&d=mm&r=g\",\"caption\":\"Thales Brand\u00e3o\"},\"description\":\"Editor Executivo do Portal CidadeMarketing.com.br &gt; Mestre em Comunica\u00e7\u00e3o e Sociedade pela Universidade Federal de Sergipe. Possui MBA Executivo em Administra\u00e7\u00e3o com \u00eanfase em Marketing pela Funda\u00e7\u00e3o Get\u00falio Vargas - Rio de Janeiro. Consultor, Palestrante e Pesquisador sobre Empreendedorismo, Marketing, Redes Sociais e Neg\u00f3cios Digitais. Professor, Palestrante TedxTalks e Campus Party. Twitter: @ThalesBrandao\",\"sameAs\":[\"http:\\\/\\\/www.mandacaru.com.br\",\"https:\\\/\\\/www.facebook.com\\\/thalesbrandao\",\"http:\\\/\\\/www.instagram.com.br\\\/thalesbrandaoferreira\",\"https:\\\/\\\/www.linkedin.com\\\/in\\\/thales-brand\u00e3o-3948609\\\/\",\"https:\\\/\\\/x.com\\\/http:\\\/\\\/www.twitter.com\\\/thalesbrandao\"],\"url\":\"https:\\\/\\\/www.cidademarketing.com.br\\\/marketing\\\/author\\\/thalesbrandao\\\/\"}]}<\/script>\n<!-- \/ Yoast SEO plugin. -->","yoast_head_json":{"title":"LATAM amplia opera\u00e7\u00e3o em BH com voo direto para Santiago - CidadeMarketing","robots":{"index":"index","follow":"follow","max-snippet":"max-snippet:-1","max-image-preview":"max-image-preview:large","max-video-preview":"max-video-preview:-1"},"canonical":"https:\/\/www.cidademarketing.com.br\/marketing\/2023\/10\/30\/latam-amplia-operacao-em-bh-com-voo-direto-para-santiago\/","og_locale":"pt_BR","og_type":"article","og_title":"LATAM amplia opera\u00e7\u00e3o em BH com voo direto para Santiago - CidadeMarketing","og_description":"A LATAM inaugurou ontem (29\/10) no Brasil mais uma rota internacional fora do eixo Rio-S\u00e3o Paulo. Trata-se do voo direto Belo Horizonte-Santiago, operado tr\u00eas vezes por semana. Agora, a LATAM \u00e9 a primeira companhia a\u00e9rea a operar a rota regular a partir do BH Airport, o que diminui de 8 para 5 horas o tempo [&hellip;]","og_url":"https:\/\/www.cidademarketing.com.br\/marketing\/2023\/10\/30\/latam-amplia-operacao-em-bh-com-voo-direto-para-santiago\/","og_site_name":"CidadeMarketing","article_publisher":"https:\/\/www.facebook.com\/portalcidademarketing","article_author":"https:\/\/www.facebook.com\/thalesbrandao","article_published_time":"2023-10-30T13:48:59+00:00","og_image":[{"width":1024,"height":683,"url":"https:\/\/www.cidademarketing.com.br\/marketing\/wp-content\/uploads\/2022\/12\/latam_divulgacao.jpg","type":"image\/jpeg"}],"author":"Thales Brand\u00e3o","twitter_card":"summary_large_image","twitter_creator":"@http:\/\/www.twitter.com\/thalesbrandao","twitter_site":"@CidadeMarketing","twitter_misc":{"Escrito por":"Thales Brand\u00e3o","Est. tempo de leitura":"4 minutos"},"schema":{"@context":"https:\/\/schema.org","@graph":[{"@type":"Article","@id":"https:\/\/www.cidademarketing.com.br\/marketing\/2023\/10\/30\/latam-amplia-operacao-em-bh-com-voo-direto-para-santiago\/#article","isPartOf":{"@id":"https:\/\/www.cidademarketing.com.br\/marketing\/2023\/10\/30\/latam-amplia-operacao-em-bh-com-voo-direto-para-santiago\/"},"author":{"name":"Thales Brand\u00e3o","@id":"https:\/\/www.cidademarketing.com.br\/marketing\/#\/schema\/person\/02daff9f18bd9378c9e01eb6b2db155f"},"headline":"LATAM amplia opera\u00e7\u00e3o em BH com voo direto para Santiago","datePublished":"2023-10-30T13:48:59+00:00","mainEntityOfPage":{"@id":"https:\/\/www.cidademarketing.com.br\/marketing\/2023\/10\/30\/latam-amplia-operacao-em-bh-com-voo-direto-para-santiago\/"},"wordCount":769,"commentCount":0,"publisher":{"@id":"https:\/\/www.cidademarketing.com.br\/marketing\/#organization"},"image":{"@id":"https:\/\/www.cidademarketing.com.br\/marketing\/2023\/10\/30\/latam-amplia-operacao-em-bh-com-voo-direto-para-santiago\/#primaryimage"},"thumbnailUrl":"https:\/\/www.cidademarketing.com.br\/marketing\/wp-content\/uploads\/2022\/12\/latam_divulgacao.jpg","keywords":["BH","campanha","estrat\u00e9gia","expans\u00e3o","investimento","Latam","marketing"],"articleSection":["Not\u00edcias"],"inLanguage":"pt-BR","potentialAction":[{"@type":"CommentAction","name":"Comment","target":["https:\/\/www.cidademarketing.com.br\/marketing\/2023\/10\/30\/latam-amplia-operacao-em-bh-com-voo-direto-para-santiago\/#respond"]}]},{"@type":"WebPage","@id":"https:\/\/www.cidademarketing.com.br\/marketing\/2023\/10\/30\/latam-amplia-operacao-em-bh-com-voo-direto-para-santiago\/","url":"https:\/\/www.cidademarketing.com.br\/marketing\/2023\/10\/30\/latam-amplia-operacao-em-bh-com-voo-direto-para-santiago\/","name":"LATAM amplia opera\u00e7\u00e3o em BH com voo direto para Santiago - CidadeMarketing","isPartOf":{"@id":"https:\/\/www.cidademarketing.com.br\/marketing\/#website"},"primaryImageOfPage":{"@id":"https:\/\/www.cidademarketing.com.br\/marketing\/2023\/10\/30\/latam-amplia-operacao-em-bh-com-voo-direto-para-santiago\/#primaryimage"},"image":{"@id":"https:\/\/www.cidademarketing.com.br\/marketing\/2023\/10\/30\/latam-amplia-operacao-em-bh-com-voo-direto-para-santiago\/#primaryimage"},"thumbnailUrl":"https:\/\/www.cidademarketing.com.br\/marketing\/wp-content\/uploads\/2022\/12\/latam_divulgacao.jpg","datePublished":"2023-10-30T13:48:59+00:00","breadcrumb":{"@id":"https:\/\/www.cidademarketing.com.br\/marketing\/2023\/10\/30\/latam-amplia-operacao-em-bh-com-voo-direto-para-santiago\/#breadcrumb"},"inLanguage":"pt-BR","potentialAction":[{"@type":"ReadAction","target":["https:\/\/www.cidademarketing.com.br\/marketing\/2023\/10\/30\/latam-amplia-operacao-em-bh-com-voo-direto-para-santiago\/"]}]},{"@type":"ImageObject","inLanguage":"pt-BR","@id":"https:\/\/www.cidademarketing.com.br\/marketing\/2023\/10\/30\/latam-amplia-operacao-em-bh-com-voo-direto-para-santiago\/#primaryimage","url":"https:\/\/www.cidademarketing.com.br\/marketing\/wp-content\/uploads\/2022\/12\/latam_divulgacao.jpg","contentUrl":"https:\/\/www.cidademarketing.com.br\/marketing\/wp-content\/uploads\/2022\/12\/latam_divulgacao.jpg","width":1024,"height":683,"caption":"Boeing 787 da LATAM (cr\u00e9dito: divulga\u00e7\u00e3o LATAM)"},{"@type":"BreadcrumbList","@id":"https:\/\/www.cidademarketing.com.br\/marketing\/2023\/10\/30\/latam-amplia-operacao-em-bh-com-voo-direto-para-santiago\/#breadcrumb","itemListElement":[{"@type":"ListItem","position":1,"name":"In\u00edcio","item":"https:\/\/www.cidademarketing.com.br\/marketing\/"},{"@type":"ListItem","position":2,"name":"LATAM amplia opera\u00e7\u00e3o em BH com voo direto para Santiago"}]},{"@type":"WebSite","@id":"https:\/\/www.cidademarketing.com.br\/marketing\/#website","url":"https:\/\/www.cidademarketing.com.br\/marketing\/","name":"CidadeMarketing","description":"Somos um ve\u00edculo de comunica\u00e7\u00e3o de destaque no Brasil, reconhecido por conte\u00fados nos segmentos de marketing, empreendedorismo e inova\u00e7\u00e3o.","publisher":{"@id":"https:\/\/www.cidademarketing.com.br\/marketing\/#organization"},"alternateName":"CidadeMarketing","potentialAction":[{"@type":"SearchAction","target":{"@type":"EntryPoint","urlTemplate":"https:\/\/www.cidademarketing.com.br\/marketing\/?s={search_term_string}"},"query-input":{"@type":"PropertyValueSpecification","valueRequired":true,"valueName":"search_term_string"}}],"inLanguage":"pt-BR"},{"@type":"Organization","@id":"https:\/\/www.cidademarketing.com.br\/marketing\/#organization","name":"CidadeMarketing","alternateName":"CidadeMarketing","url":"https:\/\/www.cidademarketing.com.br\/marketing\/","logo":{"@type":"ImageObject","inLanguage":"pt-BR","@id":"https:\/\/www.cidademarketing.com.br\/marketing\/#\/schema\/logo\/image\/","url":"https:\/\/www.cidademarketing.com.br\/marketing\/wp-content\/uploads\/2020\/01\/cidademarketing_marca_mobile.png","contentUrl":"https:\/\/www.cidademarketing.com.br\/marketing\/wp-content\/uploads\/2020\/01\/cidademarketing_marca_mobile.png","width":230,"height":92,"caption":"CidadeMarketing"},"image":{"@id":"https:\/\/www.cidademarketing.com.br\/marketing\/#\/schema\/logo\/image\/"},"sameAs":["https:\/\/www.facebook.com\/portalcidademarketing","https:\/\/x.com\/CidadeMarketing","https:\/\/www.instagram.com\/cidademarketing\/"]},{"@type":"Person","@id":"https:\/\/www.cidademarketing.com.br\/marketing\/#\/schema\/person\/02daff9f18bd9378c9e01eb6b2db155f","name":"Thales Brand\u00e3o","image":{"@type":"ImageObject","inLanguage":"pt-BR","@id":"https:\/\/secure.gravatar.com\/avatar\/7ca3206950207cc3cb48feec56a8a7898741ab725c368d99d5d7a5a50aab80c6?s=96&d=mm&r=g","url":"https:\/\/secure.gravatar.com\/avatar\/7ca3206950207cc3cb48feec56a8a7898741ab725c368d99d5d7a5a50aab80c6?s=96&d=mm&r=g","contentUrl":"https:\/\/secure.gravatar.com\/avatar\/7ca3206950207cc3cb48feec56a8a7898741ab725c368d99d5d7a5a50aab80c6?s=96&d=mm&r=g","caption":"Thales Brand\u00e3o"},"description":"Editor Executivo do Portal CidadeMarketing.com.br &gt; Mestre em Comunica\u00e7\u00e3o e Sociedade pela Universidade Federal de Sergipe. Possui MBA Executivo em Administra\u00e7\u00e3o com \u00eanfase em Marketing pela Funda\u00e7\u00e3o Get\u00falio Vargas - Rio de Janeiro. Consultor, Palestrante e Pesquisador sobre Empreendedorismo, Marketing, Redes Sociais e Neg\u00f3cios Digitais. Professor, Palestrante TedxTalks e Campus Party. Twitter: @ThalesBrandao","sameAs":["http:\/\/www.mandacaru.com.br","https:\/\/www.facebook.com\/thalesbrandao","http:\/\/www.instagram.com.br\/thalesbrandaoferreira","https:\/\/www.linkedin.com\/in\/thales-brand\u00e3o-3948609\/","https:\/\/x.com\/http:\/\/www.twitter.com\/thalesbrandao"],"url":"https:\/\/www.cidademarketing.com.br\/marketing\/author\/thalesbrandao\/"}]}},"amp_enabled":true,"_links":{"self":[{"href":"https:\/\/www.cidademarketing.com.br\/marketing\/wp-json\/wp\/v2\/posts\/48457","targetHints":{"allow":["GET"]}}],"collection":[{"href":"https:\/\/www.cidademarketing.com.br\/marketing\/wp-json\/wp\/v2\/posts"}],"about":[{"href":"https:\/\/www.cidademarketing.com.br\/marketing\/wp-json\/wp\/v2\/types\/post"}],"author":[{"embeddable":true,"href":"https:\/\/www.cidademarketing.com.br\/marketing\/wp-json\/wp\/v2\/users\/1"}],"replies":[{"embeddable":true,"href":"https:\/\/www.cidademarketing.com.br\/marketing\/wp-json\/wp\/v2\/comments?post=48457"}],"version-history":[{"count":1,"href":"https:\/\/www.cidademarketing.com.br\/marketing\/wp-json\/wp\/v2\/posts\/48457\/revisions"}],"predecessor-version":[{"id":48458,"href":"https:\/\/www.cidademarketing.com.br\/marketing\/wp-json\/wp\/v2\/posts\/48457\/revisions\/48458"}],"wp:featuredmedia":[{"embeddable":true,"href":"https:\/\/www.cidademarketing.com.br\/marketing\/wp-json\/wp\/v2\/media\/41012"}],"wp:attachment":[{"href":"https:\/\/www.cidademarketing.com.br\/marketing\/wp-json\/wp\/v2\/media?parent=48457"}],"wp:term":[{"taxonomy":"category","embeddable":true,"href":"https:\/\/www.cidademarketing.com.br\/marketing\/wp-json\/wp\/v2\/categories?post=48457"},{"taxonomy":"post_tag","embeddable":true,"href":"https:\/\/www.cidademarketing.com.br\/marketing\/wp-json\/wp\/v2\/tags?post=48457"}],"curies":[{"name":"wp","href":"https:\/\/api.w.org\/{rel}","templated":true}]}}