{"id":48410,"date":"2023-10-26T23:02:50","date_gmt":"2023-10-27T02:02:50","guid":{"rendered":"https:\/\/www.cidademarketing.com.br\/marketing\/?p=48410"},"modified":"2023-10-26T23:02:50","modified_gmt":"2023-10-27T02:02:50","slug":"vivo-oferece-oportunidades-de-emprego-em-feira-de-recrutamento-para-pessoas-com-deficiencia","status":"publish","type":"post","link":"https:\/\/www.cidademarketing.com.br\/marketing\/2023\/10\/26\/vivo-oferece-oportunidades-de-emprego-em-feira-de-recrutamento-para-pessoas-com-deficiencia\/","title":{"rendered":"Vivo oferece oportunidades de emprego em feira de recrutamento para pessoas com defici\u00eancia"},"content":{"rendered":"<p>A Vivo far\u00e1 uma feira de recrutamento para pessoas com defici\u00eancia. Ao todo, ser\u00e3o cerca de 250 vagas para 15 cidades do pa\u00eds: Fortaleza (CE), Curitiba (PR), Rio de Janeiro (RJ), S\u00e3o Paulo (SP), Vit\u00f3ria (ES), Salvador (BA), S\u00e3o Lu\u00eds (MA), Recife (PE), Bel\u00e9m (PA), Manaus (AM), Rio Branco (AC), Belo Horizonte (MG), Bras\u00edlia (DF), Florian\u00f3polis (SC) e Porto Alegre (RS). No dia 01 de novembro, a companhia promover\u00e1 uma feira de recrutamento, em formato virtual, para apresentar a empresa, benef\u00edcios e oportunidades. Os interessados precisam se inscrever pelo link . O processo seletivo ser\u00e1 100% online.<\/p>\n<p><a href=\"https:\/\/www.cidademarketing.com.br\/marketing\/sua-marca-vai-virar-noticia\/\" target=\"_blank\" rel=\"noopener\"><img fetchpriority=\"high\" decoding=\"async\" class=\"wp-image-44329 aligncenter\" src=\"https:\/\/www.cidademarketing.com.br\/marketing\/wp-content\/uploads\/2023\/04\/cidademarketing_backlinks_marketingdigital_publieditorial_.png\" alt=\"\" width=\"500\" height=\"500\" \/><\/a><br \/>\n\u00c9 necess\u00e1rio ter o ensino m\u00e9dio completo, conhecimento em inform\u00e1tica, pacote office. Ter outras experi\u00eancias profissionais ser\u00e1 um diferencial. Ensino superior n\u00e3o \u00e9 um requisito obrigat\u00f3rio. Al\u00e9m disso, \u00e9 importante ter um perfil consultivo, anal\u00edtico, inquieto, curioso e colaborativo. H\u00e1 oportunidades para v\u00e1rios setores da companhia, como atendimento ao cliente, lojas, engenharia, call center de vendas, recursos humanos, al\u00e9m de \u00e1reas administrativas, comerciais, tecnologia, projetos e opera\u00e7\u00f5es.<br \/>\n\u201cA chegada desses novos colaboradores vem para fomentar a criatividade e a inova\u00e7\u00e3o, refor\u00e7ando ainda mais o ambiente aberto e inclusivo que estamos construindo na companhia\u201d, destaca Niva Ribeiro, VP de Pessoas da Vivo.<\/p>\n<p><iframe title=\"Spotify Embed: Podcast CidadeMarketing\" style=\"border-radius: 12px\" width=\"100%\" height=\"152\" frameborder=\"0\" allowfullscreen allow=\"autoplay; clipboard-write; encrypted-media; fullscreen; picture-in-picture\" loading=\"lazy\" src=\"https:\/\/open.spotify.com\/embed\/show\/4khMKzP3FgFRWVwb73xicc?si=252fe5bff2b34909&#038;utm_source=oembed\"><\/iframe><\/p>\n<p>&nbsp;<\/p>\n<p>O sal\u00e1rio \u00e9 compat\u00edvel com o que \u00e9 oferecido no mercado. Entre os benef\u00edcios est\u00e3o vale refei\u00e7\u00e3o e transporte; programa de participa\u00e7\u00e3o nos resultados; seguro de vida; licen\u00e7a parental; day off de anivers\u00e1rio; smartphone, desconto especial em linha fixa, banda larga, TV por assinatura e apps, al\u00e9m de plano de sa\u00fade e odontol\u00f3gico. Importante destacar que colaboradores com defici\u00eancia possuem isen\u00e7\u00e3o de coparticipa\u00e7\u00e3o no plano de sa\u00fade. A Vivo tamb\u00e9m oferece subs\u00eddio de educa\u00e7\u00e3o para seus profissionais com defici\u00eancia e possui conv\u00eanio com mais de 50 institui\u00e7\u00f5es de ensino, entre universidades e escolas de idiomas, que concedem descontos para colaboradores que buscam o desenvolvimento pessoal e profissional. Al\u00e9m disso, a companhia possui o Vivo Explore &#8211; o hub de desenvolvimento da empresa, que proporciona experi\u00eancias de aprendizagem.<\/p>\n","protected":false},"excerpt":{"rendered":"<p>A Vivo far\u00e1 uma feira de recrutamento para pessoas com defici\u00eancia. Ao todo, ser\u00e3o cerca de 250 vagas para 15 cidades do pa\u00eds: Fortaleza (CE), Curitiba (PR), Rio de Janeiro (RJ), S\u00e3o Paulo (SP), Vit\u00f3ria (ES), Salvador (BA), S\u00e3o Lu\u00eds (MA), Recife (PE), Bel\u00e9m (PA), Manaus (AM), Rio Branco (AC), Belo Horizonte (MG), Bras\u00edlia (DF), [&hellip;]<\/p>\n","protected":false},"author":1,"featured_media":36219,"comment_status":"open","ping_status":"open","sticky":false,"template":"","format":"standard","meta":{"tdm_status":"","tdm_grid_status":"","footnotes":""},"categories":[6],"tags":[147,251,595,577,282,185,119],"class_list":["post-48410","post","type-post","status-publish","format-standard","has-post-thumbnail","hentry","category-noticias","tag-brasil","tag-carreira","tag-empregabilidade","tag-oportunidade","tag-pessoas","tag-tecnologia","tag-vivo"],"yoast_head":"<!-- This site is optimized with the Yoast SEO plugin v27.4 - https:\/\/yoast.com\/product\/yoast-seo-wordpress\/ -->\n<title>Vivo oferece oportunidades de emprego em feira de recrutamento para pessoas com defici\u00eancia - CidadeMarketing<\/title>\n<meta name=\"robots\" content=\"index, follow, max-snippet:-1, max-image-preview:large, max-video-preview:-1\" \/>\n<link rel=\"canonical\" href=\"https:\/\/www.cidademarketing.com.br\/marketing\/2023\/10\/26\/vivo-oferece-oportunidades-de-emprego-em-feira-de-recrutamento-para-pessoas-com-deficiencia\/\" \/>\n<meta property=\"og:locale\" content=\"pt_BR\" \/>\n<meta property=\"og:type\" content=\"article\" \/>\n<meta property=\"og:title\" content=\"Vivo oferece oportunidades de emprego em feira de recrutamento para pessoas com defici\u00eancia - CidadeMarketing\" \/>\n<meta property=\"og:description\" content=\"A Vivo far\u00e1 uma feira de recrutamento para pessoas com defici\u00eancia. Ao todo, ser\u00e3o cerca de 250 vagas para 15 cidades do pa\u00eds: Fortaleza (CE), Curitiba (PR), Rio de Janeiro (RJ), S\u00e3o Paulo (SP), Vit\u00f3ria (ES), Salvador (BA), S\u00e3o Lu\u00eds (MA), Recife (PE), Bel\u00e9m (PA), Manaus (AM), Rio Branco (AC), Belo Horizonte (MG), Bras\u00edlia (DF), [&hellip;]\" \/>\n<meta property=\"og:url\" content=\"https:\/\/www.cidademarketing.com.br\/marketing\/2023\/10\/26\/vivo-oferece-oportunidades-de-emprego-em-feira-de-recrutamento-para-pessoas-com-deficiencia\/\" \/>\n<meta property=\"og:site_name\" content=\"CidadeMarketing\" \/>\n<meta property=\"article:publisher\" content=\"https:\/\/www.facebook.com\/portalcidademarketing\" \/>\n<meta property=\"article:author\" content=\"https:\/\/www.facebook.com\/thalesbrandao\" \/>\n<meta property=\"article:published_time\" content=\"2023-10-27T02:02:50+00:00\" \/>\n<meta property=\"og:image\" content=\"https:\/\/www.cidademarketing.com.br\/marketing\/wp-content\/uploads\/2022\/05\/vivo_marca.png\" \/>\n\t<meta property=\"og:image:width\" content=\"500\" \/>\n\t<meta property=\"og:image:height\" content=\"500\" \/>\n\t<meta property=\"og:image:type\" content=\"image\/png\" \/>\n<meta name=\"author\" content=\"Thales Brand\u00e3o\" \/>\n<meta name=\"twitter:card\" content=\"summary_large_image\" \/>\n<meta name=\"twitter:creator\" content=\"@http:\/\/www.twitter.com\/thalesbrandao\" \/>\n<meta name=\"twitter:site\" content=\"@CidadeMarketing\" \/>\n<meta name=\"twitter:label1\" content=\"Escrito por\" \/>\n\t<meta name=\"twitter:data1\" content=\"Thales Brand\u00e3o\" \/>\n\t<meta name=\"twitter:label2\" content=\"Est. tempo de leitura\" \/>\n\t<meta name=\"twitter:data2\" content=\"2 minutos\" \/>\n<script type=\"application\/ld+json\" class=\"yoast-schema-graph\">{\"@context\":\"https:\\\/\\\/schema.org\",\"@graph\":[{\"@type\":\"Article\",\"@id\":\"https:\\\/\\\/www.cidademarketing.com.br\\\/marketing\\\/2023\\\/10\\\/26\\\/vivo-oferece-oportunidades-de-emprego-em-feira-de-recrutamento-para-pessoas-com-deficiencia\\\/#article\",\"isPartOf\":{\"@id\":\"https:\\\/\\\/www.cidademarketing.com.br\\\/marketing\\\/2023\\\/10\\\/26\\\/vivo-oferece-oportunidades-de-emprego-em-feira-de-recrutamento-para-pessoas-com-deficiencia\\\/\"},\"author\":{\"name\":\"Thales Brand\u00e3o\",\"@id\":\"https:\\\/\\\/www.cidademarketing.com.br\\\/marketing\\\/#\\\/schema\\\/person\\\/02daff9f18bd9378c9e01eb6b2db155f\"},\"headline\":\"Vivo oferece oportunidades de emprego em feira de recrutamento para pessoas com defici\u00eancia\",\"datePublished\":\"2023-10-27T02:02:50+00:00\",\"mainEntityOfPage\":{\"@id\":\"https:\\\/\\\/www.cidademarketing.com.br\\\/marketing\\\/2023\\\/10\\\/26\\\/vivo-oferece-oportunidades-de-emprego-em-feira-de-recrutamento-para-pessoas-com-deficiencia\\\/\"},\"wordCount\":390,\"commentCount\":0,\"publisher\":{\"@id\":\"https:\\\/\\\/www.cidademarketing.com.br\\\/marketing\\\/#organization\"},\"image\":{\"@id\":\"https:\\\/\\\/www.cidademarketing.com.br\\\/marketing\\\/2023\\\/10\\\/26\\\/vivo-oferece-oportunidades-de-emprego-em-feira-de-recrutamento-para-pessoas-com-deficiencia\\\/#primaryimage\"},\"thumbnailUrl\":\"https:\\\/\\\/www.cidademarketing.com.br\\\/marketing\\\/wp-content\\\/uploads\\\/2022\\\/05\\\/vivo_marca.png\",\"keywords\":[\"Brasil\",\"carreira\",\"empregabilidade\",\"oportunidade\",\"pessoas\",\"tecnologia\",\"Vivo\"],\"articleSection\":[\"Not\u00edcias\"],\"inLanguage\":\"pt-BR\",\"potentialAction\":[{\"@type\":\"CommentAction\",\"name\":\"Comment\",\"target\":[\"https:\\\/\\\/www.cidademarketing.com.br\\\/marketing\\\/2023\\\/10\\\/26\\\/vivo-oferece-oportunidades-de-emprego-em-feira-de-recrutamento-para-pessoas-com-deficiencia\\\/#respond\"]}]},{\"@type\":\"WebPage\",\"@id\":\"https:\\\/\\\/www.cidademarketing.com.br\\\/marketing\\\/2023\\\/10\\\/26\\\/vivo-oferece-oportunidades-de-emprego-em-feira-de-recrutamento-para-pessoas-com-deficiencia\\\/\",\"url\":\"https:\\\/\\\/www.cidademarketing.com.br\\\/marketing\\\/2023\\\/10\\\/26\\\/vivo-oferece-oportunidades-de-emprego-em-feira-de-recrutamento-para-pessoas-com-deficiencia\\\/\",\"name\":\"Vivo oferece oportunidades de emprego em feira de recrutamento para pessoas com defici\u00eancia - CidadeMarketing\",\"isPartOf\":{\"@id\":\"https:\\\/\\\/www.cidademarketing.com.br\\\/marketing\\\/#website\"},\"primaryImageOfPage\":{\"@id\":\"https:\\\/\\\/www.cidademarketing.com.br\\\/marketing\\\/2023\\\/10\\\/26\\\/vivo-oferece-oportunidades-de-emprego-em-feira-de-recrutamento-para-pessoas-com-deficiencia\\\/#primaryimage\"},\"image\":{\"@id\":\"https:\\\/\\\/www.cidademarketing.com.br\\\/marketing\\\/2023\\\/10\\\/26\\\/vivo-oferece-oportunidades-de-emprego-em-feira-de-recrutamento-para-pessoas-com-deficiencia\\\/#primaryimage\"},\"thumbnailUrl\":\"https:\\\/\\\/www.cidademarketing.com.br\\\/marketing\\\/wp-content\\\/uploads\\\/2022\\\/05\\\/vivo_marca.png\",\"datePublished\":\"2023-10-27T02:02:50+00:00\",\"breadcrumb\":{\"@id\":\"https:\\\/\\\/www.cidademarketing.com.br\\\/marketing\\\/2023\\\/10\\\/26\\\/vivo-oferece-oportunidades-de-emprego-em-feira-de-recrutamento-para-pessoas-com-deficiencia\\\/#breadcrumb\"},\"inLanguage\":\"pt-BR\",\"potentialAction\":[{\"@type\":\"ReadAction\",\"target\":[\"https:\\\/\\\/www.cidademarketing.com.br\\\/marketing\\\/2023\\\/10\\\/26\\\/vivo-oferece-oportunidades-de-emprego-em-feira-de-recrutamento-para-pessoas-com-deficiencia\\\/\"]}]},{\"@type\":\"ImageObject\",\"inLanguage\":\"pt-BR\",\"@id\":\"https:\\\/\\\/www.cidademarketing.com.br\\\/marketing\\\/2023\\\/10\\\/26\\\/vivo-oferece-oportunidades-de-emprego-em-feira-de-recrutamento-para-pessoas-com-deficiencia\\\/#primaryimage\",\"url\":\"https:\\\/\\\/www.cidademarketing.com.br\\\/marketing\\\/wp-content\\\/uploads\\\/2022\\\/05\\\/vivo_marca.png\",\"contentUrl\":\"https:\\\/\\\/www.cidademarketing.com.br\\\/marketing\\\/wp-content\\\/uploads\\\/2022\\\/05\\\/vivo_marca.png\",\"width\":500,\"height\":500},{\"@type\":\"BreadcrumbList\",\"@id\":\"https:\\\/\\\/www.cidademarketing.com.br\\\/marketing\\\/2023\\\/10\\\/26\\\/vivo-oferece-oportunidades-de-emprego-em-feira-de-recrutamento-para-pessoas-com-deficiencia\\\/#breadcrumb\",\"itemListElement\":[{\"@type\":\"ListItem\",\"position\":1,\"name\":\"In\u00edcio\",\"item\":\"https:\\\/\\\/www.cidademarketing.com.br\\\/marketing\\\/\"},{\"@type\":\"ListItem\",\"position\":2,\"name\":\"Vivo oferece oportunidades de emprego em feira de recrutamento para pessoas com defici\u00eancia\"}]},{\"@type\":\"WebSite\",\"@id\":\"https:\\\/\\\/www.cidademarketing.com.br\\\/marketing\\\/#website\",\"url\":\"https:\\\/\\\/www.cidademarketing.com.br\\\/marketing\\\/\",\"name\":\"CidadeMarketing\",\"description\":\"Somos um ve\u00edculo de comunica\u00e7\u00e3o de destaque no Brasil, reconhecido por conte\u00fados nos segmentos de marketing, empreendedorismo e inova\u00e7\u00e3o.\",\"publisher\":{\"@id\":\"https:\\\/\\\/www.cidademarketing.com.br\\\/marketing\\\/#organization\"},\"alternateName\":\"CidadeMarketing\",\"potentialAction\":[{\"@type\":\"SearchAction\",\"target\":{\"@type\":\"EntryPoint\",\"urlTemplate\":\"https:\\\/\\\/www.cidademarketing.com.br\\\/marketing\\\/?s={search_term_string}\"},\"query-input\":{\"@type\":\"PropertyValueSpecification\",\"valueRequired\":true,\"valueName\":\"search_term_string\"}}],\"inLanguage\":\"pt-BR\"},{\"@type\":\"Organization\",\"@id\":\"https:\\\/\\\/www.cidademarketing.com.br\\\/marketing\\\/#organization\",\"name\":\"CidadeMarketing\",\"alternateName\":\"CidadeMarketing\",\"url\":\"https:\\\/\\\/www.cidademarketing.com.br\\\/marketing\\\/\",\"logo\":{\"@type\":\"ImageObject\",\"inLanguage\":\"pt-BR\",\"@id\":\"https:\\\/\\\/www.cidademarketing.com.br\\\/marketing\\\/#\\\/schema\\\/logo\\\/image\\\/\",\"url\":\"https:\\\/\\\/www.cidademarketing.com.br\\\/marketing\\\/wp-content\\\/uploads\\\/2020\\\/01\\\/cidademarketing_marca_mobile.png\",\"contentUrl\":\"https:\\\/\\\/www.cidademarketing.com.br\\\/marketing\\\/wp-content\\\/uploads\\\/2020\\\/01\\\/cidademarketing_marca_mobile.png\",\"width\":230,\"height\":92,\"caption\":\"CidadeMarketing\"},\"image\":{\"@id\":\"https:\\\/\\\/www.cidademarketing.com.br\\\/marketing\\\/#\\\/schema\\\/logo\\\/image\\\/\"},\"sameAs\":[\"https:\\\/\\\/www.facebook.com\\\/portalcidademarketing\",\"https:\\\/\\\/x.com\\\/CidadeMarketing\",\"https:\\\/\\\/www.instagram.com\\\/cidademarketing\\\/\"]},{\"@type\":\"Person\",\"@id\":\"https:\\\/\\\/www.cidademarketing.com.br\\\/marketing\\\/#\\\/schema\\\/person\\\/02daff9f18bd9378c9e01eb6b2db155f\",\"name\":\"Thales Brand\u00e3o\",\"image\":{\"@type\":\"ImageObject\",\"inLanguage\":\"pt-BR\",\"@id\":\"https:\\\/\\\/secure.gravatar.com\\\/avatar\\\/7ca3206950207cc3cb48feec56a8a7898741ab725c368d99d5d7a5a50aab80c6?s=96&d=mm&r=g\",\"url\":\"https:\\\/\\\/secure.gravatar.com\\\/avatar\\\/7ca3206950207cc3cb48feec56a8a7898741ab725c368d99d5d7a5a50aab80c6?s=96&d=mm&r=g\",\"contentUrl\":\"https:\\\/\\\/secure.gravatar.com\\\/avatar\\\/7ca3206950207cc3cb48feec56a8a7898741ab725c368d99d5d7a5a50aab80c6?s=96&d=mm&r=g\",\"caption\":\"Thales Brand\u00e3o\"},\"description\":\"Editor Executivo do Portal CidadeMarketing.com.br &gt; Mestre em Comunica\u00e7\u00e3o e Sociedade pela Universidade Federal de Sergipe. Possui MBA Executivo em Administra\u00e7\u00e3o com \u00eanfase em Marketing pela Funda\u00e7\u00e3o Get\u00falio Vargas - Rio de Janeiro. Consultor, Palestrante e Pesquisador sobre Empreendedorismo, Marketing, Redes Sociais e Neg\u00f3cios Digitais. Professor, Palestrante TedxTalks e Campus Party. Twitter: @ThalesBrandao\",\"sameAs\":[\"http:\\\/\\\/www.mandacaru.com.br\",\"https:\\\/\\\/www.facebook.com\\\/thalesbrandao\",\"http:\\\/\\\/www.instagram.com.br\\\/thalesbrandaoferreira\",\"https:\\\/\\\/www.linkedin.com\\\/in\\\/thales-brand\u00e3o-3948609\\\/\",\"https:\\\/\\\/x.com\\\/http:\\\/\\\/www.twitter.com\\\/thalesbrandao\"],\"url\":\"https:\\\/\\\/www.cidademarketing.com.br\\\/marketing\\\/author\\\/thalesbrandao\\\/\"}]}<\/script>\n<!-- \/ Yoast SEO plugin. -->","yoast_head_json":{"title":"Vivo oferece oportunidades de emprego em feira de recrutamento para pessoas com defici\u00eancia - CidadeMarketing","robots":{"index":"index","follow":"follow","max-snippet":"max-snippet:-1","max-image-preview":"max-image-preview:large","max-video-preview":"max-video-preview:-1"},"canonical":"https:\/\/www.cidademarketing.com.br\/marketing\/2023\/10\/26\/vivo-oferece-oportunidades-de-emprego-em-feira-de-recrutamento-para-pessoas-com-deficiencia\/","og_locale":"pt_BR","og_type":"article","og_title":"Vivo oferece oportunidades de emprego em feira de recrutamento para pessoas com defici\u00eancia - CidadeMarketing","og_description":"A Vivo far\u00e1 uma feira de recrutamento para pessoas com defici\u00eancia. Ao todo, ser\u00e3o cerca de 250 vagas para 15 cidades do pa\u00eds: Fortaleza (CE), Curitiba (PR), Rio de Janeiro (RJ), S\u00e3o Paulo (SP), Vit\u00f3ria (ES), Salvador (BA), S\u00e3o Lu\u00eds (MA), Recife (PE), Bel\u00e9m (PA), Manaus (AM), Rio Branco (AC), Belo Horizonte (MG), Bras\u00edlia (DF), [&hellip;]","og_url":"https:\/\/www.cidademarketing.com.br\/marketing\/2023\/10\/26\/vivo-oferece-oportunidades-de-emprego-em-feira-de-recrutamento-para-pessoas-com-deficiencia\/","og_site_name":"CidadeMarketing","article_publisher":"https:\/\/www.facebook.com\/portalcidademarketing","article_author":"https:\/\/www.facebook.com\/thalesbrandao","article_published_time":"2023-10-27T02:02:50+00:00","og_image":[{"width":500,"height":500,"url":"https:\/\/www.cidademarketing.com.br\/marketing\/wp-content\/uploads\/2022\/05\/vivo_marca.png","type":"image\/png"}],"author":"Thales Brand\u00e3o","twitter_card":"summary_large_image","twitter_creator":"@http:\/\/www.twitter.com\/thalesbrandao","twitter_site":"@CidadeMarketing","twitter_misc":{"Escrito por":"Thales Brand\u00e3o","Est. tempo de leitura":"2 minutos"},"schema":{"@context":"https:\/\/schema.org","@graph":[{"@type":"Article","@id":"https:\/\/www.cidademarketing.com.br\/marketing\/2023\/10\/26\/vivo-oferece-oportunidades-de-emprego-em-feira-de-recrutamento-para-pessoas-com-deficiencia\/#article","isPartOf":{"@id":"https:\/\/www.cidademarketing.com.br\/marketing\/2023\/10\/26\/vivo-oferece-oportunidades-de-emprego-em-feira-de-recrutamento-para-pessoas-com-deficiencia\/"},"author":{"name":"Thales Brand\u00e3o","@id":"https:\/\/www.cidademarketing.com.br\/marketing\/#\/schema\/person\/02daff9f18bd9378c9e01eb6b2db155f"},"headline":"Vivo oferece oportunidades de emprego em feira de recrutamento para pessoas com defici\u00eancia","datePublished":"2023-10-27T02:02:50+00:00","mainEntityOfPage":{"@id":"https:\/\/www.cidademarketing.com.br\/marketing\/2023\/10\/26\/vivo-oferece-oportunidades-de-emprego-em-feira-de-recrutamento-para-pessoas-com-deficiencia\/"},"wordCount":390,"commentCount":0,"publisher":{"@id":"https:\/\/www.cidademarketing.com.br\/marketing\/#organization"},"image":{"@id":"https:\/\/www.cidademarketing.com.br\/marketing\/2023\/10\/26\/vivo-oferece-oportunidades-de-emprego-em-feira-de-recrutamento-para-pessoas-com-deficiencia\/#primaryimage"},"thumbnailUrl":"https:\/\/www.cidademarketing.com.br\/marketing\/wp-content\/uploads\/2022\/05\/vivo_marca.png","keywords":["Brasil","carreira","empregabilidade","oportunidade","pessoas","tecnologia","Vivo"],"articleSection":["Not\u00edcias"],"inLanguage":"pt-BR","potentialAction":[{"@type":"CommentAction","name":"Comment","target":["https:\/\/www.cidademarketing.com.br\/marketing\/2023\/10\/26\/vivo-oferece-oportunidades-de-emprego-em-feira-de-recrutamento-para-pessoas-com-deficiencia\/#respond"]}]},{"@type":"WebPage","@id":"https:\/\/www.cidademarketing.com.br\/marketing\/2023\/10\/26\/vivo-oferece-oportunidades-de-emprego-em-feira-de-recrutamento-para-pessoas-com-deficiencia\/","url":"https:\/\/www.cidademarketing.com.br\/marketing\/2023\/10\/26\/vivo-oferece-oportunidades-de-emprego-em-feira-de-recrutamento-para-pessoas-com-deficiencia\/","name":"Vivo oferece oportunidades de emprego em feira de recrutamento para pessoas com defici\u00eancia - CidadeMarketing","isPartOf":{"@id":"https:\/\/www.cidademarketing.com.br\/marketing\/#website"},"primaryImageOfPage":{"@id":"https:\/\/www.cidademarketing.com.br\/marketing\/2023\/10\/26\/vivo-oferece-oportunidades-de-emprego-em-feira-de-recrutamento-para-pessoas-com-deficiencia\/#primaryimage"},"image":{"@id":"https:\/\/www.cidademarketing.com.br\/marketing\/2023\/10\/26\/vivo-oferece-oportunidades-de-emprego-em-feira-de-recrutamento-para-pessoas-com-deficiencia\/#primaryimage"},"thumbnailUrl":"https:\/\/www.cidademarketing.com.br\/marketing\/wp-content\/uploads\/2022\/05\/vivo_marca.png","datePublished":"2023-10-27T02:02:50+00:00","breadcrumb":{"@id":"https:\/\/www.cidademarketing.com.br\/marketing\/2023\/10\/26\/vivo-oferece-oportunidades-de-emprego-em-feira-de-recrutamento-para-pessoas-com-deficiencia\/#breadcrumb"},"inLanguage":"pt-BR","potentialAction":[{"@type":"ReadAction","target":["https:\/\/www.cidademarketing.com.br\/marketing\/2023\/10\/26\/vivo-oferece-oportunidades-de-emprego-em-feira-de-recrutamento-para-pessoas-com-deficiencia\/"]}]},{"@type":"ImageObject","inLanguage":"pt-BR","@id":"https:\/\/www.cidademarketing.com.br\/marketing\/2023\/10\/26\/vivo-oferece-oportunidades-de-emprego-em-feira-de-recrutamento-para-pessoas-com-deficiencia\/#primaryimage","url":"https:\/\/www.cidademarketing.com.br\/marketing\/wp-content\/uploads\/2022\/05\/vivo_marca.png","contentUrl":"https:\/\/www.cidademarketing.com.br\/marketing\/wp-content\/uploads\/2022\/05\/vivo_marca.png","width":500,"height":500},{"@type":"BreadcrumbList","@id":"https:\/\/www.cidademarketing.com.br\/marketing\/2023\/10\/26\/vivo-oferece-oportunidades-de-emprego-em-feira-de-recrutamento-para-pessoas-com-deficiencia\/#breadcrumb","itemListElement":[{"@type":"ListItem","position":1,"name":"In\u00edcio","item":"https:\/\/www.cidademarketing.com.br\/marketing\/"},{"@type":"ListItem","position":2,"name":"Vivo oferece oportunidades de emprego em feira de recrutamento para pessoas com defici\u00eancia"}]},{"@type":"WebSite","@id":"https:\/\/www.cidademarketing.com.br\/marketing\/#website","url":"https:\/\/www.cidademarketing.com.br\/marketing\/","name":"CidadeMarketing","description":"Somos um ve\u00edculo de comunica\u00e7\u00e3o de destaque no Brasil, reconhecido por conte\u00fados nos segmentos de marketing, empreendedorismo e inova\u00e7\u00e3o.","publisher":{"@id":"https:\/\/www.cidademarketing.com.br\/marketing\/#organization"},"alternateName":"CidadeMarketing","potentialAction":[{"@type":"SearchAction","target":{"@type":"EntryPoint","urlTemplate":"https:\/\/www.cidademarketing.com.br\/marketing\/?s={search_term_string}"},"query-input":{"@type":"PropertyValueSpecification","valueRequired":true,"valueName":"search_term_string"}}],"inLanguage":"pt-BR"},{"@type":"Organization","@id":"https:\/\/www.cidademarketing.com.br\/marketing\/#organization","name":"CidadeMarketing","alternateName":"CidadeMarketing","url":"https:\/\/www.cidademarketing.com.br\/marketing\/","logo":{"@type":"ImageObject","inLanguage":"pt-BR","@id":"https:\/\/www.cidademarketing.com.br\/marketing\/#\/schema\/logo\/image\/","url":"https:\/\/www.cidademarketing.com.br\/marketing\/wp-content\/uploads\/2020\/01\/cidademarketing_marca_mobile.png","contentUrl":"https:\/\/www.cidademarketing.com.br\/marketing\/wp-content\/uploads\/2020\/01\/cidademarketing_marca_mobile.png","width":230,"height":92,"caption":"CidadeMarketing"},"image":{"@id":"https:\/\/www.cidademarketing.com.br\/marketing\/#\/schema\/logo\/image\/"},"sameAs":["https:\/\/www.facebook.com\/portalcidademarketing","https:\/\/x.com\/CidadeMarketing","https:\/\/www.instagram.com\/cidademarketing\/"]},{"@type":"Person","@id":"https:\/\/www.cidademarketing.com.br\/marketing\/#\/schema\/person\/02daff9f18bd9378c9e01eb6b2db155f","name":"Thales Brand\u00e3o","image":{"@type":"ImageObject","inLanguage":"pt-BR","@id":"https:\/\/secure.gravatar.com\/avatar\/7ca3206950207cc3cb48feec56a8a7898741ab725c368d99d5d7a5a50aab80c6?s=96&d=mm&r=g","url":"https:\/\/secure.gravatar.com\/avatar\/7ca3206950207cc3cb48feec56a8a7898741ab725c368d99d5d7a5a50aab80c6?s=96&d=mm&r=g","contentUrl":"https:\/\/secure.gravatar.com\/avatar\/7ca3206950207cc3cb48feec56a8a7898741ab725c368d99d5d7a5a50aab80c6?s=96&d=mm&r=g","caption":"Thales Brand\u00e3o"},"description":"Editor Executivo do Portal CidadeMarketing.com.br &gt; Mestre em Comunica\u00e7\u00e3o e Sociedade pela Universidade Federal de Sergipe. Possui MBA Executivo em Administra\u00e7\u00e3o com \u00eanfase em Marketing pela Funda\u00e7\u00e3o Get\u00falio Vargas - Rio de Janeiro. Consultor, Palestrante e Pesquisador sobre Empreendedorismo, Marketing, Redes Sociais e Neg\u00f3cios Digitais. Professor, Palestrante TedxTalks e Campus Party. Twitter: @ThalesBrandao","sameAs":["http:\/\/www.mandacaru.com.br","https:\/\/www.facebook.com\/thalesbrandao","http:\/\/www.instagram.com.br\/thalesbrandaoferreira","https:\/\/www.linkedin.com\/in\/thales-brand\u00e3o-3948609\/","https:\/\/x.com\/http:\/\/www.twitter.com\/thalesbrandao"],"url":"https:\/\/www.cidademarketing.com.br\/marketing\/author\/thalesbrandao\/"}]}},"amp_enabled":true,"_links":{"self":[{"href":"https:\/\/www.cidademarketing.com.br\/marketing\/wp-json\/wp\/v2\/posts\/48410","targetHints":{"allow":["GET"]}}],"collection":[{"href":"https:\/\/www.cidademarketing.com.br\/marketing\/wp-json\/wp\/v2\/posts"}],"about":[{"href":"https:\/\/www.cidademarketing.com.br\/marketing\/wp-json\/wp\/v2\/types\/post"}],"author":[{"embeddable":true,"href":"https:\/\/www.cidademarketing.com.br\/marketing\/wp-json\/wp\/v2\/users\/1"}],"replies":[{"embeddable":true,"href":"https:\/\/www.cidademarketing.com.br\/marketing\/wp-json\/wp\/v2\/comments?post=48410"}],"version-history":[{"count":1,"href":"https:\/\/www.cidademarketing.com.br\/marketing\/wp-json\/wp\/v2\/posts\/48410\/revisions"}],"predecessor-version":[{"id":48411,"href":"https:\/\/www.cidademarketing.com.br\/marketing\/wp-json\/wp\/v2\/posts\/48410\/revisions\/48411"}],"wp:featuredmedia":[{"embeddable":true,"href":"https:\/\/www.cidademarketing.com.br\/marketing\/wp-json\/wp\/v2\/media\/36219"}],"wp:attachment":[{"href":"https:\/\/www.cidademarketing.com.br\/marketing\/wp-json\/wp\/v2\/media?parent=48410"}],"wp:term":[{"taxonomy":"category","embeddable":true,"href":"https:\/\/www.cidademarketing.com.br\/marketing\/wp-json\/wp\/v2\/categories?post=48410"},{"taxonomy":"post_tag","embeddable":true,"href":"https:\/\/www.cidademarketing.com.br\/marketing\/wp-json\/wp\/v2\/tags?post=48410"}],"curies":[{"name":"wp","href":"https:\/\/api.w.org\/{rel}","templated":true}]}}