{"id":48279,"date":"2023-10-19T00:48:38","date_gmt":"2023-10-19T03:48:38","guid":{"rendered":"https:\/\/www.cidademarketing.com.br\/marketing\/?p=48279"},"modified":"2023-10-19T00:48:38","modified_gmt":"2023-10-19T03:48:38","slug":"as-razoes-do-cancelamento-da-campanha-magia-amarela-com-juliette-e-duda-beat-pela-bauducco","status":"publish","type":"post","link":"https:\/\/www.cidademarketing.com.br\/marketing\/2023\/10\/19\/as-razoes-do-cancelamento-da-campanha-magia-amarela-com-juliette-e-duda-beat-pela-bauducco\/","title":{"rendered":"As raz\u00f5es do cancelamento da campanha &#8220;Magia Amarela&#8221; com Juliette e Duda Beat pela Bauducco"},"content":{"rendered":"<p>A empresa Bauducco anunciou uma reviravolta inesperada no final da tarde desta quarta-feira, com o cancelamento de uma aguardada campanha publicit\u00e1ria estrelada pelas famosas cantoras Juliette e Duda Beat. A decis\u00e3o, que surpreendeu muitos, surgiu em meio a alega\u00e7\u00f5es de pl\u00e1gio feitas pelo produtor <a href=\"https:\/\/www.instagram.com\/fiotioficial\/\" target=\"_blank\" rel=\"noopener\">Evandro Fi\u00f3ti<\/a>, irm\u00e3o do renomado rapper Emicida, em rela\u00e7\u00e3o ao conceito da campanha.<\/p>\n<p><a href=\"https:\/\/www.cidademarketing.com.br\/marketing\/sua-marca-vai-virar-noticia\/\" target=\"_blank\" rel=\"noopener\"><img fetchpriority=\"high\" decoding=\"async\" class=\"wp-image-44329 aligncenter\" src=\"https:\/\/www.cidademarketing.com.br\/marketing\/wp-content\/uploads\/2023\/04\/cidademarketing_backlinks_marketingdigital_publieditorial_.png\" alt=\"\" width=\"500\" height=\"500\" \/><\/a><\/p>\n<p>As alega\u00e7\u00f5es de suposto pl\u00e1gio se concentram em v\u00e1rios elementos, incluindo a tipografia, o nome e outros elementos da identidade visual, que supostamente t\u00eam semelhan\u00e7as com o projeto &#8220;<a href=\"https:\/\/www.youtube.com\/@emicida\/search?query=AmarElo\" target=\"_blank\" rel=\"noopener\">AmarElo<\/a>&#8220;, lan\u00e7ado por Emicida em 2019. A not\u00edcia sobre as semelhan\u00e7as entre os projetos gerou pol\u00eamica nas redes sociais e levantou questionamentos sobre a originalidade da campanha da Bauducco.<\/p>\n<p>Em resposta a essas alega\u00e7\u00f5es, a Bauducco emitiu um comunicado oficial afirmando que a campanha e a m\u00fasica &#8220;Magia Amarela&#8221; foram concebidas para celebrar o amarelo, um tra\u00e7o ic\u00f4nico de sua identidade visual que est\u00e1 presente nas embalagens e na comunica\u00e7\u00e3o da marca h\u00e1 mais de tr\u00eas d\u00e9cadas. Al\u00e9m disso, a campanha pretendia transmitir conceitos historicamente associados \u00e0 empresa, como fam\u00edlia, uni\u00e3o, encantamento e comunh\u00e3o.<\/p>\n<p>No entanto, diante das crescentes d\u00favidas e questionamentos em rela\u00e7\u00e3o ao projeto e da s\u00e9ria alega\u00e7\u00e3o de pl\u00e1gio, a empresa tomou a decis\u00e3o de cancelar a campanha. Em seu comunicado, a Bauducco expressou seu respeito e admira\u00e7\u00e3o pelos artistas envolvidos e indicou a inten\u00e7\u00e3o de, em ocasi\u00f5es futuras, <a href=\"https:\/\/www.cidademarketing.com.br\/marketing\/2023\/10\/16\/bauducco-apresenta-nova-agencia-de-comunicacao\/\" target=\"_blank\" rel=\"noopener\">continuar a celebrar seu ic\u00f4nico amarelo e sua mensagem de uni\u00e3o<\/a>.<\/p>\n<p>Juliette e Duda Beat, as duas cantoras que seriam as protagonistas da campanha, tamb\u00e9m responderam \u00e0s alega\u00e7\u00f5es por meio de declara\u00e7\u00f5es emitidas por suas respectivas assessorias. Juliette Freire esclareceu que a m\u00fasica &#8220;Magia Amarela&#8221; faz parte de uma campanha publicit\u00e1ria e que ela foi contratada como int\u00e9rprete para o projeto audiovisual.<\/p>\n<p>Confira a nota oficial da equipe da cantora Juliette:<br \/>\n<em>&#8220;\u00c9 extremamente necess\u00e1rio e importante informar que eu e minha equipe jamais compactuar\u00edamos ou participar\u00edamos cientemente de atitudes de pl\u00e1gio e apropria\u00e7\u00e3o criativa. Fui contratada para uma campanha publicit\u00e1ria em que interpretaria uma can\u00e7\u00e3o e um videoclipe e, nesses casos, os processo de libera\u00e7\u00f5es autorais s\u00e3o de responsabilidade do contratante. Pe\u00e7o desculpas e lamento profundamente as consequ\u00eancias deste ocorrido. Estejam certos de que tomaremos provid\u00eancias e aumentaremos ainda mais, o nosso cuidado sobre propriedade intelectual e diversidade em futuros trabalhos art\u00edsticos e comerciais. Por fim, informo que a campanha foi cancelada e a m\u00fasica ser\u00e1 retirada de todas as plataformas digitais&#8221;<\/em><\/p>\n<p>Duda Beat tamb\u00e9m emitiu uma nota em que explicou que foi contratada como uma das int\u00e9rpretes da m\u00fasica &#8220;Magia Amarela&#8221; em parceria com <a href=\"https:\/\/www.instagram.com\/juliette\/\" target=\"_blank\" rel=\"noopener\">Juliette<\/a> para a campanha publicit\u00e1ria da marca Bauducco. Sua equipe est\u00e1 em comunica\u00e7\u00e3o com os respons\u00e1veis pela cria\u00e7\u00e3o e produ\u00e7\u00e3o da campanha, com a inten\u00e7\u00e3o de divulgar um comunicado oficial \u00e0 imprensa e ao p\u00fablico.<\/p>\n<p>A not\u00edcia do cancelamento da campanha da Bauducco e das alega\u00e7\u00f5es de pl\u00e1gio gerou uma onda de discuss\u00f5es nas redes sociais e nos meios de comunica\u00e7\u00e3o, deixando muitos f\u00e3s e seguidores surpresos e curiosos sobre o desenrolar desse epis\u00f3dio inusitado no mundo da publicidade e do entretenimento.<\/p>\n<p><iframe title=\"Spotify Embed: Podcast CidadeMarketing\" style=\"border-radius: 12px\" width=\"100%\" height=\"152\" frameborder=\"0\" allowfullscreen allow=\"autoplay; clipboard-write; encrypted-media; fullscreen; picture-in-picture\" loading=\"lazy\" src=\"https:\/\/open.spotify.com\/embed\/show\/4khMKzP3FgFRWVwb73xicc?si=252fe5bff2b34909&#038;utm_source=oembed\"><\/iframe><\/p>\n<p>Confira a nota, na \u00edntegra da Bauducco:<\/p>\n<p><em>&#8220;A m\u00fasica &#8220;Magia Amarela&#8221;, protagonizada por Juliette e Duda Beat, foi criada para fazer parte de uma campanha de mesmo nome da Bauducco, com o objetivo de celebrar o amarelo, ic\u00f4nico e caracter\u00edstico da sua identidade visual, presente nas embalagens e comunica\u00e7\u00f5es da marca h\u00e1 mais de 30 anos, al\u00e9m de unir conceitos tamb\u00e9m historicamente propagados: fam\u00edlia, uni\u00e3o, encantamento e comunh\u00e3o. Refor\u00e7aria ainda a assinatura utilizada nas campanhas da marca: &#8220;Um sentimento chamado Fam\u00edlia&#8221;.<\/em><\/p>\n<p><em>A tipografia prevista para os materiais gr\u00e1ficos de divulga\u00e7\u00e3o seria a mesma j\u00e1 usada pela marca, tanto nas embalagens como em outras campanhas e posts das redes sociais. A campanha foi concebida como um projeto amplo e integrado, nascido das fortalezas hist\u00f3ricas da marca.<\/em><\/p>\n<p><em>Para interpretar a m\u00fasica e protagonizar o videoclipe, foram considerados artistas da m\u00fasica brasileira e internacional. A escolha das cantoras Juliette e Duda Beat refletiu o prop\u00f3sito da campanha: s\u00e3o duas artistas que j\u00e1 tinham uma amizade e formam &#8220;uma fam\u00edlia&#8221; com base nos la\u00e7os de afeto, de afinidade e da arte. \u00c9 importante ressaltar que a participa\u00e7\u00e3o das cantoras se restringiu \u00e0 interpreta\u00e7\u00e3o da m\u00fasica-tema, sem v\u00ednculo com a cria\u00e7\u00e3o da campanha.<\/em><\/p>\n<p><em>Diante de questionamentos sobre o projeto e sobre as cantoras, a Bauducco decidiu cancelar a campanha e seguir\u00e1 dialogando com os artistas envolvidos, pelos quais manifesta total respeito e admira\u00e7\u00e3o. Em novas oportunidades, a marca voltar\u00e1 a celebrar sua cor ic\u00f4nica e sua mensagem de uni\u00e3o&#8221;.<\/em><\/p>\n","protected":false},"excerpt":{"rendered":"<p>A empresa Bauducco anunciou uma reviravolta inesperada no final da tarde desta quarta-feira, com o cancelamento de uma aguardada campanha publicit\u00e1ria estrelada pelas famosas cantoras Juliette e Duda Beat. A decis\u00e3o, que surpreendeu muitos, surgiu em meio a alega\u00e7\u00f5es de pl\u00e1gio feitas pelo produtor Evandro Fi\u00f3ti, irm\u00e3o do renomado rapper Emicida, em rela\u00e7\u00e3o ao conceito [&hellip;]<\/p>\n","protected":false},"author":1,"featured_media":48280,"comment_status":"open","ping_status":"open","sticky":false,"template":"","format":"standard","meta":{"tdm_status":"","tdm_grid_status":"","footnotes":""},"categories":[6],"tags":[2586,65,6314,3236,33,709,3920,28,6315],"class_list":["post-48279","post","type-post","status-publish","format-standard","has-post-thumbnail","hentry","category-noticias","tag-bauducco","tag-campanha","tag-duda-beat","tag-emicida","tag-estrategia","tag-identidade-visual","tag-juliette","tag-marketing","tag-plagio"],"yoast_head":"<!-- This site is optimized with the Yoast SEO plugin v27.5 - https:\/\/yoast.com\/product\/yoast-seo-wordpress\/ -->\n<title>As raz\u00f5es do cancelamento da campanha &quot;Magia Amarela&quot; com Juliette e Duda Beat pela Bauducco - CidadeMarketing<\/title>\n<meta name=\"robots\" content=\"index, follow, max-snippet:-1, max-image-preview:large, max-video-preview:-1\" \/>\n<link rel=\"canonical\" href=\"https:\/\/www.cidademarketing.com.br\/marketing\/2023\/10\/19\/as-razoes-do-cancelamento-da-campanha-magia-amarela-com-juliette-e-duda-beat-pela-bauducco\/\" \/>\n<meta property=\"og:locale\" content=\"pt_BR\" \/>\n<meta property=\"og:type\" content=\"article\" \/>\n<meta property=\"og:title\" content=\"As raz\u00f5es do cancelamento da campanha &quot;Magia Amarela&quot; com Juliette e Duda Beat pela Bauducco - CidadeMarketing\" \/>\n<meta property=\"og:description\" content=\"A empresa Bauducco anunciou uma reviravolta inesperada no final da tarde desta quarta-feira, com o cancelamento de uma aguardada campanha publicit\u00e1ria estrelada pelas famosas cantoras Juliette e Duda Beat. A decis\u00e3o, que surpreendeu muitos, surgiu em meio a alega\u00e7\u00f5es de pl\u00e1gio feitas pelo produtor Evandro Fi\u00f3ti, irm\u00e3o do renomado rapper Emicida, em rela\u00e7\u00e3o ao conceito [&hellip;]\" \/>\n<meta property=\"og:url\" content=\"https:\/\/www.cidademarketing.com.br\/marketing\/2023\/10\/19\/as-razoes-do-cancelamento-da-campanha-magia-amarela-com-juliette-e-duda-beat-pela-bauducco\/\" \/>\n<meta property=\"og:site_name\" content=\"CidadeMarketing\" \/>\n<meta property=\"article:publisher\" content=\"https:\/\/www.facebook.com\/portalcidademarketing\" \/>\n<meta property=\"article:author\" content=\"https:\/\/www.facebook.com\/thalesbrandao\" \/>\n<meta property=\"article:published_time\" content=\"2023-10-19T03:48:38+00:00\" \/>\n<meta property=\"og:image\" content=\"https:\/\/www.cidademarketing.com.br\/marketing\/wp-content\/uploads\/2023\/10\/juliette_duda_bauducco_emicida.jpg\" \/>\n\t<meta property=\"og:image:width\" content=\"1200\" \/>\n\t<meta property=\"og:image:height\" content=\"800\" \/>\n\t<meta property=\"og:image:type\" content=\"image\/jpeg\" \/>\n<meta name=\"author\" content=\"Thales Brand\u00e3o\" \/>\n<meta name=\"twitter:card\" content=\"summary_large_image\" \/>\n<meta name=\"twitter:creator\" content=\"@http:\/\/www.twitter.com\/thalesbrandao\" \/>\n<meta name=\"twitter:site\" content=\"@CidadeMarketing\" \/>\n<meta name=\"twitter:label1\" content=\"Escrito por\" \/>\n\t<meta name=\"twitter:data1\" content=\"Thales Brand\u00e3o\" \/>\n\t<meta name=\"twitter:label2\" content=\"Est. tempo de leitura\" \/>\n\t<meta name=\"twitter:data2\" content=\"4 minutos\" \/>\n<script type=\"application\/ld+json\" class=\"yoast-schema-graph\">{\"@context\":\"https:\\\/\\\/schema.org\",\"@graph\":[{\"@type\":\"Article\",\"@id\":\"https:\\\/\\\/www.cidademarketing.com.br\\\/marketing\\\/2023\\\/10\\\/19\\\/as-razoes-do-cancelamento-da-campanha-magia-amarela-com-juliette-e-duda-beat-pela-bauducco\\\/#article\",\"isPartOf\":{\"@id\":\"https:\\\/\\\/www.cidademarketing.com.br\\\/marketing\\\/2023\\\/10\\\/19\\\/as-razoes-do-cancelamento-da-campanha-magia-amarela-com-juliette-e-duda-beat-pela-bauducco\\\/\"},\"author\":{\"name\":\"Thales Brand\u00e3o\",\"@id\":\"https:\\\/\\\/www.cidademarketing.com.br\\\/marketing\\\/#\\\/schema\\\/person\\\/02daff9f18bd9378c9e01eb6b2db155f\"},\"headline\":\"As raz\u00f5es do cancelamento da campanha &#8220;Magia Amarela&#8221; com Juliette e Duda Beat pela Bauducco\",\"datePublished\":\"2023-10-19T03:48:38+00:00\",\"mainEntityOfPage\":{\"@id\":\"https:\\\/\\\/www.cidademarketing.com.br\\\/marketing\\\/2023\\\/10\\\/19\\\/as-razoes-do-cancelamento-da-campanha-magia-amarela-com-juliette-e-duda-beat-pela-bauducco\\\/\"},\"wordCount\":874,\"commentCount\":0,\"publisher\":{\"@id\":\"https:\\\/\\\/www.cidademarketing.com.br\\\/marketing\\\/#organization\"},\"image\":{\"@id\":\"https:\\\/\\\/www.cidademarketing.com.br\\\/marketing\\\/2023\\\/10\\\/19\\\/as-razoes-do-cancelamento-da-campanha-magia-amarela-com-juliette-e-duda-beat-pela-bauducco\\\/#primaryimage\"},\"thumbnailUrl\":\"https:\\\/\\\/www.cidademarketing.com.br\\\/marketing\\\/wp-content\\\/uploads\\\/2023\\\/10\\\/juliette_duda_bauducco_emicida.jpg\",\"keywords\":[\"Bauducco\",\"campanha\",\"Duda Beat\",\"Emicida\",\"estrat\u00e9gia\",\"identidade visual\",\"Juliette\",\"marketing\",\"pl\u00e1gio\"],\"articleSection\":[\"Not\u00edcias\"],\"inLanguage\":\"pt-BR\",\"potentialAction\":[{\"@type\":\"CommentAction\",\"name\":\"Comment\",\"target\":[\"https:\\\/\\\/www.cidademarketing.com.br\\\/marketing\\\/2023\\\/10\\\/19\\\/as-razoes-do-cancelamento-da-campanha-magia-amarela-com-juliette-e-duda-beat-pela-bauducco\\\/#respond\"]}]},{\"@type\":\"WebPage\",\"@id\":\"https:\\\/\\\/www.cidademarketing.com.br\\\/marketing\\\/2023\\\/10\\\/19\\\/as-razoes-do-cancelamento-da-campanha-magia-amarela-com-juliette-e-duda-beat-pela-bauducco\\\/\",\"url\":\"https:\\\/\\\/www.cidademarketing.com.br\\\/marketing\\\/2023\\\/10\\\/19\\\/as-razoes-do-cancelamento-da-campanha-magia-amarela-com-juliette-e-duda-beat-pela-bauducco\\\/\",\"name\":\"As raz\u00f5es do cancelamento da campanha \\\"Magia Amarela\\\" com Juliette e Duda Beat pela Bauducco - CidadeMarketing\",\"isPartOf\":{\"@id\":\"https:\\\/\\\/www.cidademarketing.com.br\\\/marketing\\\/#website\"},\"primaryImageOfPage\":{\"@id\":\"https:\\\/\\\/www.cidademarketing.com.br\\\/marketing\\\/2023\\\/10\\\/19\\\/as-razoes-do-cancelamento-da-campanha-magia-amarela-com-juliette-e-duda-beat-pela-bauducco\\\/#primaryimage\"},\"image\":{\"@id\":\"https:\\\/\\\/www.cidademarketing.com.br\\\/marketing\\\/2023\\\/10\\\/19\\\/as-razoes-do-cancelamento-da-campanha-magia-amarela-com-juliette-e-duda-beat-pela-bauducco\\\/#primaryimage\"},\"thumbnailUrl\":\"https:\\\/\\\/www.cidademarketing.com.br\\\/marketing\\\/wp-content\\\/uploads\\\/2023\\\/10\\\/juliette_duda_bauducco_emicida.jpg\",\"datePublished\":\"2023-10-19T03:48:38+00:00\",\"breadcrumb\":{\"@id\":\"https:\\\/\\\/www.cidademarketing.com.br\\\/marketing\\\/2023\\\/10\\\/19\\\/as-razoes-do-cancelamento-da-campanha-magia-amarela-com-juliette-e-duda-beat-pela-bauducco\\\/#breadcrumb\"},\"inLanguage\":\"pt-BR\",\"potentialAction\":[{\"@type\":\"ReadAction\",\"target\":[\"https:\\\/\\\/www.cidademarketing.com.br\\\/marketing\\\/2023\\\/10\\\/19\\\/as-razoes-do-cancelamento-da-campanha-magia-amarela-com-juliette-e-duda-beat-pela-bauducco\\\/\"]}]},{\"@type\":\"ImageObject\",\"inLanguage\":\"pt-BR\",\"@id\":\"https:\\\/\\\/www.cidademarketing.com.br\\\/marketing\\\/2023\\\/10\\\/19\\\/as-razoes-do-cancelamento-da-campanha-magia-amarela-com-juliette-e-duda-beat-pela-bauducco\\\/#primaryimage\",\"url\":\"https:\\\/\\\/www.cidademarketing.com.br\\\/marketing\\\/wp-content\\\/uploads\\\/2023\\\/10\\\/juliette_duda_bauducco_emicida.jpg\",\"contentUrl\":\"https:\\\/\\\/www.cidademarketing.com.br\\\/marketing\\\/wp-content\\\/uploads\\\/2023\\\/10\\\/juliette_duda_bauducco_emicida.jpg\",\"width\":1200,\"height\":800,\"caption\":\"M\u00fasica \\\"Magia Amarela\\\" foi organizada para campanha da Bauducco. Divulga\u00e7\u00e3o\"},{\"@type\":\"BreadcrumbList\",\"@id\":\"https:\\\/\\\/www.cidademarketing.com.br\\\/marketing\\\/2023\\\/10\\\/19\\\/as-razoes-do-cancelamento-da-campanha-magia-amarela-com-juliette-e-duda-beat-pela-bauducco\\\/#breadcrumb\",\"itemListElement\":[{\"@type\":\"ListItem\",\"position\":1,\"name\":\"In\u00edcio\",\"item\":\"https:\\\/\\\/www.cidademarketing.com.br\\\/marketing\\\/\"},{\"@type\":\"ListItem\",\"position\":2,\"name\":\"As raz\u00f5es do cancelamento da campanha &#8220;Magia Amarela&#8221; com Juliette e Duda Beat pela Bauducco\"}]},{\"@type\":\"WebSite\",\"@id\":\"https:\\\/\\\/www.cidademarketing.com.br\\\/marketing\\\/#website\",\"url\":\"https:\\\/\\\/www.cidademarketing.com.br\\\/marketing\\\/\",\"name\":\"CidadeMarketing\",\"description\":\"Somos um ve\u00edculo de comunica\u00e7\u00e3o de destaque no Brasil, reconhecido por conte\u00fados nos segmentos de marketing, empreendedorismo e inova\u00e7\u00e3o.\",\"publisher\":{\"@id\":\"https:\\\/\\\/www.cidademarketing.com.br\\\/marketing\\\/#organization\"},\"alternateName\":\"CidadeMarketing\",\"potentialAction\":[{\"@type\":\"SearchAction\",\"target\":{\"@type\":\"EntryPoint\",\"urlTemplate\":\"https:\\\/\\\/www.cidademarketing.com.br\\\/marketing\\\/?s={search_term_string}\"},\"query-input\":{\"@type\":\"PropertyValueSpecification\",\"valueRequired\":true,\"valueName\":\"search_term_string\"}}],\"inLanguage\":\"pt-BR\"},{\"@type\":\"Organization\",\"@id\":\"https:\\\/\\\/www.cidademarketing.com.br\\\/marketing\\\/#organization\",\"name\":\"CidadeMarketing\",\"alternateName\":\"CidadeMarketing\",\"url\":\"https:\\\/\\\/www.cidademarketing.com.br\\\/marketing\\\/\",\"logo\":{\"@type\":\"ImageObject\",\"inLanguage\":\"pt-BR\",\"@id\":\"https:\\\/\\\/www.cidademarketing.com.br\\\/marketing\\\/#\\\/schema\\\/logo\\\/image\\\/\",\"url\":\"https:\\\/\\\/www.cidademarketing.com.br\\\/marketing\\\/wp-content\\\/uploads\\\/2020\\\/01\\\/cidademarketing_marca_mobile.png\",\"contentUrl\":\"https:\\\/\\\/www.cidademarketing.com.br\\\/marketing\\\/wp-content\\\/uploads\\\/2020\\\/01\\\/cidademarketing_marca_mobile.png\",\"width\":230,\"height\":92,\"caption\":\"CidadeMarketing\"},\"image\":{\"@id\":\"https:\\\/\\\/www.cidademarketing.com.br\\\/marketing\\\/#\\\/schema\\\/logo\\\/image\\\/\"},\"sameAs\":[\"https:\\\/\\\/www.facebook.com\\\/portalcidademarketing\",\"https:\\\/\\\/x.com\\\/CidadeMarketing\",\"https:\\\/\\\/www.instagram.com\\\/cidademarketing\\\/\"]},{\"@type\":\"Person\",\"@id\":\"https:\\\/\\\/www.cidademarketing.com.br\\\/marketing\\\/#\\\/schema\\\/person\\\/02daff9f18bd9378c9e01eb6b2db155f\",\"name\":\"Thales Brand\u00e3o\",\"image\":{\"@type\":\"ImageObject\",\"inLanguage\":\"pt-BR\",\"@id\":\"https:\\\/\\\/secure.gravatar.com\\\/avatar\\\/7ca3206950207cc3cb48feec56a8a7898741ab725c368d99d5d7a5a50aab80c6?s=96&d=mm&r=g\",\"url\":\"https:\\\/\\\/secure.gravatar.com\\\/avatar\\\/7ca3206950207cc3cb48feec56a8a7898741ab725c368d99d5d7a5a50aab80c6?s=96&d=mm&r=g\",\"contentUrl\":\"https:\\\/\\\/secure.gravatar.com\\\/avatar\\\/7ca3206950207cc3cb48feec56a8a7898741ab725c368d99d5d7a5a50aab80c6?s=96&d=mm&r=g\",\"caption\":\"Thales Brand\u00e3o\"},\"description\":\"Editor Executivo do Portal CidadeMarketing.com.br &gt; Mestre em Comunica\u00e7\u00e3o e Sociedade pela Universidade Federal de Sergipe. Possui MBA Executivo em Administra\u00e7\u00e3o com \u00eanfase em Marketing pela Funda\u00e7\u00e3o Get\u00falio Vargas - Rio de Janeiro. Consultor, Palestrante e Pesquisador sobre Empreendedorismo, Marketing, Redes Sociais e Neg\u00f3cios Digitais. Professor, Palestrante TedxTalks e Campus Party. Twitter: @ThalesBrandao\",\"sameAs\":[\"http:\\\/\\\/www.mandacaru.com.br\",\"https:\\\/\\\/www.facebook.com\\\/thalesbrandao\",\"http:\\\/\\\/www.instagram.com.br\\\/thalesbrandaoferreira\",\"https:\\\/\\\/www.linkedin.com\\\/in\\\/thales-brand\u00e3o-3948609\\\/\",\"https:\\\/\\\/x.com\\\/http:\\\/\\\/www.twitter.com\\\/thalesbrandao\"],\"url\":\"https:\\\/\\\/www.cidademarketing.com.br\\\/marketing\\\/author\\\/thalesbrandao\\\/\"}]}<\/script>\n<!-- \/ Yoast SEO plugin. -->","yoast_head_json":{"title":"As raz\u00f5es do cancelamento da campanha \"Magia Amarela\" com Juliette e Duda Beat pela Bauducco - CidadeMarketing","robots":{"index":"index","follow":"follow","max-snippet":"max-snippet:-1","max-image-preview":"max-image-preview:large","max-video-preview":"max-video-preview:-1"},"canonical":"https:\/\/www.cidademarketing.com.br\/marketing\/2023\/10\/19\/as-razoes-do-cancelamento-da-campanha-magia-amarela-com-juliette-e-duda-beat-pela-bauducco\/","og_locale":"pt_BR","og_type":"article","og_title":"As raz\u00f5es do cancelamento da campanha \"Magia Amarela\" com Juliette e Duda Beat pela Bauducco - CidadeMarketing","og_description":"A empresa Bauducco anunciou uma reviravolta inesperada no final da tarde desta quarta-feira, com o cancelamento de uma aguardada campanha publicit\u00e1ria estrelada pelas famosas cantoras Juliette e Duda Beat. A decis\u00e3o, que surpreendeu muitos, surgiu em meio a alega\u00e7\u00f5es de pl\u00e1gio feitas pelo produtor Evandro Fi\u00f3ti, irm\u00e3o do renomado rapper Emicida, em rela\u00e7\u00e3o ao conceito [&hellip;]","og_url":"https:\/\/www.cidademarketing.com.br\/marketing\/2023\/10\/19\/as-razoes-do-cancelamento-da-campanha-magia-amarela-com-juliette-e-duda-beat-pela-bauducco\/","og_site_name":"CidadeMarketing","article_publisher":"https:\/\/www.facebook.com\/portalcidademarketing","article_author":"https:\/\/www.facebook.com\/thalesbrandao","article_published_time":"2023-10-19T03:48:38+00:00","og_image":[{"width":1200,"height":800,"url":"https:\/\/www.cidademarketing.com.br\/marketing\/wp-content\/uploads\/2023\/10\/juliette_duda_bauducco_emicida.jpg","type":"image\/jpeg"}],"author":"Thales Brand\u00e3o","twitter_card":"summary_large_image","twitter_creator":"@http:\/\/www.twitter.com\/thalesbrandao","twitter_site":"@CidadeMarketing","twitter_misc":{"Escrito por":"Thales Brand\u00e3o","Est. tempo de leitura":"4 minutos"},"schema":{"@context":"https:\/\/schema.org","@graph":[{"@type":"Article","@id":"https:\/\/www.cidademarketing.com.br\/marketing\/2023\/10\/19\/as-razoes-do-cancelamento-da-campanha-magia-amarela-com-juliette-e-duda-beat-pela-bauducco\/#article","isPartOf":{"@id":"https:\/\/www.cidademarketing.com.br\/marketing\/2023\/10\/19\/as-razoes-do-cancelamento-da-campanha-magia-amarela-com-juliette-e-duda-beat-pela-bauducco\/"},"author":{"name":"Thales Brand\u00e3o","@id":"https:\/\/www.cidademarketing.com.br\/marketing\/#\/schema\/person\/02daff9f18bd9378c9e01eb6b2db155f"},"headline":"As raz\u00f5es do cancelamento da campanha &#8220;Magia Amarela&#8221; com Juliette e Duda Beat pela Bauducco","datePublished":"2023-10-19T03:48:38+00:00","mainEntityOfPage":{"@id":"https:\/\/www.cidademarketing.com.br\/marketing\/2023\/10\/19\/as-razoes-do-cancelamento-da-campanha-magia-amarela-com-juliette-e-duda-beat-pela-bauducco\/"},"wordCount":874,"commentCount":0,"publisher":{"@id":"https:\/\/www.cidademarketing.com.br\/marketing\/#organization"},"image":{"@id":"https:\/\/www.cidademarketing.com.br\/marketing\/2023\/10\/19\/as-razoes-do-cancelamento-da-campanha-magia-amarela-com-juliette-e-duda-beat-pela-bauducco\/#primaryimage"},"thumbnailUrl":"https:\/\/www.cidademarketing.com.br\/marketing\/wp-content\/uploads\/2023\/10\/juliette_duda_bauducco_emicida.jpg","keywords":["Bauducco","campanha","Duda Beat","Emicida","estrat\u00e9gia","identidade visual","Juliette","marketing","pl\u00e1gio"],"articleSection":["Not\u00edcias"],"inLanguage":"pt-BR","potentialAction":[{"@type":"CommentAction","name":"Comment","target":["https:\/\/www.cidademarketing.com.br\/marketing\/2023\/10\/19\/as-razoes-do-cancelamento-da-campanha-magia-amarela-com-juliette-e-duda-beat-pela-bauducco\/#respond"]}]},{"@type":"WebPage","@id":"https:\/\/www.cidademarketing.com.br\/marketing\/2023\/10\/19\/as-razoes-do-cancelamento-da-campanha-magia-amarela-com-juliette-e-duda-beat-pela-bauducco\/","url":"https:\/\/www.cidademarketing.com.br\/marketing\/2023\/10\/19\/as-razoes-do-cancelamento-da-campanha-magia-amarela-com-juliette-e-duda-beat-pela-bauducco\/","name":"As raz\u00f5es do cancelamento da campanha \"Magia Amarela\" com Juliette e Duda Beat pela Bauducco - CidadeMarketing","isPartOf":{"@id":"https:\/\/www.cidademarketing.com.br\/marketing\/#website"},"primaryImageOfPage":{"@id":"https:\/\/www.cidademarketing.com.br\/marketing\/2023\/10\/19\/as-razoes-do-cancelamento-da-campanha-magia-amarela-com-juliette-e-duda-beat-pela-bauducco\/#primaryimage"},"image":{"@id":"https:\/\/www.cidademarketing.com.br\/marketing\/2023\/10\/19\/as-razoes-do-cancelamento-da-campanha-magia-amarela-com-juliette-e-duda-beat-pela-bauducco\/#primaryimage"},"thumbnailUrl":"https:\/\/www.cidademarketing.com.br\/marketing\/wp-content\/uploads\/2023\/10\/juliette_duda_bauducco_emicida.jpg","datePublished":"2023-10-19T03:48:38+00:00","breadcrumb":{"@id":"https:\/\/www.cidademarketing.com.br\/marketing\/2023\/10\/19\/as-razoes-do-cancelamento-da-campanha-magia-amarela-com-juliette-e-duda-beat-pela-bauducco\/#breadcrumb"},"inLanguage":"pt-BR","potentialAction":[{"@type":"ReadAction","target":["https:\/\/www.cidademarketing.com.br\/marketing\/2023\/10\/19\/as-razoes-do-cancelamento-da-campanha-magia-amarela-com-juliette-e-duda-beat-pela-bauducco\/"]}]},{"@type":"ImageObject","inLanguage":"pt-BR","@id":"https:\/\/www.cidademarketing.com.br\/marketing\/2023\/10\/19\/as-razoes-do-cancelamento-da-campanha-magia-amarela-com-juliette-e-duda-beat-pela-bauducco\/#primaryimage","url":"https:\/\/www.cidademarketing.com.br\/marketing\/wp-content\/uploads\/2023\/10\/juliette_duda_bauducco_emicida.jpg","contentUrl":"https:\/\/www.cidademarketing.com.br\/marketing\/wp-content\/uploads\/2023\/10\/juliette_duda_bauducco_emicida.jpg","width":1200,"height":800,"caption":"M\u00fasica \"Magia Amarela\" foi organizada para campanha da Bauducco. Divulga\u00e7\u00e3o"},{"@type":"BreadcrumbList","@id":"https:\/\/www.cidademarketing.com.br\/marketing\/2023\/10\/19\/as-razoes-do-cancelamento-da-campanha-magia-amarela-com-juliette-e-duda-beat-pela-bauducco\/#breadcrumb","itemListElement":[{"@type":"ListItem","position":1,"name":"In\u00edcio","item":"https:\/\/www.cidademarketing.com.br\/marketing\/"},{"@type":"ListItem","position":2,"name":"As raz\u00f5es do cancelamento da campanha &#8220;Magia Amarela&#8221; com Juliette e Duda Beat pela Bauducco"}]},{"@type":"WebSite","@id":"https:\/\/www.cidademarketing.com.br\/marketing\/#website","url":"https:\/\/www.cidademarketing.com.br\/marketing\/","name":"CidadeMarketing","description":"Somos um ve\u00edculo de comunica\u00e7\u00e3o de destaque no Brasil, reconhecido por conte\u00fados nos segmentos de marketing, empreendedorismo e inova\u00e7\u00e3o.","publisher":{"@id":"https:\/\/www.cidademarketing.com.br\/marketing\/#organization"},"alternateName":"CidadeMarketing","potentialAction":[{"@type":"SearchAction","target":{"@type":"EntryPoint","urlTemplate":"https:\/\/www.cidademarketing.com.br\/marketing\/?s={search_term_string}"},"query-input":{"@type":"PropertyValueSpecification","valueRequired":true,"valueName":"search_term_string"}}],"inLanguage":"pt-BR"},{"@type":"Organization","@id":"https:\/\/www.cidademarketing.com.br\/marketing\/#organization","name":"CidadeMarketing","alternateName":"CidadeMarketing","url":"https:\/\/www.cidademarketing.com.br\/marketing\/","logo":{"@type":"ImageObject","inLanguage":"pt-BR","@id":"https:\/\/www.cidademarketing.com.br\/marketing\/#\/schema\/logo\/image\/","url":"https:\/\/www.cidademarketing.com.br\/marketing\/wp-content\/uploads\/2020\/01\/cidademarketing_marca_mobile.png","contentUrl":"https:\/\/www.cidademarketing.com.br\/marketing\/wp-content\/uploads\/2020\/01\/cidademarketing_marca_mobile.png","width":230,"height":92,"caption":"CidadeMarketing"},"image":{"@id":"https:\/\/www.cidademarketing.com.br\/marketing\/#\/schema\/logo\/image\/"},"sameAs":["https:\/\/www.facebook.com\/portalcidademarketing","https:\/\/x.com\/CidadeMarketing","https:\/\/www.instagram.com\/cidademarketing\/"]},{"@type":"Person","@id":"https:\/\/www.cidademarketing.com.br\/marketing\/#\/schema\/person\/02daff9f18bd9378c9e01eb6b2db155f","name":"Thales Brand\u00e3o","image":{"@type":"ImageObject","inLanguage":"pt-BR","@id":"https:\/\/secure.gravatar.com\/avatar\/7ca3206950207cc3cb48feec56a8a7898741ab725c368d99d5d7a5a50aab80c6?s=96&d=mm&r=g","url":"https:\/\/secure.gravatar.com\/avatar\/7ca3206950207cc3cb48feec56a8a7898741ab725c368d99d5d7a5a50aab80c6?s=96&d=mm&r=g","contentUrl":"https:\/\/secure.gravatar.com\/avatar\/7ca3206950207cc3cb48feec56a8a7898741ab725c368d99d5d7a5a50aab80c6?s=96&d=mm&r=g","caption":"Thales Brand\u00e3o"},"description":"Editor Executivo do Portal CidadeMarketing.com.br &gt; Mestre em Comunica\u00e7\u00e3o e Sociedade pela Universidade Federal de Sergipe. Possui MBA Executivo em Administra\u00e7\u00e3o com \u00eanfase em Marketing pela Funda\u00e7\u00e3o Get\u00falio Vargas - Rio de Janeiro. Consultor, Palestrante e Pesquisador sobre Empreendedorismo, Marketing, Redes Sociais e Neg\u00f3cios Digitais. Professor, Palestrante TedxTalks e Campus Party. Twitter: @ThalesBrandao","sameAs":["http:\/\/www.mandacaru.com.br","https:\/\/www.facebook.com\/thalesbrandao","http:\/\/www.instagram.com.br\/thalesbrandaoferreira","https:\/\/www.linkedin.com\/in\/thales-brand\u00e3o-3948609\/","https:\/\/x.com\/http:\/\/www.twitter.com\/thalesbrandao"],"url":"https:\/\/www.cidademarketing.com.br\/marketing\/author\/thalesbrandao\/"}]}},"amp_enabled":true,"_links":{"self":[{"href":"https:\/\/www.cidademarketing.com.br\/marketing\/wp-json\/wp\/v2\/posts\/48279","targetHints":{"allow":["GET"]}}],"collection":[{"href":"https:\/\/www.cidademarketing.com.br\/marketing\/wp-json\/wp\/v2\/posts"}],"about":[{"href":"https:\/\/www.cidademarketing.com.br\/marketing\/wp-json\/wp\/v2\/types\/post"}],"author":[{"embeddable":true,"href":"https:\/\/www.cidademarketing.com.br\/marketing\/wp-json\/wp\/v2\/users\/1"}],"replies":[{"embeddable":true,"href":"https:\/\/www.cidademarketing.com.br\/marketing\/wp-json\/wp\/v2\/comments?post=48279"}],"version-history":[{"count":2,"href":"https:\/\/www.cidademarketing.com.br\/marketing\/wp-json\/wp\/v2\/posts\/48279\/revisions"}],"predecessor-version":[{"id":48282,"href":"https:\/\/www.cidademarketing.com.br\/marketing\/wp-json\/wp\/v2\/posts\/48279\/revisions\/48282"}],"wp:featuredmedia":[{"embeddable":true,"href":"https:\/\/www.cidademarketing.com.br\/marketing\/wp-json\/wp\/v2\/media\/48280"}],"wp:attachment":[{"href":"https:\/\/www.cidademarketing.com.br\/marketing\/wp-json\/wp\/v2\/media?parent=48279"}],"wp:term":[{"taxonomy":"category","embeddable":true,"href":"https:\/\/www.cidademarketing.com.br\/marketing\/wp-json\/wp\/v2\/categories?post=48279"},{"taxonomy":"post_tag","embeddable":true,"href":"https:\/\/www.cidademarketing.com.br\/marketing\/wp-json\/wp\/v2\/tags?post=48279"}],"curies":[{"name":"wp","href":"https:\/\/api.w.org\/{rel}","templated":true}]}}