{"id":48075,"date":"2023-10-07T08:43:11","date_gmt":"2023-10-07T11:43:11","guid":{"rendered":"https:\/\/www.cidademarketing.com.br\/marketing\/?p=48075"},"modified":"2023-10-07T08:48:11","modified_gmt":"2023-10-07T11:48:11","slug":"israel-declara-estado-de-guerra-apos-ataque-do-hamas-e-comercio-internacional-pode-ser-afetado","status":"publish","type":"post","link":"https:\/\/www.cidademarketing.com.br\/marketing\/2023\/10\/07\/israel-declara-estado-de-guerra-apos-ataque-do-hamas-e-comercio-internacional-pode-ser-afetado\/","title":{"rendered":"Israel declara estado de guerra ap\u00f3s ataque do Hamas, e com\u00e9rcio internacional pode ser afetado"},"content":{"rendered":"<p>Neste s\u00e1bado (7), Israel se viu mergulhado em uma situa\u00e7\u00e3o de guerra imprevista. O ataque surpresa realizado pelo grupo Hamas resultou em uma resposta imediata e decisiva do governo israelense. Em uma mensagem de v\u00eddeo direta \u00e0 na\u00e7\u00e3o, o primeiro-ministro Benjamin Netanyahu declarou: &#8220;Cidad\u00e3os de Israel, estamos em guerra &#8211; n\u00e3o em uma opera\u00e7\u00e3o, n\u00e3o em rondas &#8211; em guerra.&#8221;<\/p>\n<p><a href=\"https:\/\/www.cidademarketing.com.br\/marketing\/sua-marca-vai-virar-noticia\/\" target=\"_blank\" rel=\"noopener\"><img fetchpriority=\"high\" decoding=\"async\" class=\"wp-image-44329 aligncenter\" src=\"https:\/\/www.cidademarketing.com.br\/marketing\/wp-content\/uploads\/2023\/04\/cidademarketing_backlinks_marketingdigital_publieditorial_.png\" alt=\"\" width=\"500\" height=\"500\" \/><\/a><\/p>\n<p>O ministro da Defesa de Israel, Yoav Gallant, endossou firmemente a posi\u00e7\u00e3o de Netanyahu, afirmando que o pa\u00eds &#8220;vencer\u00e1 esta guerra&#8221; contra o Hamas. O ataque do grupo palestino, que incluiu o lan\u00e7amento de foguetes e a invas\u00e3o do territ\u00f3rio israelense, trouxe consigo uma escalada das hostilidades na regi\u00e3o.<\/p>\n<blockquote class=\"instagram-media\" style=\"background: #FFF; border: 0; border-radius: 3px; box-shadow: 0 0 1px 0 rgba(0,0,0,0.5),0 1px 10px 0 rgba(0,0,0,0.15); margin: 1px; max-width: 540px; min-width: 326px; padding: 0; width: calc(100% - 2px);\" data-instgrm-captioned=\"\" data-instgrm-permalink=\"https:\/\/www.instagram.com\/reel\/CyF1_7yMuag\/?utm_source=ig_embed&amp;utm_campaign=loading\" data-instgrm-version=\"14\">\n<div style=\"padding: 16px;\">\n<p>&nbsp;<\/p>\n<div style=\"display: flex; flex-direction: row; align-items: center;\">\n<div style=\"background-color: #f4f4f4; border-radius: 50%; flex-grow: 0; height: 40px; margin-right: 14px; width: 40px;\"><\/div>\n<div style=\"display: flex; flex-direction: column; flex-grow: 1; justify-content: center;\">\n<div style=\"background-color: #f4f4f4; border-radius: 4px; flex-grow: 0; height: 14px; margin-bottom: 6px; width: 100px;\"><\/div>\n<div style=\"background-color: #f4f4f4; border-radius: 4px; flex-grow: 0; height: 14px; width: 60px;\"><\/div>\n<\/div>\n<\/div>\n<div style=\"padding: 19% 0;\"><\/div>\n<div style=\"display: block; height: 50px; margin: 0 auto 12px; width: 50px;\"><\/div>\n<div style=\"padding-top: 8px;\">\n<div style=\"color: #3897f0; font-family: Arial,sans-serif; font-size: 14px; font-style: normal; font-weight: 550; line-height: 18px;\">Ver essa foto no Instagram<\/div>\n<\/div>\n<div style=\"padding: 12.5% 0;\"><\/div>\n<div style=\"display: flex; flex-direction: row; margin-bottom: 14px; align-items: center;\">\n<div>\n<div style=\"background-color: #f4f4f4; border-radius: 50%; height: 12.5px; width: 12.5px; transform: translateX(0px) translateY(7px);\"><\/div>\n<div style=\"background-color: #f4f4f4; height: 12.5px; transform: rotate(-45deg) translateX(3px) translateY(1px); width: 12.5px; flex-grow: 0; margin-right: 14px; margin-left: 2px;\"><\/div>\n<div style=\"background-color: #f4f4f4; border-radius: 50%; height: 12.5px; width: 12.5px; transform: translateX(9px) translateY(-18px);\"><\/div>\n<\/div>\n<div style=\"margin-left: 8px;\">\n<div style=\"background-color: #f4f4f4; border-radius: 50%; flex-grow: 0; height: 20px; width: 20px;\"><\/div>\n<div style=\"width: 0; height: 0; border-top: 2px solid transparent; border-left: 6px solid #f4f4f4; border-bottom: 2px solid transparent; transform: translateX(16px) translateY(-4px) rotate(30deg);\"><\/div>\n<\/div>\n<div style=\"margin-left: auto;\">\n<div style=\"width: 0px; border-top: 8px solid #F4F4F4; border-right: 8px solid transparent; transform: translateY(16px);\"><\/div>\n<div style=\"background-color: #f4f4f4; flex-grow: 0; height: 12px; width: 16px; transform: translateY(-4px);\"><\/div>\n<div style=\"width: 0; height: 0; border-top: 8px solid #F4F4F4; border-left: 8px solid transparent; transform: translateY(-4px) translateX(8px);\"><\/div>\n<\/div>\n<\/div>\n<div style=\"display: flex; flex-direction: column; flex-grow: 1; justify-content: center; margin-bottom: 24px;\">\n<div style=\"background-color: #f4f4f4; border-radius: 4px; flex-grow: 0; height: 14px; margin-bottom: 6px; width: 224px;\"><\/div>\n<div style=\"background-color: #f4f4f4; border-radius: 4px; flex-grow: 0; height: 14px; width: 144px;\"><\/div>\n<\/div>\n<p>&nbsp;<\/p>\n<p style=\"color: #c9c8cd; font-family: Arial,sans-serif; font-size: 14px; line-height: 17px; margin-bottom: 0; margin-top: 8px; overflow: hidden; padding: 8px 0 7px; text-align: center; text-overflow: ellipsis; white-space: nowrap;\"><a style=\"color: #c9c8cd; font-family: Arial,sans-serif; font-size: 14px; font-style: normal; font-weight: normal; line-height: 17px; text-decoration: none;\" href=\"https:\/\/www.instagram.com\/reel\/CyF1_7yMuag\/?utm_source=ig_embed&amp;utm_campaign=loading\" target=\"_blank\" rel=\"noopener\">Uma publica\u00e7\u00e3o compartilhada por Benjamin Netanyahu &#8211; \u05d1\u05e0\u05d9\u05de\u05d9\u05df \u05e0\u05ea\u05e0\u05d9\u05d4\u05d5 (@b.netanyahu)<\/a><\/p>\n<\/div>\n<\/blockquote>\n<p><script async src=\"\/\/www.instagram.com\/embed.js\"><\/script><\/p>\n<p>Este desenvolvimento levanta preocupa\u00e7\u00f5es sobre a estabilidade do Oriente M\u00e9dio e destaca a urgente necessidade de media\u00e7\u00e3o internacional para buscar uma solu\u00e7\u00e3o pac\u00edfica para o conflito. A comunidade global agora observa atentamente enquanto Israel e o Hamas se envolvem em uma nova e tensa fase deste conflito hist\u00f3rico.<\/p>\n<p>A atual escalada de tens\u00f5es no Oriente M\u00e9dio, com Israel declarando guerra ap\u00f3s um ataque surpresa do Hamas, chama a aten\u00e7\u00e3o para a import\u00e2ncia das rela\u00e7\u00f5es internacionais e o papel estrat\u00e9gico do Brasil no cen\u00e1rio global.<\/p>\n<p>O Brasil mant\u00e9m la\u00e7os comerciais significativos com Israel, envolvendo uma variedade de produtos, desde tecnologia at\u00e9 alimentos. O com\u00e9rcio bilateral entre os dois pa\u00edses tem crescido ao longo dos anos, fortalecendo os la\u00e7os econ\u00f4micos e pol\u00edticos.<\/p>\n<p>Produtos brasileiros, como carne bovina, aves e soja, t\u00eam uma presen\u00e7a s\u00f3lida no mercado israelense. Essa parceria comercial \u00e9 fundamental para a economia brasileira, gerando empregos e impulsionando o crescimento do pa\u00eds.<\/p>\n<p><iframe title=\"Spotify Embed: Podcast CidadeMarketing\" style=\"border-radius: 12px\" width=\"100%\" height=\"152\" frameborder=\"0\" allowfullscreen allow=\"autoplay; clipboard-write; encrypted-media; fullscreen; picture-in-picture\" loading=\"lazy\" src=\"https:\/\/open.spotify.com\/embed\/show\/4khMKzP3FgFRWVwb73xicc?si=252fe5bff2b34909&#038;utm_source=oembed\"><\/iframe><\/p>\n<p>&nbsp;<\/p>\n<p>Al\u00e9m disso, o Brasil desempenha um papel fundamental na promo\u00e7\u00e3o da paz e da estabilidade na regi\u00e3o. Como uma na\u00e7\u00e3o comprometida com a diplomacia e a solu\u00e7\u00e3o pac\u00edfica de conflitos, o Brasil pode desempenhar um papel crucial na busca por um entendimento duradouro entre as partes envolvidas.<\/p>\n<p><strong>O impacto de uma guerra no mercado internacional<\/strong><\/p>\n<p>Uma guerra, especialmente envolvendo pa\u00edses com relev\u00e2ncia no cen\u00e1rio internacional, pode ter impactos significativos no mercado global. Em primeiro lugar, a incerteza gerada por conflitos armados tende a abalar a confian\u00e7a dos investidores, levando \u00e0 volatilidade nos mercados financeiros. Isso pode resultar em quedas nas bolsas de valores, desvaloriza\u00e7\u00e3o de moedas e aumento dos pre\u00e7os dos ativos.<\/p>\n<p>Al\u00e9m disso, conflitos podem interromper cadeias de suprimentos globais, afetando a produ\u00e7\u00e3o e o com\u00e9rcio de mercadorias. Isso pode levar a escassez de produtos, aumentando os pre\u00e7os e prejudicando setores que dependem de importa\u00e7\u00f5es de \u00e1reas em conflito. As san\u00e7\u00f5es econ\u00f4micas tamb\u00e9m s\u00e3o comuns em cen\u00e1rios de guerra, o que pode limitar o acesso de pa\u00edses envolvidos a mercados internacionais, prejudicando suas economias. Em resumo, uma guerra tem o potencial de criar desequil\u00edbrios econ\u00f4micos globais e afetar negativamente o com\u00e9rcio internacional.<\/p>\n<p>Neste momento cr\u00edtico, \u00e9 essencial que o Brasil continue a desempenhar um papel construtivo nas rela\u00e7\u00f5es internacionais, promovendo o di\u00e1logo e a coopera\u00e7\u00e3o. Esperamos que a paz prevale\u00e7a na regi\u00e3o e que os esfor\u00e7os diplom\u00e1ticos possam levar a uma resolu\u00e7\u00e3o pac\u00edfica desse conflito.<\/p>\n","protected":false},"excerpt":{"rendered":"<p>Neste s\u00e1bado (7), Israel se viu mergulhado em uma situa\u00e7\u00e3o de guerra imprevista. O ataque surpresa realizado pelo grupo Hamas resultou em uma resposta imediata e decisiva do governo israelense. Em uma mensagem de v\u00eddeo direta \u00e0 na\u00e7\u00e3o, o primeiro-ministro Benjamin Netanyahu declarou: &#8220;Cidad\u00e3os de Israel, estamos em guerra &#8211; n\u00e3o em uma opera\u00e7\u00e3o, n\u00e3o [&hellip;]<\/p>\n","protected":false},"author":1,"featured_media":48076,"comment_status":"open","ping_status":"open","sticky":false,"template":"","format":"standard","meta":{"tdm_status":"","tdm_grid_status":"","footnotes":""},"categories":[6],"tags":[4646,837,1269,1287],"class_list":["post-48075","post","type-post","status-publish","format-standard","has-post-thumbnail","hentry","category-noticias","tag-guerra","tag-israel","tag-mercado-financeiro","tag-mercado-internacional"],"yoast_head":"<!-- This site is optimized with the Yoast SEO plugin v27.5 - https:\/\/yoast.com\/product\/yoast-seo-wordpress\/ -->\n<title>Israel declara estado de guerra ap\u00f3s ataque do Hamas, e com\u00e9rcio internacional pode ser afetado - CidadeMarketing<\/title>\n<meta name=\"robots\" content=\"index, follow, max-snippet:-1, max-image-preview:large, max-video-preview:-1\" \/>\n<link rel=\"canonical\" href=\"https:\/\/www.cidademarketing.com.br\/marketing\/2023\/10\/07\/israel-declara-estado-de-guerra-apos-ataque-do-hamas-e-comercio-internacional-pode-ser-afetado\/\" \/>\n<meta property=\"og:locale\" content=\"pt_BR\" \/>\n<meta property=\"og:type\" content=\"article\" \/>\n<meta property=\"og:title\" content=\"Israel declara estado de guerra ap\u00f3s ataque do Hamas, e com\u00e9rcio internacional pode ser afetado - CidadeMarketing\" \/>\n<meta property=\"og:description\" content=\"Neste s\u00e1bado (7), Israel se viu mergulhado em uma situa\u00e7\u00e3o de guerra imprevista. O ataque surpresa realizado pelo grupo Hamas resultou em uma resposta imediata e decisiva do governo israelense. Em uma mensagem de v\u00eddeo direta \u00e0 na\u00e7\u00e3o, o primeiro-ministro Benjamin Netanyahu declarou: &#8220;Cidad\u00e3os de Israel, estamos em guerra &#8211; n\u00e3o em uma opera\u00e7\u00e3o, n\u00e3o [&hellip;]\" \/>\n<meta property=\"og:url\" content=\"https:\/\/www.cidademarketing.com.br\/marketing\/2023\/10\/07\/israel-declara-estado-de-guerra-apos-ataque-do-hamas-e-comercio-internacional-pode-ser-afetado\/\" \/>\n<meta property=\"og:site_name\" content=\"CidadeMarketing\" \/>\n<meta property=\"article:publisher\" content=\"https:\/\/www.facebook.com\/portalcidademarketing\" \/>\n<meta property=\"article:author\" content=\"https:\/\/www.facebook.com\/thalesbrandao\" \/>\n<meta property=\"article:published_time\" content=\"2023-10-07T11:43:11+00:00\" \/>\n<meta property=\"article:modified_time\" content=\"2023-10-07T11:48:11+00:00\" \/>\n<meta property=\"og:image\" content=\"https:\/\/www.cidademarketing.com.br\/marketing\/wp-content\/uploads\/2023\/10\/bandeiradeisrael.png\" \/>\n\t<meta property=\"og:image:width\" content=\"1214\" \/>\n\t<meta property=\"og:image:height\" content=\"629\" \/>\n\t<meta property=\"og:image:type\" content=\"image\/png\" \/>\n<meta name=\"author\" content=\"Thales Brand\u00e3o\" \/>\n<meta name=\"twitter:card\" content=\"summary_large_image\" \/>\n<meta name=\"twitter:creator\" content=\"@http:\/\/www.twitter.com\/thalesbrandao\" \/>\n<meta name=\"twitter:site\" content=\"@CidadeMarketing\" \/>\n<meta name=\"twitter:label1\" content=\"Escrito por\" \/>\n\t<meta name=\"twitter:data1\" content=\"Thales Brand\u00e3o\" \/>\n\t<meta name=\"twitter:label2\" content=\"Est. tempo de leitura\" \/>\n\t<meta name=\"twitter:data2\" content=\"3 minutos\" \/>\n<script type=\"application\/ld+json\" class=\"yoast-schema-graph\">{\"@context\":\"https:\\\/\\\/schema.org\",\"@graph\":[{\"@type\":\"Article\",\"@id\":\"https:\\\/\\\/www.cidademarketing.com.br\\\/marketing\\\/2023\\\/10\\\/07\\\/israel-declara-estado-de-guerra-apos-ataque-do-hamas-e-comercio-internacional-pode-ser-afetado\\\/#article\",\"isPartOf\":{\"@id\":\"https:\\\/\\\/www.cidademarketing.com.br\\\/marketing\\\/2023\\\/10\\\/07\\\/israel-declara-estado-de-guerra-apos-ataque-do-hamas-e-comercio-internacional-pode-ser-afetado\\\/\"},\"author\":{\"name\":\"Thales Brand\u00e3o\",\"@id\":\"https:\\\/\\\/www.cidademarketing.com.br\\\/marketing\\\/#\\\/schema\\\/person\\\/02daff9f18bd9378c9e01eb6b2db155f\"},\"headline\":\"Israel declara estado de guerra ap\u00f3s ataque do Hamas, e com\u00e9rcio internacional pode ser afetado\",\"datePublished\":\"2023-10-07T11:43:11+00:00\",\"dateModified\":\"2023-10-07T11:48:11+00:00\",\"mainEntityOfPage\":{\"@id\":\"https:\\\/\\\/www.cidademarketing.com.br\\\/marketing\\\/2023\\\/10\\\/07\\\/israel-declara-estado-de-guerra-apos-ataque-do-hamas-e-comercio-internacional-pode-ser-afetado\\\/\"},\"wordCount\":616,\"commentCount\":0,\"publisher\":{\"@id\":\"https:\\\/\\\/www.cidademarketing.com.br\\\/marketing\\\/#organization\"},\"image\":{\"@id\":\"https:\\\/\\\/www.cidademarketing.com.br\\\/marketing\\\/2023\\\/10\\\/07\\\/israel-declara-estado-de-guerra-apos-ataque-do-hamas-e-comercio-internacional-pode-ser-afetado\\\/#primaryimage\"},\"thumbnailUrl\":\"https:\\\/\\\/www.cidademarketing.com.br\\\/marketing\\\/wp-content\\\/uploads\\\/2023\\\/10\\\/bandeiradeisrael.png\",\"keywords\":[\"guerra\",\"Israel\",\"mercado financeiro\",\"mercado internacional\"],\"articleSection\":[\"Not\u00edcias\"],\"inLanguage\":\"pt-BR\",\"potentialAction\":[{\"@type\":\"CommentAction\",\"name\":\"Comment\",\"target\":[\"https:\\\/\\\/www.cidademarketing.com.br\\\/marketing\\\/2023\\\/10\\\/07\\\/israel-declara-estado-de-guerra-apos-ataque-do-hamas-e-comercio-internacional-pode-ser-afetado\\\/#respond\"]}]},{\"@type\":\"WebPage\",\"@id\":\"https:\\\/\\\/www.cidademarketing.com.br\\\/marketing\\\/2023\\\/10\\\/07\\\/israel-declara-estado-de-guerra-apos-ataque-do-hamas-e-comercio-internacional-pode-ser-afetado\\\/\",\"url\":\"https:\\\/\\\/www.cidademarketing.com.br\\\/marketing\\\/2023\\\/10\\\/07\\\/israel-declara-estado-de-guerra-apos-ataque-do-hamas-e-comercio-internacional-pode-ser-afetado\\\/\",\"name\":\"Israel declara estado de guerra ap\u00f3s ataque do Hamas, e com\u00e9rcio internacional pode ser afetado - CidadeMarketing\",\"isPartOf\":{\"@id\":\"https:\\\/\\\/www.cidademarketing.com.br\\\/marketing\\\/#website\"},\"primaryImageOfPage\":{\"@id\":\"https:\\\/\\\/www.cidademarketing.com.br\\\/marketing\\\/2023\\\/10\\\/07\\\/israel-declara-estado-de-guerra-apos-ataque-do-hamas-e-comercio-internacional-pode-ser-afetado\\\/#primaryimage\"},\"image\":{\"@id\":\"https:\\\/\\\/www.cidademarketing.com.br\\\/marketing\\\/2023\\\/10\\\/07\\\/israel-declara-estado-de-guerra-apos-ataque-do-hamas-e-comercio-internacional-pode-ser-afetado\\\/#primaryimage\"},\"thumbnailUrl\":\"https:\\\/\\\/www.cidademarketing.com.br\\\/marketing\\\/wp-content\\\/uploads\\\/2023\\\/10\\\/bandeiradeisrael.png\",\"datePublished\":\"2023-10-07T11:43:11+00:00\",\"dateModified\":\"2023-10-07T11:48:11+00:00\",\"breadcrumb\":{\"@id\":\"https:\\\/\\\/www.cidademarketing.com.br\\\/marketing\\\/2023\\\/10\\\/07\\\/israel-declara-estado-de-guerra-apos-ataque-do-hamas-e-comercio-internacional-pode-ser-afetado\\\/#breadcrumb\"},\"inLanguage\":\"pt-BR\",\"potentialAction\":[{\"@type\":\"ReadAction\",\"target\":[\"https:\\\/\\\/www.cidademarketing.com.br\\\/marketing\\\/2023\\\/10\\\/07\\\/israel-declara-estado-de-guerra-apos-ataque-do-hamas-e-comercio-internacional-pode-ser-afetado\\\/\"]}]},{\"@type\":\"ImageObject\",\"inLanguage\":\"pt-BR\",\"@id\":\"https:\\\/\\\/www.cidademarketing.com.br\\\/marketing\\\/2023\\\/10\\\/07\\\/israel-declara-estado-de-guerra-apos-ataque-do-hamas-e-comercio-internacional-pode-ser-afetado\\\/#primaryimage\",\"url\":\"https:\\\/\\\/www.cidademarketing.com.br\\\/marketing\\\/wp-content\\\/uploads\\\/2023\\\/10\\\/bandeiradeisrael.png\",\"contentUrl\":\"https:\\\/\\\/www.cidademarketing.com.br\\\/marketing\\\/wp-content\\\/uploads\\\/2023\\\/10\\\/bandeiradeisrael.png\",\"width\":1214,\"height\":629},{\"@type\":\"BreadcrumbList\",\"@id\":\"https:\\\/\\\/www.cidademarketing.com.br\\\/marketing\\\/2023\\\/10\\\/07\\\/israel-declara-estado-de-guerra-apos-ataque-do-hamas-e-comercio-internacional-pode-ser-afetado\\\/#breadcrumb\",\"itemListElement\":[{\"@type\":\"ListItem\",\"position\":1,\"name\":\"In\u00edcio\",\"item\":\"https:\\\/\\\/www.cidademarketing.com.br\\\/marketing\\\/\"},{\"@type\":\"ListItem\",\"position\":2,\"name\":\"Israel declara estado de guerra ap\u00f3s ataque do Hamas, e com\u00e9rcio internacional pode ser afetado\"}]},{\"@type\":\"WebSite\",\"@id\":\"https:\\\/\\\/www.cidademarketing.com.br\\\/marketing\\\/#website\",\"url\":\"https:\\\/\\\/www.cidademarketing.com.br\\\/marketing\\\/\",\"name\":\"CidadeMarketing\",\"description\":\"Somos um ve\u00edculo de comunica\u00e7\u00e3o de destaque no Brasil, reconhecido por conte\u00fados nos segmentos de marketing, empreendedorismo e inova\u00e7\u00e3o.\",\"publisher\":{\"@id\":\"https:\\\/\\\/www.cidademarketing.com.br\\\/marketing\\\/#organization\"},\"alternateName\":\"CidadeMarketing\",\"potentialAction\":[{\"@type\":\"SearchAction\",\"target\":{\"@type\":\"EntryPoint\",\"urlTemplate\":\"https:\\\/\\\/www.cidademarketing.com.br\\\/marketing\\\/?s={search_term_string}\"},\"query-input\":{\"@type\":\"PropertyValueSpecification\",\"valueRequired\":true,\"valueName\":\"search_term_string\"}}],\"inLanguage\":\"pt-BR\"},{\"@type\":\"Organization\",\"@id\":\"https:\\\/\\\/www.cidademarketing.com.br\\\/marketing\\\/#organization\",\"name\":\"CidadeMarketing\",\"alternateName\":\"CidadeMarketing\",\"url\":\"https:\\\/\\\/www.cidademarketing.com.br\\\/marketing\\\/\",\"logo\":{\"@type\":\"ImageObject\",\"inLanguage\":\"pt-BR\",\"@id\":\"https:\\\/\\\/www.cidademarketing.com.br\\\/marketing\\\/#\\\/schema\\\/logo\\\/image\\\/\",\"url\":\"https:\\\/\\\/www.cidademarketing.com.br\\\/marketing\\\/wp-content\\\/uploads\\\/2020\\\/01\\\/cidademarketing_marca_mobile.png\",\"contentUrl\":\"https:\\\/\\\/www.cidademarketing.com.br\\\/marketing\\\/wp-content\\\/uploads\\\/2020\\\/01\\\/cidademarketing_marca_mobile.png\",\"width\":230,\"height\":92,\"caption\":\"CidadeMarketing\"},\"image\":{\"@id\":\"https:\\\/\\\/www.cidademarketing.com.br\\\/marketing\\\/#\\\/schema\\\/logo\\\/image\\\/\"},\"sameAs\":[\"https:\\\/\\\/www.facebook.com\\\/portalcidademarketing\",\"https:\\\/\\\/x.com\\\/CidadeMarketing\",\"https:\\\/\\\/www.instagram.com\\\/cidademarketing\\\/\"]},{\"@type\":\"Person\",\"@id\":\"https:\\\/\\\/www.cidademarketing.com.br\\\/marketing\\\/#\\\/schema\\\/person\\\/02daff9f18bd9378c9e01eb6b2db155f\",\"name\":\"Thales Brand\u00e3o\",\"image\":{\"@type\":\"ImageObject\",\"inLanguage\":\"pt-BR\",\"@id\":\"https:\\\/\\\/secure.gravatar.com\\\/avatar\\\/7ca3206950207cc3cb48feec56a8a7898741ab725c368d99d5d7a5a50aab80c6?s=96&d=mm&r=g\",\"url\":\"https:\\\/\\\/secure.gravatar.com\\\/avatar\\\/7ca3206950207cc3cb48feec56a8a7898741ab725c368d99d5d7a5a50aab80c6?s=96&d=mm&r=g\",\"contentUrl\":\"https:\\\/\\\/secure.gravatar.com\\\/avatar\\\/7ca3206950207cc3cb48feec56a8a7898741ab725c368d99d5d7a5a50aab80c6?s=96&d=mm&r=g\",\"caption\":\"Thales Brand\u00e3o\"},\"description\":\"Editor Executivo do Portal CidadeMarketing.com.br &gt; Mestre em Comunica\u00e7\u00e3o e Sociedade pela Universidade Federal de Sergipe. Possui MBA Executivo em Administra\u00e7\u00e3o com \u00eanfase em Marketing pela Funda\u00e7\u00e3o Get\u00falio Vargas - Rio de Janeiro. Consultor, Palestrante e Pesquisador sobre Empreendedorismo, Marketing, Redes Sociais e Neg\u00f3cios Digitais. Professor, Palestrante TedxTalks e Campus Party. Twitter: @ThalesBrandao\",\"sameAs\":[\"http:\\\/\\\/www.mandacaru.com.br\",\"https:\\\/\\\/www.facebook.com\\\/thalesbrandao\",\"http:\\\/\\\/www.instagram.com.br\\\/thalesbrandaoferreira\",\"https:\\\/\\\/www.linkedin.com\\\/in\\\/thales-brand\u00e3o-3948609\\\/\",\"https:\\\/\\\/x.com\\\/http:\\\/\\\/www.twitter.com\\\/thalesbrandao\"],\"url\":\"https:\\\/\\\/www.cidademarketing.com.br\\\/marketing\\\/author\\\/thalesbrandao\\\/\"}]}<\/script>\n<!-- \/ Yoast SEO plugin. -->","yoast_head_json":{"title":"Israel declara estado de guerra ap\u00f3s ataque do Hamas, e com\u00e9rcio internacional pode ser afetado - CidadeMarketing","robots":{"index":"index","follow":"follow","max-snippet":"max-snippet:-1","max-image-preview":"max-image-preview:large","max-video-preview":"max-video-preview:-1"},"canonical":"https:\/\/www.cidademarketing.com.br\/marketing\/2023\/10\/07\/israel-declara-estado-de-guerra-apos-ataque-do-hamas-e-comercio-internacional-pode-ser-afetado\/","og_locale":"pt_BR","og_type":"article","og_title":"Israel declara estado de guerra ap\u00f3s ataque do Hamas, e com\u00e9rcio internacional pode ser afetado - CidadeMarketing","og_description":"Neste s\u00e1bado (7), Israel se viu mergulhado em uma situa\u00e7\u00e3o de guerra imprevista. O ataque surpresa realizado pelo grupo Hamas resultou em uma resposta imediata e decisiva do governo israelense. Em uma mensagem de v\u00eddeo direta \u00e0 na\u00e7\u00e3o, o primeiro-ministro Benjamin Netanyahu declarou: &#8220;Cidad\u00e3os de Israel, estamos em guerra &#8211; n\u00e3o em uma opera\u00e7\u00e3o, n\u00e3o [&hellip;]","og_url":"https:\/\/www.cidademarketing.com.br\/marketing\/2023\/10\/07\/israel-declara-estado-de-guerra-apos-ataque-do-hamas-e-comercio-internacional-pode-ser-afetado\/","og_site_name":"CidadeMarketing","article_publisher":"https:\/\/www.facebook.com\/portalcidademarketing","article_author":"https:\/\/www.facebook.com\/thalesbrandao","article_published_time":"2023-10-07T11:43:11+00:00","article_modified_time":"2023-10-07T11:48:11+00:00","og_image":[{"width":1214,"height":629,"url":"https:\/\/www.cidademarketing.com.br\/marketing\/wp-content\/uploads\/2023\/10\/bandeiradeisrael.png","type":"image\/png"}],"author":"Thales Brand\u00e3o","twitter_card":"summary_large_image","twitter_creator":"@http:\/\/www.twitter.com\/thalesbrandao","twitter_site":"@CidadeMarketing","twitter_misc":{"Escrito por":"Thales Brand\u00e3o","Est. tempo de leitura":"3 minutos"},"schema":{"@context":"https:\/\/schema.org","@graph":[{"@type":"Article","@id":"https:\/\/www.cidademarketing.com.br\/marketing\/2023\/10\/07\/israel-declara-estado-de-guerra-apos-ataque-do-hamas-e-comercio-internacional-pode-ser-afetado\/#article","isPartOf":{"@id":"https:\/\/www.cidademarketing.com.br\/marketing\/2023\/10\/07\/israel-declara-estado-de-guerra-apos-ataque-do-hamas-e-comercio-internacional-pode-ser-afetado\/"},"author":{"name":"Thales Brand\u00e3o","@id":"https:\/\/www.cidademarketing.com.br\/marketing\/#\/schema\/person\/02daff9f18bd9378c9e01eb6b2db155f"},"headline":"Israel declara estado de guerra ap\u00f3s ataque do Hamas, e com\u00e9rcio internacional pode ser afetado","datePublished":"2023-10-07T11:43:11+00:00","dateModified":"2023-10-07T11:48:11+00:00","mainEntityOfPage":{"@id":"https:\/\/www.cidademarketing.com.br\/marketing\/2023\/10\/07\/israel-declara-estado-de-guerra-apos-ataque-do-hamas-e-comercio-internacional-pode-ser-afetado\/"},"wordCount":616,"commentCount":0,"publisher":{"@id":"https:\/\/www.cidademarketing.com.br\/marketing\/#organization"},"image":{"@id":"https:\/\/www.cidademarketing.com.br\/marketing\/2023\/10\/07\/israel-declara-estado-de-guerra-apos-ataque-do-hamas-e-comercio-internacional-pode-ser-afetado\/#primaryimage"},"thumbnailUrl":"https:\/\/www.cidademarketing.com.br\/marketing\/wp-content\/uploads\/2023\/10\/bandeiradeisrael.png","keywords":["guerra","Israel","mercado financeiro","mercado internacional"],"articleSection":["Not\u00edcias"],"inLanguage":"pt-BR","potentialAction":[{"@type":"CommentAction","name":"Comment","target":["https:\/\/www.cidademarketing.com.br\/marketing\/2023\/10\/07\/israel-declara-estado-de-guerra-apos-ataque-do-hamas-e-comercio-internacional-pode-ser-afetado\/#respond"]}]},{"@type":"WebPage","@id":"https:\/\/www.cidademarketing.com.br\/marketing\/2023\/10\/07\/israel-declara-estado-de-guerra-apos-ataque-do-hamas-e-comercio-internacional-pode-ser-afetado\/","url":"https:\/\/www.cidademarketing.com.br\/marketing\/2023\/10\/07\/israel-declara-estado-de-guerra-apos-ataque-do-hamas-e-comercio-internacional-pode-ser-afetado\/","name":"Israel declara estado de guerra ap\u00f3s ataque do Hamas, e com\u00e9rcio internacional pode ser afetado - CidadeMarketing","isPartOf":{"@id":"https:\/\/www.cidademarketing.com.br\/marketing\/#website"},"primaryImageOfPage":{"@id":"https:\/\/www.cidademarketing.com.br\/marketing\/2023\/10\/07\/israel-declara-estado-de-guerra-apos-ataque-do-hamas-e-comercio-internacional-pode-ser-afetado\/#primaryimage"},"image":{"@id":"https:\/\/www.cidademarketing.com.br\/marketing\/2023\/10\/07\/israel-declara-estado-de-guerra-apos-ataque-do-hamas-e-comercio-internacional-pode-ser-afetado\/#primaryimage"},"thumbnailUrl":"https:\/\/www.cidademarketing.com.br\/marketing\/wp-content\/uploads\/2023\/10\/bandeiradeisrael.png","datePublished":"2023-10-07T11:43:11+00:00","dateModified":"2023-10-07T11:48:11+00:00","breadcrumb":{"@id":"https:\/\/www.cidademarketing.com.br\/marketing\/2023\/10\/07\/israel-declara-estado-de-guerra-apos-ataque-do-hamas-e-comercio-internacional-pode-ser-afetado\/#breadcrumb"},"inLanguage":"pt-BR","potentialAction":[{"@type":"ReadAction","target":["https:\/\/www.cidademarketing.com.br\/marketing\/2023\/10\/07\/israel-declara-estado-de-guerra-apos-ataque-do-hamas-e-comercio-internacional-pode-ser-afetado\/"]}]},{"@type":"ImageObject","inLanguage":"pt-BR","@id":"https:\/\/www.cidademarketing.com.br\/marketing\/2023\/10\/07\/israel-declara-estado-de-guerra-apos-ataque-do-hamas-e-comercio-internacional-pode-ser-afetado\/#primaryimage","url":"https:\/\/www.cidademarketing.com.br\/marketing\/wp-content\/uploads\/2023\/10\/bandeiradeisrael.png","contentUrl":"https:\/\/www.cidademarketing.com.br\/marketing\/wp-content\/uploads\/2023\/10\/bandeiradeisrael.png","width":1214,"height":629},{"@type":"BreadcrumbList","@id":"https:\/\/www.cidademarketing.com.br\/marketing\/2023\/10\/07\/israel-declara-estado-de-guerra-apos-ataque-do-hamas-e-comercio-internacional-pode-ser-afetado\/#breadcrumb","itemListElement":[{"@type":"ListItem","position":1,"name":"In\u00edcio","item":"https:\/\/www.cidademarketing.com.br\/marketing\/"},{"@type":"ListItem","position":2,"name":"Israel declara estado de guerra ap\u00f3s ataque do Hamas, e com\u00e9rcio internacional pode ser afetado"}]},{"@type":"WebSite","@id":"https:\/\/www.cidademarketing.com.br\/marketing\/#website","url":"https:\/\/www.cidademarketing.com.br\/marketing\/","name":"CidadeMarketing","description":"Somos um ve\u00edculo de comunica\u00e7\u00e3o de destaque no Brasil, reconhecido por conte\u00fados nos segmentos de marketing, empreendedorismo e inova\u00e7\u00e3o.","publisher":{"@id":"https:\/\/www.cidademarketing.com.br\/marketing\/#organization"},"alternateName":"CidadeMarketing","potentialAction":[{"@type":"SearchAction","target":{"@type":"EntryPoint","urlTemplate":"https:\/\/www.cidademarketing.com.br\/marketing\/?s={search_term_string}"},"query-input":{"@type":"PropertyValueSpecification","valueRequired":true,"valueName":"search_term_string"}}],"inLanguage":"pt-BR"},{"@type":"Organization","@id":"https:\/\/www.cidademarketing.com.br\/marketing\/#organization","name":"CidadeMarketing","alternateName":"CidadeMarketing","url":"https:\/\/www.cidademarketing.com.br\/marketing\/","logo":{"@type":"ImageObject","inLanguage":"pt-BR","@id":"https:\/\/www.cidademarketing.com.br\/marketing\/#\/schema\/logo\/image\/","url":"https:\/\/www.cidademarketing.com.br\/marketing\/wp-content\/uploads\/2020\/01\/cidademarketing_marca_mobile.png","contentUrl":"https:\/\/www.cidademarketing.com.br\/marketing\/wp-content\/uploads\/2020\/01\/cidademarketing_marca_mobile.png","width":230,"height":92,"caption":"CidadeMarketing"},"image":{"@id":"https:\/\/www.cidademarketing.com.br\/marketing\/#\/schema\/logo\/image\/"},"sameAs":["https:\/\/www.facebook.com\/portalcidademarketing","https:\/\/x.com\/CidadeMarketing","https:\/\/www.instagram.com\/cidademarketing\/"]},{"@type":"Person","@id":"https:\/\/www.cidademarketing.com.br\/marketing\/#\/schema\/person\/02daff9f18bd9378c9e01eb6b2db155f","name":"Thales Brand\u00e3o","image":{"@type":"ImageObject","inLanguage":"pt-BR","@id":"https:\/\/secure.gravatar.com\/avatar\/7ca3206950207cc3cb48feec56a8a7898741ab725c368d99d5d7a5a50aab80c6?s=96&d=mm&r=g","url":"https:\/\/secure.gravatar.com\/avatar\/7ca3206950207cc3cb48feec56a8a7898741ab725c368d99d5d7a5a50aab80c6?s=96&d=mm&r=g","contentUrl":"https:\/\/secure.gravatar.com\/avatar\/7ca3206950207cc3cb48feec56a8a7898741ab725c368d99d5d7a5a50aab80c6?s=96&d=mm&r=g","caption":"Thales Brand\u00e3o"},"description":"Editor Executivo do Portal CidadeMarketing.com.br &gt; Mestre em Comunica\u00e7\u00e3o e Sociedade pela Universidade Federal de Sergipe. Possui MBA Executivo em Administra\u00e7\u00e3o com \u00eanfase em Marketing pela Funda\u00e7\u00e3o Get\u00falio Vargas - Rio de Janeiro. Consultor, Palestrante e Pesquisador sobre Empreendedorismo, Marketing, Redes Sociais e Neg\u00f3cios Digitais. Professor, Palestrante TedxTalks e Campus Party. Twitter: @ThalesBrandao","sameAs":["http:\/\/www.mandacaru.com.br","https:\/\/www.facebook.com\/thalesbrandao","http:\/\/www.instagram.com.br\/thalesbrandaoferreira","https:\/\/www.linkedin.com\/in\/thales-brand\u00e3o-3948609\/","https:\/\/x.com\/http:\/\/www.twitter.com\/thalesbrandao"],"url":"https:\/\/www.cidademarketing.com.br\/marketing\/author\/thalesbrandao\/"}]}},"amp_enabled":true,"_links":{"self":[{"href":"https:\/\/www.cidademarketing.com.br\/marketing\/wp-json\/wp\/v2\/posts\/48075","targetHints":{"allow":["GET"]}}],"collection":[{"href":"https:\/\/www.cidademarketing.com.br\/marketing\/wp-json\/wp\/v2\/posts"}],"about":[{"href":"https:\/\/www.cidademarketing.com.br\/marketing\/wp-json\/wp\/v2\/types\/post"}],"author":[{"embeddable":true,"href":"https:\/\/www.cidademarketing.com.br\/marketing\/wp-json\/wp\/v2\/users\/1"}],"replies":[{"embeddable":true,"href":"https:\/\/www.cidademarketing.com.br\/marketing\/wp-json\/wp\/v2\/comments?post=48075"}],"version-history":[{"count":3,"href":"https:\/\/www.cidademarketing.com.br\/marketing\/wp-json\/wp\/v2\/posts\/48075\/revisions"}],"predecessor-version":[{"id":48079,"href":"https:\/\/www.cidademarketing.com.br\/marketing\/wp-json\/wp\/v2\/posts\/48075\/revisions\/48079"}],"wp:featuredmedia":[{"embeddable":true,"href":"https:\/\/www.cidademarketing.com.br\/marketing\/wp-json\/wp\/v2\/media\/48076"}],"wp:attachment":[{"href":"https:\/\/www.cidademarketing.com.br\/marketing\/wp-json\/wp\/v2\/media?parent=48075"}],"wp:term":[{"taxonomy":"category","embeddable":true,"href":"https:\/\/www.cidademarketing.com.br\/marketing\/wp-json\/wp\/v2\/categories?post=48075"},{"taxonomy":"post_tag","embeddable":true,"href":"https:\/\/www.cidademarketing.com.br\/marketing\/wp-json\/wp\/v2\/tags?post=48075"}],"curies":[{"name":"wp","href":"https:\/\/api.w.org\/{rel}","templated":true}]}}