{"id":48033,"date":"2023-10-05T17:32:37","date_gmt":"2023-10-05T20:32:37","guid":{"rendered":"https:\/\/www.cidademarketing.com.br\/marketing\/?p=48033"},"modified":"2023-10-05T17:32:37","modified_gmt":"2023-10-05T20:32:37","slug":"revista-capricho-retorna-com-sandy-em-campanha-de-outubro-rosa","status":"publish","type":"post","link":"https:\/\/www.cidademarketing.com.br\/marketing\/2023\/10\/05\/revista-capricho-retorna-com-sandy-em-campanha-de-outubro-rosa\/","title":{"rendered":"Revista Capricho retorna com Sandy em campanha de Outubro Rosa"},"content":{"rendered":"<p>A Dasa, maior rede de sa\u00fade integrada do Brasil, acaba de lan\u00e7ar a sua campanha para o Outubro Rosa de 2023 com dois \u00edcones de gera\u00e7\u00f5es inteiras: a Revista Capricho e a cantora Sandy, que comemorou 40 anos em 2023, per\u00edodo recomendado para in\u00edcio da realiza\u00e7\u00e3o dos exames anuais de mamografia, de acordo com a Sociedade Brasileira de Mastologia1.<\/p>\n<p><a href=\"https:\/\/www.cidademarketing.com.br\/marketing\/sua-marca-vai-virar-noticia\/\" target=\"_blank\" rel=\"noopener\"><img fetchpriority=\"high\" decoding=\"async\" class=\"wp-image-44329 aligncenter\" src=\"https:\/\/www.cidademarketing.com.br\/marketing\/wp-content\/uploads\/2023\/04\/cidademarketing_backlinks_marketingdigital_publieditorial_.png\" alt=\"\" width=\"500\" height=\"500\" \/><\/a><br \/>\nCriada pela DM9, a a\u00e7\u00e3o tem o objetivo de criar impacto, gerar conscientiza\u00e7\u00e3o e estimular a visibilidade dos benef\u00edcios da mamografia, uma importante ferramenta para a detec\u00e7\u00e3o precoce do c\u00e2ncer de mama. Sandy estrelou capas hist\u00f3ricas de Capricho e agora se conecta com a plataforma no papel de protagonista da mensagem de alerta para as mulheres de sua mesma faixa et\u00e1ria.<\/p>\n<p>\u201cA Dasa tem um modelo \u00fanico de neg\u00f3cio no setor de sa\u00fade no Brasil, oferecendo uma medicina preditiva, preventiva e personalizada, que usa a tecnologia para cuidar da sa\u00fade, e n\u00e3o apenas tratar a doen\u00e7a. A estrat\u00e9gia da campanha est\u00e1 conectada diretamente aos objetivos de neg\u00f3cio, dando for\u00e7a e consist\u00eancia \u00e0 informa\u00e7\u00e3o de qualidade e gerando um impacto positivo na sa\u00fade das pessoas. Por isso, escolhemos o \u00edcone de uma gera\u00e7\u00e3o que precisa iniciar sua rotina de cuidado e tem o poder de disseminar a import\u00e2ncia dos exames preventivos\u201d, afirma Daniela de Paula, diretora de marketing da Dasa.<\/p>\n<p>A edi\u00e7\u00e3o especial da revista Capricho, concebida exclusivamente para a campanha, ter\u00e1 15 mil exemplares distribu\u00eddos entre f\u00e3-clubes da Sandy, influenciadores, jornalistas e laborat\u00f3rios e hospitais da rede, al\u00e9m de estar dispon\u00edvel digitalmente para download (<a href=\"https:\/\/nav.dasa.com.br\/blog\/outubro-rosa\" target=\"_blank\" rel=\"noopener\">https:\/\/nav.dasa.com.br\/blog\/outubro-rosa<\/a>). Ser\u00e3o 32 p\u00e1ginas sobre sa\u00fade da mulher, incluindo uma entrevista exclusiva com a Sandy, que fala com ineditismo sobre sua rela\u00e7\u00e3o com a sa\u00fade e incentiva a realiza\u00e7\u00e3o dos exames de rotina.<br \/>\n\u201cFazer 40 anos \u00e9 um marco na vida de uma mulher. \u00c9 quando fazemos, periodicamente, mamografia e outros exames de diagn\u00f3stico. Por isso, convidamos a Sandy, que acabou de completar 40 anos, para retornar \u00e0s capas da Capricho, em uma edi\u00e7\u00e3o especial da revista com editorial direcionado para o p\u00fablico. \u00c9 uma forma de unir entretenimento e conhecimento no Outubro Rosa da Dasa\u201d, afirma Laura Esteves, VP de cria\u00e7\u00e3o da DM9.<br \/>\nA estrat\u00e9gia digital criada para a a\u00e7\u00e3o contempla a publica\u00e7\u00e3o de conte\u00fados exclusivos sobre a campanha nas redes da Sandy e da apresentadora Ana Paula Padr\u00e3o, que volta a ser parceira do Alta Diagn\u00f3sticos, marca premium da Dasa. A jornalista empresta credibilidade e alcance para iniciativa e para a edi\u00e7\u00e3o especial da Capricho, ampliando o p\u00fablico-alvo da estrat\u00e9gia.<\/p>\n<p><iframe title=\"Spotify Embed: Podcast CidadeMarketing\" style=\"border-radius: 12px\" width=\"100%\" height=\"152\" frameborder=\"0\" allowfullscreen allow=\"autoplay; clipboard-write; encrypted-media; fullscreen; picture-in-picture\" loading=\"lazy\" src=\"https:\/\/open.spotify.com\/embed\/show\/4khMKzP3FgFRWVwb73xicc?si=252fe5bff2b34909&#038;utm_source=oembed\"><\/iframe><\/p>\n<p>&nbsp;<\/p>\n<p>O Outubro Rosa \u00e9 um movimento internacional de conscientiza\u00e7\u00e3o para o combate ao c\u00e2ncer de mama, que foi criado no in\u00edcio da d\u00e9cada de 1990. A data tem o objetivo de compartilhar informa\u00e7\u00f5es e promover o conhecimento, contribuindo para a redu\u00e7\u00e3o da mortalidade pela doen\u00e7a. O diagn\u00f3stico precoce aumenta em at\u00e9 95% as chances de cura do c\u00e2ncer de mama, uma das principais causas de morte entre as mulheres no Brasil.<br \/>\n1- Sociedade Brasileira de Mastologia. Outubro Rosa. Dispon\u00edvel em: <a href=\"https:\/\/www.sbmastologia.com.br\/outubrorosa\/\" target=\"_blank\" rel=\"noopener\">https:\/\/www.sbmastologia.com.br\/outubrorosa\/<\/a><\/p>\n","protected":false},"excerpt":{"rendered":"<p>A Dasa, maior rede de sa\u00fade integrada do Brasil, acaba de lan\u00e7ar a sua campanha para o Outubro Rosa de 2023 com dois \u00edcones de gera\u00e7\u00f5es inteiras: a Revista Capricho e a cantora Sandy, que comemorou 40 anos em 2023, per\u00edodo recomendado para in\u00edcio da realiza\u00e7\u00e3o dos exames anuais de mamografia, de acordo com a [&hellip;]<\/p>\n","protected":false},"author":1,"featured_media":48034,"comment_status":"open","ping_status":"open","sticky":false,"template":"","format":"standard","meta":{"tdm_status":"","tdm_grid_status":"","footnotes":""},"categories":[6],"tags":[65,5844,33,28,177,4667],"class_list":["post-48033","post","type-post","status-publish","format-standard","has-post-thumbnail","hentry","category-noticias","tag-campanha","tag-capricho","tag-estrategia","tag-marketing","tag-marketing-social","tag-outubro-rosa"],"yoast_head":"<!-- This site is optimized with the Yoast SEO plugin v27.5 - https:\/\/yoast.com\/product\/yoast-seo-wordpress\/ -->\n<title>Revista Capricho retorna com Sandy em campanha de Outubro Rosa - CidadeMarketing<\/title>\n<meta name=\"robots\" content=\"index, follow, max-snippet:-1, max-image-preview:large, max-video-preview:-1\" \/>\n<link rel=\"canonical\" href=\"https:\/\/www.cidademarketing.com.br\/marketing\/2023\/10\/05\/revista-capricho-retorna-com-sandy-em-campanha-de-outubro-rosa\/\" \/>\n<meta property=\"og:locale\" content=\"pt_BR\" \/>\n<meta property=\"og:type\" content=\"article\" \/>\n<meta property=\"og:title\" content=\"Revista Capricho retorna com Sandy em campanha de Outubro Rosa - CidadeMarketing\" \/>\n<meta property=\"og:description\" content=\"A Dasa, maior rede de sa\u00fade integrada do Brasil, acaba de lan\u00e7ar a sua campanha para o Outubro Rosa de 2023 com dois \u00edcones de gera\u00e7\u00f5es inteiras: a Revista Capricho e a cantora Sandy, que comemorou 40 anos em 2023, per\u00edodo recomendado para in\u00edcio da realiza\u00e7\u00e3o dos exames anuais de mamografia, de acordo com a [&hellip;]\" \/>\n<meta property=\"og:url\" content=\"https:\/\/www.cidademarketing.com.br\/marketing\/2023\/10\/05\/revista-capricho-retorna-com-sandy-em-campanha-de-outubro-rosa\/\" \/>\n<meta property=\"og:site_name\" content=\"CidadeMarketing\" \/>\n<meta property=\"article:publisher\" content=\"https:\/\/www.facebook.com\/portalcidademarketing\" \/>\n<meta property=\"article:author\" content=\"https:\/\/www.facebook.com\/thalesbrandao\" \/>\n<meta property=\"article:published_time\" content=\"2023-10-05T20:32:37+00:00\" \/>\n<meta property=\"og:image\" content=\"https:\/\/www.cidademarketing.com.br\/marketing\/wp-content\/uploads\/2023\/10\/Capa_Capricho_Sandy-scaled.jpg\" \/>\n\t<meta property=\"og:image:width\" content=\"1944\" \/>\n\t<meta property=\"og:image:height\" content=\"2560\" \/>\n\t<meta property=\"og:image:type\" content=\"image\/jpeg\" \/>\n<meta name=\"author\" content=\"Thales Brand\u00e3o\" \/>\n<meta name=\"twitter:card\" content=\"summary_large_image\" \/>\n<meta name=\"twitter:creator\" content=\"@http:\/\/www.twitter.com\/thalesbrandao\" \/>\n<meta name=\"twitter:site\" content=\"@CidadeMarketing\" \/>\n<meta name=\"twitter:label1\" content=\"Escrito por\" \/>\n\t<meta name=\"twitter:data1\" content=\"Thales Brand\u00e3o\" \/>\n\t<meta name=\"twitter:label2\" content=\"Est. tempo de leitura\" \/>\n\t<meta name=\"twitter:data2\" content=\"3 minutos\" \/>\n<script type=\"application\/ld+json\" class=\"yoast-schema-graph\">{\"@context\":\"https:\\\/\\\/schema.org\",\"@graph\":[{\"@type\":\"Article\",\"@id\":\"https:\\\/\\\/www.cidademarketing.com.br\\\/marketing\\\/2023\\\/10\\\/05\\\/revista-capricho-retorna-com-sandy-em-campanha-de-outubro-rosa\\\/#article\",\"isPartOf\":{\"@id\":\"https:\\\/\\\/www.cidademarketing.com.br\\\/marketing\\\/2023\\\/10\\\/05\\\/revista-capricho-retorna-com-sandy-em-campanha-de-outubro-rosa\\\/\"},\"author\":{\"name\":\"Thales Brand\u00e3o\",\"@id\":\"https:\\\/\\\/www.cidademarketing.com.br\\\/marketing\\\/#\\\/schema\\\/person\\\/02daff9f18bd9378c9e01eb6b2db155f\"},\"headline\":\"Revista Capricho retorna com Sandy em campanha de Outubro Rosa\",\"datePublished\":\"2023-10-05T20:32:37+00:00\",\"mainEntityOfPage\":{\"@id\":\"https:\\\/\\\/www.cidademarketing.com.br\\\/marketing\\\/2023\\\/10\\\/05\\\/revista-capricho-retorna-com-sandy-em-campanha-de-outubro-rosa\\\/\"},\"wordCount\":579,\"commentCount\":0,\"publisher\":{\"@id\":\"https:\\\/\\\/www.cidademarketing.com.br\\\/marketing\\\/#organization\"},\"image\":{\"@id\":\"https:\\\/\\\/www.cidademarketing.com.br\\\/marketing\\\/2023\\\/10\\\/05\\\/revista-capricho-retorna-com-sandy-em-campanha-de-outubro-rosa\\\/#primaryimage\"},\"thumbnailUrl\":\"https:\\\/\\\/www.cidademarketing.com.br\\\/marketing\\\/wp-content\\\/uploads\\\/2023\\\/10\\\/Capa_Capricho_Sandy-scaled.jpg\",\"keywords\":[\"campanha\",\"Capricho\",\"estrat\u00e9gia\",\"marketing\",\"marketing social\",\"Outubro Rosa\"],\"articleSection\":[\"Not\u00edcias\"],\"inLanguage\":\"pt-BR\",\"potentialAction\":[{\"@type\":\"CommentAction\",\"name\":\"Comment\",\"target\":[\"https:\\\/\\\/www.cidademarketing.com.br\\\/marketing\\\/2023\\\/10\\\/05\\\/revista-capricho-retorna-com-sandy-em-campanha-de-outubro-rosa\\\/#respond\"]}]},{\"@type\":\"WebPage\",\"@id\":\"https:\\\/\\\/www.cidademarketing.com.br\\\/marketing\\\/2023\\\/10\\\/05\\\/revista-capricho-retorna-com-sandy-em-campanha-de-outubro-rosa\\\/\",\"url\":\"https:\\\/\\\/www.cidademarketing.com.br\\\/marketing\\\/2023\\\/10\\\/05\\\/revista-capricho-retorna-com-sandy-em-campanha-de-outubro-rosa\\\/\",\"name\":\"Revista Capricho retorna com Sandy em campanha de Outubro Rosa - CidadeMarketing\",\"isPartOf\":{\"@id\":\"https:\\\/\\\/www.cidademarketing.com.br\\\/marketing\\\/#website\"},\"primaryImageOfPage\":{\"@id\":\"https:\\\/\\\/www.cidademarketing.com.br\\\/marketing\\\/2023\\\/10\\\/05\\\/revista-capricho-retorna-com-sandy-em-campanha-de-outubro-rosa\\\/#primaryimage\"},\"image\":{\"@id\":\"https:\\\/\\\/www.cidademarketing.com.br\\\/marketing\\\/2023\\\/10\\\/05\\\/revista-capricho-retorna-com-sandy-em-campanha-de-outubro-rosa\\\/#primaryimage\"},\"thumbnailUrl\":\"https:\\\/\\\/www.cidademarketing.com.br\\\/marketing\\\/wp-content\\\/uploads\\\/2023\\\/10\\\/Capa_Capricho_Sandy-scaled.jpg\",\"datePublished\":\"2023-10-05T20:32:37+00:00\",\"breadcrumb\":{\"@id\":\"https:\\\/\\\/www.cidademarketing.com.br\\\/marketing\\\/2023\\\/10\\\/05\\\/revista-capricho-retorna-com-sandy-em-campanha-de-outubro-rosa\\\/#breadcrumb\"},\"inLanguage\":\"pt-BR\",\"potentialAction\":[{\"@type\":\"ReadAction\",\"target\":[\"https:\\\/\\\/www.cidademarketing.com.br\\\/marketing\\\/2023\\\/10\\\/05\\\/revista-capricho-retorna-com-sandy-em-campanha-de-outubro-rosa\\\/\"]}]},{\"@type\":\"ImageObject\",\"inLanguage\":\"pt-BR\",\"@id\":\"https:\\\/\\\/www.cidademarketing.com.br\\\/marketing\\\/2023\\\/10\\\/05\\\/revista-capricho-retorna-com-sandy-em-campanha-de-outubro-rosa\\\/#primaryimage\",\"url\":\"https:\\\/\\\/www.cidademarketing.com.br\\\/marketing\\\/wp-content\\\/uploads\\\/2023\\\/10\\\/Capa_Capricho_Sandy-scaled.jpg\",\"contentUrl\":\"https:\\\/\\\/www.cidademarketing.com.br\\\/marketing\\\/wp-content\\\/uploads\\\/2023\\\/10\\\/Capa_Capricho_Sandy-scaled.jpg\",\"width\":1944,\"height\":2560},{\"@type\":\"BreadcrumbList\",\"@id\":\"https:\\\/\\\/www.cidademarketing.com.br\\\/marketing\\\/2023\\\/10\\\/05\\\/revista-capricho-retorna-com-sandy-em-campanha-de-outubro-rosa\\\/#breadcrumb\",\"itemListElement\":[{\"@type\":\"ListItem\",\"position\":1,\"name\":\"In\u00edcio\",\"item\":\"https:\\\/\\\/www.cidademarketing.com.br\\\/marketing\\\/\"},{\"@type\":\"ListItem\",\"position\":2,\"name\":\"Revista Capricho retorna com Sandy em campanha de Outubro Rosa\"}]},{\"@type\":\"WebSite\",\"@id\":\"https:\\\/\\\/www.cidademarketing.com.br\\\/marketing\\\/#website\",\"url\":\"https:\\\/\\\/www.cidademarketing.com.br\\\/marketing\\\/\",\"name\":\"CidadeMarketing\",\"description\":\"Somos um ve\u00edculo de comunica\u00e7\u00e3o de destaque no Brasil, reconhecido por conte\u00fados nos segmentos de marketing, empreendedorismo e inova\u00e7\u00e3o.\",\"publisher\":{\"@id\":\"https:\\\/\\\/www.cidademarketing.com.br\\\/marketing\\\/#organization\"},\"alternateName\":\"CidadeMarketing\",\"potentialAction\":[{\"@type\":\"SearchAction\",\"target\":{\"@type\":\"EntryPoint\",\"urlTemplate\":\"https:\\\/\\\/www.cidademarketing.com.br\\\/marketing\\\/?s={search_term_string}\"},\"query-input\":{\"@type\":\"PropertyValueSpecification\",\"valueRequired\":true,\"valueName\":\"search_term_string\"}}],\"inLanguage\":\"pt-BR\"},{\"@type\":\"Organization\",\"@id\":\"https:\\\/\\\/www.cidademarketing.com.br\\\/marketing\\\/#organization\",\"name\":\"CidadeMarketing\",\"alternateName\":\"CidadeMarketing\",\"url\":\"https:\\\/\\\/www.cidademarketing.com.br\\\/marketing\\\/\",\"logo\":{\"@type\":\"ImageObject\",\"inLanguage\":\"pt-BR\",\"@id\":\"https:\\\/\\\/www.cidademarketing.com.br\\\/marketing\\\/#\\\/schema\\\/logo\\\/image\\\/\",\"url\":\"https:\\\/\\\/www.cidademarketing.com.br\\\/marketing\\\/wp-content\\\/uploads\\\/2020\\\/01\\\/cidademarketing_marca_mobile.png\",\"contentUrl\":\"https:\\\/\\\/www.cidademarketing.com.br\\\/marketing\\\/wp-content\\\/uploads\\\/2020\\\/01\\\/cidademarketing_marca_mobile.png\",\"width\":230,\"height\":92,\"caption\":\"CidadeMarketing\"},\"image\":{\"@id\":\"https:\\\/\\\/www.cidademarketing.com.br\\\/marketing\\\/#\\\/schema\\\/logo\\\/image\\\/\"},\"sameAs\":[\"https:\\\/\\\/www.facebook.com\\\/portalcidademarketing\",\"https:\\\/\\\/x.com\\\/CidadeMarketing\",\"https:\\\/\\\/www.instagram.com\\\/cidademarketing\\\/\"]},{\"@type\":\"Person\",\"@id\":\"https:\\\/\\\/www.cidademarketing.com.br\\\/marketing\\\/#\\\/schema\\\/person\\\/02daff9f18bd9378c9e01eb6b2db155f\",\"name\":\"Thales Brand\u00e3o\",\"image\":{\"@type\":\"ImageObject\",\"inLanguage\":\"pt-BR\",\"@id\":\"https:\\\/\\\/secure.gravatar.com\\\/avatar\\\/7ca3206950207cc3cb48feec56a8a7898741ab725c368d99d5d7a5a50aab80c6?s=96&d=mm&r=g\",\"url\":\"https:\\\/\\\/secure.gravatar.com\\\/avatar\\\/7ca3206950207cc3cb48feec56a8a7898741ab725c368d99d5d7a5a50aab80c6?s=96&d=mm&r=g\",\"contentUrl\":\"https:\\\/\\\/secure.gravatar.com\\\/avatar\\\/7ca3206950207cc3cb48feec56a8a7898741ab725c368d99d5d7a5a50aab80c6?s=96&d=mm&r=g\",\"caption\":\"Thales Brand\u00e3o\"},\"description\":\"Editor Executivo do Portal CidadeMarketing.com.br &gt; Mestre em Comunica\u00e7\u00e3o e Sociedade pela Universidade Federal de Sergipe. Possui MBA Executivo em Administra\u00e7\u00e3o com \u00eanfase em Marketing pela Funda\u00e7\u00e3o Get\u00falio Vargas - Rio de Janeiro. Consultor, Palestrante e Pesquisador sobre Empreendedorismo, Marketing, Redes Sociais e Neg\u00f3cios Digitais. Professor, Palestrante TedxTalks e Campus Party. Twitter: @ThalesBrandao\",\"sameAs\":[\"http:\\\/\\\/www.mandacaru.com.br\",\"https:\\\/\\\/www.facebook.com\\\/thalesbrandao\",\"http:\\\/\\\/www.instagram.com.br\\\/thalesbrandaoferreira\",\"https:\\\/\\\/www.linkedin.com\\\/in\\\/thales-brand\u00e3o-3948609\\\/\",\"https:\\\/\\\/x.com\\\/http:\\\/\\\/www.twitter.com\\\/thalesbrandao\"],\"url\":\"https:\\\/\\\/www.cidademarketing.com.br\\\/marketing\\\/author\\\/thalesbrandao\\\/\"}]}<\/script>\n<!-- \/ Yoast SEO plugin. -->","yoast_head_json":{"title":"Revista Capricho retorna com Sandy em campanha de Outubro Rosa - CidadeMarketing","robots":{"index":"index","follow":"follow","max-snippet":"max-snippet:-1","max-image-preview":"max-image-preview:large","max-video-preview":"max-video-preview:-1"},"canonical":"https:\/\/www.cidademarketing.com.br\/marketing\/2023\/10\/05\/revista-capricho-retorna-com-sandy-em-campanha-de-outubro-rosa\/","og_locale":"pt_BR","og_type":"article","og_title":"Revista Capricho retorna com Sandy em campanha de Outubro Rosa - CidadeMarketing","og_description":"A Dasa, maior rede de sa\u00fade integrada do Brasil, acaba de lan\u00e7ar a sua campanha para o Outubro Rosa de 2023 com dois \u00edcones de gera\u00e7\u00f5es inteiras: a Revista Capricho e a cantora Sandy, que comemorou 40 anos em 2023, per\u00edodo recomendado para in\u00edcio da realiza\u00e7\u00e3o dos exames anuais de mamografia, de acordo com a [&hellip;]","og_url":"https:\/\/www.cidademarketing.com.br\/marketing\/2023\/10\/05\/revista-capricho-retorna-com-sandy-em-campanha-de-outubro-rosa\/","og_site_name":"CidadeMarketing","article_publisher":"https:\/\/www.facebook.com\/portalcidademarketing","article_author":"https:\/\/www.facebook.com\/thalesbrandao","article_published_time":"2023-10-05T20:32:37+00:00","og_image":[{"width":1944,"height":2560,"url":"https:\/\/www.cidademarketing.com.br\/marketing\/wp-content\/uploads\/2023\/10\/Capa_Capricho_Sandy-scaled.jpg","type":"image\/jpeg"}],"author":"Thales Brand\u00e3o","twitter_card":"summary_large_image","twitter_creator":"@http:\/\/www.twitter.com\/thalesbrandao","twitter_site":"@CidadeMarketing","twitter_misc":{"Escrito por":"Thales Brand\u00e3o","Est. tempo de leitura":"3 minutos"},"schema":{"@context":"https:\/\/schema.org","@graph":[{"@type":"Article","@id":"https:\/\/www.cidademarketing.com.br\/marketing\/2023\/10\/05\/revista-capricho-retorna-com-sandy-em-campanha-de-outubro-rosa\/#article","isPartOf":{"@id":"https:\/\/www.cidademarketing.com.br\/marketing\/2023\/10\/05\/revista-capricho-retorna-com-sandy-em-campanha-de-outubro-rosa\/"},"author":{"name":"Thales Brand\u00e3o","@id":"https:\/\/www.cidademarketing.com.br\/marketing\/#\/schema\/person\/02daff9f18bd9378c9e01eb6b2db155f"},"headline":"Revista Capricho retorna com Sandy em campanha de Outubro Rosa","datePublished":"2023-10-05T20:32:37+00:00","mainEntityOfPage":{"@id":"https:\/\/www.cidademarketing.com.br\/marketing\/2023\/10\/05\/revista-capricho-retorna-com-sandy-em-campanha-de-outubro-rosa\/"},"wordCount":579,"commentCount":0,"publisher":{"@id":"https:\/\/www.cidademarketing.com.br\/marketing\/#organization"},"image":{"@id":"https:\/\/www.cidademarketing.com.br\/marketing\/2023\/10\/05\/revista-capricho-retorna-com-sandy-em-campanha-de-outubro-rosa\/#primaryimage"},"thumbnailUrl":"https:\/\/www.cidademarketing.com.br\/marketing\/wp-content\/uploads\/2023\/10\/Capa_Capricho_Sandy-scaled.jpg","keywords":["campanha","Capricho","estrat\u00e9gia","marketing","marketing social","Outubro Rosa"],"articleSection":["Not\u00edcias"],"inLanguage":"pt-BR","potentialAction":[{"@type":"CommentAction","name":"Comment","target":["https:\/\/www.cidademarketing.com.br\/marketing\/2023\/10\/05\/revista-capricho-retorna-com-sandy-em-campanha-de-outubro-rosa\/#respond"]}]},{"@type":"WebPage","@id":"https:\/\/www.cidademarketing.com.br\/marketing\/2023\/10\/05\/revista-capricho-retorna-com-sandy-em-campanha-de-outubro-rosa\/","url":"https:\/\/www.cidademarketing.com.br\/marketing\/2023\/10\/05\/revista-capricho-retorna-com-sandy-em-campanha-de-outubro-rosa\/","name":"Revista Capricho retorna com Sandy em campanha de Outubro Rosa - CidadeMarketing","isPartOf":{"@id":"https:\/\/www.cidademarketing.com.br\/marketing\/#website"},"primaryImageOfPage":{"@id":"https:\/\/www.cidademarketing.com.br\/marketing\/2023\/10\/05\/revista-capricho-retorna-com-sandy-em-campanha-de-outubro-rosa\/#primaryimage"},"image":{"@id":"https:\/\/www.cidademarketing.com.br\/marketing\/2023\/10\/05\/revista-capricho-retorna-com-sandy-em-campanha-de-outubro-rosa\/#primaryimage"},"thumbnailUrl":"https:\/\/www.cidademarketing.com.br\/marketing\/wp-content\/uploads\/2023\/10\/Capa_Capricho_Sandy-scaled.jpg","datePublished":"2023-10-05T20:32:37+00:00","breadcrumb":{"@id":"https:\/\/www.cidademarketing.com.br\/marketing\/2023\/10\/05\/revista-capricho-retorna-com-sandy-em-campanha-de-outubro-rosa\/#breadcrumb"},"inLanguage":"pt-BR","potentialAction":[{"@type":"ReadAction","target":["https:\/\/www.cidademarketing.com.br\/marketing\/2023\/10\/05\/revista-capricho-retorna-com-sandy-em-campanha-de-outubro-rosa\/"]}]},{"@type":"ImageObject","inLanguage":"pt-BR","@id":"https:\/\/www.cidademarketing.com.br\/marketing\/2023\/10\/05\/revista-capricho-retorna-com-sandy-em-campanha-de-outubro-rosa\/#primaryimage","url":"https:\/\/www.cidademarketing.com.br\/marketing\/wp-content\/uploads\/2023\/10\/Capa_Capricho_Sandy-scaled.jpg","contentUrl":"https:\/\/www.cidademarketing.com.br\/marketing\/wp-content\/uploads\/2023\/10\/Capa_Capricho_Sandy-scaled.jpg","width":1944,"height":2560},{"@type":"BreadcrumbList","@id":"https:\/\/www.cidademarketing.com.br\/marketing\/2023\/10\/05\/revista-capricho-retorna-com-sandy-em-campanha-de-outubro-rosa\/#breadcrumb","itemListElement":[{"@type":"ListItem","position":1,"name":"In\u00edcio","item":"https:\/\/www.cidademarketing.com.br\/marketing\/"},{"@type":"ListItem","position":2,"name":"Revista Capricho retorna com Sandy em campanha de Outubro Rosa"}]},{"@type":"WebSite","@id":"https:\/\/www.cidademarketing.com.br\/marketing\/#website","url":"https:\/\/www.cidademarketing.com.br\/marketing\/","name":"CidadeMarketing","description":"Somos um ve\u00edculo de comunica\u00e7\u00e3o de destaque no Brasil, reconhecido por conte\u00fados nos segmentos de marketing, empreendedorismo e inova\u00e7\u00e3o.","publisher":{"@id":"https:\/\/www.cidademarketing.com.br\/marketing\/#organization"},"alternateName":"CidadeMarketing","potentialAction":[{"@type":"SearchAction","target":{"@type":"EntryPoint","urlTemplate":"https:\/\/www.cidademarketing.com.br\/marketing\/?s={search_term_string}"},"query-input":{"@type":"PropertyValueSpecification","valueRequired":true,"valueName":"search_term_string"}}],"inLanguage":"pt-BR"},{"@type":"Organization","@id":"https:\/\/www.cidademarketing.com.br\/marketing\/#organization","name":"CidadeMarketing","alternateName":"CidadeMarketing","url":"https:\/\/www.cidademarketing.com.br\/marketing\/","logo":{"@type":"ImageObject","inLanguage":"pt-BR","@id":"https:\/\/www.cidademarketing.com.br\/marketing\/#\/schema\/logo\/image\/","url":"https:\/\/www.cidademarketing.com.br\/marketing\/wp-content\/uploads\/2020\/01\/cidademarketing_marca_mobile.png","contentUrl":"https:\/\/www.cidademarketing.com.br\/marketing\/wp-content\/uploads\/2020\/01\/cidademarketing_marca_mobile.png","width":230,"height":92,"caption":"CidadeMarketing"},"image":{"@id":"https:\/\/www.cidademarketing.com.br\/marketing\/#\/schema\/logo\/image\/"},"sameAs":["https:\/\/www.facebook.com\/portalcidademarketing","https:\/\/x.com\/CidadeMarketing","https:\/\/www.instagram.com\/cidademarketing\/"]},{"@type":"Person","@id":"https:\/\/www.cidademarketing.com.br\/marketing\/#\/schema\/person\/02daff9f18bd9378c9e01eb6b2db155f","name":"Thales Brand\u00e3o","image":{"@type":"ImageObject","inLanguage":"pt-BR","@id":"https:\/\/secure.gravatar.com\/avatar\/7ca3206950207cc3cb48feec56a8a7898741ab725c368d99d5d7a5a50aab80c6?s=96&d=mm&r=g","url":"https:\/\/secure.gravatar.com\/avatar\/7ca3206950207cc3cb48feec56a8a7898741ab725c368d99d5d7a5a50aab80c6?s=96&d=mm&r=g","contentUrl":"https:\/\/secure.gravatar.com\/avatar\/7ca3206950207cc3cb48feec56a8a7898741ab725c368d99d5d7a5a50aab80c6?s=96&d=mm&r=g","caption":"Thales Brand\u00e3o"},"description":"Editor Executivo do Portal CidadeMarketing.com.br &gt; Mestre em Comunica\u00e7\u00e3o e Sociedade pela Universidade Federal de Sergipe. Possui MBA Executivo em Administra\u00e7\u00e3o com \u00eanfase em Marketing pela Funda\u00e7\u00e3o Get\u00falio Vargas - Rio de Janeiro. Consultor, Palestrante e Pesquisador sobre Empreendedorismo, Marketing, Redes Sociais e Neg\u00f3cios Digitais. Professor, Palestrante TedxTalks e Campus Party. Twitter: @ThalesBrandao","sameAs":["http:\/\/www.mandacaru.com.br","https:\/\/www.facebook.com\/thalesbrandao","http:\/\/www.instagram.com.br\/thalesbrandaoferreira","https:\/\/www.linkedin.com\/in\/thales-brand\u00e3o-3948609\/","https:\/\/x.com\/http:\/\/www.twitter.com\/thalesbrandao"],"url":"https:\/\/www.cidademarketing.com.br\/marketing\/author\/thalesbrandao\/"}]}},"amp_enabled":true,"_links":{"self":[{"href":"https:\/\/www.cidademarketing.com.br\/marketing\/wp-json\/wp\/v2\/posts\/48033","targetHints":{"allow":["GET"]}}],"collection":[{"href":"https:\/\/www.cidademarketing.com.br\/marketing\/wp-json\/wp\/v2\/posts"}],"about":[{"href":"https:\/\/www.cidademarketing.com.br\/marketing\/wp-json\/wp\/v2\/types\/post"}],"author":[{"embeddable":true,"href":"https:\/\/www.cidademarketing.com.br\/marketing\/wp-json\/wp\/v2\/users\/1"}],"replies":[{"embeddable":true,"href":"https:\/\/www.cidademarketing.com.br\/marketing\/wp-json\/wp\/v2\/comments?post=48033"}],"version-history":[{"count":1,"href":"https:\/\/www.cidademarketing.com.br\/marketing\/wp-json\/wp\/v2\/posts\/48033\/revisions"}],"predecessor-version":[{"id":48035,"href":"https:\/\/www.cidademarketing.com.br\/marketing\/wp-json\/wp\/v2\/posts\/48033\/revisions\/48035"}],"wp:featuredmedia":[{"embeddable":true,"href":"https:\/\/www.cidademarketing.com.br\/marketing\/wp-json\/wp\/v2\/media\/48034"}],"wp:attachment":[{"href":"https:\/\/www.cidademarketing.com.br\/marketing\/wp-json\/wp\/v2\/media?parent=48033"}],"wp:term":[{"taxonomy":"category","embeddable":true,"href":"https:\/\/www.cidademarketing.com.br\/marketing\/wp-json\/wp\/v2\/categories?post=48033"},{"taxonomy":"post_tag","embeddable":true,"href":"https:\/\/www.cidademarketing.com.br\/marketing\/wp-json\/wp\/v2\/tags?post=48033"}],"curies":[{"name":"wp","href":"https:\/\/api.w.org\/{rel}","templated":true}]}}