{"id":48002,"date":"2023-10-04T17:53:15","date_gmt":"2023-10-04T20:53:15","guid":{"rendered":"https:\/\/www.cidademarketing.com.br\/marketing\/?p=48002"},"modified":"2023-10-04T17:53:15","modified_gmt":"2023-10-04T20:53:15","slug":"chocolate-cor-de-rosa-mms-destaca-a-prevencao-do-cancer-de-mama-com-edicao-especial-de-outubro-rosa","status":"publish","type":"post","link":"https:\/\/www.cidademarketing.com.br\/marketing\/2023\/10\/04\/chocolate-cor-de-rosa-mms-destaca-a-prevencao-do-cancer-de-mama-com-edicao-especial-de-outubro-rosa\/","title":{"rendered":"Chocolate Cor de Rosa: M&#038;M&#8217;S destaca a preven\u00e7\u00e3o do c\u00e2ncer de mama com edi\u00e7\u00e3o especial de Outubro Rosa"},"content":{"rendered":"<p>Com o objetivo de apoiar a conscientiza\u00e7\u00e3o sobre o c\u00e2ncer de mama, M&amp;M\u2019S, pertencente \u00e0 Mars, volta com a edi\u00e7\u00e3o limitada cor-de-rosa durante o m\u00eas de outubro. A proposta da marca \u00e9 espalhar conhecimento e refor\u00e7ar o conceito do \u201cc\u00edrculo de cuidado M&amp;M\u2019S\u201d \u2013 uma roda de conscientiza\u00e7\u00e3o para gerar um movimento de cuidar de si e de quem se gosta por meio dos exames de rotina.<\/p>\n<p><a href=\"https:\/\/www.cidademarketing.com.br\/marketing\/sua-marca-vai-virar-noticia\/\" target=\"_blank\" rel=\"noopener\"><img fetchpriority=\"high\" decoding=\"async\" class=\"wp-image-44329 aligncenter\" src=\"https:\/\/www.cidademarketing.com.br\/marketing\/wp-content\/uploads\/2023\/04\/cidademarketing_backlinks_marketingdigital_publieditorial_.png\" alt=\"\" width=\"500\" height=\"500\" \/><\/a><br \/>\nEste ano, al\u00e9m das ic\u00f4nicas personagens femininas Verde e Marrom, a embalagem e a campanha tamb\u00e9m ser\u00e3o estampadas pela Roxa, rec\u00e9m integrante do grupo que chegou para compor o time em janeiro no Brasil.<br \/>\nA campanha conta com a parceria da FEMAMA (Federa\u00e7\u00e3o Brasileira de Institui\u00e7\u00f5es Filantr\u00f3picas de Apoio \u00e0 Sa\u00fade da Mama), sob o conceito \u201ccom mais empatia, somos mais vida\u201d. Uma federa\u00e7\u00e3o que incentiva a cria\u00e7\u00e3o de pol\u00edticas p\u00fablicas em sa\u00fade para a mama. A institui\u00e7\u00e3o estimula o acolhimento e prop\u00f5e que cada um enxergue o outro com mais afeto, vivenciando novas perspectivas e abrindo espa\u00e7o para exercer a empatia.<br \/>\n\u201cM&amp;M\u2019S \u00e9 uma marca que se conecta com diferentes p\u00fablicos, o que nos permite usar essa for\u00e7a para alcan\u00e7ar e conscientizar cada vez mais pessoas sobre essa causa t\u00e3o importante.\u201d, destaca Lenize Oliveira, Head de Marketing da Mars Wrigley no Brasil.<\/p>\n<p>De acordo com a FEMAMA, 67% das pessoas diagnosticadas com c\u00e2ncer de mama j\u00e1 tiveram algu\u00e9m pr\u00f3ximo com a doen\u00e7a, enfatizando a import\u00e2ncia da conscientiza\u00e7\u00e3o e dos exames regulares. Embora a taxa de sobreviv\u00eancia relativa de cinco anos seja encorajadora, alcan\u00e7ando 90,8%, ainda existem desafios a superar. Surpreendentemente, grande parcela das mulheres subestima a import\u00e2ncia da mamografia, o que pode elevar as chances de cura.<\/p>\n<p>Esses dados destacam a import\u00e2ncia da conscientiza\u00e7\u00e3o, preven\u00e7\u00e3o e diagn\u00f3stico precoce na luta contra a doen\u00e7a. A detec\u00e7\u00e3o precoce pode ser feita em consultas com os m\u00e9dicos: ginecologista, mastologista, oncologista, cl\u00ednico geral por meio do exame cl\u00ednico (palpa\u00e7\u00e3o da mama) e por exames de imagem que podem ser solicitados pelo m\u00e9dico.<\/p>\n<p>PRESEN\u00c7A FEMININA<\/p>\n<p>A grande novidade deste ano \u00e9 a integra\u00e7\u00e3o da personagem Roxa, que se junta \u00e0s ic\u00f4nicas Verde e Marrom como protagonistas femininas da marca, ilustrando a nova embalagem de M&amp;M\u2019S e da campanha. As tr\u00eas personagens refor\u00e7am a cumplicidade de serem amigas em todos os momentos e carregam a mensagem inspiradora de que &#8220;Conex\u00e3o tamb\u00e9m \u00e9 cuidado&#8221;, uma vez que estar perto de quem gostamos, apoiando para que fa\u00e7am seus exames, \u00e9 uma forma de cuidar. Al\u00e9m disso, a marca se associa a profissionais de sa\u00fade e parceiros da FEMAMA para fornecer conte\u00fado relevante que incentive a realiza\u00e7\u00e3o de exames de rotina, promovendo a conscientiza\u00e7\u00e3o sobre a doen\u00e7a.<\/p>\n<p>CHOCOLATE COR-DE-ROSA<\/p>\n<p>A volta do chocolate com exclusivo tom cor-de-rosa vem para ajudar a potencializar a visibilidade para a causa e mostrar que a marca tem o prop\u00f3sito de espalhar divers\u00e3o e cuidado.<\/p>\n<p><iframe title=\"Spotify Embed: Podcast CidadeMarketing\" style=\"border-radius: 12px\" width=\"100%\" height=\"152\" frameborder=\"0\" allowfullscreen allow=\"autoplay; clipboard-write; encrypted-media; fullscreen; picture-in-picture\" loading=\"lazy\" src=\"https:\/\/open.spotify.com\/embed\/show\/4khMKzP3FgFRWVwb73xicc?si=252fe5bff2b34909&#038;utm_source=oembed\"><\/iframe><\/p>\n<p>&nbsp;<\/p>\n<p>\u201cPor meio dessa iniciativa, queremos incentivar mais mulheres a procurarem seu m\u00e9dico e fazerem os exames preventivos. Colorir nosso ic\u00f4nico chocolate de cor-de-rosa \u00e9 uma maneira doce de amplificar a visibilidade para uma causa t\u00e3o importante, e espalhar cuidado e oportunidades de conex\u00e3o entre as pessoas\u201d completa Carla Marconcini, gerente de Marketing de M&amp;M\u2019S no Brasil.<\/p>\n<p>Este ano, os produtos est\u00e3o dispon\u00edveis nos principais pontos de venda de todo o pa\u00eds, oferecendo a novidade em vers\u00f5es de consumo para compartilhar (148g) e individual (45g). As novidades sobre a campanha estar\u00e3o no Instagram oficial da marca.<\/p>\n<blockquote class=\"instagram-media\" style=\"background: #FFF; border: 0; border-radius: 3px; box-shadow: 0 0 1px 0 rgba(0,0,0,0.5),0 1px 10px 0 rgba(0,0,0,0.15); margin: 1px; max-width: 540px; min-width: 326px; padding: 0; width: calc(100% - 2px);\" data-instgrm-captioned=\"\" data-instgrm-permalink=\"https:\/\/www.instagram.com\/reel\/Cx6Tw5uv77W\/?utm_source=ig_embed&amp;utm_campaign=loading\" data-instgrm-version=\"14\">\n<div style=\"padding: 16px;\">\n<p>&nbsp;<\/p>\n<div style=\"display: flex; flex-direction: row; align-items: center;\">\n<div style=\"background-color: #f4f4f4; border-radius: 50%; flex-grow: 0; height: 40px; margin-right: 14px; width: 40px;\"><\/div>\n<div style=\"display: flex; flex-direction: column; flex-grow: 1; justify-content: center;\">\n<div style=\"background-color: #f4f4f4; border-radius: 4px; flex-grow: 0; height: 14px; margin-bottom: 6px; width: 100px;\"><\/div>\n<div style=\"background-color: #f4f4f4; border-radius: 4px; flex-grow: 0; height: 14px; width: 60px;\"><\/div>\n<\/div>\n<\/div>\n<div style=\"padding: 19% 0;\"><\/div>\n<div style=\"display: block; height: 50px; margin: 0 auto 12px; width: 50px;\"><\/div>\n<div style=\"padding-top: 8px;\">\n<div style=\"color: #3897f0; font-family: Arial,sans-serif; font-size: 14px; font-style: normal; font-weight: 550; line-height: 18px;\">Ver essa foto no Instagram<\/div>\n<\/div>\n<div style=\"padding: 12.5% 0;\"><\/div>\n<div style=\"display: flex; flex-direction: row; margin-bottom: 14px; align-items: center;\">\n<div>\n<div style=\"background-color: #f4f4f4; border-radius: 50%; height: 12.5px; width: 12.5px; transform: translateX(0px) translateY(7px);\"><\/div>\n<div style=\"background-color: #f4f4f4; height: 12.5px; transform: rotate(-45deg) translateX(3px) translateY(1px); width: 12.5px; flex-grow: 0; margin-right: 14px; margin-left: 2px;\"><\/div>\n<div style=\"background-color: #f4f4f4; border-radius: 50%; height: 12.5px; width: 12.5px; transform: translateX(9px) translateY(-18px);\"><\/div>\n<\/div>\n<div style=\"margin-left: 8px;\">\n<div style=\"background-color: #f4f4f4; border-radius: 50%; flex-grow: 0; height: 20px; width: 20px;\"><\/div>\n<div style=\"width: 0; height: 0; border-top: 2px solid transparent; border-left: 6px solid #f4f4f4; border-bottom: 2px solid transparent; transform: translateX(16px) translateY(-4px) rotate(30deg);\"><\/div>\n<\/div>\n<div style=\"margin-left: auto;\">\n<div style=\"width: 0px; border-top: 8px solid #F4F4F4; border-right: 8px solid transparent; transform: translateY(16px);\"><\/div>\n<div style=\"background-color: #f4f4f4; flex-grow: 0; height: 12px; width: 16px; transform: translateY(-4px);\"><\/div>\n<div style=\"width: 0; height: 0; border-top: 8px solid #F4F4F4; border-left: 8px solid transparent; transform: translateY(-4px) translateX(8px);\"><\/div>\n<\/div>\n<\/div>\n<div style=\"display: flex; flex-direction: column; flex-grow: 1; justify-content: center; margin-bottom: 24px;\">\n<div style=\"background-color: #f4f4f4; border-radius: 4px; flex-grow: 0; height: 14px; margin-bottom: 6px; width: 224px;\"><\/div>\n<div style=\"background-color: #f4f4f4; border-radius: 4px; flex-grow: 0; height: 14px; width: 144px;\"><\/div>\n<\/div>\n<p>&nbsp;<\/p>\n<p style=\"color: #c9c8cd; font-family: Arial,sans-serif; font-size: 14px; line-height: 17px; margin-bottom: 0; margin-top: 8px; overflow: hidden; padding: 8px 0 7px; text-align: center; text-overflow: ellipsis; white-space: nowrap;\"><a style=\"color: #c9c8cd; font-family: Arial,sans-serif; font-size: 14px; font-style: normal; font-weight: normal; line-height: 17px; text-decoration: none;\" href=\"https:\/\/www.instagram.com\/reel\/Cx6Tw5uv77W\/?utm_source=ig_embed&amp;utm_campaign=loading\" target=\"_blank\" rel=\"noopener\">Uma publica\u00e7\u00e3o compartilhada por M&amp;M&#8217;S Brasil (@mmsbrasil)<\/a><\/p>\n<\/div>\n<\/blockquote>\n<p><script async src=\"\/\/www.instagram.com\/embed.js\"><\/script><\/p>\n","protected":false},"excerpt":{"rendered":"<p>Com o objetivo de apoiar a conscientiza\u00e7\u00e3o sobre o c\u00e2ncer de mama, M&amp;M\u2019S, pertencente \u00e0 Mars, volta com a edi\u00e7\u00e3o limitada cor-de-rosa durante o m\u00eas de outubro. A proposta da marca \u00e9 espalhar conhecimento e refor\u00e7ar o conceito do \u201cc\u00edrculo de cuidado M&amp;M\u2019S\u201d \u2013 uma roda de conscientiza\u00e7\u00e3o para gerar um movimento de cuidar de [&hellip;]<\/p>\n","protected":false},"author":1,"featured_media":48003,"comment_status":"open","ping_status":"open","sticky":false,"template":"","format":"standard","meta":{"tdm_status":"","tdm_grid_status":"","footnotes":""},"categories":[6],"tags":[4793,33,2055,28,177,4667,176],"class_list":["post-48002","post","type-post","status-publish","format-standard","has-post-thumbnail","hentry","category-noticias","tag-cancer-de-mama","tag-estrategia","tag-mms","tag-marketing","tag-marketing-social","tag-outubro-rosa","tag-sustentabilidade"],"yoast_head":"<!-- This site is optimized with the Yoast SEO plugin v27.5 - https:\/\/yoast.com\/product\/yoast-seo-wordpress\/ -->\n<title>Chocolate Cor de Rosa: M&amp;M&#039;S destaca a preven\u00e7\u00e3o do c\u00e2ncer de mama com edi\u00e7\u00e3o especial de Outubro Rosa - CidadeMarketing<\/title>\n<meta name=\"robots\" content=\"index, follow, max-snippet:-1, max-image-preview:large, max-video-preview:-1\" \/>\n<link rel=\"canonical\" href=\"https:\/\/www.cidademarketing.com.br\/marketing\/2023\/10\/04\/chocolate-cor-de-rosa-mms-destaca-a-prevencao-do-cancer-de-mama-com-edicao-especial-de-outubro-rosa\/\" \/>\n<meta property=\"og:locale\" content=\"pt_BR\" \/>\n<meta property=\"og:type\" content=\"article\" \/>\n<meta property=\"og:title\" content=\"Chocolate Cor de Rosa: M&amp;M&#039;S destaca a preven\u00e7\u00e3o do c\u00e2ncer de mama com edi\u00e7\u00e3o especial de Outubro Rosa - CidadeMarketing\" \/>\n<meta property=\"og:description\" content=\"Com o objetivo de apoiar a conscientiza\u00e7\u00e3o sobre o c\u00e2ncer de mama, M&amp;M\u2019S, pertencente \u00e0 Mars, volta com a edi\u00e7\u00e3o limitada cor-de-rosa durante o m\u00eas de outubro. A proposta da marca \u00e9 espalhar conhecimento e refor\u00e7ar o conceito do \u201cc\u00edrculo de cuidado M&amp;M\u2019S\u201d \u2013 uma roda de conscientiza\u00e7\u00e3o para gerar um movimento de cuidar de [&hellip;]\" \/>\n<meta property=\"og:url\" content=\"https:\/\/www.cidademarketing.com.br\/marketing\/2023\/10\/04\/chocolate-cor-de-rosa-mms-destaca-a-prevencao-do-cancer-de-mama-com-edicao-especial-de-outubro-rosa\/\" \/>\n<meta property=\"og:site_name\" content=\"CidadeMarketing\" \/>\n<meta property=\"article:publisher\" content=\"https:\/\/www.facebook.com\/portalcidademarketing\" \/>\n<meta property=\"article:author\" content=\"https:\/\/www.facebook.com\/thalesbrandao\" \/>\n<meta property=\"article:published_time\" content=\"2023-10-04T20:53:15+00:00\" \/>\n<meta property=\"og:image\" content=\"https:\/\/www.cidademarketing.com.br\/marketing\/wp-content\/uploads\/2023\/10\/mem_outubrorosa.png\" \/>\n\t<meta property=\"og:image:width\" content=\"886\" \/>\n\t<meta property=\"og:image:height\" content=\"498\" \/>\n\t<meta property=\"og:image:type\" content=\"image\/png\" \/>\n<meta name=\"author\" content=\"Thales Brand\u00e3o\" \/>\n<meta name=\"twitter:card\" content=\"summary_large_image\" \/>\n<meta name=\"twitter:creator\" content=\"@http:\/\/www.twitter.com\/thalesbrandao\" \/>\n<meta name=\"twitter:site\" content=\"@CidadeMarketing\" \/>\n<meta name=\"twitter:label1\" content=\"Escrito por\" \/>\n\t<meta name=\"twitter:data1\" content=\"Thales Brand\u00e3o\" \/>\n\t<meta name=\"twitter:label2\" content=\"Est. tempo de leitura\" \/>\n\t<meta name=\"twitter:data2\" content=\"3 minutos\" \/>\n<script type=\"application\/ld+json\" class=\"yoast-schema-graph\">{\"@context\":\"https:\\\/\\\/schema.org\",\"@graph\":[{\"@type\":\"Article\",\"@id\":\"https:\\\/\\\/www.cidademarketing.com.br\\\/marketing\\\/2023\\\/10\\\/04\\\/chocolate-cor-de-rosa-mms-destaca-a-prevencao-do-cancer-de-mama-com-edicao-especial-de-outubro-rosa\\\/#article\",\"isPartOf\":{\"@id\":\"https:\\\/\\\/www.cidademarketing.com.br\\\/marketing\\\/2023\\\/10\\\/04\\\/chocolate-cor-de-rosa-mms-destaca-a-prevencao-do-cancer-de-mama-com-edicao-especial-de-outubro-rosa\\\/\"},\"author\":{\"name\":\"Thales Brand\u00e3o\",\"@id\":\"https:\\\/\\\/www.cidademarketing.com.br\\\/marketing\\\/#\\\/schema\\\/person\\\/02daff9f18bd9378c9e01eb6b2db155f\"},\"headline\":\"Chocolate Cor de Rosa: M&#038;M&#8217;S destaca a preven\u00e7\u00e3o do c\u00e2ncer de mama com edi\u00e7\u00e3o especial de Outubro Rosa\",\"datePublished\":\"2023-10-04T20:53:15+00:00\",\"mainEntityOfPage\":{\"@id\":\"https:\\\/\\\/www.cidademarketing.com.br\\\/marketing\\\/2023\\\/10\\\/04\\\/chocolate-cor-de-rosa-mms-destaca-a-prevencao-do-cancer-de-mama-com-edicao-especial-de-outubro-rosa\\\/\"},\"wordCount\":697,\"commentCount\":0,\"publisher\":{\"@id\":\"https:\\\/\\\/www.cidademarketing.com.br\\\/marketing\\\/#organization\"},\"image\":{\"@id\":\"https:\\\/\\\/www.cidademarketing.com.br\\\/marketing\\\/2023\\\/10\\\/04\\\/chocolate-cor-de-rosa-mms-destaca-a-prevencao-do-cancer-de-mama-com-edicao-especial-de-outubro-rosa\\\/#primaryimage\"},\"thumbnailUrl\":\"https:\\\/\\\/www.cidademarketing.com.br\\\/marketing\\\/wp-content\\\/uploads\\\/2023\\\/10\\\/mem_outubrorosa.png\",\"keywords\":[\"c\u00e2ncer de mama\",\"estrat\u00e9gia\",\"M&amp;M\u2019s\",\"marketing\",\"marketing social\",\"Outubro Rosa\",\"sustentabilidade\"],\"articleSection\":[\"Not\u00edcias\"],\"inLanguage\":\"pt-BR\",\"potentialAction\":[{\"@type\":\"CommentAction\",\"name\":\"Comment\",\"target\":[\"https:\\\/\\\/www.cidademarketing.com.br\\\/marketing\\\/2023\\\/10\\\/04\\\/chocolate-cor-de-rosa-mms-destaca-a-prevencao-do-cancer-de-mama-com-edicao-especial-de-outubro-rosa\\\/#respond\"]}]},{\"@type\":\"WebPage\",\"@id\":\"https:\\\/\\\/www.cidademarketing.com.br\\\/marketing\\\/2023\\\/10\\\/04\\\/chocolate-cor-de-rosa-mms-destaca-a-prevencao-do-cancer-de-mama-com-edicao-especial-de-outubro-rosa\\\/\",\"url\":\"https:\\\/\\\/www.cidademarketing.com.br\\\/marketing\\\/2023\\\/10\\\/04\\\/chocolate-cor-de-rosa-mms-destaca-a-prevencao-do-cancer-de-mama-com-edicao-especial-de-outubro-rosa\\\/\",\"name\":\"Chocolate Cor de Rosa: M&M'S destaca a preven\u00e7\u00e3o do c\u00e2ncer de mama com edi\u00e7\u00e3o especial de Outubro Rosa - CidadeMarketing\",\"isPartOf\":{\"@id\":\"https:\\\/\\\/www.cidademarketing.com.br\\\/marketing\\\/#website\"},\"primaryImageOfPage\":{\"@id\":\"https:\\\/\\\/www.cidademarketing.com.br\\\/marketing\\\/2023\\\/10\\\/04\\\/chocolate-cor-de-rosa-mms-destaca-a-prevencao-do-cancer-de-mama-com-edicao-especial-de-outubro-rosa\\\/#primaryimage\"},\"image\":{\"@id\":\"https:\\\/\\\/www.cidademarketing.com.br\\\/marketing\\\/2023\\\/10\\\/04\\\/chocolate-cor-de-rosa-mms-destaca-a-prevencao-do-cancer-de-mama-com-edicao-especial-de-outubro-rosa\\\/#primaryimage\"},\"thumbnailUrl\":\"https:\\\/\\\/www.cidademarketing.com.br\\\/marketing\\\/wp-content\\\/uploads\\\/2023\\\/10\\\/mem_outubrorosa.png\",\"datePublished\":\"2023-10-04T20:53:15+00:00\",\"breadcrumb\":{\"@id\":\"https:\\\/\\\/www.cidademarketing.com.br\\\/marketing\\\/2023\\\/10\\\/04\\\/chocolate-cor-de-rosa-mms-destaca-a-prevencao-do-cancer-de-mama-com-edicao-especial-de-outubro-rosa\\\/#breadcrumb\"},\"inLanguage\":\"pt-BR\",\"potentialAction\":[{\"@type\":\"ReadAction\",\"target\":[\"https:\\\/\\\/www.cidademarketing.com.br\\\/marketing\\\/2023\\\/10\\\/04\\\/chocolate-cor-de-rosa-mms-destaca-a-prevencao-do-cancer-de-mama-com-edicao-especial-de-outubro-rosa\\\/\"]}]},{\"@type\":\"ImageObject\",\"inLanguage\":\"pt-BR\",\"@id\":\"https:\\\/\\\/www.cidademarketing.com.br\\\/marketing\\\/2023\\\/10\\\/04\\\/chocolate-cor-de-rosa-mms-destaca-a-prevencao-do-cancer-de-mama-com-edicao-especial-de-outubro-rosa\\\/#primaryimage\",\"url\":\"https:\\\/\\\/www.cidademarketing.com.br\\\/marketing\\\/wp-content\\\/uploads\\\/2023\\\/10\\\/mem_outubrorosa.png\",\"contentUrl\":\"https:\\\/\\\/www.cidademarketing.com.br\\\/marketing\\\/wp-content\\\/uploads\\\/2023\\\/10\\\/mem_outubrorosa.png\",\"width\":886,\"height\":498},{\"@type\":\"BreadcrumbList\",\"@id\":\"https:\\\/\\\/www.cidademarketing.com.br\\\/marketing\\\/2023\\\/10\\\/04\\\/chocolate-cor-de-rosa-mms-destaca-a-prevencao-do-cancer-de-mama-com-edicao-especial-de-outubro-rosa\\\/#breadcrumb\",\"itemListElement\":[{\"@type\":\"ListItem\",\"position\":1,\"name\":\"In\u00edcio\",\"item\":\"https:\\\/\\\/www.cidademarketing.com.br\\\/marketing\\\/\"},{\"@type\":\"ListItem\",\"position\":2,\"name\":\"Chocolate Cor de Rosa: M&#038;M&#8217;S destaca a preven\u00e7\u00e3o do c\u00e2ncer de mama com edi\u00e7\u00e3o especial de Outubro Rosa\"}]},{\"@type\":\"WebSite\",\"@id\":\"https:\\\/\\\/www.cidademarketing.com.br\\\/marketing\\\/#website\",\"url\":\"https:\\\/\\\/www.cidademarketing.com.br\\\/marketing\\\/\",\"name\":\"CidadeMarketing\",\"description\":\"Somos um ve\u00edculo de comunica\u00e7\u00e3o de destaque no Brasil, reconhecido por conte\u00fados nos segmentos de marketing, empreendedorismo e inova\u00e7\u00e3o.\",\"publisher\":{\"@id\":\"https:\\\/\\\/www.cidademarketing.com.br\\\/marketing\\\/#organization\"},\"alternateName\":\"CidadeMarketing\",\"potentialAction\":[{\"@type\":\"SearchAction\",\"target\":{\"@type\":\"EntryPoint\",\"urlTemplate\":\"https:\\\/\\\/www.cidademarketing.com.br\\\/marketing\\\/?s={search_term_string}\"},\"query-input\":{\"@type\":\"PropertyValueSpecification\",\"valueRequired\":true,\"valueName\":\"search_term_string\"}}],\"inLanguage\":\"pt-BR\"},{\"@type\":\"Organization\",\"@id\":\"https:\\\/\\\/www.cidademarketing.com.br\\\/marketing\\\/#organization\",\"name\":\"CidadeMarketing\",\"alternateName\":\"CidadeMarketing\",\"url\":\"https:\\\/\\\/www.cidademarketing.com.br\\\/marketing\\\/\",\"logo\":{\"@type\":\"ImageObject\",\"inLanguage\":\"pt-BR\",\"@id\":\"https:\\\/\\\/www.cidademarketing.com.br\\\/marketing\\\/#\\\/schema\\\/logo\\\/image\\\/\",\"url\":\"https:\\\/\\\/www.cidademarketing.com.br\\\/marketing\\\/wp-content\\\/uploads\\\/2020\\\/01\\\/cidademarketing_marca_mobile.png\",\"contentUrl\":\"https:\\\/\\\/www.cidademarketing.com.br\\\/marketing\\\/wp-content\\\/uploads\\\/2020\\\/01\\\/cidademarketing_marca_mobile.png\",\"width\":230,\"height\":92,\"caption\":\"CidadeMarketing\"},\"image\":{\"@id\":\"https:\\\/\\\/www.cidademarketing.com.br\\\/marketing\\\/#\\\/schema\\\/logo\\\/image\\\/\"},\"sameAs\":[\"https:\\\/\\\/www.facebook.com\\\/portalcidademarketing\",\"https:\\\/\\\/x.com\\\/CidadeMarketing\",\"https:\\\/\\\/www.instagram.com\\\/cidademarketing\\\/\"]},{\"@type\":\"Person\",\"@id\":\"https:\\\/\\\/www.cidademarketing.com.br\\\/marketing\\\/#\\\/schema\\\/person\\\/02daff9f18bd9378c9e01eb6b2db155f\",\"name\":\"Thales Brand\u00e3o\",\"image\":{\"@type\":\"ImageObject\",\"inLanguage\":\"pt-BR\",\"@id\":\"https:\\\/\\\/secure.gravatar.com\\\/avatar\\\/7ca3206950207cc3cb48feec56a8a7898741ab725c368d99d5d7a5a50aab80c6?s=96&d=mm&r=g\",\"url\":\"https:\\\/\\\/secure.gravatar.com\\\/avatar\\\/7ca3206950207cc3cb48feec56a8a7898741ab725c368d99d5d7a5a50aab80c6?s=96&d=mm&r=g\",\"contentUrl\":\"https:\\\/\\\/secure.gravatar.com\\\/avatar\\\/7ca3206950207cc3cb48feec56a8a7898741ab725c368d99d5d7a5a50aab80c6?s=96&d=mm&r=g\",\"caption\":\"Thales Brand\u00e3o\"},\"description\":\"Editor Executivo do Portal CidadeMarketing.com.br &gt; Mestre em Comunica\u00e7\u00e3o e Sociedade pela Universidade Federal de Sergipe. Possui MBA Executivo em Administra\u00e7\u00e3o com \u00eanfase em Marketing pela Funda\u00e7\u00e3o Get\u00falio Vargas - Rio de Janeiro. Consultor, Palestrante e Pesquisador sobre Empreendedorismo, Marketing, Redes Sociais e Neg\u00f3cios Digitais. Professor, Palestrante TedxTalks e Campus Party. Twitter: @ThalesBrandao\",\"sameAs\":[\"http:\\\/\\\/www.mandacaru.com.br\",\"https:\\\/\\\/www.facebook.com\\\/thalesbrandao\",\"http:\\\/\\\/www.instagram.com.br\\\/thalesbrandaoferreira\",\"https:\\\/\\\/www.linkedin.com\\\/in\\\/thales-brand\u00e3o-3948609\\\/\",\"https:\\\/\\\/x.com\\\/http:\\\/\\\/www.twitter.com\\\/thalesbrandao\"],\"url\":\"https:\\\/\\\/www.cidademarketing.com.br\\\/marketing\\\/author\\\/thalesbrandao\\\/\"}]}<\/script>\n<!-- \/ Yoast SEO plugin. -->","yoast_head_json":{"title":"Chocolate Cor de Rosa: M&M'S destaca a preven\u00e7\u00e3o do c\u00e2ncer de mama com edi\u00e7\u00e3o especial de Outubro Rosa - CidadeMarketing","robots":{"index":"index","follow":"follow","max-snippet":"max-snippet:-1","max-image-preview":"max-image-preview:large","max-video-preview":"max-video-preview:-1"},"canonical":"https:\/\/www.cidademarketing.com.br\/marketing\/2023\/10\/04\/chocolate-cor-de-rosa-mms-destaca-a-prevencao-do-cancer-de-mama-com-edicao-especial-de-outubro-rosa\/","og_locale":"pt_BR","og_type":"article","og_title":"Chocolate Cor de Rosa: M&M'S destaca a preven\u00e7\u00e3o do c\u00e2ncer de mama com edi\u00e7\u00e3o especial de Outubro Rosa - CidadeMarketing","og_description":"Com o objetivo de apoiar a conscientiza\u00e7\u00e3o sobre o c\u00e2ncer de mama, M&amp;M\u2019S, pertencente \u00e0 Mars, volta com a edi\u00e7\u00e3o limitada cor-de-rosa durante o m\u00eas de outubro. A proposta da marca \u00e9 espalhar conhecimento e refor\u00e7ar o conceito do \u201cc\u00edrculo de cuidado M&amp;M\u2019S\u201d \u2013 uma roda de conscientiza\u00e7\u00e3o para gerar um movimento de cuidar de [&hellip;]","og_url":"https:\/\/www.cidademarketing.com.br\/marketing\/2023\/10\/04\/chocolate-cor-de-rosa-mms-destaca-a-prevencao-do-cancer-de-mama-com-edicao-especial-de-outubro-rosa\/","og_site_name":"CidadeMarketing","article_publisher":"https:\/\/www.facebook.com\/portalcidademarketing","article_author":"https:\/\/www.facebook.com\/thalesbrandao","article_published_time":"2023-10-04T20:53:15+00:00","og_image":[{"width":886,"height":498,"url":"https:\/\/www.cidademarketing.com.br\/marketing\/wp-content\/uploads\/2023\/10\/mem_outubrorosa.png","type":"image\/png"}],"author":"Thales Brand\u00e3o","twitter_card":"summary_large_image","twitter_creator":"@http:\/\/www.twitter.com\/thalesbrandao","twitter_site":"@CidadeMarketing","twitter_misc":{"Escrito por":"Thales Brand\u00e3o","Est. tempo de leitura":"3 minutos"},"schema":{"@context":"https:\/\/schema.org","@graph":[{"@type":"Article","@id":"https:\/\/www.cidademarketing.com.br\/marketing\/2023\/10\/04\/chocolate-cor-de-rosa-mms-destaca-a-prevencao-do-cancer-de-mama-com-edicao-especial-de-outubro-rosa\/#article","isPartOf":{"@id":"https:\/\/www.cidademarketing.com.br\/marketing\/2023\/10\/04\/chocolate-cor-de-rosa-mms-destaca-a-prevencao-do-cancer-de-mama-com-edicao-especial-de-outubro-rosa\/"},"author":{"name":"Thales Brand\u00e3o","@id":"https:\/\/www.cidademarketing.com.br\/marketing\/#\/schema\/person\/02daff9f18bd9378c9e01eb6b2db155f"},"headline":"Chocolate Cor de Rosa: M&#038;M&#8217;S destaca a preven\u00e7\u00e3o do c\u00e2ncer de mama com edi\u00e7\u00e3o especial de Outubro Rosa","datePublished":"2023-10-04T20:53:15+00:00","mainEntityOfPage":{"@id":"https:\/\/www.cidademarketing.com.br\/marketing\/2023\/10\/04\/chocolate-cor-de-rosa-mms-destaca-a-prevencao-do-cancer-de-mama-com-edicao-especial-de-outubro-rosa\/"},"wordCount":697,"commentCount":0,"publisher":{"@id":"https:\/\/www.cidademarketing.com.br\/marketing\/#organization"},"image":{"@id":"https:\/\/www.cidademarketing.com.br\/marketing\/2023\/10\/04\/chocolate-cor-de-rosa-mms-destaca-a-prevencao-do-cancer-de-mama-com-edicao-especial-de-outubro-rosa\/#primaryimage"},"thumbnailUrl":"https:\/\/www.cidademarketing.com.br\/marketing\/wp-content\/uploads\/2023\/10\/mem_outubrorosa.png","keywords":["c\u00e2ncer de mama","estrat\u00e9gia","M&amp;M\u2019s","marketing","marketing social","Outubro Rosa","sustentabilidade"],"articleSection":["Not\u00edcias"],"inLanguage":"pt-BR","potentialAction":[{"@type":"CommentAction","name":"Comment","target":["https:\/\/www.cidademarketing.com.br\/marketing\/2023\/10\/04\/chocolate-cor-de-rosa-mms-destaca-a-prevencao-do-cancer-de-mama-com-edicao-especial-de-outubro-rosa\/#respond"]}]},{"@type":"WebPage","@id":"https:\/\/www.cidademarketing.com.br\/marketing\/2023\/10\/04\/chocolate-cor-de-rosa-mms-destaca-a-prevencao-do-cancer-de-mama-com-edicao-especial-de-outubro-rosa\/","url":"https:\/\/www.cidademarketing.com.br\/marketing\/2023\/10\/04\/chocolate-cor-de-rosa-mms-destaca-a-prevencao-do-cancer-de-mama-com-edicao-especial-de-outubro-rosa\/","name":"Chocolate Cor de Rosa: M&M'S destaca a preven\u00e7\u00e3o do c\u00e2ncer de mama com edi\u00e7\u00e3o especial de Outubro Rosa - CidadeMarketing","isPartOf":{"@id":"https:\/\/www.cidademarketing.com.br\/marketing\/#website"},"primaryImageOfPage":{"@id":"https:\/\/www.cidademarketing.com.br\/marketing\/2023\/10\/04\/chocolate-cor-de-rosa-mms-destaca-a-prevencao-do-cancer-de-mama-com-edicao-especial-de-outubro-rosa\/#primaryimage"},"image":{"@id":"https:\/\/www.cidademarketing.com.br\/marketing\/2023\/10\/04\/chocolate-cor-de-rosa-mms-destaca-a-prevencao-do-cancer-de-mama-com-edicao-especial-de-outubro-rosa\/#primaryimage"},"thumbnailUrl":"https:\/\/www.cidademarketing.com.br\/marketing\/wp-content\/uploads\/2023\/10\/mem_outubrorosa.png","datePublished":"2023-10-04T20:53:15+00:00","breadcrumb":{"@id":"https:\/\/www.cidademarketing.com.br\/marketing\/2023\/10\/04\/chocolate-cor-de-rosa-mms-destaca-a-prevencao-do-cancer-de-mama-com-edicao-especial-de-outubro-rosa\/#breadcrumb"},"inLanguage":"pt-BR","potentialAction":[{"@type":"ReadAction","target":["https:\/\/www.cidademarketing.com.br\/marketing\/2023\/10\/04\/chocolate-cor-de-rosa-mms-destaca-a-prevencao-do-cancer-de-mama-com-edicao-especial-de-outubro-rosa\/"]}]},{"@type":"ImageObject","inLanguage":"pt-BR","@id":"https:\/\/www.cidademarketing.com.br\/marketing\/2023\/10\/04\/chocolate-cor-de-rosa-mms-destaca-a-prevencao-do-cancer-de-mama-com-edicao-especial-de-outubro-rosa\/#primaryimage","url":"https:\/\/www.cidademarketing.com.br\/marketing\/wp-content\/uploads\/2023\/10\/mem_outubrorosa.png","contentUrl":"https:\/\/www.cidademarketing.com.br\/marketing\/wp-content\/uploads\/2023\/10\/mem_outubrorosa.png","width":886,"height":498},{"@type":"BreadcrumbList","@id":"https:\/\/www.cidademarketing.com.br\/marketing\/2023\/10\/04\/chocolate-cor-de-rosa-mms-destaca-a-prevencao-do-cancer-de-mama-com-edicao-especial-de-outubro-rosa\/#breadcrumb","itemListElement":[{"@type":"ListItem","position":1,"name":"In\u00edcio","item":"https:\/\/www.cidademarketing.com.br\/marketing\/"},{"@type":"ListItem","position":2,"name":"Chocolate Cor de Rosa: M&#038;M&#8217;S destaca a preven\u00e7\u00e3o do c\u00e2ncer de mama com edi\u00e7\u00e3o especial de Outubro Rosa"}]},{"@type":"WebSite","@id":"https:\/\/www.cidademarketing.com.br\/marketing\/#website","url":"https:\/\/www.cidademarketing.com.br\/marketing\/","name":"CidadeMarketing","description":"Somos um ve\u00edculo de comunica\u00e7\u00e3o de destaque no Brasil, reconhecido por conte\u00fados nos segmentos de marketing, empreendedorismo e inova\u00e7\u00e3o.","publisher":{"@id":"https:\/\/www.cidademarketing.com.br\/marketing\/#organization"},"alternateName":"CidadeMarketing","potentialAction":[{"@type":"SearchAction","target":{"@type":"EntryPoint","urlTemplate":"https:\/\/www.cidademarketing.com.br\/marketing\/?s={search_term_string}"},"query-input":{"@type":"PropertyValueSpecification","valueRequired":true,"valueName":"search_term_string"}}],"inLanguage":"pt-BR"},{"@type":"Organization","@id":"https:\/\/www.cidademarketing.com.br\/marketing\/#organization","name":"CidadeMarketing","alternateName":"CidadeMarketing","url":"https:\/\/www.cidademarketing.com.br\/marketing\/","logo":{"@type":"ImageObject","inLanguage":"pt-BR","@id":"https:\/\/www.cidademarketing.com.br\/marketing\/#\/schema\/logo\/image\/","url":"https:\/\/www.cidademarketing.com.br\/marketing\/wp-content\/uploads\/2020\/01\/cidademarketing_marca_mobile.png","contentUrl":"https:\/\/www.cidademarketing.com.br\/marketing\/wp-content\/uploads\/2020\/01\/cidademarketing_marca_mobile.png","width":230,"height":92,"caption":"CidadeMarketing"},"image":{"@id":"https:\/\/www.cidademarketing.com.br\/marketing\/#\/schema\/logo\/image\/"},"sameAs":["https:\/\/www.facebook.com\/portalcidademarketing","https:\/\/x.com\/CidadeMarketing","https:\/\/www.instagram.com\/cidademarketing\/"]},{"@type":"Person","@id":"https:\/\/www.cidademarketing.com.br\/marketing\/#\/schema\/person\/02daff9f18bd9378c9e01eb6b2db155f","name":"Thales Brand\u00e3o","image":{"@type":"ImageObject","inLanguage":"pt-BR","@id":"https:\/\/secure.gravatar.com\/avatar\/7ca3206950207cc3cb48feec56a8a7898741ab725c368d99d5d7a5a50aab80c6?s=96&d=mm&r=g","url":"https:\/\/secure.gravatar.com\/avatar\/7ca3206950207cc3cb48feec56a8a7898741ab725c368d99d5d7a5a50aab80c6?s=96&d=mm&r=g","contentUrl":"https:\/\/secure.gravatar.com\/avatar\/7ca3206950207cc3cb48feec56a8a7898741ab725c368d99d5d7a5a50aab80c6?s=96&d=mm&r=g","caption":"Thales Brand\u00e3o"},"description":"Editor Executivo do Portal CidadeMarketing.com.br &gt; Mestre em Comunica\u00e7\u00e3o e Sociedade pela Universidade Federal de Sergipe. Possui MBA Executivo em Administra\u00e7\u00e3o com \u00eanfase em Marketing pela Funda\u00e7\u00e3o Get\u00falio Vargas - Rio de Janeiro. Consultor, Palestrante e Pesquisador sobre Empreendedorismo, Marketing, Redes Sociais e Neg\u00f3cios Digitais. Professor, Palestrante TedxTalks e Campus Party. Twitter: @ThalesBrandao","sameAs":["http:\/\/www.mandacaru.com.br","https:\/\/www.facebook.com\/thalesbrandao","http:\/\/www.instagram.com.br\/thalesbrandaoferreira","https:\/\/www.linkedin.com\/in\/thales-brand\u00e3o-3948609\/","https:\/\/x.com\/http:\/\/www.twitter.com\/thalesbrandao"],"url":"https:\/\/www.cidademarketing.com.br\/marketing\/author\/thalesbrandao\/"}]}},"amp_enabled":true,"_links":{"self":[{"href":"https:\/\/www.cidademarketing.com.br\/marketing\/wp-json\/wp\/v2\/posts\/48002","targetHints":{"allow":["GET"]}}],"collection":[{"href":"https:\/\/www.cidademarketing.com.br\/marketing\/wp-json\/wp\/v2\/posts"}],"about":[{"href":"https:\/\/www.cidademarketing.com.br\/marketing\/wp-json\/wp\/v2\/types\/post"}],"author":[{"embeddable":true,"href":"https:\/\/www.cidademarketing.com.br\/marketing\/wp-json\/wp\/v2\/users\/1"}],"replies":[{"embeddable":true,"href":"https:\/\/www.cidademarketing.com.br\/marketing\/wp-json\/wp\/v2\/comments?post=48002"}],"version-history":[{"count":1,"href":"https:\/\/www.cidademarketing.com.br\/marketing\/wp-json\/wp\/v2\/posts\/48002\/revisions"}],"predecessor-version":[{"id":48004,"href":"https:\/\/www.cidademarketing.com.br\/marketing\/wp-json\/wp\/v2\/posts\/48002\/revisions\/48004"}],"wp:featuredmedia":[{"embeddable":true,"href":"https:\/\/www.cidademarketing.com.br\/marketing\/wp-json\/wp\/v2\/media\/48003"}],"wp:attachment":[{"href":"https:\/\/www.cidademarketing.com.br\/marketing\/wp-json\/wp\/v2\/media?parent=48002"}],"wp:term":[{"taxonomy":"category","embeddable":true,"href":"https:\/\/www.cidademarketing.com.br\/marketing\/wp-json\/wp\/v2\/categories?post=48002"},{"taxonomy":"post_tag","embeddable":true,"href":"https:\/\/www.cidademarketing.com.br\/marketing\/wp-json\/wp\/v2\/tags?post=48002"}],"curies":[{"name":"wp","href":"https:\/\/api.w.org\/{rel}","templated":true}]}}